{"id":55143,"date":"2025-09-26T15:14:57","date_gmt":"2025-09-26T18:14:57","guid":{"rendered":"https:\/\/blogdoprosperi.com\/?p=55143"},"modified":"2025-09-26T15:14:57","modified_gmt":"2025-09-26T18:14:57","slug":"libertadores-semifinais-casares-culpado-na-queda-do-sao-paulo-sol-brilha-no-palmeiras-e-filipe-luis-adoca-o-flamengo","status":"publish","type":"post","link":"https:\/\/blogdoprosperi.com\/?p=55143","title":{"rendered":"Libertadores Semifinais | Casares Culpado na Queda do S\u00e3o Paulo, Sol Brilha no Palmeiras e Filipe Luis Ado\u00e7a o Flamengo"},"content":{"rendered":"<p><em>Luiz Ant\u00f4nio Pr\u00f3speri \u2013 26 setembro 2025 (14h55) \u2013<\/em><\/p>\n<p>&#8220;Ei, Casares, vai &#8230;&#8221; S\u00e3o Paulo eliminado na Libertadores 2025. A torcida, pouco mais de 54 mil pagantes nas arquibancadas do Morumbi, aponta o dedo ao presidente Julio Casares: culpado. Acabava de arruinar a temporada do Tricolor, o ex-Soberano, ao cair diante da LDU do Equador acumulando duas derrotas. Vaias ao presidente por sucatear a base, vendendo meninos a granel por pre\u00e7os bem baratinhos, e n\u00e3o formar um time forte em 2025. Casares condenado. Esfarelada a ambi\u00e7\u00e3o de fazer a semifinal da Libertadores contra o Palmeiras, \u00e9 chegada a hora de recolher a colcha de retalhos e remendar pensando em 2026. Sim, o futuro do S\u00e3o Paulo tem muitas incertezas e cofres vazios.<\/p>\n<figure id=\"attachment_55171\" aria-describedby=\"caption-attachment-55171\" style=\"width: 720px\" class=\"wp-caption alignnone\"><img data-recalc-dims=\"1\" loading=\"lazy\" decoding=\"async\" data-attachment-id=\"55171\" data-permalink=\"https:\/\/blogdoprosperi.com\/?attachment_id=55171\" data-orig-file=\"https:\/\/i0.wp.com\/blogdoprosperi.com\/wp-content\/uploads\/2025\/09\/54812406045_df65ec7a69_c.jpg?fit=799%2C527&amp;ssl=1\" data-orig-size=\"799,527\" data-comments-opened=\"1\" data-image-meta=\"{&quot;aperture&quot;:&quot;0&quot;,&quot;credit&quot;:&quot;RUBENS CHIRI\/Perspectiva&quot;,&quot;camera&quot;:&quot;&quot;,&quot;caption&quot;:&quot;&quot;,&quot;created_timestamp&quot;:&quot;0&quot;,&quot;copyright&quot;:&quot;Rubens Chiri\/Perspectiva&quot;,&quot;focal_length&quot;:&quot;0&quot;,&quot;iso&quot;:&quot;0&quot;,&quot;shutter_speed&quot;:&quot;0&quot;,&quot;title&quot;:&quot;&quot;,&quot;orientation&quot;:&quot;0&quot;}\" data-image-title=\"Torcida culpa Casares por queda do S\u00e3o Paulo\" data-image-description=\"\" data-image-caption=\"&lt;p&gt;Jogadores do S\u00e3o Paulo antes da derrota para LDU \u2013 foto: spfc oficial&lt;\/p&gt;\n\" data-large-file=\"https:\/\/i0.wp.com\/blogdoprosperi.com\/wp-content\/uploads\/2025\/09\/54812406045_df65ec7a69_c.jpg?fit=799%2C527&amp;ssl=1\" class=\"size-large wp-image-55171\" src=\"https:\/\/i0.wp.com\/blogdoprosperi.com\/wp-content\/uploads\/2025\/09\/54812406045_df65ec7a69_c.jpg?resize=720%2C475&#038;ssl=1\" alt=\"S\u00e3o Paulo Eliminado na Libertadores\" width=\"720\" height=\"475\" \/><figcaption id=\"caption-attachment-55171\" class=\"wp-caption-text\"><em>Jogadores do S\u00e3o Paulo antes da derrota para LDU \u2013 foto: spfc oficial<\/em><\/figcaption><\/figure>\n<p>Sa\u00edmos desse lado sombrio e vamos ao cen\u00e1rio Alviverde. Por l\u00e1, o sol brilha. Palmeiras est\u00e1 nas semifinais, a quinta na era Abel Ferreira, depois de pulverizar o River Plate na Argentina e no Allianz Parque. Engata sequ\u00eancias de vit\u00f3rias arrasadoras e, incr\u00edvel, recebe elogios por fazer o time apresentar um futebol envolvente. Saboroso. E de fim de ciclo, p\u00f3s-queda diante do Corinthians na Copa do Brasil, a um forte favorito a levantar a ta\u00e7a da Am\u00e9rica. Ef\u00eameras an\u00e1lises e comportamento rid\u00edculo dos que crucificavam Abel antes da senten\u00e7a de Pilatos. Agora tome Abel Ferreira por mais dois anos, at\u00e9 2027, no contrato renovado com a presidenta Leila Pereira.<\/p>\n<figure id=\"attachment_55172\" aria-describedby=\"caption-attachment-55172\" style=\"width: 720px\" class=\"wp-caption alignnone\"><img data-recalc-dims=\"1\" loading=\"lazy\" decoding=\"async\" data-attachment-id=\"55172\" data-permalink=\"https:\/\/blogdoprosperi.com\/?attachment_id=55172\" data-orig-file=\"https:\/\/i0.wp.com\/blogdoprosperi.com\/wp-content\/uploads\/2025\/09\/captura-de-tela-2025-09-26-as-15.01.51.png?fit=2220%2C872&amp;ssl=1\" data-orig-size=\"2220,872\" data-comments-opened=\"1\" data-image-meta=\"{&quot;aperture&quot;:&quot;0&quot;,&quot;credit&quot;:&quot;&quot;,&quot;camera&quot;:&quot;&quot;,&quot;caption&quot;:&quot;&quot;,&quot;created_timestamp&quot;:&quot;0&quot;,&quot;copyright&quot;:&quot;&quot;,&quot;focal_length&quot;:&quot;0&quot;,&quot;iso&quot;:&quot;0&quot;,&quot;shutter_speed&quot;:&quot;0&quot;,&quot;title&quot;:&quot;&quot;,&quot;orientation&quot;:&quot;0&quot;}\" data-image-title=\"Palmeiras x LDU nas semifinais da Libertadores\" data-image-description=\"\" data-image-caption=\"&lt;p&gt;Vitor Roque &amp;#8220;Tigrinho&amp;#8221; ajuda Palmeiras a vencer o River \u2013 foto: Palmeiras oficial&lt;\/p&gt;\n\" data-large-file=\"https:\/\/i0.wp.com\/blogdoprosperi.com\/wp-content\/uploads\/2025\/09\/captura-de-tela-2025-09-26-as-15.01.51.png?fit=940%2C369&amp;ssl=1\" class=\"size-large wp-image-55172\" src=\"https:\/\/i0.wp.com\/blogdoprosperi.com\/wp-content\/uploads\/2025\/09\/captura-de-tela-2025-09-26-as-15.01.51.png?resize=720%2C283&#038;ssl=1\" alt=\"Tigrinho brilha e Palmeiras avan\u00e7a \u00e0s semi da Libertadores\" width=\"720\" height=\"283\" \/><figcaption id=\"caption-attachment-55172\" class=\"wp-caption-text\"><em>Vitor Roque &#8220;Tigrinho&#8221; ajuda Palmeiras a vencer o River \u2013 foto: Palmeiras oficial<\/em><\/figcaption><\/figure>\n<p>Se o Palmeiras cresce, Flamengo esmorece. Por pouco n\u00e3o desaba da soberba no jogo da volta contra o modesto aguerrido Estudiantes de La Plata. Seria uma hecatombe. Onde j\u00e1 se viu um time de jogadores de fino trato ser eliminado por um advers\u00e1rio imaturo e portador de apenas uma jogada \u2013 bola longa, casquinha do centroavante grandalh\u00e3o e meninos r\u00e1pidos a incomodar Rossi? Se salva nos p\u00eanaltis. E vai medir for\u00e7as com o Racing nas semifinais. Dizem na Argentina que o Racing \u00e9 bem melhor que o Estudiantes. Mas dizem no Brasil que o Flamengo \u00e9 o melhor time da Am\u00e9rica do Sul. Mesmo assim, o aclamado Filipe Luis a novo regente do futebol brasileiro suou frio quinta-feira (25\/9) em La Plata.<\/p>\n<p>\u2013 Talvez as manchetes de amanh\u00e3 ser\u00e3o &#8220;Flamengo passa, mas&#8230;&#8221;, sempre tem o &#8220;mas&#8221;, mas a manchete \u00e9 s\u00f3 uma: &#8220;O Flamengo est\u00e1 na semifinal&#8221; \u2013 diz Filipe Luis, logo ap\u00f3s seu time ser derrotado (1 a 0) nos 90 minutos e se classificar nos p\u00eanaltis (4 a 2) na Argentina.<\/p>\n<hr \/>\n<p><em><strong>Ent\u00e3o ficamos assim a partir de 21 de outubro:<\/strong><\/em><\/p>\n<p><strong>LDU x Palmeiras<\/strong> em Quito<\/p>\n<p><strong>Palmeiras x LDU<\/strong> no Allianz Parque<\/p>\n<p><strong>Flamengo x Racing<\/strong> no Maracan\u00e3<\/p>\n<p><strong>Racing x Flamengo<\/strong> em Buenos Aires<\/p>\n<hr \/>\n<p>&nbsp;<\/p>\n","protected":false},"excerpt":{"rendered":"<p>Luiz Ant\u00f4nio Pr\u00f3speri \u2013 26 setembro 2025 (14h55) \u2013 &#8220;Ei, Casares, vai &#8230;&#8221; S\u00e3o Paulo eliminado na Libertadores [&hellip;]<\/p>\n","protected":false},"author":102107496,"featured_media":55170,"comment_status":"open","ping_status":"open","sticky":false,"template":"","format":"standard","meta":{"_coblocks_attr":"","_coblocks_dimensions":"","_coblocks_responsive_height":"","_coblocks_accordion_ie_support":"","_jetpack_newsletter_access":"","_jetpack_dont_email_post_to_subs":false,"_jetpack_newsletter_tier_id":0,"_jetpack_memberships_contains_paywalled_content":false,"_wpcom_ai_launchpad_first_post":false,"_jetpack_feature_clip_id":0,"_jetpack_memberships_contains_paid_content":false,"footnotes":"","jetpack_publicize_message":"","jetpack_publicize_feature_enabled":true,"jetpack_social_post_already_shared":false,"jetpack_social_options":{"image_generator_settings":{"template":"highway","default_image_id":0,"font":"","enabled":false},"version":2},"jetpack_post_was_ever_published":false},"categories":[53870,780610952,38115653],"tags":[720071420,14283253,184554277,673867568,4367345,765967994,784411524,287104,583,149199,8328889],"class_list":["post-55143","post","type-post","status-publish","format-standard","has-post-thumbnail","hentry","category-futebol","category-libertadores2025","category-luiz-antonio-prosperi","tag-abelferreira","tag-crflamengo","tag-filipeluis","tag-juliocasares","tag-ldu","tag-leilapereira","tag-libertadores2025semifinais","tag-palmeiras","tag-racing","tag-rossi","tag-saopaulofc"],"yoast_head":"<!-- This site is optimized with the Yoast SEO plugin v28.4 - https:\/\/yoast.com\/product\/yoast-seo-wordpress\/ -->\n<title>Libertadores Semifinais | Casares Culpado na Queda do S\u00e3o Paulo, Sol Brilha no Palmeiras e Filipe Luis Ado\u00e7a o Flamengo - PR\u00d3SPERI NEWS<\/title>\n<meta name=\"robots\" content=\"index, follow, max-snippet:-1, max-image-preview:large, max-video-preview:-1\" \/>\n<link rel=\"canonical\" href=\"https:\/\/blogdoprosperi.com\/?p=55143\" \/>\n<meta property=\"og:locale\" content=\"pt_BR\" \/>\n<meta property=\"og:type\" content=\"article\" \/>\n<meta property=\"og:title\" content=\"Libertadores Semifinais | Casares Culpado na Queda do S\u00e3o Paulo, Sol Brilha no Palmeiras e Filipe Luis Ado\u00e7a o Flamengo - PR\u00d3SPERI NEWS\" \/>\n<meta property=\"og:description\" content=\"Luiz Ant\u00f4nio Pr\u00f3speri \u2013 26 setembro 2025 (14h55) \u2013 &#8220;Ei, Casares, vai &#8230;&#8221; S\u00e3o Paulo eliminado na Libertadores [&hellip;]\" \/>\n<meta property=\"og:url\" content=\"https:\/\/blogdoprosperi.com\/?p=55143\" \/>\n<meta property=\"og:site_name\" content=\"PR\u00d3SPERI NEWS\" \/>\n<meta property=\"article:publisher\" content=\"Luiz Pr\u00f3speri\" \/>\n<meta property=\"article:author\" content=\"Luiz Pr\u00f3speri\" \/>\n<meta property=\"article:published_time\" content=\"2025-09-26T18:14:57+00:00\" \/>\n<meta property=\"og:image\" content=\"https:\/\/i0.wp.com\/blogdoprosperi.com\/wp-content\/uploads\/2025\/09\/54812576803_d2ea8bb1ac_c.jpg?fit=799%2C533&ssl=1\" \/>\n\t<meta property=\"og:image:width\" content=\"799\" \/>\n\t<meta property=\"og:image:height\" content=\"533\" \/>\n\t<meta property=\"og:image:type\" content=\"image\/jpeg\" \/>\n<meta name=\"author\" content=\"Luiz Ant\u00f4nio Pr\u00f3speri\" \/>\n<meta name=\"twitter:card\" content=\"summary_large_image\" \/>\n<meta name=\"twitter:creator\" content=\"@Luizprosperi\" \/>\n<meta name=\"twitter:site\" content=\"@Luizprosperi\" \/>\n<meta name=\"twitter:label1\" content=\"Escrito por\" \/>\n\t<meta name=\"twitter:data1\" content=\"Luiz Ant\u00f4nio Pr\u00f3speri\" \/>\n\t<meta name=\"twitter:label2\" content=\"Est. tempo de leitura\" \/>\n\t<meta name=\"twitter:data2\" content=\"2 minutos\" \/>\n<script type=\"application\/ld+json\" class=\"yoast-schema-graph\">{\"@context\":\"https:\\\/\\\/schema.org\",\"@graph\":[{\"@type\":\"Article\",\"@id\":\"https:\\\/\\\/blogdoprosperi.com\\\/?p=55143#article\",\"isPartOf\":{\"@id\":\"https:\\\/\\\/blogdoprosperi.com\\\/?p=55143\"},\"author\":{\"name\":\"Luiz Ant\u00f4nio Pr\u00f3speri\",\"@id\":\"https:\\\/\\\/blogdoprosperi.com\\\/#\\\/schema\\\/person\\\/38100755ce3601861ee4fab9b5aa78e9\"},\"headline\":\"Libertadores Semifinais | Casares Culpado na Queda do S\u00e3o Paulo, Sol Brilha no Palmeiras e Filipe Luis Ado\u00e7a o Flamengo\",\"datePublished\":\"2025-09-26T18:14:57+00:00\",\"mainEntityOfPage\":{\"@id\":\"https:\\\/\\\/blogdoprosperi.com\\\/?p=55143\"},\"wordCount\":502,\"commentCount\":0,\"publisher\":{\"@id\":\"https:\\\/\\\/blogdoprosperi.com\\\/#\\\/schema\\\/person\\\/38100755ce3601861ee4fab9b5aa78e9\"},\"image\":{\"@id\":\"https:\\\/\\\/blogdoprosperi.com\\\/?p=55143#primaryimage\"},\"thumbnailUrl\":\"https:\\\/\\\/i0.wp.com\\\/blogdoprosperi.com\\\/wp-content\\\/uploads\\\/2025\\\/09\\\/54812576803_d2ea8bb1ac_c.jpg?fit=799%2C533&ssl=1\",\"keywords\":[\"abelferreira\",\"CRFlamengo\",\"filipeluis\",\"juliocasares\",\"LDU\",\"leilapereira\",\"Libertadores2025Semifinais\",\"Palmeiras\",\"racing\",\"Rossi\",\"s\u00e3opaulofc\"],\"articleSection\":[\"futebol\",\"Libertadores2025\",\"Luiz Ant\u00f4nio Pr\u00f3speri\"],\"inLanguage\":\"pt-BR\",\"potentialAction\":[{\"@type\":\"CommentAction\",\"name\":\"Comment\",\"target\":[\"https:\\\/\\\/blogdoprosperi.com\\\/?p=55143#respond\"]}]},{\"@type\":\"WebPage\",\"@id\":\"https:\\\/\\\/blogdoprosperi.com\\\/?p=55143\",\"url\":\"https:\\\/\\\/blogdoprosperi.com\\\/?p=55143\",\"name\":\"Libertadores Semifinais | Casares Culpado na Queda do S\u00e3o Paulo, Sol Brilha no Palmeiras e Filipe Luis Ado\u00e7a o Flamengo - PR\u00d3SPERI NEWS\",\"isPartOf\":{\"@id\":\"https:\\\/\\\/blogdoprosperi.com\\\/#website\"},\"primaryImageOfPage\":{\"@id\":\"https:\\\/\\\/blogdoprosperi.com\\\/?p=55143#primaryimage\"},\"image\":{\"@id\":\"https:\\\/\\\/blogdoprosperi.com\\\/?p=55143#primaryimage\"},\"thumbnailUrl\":\"https:\\\/\\\/i0.wp.com\\\/blogdoprosperi.com\\\/wp-content\\\/uploads\\\/2025\\\/09\\\/54812576803_d2ea8bb1ac_c.jpg?fit=799%2C533&ssl=1\",\"datePublished\":\"2025-09-26T18:14:57+00:00\",\"breadcrumb\":{\"@id\":\"https:\\\/\\\/blogdoprosperi.com\\\/?p=55143#breadcrumb\"},\"inLanguage\":\"pt-BR\",\"potentialAction\":[{\"@type\":\"ReadAction\",\"target\":[\"https:\\\/\\\/blogdoprosperi.com\\\/?p=55143\"]}]},{\"@type\":\"ImageObject\",\"inLanguage\":\"pt-BR\",\"@id\":\"https:\\\/\\\/blogdoprosperi.com\\\/?p=55143#primaryimage\",\"url\":\"https:\\\/\\\/i0.wp.com\\\/blogdoprosperi.com\\\/wp-content\\\/uploads\\\/2025\\\/09\\\/54812576803_d2ea8bb1ac_c.jpg?fit=799%2C533&ssl=1\",\"contentUrl\":\"https:\\\/\\\/i0.wp.com\\\/blogdoprosperi.com\\\/wp-content\\\/uploads\\\/2025\\\/09\\\/54812576803_d2ea8bb1ac_c.jpg?fit=799%2C533&ssl=1\",\"width\":799,\"height\":533,\"caption\":\"Rossi classifica Flamengo \u00e0s semifinais da Libertadores \u2013 foto: Flamengo oficial\"},{\"@type\":\"BreadcrumbList\",\"@id\":\"https:\\\/\\\/blogdoprosperi.com\\\/?p=55143#breadcrumb\",\"itemListElement\":[{\"@type\":\"ListItem\",\"position\":1,\"name\":\"In\u00edcio\",\"item\":\"https:\\\/\\\/blogdoprosperi.com\\\/\"},{\"@type\":\"ListItem\",\"position\":2,\"name\":\"Libertadores Semifinais | Casares Culpado na Queda do S\u00e3o Paulo, Sol Brilha no Palmeiras e Filipe Luis Ado\u00e7a o Flamengo\"}]},{\"@type\":\"WebSite\",\"@id\":\"https:\\\/\\\/blogdoprosperi.com\\\/#website\",\"url\":\"https:\\\/\\\/blogdoprosperi.com\\\/\",\"name\":\"PR\u00d3SPERI NEWS\",\"description\":\"TUDO \u00c9  FUTEBOL\",\"publisher\":{\"@id\":\"https:\\\/\\\/blogdoprosperi.com\\\/#\\\/schema\\\/person\\\/38100755ce3601861ee4fab9b5aa78e9\"},\"alternateName\":\"blogdoprosperi.com\",\"potentialAction\":[{\"@type\":\"SearchAction\",\"target\":{\"@type\":\"EntryPoint\",\"urlTemplate\":\"https:\\\/\\\/blogdoprosperi.com\\\/?s={search_term_string}\"},\"query-input\":{\"@type\":\"PropertyValueSpecification\",\"valueRequired\":true,\"valueName\":\"search_term_string\"}}],\"inLanguage\":\"pt-BR\"},{\"@type\":[\"Person\",\"Organization\"],\"@id\":\"https:\\\/\\\/blogdoprosperi.com\\\/#\\\/schema\\\/person\\\/38100755ce3601861ee4fab9b5aa78e9\",\"name\":\"Luiz Ant\u00f4nio Pr\u00f3speri\",\"pronouns\":\"ele\",\"image\":{\"@type\":\"ImageObject\",\"inLanguage\":\"pt-BR\",\"@id\":\"https:\\\/\\\/i0.wp.com\\\/blogdoprosperi.com\\\/wp-content\\\/uploads\\\/2026\\\/05\\\/cropped-8059e613-6002-42fa-961e-8e275f575d71-2-5.jpg?fit=1360%2C931&ssl=1\",\"url\":\"https:\\\/\\\/i0.wp.com\\\/blogdoprosperi.com\\\/wp-content\\\/uploads\\\/2026\\\/05\\\/cropped-8059e613-6002-42fa-961e-8e275f575d71-2-5.jpg?fit=1360%2C931&ssl=1\",\"contentUrl\":\"https:\\\/\\\/i0.wp.com\\\/blogdoprosperi.com\\\/wp-content\\\/uploads\\\/2026\\\/05\\\/cropped-8059e613-6002-42fa-961e-8e275f575d71-2-5.jpg?fit=1360%2C931&ssl=1\",\"width\":1360,\"height\":931,\"caption\":\"Luiz Ant\u00f4nio Pr\u00f3speri\"},\"logo\":{\"@id\":\"https:\\\/\\\/i0.wp.com\\\/blogdoprosperi.com\\\/wp-content\\\/uploads\\\/2026\\\/05\\\/cropped-8059e613-6002-42fa-961e-8e275f575d71-2-5.jpg?fit=1360%2C931&ssl=1\"},\"description\":\"Jornalista com carreira dedicada ao esporte. Cobriu 9 Copas do Mundo in loco, 1990 na It\u00e1lia, 1994 nos EUA, 1998 na Fran\u00e7a, 2002 na Coreia do Sul e Jap\u00e3o, 2006 na Alemanha, 2010 na \u00c1frica do Sul, 2014 no Brasil, 2018 na R\u00fassia e 2022 no Qatar. Eurocopas, 1992 na Su\u00e9cia e 1996 na Inglaterra. Copa das Confedera\u00e7\u00f5es de 2005 na Alemanha e 2009 na \u00c1frica do Sul. Rep\u00f3rter e Editor, trabalhou no Jornal da Tarde e Estad\u00e3o, de 1984 a fevereiro de 2016. Colunista, blogueiro. E comentarista de futebol na R\u00e1dio Estad\u00e3o, de 2013 a fevereiro de 2016. Jornalista respons\u00e1vel do \\\"Pr\u00f3speri News\\\" (blogdoprosperi.com).\",\"sameAs\":[\"http:\\\/\\\/blogdoprosperi.com\",\"Luiz Pr\u00f3speri\",\"@luiz_prosperi\",\"https:\\\/\\\/x.com\\\/Luizprosperi\",\"@prosperinacopa\",\"luiz.prosperi@icloud.com\"],\"url\":\"https:\\\/\\\/blogdoprosperi.com\\\/?author=102107496\"}]}<\/script>\n<!-- \/ Yoast SEO plugin. -->","yoast_head_json":{"title":"Libertadores Semifinais | Casares Culpado na Queda do S\u00e3o Paulo, Sol Brilha no Palmeiras e Filipe Luis Ado\u00e7a o Flamengo - PR\u00d3SPERI NEWS","robots":{"index":"index","follow":"follow","max-snippet":"max-snippet:-1","max-image-preview":"max-image-preview:large","max-video-preview":"max-video-preview:-1"},"canonical":"https:\/\/blogdoprosperi.com\/?p=55143","og_locale":"pt_BR","og_type":"article","og_title":"Libertadores Semifinais | Casares Culpado na Queda do S\u00e3o Paulo, Sol Brilha no Palmeiras e Filipe Luis Ado\u00e7a o Flamengo - PR\u00d3SPERI NEWS","og_description":"Luiz Ant\u00f4nio Pr\u00f3speri \u2013 26 setembro 2025 (14h55) \u2013 &#8220;Ei, Casares, vai &#8230;&#8221; S\u00e3o Paulo eliminado na Libertadores [&hellip;]","og_url":"https:\/\/blogdoprosperi.com\/?p=55143","og_site_name":"PR\u00d3SPERI NEWS","article_publisher":"Luiz Pr\u00f3speri","article_author":"Luiz Pr\u00f3speri","article_published_time":"2025-09-26T18:14:57+00:00","og_image":[{"width":799,"height":533,"url":"https:\/\/i0.wp.com\/blogdoprosperi.com\/wp-content\/uploads\/2025\/09\/54812576803_d2ea8bb1ac_c.jpg?fit=799%2C533&ssl=1","type":"image\/jpeg"}],"author":"Luiz Ant\u00f4nio Pr\u00f3speri","twitter_card":"summary_large_image","twitter_creator":"@Luizprosperi","twitter_site":"@Luizprosperi","twitter_misc":{"Escrito por":"Luiz Ant\u00f4nio Pr\u00f3speri","Est. tempo de leitura":"2 minutos"},"schema":{"@context":"https:\/\/schema.org","@graph":[{"@type":"Article","@id":"https:\/\/blogdoprosperi.com\/?p=55143#article","isPartOf":{"@id":"https:\/\/blogdoprosperi.com\/?p=55143"},"author":{"name":"Luiz Ant\u00f4nio Pr\u00f3speri","@id":"https:\/\/blogdoprosperi.com\/#\/schema\/person\/38100755ce3601861ee4fab9b5aa78e9"},"headline":"Libertadores Semifinais | Casares Culpado na Queda do S\u00e3o Paulo, Sol Brilha no Palmeiras e Filipe Luis Ado\u00e7a o Flamengo","datePublished":"2025-09-26T18:14:57+00:00","mainEntityOfPage":{"@id":"https:\/\/blogdoprosperi.com\/?p=55143"},"wordCount":502,"commentCount":0,"publisher":{"@id":"https:\/\/blogdoprosperi.com\/#\/schema\/person\/38100755ce3601861ee4fab9b5aa78e9"},"image":{"@id":"https:\/\/blogdoprosperi.com\/?p=55143#primaryimage"},"thumbnailUrl":"https:\/\/i0.wp.com\/blogdoprosperi.com\/wp-content\/uploads\/2025\/09\/54812576803_d2ea8bb1ac_c.jpg?fit=799%2C533&ssl=1","keywords":["abelferreira","CRFlamengo","filipeluis","juliocasares","LDU","leilapereira","Libertadores2025Semifinais","Palmeiras","racing","Rossi","s\u00e3opaulofc"],"articleSection":["futebol","Libertadores2025","Luiz Ant\u00f4nio Pr\u00f3speri"],"inLanguage":"pt-BR","potentialAction":[{"@type":"CommentAction","name":"Comment","target":["https:\/\/blogdoprosperi.com\/?p=55143#respond"]}]},{"@type":"WebPage","@id":"https:\/\/blogdoprosperi.com\/?p=55143","url":"https:\/\/blogdoprosperi.com\/?p=55143","name":"Libertadores Semifinais | Casares Culpado na Queda do S\u00e3o Paulo, Sol Brilha no Palmeiras e Filipe Luis Ado\u00e7a o Flamengo - PR\u00d3SPERI NEWS","isPartOf":{"@id":"https:\/\/blogdoprosperi.com\/#website"},"primaryImageOfPage":{"@id":"https:\/\/blogdoprosperi.com\/?p=55143#primaryimage"},"image":{"@id":"https:\/\/blogdoprosperi.com\/?p=55143#primaryimage"},"thumbnailUrl":"https:\/\/i0.wp.com\/blogdoprosperi.com\/wp-content\/uploads\/2025\/09\/54812576803_d2ea8bb1ac_c.jpg?fit=799%2C533&ssl=1","datePublished":"2025-09-26T18:14:57+00:00","breadcrumb":{"@id":"https:\/\/blogdoprosperi.com\/?p=55143#breadcrumb"},"inLanguage":"pt-BR","potentialAction":[{"@type":"ReadAction","target":["https:\/\/blogdoprosperi.com\/?p=55143"]}]},{"@type":"ImageObject","inLanguage":"pt-BR","@id":"https:\/\/blogdoprosperi.com\/?p=55143#primaryimage","url":"https:\/\/i0.wp.com\/blogdoprosperi.com\/wp-content\/uploads\/2025\/09\/54812576803_d2ea8bb1ac_c.jpg?fit=799%2C533&ssl=1","contentUrl":"https:\/\/i0.wp.com\/blogdoprosperi.com\/wp-content\/uploads\/2025\/09\/54812576803_d2ea8bb1ac_c.jpg?fit=799%2C533&ssl=1","width":799,"height":533,"caption":"Rossi classifica Flamengo \u00e0s semifinais da Libertadores \u2013 foto: Flamengo oficial"},{"@type":"BreadcrumbList","@id":"https:\/\/blogdoprosperi.com\/?p=55143#breadcrumb","itemListElement":[{"@type":"ListItem","position":1,"name":"In\u00edcio","item":"https:\/\/blogdoprosperi.com\/"},{"@type":"ListItem","position":2,"name":"Libertadores Semifinais | Casares Culpado na Queda do S\u00e3o Paulo, Sol Brilha no Palmeiras e Filipe Luis Ado\u00e7a o Flamengo"}]},{"@type":"WebSite","@id":"https:\/\/blogdoprosperi.com\/#website","url":"https:\/\/blogdoprosperi.com\/","name":"PR\u00d3SPERI NEWS","description":"TUDO \u00c9  FUTEBOL","publisher":{"@id":"https:\/\/blogdoprosperi.com\/#\/schema\/person\/38100755ce3601861ee4fab9b5aa78e9"},"alternateName":"blogdoprosperi.com","potentialAction":[{"@type":"SearchAction","target":{"@type":"EntryPoint","urlTemplate":"https:\/\/blogdoprosperi.com\/?s={search_term_string}"},"query-input":{"@type":"PropertyValueSpecification","valueRequired":true,"valueName":"search_term_string"}}],"inLanguage":"pt-BR"},{"@type":["Person","Organization"],"@id":"https:\/\/blogdoprosperi.com\/#\/schema\/person\/38100755ce3601861ee4fab9b5aa78e9","name":"Luiz Ant\u00f4nio Pr\u00f3speri","pronouns":"ele","image":{"@type":"ImageObject","inLanguage":"pt-BR","@id":"https:\/\/i0.wp.com\/blogdoprosperi.com\/wp-content\/uploads\/2026\/05\/cropped-8059e613-6002-42fa-961e-8e275f575d71-2-5.jpg?fit=1360%2C931&ssl=1","url":"https:\/\/i0.wp.com\/blogdoprosperi.com\/wp-content\/uploads\/2026\/05\/cropped-8059e613-6002-42fa-961e-8e275f575d71-2-5.jpg?fit=1360%2C931&ssl=1","contentUrl":"https:\/\/i0.wp.com\/blogdoprosperi.com\/wp-content\/uploads\/2026\/05\/cropped-8059e613-6002-42fa-961e-8e275f575d71-2-5.jpg?fit=1360%2C931&ssl=1","width":1360,"height":931,"caption":"Luiz Ant\u00f4nio Pr\u00f3speri"},"logo":{"@id":"https:\/\/i0.wp.com\/blogdoprosperi.com\/wp-content\/uploads\/2026\/05\/cropped-8059e613-6002-42fa-961e-8e275f575d71-2-5.jpg?fit=1360%2C931&ssl=1"},"description":"Jornalista com carreira dedicada ao esporte. Cobriu 9 Copas do Mundo in loco, 1990 na It\u00e1lia, 1994 nos EUA, 1998 na Fran\u00e7a, 2002 na Coreia do Sul e Jap\u00e3o, 2006 na Alemanha, 2010 na \u00c1frica do Sul, 2014 no Brasil, 2018 na R\u00fassia e 2022 no Qatar. Eurocopas, 1992 na Su\u00e9cia e 1996 na Inglaterra. Copa das Confedera\u00e7\u00f5es de 2005 na Alemanha e 2009 na \u00c1frica do Sul. Rep\u00f3rter e Editor, trabalhou no Jornal da Tarde e Estad\u00e3o, de 1984 a fevereiro de 2016. Colunista, blogueiro. E comentarista de futebol na R\u00e1dio Estad\u00e3o, de 2013 a fevereiro de 2016. Jornalista respons\u00e1vel do \"Pr\u00f3speri News\" (blogdoprosperi.com).","sameAs":["http:\/\/blogdoprosperi.com","Luiz Pr\u00f3speri","@luiz_prosperi","https:\/\/x.com\/Luizprosperi","@prosperinacopa","luiz.prosperi@icloud.com"],"url":"https:\/\/blogdoprosperi.com\/?author=102107496"}]}},"jetpack_publicize_connections":[],"jetpack_likes_enabled":false,"jetpack_sharing_enabled":true,"jetpack_shortlink":"https:\/\/wp.me\/p7jvdk-elp","jetpack-related-posts":[{"id":50568,"url":"https:\/\/blogdoprosperi.com\/?p=50568","url_meta":{"origin":55143,"position":0},"title":"Libertadores Sorteio | An\u00e1lise: Palmeiras e S\u00e3o Paulo T\u00eam Caminho Mais Complicado at\u00e9 a Final","author":"Luiz Ant\u00f4nio Pr\u00f3speri","date":"2 de junho de 2025","format":false,"excerpt":"Luiz Ant\u00f4nio Pr\u00f3speri \u2013 2 junho (13h11) \u2013 Palmeiras e S\u00e3o Paulo entram no lado mais complicado das oitavas de final da Libertadores 2025. No caso de avan\u00e7arem \u00e0s quartas, poder\u00e3o enfrentar River Plate e Botafogo, respectivamente. Do outro lado da chave, Internacional e Flamengo t\u00eam confronto direto e, bem\u2026","rel":"","context":"Em &quot;futebol&quot;","block_context":{"text":"futebol","link":"https:\/\/blogdoprosperi.com\/?cat=53870"},"img":{"alt_text":"Libertadores 2026","src":"https:\/\/i0.wp.com\/blogdoprosperi.com\/wp-content\/uploads\/2023\/03\/fsrk8i2waaabn_f.jpeg?fit=678%2C452&ssl=1&resize=350%2C200","width":350,"height":200,"srcset":"https:\/\/i0.wp.com\/blogdoprosperi.com\/wp-content\/uploads\/2023\/03\/fsrk8i2waaabn_f.jpeg?fit=678%2C452&ssl=1&resize=350%2C200 1x, https:\/\/i0.wp.com\/blogdoprosperi.com\/wp-content\/uploads\/2023\/03\/fsrk8i2waaabn_f.jpeg?fit=678%2C452&ssl=1&resize=525%2C300 1.5x"},"classes":[]},{"id":49439,"url":"https:\/\/blogdoprosperi.com\/?p=49439","url_meta":{"origin":55143,"position":1},"title":"Libertadores 2025 | Campe\u00e3o Leva R$ 136 milh\u00f5es de Premia\u00e7\u00e3o \u2013 Confira Transmiss\u00e3o da Primeira Rodada na TV","author":"Luiz Ant\u00f4nio Pr\u00f3speri","date":"1 de abril de 2025","format":false,"excerpt":"Luiz Ant\u00f4nio Pr\u00f3speri \u2013 1 abril (19h15) \u2013 Libertadores 2025 come\u00e7a nesta ter\u00e7a-feira (01\/4) prometendo pagar ao campe\u00e3o US$ 24 milh\u00f5es (R$ 136 milh\u00f5es). Trata-se de uma luta de clubes de nove pa\u00edses sul-americanos contra hegemonia dos times do Brasil. A ta\u00e7a est\u00e1 em posse de clubes brasileiros de 2019\u2026","rel":"","context":"Em &quot;futebol&quot;","block_context":{"text":"futebol","link":"https:\/\/blogdoprosperi.com\/?cat=53870"},"img":{"alt_text":"Libertadores 2026","src":"https:\/\/i0.wp.com\/blogdoprosperi.com\/wp-content\/uploads\/2023\/03\/fsrk8i2waaabn_f.jpeg?fit=678%2C452&ssl=1&resize=350%2C200","width":350,"height":200,"srcset":"https:\/\/i0.wp.com\/blogdoprosperi.com\/wp-content\/uploads\/2023\/03\/fsrk8i2waaabn_f.jpeg?fit=678%2C452&ssl=1&resize=350%2C200 1x, https:\/\/i0.wp.com\/blogdoprosperi.com\/wp-content\/uploads\/2023\/03\/fsrk8i2waaabn_f.jpeg?fit=678%2C452&ssl=1&resize=525%2C300 1.5x"},"classes":[]},{"id":48977,"url":"https:\/\/blogdoprosperi.com\/?p=48977","url_meta":{"origin":55143,"position":2},"title":"Libertadores Sorteio |Grupos Acess\u00edveis e Perspectivas dos Times Brasileiros","author":"Luiz Ant\u00f4nio Pr\u00f3speri","date":"17 de mar\u00e7o de 2025","format":false,"excerpt":"Luiz Antonio Pr\u00f3speri \u2013 17 mar\u00e7o (22h05) \u2013 Libertadores 2025 conhece os oito grupos no sorteio nesta noite de segunda-feira (17\/3) em Assun\u00e7\u00e3o. Divididos em quatro potes, o giro das bolinhas definiu o destino dos clubes. Brasil tem sete representantes. Botafogo, Palmeiras, S\u00e3o Paulo, Fortaleza e Flamengo caem em grupos\u2026","rel":"","context":"Em &quot;futebol&quot;","block_context":{"text":"futebol","link":"https:\/\/blogdoprosperi.com\/?cat=53870"},"img":{"alt_text":"Libertadores 2026","src":"https:\/\/i0.wp.com\/blogdoprosperi.com\/wp-content\/uploads\/2023\/03\/fsrk8i2waaabn_f.jpeg?fit=678%2C452&ssl=1&resize=350%2C200","width":350,"height":200,"srcset":"https:\/\/i0.wp.com\/blogdoprosperi.com\/wp-content\/uploads\/2023\/03\/fsrk8i2waaabn_f.jpeg?fit=678%2C452&ssl=1&resize=350%2C200 1x, https:\/\/i0.wp.com\/blogdoprosperi.com\/wp-content\/uploads\/2023\/03\/fsrk8i2waaabn_f.jpeg?fit=678%2C452&ssl=1&resize=525%2C300 1.5x"},"classes":[]},{"id":42163,"url":"https:\/\/blogdoprosperi.com\/?p=42163","url_meta":{"origin":55143,"position":3},"title":"Palmeiras incomoda Botafogo, S\u00e3o Paulo &#8230;","author":"Luiz Ant\u00f4nio Pr\u00f3speri","date":"11 de mar\u00e7o de 2024","format":false,"excerpt":"Palmeiras tem sido alvo de tiroteios de rivais. Saraivada de balas mais recente remete a um suposto esquema de arbitragem favor\u00e1vel ao clube presidido por Leila Pereira. Primeiro disparo vem do S\u00e3o Paulo. Segundo, de grosso calibre, parte Botafogo sob dire\u00e7\u00e3o do businessman americano John Textor. Quantos mais est\u00e3o por\u2026","rel":"","context":"Em &quot;CBF&quot;","block_context":{"text":"CBF","link":"https:\/\/blogdoprosperi.com\/?cat=570700"},"img":{"alt_text":"","src":"https:\/\/i0.wp.com\/blogdoprosperi.com\/wp-content\/uploads\/2024\/03\/53576798302_848ae64d5f_c.jpg?fit=800%2C640&ssl=1&resize=350%2C200","width":350,"height":200,"srcset":"https:\/\/i0.wp.com\/blogdoprosperi.com\/wp-content\/uploads\/2024\/03\/53576798302_848ae64d5f_c.jpg?fit=800%2C640&ssl=1&resize=350%2C200 1x, https:\/\/i0.wp.com\/blogdoprosperi.com\/wp-content\/uploads\/2024\/03\/53576798302_848ae64d5f_c.jpg?fit=800%2C640&ssl=1&resize=525%2C300 1.5x, https:\/\/i0.wp.com\/blogdoprosperi.com\/wp-content\/uploads\/2024\/03\/53576798302_848ae64d5f_c.jpg?fit=800%2C640&ssl=1&resize=700%2C400 2x"},"classes":[]},{"id":38038,"url":"https:\/\/blogdoprosperi.com\/?p=38038","url_meta":{"origin":55143,"position":4},"title":"Ra\u00ed x Muricy, quem perde \u00e9 o S\u00e3o Paulo","author":"Luiz Ant\u00f4nio Pr\u00f3speri","date":"8 de dezembro de 2020","format":false,"excerpt":"S\u00e3o Paulo troca o comando do clube neste s\u00e1bado (12\/12) quando um novo presidente deve ser aclamado nas elei\u00e7\u00f5es. Julio Casares \u00e9 o favorito e j\u00e1 antecipado vencedor. Casares vai anunciar a contrata\u00e7\u00e3o de Muricy Ramalho t\u00e3o logo se conclua a apura\u00e7\u00e3o do \u00faltimo voto. Muricy ser\u00e1 o novo coordenador\u2026","rel":"","context":"Em &quot;futebol&quot;","block_context":{"text":"futebol","link":"https:\/\/blogdoprosperi.com\/?cat=53870"},"img":{"alt_text":"","src":"https:\/\/i0.wp.com\/blogdoprosperi.com\/wp-content\/uploads\/2020\/12\/728x452.png?fit=728%2C452&ssl=1&resize=350%2C200","width":350,"height":200,"srcset":"https:\/\/i0.wp.com\/blogdoprosperi.com\/wp-content\/uploads\/2020\/12\/728x452.png?fit=728%2C452&ssl=1&resize=350%2C200 1x, https:\/\/i0.wp.com\/blogdoprosperi.com\/wp-content\/uploads\/2020\/12\/728x452.png?fit=728%2C452&ssl=1&resize=525%2C300 1.5x, https:\/\/i0.wp.com\/blogdoprosperi.com\/wp-content\/uploads\/2020\/12\/728x452.png?fit=728%2C452&ssl=1&resize=700%2C400 2x"},"classes":[]},{"id":55449,"url":"https:\/\/blogdoprosperi.com\/?p=55449","url_meta":{"origin":55143,"position":5},"title":"Abel Ferreira | Vale a Pena Estudar Sua Mente, Futebol Brasileiro Agradece","author":"Luiz Ant\u00f4nio Pr\u00f3speri","date":"31 de outubro de 2025","format":false,"excerpt":"Luiz Antonio Pr\u00f3speri \u2013 31 outubro 2025 (12h19) \u2013 Raphael Veiga olha ao c\u00e9u escuro da noite, prende a respira\u00e7\u00e3o e parte em quatro passos r\u00e1pidos at\u00e9 chutar a bola com certo requinte na marca do p\u00eanalti e decretar os 4 a 0 do Palmeiras em cima da LDU. Gol\u2026","rel":"","context":"Em &quot;futebol&quot;","block_context":{"text":"futebol","link":"https:\/\/blogdoprosperi.com\/?cat=53870"},"img":{"alt_text":"Abel Ferreira, desfrutem dessa ideia","src":"https:\/\/i0.wp.com\/blogdoprosperi.com\/wp-content\/uploads\/2025\/10\/captura-de-tela-2025-10-31-as-12.31.49.png?fit=1200%2C676&ssl=1&resize=350%2C200","width":350,"height":200,"srcset":"https:\/\/i0.wp.com\/blogdoprosperi.com\/wp-content\/uploads\/2025\/10\/captura-de-tela-2025-10-31-as-12.31.49.png?fit=1200%2C676&ssl=1&resize=350%2C200 1x, https:\/\/i0.wp.com\/blogdoprosperi.com\/wp-content\/uploads\/2025\/10\/captura-de-tela-2025-10-31-as-12.31.49.png?fit=1200%2C676&ssl=1&resize=525%2C300 1.5x, https:\/\/i0.wp.com\/blogdoprosperi.com\/wp-content\/uploads\/2025\/10\/captura-de-tela-2025-10-31-as-12.31.49.png?fit=1200%2C676&ssl=1&resize=700%2C400 2x, https:\/\/i0.wp.com\/blogdoprosperi.com\/wp-content\/uploads\/2025\/10\/captura-de-tela-2025-10-31-as-12.31.49.png?fit=1200%2C676&ssl=1&resize=1050%2C600 3x"},"classes":[]}],"jetpack_featured_media_url":"https:\/\/i0.wp.com\/blogdoprosperi.com\/wp-content\/uploads\/2025\/09\/54812576803_d2ea8bb1ac_c.jpg?fit=799%2C533&ssl=1","_links":{"self":[{"href":"https:\/\/blogdoprosperi.com\/index.php?rest_route=\/wp\/v2\/posts\/55143","targetHints":{"allow":["GET"]}}],"collection":[{"href":"https:\/\/blogdoprosperi.com\/index.php?rest_route=\/wp\/v2\/posts"}],"about":[{"href":"https:\/\/blogdoprosperi.com\/index.php?rest_route=\/wp\/v2\/types\/post"}],"author":[{"embeddable":true,"href":"https:\/\/blogdoprosperi.com\/index.php?rest_route=\/wp\/v2\/users\/102107496"}],"replies":[{"embeddable":true,"href":"https:\/\/blogdoprosperi.com\/index.php?rest_route=%2Fwp%2Fv2%2Fcomments&post=55143"}],"version-history":[{"count":10,"href":"https:\/\/blogdoprosperi.com\/index.php?rest_route=\/wp\/v2\/posts\/55143\/revisions"}],"predecessor-version":[{"id":55174,"href":"https:\/\/blogdoprosperi.com\/index.php?rest_route=\/wp\/v2\/posts\/55143\/revisions\/55174"}],"wp:featuredmedia":[{"embeddable":true,"href":"https:\/\/blogdoprosperi.com\/index.php?rest_route=\/wp\/v2\/media\/55170"}],"wp:attachment":[{"href":"https:\/\/blogdoprosperi.com\/index.php?rest_route=%2Fwp%2Fv2%2Fmedia&parent=55143"}],"wp:term":[{"taxonomy":"category","embeddable":true,"href":"https:\/\/blogdoprosperi.com\/index.php?rest_route=%2Fwp%2Fv2%2Fcategories&post=55143"},{"taxonomy":"post_tag","embeddable":true,"href":"https:\/\/blogdoprosperi.com\/index.php?rest_route=%2Fwp%2Fv2%2Ftags&post=55143"}],"curies":[{"name":"wp","href":"https:\/\/api.w.org\/{rel}","templated":true}]}}