{"id":55146,"date":"2025-09-26T13:48:15","date_gmt":"2025-09-26T16:48:15","guid":{"rendered":"https:\/\/blogdoprosperi.com\/?p=55146"},"modified":"2025-09-26T13:48:15","modified_gmt":"2025-09-26T16:48:15","slug":"aumenta-pressao-na-uefa-para-suspender-israel-das-eliminatorias-da-copa-do-mundo-2026","status":"publish","type":"post","link":"https:\/\/blogdoprosperi.com\/?p=55146","title":{"rendered":"Aumenta Press\u00e3o na Uefa para Suspender Israel das Eliminat\u00f3rias da Copa do Mundo 2026"},"content":{"rendered":"<p><strong>\u2295 O futuro de Israel na UEFA pode ser conhecido antes da rodada das Eliminat\u00f3rias da Copa do Mundo, dia 6 de outubro<\/strong><\/p>\n<p><strong>\u2295 Sele\u00e7\u00f5es nacionais e clubes podem ser suspensos das competi\u00e7\u00f5es<\/strong><\/p>\n<hr \/>\n<p><em>Paulo MacInnes, The Guardian, 26 setembro 2025 (13h25)<\/em><\/p>\n<p>A Uefa pode decidir j\u00e1 na semana que vem se suspende\u00a0<span dir=\"auto\">Israel<\/span><span dir=\"auto\"> de suas competi\u00e7\u00f5es, com a entidade que comanda o esporte enfrentando crescente press\u00e3o de dentro e de fora do esporte. Reportagens publicadas na quinta-feira, inicialmente no <em>Times<\/em>, sugeriram que uma vota\u00e7\u00e3o que determinaria a participa\u00e7\u00e3o de Israel nas eliminat\u00f3rias da Copa do Mundo e do\u00a0Maccabi Tel Aviv na Liga Europa poderia ser realizada pelo comit\u00ea executivo da Uefa antes do in\u00edcio da pausa internacional em 6 de outubro.<\/span><\/p>\n<p>A UEFA informou que n\u00e3o h\u00e1 reuni\u00f5es agendadas para a pr\u00f3xima semana, com a pr\u00f3xima reuni\u00e3o do Conselho Executivo marcada para 3 de dezembro. Mas fontes de dentro das federa\u00e7\u00f5es nacionais disseram que os eventos pareciam estar chegando a um ponto cr\u00edtico e que\u00a0a UEFA\u00a0e seu presidente, Aleksander Ceferin, eram cada vez mais esperados para tomar medidas.<\/p>\n<p>Houve um n\u00famero crescente de interven\u00e7\u00f5es fora do campo. Na ter\u00e7a-feira, um grupo de diplomatas seniores pediu \u00e0 UEFA e \u00e0 FIFA que decretassem uma proibi\u00e7\u00e3o ap\u00f3s a publica\u00e7\u00e3o de um relat\u00f3rio da comiss\u00e3o internacional independente de inqu\u00e9rito das Na\u00e7\u00f5es Unidas que\u00a0<span style=\"color: #0000ff\"><strong><a style=\"color: #0000ff\" href=\"https:\/\/www.theguardian.com\/world\/2025\/sep\/16\/israel-committed-genocide-in-gaza-says-un-inquiry\"><span dir=\"auto\">concluiu que Israel estava cometendo genoc\u00eddio<\/span><\/a><\/strong><\/span><span dir=\"auto\">\u00a0em Gaza. Na semana passada, o grupo de campanha Game Over Israel ocupou um outdoor na Times Square, em Nova York, para pedir \u00e0s federa\u00e7\u00f5es que boicotassem qualquer partida contra o pa\u00eds.<\/span><\/p>\n<p>Entende-se que vozes dentro do jogo tamb\u00e9m t\u00eam se manifestado em particular, incluindo aquelas do mundo dos clubes.<\/p>\n<p>A It\u00e1lia \u00e9 um dos pa\u00edses sob press\u00e3o para agir. A\u00a0Azzurra, juntamente com a Noruega, deve enfrentar Israel na pr\u00f3xima rodada das Eliminat\u00f3rias, com partida marcada para 14 de outubro em Udine. A It\u00e1lia acaba de sair de uma\u00a0greve geral de 24 horas\u00a0em protesto contra o comportamento de Israel em Gaza.<\/p>\n<p>Gabriele Gravina, presidente da Federa\u00e7\u00e3o Italiana de Futebol, que integra o conselho executivo da UEFA, afirmou esta semana que qualquer boicote &#8220;s\u00f3 favoreceria Israel, que, em teoria, poderia ser impulsionado em sua jornada classificat\u00f3ria para o torneio&#8221;. Ele tamb\u00e9m afirmou que &#8220;denunciou&#8221; o sofrimento em Gaza e que &#8220;n\u00e3o h\u00e1 ningu\u00e9m que possa ficar indiferente a esse sentimento de sofrimento e dor&#8221;.<\/p>\n<p>Qualquer decis\u00e3o de suspender a Federa\u00e7\u00e3o Israelense de Futebol seria tomada por maioria simples dos 19 membros do conselho executivo da UEFA. Fontes internas sugerem que, se fosse proposta, a vota\u00e7\u00e3o teria grandes chances de ser aprovada, com apenas tr\u00eas ou quatro absten\u00e7\u00f5es ou votos contr\u00e1rios. No entanto, poderia ter consequ\u00eancias pol\u00edticas consider\u00e1veis.<\/p>\n<p><strong>O governo dos Estados Unidos, por exemplo, alertou que se oporia a qualquer decis\u00e3o desse tipo, j\u00e1 que o pa\u00eds ser\u00e1 co-anfitri\u00e3o da\u00a0Copa do Mundo no pr\u00f3ximo ver\u00e3o<\/strong>. &#8220;Trabalharemos para impedir totalmente qualquer tentativa de banir a sele\u00e7\u00e3o israelense de futebol da Copa do Mundo&#8221;, disse um porta-voz do Departamento de Estado dos EUA \u00e0 Sky News.<\/p>\n<p>Qualquer suspens\u00e3o significaria a remo\u00e7\u00e3o de um participante de uma competi\u00e7\u00e3o organizada pela FIFA pela UEFA. A FIFA, sob a presid\u00eancia de Gianni Infantino, desenvolveu um\u00a0forte relacionamento com o governo Trump.<\/p>\n<p>O \u00f3rg\u00e3o regulador global est\u00e1 investigando alega\u00e7\u00f5es de times que realizam partidas em assentamentos ilegais na Cisjord\u00e2nia, uma revis\u00e3o que segue um pedido da Associa\u00e7\u00e3o Palestina de Futebol (PFA) em 2024.<\/p>\n<p>Na quinta-feira, Jibril Rajoub, presidente da PFA, disse que se reunir\u00e1 com Ceferin e Kirsty Coventry, presidente do Comit\u00ea Ol\u00edmpico Internacional, para discutir o assunto na pr\u00f3xima semana. &#8220;Acredito que israelenses n\u00e3o devem ser autorizados a participar de nenhuma partida, seja ela regulamentada pela UEFA ou pela FIFA&#8221;, disse ele \u00e0 TV2, na Noruega. &#8220;Israel violou princ\u00edpios, valores e os estatutos da FIFA. Portanto, acredito que Israel deve ser sancionado. Espero que a UEFA siga o esp\u00edrito dos estatutos.&#8221;<\/p>\n<p>No ciclismo, o patrocinador canadense da equipe Israel-Premier Tech pediu uma mudan\u00e7a de nome. Seus ciclistas foram alvo de manifestantes na recente Vuelta a Espa\u00f1a, causando interrup\u00e7\u00f5es\u00a0no evento Grand Tour. Estima-se que mais de 100.000 pessoas estiveram nas ruas de Madri durante a etapa final, com manifestantes criticando a presen\u00e7a da equipe Israel Premier Tech. Em um comunicado divulgado pela R\u00e1dio Canad\u00e1, a Premier Tech afirmou: &#8220;A situa\u00e7\u00e3o atual em rela\u00e7\u00e3o ao nome da equipe n\u00e3o \u00e9 mais sustent\u00e1vel para atingirmos nosso objetivo.&#8221;<\/p>\n<hr \/>\n<p><em><a href=\"https:\/\/www.theguardian.com\/football\/2025\/sep\/25\/israel-future-in-uefa-october-world-cup-qualifiers-suspension-maccabi-tel-aviv\"><strong>reportagem publicada no jornal The Guardian, da Inglaterra, 26\/9<\/strong><\/a><\/em><\/p>\n<hr \/>\n<p>&nbsp;<\/p>\n","protected":false},"excerpt":{"rendered":"<p>\u2295 O futuro de Israel na UEFA pode ser conhecido antes da rodada das Eliminat\u00f3rias da Copa do [&hellip;]<\/p>\n","protected":false},"author":102107496,"featured_media":55156,"comment_status":"open","ping_status":"open","sticky":false,"template":"","format":"standard","meta":{"_coblocks_attr":"","_coblocks_dimensions":"","_coblocks_responsive_height":"","_coblocks_accordion_ie_support":"","_jetpack_newsletter_access":"","_jetpack_dont_email_post_to_subs":false,"_jetpack_newsletter_tier_id":0,"_jetpack_memberships_contains_paywalled_content":false,"_wpcom_ai_launchpad_first_post":false,"_jetpack_feature_clip_id":0,"_jetpack_memberships_contains_paid_content":false,"footnotes":"","jetpack_publicize_message":"","jetpack_publicize_feature_enabled":true,"jetpack_social_post_already_shared":false,"jetpack_social_options":{"image_generator_settings":{"template":"highway","default_image_id":0,"font":"","enabled":false},"version":2},"jetpack_post_was_ever_published":false},"categories":[53870,20384],"tags":[717381363,789560563,784409569,9937,184118],"class_list":["post-55146","post","type-post","status-publish","format-standard","has-post-thumbnail","hentry","category-futebol","category-informacao","tag-copadomundo2026","tag-fifa","tag-genocidiogazza","tag-israel","tag-uefa"],"yoast_head":"<!-- This site is optimized with the Yoast SEO plugin v28.3 - https:\/\/yoast.com\/product\/yoast-seo-wordpress\/ -->\n<title>Aumenta Press\u00e3o na Uefa para Suspender Israel das Eliminat\u00f3rias da Copa do Mundo 2026 - PR\u00d3SPERI NEWS<\/title>\n<meta name=\"robots\" content=\"index, follow, max-snippet:-1, max-image-preview:large, max-video-preview:-1\" \/>\n<link rel=\"canonical\" href=\"https:\/\/blogdoprosperi.com\/?p=55146\" \/>\n<meta property=\"og:locale\" content=\"pt_BR\" \/>\n<meta property=\"og:type\" content=\"article\" \/>\n<meta property=\"og:title\" content=\"Aumenta Press\u00e3o na Uefa para Suspender Israel das Eliminat\u00f3rias da Copa do Mundo 2026 - PR\u00d3SPERI NEWS\" \/>\n<meta property=\"og:description\" content=\"\u2295 O futuro de Israel na UEFA pode ser conhecido antes da rodada das Eliminat\u00f3rias da Copa do [&hellip;]\" \/>\n<meta property=\"og:url\" content=\"https:\/\/blogdoprosperi.com\/?p=55146\" \/>\n<meta property=\"og:site_name\" content=\"PR\u00d3SPERI NEWS\" \/>\n<meta property=\"article:publisher\" content=\"Luiz Pr\u00f3speri\" \/>\n<meta property=\"article:author\" content=\"Luiz Pr\u00f3speri\" \/>\n<meta property=\"article:published_time\" content=\"2025-09-26T16:48:15+00:00\" \/>\n<meta property=\"og:image\" content=\"https:\/\/i0.wp.com\/blogdoprosperi.com\/wp-content\/uploads\/2025\/09\/g1tzntixmaavbno.jpeg?fit=1200%2C720&ssl=1\" \/>\n\t<meta property=\"og:image:width\" content=\"1200\" \/>\n\t<meta property=\"og:image:height\" content=\"720\" \/>\n\t<meta property=\"og:image:type\" content=\"image\/jpeg\" \/>\n<meta name=\"author\" content=\"Luiz Ant\u00f4nio Pr\u00f3speri\" \/>\n<meta name=\"twitter:card\" content=\"summary_large_image\" \/>\n<meta name=\"twitter:creator\" content=\"@Luizprosperi\" \/>\n<meta name=\"twitter:site\" content=\"@Luizprosperi\" \/>\n<meta name=\"twitter:label1\" content=\"Escrito por\" \/>\n\t<meta name=\"twitter:data1\" content=\"Luiz Ant\u00f4nio Pr\u00f3speri\" \/>\n\t<meta name=\"twitter:label2\" content=\"Est. tempo de leitura\" \/>\n\t<meta name=\"twitter:data2\" content=\"4 minutos\" \/>\n<script type=\"application\/ld+json\" class=\"yoast-schema-graph\">{\"@context\":\"https:\\\/\\\/schema.org\",\"@graph\":[{\"@type\":\"Article\",\"@id\":\"https:\\\/\\\/blogdoprosperi.com\\\/?p=55146#article\",\"isPartOf\":{\"@id\":\"https:\\\/\\\/blogdoprosperi.com\\\/?p=55146\"},\"author\":{\"name\":\"Luiz Ant\u00f4nio Pr\u00f3speri\",\"@id\":\"https:\\\/\\\/blogdoprosperi.com\\\/#\\\/schema\\\/person\\\/38100755ce3601861ee4fab9b5aa78e9\"},\"headline\":\"Aumenta Press\u00e3o na Uefa para Suspender Israel das Eliminat\u00f3rias da Copa do Mundo 2026\",\"datePublished\":\"2025-09-26T16:48:15+00:00\",\"mainEntityOfPage\":{\"@id\":\"https:\\\/\\\/blogdoprosperi.com\\\/?p=55146\"},\"wordCount\":818,\"commentCount\":0,\"publisher\":{\"@id\":\"https:\\\/\\\/blogdoprosperi.com\\\/#\\\/schema\\\/person\\\/38100755ce3601861ee4fab9b5aa78e9\"},\"image\":{\"@id\":\"https:\\\/\\\/blogdoprosperi.com\\\/?p=55146#primaryimage\"},\"thumbnailUrl\":\"https:\\\/\\\/i0.wp.com\\\/blogdoprosperi.com\\\/wp-content\\\/uploads\\\/2025\\\/09\\\/g1tzntixmaavbno.jpeg?fit=1200%2C720&ssl=1\",\"keywords\":[\"copadomundo2026\",\"Fifa\",\"genoc\u00eddiogazza\",\"Israel\",\"Uefa\"],\"articleSection\":[\"futebol\",\"informa\u00e7\u00e3o\"],\"inLanguage\":\"pt-BR\",\"potentialAction\":[{\"@type\":\"CommentAction\",\"name\":\"Comment\",\"target\":[\"https:\\\/\\\/blogdoprosperi.com\\\/?p=55146#respond\"]}]},{\"@type\":\"WebPage\",\"@id\":\"https:\\\/\\\/blogdoprosperi.com\\\/?p=55146\",\"url\":\"https:\\\/\\\/blogdoprosperi.com\\\/?p=55146\",\"name\":\"Aumenta Press\u00e3o na Uefa para Suspender Israel das Eliminat\u00f3rias da Copa do Mundo 2026 - PR\u00d3SPERI NEWS\",\"isPartOf\":{\"@id\":\"https:\\\/\\\/blogdoprosperi.com\\\/#website\"},\"primaryImageOfPage\":{\"@id\":\"https:\\\/\\\/blogdoprosperi.com\\\/?p=55146#primaryimage\"},\"image\":{\"@id\":\"https:\\\/\\\/blogdoprosperi.com\\\/?p=55146#primaryimage\"},\"thumbnailUrl\":\"https:\\\/\\\/i0.wp.com\\\/blogdoprosperi.com\\\/wp-content\\\/uploads\\\/2025\\\/09\\\/g1tzntixmaavbno.jpeg?fit=1200%2C720&ssl=1\",\"datePublished\":\"2025-09-26T16:48:15+00:00\",\"breadcrumb\":{\"@id\":\"https:\\\/\\\/blogdoprosperi.com\\\/?p=55146#breadcrumb\"},\"inLanguage\":\"pt-BR\",\"potentialAction\":[{\"@type\":\"ReadAction\",\"target\":[\"https:\\\/\\\/blogdoprosperi.com\\\/?p=55146\"]}]},{\"@type\":\"ImageObject\",\"inLanguage\":\"pt-BR\",\"@id\":\"https:\\\/\\\/blogdoprosperi.com\\\/?p=55146#primaryimage\",\"url\":\"https:\\\/\\\/i0.wp.com\\\/blogdoprosperi.com\\\/wp-content\\\/uploads\\\/2025\\\/09\\\/g1tzntixmaavbno.jpeg?fit=1200%2C720&ssl=1\",\"contentUrl\":\"https:\\\/\\\/i0.wp.com\\\/blogdoprosperi.com\\\/wp-content\\\/uploads\\\/2025\\\/09\\\/g1tzntixmaavbno.jpeg?fit=1200%2C720&ssl=1\",\"width\":1200,\"height\":720,\"caption\":\"Cart\u00e3o vermelho para Israel, pede futebol europeu \u2013 foto: reprodu\u00e7\u00e3o X\"},{\"@type\":\"BreadcrumbList\",\"@id\":\"https:\\\/\\\/blogdoprosperi.com\\\/?p=55146#breadcrumb\",\"itemListElement\":[{\"@type\":\"ListItem\",\"position\":1,\"name\":\"In\u00edcio\",\"item\":\"https:\\\/\\\/blogdoprosperi.com\\\/\"},{\"@type\":\"ListItem\",\"position\":2,\"name\":\"Aumenta Press\u00e3o na Uefa para Suspender Israel das Eliminat\u00f3rias da Copa do Mundo 2026\"}]},{\"@type\":\"WebSite\",\"@id\":\"https:\\\/\\\/blogdoprosperi.com\\\/#website\",\"url\":\"https:\\\/\\\/blogdoprosperi.com\\\/\",\"name\":\"PR\u00d3SPERI NEWS\",\"description\":\"TUDO \u00c9  FUTEBOL\",\"publisher\":{\"@id\":\"https:\\\/\\\/blogdoprosperi.com\\\/#\\\/schema\\\/person\\\/38100755ce3601861ee4fab9b5aa78e9\"},\"alternateName\":\"blogdoprosperi.com\",\"potentialAction\":[{\"@type\":\"SearchAction\",\"target\":{\"@type\":\"EntryPoint\",\"urlTemplate\":\"https:\\\/\\\/blogdoprosperi.com\\\/?s={search_term_string}\"},\"query-input\":{\"@type\":\"PropertyValueSpecification\",\"valueRequired\":true,\"valueName\":\"search_term_string\"}}],\"inLanguage\":\"pt-BR\"},{\"@type\":[\"Person\",\"Organization\"],\"@id\":\"https:\\\/\\\/blogdoprosperi.com\\\/#\\\/schema\\\/person\\\/38100755ce3601861ee4fab9b5aa78e9\",\"name\":\"Luiz Ant\u00f4nio Pr\u00f3speri\",\"pronouns\":\"ele\",\"image\":{\"@type\":\"ImageObject\",\"inLanguage\":\"pt-BR\",\"@id\":\"https:\\\/\\\/i0.wp.com\\\/blogdoprosperi.com\\\/wp-content\\\/uploads\\\/2026\\\/05\\\/cropped-8059e613-6002-42fa-961e-8e275f575d71-2-5.jpg?fit=1360%2C931&ssl=1\",\"url\":\"https:\\\/\\\/i0.wp.com\\\/blogdoprosperi.com\\\/wp-content\\\/uploads\\\/2026\\\/05\\\/cropped-8059e613-6002-42fa-961e-8e275f575d71-2-5.jpg?fit=1360%2C931&ssl=1\",\"contentUrl\":\"https:\\\/\\\/i0.wp.com\\\/blogdoprosperi.com\\\/wp-content\\\/uploads\\\/2026\\\/05\\\/cropped-8059e613-6002-42fa-961e-8e275f575d71-2-5.jpg?fit=1360%2C931&ssl=1\",\"width\":1360,\"height\":931,\"caption\":\"Luiz Ant\u00f4nio Pr\u00f3speri\"},\"logo\":{\"@id\":\"https:\\\/\\\/i0.wp.com\\\/blogdoprosperi.com\\\/wp-content\\\/uploads\\\/2026\\\/05\\\/cropped-8059e613-6002-42fa-961e-8e275f575d71-2-5.jpg?fit=1360%2C931&ssl=1\"},\"description\":\"Jornalista com carreira dedicada ao esporte. Cobriu 9 Copas do Mundo in loco, 1990 na It\u00e1lia, 1994 nos EUA, 1998 na Fran\u00e7a, 2002 na Coreia do Sul e Jap\u00e3o, 2006 na Alemanha, 2010 na \u00c1frica do Sul, 2014 no Brasil, 2018 na R\u00fassia e 2022 no Qatar. Eurocopas, 1992 na Su\u00e9cia e 1996 na Inglaterra. Copa das Confedera\u00e7\u00f5es de 2005 na Alemanha e 2009 na \u00c1frica do Sul. Rep\u00f3rter e Editor, trabalhou no Jornal da Tarde e Estad\u00e3o, de 1984 a fevereiro de 2016. Colunista, blogueiro. E comentarista de futebol na R\u00e1dio Estad\u00e3o, de 2013 a fevereiro de 2016. Jornalista respons\u00e1vel do \\\"Pr\u00f3speri News\\\" (blogdoprosperi.com).\",\"sameAs\":[\"http:\\\/\\\/blogdoprosperi.com\",\"Luiz Pr\u00f3speri\",\"@luiz_prosperi\",\"https:\\\/\\\/x.com\\\/Luizprosperi\",\"@prosperinacopa\",\"luiz.prosperi@icloud.com\"],\"url\":\"https:\\\/\\\/blogdoprosperi.com\\\/?author=102107496\"}]}<\/script>\n<!-- \/ Yoast SEO plugin. -->","yoast_head_json":{"title":"Aumenta Press\u00e3o na Uefa para Suspender Israel das Eliminat\u00f3rias da Copa do Mundo 2026 - PR\u00d3SPERI NEWS","robots":{"index":"index","follow":"follow","max-snippet":"max-snippet:-1","max-image-preview":"max-image-preview:large","max-video-preview":"max-video-preview:-1"},"canonical":"https:\/\/blogdoprosperi.com\/?p=55146","og_locale":"pt_BR","og_type":"article","og_title":"Aumenta Press\u00e3o na Uefa para Suspender Israel das Eliminat\u00f3rias da Copa do Mundo 2026 - PR\u00d3SPERI NEWS","og_description":"\u2295 O futuro de Israel na UEFA pode ser conhecido antes da rodada das Eliminat\u00f3rias da Copa do [&hellip;]","og_url":"https:\/\/blogdoprosperi.com\/?p=55146","og_site_name":"PR\u00d3SPERI NEWS","article_publisher":"Luiz Pr\u00f3speri","article_author":"Luiz Pr\u00f3speri","article_published_time":"2025-09-26T16:48:15+00:00","og_image":[{"width":1200,"height":720,"url":"https:\/\/i0.wp.com\/blogdoprosperi.com\/wp-content\/uploads\/2025\/09\/g1tzntixmaavbno.jpeg?fit=1200%2C720&ssl=1","type":"image\/jpeg"}],"author":"Luiz Ant\u00f4nio Pr\u00f3speri","twitter_card":"summary_large_image","twitter_creator":"@Luizprosperi","twitter_site":"@Luizprosperi","twitter_misc":{"Escrito por":"Luiz Ant\u00f4nio Pr\u00f3speri","Est. tempo de leitura":"4 minutos"},"schema":{"@context":"https:\/\/schema.org","@graph":[{"@type":"Article","@id":"https:\/\/blogdoprosperi.com\/?p=55146#article","isPartOf":{"@id":"https:\/\/blogdoprosperi.com\/?p=55146"},"author":{"name":"Luiz Ant\u00f4nio Pr\u00f3speri","@id":"https:\/\/blogdoprosperi.com\/#\/schema\/person\/38100755ce3601861ee4fab9b5aa78e9"},"headline":"Aumenta Press\u00e3o na Uefa para Suspender Israel das Eliminat\u00f3rias da Copa do Mundo 2026","datePublished":"2025-09-26T16:48:15+00:00","mainEntityOfPage":{"@id":"https:\/\/blogdoprosperi.com\/?p=55146"},"wordCount":818,"commentCount":0,"publisher":{"@id":"https:\/\/blogdoprosperi.com\/#\/schema\/person\/38100755ce3601861ee4fab9b5aa78e9"},"image":{"@id":"https:\/\/blogdoprosperi.com\/?p=55146#primaryimage"},"thumbnailUrl":"https:\/\/i0.wp.com\/blogdoprosperi.com\/wp-content\/uploads\/2025\/09\/g1tzntixmaavbno.jpeg?fit=1200%2C720&ssl=1","keywords":["copadomundo2026","Fifa","genoc\u00eddiogazza","Israel","Uefa"],"articleSection":["futebol","informa\u00e7\u00e3o"],"inLanguage":"pt-BR","potentialAction":[{"@type":"CommentAction","name":"Comment","target":["https:\/\/blogdoprosperi.com\/?p=55146#respond"]}]},{"@type":"WebPage","@id":"https:\/\/blogdoprosperi.com\/?p=55146","url":"https:\/\/blogdoprosperi.com\/?p=55146","name":"Aumenta Press\u00e3o na Uefa para Suspender Israel das Eliminat\u00f3rias da Copa do Mundo 2026 - PR\u00d3SPERI NEWS","isPartOf":{"@id":"https:\/\/blogdoprosperi.com\/#website"},"primaryImageOfPage":{"@id":"https:\/\/blogdoprosperi.com\/?p=55146#primaryimage"},"image":{"@id":"https:\/\/blogdoprosperi.com\/?p=55146#primaryimage"},"thumbnailUrl":"https:\/\/i0.wp.com\/blogdoprosperi.com\/wp-content\/uploads\/2025\/09\/g1tzntixmaavbno.jpeg?fit=1200%2C720&ssl=1","datePublished":"2025-09-26T16:48:15+00:00","breadcrumb":{"@id":"https:\/\/blogdoprosperi.com\/?p=55146#breadcrumb"},"inLanguage":"pt-BR","potentialAction":[{"@type":"ReadAction","target":["https:\/\/blogdoprosperi.com\/?p=55146"]}]},{"@type":"ImageObject","inLanguage":"pt-BR","@id":"https:\/\/blogdoprosperi.com\/?p=55146#primaryimage","url":"https:\/\/i0.wp.com\/blogdoprosperi.com\/wp-content\/uploads\/2025\/09\/g1tzntixmaavbno.jpeg?fit=1200%2C720&ssl=1","contentUrl":"https:\/\/i0.wp.com\/blogdoprosperi.com\/wp-content\/uploads\/2025\/09\/g1tzntixmaavbno.jpeg?fit=1200%2C720&ssl=1","width":1200,"height":720,"caption":"Cart\u00e3o vermelho para Israel, pede futebol europeu \u2013 foto: reprodu\u00e7\u00e3o X"},{"@type":"BreadcrumbList","@id":"https:\/\/blogdoprosperi.com\/?p=55146#breadcrumb","itemListElement":[{"@type":"ListItem","position":1,"name":"In\u00edcio","item":"https:\/\/blogdoprosperi.com\/"},{"@type":"ListItem","position":2,"name":"Aumenta Press\u00e3o na Uefa para Suspender Israel das Eliminat\u00f3rias da Copa do Mundo 2026"}]},{"@type":"WebSite","@id":"https:\/\/blogdoprosperi.com\/#website","url":"https:\/\/blogdoprosperi.com\/","name":"PR\u00d3SPERI NEWS","description":"TUDO \u00c9  FUTEBOL","publisher":{"@id":"https:\/\/blogdoprosperi.com\/#\/schema\/person\/38100755ce3601861ee4fab9b5aa78e9"},"alternateName":"blogdoprosperi.com","potentialAction":[{"@type":"SearchAction","target":{"@type":"EntryPoint","urlTemplate":"https:\/\/blogdoprosperi.com\/?s={search_term_string}"},"query-input":{"@type":"PropertyValueSpecification","valueRequired":true,"valueName":"search_term_string"}}],"inLanguage":"pt-BR"},{"@type":["Person","Organization"],"@id":"https:\/\/blogdoprosperi.com\/#\/schema\/person\/38100755ce3601861ee4fab9b5aa78e9","name":"Luiz Ant\u00f4nio Pr\u00f3speri","pronouns":"ele","image":{"@type":"ImageObject","inLanguage":"pt-BR","@id":"https:\/\/i0.wp.com\/blogdoprosperi.com\/wp-content\/uploads\/2026\/05\/cropped-8059e613-6002-42fa-961e-8e275f575d71-2-5.jpg?fit=1360%2C931&ssl=1","url":"https:\/\/i0.wp.com\/blogdoprosperi.com\/wp-content\/uploads\/2026\/05\/cropped-8059e613-6002-42fa-961e-8e275f575d71-2-5.jpg?fit=1360%2C931&ssl=1","contentUrl":"https:\/\/i0.wp.com\/blogdoprosperi.com\/wp-content\/uploads\/2026\/05\/cropped-8059e613-6002-42fa-961e-8e275f575d71-2-5.jpg?fit=1360%2C931&ssl=1","width":1360,"height":931,"caption":"Luiz Ant\u00f4nio Pr\u00f3speri"},"logo":{"@id":"https:\/\/i0.wp.com\/blogdoprosperi.com\/wp-content\/uploads\/2026\/05\/cropped-8059e613-6002-42fa-961e-8e275f575d71-2-5.jpg?fit=1360%2C931&ssl=1"},"description":"Jornalista com carreira dedicada ao esporte. Cobriu 9 Copas do Mundo in loco, 1990 na It\u00e1lia, 1994 nos EUA, 1998 na Fran\u00e7a, 2002 na Coreia do Sul e Jap\u00e3o, 2006 na Alemanha, 2010 na \u00c1frica do Sul, 2014 no Brasil, 2018 na R\u00fassia e 2022 no Qatar. Eurocopas, 1992 na Su\u00e9cia e 1996 na Inglaterra. Copa das Confedera\u00e7\u00f5es de 2005 na Alemanha e 2009 na \u00c1frica do Sul. Rep\u00f3rter e Editor, trabalhou no Jornal da Tarde e Estad\u00e3o, de 1984 a fevereiro de 2016. Colunista, blogueiro. E comentarista de futebol na R\u00e1dio Estad\u00e3o, de 2013 a fevereiro de 2016. Jornalista respons\u00e1vel do \"Pr\u00f3speri News\" (blogdoprosperi.com).","sameAs":["http:\/\/blogdoprosperi.com","Luiz Pr\u00f3speri","@luiz_prosperi","https:\/\/x.com\/Luizprosperi","@prosperinacopa","luiz.prosperi@icloud.com"],"url":"https:\/\/blogdoprosperi.com\/?author=102107496"}]}},"jetpack_publicize_connections":[],"jetpack_likes_enabled":false,"jetpack_sharing_enabled":true,"jetpack_shortlink":"https:\/\/wp.me\/p7jvdk-els","jetpack-related-posts":[{"id":61485,"url":"https:\/\/blogdoprosperi.com\/?p=61485","url_meta":{"origin":55146,"position":0},"title":"URGENTE NEWS: Futebol europeu decreta boicote \u00e0 Fifa e atinge Copa do Mundo Feminina no Brasil","author":"Luiz Ant\u00f4nio Pr\u00f3speri","date":"30 de julho de 2026","format":false,"excerpt":"Primeiro ato do boicote dos europeus atinge em cheio a Copa do Mundo Feminina 2027 no Brasil, entre junho e julho. Acompanhe relato do jornal The Guardian a respeito da decis\u00e3o da Uefa: Os pa\u00edses europeus concordaram em boicotar todas as competi\u00e7\u00f5es da Fifa caso Gianni Infantino leve adiante suas\u2026","rel":"","context":"Em &quot;futebol&quot;","block_context":{"text":"futebol","link":"https:\/\/blogdoprosperi.com\/?cat=53870"},"img":{"alt_text":"","src":"https:\/\/i0.wp.com\/blogdoprosperi.com\/wp-content\/uploads\/2026\/07\/Captura-de-Tela-2026-07-30-as-13.37.41.png?fit=1200%2C837&ssl=1&resize=350%2C200","width":350,"height":200,"srcset":"https:\/\/i0.wp.com\/blogdoprosperi.com\/wp-content\/uploads\/2026\/07\/Captura-de-Tela-2026-07-30-as-13.37.41.png?fit=1200%2C837&ssl=1&resize=350%2C200 1x, https:\/\/i0.wp.com\/blogdoprosperi.com\/wp-content\/uploads\/2026\/07\/Captura-de-Tela-2026-07-30-as-13.37.41.png?fit=1200%2C837&ssl=1&resize=525%2C300 1.5x, https:\/\/i0.wp.com\/blogdoprosperi.com\/wp-content\/uploads\/2026\/07\/Captura-de-Tela-2026-07-30-as-13.37.41.png?fit=1200%2C837&ssl=1&resize=700%2C400 2x, https:\/\/i0.wp.com\/blogdoprosperi.com\/wp-content\/uploads\/2026\/07\/Captura-de-Tela-2026-07-30-as-13.37.41.png?fit=1200%2C837&ssl=1&resize=1050%2C600 3x"},"classes":[]},{"id":61591,"url":"https:\/\/blogdoprosperi.com\/?p=61591","url_meta":{"origin":55146,"position":1},"title":"Entenda como a Uefa pode derrubar Infantino da Fifa ap\u00f3s fracasso na privatiza\u00e7\u00e3o da Copa","author":"Luiz Ant\u00f4nio Pr\u00f3speri","date":"1 de agosto de 2026","format":false,"excerpt":"Luiz Ant\u00f4nio Pr\u00f3speri \u2013 1 agosto 2026 (10h30) Uefa (Uni\u00e3o Europeia de Futebol) sai fortalecida com a desist\u00eancia de Gianni Infantino, presidente da Fifa, de privatizar a Copa do Mundo. Ao propor boicote \u00e0 todas competi\u00e7\u00f5es Fifa, incluindo a Copa, diante da farra de grana no plano de Infantino, os\u2026","rel":"","context":"Em &quot;Fifa&quot;","block_context":{"text":"Fifa","link":"https:\/\/blogdoprosperi.com\/?cat=187969"},"img":{"alt_text":"","src":"https:\/\/i0.wp.com\/blogdoprosperi.com\/wp-content\/uploads\/2026\/08\/2373ca66-uefa_compound-708x416-1.webp?fit=708%2C416&ssl=1&resize=350%2C200","width":350,"height":200,"srcset":"https:\/\/i0.wp.com\/blogdoprosperi.com\/wp-content\/uploads\/2026\/08\/2373ca66-uefa_compound-708x416-1.webp?fit=708%2C416&ssl=1&resize=350%2C200 1x, https:\/\/i0.wp.com\/blogdoprosperi.com\/wp-content\/uploads\/2026\/08\/2373ca66-uefa_compound-708x416-1.webp?fit=708%2C416&ssl=1&resize=525%2C300 1.5x, https:\/\/i0.wp.com\/blogdoprosperi.com\/wp-content\/uploads\/2026\/08\/2373ca66-uefa_compound-708x416-1.webp?fit=708%2C416&ssl=1&resize=700%2C400 2x"},"classes":[]},{"id":57349,"url":"https:\/\/blogdoprosperi.com\/?p=57349","url_meta":{"origin":55146,"position":2},"title":"Crise no Futebol Italiano | &#8216;A Infraestrutura da It\u00e1lia Est\u00e1 Entre as Piores da Europa&#8217;, diz presidente da Uefa","author":"Luiz Ant\u00f4nio Pr\u00f3speri","date":"2 de abril de 2026","format":false,"excerpt":"O futebol italiano est\u00e1 em crise ap\u00f3s a ren\u00fancia do presidente da Federa\u00e7\u00e3o Italiana de Futebol. Alerta do presidente da Uefa escancara a decad\u00eancia do c\u00e1lcio, fora da Copa do Mundo pela terceira vez consecutiva. Nick Ames, The Guardian \u2013 2 abril 2026 \u2013 (15h45) \u2013 A crise que assola\u2026","rel":"","context":"Em &quot;copa 2026&quot;","block_context":{"text":"copa 2026","link":"https:\/\/blogdoprosperi.com\/?cat=36820279"},"img":{"alt_text":"","src":"https:\/\/i0.wp.com\/blogdoprosperi.com\/wp-content\/uploads\/2026\/04\/captura-de-tela-2026-04-02-as-16.14.05.png?fit=1200%2C900&ssl=1&resize=350%2C200","width":350,"height":200,"srcset":"https:\/\/i0.wp.com\/blogdoprosperi.com\/wp-content\/uploads\/2026\/04\/captura-de-tela-2026-04-02-as-16.14.05.png?fit=1200%2C900&ssl=1&resize=350%2C200 1x, https:\/\/i0.wp.com\/blogdoprosperi.com\/wp-content\/uploads\/2026\/04\/captura-de-tela-2026-04-02-as-16.14.05.png?fit=1200%2C900&ssl=1&resize=525%2C300 1.5x, https:\/\/i0.wp.com\/blogdoprosperi.com\/wp-content\/uploads\/2026\/04\/captura-de-tela-2026-04-02-as-16.14.05.png?fit=1200%2C900&ssl=1&resize=700%2C400 2x, https:\/\/i0.wp.com\/blogdoprosperi.com\/wp-content\/uploads\/2026\/04\/captura-de-tela-2026-04-02-as-16.14.05.png?fit=1200%2C900&ssl=1&resize=1050%2C600 3x"},"classes":[]},{"id":61672,"url":"https:\/\/blogdoprosperi.com\/?p=61672","url_meta":{"origin":55146,"position":3},"title":"Duas mulheres lideraram a resist\u00eancia \u00e0 venda da Copa do Mundo. Isso importa | Que tal uma delas assumir a presid\u00eancia da Fifa?","author":"Luiz Ant\u00f4nio Pr\u00f3speri","date":"4 de agosto de 2026","format":false,"excerpt":"Crise na Fifa provocada pelo presidente Gianni Infantino pode levar uma mulher \u00e0 presid\u00eancia da entidade m\u00e1xima de futebol: Lise Klaveness, presidente da Federa\u00e7\u00e3o Norueguesa de Futebol (NFF). \u00c9 a candidata sugerida por Joseph Blatter, ex-mandat\u00e1rio da Fifa. Acompanhe a seguir reportagem do New York Times \/ The Athletic mostrando\u2026","rel":"","context":"Em &quot;Fifa&quot;","block_context":{"text":"Fifa","link":"https:\/\/blogdoprosperi.com\/?cat=187969"},"img":{"alt_text":"","src":"https:\/\/i0.wp.com\/blogdoprosperi.com\/wp-content\/uploads\/2026\/08\/0208-uefa-1024x683.jpg.webp?fit=1200%2C801&ssl=1&resize=350%2C200","width":350,"height":200,"srcset":"https:\/\/i0.wp.com\/blogdoprosperi.com\/wp-content\/uploads\/2026\/08\/0208-uefa-1024x683.jpg.webp?fit=1200%2C801&ssl=1&resize=350%2C200 1x, https:\/\/i0.wp.com\/blogdoprosperi.com\/wp-content\/uploads\/2026\/08\/0208-uefa-1024x683.jpg.webp?fit=1200%2C801&ssl=1&resize=525%2C300 1.5x, https:\/\/i0.wp.com\/blogdoprosperi.com\/wp-content\/uploads\/2026\/08\/0208-uefa-1024x683.jpg.webp?fit=1200%2C801&ssl=1&resize=700%2C400 2x, https:\/\/i0.wp.com\/blogdoprosperi.com\/wp-content\/uploads\/2026\/08\/0208-uefa-1024x683.jpg.webp?fit=1200%2C801&ssl=1&resize=1050%2C600 3x"},"classes":[]},{"id":49983,"url":"https:\/\/blogdoprosperi.com\/?p=49983","url_meta":{"origin":55146,"position":4},"title":"Como o Mundial de Clubes Pode Levar a Elite do futebol \u2013 Incluindo Messi \u2013 ao Limite","author":"Luiz Ant\u00f4nio Pr\u00f3speri","date":"9 de maio de 2025","format":false,"excerpt":"\u2666 Calend\u00e1rio demonstra \"uma falta de considera\u00e7\u00e3o pela sa\u00fade mental e f\u00edsica dos jogadores participantes\" \u2666 Messi deve ter\u00e1 quatro jogos em 14 dias, com cerca de 15.200 quil\u00f4metros de viagem inclu\u00eddos para completar a maratona Philip Buckingham \/ Eduardo Tansley \u2013 The Athletic \u2013 8 maio (11h21) \u2013 O\u2026","rel":"","context":"Em &quot;futebol&quot;","block_context":{"text":"futebol","link":"https:\/\/blogdoprosperi.com\/?cat=53870"},"img":{"alt_text":"","src":"https:\/\/i0.wp.com\/blogdoprosperi.com\/wp-content\/uploads\/2025\/05\/captura-de-tela-2025-05-09-as-11.46.35.png?fit=1064%2C820&ssl=1&resize=350%2C200","width":350,"height":200,"srcset":"https:\/\/i0.wp.com\/blogdoprosperi.com\/wp-content\/uploads\/2025\/05\/captura-de-tela-2025-05-09-as-11.46.35.png?fit=1064%2C820&ssl=1&resize=350%2C200 1x, https:\/\/i0.wp.com\/blogdoprosperi.com\/wp-content\/uploads\/2025\/05\/captura-de-tela-2025-05-09-as-11.46.35.png?fit=1064%2C820&ssl=1&resize=525%2C300 1.5x, https:\/\/i0.wp.com\/blogdoprosperi.com\/wp-content\/uploads\/2025\/05\/captura-de-tela-2025-05-09-as-11.46.35.png?fit=1064%2C820&ssl=1&resize=700%2C400 2x, https:\/\/i0.wp.com\/blogdoprosperi.com\/wp-content\/uploads\/2025\/05\/captura-de-tela-2025-05-09-as-11.46.35.png?fit=1064%2C820&ssl=1&resize=1050%2C600 3x"},"classes":[]},{"id":61363,"url":"https:\/\/blogdoprosperi.com\/?p=61363","url_meta":{"origin":55146,"position":5},"title":"Fifa acusada de &#8216;vender alma do futebol&#8217;: plano \u00e9 repassar direitos comerciais da Copa do Mundo por 20 bilh\u00f5es de d\u00f3lares","author":"Luiz Ant\u00f4nio Pr\u00f3speri","date":"28 de julho de 2026","format":false,"excerpt":"A Thrive Capital, uma empresa de investimentos fundada por Joshua Kushner, irm\u00e3o de Jared Kushner, genro de Donald Trump, lidera a busca por investidores por Matt Hughes e\u00a0Paul MacInnes, The Guardian \u2013 28 julho 2026 A Fifa anunciou planos para vender os direitos comerciais de seus torneios, incluindo a\u00a0Copa do\u2026","rel":"","context":"Em &quot;Fifa&quot;","block_context":{"text":"Fifa","link":"https:\/\/blogdoprosperi.com\/?cat=187969"},"img":{"alt_text":"","src":"https:\/\/i0.wp.com\/blogdoprosperi.com\/wp-content\/uploads\/2026\/07\/Captura-de-Tela-2026-07-28-as-15.00.46.png?fit=1152%2C894&ssl=1&resize=350%2C200","width":350,"height":200,"srcset":"https:\/\/i0.wp.com\/blogdoprosperi.com\/wp-content\/uploads\/2026\/07\/Captura-de-Tela-2026-07-28-as-15.00.46.png?fit=1152%2C894&ssl=1&resize=350%2C200 1x, https:\/\/i0.wp.com\/blogdoprosperi.com\/wp-content\/uploads\/2026\/07\/Captura-de-Tela-2026-07-28-as-15.00.46.png?fit=1152%2C894&ssl=1&resize=525%2C300 1.5x, https:\/\/i0.wp.com\/blogdoprosperi.com\/wp-content\/uploads\/2026\/07\/Captura-de-Tela-2026-07-28-as-15.00.46.png?fit=1152%2C894&ssl=1&resize=700%2C400 2x, https:\/\/i0.wp.com\/blogdoprosperi.com\/wp-content\/uploads\/2026\/07\/Captura-de-Tela-2026-07-28-as-15.00.46.png?fit=1152%2C894&ssl=1&resize=1050%2C600 3x"},"classes":[]}],"jetpack_featured_media_url":"https:\/\/i0.wp.com\/blogdoprosperi.com\/wp-content\/uploads\/2025\/09\/g1tzntixmaavbno.jpeg?fit=1200%2C720&ssl=1","_links":{"self":[{"href":"https:\/\/blogdoprosperi.com\/index.php?rest_route=\/wp\/v2\/posts\/55146","targetHints":{"allow":["GET"]}}],"collection":[{"href":"https:\/\/blogdoprosperi.com\/index.php?rest_route=\/wp\/v2\/posts"}],"about":[{"href":"https:\/\/blogdoprosperi.com\/index.php?rest_route=\/wp\/v2\/types\/post"}],"author":[{"embeddable":true,"href":"https:\/\/blogdoprosperi.com\/index.php?rest_route=\/wp\/v2\/users\/102107496"}],"replies":[{"embeddable":true,"href":"https:\/\/blogdoprosperi.com\/index.php?rest_route=%2Fwp%2Fv2%2Fcomments&post=55146"}],"version-history":[{"count":12,"href":"https:\/\/blogdoprosperi.com\/index.php?rest_route=\/wp\/v2\/posts\/55146\/revisions"}],"predecessor-version":[{"id":55159,"href":"https:\/\/blogdoprosperi.com\/index.php?rest_route=\/wp\/v2\/posts\/55146\/revisions\/55159"}],"wp:featuredmedia":[{"embeddable":true,"href":"https:\/\/blogdoprosperi.com\/index.php?rest_route=\/wp\/v2\/media\/55156"}],"wp:attachment":[{"href":"https:\/\/blogdoprosperi.com\/index.php?rest_route=%2Fwp%2Fv2%2Fmedia&parent=55146"}],"wp:term":[{"taxonomy":"category","embeddable":true,"href":"https:\/\/blogdoprosperi.com\/index.php?rest_route=%2Fwp%2Fv2%2Fcategories&post=55146"},{"taxonomy":"post_tag","embeddable":true,"href":"https:\/\/blogdoprosperi.com\/index.php?rest_route=%2Fwp%2Fv2%2Ftags&post=55146"}],"curies":[{"name":"wp","href":"https:\/\/api.w.org\/{rel}","templated":true}]}}