{"id":55225,"date":"2025-10-04T09:59:23","date_gmt":"2025-10-04T12:59:23","guid":{"rendered":"https:\/\/blogdoprosperi.com\/?p=55225"},"modified":"2025-10-04T13:17:19","modified_gmt":"2025-10-04T16:17:19","slug":"cronicasabatica-32-argentinos-tomam-conta-do-brasil","status":"publish","type":"post","link":"https:\/\/blogdoprosperi.com\/?p=55225","title":{"rendered":"#Cr\u00f4nicaSab\u00e1tica #32 | Argentinos Tomam Conta do Brasil"},"content":{"rendered":"<p><em>Luiz Ant\u00f4nio Pr\u00f3speri \u2013 4 outubro 2025 (09h59) \u2013<\/em><\/p>\n<p>Argentina convoca Flaco Lopez e An\u00edbal Moreno do Palmeiras para amistosos contra Venezuela e Porto Rico na data Fifa desse in\u00edcio de outubro. Quem diria, dois argentinos jogando no futebol brasileiro a servi\u00e7o da atual sele\u00e7\u00e3o campe\u00e3 do mundo. N\u00e3o \u00e9 s\u00f3 isso. Depois de apostar em t\u00e9cnicos portugueses nos \u00faltimos cinco anos, clubes do Brasil correm atr\u00e1s de treinadores da Argentina. Eles j\u00e1 s\u00e3o seis no comando de times da S\u00e9rie A do Brasileir\u00e3o contra apenas dois de Portugal. Dos 154 jogadores estrangeiros atuando no campeonato nessa temporada, 47 s\u00e3o argentinos \u2013 a maioria.<\/p>\n<p>Sem entrar no m\u00e9rito da quest\u00e3o econ\u00f4mica do futebol entre Brasil e Argentina, com ampla vantagem dos clubes brasileiros em termos de investimentos, n\u00e3o custa atentar para o lado t\u00e9cnico do futebol. Bola, bola. Nesse momento, os argentinos est\u00e3o em alta. An\u00edbal e Flaco servem de exemplo.<\/p>\n<p>Dos 20 clubes da S\u00e9rie A, apenas Bragantino e Vit\u00f3ria n\u00e3o t\u00eam jogadores argentinos. Fortaleza lidera o ranking, com sete hermanos. E a\u00ed uma situa\u00e7\u00e3o diferente. Mesmo com sete \u00a0atletas da Argentina, Fortaleza \u00e9 o vice-lanterna com 21 pontos correndo enorme risco de rebaixamento \u00e0 S\u00e9rie B.<\/p>\n<p>Cen\u00e1rio tamb\u00e9m bizarro envolve o Fortaleza. Seu t\u00e9cnico \u00e9 o argentino Palermo, goleador da \u00e9poca de jogador defendendo o Boca Juniors. E no jogo contra o S\u00e3o Paulo, quinta-feira (02\/10), Palermo sai derrotado por Hern\u00e1n Crespo, goleador do River Plate nos tempos em que era atleta.<\/p>\n<p>Tivemos um Boca e River na capital cearense. Curiosidade explorada por jornais esportivos e imprensa de Buenos Aires. Dois \u00eddolos, com patente de Sele\u00e7\u00e3o Argentina, dirigindo dois clubes brasileiros de muita tradi\u00e7\u00e3o.<\/p>\n<p>Crespo (S\u00e3o Paulo) e Palermo (Fortaleza) se juntam a Ram\u00f3n Diaz (Internacional), Pablo Vojvoda (Santos), Luis Zubeld\u00eda (Fluminense) e Jorge Sampaoli (Atl\u00e9tico-MG). Seis treinadores argentinos contra apenas dois portugueses \u2013 Abel Ferreira (Palmeiras) e Leonardo Jardim (Cruzeiro). Brasileiros ainda s\u00e3o maioria: 11. E um italiano, o Davide Ancelotti no Botafogo.<\/p>\n<p>\u00c9 por isso que o futebol jogado aqui carrega no sotaque espanhol, idioma dominante na Am\u00e9rica do Sul. Muito da cultura da bola argentina ganha destaque em nossos clubes.<\/p>\n<p>Se for uma tend\u00eancia, moda, influenciada pela atual sele\u00e7\u00e3o campe\u00e3 do mundo, tudo bem. Serve pelo menos de inspira\u00e7\u00e3o.<\/p>\n<p>Na pr\u00e1tica n\u00e3o tem sido bem assim. Os seis treinadores argentinos no Brasileir\u00e3o n\u00e3o est\u00e3o acima da m\u00e9dia de nossos treinadores brasileiros. Nem seus times jogam o fino da bola nesse momento.<\/p>\n<p>Dos quatro primeiros colocados da S\u00e9rie A, temos o l\u00edder Flamengo com t\u00e9cnico brasileiro Filipe Luis, Palmeiras (2.\u00ba) e Cruzeiro (3.\u00ba) com os portugueses Abel e Jardim, e Botafogo (4.\u00ba) do italiano Ancelotti filho.<\/p>\n<p>E do lado l\u00fadico, n\u00e3o temos aqui um craque extraterrestre do porte de Lionel Messi. Messi atua no Inter Miami (EUA) e ainda faz as honras de seu pa\u00eds vestindo a 10 da Sele\u00e7\u00e3o Argentina.<\/p>\n<p>No Brasil, Neymar seria o que poder\u00edamos almejar de mais pr\u00f3ximo de Messi. Por enquanto, Neymar parece mais um ex-jogador em atividade.<\/p>\n<p>Ent\u00e3o, n\u00e3o vamos olhar s\u00f3 o lado ruim desse dom\u00ednio argentino em nossas plagas. Festejamos, pois, Flaco Lopez e An\u00edbal Moreno. Eles est\u00e3o entre n\u00f3s.<\/p>\n","protected":false},"excerpt":{"rendered":"<p>Luiz Ant\u00f4nio Pr\u00f3speri \u2013 4 outubro 2025 (09h59) \u2013 Argentina convoca Flaco Lopez e An\u00edbal Moreno do Palmeiras [&hellip;]<\/p>\n","protected":false},"author":102107496,"featured_media":55236,"comment_status":"open","ping_status":"open","sticky":false,"template":"","format":"standard","meta":{"_coblocks_attr":"","_coblocks_dimensions":"","_coblocks_responsive_height":"","_coblocks_accordion_ie_support":"","_jetpack_newsletter_access":"","_jetpack_dont_email_post_to_subs":false,"_jetpack_newsletter_tier_id":0,"_jetpack_memberships_contains_paywalled_content":false,"_wpcom_ai_launchpad_first_post":false,"_jetpack_feature_clip_id":0,"_jetpack_memberships_contains_paid_content":false,"footnotes":"","jetpack_publicize_message":"","jetpack_publicize_feature_enabled":true,"jetpack_social_post_already_shared":false,"jetpack_social_options":{"image_generator_settings":{"template":"highway","default_image_id":0,"font":"","enabled":false},"version":2},"jetpack_post_was_ever_published":false},"categories":[775970846,23339,53870,38115653,3919],"tags":[783239775,452286,781976367,378502683,784578684,81750,4112146,784578685],"class_list":["post-55225","post","type-post","status-publish","format-standard","has-post-thumbnail","hentry","category-brasileirao-2025","category-cronica","category-futebol","category-luiz-antonio-prosperi","category-opiniao","tag-anibalmoreno","tag-argentinos","tag-flacolopez","tag-hernancrespo","tag-jogadoresargentinosnobrasil","tag-messi","tag-neymar","tag-palermofortaleza"],"yoast_head":"<!-- This site is optimized with the Yoast SEO plugin v28.3 - https:\/\/yoast.com\/product\/yoast-seo-wordpress\/ -->\n<title>#Cr\u00f4nicaSab\u00e1tica #32 | Argentinos Tomam Conta do Brasil - PR\u00d3SPERI NEWS<\/title>\n<meta name=\"robots\" content=\"index, follow, max-snippet:-1, max-image-preview:large, max-video-preview:-1\" \/>\n<link rel=\"canonical\" href=\"https:\/\/blogdoprosperi.com\/?p=55225\" \/>\n<meta property=\"og:locale\" content=\"pt_BR\" \/>\n<meta property=\"og:type\" content=\"article\" \/>\n<meta property=\"og:title\" content=\"#Cr\u00f4nicaSab\u00e1tica #32 | Argentinos Tomam Conta do Brasil - PR\u00d3SPERI NEWS\" \/>\n<meta property=\"og:description\" content=\"Luiz Ant\u00f4nio Pr\u00f3speri \u2013 4 outubro 2025 (09h59) \u2013 Argentina convoca Flaco Lopez e An\u00edbal Moreno do Palmeiras [&hellip;]\" \/>\n<meta property=\"og:url\" content=\"https:\/\/blogdoprosperi.com\/?p=55225\" \/>\n<meta property=\"og:site_name\" content=\"PR\u00d3SPERI NEWS\" \/>\n<meta property=\"article:publisher\" content=\"Luiz Pr\u00f3speri\" \/>\n<meta property=\"article:author\" content=\"Luiz Pr\u00f3speri\" \/>\n<meta property=\"article:published_time\" content=\"2025-10-04T12:59:23+00:00\" \/>\n<meta property=\"article:modified_time\" content=\"2025-10-04T16:17:19+00:00\" \/>\n<meta property=\"og:image\" content=\"https:\/\/i0.wp.com\/blogdoprosperi.com\/wp-content\/uploads\/2025\/10\/captura-de-tela-2025-10-04-as-01.41.50.png?fit=1026%2C582&ssl=1\" \/>\n\t<meta property=\"og:image:width\" content=\"1026\" \/>\n\t<meta property=\"og:image:height\" content=\"582\" \/>\n\t<meta property=\"og:image:type\" content=\"image\/png\" \/>\n<meta name=\"author\" content=\"Luiz Ant\u00f4nio Pr\u00f3speri\" \/>\n<meta name=\"twitter:card\" content=\"summary_large_image\" \/>\n<meta name=\"twitter:creator\" content=\"@Luizprosperi\" \/>\n<meta name=\"twitter:site\" content=\"@Luizprosperi\" \/>\n<meta name=\"twitter:label1\" content=\"Escrito por\" \/>\n\t<meta name=\"twitter:data1\" content=\"Luiz Ant\u00f4nio Pr\u00f3speri\" \/>\n\t<meta name=\"twitter:label2\" content=\"Est. tempo de leitura\" \/>\n\t<meta name=\"twitter:data2\" content=\"3 minutos\" \/>\n<script type=\"application\/ld+json\" class=\"yoast-schema-graph\">{\"@context\":\"https:\\\/\\\/schema.org\",\"@graph\":[{\"@type\":\"Article\",\"@id\":\"https:\\\/\\\/blogdoprosperi.com\\\/?p=55225#article\",\"isPartOf\":{\"@id\":\"https:\\\/\\\/blogdoprosperi.com\\\/?p=55225\"},\"author\":{\"name\":\"Luiz Ant\u00f4nio Pr\u00f3speri\",\"@id\":\"https:\\\/\\\/blogdoprosperi.com\\\/#\\\/schema\\\/person\\\/38100755ce3601861ee4fab9b5aa78e9\"},\"headline\":\"#Cr\u00f4nicaSab\u00e1tica #32 | Argentinos Tomam Conta do Brasil\",\"datePublished\":\"2025-10-04T12:59:23+00:00\",\"dateModified\":\"2025-10-04T16:17:19+00:00\",\"mainEntityOfPage\":{\"@id\":\"https:\\\/\\\/blogdoprosperi.com\\\/?p=55225\"},\"wordCount\":572,\"commentCount\":0,\"publisher\":{\"@id\":\"https:\\\/\\\/blogdoprosperi.com\\\/#\\\/schema\\\/person\\\/38100755ce3601861ee4fab9b5aa78e9\"},\"image\":{\"@id\":\"https:\\\/\\\/blogdoprosperi.com\\\/?p=55225#primaryimage\"},\"thumbnailUrl\":\"https:\\\/\\\/i0.wp.com\\\/blogdoprosperi.com\\\/wp-content\\\/uploads\\\/2025\\\/10\\\/captura-de-tela-2025-10-04-as-01.41.50.png?fit=1026%2C582&ssl=1\",\"keywords\":[\"AnibalMoreno\",\"Argentinos\",\"FlacoLopez\",\"hernancrespo\",\"JogadoresArgentinosnoBrasil\",\"Messi\",\"Neymar\",\"PalermoFortaleza\"],\"articleSection\":[\"brasileir\u00e3o 2025\",\"cr\u00f4nica\",\"futebol\",\"Luiz Ant\u00f4nio Pr\u00f3speri\",\"opini\u00e3o\"],\"inLanguage\":\"pt-BR\",\"potentialAction\":[{\"@type\":\"CommentAction\",\"name\":\"Comment\",\"target\":[\"https:\\\/\\\/blogdoprosperi.com\\\/?p=55225#respond\"]}]},{\"@type\":\"WebPage\",\"@id\":\"https:\\\/\\\/blogdoprosperi.com\\\/?p=55225\",\"url\":\"https:\\\/\\\/blogdoprosperi.com\\\/?p=55225\",\"name\":\"#Cr\u00f4nicaSab\u00e1tica #32 | Argentinos Tomam Conta do Brasil - PR\u00d3SPERI NEWS\",\"isPartOf\":{\"@id\":\"https:\\\/\\\/blogdoprosperi.com\\\/#website\"},\"primaryImageOfPage\":{\"@id\":\"https:\\\/\\\/blogdoprosperi.com\\\/?p=55225#primaryimage\"},\"image\":{\"@id\":\"https:\\\/\\\/blogdoprosperi.com\\\/?p=55225#primaryimage\"},\"thumbnailUrl\":\"https:\\\/\\\/i0.wp.com\\\/blogdoprosperi.com\\\/wp-content\\\/uploads\\\/2025\\\/10\\\/captura-de-tela-2025-10-04-as-01.41.50.png?fit=1026%2C582&ssl=1\",\"datePublished\":\"2025-10-04T12:59:23+00:00\",\"dateModified\":\"2025-10-04T16:17:19+00:00\",\"breadcrumb\":{\"@id\":\"https:\\\/\\\/blogdoprosperi.com\\\/?p=55225#breadcrumb\"},\"inLanguage\":\"pt-BR\",\"potentialAction\":[{\"@type\":\"ReadAction\",\"target\":[\"https:\\\/\\\/blogdoprosperi.com\\\/?p=55225\"]}]},{\"@type\":\"ImageObject\",\"inLanguage\":\"pt-BR\",\"@id\":\"https:\\\/\\\/blogdoprosperi.com\\\/?p=55225#primaryimage\",\"url\":\"https:\\\/\\\/i0.wp.com\\\/blogdoprosperi.com\\\/wp-content\\\/uploads\\\/2025\\\/10\\\/captura-de-tela-2025-10-04-as-01.41.50.png?fit=1026%2C582&ssl=1\",\"contentUrl\":\"https:\\\/\\\/i0.wp.com\\\/blogdoprosperi.com\\\/wp-content\\\/uploads\\\/2025\\\/10\\\/captura-de-tela-2025-10-04-as-01.41.50.png?fit=1026%2C582&ssl=1\",\"width\":1026,\"height\":582,\"caption\":\"An\u00edbal e Flaco, do Palmeiras, na Sele\u00e7\u00e3o Argentina \u2013 foto: reprodu\u00e7\u00e3o X\"},{\"@type\":\"BreadcrumbList\",\"@id\":\"https:\\\/\\\/blogdoprosperi.com\\\/?p=55225#breadcrumb\",\"itemListElement\":[{\"@type\":\"ListItem\",\"position\":1,\"name\":\"In\u00edcio\",\"item\":\"https:\\\/\\\/blogdoprosperi.com\\\/\"},{\"@type\":\"ListItem\",\"position\":2,\"name\":\"#Cr\u00f4nicaSab\u00e1tica #32 | Argentinos Tomam Conta do Brasil\"}]},{\"@type\":\"WebSite\",\"@id\":\"https:\\\/\\\/blogdoprosperi.com\\\/#website\",\"url\":\"https:\\\/\\\/blogdoprosperi.com\\\/\",\"name\":\"PR\u00d3SPERI NEWS\",\"description\":\"TUDO \u00c9  FUTEBOL\",\"publisher\":{\"@id\":\"https:\\\/\\\/blogdoprosperi.com\\\/#\\\/schema\\\/person\\\/38100755ce3601861ee4fab9b5aa78e9\"},\"alternateName\":\"blogdoprosperi.com\",\"potentialAction\":[{\"@type\":\"SearchAction\",\"target\":{\"@type\":\"EntryPoint\",\"urlTemplate\":\"https:\\\/\\\/blogdoprosperi.com\\\/?s={search_term_string}\"},\"query-input\":{\"@type\":\"PropertyValueSpecification\",\"valueRequired\":true,\"valueName\":\"search_term_string\"}}],\"inLanguage\":\"pt-BR\"},{\"@type\":[\"Person\",\"Organization\"],\"@id\":\"https:\\\/\\\/blogdoprosperi.com\\\/#\\\/schema\\\/person\\\/38100755ce3601861ee4fab9b5aa78e9\",\"name\":\"Luiz Ant\u00f4nio Pr\u00f3speri\",\"pronouns\":\"ele\",\"image\":{\"@type\":\"ImageObject\",\"inLanguage\":\"pt-BR\",\"@id\":\"https:\\\/\\\/i0.wp.com\\\/blogdoprosperi.com\\\/wp-content\\\/uploads\\\/2026\\\/05\\\/cropped-8059e613-6002-42fa-961e-8e275f575d71-2-5.jpg?fit=1360%2C931&ssl=1\",\"url\":\"https:\\\/\\\/i0.wp.com\\\/blogdoprosperi.com\\\/wp-content\\\/uploads\\\/2026\\\/05\\\/cropped-8059e613-6002-42fa-961e-8e275f575d71-2-5.jpg?fit=1360%2C931&ssl=1\",\"contentUrl\":\"https:\\\/\\\/i0.wp.com\\\/blogdoprosperi.com\\\/wp-content\\\/uploads\\\/2026\\\/05\\\/cropped-8059e613-6002-42fa-961e-8e275f575d71-2-5.jpg?fit=1360%2C931&ssl=1\",\"width\":1360,\"height\":931,\"caption\":\"Luiz Ant\u00f4nio Pr\u00f3speri\"},\"logo\":{\"@id\":\"https:\\\/\\\/i0.wp.com\\\/blogdoprosperi.com\\\/wp-content\\\/uploads\\\/2026\\\/05\\\/cropped-8059e613-6002-42fa-961e-8e275f575d71-2-5.jpg?fit=1360%2C931&ssl=1\"},\"description\":\"Jornalista com carreira dedicada ao esporte. Cobriu 9 Copas do Mundo in loco, 1990 na It\u00e1lia, 1994 nos EUA, 1998 na Fran\u00e7a, 2002 na Coreia do Sul e Jap\u00e3o, 2006 na Alemanha, 2010 na \u00c1frica do Sul, 2014 no Brasil, 2018 na R\u00fassia e 2022 no Qatar. Eurocopas, 1992 na Su\u00e9cia e 1996 na Inglaterra. Copa das Confedera\u00e7\u00f5es de 2005 na Alemanha e 2009 na \u00c1frica do Sul. Rep\u00f3rter e Editor, trabalhou no Jornal da Tarde e Estad\u00e3o, de 1984 a fevereiro de 2016. Colunista, blogueiro. E comentarista de futebol na R\u00e1dio Estad\u00e3o, de 2013 a fevereiro de 2016. Jornalista respons\u00e1vel do \\\"Pr\u00f3speri News\\\" (blogdoprosperi.com).\",\"sameAs\":[\"http:\\\/\\\/blogdoprosperi.com\",\"Luiz Pr\u00f3speri\",\"@luiz_prosperi\",\"https:\\\/\\\/x.com\\\/Luizprosperi\",\"@prosperinacopa\",\"luiz.prosperi@icloud.com\"],\"url\":\"https:\\\/\\\/blogdoprosperi.com\\\/?author=102107496\"}]}<\/script>\n<!-- \/ Yoast SEO plugin. -->","yoast_head_json":{"title":"#Cr\u00f4nicaSab\u00e1tica #32 | Argentinos Tomam Conta do Brasil - PR\u00d3SPERI NEWS","robots":{"index":"index","follow":"follow","max-snippet":"max-snippet:-1","max-image-preview":"max-image-preview:large","max-video-preview":"max-video-preview:-1"},"canonical":"https:\/\/blogdoprosperi.com\/?p=55225","og_locale":"pt_BR","og_type":"article","og_title":"#Cr\u00f4nicaSab\u00e1tica #32 | Argentinos Tomam Conta do Brasil - PR\u00d3SPERI NEWS","og_description":"Luiz Ant\u00f4nio Pr\u00f3speri \u2013 4 outubro 2025 (09h59) \u2013 Argentina convoca Flaco Lopez e An\u00edbal Moreno do Palmeiras [&hellip;]","og_url":"https:\/\/blogdoprosperi.com\/?p=55225","og_site_name":"PR\u00d3SPERI NEWS","article_publisher":"Luiz Pr\u00f3speri","article_author":"Luiz Pr\u00f3speri","article_published_time":"2025-10-04T12:59:23+00:00","article_modified_time":"2025-10-04T16:17:19+00:00","og_image":[{"width":1026,"height":582,"url":"https:\/\/i0.wp.com\/blogdoprosperi.com\/wp-content\/uploads\/2025\/10\/captura-de-tela-2025-10-04-as-01.41.50.png?fit=1026%2C582&ssl=1","type":"image\/png"}],"author":"Luiz Ant\u00f4nio Pr\u00f3speri","twitter_card":"summary_large_image","twitter_creator":"@Luizprosperi","twitter_site":"@Luizprosperi","twitter_misc":{"Escrito por":"Luiz Ant\u00f4nio Pr\u00f3speri","Est. tempo de leitura":"3 minutos"},"schema":{"@context":"https:\/\/schema.org","@graph":[{"@type":"Article","@id":"https:\/\/blogdoprosperi.com\/?p=55225#article","isPartOf":{"@id":"https:\/\/blogdoprosperi.com\/?p=55225"},"author":{"name":"Luiz Ant\u00f4nio Pr\u00f3speri","@id":"https:\/\/blogdoprosperi.com\/#\/schema\/person\/38100755ce3601861ee4fab9b5aa78e9"},"headline":"#Cr\u00f4nicaSab\u00e1tica #32 | Argentinos Tomam Conta do Brasil","datePublished":"2025-10-04T12:59:23+00:00","dateModified":"2025-10-04T16:17:19+00:00","mainEntityOfPage":{"@id":"https:\/\/blogdoprosperi.com\/?p=55225"},"wordCount":572,"commentCount":0,"publisher":{"@id":"https:\/\/blogdoprosperi.com\/#\/schema\/person\/38100755ce3601861ee4fab9b5aa78e9"},"image":{"@id":"https:\/\/blogdoprosperi.com\/?p=55225#primaryimage"},"thumbnailUrl":"https:\/\/i0.wp.com\/blogdoprosperi.com\/wp-content\/uploads\/2025\/10\/captura-de-tela-2025-10-04-as-01.41.50.png?fit=1026%2C582&ssl=1","keywords":["AnibalMoreno","Argentinos","FlacoLopez","hernancrespo","JogadoresArgentinosnoBrasil","Messi","Neymar","PalermoFortaleza"],"articleSection":["brasileir\u00e3o 2025","cr\u00f4nica","futebol","Luiz Ant\u00f4nio Pr\u00f3speri","opini\u00e3o"],"inLanguage":"pt-BR","potentialAction":[{"@type":"CommentAction","name":"Comment","target":["https:\/\/blogdoprosperi.com\/?p=55225#respond"]}]},{"@type":"WebPage","@id":"https:\/\/blogdoprosperi.com\/?p=55225","url":"https:\/\/blogdoprosperi.com\/?p=55225","name":"#Cr\u00f4nicaSab\u00e1tica #32 | Argentinos Tomam Conta do Brasil - PR\u00d3SPERI NEWS","isPartOf":{"@id":"https:\/\/blogdoprosperi.com\/#website"},"primaryImageOfPage":{"@id":"https:\/\/blogdoprosperi.com\/?p=55225#primaryimage"},"image":{"@id":"https:\/\/blogdoprosperi.com\/?p=55225#primaryimage"},"thumbnailUrl":"https:\/\/i0.wp.com\/blogdoprosperi.com\/wp-content\/uploads\/2025\/10\/captura-de-tela-2025-10-04-as-01.41.50.png?fit=1026%2C582&ssl=1","datePublished":"2025-10-04T12:59:23+00:00","dateModified":"2025-10-04T16:17:19+00:00","breadcrumb":{"@id":"https:\/\/blogdoprosperi.com\/?p=55225#breadcrumb"},"inLanguage":"pt-BR","potentialAction":[{"@type":"ReadAction","target":["https:\/\/blogdoprosperi.com\/?p=55225"]}]},{"@type":"ImageObject","inLanguage":"pt-BR","@id":"https:\/\/blogdoprosperi.com\/?p=55225#primaryimage","url":"https:\/\/i0.wp.com\/blogdoprosperi.com\/wp-content\/uploads\/2025\/10\/captura-de-tela-2025-10-04-as-01.41.50.png?fit=1026%2C582&ssl=1","contentUrl":"https:\/\/i0.wp.com\/blogdoprosperi.com\/wp-content\/uploads\/2025\/10\/captura-de-tela-2025-10-04-as-01.41.50.png?fit=1026%2C582&ssl=1","width":1026,"height":582,"caption":"An\u00edbal e Flaco, do Palmeiras, na Sele\u00e7\u00e3o Argentina \u2013 foto: reprodu\u00e7\u00e3o X"},{"@type":"BreadcrumbList","@id":"https:\/\/blogdoprosperi.com\/?p=55225#breadcrumb","itemListElement":[{"@type":"ListItem","position":1,"name":"In\u00edcio","item":"https:\/\/blogdoprosperi.com\/"},{"@type":"ListItem","position":2,"name":"#Cr\u00f4nicaSab\u00e1tica #32 | Argentinos Tomam Conta do Brasil"}]},{"@type":"WebSite","@id":"https:\/\/blogdoprosperi.com\/#website","url":"https:\/\/blogdoprosperi.com\/","name":"PR\u00d3SPERI NEWS","description":"TUDO \u00c9  FUTEBOL","publisher":{"@id":"https:\/\/blogdoprosperi.com\/#\/schema\/person\/38100755ce3601861ee4fab9b5aa78e9"},"alternateName":"blogdoprosperi.com","potentialAction":[{"@type":"SearchAction","target":{"@type":"EntryPoint","urlTemplate":"https:\/\/blogdoprosperi.com\/?s={search_term_string}"},"query-input":{"@type":"PropertyValueSpecification","valueRequired":true,"valueName":"search_term_string"}}],"inLanguage":"pt-BR"},{"@type":["Person","Organization"],"@id":"https:\/\/blogdoprosperi.com\/#\/schema\/person\/38100755ce3601861ee4fab9b5aa78e9","name":"Luiz Ant\u00f4nio Pr\u00f3speri","pronouns":"ele","image":{"@type":"ImageObject","inLanguage":"pt-BR","@id":"https:\/\/i0.wp.com\/blogdoprosperi.com\/wp-content\/uploads\/2026\/05\/cropped-8059e613-6002-42fa-961e-8e275f575d71-2-5.jpg?fit=1360%2C931&ssl=1","url":"https:\/\/i0.wp.com\/blogdoprosperi.com\/wp-content\/uploads\/2026\/05\/cropped-8059e613-6002-42fa-961e-8e275f575d71-2-5.jpg?fit=1360%2C931&ssl=1","contentUrl":"https:\/\/i0.wp.com\/blogdoprosperi.com\/wp-content\/uploads\/2026\/05\/cropped-8059e613-6002-42fa-961e-8e275f575d71-2-5.jpg?fit=1360%2C931&ssl=1","width":1360,"height":931,"caption":"Luiz Ant\u00f4nio Pr\u00f3speri"},"logo":{"@id":"https:\/\/i0.wp.com\/blogdoprosperi.com\/wp-content\/uploads\/2026\/05\/cropped-8059e613-6002-42fa-961e-8e275f575d71-2-5.jpg?fit=1360%2C931&ssl=1"},"description":"Jornalista com carreira dedicada ao esporte. Cobriu 9 Copas do Mundo in loco, 1990 na It\u00e1lia, 1994 nos EUA, 1998 na Fran\u00e7a, 2002 na Coreia do Sul e Jap\u00e3o, 2006 na Alemanha, 2010 na \u00c1frica do Sul, 2014 no Brasil, 2018 na R\u00fassia e 2022 no Qatar. Eurocopas, 1992 na Su\u00e9cia e 1996 na Inglaterra. Copa das Confedera\u00e7\u00f5es de 2005 na Alemanha e 2009 na \u00c1frica do Sul. Rep\u00f3rter e Editor, trabalhou no Jornal da Tarde e Estad\u00e3o, de 1984 a fevereiro de 2016. Colunista, blogueiro. E comentarista de futebol na R\u00e1dio Estad\u00e3o, de 2013 a fevereiro de 2016. Jornalista respons\u00e1vel do \"Pr\u00f3speri News\" (blogdoprosperi.com).","sameAs":["http:\/\/blogdoprosperi.com","Luiz Pr\u00f3speri","@luiz_prosperi","https:\/\/x.com\/Luizprosperi","@prosperinacopa","luiz.prosperi@icloud.com"],"url":"https:\/\/blogdoprosperi.com\/?author=102107496"}]}},"jetpack_publicize_connections":[],"jetpack_likes_enabled":false,"jetpack_sharing_enabled":true,"jetpack_shortlink":"https:\/\/wp.me\/p7jvdk-emJ","jetpack-related-posts":[{"id":6094,"url":"https:\/\/blogdoprosperi.com\/?p=6094","url_meta":{"origin":55225,"position":0},"title":"Futebol brasileiro aos p\u00e9s de argentinos na Libertadores","author":"Luiz Ant\u00f4nio Pr\u00f3speri","date":"18 de maio de 2016","format":false,"excerpt":"Lucas Pratto e Calleri, argentinos, s\u00e3o apontados como refer\u00eancia de Atl\u00e9tico-MG e S\u00e3o Paulo na decis\u00e3o desta quarta-feira, valendo vaga na semifinal da Copa Libertadores. No banco, comandando os dois times, est\u00e3o o uruguaio Diego Aguirre e Edgardo Bauza, da Argentina. O \u00e1rbitro \u00e9 Andres Cunha, do Uruguai. \u00c9 um\u2026","rel":"","context":"Em &quot;futebol&quot;","block_context":{"text":"futebol","link":"https:\/\/blogdoprosperi.com\/?cat=53870"},"img":{"alt_text":"","src":"https:\/\/i0.wp.com\/blogdoprosperi.com\/wp-content\/uploads\/2016\/05\/20160513133634194582o.jpg?resize=350%2C200&ssl=1","width":350,"height":200,"srcset":"https:\/\/i0.wp.com\/blogdoprosperi.com\/wp-content\/uploads\/2016\/05\/20160513133634194582o.jpg?resize=350%2C200&ssl=1 1x, https:\/\/i0.wp.com\/blogdoprosperi.com\/wp-content\/uploads\/2016\/05\/20160513133634194582o.jpg?resize=525%2C300&ssl=1 1.5x, https:\/\/i0.wp.com\/blogdoprosperi.com\/wp-content\/uploads\/2016\/05\/20160513133634194582o.jpg?resize=700%2C400&ssl=1 2x"},"classes":[]},{"id":49457,"url":"https:\/\/blogdoprosperi.com\/?p=49457","url_meta":{"origin":55225,"position":1},"title":"Argentina Assume Poder no Futebol Sul-Americano","author":"Luiz Ant\u00f4nio Pr\u00f3speri","date":"2 de abril de 2025","format":false,"excerpt":"Vit\u00f3ria na Libertadores do Racing diante do Fortaleza \u00e9 a s\u00edntese de uma decad\u00eancia do futebol brasileiro e nova ascens\u00e3o da Argentina Clubes brasileiros, cheios de dinheiro e economia mais forte do pa\u00eds, conseguem se impor na Libertadores. E refor\u00e7am nossa arrog\u00e2ncia Luiz Ant\u00f4nio Pr\u00f3speri \u2013 2 abril (00h49) \u2013\u2026","rel":"","context":"Em &quot;futebol&quot;","block_context":{"text":"futebol","link":"https:\/\/blogdoprosperi.com\/?cat=53870"},"img":{"alt_text":"","src":"https:\/\/i0.wp.com\/blogdoprosperi.com\/wp-content\/uploads\/2025\/04\/screenshot_472.jpg?fit=598%2C448&ssl=1&resize=350%2C200","width":350,"height":200,"srcset":"https:\/\/i0.wp.com\/blogdoprosperi.com\/wp-content\/uploads\/2025\/04\/screenshot_472.jpg?fit=598%2C448&ssl=1&resize=350%2C200 1x, https:\/\/i0.wp.com\/blogdoprosperi.com\/wp-content\/uploads\/2025\/04\/screenshot_472.jpg?fit=598%2C448&ssl=1&resize=525%2C300 1.5x"},"classes":[]},{"id":44770,"url":"https:\/\/blogdoprosperi.com\/?p=44770","url_meta":{"origin":55225,"position":2},"title":"Libertadores 2024: Futebol Carioca Mostra For\u00e7a com Flamengo, Botafogo e Fluminense Classificados","author":"Luiz Ant\u00f4nio Pr\u00f3speri","date":"23 de agosto de 2024","format":false,"excerpt":"Luiz Ant\u00f4nio Pr\u00f3speri \u2013 23 agosto (00h42) Libertadores 2024 conhece os oito classificados \u00e0s quartas de final. Dos cinco brasileiros que avan\u00e7am, futebol carioca ter\u00e1 tr\u00eas representantes (Flamengo, Botafogo e Fluminense). Primeira vez na hist\u00f3ria da Libertadores que uma cidade, no caso Rio de Janeiro, tem tr\u00eas clubes na fase\u2026","rel":"","context":"Em &quot;futebol&quot;","block_context":{"text":"futebol","link":"https:\/\/blogdoprosperi.com\/?cat=53870"},"img":{"alt_text":"Botafogo lidera janela de transfer\u00eancia Brasileir\u00e3o","src":"https:\/\/i0.wp.com\/blogdoprosperi.com\/wp-content\/uploads\/2024\/08\/53939474383_d4131fa0d5_k.jpg?fit=1200%2C800&ssl=1&resize=350%2C200","width":350,"height":200,"srcset":"https:\/\/i0.wp.com\/blogdoprosperi.com\/wp-content\/uploads\/2024\/08\/53939474383_d4131fa0d5_k.jpg?fit=1200%2C800&ssl=1&resize=350%2C200 1x, https:\/\/i0.wp.com\/blogdoprosperi.com\/wp-content\/uploads\/2024\/08\/53939474383_d4131fa0d5_k.jpg?fit=1200%2C800&ssl=1&resize=525%2C300 1.5x, https:\/\/i0.wp.com\/blogdoprosperi.com\/wp-content\/uploads\/2024\/08\/53939474383_d4131fa0d5_k.jpg?fit=1200%2C800&ssl=1&resize=700%2C400 2x, https:\/\/i0.wp.com\/blogdoprosperi.com\/wp-content\/uploads\/2024\/08\/53939474383_d4131fa0d5_k.jpg?fit=1200%2C800&ssl=1&resize=1050%2C600 3x"},"classes":[]},{"id":46158,"url":"https:\/\/blogdoprosperi.com\/?p=46158","url_meta":{"origin":55225,"position":3},"title":"Libertadores 2024 | Botafogo e Atl\u00e9tico-MG na Final Enquanto Torcedores Rivais de Brasileiros Imitam Macacos","author":"Luiz Ant\u00f4nio Pr\u00f3speri","date":"31 de outubro de 2024","format":false,"excerpt":"Luiz Ant\u00f4nio Pr\u00f3speri \u2013 31 outubro (9h45) Botafogo e Atl\u00e9tico-MG se credenciam \u00e0 final da Libertadores 2024. Fato consumado ap\u00f3s as vit\u00f3rias em casa por 5 a 0 e 3 a 0 contra Pe\u00f1arol e River Plate e resultados protocolares nos jogos de volta. Tudo normal. Poder financeiro dos clubes\u2026","rel":"","context":"Em &quot;futebol&quot;","block_context":{"text":"futebol","link":"https:\/\/blogdoprosperi.com\/?cat=53870"},"img":{"alt_text":"Botafogo x Atl\u00e9tico-MG, hegemonia do Brasil na Libertadores","src":"https:\/\/i0.wp.com\/blogdoprosperi.com\/wp-content\/uploads\/2024\/10\/gbl9py7wiaagn01.jpeg?fit=1200%2C799&ssl=1&resize=350%2C200","width":350,"height":200,"srcset":"https:\/\/i0.wp.com\/blogdoprosperi.com\/wp-content\/uploads\/2024\/10\/gbl9py7wiaagn01.jpeg?fit=1200%2C799&ssl=1&resize=350%2C200 1x, https:\/\/i0.wp.com\/blogdoprosperi.com\/wp-content\/uploads\/2024\/10\/gbl9py7wiaagn01.jpeg?fit=1200%2C799&ssl=1&resize=525%2C300 1.5x, https:\/\/i0.wp.com\/blogdoprosperi.com\/wp-content\/uploads\/2024\/10\/gbl9py7wiaagn01.jpeg?fit=1200%2C799&ssl=1&resize=700%2C400 2x, https:\/\/i0.wp.com\/blogdoprosperi.com\/wp-content\/uploads\/2024\/10\/gbl9py7wiaagn01.jpeg?fit=1200%2C799&ssl=1&resize=1050%2C600 3x"},"classes":[]},{"id":60669,"url":"https:\/\/blogdoprosperi.com\/?p=60669","url_meta":{"origin":55225,"position":4},"title":"V\u00eddeo: Argentina na final da Copa 2026, Inglaterra se apequena","author":"Luiz Ant\u00f4nio Pr\u00f3speri","date":"16 de julho de 2026","format":false,"excerpt":"Argentina derrota Inglaterra e vai medir futebol com a Espanha na final da Copa do Mundo de 2026. Acompanhe aqui no v\u00eddeo an\u00e1lise da vit\u00f3ria dos argentinos contra a Inglaterra. https:\/\/youtu.be\/8vsI-YsiTnU?si=5N0r8IIGmjfAIxXE","rel":"","context":"Em &quot;copa 2026&quot;","block_context":{"text":"copa 2026","link":"https:\/\/blogdoprosperi.com\/?cat=36820279"},"img":{"alt_text":"","src":"https:\/\/i0.wp.com\/blogdoprosperi.com\/wp-content\/uploads\/2026\/07\/Captura-de-Tela-2026-07-16-as-00.39.08.png?fit=1100%2C702&ssl=1&resize=350%2C200","width":350,"height":200,"srcset":"https:\/\/i0.wp.com\/blogdoprosperi.com\/wp-content\/uploads\/2026\/07\/Captura-de-Tela-2026-07-16-as-00.39.08.png?fit=1100%2C702&ssl=1&resize=350%2C200 1x, https:\/\/i0.wp.com\/blogdoprosperi.com\/wp-content\/uploads\/2026\/07\/Captura-de-Tela-2026-07-16-as-00.39.08.png?fit=1100%2C702&ssl=1&resize=525%2C300 1.5x, https:\/\/i0.wp.com\/blogdoprosperi.com\/wp-content\/uploads\/2026\/07\/Captura-de-Tela-2026-07-16-as-00.39.08.png?fit=1100%2C702&ssl=1&resize=700%2C400 2x, https:\/\/i0.wp.com\/blogdoprosperi.com\/wp-content\/uploads\/2026\/07\/Captura-de-Tela-2026-07-16-as-00.39.08.png?fit=1100%2C702&ssl=1&resize=1050%2C600 3x"},"classes":[]},{"id":49179,"url":"https:\/\/blogdoprosperi.com\/?p=49179","url_meta":{"origin":55225,"position":5},"title":"Rom\u00e1rio Encara os Caras da Sele\u00e7\u00e3o e Fala em Porrada nos Argentinos","author":"Luiz Ant\u00f4nio Pr\u00f3speri","date":"24 de mar\u00e7o de 2025","format":false,"excerpt":"Rom\u00e1rio: Raphinha, voc\u00ea daria porrada nos argentinos? Raphinha: \u201cPorrada neles! Sem d\u00favida! Porrada neles! No campo e fora do campo se tiver que ser!\" Rom\u00e1rio: \"Vai fazer a porra do gol contra Argentina?\" Raphinha: \"Vou! foda-se eles!\" Acompanhe entrevista de Rom\u00e1rio com Rodrygo, Endrick e Raphinha no seu podcast \u201cDe\u2026","rel":"","context":"Em &quot;futebol&quot;","block_context":{"text":"futebol","link":"https:\/\/blogdoprosperi.com\/?cat=53870"},"img":{"alt_text":"","src":"https:\/\/i0.wp.com\/blogdoprosperi.com\/wp-content\/uploads\/2025\/02\/20140302-2208-9-2006-romario-faz-uma-pausa-na-busca-pelo-milesimo-gol-para-fumar-um-charuto-no-camarote-da-cerveja-nova-schin_mini.jpg?fit=600%2C343&ssl=1&resize=350%2C200","width":350,"height":200,"srcset":"https:\/\/i0.wp.com\/blogdoprosperi.com\/wp-content\/uploads\/2025\/02\/20140302-2208-9-2006-romario-faz-uma-pausa-na-busca-pelo-milesimo-gol-para-fumar-um-charuto-no-camarote-da-cerveja-nova-schin_mini.jpg?fit=600%2C343&ssl=1&resize=350%2C200 1x, https:\/\/i0.wp.com\/blogdoprosperi.com\/wp-content\/uploads\/2025\/02\/20140302-2208-9-2006-romario-faz-uma-pausa-na-busca-pelo-milesimo-gol-para-fumar-um-charuto-no-camarote-da-cerveja-nova-schin_mini.jpg?fit=600%2C343&ssl=1&resize=525%2C300 1.5x"},"classes":[]}],"jetpack_featured_media_url":"https:\/\/i0.wp.com\/blogdoprosperi.com\/wp-content\/uploads\/2025\/10\/captura-de-tela-2025-10-04-as-01.41.50.png?fit=1026%2C582&ssl=1","_links":{"self":[{"href":"https:\/\/blogdoprosperi.com\/index.php?rest_route=\/wp\/v2\/posts\/55225","targetHints":{"allow":["GET"]}}],"collection":[{"href":"https:\/\/blogdoprosperi.com\/index.php?rest_route=\/wp\/v2\/posts"}],"about":[{"href":"https:\/\/blogdoprosperi.com\/index.php?rest_route=\/wp\/v2\/types\/post"}],"author":[{"embeddable":true,"href":"https:\/\/blogdoprosperi.com\/index.php?rest_route=\/wp\/v2\/users\/102107496"}],"replies":[{"embeddable":true,"href":"https:\/\/blogdoprosperi.com\/index.php?rest_route=%2Fwp%2Fv2%2Fcomments&post=55225"}],"version-history":[{"count":13,"href":"https:\/\/blogdoprosperi.com\/index.php?rest_route=\/wp\/v2\/posts\/55225\/revisions"}],"predecessor-version":[{"id":55243,"href":"https:\/\/blogdoprosperi.com\/index.php?rest_route=\/wp\/v2\/posts\/55225\/revisions\/55243"}],"wp:featuredmedia":[{"embeddable":true,"href":"https:\/\/blogdoprosperi.com\/index.php?rest_route=\/wp\/v2\/media\/55236"}],"wp:attachment":[{"href":"https:\/\/blogdoprosperi.com\/index.php?rest_route=%2Fwp%2Fv2%2Fmedia&parent=55225"}],"wp:term":[{"taxonomy":"category","embeddable":true,"href":"https:\/\/blogdoprosperi.com\/index.php?rest_route=%2Fwp%2Fv2%2Fcategories&post=55225"},{"taxonomy":"post_tag","embeddable":true,"href":"https:\/\/blogdoprosperi.com\/index.php?rest_route=%2Fwp%2Fv2%2Ftags&post=55225"}],"curies":[{"name":"wp","href":"https:\/\/api.w.org\/{rel}","templated":true}]}}