{"id":55286,"date":"2025-10-06T18:21:41","date_gmt":"2025-10-06T21:21:41","guid":{"rendered":"https:\/\/blogdoprosperi.com\/?p=55286"},"modified":"2025-10-06T23:49:25","modified_gmt":"2025-10-07T02:49:25","slug":"arbitragem-suspeita-o-retrocesso-do-retrocesso","status":"publish","type":"post","link":"https:\/\/blogdoprosperi.com\/?p=55286","title":{"rendered":"ARBITRAGEM SUSPEITA | O RETROCESSO DO RETROCESSO"},"content":{"rendered":"<p><em>Luiz Ant\u00f4nio Pr\u00f3speri \u2013 6 outubro 2025 (18h05) \u2013<\/em><\/p>\n<p>Futebol brasileiro volta ao esgoto depois da rodada do Brasileir\u00e3o nesse fim de semana (04 e 05\/10). Arbitragens ruins, uma patente do campeonato nacional n\u00e3o \u00e9 de hoje, inflamam debates na m\u00eddia esportiva, botecos e at\u00e9 na granfinagem de dirigentes de clubes. O ru\u00eddo \u00e9 um s\u00f3: est\u00e3o todos sob suspeita e o maior beneficiado \u00e9 o Palmeiras. \u00c9 de corar o santo.<\/p>\n<p>Jornalistas de curr\u00edculos respeit\u00e1veis pedem<strong> investiga\u00e7\u00e3o da arbitragem <\/strong>de Ramon Abatti Abel (juiz de campo) e Ilbert Estevam da Silva (do VAR) no cl\u00e1ssico S\u00e3o Paulo 2 x 3 Palmeiras. Os colegas de imprensa mais descompromissados com a verdade falam em <strong>&#8220;assalto&#8221;, &#8220;esquema&#8221;.<\/strong> E nos botequins, a presidenta Leila Pereira comprou a CBF.<\/p>\n<p>Na seara mais gra\u00fada da cartolagem, o diretor de futebol do Flamengo, senhor Jos\u00e9 Boto, nascido em Portugal, acusa: &#8220;Deixa suspeitas&#8221;.<\/p>\n<p><em>&#8221; Falar um pouco sobre a percep\u00e7\u00e3o que eu tinha <strong>quando eu estava na Europa e que se falava muito da arbitragem brasileira<\/strong>. Eu n\u00e3o estava dentro e n\u00e3o percebia, hoje consigo perceber&#8230;&#8221;<\/em><\/p>\n<p>Sr. Boto vai al\u00e9m:<\/p>\n<p><em><span class=\"highlight highlighted\"><strong>&#8220;O que acontece em outros campos deixa suspeitas do que se passa por tr\u00e1s.<\/strong><\/span> O \u00e1rbitro, que <strong>nos prejudicou na quinta-feira passada (Flamengo 0 x 0 Cruzeiro) teve como pr\u00eamio ir apitar o jogo (S\u00e3o Paulo 2 x 3 Palmeiras) do nosso rival. E fez o que fez.<\/strong> Algu\u00e9m tem que vir falar da CBF&#8230; N\u00e3o podemos fazer mais, que \u00e9 falar com eles, mostrar os lances que nos prejudicam e ver nossos principais rivais serem ajudados da forma como s\u00e3o. <strong>O Flamengo n\u00e3o pode chegar e invadir a CBF, \u00e9 a CBF que tem que explicar&#8230;&#8221;<\/strong><\/em><\/p>\n<p>E Boto conclui:<\/p>\n<p><em>&#8220;N\u00e3o estou acusando ningu\u00e9m, <strong>mas isso n\u00e3o me cheira bem<\/strong>, n\u00e3o acho que seja s\u00f3 falta de qualidade dos \u00e1rbitros&#8230;&#8221;<\/em><\/p>\n<p>Dirigentes do S\u00e3o Paulo bateram pesado, como manda o protocolo de quem se sente prejudicado por erros rasteiros da arbitragem. Querem provid\u00eancias da CBF e a quem de direito.<\/p>\n<p>Hern\u00e1n Crespo, t\u00e9cnico argentino do S\u00e3o Paulo, de carreira consagrada no futebol europeu quando era jogador (de 1993 a 2012), disse:<\/p>\n<p>&#8220;Pessoalmente, <strong>nunca vivi algo igual de escandaloso<\/strong> como hoje. Tenho 50 anos, 32 de futebol, como jogador e treinador. Nunca vi nada t\u00e3o evidente&#8221;.<\/p>\n<p>Crespo jogou sua carreira quase inteira no futebol italiano, um pa\u00eds contumaz em esc\u00e2ndalos de arbitragem e manipula\u00e7\u00e3o de resultados.<\/p>\n<p>Palmeiras rebate com nota oficial: &#8220;Querem instalar o caos&#8221;<\/p>\n<div id=\"chunk-17d0p\">\n<div class=\"mc-column content-text active-extra-styles \">\n<p class=\" content-text__container \"><em>&#8220;A Sociedade Esportiva <strong>Palmeiras v\u00ea com preocupa\u00e7\u00e3o a press\u00e3o descomunal que alguns clubes t\u00eam exercido publicamente, e tamb\u00e9m nos bastidores do futebol brasileiro, com o intuito de instaurar o caos<\/strong>, beneficiando-se dele para coagir entidades e indiv\u00edduos em busca de vantagens futuras e criando narrativas que tentam macular o competente trabalho realizado pela nossa institui\u00e7\u00e3o.<\/em><\/p>\n<\/div>\n<\/div>\n<div id=\"chunk-1fdsd\">\n<div class=\"mc-column content-text active-extra-styles \">\n<p class=\" content-text__container \"><em><strong>\u00c9 demasiado c\u00f4modo creditar a uma decis\u00e3o do \u00e1rbitro \u2013 e somente a ela \u2013 uma virada \u00e9pica, conquistada com o gosto do suor e tr\u00eas gols anotados em um intervalo de 19 minutos.<\/strong> At\u00e9 porque tamb\u00e9m houve marca\u00e7\u00f5es da arbitragem desfavor\u00e1veis ao Palmeiras&#8230;&#8221;<\/em><\/p>\n<p>O esgoto escorre a c\u00e9u aberto no futebol brasileiro. Reta final de campeonato e da temporada \u00e9 prop\u00edcia \u00e0s teorias da conspira\u00e7\u00e3o, compra de \u00e1rbitros e corrup\u00e7\u00e3o por todos os lados.<\/p>\n<p>Curioso nesse recente epis\u00f3dio da arbitragem no cl\u00e1ssico S\u00e3o Paulo 2 x 3 Palmeiras \u00e9 que ainda ningu\u00e9m acusa as Bets (casas de apostas) de manipula\u00e7\u00e3o de resultados. Mas, pode esperar, logo logo as Bets ser\u00e3o lan\u00e7adas nessa hist\u00f3ria.<\/p>\n<p>Vivemos o retrocesso do retrocesso no futebol brasileiro ao entrar na vala de &#8220;campeonato manchado&#8221;, &#8220;suspeitas&#8221;, &#8220;isso n\u00e3o cheira bem&#8221;, &#8220;maior esc\u00e2ndalo do futebol brasileiro&#8221;.<\/p>\n<p>Detalhe: os \u00e1rbitros de campo e VAR dos jogos S\u00e3o Paulo 2 x 3 Palmeiras e Bragantino 1 x 0 Gr\u00eamio foram afastados pela CBF ainda no domingo (05\/10). Popular geladeira.<\/p>\n<p>E o senhor fort\u00e3o da foto que ilustra esse post, Samir Xaud, \u00e9 o rec\u00e9m-eleito presidente da CBF. Seria Xaud um s\u00e3o-paulino favorecendo o Palmeiras?<\/p>\n<\/div>\n<\/div>\n","protected":false},"excerpt":{"rendered":"<p>Luiz Ant\u00f4nio Pr\u00f3speri \u2013 6 outubro 2025 (18h05) \u2013 Futebol brasileiro volta ao esgoto depois da rodada do [&hellip;]<\/p>\n","protected":false},"author":102107496,"featured_media":55287,"comment_status":"open","ping_status":"open","sticky":false,"template":"","format":"standard","meta":{"_coblocks_attr":"","_coblocks_dimensions":"","_coblocks_responsive_height":"","_coblocks_accordion_ie_support":"","_jetpack_newsletter_access":"","_jetpack_dont_email_post_to_subs":false,"_jetpack_newsletter_tier_id":0,"_jetpack_memberships_contains_paywalled_content":false,"_wpcom_ai_launchpad_first_post":false,"_jetpack_feature_clip_id":0,"_jetpack_memberships_contains_paid_content":false,"footnotes":"","jetpack_publicize_message":"","jetpack_publicize_feature_enabled":true,"jetpack_social_post_already_shared":false,"jetpack_social_options":{"image_generator_settings":{"template":"highway","default_image_id":0,"font":"","enabled":false},"version":2},"jetpack_post_was_ever_published":false},"categories":[775970846,53870,38115653,3919],"tags":[72238077,780173253,449299,784631114,784631113,784631112,8328889],"class_list":["post-55286","post","type-post","status-publish","format-standard","has-post-thumbnail","hentry","category-brasileirao-2025","category-futebol","category-luiz-antonio-prosperi","category-opiniao","tag-sepalmeiras","tag-brasileirao2025","tag-flamengo","tag-joseboto","tag-ramonabattiabel","tag-saopaulo2x3palmeiras","tag-saopaulofc"],"yoast_head":"<!-- This site is optimized with the Yoast SEO plugin v28.3 - https:\/\/yoast.com\/product\/yoast-seo-wordpress\/ -->\n<title>ARBITRAGEM SUSPEITA | O RETROCESSO DO RETROCESSO - PR\u00d3SPERI NEWS<\/title>\n<meta name=\"robots\" content=\"index, follow, max-snippet:-1, max-image-preview:large, max-video-preview:-1\" \/>\n<link rel=\"canonical\" href=\"https:\/\/blogdoprosperi.com\/?p=55286\" \/>\n<meta property=\"og:locale\" content=\"pt_BR\" \/>\n<meta property=\"og:type\" content=\"article\" \/>\n<meta property=\"og:title\" content=\"ARBITRAGEM SUSPEITA | O RETROCESSO DO RETROCESSO - PR\u00d3SPERI NEWS\" \/>\n<meta property=\"og:description\" content=\"Luiz Ant\u00f4nio Pr\u00f3speri \u2013 6 outubro 2025 (18h05) \u2013 Futebol brasileiro volta ao esgoto depois da rodada do [&hellip;]\" \/>\n<meta property=\"og:url\" content=\"https:\/\/blogdoprosperi.com\/?p=55286\" \/>\n<meta property=\"og:site_name\" content=\"PR\u00d3SPERI NEWS\" \/>\n<meta property=\"article:publisher\" content=\"Luiz Pr\u00f3speri\" \/>\n<meta property=\"article:author\" content=\"Luiz Pr\u00f3speri\" \/>\n<meta property=\"article:published_time\" content=\"2025-10-06T21:21:41+00:00\" \/>\n<meta property=\"article:modified_time\" content=\"2025-10-07T02:49:25+00:00\" \/>\n<meta property=\"og:image\" content=\"https:\/\/i0.wp.com\/blogdoprosperi.com\/wp-content\/uploads\/2025\/10\/g2hs3qzwiaa982f.jpeg?fit=438%2C547&ssl=1\" \/>\n\t<meta property=\"og:image:width\" content=\"438\" \/>\n\t<meta property=\"og:image:height\" content=\"547\" \/>\n\t<meta property=\"og:image:type\" content=\"image\/jpeg\" \/>\n<meta name=\"author\" content=\"Luiz Ant\u00f4nio Pr\u00f3speri\" \/>\n<meta name=\"twitter:card\" content=\"summary_large_image\" \/>\n<meta name=\"twitter:creator\" content=\"@Luizprosperi\" \/>\n<meta name=\"twitter:site\" content=\"@Luizprosperi\" \/>\n<meta name=\"twitter:label1\" content=\"Escrito por\" \/>\n\t<meta name=\"twitter:data1\" content=\"Luiz Ant\u00f4nio Pr\u00f3speri\" \/>\n\t<meta name=\"twitter:label2\" content=\"Est. tempo de leitura\" \/>\n\t<meta name=\"twitter:data2\" content=\"3 minutos\" \/>\n<script type=\"application\/ld+json\" class=\"yoast-schema-graph\">{\"@context\":\"https:\\\/\\\/schema.org\",\"@graph\":[{\"@type\":\"Article\",\"@id\":\"https:\\\/\\\/blogdoprosperi.com\\\/?p=55286#article\",\"isPartOf\":{\"@id\":\"https:\\\/\\\/blogdoprosperi.com\\\/?p=55286\"},\"author\":{\"name\":\"Luiz Ant\u00f4nio Pr\u00f3speri\",\"@id\":\"https:\\\/\\\/blogdoprosperi.com\\\/#\\\/schema\\\/person\\\/38100755ce3601861ee4fab9b5aa78e9\"},\"headline\":\"ARBITRAGEM SUSPEITA | O RETROCESSO DO RETROCESSO\",\"datePublished\":\"2025-10-06T21:21:41+00:00\",\"dateModified\":\"2025-10-07T02:49:25+00:00\",\"mainEntityOfPage\":{\"@id\":\"https:\\\/\\\/blogdoprosperi.com\\\/?p=55286\"},\"wordCount\":693,\"commentCount\":0,\"publisher\":{\"@id\":\"https:\\\/\\\/blogdoprosperi.com\\\/#\\\/schema\\\/person\\\/38100755ce3601861ee4fab9b5aa78e9\"},\"image\":{\"@id\":\"https:\\\/\\\/blogdoprosperi.com\\\/?p=55286#primaryimage\"},\"thumbnailUrl\":\"https:\\\/\\\/i0.wp.com\\\/blogdoprosperi.com\\\/wp-content\\\/uploads\\\/2025\\\/10\\\/g2hs3qzwiaa982f.jpeg?fit=438%2C547&ssl=1\",\"keywords\":[\"#sepalmeiras\",\"brasileir\u00e3o2025\",\"Flamengo\",\"Jos\u00e9Boto\",\"RamonAbattiAbel\",\"S\u00e3oPaulo2x3Palmeiras\",\"s\u00e3opaulofc\"],\"articleSection\":[\"brasileir\u00e3o 2025\",\"futebol\",\"Luiz Ant\u00f4nio Pr\u00f3speri\",\"opini\u00e3o\"],\"inLanguage\":\"pt-BR\",\"potentialAction\":[{\"@type\":\"CommentAction\",\"name\":\"Comment\",\"target\":[\"https:\\\/\\\/blogdoprosperi.com\\\/?p=55286#respond\"]}]},{\"@type\":\"WebPage\",\"@id\":\"https:\\\/\\\/blogdoprosperi.com\\\/?p=55286\",\"url\":\"https:\\\/\\\/blogdoprosperi.com\\\/?p=55286\",\"name\":\"ARBITRAGEM SUSPEITA | O RETROCESSO DO RETROCESSO - PR\u00d3SPERI NEWS\",\"isPartOf\":{\"@id\":\"https:\\\/\\\/blogdoprosperi.com\\\/#website\"},\"primaryImageOfPage\":{\"@id\":\"https:\\\/\\\/blogdoprosperi.com\\\/?p=55286#primaryimage\"},\"image\":{\"@id\":\"https:\\\/\\\/blogdoprosperi.com\\\/?p=55286#primaryimage\"},\"thumbnailUrl\":\"https:\\\/\\\/i0.wp.com\\\/blogdoprosperi.com\\\/wp-content\\\/uploads\\\/2025\\\/10\\\/g2hs3qzwiaa982f.jpeg?fit=438%2C547&ssl=1\",\"datePublished\":\"2025-10-06T21:21:41+00:00\",\"dateModified\":\"2025-10-07T02:49:25+00:00\",\"breadcrumb\":{\"@id\":\"https:\\\/\\\/blogdoprosperi.com\\\/?p=55286#breadcrumb\"},\"inLanguage\":\"pt-BR\",\"potentialAction\":[{\"@type\":\"ReadAction\",\"target\":[\"https:\\\/\\\/blogdoprosperi.com\\\/?p=55286\"]}]},{\"@type\":\"ImageObject\",\"inLanguage\":\"pt-BR\",\"@id\":\"https:\\\/\\\/blogdoprosperi.com\\\/?p=55286#primaryimage\",\"url\":\"https:\\\/\\\/i0.wp.com\\\/blogdoprosperi.com\\\/wp-content\\\/uploads\\\/2025\\\/10\\\/g2hs3qzwiaa982f.jpeg?fit=438%2C547&ssl=1\",\"contentUrl\":\"https:\\\/\\\/i0.wp.com\\\/blogdoprosperi.com\\\/wp-content\\\/uploads\\\/2025\\\/10\\\/g2hs3qzwiaa982f.jpeg?fit=438%2C547&ssl=1\",\"width\":438,\"height\":547,\"caption\":\"Samir Xaud, presidente da CBF, com camisa do S\u00e3o Paulo \u2013 foto: reprodu\u00e7\u00e3o Instagram\"},{\"@type\":\"BreadcrumbList\",\"@id\":\"https:\\\/\\\/blogdoprosperi.com\\\/?p=55286#breadcrumb\",\"itemListElement\":[{\"@type\":\"ListItem\",\"position\":1,\"name\":\"In\u00edcio\",\"item\":\"https:\\\/\\\/blogdoprosperi.com\\\/\"},{\"@type\":\"ListItem\",\"position\":2,\"name\":\"ARBITRAGEM SUSPEITA | O RETROCESSO DO RETROCESSO\"}]},{\"@type\":\"WebSite\",\"@id\":\"https:\\\/\\\/blogdoprosperi.com\\\/#website\",\"url\":\"https:\\\/\\\/blogdoprosperi.com\\\/\",\"name\":\"PR\u00d3SPERI NEWS\",\"description\":\"TUDO \u00c9  FUTEBOL\",\"publisher\":{\"@id\":\"https:\\\/\\\/blogdoprosperi.com\\\/#\\\/schema\\\/person\\\/38100755ce3601861ee4fab9b5aa78e9\"},\"alternateName\":\"blogdoprosperi.com\",\"potentialAction\":[{\"@type\":\"SearchAction\",\"target\":{\"@type\":\"EntryPoint\",\"urlTemplate\":\"https:\\\/\\\/blogdoprosperi.com\\\/?s={search_term_string}\"},\"query-input\":{\"@type\":\"PropertyValueSpecification\",\"valueRequired\":true,\"valueName\":\"search_term_string\"}}],\"inLanguage\":\"pt-BR\"},{\"@type\":[\"Person\",\"Organization\"],\"@id\":\"https:\\\/\\\/blogdoprosperi.com\\\/#\\\/schema\\\/person\\\/38100755ce3601861ee4fab9b5aa78e9\",\"name\":\"Luiz Ant\u00f4nio Pr\u00f3speri\",\"pronouns\":\"ele\",\"image\":{\"@type\":\"ImageObject\",\"inLanguage\":\"pt-BR\",\"@id\":\"https:\\\/\\\/i0.wp.com\\\/blogdoprosperi.com\\\/wp-content\\\/uploads\\\/2026\\\/05\\\/cropped-8059e613-6002-42fa-961e-8e275f575d71-2-5.jpg?fit=1360%2C931&ssl=1\",\"url\":\"https:\\\/\\\/i0.wp.com\\\/blogdoprosperi.com\\\/wp-content\\\/uploads\\\/2026\\\/05\\\/cropped-8059e613-6002-42fa-961e-8e275f575d71-2-5.jpg?fit=1360%2C931&ssl=1\",\"contentUrl\":\"https:\\\/\\\/i0.wp.com\\\/blogdoprosperi.com\\\/wp-content\\\/uploads\\\/2026\\\/05\\\/cropped-8059e613-6002-42fa-961e-8e275f575d71-2-5.jpg?fit=1360%2C931&ssl=1\",\"width\":1360,\"height\":931,\"caption\":\"Luiz Ant\u00f4nio Pr\u00f3speri\"},\"logo\":{\"@id\":\"https:\\\/\\\/i0.wp.com\\\/blogdoprosperi.com\\\/wp-content\\\/uploads\\\/2026\\\/05\\\/cropped-8059e613-6002-42fa-961e-8e275f575d71-2-5.jpg?fit=1360%2C931&ssl=1\"},\"description\":\"Jornalista com carreira dedicada ao esporte. Cobriu 9 Copas do Mundo in loco, 1990 na It\u00e1lia, 1994 nos EUA, 1998 na Fran\u00e7a, 2002 na Coreia do Sul e Jap\u00e3o, 2006 na Alemanha, 2010 na \u00c1frica do Sul, 2014 no Brasil, 2018 na R\u00fassia e 2022 no Qatar. Eurocopas, 1992 na Su\u00e9cia e 1996 na Inglaterra. Copa das Confedera\u00e7\u00f5es de 2005 na Alemanha e 2009 na \u00c1frica do Sul. Rep\u00f3rter e Editor, trabalhou no Jornal da Tarde e Estad\u00e3o, de 1984 a fevereiro de 2016. Colunista, blogueiro. E comentarista de futebol na R\u00e1dio Estad\u00e3o, de 2013 a fevereiro de 2016. Jornalista respons\u00e1vel do \\\"Pr\u00f3speri News\\\" (blogdoprosperi.com).\",\"sameAs\":[\"http:\\\/\\\/blogdoprosperi.com\",\"Luiz Pr\u00f3speri\",\"@luiz_prosperi\",\"https:\\\/\\\/x.com\\\/Luizprosperi\",\"@prosperinacopa\",\"luiz.prosperi@icloud.com\"],\"url\":\"https:\\\/\\\/blogdoprosperi.com\\\/?author=102107496\"}]}<\/script>\n<!-- \/ Yoast SEO plugin. -->","yoast_head_json":{"title":"ARBITRAGEM SUSPEITA | O RETROCESSO DO RETROCESSO - PR\u00d3SPERI NEWS","robots":{"index":"index","follow":"follow","max-snippet":"max-snippet:-1","max-image-preview":"max-image-preview:large","max-video-preview":"max-video-preview:-1"},"canonical":"https:\/\/blogdoprosperi.com\/?p=55286","og_locale":"pt_BR","og_type":"article","og_title":"ARBITRAGEM SUSPEITA | O RETROCESSO DO RETROCESSO - PR\u00d3SPERI NEWS","og_description":"Luiz Ant\u00f4nio Pr\u00f3speri \u2013 6 outubro 2025 (18h05) \u2013 Futebol brasileiro volta ao esgoto depois da rodada do [&hellip;]","og_url":"https:\/\/blogdoprosperi.com\/?p=55286","og_site_name":"PR\u00d3SPERI NEWS","article_publisher":"Luiz Pr\u00f3speri","article_author":"Luiz Pr\u00f3speri","article_published_time":"2025-10-06T21:21:41+00:00","article_modified_time":"2025-10-07T02:49:25+00:00","og_image":[{"width":438,"height":547,"url":"https:\/\/i0.wp.com\/blogdoprosperi.com\/wp-content\/uploads\/2025\/10\/g2hs3qzwiaa982f.jpeg?fit=438%2C547&ssl=1","type":"image\/jpeg"}],"author":"Luiz Ant\u00f4nio Pr\u00f3speri","twitter_card":"summary_large_image","twitter_creator":"@Luizprosperi","twitter_site":"@Luizprosperi","twitter_misc":{"Escrito por":"Luiz Ant\u00f4nio Pr\u00f3speri","Est. tempo de leitura":"3 minutos"},"schema":{"@context":"https:\/\/schema.org","@graph":[{"@type":"Article","@id":"https:\/\/blogdoprosperi.com\/?p=55286#article","isPartOf":{"@id":"https:\/\/blogdoprosperi.com\/?p=55286"},"author":{"name":"Luiz Ant\u00f4nio Pr\u00f3speri","@id":"https:\/\/blogdoprosperi.com\/#\/schema\/person\/38100755ce3601861ee4fab9b5aa78e9"},"headline":"ARBITRAGEM SUSPEITA | O RETROCESSO DO RETROCESSO","datePublished":"2025-10-06T21:21:41+00:00","dateModified":"2025-10-07T02:49:25+00:00","mainEntityOfPage":{"@id":"https:\/\/blogdoprosperi.com\/?p=55286"},"wordCount":693,"commentCount":0,"publisher":{"@id":"https:\/\/blogdoprosperi.com\/#\/schema\/person\/38100755ce3601861ee4fab9b5aa78e9"},"image":{"@id":"https:\/\/blogdoprosperi.com\/?p=55286#primaryimage"},"thumbnailUrl":"https:\/\/i0.wp.com\/blogdoprosperi.com\/wp-content\/uploads\/2025\/10\/g2hs3qzwiaa982f.jpeg?fit=438%2C547&ssl=1","keywords":["#sepalmeiras","brasileir\u00e3o2025","Flamengo","Jos\u00e9Boto","RamonAbattiAbel","S\u00e3oPaulo2x3Palmeiras","s\u00e3opaulofc"],"articleSection":["brasileir\u00e3o 2025","futebol","Luiz Ant\u00f4nio Pr\u00f3speri","opini\u00e3o"],"inLanguage":"pt-BR","potentialAction":[{"@type":"CommentAction","name":"Comment","target":["https:\/\/blogdoprosperi.com\/?p=55286#respond"]}]},{"@type":"WebPage","@id":"https:\/\/blogdoprosperi.com\/?p=55286","url":"https:\/\/blogdoprosperi.com\/?p=55286","name":"ARBITRAGEM SUSPEITA | O RETROCESSO DO RETROCESSO - PR\u00d3SPERI NEWS","isPartOf":{"@id":"https:\/\/blogdoprosperi.com\/#website"},"primaryImageOfPage":{"@id":"https:\/\/blogdoprosperi.com\/?p=55286#primaryimage"},"image":{"@id":"https:\/\/blogdoprosperi.com\/?p=55286#primaryimage"},"thumbnailUrl":"https:\/\/i0.wp.com\/blogdoprosperi.com\/wp-content\/uploads\/2025\/10\/g2hs3qzwiaa982f.jpeg?fit=438%2C547&ssl=1","datePublished":"2025-10-06T21:21:41+00:00","dateModified":"2025-10-07T02:49:25+00:00","breadcrumb":{"@id":"https:\/\/blogdoprosperi.com\/?p=55286#breadcrumb"},"inLanguage":"pt-BR","potentialAction":[{"@type":"ReadAction","target":["https:\/\/blogdoprosperi.com\/?p=55286"]}]},{"@type":"ImageObject","inLanguage":"pt-BR","@id":"https:\/\/blogdoprosperi.com\/?p=55286#primaryimage","url":"https:\/\/i0.wp.com\/blogdoprosperi.com\/wp-content\/uploads\/2025\/10\/g2hs3qzwiaa982f.jpeg?fit=438%2C547&ssl=1","contentUrl":"https:\/\/i0.wp.com\/blogdoprosperi.com\/wp-content\/uploads\/2025\/10\/g2hs3qzwiaa982f.jpeg?fit=438%2C547&ssl=1","width":438,"height":547,"caption":"Samir Xaud, presidente da CBF, com camisa do S\u00e3o Paulo \u2013 foto: reprodu\u00e7\u00e3o Instagram"},{"@type":"BreadcrumbList","@id":"https:\/\/blogdoprosperi.com\/?p=55286#breadcrumb","itemListElement":[{"@type":"ListItem","position":1,"name":"In\u00edcio","item":"https:\/\/blogdoprosperi.com\/"},{"@type":"ListItem","position":2,"name":"ARBITRAGEM SUSPEITA | O RETROCESSO DO RETROCESSO"}]},{"@type":"WebSite","@id":"https:\/\/blogdoprosperi.com\/#website","url":"https:\/\/blogdoprosperi.com\/","name":"PR\u00d3SPERI NEWS","description":"TUDO \u00c9  FUTEBOL","publisher":{"@id":"https:\/\/blogdoprosperi.com\/#\/schema\/person\/38100755ce3601861ee4fab9b5aa78e9"},"alternateName":"blogdoprosperi.com","potentialAction":[{"@type":"SearchAction","target":{"@type":"EntryPoint","urlTemplate":"https:\/\/blogdoprosperi.com\/?s={search_term_string}"},"query-input":{"@type":"PropertyValueSpecification","valueRequired":true,"valueName":"search_term_string"}}],"inLanguage":"pt-BR"},{"@type":["Person","Organization"],"@id":"https:\/\/blogdoprosperi.com\/#\/schema\/person\/38100755ce3601861ee4fab9b5aa78e9","name":"Luiz Ant\u00f4nio Pr\u00f3speri","pronouns":"ele","image":{"@type":"ImageObject","inLanguage":"pt-BR","@id":"https:\/\/i0.wp.com\/blogdoprosperi.com\/wp-content\/uploads\/2026\/05\/cropped-8059e613-6002-42fa-961e-8e275f575d71-2-5.jpg?fit=1360%2C931&ssl=1","url":"https:\/\/i0.wp.com\/blogdoprosperi.com\/wp-content\/uploads\/2026\/05\/cropped-8059e613-6002-42fa-961e-8e275f575d71-2-5.jpg?fit=1360%2C931&ssl=1","contentUrl":"https:\/\/i0.wp.com\/blogdoprosperi.com\/wp-content\/uploads\/2026\/05\/cropped-8059e613-6002-42fa-961e-8e275f575d71-2-5.jpg?fit=1360%2C931&ssl=1","width":1360,"height":931,"caption":"Luiz Ant\u00f4nio Pr\u00f3speri"},"logo":{"@id":"https:\/\/i0.wp.com\/blogdoprosperi.com\/wp-content\/uploads\/2026\/05\/cropped-8059e613-6002-42fa-961e-8e275f575d71-2-5.jpg?fit=1360%2C931&ssl=1"},"description":"Jornalista com carreira dedicada ao esporte. Cobriu 9 Copas do Mundo in loco, 1990 na It\u00e1lia, 1994 nos EUA, 1998 na Fran\u00e7a, 2002 na Coreia do Sul e Jap\u00e3o, 2006 na Alemanha, 2010 na \u00c1frica do Sul, 2014 no Brasil, 2018 na R\u00fassia e 2022 no Qatar. Eurocopas, 1992 na Su\u00e9cia e 1996 na Inglaterra. Copa das Confedera\u00e7\u00f5es de 2005 na Alemanha e 2009 na \u00c1frica do Sul. Rep\u00f3rter e Editor, trabalhou no Jornal da Tarde e Estad\u00e3o, de 1984 a fevereiro de 2016. Colunista, blogueiro. E comentarista de futebol na R\u00e1dio Estad\u00e3o, de 2013 a fevereiro de 2016. Jornalista respons\u00e1vel do \"Pr\u00f3speri News\" (blogdoprosperi.com).","sameAs":["http:\/\/blogdoprosperi.com","Luiz Pr\u00f3speri","@luiz_prosperi","https:\/\/x.com\/Luizprosperi","@prosperinacopa","luiz.prosperi@icloud.com"],"url":"https:\/\/blogdoprosperi.com\/?author=102107496"}]}},"jetpack_publicize_connections":[],"jetpack_likes_enabled":false,"jetpack_sharing_enabled":true,"jetpack_shortlink":"https:\/\/wp.me\/p7jvdk-enI","jetpack-related-posts":[{"id":49585,"url":"https:\/\/blogdoprosperi.com\/?p=49585","url_meta":{"origin":55286,"position":0},"title":"Arbitragem e VAR, Trag\u00e9dia Anunciada no Brasileir\u00e3o 2025","author":"Luiz Ant\u00f4nio Pr\u00f3speri","date":"7 de abril de 2025","format":false,"excerpt":"\u2666 CBF n\u00e3o revela os custos para bancar novo comit\u00ea de arbitragem composto por dez ex-\u00e1rbitros \u2666 Segunda rodada do Brasileir\u00e3o \u00e9 dominada por pol\u00eamicas e erros grosseiros de arbitragem e VAR Luiz Ant\u00f4nio Pr\u00f3speri \u2013 7 abril (12h33) \u2013 Revista piau\u00ed, edi\u00e7\u00e3o de abril, escancara os podres da CBF\u2026","rel":"","context":"Em &quot;futebol&quot;","block_context":{"text":"futebol","link":"https:\/\/blogdoprosperi.com\/?cat=53870"},"img":{"alt_text":"","src":"https:\/\/i0.wp.com\/blogdoprosperi.com\/wp-content\/uploads\/2025\/04\/capture_2020-09-06-10-47-421.png?fit=720%2C470&ssl=1&resize=350%2C200","width":350,"height":200,"srcset":"https:\/\/i0.wp.com\/blogdoprosperi.com\/wp-content\/uploads\/2025\/04\/capture_2020-09-06-10-47-421.png?fit=720%2C470&ssl=1&resize=350%2C200 1x, https:\/\/i0.wp.com\/blogdoprosperi.com\/wp-content\/uploads\/2025\/04\/capture_2020-09-06-10-47-421.png?fit=720%2C470&ssl=1&resize=525%2C300 1.5x, https:\/\/i0.wp.com\/blogdoprosperi.com\/wp-content\/uploads\/2025\/04\/capture_2020-09-06-10-47-421.png?fit=720%2C470&ssl=1&resize=700%2C400 2x"},"classes":[]},{"id":49766,"url":"https:\/\/blogdoprosperi.com\/?p=49766","url_meta":{"origin":55286,"position":1},"title":"Cabe\u00e7as Cortadas | Aberta Temporada de Ca\u00e7a a Treinadores no Brasileir\u00e3o","author":"Luiz Ant\u00f4nio Pr\u00f3speri","date":"14 de abril de 2025","format":false,"excerpt":"Luiz Ant\u00f4nio Pr\u00f3speri \u2013 14 abril (11h49) \u2013 Brasileir\u00e3o 2025 fecha sua terceira rodada com sede a ceifar cabe\u00e7as. Na segunda, os \u00e1rbitros saem escorra\u00e7ados. Dois deles afastados por maus servi\u00e7os prestados. Se instalou o caos. Na terceira, a onda des\u00e1gua na praia oferecendo a demiss\u00e3o de treinadores. Vivemos a\u2026","rel":"","context":"Em &quot;futebol&quot;","block_context":{"text":"futebol","link":"https:\/\/blogdoprosperi.com\/?cat=53870"},"img":{"alt_text":"Aberta temporada jornal\u00edstica de caca aos treinadores","src":"https:\/\/i0.wp.com\/blogdoprosperi.com\/wp-content\/uploads\/2025\/04\/image.webp?fit=800%2C640&ssl=1&resize=350%2C200","width":350,"height":200,"srcset":"https:\/\/i0.wp.com\/blogdoprosperi.com\/wp-content\/uploads\/2025\/04\/image.webp?fit=800%2C640&ssl=1&resize=350%2C200 1x, https:\/\/i0.wp.com\/blogdoprosperi.com\/wp-content\/uploads\/2025\/04\/image.webp?fit=800%2C640&ssl=1&resize=525%2C300 1.5x, https:\/\/i0.wp.com\/blogdoprosperi.com\/wp-content\/uploads\/2025\/04\/image.webp?fit=800%2C640&ssl=1&resize=700%2C400 2x"},"classes":[]},{"id":44546,"url":"https:\/\/blogdoprosperi.com\/?p=44546","url_meta":{"origin":55286,"position":2},"title":"Palmeiras, Flamengo e Botafogo cobram CBF por \u00c1rbitro gordo, Arbitragem na UTI e VAR assustador","author":"Luiz Ant\u00f4nio Pr\u00f3speri","date":"8 de agosto de 2024","format":false,"excerpt":"Luiz Antonio Pr\u00f3speri \u2013 8 agosto (16h30) Palmeiras, Flamengo e Botafogo esquecem futebol e batem pesado na arbitragem da CBF ap\u00f3s rodada da Copa do Brasil. CBF n\u00e3o responde. Aguarda protesto oficial dos clubes. Nada de novo futebol brasileiro. \"Arbitragem na UTI\" (Botafogo). \"Obscena foi a arbitragem\" \u00a0(Palmeiras). \"N\u00e3o sabemos\u2026","rel":"","context":"Em &quot;informa\u00e7\u00e3o&quot;","block_context":{"text":"informa\u00e7\u00e3o","link":"https:\/\/blogdoprosperi.com\/?cat=20384"},"img":{"alt_text":"Arbitragem questionada na Copa do Brasil","src":"https:\/\/i0.wp.com\/blogdoprosperi.com\/wp-content\/uploads\/2024\/08\/53909469583_17d2461935_h.jpg?fit=1200%2C675&ssl=1&resize=350%2C200","width":350,"height":200,"srcset":"https:\/\/i0.wp.com\/blogdoprosperi.com\/wp-content\/uploads\/2024\/08\/53909469583_17d2461935_h.jpg?fit=1200%2C675&ssl=1&resize=350%2C200 1x, https:\/\/i0.wp.com\/blogdoprosperi.com\/wp-content\/uploads\/2024\/08\/53909469583_17d2461935_h.jpg?fit=1200%2C675&ssl=1&resize=525%2C300 1.5x, https:\/\/i0.wp.com\/blogdoprosperi.com\/wp-content\/uploads\/2024\/08\/53909469583_17d2461935_h.jpg?fit=1200%2C675&ssl=1&resize=700%2C400 2x, https:\/\/i0.wp.com\/blogdoprosperi.com\/wp-content\/uploads\/2024\/08\/53909469583_17d2461935_h.jpg?fit=1200%2C675&ssl=1&resize=1050%2C600 3x"},"classes":[]},{"id":56909,"url":"https:\/\/blogdoprosperi.com\/?p=56909","url_meta":{"origin":55286,"position":3},"title":"S\u00e3o Paulo, N\u00e3o \u00c9 o Juiz. \u00c9 o Palmeiras","author":"Luiz Ant\u00f4nio Pr\u00f3speri","date":"21 de mar\u00e7o de 2026","format":false,"excerpt":"Luiz Ant\u00f4nio Pr\u00f3speri - 21 mar\u00e7o 2026 - (23h16) - S\u00e3o Paulo reclama da arbitragem nos \u00faltimos cl\u00e1ssicos contra o Palmeiras. N\u00e3o sem raz\u00e3o. A encrenca, por\u00e9m, n\u00e3o \u00e9 o homem do apito. H\u00e1 uma diferen\u00e7a enorme entre os dois times de um tempo para c\u00e1. E ficar estacionado nos\u2026","rel":"","context":"Em &quot;futebol&quot;","block_context":{"text":"futebol","link":"https:\/\/blogdoprosperi.com\/?cat=53870"},"img":{"alt_text":"","src":"https:\/\/i0.wp.com\/blogdoprosperi.com\/wp-content\/uploads\/2026\/03\/78dc8d50-3320-43c1-8492-bcee3f8d407f-19536-000018c3677bbc5f_file.jpg?fit=950%2C593&ssl=1&resize=350%2C200","width":350,"height":200,"srcset":"https:\/\/i0.wp.com\/blogdoprosperi.com\/wp-content\/uploads\/2026\/03\/78dc8d50-3320-43c1-8492-bcee3f8d407f-19536-000018c3677bbc5f_file.jpg?fit=950%2C593&ssl=1&resize=350%2C200 1x, https:\/\/i0.wp.com\/blogdoprosperi.com\/wp-content\/uploads\/2026\/03\/78dc8d50-3320-43c1-8492-bcee3f8d407f-19536-000018c3677bbc5f_file.jpg?fit=950%2C593&ssl=1&resize=525%2C300 1.5x, https:\/\/i0.wp.com\/blogdoprosperi.com\/wp-content\/uploads\/2026\/03\/78dc8d50-3320-43c1-8492-bcee3f8d407f-19536-000018c3677bbc5f_file.jpg?fit=950%2C593&ssl=1&resize=700%2C400 2x"},"classes":[]},{"id":42292,"url":"https:\/\/blogdoprosperi.com\/?p=42292","url_meta":{"origin":55286,"position":4},"title":"CBF deve adiar Brasileir\u00e3o at\u00e9 Textor apresentar provas de manipula\u00e7\u00e3o","author":"Luiz Ant\u00f4nio Pr\u00f3speri","date":"2 de abril de 2024","format":false,"excerpt":"John Textor volta a denunciar manipula\u00e7\u00e3o de resultados a favor do Palmeiras no Brasileir\u00e3o 2023. Tiroteio do milion\u00e1rio americano dono do Botafogo mira cinco (5, isso mesmo) jogadores do S\u00e3o Paulo, apontados como suspeitos de facilitar a goleada (5 a 0) do Palmeiras no campeonato do ano passado. Textor n\u00e3o\u2026","rel":"","context":"Em &quot;futebol&quot;","block_context":{"text":"futebol","link":"https:\/\/blogdoprosperi.com\/?cat=53870"},"img":{"alt_text":"","src":"https:\/\/i0.wp.com\/blogdoprosperi.com\/wp-content\/uploads\/2024\/04\/20240401-221313_1729296_2871_2.jpg_554688468.webp?fit=1200%2C675&ssl=1&resize=350%2C200","width":350,"height":200,"srcset":"https:\/\/i0.wp.com\/blogdoprosperi.com\/wp-content\/uploads\/2024\/04\/20240401-221313_1729296_2871_2.jpg_554688468.webp?fit=1200%2C675&ssl=1&resize=350%2C200 1x, https:\/\/i0.wp.com\/blogdoprosperi.com\/wp-content\/uploads\/2024\/04\/20240401-221313_1729296_2871_2.jpg_554688468.webp?fit=1200%2C675&ssl=1&resize=525%2C300 1.5x, https:\/\/i0.wp.com\/blogdoprosperi.com\/wp-content\/uploads\/2024\/04\/20240401-221313_1729296_2871_2.jpg_554688468.webp?fit=1200%2C675&ssl=1&resize=700%2C400 2x, https:\/\/i0.wp.com\/blogdoprosperi.com\/wp-content\/uploads\/2024\/04\/20240401-221313_1729296_2871_2.jpg_554688468.webp?fit=1200%2C675&ssl=1&resize=1050%2C600 3x"},"classes":[]},{"id":61468,"url":"https:\/\/blogdoprosperi.com\/?p=61468","url_meta":{"origin":55286,"position":5},"title":"Brasileir\u00e3o 2026 | Palmeiras dispara na lideran\u00e7a e a torcida grita &#8220;ladr\u00e3o&#8221;","author":"Luiz Ant\u00f4nio Pr\u00f3speri","date":"30 de julho de 2026","format":false,"excerpt":"Luiz Ant\u00f4nio Pr\u00f3speri \u2013 30 julho 2026 (11h13)\u00a0 \"Ladr\u00e3o, ladr\u00e3o, ladr\u00e3o\". \"Expulsa, expulsa, expulsa\". \"\u00c9 campe\u00e3o! \u00c9 campe\u00e3o!\". \u00a0Essas foram as manifesta\u00e7\u00f5es da torcida do Vit\u00f3ria ap\u00f3s as expuls\u00f5es de Cac\u00e1 e Luan C\u00e2ndido no primeiro tempo do jogo Vit\u00f3ria 0 x 4 Palmeiras, quarta-feira (29\/7), no est\u00e1dio Barrad\u00e3o, Salvador.\u2026","rel":"","context":"Em &quot;brasileir\u00e3o 2026&quot;","block_context":{"text":"brasileir\u00e3o 2026","link":"https:\/\/blogdoprosperi.com\/?cat=786956679"},"img":{"alt_text":"","src":"https:\/\/i0.wp.com\/blogdoprosperi.com\/wp-content\/uploads\/2026\/07\/Captura-de-Tela-2026-07-30-as-11.29.08.png?fit=1200%2C641&ssl=1&resize=350%2C200","width":350,"height":200,"srcset":"https:\/\/i0.wp.com\/blogdoprosperi.com\/wp-content\/uploads\/2026\/07\/Captura-de-Tela-2026-07-30-as-11.29.08.png?fit=1200%2C641&ssl=1&resize=350%2C200 1x, https:\/\/i0.wp.com\/blogdoprosperi.com\/wp-content\/uploads\/2026\/07\/Captura-de-Tela-2026-07-30-as-11.29.08.png?fit=1200%2C641&ssl=1&resize=525%2C300 1.5x, https:\/\/i0.wp.com\/blogdoprosperi.com\/wp-content\/uploads\/2026\/07\/Captura-de-Tela-2026-07-30-as-11.29.08.png?fit=1200%2C641&ssl=1&resize=700%2C400 2x, https:\/\/i0.wp.com\/blogdoprosperi.com\/wp-content\/uploads\/2026\/07\/Captura-de-Tela-2026-07-30-as-11.29.08.png?fit=1200%2C641&ssl=1&resize=1050%2C600 3x"},"classes":[]}],"jetpack_featured_media_url":"https:\/\/i0.wp.com\/blogdoprosperi.com\/wp-content\/uploads\/2025\/10\/g2hs3qzwiaa982f.jpeg?fit=438%2C547&ssl=1","_links":{"self":[{"href":"https:\/\/blogdoprosperi.com\/index.php?rest_route=\/wp\/v2\/posts\/55286","targetHints":{"allow":["GET"]}}],"collection":[{"href":"https:\/\/blogdoprosperi.com\/index.php?rest_route=\/wp\/v2\/posts"}],"about":[{"href":"https:\/\/blogdoprosperi.com\/index.php?rest_route=\/wp\/v2\/types\/post"}],"author":[{"embeddable":true,"href":"https:\/\/blogdoprosperi.com\/index.php?rest_route=\/wp\/v2\/users\/102107496"}],"replies":[{"embeddable":true,"href":"https:\/\/blogdoprosperi.com\/index.php?rest_route=%2Fwp%2Fv2%2Fcomments&post=55286"}],"version-history":[{"count":15,"href":"https:\/\/blogdoprosperi.com\/index.php?rest_route=\/wp\/v2\/posts\/55286\/revisions"}],"predecessor-version":[{"id":55307,"href":"https:\/\/blogdoprosperi.com\/index.php?rest_route=\/wp\/v2\/posts\/55286\/revisions\/55307"}],"wp:featuredmedia":[{"embeddable":true,"href":"https:\/\/blogdoprosperi.com\/index.php?rest_route=\/wp\/v2\/media\/55287"}],"wp:attachment":[{"href":"https:\/\/blogdoprosperi.com\/index.php?rest_route=%2Fwp%2Fv2%2Fmedia&parent=55286"}],"wp:term":[{"taxonomy":"category","embeddable":true,"href":"https:\/\/blogdoprosperi.com\/index.php?rest_route=%2Fwp%2Fv2%2Fcategories&post=55286"},{"taxonomy":"post_tag","embeddable":true,"href":"https:\/\/blogdoprosperi.com\/index.php?rest_route=%2Fwp%2Fv2%2Ftags&post=55286"}],"curies":[{"name":"wp","href":"https:\/\/api.w.org\/{rel}","templated":true}]}}