{"id":55374,"date":"2025-10-16T16:33:39","date_gmt":"2025-10-16T19:33:39","guid":{"rendered":"https:\/\/blogdoprosperi.com\/?p=55374"},"modified":"2025-10-16T16:33:39","modified_gmt":"2025-10-16T19:33:39","slug":"ancelotti-quer-aprender-hino-do-brasil-gostaria-de-cantar-com-os-jogadores","status":"publish","type":"post","link":"https:\/\/blogdoprosperi.com\/?p=55374","title":{"rendered":"Ancelotti quer Aprender Hino do Brasil: \u201cGostaria de Cantar com os Jogadores\u201d"},"content":{"rendered":"<p><strong>&#8220;Preparar a Sele\u00e7\u00e3o Brasileira \u00e9 uma grande oportunidade&#8221;<\/strong><\/p>\n<p><strong>\u201cA paix\u00e3o que existe no pa\u00eds era algo que eu j\u00e1 conhecia, mas \u00e9 uma paix\u00e3o verdadeira, sobretudo pela equipe nacional\u201d<\/strong><\/p>\n<hr \/>\n<p><em>Em <strong>entrevista exclusiva \u00e0 FIFA,<\/strong> treinador italiano fala sobre adapta\u00e7\u00e3o ao Brasil, primeiras mem\u00f3rias da Copa do Mundo e expectativa para edi\u00e7\u00e3o de 2026 nos Estados Unidos, Canad\u00e1 e M\u00e9xico.<\/em><\/p>\n<div class=\"article-section_richText__ohRhO rich-text_articleRichText__WNkrD ff-mb-md-1024-24\">\n<p class=\"rich-text_p__UfX5b text-regular\">A execu\u00e7\u00e3o do hino nacional brasileiro j\u00e1 se tornou um momento tradicional nas Copas do Mundo. A can\u00e7\u00e3o toca at\u00e9 certo momento e, quando termina a vers\u00e3o pr\u00e9-jogo, os torcedores e jogadores continuam cantando o restante do hino \u201c\u00e0 capella\u201d.<\/p>\n<p class=\"rich-text_p__UfX5b text-regular\">A cena \u00e9 arrepiante para qualquer brasileiro, mas tamb\u00e9m tomou de emo\u00e7\u00e3o o t\u00e9cnico Carlo Ancelotti em seus primeiros jogos \u00e0 frente da Sele\u00e7\u00e3o. O italiano, que se prepara para ser o primeiro estrangeiro a comandar o Brasil em uma Copa do Mundo masculina, quer fazer parte deste momento em 2026.<\/p>\n<p class=\"rich-text_p__UfX5b text-regular\">\u201cPara qualquer jogador ou t\u00e9cnico que veste a camisa da Sele\u00e7\u00e3o, ouvir o hino \u00e9 algo muito especial\u201d, afirmou Ancelotti \u00e0 <strong>FIFA<\/strong>. \u201cO que quero aprender \u00e9\u2026 Tenho um ano pela frente para conseguir cant\u00e1-lo juntamente aos jogadores. Eu gostaria muito\u201d.<\/p>\n<p class=\"rich-text_p__UfX5b text-regular\">O hino \u00e9 apenas parte de um trabalho de adapta\u00e7\u00e3o que <em>Carletto<\/em> tem tido desde que assumiu o comando da Sele\u00e7\u00e3o Brasileira no \u00faltimo m\u00eas de maio.<\/p>\n<p class=\"rich-text_p__UfX5b text-regular\">Essa n\u00e3o \u00e9 s\u00f3 a primeira experi\u00eancia dele como treinador de sele\u00e7\u00e3o, mas tamb\u00e9m \u00e9 seu primeiro trabalho na Am\u00e9rica do Sul e, especialmente, no Brasil, um pa\u00eds com dimens\u00f5es continentais e com uma das mais fortes culturas futebol\u00edsticas do mundo.<\/p>\n<p class=\"rich-text_p__UfX5b text-regular\">\u201cA paix\u00e3o que existe no pa\u00eds era algo que eu j\u00e1 conhecia, mas \u00e9 uma paix\u00e3o verdadeira, sobretudo pela equipe nacional\u201d, contou.<\/p>\n<p>\u201cA camisa da Sele\u00e7\u00e3o \u00e9 muito, muito amada pelas pessoas. Quando o Brasil joga, o pa\u00eds para. Todos est\u00e3o concentrados na partida que o Brasil tem que disputar.\u201d<\/p>\n<figure id=\"attachment_55384\" aria-describedby=\"caption-attachment-55384\" style=\"width: 720px\" class=\"wp-caption alignnone\"><img data-recalc-dims=\"1\" loading=\"lazy\" decoding=\"async\" data-attachment-id=\"55384\" data-permalink=\"https:\/\/blogdoprosperi.com\/?attachment_id=55384\" data-orig-file=\"https:\/\/i0.wp.com\/blogdoprosperi.com\/wp-content\/uploads\/2025\/10\/54854392180_5c462b8e32_c.jpg?fit=799%2C561&amp;ssl=1\" data-orig-size=\"799,561\" data-comments-opened=\"1\" data-image-meta=\"{&quot;aperture&quot;:&quot;0&quot;,&quot;credit&quot;:&quot;RAFAEL RIBEIRO\/CBF&quot;,&quot;camera&quot;:&quot;&quot;,&quot;caption&quot;:&quot;&quot;,&quot;created_timestamp&quot;:&quot;0&quot;,&quot;copyright&quot;:&quot;RAFAEL RIBEIRO\/CBF&quot;,&quot;focal_length&quot;:&quot;0&quot;,&quot;iso&quot;:&quot;0&quot;,&quot;shutter_speed&quot;:&quot;0&quot;,&quot;title&quot;:&quot;&quot;,&quot;orientation&quot;:&quot;0&quot;}\" data-image-title=\"Ancelotti quer cantar Hino do Brasil\" data-image-description=\"\" data-image-caption=\"&lt;p&gt;Jogadores da Sele\u00e7\u00e3o no Hino do Brasil em T\u00f3quio \u2013 foto: CBF oficial&lt;\/p&gt;\n\" data-large-file=\"https:\/\/i0.wp.com\/blogdoprosperi.com\/wp-content\/uploads\/2025\/10\/54854392180_5c462b8e32_c.jpg?fit=799%2C561&amp;ssl=1\" class=\"size-large wp-image-55384\" src=\"https:\/\/i0.wp.com\/blogdoprosperi.com\/wp-content\/uploads\/2025\/10\/54854392180_5c462b8e32_c.jpg?resize=720%2C506&#038;ssl=1\" alt=\"Jogadores da Sele\u00e7\u00e3o no Hino do Brasil em T\u00f3quio\" width=\"720\" height=\"506\" \/><figcaption id=\"caption-attachment-55384\" class=\"wp-caption-text\"><em>Jogadores da Sele\u00e7\u00e3o no Hino do Brasil em T\u00f3quio \u2013 foto: CBF oficial<\/em><\/figcaption><\/figure>\n<div class=\"ff-mb-32 article-section_images__7k4ik\">\n<div class=\"row\">\n<div class=\"col-12 d-flex justify-content-center\"><\/div>\n<\/div>\n<\/div>\n<p class=\"rich-text_p__UfX5b text-regular\"><em><strong>Confira agora a entrevista completa com Carlo Ancelotti:<\/strong><\/em><\/p>\n<p class=\"rich-text_p__UfX5b text-regular\"><strong>FIFA: Como tem sido a vida desde que voc\u00ea se mudou para o Rio de Janeiro para treinar o Brasil? Do que voc\u00ea mais tem gostado?<\/strong><\/p>\n<p class=\"rich-text_p__UfX5b text-regular\">Muitas coisas, porque \u00e9 um trabalho diferente de um clube. Al\u00e9m disso, h\u00e1 a beleza de uma cidade como o Rio e a paix\u00e3o das pessoas pelo futebol aqui. A verdade \u00e9 que tenho passado muito bem os \u00faltimos dias e estou muito bem, gra\u00e7as \u00e0 CBF e aos jogadores. Tudo tem ido bem at\u00e9 agora. J\u00e1 estamos classificados, ent\u00e3o temos o tempo necess\u00e1rio para nos prepararmos bem para a Copa do Mundo da FIFA. Estou gostando muito deste per\u00edodo. Viver no Rio \u00e9, como se diz em portugu\u00eas: \u201cmuito bonito\u201d.<\/p>\n<p class=\"rich-text_p__UfX5b text-regular\"><strong>Por que tomou a decis\u00e3o agora de trabalhar como t\u00e9cnico de sele\u00e7\u00e3o?<\/strong><\/p>\n<p class=\"rich-text_p__UfX5b text-regular\">Porque achei que poder dirigir a Sele\u00e7\u00e3o Brasileira \u2014 a equipe mais importante da hist\u00f3ria e a que ganhou mais Copas \u2014 seria uma grande oportunidade. Preparar a equipe do Brasil era uma bela ideia. A oportunidade surgiu e eu a abracei. Claro que tamb\u00e9m tenho que agradecer ao Real Madrid, que me deu a chance de aproveitar essa nova experi\u00eancia.<\/p>\n<div class=\"ff-mb-32 article-section_images__7k4ik\">\n<div class=\"row\">\n<div class=\"col-12 d-flex justify-content-center\"><img decoding=\"async\" src=\"https:\/\/digitalhub.fifa.com\/transform\/c392d710-8329-4ffa-be23-81f85eaeb7c8\/GettyImages-2217181675?&amp;io=transform:fill,width:768&amp;quality=75\" \/><\/div>\n<\/div>\n<\/div>\n<p class=\"rich-text_p__UfX5b text-regular\"><strong>Lembrando da Copa de 1994, na qual o senhor era o assistente da It\u00e1lia, o que aprendeu com a experi\u00eancia para levar para o futuro?<\/strong><\/p>\n<p class=\"rich-text_p__UfX5b text-regular\">Foi incr\u00edvel fazer parte da equipe italiana naquela Copa do Mundo. Chegamos \u00e0 final, mas perdemos nos p\u00eanaltis. Foi uma grande experi\u00eancia, especialmente para mim, sendo a minha primeira como auxiliar t\u00e9cnico. Foi fant\u00e1stico, aprendi muito com [Arrigo] Sacchi \u2014 a emo\u00e7\u00e3o de se preparar para uma Copa do Mundo e o sacrif\u00edcio para chegar a uma final.<\/p>\n<div class=\"ff-mb-32 article-section_images__7k4ik\">\n<div class=\"row\">\n<div class=\"col-12 d-flex justify-content-center\"><img decoding=\"async\" src=\"https:\/\/digitalhub.fifa.com\/transform\/5a9dc728-c88b-4ddb-a5a4-a34e6a2a4a97\/Carlo-Ancelotti-assistant-Italy-USA-1994?&amp;io=transform:fill,width:768&amp;quality=75\" \/><\/div>\n<\/div>\n<\/div>\n<p class=\"rich-text_p__UfX5b text-regular\"><strong>Qual foi o primeiro jogador brasileiro que se lembra de ter visto e admirado?<\/strong><\/p>\n<p class=\"rich-text_p__UfX5b text-regular\">Minha primeira mem\u00f3ria profissional do Brasil \u00e9 de 1970, quando jogaram a final contra a It\u00e1lia. Eu tinha 11 anos e me lembro daquela partida que a Sele\u00e7\u00e3o venceu de 4 a 1 com Pel\u00e9, Jairzinho, Tost\u00e3o e Rivellino. O Brasil tem uma grande hist\u00f3ria e, neste sentido, esses jogadores fant\u00e1sticos, vamos dizer, fizeram a hist\u00f3ria do futebol mundial.<\/p>\n<div class=\"ff-mb-32\">\n<div class=\"row d-flex justify-content-center\">\n<div class=\"article-video_wrapper__MoPOM col-12 col-md-6 col-lg-10\">\n<div class=\"\">\n<div>\n<div id=\"vjs_video_1426\" class=\"theoplayer-container theoplayer-skin video-js vjs-16-9 THEOplayer new-language-selector casting-enabled vjs-paused theo-chromecast-unavailable theo-airplay-available vjs-controls-enabled vjs-workinghover vjs-v5 vjs_video_1426-dimensions vjs-user-inactive\" role=\"region\" aria-label=\"video player\">\n<div class=\"theo-player-wrapper\">\n<div class=\"video-info-overlay_infoOverlayContainer__cZmEw fade-out-on-inactive\">\n<div class=\"video-info-overlay_infoOverlayTopArea__Tvbyy\"><\/div>\n<\/div>\n<div class=\"theo-related\">\n<div class=\"theo-overlay-panel\">\n<div class=\"theo-related-grid theo-12-item-grid theo-size-m\"><strong>E o primeiro brasileiro com quem voc\u00ea jogou na sua equipe foi o Falc\u00e3o?<\/strong><\/div>\n<\/div>\n<\/div>\n<\/div>\n<\/div>\n<\/div>\n<\/div>\n<\/div>\n<\/div>\n<\/div>\n<p class=\"rich-text_p__UfX5b text-regular\">Sim. Falc\u00e3o e Cerezo foram ao Roma. Falc\u00e3o chegou em 81, Cerezo chegou em 83, dois profissionais fant\u00e1sticos, dois amigos. Nos divertimos muito juntos, porque a personalidade dos jogadores brasileiros era um pouco diferente. Eles eram mais alegres, simp\u00e1ticos. Ent\u00e3o, voc\u00ea pode se divertir muito com eles.<\/p>\n<div class=\"ff-mb-32 article-section_images__7k4ik\">\n<div class=\"row\">\n<div class=\"col-12 d-flex justify-content-center\"><img decoding=\"async\" src=\"https:\/\/digitalhub.fifa.com\/transform\/f731ddd6-5923-426f-a589-464e453cfb92\/Roma-midfielder-Falcao-takes-a-photo-in-1984?&amp;io=transform:fill,width:768&amp;quality=75\" \/><\/div>\n<\/div>\n<\/div>\n<p class=\"rich-text_p__UfX5b text-regular\"><strong>Voc\u00ea jogou com muitos brasileiros, al\u00e9m de treinar muitos outros, mas agora que passou mais tempo no Brasil e foi aos est\u00e1dios, o que mais chamou a sua aten\u00e7\u00e3o em rela\u00e7\u00e3o aos jogadores brasileiros? O que mais descobriu sobre o futebol brasileiro estando no Brasil?<\/strong><\/p>\n<p class=\"rich-text_p__UfX5b text-regular\">A paix\u00e3o que existe no pa\u00eds era algo que j\u00e1 conhecia, mas \u00e9 uma paix\u00e3o verdadeira, sobretudo pela equipe nacional. A camisa da Sele\u00e7\u00e3o \u00e9 muito, muito amada pelas pessoas.<\/p>\n<p class=\"rich-text_p__UfX5b text-regular\">Quando o Brasil joga, o pa\u00eds para. Todos est\u00e3o concentrados na partida que o Brasil tem que disputar. O jogador brasileiro \u2014 n\u00e3o \u00e9 surpresa nenhuma \u2014 \u00e9 muito talentoso. \u00c9 um jogador com uma gen\u00e9tica que o faz ser muito talentoso, em geral.<\/p>\n<div class=\"ff-mb-32 article-section_images__7k4ik\">\n<div class=\"row\">\n<div class=\"col-12 d-flex justify-content-center\"><img decoding=\"async\" src=\"https:\/\/digitalhub.fifa.com\/transform\/99ad652a-0b92-4ba7-9ca8-feb3c26cf1a9\/Brazil-players-celebrate-with-fans-after-victory-over-Korea-Republic-at-Stadium-974-in-Doha-in-the-last-16-of-the-FIFA-World-Cup-Qatar-2022?&amp;io=transform:fill,width:768&amp;quality=75\" \/><\/div>\n<\/div>\n<\/div>\n<p class=\"rich-text_p__UfX5b text-regular\"><strong>No \u00faltimo m\u00eas de junho, voc\u00ea teve a chance de entrar no Maracan\u00e3 pela primeira vez como t\u00e9cnico da Sele\u00e7\u00e3o Brasileira. O que sentiu nesse momento, ao pisar nesse campo sagrado?<\/strong><\/p>\n<p class=\"rich-text_p__UfX5b text-regular\">Senti uma forte emo\u00e7\u00e3o, porque o Maracan\u00e3 \u00e9 um est\u00e1dio que faz parte da hist\u00f3ria do futebol. Eu j\u00e1 joguei e treinei em muitos est\u00e1dios, mas faltava o Maracan\u00e3. A verdade \u00e9 que \u00e9 um est\u00e1dio \u00fanico, principalmente pela hist\u00f3ria. Jogar com a Sele\u00e7\u00e3o\u2026 o fato de o Brasil jogar no Maracan\u00e3 \u00e9 algo muito especial.<\/p>\n<p class=\"rich-text_p__UfX5b text-regular\"><strong>Como se sentiu quando classificou o Brasil para a Copa do Mundo?<\/strong><\/p>\n<p class=\"rich-text_p__UfX5b text-regular\">Fiquei muito feliz, mas acho que o trabalho dos treinadores anteriores foi positivo. Com dificuldade, claro, n\u00e3o foi f\u00e1cil, mas chegamos ao final, pois era suficiente vencer o Paraguai, o que conseguimos fazer e estamos todos muito satisfeitos.<\/p>\n<p class=\"rich-text_p__UfX5b text-regular\"><strong>Essa Copa tem uma particularidade, porque contar\u00e1 com 48 equipes. O que o senhor acha dessa oportunidade para as outras equipes participantes?<\/strong><\/p>\n<p class=\"rich-text_p__UfX5b text-regular\">Acho que \u00e9 algo \u00f3timo, porque quanto mais pa\u00edses na Copa, melhor \u00e9 para o futebol. N\u00e3o acredito que isso mude muito o calend\u00e1rio, porque n\u00e3o haver\u00e1 muitas partidas adicionais, ent\u00e3o acho que \u00e9 uma boa ideia. Dar maior abertura na Copa para tornar o futebol ainda mais global.<\/p>\n<p class=\"rich-text_p__UfX5b text-regular\"><strong>Uma das sedes da Copa ser\u00e1 o Canad\u00e1, que tem um lugar especial no seu cora\u00e7\u00e3o\u2026\u00a0<\/strong><\/p>\n<p class=\"rich-text_p__UfX5b text-regular\">Casei com uma canadense. Minha esposa \u00e9 de Vancouver. Os pais dela s\u00e3o espanh\u00f3is, mas ela nasceu em Montreal. Agora moramos em Vancouver, \u00e9 uma linda cidade. Obviamente apaixonada pelo h\u00f3quei, mas, Vancouver \u00e9 uma das cidades-sede da Copa, que vai receber sete partidas. O Canad\u00e1 vai jogar l\u00e1 e as pessoas est\u00e3o aguardando esses jogos. H\u00e1 tamb\u00e9m uma chance de o Brasil jogar na cidade. Pessoalmente, gostaria de disputar uma partida l\u00e1. E o Canad\u00e1 tem uma boa equipe, a sele\u00e7\u00e3o canadense tem um \u00f3timo t\u00e9cnico. Eles est\u00e3o indo muito bem e o pa\u00eds, \u00e9 claro, est\u00e1 muito empolgado para sediar a Copa do Mundo.<\/p>\n<p class=\"rich-text_p__UfX5b text-regular\"><strong>O M\u00e9xico vai sediar a Copa do Mundo tr\u00eas pela terceira vez. Voc\u00ea esteve no pa\u00eds recentemente. O que pensa sobre o M\u00e9xico e de sua rela\u00e7\u00e3o com o futebol?<\/strong><\/p>\n<p class=\"rich-text_p__UfX5b text-regular\">Em 1986, eu estive no M\u00e9xico com a sele\u00e7\u00e3o italiana no jogo de abertura da Copa contra a Bulg\u00e1ria no Azteca. Acho que os mexicanos s\u00e3o parecidos com os brasileiros. Eles s\u00e3o apaixonados pelo futebol e, em especial, pelas suas sele\u00e7\u00f5es. Meu querido amigo [Javier] Aguirre \u00e9 t\u00e9cnico da equipe mexicana e, evidentemente, eu lhe desejo o melhor. O M\u00e9xico \u00e9 um lugar onde o futebol \u00e9 extremamente importante.<\/p>\n<p class=\"rich-text_p__UfX5b text-regular\"><strong>Com a quantidade de brasileiros que vivem nos Estados Unidos, al\u00e9m dos que planejam viajar, o que voc\u00ea espera dos torcedores brasileiros durante a Copa do Mundo?<\/strong><\/p>\n<p class=\"rich-text_p__UfX5b text-regular\">Aquilo que sempre se espera! Eles v\u00e3o mostrar muito carinho. Acho que uma grande motiva\u00e7\u00e3o \u00e9 nossa responsabilidade, da Sele\u00e7\u00e3o, de dar aos brasileiros o que desejam: vencer a Copa do Mundo ap\u00f3s 24 anos.<\/p>\n<p class=\"rich-text_p__UfX5b text-regular\"><strong>O hino brasileiro tem uma particularidade. \u00c9 um hino um pouco mais longo do que o trecho geralmente reproduzido, o que incentiva os torcedores a continuarem a cant\u00e1-lo a capella.<\/strong><\/p>\n<p class=\"rich-text_p__UfX5b text-regular\">Sim!<\/p>\n<p class=\"rich-text_p__UfX5b text-regular\"><strong>O que voc\u00ea sente quando isso acontece?<\/strong><\/p>\n<p class=\"rich-text_p__UfX5b text-regular\">Bom, cada hino \u00e9 especial. Para qualquer jogador ou t\u00e9cnico que veste a camisa da Sele\u00e7\u00e3o, ouvir o hino \u00e9 algo muito especial. O que quero aprender \u00e9\u2026 Tenho um ano pela frente para conseguir cant\u00e1-lo juntamente aos jogadores. Eu gostaria muito.<\/p>\n<div class=\"ff-mb-32 article-section_images__7k4ik\">\n<div class=\"row\">\n<div class=\"col-12 d-flex justify-content-center\"><\/div>\n<\/div>\n<\/div>\n<\/div>\n","protected":false},"excerpt":{"rendered":"<p>&#8220;Preparar a Sele\u00e7\u00e3o Brasileira \u00e9 uma grande oportunidade&#8221; \u201cA paix\u00e3o que existe no pa\u00eds era algo que eu [&hellip;]<\/p>\n","protected":false},"author":102107496,"featured_media":55386,"comment_status":"open","ping_status":"open","sticky":false,"template":"","format":"standard","meta":{"_coblocks_attr":"","_coblocks_dimensions":"","_coblocks_responsive_height":"","_coblocks_accordion_ie_support":"","_jetpack_newsletter_access":"","_jetpack_dont_email_post_to_subs":false,"_jetpack_newsletter_tier_id":0,"_jetpack_memberships_contains_paywalled_content":false,"_wpcom_ai_launchpad_first_post":false,"_jetpack_feature_clip_id":0,"_jetpack_memberships_contains_paid_content":false,"footnotes":"","jetpack_publicize_message":"","jetpack_publicize_feature_enabled":true,"jetpack_social_post_already_shared":false,"jetpack_social_options":{"image_generator_settings":{"template":"highway","default_image_id":0,"font":"","enabled":false},"version":2},"jetpack_post_was_ever_published":false},"categories":[115102077,187969,53870,174694],"tags":[784852481,56500388,784800753,789560563,463334896],"class_list":["post-55374","post","type-post","status-publish","format-standard","has-post-thumbnail","hentry","category-copa-do-mundo-2026","category-fifa","category-futebol","category-selecao-brasileira","tag-ancelottififa","tag-carloancelotti","tag-copadomundo-2026","tag-fifa","tag-hinodobrasil"],"yoast_head":"<!-- This site is optimized with the Yoast SEO plugin v28.4 - https:\/\/yoast.com\/product\/yoast-seo-wordpress\/ -->\n<title>Ancelotti quer Aprender Hino do Brasil: \u201cGostaria de Cantar com os Jogadores\u201d - PR\u00d3SPERI NEWS<\/title>\n<meta name=\"robots\" content=\"index, follow, max-snippet:-1, max-image-preview:large, max-video-preview:-1\" \/>\n<link rel=\"canonical\" href=\"https:\/\/blogdoprosperi.com\/?p=55374\" \/>\n<meta property=\"og:locale\" content=\"pt_BR\" \/>\n<meta property=\"og:type\" content=\"article\" \/>\n<meta property=\"og:title\" content=\"Ancelotti quer Aprender Hino do Brasil: \u201cGostaria de Cantar com os Jogadores\u201d - PR\u00d3SPERI NEWS\" \/>\n<meta property=\"og:description\" content=\"&#8220;Preparar a Sele\u00e7\u00e3o Brasileira \u00e9 uma grande oportunidade&#8221; \u201cA paix\u00e3o que existe no pa\u00eds era algo que eu [&hellip;]\" \/>\n<meta property=\"og:url\" content=\"https:\/\/blogdoprosperi.com\/?p=55374\" \/>\n<meta property=\"og:site_name\" content=\"PR\u00d3SPERI NEWS\" \/>\n<meta property=\"article:publisher\" content=\"Luiz Pr\u00f3speri\" \/>\n<meta property=\"article:author\" content=\"Luiz Pr\u00f3speri\" \/>\n<meta property=\"article:published_time\" content=\"2025-10-16T19:33:39+00:00\" \/>\n<meta property=\"og:image\" content=\"https:\/\/i0.wp.com\/blogdoprosperi.com\/wp-content\/uploads\/2025\/10\/captura-de-tela-2025-10-16-as-16.28.30.png?fit=1626%2C700&ssl=1\" \/>\n\t<meta property=\"og:image:width\" content=\"1626\" \/>\n\t<meta property=\"og:image:height\" content=\"700\" \/>\n\t<meta property=\"og:image:type\" content=\"image\/png\" \/>\n<meta name=\"author\" content=\"Luiz Ant\u00f4nio Pr\u00f3speri\" \/>\n<meta name=\"twitter:card\" content=\"summary_large_image\" \/>\n<meta name=\"twitter:creator\" content=\"@Luizprosperi\" \/>\n<meta name=\"twitter:site\" content=\"@Luizprosperi\" \/>\n<meta name=\"twitter:label1\" content=\"Escrito por\" \/>\n\t<meta name=\"twitter:data1\" content=\"Luiz Ant\u00f4nio Pr\u00f3speri\" \/>\n\t<meta name=\"twitter:label2\" content=\"Est. tempo de leitura\" \/>\n\t<meta name=\"twitter:data2\" content=\"8 minutos\" \/>\n<script type=\"application\/ld+json\" class=\"yoast-schema-graph\">{\"@context\":\"https:\\\/\\\/schema.org\",\"@graph\":[{\"@type\":\"Article\",\"@id\":\"https:\\\/\\\/blogdoprosperi.com\\\/?p=55374#article\",\"isPartOf\":{\"@id\":\"https:\\\/\\\/blogdoprosperi.com\\\/?p=55374\"},\"author\":{\"name\":\"Luiz Ant\u00f4nio Pr\u00f3speri\",\"@id\":\"https:\\\/\\\/blogdoprosperi.com\\\/#\\\/schema\\\/person\\\/38100755ce3601861ee4fab9b5aa78e9\"},\"headline\":\"Ancelotti quer Aprender Hino do Brasil: \u201cGostaria de Cantar com os Jogadores\u201d\",\"datePublished\":\"2025-10-16T19:33:39+00:00\",\"mainEntityOfPage\":{\"@id\":\"https:\\\/\\\/blogdoprosperi.com\\\/?p=55374\"},\"wordCount\":1519,\"commentCount\":0,\"publisher\":{\"@id\":\"https:\\\/\\\/blogdoprosperi.com\\\/#\\\/schema\\\/person\\\/38100755ce3601861ee4fab9b5aa78e9\"},\"image\":{\"@id\":\"https:\\\/\\\/blogdoprosperi.com\\\/?p=55374#primaryimage\"},\"thumbnailUrl\":\"https:\\\/\\\/i0.wp.com\\\/blogdoprosperi.com\\\/wp-content\\\/uploads\\\/2025\\\/10\\\/captura-de-tela-2025-10-16-as-16.28.30.png?fit=1626%2C700&ssl=1\",\"keywords\":[\"AncelottiFifa\",\"CarloAncelotti\",\"CopadoMundo 2026\",\"Fifa\",\"HinodoBrasil\"],\"articleSection\":[\"copa do mundo 2026\",\"Fifa\",\"futebol\",\"Sele\u00e7\u00e3o Brasileira\"],\"inLanguage\":\"pt-BR\",\"potentialAction\":[{\"@type\":\"CommentAction\",\"name\":\"Comment\",\"target\":[\"https:\\\/\\\/blogdoprosperi.com\\\/?p=55374#respond\"]}]},{\"@type\":\"WebPage\",\"@id\":\"https:\\\/\\\/blogdoprosperi.com\\\/?p=55374\",\"url\":\"https:\\\/\\\/blogdoprosperi.com\\\/?p=55374\",\"name\":\"Ancelotti quer Aprender Hino do Brasil: \u201cGostaria de Cantar com os Jogadores\u201d - PR\u00d3SPERI NEWS\",\"isPartOf\":{\"@id\":\"https:\\\/\\\/blogdoprosperi.com\\\/#website\"},\"primaryImageOfPage\":{\"@id\":\"https:\\\/\\\/blogdoprosperi.com\\\/?p=55374#primaryimage\"},\"image\":{\"@id\":\"https:\\\/\\\/blogdoprosperi.com\\\/?p=55374#primaryimage\"},\"thumbnailUrl\":\"https:\\\/\\\/i0.wp.com\\\/blogdoprosperi.com\\\/wp-content\\\/uploads\\\/2025\\\/10\\\/captura-de-tela-2025-10-16-as-16.28.30.png?fit=1626%2C700&ssl=1\",\"datePublished\":\"2025-10-16T19:33:39+00:00\",\"breadcrumb\":{\"@id\":\"https:\\\/\\\/blogdoprosperi.com\\\/?p=55374#breadcrumb\"},\"inLanguage\":\"pt-BR\",\"potentialAction\":[{\"@type\":\"ReadAction\",\"target\":[\"https:\\\/\\\/blogdoprosperi.com\\\/?p=55374\"]}]},{\"@type\":\"ImageObject\",\"inLanguage\":\"pt-BR\",\"@id\":\"https:\\\/\\\/blogdoprosperi.com\\\/?p=55374#primaryimage\",\"url\":\"https:\\\/\\\/i0.wp.com\\\/blogdoprosperi.com\\\/wp-content\\\/uploads\\\/2025\\\/10\\\/captura-de-tela-2025-10-16-as-16.28.30.png?fit=1626%2C700&ssl=1\",\"contentUrl\":\"https:\\\/\\\/i0.wp.com\\\/blogdoprosperi.com\\\/wp-content\\\/uploads\\\/2025\\\/10\\\/captura-de-tela-2025-10-16-as-16.28.30.png?fit=1626%2C700&ssl=1\",\"width\":1626,\"height\":700,\"caption\":\"Ancelotti na execu\u00e7\u00e3o do Hino do Brasil em T\u00f3quio \u2013 foto: CBF oficial\"},{\"@type\":\"BreadcrumbList\",\"@id\":\"https:\\\/\\\/blogdoprosperi.com\\\/?p=55374#breadcrumb\",\"itemListElement\":[{\"@type\":\"ListItem\",\"position\":1,\"name\":\"In\u00edcio\",\"item\":\"https:\\\/\\\/blogdoprosperi.com\\\/\"},{\"@type\":\"ListItem\",\"position\":2,\"name\":\"Ancelotti quer Aprender Hino do Brasil: \u201cGostaria de Cantar com os Jogadores\u201d\"}]},{\"@type\":\"WebSite\",\"@id\":\"https:\\\/\\\/blogdoprosperi.com\\\/#website\",\"url\":\"https:\\\/\\\/blogdoprosperi.com\\\/\",\"name\":\"PR\u00d3SPERI NEWS\",\"description\":\"TUDO \u00c9  FUTEBOL\",\"publisher\":{\"@id\":\"https:\\\/\\\/blogdoprosperi.com\\\/#\\\/schema\\\/person\\\/38100755ce3601861ee4fab9b5aa78e9\"},\"alternateName\":\"blogdoprosperi.com\",\"potentialAction\":[{\"@type\":\"SearchAction\",\"target\":{\"@type\":\"EntryPoint\",\"urlTemplate\":\"https:\\\/\\\/blogdoprosperi.com\\\/?s={search_term_string}\"},\"query-input\":{\"@type\":\"PropertyValueSpecification\",\"valueRequired\":true,\"valueName\":\"search_term_string\"}}],\"inLanguage\":\"pt-BR\"},{\"@type\":[\"Person\",\"Organization\"],\"@id\":\"https:\\\/\\\/blogdoprosperi.com\\\/#\\\/schema\\\/person\\\/38100755ce3601861ee4fab9b5aa78e9\",\"name\":\"Luiz Ant\u00f4nio Pr\u00f3speri\",\"pronouns\":\"ele\",\"image\":{\"@type\":\"ImageObject\",\"inLanguage\":\"pt-BR\",\"@id\":\"https:\\\/\\\/i0.wp.com\\\/blogdoprosperi.com\\\/wp-content\\\/uploads\\\/2026\\\/05\\\/cropped-8059e613-6002-42fa-961e-8e275f575d71-2-5.jpg?fit=1360%2C931&ssl=1\",\"url\":\"https:\\\/\\\/i0.wp.com\\\/blogdoprosperi.com\\\/wp-content\\\/uploads\\\/2026\\\/05\\\/cropped-8059e613-6002-42fa-961e-8e275f575d71-2-5.jpg?fit=1360%2C931&ssl=1\",\"contentUrl\":\"https:\\\/\\\/i0.wp.com\\\/blogdoprosperi.com\\\/wp-content\\\/uploads\\\/2026\\\/05\\\/cropped-8059e613-6002-42fa-961e-8e275f575d71-2-5.jpg?fit=1360%2C931&ssl=1\",\"width\":1360,\"height\":931,\"caption\":\"Luiz Ant\u00f4nio Pr\u00f3speri\"},\"logo\":{\"@id\":\"https:\\\/\\\/i0.wp.com\\\/blogdoprosperi.com\\\/wp-content\\\/uploads\\\/2026\\\/05\\\/cropped-8059e613-6002-42fa-961e-8e275f575d71-2-5.jpg?fit=1360%2C931&ssl=1\"},\"description\":\"Jornalista com carreira dedicada ao esporte. Cobriu 9 Copas do Mundo in loco, 1990 na It\u00e1lia, 1994 nos EUA, 1998 na Fran\u00e7a, 2002 na Coreia do Sul e Jap\u00e3o, 2006 na Alemanha, 2010 na \u00c1frica do Sul, 2014 no Brasil, 2018 na R\u00fassia e 2022 no Qatar. Eurocopas, 1992 na Su\u00e9cia e 1996 na Inglaterra. Copa das Confedera\u00e7\u00f5es de 2005 na Alemanha e 2009 na \u00c1frica do Sul. Rep\u00f3rter e Editor, trabalhou no Jornal da Tarde e Estad\u00e3o, de 1984 a fevereiro de 2016. Colunista, blogueiro. E comentarista de futebol na R\u00e1dio Estad\u00e3o, de 2013 a fevereiro de 2016. Jornalista respons\u00e1vel do \\\"Pr\u00f3speri News\\\" (blogdoprosperi.com).\",\"sameAs\":[\"http:\\\/\\\/blogdoprosperi.com\",\"Luiz Pr\u00f3speri\",\"@luiz_prosperi\",\"https:\\\/\\\/x.com\\\/Luizprosperi\",\"@prosperinacopa\",\"luiz.prosperi@icloud.com\"],\"url\":\"https:\\\/\\\/blogdoprosperi.com\\\/?author=102107496\"}]}<\/script>\n<!-- \/ Yoast SEO plugin. -->","yoast_head_json":{"title":"Ancelotti quer Aprender Hino do Brasil: \u201cGostaria de Cantar com os Jogadores\u201d - PR\u00d3SPERI NEWS","robots":{"index":"index","follow":"follow","max-snippet":"max-snippet:-1","max-image-preview":"max-image-preview:large","max-video-preview":"max-video-preview:-1"},"canonical":"https:\/\/blogdoprosperi.com\/?p=55374","og_locale":"pt_BR","og_type":"article","og_title":"Ancelotti quer Aprender Hino do Brasil: \u201cGostaria de Cantar com os Jogadores\u201d - PR\u00d3SPERI NEWS","og_description":"&#8220;Preparar a Sele\u00e7\u00e3o Brasileira \u00e9 uma grande oportunidade&#8221; \u201cA paix\u00e3o que existe no pa\u00eds era algo que eu [&hellip;]","og_url":"https:\/\/blogdoprosperi.com\/?p=55374","og_site_name":"PR\u00d3SPERI NEWS","article_publisher":"Luiz Pr\u00f3speri","article_author":"Luiz Pr\u00f3speri","article_published_time":"2025-10-16T19:33:39+00:00","og_image":[{"width":1626,"height":700,"url":"https:\/\/i0.wp.com\/blogdoprosperi.com\/wp-content\/uploads\/2025\/10\/captura-de-tela-2025-10-16-as-16.28.30.png?fit=1626%2C700&ssl=1","type":"image\/png"}],"author":"Luiz Ant\u00f4nio Pr\u00f3speri","twitter_card":"summary_large_image","twitter_creator":"@Luizprosperi","twitter_site":"@Luizprosperi","twitter_misc":{"Escrito por":"Luiz Ant\u00f4nio Pr\u00f3speri","Est. tempo de leitura":"8 minutos"},"schema":{"@context":"https:\/\/schema.org","@graph":[{"@type":"Article","@id":"https:\/\/blogdoprosperi.com\/?p=55374#article","isPartOf":{"@id":"https:\/\/blogdoprosperi.com\/?p=55374"},"author":{"name":"Luiz Ant\u00f4nio Pr\u00f3speri","@id":"https:\/\/blogdoprosperi.com\/#\/schema\/person\/38100755ce3601861ee4fab9b5aa78e9"},"headline":"Ancelotti quer Aprender Hino do Brasil: \u201cGostaria de Cantar com os Jogadores\u201d","datePublished":"2025-10-16T19:33:39+00:00","mainEntityOfPage":{"@id":"https:\/\/blogdoprosperi.com\/?p=55374"},"wordCount":1519,"commentCount":0,"publisher":{"@id":"https:\/\/blogdoprosperi.com\/#\/schema\/person\/38100755ce3601861ee4fab9b5aa78e9"},"image":{"@id":"https:\/\/blogdoprosperi.com\/?p=55374#primaryimage"},"thumbnailUrl":"https:\/\/i0.wp.com\/blogdoprosperi.com\/wp-content\/uploads\/2025\/10\/captura-de-tela-2025-10-16-as-16.28.30.png?fit=1626%2C700&ssl=1","keywords":["AncelottiFifa","CarloAncelotti","CopadoMundo 2026","Fifa","HinodoBrasil"],"articleSection":["copa do mundo 2026","Fifa","futebol","Sele\u00e7\u00e3o Brasileira"],"inLanguage":"pt-BR","potentialAction":[{"@type":"CommentAction","name":"Comment","target":["https:\/\/blogdoprosperi.com\/?p=55374#respond"]}]},{"@type":"WebPage","@id":"https:\/\/blogdoprosperi.com\/?p=55374","url":"https:\/\/blogdoprosperi.com\/?p=55374","name":"Ancelotti quer Aprender Hino do Brasil: \u201cGostaria de Cantar com os Jogadores\u201d - PR\u00d3SPERI NEWS","isPartOf":{"@id":"https:\/\/blogdoprosperi.com\/#website"},"primaryImageOfPage":{"@id":"https:\/\/blogdoprosperi.com\/?p=55374#primaryimage"},"image":{"@id":"https:\/\/blogdoprosperi.com\/?p=55374#primaryimage"},"thumbnailUrl":"https:\/\/i0.wp.com\/blogdoprosperi.com\/wp-content\/uploads\/2025\/10\/captura-de-tela-2025-10-16-as-16.28.30.png?fit=1626%2C700&ssl=1","datePublished":"2025-10-16T19:33:39+00:00","breadcrumb":{"@id":"https:\/\/blogdoprosperi.com\/?p=55374#breadcrumb"},"inLanguage":"pt-BR","potentialAction":[{"@type":"ReadAction","target":["https:\/\/blogdoprosperi.com\/?p=55374"]}]},{"@type":"ImageObject","inLanguage":"pt-BR","@id":"https:\/\/blogdoprosperi.com\/?p=55374#primaryimage","url":"https:\/\/i0.wp.com\/blogdoprosperi.com\/wp-content\/uploads\/2025\/10\/captura-de-tela-2025-10-16-as-16.28.30.png?fit=1626%2C700&ssl=1","contentUrl":"https:\/\/i0.wp.com\/blogdoprosperi.com\/wp-content\/uploads\/2025\/10\/captura-de-tela-2025-10-16-as-16.28.30.png?fit=1626%2C700&ssl=1","width":1626,"height":700,"caption":"Ancelotti na execu\u00e7\u00e3o do Hino do Brasil em T\u00f3quio \u2013 foto: CBF oficial"},{"@type":"BreadcrumbList","@id":"https:\/\/blogdoprosperi.com\/?p=55374#breadcrumb","itemListElement":[{"@type":"ListItem","position":1,"name":"In\u00edcio","item":"https:\/\/blogdoprosperi.com\/"},{"@type":"ListItem","position":2,"name":"Ancelotti quer Aprender Hino do Brasil: \u201cGostaria de Cantar com os Jogadores\u201d"}]},{"@type":"WebSite","@id":"https:\/\/blogdoprosperi.com\/#website","url":"https:\/\/blogdoprosperi.com\/","name":"PR\u00d3SPERI NEWS","description":"TUDO \u00c9  FUTEBOL","publisher":{"@id":"https:\/\/blogdoprosperi.com\/#\/schema\/person\/38100755ce3601861ee4fab9b5aa78e9"},"alternateName":"blogdoprosperi.com","potentialAction":[{"@type":"SearchAction","target":{"@type":"EntryPoint","urlTemplate":"https:\/\/blogdoprosperi.com\/?s={search_term_string}"},"query-input":{"@type":"PropertyValueSpecification","valueRequired":true,"valueName":"search_term_string"}}],"inLanguage":"pt-BR"},{"@type":["Person","Organization"],"@id":"https:\/\/blogdoprosperi.com\/#\/schema\/person\/38100755ce3601861ee4fab9b5aa78e9","name":"Luiz Ant\u00f4nio Pr\u00f3speri","pronouns":"ele","image":{"@type":"ImageObject","inLanguage":"pt-BR","@id":"https:\/\/i0.wp.com\/blogdoprosperi.com\/wp-content\/uploads\/2026\/05\/cropped-8059e613-6002-42fa-961e-8e275f575d71-2-5.jpg?fit=1360%2C931&ssl=1","url":"https:\/\/i0.wp.com\/blogdoprosperi.com\/wp-content\/uploads\/2026\/05\/cropped-8059e613-6002-42fa-961e-8e275f575d71-2-5.jpg?fit=1360%2C931&ssl=1","contentUrl":"https:\/\/i0.wp.com\/blogdoprosperi.com\/wp-content\/uploads\/2026\/05\/cropped-8059e613-6002-42fa-961e-8e275f575d71-2-5.jpg?fit=1360%2C931&ssl=1","width":1360,"height":931,"caption":"Luiz Ant\u00f4nio Pr\u00f3speri"},"logo":{"@id":"https:\/\/i0.wp.com\/blogdoprosperi.com\/wp-content\/uploads\/2026\/05\/cropped-8059e613-6002-42fa-961e-8e275f575d71-2-5.jpg?fit=1360%2C931&ssl=1"},"description":"Jornalista com carreira dedicada ao esporte. Cobriu 9 Copas do Mundo in loco, 1990 na It\u00e1lia, 1994 nos EUA, 1998 na Fran\u00e7a, 2002 na Coreia do Sul e Jap\u00e3o, 2006 na Alemanha, 2010 na \u00c1frica do Sul, 2014 no Brasil, 2018 na R\u00fassia e 2022 no Qatar. Eurocopas, 1992 na Su\u00e9cia e 1996 na Inglaterra. Copa das Confedera\u00e7\u00f5es de 2005 na Alemanha e 2009 na \u00c1frica do Sul. Rep\u00f3rter e Editor, trabalhou no Jornal da Tarde e Estad\u00e3o, de 1984 a fevereiro de 2016. Colunista, blogueiro. E comentarista de futebol na R\u00e1dio Estad\u00e3o, de 2013 a fevereiro de 2016. Jornalista respons\u00e1vel do \"Pr\u00f3speri News\" (blogdoprosperi.com).","sameAs":["http:\/\/blogdoprosperi.com","Luiz Pr\u00f3speri","@luiz_prosperi","https:\/\/x.com\/Luizprosperi","@prosperinacopa","luiz.prosperi@icloud.com"],"url":"https:\/\/blogdoprosperi.com\/?author=102107496"}]}},"jetpack_publicize_connections":[],"jetpack_likes_enabled":false,"jetpack_sharing_enabled":true,"jetpack_shortlink":"https:\/\/wp.me\/p7jvdk-ep8","jetpack-related-posts":[{"id":58299,"url":"https:\/\/blogdoprosperi.com\/?p=58299","url_meta":{"origin":55374,"position":0},"title":"Ancelotti: \u201cVejo o Vinicius como o via no Real Madrid, um jogador espetacular e uma pessoa espetacular que pode decidir uma partida sozinho&#8221;","author":"Luiz Ant\u00f4nio Pr\u00f3speri","date":"13 de maio de 2026","format":false,"excerpt":"\"Os brasileiros t\u00eam um carinho especial pela camisa amarela. Esse amor especial pela Sele\u00e7\u00e3o \u00e9 uma caracter\u00edstica muito forte do Brasil\"","rel":"","context":"Em &quot;copa 2026&quot;","block_context":{"text":"copa 2026","link":"https:\/\/blogdoprosperi.com\/?cat=36820279"},"img":{"alt_text":"Ancelotti elogia Vini Jr","src":"https:\/\/i0.wp.com\/blogdoprosperi.com\/wp-content\/uploads\/2026\/05\/carlo-ancelotti-va-ecarter-vinicius-voici-la-raison.jpg?fit=1200%2C800&ssl=1&resize=350%2C200","width":350,"height":200,"srcset":"https:\/\/i0.wp.com\/blogdoprosperi.com\/wp-content\/uploads\/2026\/05\/carlo-ancelotti-va-ecarter-vinicius-voici-la-raison.jpg?fit=1200%2C800&ssl=1&resize=350%2C200 1x, https:\/\/i0.wp.com\/blogdoprosperi.com\/wp-content\/uploads\/2026\/05\/carlo-ancelotti-va-ecarter-vinicius-voici-la-raison.jpg?fit=1200%2C800&ssl=1&resize=525%2C300 1.5x, https:\/\/i0.wp.com\/blogdoprosperi.com\/wp-content\/uploads\/2026\/05\/carlo-ancelotti-va-ecarter-vinicius-voici-la-raison.jpg?fit=1200%2C800&ssl=1&resize=700%2C400 2x, https:\/\/i0.wp.com\/blogdoprosperi.com\/wp-content\/uploads\/2026\/05\/carlo-ancelotti-va-ecarter-vinicius-voici-la-raison.jpg?fit=1200%2C800&ssl=1&resize=1050%2C600 3x"},"classes":[]},{"id":60690,"url":"https:\/\/blogdoprosperi.com\/?p=60690","url_meta":{"origin":55374,"position":1},"title":"Invent\u00e1rio da Derrota (epis\u00f3dio 4): O antigo futuro da Sele\u00e7\u00e3o Brasileira","author":"Luiz Ant\u00f4nio Pr\u00f3speri","date":"16 de julho de 2026","format":false,"excerpt":"Luiz Ant\u00f4nio Pr\u00f3speri \u2013 16 julho 2026 (15h35) \u2013 S\u00e9rie Invent\u00e1rio da Derrota do Brasil na Copa do Mundo 2026 chega a seu quarto e \u00faltimo epis\u00f3dio com Ancelotti e jogadores fugindo da torcida brasileira p\u00f3s-derrota para Noruega. Conta tamb\u00e9m a falta de rumo da CBF e falhas da entidade\u2026","rel":"","context":"Em &quot;copa 2026&quot;","block_context":{"text":"copa 2026","link":"https:\/\/blogdoprosperi.com\/?cat=36820279"},"img":{"alt_text":"","src":"https:\/\/i0.wp.com\/blogdoprosperi.com\/wp-content\/uploads\/2026\/07\/0.jpg?fit=1000%2C769&ssl=1&resize=350%2C200","width":350,"height":200,"srcset":"https:\/\/i0.wp.com\/blogdoprosperi.com\/wp-content\/uploads\/2026\/07\/0.jpg?fit=1000%2C769&ssl=1&resize=350%2C200 1x, https:\/\/i0.wp.com\/blogdoprosperi.com\/wp-content\/uploads\/2026\/07\/0.jpg?fit=1000%2C769&ssl=1&resize=525%2C300 1.5x, https:\/\/i0.wp.com\/blogdoprosperi.com\/wp-content\/uploads\/2026\/07\/0.jpg?fit=1000%2C769&ssl=1&resize=700%2C400 2x"},"classes":[]},{"id":50387,"url":"https:\/\/blogdoprosperi.com\/?p=50387","url_meta":{"origin":55374,"position":2},"title":"V\u00eddeo | Entrevista Completa de Ancelotti na Convoca\u00e7\u00e3o da Sele\u00e7\u00e3o Brasileira","author":"Luiz Ant\u00f4nio Pr\u00f3speri","date":"26 de maio de 2025","format":false,"excerpt":"Aten\u00e7\u00e3o \u2013 in\u00edcio da entrevista a partir de 20 minutos de v\u00eddeo Cortes da entrevista de Ancelotti Jogadores que atuam no Brasil A produ\u00e7\u00e3o de talento no Brasil \u00e9 sem fim, sempre produziu e sempre produzir\u00e1. (...) Os jogadores s\u00e3o conhecidos porque todo mundo pode ver todos os jogos. Obviamente,\u2026","rel":"","context":"Em &quot;CBF&quot;","block_context":{"text":"CBF","link":"https:\/\/blogdoprosperi.com\/?cat=570700"},"img":{"alt_text":"Ancelotti e Felip\u00e3o","src":"https:\/\/i0.wp.com\/blogdoprosperi.com\/wp-content\/uploads\/2025\/05\/54547315701_7c75d626a1_c.jpg?fit=800%2C534&ssl=1&resize=350%2C200","width":350,"height":200,"srcset":"https:\/\/i0.wp.com\/blogdoprosperi.com\/wp-content\/uploads\/2025\/05\/54547315701_7c75d626a1_c.jpg?fit=800%2C534&ssl=1&resize=350%2C200 1x, https:\/\/i0.wp.com\/blogdoprosperi.com\/wp-content\/uploads\/2025\/05\/54547315701_7c75d626a1_c.jpg?fit=800%2C534&ssl=1&resize=525%2C300 1.5x, https:\/\/i0.wp.com\/blogdoprosperi.com\/wp-content\/uploads\/2025\/05\/54547315701_7c75d626a1_c.jpg?fit=800%2C534&ssl=1&resize=700%2C400 2x"},"classes":[]},{"id":43756,"url":"https:\/\/blogdoprosperi.com\/?p=43756","url_meta":{"origin":55374,"position":3},"title":"Dez anos do 7 a 1: acompanhe depoimento do rep\u00f3rter presente na trag\u00e9dia","author":"Luiz Ant\u00f4nio Pr\u00f3speri","date":"8 de julho de 2024","format":false,"excerpt":"Eu estava nas tribunas de imprensa do Mineir\u00e3o naquela tarde de 8 de julho de 2014. Acompanhei incr\u00e9dulo, como a maioria de meus colegas jornalistas, a sucess\u00e3o de gols da Alemanha at\u00e9 os 34 minutos do segundo tempo quando Klose marcou s\u00e9timo gol deles. Na minha longa carreira de mais\u2026","rel":"","context":"Em &quot;CBF&quot;","block_context":{"text":"CBF","link":"https:\/\/blogdoprosperi.com\/?cat=570700"},"img":{"alt_text":"","src":"https:\/\/i0.wp.com\/blogdoprosperi.com\/wp-content\/uploads\/2024\/07\/6daa68c1-bd5d-466d-9aed-855a0783bf78.jpg?fit=900%2C600&ssl=1&resize=350%2C200","width":350,"height":200,"srcset":"https:\/\/i0.wp.com\/blogdoprosperi.com\/wp-content\/uploads\/2024\/07\/6daa68c1-bd5d-466d-9aed-855a0783bf78.jpg?fit=900%2C600&ssl=1&resize=350%2C200 1x, https:\/\/i0.wp.com\/blogdoprosperi.com\/wp-content\/uploads\/2024\/07\/6daa68c1-bd5d-466d-9aed-855a0783bf78.jpg?fit=900%2C600&ssl=1&resize=525%2C300 1.5x, https:\/\/i0.wp.com\/blogdoprosperi.com\/wp-content\/uploads\/2024\/07\/6daa68c1-bd5d-466d-9aed-855a0783bf78.jpg?fit=900%2C600&ssl=1&resize=700%2C400 2x"},"classes":[]},{"id":55940,"url":"https:\/\/blogdoprosperi.com\/?p=55940","url_meta":{"origin":55374,"position":4},"title":"Entenda Tabela da Copa 2026 e Conhe\u00e7a Caminhos do Brasil em Busca do Hexa","author":"Luiz Ant\u00f4nio Pr\u00f3speri","date":"6 de dezembro de 2025","format":false,"excerpt":"Luiz Ant\u00f4nio Pr\u00f3speri \u2013 6 dezembro (15h23) \u2013 Fifa divulga a tabela completa da Copa do Mundo de 2026 com datas, locais e hor\u00e1rios dos jogos distribu\u00eddos em 16 cidades entre M\u00e9xico, Canad\u00e1 e M\u00e9xico. Brasil est\u00e1 no Grupo C, ao lado de Marrocos, Haiti e Esc\u00f3cia. Sele\u00e7\u00e3o Brasileira\u00a0vai jogar\u2026","rel":"","context":"Em &quot;copa do mundo 2026&quot;","block_context":{"text":"copa do mundo 2026","link":"https:\/\/blogdoprosperi.com\/?cat=115102077"},"img":{"alt_text":"Trionda, a bola da Copa 2026","src":"https:\/\/i0.wp.com\/blogdoprosperi.com\/wp-content\/uploads\/2025\/10\/copa-do-mundo-2026-conheca-a-trionda-bola-oficial-0021348700202510040824-8.webp?fit=900%2C506&ssl=1&resize=350%2C200","width":350,"height":200,"srcset":"https:\/\/i0.wp.com\/blogdoprosperi.com\/wp-content\/uploads\/2025\/10\/copa-do-mundo-2026-conheca-a-trionda-bola-oficial-0021348700202510040824-8.webp?fit=900%2C506&ssl=1&resize=350%2C200 1x, https:\/\/i0.wp.com\/blogdoprosperi.com\/wp-content\/uploads\/2025\/10\/copa-do-mundo-2026-conheca-a-trionda-bola-oficial-0021348700202510040824-8.webp?fit=900%2C506&ssl=1&resize=525%2C300 1.5x, https:\/\/i0.wp.com\/blogdoprosperi.com\/wp-content\/uploads\/2025\/10\/copa-do-mundo-2026-conheca-a-trionda-bola-oficial-0021348700202510040824-8.webp?fit=900%2C506&ssl=1&resize=700%2C400 2x"},"classes":[]},{"id":60202,"url":"https:\/\/blogdoprosperi.com\/?p=60202","url_meta":{"origin":55374,"position":5},"title":"Invent\u00e1rio da derrota (epis\u00f3dio 3): Do capatosta ao tra\u00edra na Copa 2026","author":"Luiz Ant\u00f4nio Pr\u00f3speri","date":"13 de julho de 2026","format":false,"excerpt":"Luiz Ant\u00f4nio Pr\u00f3speri \u2013 13 julho 2026 (16h01) Invent\u00e1rio da Derrota do Brasil na Copa 2026 chega ao terceiro epis\u00f3dio (#epis\u00f3dio3) da s\u00e9rie. Carlo Ancelotti leva um choque de realidade quando sua proposta de jogo \u00e9 pulverizada por Marrocos logo na estreia do Brasil na Copa. Ele descobre ou dissimula\u2026","rel":"","context":"Em &quot;copa do mundo 2026&quot;","block_context":{"text":"copa do mundo 2026","link":"https:\/\/blogdoprosperi.com\/?cat=115102077"},"img":{"alt_text":"","src":"https:\/\/i0.wp.com\/blogdoprosperi.com\/wp-content\/uploads\/2026\/07\/Captura-de-Tela-2026-07-13-as-15.54.50.png?fit=1200%2C761&ssl=1&resize=350%2C200","width":350,"height":200,"srcset":"https:\/\/i0.wp.com\/blogdoprosperi.com\/wp-content\/uploads\/2026\/07\/Captura-de-Tela-2026-07-13-as-15.54.50.png?fit=1200%2C761&ssl=1&resize=350%2C200 1x, https:\/\/i0.wp.com\/blogdoprosperi.com\/wp-content\/uploads\/2026\/07\/Captura-de-Tela-2026-07-13-as-15.54.50.png?fit=1200%2C761&ssl=1&resize=525%2C300 1.5x, https:\/\/i0.wp.com\/blogdoprosperi.com\/wp-content\/uploads\/2026\/07\/Captura-de-Tela-2026-07-13-as-15.54.50.png?fit=1200%2C761&ssl=1&resize=700%2C400 2x, https:\/\/i0.wp.com\/blogdoprosperi.com\/wp-content\/uploads\/2026\/07\/Captura-de-Tela-2026-07-13-as-15.54.50.png?fit=1200%2C761&ssl=1&resize=1050%2C600 3x"},"classes":[]}],"jetpack_featured_media_url":"https:\/\/i0.wp.com\/blogdoprosperi.com\/wp-content\/uploads\/2025\/10\/captura-de-tela-2025-10-16-as-16.28.30.png?fit=1626%2C700&ssl=1","_links":{"self":[{"href":"https:\/\/blogdoprosperi.com\/index.php?rest_route=\/wp\/v2\/posts\/55374","targetHints":{"allow":["GET"]}}],"collection":[{"href":"https:\/\/blogdoprosperi.com\/index.php?rest_route=\/wp\/v2\/posts"}],"about":[{"href":"https:\/\/blogdoprosperi.com\/index.php?rest_route=\/wp\/v2\/types\/post"}],"author":[{"embeddable":true,"href":"https:\/\/blogdoprosperi.com\/index.php?rest_route=\/wp\/v2\/users\/102107496"}],"replies":[{"embeddable":true,"href":"https:\/\/blogdoprosperi.com\/index.php?rest_route=%2Fwp%2Fv2%2Fcomments&post=55374"}],"version-history":[{"count":11,"href":"https:\/\/blogdoprosperi.com\/index.php?rest_route=\/wp\/v2\/posts\/55374\/revisions"}],"predecessor-version":[{"id":55388,"href":"https:\/\/blogdoprosperi.com\/index.php?rest_route=\/wp\/v2\/posts\/55374\/revisions\/55388"}],"wp:featuredmedia":[{"embeddable":true,"href":"https:\/\/blogdoprosperi.com\/index.php?rest_route=\/wp\/v2\/media\/55386"}],"wp:attachment":[{"href":"https:\/\/blogdoprosperi.com\/index.php?rest_route=%2Fwp%2Fv2%2Fmedia&parent=55374"}],"wp:term":[{"taxonomy":"category","embeddable":true,"href":"https:\/\/blogdoprosperi.com\/index.php?rest_route=%2Fwp%2Fv2%2Fcategories&post=55374"},{"taxonomy":"post_tag","embeddable":true,"href":"https:\/\/blogdoprosperi.com\/index.php?rest_route=%2Fwp%2Fv2%2Ftags&post=55374"}],"curies":[{"name":"wp","href":"https:\/\/api.w.org\/{rel}","templated":true}]}}