{"id":55690,"date":"2025-11-22T13:07:52","date_gmt":"2025-11-22T16:07:52","guid":{"rendered":"https:\/\/blogdoprosperi.com\/?p=55690"},"modified":"2025-11-22T13:07:52","modified_gmt":"2025-11-22T16:07:52","slug":"cronicasabatica-38-tite-anuncia-volta-ao-futebol-neymar-e-a-fiel-sonham","status":"publish","type":"post","link":"https:\/\/blogdoprosperi.com\/?p=55690","title":{"rendered":"#Cr\u00f4nicaSab\u00e1tica #38 | Tite Anuncia Volta ao Futebol, Neymar e a Fiel Sonham"},"content":{"rendered":"<p><em>Luiz Ant\u00f4nio Pr\u00f3speri \u2013 22 novembro 2025 (12h59) \u2013<\/em><\/p>\n<p>Tite, 64 anos, anuncia a volta ao futebol ap\u00f3s mais de um ano cuidando de sua sa\u00fade. Em breve comunicado nas redes sociais, o t\u00e9cnico da Sele\u00e7\u00e3o Brasileira se coloca \u00e0 disposi\u00e7\u00e3o do mercado. Evidente que a not\u00edcia mexe com a torcida do Corinthians e ati\u00e7a clubes em dificuldades nesse fim de temporada 2025 a pensar no treinador do Brasil nas duas \u00faltimas Copas do Mundo (2108 e 2022) e do recente fracasso no Flamengo entre outubro de 2023 a setembro de 2024.<\/p>\n<p>\u201c<em>Voltei! Cuidei de mim, fiquei com a minha fam\u00edlia e estou pronto para retornar \u00e0s atividades como t\u00e9cnico. Muito obrigado aos que torceram pela minha recupera\u00e7\u00e3o, respeitaram meu tempo e me mandaram mensagens, ora\u00e7\u00f5es e bons pensamentos. Com carinho, um grato abra\u00e7o a todos \u2013 Adenor Leonardo Bachi.&#8221;<\/em><\/p>\n<p>O mais importante impacto do comunicado de Tite \u00e9 a recupera\u00e7\u00e3o de sua sa\u00fade. Antes de se falar de seu pr\u00f3ximo passo, cabe a reflex\u00e3o do quanto o futebol tritura at\u00e9 mesmo os que parecem indestrut\u00edveis.<\/p>\n<p>Tite era um porto seguro.<\/p>\n<p>Dono de um equil\u00edbrio mental n\u00e3o muito comum aos treinadores brasileiros.<\/p>\n<p>N\u00e3o se via rompantes nem embates mais acirrados com jogadores, dirigentes e m\u00eddia em geral.<\/p>\n<p>Muitas vezes caminhava como um sacerdote.<\/p>\n<p>Inventava palavras e express\u00f5es a traduzir seu entendimento do que era futebol.<\/p>\n<p>Mas a conta vem pesada.<\/p>\n<p>Duas traulitadas nas Copas do Mundo em que se viu mais ref\u00e9m de Neymar a valer suas ideias. E uma volta a\u00e7odada ao jogo em outubro de 2023 interrompendo um per\u00edodo sab\u00e1tico que ele mesmo se imp\u00f4s ap\u00f3s a debacle no Mundial do Catar em dezembro de 2022. Eis o boleto que Tite teria de pagar. O t\u00e9cnico n\u00e3o tinha mais recursos mentais a quitar essa d\u00edvida. Sai de cena.<\/p>\n<p>Tudo muito compreens\u00edvel. O futebol tem de aceitar. Agora, um novo mundo.<\/p>\n<p>&#8220;Estou pronto para retornar \u00e0s atividades como t\u00e9cnico&#8221;, escreve Tite. Cabe ao mercado lhe oferecer \u00a0as condi\u00e7\u00f5es da volta.<\/p>\n<p>De imediato se pensa no Corinthians, ainda sem convencer sob comando de Dorival Junior. Seria o caminho natural de Tite n\u00e3o fosse a completa fal\u00eancia de gest\u00e3o do clube.<\/p>\n<p>O que Tite poderia fazer no Corinthians em 2026? Nada.<\/p>\n<p>No Santos, onde alguns de seus pares ainda trabalham? Pode ser uma alternativa desde que o time n\u00e3o seja rebaixado \u00e0 S\u00e9rie B.<\/p>\n<p>Ali\u00e1s, o Santos caminha cada vez mais para ser de Neymar Pai e Neymar Filho em futuro breve.<\/p>\n<p>Se assim for, Tite reencontraria com o jogador em que se viu ref\u00e9m de 2016 a 2022. Vale a pena o sacrif\u00edcio no momento em que ele acaba de anunciar: &#8220;Cuidei de mim&#8221;?<\/p>\n","protected":false},"excerpt":{"rendered":"<p>Luiz Ant\u00f4nio Pr\u00f3speri \u2013 22 novembro 2025 (12h59) \u2013 Tite, 64 anos, anuncia a volta ao futebol ap\u00f3s [&hellip;]<\/p>\n","protected":false},"author":102107496,"featured_media":37762,"comment_status":"open","ping_status":"open","sticky":false,"template":"","format":"standard","meta":{"_coblocks_attr":"","_coblocks_dimensions":"","_coblocks_responsive_height":"","_coblocks_accordion_ie_support":"","_jetpack_newsletter_access":"","_jetpack_dont_email_post_to_subs":false,"_jetpack_newsletter_tier_id":0,"_jetpack_memberships_contains_paywalled_content":false,"_wpcom_ai_launchpad_first_post":false,"_jetpack_feature_clip_id":0,"_jetpack_memberships_contains_paid_content":false,"footnotes":"","jetpack_publicize_message":"","jetpack_publicize_feature_enabled":true,"jetpack_social_post_already_shared":false,"jetpack_social_options":{"image_generator_settings":{"template":"highway","default_image_id":0,"font":"","enabled":false},"version":2},"jetpack_post_was_ever_published":false},"categories":[23339,53870,38115653],"tags":[177066,4112146,5226238,10149860,1814220],"class_list":["post-55690","post","type-post","status-publish","format-standard","has-post-thumbnail","hentry","category-cronica","category-futebol","category-luiz-antonio-prosperi","tag-corinthians","tag-neymar","tag-santosfc","tag-selecaobrasileira","tag-tite"],"yoast_head":"<!-- This site is optimized with the Yoast SEO plugin v28.3 - https:\/\/yoast.com\/product\/yoast-seo-wordpress\/ -->\n<title>#Cr\u00f4nicaSab\u00e1tica #38 | Tite Anuncia Volta ao Futebol, Neymar e a Fiel Sonham - PR\u00d3SPERI NEWS<\/title>\n<meta name=\"robots\" content=\"index, follow, max-snippet:-1, max-image-preview:large, max-video-preview:-1\" \/>\n<link rel=\"canonical\" href=\"https:\/\/blogdoprosperi.com\/?p=55690\" \/>\n<meta property=\"og:locale\" content=\"pt_BR\" \/>\n<meta property=\"og:type\" content=\"article\" \/>\n<meta property=\"og:title\" content=\"#Cr\u00f4nicaSab\u00e1tica #38 | Tite Anuncia Volta ao Futebol, Neymar e a Fiel Sonham - PR\u00d3SPERI NEWS\" \/>\n<meta property=\"og:description\" content=\"Luiz Ant\u00f4nio Pr\u00f3speri \u2013 22 novembro 2025 (12h59) \u2013 Tite, 64 anos, anuncia a volta ao futebol ap\u00f3s [&hellip;]\" \/>\n<meta property=\"og:url\" content=\"https:\/\/blogdoprosperi.com\/?p=55690\" \/>\n<meta property=\"og:site_name\" content=\"PR\u00d3SPERI NEWS\" \/>\n<meta property=\"article:publisher\" content=\"Luiz Pr\u00f3speri\" \/>\n<meta property=\"article:author\" content=\"Luiz Pr\u00f3speri\" \/>\n<meta property=\"article:published_time\" content=\"2025-11-22T16:07:52+00:00\" \/>\n<meta property=\"og:image\" content=\"https:\/\/i0.wp.com\/blogdoprosperi.com\/wp-content\/uploads\/2019\/06\/tite-brasil-bolivia-copa-america-14062019_7vayb96nx9dm1s6fvpi6p480l.jpg?fit=1920%2C1080&ssl=1\" \/>\n\t<meta property=\"og:image:width\" content=\"1920\" \/>\n\t<meta property=\"og:image:height\" content=\"1080\" \/>\n\t<meta property=\"og:image:type\" content=\"image\/jpeg\" \/>\n<meta name=\"author\" content=\"Luiz Ant\u00f4nio Pr\u00f3speri\" \/>\n<meta name=\"twitter:card\" content=\"summary_large_image\" \/>\n<meta name=\"twitter:creator\" content=\"@Luizprosperi\" \/>\n<meta name=\"twitter:site\" content=\"@Luizprosperi\" \/>\n<meta name=\"twitter:label1\" content=\"Escrito por\" \/>\n\t<meta name=\"twitter:data1\" content=\"Luiz Ant\u00f4nio Pr\u00f3speri\" \/>\n\t<meta name=\"twitter:label2\" content=\"Est. tempo de leitura\" \/>\n\t<meta name=\"twitter:data2\" content=\"2 minutos\" \/>\n<script type=\"application\/ld+json\" class=\"yoast-schema-graph\">{\"@context\":\"https:\\\/\\\/schema.org\",\"@graph\":[{\"@type\":\"Article\",\"@id\":\"https:\\\/\\\/blogdoprosperi.com\\\/?p=55690#article\",\"isPartOf\":{\"@id\":\"https:\\\/\\\/blogdoprosperi.com\\\/?p=55690\"},\"author\":{\"name\":\"Luiz Ant\u00f4nio Pr\u00f3speri\",\"@id\":\"https:\\\/\\\/blogdoprosperi.com\\\/#\\\/schema\\\/person\\\/38100755ce3601861ee4fab9b5aa78e9\"},\"headline\":\"#Cr\u00f4nicaSab\u00e1tica #38 | Tite Anuncia Volta ao Futebol, Neymar e a Fiel Sonham\",\"datePublished\":\"2025-11-22T16:07:52+00:00\",\"mainEntityOfPage\":{\"@id\":\"https:\\\/\\\/blogdoprosperi.com\\\/?p=55690\"},\"wordCount\":482,\"commentCount\":0,\"publisher\":{\"@id\":\"https:\\\/\\\/blogdoprosperi.com\\\/#\\\/schema\\\/person\\\/38100755ce3601861ee4fab9b5aa78e9\"},\"image\":{\"@id\":\"https:\\\/\\\/blogdoprosperi.com\\\/?p=55690#primaryimage\"},\"thumbnailUrl\":\"https:\\\/\\\/i0.wp.com\\\/blogdoprosperi.com\\\/wp-content\\\/uploads\\\/2019\\\/06\\\/tite-brasil-bolivia-copa-america-14062019_7vayb96nx9dm1s6fvpi6p480l.jpg?fit=1920%2C1080&ssl=1\",\"keywords\":[\"Corinthians\",\"Neymar\",\"SantosFC\",\"Sele\u00e7\u00e3oBrasileira\",\"Tite\"],\"articleSection\":[\"cr\u00f4nica\",\"futebol\",\"Luiz Ant\u00f4nio Pr\u00f3speri\"],\"inLanguage\":\"pt-BR\",\"potentialAction\":[{\"@type\":\"CommentAction\",\"name\":\"Comment\",\"target\":[\"https:\\\/\\\/blogdoprosperi.com\\\/?p=55690#respond\"]}]},{\"@type\":\"WebPage\",\"@id\":\"https:\\\/\\\/blogdoprosperi.com\\\/?p=55690\",\"url\":\"https:\\\/\\\/blogdoprosperi.com\\\/?p=55690\",\"name\":\"#Cr\u00f4nicaSab\u00e1tica #38 | Tite Anuncia Volta ao Futebol, Neymar e a Fiel Sonham - PR\u00d3SPERI NEWS\",\"isPartOf\":{\"@id\":\"https:\\\/\\\/blogdoprosperi.com\\\/#website\"},\"primaryImageOfPage\":{\"@id\":\"https:\\\/\\\/blogdoprosperi.com\\\/?p=55690#primaryimage\"},\"image\":{\"@id\":\"https:\\\/\\\/blogdoprosperi.com\\\/?p=55690#primaryimage\"},\"thumbnailUrl\":\"https:\\\/\\\/i0.wp.com\\\/blogdoprosperi.com\\\/wp-content\\\/uploads\\\/2019\\\/06\\\/tite-brasil-bolivia-copa-america-14062019_7vayb96nx9dm1s6fvpi6p480l.jpg?fit=1920%2C1080&ssl=1\",\"datePublished\":\"2025-11-22T16:07:52+00:00\",\"breadcrumb\":{\"@id\":\"https:\\\/\\\/blogdoprosperi.com\\\/?p=55690#breadcrumb\"},\"inLanguage\":\"pt-BR\",\"potentialAction\":[{\"@type\":\"ReadAction\",\"target\":[\"https:\\\/\\\/blogdoprosperi.com\\\/?p=55690\"]}]},{\"@type\":\"ImageObject\",\"inLanguage\":\"pt-BR\",\"@id\":\"https:\\\/\\\/blogdoprosperi.com\\\/?p=55690#primaryimage\",\"url\":\"https:\\\/\\\/i0.wp.com\\\/blogdoprosperi.com\\\/wp-content\\\/uploads\\\/2019\\\/06\\\/tite-brasil-bolivia-copa-america-14062019_7vayb96nx9dm1s6fvpi6p480l.jpg?fit=1920%2C1080&ssl=1\",\"contentUrl\":\"https:\\\/\\\/i0.wp.com\\\/blogdoprosperi.com\\\/wp-content\\\/uploads\\\/2019\\\/06\\\/tite-brasil-bolivia-copa-america-14062019_7vayb96nx9dm1s6fvpi6p480l.jpg?fit=1920%2C1080&ssl=1\",\"width\":1920,\"height\":1080,\"caption\":\"Tite anuncia a volta ao futebol \u2013 foto: CBF oficial\"},{\"@type\":\"BreadcrumbList\",\"@id\":\"https:\\\/\\\/blogdoprosperi.com\\\/?p=55690#breadcrumb\",\"itemListElement\":[{\"@type\":\"ListItem\",\"position\":1,\"name\":\"In\u00edcio\",\"item\":\"https:\\\/\\\/blogdoprosperi.com\\\/\"},{\"@type\":\"ListItem\",\"position\":2,\"name\":\"#Cr\u00f4nicaSab\u00e1tica #38 | Tite Anuncia Volta ao Futebol, Neymar e a Fiel Sonham\"}]},{\"@type\":\"WebSite\",\"@id\":\"https:\\\/\\\/blogdoprosperi.com\\\/#website\",\"url\":\"https:\\\/\\\/blogdoprosperi.com\\\/\",\"name\":\"PR\u00d3SPERI NEWS\",\"description\":\"TUDO \u00c9  FUTEBOL\",\"publisher\":{\"@id\":\"https:\\\/\\\/blogdoprosperi.com\\\/#\\\/schema\\\/person\\\/38100755ce3601861ee4fab9b5aa78e9\"},\"alternateName\":\"blogdoprosperi.com\",\"potentialAction\":[{\"@type\":\"SearchAction\",\"target\":{\"@type\":\"EntryPoint\",\"urlTemplate\":\"https:\\\/\\\/blogdoprosperi.com\\\/?s={search_term_string}\"},\"query-input\":{\"@type\":\"PropertyValueSpecification\",\"valueRequired\":true,\"valueName\":\"search_term_string\"}}],\"inLanguage\":\"pt-BR\"},{\"@type\":[\"Person\",\"Organization\"],\"@id\":\"https:\\\/\\\/blogdoprosperi.com\\\/#\\\/schema\\\/person\\\/38100755ce3601861ee4fab9b5aa78e9\",\"name\":\"Luiz Ant\u00f4nio Pr\u00f3speri\",\"pronouns\":\"ele\",\"image\":{\"@type\":\"ImageObject\",\"inLanguage\":\"pt-BR\",\"@id\":\"https:\\\/\\\/i0.wp.com\\\/blogdoprosperi.com\\\/wp-content\\\/uploads\\\/2026\\\/05\\\/cropped-8059e613-6002-42fa-961e-8e275f575d71-2-5.jpg?fit=1360%2C931&ssl=1\",\"url\":\"https:\\\/\\\/i0.wp.com\\\/blogdoprosperi.com\\\/wp-content\\\/uploads\\\/2026\\\/05\\\/cropped-8059e613-6002-42fa-961e-8e275f575d71-2-5.jpg?fit=1360%2C931&ssl=1\",\"contentUrl\":\"https:\\\/\\\/i0.wp.com\\\/blogdoprosperi.com\\\/wp-content\\\/uploads\\\/2026\\\/05\\\/cropped-8059e613-6002-42fa-961e-8e275f575d71-2-5.jpg?fit=1360%2C931&ssl=1\",\"width\":1360,\"height\":931,\"caption\":\"Luiz Ant\u00f4nio Pr\u00f3speri\"},\"logo\":{\"@id\":\"https:\\\/\\\/i0.wp.com\\\/blogdoprosperi.com\\\/wp-content\\\/uploads\\\/2026\\\/05\\\/cropped-8059e613-6002-42fa-961e-8e275f575d71-2-5.jpg?fit=1360%2C931&ssl=1\"},\"description\":\"Jornalista com carreira dedicada ao esporte. Cobriu 9 Copas do Mundo in loco, 1990 na It\u00e1lia, 1994 nos EUA, 1998 na Fran\u00e7a, 2002 na Coreia do Sul e Jap\u00e3o, 2006 na Alemanha, 2010 na \u00c1frica do Sul, 2014 no Brasil, 2018 na R\u00fassia e 2022 no Qatar. Eurocopas, 1992 na Su\u00e9cia e 1996 na Inglaterra. Copa das Confedera\u00e7\u00f5es de 2005 na Alemanha e 2009 na \u00c1frica do Sul. Rep\u00f3rter e Editor, trabalhou no Jornal da Tarde e Estad\u00e3o, de 1984 a fevereiro de 2016. Colunista, blogueiro. E comentarista de futebol na R\u00e1dio Estad\u00e3o, de 2013 a fevereiro de 2016. Jornalista respons\u00e1vel do \\\"Pr\u00f3speri News\\\" (blogdoprosperi.com).\",\"sameAs\":[\"http:\\\/\\\/blogdoprosperi.com\",\"Luiz Pr\u00f3speri\",\"@luiz_prosperi\",\"https:\\\/\\\/x.com\\\/Luizprosperi\",\"@prosperinacopa\",\"luiz.prosperi@icloud.com\"],\"url\":\"https:\\\/\\\/blogdoprosperi.com\\\/?author=102107496\"}]}<\/script>\n<!-- \/ Yoast SEO plugin. -->","yoast_head_json":{"title":"#Cr\u00f4nicaSab\u00e1tica #38 | Tite Anuncia Volta ao Futebol, Neymar e a Fiel Sonham - PR\u00d3SPERI NEWS","robots":{"index":"index","follow":"follow","max-snippet":"max-snippet:-1","max-image-preview":"max-image-preview:large","max-video-preview":"max-video-preview:-1"},"canonical":"https:\/\/blogdoprosperi.com\/?p=55690","og_locale":"pt_BR","og_type":"article","og_title":"#Cr\u00f4nicaSab\u00e1tica #38 | Tite Anuncia Volta ao Futebol, Neymar e a Fiel Sonham - PR\u00d3SPERI NEWS","og_description":"Luiz Ant\u00f4nio Pr\u00f3speri \u2013 22 novembro 2025 (12h59) \u2013 Tite, 64 anos, anuncia a volta ao futebol ap\u00f3s [&hellip;]","og_url":"https:\/\/blogdoprosperi.com\/?p=55690","og_site_name":"PR\u00d3SPERI NEWS","article_publisher":"Luiz Pr\u00f3speri","article_author":"Luiz Pr\u00f3speri","article_published_time":"2025-11-22T16:07:52+00:00","og_image":[{"width":1920,"height":1080,"url":"https:\/\/i0.wp.com\/blogdoprosperi.com\/wp-content\/uploads\/2019\/06\/tite-brasil-bolivia-copa-america-14062019_7vayb96nx9dm1s6fvpi6p480l.jpg?fit=1920%2C1080&ssl=1","type":"image\/jpeg"}],"author":"Luiz Ant\u00f4nio Pr\u00f3speri","twitter_card":"summary_large_image","twitter_creator":"@Luizprosperi","twitter_site":"@Luizprosperi","twitter_misc":{"Escrito por":"Luiz Ant\u00f4nio Pr\u00f3speri","Est. tempo de leitura":"2 minutos"},"schema":{"@context":"https:\/\/schema.org","@graph":[{"@type":"Article","@id":"https:\/\/blogdoprosperi.com\/?p=55690#article","isPartOf":{"@id":"https:\/\/blogdoprosperi.com\/?p=55690"},"author":{"name":"Luiz Ant\u00f4nio Pr\u00f3speri","@id":"https:\/\/blogdoprosperi.com\/#\/schema\/person\/38100755ce3601861ee4fab9b5aa78e9"},"headline":"#Cr\u00f4nicaSab\u00e1tica #38 | Tite Anuncia Volta ao Futebol, Neymar e a Fiel Sonham","datePublished":"2025-11-22T16:07:52+00:00","mainEntityOfPage":{"@id":"https:\/\/blogdoprosperi.com\/?p=55690"},"wordCount":482,"commentCount":0,"publisher":{"@id":"https:\/\/blogdoprosperi.com\/#\/schema\/person\/38100755ce3601861ee4fab9b5aa78e9"},"image":{"@id":"https:\/\/blogdoprosperi.com\/?p=55690#primaryimage"},"thumbnailUrl":"https:\/\/i0.wp.com\/blogdoprosperi.com\/wp-content\/uploads\/2019\/06\/tite-brasil-bolivia-copa-america-14062019_7vayb96nx9dm1s6fvpi6p480l.jpg?fit=1920%2C1080&ssl=1","keywords":["Corinthians","Neymar","SantosFC","Sele\u00e7\u00e3oBrasileira","Tite"],"articleSection":["cr\u00f4nica","futebol","Luiz Ant\u00f4nio Pr\u00f3speri"],"inLanguage":"pt-BR","potentialAction":[{"@type":"CommentAction","name":"Comment","target":["https:\/\/blogdoprosperi.com\/?p=55690#respond"]}]},{"@type":"WebPage","@id":"https:\/\/blogdoprosperi.com\/?p=55690","url":"https:\/\/blogdoprosperi.com\/?p=55690","name":"#Cr\u00f4nicaSab\u00e1tica #38 | Tite Anuncia Volta ao Futebol, Neymar e a Fiel Sonham - PR\u00d3SPERI NEWS","isPartOf":{"@id":"https:\/\/blogdoprosperi.com\/#website"},"primaryImageOfPage":{"@id":"https:\/\/blogdoprosperi.com\/?p=55690#primaryimage"},"image":{"@id":"https:\/\/blogdoprosperi.com\/?p=55690#primaryimage"},"thumbnailUrl":"https:\/\/i0.wp.com\/blogdoprosperi.com\/wp-content\/uploads\/2019\/06\/tite-brasil-bolivia-copa-america-14062019_7vayb96nx9dm1s6fvpi6p480l.jpg?fit=1920%2C1080&ssl=1","datePublished":"2025-11-22T16:07:52+00:00","breadcrumb":{"@id":"https:\/\/blogdoprosperi.com\/?p=55690#breadcrumb"},"inLanguage":"pt-BR","potentialAction":[{"@type":"ReadAction","target":["https:\/\/blogdoprosperi.com\/?p=55690"]}]},{"@type":"ImageObject","inLanguage":"pt-BR","@id":"https:\/\/blogdoprosperi.com\/?p=55690#primaryimage","url":"https:\/\/i0.wp.com\/blogdoprosperi.com\/wp-content\/uploads\/2019\/06\/tite-brasil-bolivia-copa-america-14062019_7vayb96nx9dm1s6fvpi6p480l.jpg?fit=1920%2C1080&ssl=1","contentUrl":"https:\/\/i0.wp.com\/blogdoprosperi.com\/wp-content\/uploads\/2019\/06\/tite-brasil-bolivia-copa-america-14062019_7vayb96nx9dm1s6fvpi6p480l.jpg?fit=1920%2C1080&ssl=1","width":1920,"height":1080,"caption":"Tite anuncia a volta ao futebol \u2013 foto: CBF oficial"},{"@type":"BreadcrumbList","@id":"https:\/\/blogdoprosperi.com\/?p=55690#breadcrumb","itemListElement":[{"@type":"ListItem","position":1,"name":"In\u00edcio","item":"https:\/\/blogdoprosperi.com\/"},{"@type":"ListItem","position":2,"name":"#Cr\u00f4nicaSab\u00e1tica #38 | Tite Anuncia Volta ao Futebol, Neymar e a Fiel Sonham"}]},{"@type":"WebSite","@id":"https:\/\/blogdoprosperi.com\/#website","url":"https:\/\/blogdoprosperi.com\/","name":"PR\u00d3SPERI NEWS","description":"TUDO \u00c9  FUTEBOL","publisher":{"@id":"https:\/\/blogdoprosperi.com\/#\/schema\/person\/38100755ce3601861ee4fab9b5aa78e9"},"alternateName":"blogdoprosperi.com","potentialAction":[{"@type":"SearchAction","target":{"@type":"EntryPoint","urlTemplate":"https:\/\/blogdoprosperi.com\/?s={search_term_string}"},"query-input":{"@type":"PropertyValueSpecification","valueRequired":true,"valueName":"search_term_string"}}],"inLanguage":"pt-BR"},{"@type":["Person","Organization"],"@id":"https:\/\/blogdoprosperi.com\/#\/schema\/person\/38100755ce3601861ee4fab9b5aa78e9","name":"Luiz Ant\u00f4nio Pr\u00f3speri","pronouns":"ele","image":{"@type":"ImageObject","inLanguage":"pt-BR","@id":"https:\/\/i0.wp.com\/blogdoprosperi.com\/wp-content\/uploads\/2026\/05\/cropped-8059e613-6002-42fa-961e-8e275f575d71-2-5.jpg?fit=1360%2C931&ssl=1","url":"https:\/\/i0.wp.com\/blogdoprosperi.com\/wp-content\/uploads\/2026\/05\/cropped-8059e613-6002-42fa-961e-8e275f575d71-2-5.jpg?fit=1360%2C931&ssl=1","contentUrl":"https:\/\/i0.wp.com\/blogdoprosperi.com\/wp-content\/uploads\/2026\/05\/cropped-8059e613-6002-42fa-961e-8e275f575d71-2-5.jpg?fit=1360%2C931&ssl=1","width":1360,"height":931,"caption":"Luiz Ant\u00f4nio Pr\u00f3speri"},"logo":{"@id":"https:\/\/i0.wp.com\/blogdoprosperi.com\/wp-content\/uploads\/2026\/05\/cropped-8059e613-6002-42fa-961e-8e275f575d71-2-5.jpg?fit=1360%2C931&ssl=1"},"description":"Jornalista com carreira dedicada ao esporte. Cobriu 9 Copas do Mundo in loco, 1990 na It\u00e1lia, 1994 nos EUA, 1998 na Fran\u00e7a, 2002 na Coreia do Sul e Jap\u00e3o, 2006 na Alemanha, 2010 na \u00c1frica do Sul, 2014 no Brasil, 2018 na R\u00fassia e 2022 no Qatar. Eurocopas, 1992 na Su\u00e9cia e 1996 na Inglaterra. Copa das Confedera\u00e7\u00f5es de 2005 na Alemanha e 2009 na \u00c1frica do Sul. Rep\u00f3rter e Editor, trabalhou no Jornal da Tarde e Estad\u00e3o, de 1984 a fevereiro de 2016. Colunista, blogueiro. E comentarista de futebol na R\u00e1dio Estad\u00e3o, de 2013 a fevereiro de 2016. Jornalista respons\u00e1vel do \"Pr\u00f3speri News\" (blogdoprosperi.com).","sameAs":["http:\/\/blogdoprosperi.com","Luiz Pr\u00f3speri","@luiz_prosperi","https:\/\/x.com\/Luizprosperi","@prosperinacopa","luiz.prosperi@icloud.com"],"url":"https:\/\/blogdoprosperi.com\/?author=102107496"}]}},"jetpack_publicize_connections":[],"jetpack_likes_enabled":false,"jetpack_sharing_enabled":true,"jetpack_shortlink":"https:\/\/wp.me\/p7jvdk-eue","jetpack-related-posts":[{"id":49330,"url":"https:\/\/blogdoprosperi.com\/?p=49330","url_meta":{"origin":55690,"position":0},"title":"Dorival J\u00fanior Demitido | Sem Atropelos, CBF Corre Atr\u00e1s de Novo Treinador","author":"Luiz Ant\u00f4nio Pr\u00f3speri","date":"28 de mar\u00e7o de 2025","format":false,"excerpt":"Luiz Ant\u00f4nio Pr\u00f3speri \u2013 28 mar\u00e7o (19h05) \u2013 Sele\u00e7\u00e3o Brasileira est\u00e1 sem treinador desde \u00e0s 18h desta sexta-feira (28\/3) quando a CBF anuncia de forma oficial a demiss\u00e3o de Dorival J\u00fanior. Presidente Ednaldo Rodrigues adianta que s\u00f3 agora, com o cargo vago, vai em busca de um novo t\u00e9cnico. Analistas\u2026","rel":"","context":"Em &quot;informa\u00e7\u00e3o&quot;","block_context":{"text":"informa\u00e7\u00e3o","link":"https:\/\/blogdoprosperi.com\/?cat=20384"},"img":{"alt_text":"Jesus e Filipe, juntos na Sele\u00e7\u00e3o ?","src":"https:\/\/i0.wp.com\/blogdoprosperi.com\/wp-content\/uploads\/2025\/03\/captura-de-tela-2025-03-28-as-18.57.54.png?fit=1200%2C642&ssl=1&resize=350%2C200","width":350,"height":200,"srcset":"https:\/\/i0.wp.com\/blogdoprosperi.com\/wp-content\/uploads\/2025\/03\/captura-de-tela-2025-03-28-as-18.57.54.png?fit=1200%2C642&ssl=1&resize=350%2C200 1x, https:\/\/i0.wp.com\/blogdoprosperi.com\/wp-content\/uploads\/2025\/03\/captura-de-tela-2025-03-28-as-18.57.54.png?fit=1200%2C642&ssl=1&resize=525%2C300 1.5x, https:\/\/i0.wp.com\/blogdoprosperi.com\/wp-content\/uploads\/2025\/03\/captura-de-tela-2025-03-28-as-18.57.54.png?fit=1200%2C642&ssl=1&resize=700%2C400 2x, https:\/\/i0.wp.com\/blogdoprosperi.com\/wp-content\/uploads\/2025\/03\/captura-de-tela-2025-03-28-as-18.57.54.png?fit=1200%2C642&ssl=1&resize=1050%2C600 3x"},"classes":[]},{"id":41680,"url":"https:\/\/blogdoprosperi.com\/?p=41680","url_meta":{"origin":55690,"position":1},"title":"Cuca cai fora do Corinthians, vit\u00f3ria da torcida","author":"Luiz Ant\u00f4nio Pr\u00f3speri","date":"27 de abril de 2023","format":false,"excerpt":"Sa\u00edda de Cuca do Corinthians nesse final de abril de 2023 vem de sua condena\u00e7\u00e3o por estupro na Su\u00ed\u00e7a em 1987","rel":"","context":"Em &quot;catar 2022&quot;","block_context":{"text":"catar 2022","link":"https:\/\/blogdoprosperi.com\/?cat=47094043"},"img":{"alt_text":"","src":"https:\/\/i0.wp.com\/blogdoprosperi.com\/wp-content\/uploads\/2023\/04\/1418334693-11281152443b1b7058f2bk.webp?fit=774%2C516&ssl=1&resize=350%2C200","width":350,"height":200,"srcset":"https:\/\/i0.wp.com\/blogdoprosperi.com\/wp-content\/uploads\/2023\/04\/1418334693-11281152443b1b7058f2bk.webp?fit=774%2C516&ssl=1&resize=350%2C200 1x, https:\/\/i0.wp.com\/blogdoprosperi.com\/wp-content\/uploads\/2023\/04\/1418334693-11281152443b1b7058f2bk.webp?fit=774%2C516&ssl=1&resize=525%2C300 1.5x, https:\/\/i0.wp.com\/blogdoprosperi.com\/wp-content\/uploads\/2023\/04\/1418334693-11281152443b1b7058f2bk.webp?fit=774%2C516&ssl=1&resize=700%2C400 2x"},"classes":[]},{"id":37488,"url":"https:\/\/blogdoprosperi.com\/?p=37488","url_meta":{"origin":55690,"position":2},"title":"Invent\u00e1rio da derrota (2): A Copa deslumbrada de Tite","author":"Luiz Ant\u00f4nio Pr\u00f3speri","date":"13 de julho de 2018","format":false,"excerpt":"Luiz Ant\u00f4nio Pr\u00f3speri, de Moscou \/ R\u00fassia Tite desembarcou na R\u00fassia uma unanimidade no Brasil. Nunca um treinador brasileiro, na hist\u00f3ria recente do futebol, chegava ao Mundial t\u00e3o senhor de si. Escorado nos gritos dos est\u00e1dios brasileiros na campanha das Eliminat\u00f3rias \u201cTite, Tite, Tite\u201d, mais que \u201cNeymar, Neymar\u201d, e at\u00e9\u2026","rel":"","context":"Em &quot;Copa do Mundo 2018&quot;","block_context":{"text":"Copa do Mundo 2018","link":"https:\/\/blogdoprosperi.com\/?cat=43723753"},"img":{"alt_text":"","src":"https:\/\/i0.wp.com\/blogdoprosperi.com\/wp-content\/uploads\/2018\/07\/24159119.jpg?fit=700%2C466&ssl=1&resize=350%2C200","width":350,"height":200,"srcset":"https:\/\/i0.wp.com\/blogdoprosperi.com\/wp-content\/uploads\/2018\/07\/24159119.jpg?fit=700%2C466&ssl=1&resize=350%2C200 1x, https:\/\/i0.wp.com\/blogdoprosperi.com\/wp-content\/uploads\/2018\/07\/24159119.jpg?fit=700%2C466&ssl=1&resize=525%2C300 1.5x, https:\/\/i0.wp.com\/blogdoprosperi.com\/wp-content\/uploads\/2018\/07\/24159119.jpg?fit=700%2C466&ssl=1&resize=700%2C400 2x"},"classes":[]},{"id":47698,"url":"https:\/\/blogdoprosperi.com\/?p=47698","url_meta":{"origin":55690,"position":3},"title":"Neymar Anuncia Volta ao Santos | &#8220;S\u00f3 Jogando Futebol \u00c9 Que Sou Feliz&#8221;","author":"Luiz Ant\u00f4nio Pr\u00f3speri","date":"30 de janeiro de 2025","format":false,"excerpt":"Neymar anuncia sua volta ao Santos em v\u00eddeo produzido em Riad, Ar\u00e1bia Saudita. Jogador retorna ao Brasil a tempo de se apresentar na Vila Belmiro com a camisa 10 do Santos ainda nesta sexta-feria (31\/1). https:\/\/www.instagram.com\/reel\/DFddszsy_9k\/?utm_source=ig_web_copy_link&igsh=MzRlODBiNWFlZA==","rel":"","context":"Em &quot;futebol&quot;","block_context":{"text":"futebol","link":"https:\/\/blogdoprosperi.com\/?cat=53870"},"img":{"alt_text":"","src":"https:\/\/i0.wp.com\/blogdoprosperi.com\/wp-content\/uploads\/2019\/04\/neymar-agride-torcedor.jpg?fit=1200%2C676&ssl=1&resize=350%2C200","width":350,"height":200,"srcset":"https:\/\/i0.wp.com\/blogdoprosperi.com\/wp-content\/uploads\/2019\/04\/neymar-agride-torcedor.jpg?fit=1200%2C676&ssl=1&resize=350%2C200 1x, https:\/\/i0.wp.com\/blogdoprosperi.com\/wp-content\/uploads\/2019\/04\/neymar-agride-torcedor.jpg?fit=1200%2C676&ssl=1&resize=525%2C300 1.5x, https:\/\/i0.wp.com\/blogdoprosperi.com\/wp-content\/uploads\/2019\/04\/neymar-agride-torcedor.jpg?fit=1200%2C676&ssl=1&resize=700%2C400 2x, https:\/\/i0.wp.com\/blogdoprosperi.com\/wp-content\/uploads\/2019\/04\/neymar-agride-torcedor.jpg?fit=1200%2C676&ssl=1&resize=1050%2C600 3x"},"classes":[]},{"id":38849,"url":"https:\/\/blogdoprosperi.com\/?p=38849","url_meta":{"origin":55690,"position":4},"title":"Messi levanta a ta\u00e7a, Neymar derruba l\u00e1grimas. Tite pode pagar a conta","author":"Luiz Ant\u00f4nio Pr\u00f3speri","date":"11 de julho de 2021","format":false,"excerpt":"Se a CBF estivesse navegando em \u00e1guas calmas, uma hora dessa Tite n\u00e3o seria mais t\u00e9cnico da Sele\u00e7\u00e3o Brasileira.","rel":"","context":"Em &quot;copa do mundo catar 2022&quot;","block_context":{"text":"copa do mundo catar 2022","link":"https:\/\/blogdoprosperi.com\/?cat=301049609"},"img":{"alt_text":"Argentina campe\u00e3 Copa Am\u00e9rica 2021","src":"https:\/\/i0.wp.com\/blogdoprosperi.com\/wp-content\/uploads\/2021\/07\/kcefarf2inn6vmg6o6qxr72bdi.jpg?fit=1200%2C787&ssl=1&resize=350%2C200","width":350,"height":200,"srcset":"https:\/\/i0.wp.com\/blogdoprosperi.com\/wp-content\/uploads\/2021\/07\/kcefarf2inn6vmg6o6qxr72bdi.jpg?fit=1200%2C787&ssl=1&resize=350%2C200 1x, https:\/\/i0.wp.com\/blogdoprosperi.com\/wp-content\/uploads\/2021\/07\/kcefarf2inn6vmg6o6qxr72bdi.jpg?fit=1200%2C787&ssl=1&resize=525%2C300 1.5x, https:\/\/i0.wp.com\/blogdoprosperi.com\/wp-content\/uploads\/2021\/07\/kcefarf2inn6vmg6o6qxr72bdi.jpg?fit=1200%2C787&ssl=1&resize=700%2C400 2x, https:\/\/i0.wp.com\/blogdoprosperi.com\/wp-content\/uploads\/2021\/07\/kcefarf2inn6vmg6o6qxr72bdi.jpg?fit=1200%2C787&ssl=1&resize=1050%2C600 3x"},"classes":[]},{"id":45389,"url":"https:\/\/blogdoprosperi.com\/?p=45389","url_meta":{"origin":55690,"position":5},"title":"Flamengo Perde do Pe\u00f1arol e Tite Fica \u00c0 Beira do Precip\u00edcio","author":"Luiz Ant\u00f4nio Pr\u00f3speri","date":"19 de setembro de 2024","format":false,"excerpt":"Luiz Ant\u00f4nio Pr\u00f3speri \u2013 19 setembro (22h00) Flamengo perde do Pe\u00f1arol no Maracan\u00e3 apinhado por pouco mais de 64 mil torcedores. Muita gente a aumentar decib\u00e9is nas vaias e xingamentos a Tite e boa parte dos jogadores rubro-negros. Pulso da torcida traduz muito bem o que tem sido o Flamengo\u2026","rel":"","context":"Em &quot;futebol&quot;","block_context":{"text":"futebol","link":"https:\/\/blogdoprosperi.com\/?cat=53870"},"img":{"alt_text":"Pe\u00f1arol vence Flamengo e complica Tite","src":"https:\/\/i0.wp.com\/blogdoprosperi.com\/wp-content\/uploads\/2024\/09\/tite-flamengo-libertadores-1.webp?fit=640%2C400&ssl=1&resize=350%2C200","width":350,"height":200,"srcset":"https:\/\/i0.wp.com\/blogdoprosperi.com\/wp-content\/uploads\/2024\/09\/tite-flamengo-libertadores-1.webp?fit=640%2C400&ssl=1&resize=350%2C200 1x, https:\/\/i0.wp.com\/blogdoprosperi.com\/wp-content\/uploads\/2024\/09\/tite-flamengo-libertadores-1.webp?fit=640%2C400&ssl=1&resize=525%2C300 1.5x"},"classes":[]}],"jetpack_featured_media_url":"https:\/\/i0.wp.com\/blogdoprosperi.com\/wp-content\/uploads\/2019\/06\/tite-brasil-bolivia-copa-america-14062019_7vayb96nx9dm1s6fvpi6p480l.jpg?fit=1920%2C1080&ssl=1","_links":{"self":[{"href":"https:\/\/blogdoprosperi.com\/index.php?rest_route=\/wp\/v2\/posts\/55690","targetHints":{"allow":["GET"]}}],"collection":[{"href":"https:\/\/blogdoprosperi.com\/index.php?rest_route=\/wp\/v2\/posts"}],"about":[{"href":"https:\/\/blogdoprosperi.com\/index.php?rest_route=\/wp\/v2\/types\/post"}],"author":[{"embeddable":true,"href":"https:\/\/blogdoprosperi.com\/index.php?rest_route=\/wp\/v2\/users\/102107496"}],"replies":[{"embeddable":true,"href":"https:\/\/blogdoprosperi.com\/index.php?rest_route=%2Fwp%2Fv2%2Fcomments&post=55690"}],"version-history":[{"count":4,"href":"https:\/\/blogdoprosperi.com\/index.php?rest_route=\/wp\/v2\/posts\/55690\/revisions"}],"predecessor-version":[{"id":55694,"href":"https:\/\/blogdoprosperi.com\/index.php?rest_route=\/wp\/v2\/posts\/55690\/revisions\/55694"}],"wp:featuredmedia":[{"embeddable":true,"href":"https:\/\/blogdoprosperi.com\/index.php?rest_route=\/wp\/v2\/media\/37762"}],"wp:attachment":[{"href":"https:\/\/blogdoprosperi.com\/index.php?rest_route=%2Fwp%2Fv2%2Fmedia&parent=55690"}],"wp:term":[{"taxonomy":"category","embeddable":true,"href":"https:\/\/blogdoprosperi.com\/index.php?rest_route=%2Fwp%2Fv2%2Fcategories&post=55690"},{"taxonomy":"post_tag","embeddable":true,"href":"https:\/\/blogdoprosperi.com\/index.php?rest_route=%2Fwp%2Fv2%2Ftags&post=55690"}],"curies":[{"name":"wp","href":"https:\/\/api.w.org\/{rel}","templated":true}]}}