{"id":55774,"date":"2025-11-30T14:26:25","date_gmt":"2025-11-30T17:26:25","guid":{"rendered":"https:\/\/blogdoprosperi.com\/?p=55774"},"modified":"2025-11-30T14:47:18","modified_gmt":"2025-11-30T17:47:18","slug":"flamengo-tetra-palmeiras-vice-proximo-episodio-o-imperio-contra-ataca","status":"publish","type":"post","link":"https:\/\/blogdoprosperi.com\/?p=55774","title":{"rendered":"Flamengo Tetra, Palmeiras vice | Pr\u00f3ximo Epis\u00f3dio: O Imp\u00e9rio Contra-Ataca"},"content":{"rendered":"<p><em>Luiz Ant\u00f4nio Pr\u00f3speri \u2013 30 novembro 2025 (14h09) \u2013<\/em><\/p>\n<p>Flamengo \u00e9 tetra da Libertadores. Palmeiras vice. Se a ordem fosse invertida, Palmeiras campe\u00e3o e Flamengo vice, em nada mudaria a proje\u00e7\u00e3o do futebol brasileiro pelo menos para os pr\u00f3ximos cinco anos. Os dois clubes t\u00eam tudo a continuar e at\u00e9 estender o imp\u00e9rio tendo em vista a concorr\u00eancia no pa\u00eds. Alicerces est\u00e3o bem erguidos. E n\u00e3o h\u00e1 o menor sinal de fadiga do material. Essa \u00e9 a p\u00e9ssima not\u00edcia aos demais clubes. Queiram ou n\u00e3o, ter\u00e3o de encarar essa hegemonia.<\/p>\n<p>Sob o olhar do futebol carioca, sede do Flamengo, n\u00e3o h\u00e1 uma amea\u00e7a imediata. Botafogo poderia se intrometer, como fez na temporada 2024 levando Libertadores e Brasileir\u00e3o. O problema \u00e9 que a origem do dinheiro e o modelo de gest\u00e3o de sua SAF se esgotaram em 2025 com as trapalhadas e neg\u00f3cios duvidosos de seu mentor John Textor. Ali\u00e1s, o Textor das bravatas e megalomanias do ano passado anda mais boquirroto do que um ventr\u00edloquo.<\/p>\n<p>Fluminense, campe\u00e3o da Libertadores 2023, ensaia mudan\u00e7a de rumos em busca de uma SAF para chamar de sua. Vai levar tempo a construir novos andares. E o Vasco nem deveria ser uma preocupa\u00e7\u00e3o, por menor que seja. O Vasco talvez nem em cinco anos consiga estar entre os primeiros.<\/p>\n<p>Portanto, vida longu\u00edssima ao Flamengo entre seus concorrentes que buscam escalar os muros altos do castelo rubro-negro.<\/p>\n<p>Sob o olhar paulista, sede do Palmeiras, \u00e9 at\u00e9 desleal falar em amea\u00e7a. S\u00e3o Paulo vive a pulveriza\u00e7\u00e3o \u00a0perdido em modelos de gest\u00f5es do s\u00e9culo passado. N\u00e3o h\u00e1 ind\u00edcios de uma recupera\u00e7\u00e3o r\u00e1pida no horizonte. O mesmo pode se dizer do Corinthians mergulhado em d\u00edvida colossal e sem um caminho a seguir na luta para emergir.<\/p>\n<p>Santos \u00e9 outro perdido no espa\u00e7o. Aos poucos se entrega a Neymar dentro de campo e na diretriz administrativa. Escolhe nesse momento ser ref\u00e9m de uma criatura nascida em seu ber\u00e7o. N\u00e3o h\u00e1 perspectivas de uma nova ascens\u00e3o a curto prazo.<\/p>\n<p>Portanto, vida longu\u00edssima tamb\u00e9m ao Palmeiras entre seus concorrentes que mais se contentam em bater o rival no Paulist\u00e3o e nos confrontos diretos a pensar no seu destino.<\/p>\n<p>Sem ser acossados em seus territ\u00f3rios, Flamengo e Palmeiras tamb\u00e9m n\u00e3o correm grandes riscos no cen\u00e1rio nacional. Do Sul, o Gr\u00eamio sonha alto sob a nova dire\u00e7\u00e3o de um megaempres\u00e1rio. O Inter cava seu pr\u00f3prio buraco. Parece que quanto mais fundo, melhor.<\/p>\n<p>Em Minas, Atl\u00e9tico vive a travessia de uma SAF sem um norte e muitas vezes perdul\u00e1ria. O Cruzeiro, por enquanto, se sente mais confort\u00e1vel n\u00e3os m\u00e3os de um torcedor-presidente bilion\u00e1rio. N\u00e3o se sabe at\u00e9 quando vai se divertir com seu brinquedinho.<\/p>\n<p>Do Nordeste, no Bahia, vivendo \u00e0 sombra do dinheiro dos Emirados \u00c1rabes investido no Grupo City, dono do Manchester City, as proje\u00e7\u00f5es a longo prazo podem transformar o clube em amea\u00e7a a Flamengo e Palmeiras. Bora Bah\u00eaa!<\/p>\n<p>Vamos entrar em 2026 sem grandes solavancos. Flamengo e Palmeiras t\u00eam as cartas nas m\u00e3os.<\/p>\n<p>E para falar de futebol em si, a decis\u00e3o da Libertadores n\u00e3o foi de uma superioridade absurda entre um e outro. Flamengo venceu por jogar melhor e contar com jogadores de muito lastro. Palmeiras perdeu por jogar pior que o advers\u00e1rio e por ter uma equipe ainda em forma\u00e7\u00e3o.<\/p>\n<p>Essa \u00e9 outra not\u00edcia ruim aos concorrentes. Os dois devem chegar mais inteiros e prontos na pr\u00f3xima temporada. Flamengo pode e vai injetar sangue novo a dar sustenta\u00e7\u00e3o a seus quase veteranos. O Palmeiras vai amadurecer sua turma e ter refor\u00e7os de respeito com a volta de Paulinho, Evangelista e Weverton.<\/p>\n<p>Quanto aos comandantes, Abel Ferreira diz que fica at\u00e9 2027 e Filipe Luis se encaminha para n\u00e3o sair antes de 2027 tamb\u00e9m.<\/p>\n<p>Numa gal\u00e1xia assim n\u00e3o t\u00e3o distante t\u00ednhamos &#8220;Uma Nova Esperan\u00e7a&#8221; com ascens\u00e3o de Flamengo e Palmeiras desde 2015. O pr\u00f3ximo epis\u00f3dio da s\u00e9rie \u00e9 &#8220;O Imp\u00e9rio Contra-Ataca&#8221;. Ou seja, os dois prometem mais batalhas \u00e9picas entre eles. N\u00e3o h\u00e1 mais vida em outras estrelas.<\/p>\n<figure id=\"attachment_55785\" aria-describedby=\"caption-attachment-55785\" style=\"width: 592px\" class=\"wp-caption alignnone\"><img data-recalc-dims=\"1\" loading=\"lazy\" decoding=\"async\" data-attachment-id=\"55785\" data-permalink=\"https:\/\/blogdoprosperi.com\/?attachment_id=55785\" data-orig-file=\"https:\/\/i0.wp.com\/blogdoprosperi.com\/wp-content\/uploads\/2025\/11\/g6tfqvgxiaagidy.jpeg?fit=720%2C900&amp;ssl=1\" data-orig-size=\"720,900\" data-comments-opened=\"1\" data-image-meta=\"{&quot;aperture&quot;:&quot;0&quot;,&quot;credit&quot;:&quot;&quot;,&quot;camera&quot;:&quot;&quot;,&quot;caption&quot;:&quot;&quot;,&quot;created_timestamp&quot;:&quot;0&quot;,&quot;copyright&quot;:&quot;&quot;,&quot;focal_length&quot;:&quot;0&quot;,&quot;iso&quot;:&quot;0&quot;,&quot;shutter_speed&quot;:&quot;0&quot;,&quot;title&quot;:&quot;&quot;,&quot;orientation&quot;:&quot;0&quot;}\" data-image-title=\"Danilo do Flamengo\" data-image-description=\"\" data-image-caption=\"&lt;p&gt;Danilo, autor do gol do tetra do Flamengo \u2013 foto: X Conmebol oficial&lt;\/p&gt;\n\" data-large-file=\"https:\/\/i0.wp.com\/blogdoprosperi.com\/wp-content\/uploads\/2025\/11\/g6tfqvgxiaagidy.jpeg?fit=720%2C900&amp;ssl=1\" class=\" wp-image-55785\" src=\"https:\/\/i0.wp.com\/blogdoprosperi.com\/wp-content\/uploads\/2025\/11\/g6tfqvgxiaagidy.jpeg?resize=592%2C740&#038;ssl=1\" alt=\"\" width=\"592\" height=\"740\" \/><figcaption id=\"caption-attachment-55785\" class=\"wp-caption-text\"><em>Danilo, autor do gol do tetra do Flamengo \u2013 foto: X Conmebol oficial<\/em><\/figcaption><\/figure>\n","protected":false},"excerpt":{"rendered":"<p>Luiz Ant\u00f4nio Pr\u00f3speri \u2013 30 novembro 2025 (14h09) \u2013 Flamengo \u00e9 tetra da Libertadores. Palmeiras vice. Se a [&hellip;]<\/p>\n","protected":false},"author":102107496,"featured_media":55780,"comment_status":"open","ping_status":"open","sticky":false,"template":"","format":"standard","meta":{"_coblocks_attr":"","_coblocks_dimensions":"","_coblocks_responsive_height":"","_coblocks_accordion_ie_support":"","_jetpack_newsletter_access":"","_jetpack_dont_email_post_to_subs":false,"_jetpack_newsletter_tier_id":0,"_jetpack_memberships_contains_paywalled_content":false,"_wpcom_ai_launchpad_first_post":false,"_jetpack_feature_clip_id":0,"_jetpack_memberships_contains_paid_content":false,"footnotes":"","jetpack_publicize_message":"","jetpack_publicize_feature_enabled":true,"jetpack_social_post_already_shared":false,"jetpack_social_options":{"image_generator_settings":{"template":"highway","default_image_id":0,"font":"","enabled":false},"version":2},"jetpack_post_was_ever_published":false},"categories":[53870,780610952,38115653,3919],"tags":[720071420,783177090,785166202,785745923,789560585],"class_list":["post-55774","post","type-post","status-publish","format-standard","has-post-thumbnail","hentry","category-futebol","category-libertadores2025","category-luiz-antonio-prosperi","category-opiniao","tag-abelferreira","tag-filipeluiz","tag-finallibertadores2025","tag-flamengo1x0palmeiras","tag-libertadores2025"],"yoast_head":"<!-- This site is optimized with the Yoast SEO plugin v28.3 - https:\/\/yoast.com\/product\/yoast-seo-wordpress\/ -->\n<title>Flamengo Tetra, Palmeiras vice | Pr\u00f3ximo Epis\u00f3dio: O Imp\u00e9rio Contra-Ataca - PR\u00d3SPERI NEWS<\/title>\n<meta name=\"robots\" content=\"index, follow, max-snippet:-1, max-image-preview:large, max-video-preview:-1\" \/>\n<link rel=\"canonical\" href=\"https:\/\/blogdoprosperi.com\/?p=55774\" \/>\n<meta property=\"og:locale\" content=\"pt_BR\" \/>\n<meta property=\"og:type\" content=\"article\" \/>\n<meta property=\"og:title\" content=\"Flamengo Tetra, Palmeiras vice | Pr\u00f3ximo Epis\u00f3dio: O Imp\u00e9rio Contra-Ataca - PR\u00d3SPERI NEWS\" \/>\n<meta property=\"og:description\" content=\"Luiz Ant\u00f4nio Pr\u00f3speri \u2013 30 novembro 2025 (14h09) \u2013 Flamengo \u00e9 tetra da Libertadores. Palmeiras vice. Se a [&hellip;]\" \/>\n<meta property=\"og:url\" content=\"https:\/\/blogdoprosperi.com\/?p=55774\" \/>\n<meta property=\"og:site_name\" content=\"PR\u00d3SPERI NEWS\" \/>\n<meta property=\"article:publisher\" content=\"Luiz Pr\u00f3speri\" \/>\n<meta property=\"article:author\" content=\"Luiz Pr\u00f3speri\" \/>\n<meta property=\"article:published_time\" content=\"2025-11-30T17:26:25+00:00\" \/>\n<meta property=\"article:modified_time\" content=\"2025-11-30T17:47:18+00:00\" \/>\n<meta property=\"og:image\" content=\"https:\/\/i0.wp.com\/blogdoprosperi.com\/wp-content\/uploads\/2025\/11\/captura-de-tela-2025-11-30-as-14.15.24.png?fit=1212%2C844&ssl=1\" \/>\n\t<meta property=\"og:image:width\" content=\"1212\" \/>\n\t<meta property=\"og:image:height\" content=\"844\" \/>\n\t<meta property=\"og:image:type\" content=\"image\/png\" \/>\n<meta name=\"author\" content=\"Luiz Ant\u00f4nio Pr\u00f3speri\" \/>\n<meta name=\"twitter:card\" content=\"summary_large_image\" \/>\n<meta name=\"twitter:creator\" content=\"@Luizprosperi\" \/>\n<meta name=\"twitter:site\" content=\"@Luizprosperi\" \/>\n<meta name=\"twitter:label1\" content=\"Escrito por\" \/>\n\t<meta name=\"twitter:data1\" content=\"Luiz Ant\u00f4nio Pr\u00f3speri\" \/>\n\t<meta name=\"twitter:label2\" content=\"Est. tempo de leitura\" \/>\n\t<meta name=\"twitter:data2\" content=\"4 minutos\" \/>\n<script type=\"application\/ld+json\" class=\"yoast-schema-graph\">{\"@context\":\"https:\\\/\\\/schema.org\",\"@graph\":[{\"@type\":\"Article\",\"@id\":\"https:\\\/\\\/blogdoprosperi.com\\\/?p=55774#article\",\"isPartOf\":{\"@id\":\"https:\\\/\\\/blogdoprosperi.com\\\/?p=55774\"},\"author\":{\"name\":\"Luiz Ant\u00f4nio Pr\u00f3speri\",\"@id\":\"https:\\\/\\\/blogdoprosperi.com\\\/#\\\/schema\\\/person\\\/38100755ce3601861ee4fab9b5aa78e9\"},\"headline\":\"Flamengo Tetra, Palmeiras vice | Pr\u00f3ximo Epis\u00f3dio: O Imp\u00e9rio Contra-Ataca\",\"datePublished\":\"2025-11-30T17:26:25+00:00\",\"dateModified\":\"2025-11-30T17:47:18+00:00\",\"mainEntityOfPage\":{\"@id\":\"https:\\\/\\\/blogdoprosperi.com\\\/?p=55774\"},\"wordCount\":754,\"commentCount\":0,\"publisher\":{\"@id\":\"https:\\\/\\\/blogdoprosperi.com\\\/#\\\/schema\\\/person\\\/38100755ce3601861ee4fab9b5aa78e9\"},\"image\":{\"@id\":\"https:\\\/\\\/blogdoprosperi.com\\\/?p=55774#primaryimage\"},\"thumbnailUrl\":\"https:\\\/\\\/i0.wp.com\\\/blogdoprosperi.com\\\/wp-content\\\/uploads\\\/2025\\\/11\\\/captura-de-tela-2025-11-30-as-14.15.24.png?fit=1212%2C844&ssl=1\",\"keywords\":[\"abelferreira\",\"filipeluiz\",\"finallibertadores2025\",\"flamengo1x0palmeiras\",\"Libertadores2025\"],\"articleSection\":[\"futebol\",\"Libertadores2025\",\"Luiz Ant\u00f4nio Pr\u00f3speri\",\"opini\u00e3o\"],\"inLanguage\":\"pt-BR\",\"potentialAction\":[{\"@type\":\"CommentAction\",\"name\":\"Comment\",\"target\":[\"https:\\\/\\\/blogdoprosperi.com\\\/?p=55774#respond\"]}]},{\"@type\":\"WebPage\",\"@id\":\"https:\\\/\\\/blogdoprosperi.com\\\/?p=55774\",\"url\":\"https:\\\/\\\/blogdoprosperi.com\\\/?p=55774\",\"name\":\"Flamengo Tetra, Palmeiras vice | Pr\u00f3ximo Epis\u00f3dio: O Imp\u00e9rio Contra-Ataca - PR\u00d3SPERI NEWS\",\"isPartOf\":{\"@id\":\"https:\\\/\\\/blogdoprosperi.com\\\/#website\"},\"primaryImageOfPage\":{\"@id\":\"https:\\\/\\\/blogdoprosperi.com\\\/?p=55774#primaryimage\"},\"image\":{\"@id\":\"https:\\\/\\\/blogdoprosperi.com\\\/?p=55774#primaryimage\"},\"thumbnailUrl\":\"https:\\\/\\\/i0.wp.com\\\/blogdoprosperi.com\\\/wp-content\\\/uploads\\\/2025\\\/11\\\/captura-de-tela-2025-11-30-as-14.15.24.png?fit=1212%2C844&ssl=1\",\"datePublished\":\"2025-11-30T17:26:25+00:00\",\"dateModified\":\"2025-11-30T17:47:18+00:00\",\"breadcrumb\":{\"@id\":\"https:\\\/\\\/blogdoprosperi.com\\\/?p=55774#breadcrumb\"},\"inLanguage\":\"pt-BR\",\"potentialAction\":[{\"@type\":\"ReadAction\",\"target\":[\"https:\\\/\\\/blogdoprosperi.com\\\/?p=55774\"]}]},{\"@type\":\"ImageObject\",\"inLanguage\":\"pt-BR\",\"@id\":\"https:\\\/\\\/blogdoprosperi.com\\\/?p=55774#primaryimage\",\"url\":\"https:\\\/\\\/i0.wp.com\\\/blogdoprosperi.com\\\/wp-content\\\/uploads\\\/2025\\\/11\\\/captura-de-tela-2025-11-30-as-14.15.24.png?fit=1212%2C844&ssl=1\",\"contentUrl\":\"https:\\\/\\\/i0.wp.com\\\/blogdoprosperi.com\\\/wp-content\\\/uploads\\\/2025\\\/11\\\/captura-de-tela-2025-11-30-as-14.15.24.png?fit=1212%2C844&ssl=1\",\"width\":1212,\"height\":844,\"caption\":\"Flamengo tetra \u2013 foto: X Conmebol oficial\"},{\"@type\":\"BreadcrumbList\",\"@id\":\"https:\\\/\\\/blogdoprosperi.com\\\/?p=55774#breadcrumb\",\"itemListElement\":[{\"@type\":\"ListItem\",\"position\":1,\"name\":\"In\u00edcio\",\"item\":\"https:\\\/\\\/blogdoprosperi.com\\\/\"},{\"@type\":\"ListItem\",\"position\":2,\"name\":\"Flamengo Tetra, Palmeiras vice | Pr\u00f3ximo Epis\u00f3dio: O Imp\u00e9rio Contra-Ataca\"}]},{\"@type\":\"WebSite\",\"@id\":\"https:\\\/\\\/blogdoprosperi.com\\\/#website\",\"url\":\"https:\\\/\\\/blogdoprosperi.com\\\/\",\"name\":\"PR\u00d3SPERI NEWS\",\"description\":\"TUDO \u00c9  FUTEBOL\",\"publisher\":{\"@id\":\"https:\\\/\\\/blogdoprosperi.com\\\/#\\\/schema\\\/person\\\/38100755ce3601861ee4fab9b5aa78e9\"},\"alternateName\":\"blogdoprosperi.com\",\"potentialAction\":[{\"@type\":\"SearchAction\",\"target\":{\"@type\":\"EntryPoint\",\"urlTemplate\":\"https:\\\/\\\/blogdoprosperi.com\\\/?s={search_term_string}\"},\"query-input\":{\"@type\":\"PropertyValueSpecification\",\"valueRequired\":true,\"valueName\":\"search_term_string\"}}],\"inLanguage\":\"pt-BR\"},{\"@type\":[\"Person\",\"Organization\"],\"@id\":\"https:\\\/\\\/blogdoprosperi.com\\\/#\\\/schema\\\/person\\\/38100755ce3601861ee4fab9b5aa78e9\",\"name\":\"Luiz Ant\u00f4nio Pr\u00f3speri\",\"pronouns\":\"ele\",\"image\":{\"@type\":\"ImageObject\",\"inLanguage\":\"pt-BR\",\"@id\":\"https:\\\/\\\/i0.wp.com\\\/blogdoprosperi.com\\\/wp-content\\\/uploads\\\/2026\\\/05\\\/cropped-8059e613-6002-42fa-961e-8e275f575d71-2-5.jpg?fit=1360%2C931&ssl=1\",\"url\":\"https:\\\/\\\/i0.wp.com\\\/blogdoprosperi.com\\\/wp-content\\\/uploads\\\/2026\\\/05\\\/cropped-8059e613-6002-42fa-961e-8e275f575d71-2-5.jpg?fit=1360%2C931&ssl=1\",\"contentUrl\":\"https:\\\/\\\/i0.wp.com\\\/blogdoprosperi.com\\\/wp-content\\\/uploads\\\/2026\\\/05\\\/cropped-8059e613-6002-42fa-961e-8e275f575d71-2-5.jpg?fit=1360%2C931&ssl=1\",\"width\":1360,\"height\":931,\"caption\":\"Luiz Ant\u00f4nio Pr\u00f3speri\"},\"logo\":{\"@id\":\"https:\\\/\\\/i0.wp.com\\\/blogdoprosperi.com\\\/wp-content\\\/uploads\\\/2026\\\/05\\\/cropped-8059e613-6002-42fa-961e-8e275f575d71-2-5.jpg?fit=1360%2C931&ssl=1\"},\"description\":\"Jornalista com carreira dedicada ao esporte. Cobriu 9 Copas do Mundo in loco, 1990 na It\u00e1lia, 1994 nos EUA, 1998 na Fran\u00e7a, 2002 na Coreia do Sul e Jap\u00e3o, 2006 na Alemanha, 2010 na \u00c1frica do Sul, 2014 no Brasil, 2018 na R\u00fassia e 2022 no Qatar. Eurocopas, 1992 na Su\u00e9cia e 1996 na Inglaterra. Copa das Confedera\u00e7\u00f5es de 2005 na Alemanha e 2009 na \u00c1frica do Sul. Rep\u00f3rter e Editor, trabalhou no Jornal da Tarde e Estad\u00e3o, de 1984 a fevereiro de 2016. Colunista, blogueiro. E comentarista de futebol na R\u00e1dio Estad\u00e3o, de 2013 a fevereiro de 2016. Jornalista respons\u00e1vel do \\\"Pr\u00f3speri News\\\" (blogdoprosperi.com).\",\"sameAs\":[\"http:\\\/\\\/blogdoprosperi.com\",\"Luiz Pr\u00f3speri\",\"@luiz_prosperi\",\"https:\\\/\\\/x.com\\\/Luizprosperi\",\"@prosperinacopa\",\"luiz.prosperi@icloud.com\"],\"url\":\"https:\\\/\\\/blogdoprosperi.com\\\/?author=102107496\"}]}<\/script>\n<!-- \/ Yoast SEO plugin. -->","yoast_head_json":{"title":"Flamengo Tetra, Palmeiras vice | Pr\u00f3ximo Epis\u00f3dio: O Imp\u00e9rio Contra-Ataca - PR\u00d3SPERI NEWS","robots":{"index":"index","follow":"follow","max-snippet":"max-snippet:-1","max-image-preview":"max-image-preview:large","max-video-preview":"max-video-preview:-1"},"canonical":"https:\/\/blogdoprosperi.com\/?p=55774","og_locale":"pt_BR","og_type":"article","og_title":"Flamengo Tetra, Palmeiras vice | Pr\u00f3ximo Epis\u00f3dio: O Imp\u00e9rio Contra-Ataca - PR\u00d3SPERI NEWS","og_description":"Luiz Ant\u00f4nio Pr\u00f3speri \u2013 30 novembro 2025 (14h09) \u2013 Flamengo \u00e9 tetra da Libertadores. Palmeiras vice. Se a [&hellip;]","og_url":"https:\/\/blogdoprosperi.com\/?p=55774","og_site_name":"PR\u00d3SPERI NEWS","article_publisher":"Luiz Pr\u00f3speri","article_author":"Luiz Pr\u00f3speri","article_published_time":"2025-11-30T17:26:25+00:00","article_modified_time":"2025-11-30T17:47:18+00:00","og_image":[{"width":1212,"height":844,"url":"https:\/\/i0.wp.com\/blogdoprosperi.com\/wp-content\/uploads\/2025\/11\/captura-de-tela-2025-11-30-as-14.15.24.png?fit=1212%2C844&ssl=1","type":"image\/png"}],"author":"Luiz Ant\u00f4nio Pr\u00f3speri","twitter_card":"summary_large_image","twitter_creator":"@Luizprosperi","twitter_site":"@Luizprosperi","twitter_misc":{"Escrito por":"Luiz Ant\u00f4nio Pr\u00f3speri","Est. tempo de leitura":"4 minutos"},"schema":{"@context":"https:\/\/schema.org","@graph":[{"@type":"Article","@id":"https:\/\/blogdoprosperi.com\/?p=55774#article","isPartOf":{"@id":"https:\/\/blogdoprosperi.com\/?p=55774"},"author":{"name":"Luiz Ant\u00f4nio Pr\u00f3speri","@id":"https:\/\/blogdoprosperi.com\/#\/schema\/person\/38100755ce3601861ee4fab9b5aa78e9"},"headline":"Flamengo Tetra, Palmeiras vice | Pr\u00f3ximo Epis\u00f3dio: O Imp\u00e9rio Contra-Ataca","datePublished":"2025-11-30T17:26:25+00:00","dateModified":"2025-11-30T17:47:18+00:00","mainEntityOfPage":{"@id":"https:\/\/blogdoprosperi.com\/?p=55774"},"wordCount":754,"commentCount":0,"publisher":{"@id":"https:\/\/blogdoprosperi.com\/#\/schema\/person\/38100755ce3601861ee4fab9b5aa78e9"},"image":{"@id":"https:\/\/blogdoprosperi.com\/?p=55774#primaryimage"},"thumbnailUrl":"https:\/\/i0.wp.com\/blogdoprosperi.com\/wp-content\/uploads\/2025\/11\/captura-de-tela-2025-11-30-as-14.15.24.png?fit=1212%2C844&ssl=1","keywords":["abelferreira","filipeluiz","finallibertadores2025","flamengo1x0palmeiras","Libertadores2025"],"articleSection":["futebol","Libertadores2025","Luiz Ant\u00f4nio Pr\u00f3speri","opini\u00e3o"],"inLanguage":"pt-BR","potentialAction":[{"@type":"CommentAction","name":"Comment","target":["https:\/\/blogdoprosperi.com\/?p=55774#respond"]}]},{"@type":"WebPage","@id":"https:\/\/blogdoprosperi.com\/?p=55774","url":"https:\/\/blogdoprosperi.com\/?p=55774","name":"Flamengo Tetra, Palmeiras vice | Pr\u00f3ximo Epis\u00f3dio: O Imp\u00e9rio Contra-Ataca - PR\u00d3SPERI NEWS","isPartOf":{"@id":"https:\/\/blogdoprosperi.com\/#website"},"primaryImageOfPage":{"@id":"https:\/\/blogdoprosperi.com\/?p=55774#primaryimage"},"image":{"@id":"https:\/\/blogdoprosperi.com\/?p=55774#primaryimage"},"thumbnailUrl":"https:\/\/i0.wp.com\/blogdoprosperi.com\/wp-content\/uploads\/2025\/11\/captura-de-tela-2025-11-30-as-14.15.24.png?fit=1212%2C844&ssl=1","datePublished":"2025-11-30T17:26:25+00:00","dateModified":"2025-11-30T17:47:18+00:00","breadcrumb":{"@id":"https:\/\/blogdoprosperi.com\/?p=55774#breadcrumb"},"inLanguage":"pt-BR","potentialAction":[{"@type":"ReadAction","target":["https:\/\/blogdoprosperi.com\/?p=55774"]}]},{"@type":"ImageObject","inLanguage":"pt-BR","@id":"https:\/\/blogdoprosperi.com\/?p=55774#primaryimage","url":"https:\/\/i0.wp.com\/blogdoprosperi.com\/wp-content\/uploads\/2025\/11\/captura-de-tela-2025-11-30-as-14.15.24.png?fit=1212%2C844&ssl=1","contentUrl":"https:\/\/i0.wp.com\/blogdoprosperi.com\/wp-content\/uploads\/2025\/11\/captura-de-tela-2025-11-30-as-14.15.24.png?fit=1212%2C844&ssl=1","width":1212,"height":844,"caption":"Flamengo tetra \u2013 foto: X Conmebol oficial"},{"@type":"BreadcrumbList","@id":"https:\/\/blogdoprosperi.com\/?p=55774#breadcrumb","itemListElement":[{"@type":"ListItem","position":1,"name":"In\u00edcio","item":"https:\/\/blogdoprosperi.com\/"},{"@type":"ListItem","position":2,"name":"Flamengo Tetra, Palmeiras vice | Pr\u00f3ximo Epis\u00f3dio: O Imp\u00e9rio Contra-Ataca"}]},{"@type":"WebSite","@id":"https:\/\/blogdoprosperi.com\/#website","url":"https:\/\/blogdoprosperi.com\/","name":"PR\u00d3SPERI NEWS","description":"TUDO \u00c9  FUTEBOL","publisher":{"@id":"https:\/\/blogdoprosperi.com\/#\/schema\/person\/38100755ce3601861ee4fab9b5aa78e9"},"alternateName":"blogdoprosperi.com","potentialAction":[{"@type":"SearchAction","target":{"@type":"EntryPoint","urlTemplate":"https:\/\/blogdoprosperi.com\/?s={search_term_string}"},"query-input":{"@type":"PropertyValueSpecification","valueRequired":true,"valueName":"search_term_string"}}],"inLanguage":"pt-BR"},{"@type":["Person","Organization"],"@id":"https:\/\/blogdoprosperi.com\/#\/schema\/person\/38100755ce3601861ee4fab9b5aa78e9","name":"Luiz Ant\u00f4nio Pr\u00f3speri","pronouns":"ele","image":{"@type":"ImageObject","inLanguage":"pt-BR","@id":"https:\/\/i0.wp.com\/blogdoprosperi.com\/wp-content\/uploads\/2026\/05\/cropped-8059e613-6002-42fa-961e-8e275f575d71-2-5.jpg?fit=1360%2C931&ssl=1","url":"https:\/\/i0.wp.com\/blogdoprosperi.com\/wp-content\/uploads\/2026\/05\/cropped-8059e613-6002-42fa-961e-8e275f575d71-2-5.jpg?fit=1360%2C931&ssl=1","contentUrl":"https:\/\/i0.wp.com\/blogdoprosperi.com\/wp-content\/uploads\/2026\/05\/cropped-8059e613-6002-42fa-961e-8e275f575d71-2-5.jpg?fit=1360%2C931&ssl=1","width":1360,"height":931,"caption":"Luiz Ant\u00f4nio Pr\u00f3speri"},"logo":{"@id":"https:\/\/i0.wp.com\/blogdoprosperi.com\/wp-content\/uploads\/2026\/05\/cropped-8059e613-6002-42fa-961e-8e275f575d71-2-5.jpg?fit=1360%2C931&ssl=1"},"description":"Jornalista com carreira dedicada ao esporte. Cobriu 9 Copas do Mundo in loco, 1990 na It\u00e1lia, 1994 nos EUA, 1998 na Fran\u00e7a, 2002 na Coreia do Sul e Jap\u00e3o, 2006 na Alemanha, 2010 na \u00c1frica do Sul, 2014 no Brasil, 2018 na R\u00fassia e 2022 no Qatar. Eurocopas, 1992 na Su\u00e9cia e 1996 na Inglaterra. Copa das Confedera\u00e7\u00f5es de 2005 na Alemanha e 2009 na \u00c1frica do Sul. Rep\u00f3rter e Editor, trabalhou no Jornal da Tarde e Estad\u00e3o, de 1984 a fevereiro de 2016. Colunista, blogueiro. E comentarista de futebol na R\u00e1dio Estad\u00e3o, de 2013 a fevereiro de 2016. Jornalista respons\u00e1vel do \"Pr\u00f3speri News\" (blogdoprosperi.com).","sameAs":["http:\/\/blogdoprosperi.com","Luiz Pr\u00f3speri","@luiz_prosperi","https:\/\/x.com\/Luizprosperi","@prosperinacopa","luiz.prosperi@icloud.com"],"url":"https:\/\/blogdoprosperi.com\/?author=102107496"}]}},"jetpack_publicize_connections":[],"jetpack_likes_enabled":false,"jetpack_sharing_enabled":true,"jetpack_shortlink":"https:\/\/wp.me\/p7jvdk-evA","jetpack-related-posts":[{"id":55449,"url":"https:\/\/blogdoprosperi.com\/?p=55449","url_meta":{"origin":55774,"position":0},"title":"Abel Ferreira | Vale a Pena Estudar Sua Mente, Futebol Brasileiro Agradece","author":"Luiz Ant\u00f4nio Pr\u00f3speri","date":"31 de outubro de 2025","format":false,"excerpt":"Luiz Antonio Pr\u00f3speri \u2013 31 outubro 2025 (12h19) \u2013 Raphael Veiga olha ao c\u00e9u escuro da noite, prende a respira\u00e7\u00e3o e parte em quatro passos r\u00e1pidos at\u00e9 chutar a bola com certo requinte na marca do p\u00eanalti e decretar os 4 a 0 do Palmeiras em cima da LDU. Gol\u2026","rel":"","context":"Em &quot;futebol&quot;","block_context":{"text":"futebol","link":"https:\/\/blogdoprosperi.com\/?cat=53870"},"img":{"alt_text":"Abel Ferreira, desfrutem dessa ideia","src":"https:\/\/i0.wp.com\/blogdoprosperi.com\/wp-content\/uploads\/2025\/10\/captura-de-tela-2025-10-31-as-12.31.49.png?fit=1200%2C676&ssl=1&resize=350%2C200","width":350,"height":200,"srcset":"https:\/\/i0.wp.com\/blogdoprosperi.com\/wp-content\/uploads\/2025\/10\/captura-de-tela-2025-10-31-as-12.31.49.png?fit=1200%2C676&ssl=1&resize=350%2C200 1x, https:\/\/i0.wp.com\/blogdoprosperi.com\/wp-content\/uploads\/2025\/10\/captura-de-tela-2025-10-31-as-12.31.49.png?fit=1200%2C676&ssl=1&resize=525%2C300 1.5x, https:\/\/i0.wp.com\/blogdoprosperi.com\/wp-content\/uploads\/2025\/10\/captura-de-tela-2025-10-31-as-12.31.49.png?fit=1200%2C676&ssl=1&resize=700%2C400 2x, https:\/\/i0.wp.com\/blogdoprosperi.com\/wp-content\/uploads\/2025\/10\/captura-de-tela-2025-10-31-as-12.31.49.png?fit=1200%2C676&ssl=1&resize=1050%2C600 3x"},"classes":[]},{"id":55733,"url":"https:\/\/blogdoprosperi.com\/?p=55733","url_meta":{"origin":55774,"position":1},"title":"Palmeiras x Flamengo | Figurinhas Para Colecionar \u2013 Final Libertadores 2025","author":"Luiz Ant\u00f4nio Pr\u00f3speri","date":"29 de novembro de 2025","format":false,"excerpt":"Palmeiras x Flamengo | Final da Libertadores 2025 \u00a0e seus protagonistas. Fotos da Conmebol publicadas no X oficial da entidade. Escolha seu favorito. Acompanhe o v\u00eddeo da final da Libertadores: link abaixo: https:\/\/x.com\/Libertadores\/status\/1994602216351830101?s=20","rel":"","context":"Em &quot;futebol&quot;","block_context":{"text":"futebol","link":"https:\/\/blogdoprosperi.com\/?cat=53870"},"img":{"alt_text":"","src":"https:\/\/i0.wp.com\/blogdoprosperi.com\/wp-content\/uploads\/2016\/09\/libertadores-trofeu-480-getty-images.jpg?fit=620%2C465&ssl=1&resize=350%2C200","width":350,"height":200,"srcset":"https:\/\/i0.wp.com\/blogdoprosperi.com\/wp-content\/uploads\/2016\/09\/libertadores-trofeu-480-getty-images.jpg?fit=620%2C465&ssl=1&resize=350%2C200 1x, https:\/\/i0.wp.com\/blogdoprosperi.com\/wp-content\/uploads\/2016\/09\/libertadores-trofeu-480-getty-images.jpg?fit=620%2C465&ssl=1&resize=525%2C300 1.5x"},"classes":[]},{"id":55064,"url":"https:\/\/blogdoprosperi.com\/?p=55064","url_meta":{"origin":55774,"position":2},"title":"Arbitragem na Libertadores | Conmebol Anula Expuls\u00e3o de Plata e Libera Atacante para Jogo da Volta Contra Estudiantes","author":"Luiz Ant\u00f4nio Pr\u00f3speri","date":"19 de setembro de 2025","format":false,"excerpt":"Luiz Ant\u00f4nio Pr\u00f3speri \u2013 19 setembro 2025 (12h45) \u2013 atualizado \u00e0s 15h38 Conmebol reconhece erro da arbitragem e anula expuls\u00e3o do atacante Gonzalo Plata liberando o jogador a atuar pelo Flamengo contra o Estudiantes no jogo de volta das quartas de final da Libertadores, dia 25, em Buenos Aires. \"Por\u2026","rel":"","context":"Em &quot;futebol&quot;","block_context":{"text":"futebol","link":"https:\/\/blogdoprosperi.com\/?cat=53870"},"img":{"alt_text":"Arbitragem na Libertadores | Clubes brasileiros passivos na Conmebol","src":"https:\/\/i0.wp.com\/blogdoprosperi.com\/wp-content\/uploads\/2025\/09\/54797212534_3ae8497e39_c.jpg?fit=799%2C533&ssl=1&resize=350%2C200","width":350,"height":200,"srcset":"https:\/\/i0.wp.com\/blogdoprosperi.com\/wp-content\/uploads\/2025\/09\/54797212534_3ae8497e39_c.jpg?fit=799%2C533&ssl=1&resize=350%2C200 1x, https:\/\/i0.wp.com\/blogdoprosperi.com\/wp-content\/uploads\/2025\/09\/54797212534_3ae8497e39_c.jpg?fit=799%2C533&ssl=1&resize=525%2C300 1.5x, https:\/\/i0.wp.com\/blogdoprosperi.com\/wp-content\/uploads\/2025\/09\/54797212534_3ae8497e39_c.jpg?fit=799%2C533&ssl=1&resize=700%2C400 2x"},"classes":[]},{"id":48779,"url":"https:\/\/blogdoprosperi.com\/?p=48779","url_meta":{"origin":55774,"position":3},"title":"Libertadores e Copa do Brasil | Confira Potes dos Sorteios dos Grupos","author":"Luiz Ant\u00f4nio Pr\u00f3speri","date":"14 de mar\u00e7o de 2025","format":false,"excerpt":"Luiz Ant\u00f4nio Pr\u00f3speri \u2013 14 mar\u00e7o (13h50) \u2013 Conmebol faz sorteio da fase de grupos da Libertadores na segunda-feira (17\/3). Brasil ter\u00e1 sete clubes: Palmeiras, Flamengo, Botafogo, S\u00e3o Paulo, Internacional, Fortaleza e Bahia. Corinthians estaria nos potes, mas caiu eliminado nas seletivas contra o Barcelona do Equador. De acordo com\u2026","rel":"","context":"Em &quot;futebol&quot;","block_context":{"text":"futebol","link":"https:\/\/blogdoprosperi.com\/?cat=53870"},"img":{"alt_text":"Libertadores 2026","src":"https:\/\/i0.wp.com\/blogdoprosperi.com\/wp-content\/uploads\/2023\/03\/fsrk8i2waaabn_f.jpeg?fit=678%2C452&ssl=1&resize=350%2C200","width":350,"height":200,"srcset":"https:\/\/i0.wp.com\/blogdoprosperi.com\/wp-content\/uploads\/2023\/03\/fsrk8i2waaabn_f.jpeg?fit=678%2C452&ssl=1&resize=350%2C200 1x, https:\/\/i0.wp.com\/blogdoprosperi.com\/wp-content\/uploads\/2023\/03\/fsrk8i2waaabn_f.jpeg?fit=678%2C452&ssl=1&resize=525%2C300 1.5x"},"classes":[]},{"id":46700,"url":"https:\/\/blogdoprosperi.com\/?p=46700","url_meta":{"origin":55774,"position":4},"title":"John Textor | I Love Flamengo","author":"Luiz Ant\u00f4nio Pr\u00f3speri","date":"2 de dezembro de 2024","format":false,"excerpt":"Luiz Ant\u00f4nio Pr\u00f3speri \u2013 2 dezembro (10h35) \u2013 Praia de Botafogo abarrotada de torcedores, domingo (01\/12), \u00e0 noite. Tr\u00eas trios el\u00e9tricos embalando a massa. Do alto de um deles, o americano John Textor se esbalda na comemora\u00e7\u00e3o da conquista da Libertadores da Am\u00e9rica. Ao ser entrevistado por uma rep\u00f3rter do\u2026","rel":"","context":"Em &quot;futebol&quot;","block_context":{"text":"futebol","link":"https:\/\/blogdoprosperi.com\/?cat=53870"},"img":{"alt_text":"Textor repete gesto de Tulio Maravilha em 1995","src":"https:\/\/i0.wp.com\/blogdoprosperi.com\/wp-content\/uploads\/2024\/12\/john-textor-replica-tulio-maravilha-em-chegada-epica-do-botafogo-ao-rio2c-apos-titulo-da-libertadores.jpg.webp?fit=984%2C656&ssl=1&resize=350%2C200","width":350,"height":200,"srcset":"https:\/\/i0.wp.com\/blogdoprosperi.com\/wp-content\/uploads\/2024\/12\/john-textor-replica-tulio-maravilha-em-chegada-epica-do-botafogo-ao-rio2c-apos-titulo-da-libertadores.jpg.webp?fit=984%2C656&ssl=1&resize=350%2C200 1x, https:\/\/i0.wp.com\/blogdoprosperi.com\/wp-content\/uploads\/2024\/12\/john-textor-replica-tulio-maravilha-em-chegada-epica-do-botafogo-ao-rio2c-apos-titulo-da-libertadores.jpg.webp?fit=984%2C656&ssl=1&resize=525%2C300 1.5x, https:\/\/i0.wp.com\/blogdoprosperi.com\/wp-content\/uploads\/2024\/12\/john-textor-replica-tulio-maravilha-em-chegada-epica-do-botafogo-ao-rio2c-apos-titulo-da-libertadores.jpg.webp?fit=984%2C656&ssl=1&resize=700%2C400 2x"},"classes":[]},{"id":55720,"url":"https:\/\/blogdoprosperi.com\/?p=55720","url_meta":{"origin":55774,"position":5},"title":"Palmeiras x Flamengo | Olhar Estrangeiro na Final da Libertadores 2025","author":"Luiz Ant\u00f4nio Pr\u00f3speri","date":"29 de novembro de 2025","format":false,"excerpt":"Como Palmeiras e Flamengo se tornaram as superpot\u00eancias do futebol sul-americano A final da Libertadores marca o mais recente cap\u00edtulo de uma rivalidade que domina o continente gra\u00e7as aos n\u00edveis europeus de financiamento e recrutamento de jogadores Caio Carrieri, do jornal The Guardian (Inglaterra) \u2013 28 novembro 2025\u00a0 Para surpresa\u2026","rel":"","context":"Em &quot;futebol&quot;","block_context":{"text":"futebol","link":"https:\/\/blogdoprosperi.com\/?cat=53870"},"img":{"alt_text":"","src":"https:\/\/i0.wp.com\/blogdoprosperi.com\/wp-content\/uploads\/2025\/11\/captura-de-tela-2025-11-29-as-11.40.46.png?fit=1200%2C846&ssl=1&resize=350%2C200","width":350,"height":200,"srcset":"https:\/\/i0.wp.com\/blogdoprosperi.com\/wp-content\/uploads\/2025\/11\/captura-de-tela-2025-11-29-as-11.40.46.png?fit=1200%2C846&ssl=1&resize=350%2C200 1x, https:\/\/i0.wp.com\/blogdoprosperi.com\/wp-content\/uploads\/2025\/11\/captura-de-tela-2025-11-29-as-11.40.46.png?fit=1200%2C846&ssl=1&resize=525%2C300 1.5x, https:\/\/i0.wp.com\/blogdoprosperi.com\/wp-content\/uploads\/2025\/11\/captura-de-tela-2025-11-29-as-11.40.46.png?fit=1200%2C846&ssl=1&resize=700%2C400 2x, https:\/\/i0.wp.com\/blogdoprosperi.com\/wp-content\/uploads\/2025\/11\/captura-de-tela-2025-11-29-as-11.40.46.png?fit=1200%2C846&ssl=1&resize=1050%2C600 3x"},"classes":[]}],"jetpack_featured_media_url":"https:\/\/i0.wp.com\/blogdoprosperi.com\/wp-content\/uploads\/2025\/11\/captura-de-tela-2025-11-30-as-14.15.24.png?fit=1212%2C844&ssl=1","_links":{"self":[{"href":"https:\/\/blogdoprosperi.com\/index.php?rest_route=\/wp\/v2\/posts\/55774","targetHints":{"allow":["GET"]}}],"collection":[{"href":"https:\/\/blogdoprosperi.com\/index.php?rest_route=\/wp\/v2\/posts"}],"about":[{"href":"https:\/\/blogdoprosperi.com\/index.php?rest_route=\/wp\/v2\/types\/post"}],"author":[{"embeddable":true,"href":"https:\/\/blogdoprosperi.com\/index.php?rest_route=\/wp\/v2\/users\/102107496"}],"replies":[{"embeddable":true,"href":"https:\/\/blogdoprosperi.com\/index.php?rest_route=%2Fwp%2Fv2%2Fcomments&post=55774"}],"version-history":[{"count":7,"href":"https:\/\/blogdoprosperi.com\/index.php?rest_route=\/wp\/v2\/posts\/55774\/revisions"}],"predecessor-version":[{"id":55787,"href":"https:\/\/blogdoprosperi.com\/index.php?rest_route=\/wp\/v2\/posts\/55774\/revisions\/55787"}],"wp:featuredmedia":[{"embeddable":true,"href":"https:\/\/blogdoprosperi.com\/index.php?rest_route=\/wp\/v2\/media\/55780"}],"wp:attachment":[{"href":"https:\/\/blogdoprosperi.com\/index.php?rest_route=%2Fwp%2Fv2%2Fmedia&parent=55774"}],"wp:term":[{"taxonomy":"category","embeddable":true,"href":"https:\/\/blogdoprosperi.com\/index.php?rest_route=%2Fwp%2Fv2%2Fcategories&post=55774"},{"taxonomy":"post_tag","embeddable":true,"href":"https:\/\/blogdoprosperi.com\/index.php?rest_route=%2Fwp%2Fv2%2Ftags&post=55774"}],"curies":[{"name":"wp","href":"https:\/\/api.w.org\/{rel}","templated":true}]}}