{"id":55798,"date":"2025-12-03T16:58:50","date_gmt":"2025-12-03T19:58:50","guid":{"rendered":"https:\/\/blogdoprosperi.com\/?p=55798"},"modified":"2025-12-03T16:58:50","modified_gmt":"2025-12-03T19:58:50","slug":"reinaldo-depoimento-do-ex-jogador-anistiado-por-perseguicao-na-ditadura-militar","status":"publish","type":"post","link":"https:\/\/blogdoprosperi.com\/?p=55798","title":{"rendered":"Reinaldo | Depoimento do Ex-Jogador Anistiado por Persegui\u00e7\u00e3o na Ditadura Militar"},"content":{"rendered":"<div class=\"read-controller materia__tts article-whole article-body font-ibm-plex-serif\">\n<p>Luiz Ant\u00f4nio Pr\u00f3speri \u2013 3 dezembro 2025 (16h28) \u2013<\/p>\n<p><em>&#8220;Eu sou o Reinaldo, muitos me conhecem como um grande talento do futebol brasileiro. Talvez voc\u00eas se lembrem da minha trajet\u00f3ria nos campos, mas pode ser que muitos n\u00e3o saibam das lutas silenciosas que tive de enfrentar.<\/em><\/p>\n<p><em>\u201cDurante os anos da ditadura, muita gente sofreu persegui\u00e7\u00e3o de v\u00e1rias formas. Todos n\u00f3s sabemos dos horrores, das pris\u00f5es, das torturas, que tiraram a liberdade e a vida de tantos brasileiros. Mas a verdade \u00e9 que a repress\u00e3o do Estado foi muito al\u00e9m dos por\u00f5es e das celas\u201d (chorando)<\/em><\/p>\n<p><em>\u201cO regime militar, na sua \u00e2nsia de controlar tudo e perseguir quem pensava diferente, n\u00e3o usava s\u00f3 a viol\u00eancia f\u00edsica. eles criaram campanhas de difama\u00e7\u00e3o, verdadeiras opera\u00e7\u00f5es para acabar com a reputa\u00e7\u00e3o e a vida social de pessoas que eles consideravam inimigos ou amea\u00e7as ao poder deles\u201d.<\/em><\/p>\n<p><em>\u201cExistia sim uma central de boatos oficial, uma verdadeira m\u00e1quina de propaganda e mentiras que agia nas sombras, mas com resultados terr\u00edveis na vida real. Essa central n\u00e3o s\u00f3 inventava hist\u00f3rias, mas tamb\u00e9m as espalhava de forma calculada. Usavam telefonemas, cartas an\u00f4nimas e at\u00e9 plantavam not\u00edcias falsas em jornais e revistas\u201d.<\/em><\/p>\n<p><em>\u201cEra uma t\u00e1tica de guerra psicol\u00f3gica, feita para isolar e destruir a pessoa, sem precisar de um tiro ou da pris\u00e3o.\u201d<\/em><\/p>\n<p><em>\u201cA campanha de difama\u00e7\u00e3o e persegui\u00e7\u00e3o pol\u00edtica me tiraram muitas oportunidades. Talvez, a prova mais evidente seja a n\u00e3o convoca\u00e7\u00e3o para a Copa do Mundo de 1982, em que, apesar de o treinador (Tel\u00ea Santana) falar em quest\u00f5es f\u00edsicas, todo mundo sabia que o motivo eram as restri\u00e7\u00f5es sobre o meu suposto comportamento fora de campo\u201d<\/em><\/p>\n<p dir=\"ltr\"><em>\u201cUm simples gesto meu, com o punho cerrado, nas minhas comemora\u00e7\u00f5es, ou as minhas declara\u00e7\u00f5es pedindo a volta da democracia, foram suficientes para acionar uma campanha gigantesca de difama\u00e7\u00e3o contra mim. O objetivo era claro: destruir a minha reputa\u00e7\u00e3o, me associando a coisas ruins e a comportamentos desviantes e a ideias perigosas.\u201d<\/em><\/p>\n<p><em>\u201cQueriam calar a minha voz, diminuir a minha for\u00e7a e, no fim das contas, \u00a0acabar com a minha vida e minha carreira. Essa forma de viol\u00eancia do Estado, que ataca a honra, a imagem, a dignidade de uma pessoa, \u00e9 t\u00e3o grave contra as outras. Deixa marcas profundas e duradouras.\u201d<\/em><\/p>\n<p><em>\u201cPessoalmente, a vigil\u00e2ncia e a difama\u00e7\u00e3o p\u00fablica me causaram um estresse, uma ang\u00fastia constante. Eu perdi a confian\u00e7a em muitas pessoas, eu me senti isolado, e isso me afetou profundamente. Profissionalmente, os preju\u00edzos foram igualmente devastadores. A carreira de um jogador de alto rendimento \u00e9 curta, precisa de estabilidade e reconhecimento.\u201d<\/em><\/p>\n<p><em>\u201cMinha vida privada virou um palco, um escrut\u00ednio, em que eu estava sempre sendo observado. Eu sentia que n\u00e3o podia frequentar certos lugares, que tinha de ter cuidado com o quem eu falava. Isso gerou um medo, uma seguran\u00e7a, que tirou a minha liberdade, me fazendo sentir preso mesmo estando solto\u201d.<\/em><\/p>\n<p>Depoimento de Jos\u00e9 \u00a0Reinaldo Lima, conhecido no futebol por Reinaldo, na Comiss\u00e3o de Anistia do Minist\u00e9rio dos Direitos Humanos do governo Lula, ter\u00e7a-feira (02\/12). Reinaldo recebeu anistia e indeniza\u00e7\u00e3o (valor R$ 100 mil) do Estado por ter sido perseguido pela Ditadura Militar no Brasil.<\/p>\n<hr \/>\n<figure id=\"attachment_55824\" aria-describedby=\"caption-attachment-55824\" style=\"width: 470px\" class=\"wp-caption alignnone\"><img data-recalc-dims=\"1\" loading=\"lazy\" decoding=\"async\" data-attachment-id=\"55824\" data-permalink=\"https:\/\/blogdoprosperi.com\/?attachment_id=55824\" data-orig-file=\"https:\/\/i0.wp.com\/blogdoprosperi.com\/wp-content\/uploads\/2025\/12\/fc86b4axmao6xga.jpeg?fit=470%2C653&amp;ssl=1\" data-orig-size=\"470,653\" data-comments-opened=\"1\" data-image-meta=\"{&quot;aperture&quot;:&quot;0&quot;,&quot;credit&quot;:&quot;&quot;,&quot;camera&quot;:&quot;&quot;,&quot;caption&quot;:&quot;&quot;,&quot;created_timestamp&quot;:&quot;0&quot;,&quot;copyright&quot;:&quot;&quot;,&quot;focal_length&quot;:&quot;0&quot;,&quot;iso&quot;:&quot;0&quot;,&quot;shutter_speed&quot;:&quot;0&quot;,&quot;title&quot;:&quot;&quot;,&quot;orientation&quot;:&quot;0&quot;}\" data-image-title=\"FC86B4aXMAo6xGa\" data-image-description=\"\" data-image-caption=\"\" data-large-file=\"https:\/\/i0.wp.com\/blogdoprosperi.com\/wp-content\/uploads\/2025\/12\/fc86b4axmao6xga.jpeg?fit=470%2C653&amp;ssl=1\" class=\"wp-image-55824 size-full\" src=\"https:\/\/i0.wp.com\/blogdoprosperi.com\/wp-content\/uploads\/2025\/12\/fc86b4axmao6xga.jpeg?resize=470%2C653&#038;ssl=1\" alt=\"Reinaldo na capa do jornal Movimento, imprensa alternativa de resist\u00eancia \u00e0 ditadura militar\" width=\"470\" height=\"653\" \/><figcaption id=\"caption-attachment-55824\" class=\"wp-caption-text\"><em>Reinaldo na capa do Movimento, jornal de resist\u00eancia \u00e0 ditadura militar<\/em><\/figcaption><\/figure>\n<p>HIST\u00d3RIA<\/p>\n<h5 class=\"a_t\">O dia em que Reinaldo marcou um gol contra a ditadura<\/h5>\n<p class=\"a_st\"><strong><em>H\u00e1 40 anos, na Copa da Argentina, o atacante que comemorava gols com punho cerrado desafiou o comando do regime militar<\/em><\/strong><\/p>\n<p><em>por Breiller Pires, publicado no jornal El Pa\u00eds, da Espanha, em junho de 2018<\/em><\/p>\n<p>Era o gol de empate do Brasil. Foram poucos segundos para tomar uma decis\u00e3o importante: erguer o bra\u00e7o direito, com o punho cerrado, ou \u201cdeixar pra l\u00e1\u201d? Aos 21 anos, Reinaldo Lima, mineiro de Ponte Nova, j\u00e1 era o craque do\u00a0Atl\u00e9tico-MG. Chegou \u00e0\u00a0Copa do Mundo\u00a0de 1978 como camisa 9 da sele\u00e7\u00e3o brasileira, que estreou no torneio em 3 de junho daquele ano, contra a Su\u00e9cia, em Mar del Plata. O time escandinavo abriu o placar. Mas, aos 45 minutos do primeiro tempo, Toninho Cerezo cruzou da direita, Reinaldo se antecipou ao zagueiro Roy Andersson e empurrou para as redes. O ato que se seguiu ao gol foi encarado como uma\u00a0afronta aos governos militares espalhados pela Am\u00e9rica do Sul. Uma decis\u00e3o por impulso. Mas tamb\u00e9m por rebeldia.<\/p>\n<p>Inspirado no\u00a0movimento dos Panteras Negras\u00a0e na dupla John Carlos e Tommie Smith, os\u00a0atletas negros americanos que protestaram contra o racismo\u00a0na Olimp\u00edada de 1968, Reinado comemorava seus gols com o punho em riste. \u201cNo meu caso, era um gesto socialista, em protesto pelo fim da ditadura\u201d, conta. Ele j\u00e1 havia acirrado sua postura combativa ao regime militar no Brasil tr\u00eas meses antes da Copa, quando alegou ter sido impedido de disputar a final do Campeonato Brasileiro diante do S\u00e3o Paulo por causa de uma puni\u00e7\u00e3o manobrada entre cartolas e o Governo. Naquela \u00e9poca, a\u00a0Confedera\u00e7\u00e3o Brasileira de Desportos\u00a0(CBD, atual CBF) era comandada por militares, sob a presid\u00eancia do almirante Heleno Nunes. Reinaldo foi suspenso ap\u00f3s julgamento por uma expuls\u00e3o que acontecera no m\u00eas anterior. O centroavante, que n\u00e3o era visto com bons olhos por Nunes e seus subordinados, se convenceu de que o regime estava por tr\u00e1s da suspens\u00e3o e passou a ser ainda mais cr\u00edtico \u00e0 ditadura.<\/p>\n<p>Por ter seu inconfund\u00edvel talento reivindicado na Copa pelo clamor popular, acabou convocado pelo treinador Cl\u00e1udio Coutinho, que era capit\u00e3o do Ex\u00e9rcito. Antes do embarque para a Argentina, jogadores e comiss\u00e3o t\u00e9cnica da sele\u00e7\u00e3o foram recebidos pelo\u00a0presidente Ernesto Geisel\u00a0no Pal\u00e1cio Piratini, em Porto Alegre. Em discurso oficial, o general deixou impl\u00edcita uma mensagem opressiva: \u201cPonham de lado os sentimentos pessoais e fa\u00e7am do time um conjunto que realmente possa trazer a vit\u00f3ria\u201d. Ao cumprimentar Reinaldo, relata o ex-jogador, Geisel teria transmitido a ordem de forma mais clara: \u201cVai jogar bola, garoto. Deixa que pol\u00edtica a gente faz\u201d. Mais tarde, na concentra\u00e7\u00e3o, Andr\u00e9 Richer, chefe da delega\u00e7\u00e3o brasileira, comunicou a Reinaldo que tanto a CBD quanto o regime militar consideravam o gesto ao celebrar os gols \u201crevolucion\u00e1rio demais\u201d. A recomenda\u00e7\u00e3o era para que n\u00e3o repetisse aquele tipo de comemora\u00e7\u00e3o nos campos argentinos nem tecesse coment\u00e1rios sobre pol\u00edtica em entrevistas.<\/p>\n<p>A Argentina que recebia pela primeira vez um Mundial sofria com as violentas consequ\u00eancias do golpe militar liderado em 1976 pelo\u00a0general Jorge Videla, que, d\u00e9cadas depois, seria condenado \u00e0 pris\u00e3o perp\u00e9tua por\u00a0crimes contra a humanidade\u00a0cometidos durante seu Governo. Nesse contexto, a Copa tinha um enorme peso pol\u00edtico para os argentinos. Reinaldo sabia que seu gesto repercutiria muito al\u00e9m do campo de futebol. Hesitou ao empatar o jogo contra os suecos. Por\u00e9m, a cena do punho erguido, que durou pouco mais de dois segundos, ficou marcada como o momento mais emblem\u00e1tico de sua trajet\u00f3ria na sele\u00e7\u00e3o brasileira. \u201cQuando o presidente [Ernesto Geisel] falou aquilo, eu fiquei meio assim, pensativo. Mas, na hora que fiz o gol, n\u00e3o teve jeito. Levantei o bra\u00e7o, n\u00e3o resisti\u2026 E a\u00ed j\u00e1 era.\u201d<\/p>\n<p>Depois do jogo, no hotel da sele\u00e7\u00e3o, Reinaldo lembra ter recebido um envelope an\u00f4nimo da Venezuela. Era, segundo ele, um documento com informa\u00e7\u00f5es em espanhol sobre a morte do ex-presidente Juscelino Kubitschek em um acidente de carro, dois anos antes. Se deu conta, ent\u00e3o, de que poderia estar\u00a0no radar da Opera\u00e7\u00e3o Condor, alian\u00e7a entre ditaduras sul-americanas para perseguir opositores dos regimes militares. \u201cFiquei aterrorizado, mas n\u00e3o contei a ningu\u00e9m a respeito do documento\u201d, diz o \u00eddolo atleticano, que foi barrado do time titular por Coutinho depois do empate com a Espanha. Tinha problemas f\u00edsicos desde a prepara\u00e7\u00e3o para a Copa. Treinava de cal\u00e7as compridas para esconder o incha\u00e7o no joelho. Mas acredita ter ido para a reserva por determina\u00e7\u00e3o do almirante Heleno Nunes, que, ap\u00f3s o duelo contra os espanh\u00f3is, cobrou publicamente da comiss\u00e3o t\u00e9cnica mexidas na equipe.<\/p>\n<p>O Brasil avan\u00e7ou at\u00e9 a segunda fase do Mundial. Para se classificar \u00e0 final, dependia que\u00a0o Peru n\u00e3o fosse goleado\u00a0pela Argentina. Os donos da casa venceram por 6 a 0, em uma partida cercada pela suspeita de suborno aos peruanos. Minutos antes do apito inicial, Videla adentrou o vesti\u00e1rio dos visitantes, deixando encabulados os jogadores que vestiam o uniforme. Nenhum deles jamais admitiu ter recebido dinheiro para entregar o jogo, mas alguns justificariam, nas d\u00e9cadas seguintes, que o encontro com o general teria desestabilizado a equipe. \u201cAquilo foi um desrespeito ao futebol\u201d, afirma Zico, que, assim como Reinaldo, tamb\u00e9m perdeu a posi\u00e7\u00e3o no time brasileiro durante a Copa. \u201cTanto que o povo do Peru recebeu sua sele\u00e7\u00e3o arremessando moedas.\u201d<\/p>\n<blockquote><p><strong>\u201cO corpo fascista do pa\u00eds come\u00e7ou a me minar. N\u00e3o s\u00f3 moralmente, mas com ass\u00e9dio de todo o tipo. Falavam que eu era cachaceiro, maconheiro, viado. Fui massacrado sozinho\u201d<\/strong><\/p><\/blockquote>\n<p>No fim das contas, Videla e todo o governo militar argentino\u00a0festejaram o primeiro t\u00edtulo mundial, conquistado em cima da Holanda. J\u00e1 Reinaldo t\u00e3o cedo n\u00e3o encontraria motivos para comemorar novamente. Mal retornou ao Brasil e pegou um avi\u00e3o em dire\u00e7\u00e3o aos Estados Unidos, onde voltou a operar o joelho. Aproveitou o per\u00edodo de recupera\u00e7\u00e3o para entregar o documento que havia recebido na Argentina ao cantor e compositor Gonzaguinha, outro desafeto da ditadura, que morreu em 1991 sem nunca ter revelado ao amigo jogador o destino do material contido no envelope.\u00a0Geisel, o general que apertou sua m\u00e3o\u00a0antes da Copa e o aconselhara a \u201cdeixar pra l\u00e1\u201d a pol\u00edtica, seguiria no poder at\u00e9 1979. \u201cMedo eu n\u00e3o tinha, porque contava com respaldo popular. N\u00e3o iam me sequestrar ou matar, como fizeram com v\u00e1rios outros brasileiros. Mas fui queimado em fogueira p\u00fablica e continuo queimando at\u00e9 hoje.\u201d<\/p>\n<p>Reinaldo atribui a \u201cfor\u00e7as ocultas do regime\u201d a dissemina\u00e7\u00e3o de boatos em torno de sua orienta\u00e7\u00e3o sexual por causa da amizade com o radialista gay, Tutti Maravilha. Para ele, a ditadura n\u00e3o perdoou o atrevimento de seu gesto na Copa e a postura de enfrentamento aos militares. \u201cO corpo fascista do pa\u00eds come\u00e7ou a me minar. N\u00e3o s\u00f3 moralmente, mas\u00a0com ass\u00e9dio de todo o tipo. Falavam que eu era cachaceiro, maconheiro, viado. Era uma campanha difamat\u00f3ria, linchamento moral. Eu n\u00e3o tinha partido, sindicato, nada. Fui massacrado sozinho.\u201d<\/p>\n<p>Colheu dissabores devido \u00e0 fama de \u201cproblem\u00e1tico\u201d, como a n\u00e3o convoca\u00e7\u00e3o para a Copa de 1982. Tel\u00ea Santana, considerado um t\u00e9cnico disciplinador, pregava abertamente que n\u00e3o queria em seu time \u201csujeito homossexual\u201d. Mas relacionou o veto a Reinaldo apenas \u00e0 suposta m\u00e1 condi\u00e7\u00e3o f\u00edsica do jogador. \u201cHouve influ\u00eancia pol\u00edtica. Eu estava bem fisicamente. A comiss\u00e3o t\u00e9cnica n\u00e3o resistiu \u00e0 press\u00e3o, aos argumentos de pessoas que n\u00e3o me queriam na sele\u00e7\u00e3o\u201d, diz o ex-atacante. \u201cO Tel\u00ea era implicante com o estilo de vida das pessoas. E o meu estilo n\u00e3o<\/p>\n<p>Acometido por seguidas les\u00f5es, Reinaldo parou de jogar cedo, aos 29 anos. Depois da aposentadoria, conviveu com o v\u00edcio em drogas, lutou contra a depend\u00eancia qu\u00edmica, se aventurou pela pol\u00edtica&#8230; Em vez de arrependimento, ele revela orgulho de ter escolhido lutar quando poderia, simplesmente, ter deixado pra l\u00e1.<\/p>\n<p>\u201cO futebol sempre foi um meio machista e conservador. N\u00e3o aceitam que um jogador tenha posi\u00e7\u00f5es pol\u00edticas, que se proponha a pensar. Fui perseguido por fazer oposi\u00e7\u00e3o, mas, como figura p\u00fablica, era preciso mostrar resist\u00eancia ao regime militar para acelerar o processo democr\u00e1tico. O autoritarismo emburrece a sociedade. Quem pede a volta da ditadura militar no Brasil n\u00e3o sentiu na pele o que eu sofri.&#8221;<\/p>\n<hr \/>\n<figure id=\"attachment_55825\" aria-describedby=\"caption-attachment-55825\" style=\"width: 544px\" class=\"wp-caption alignnone\"><img data-recalc-dims=\"1\" loading=\"lazy\" decoding=\"async\" data-attachment-id=\"55825\" data-permalink=\"https:\/\/blogdoprosperi.com\/?attachment_id=55825\" data-orig-file=\"https:\/\/i0.wp.com\/blogdoprosperi.com\/wp-content\/uploads\/2025\/12\/g7lnuezxoaakeev.jpeg?fit=544%2C680&amp;ssl=1\" data-orig-size=\"544,680\" data-comments-opened=\"1\" data-image-meta=\"{&quot;aperture&quot;:&quot;0&quot;,&quot;credit&quot;:&quot;&quot;,&quot;camera&quot;:&quot;&quot;,&quot;caption&quot;:&quot;&quot;,&quot;created_timestamp&quot;:&quot;0&quot;,&quot;copyright&quot;:&quot;&quot;,&quot;focal_length&quot;:&quot;0&quot;,&quot;iso&quot;:&quot;0&quot;,&quot;shutter_speed&quot;:&quot;0&quot;,&quot;title&quot;:&quot;&quot;,&quot;orientation&quot;:&quot;0&quot;}\" data-image-title=\"G7LNUeZXoAAKEeV\" data-image-description=\"\" data-image-caption=\"&lt;p&gt;Gesto de Reinaldo na \u00e9poca de jogador e anistiado em 2025 \u2013 foto: reprodu\u00e7\u00e3o X&lt;\/p&gt;\n\" data-large-file=\"https:\/\/i0.wp.com\/blogdoprosperi.com\/wp-content\/uploads\/2025\/12\/g7lnuezxoaakeev.jpeg?fit=544%2C680&amp;ssl=1\" class=\"size-full wp-image-55825\" src=\"https:\/\/i0.wp.com\/blogdoprosperi.com\/wp-content\/uploads\/2025\/12\/g7lnuezxoaakeev.jpeg?resize=544%2C680&#038;ssl=1\" alt=\"\" width=\"544\" height=\"680\" \/><figcaption id=\"caption-attachment-55825\" class=\"wp-caption-text\"><em>Gesto de Reinaldo na \u00e9poca de jogador e anistiado em 2025 \u2013 foto: reprodu\u00e7\u00e3o X<\/em><\/figcaption><\/figure>\n<p>CARREIRA<\/p>\n<h5><strong>Artilharias, les\u00f5es, aposentadoria precoce e elei\u00e7\u00f5es<\/strong><\/h5>\n<p><em>publicado no jornal O Tempo, de Belo Horizonte, em 2 dezembro 2025<\/em><\/p>\n<p>Reinaldo estreou pelo Atl\u00e9tico em 1973 e marcou 255 gols com a camisa alvinegra. Conquistou sete estaduais, a Copa dos Campe\u00f5es do Brasil, em 1978, al\u00e9m de diversos torneios pelo clube.<\/p>\n<p>At\u00e9 hoje, Reinaldo \u00e9 o artilheiro com maior m\u00e9dia de gols em um \u00fanico Campeonato Brasileiro (28 gols em 18 partidas, m\u00e9dia de 1,55 por jogo, em 1977). Ele chegou a marcar, apesar das aus\u00eancias for\u00e7adas por seguidas contus\u00f5es, 386 gols em sua carreira profissional.<\/p>\n<p>O grande talento do craque mineiro s\u00f3 foi ofuscado por causa da trucul\u00eancia dos advers\u00e1rios, que o perseguiam em campo, com muita viol\u00eancia, e pelas seguidas infiltra\u00e7\u00f5es e cirurgias mal-sucedidas a que foi submetido desde o in\u00edcio da carreira. Ainda juvenil, foi v\u00edtima de uma entrada desleal de um zagueiro do pr\u00f3prio atl\u00e9tico e teve de extrair os meniscos dos dois joelhos.<\/p>\n<p>Em 1985, ap\u00f3s uma sequ\u00eancia de opera\u00e7\u00f5es em seus joelhos, ele transferiu-se para o Palmeiras, onde ficou apenas tr\u00eas meses. Mas, na \u00e9poca, j\u00e1 n\u00e3o tinha condi\u00e7\u00f5es de jogar o futebol que o havia consagrado no Galo. Depois, ainda jogou no Cruzeiro e encerrou a carreira precocemente no futebol holand\u00eas, defendendo o Telstar, um time da segunda divis\u00e3o, em 1987, aos 30 anos.<\/p>\n<p>Ap\u00f3s deixar o futebol, Reinaldo passou por altos e baixos. Teve problemas com \u00e1lcool e drogas. Admitiu a depend\u00eancia de coca\u00edna. Em 1996, foi condenado por a quatro anos de pris\u00e3o por tr\u00e1fico de drogas, por emprestar seu carro a um traficante, flagrado com coca\u00edna.<\/p>\n<p>Reinaldo disse, em depoimento, que, em ato de desespero, sem dinheiro para alimentar o v\u00edcio, emprestou o carro porque estava em d\u00edvida com o traficante. Ele foi absolvido em segunda inst\u00e2ncia e se livrou da pris\u00e3o.<\/p>\n<p>Fora do futebol e sem pend\u00eancias com a Justi\u00e7a, foi eleito deputado estadual pelo PT. Em 2004, foi eleito vereador em Belo Horizonte. Em 2014, concorreu ao cargo de deputado federal por Minas Gerais, mas n\u00e3o atingiu o n\u00famero necess\u00e1rio de votos. Hoje, aos 68 anos, trabalha como comentarista esportivo.<\/p>\n<hr \/>\n<\/div>\n<p><iframe loading=\"lazy\" title=\"Reinaldo, \u00eddolo do Galo, recebe pedido de perd\u00e3o e \u00e9 indenizado em R$ 100 mil pelo governo federal\" width=\"563\" height=\"1000\" src=\"https:\/\/www.youtube.com\/embed\/oU9jlMcP6Gk?feature=oembed\" frameborder=\"0\" allow=\"accelerometer; autoplay; clipboard-write; encrypted-media; gyroscope; picture-in-picture; web-share\" referrerpolicy=\"strict-origin-when-cross-origin\" allowfullscreen><\/iframe><\/p>\n","protected":false},"excerpt":{"rendered":"<p>Luiz Ant\u00f4nio Pr\u00f3speri \u2013 3 dezembro 2025 (16h28) \u2013 &#8220;Eu sou o Reinaldo, muitos me conhecem como um [&hellip;]<\/p>\n","protected":false},"author":102107496,"featured_media":55823,"comment_status":"open","ping_status":"open","sticky":false,"template":"","format":"standard","meta":{"_coblocks_attr":"","_coblocks_dimensions":"","_coblocks_responsive_height":"","_coblocks_accordion_ie_support":"","_jetpack_newsletter_access":"","_jetpack_dont_email_post_to_subs":false,"_jetpack_newsletter_tier_id":0,"_jetpack_memberships_contains_paywalled_content":false,"_wpcom_ai_launchpad_first_post":false,"_jetpack_feature_clip_id":0,"_jetpack_memberships_contains_paid_content":false,"footnotes":"","jetpack_publicize_message":"","jetpack_publicize_feature_enabled":true,"jetpack_social_post_already_shared":false,"jetpack_social_options":{"image_generator_settings":{"template":"highway","default_image_id":0,"font":"","enabled":false},"version":2},"jetpack_post_was_ever_published":false},"categories":[53870,20384,38115653,174694,33026],"tags":[785811066,785811069,785811067,785811065,785811068],"class_list":["post-55798","post","type-post","status-publish","format-standard","has-post-thumbnail","hentry","category-futebol","category-informacao","category-luiz-antonio-prosperi","category-selecao-brasileira","category-violencia","tag-reinadoatletico-mg","tag-reinaldoanistia","tag-reinaldoditadura","tag-reinaldogalo","tag-reinaldoselecaobrasileira"],"yoast_head":"<!-- This site is optimized with the Yoast SEO plugin v28.3 - https:\/\/yoast.com\/product\/yoast-seo-wordpress\/ -->\n<title>Reinaldo | Depoimento do Ex-Jogador Anistiado por Persegui\u00e7\u00e3o na Ditadura Militar - PR\u00d3SPERI NEWS<\/title>\n<meta name=\"robots\" content=\"index, follow, max-snippet:-1, max-image-preview:large, max-video-preview:-1\" \/>\n<link rel=\"canonical\" href=\"https:\/\/blogdoprosperi.com\/?p=55798\" \/>\n<meta property=\"og:locale\" content=\"pt_BR\" \/>\n<meta property=\"og:type\" content=\"article\" \/>\n<meta property=\"og:title\" content=\"Reinaldo | Depoimento do Ex-Jogador Anistiado por Persegui\u00e7\u00e3o na Ditadura Militar - PR\u00d3SPERI NEWS\" \/>\n<meta property=\"og:description\" content=\"Luiz Ant\u00f4nio Pr\u00f3speri \u2013 3 dezembro 2025 (16h28) \u2013 &#8220;Eu sou o Reinaldo, muitos me conhecem como um [&hellip;]\" \/>\n<meta property=\"og:url\" content=\"https:\/\/blogdoprosperi.com\/?p=55798\" \/>\n<meta property=\"og:site_name\" content=\"PR\u00d3SPERI NEWS\" \/>\n<meta property=\"article:publisher\" content=\"Luiz Pr\u00f3speri\" \/>\n<meta property=\"article:author\" content=\"Luiz Pr\u00f3speri\" \/>\n<meta property=\"article:published_time\" content=\"2025-12-03T19:58:50+00:00\" \/>\n<meta property=\"og:image\" content=\"https:\/\/i0.wp.com\/blogdoprosperi.com\/wp-content\/uploads\/2025\/12\/fc86brjxoam7cda.jpeg?fit=569%2C539&ssl=1\" \/>\n\t<meta property=\"og:image:width\" content=\"569\" \/>\n\t<meta property=\"og:image:height\" content=\"539\" \/>\n\t<meta property=\"og:image:type\" content=\"image\/jpeg\" \/>\n<meta name=\"author\" content=\"Luiz Ant\u00f4nio Pr\u00f3speri\" \/>\n<meta name=\"twitter:card\" content=\"summary_large_image\" \/>\n<meta name=\"twitter:creator\" content=\"@Luizprosperi\" \/>\n<meta name=\"twitter:site\" content=\"@Luizprosperi\" \/>\n<meta name=\"twitter:label1\" content=\"Escrito por\" \/>\n\t<meta name=\"twitter:data1\" content=\"Luiz Ant\u00f4nio Pr\u00f3speri\" \/>\n\t<meta name=\"twitter:label2\" content=\"Est. tempo de leitura\" \/>\n\t<meta name=\"twitter:data2\" content=\"12 minutos\" \/>\n<script type=\"application\/ld+json\" class=\"yoast-schema-graph\">{\"@context\":\"https:\\\/\\\/schema.org\",\"@graph\":[{\"@type\":\"Article\",\"@id\":\"https:\\\/\\\/blogdoprosperi.com\\\/?p=55798#article\",\"isPartOf\":{\"@id\":\"https:\\\/\\\/blogdoprosperi.com\\\/?p=55798\"},\"author\":{\"name\":\"Luiz Ant\u00f4nio Pr\u00f3speri\",\"@id\":\"https:\\\/\\\/blogdoprosperi.com\\\/#\\\/schema\\\/person\\\/38100755ce3601861ee4fab9b5aa78e9\"},\"headline\":\"Reinaldo | Depoimento do Ex-Jogador Anistiado por Persegui\u00e7\u00e3o na Ditadura Militar\",\"datePublished\":\"2025-12-03T19:58:50+00:00\",\"mainEntityOfPage\":{\"@id\":\"https:\\\/\\\/blogdoprosperi.com\\\/?p=55798\"},\"wordCount\":2459,\"commentCount\":0,\"publisher\":{\"@id\":\"https:\\\/\\\/blogdoprosperi.com\\\/#\\\/schema\\\/person\\\/38100755ce3601861ee4fab9b5aa78e9\"},\"image\":{\"@id\":\"https:\\\/\\\/blogdoprosperi.com\\\/?p=55798#primaryimage\"},\"thumbnailUrl\":\"https:\\\/\\\/i0.wp.com\\\/blogdoprosperi.com\\\/wp-content\\\/uploads\\\/2025\\\/12\\\/fc86brjxoam7cda.jpeg?fit=569%2C539&ssl=1\",\"keywords\":[\"reinadoatl\u00e9tico-mg\",\"reinaldoanistia\",\"reinaldoditadura\",\"reinaldogalo\",\"reinaldosele\u00e7\u00e3obrasileira\"],\"articleSection\":[\"futebol\",\"informa\u00e7\u00e3o\",\"Luiz Ant\u00f4nio Pr\u00f3speri\",\"Sele\u00e7\u00e3o Brasileira\",\"viol\u00eancia\"],\"inLanguage\":\"pt-BR\",\"potentialAction\":[{\"@type\":\"CommentAction\",\"name\":\"Comment\",\"target\":[\"https:\\\/\\\/blogdoprosperi.com\\\/?p=55798#respond\"]}]},{\"@type\":\"WebPage\",\"@id\":\"https:\\\/\\\/blogdoprosperi.com\\\/?p=55798\",\"url\":\"https:\\\/\\\/blogdoprosperi.com\\\/?p=55798\",\"name\":\"Reinaldo | Depoimento do Ex-Jogador Anistiado por Persegui\u00e7\u00e3o na Ditadura Militar - PR\u00d3SPERI NEWS\",\"isPartOf\":{\"@id\":\"https:\\\/\\\/blogdoprosperi.com\\\/#website\"},\"primaryImageOfPage\":{\"@id\":\"https:\\\/\\\/blogdoprosperi.com\\\/?p=55798#primaryimage\"},\"image\":{\"@id\":\"https:\\\/\\\/blogdoprosperi.com\\\/?p=55798#primaryimage\"},\"thumbnailUrl\":\"https:\\\/\\\/i0.wp.com\\\/blogdoprosperi.com\\\/wp-content\\\/uploads\\\/2025\\\/12\\\/fc86brjxoam7cda.jpeg?fit=569%2C539&ssl=1\",\"datePublished\":\"2025-12-03T19:58:50+00:00\",\"breadcrumb\":{\"@id\":\"https:\\\/\\\/blogdoprosperi.com\\\/?p=55798#breadcrumb\"},\"inLanguage\":\"pt-BR\",\"potentialAction\":[{\"@type\":\"ReadAction\",\"target\":[\"https:\\\/\\\/blogdoprosperi.com\\\/?p=55798\"]}]},{\"@type\":\"ImageObject\",\"inLanguage\":\"pt-BR\",\"@id\":\"https:\\\/\\\/blogdoprosperi.com\\\/?p=55798#primaryimage\",\"url\":\"https:\\\/\\\/i0.wp.com\\\/blogdoprosperi.com\\\/wp-content\\\/uploads\\\/2025\\\/12\\\/fc86brjxoam7cda.jpeg?fit=569%2C539&ssl=1\",\"contentUrl\":\"https:\\\/\\\/i0.wp.com\\\/blogdoprosperi.com\\\/wp-content\\\/uploads\\\/2025\\\/12\\\/fc86brjxoam7cda.jpeg?fit=569%2C539&ssl=1\",\"width\":569,\"height\":539,\"caption\":\"Reinaldo de punho cerrado - foto; Atl\u00e9tico-MG\"},{\"@type\":\"BreadcrumbList\",\"@id\":\"https:\\\/\\\/blogdoprosperi.com\\\/?p=55798#breadcrumb\",\"itemListElement\":[{\"@type\":\"ListItem\",\"position\":1,\"name\":\"In\u00edcio\",\"item\":\"https:\\\/\\\/blogdoprosperi.com\\\/\"},{\"@type\":\"ListItem\",\"position\":2,\"name\":\"Reinaldo | Depoimento do Ex-Jogador Anistiado por Persegui\u00e7\u00e3o na Ditadura Militar\"}]},{\"@type\":\"WebSite\",\"@id\":\"https:\\\/\\\/blogdoprosperi.com\\\/#website\",\"url\":\"https:\\\/\\\/blogdoprosperi.com\\\/\",\"name\":\"PR\u00d3SPERI NEWS\",\"description\":\"TUDO \u00c9  FUTEBOL\",\"publisher\":{\"@id\":\"https:\\\/\\\/blogdoprosperi.com\\\/#\\\/schema\\\/person\\\/38100755ce3601861ee4fab9b5aa78e9\"},\"alternateName\":\"blogdoprosperi.com\",\"potentialAction\":[{\"@type\":\"SearchAction\",\"target\":{\"@type\":\"EntryPoint\",\"urlTemplate\":\"https:\\\/\\\/blogdoprosperi.com\\\/?s={search_term_string}\"},\"query-input\":{\"@type\":\"PropertyValueSpecification\",\"valueRequired\":true,\"valueName\":\"search_term_string\"}}],\"inLanguage\":\"pt-BR\"},{\"@type\":[\"Person\",\"Organization\"],\"@id\":\"https:\\\/\\\/blogdoprosperi.com\\\/#\\\/schema\\\/person\\\/38100755ce3601861ee4fab9b5aa78e9\",\"name\":\"Luiz Ant\u00f4nio Pr\u00f3speri\",\"pronouns\":\"ele\",\"image\":{\"@type\":\"ImageObject\",\"inLanguage\":\"pt-BR\",\"@id\":\"https:\\\/\\\/i0.wp.com\\\/blogdoprosperi.com\\\/wp-content\\\/uploads\\\/2026\\\/05\\\/cropped-8059e613-6002-42fa-961e-8e275f575d71-2-5.jpg?fit=1360%2C931&ssl=1\",\"url\":\"https:\\\/\\\/i0.wp.com\\\/blogdoprosperi.com\\\/wp-content\\\/uploads\\\/2026\\\/05\\\/cropped-8059e613-6002-42fa-961e-8e275f575d71-2-5.jpg?fit=1360%2C931&ssl=1\",\"contentUrl\":\"https:\\\/\\\/i0.wp.com\\\/blogdoprosperi.com\\\/wp-content\\\/uploads\\\/2026\\\/05\\\/cropped-8059e613-6002-42fa-961e-8e275f575d71-2-5.jpg?fit=1360%2C931&ssl=1\",\"width\":1360,\"height\":931,\"caption\":\"Luiz Ant\u00f4nio Pr\u00f3speri\"},\"logo\":{\"@id\":\"https:\\\/\\\/i0.wp.com\\\/blogdoprosperi.com\\\/wp-content\\\/uploads\\\/2026\\\/05\\\/cropped-8059e613-6002-42fa-961e-8e275f575d71-2-5.jpg?fit=1360%2C931&ssl=1\"},\"description\":\"Jornalista com carreira dedicada ao esporte. Cobriu 9 Copas do Mundo in loco, 1990 na It\u00e1lia, 1994 nos EUA, 1998 na Fran\u00e7a, 2002 na Coreia do Sul e Jap\u00e3o, 2006 na Alemanha, 2010 na \u00c1frica do Sul, 2014 no Brasil, 2018 na R\u00fassia e 2022 no Qatar. Eurocopas, 1992 na Su\u00e9cia e 1996 na Inglaterra. Copa das Confedera\u00e7\u00f5es de 2005 na Alemanha e 2009 na \u00c1frica do Sul. Rep\u00f3rter e Editor, trabalhou no Jornal da Tarde e Estad\u00e3o, de 1984 a fevereiro de 2016. Colunista, blogueiro. E comentarista de futebol na R\u00e1dio Estad\u00e3o, de 2013 a fevereiro de 2016. Jornalista respons\u00e1vel do \\\"Pr\u00f3speri News\\\" (blogdoprosperi.com).\",\"sameAs\":[\"http:\\\/\\\/blogdoprosperi.com\",\"Luiz Pr\u00f3speri\",\"@luiz_prosperi\",\"https:\\\/\\\/x.com\\\/Luizprosperi\",\"@prosperinacopa\",\"luiz.prosperi@icloud.com\"],\"url\":\"https:\\\/\\\/blogdoprosperi.com\\\/?author=102107496\"}]}<\/script>\n<!-- \/ Yoast SEO plugin. -->","yoast_head_json":{"title":"Reinaldo | Depoimento do Ex-Jogador Anistiado por Persegui\u00e7\u00e3o na Ditadura Militar - PR\u00d3SPERI NEWS","robots":{"index":"index","follow":"follow","max-snippet":"max-snippet:-1","max-image-preview":"max-image-preview:large","max-video-preview":"max-video-preview:-1"},"canonical":"https:\/\/blogdoprosperi.com\/?p=55798","og_locale":"pt_BR","og_type":"article","og_title":"Reinaldo | Depoimento do Ex-Jogador Anistiado por Persegui\u00e7\u00e3o na Ditadura Militar - PR\u00d3SPERI NEWS","og_description":"Luiz Ant\u00f4nio Pr\u00f3speri \u2013 3 dezembro 2025 (16h28) \u2013 &#8220;Eu sou o Reinaldo, muitos me conhecem como um [&hellip;]","og_url":"https:\/\/blogdoprosperi.com\/?p=55798","og_site_name":"PR\u00d3SPERI NEWS","article_publisher":"Luiz Pr\u00f3speri","article_author":"Luiz Pr\u00f3speri","article_published_time":"2025-12-03T19:58:50+00:00","og_image":[{"width":569,"height":539,"url":"https:\/\/i0.wp.com\/blogdoprosperi.com\/wp-content\/uploads\/2025\/12\/fc86brjxoam7cda.jpeg?fit=569%2C539&ssl=1","type":"image\/jpeg"}],"author":"Luiz Ant\u00f4nio Pr\u00f3speri","twitter_card":"summary_large_image","twitter_creator":"@Luizprosperi","twitter_site":"@Luizprosperi","twitter_misc":{"Escrito por":"Luiz Ant\u00f4nio Pr\u00f3speri","Est. tempo de leitura":"12 minutos"},"schema":{"@context":"https:\/\/schema.org","@graph":[{"@type":"Article","@id":"https:\/\/blogdoprosperi.com\/?p=55798#article","isPartOf":{"@id":"https:\/\/blogdoprosperi.com\/?p=55798"},"author":{"name":"Luiz Ant\u00f4nio Pr\u00f3speri","@id":"https:\/\/blogdoprosperi.com\/#\/schema\/person\/38100755ce3601861ee4fab9b5aa78e9"},"headline":"Reinaldo | Depoimento do Ex-Jogador Anistiado por Persegui\u00e7\u00e3o na Ditadura Militar","datePublished":"2025-12-03T19:58:50+00:00","mainEntityOfPage":{"@id":"https:\/\/blogdoprosperi.com\/?p=55798"},"wordCount":2459,"commentCount":0,"publisher":{"@id":"https:\/\/blogdoprosperi.com\/#\/schema\/person\/38100755ce3601861ee4fab9b5aa78e9"},"image":{"@id":"https:\/\/blogdoprosperi.com\/?p=55798#primaryimage"},"thumbnailUrl":"https:\/\/i0.wp.com\/blogdoprosperi.com\/wp-content\/uploads\/2025\/12\/fc86brjxoam7cda.jpeg?fit=569%2C539&ssl=1","keywords":["reinadoatl\u00e9tico-mg","reinaldoanistia","reinaldoditadura","reinaldogalo","reinaldosele\u00e7\u00e3obrasileira"],"articleSection":["futebol","informa\u00e7\u00e3o","Luiz Ant\u00f4nio Pr\u00f3speri","Sele\u00e7\u00e3o Brasileira","viol\u00eancia"],"inLanguage":"pt-BR","potentialAction":[{"@type":"CommentAction","name":"Comment","target":["https:\/\/blogdoprosperi.com\/?p=55798#respond"]}]},{"@type":"WebPage","@id":"https:\/\/blogdoprosperi.com\/?p=55798","url":"https:\/\/blogdoprosperi.com\/?p=55798","name":"Reinaldo | Depoimento do Ex-Jogador Anistiado por Persegui\u00e7\u00e3o na Ditadura Militar - PR\u00d3SPERI NEWS","isPartOf":{"@id":"https:\/\/blogdoprosperi.com\/#website"},"primaryImageOfPage":{"@id":"https:\/\/blogdoprosperi.com\/?p=55798#primaryimage"},"image":{"@id":"https:\/\/blogdoprosperi.com\/?p=55798#primaryimage"},"thumbnailUrl":"https:\/\/i0.wp.com\/blogdoprosperi.com\/wp-content\/uploads\/2025\/12\/fc86brjxoam7cda.jpeg?fit=569%2C539&ssl=1","datePublished":"2025-12-03T19:58:50+00:00","breadcrumb":{"@id":"https:\/\/blogdoprosperi.com\/?p=55798#breadcrumb"},"inLanguage":"pt-BR","potentialAction":[{"@type":"ReadAction","target":["https:\/\/blogdoprosperi.com\/?p=55798"]}]},{"@type":"ImageObject","inLanguage":"pt-BR","@id":"https:\/\/blogdoprosperi.com\/?p=55798#primaryimage","url":"https:\/\/i0.wp.com\/blogdoprosperi.com\/wp-content\/uploads\/2025\/12\/fc86brjxoam7cda.jpeg?fit=569%2C539&ssl=1","contentUrl":"https:\/\/i0.wp.com\/blogdoprosperi.com\/wp-content\/uploads\/2025\/12\/fc86brjxoam7cda.jpeg?fit=569%2C539&ssl=1","width":569,"height":539,"caption":"Reinaldo de punho cerrado - foto; Atl\u00e9tico-MG"},{"@type":"BreadcrumbList","@id":"https:\/\/blogdoprosperi.com\/?p=55798#breadcrumb","itemListElement":[{"@type":"ListItem","position":1,"name":"In\u00edcio","item":"https:\/\/blogdoprosperi.com\/"},{"@type":"ListItem","position":2,"name":"Reinaldo | Depoimento do Ex-Jogador Anistiado por Persegui\u00e7\u00e3o na Ditadura Militar"}]},{"@type":"WebSite","@id":"https:\/\/blogdoprosperi.com\/#website","url":"https:\/\/blogdoprosperi.com\/","name":"PR\u00d3SPERI NEWS","description":"TUDO \u00c9  FUTEBOL","publisher":{"@id":"https:\/\/blogdoprosperi.com\/#\/schema\/person\/38100755ce3601861ee4fab9b5aa78e9"},"alternateName":"blogdoprosperi.com","potentialAction":[{"@type":"SearchAction","target":{"@type":"EntryPoint","urlTemplate":"https:\/\/blogdoprosperi.com\/?s={search_term_string}"},"query-input":{"@type":"PropertyValueSpecification","valueRequired":true,"valueName":"search_term_string"}}],"inLanguage":"pt-BR"},{"@type":["Person","Organization"],"@id":"https:\/\/blogdoprosperi.com\/#\/schema\/person\/38100755ce3601861ee4fab9b5aa78e9","name":"Luiz Ant\u00f4nio Pr\u00f3speri","pronouns":"ele","image":{"@type":"ImageObject","inLanguage":"pt-BR","@id":"https:\/\/i0.wp.com\/blogdoprosperi.com\/wp-content\/uploads\/2026\/05\/cropped-8059e613-6002-42fa-961e-8e275f575d71-2-5.jpg?fit=1360%2C931&ssl=1","url":"https:\/\/i0.wp.com\/blogdoprosperi.com\/wp-content\/uploads\/2026\/05\/cropped-8059e613-6002-42fa-961e-8e275f575d71-2-5.jpg?fit=1360%2C931&ssl=1","contentUrl":"https:\/\/i0.wp.com\/blogdoprosperi.com\/wp-content\/uploads\/2026\/05\/cropped-8059e613-6002-42fa-961e-8e275f575d71-2-5.jpg?fit=1360%2C931&ssl=1","width":1360,"height":931,"caption":"Luiz Ant\u00f4nio Pr\u00f3speri"},"logo":{"@id":"https:\/\/i0.wp.com\/blogdoprosperi.com\/wp-content\/uploads\/2026\/05\/cropped-8059e613-6002-42fa-961e-8e275f575d71-2-5.jpg?fit=1360%2C931&ssl=1"},"description":"Jornalista com carreira dedicada ao esporte. Cobriu 9 Copas do Mundo in loco, 1990 na It\u00e1lia, 1994 nos EUA, 1998 na Fran\u00e7a, 2002 na Coreia do Sul e Jap\u00e3o, 2006 na Alemanha, 2010 na \u00c1frica do Sul, 2014 no Brasil, 2018 na R\u00fassia e 2022 no Qatar. Eurocopas, 1992 na Su\u00e9cia e 1996 na Inglaterra. Copa das Confedera\u00e7\u00f5es de 2005 na Alemanha e 2009 na \u00c1frica do Sul. Rep\u00f3rter e Editor, trabalhou no Jornal da Tarde e Estad\u00e3o, de 1984 a fevereiro de 2016. Colunista, blogueiro. E comentarista de futebol na R\u00e1dio Estad\u00e3o, de 2013 a fevereiro de 2016. Jornalista respons\u00e1vel do \"Pr\u00f3speri News\" (blogdoprosperi.com).","sameAs":["http:\/\/blogdoprosperi.com","Luiz Pr\u00f3speri","@luiz_prosperi","https:\/\/x.com\/Luizprosperi","@prosperinacopa","luiz.prosperi@icloud.com"],"url":"https:\/\/blogdoprosperi.com\/?author=102107496"}]}},"jetpack_publicize_connections":[],"jetpack_likes_enabled":false,"jetpack_sharing_enabled":true,"jetpack_shortlink":"https:\/\/wp.me\/p7jvdk-evY","jetpack-related-posts":[{"id":39756,"url":"https:\/\/blogdoprosperi.com\/?p=39756","url_meta":{"origin":55798,"position":0},"title":"Neymar apoia Bolsonaro e refor\u00e7a time da direita. O que diria S\u00f3crates?","author":"Luiz Ant\u00f4nio Pr\u00f3speri","date":"30 de setembro de 2022","format":false,"excerpt":"Neymar divulga v\u00eddeo no TikTok declarando apoio a Bolsonaro. Jogadores de esquerda criticam atitude do craque.","rel":"","context":"Em &quot;futebol&quot;","block_context":{"text":"futebol","link":"https:\/\/blogdoprosperi.com\/?cat=53870"},"img":{"alt_text":"","src":"https:\/\/i0.wp.com\/blogdoprosperi.com\/wp-content\/uploads\/2022\/09\/socrates-selecao-brasileira-copa-1986-original.jpg?fit=928%2C522&ssl=1&resize=350%2C200","width":350,"height":200,"srcset":"https:\/\/i0.wp.com\/blogdoprosperi.com\/wp-content\/uploads\/2022\/09\/socrates-selecao-brasileira-copa-1986-original.jpg?fit=928%2C522&ssl=1&resize=350%2C200 1x, https:\/\/i0.wp.com\/blogdoprosperi.com\/wp-content\/uploads\/2022\/09\/socrates-selecao-brasileira-copa-1986-original.jpg?fit=928%2C522&ssl=1&resize=525%2C300 1.5x, https:\/\/i0.wp.com\/blogdoprosperi.com\/wp-content\/uploads\/2022\/09\/socrates-selecao-brasileira-copa-1986-original.jpg?fit=928%2C522&ssl=1&resize=700%2C400 2x"},"classes":[]},{"id":57410,"url":"https:\/\/blogdoprosperi.com\/?p=57410","url_meta":{"origin":55798,"position":1},"title":"&#8220;O Passado \u00c9 Uma Roupa Que N\u00e3o Nos Serve Mais&#8221;","author":"Luiz Ant\u00f4nio Pr\u00f3speri","date":"4 de abril de 2026","format":false,"excerpt":"Luiz Ant\u00f4nio Pr\u00f3speri \u2013 4 abril 2026 (13h05) \u2013 Belchior cantou que \"o passado \u00e9 uma roupa que n\u00e3o nos serve mais\" na sua can\u00e7\u00e3o 'Velha Roupa Colorida' do \u00e1lbum 'Alucina\u00e7\u00e3o' gravado em 1976. Naquela \u00e9poca, \u00e9ramos tricampe\u00f5es do mundo, ainda inebriados com a conquista no M\u00e9xico em 1970 e\u2026","rel":"","context":"Em &quot;copa 2026&quot;","block_context":{"text":"copa 2026","link":"https:\/\/blogdoprosperi.com\/?cat=36820279"},"img":{"alt_text":"","src":"https:\/\/i0.wp.com\/blogdoprosperi.com\/wp-content\/uploads\/2026\/04\/captura-de-tela-2026-04-04-as-13.03.19.png?fit=1200%2C880&ssl=1&resize=350%2C200","width":350,"height":200,"srcset":"https:\/\/i0.wp.com\/blogdoprosperi.com\/wp-content\/uploads\/2026\/04\/captura-de-tela-2026-04-04-as-13.03.19.png?fit=1200%2C880&ssl=1&resize=350%2C200 1x, https:\/\/i0.wp.com\/blogdoprosperi.com\/wp-content\/uploads\/2026\/04\/captura-de-tela-2026-04-04-as-13.03.19.png?fit=1200%2C880&ssl=1&resize=525%2C300 1.5x, https:\/\/i0.wp.com\/blogdoprosperi.com\/wp-content\/uploads\/2026\/04\/captura-de-tela-2026-04-04-as-13.03.19.png?fit=1200%2C880&ssl=1&resize=700%2C400 2x, https:\/\/i0.wp.com\/blogdoprosperi.com\/wp-content\/uploads\/2026\/04\/captura-de-tela-2026-04-04-as-13.03.19.png?fit=1200%2C880&ssl=1&resize=1050%2C600 3x"},"classes":[]},{"id":37553,"url":"https:\/\/blogdoprosperi.com\/?p=37553","url_meta":{"origin":55798,"position":2},"title":"Nada ser\u00e1 como antes, amanh\u00e3","author":"Luiz Ant\u00f4nio Pr\u00f3speri","date":"27 de outubro de 2018","format":false,"excerpt":"Meu filho est\u00e1 numa grande universidade do Brasil neste 2018. Tem 18 anos. Quando eu tinha a idade dele, tamb\u00e9m estava em uma universidade. Tinha sonhos a cumprir e lutas a resolver. Era um inconformado com os rumos do pa\u00eds. N\u00e3o queria viver amarrado. Brigava por liberdades, o ir e\u2026","rel":"","context":"Em &quot;futebol&quot;","block_context":{"text":"futebol","link":"https:\/\/blogdoprosperi.com\/?cat=53870"},"img":{"alt_text":"","src":"","width":0,"height":0},"classes":[]},{"id":1452,"url":"https:\/\/blogdoprosperi.com\/?p=1452","url_meta":{"origin":55798,"position":3},"title":"Gavi\u00f5es da Fiel n\u00e3o se intimida","author":"Luiz Ant\u00f4nio Pr\u00f3speri","date":"16 de abril de 2016","format":false,"excerpt":"A Gavi\u00f5es da Fiel, torcida organizada do Corinthians, protestou nesta sexta-feira contra a Secretaria de Seguran\u00e7a P\u00fablica de S\u00e3o Paulo (SSPSP), CBF, o deputado Fernando Capez, TV Globo e Federa\u00e7\u00e3o Paulista (FPF). Cerca de 2 mil pessoas participaram da manifesta\u00e7\u00e3o no in\u00edcio da noite no Vale Anhangaba\u00fa. A torcida promete\u2026","rel":"","context":"Em &quot;futebol&quot;","block_context":{"text":"futebol","link":"https:\/\/blogdoprosperi.com\/?cat=53870"},"img":{"alt_text":"","src":"https:\/\/i0.wp.com\/blogdoprosperi.com\/wp-content\/uploads\/2016\/04\/gavioes-02.jpg?resize=350%2C200&ssl=1","width":350,"height":200,"srcset":"https:\/\/i0.wp.com\/blogdoprosperi.com\/wp-content\/uploads\/2016\/04\/gavioes-02.jpg?resize=350%2C200&ssl=1 1x, https:\/\/i0.wp.com\/blogdoprosperi.com\/wp-content\/uploads\/2016\/04\/gavioes-02.jpg?resize=525%2C300&ssl=1 1.5x"},"classes":[]},{"id":54377,"url":"https:\/\/blogdoprosperi.com\/?p=54377","url_meta":{"origin":55798,"position":4},"title":"#Cr\u00f4nicaSab\u00e1tica #28| Torcida \u00c9 Para Torcer, N\u00e3o Pedir Sangue","author":"Luiz Ant\u00f4nio Pr\u00f3speri","date":"9 de agosto de 2025","format":false,"excerpt":"Luiz Ant\u00f4nio Pr\u00f3speri \u2013 9 agosto 2025 (11h59) \u2013 Filipe Melo pulsa no sangue de uma das torcidas mais b\u00e9licas do pa\u00eds. Ao se vestir de torcedor, com a camisa sagrada do Palmeiras e gritar ao som de alto volume no Allianz Parque pedindo \"cabe\u00e7a quente e faca nos detentes\u2026","rel":"","context":"Em &quot;cr\u00f4nica&quot;","block_context":{"text":"cr\u00f4nica","link":"https:\/\/blogdoprosperi.com\/?cat=23339"},"img":{"alt_text":"Protesto da Mancha Verde contra jogadores do Palmeiras","src":"https:\/\/i0.wp.com\/blogdoprosperi.com\/wp-content\/uploads\/2025\/08\/captura-de-tela-2025-08-09-as-11.54.43.png?fit=1200%2C660&ssl=1&resize=350%2C200","width":350,"height":200,"srcset":"https:\/\/i0.wp.com\/blogdoprosperi.com\/wp-content\/uploads\/2025\/08\/captura-de-tela-2025-08-09-as-11.54.43.png?fit=1200%2C660&ssl=1&resize=350%2C200 1x, https:\/\/i0.wp.com\/blogdoprosperi.com\/wp-content\/uploads\/2025\/08\/captura-de-tela-2025-08-09-as-11.54.43.png?fit=1200%2C660&ssl=1&resize=525%2C300 1.5x, https:\/\/i0.wp.com\/blogdoprosperi.com\/wp-content\/uploads\/2025\/08\/captura-de-tela-2025-08-09-as-11.54.43.png?fit=1200%2C660&ssl=1&resize=700%2C400 2x, https:\/\/i0.wp.com\/blogdoprosperi.com\/wp-content\/uploads\/2025\/08\/captura-de-tela-2025-08-09-as-11.54.43.png?fit=1200%2C660&ssl=1&resize=1050%2C600 3x"},"classes":[]},{"id":56564,"url":"https:\/\/blogdoprosperi.com\/?p=56564","url_meta":{"origin":55798,"position":5},"title":"Crespo Cai no S\u00e3o Paulo e Neymar se Esconde de Ancelotti","author":"Luiz Ant\u00f4nio Pr\u00f3speri","date":"9 de mar\u00e7o de 2026","format":false,"excerpt":"Luiz Ant\u00f4nio Pr\u00f3speri \u2013 9 mar\u00e7o 2026 (17h05) \u2013 Hern\u00e1n Crespo, Filipe Luis, Fernando Diniz e Jorge Sampoli demitidos. Entram no balan\u00e7o do confuso in\u00edcio de temporada com jogos dos campeonatos Estaduais e quatro rodadas do Brasileir\u00e3o. Das cabe\u00e7as ceifadas, chama aten\u00e7\u00e3o a queda de Filipe Luis no Flamengo e\u2026","rel":"","context":"Em &quot;futebol&quot;","block_context":{"text":"futebol","link":"https:\/\/blogdoprosperi.com\/?cat=53870"},"img":{"alt_text":"Hernan Crespo estreia com derrota no S\u00e3o Paulo","src":"https:\/\/i0.wp.com\/blogdoprosperi.com\/wp-content\/uploads\/2025\/07\/54650403251_866b7b0740_c.jpg?fit=800%2C579&ssl=1&resize=350%2C200","width":350,"height":200,"srcset":"https:\/\/i0.wp.com\/blogdoprosperi.com\/wp-content\/uploads\/2025\/07\/54650403251_866b7b0740_c.jpg?fit=800%2C579&ssl=1&resize=350%2C200 1x, https:\/\/i0.wp.com\/blogdoprosperi.com\/wp-content\/uploads\/2025\/07\/54650403251_866b7b0740_c.jpg?fit=800%2C579&ssl=1&resize=525%2C300 1.5x, https:\/\/i0.wp.com\/blogdoprosperi.com\/wp-content\/uploads\/2025\/07\/54650403251_866b7b0740_c.jpg?fit=800%2C579&ssl=1&resize=700%2C400 2x"},"classes":[]}],"jetpack_featured_media_url":"https:\/\/i0.wp.com\/blogdoprosperi.com\/wp-content\/uploads\/2025\/12\/fc86brjxoam7cda.jpeg?fit=569%2C539&ssl=1","_links":{"self":[{"href":"https:\/\/blogdoprosperi.com\/index.php?rest_route=\/wp\/v2\/posts\/55798","targetHints":{"allow":["GET"]}}],"collection":[{"href":"https:\/\/blogdoprosperi.com\/index.php?rest_route=\/wp\/v2\/posts"}],"about":[{"href":"https:\/\/blogdoprosperi.com\/index.php?rest_route=\/wp\/v2\/types\/post"}],"author":[{"embeddable":true,"href":"https:\/\/blogdoprosperi.com\/index.php?rest_route=\/wp\/v2\/users\/102107496"}],"replies":[{"embeddable":true,"href":"https:\/\/blogdoprosperi.com\/index.php?rest_route=%2Fwp%2Fv2%2Fcomments&post=55798"}],"version-history":[{"count":26,"href":"https:\/\/blogdoprosperi.com\/index.php?rest_route=\/wp\/v2\/posts\/55798\/revisions"}],"predecessor-version":[{"id":55832,"href":"https:\/\/blogdoprosperi.com\/index.php?rest_route=\/wp\/v2\/posts\/55798\/revisions\/55832"}],"wp:featuredmedia":[{"embeddable":true,"href":"https:\/\/blogdoprosperi.com\/index.php?rest_route=\/wp\/v2\/media\/55823"}],"wp:attachment":[{"href":"https:\/\/blogdoprosperi.com\/index.php?rest_route=%2Fwp%2Fv2%2Fmedia&parent=55798"}],"wp:term":[{"taxonomy":"category","embeddable":true,"href":"https:\/\/blogdoprosperi.com\/index.php?rest_route=%2Fwp%2Fv2%2Fcategories&post=55798"},{"taxonomy":"post_tag","embeddable":true,"href":"https:\/\/blogdoprosperi.com\/index.php?rest_route=%2Fwp%2Fv2%2Ftags&post=55798"}],"curies":[{"name":"wp","href":"https:\/\/api.w.org\/{rel}","templated":true}]}}