{"id":56115,"date":"2026-02-04T18:27:57","date_gmt":"2026-02-04T21:27:57","guid":{"rendered":"https:\/\/blogdoprosperi.com\/?p=56115"},"modified":"2026-02-04T18:27:57","modified_gmt":"2026-02-04T21:27:57","slug":"guardiola-critica-as-guerras-no-sudao-ucrania-e-palestina-pessoas-estao-morrendo-voce-precisa-ajudar","status":"publish","type":"post","link":"https:\/\/blogdoprosperi.com\/?p=56115","title":{"rendered":"Guardiola critica as guerras no Sud\u00e3o, Ucr\u00e2nia e Palestina: &#8216;Pessoas Est\u00e3o Morrendo, Voc\u00ea Precisa Ajudar&#8217;"},"content":{"rendered":"<p><strong>T\u00e9cnico do Manchester City fala abertamente sobre os conflitos globais<\/strong><\/p>\n<p><strong>ONU relata que os Emirados \u00c1rabes Unidos apoiaram grupo paramilitar sudan\u00eas<\/strong><\/p>\n<hr \/>\n<p><em>Jamie Jackson, The Guardian \u2013 4 fevereiro 2026 (16h03) \u2013<\/em><\/p>\n<p>Pep Guardiola se manifestou contra os assassinatos em todo o mundo, inclusive no Sud\u00e3o, onde um grupo paramilitar apoiado pelos\u00a0<span dir=\"auto\">Emirados \u00c1rabes Unidos, que na pr\u00e1tica s\u00e3o donos do Manchester City, est\u00e1 envolvido em uma guerra civil que j\u00e1 custou mais de 150 mil vidas.<\/span><\/p>\n<p>Guardiola mencionou\u00a0o Sud\u00e3o ao falar sobre conflitos onde pessoas inocentes estavam morrendo. Crimes de guerra teriam sido cometidos por ambos os lados no conflito. O vice-presidente dos Emirados \u00c1rabes Unidos, Sheikh Mansour bin Zayed al-Nahyan, \u00e9 dono do Manchester City, onde Guardiola \u00e9 o t\u00e9cnico.<\/p>\n<p>\u201cNunca na hist\u00f3ria da humanidade tivemos informa\u00e7\u00f5es t\u00e3o claras diante dos nossos olhos como agora\u201d, disse Guardiola. \u201cO genoc\u00eddio na Palestina, o que aconteceu na Ucr\u00e2nia, o que aconteceu em todo o mundo \u2013 no Sud\u00e3o, em todos os lugares. O que aconteceu diante dos nossos olhos? Voc\u00eas querem ver? \u00c9 um problema nosso como seres humanos.\u201d<\/p>\n<p>As For\u00e7as de Apoio R\u00e1pido (RSF) no Sud\u00e3o t\u00eam recebido apoio dos Emirados \u00c1rabes Unidos, posi\u00e7\u00e3o que o pa\u00eds do Golfo nega, apesar\u00a0das evid\u00eancias compiladas pela ONU, especialistas independentes e jornalistas. As RSF realizaram\u00a0assassinatos em massa\u00a0na cidade sudanesa de El Fasher<\/p>\n<blockquote><p><em><strong>Agora, nos matamos uns aos outros, por qu\u00ea? Quando vejo as imagens, sinto muito, d\u00f3i. D\u00f3i em mim \u2013<\/strong> Guardiola<\/em><\/p><\/blockquote>\n<p>Em novembro, os Emirados \u00c1rabes Unidos admitiram erros em sua pol\u00edtica externa ap\u00f3s danos \u00e0 sua reputa\u00e7\u00e3o devido ao apoio \u00e0s For\u00e7as de Apoio R\u00e1pido (RSF). Anwar Gargash, o principal enviado diplom\u00e1tico dos Emirados \u00c1rabes Unidos, afirmou que os Emirados \u00c1rabes Unidos e outros pa\u00edses erraram ao n\u00e3o impor san\u00e7\u00f5es aos instigadores do\u00a0golpe de 2021\u00a0\u2013 liderado conjuntamente pelas RSF e pelo ex\u00e9rcito \u2013 que derrubou o governo civil de transi\u00e7\u00e3o do Sud\u00e3o.<\/p>\n<p>Mansour comprou o City em setembro de 2008 e Guardiola tornou-se treinador em 2016. Na \u00faltima quinta-feira, Guardiola discursou num evento de caridade em Barcelona sobre a necessidade de proteger as crian\u00e7as na Palestina, o que suscitou questionamentos antes do jogo do City contra o Newcastle pela Ta\u00e7a da Liga Inglesa, na quarta-feira, sobre o motivo de ele se manifestar publicamente sobre quest\u00f5es humanit\u00e1rias.<\/p>\n<p>\u201cTrata-se de um lugar melhor para a humanidade\u201d, disse ele. \u201cAs pessoas que fogem de seus pa\u00edses, entram no mar e depois v\u00e3o para um barco em busca de resgate: n\u00e3o pergunte se elas est\u00e3o certas ou erradas, resgate-as. Trata-se de um ser humano. Depois, podemos concordar, criticar. Mas quando as pessoas est\u00e3o morrendo, voc\u00ea tem que ajud\u00e1-las.\u201d<\/p>\n<p>\u201cProteger o ser humano \u00e9 a \u00fanica coisa que temos. Agora, nos matamos uns aos outros, por qu\u00ea? Quando vejo as imagens, sinto muito, d\u00f3i. D\u00f3i em mim. \u00c9 por isso que, em todas as situa\u00e7\u00f5es em que puder contribuir para uma sociedade melhor, tentarei estar presente. \u00c9 pelos meus filhos, pelas minhas fam\u00edlias, por voc\u00eas. Por todos voc\u00eas, suas fam\u00edlias e as crian\u00e7as.\u201d<\/p>\n<p>\u201cDo meu ponto de vista, a justi\u00e7a precisa ser feita. Caso contr\u00e1rio, tudo vai continuar como est\u00e1. Veja o que aconteceu nos Estados Unidos da Am\u00e9rica, Ren\u00e9e Good e Alex Pretti foram assassinados\u2026 Como voc\u00ea pode defender isso?\u201d<\/p>\n<p>Ap\u00f3s mencionar o ataque a tiros contra as lojas Good e Pretti por agentes do Servi\u00e7o de Imigra\u00e7\u00e3o e Alf\u00e2ndega dos EUA em Minneapolis, Guardiola disse: &#8220;N\u00e3o existe uma sociedade perfeita, nenhum lugar \u00e9 perfeito, eu n\u00e3o sou perfeito, mas temos que trabalhar para sermos melhores.&#8221;<\/p>\n<p><a href=\"https:\/\/www.theguardian.com\/football\/2026\/feb\/03\/people-are-dying-you-have-to-help-guardiola-decries-wars-in-sudan-ukraine-and-palestine\"><em>(reportagem publicada no The Guardian)<\/em><\/a><\/p>\n","protected":false},"excerpt":{"rendered":"<p>T\u00e9cnico do Manchester City fala abertamente sobre os conflitos globais ONU relata que os Emirados \u00c1rabes Unidos apoiaram [&hellip;]<\/p>\n","protected":false},"author":102107496,"featured_media":40518,"comment_status":"open","ping_status":"open","sticky":false,"template":"","format":"standard","meta":{"_coblocks_attr":"","_coblocks_dimensions":"","_coblocks_responsive_height":"","_coblocks_accordion_ie_support":"","_jetpack_newsletter_access":"","_jetpack_dont_email_post_to_subs":false,"_jetpack_newsletter_tier_id":0,"_jetpack_memberships_contains_paywalled_content":false,"_wpcom_ai_launchpad_first_post":false,"_jetpack_feature_clip_id":0,"_jetpack_memberships_contains_paid_content":false,"footnotes":"","jetpack_publicize_message":"","jetpack_publicize_feature_enabled":true,"jetpack_social_post_already_shared":false,"jetpack_social_options":{"image_generator_settings":{"template":"highway","default_image_id":0,"font":"","enabled":false},"version":2},"jetpack_post_was_ever_published":false},"categories":[53870],"tags":[2313775,409523,55667],"class_list":["post-56115","post","type-post","status-publish","format-standard","has-post-thumbnail","hentry","category-futebol","tag-guardiola","tag-manchester-city","tag-palestina"],"yoast_head":"<!-- This site is optimized with the Yoast SEO plugin v28.3 - https:\/\/yoast.com\/product\/yoast-seo-wordpress\/ -->\n<title>Guardiola critica as guerras no Sud\u00e3o, Ucr\u00e2nia e Palestina: &#039;Pessoas Est\u00e3o Morrendo, Voc\u00ea Precisa Ajudar&#039; - PR\u00d3SPERI NEWS<\/title>\n<meta name=\"robots\" content=\"index, follow, max-snippet:-1, max-image-preview:large, max-video-preview:-1\" \/>\n<link rel=\"canonical\" href=\"https:\/\/blogdoprosperi.com\/?p=56115\" \/>\n<meta property=\"og:locale\" content=\"pt_BR\" \/>\n<meta property=\"og:type\" content=\"article\" \/>\n<meta property=\"og:title\" content=\"Guardiola critica as guerras no Sud\u00e3o, Ucr\u00e2nia e Palestina: &#039;Pessoas Est\u00e3o Morrendo, Voc\u00ea Precisa Ajudar&#039; - PR\u00d3SPERI NEWS\" \/>\n<meta property=\"og:description\" content=\"T\u00e9cnico do Manchester City fala abertamente sobre os conflitos globais ONU relata que os Emirados \u00c1rabes Unidos apoiaram [&hellip;]\" \/>\n<meta property=\"og:url\" content=\"https:\/\/blogdoprosperi.com\/?p=56115\" \/>\n<meta property=\"og:site_name\" content=\"PR\u00d3SPERI NEWS\" \/>\n<meta property=\"article:publisher\" content=\"Luiz Pr\u00f3speri\" \/>\n<meta property=\"article:author\" content=\"Luiz Pr\u00f3speri\" \/>\n<meta property=\"article:published_time\" content=\"2026-02-04T21:27:57+00:00\" \/>\n<meta property=\"og:image\" content=\"https:\/\/i0.wp.com\/blogdoprosperi.com\/wp-content\/uploads\/2022\/12\/gettyimages-1413449937.webp?fit=1620%2C911&ssl=1\" \/>\n\t<meta property=\"og:image:width\" content=\"1620\" \/>\n\t<meta property=\"og:image:height\" content=\"911\" \/>\n\t<meta property=\"og:image:type\" content=\"image\/webp\" \/>\n<meta name=\"author\" content=\"Luiz Ant\u00f4nio Pr\u00f3speri\" \/>\n<meta name=\"twitter:card\" content=\"summary_large_image\" \/>\n<meta name=\"twitter:creator\" content=\"@Luizprosperi\" \/>\n<meta name=\"twitter:site\" content=\"@Luizprosperi\" \/>\n<meta name=\"twitter:label1\" content=\"Escrito por\" \/>\n\t<meta name=\"twitter:data1\" content=\"Luiz Ant\u00f4nio Pr\u00f3speri\" \/>\n\t<meta name=\"twitter:label2\" content=\"Est. tempo de leitura\" \/>\n\t<meta name=\"twitter:data2\" content=\"3 minutos\" \/>\n<script type=\"application\/ld+json\" class=\"yoast-schema-graph\">{\"@context\":\"https:\\\/\\\/schema.org\",\"@graph\":[{\"@type\":\"Article\",\"@id\":\"https:\\\/\\\/blogdoprosperi.com\\\/?p=56115#article\",\"isPartOf\":{\"@id\":\"https:\\\/\\\/blogdoprosperi.com\\\/?p=56115\"},\"author\":{\"name\":\"Luiz Ant\u00f4nio Pr\u00f3speri\",\"@id\":\"https:\\\/\\\/blogdoprosperi.com\\\/#\\\/schema\\\/person\\\/38100755ce3601861ee4fab9b5aa78e9\"},\"headline\":\"Guardiola critica as guerras no Sud\u00e3o, Ucr\u00e2nia e Palestina: &#8216;Pessoas Est\u00e3o Morrendo, Voc\u00ea Precisa Ajudar&#8217;\",\"datePublished\":\"2026-02-04T21:27:57+00:00\",\"mainEntityOfPage\":{\"@id\":\"https:\\\/\\\/blogdoprosperi.com\\\/?p=56115\"},\"wordCount\":653,\"commentCount\":1,\"publisher\":{\"@id\":\"https:\\\/\\\/blogdoprosperi.com\\\/#\\\/schema\\\/person\\\/38100755ce3601861ee4fab9b5aa78e9\"},\"image\":{\"@id\":\"https:\\\/\\\/blogdoprosperi.com\\\/?p=56115#primaryimage\"},\"thumbnailUrl\":\"https:\\\/\\\/i0.wp.com\\\/blogdoprosperi.com\\\/wp-content\\\/uploads\\\/2022\\\/12\\\/gettyimages-1413449937.webp?fit=1620%2C911&ssl=1\",\"keywords\":[\"Guardiola\",\"Manchester City\",\"palestina\"],\"articleSection\":[\"futebol\"],\"inLanguage\":\"pt-BR\",\"potentialAction\":[{\"@type\":\"CommentAction\",\"name\":\"Comment\",\"target\":[\"https:\\\/\\\/blogdoprosperi.com\\\/?p=56115#respond\"]}]},{\"@type\":\"WebPage\",\"@id\":\"https:\\\/\\\/blogdoprosperi.com\\\/?p=56115\",\"url\":\"https:\\\/\\\/blogdoprosperi.com\\\/?p=56115\",\"name\":\"Guardiola critica as guerras no Sud\u00e3o, Ucr\u00e2nia e Palestina: 'Pessoas Est\u00e3o Morrendo, Voc\u00ea Precisa Ajudar' - PR\u00d3SPERI NEWS\",\"isPartOf\":{\"@id\":\"https:\\\/\\\/blogdoprosperi.com\\\/#website\"},\"primaryImageOfPage\":{\"@id\":\"https:\\\/\\\/blogdoprosperi.com\\\/?p=56115#primaryimage\"},\"image\":{\"@id\":\"https:\\\/\\\/blogdoprosperi.com\\\/?p=56115#primaryimage\"},\"thumbnailUrl\":\"https:\\\/\\\/i0.wp.com\\\/blogdoprosperi.com\\\/wp-content\\\/uploads\\\/2022\\\/12\\\/gettyimages-1413449937.webp?fit=1620%2C911&ssl=1\",\"datePublished\":\"2026-02-04T21:27:57+00:00\",\"breadcrumb\":{\"@id\":\"https:\\\/\\\/blogdoprosperi.com\\\/?p=56115#breadcrumb\"},\"inLanguage\":\"pt-BR\",\"potentialAction\":[{\"@type\":\"ReadAction\",\"target\":[\"https:\\\/\\\/blogdoprosperi.com\\\/?p=56115\"]}]},{\"@type\":\"ImageObject\",\"inLanguage\":\"pt-BR\",\"@id\":\"https:\\\/\\\/blogdoprosperi.com\\\/?p=56115#primaryimage\",\"url\":\"https:\\\/\\\/i0.wp.com\\\/blogdoprosperi.com\\\/wp-content\\\/uploads\\\/2022\\\/12\\\/gettyimages-1413449937.webp?fit=1620%2C911&ssl=1\",\"contentUrl\":\"https:\\\/\\\/i0.wp.com\\\/blogdoprosperi.com\\\/wp-content\\\/uploads\\\/2022\\\/12\\\/gettyimages-1413449937.webp?fit=1620%2C911&ssl=1\",\"width\":1620,\"height\":911,\"caption\":\"Document\u00e1rio com Guardiola \u2013 foto: Manchester City oficial\"},{\"@type\":\"BreadcrumbList\",\"@id\":\"https:\\\/\\\/blogdoprosperi.com\\\/?p=56115#breadcrumb\",\"itemListElement\":[{\"@type\":\"ListItem\",\"position\":1,\"name\":\"In\u00edcio\",\"item\":\"https:\\\/\\\/blogdoprosperi.com\\\/\"},{\"@type\":\"ListItem\",\"position\":2,\"name\":\"Guardiola critica as guerras no Sud\u00e3o, Ucr\u00e2nia e Palestina: &#8216;Pessoas Est\u00e3o Morrendo, Voc\u00ea Precisa Ajudar&#8217;\"}]},{\"@type\":\"WebSite\",\"@id\":\"https:\\\/\\\/blogdoprosperi.com\\\/#website\",\"url\":\"https:\\\/\\\/blogdoprosperi.com\\\/\",\"name\":\"PR\u00d3SPERI NEWS\",\"description\":\"TUDO \u00c9  FUTEBOL\",\"publisher\":{\"@id\":\"https:\\\/\\\/blogdoprosperi.com\\\/#\\\/schema\\\/person\\\/38100755ce3601861ee4fab9b5aa78e9\"},\"alternateName\":\"blogdoprosperi.com\",\"potentialAction\":[{\"@type\":\"SearchAction\",\"target\":{\"@type\":\"EntryPoint\",\"urlTemplate\":\"https:\\\/\\\/blogdoprosperi.com\\\/?s={search_term_string}\"},\"query-input\":{\"@type\":\"PropertyValueSpecification\",\"valueRequired\":true,\"valueName\":\"search_term_string\"}}],\"inLanguage\":\"pt-BR\"},{\"@type\":[\"Person\",\"Organization\"],\"@id\":\"https:\\\/\\\/blogdoprosperi.com\\\/#\\\/schema\\\/person\\\/38100755ce3601861ee4fab9b5aa78e9\",\"name\":\"Luiz Ant\u00f4nio Pr\u00f3speri\",\"pronouns\":\"ele\",\"image\":{\"@type\":\"ImageObject\",\"inLanguage\":\"pt-BR\",\"@id\":\"https:\\\/\\\/i0.wp.com\\\/blogdoprosperi.com\\\/wp-content\\\/uploads\\\/2026\\\/05\\\/cropped-8059e613-6002-42fa-961e-8e275f575d71-2-5.jpg?fit=1360%2C931&ssl=1\",\"url\":\"https:\\\/\\\/i0.wp.com\\\/blogdoprosperi.com\\\/wp-content\\\/uploads\\\/2026\\\/05\\\/cropped-8059e613-6002-42fa-961e-8e275f575d71-2-5.jpg?fit=1360%2C931&ssl=1\",\"contentUrl\":\"https:\\\/\\\/i0.wp.com\\\/blogdoprosperi.com\\\/wp-content\\\/uploads\\\/2026\\\/05\\\/cropped-8059e613-6002-42fa-961e-8e275f575d71-2-5.jpg?fit=1360%2C931&ssl=1\",\"width\":1360,\"height\":931,\"caption\":\"Luiz Ant\u00f4nio Pr\u00f3speri\"},\"logo\":{\"@id\":\"https:\\\/\\\/i0.wp.com\\\/blogdoprosperi.com\\\/wp-content\\\/uploads\\\/2026\\\/05\\\/cropped-8059e613-6002-42fa-961e-8e275f575d71-2-5.jpg?fit=1360%2C931&ssl=1\"},\"description\":\"Jornalista com carreira dedicada ao esporte. Cobriu 9 Copas do Mundo in loco, 1990 na It\u00e1lia, 1994 nos EUA, 1998 na Fran\u00e7a, 2002 na Coreia do Sul e Jap\u00e3o, 2006 na Alemanha, 2010 na \u00c1frica do Sul, 2014 no Brasil, 2018 na R\u00fassia e 2022 no Qatar. Eurocopas, 1992 na Su\u00e9cia e 1996 na Inglaterra. Copa das Confedera\u00e7\u00f5es de 2005 na Alemanha e 2009 na \u00c1frica do Sul. Rep\u00f3rter e Editor, trabalhou no Jornal da Tarde e Estad\u00e3o, de 1984 a fevereiro de 2016. Colunista, blogueiro. E comentarista de futebol na R\u00e1dio Estad\u00e3o, de 2013 a fevereiro de 2016. Jornalista respons\u00e1vel do \\\"Pr\u00f3speri News\\\" (blogdoprosperi.com).\",\"sameAs\":[\"http:\\\/\\\/blogdoprosperi.com\",\"Luiz Pr\u00f3speri\",\"@luiz_prosperi\",\"https:\\\/\\\/x.com\\\/Luizprosperi\",\"@prosperinacopa\",\"luiz.prosperi@icloud.com\"],\"url\":\"https:\\\/\\\/blogdoprosperi.com\\\/?author=102107496\"}]}<\/script>\n<!-- \/ Yoast SEO plugin. -->","yoast_head_json":{"title":"Guardiola critica as guerras no Sud\u00e3o, Ucr\u00e2nia e Palestina: 'Pessoas Est\u00e3o Morrendo, Voc\u00ea Precisa Ajudar' - PR\u00d3SPERI NEWS","robots":{"index":"index","follow":"follow","max-snippet":"max-snippet:-1","max-image-preview":"max-image-preview:large","max-video-preview":"max-video-preview:-1"},"canonical":"https:\/\/blogdoprosperi.com\/?p=56115","og_locale":"pt_BR","og_type":"article","og_title":"Guardiola critica as guerras no Sud\u00e3o, Ucr\u00e2nia e Palestina: 'Pessoas Est\u00e3o Morrendo, Voc\u00ea Precisa Ajudar' - PR\u00d3SPERI NEWS","og_description":"T\u00e9cnico do Manchester City fala abertamente sobre os conflitos globais ONU relata que os Emirados \u00c1rabes Unidos apoiaram [&hellip;]","og_url":"https:\/\/blogdoprosperi.com\/?p=56115","og_site_name":"PR\u00d3SPERI NEWS","article_publisher":"Luiz Pr\u00f3speri","article_author":"Luiz Pr\u00f3speri","article_published_time":"2026-02-04T21:27:57+00:00","og_image":[{"width":1620,"height":911,"url":"https:\/\/i0.wp.com\/blogdoprosperi.com\/wp-content\/uploads\/2022\/12\/gettyimages-1413449937.webp?fit=1620%2C911&ssl=1","type":"image\/webp"}],"author":"Luiz Ant\u00f4nio Pr\u00f3speri","twitter_card":"summary_large_image","twitter_creator":"@Luizprosperi","twitter_site":"@Luizprosperi","twitter_misc":{"Escrito por":"Luiz Ant\u00f4nio Pr\u00f3speri","Est. tempo de leitura":"3 minutos"},"schema":{"@context":"https:\/\/schema.org","@graph":[{"@type":"Article","@id":"https:\/\/blogdoprosperi.com\/?p=56115#article","isPartOf":{"@id":"https:\/\/blogdoprosperi.com\/?p=56115"},"author":{"name":"Luiz Ant\u00f4nio Pr\u00f3speri","@id":"https:\/\/blogdoprosperi.com\/#\/schema\/person\/38100755ce3601861ee4fab9b5aa78e9"},"headline":"Guardiola critica as guerras no Sud\u00e3o, Ucr\u00e2nia e Palestina: &#8216;Pessoas Est\u00e3o Morrendo, Voc\u00ea Precisa Ajudar&#8217;","datePublished":"2026-02-04T21:27:57+00:00","mainEntityOfPage":{"@id":"https:\/\/blogdoprosperi.com\/?p=56115"},"wordCount":653,"commentCount":1,"publisher":{"@id":"https:\/\/blogdoprosperi.com\/#\/schema\/person\/38100755ce3601861ee4fab9b5aa78e9"},"image":{"@id":"https:\/\/blogdoprosperi.com\/?p=56115#primaryimage"},"thumbnailUrl":"https:\/\/i0.wp.com\/blogdoprosperi.com\/wp-content\/uploads\/2022\/12\/gettyimages-1413449937.webp?fit=1620%2C911&ssl=1","keywords":["Guardiola","Manchester City","palestina"],"articleSection":["futebol"],"inLanguage":"pt-BR","potentialAction":[{"@type":"CommentAction","name":"Comment","target":["https:\/\/blogdoprosperi.com\/?p=56115#respond"]}]},{"@type":"WebPage","@id":"https:\/\/blogdoprosperi.com\/?p=56115","url":"https:\/\/blogdoprosperi.com\/?p=56115","name":"Guardiola critica as guerras no Sud\u00e3o, Ucr\u00e2nia e Palestina: 'Pessoas Est\u00e3o Morrendo, Voc\u00ea Precisa Ajudar' - PR\u00d3SPERI NEWS","isPartOf":{"@id":"https:\/\/blogdoprosperi.com\/#website"},"primaryImageOfPage":{"@id":"https:\/\/blogdoprosperi.com\/?p=56115#primaryimage"},"image":{"@id":"https:\/\/blogdoprosperi.com\/?p=56115#primaryimage"},"thumbnailUrl":"https:\/\/i0.wp.com\/blogdoprosperi.com\/wp-content\/uploads\/2022\/12\/gettyimages-1413449937.webp?fit=1620%2C911&ssl=1","datePublished":"2026-02-04T21:27:57+00:00","breadcrumb":{"@id":"https:\/\/blogdoprosperi.com\/?p=56115#breadcrumb"},"inLanguage":"pt-BR","potentialAction":[{"@type":"ReadAction","target":["https:\/\/blogdoprosperi.com\/?p=56115"]}]},{"@type":"ImageObject","inLanguage":"pt-BR","@id":"https:\/\/blogdoprosperi.com\/?p=56115#primaryimage","url":"https:\/\/i0.wp.com\/blogdoprosperi.com\/wp-content\/uploads\/2022\/12\/gettyimages-1413449937.webp?fit=1620%2C911&ssl=1","contentUrl":"https:\/\/i0.wp.com\/blogdoprosperi.com\/wp-content\/uploads\/2022\/12\/gettyimages-1413449937.webp?fit=1620%2C911&ssl=1","width":1620,"height":911,"caption":"Document\u00e1rio com Guardiola \u2013 foto: Manchester City oficial"},{"@type":"BreadcrumbList","@id":"https:\/\/blogdoprosperi.com\/?p=56115#breadcrumb","itemListElement":[{"@type":"ListItem","position":1,"name":"In\u00edcio","item":"https:\/\/blogdoprosperi.com\/"},{"@type":"ListItem","position":2,"name":"Guardiola critica as guerras no Sud\u00e3o, Ucr\u00e2nia e Palestina: &#8216;Pessoas Est\u00e3o Morrendo, Voc\u00ea Precisa Ajudar&#8217;"}]},{"@type":"WebSite","@id":"https:\/\/blogdoprosperi.com\/#website","url":"https:\/\/blogdoprosperi.com\/","name":"PR\u00d3SPERI NEWS","description":"TUDO \u00c9  FUTEBOL","publisher":{"@id":"https:\/\/blogdoprosperi.com\/#\/schema\/person\/38100755ce3601861ee4fab9b5aa78e9"},"alternateName":"blogdoprosperi.com","potentialAction":[{"@type":"SearchAction","target":{"@type":"EntryPoint","urlTemplate":"https:\/\/blogdoprosperi.com\/?s={search_term_string}"},"query-input":{"@type":"PropertyValueSpecification","valueRequired":true,"valueName":"search_term_string"}}],"inLanguage":"pt-BR"},{"@type":["Person","Organization"],"@id":"https:\/\/blogdoprosperi.com\/#\/schema\/person\/38100755ce3601861ee4fab9b5aa78e9","name":"Luiz Ant\u00f4nio Pr\u00f3speri","pronouns":"ele","image":{"@type":"ImageObject","inLanguage":"pt-BR","@id":"https:\/\/i0.wp.com\/blogdoprosperi.com\/wp-content\/uploads\/2026\/05\/cropped-8059e613-6002-42fa-961e-8e275f575d71-2-5.jpg?fit=1360%2C931&ssl=1","url":"https:\/\/i0.wp.com\/blogdoprosperi.com\/wp-content\/uploads\/2026\/05\/cropped-8059e613-6002-42fa-961e-8e275f575d71-2-5.jpg?fit=1360%2C931&ssl=1","contentUrl":"https:\/\/i0.wp.com\/blogdoprosperi.com\/wp-content\/uploads\/2026\/05\/cropped-8059e613-6002-42fa-961e-8e275f575d71-2-5.jpg?fit=1360%2C931&ssl=1","width":1360,"height":931,"caption":"Luiz Ant\u00f4nio Pr\u00f3speri"},"logo":{"@id":"https:\/\/i0.wp.com\/blogdoprosperi.com\/wp-content\/uploads\/2026\/05\/cropped-8059e613-6002-42fa-961e-8e275f575d71-2-5.jpg?fit=1360%2C931&ssl=1"},"description":"Jornalista com carreira dedicada ao esporte. Cobriu 9 Copas do Mundo in loco, 1990 na It\u00e1lia, 1994 nos EUA, 1998 na Fran\u00e7a, 2002 na Coreia do Sul e Jap\u00e3o, 2006 na Alemanha, 2010 na \u00c1frica do Sul, 2014 no Brasil, 2018 na R\u00fassia e 2022 no Qatar. Eurocopas, 1992 na Su\u00e9cia e 1996 na Inglaterra. Copa das Confedera\u00e7\u00f5es de 2005 na Alemanha e 2009 na \u00c1frica do Sul. Rep\u00f3rter e Editor, trabalhou no Jornal da Tarde e Estad\u00e3o, de 1984 a fevereiro de 2016. Colunista, blogueiro. E comentarista de futebol na R\u00e1dio Estad\u00e3o, de 2013 a fevereiro de 2016. Jornalista respons\u00e1vel do \"Pr\u00f3speri News\" (blogdoprosperi.com).","sameAs":["http:\/\/blogdoprosperi.com","Luiz Pr\u00f3speri","@luiz_prosperi","https:\/\/x.com\/Luizprosperi","@prosperinacopa","luiz.prosperi@icloud.com"],"url":"https:\/\/blogdoprosperi.com\/?author=102107496"}]}},"jetpack_publicize_connections":[],"jetpack_likes_enabled":false,"jetpack_sharing_enabled":true,"jetpack_shortlink":"https:\/\/wp.me\/p7jvdk-eB5","jetpack-related-posts":[{"id":52022,"url":"https:\/\/blogdoprosperi.com\/?p=52022","url_meta":{"origin":56115,"position":0},"title":"Manchester City Pulveriza Juventus e Avisa Concorr\u00eancia no Mundial: Favorito Chegou","author":"Luiz Ant\u00f4nio Pr\u00f3speri","date":"26 de junho de 2025","format":false,"excerpt":"Luiz Ant\u00f4nio Pr\u00f3speri \u2013 26 junho (18h49) \u2013 Manchester City vence a Juventus por 5 a 2 e garante primeiro lugar do Grupo G. No chaveamento das oitavas de final, se posiciona do lado de Palmeiras x Botafogo, Fluminense x Inter de Mil\u00e3o. Pode encontrar com o Flu nas quartas\u2026","rel":"","context":"Em &quot;mundial de clubes 2025&quot;","block_context":{"text":"mundial de clubes 2025","link":"https:\/\/blogdoprosperi.com\/?cat=772984667"},"img":{"alt_text":"Manchester City favorito ao t\u00edtulo do Mundial de Clubes","src":"https:\/\/i0.wp.com\/blogdoprosperi.com\/wp-content\/uploads\/2025\/06\/captura-de-tela-2025-06-26-as-18.42.38.png?fit=926%2C760&ssl=1&resize=350%2C200","width":350,"height":200,"srcset":"https:\/\/i0.wp.com\/blogdoprosperi.com\/wp-content\/uploads\/2025\/06\/captura-de-tela-2025-06-26-as-18.42.38.png?fit=926%2C760&ssl=1&resize=350%2C200 1x, https:\/\/i0.wp.com\/blogdoprosperi.com\/wp-content\/uploads\/2025\/06\/captura-de-tela-2025-06-26-as-18.42.38.png?fit=926%2C760&ssl=1&resize=525%2C300 1.5x, https:\/\/i0.wp.com\/blogdoprosperi.com\/wp-content\/uploads\/2025\/06\/captura-de-tela-2025-06-26-as-18.42.38.png?fit=926%2C760&ssl=1&resize=700%2C400 2x"},"classes":[]},{"id":58560,"url":"https:\/\/blogdoprosperi.com\/?p=58560","url_meta":{"origin":56115,"position":1},"title":"&#8216;Nada \u00e9 eterno&#8217;: Pep Guardiola confirma sua sa\u00edda do Manchester City ap\u00f3s 10 anos","author":"Luiz Ant\u00f4nio Pr\u00f3speri","date":"22 de maio de 2026","format":false,"excerpt":"\"Eternos ser\u00e3o os sentimentos, as pessoas, as lembran\u00e7as, o amor que tenho pelo meu Manchester City\" \u2013 Pep Guardiola","rel":"","context":"Em &quot;\u00daltimas&quot;","block_context":{"text":"\u00daltimas","link":"https:\/\/blogdoprosperi.com\/?cat=283656"},"img":{"alt_text":"","src":"https:\/\/i0.wp.com\/blogdoprosperi.com\/wp-content\/uploads\/2026\/05\/captura-de-tela-2026-05-22-as-12.19.00.png?fit=1200%2C874&ssl=1&resize=350%2C200","width":350,"height":200,"srcset":"https:\/\/i0.wp.com\/blogdoprosperi.com\/wp-content\/uploads\/2026\/05\/captura-de-tela-2026-05-22-as-12.19.00.png?fit=1200%2C874&ssl=1&resize=350%2C200 1x, https:\/\/i0.wp.com\/blogdoprosperi.com\/wp-content\/uploads\/2026\/05\/captura-de-tela-2026-05-22-as-12.19.00.png?fit=1200%2C874&ssl=1&resize=525%2C300 1.5x, https:\/\/i0.wp.com\/blogdoprosperi.com\/wp-content\/uploads\/2026\/05\/captura-de-tela-2026-05-22-as-12.19.00.png?fit=1200%2C874&ssl=1&resize=700%2C400 2x, https:\/\/i0.wp.com\/blogdoprosperi.com\/wp-content\/uploads\/2026\/05\/captura-de-tela-2026-05-22-as-12.19.00.png?fit=1200%2C874&ssl=1&resize=1050%2C600 3x"},"classes":[]},{"id":48173,"url":"https:\/\/blogdoprosperi.com\/?p=48173","url_meta":{"origin":56115,"position":2},"title":"Guardiola Admite Fim de Ciclo no City | Al\u00f4, CBF!","author":"Luiz Ant\u00f4nio Pr\u00f3speri","date":"20 de fevereiro de 2025","format":false,"excerpt":"Pep Guardiola aceita o colapso do Manchester \u00a0City ap\u00f3s a queda prematura na Champions League. Evid\u00eancias claras na derrota (3 a 1) para o Real Madrid, quarta-feira (19\/2), jogo de humanos (Real) contra zumbis (City). Ao encerramento da partida, Guardiola \u00e9 questionado a respeito do futuro no clube. Vai ficar?\u00a0\u2026","rel":"","context":"Em &quot;futebol&quot;","block_context":{"text":"futebol","link":"https:\/\/blogdoprosperi.com\/?cat=53870"},"img":{"alt_text":"Queda do Manchester City","src":"https:\/\/i0.wp.com\/blogdoprosperi.com\/wp-content\/uploads\/2024\/12\/pep-guardiola.webp?fit=1200%2C676&ssl=1&resize=350%2C200","width":350,"height":200,"srcset":"https:\/\/i0.wp.com\/blogdoprosperi.com\/wp-content\/uploads\/2024\/12\/pep-guardiola.webp?fit=1200%2C676&ssl=1&resize=350%2C200 1x, https:\/\/i0.wp.com\/blogdoprosperi.com\/wp-content\/uploads\/2024\/12\/pep-guardiola.webp?fit=1200%2C676&ssl=1&resize=525%2C300 1.5x, https:\/\/i0.wp.com\/blogdoprosperi.com\/wp-content\/uploads\/2024\/12\/pep-guardiola.webp?fit=1200%2C676&ssl=1&resize=700%2C400 2x, https:\/\/i0.wp.com\/blogdoprosperi.com\/wp-content\/uploads\/2024\/12\/pep-guardiola.webp?fit=1200%2C676&ssl=1&resize=1050%2C600 3x"},"classes":[]},{"id":51640,"url":"https:\/\/blogdoprosperi.com\/?p=51640","url_meta":{"origin":56115,"position":3},"title":"Guardiola: &#8220;Oh, Surpresa, Sul-Americanos Vencerem Europeus, Eu Digo: Bem-Vindos ao Mundo Real&#8221;","author":"Luiz Ant\u00f4nio Pr\u00f3speri","date":"22 de junho de 2025","format":false,"excerpt":"Acompanhe a entrevista coletiva de Pep Guardiola pr\u00e9-jogo Manchester City x Ai Ain neste domingo (22\/1). Apontado como maior treinador do mundo, o t\u00e9cnico espanhol diz que aceita dirigir um time brasileiro, sul-americano. \"Por que, n\u00e3o?\" \u2705 Como ativar legendas em portugu\u00eas no YouTube D\u00ea play no v\u00eddeo. Clique no\u2026","rel":"","context":"Em &quot;futebol&quot;","block_context":{"text":"futebol","link":"https:\/\/blogdoprosperi.com\/?cat=53870"},"img":{"alt_text":"Guardiola n\u00e3o se surpreende com vit\u00f3ria de brasileiros contra europeus no Mundial de Clubes","src":"https:\/\/i0.wp.com\/blogdoprosperi.com\/wp-content\/uploads\/2025\/06\/captura-de-tela-2025-06-22-as-14.05.49.png?fit=1200%2C780&ssl=1&resize=350%2C200","width":350,"height":200,"srcset":"https:\/\/i0.wp.com\/blogdoprosperi.com\/wp-content\/uploads\/2025\/06\/captura-de-tela-2025-06-22-as-14.05.49.png?fit=1200%2C780&ssl=1&resize=350%2C200 1x, https:\/\/i0.wp.com\/blogdoprosperi.com\/wp-content\/uploads\/2025\/06\/captura-de-tela-2025-06-22-as-14.05.49.png?fit=1200%2C780&ssl=1&resize=525%2C300 1.5x, https:\/\/i0.wp.com\/blogdoprosperi.com\/wp-content\/uploads\/2025\/06\/captura-de-tela-2025-06-22-as-14.05.49.png?fit=1200%2C780&ssl=1&resize=700%2C400 2x, https:\/\/i0.wp.com\/blogdoprosperi.com\/wp-content\/uploads\/2025\/06\/captura-de-tela-2025-06-22-as-14.05.49.png?fit=1200%2C780&ssl=1&resize=1050%2C600 3x"},"classes":[]},{"id":17228,"url":"https:\/\/blogdoprosperi.com\/?p=17228","url_meta":{"origin":56115,"position":4},"title":"Entenda como Gabriel Jesus escolheu Manchester City para jogar na Europa","author":"Luiz Ant\u00f4nio Pr\u00f3speri","date":"22 de julho de 2016","format":false,"excerpt":"Gabriel Jesus era disputado por Barcelona, Real Madrid, Juventus, Inter de Mil\u00e3o, Manchester United e Manchester City. Todos esses gigantes do futebol europeu tinham planos e projetos ao craque do Palmeiras. O garoto decidiu que o City, comandado por Pep Guardiola, era a melhor op\u00e7\u00e3o. E o neg\u00f3cio deve ser\u2026","rel":"","context":"Em &quot;futebol&quot;","block_context":{"text":"futebol","link":"https:\/\/blogdoprosperi.com\/?cat=53870"},"img":{"alt_text":"","src":"https:\/\/i0.wp.com\/blogdoprosperi.com\/wp-content\/uploads\/2016\/07\/452293057.jpg?resize=350%2C200&ssl=1","width":350,"height":200,"srcset":"https:\/\/i0.wp.com\/blogdoprosperi.com\/wp-content\/uploads\/2016\/07\/452293057.jpg?resize=350%2C200&ssl=1 1x, https:\/\/i0.wp.com\/blogdoprosperi.com\/wp-content\/uploads\/2016\/07\/452293057.jpg?resize=525%2C300&ssl=1 1.5x"},"classes":[]},{"id":51398,"url":"https:\/\/blogdoprosperi.com\/?p=51398","url_meta":{"origin":56115,"position":5},"title":"Mundial de Clubes | V\u00eddeo: Manchester City 2 a 0 Wydad \u2013 Melhores Momentos","author":"Luiz Ant\u00f4nio Pr\u00f3speri","date":"18 de junho de 2025","format":false,"excerpt":"Acompanhe melhores momentos de Manchester City 2 a 0 Wydad. V\u00eddeo oficial Fifa: Clique aqui: https:\/\/www.fifa.com\/pt\/watch\/3vpj4xpa63uyFPxqh5oWLF Relato Fifa \u2013 Pep Guardiola mandou para campo uma forma\u00e7\u00e3o bastante jovem do Manchester City, e os garotos se sa\u00edram muito bem, obrigado, na vit\u00f3ria sobre o marroquino Wydad pela abertura do Grupo G\u2026","rel":"","context":"Em &quot;futebol&quot;","block_context":{"text":"futebol","link":"https:\/\/blogdoprosperi.com\/?cat=53870"},"img":{"alt_text":"","src":"https:\/\/i0.wp.com\/blogdoprosperi.com\/wp-content\/uploads\/2025\/06\/manchester-city-fc-v-wydad-ac-group-g-fifa-club-world-cup-2025.webp?fit=1200%2C711&ssl=1&resize=350%2C200","width":350,"height":200,"srcset":"https:\/\/i0.wp.com\/blogdoprosperi.com\/wp-content\/uploads\/2025\/06\/manchester-city-fc-v-wydad-ac-group-g-fifa-club-world-cup-2025.webp?fit=1200%2C711&ssl=1&resize=350%2C200 1x, https:\/\/i0.wp.com\/blogdoprosperi.com\/wp-content\/uploads\/2025\/06\/manchester-city-fc-v-wydad-ac-group-g-fifa-club-world-cup-2025.webp?fit=1200%2C711&ssl=1&resize=525%2C300 1.5x, https:\/\/i0.wp.com\/blogdoprosperi.com\/wp-content\/uploads\/2025\/06\/manchester-city-fc-v-wydad-ac-group-g-fifa-club-world-cup-2025.webp?fit=1200%2C711&ssl=1&resize=700%2C400 2x, https:\/\/i0.wp.com\/blogdoprosperi.com\/wp-content\/uploads\/2025\/06\/manchester-city-fc-v-wydad-ac-group-g-fifa-club-world-cup-2025.webp?fit=1200%2C711&ssl=1&resize=1050%2C600 3x"},"classes":[]}],"jetpack_featured_media_url":"https:\/\/i0.wp.com\/blogdoprosperi.com\/wp-content\/uploads\/2022\/12\/gettyimages-1413449937.webp?fit=1620%2C911&ssl=1","_links":{"self":[{"href":"https:\/\/blogdoprosperi.com\/index.php?rest_route=\/wp\/v2\/posts\/56115","targetHints":{"allow":["GET"]}}],"collection":[{"href":"https:\/\/blogdoprosperi.com\/index.php?rest_route=\/wp\/v2\/posts"}],"about":[{"href":"https:\/\/blogdoprosperi.com\/index.php?rest_route=\/wp\/v2\/types\/post"}],"author":[{"embeddable":true,"href":"https:\/\/blogdoprosperi.com\/index.php?rest_route=\/wp\/v2\/users\/102107496"}],"replies":[{"embeddable":true,"href":"https:\/\/blogdoprosperi.com\/index.php?rest_route=%2Fwp%2Fv2%2Fcomments&post=56115"}],"version-history":[{"count":11,"href":"https:\/\/blogdoprosperi.com\/index.php?rest_route=\/wp\/v2\/posts\/56115\/revisions"}],"predecessor-version":[{"id":56134,"href":"https:\/\/blogdoprosperi.com\/index.php?rest_route=\/wp\/v2\/posts\/56115\/revisions\/56134"}],"wp:featuredmedia":[{"embeddable":true,"href":"https:\/\/blogdoprosperi.com\/index.php?rest_route=\/wp\/v2\/media\/40518"}],"wp:attachment":[{"href":"https:\/\/blogdoprosperi.com\/index.php?rest_route=%2Fwp%2Fv2%2Fmedia&parent=56115"}],"wp:term":[{"taxonomy":"category","embeddable":true,"href":"https:\/\/blogdoprosperi.com\/index.php?rest_route=%2Fwp%2Fv2%2Fcategories&post=56115"},{"taxonomy":"post_tag","embeddable":true,"href":"https:\/\/blogdoprosperi.com\/index.php?rest_route=%2Fwp%2Fv2%2Ftags&post=56115"}],"curies":[{"name":"wp","href":"https:\/\/api.w.org\/{rel}","templated":true}]}}