{"id":56124,"date":"2026-02-04T18:28:35","date_gmt":"2026-02-04T21:28:35","guid":{"rendered":"https:\/\/blogdoprosperi.com\/?p=56124"},"modified":"2026-02-04T18:28:35","modified_gmt":"2026-02-04T21:28:35","slug":"palmeiras-nao-esta-quebrado-arias-vem-ai","status":"publish","type":"post","link":"https:\/\/blogdoprosperi.com\/?p=56124","title":{"rendered":"Palmeiras N\u00e3o Est\u00e1 Quebrado | Arias Vem A\u00ed"},"content":{"rendered":"<p><em>Luiz Ant\u00f4nio Pr\u00f3speri \u2013 4 fevereiro 2026 (17h30) \u2013<\/em><\/p>\n<p>Palmeiras n\u00e3o est\u00e1 quebrado. Tem equil\u00edbrio financeiro e receita estimada em R$ 1,6 bilh\u00e3o, no exerc\u00edcio de 2025, segundo balan\u00e7o oficial do clube publicado ter\u00e7a-feira (03\/2).<\/p>\n<p>Tanto \u00e9 que, sem delongas, vai investir cerca de R$ 154 milh\u00f5es (25 milh\u00f5es de euros) na contrata\u00e7\u00e3o do<strong> atacante John Arias, de 28 anos.<\/strong> O jogador colombiano, ex-Fluminense, pertence ao Wolverhampton da Premier League da Inglaterra.<\/p>\n<p>Outra tacada do Palmeiras: comprar o<strong> zagueiro Nino, 28 anos<\/strong>, tamb\u00e9m ex-Fluminense, por cerca de R$ 62,7 milh\u00f5es (at\u00e9 10 milh\u00f5es de euros). Zenit, clube russo dono dos direitos de Nino, reluta em liberar o jogador agora \u2013 aceita a oferta, desde que o zagueiro se apresente em junho.<\/p>\n<p>Arias seria a terceira contrata\u00e7\u00e3o mais cara do atual mercado brasileiro de futebol. Fica atr\u00e1s apenas de <strong>Lucas Paquet\u00e1 (R$ 260,5 milh\u00f5es),<\/strong> adquirido pelo Flamengo do West Ham da Inglaterra, e de <strong>Gerson (R$ 168,8 milh\u00f5es)<\/strong>, comprado pelo Cruzeiro do Zenit da R\u00fassia.<\/p>\n<p>Na temporada passada (2025), Palmeiras desembolsou R$ 162,1 milh\u00f5es ao Barcelona por <strong>Vitor Roque.<\/strong> Flamengo pagou R$ 150,7 milh\u00f5es ao Atl\u00e9tico de Madrid por Samuel Lino. E o Botafogo despejou R$ 143,3 milh\u00f5es ao Nottingham Forest por Danilo. As tr\u00eas contrata\u00e7\u00f5es at\u00e9 ent\u00e3o mais caras do futebol brasileiro.<\/p>\n<p>Toda a dinheirama do Palmeiras empenhada em John Arias e Nino n\u00e3o deve abalar as estruturas do clube nem comprometer a receita a curto prazo. Mesmo com a quebra da empresa financeira Fictor, uma das principais patrocinadoras do clube alviverde. Por contrato a Fictor deveria pagar R$ 25 milh\u00f5es por ano ao Palmeiras at\u00e9 o fim de 2028.<\/p>\n<p>Na semana em que executa a rescis\u00e3o do contrato com a Fictor, o clube anuncia ter alcan\u00e7ado 1 (um) milh\u00e3o de contas abertas no Palmeiras Pay (um banco digital) arrecadando R$ 50 milh\u00f5es em tr\u00eas anos desde a cria\u00e7\u00e3o dessa plataforma, que, al\u00e9m do banco digital, contempla o Avanti (s\u00f3cios-torcedores) e produtos de marketing do alviverde.<\/p>\n<p>\u00c9 por essas transa\u00e7\u00f5es e de futuras vendas de garotos da base \u2013 Allan \u00e9 o primeiro da fila \u2013 que o Palmeiras pode investir pesado em Arias e Nino nesse in\u00edcio da temporada 2026. Sem fazer casquinha no caixa. Ali\u00e1s, o clube j\u00e1 levantou mais de R$ 100 milh\u00f5es com as vendas de Facundo Torres, An\u00edbal Moreno, empr\u00e9stimo de Micael e redu\u00e7\u00e3o na folha salarial com a sa\u00edda de Raphael Veiga \u2013 emprestado ao Am\u00e9rica do M\u00e9xico.<\/p>\n<p>O que vem pela frente em termos de gest\u00e3o financeira, a senhora presidenta Leila Pereira deve pedir a palavra e explicar \u00e0 torcida. Uma coisa \u00e9 clara. O Palmeiras, de acordo com as evid\u00eancias, n\u00e3o est\u00e1 quebrado.<\/p>\n","protected":false},"excerpt":{"rendered":"<p>Luiz Ant\u00f4nio Pr\u00f3speri \u2013 4 fevereiro 2026 (17h30) \u2013 Palmeiras n\u00e3o est\u00e1 quebrado. Tem equil\u00edbrio financeiro e receita [&hellip;]<\/p>\n","protected":false},"author":102107496,"featured_media":52280,"comment_status":"open","ping_status":"open","sticky":false,"template":"","format":"standard","meta":{"_coblocks_attr":"","_coblocks_dimensions":"","_coblocks_responsive_height":"","_coblocks_accordion_ie_support":"","_jetpack_newsletter_access":"","_jetpack_dont_email_post_to_subs":false,"_jetpack_newsletter_tier_id":0,"_jetpack_memberships_contains_paywalled_content":false,"_wpcom_ai_launchpad_first_post":false,"_jetpack_feature_clip_id":0,"_jetpack_memberships_contains_paid_content":false,"footnotes":"","jetpack_publicize_message":"","jetpack_publicize_feature_enabled":true,"jetpack_social_post_already_shared":false,"jetpack_social_options":{"image_generator_settings":{"template":"highway","default_image_id":0,"font":"","enabled":false},"version":2},"jetpack_post_was_ever_published":false},"categories":[53870],"tags":[1221036,216494,287104],"class_list":["post-56124","post","type-post","status-publish","format-standard","has-post-thumbnail","hentry","category-futebol","tag-arias","tag-nino","tag-palmeiras"],"yoast_head":"<!-- This site is optimized with the Yoast SEO plugin v28.3 - https:\/\/yoast.com\/product\/yoast-seo-wordpress\/ -->\n<title>Palmeiras N\u00e3o Est\u00e1 Quebrado | Arias Vem A\u00ed - PR\u00d3SPERI NEWS<\/title>\n<meta name=\"robots\" content=\"index, follow, max-snippet:-1, max-image-preview:large, max-video-preview:-1\" \/>\n<link rel=\"canonical\" href=\"https:\/\/blogdoprosperi.com\/?p=56124\" \/>\n<meta property=\"og:locale\" content=\"pt_BR\" \/>\n<meta property=\"og:type\" content=\"article\" \/>\n<meta property=\"og:title\" content=\"Palmeiras N\u00e3o Est\u00e1 Quebrado | Arias Vem A\u00ed - PR\u00d3SPERI NEWS\" \/>\n<meta property=\"og:description\" content=\"Luiz Ant\u00f4nio Pr\u00f3speri \u2013 4 fevereiro 2026 (17h30) \u2013 Palmeiras n\u00e3o est\u00e1 quebrado. Tem equil\u00edbrio financeiro e receita [&hellip;]\" \/>\n<meta property=\"og:url\" content=\"https:\/\/blogdoprosperi.com\/?p=56124\" \/>\n<meta property=\"og:site_name\" content=\"PR\u00d3SPERI NEWS\" \/>\n<meta property=\"article:publisher\" content=\"Luiz Pr\u00f3speri\" \/>\n<meta property=\"article:author\" content=\"Luiz Pr\u00f3speri\" \/>\n<meta property=\"article:published_time\" content=\"2026-02-04T21:28:35+00:00\" \/>\n<meta property=\"og:image\" content=\"https:\/\/i0.wp.com\/blogdoprosperi.com\/wp-content\/uploads\/2025\/06\/54625024979_4f3b994951_c.jpg?fit=799%2C533&ssl=1\" \/>\n\t<meta property=\"og:image:width\" content=\"799\" \/>\n\t<meta property=\"og:image:height\" content=\"533\" \/>\n\t<meta property=\"og:image:type\" content=\"image\/jpeg\" \/>\n<meta name=\"author\" content=\"Luiz Ant\u00f4nio Pr\u00f3speri\" \/>\n<meta name=\"twitter:card\" content=\"summary_large_image\" \/>\n<meta name=\"twitter:creator\" content=\"@Luizprosperi\" \/>\n<meta name=\"twitter:site\" content=\"@Luizprosperi\" \/>\n<meta name=\"twitter:label1\" content=\"Escrito por\" \/>\n\t<meta name=\"twitter:data1\" content=\"Luiz Ant\u00f4nio Pr\u00f3speri\" \/>\n\t<meta name=\"twitter:label2\" content=\"Est. tempo de leitura\" \/>\n\t<meta name=\"twitter:data2\" content=\"2 minutos\" \/>\n<script type=\"application\/ld+json\" class=\"yoast-schema-graph\">{\"@context\":\"https:\\\/\\\/schema.org\",\"@graph\":[{\"@type\":\"Article\",\"@id\":\"https:\\\/\\\/blogdoprosperi.com\\\/?p=56124#article\",\"isPartOf\":{\"@id\":\"https:\\\/\\\/blogdoprosperi.com\\\/?p=56124\"},\"author\":{\"name\":\"Luiz Ant\u00f4nio Pr\u00f3speri\",\"@id\":\"https:\\\/\\\/blogdoprosperi.com\\\/#\\\/schema\\\/person\\\/38100755ce3601861ee4fab9b5aa78e9\"},\"headline\":\"Palmeiras N\u00e3o Est\u00e1 Quebrado | Arias Vem A\u00ed\",\"datePublished\":\"2026-02-04T21:28:35+00:00\",\"mainEntityOfPage\":{\"@id\":\"https:\\\/\\\/blogdoprosperi.com\\\/?p=56124\"},\"wordCount\":464,\"commentCount\":0,\"publisher\":{\"@id\":\"https:\\\/\\\/blogdoprosperi.com\\\/#\\\/schema\\\/person\\\/38100755ce3601861ee4fab9b5aa78e9\"},\"image\":{\"@id\":\"https:\\\/\\\/blogdoprosperi.com\\\/?p=56124#primaryimage\"},\"thumbnailUrl\":\"https:\\\/\\\/i0.wp.com\\\/blogdoprosperi.com\\\/wp-content\\\/uploads\\\/2025\\\/06\\\/54625024979_4f3b994951_c.jpg?fit=799%2C533&ssl=1\",\"keywords\":[\"arias\",\"nino\",\"Palmeiras\"],\"articleSection\":[\"futebol\"],\"inLanguage\":\"pt-BR\",\"potentialAction\":[{\"@type\":\"CommentAction\",\"name\":\"Comment\",\"target\":[\"https:\\\/\\\/blogdoprosperi.com\\\/?p=56124#respond\"]}]},{\"@type\":\"WebPage\",\"@id\":\"https:\\\/\\\/blogdoprosperi.com\\\/?p=56124\",\"url\":\"https:\\\/\\\/blogdoprosperi.com\\\/?p=56124\",\"name\":\"Palmeiras N\u00e3o Est\u00e1 Quebrado | Arias Vem A\u00ed - PR\u00d3SPERI NEWS\",\"isPartOf\":{\"@id\":\"https:\\\/\\\/blogdoprosperi.com\\\/#website\"},\"primaryImageOfPage\":{\"@id\":\"https:\\\/\\\/blogdoprosperi.com\\\/?p=56124#primaryimage\"},\"image\":{\"@id\":\"https:\\\/\\\/blogdoprosperi.com\\\/?p=56124#primaryimage\"},\"thumbnailUrl\":\"https:\\\/\\\/i0.wp.com\\\/blogdoprosperi.com\\\/wp-content\\\/uploads\\\/2025\\\/06\\\/54625024979_4f3b994951_c.jpg?fit=799%2C533&ssl=1\",\"datePublished\":\"2026-02-04T21:28:35+00:00\",\"breadcrumb\":{\"@id\":\"https:\\\/\\\/blogdoprosperi.com\\\/?p=56124#breadcrumb\"},\"inLanguage\":\"pt-BR\",\"potentialAction\":[{\"@type\":\"ReadAction\",\"target\":[\"https:\\\/\\\/blogdoprosperi.com\\\/?p=56124\"]}]},{\"@type\":\"ImageObject\",\"inLanguage\":\"pt-BR\",\"@id\":\"https:\\\/\\\/blogdoprosperi.com\\\/?p=56124#primaryimage\",\"url\":\"https:\\\/\\\/i0.wp.com\\\/blogdoprosperi.com\\\/wp-content\\\/uploads\\\/2025\\\/06\\\/54625024979_4f3b994951_c.jpg?fit=799%2C533&ssl=1\",\"contentUrl\":\"https:\\\/\\\/i0.wp.com\\\/blogdoprosperi.com\\\/wp-content\\\/uploads\\\/2025\\\/06\\\/54625024979_4f3b994951_c.jpg?fit=799%2C533&ssl=1\",\"width\":799,\"height\":533,\"caption\":\"Arias, destaque do Fluminense contra Inter \u2013 foto: Fluminense oficial\"},{\"@type\":\"BreadcrumbList\",\"@id\":\"https:\\\/\\\/blogdoprosperi.com\\\/?p=56124#breadcrumb\",\"itemListElement\":[{\"@type\":\"ListItem\",\"position\":1,\"name\":\"In\u00edcio\",\"item\":\"https:\\\/\\\/blogdoprosperi.com\\\/\"},{\"@type\":\"ListItem\",\"position\":2,\"name\":\"Palmeiras N\u00e3o Est\u00e1 Quebrado | Arias Vem A\u00ed\"}]},{\"@type\":\"WebSite\",\"@id\":\"https:\\\/\\\/blogdoprosperi.com\\\/#website\",\"url\":\"https:\\\/\\\/blogdoprosperi.com\\\/\",\"name\":\"PR\u00d3SPERI NEWS\",\"description\":\"TUDO \u00c9  FUTEBOL\",\"publisher\":{\"@id\":\"https:\\\/\\\/blogdoprosperi.com\\\/#\\\/schema\\\/person\\\/38100755ce3601861ee4fab9b5aa78e9\"},\"alternateName\":\"blogdoprosperi.com\",\"potentialAction\":[{\"@type\":\"SearchAction\",\"target\":{\"@type\":\"EntryPoint\",\"urlTemplate\":\"https:\\\/\\\/blogdoprosperi.com\\\/?s={search_term_string}\"},\"query-input\":{\"@type\":\"PropertyValueSpecification\",\"valueRequired\":true,\"valueName\":\"search_term_string\"}}],\"inLanguage\":\"pt-BR\"},{\"@type\":[\"Person\",\"Organization\"],\"@id\":\"https:\\\/\\\/blogdoprosperi.com\\\/#\\\/schema\\\/person\\\/38100755ce3601861ee4fab9b5aa78e9\",\"name\":\"Luiz Ant\u00f4nio Pr\u00f3speri\",\"pronouns\":\"ele\",\"image\":{\"@type\":\"ImageObject\",\"inLanguage\":\"pt-BR\",\"@id\":\"https:\\\/\\\/i0.wp.com\\\/blogdoprosperi.com\\\/wp-content\\\/uploads\\\/2026\\\/05\\\/cropped-8059e613-6002-42fa-961e-8e275f575d71-2-5.jpg?fit=1360%2C931&ssl=1\",\"url\":\"https:\\\/\\\/i0.wp.com\\\/blogdoprosperi.com\\\/wp-content\\\/uploads\\\/2026\\\/05\\\/cropped-8059e613-6002-42fa-961e-8e275f575d71-2-5.jpg?fit=1360%2C931&ssl=1\",\"contentUrl\":\"https:\\\/\\\/i0.wp.com\\\/blogdoprosperi.com\\\/wp-content\\\/uploads\\\/2026\\\/05\\\/cropped-8059e613-6002-42fa-961e-8e275f575d71-2-5.jpg?fit=1360%2C931&ssl=1\",\"width\":1360,\"height\":931,\"caption\":\"Luiz Ant\u00f4nio Pr\u00f3speri\"},\"logo\":{\"@id\":\"https:\\\/\\\/i0.wp.com\\\/blogdoprosperi.com\\\/wp-content\\\/uploads\\\/2026\\\/05\\\/cropped-8059e613-6002-42fa-961e-8e275f575d71-2-5.jpg?fit=1360%2C931&ssl=1\"},\"description\":\"Jornalista com carreira dedicada ao esporte. Cobriu 9 Copas do Mundo in loco, 1990 na It\u00e1lia, 1994 nos EUA, 1998 na Fran\u00e7a, 2002 na Coreia do Sul e Jap\u00e3o, 2006 na Alemanha, 2010 na \u00c1frica do Sul, 2014 no Brasil, 2018 na R\u00fassia e 2022 no Qatar. Eurocopas, 1992 na Su\u00e9cia e 1996 na Inglaterra. Copa das Confedera\u00e7\u00f5es de 2005 na Alemanha e 2009 na \u00c1frica do Sul. Rep\u00f3rter e Editor, trabalhou no Jornal da Tarde e Estad\u00e3o, de 1984 a fevereiro de 2016. Colunista, blogueiro. E comentarista de futebol na R\u00e1dio Estad\u00e3o, de 2013 a fevereiro de 2016. Jornalista respons\u00e1vel do \\\"Pr\u00f3speri News\\\" (blogdoprosperi.com).\",\"sameAs\":[\"http:\\\/\\\/blogdoprosperi.com\",\"Luiz Pr\u00f3speri\",\"@luiz_prosperi\",\"https:\\\/\\\/x.com\\\/Luizprosperi\",\"@prosperinacopa\",\"luiz.prosperi@icloud.com\"],\"url\":\"https:\\\/\\\/blogdoprosperi.com\\\/?author=102107496\"}]}<\/script>\n<!-- \/ Yoast SEO plugin. -->","yoast_head_json":{"title":"Palmeiras N\u00e3o Est\u00e1 Quebrado | Arias Vem A\u00ed - PR\u00d3SPERI NEWS","robots":{"index":"index","follow":"follow","max-snippet":"max-snippet:-1","max-image-preview":"max-image-preview:large","max-video-preview":"max-video-preview:-1"},"canonical":"https:\/\/blogdoprosperi.com\/?p=56124","og_locale":"pt_BR","og_type":"article","og_title":"Palmeiras N\u00e3o Est\u00e1 Quebrado | Arias Vem A\u00ed - PR\u00d3SPERI NEWS","og_description":"Luiz Ant\u00f4nio Pr\u00f3speri \u2013 4 fevereiro 2026 (17h30) \u2013 Palmeiras n\u00e3o est\u00e1 quebrado. Tem equil\u00edbrio financeiro e receita [&hellip;]","og_url":"https:\/\/blogdoprosperi.com\/?p=56124","og_site_name":"PR\u00d3SPERI NEWS","article_publisher":"Luiz Pr\u00f3speri","article_author":"Luiz Pr\u00f3speri","article_published_time":"2026-02-04T21:28:35+00:00","og_image":[{"width":799,"height":533,"url":"https:\/\/i0.wp.com\/blogdoprosperi.com\/wp-content\/uploads\/2025\/06\/54625024979_4f3b994951_c.jpg?fit=799%2C533&ssl=1","type":"image\/jpeg"}],"author":"Luiz Ant\u00f4nio Pr\u00f3speri","twitter_card":"summary_large_image","twitter_creator":"@Luizprosperi","twitter_site":"@Luizprosperi","twitter_misc":{"Escrito por":"Luiz Ant\u00f4nio Pr\u00f3speri","Est. tempo de leitura":"2 minutos"},"schema":{"@context":"https:\/\/schema.org","@graph":[{"@type":"Article","@id":"https:\/\/blogdoprosperi.com\/?p=56124#article","isPartOf":{"@id":"https:\/\/blogdoprosperi.com\/?p=56124"},"author":{"name":"Luiz Ant\u00f4nio Pr\u00f3speri","@id":"https:\/\/blogdoprosperi.com\/#\/schema\/person\/38100755ce3601861ee4fab9b5aa78e9"},"headline":"Palmeiras N\u00e3o Est\u00e1 Quebrado | Arias Vem A\u00ed","datePublished":"2026-02-04T21:28:35+00:00","mainEntityOfPage":{"@id":"https:\/\/blogdoprosperi.com\/?p=56124"},"wordCount":464,"commentCount":0,"publisher":{"@id":"https:\/\/blogdoprosperi.com\/#\/schema\/person\/38100755ce3601861ee4fab9b5aa78e9"},"image":{"@id":"https:\/\/blogdoprosperi.com\/?p=56124#primaryimage"},"thumbnailUrl":"https:\/\/i0.wp.com\/blogdoprosperi.com\/wp-content\/uploads\/2025\/06\/54625024979_4f3b994951_c.jpg?fit=799%2C533&ssl=1","keywords":["arias","nino","Palmeiras"],"articleSection":["futebol"],"inLanguage":"pt-BR","potentialAction":[{"@type":"CommentAction","name":"Comment","target":["https:\/\/blogdoprosperi.com\/?p=56124#respond"]}]},{"@type":"WebPage","@id":"https:\/\/blogdoprosperi.com\/?p=56124","url":"https:\/\/blogdoprosperi.com\/?p=56124","name":"Palmeiras N\u00e3o Est\u00e1 Quebrado | Arias Vem A\u00ed - PR\u00d3SPERI NEWS","isPartOf":{"@id":"https:\/\/blogdoprosperi.com\/#website"},"primaryImageOfPage":{"@id":"https:\/\/blogdoprosperi.com\/?p=56124#primaryimage"},"image":{"@id":"https:\/\/blogdoprosperi.com\/?p=56124#primaryimage"},"thumbnailUrl":"https:\/\/i0.wp.com\/blogdoprosperi.com\/wp-content\/uploads\/2025\/06\/54625024979_4f3b994951_c.jpg?fit=799%2C533&ssl=1","datePublished":"2026-02-04T21:28:35+00:00","breadcrumb":{"@id":"https:\/\/blogdoprosperi.com\/?p=56124#breadcrumb"},"inLanguage":"pt-BR","potentialAction":[{"@type":"ReadAction","target":["https:\/\/blogdoprosperi.com\/?p=56124"]}]},{"@type":"ImageObject","inLanguage":"pt-BR","@id":"https:\/\/blogdoprosperi.com\/?p=56124#primaryimage","url":"https:\/\/i0.wp.com\/blogdoprosperi.com\/wp-content\/uploads\/2025\/06\/54625024979_4f3b994951_c.jpg?fit=799%2C533&ssl=1","contentUrl":"https:\/\/i0.wp.com\/blogdoprosperi.com\/wp-content\/uploads\/2025\/06\/54625024979_4f3b994951_c.jpg?fit=799%2C533&ssl=1","width":799,"height":533,"caption":"Arias, destaque do Fluminense contra Inter \u2013 foto: Fluminense oficial"},{"@type":"BreadcrumbList","@id":"https:\/\/blogdoprosperi.com\/?p=56124#breadcrumb","itemListElement":[{"@type":"ListItem","position":1,"name":"In\u00edcio","item":"https:\/\/blogdoprosperi.com\/"},{"@type":"ListItem","position":2,"name":"Palmeiras N\u00e3o Est\u00e1 Quebrado | Arias Vem A\u00ed"}]},{"@type":"WebSite","@id":"https:\/\/blogdoprosperi.com\/#website","url":"https:\/\/blogdoprosperi.com\/","name":"PR\u00d3SPERI NEWS","description":"TUDO \u00c9  FUTEBOL","publisher":{"@id":"https:\/\/blogdoprosperi.com\/#\/schema\/person\/38100755ce3601861ee4fab9b5aa78e9"},"alternateName":"blogdoprosperi.com","potentialAction":[{"@type":"SearchAction","target":{"@type":"EntryPoint","urlTemplate":"https:\/\/blogdoprosperi.com\/?s={search_term_string}"},"query-input":{"@type":"PropertyValueSpecification","valueRequired":true,"valueName":"search_term_string"}}],"inLanguage":"pt-BR"},{"@type":["Person","Organization"],"@id":"https:\/\/blogdoprosperi.com\/#\/schema\/person\/38100755ce3601861ee4fab9b5aa78e9","name":"Luiz Ant\u00f4nio Pr\u00f3speri","pronouns":"ele","image":{"@type":"ImageObject","inLanguage":"pt-BR","@id":"https:\/\/i0.wp.com\/blogdoprosperi.com\/wp-content\/uploads\/2026\/05\/cropped-8059e613-6002-42fa-961e-8e275f575d71-2-5.jpg?fit=1360%2C931&ssl=1","url":"https:\/\/i0.wp.com\/blogdoprosperi.com\/wp-content\/uploads\/2026\/05\/cropped-8059e613-6002-42fa-961e-8e275f575d71-2-5.jpg?fit=1360%2C931&ssl=1","contentUrl":"https:\/\/i0.wp.com\/blogdoprosperi.com\/wp-content\/uploads\/2026\/05\/cropped-8059e613-6002-42fa-961e-8e275f575d71-2-5.jpg?fit=1360%2C931&ssl=1","width":1360,"height":931,"caption":"Luiz Ant\u00f4nio Pr\u00f3speri"},"logo":{"@id":"https:\/\/i0.wp.com\/blogdoprosperi.com\/wp-content\/uploads\/2026\/05\/cropped-8059e613-6002-42fa-961e-8e275f575d71-2-5.jpg?fit=1360%2C931&ssl=1"},"description":"Jornalista com carreira dedicada ao esporte. Cobriu 9 Copas do Mundo in loco, 1990 na It\u00e1lia, 1994 nos EUA, 1998 na Fran\u00e7a, 2002 na Coreia do Sul e Jap\u00e3o, 2006 na Alemanha, 2010 na \u00c1frica do Sul, 2014 no Brasil, 2018 na R\u00fassia e 2022 no Qatar. Eurocopas, 1992 na Su\u00e9cia e 1996 na Inglaterra. Copa das Confedera\u00e7\u00f5es de 2005 na Alemanha e 2009 na \u00c1frica do Sul. Rep\u00f3rter e Editor, trabalhou no Jornal da Tarde e Estad\u00e3o, de 1984 a fevereiro de 2016. Colunista, blogueiro. E comentarista de futebol na R\u00e1dio Estad\u00e3o, de 2013 a fevereiro de 2016. Jornalista respons\u00e1vel do \"Pr\u00f3speri News\" (blogdoprosperi.com).","sameAs":["http:\/\/blogdoprosperi.com","Luiz Pr\u00f3speri","@luiz_prosperi","https:\/\/x.com\/Luizprosperi","@prosperinacopa","luiz.prosperi@icloud.com"],"url":"https:\/\/blogdoprosperi.com\/?author=102107496"}]}},"jetpack_publicize_connections":[],"jetpack_likes_enabled":false,"jetpack_sharing_enabled":true,"jetpack_shortlink":"https:\/\/wp.me\/p7jvdk-eBe","jetpack-related-posts":[{"id":48392,"url":"https:\/\/blogdoprosperi.com\/?p=48392","url_meta":{"origin":56124,"position":0},"title":"Vitor Roque \u00e9 do Palmeiras | Contrata\u00e7\u00e3o Mais Cara do Futebol Brasileiro","author":"Luiz Ant\u00f4nio Pr\u00f3speri","date":"26 de fevereiro de 2025","format":false,"excerpt":"Palmeiras paga R$ 154,5 milh\u00f5es por VR e supera a transfer\u00eancia do argentino Almada ao Botafogo por R$ 137,4 milh\u00f5es, em julho de 2024 Vitor Roque pode ser inscrito ainda no Paulist\u00e3o 2025, caso o Palmeiras avance \u00e0s semifinais eliminando o S\u00e3o Bernardo, s\u00e1bado, no ABC paulista. Luiz Antonio Pr\u00f3speri\u2026","rel":"","context":"Em &quot;futebol&quot;","block_context":{"text":"futebol","link":"https:\/\/blogdoprosperi.com\/?cat=53870"},"img":{"alt_text":"Vitor Roque \u00e9 do Palmeiras","src":"https:\/\/i0.wp.com\/blogdoprosperi.com\/wp-content\/uploads\/2025\/02\/captura-de-tela-2025-02-28-as-16.13.48.png?fit=1200%2C656&ssl=1&resize=350%2C200","width":350,"height":200,"srcset":"https:\/\/i0.wp.com\/blogdoprosperi.com\/wp-content\/uploads\/2025\/02\/captura-de-tela-2025-02-28-as-16.13.48.png?fit=1200%2C656&ssl=1&resize=350%2C200 1x, https:\/\/i0.wp.com\/blogdoprosperi.com\/wp-content\/uploads\/2025\/02\/captura-de-tela-2025-02-28-as-16.13.48.png?fit=1200%2C656&ssl=1&resize=525%2C300 1.5x, https:\/\/i0.wp.com\/blogdoprosperi.com\/wp-content\/uploads\/2025\/02\/captura-de-tela-2025-02-28-as-16.13.48.png?fit=1200%2C656&ssl=1&resize=700%2C400 2x, https:\/\/i0.wp.com\/blogdoprosperi.com\/wp-content\/uploads\/2025\/02\/captura-de-tela-2025-02-28-as-16.13.48.png?fit=1200%2C656&ssl=1&resize=1050%2C600 3x"},"classes":[]},{"id":16980,"url":"https:\/\/blogdoprosperi.com\/?p=16980","url_meta":{"origin":56124,"position":1},"title":"Manchester City atropela Barcelona e Real Madrid e vai levar Gabriel Jesus","author":"Luiz Ant\u00f4nio Pr\u00f3speri","date":"21 de julho de 2016","format":false,"excerpt":"Palmeiras deve receber pouco menos de R$ 35 milh\u00f5es, dos R$ 115 milh\u00f5es que o clube ingl\u00eas vai pagar pelo garoto. Contrata\u00e7\u00e3o atende a pedido de Guardiola Manchester City passa por cima de Barcelona e Real Madrid na contrata\u00e7\u00e3o de Gabriel Jesus. A pedido de Pep Guardiola, o clube ingl\u00eas\u2026","rel":"","context":"Em &quot;futebol&quot;","block_context":{"text":"futebol","link":"https:\/\/blogdoprosperi.com\/?cat=53870"},"img":{"alt_text":"","src":"https:\/\/i0.wp.com\/blogdoprosperi.com\/wp-content\/uploads\/2016\/07\/nintchdbpict000253431418.jpg?resize=350%2C200&ssl=1","width":350,"height":200,"srcset":"https:\/\/i0.wp.com\/blogdoprosperi.com\/wp-content\/uploads\/2016\/07\/nintchdbpict000253431418.jpg?resize=350%2C200&ssl=1 1x, https:\/\/i0.wp.com\/blogdoprosperi.com\/wp-content\/uploads\/2016\/07\/nintchdbpict000253431418.jpg?resize=525%2C300&ssl=1 1.5x, https:\/\/i0.wp.com\/blogdoprosperi.com\/wp-content\/uploads\/2016\/07\/nintchdbpict000253431418.jpg?resize=700%2C400&ssl=1 2x"},"classes":[]},{"id":47046,"url":"https:\/\/blogdoprosperi.com\/?p=47046","url_meta":{"origin":56124,"position":2},"title":"Palmeiras Perto de Contratar Paulinho do Atl\u00e9tico-MG","author":"Luiz Ant\u00f4nio Pr\u00f3speri","date":"19 de dezembro de 2024","format":false,"excerpt":"Luiz Ant\u00f4nio Pr\u00f3speri \u2013 19 dezembro (13h45) \u2013 Palmeiras est\u00e1 muito perto de contratar Paulinho, 24 anos, atacante do Atl\u00e9tico-MG. Valores da negocia\u00e7\u00e3o alcan\u00e7am a casa dos R$ 117 milh\u00f5es + dois jogadores. Dinheiro, parece, n\u00e3o \u00e9 problema nesse momento no Alviverde. Previs\u00e3o de receitas do clube \u00e9 de pouco\u2026","rel":"","context":"Em &quot;futebol&quot;","block_context":{"text":"futebol","link":"https:\/\/blogdoprosperi.com\/?cat=53870"},"img":{"alt_text":"Paulinho do Galo para o Porco","src":"https:\/\/i0.wp.com\/blogdoprosperi.com\/wp-content\/uploads\/2024\/12\/sports-paulinho-1713418594.webp?fit=1200%2C801&ssl=1&resize=350%2C200","width":350,"height":200,"srcset":"https:\/\/i0.wp.com\/blogdoprosperi.com\/wp-content\/uploads\/2024\/12\/sports-paulinho-1713418594.webp?fit=1200%2C801&ssl=1&resize=350%2C200 1x, https:\/\/i0.wp.com\/blogdoprosperi.com\/wp-content\/uploads\/2024\/12\/sports-paulinho-1713418594.webp?fit=1200%2C801&ssl=1&resize=525%2C300 1.5x, https:\/\/i0.wp.com\/blogdoprosperi.com\/wp-content\/uploads\/2024\/12\/sports-paulinho-1713418594.webp?fit=1200%2C801&ssl=1&resize=700%2C400 2x, https:\/\/i0.wp.com\/blogdoprosperi.com\/wp-content\/uploads\/2024\/12\/sports-paulinho-1713418594.webp?fit=1200%2C801&ssl=1&resize=1050%2C600 3x"},"classes":[]},{"id":17082,"url":"https:\/\/blogdoprosperi.com\/?p=17082","url_meta":{"origin":56124,"position":3},"title":"Gabriel Jesus vira guerra entre Guardiola e Mourinho no futebol ingl\u00eas","author":"Luiz Ant\u00f4nio Pr\u00f3speri","date":"21 de julho de 2016","format":false,"excerpt":"\u00a0 Gabriel Jesus virou alvo de disputa entre Pep Guardiola, t\u00e9cnico do Manchester City, e Jos\u00e9 Mourinho, t\u00e9cnico do Manchester United. Ao ser informado de que o treinador espanhol havia ligado a Jesus para ser jogador dele no City, Mourinho teria acionado o comando do United a fazer tamb\u00e9m uma\u2026","rel":"","context":"Em &quot;futebol&quot;","block_context":{"text":"futebol","link":"https:\/\/blogdoprosperi.com\/?cat=53870"},"img":{"alt_text":"","src":"https:\/\/i0.wp.com\/blogdoprosperi.com\/wp-content\/uploads\/2016\/07\/gabriel-jesus-durante-treino-da-selecao-olimpica-1469054998462_956x500.jpg?resize=350%2C200&ssl=1","width":350,"height":200,"srcset":"https:\/\/i0.wp.com\/blogdoprosperi.com\/wp-content\/uploads\/2016\/07\/gabriel-jesus-durante-treino-da-selecao-olimpica-1469054998462_956x500.jpg?resize=350%2C200&ssl=1 1x, https:\/\/i0.wp.com\/blogdoprosperi.com\/wp-content\/uploads\/2016\/07\/gabriel-jesus-durante-treino-da-selecao-olimpica-1469054998462_956x500.jpg?resize=525%2C300&ssl=1 1.5x, https:\/\/i0.wp.com\/blogdoprosperi.com\/wp-content\/uploads\/2016\/07\/gabriel-jesus-durante-treino-da-selecao-olimpica-1469054998462_956x500.jpg?resize=700%2C400&ssl=1 2x"},"classes":[]},{"id":47423,"url":"https:\/\/blogdoprosperi.com\/?p=47423","url_meta":{"origin":56124,"position":4},"title":"Leila Pereira | &#8220;Palmeiras Vem Mais Agressivo no Mercado. Dudu sai pela Porta dos Fundos\u201d","author":"Luiz Ant\u00f4nio Pr\u00f3speri","date":"13 de janeiro de 2025","format":false,"excerpt":"Luiz Ant\u00f4nio Pr\u00f3speri \u2013 13 janeiro (15h10) \u2013 Palmeiras anuncia novo patrocinador master encerrando parceria de dez anos com a Crefisa, empresa da presidente Leila Pereira. Sportingbet, casa de apostas esportivas, assume a camisa do clube no contrato inicial de R$ 100 milh\u00f5es\/ano por tr\u00eas temporadas + R$ 70 milh\u00f5es\u2026","rel":"","context":"Em &quot;futebol&quot;","block_context":{"text":"futebol","link":"https:\/\/blogdoprosperi.com\/?cat=53870"},"img":{"alt_text":"Palmeiras mais agressivo no mercado, diz Leila Pereira","src":"https:\/\/i0.wp.com\/blogdoprosperi.com\/wp-content\/uploads\/2025\/01\/leila-pereira.jpg?fit=1030%2C613&ssl=1&resize=350%2C200","width":350,"height":200,"srcset":"https:\/\/i0.wp.com\/blogdoprosperi.com\/wp-content\/uploads\/2025\/01\/leila-pereira.jpg?fit=1030%2C613&ssl=1&resize=350%2C200 1x, https:\/\/i0.wp.com\/blogdoprosperi.com\/wp-content\/uploads\/2025\/01\/leila-pereira.jpg?fit=1030%2C613&ssl=1&resize=525%2C300 1.5x, https:\/\/i0.wp.com\/blogdoprosperi.com\/wp-content\/uploads\/2025\/01\/leila-pereira.jpg?fit=1030%2C613&ssl=1&resize=700%2C400 2x"},"classes":[]},{"id":18684,"url":"https:\/\/blogdoprosperi.com\/?p=18684","url_meta":{"origin":56124,"position":5},"title":"Gabriel Jesus assina contrato de cinco anos com Manchester City e leva b\u00f4nus de R$ 17,3 milh\u00f5es","author":"Luiz Ant\u00f4nio Pr\u00f3speri","date":"3 de agosto de 2016","format":false,"excerpt":"Gabriel Jesus assinou contrato de cinco anos com Manchester City e se apresenta ao clube ingl\u00eas em dezembro, ao encerramento do Campeonato Brasileiro. No acordo, o jogador tem direito a um b\u00f4nus de 4,7 milh\u00f5es (R$ 17,3 milh\u00f5es) ao longo do seu contrato que contempla, entre outras conquistas, a Bola\u2026","rel":"","context":"Em &quot;futebol&quot;","block_context":{"text":"futebol","link":"https:\/\/blogdoprosperi.com\/?cat=53870"},"img":{"alt_text":"","src":"","width":0,"height":0},"classes":[]}],"jetpack_featured_media_url":"https:\/\/i0.wp.com\/blogdoprosperi.com\/wp-content\/uploads\/2025\/06\/54625024979_4f3b994951_c.jpg?fit=799%2C533&ssl=1","_links":{"self":[{"href":"https:\/\/blogdoprosperi.com\/index.php?rest_route=\/wp\/v2\/posts\/56124","targetHints":{"allow":["GET"]}}],"collection":[{"href":"https:\/\/blogdoprosperi.com\/index.php?rest_route=\/wp\/v2\/posts"}],"about":[{"href":"https:\/\/blogdoprosperi.com\/index.php?rest_route=\/wp\/v2\/types\/post"}],"author":[{"embeddable":true,"href":"https:\/\/blogdoprosperi.com\/index.php?rest_route=\/wp\/v2\/users\/102107496"}],"replies":[{"embeddable":true,"href":"https:\/\/blogdoprosperi.com\/index.php?rest_route=%2Fwp%2Fv2%2Fcomments&post=56124"}],"version-history":[{"count":7,"href":"https:\/\/blogdoprosperi.com\/index.php?rest_route=\/wp\/v2\/posts\/56124\/revisions"}],"predecessor-version":[{"id":56131,"href":"https:\/\/blogdoprosperi.com\/index.php?rest_route=\/wp\/v2\/posts\/56124\/revisions\/56131"}],"wp:featuredmedia":[{"embeddable":true,"href":"https:\/\/blogdoprosperi.com\/index.php?rest_route=\/wp\/v2\/media\/52280"}],"wp:attachment":[{"href":"https:\/\/blogdoprosperi.com\/index.php?rest_route=%2Fwp%2Fv2%2Fmedia&parent=56124"}],"wp:term":[{"taxonomy":"category","embeddable":true,"href":"https:\/\/blogdoprosperi.com\/index.php?rest_route=%2Fwp%2Fv2%2Fcategories&post=56124"},{"taxonomy":"post_tag","embeddable":true,"href":"https:\/\/blogdoprosperi.com\/index.php?rest_route=%2Fwp%2Fv2%2Ftags&post=56124"}],"curies":[{"name":"wp","href":"https:\/\/api.w.org\/{rel}","templated":true}]}}