{"id":56164,"date":"2026-02-06T18:03:29","date_gmt":"2026-02-06T21:03:29","guid":{"rendered":"https:\/\/blogdoprosperi.com\/?p=56164"},"modified":"2026-02-06T18:03:29","modified_gmt":"2026-02-06T21:03:29","slug":"carnaval-antecipado-no-futebol-na-avenida-gastos-exorbitantes-treinadores-na-forca-arbitragem-profissional-e-outros-aderecos","status":"publish","type":"post","link":"https:\/\/blogdoprosperi.com\/?p=56164","title":{"rendered":"Carnaval Antecipado no Futebol | Na Avenida: Gastos Exorbitantes, Treinadores na Forca, Arbitragem Profissional e Outros Adere\u00e7os"},"content":{"rendered":"<p><em>Luiz Ant\u00f4nio Pr\u00f3speri \u2013 6 fevereiro 2026 (17h55) \u2013<\/em><\/p>\n<p>Futebol brasileiro n\u00e3o tem tempo a perder. Nem entra naquela hist\u00f3ria de que o ano come\u00e7a s\u00f3 depois do carnaval. Ali\u00e1s, o nosso mundo da bola vive o seu pr\u00f3prio carnaval de emo\u00e7\u00f5es, destemperos, gastos exorbitantes, cabe\u00e7as de treinadores servidas na bandeja e promessas de pequenas revolu\u00e7\u00f5es de gest\u00e3o no organismo central por ordem da CBF. Tudo ao mesmo tempo e na mesma passarela com apenas 30 dias de temporada 2026.<\/p>\n<p>Iniciamos o desfile com o adere\u00e7o que os torcedores mais gostam: a contrata\u00e7\u00e3o de jogadores. Pois bem, j\u00e1 superamos a marca de R$ 1 bilh\u00e3o em investimentos na transa\u00e7\u00e3o de refor\u00e7os aos clubes, a maioria da S\u00e9rie A, segundo dados coletados pelo site globo esporte (ge).<\/p>\n<p>Em tr\u00eas neg\u00f3cios, despejamos cerca de R$ 584, 3 milh\u00f5es no mercado \u2013 Lucas Paquet\u00e1 no Flamengo (R$ 206,5 milh\u00f5es), Gerson no Cruzeiro (R$ 168,8 milh\u00f5es) e John Arias no Palmeiras (R$ 155 milh\u00f5es). E vem mais uns caramingu\u00e1s por a\u00ed.<\/p>\n<p>No famoso campo e bola, Tite, sim o Professor Tite, sofre vaias da torcida do Cruzeiro ao acumular duas derrotas nas duas primeiras rodadas do Brasileir\u00e3o 26. &#8220;Ei, Tite&#8230;&#8221; xingam que xingam os cruzeirenses. Aquele per\u00edodo de 2016 a 2022, quando ele comandava a Sele\u00e7\u00e3o Brasileira, parece uma gal\u00e1xia distante, muito distante, de nossa \u00f3rbita.<\/p>\n<p>Lembram-se de Filipe Luiz, o conquistador de 2025. \u00c9 outro \u00e0 beira de ser jogado na panela de press\u00e3o ap\u00f3s um dos piores in\u00edcios de temporada da hist\u00f3ria do Flamengo. E com Paquet\u00e1 e tudo.<\/p>\n<p>Abel Ferreira tamb\u00e9m est\u00e1 nesta ala do bloco dos incautos, aqueles na fila dos vil\u00f5es soberbos. Torcedores de redes sociais afiam suas foices. E conclamam: &#8220;Domingo (8\/2) \u00e9 guerra&#8221;. Dia do Derby Corinthians x Palmeiras na casa corinthiana em jogo do famigerado Paulist\u00e3o.<\/p>\n<p>Fernando Diniz \u00e9 outro. Que n\u00e3o atrase ainda mais o rel\u00f3gio no Vasco. Diniz corre contra o tempo.<\/p>\n<p>Enquanto isso, a CBF se move. Acaba de lan\u00e7ar a profissionaliza\u00e7\u00e3o dos \u00e1rbitros de futebol. Homens e mulheres do apito ter\u00e3o sal\u00e1rios de R$ 10 mil a R$ 22 mil e mais b\u00f4nus de acordo com a gradua\u00e7\u00e3o de cada um (\u00e1rbitro Fifa, por exemplo) e outros benef\u00edcios.<\/p>\n<p>Investimento inicial da CBF na profissionaliza\u00e7\u00e3o da arbitragem chega a R$ 195 milh\u00f5es, entre obriga\u00e7\u00f5es e deveres tanto da entidade como dos \u00e1rbitros.<\/p>\n<p>Mudan\u00e7as na S\u00e9rie B do Brasileir\u00e3o tamb\u00e9m est\u00e3o na mesa. Acordo fechado entre \u00a0CBF e clubes determina que apenas os dois primeiros colocados (campe\u00e3o e vice) da S\u00e9rie B sobem direto \u00e0 S\u00e9rie A. As outras duas vagas ser\u00e3o disputadas em um playoff: terceiro colocado x sexto; e o quarto x quinto em dois jogos com ida e volta. Vencedores desses confrontos garantem acesso \u00e0 S\u00e9rie A.<\/p>\n<p>E no futuro n\u00e3o muito distante, CBF projeta passar o rebaixamento de quatro para tr\u00eas clubes na S\u00e9rie A.<\/p>\n<p>Vem mais por a\u00ed. Estamos na primeira semana de fevereiro. Daqui a pouco tem convoca\u00e7\u00e3o de Ancelotti na Sele\u00e7\u00e3o Brasileira, a vida de Neymar, a revoada das bets (casas de apostas) saindo dos clubes. \u00c9 carnaval.<\/p>\n","protected":false},"excerpt":{"rendered":"<p>Luiz Ant\u00f4nio Pr\u00f3speri \u2013 6 fevereiro 2026 (17h55) \u2013 Futebol brasileiro n\u00e3o tem tempo a perder. Nem entra [&hellip;]<\/p>\n","protected":false},"author":102107496,"featured_media":56171,"comment_status":"open","ping_status":"open","sticky":false,"template":"","format":"standard","meta":{"_coblocks_attr":"","_coblocks_dimensions":"","_coblocks_responsive_height":"","_coblocks_accordion_ie_support":"","_jetpack_newsletter_access":"","_jetpack_dont_email_post_to_subs":false,"_jetpack_newsletter_tier_id":0,"_jetpack_memberships_contains_paywalled_content":false,"_wpcom_ai_launchpad_first_post":false,"_jetpack_feature_clip_id":0,"_jetpack_memberships_contains_paid_content":false,"footnotes":"","jetpack_publicize_message":"","jetpack_publicize_feature_enabled":true,"jetpack_social_post_already_shared":false,"jetpack_social_options":{"image_generator_settings":{"template":"highway","default_image_id":0,"font":"","enabled":false},"version":2},"jetpack_post_was_ever_published":false},"categories":[53870],"tags":[720071420,789560569,1192834,1814220],"class_list":["post-56164","post","type-post","status-publish","format-standard","has-post-thumbnail","hentry","category-futebol","tag-abelferreira","tag-cbf","tag-paqueta","tag-tite"],"yoast_head":"<!-- This site is optimized with the Yoast SEO plugin v28.4 - https:\/\/yoast.com\/product\/yoast-seo-wordpress\/ -->\n<title>Carnaval Antecipado no Futebol | Na Avenida: Gastos Exorbitantes, Treinadores na Forca, Arbitragem Profissional e Outros Adere\u00e7os - PR\u00d3SPERI NEWS<\/title>\n<meta name=\"robots\" content=\"index, follow, max-snippet:-1, max-image-preview:large, max-video-preview:-1\" \/>\n<link rel=\"canonical\" href=\"https:\/\/blogdoprosperi.com\/?p=56164\" \/>\n<meta property=\"og:locale\" content=\"pt_BR\" \/>\n<meta property=\"og:type\" content=\"article\" \/>\n<meta property=\"og:title\" content=\"Carnaval Antecipado no Futebol | Na Avenida: Gastos Exorbitantes, Treinadores na Forca, Arbitragem Profissional e Outros Adere\u00e7os - PR\u00d3SPERI NEWS\" \/>\n<meta property=\"og:description\" content=\"Luiz Ant\u00f4nio Pr\u00f3speri \u2013 6 fevereiro 2026 (17h55) \u2013 Futebol brasileiro n\u00e3o tem tempo a perder. Nem entra [&hellip;]\" \/>\n<meta property=\"og:url\" content=\"https:\/\/blogdoprosperi.com\/?p=56164\" \/>\n<meta property=\"og:site_name\" content=\"PR\u00d3SPERI NEWS\" \/>\n<meta property=\"article:publisher\" content=\"Luiz Pr\u00f3speri\" \/>\n<meta property=\"article:author\" content=\"Luiz Pr\u00f3speri\" \/>\n<meta property=\"article:published_time\" content=\"2026-02-06T21:03:29+00:00\" \/>\n<meta property=\"og:image\" content=\"https:\/\/i0.wp.com\/blogdoprosperi.com\/wp-content\/uploads\/2026\/02\/captura-de-tela-2026-02-06-as-17.57.36.png?fit=940%2C550&ssl=1\" \/>\n\t<meta property=\"og:image:width\" content=\"940\" \/>\n\t<meta property=\"og:image:height\" content=\"550\" \/>\n\t<meta property=\"og:image:type\" content=\"image\/png\" \/>\n<meta name=\"author\" content=\"Luiz Ant\u00f4nio Pr\u00f3speri\" \/>\n<meta name=\"twitter:card\" content=\"summary_large_image\" \/>\n<meta name=\"twitter:creator\" content=\"@Luizprosperi\" \/>\n<meta name=\"twitter:site\" content=\"@Luizprosperi\" \/>\n<meta name=\"twitter:label1\" content=\"Escrito por\" \/>\n\t<meta name=\"twitter:data1\" content=\"Luiz Ant\u00f4nio Pr\u00f3speri\" \/>\n\t<meta name=\"twitter:label2\" content=\"Est. tempo de leitura\" \/>\n\t<meta name=\"twitter:data2\" content=\"3 minutos\" \/>\n<script type=\"application\/ld+json\" class=\"yoast-schema-graph\">{\"@context\":\"https:\\\/\\\/schema.org\",\"@graph\":[{\"@type\":\"Article\",\"@id\":\"https:\\\/\\\/blogdoprosperi.com\\\/?p=56164#article\",\"isPartOf\":{\"@id\":\"https:\\\/\\\/blogdoprosperi.com\\\/?p=56164\"},\"author\":{\"name\":\"Luiz Ant\u00f4nio Pr\u00f3speri\",\"@id\":\"https:\\\/\\\/blogdoprosperi.com\\\/#\\\/schema\\\/person\\\/38100755ce3601861ee4fab9b5aa78e9\"},\"headline\":\"Carnaval Antecipado no Futebol | Na Avenida: Gastos Exorbitantes, Treinadores na Forca, Arbitragem Profissional e Outros Adere\u00e7os\",\"datePublished\":\"2026-02-06T21:03:29+00:00\",\"mainEntityOfPage\":{\"@id\":\"https:\\\/\\\/blogdoprosperi.com\\\/?p=56164\"},\"wordCount\":562,\"commentCount\":0,\"publisher\":{\"@id\":\"https:\\\/\\\/blogdoprosperi.com\\\/#\\\/schema\\\/person\\\/38100755ce3601861ee4fab9b5aa78e9\"},\"image\":{\"@id\":\"https:\\\/\\\/blogdoprosperi.com\\\/?p=56164#primaryimage\"},\"thumbnailUrl\":\"https:\\\/\\\/i0.wp.com\\\/blogdoprosperi.com\\\/wp-content\\\/uploads\\\/2026\\\/02\\\/captura-de-tela-2026-02-06-as-17.57.36.png?fit=1718%2C1006&ssl=1\",\"keywords\":[\"abelferreira\",\"CBF\",\"paquet\u00e1\",\"Tite\"],\"articleSection\":[\"futebol\"],\"inLanguage\":\"pt-BR\",\"potentialAction\":[{\"@type\":\"CommentAction\",\"name\":\"Comment\",\"target\":[\"https:\\\/\\\/blogdoprosperi.com\\\/?p=56164#respond\"]}]},{\"@type\":\"WebPage\",\"@id\":\"https:\\\/\\\/blogdoprosperi.com\\\/?p=56164\",\"url\":\"https:\\\/\\\/blogdoprosperi.com\\\/?p=56164\",\"name\":\"Carnaval Antecipado no Futebol | Na Avenida: Gastos Exorbitantes, Treinadores na Forca, Arbitragem Profissional e Outros Adere\u00e7os - PR\u00d3SPERI NEWS\",\"isPartOf\":{\"@id\":\"https:\\\/\\\/blogdoprosperi.com\\\/#website\"},\"primaryImageOfPage\":{\"@id\":\"https:\\\/\\\/blogdoprosperi.com\\\/?p=56164#primaryimage\"},\"image\":{\"@id\":\"https:\\\/\\\/blogdoprosperi.com\\\/?p=56164#primaryimage\"},\"thumbnailUrl\":\"https:\\\/\\\/i0.wp.com\\\/blogdoprosperi.com\\\/wp-content\\\/uploads\\\/2026\\\/02\\\/captura-de-tela-2026-02-06-as-17.57.36.png?fit=1718%2C1006&ssl=1\",\"datePublished\":\"2026-02-06T21:03:29+00:00\",\"breadcrumb\":{\"@id\":\"https:\\\/\\\/blogdoprosperi.com\\\/?p=56164#breadcrumb\"},\"inLanguage\":\"pt-BR\",\"potentialAction\":[{\"@type\":\"ReadAction\",\"target\":[\"https:\\\/\\\/blogdoprosperi.com\\\/?p=56164\"]}]},{\"@type\":\"ImageObject\",\"inLanguage\":\"pt-BR\",\"@id\":\"https:\\\/\\\/blogdoprosperi.com\\\/?p=56164#primaryimage\",\"url\":\"https:\\\/\\\/i0.wp.com\\\/blogdoprosperi.com\\\/wp-content\\\/uploads\\\/2026\\\/02\\\/captura-de-tela-2026-02-06-as-17.57.36.png?fit=1718%2C1006&ssl=1\",\"contentUrl\":\"https:\\\/\\\/i0.wp.com\\\/blogdoprosperi.com\\\/wp-content\\\/uploads\\\/2026\\\/02\\\/captura-de-tela-2026-02-06-as-17.57.36.png?fit=1718%2C1006&ssl=1\",\"width\":1718,\"height\":1006,\"caption\":\"Tite vaiado no Mineir\u00e3o - foto: Cruzeiro oficial\"},{\"@type\":\"BreadcrumbList\",\"@id\":\"https:\\\/\\\/blogdoprosperi.com\\\/?p=56164#breadcrumb\",\"itemListElement\":[{\"@type\":\"ListItem\",\"position\":1,\"name\":\"In\u00edcio\",\"item\":\"https:\\\/\\\/blogdoprosperi.com\\\/\"},{\"@type\":\"ListItem\",\"position\":2,\"name\":\"Carnaval Antecipado no Futebol | Na Avenida: Gastos Exorbitantes, Treinadores na Forca, Arbitragem Profissional e Outros Adere\u00e7os\"}]},{\"@type\":\"WebSite\",\"@id\":\"https:\\\/\\\/blogdoprosperi.com\\\/#website\",\"url\":\"https:\\\/\\\/blogdoprosperi.com\\\/\",\"name\":\"PR\u00d3SPERI NEWS\",\"description\":\"TUDO \u00c9  FUTEBOL\",\"publisher\":{\"@id\":\"https:\\\/\\\/blogdoprosperi.com\\\/#\\\/schema\\\/person\\\/38100755ce3601861ee4fab9b5aa78e9\"},\"alternateName\":\"blogdoprosperi.com\",\"potentialAction\":[{\"@type\":\"SearchAction\",\"target\":{\"@type\":\"EntryPoint\",\"urlTemplate\":\"https:\\\/\\\/blogdoprosperi.com\\\/?s={search_term_string}\"},\"query-input\":{\"@type\":\"PropertyValueSpecification\",\"valueRequired\":true,\"valueName\":\"search_term_string\"}}],\"inLanguage\":\"pt-BR\"},{\"@type\":[\"Person\",\"Organization\"],\"@id\":\"https:\\\/\\\/blogdoprosperi.com\\\/#\\\/schema\\\/person\\\/38100755ce3601861ee4fab9b5aa78e9\",\"name\":\"Luiz Ant\u00f4nio Pr\u00f3speri\",\"pronouns\":\"ele\",\"image\":{\"@type\":\"ImageObject\",\"inLanguage\":\"pt-BR\",\"@id\":\"https:\\\/\\\/i0.wp.com\\\/blogdoprosperi.com\\\/wp-content\\\/uploads\\\/2026\\\/05\\\/cropped-8059e613-6002-42fa-961e-8e275f575d71-2-5.jpg?fit=1360%2C931&ssl=1\",\"url\":\"https:\\\/\\\/i0.wp.com\\\/blogdoprosperi.com\\\/wp-content\\\/uploads\\\/2026\\\/05\\\/cropped-8059e613-6002-42fa-961e-8e275f575d71-2-5.jpg?fit=1360%2C931&ssl=1\",\"contentUrl\":\"https:\\\/\\\/i0.wp.com\\\/blogdoprosperi.com\\\/wp-content\\\/uploads\\\/2026\\\/05\\\/cropped-8059e613-6002-42fa-961e-8e275f575d71-2-5.jpg?fit=1360%2C931&ssl=1\",\"width\":1360,\"height\":931,\"caption\":\"Luiz Ant\u00f4nio Pr\u00f3speri\"},\"logo\":{\"@id\":\"https:\\\/\\\/i0.wp.com\\\/blogdoprosperi.com\\\/wp-content\\\/uploads\\\/2026\\\/05\\\/cropped-8059e613-6002-42fa-961e-8e275f575d71-2-5.jpg?fit=1360%2C931&ssl=1\"},\"description\":\"Jornalista com carreira dedicada ao esporte. Cobriu 9 Copas do Mundo in loco, 1990 na It\u00e1lia, 1994 nos EUA, 1998 na Fran\u00e7a, 2002 na Coreia do Sul e Jap\u00e3o, 2006 na Alemanha, 2010 na \u00c1frica do Sul, 2014 no Brasil, 2018 na R\u00fassia e 2022 no Qatar. Eurocopas, 1992 na Su\u00e9cia e 1996 na Inglaterra. Copa das Confedera\u00e7\u00f5es de 2005 na Alemanha e 2009 na \u00c1frica do Sul. Rep\u00f3rter e Editor, trabalhou no Jornal da Tarde e Estad\u00e3o, de 1984 a fevereiro de 2016. Colunista, blogueiro. E comentarista de futebol na R\u00e1dio Estad\u00e3o, de 2013 a fevereiro de 2016. Jornalista respons\u00e1vel do \\\"Pr\u00f3speri News\\\" (blogdoprosperi.com).\",\"sameAs\":[\"http:\\\/\\\/blogdoprosperi.com\",\"Luiz Pr\u00f3speri\",\"@luiz_prosperi\",\"https:\\\/\\\/x.com\\\/Luizprosperi\",\"@prosperinacopa\",\"luiz.prosperi@icloud.com\"],\"url\":\"https:\\\/\\\/blogdoprosperi.com\\\/?author=102107496\"}]}<\/script>\n<!-- \/ Yoast SEO plugin. -->","yoast_head_json":{"title":"Carnaval Antecipado no Futebol | Na Avenida: Gastos Exorbitantes, Treinadores na Forca, Arbitragem Profissional e Outros Adere\u00e7os - PR\u00d3SPERI NEWS","robots":{"index":"index","follow":"follow","max-snippet":"max-snippet:-1","max-image-preview":"max-image-preview:large","max-video-preview":"max-video-preview:-1"},"canonical":"https:\/\/blogdoprosperi.com\/?p=56164","og_locale":"pt_BR","og_type":"article","og_title":"Carnaval Antecipado no Futebol | Na Avenida: Gastos Exorbitantes, Treinadores na Forca, Arbitragem Profissional e Outros Adere\u00e7os - PR\u00d3SPERI NEWS","og_description":"Luiz Ant\u00f4nio Pr\u00f3speri \u2013 6 fevereiro 2026 (17h55) \u2013 Futebol brasileiro n\u00e3o tem tempo a perder. Nem entra [&hellip;]","og_url":"https:\/\/blogdoprosperi.com\/?p=56164","og_site_name":"PR\u00d3SPERI NEWS","article_publisher":"Luiz Pr\u00f3speri","article_author":"Luiz Pr\u00f3speri","article_published_time":"2026-02-06T21:03:29+00:00","og_image":[{"url":"https:\/\/i0.wp.com\/blogdoprosperi.com\/wp-content\/uploads\/2026\/02\/captura-de-tela-2026-02-06-as-17.57.36.png?fit=940%2C550&ssl=1","width":940,"height":550,"type":"image\/png"}],"author":"Luiz Ant\u00f4nio Pr\u00f3speri","twitter_card":"summary_large_image","twitter_creator":"@Luizprosperi","twitter_site":"@Luizprosperi","twitter_misc":{"Escrito por":"Luiz Ant\u00f4nio Pr\u00f3speri","Est. tempo de leitura":"3 minutos"},"schema":{"@context":"https:\/\/schema.org","@graph":[{"@type":"Article","@id":"https:\/\/blogdoprosperi.com\/?p=56164#article","isPartOf":{"@id":"https:\/\/blogdoprosperi.com\/?p=56164"},"author":{"name":"Luiz Ant\u00f4nio Pr\u00f3speri","@id":"https:\/\/blogdoprosperi.com\/#\/schema\/person\/38100755ce3601861ee4fab9b5aa78e9"},"headline":"Carnaval Antecipado no Futebol | Na Avenida: Gastos Exorbitantes, Treinadores na Forca, Arbitragem Profissional e Outros Adere\u00e7os","datePublished":"2026-02-06T21:03:29+00:00","mainEntityOfPage":{"@id":"https:\/\/blogdoprosperi.com\/?p=56164"},"wordCount":562,"commentCount":0,"publisher":{"@id":"https:\/\/blogdoprosperi.com\/#\/schema\/person\/38100755ce3601861ee4fab9b5aa78e9"},"image":{"@id":"https:\/\/blogdoprosperi.com\/?p=56164#primaryimage"},"thumbnailUrl":"https:\/\/i0.wp.com\/blogdoprosperi.com\/wp-content\/uploads\/2026\/02\/captura-de-tela-2026-02-06-as-17.57.36.png?fit=1718%2C1006&ssl=1","keywords":["abelferreira","CBF","paquet\u00e1","Tite"],"articleSection":["futebol"],"inLanguage":"pt-BR","potentialAction":[{"@type":"CommentAction","name":"Comment","target":["https:\/\/blogdoprosperi.com\/?p=56164#respond"]}]},{"@type":"WebPage","@id":"https:\/\/blogdoprosperi.com\/?p=56164","url":"https:\/\/blogdoprosperi.com\/?p=56164","name":"Carnaval Antecipado no Futebol | Na Avenida: Gastos Exorbitantes, Treinadores na Forca, Arbitragem Profissional e Outros Adere\u00e7os - PR\u00d3SPERI NEWS","isPartOf":{"@id":"https:\/\/blogdoprosperi.com\/#website"},"primaryImageOfPage":{"@id":"https:\/\/blogdoprosperi.com\/?p=56164#primaryimage"},"image":{"@id":"https:\/\/blogdoprosperi.com\/?p=56164#primaryimage"},"thumbnailUrl":"https:\/\/i0.wp.com\/blogdoprosperi.com\/wp-content\/uploads\/2026\/02\/captura-de-tela-2026-02-06-as-17.57.36.png?fit=1718%2C1006&ssl=1","datePublished":"2026-02-06T21:03:29+00:00","breadcrumb":{"@id":"https:\/\/blogdoprosperi.com\/?p=56164#breadcrumb"},"inLanguage":"pt-BR","potentialAction":[{"@type":"ReadAction","target":["https:\/\/blogdoprosperi.com\/?p=56164"]}]},{"@type":"ImageObject","inLanguage":"pt-BR","@id":"https:\/\/blogdoprosperi.com\/?p=56164#primaryimage","url":"https:\/\/i0.wp.com\/blogdoprosperi.com\/wp-content\/uploads\/2026\/02\/captura-de-tela-2026-02-06-as-17.57.36.png?fit=1718%2C1006&ssl=1","contentUrl":"https:\/\/i0.wp.com\/blogdoprosperi.com\/wp-content\/uploads\/2026\/02\/captura-de-tela-2026-02-06-as-17.57.36.png?fit=1718%2C1006&ssl=1","width":1718,"height":1006,"caption":"Tite vaiado no Mineir\u00e3o - foto: Cruzeiro oficial"},{"@type":"BreadcrumbList","@id":"https:\/\/blogdoprosperi.com\/?p=56164#breadcrumb","itemListElement":[{"@type":"ListItem","position":1,"name":"In\u00edcio","item":"https:\/\/blogdoprosperi.com\/"},{"@type":"ListItem","position":2,"name":"Carnaval Antecipado no Futebol | Na Avenida: Gastos Exorbitantes, Treinadores na Forca, Arbitragem Profissional e Outros Adere\u00e7os"}]},{"@type":"WebSite","@id":"https:\/\/blogdoprosperi.com\/#website","url":"https:\/\/blogdoprosperi.com\/","name":"PR\u00d3SPERI NEWS","description":"TUDO \u00c9  FUTEBOL","publisher":{"@id":"https:\/\/blogdoprosperi.com\/#\/schema\/person\/38100755ce3601861ee4fab9b5aa78e9"},"alternateName":"blogdoprosperi.com","potentialAction":[{"@type":"SearchAction","target":{"@type":"EntryPoint","urlTemplate":"https:\/\/blogdoprosperi.com\/?s={search_term_string}"},"query-input":{"@type":"PropertyValueSpecification","valueRequired":true,"valueName":"search_term_string"}}],"inLanguage":"pt-BR"},{"@type":["Person","Organization"],"@id":"https:\/\/blogdoprosperi.com\/#\/schema\/person\/38100755ce3601861ee4fab9b5aa78e9","name":"Luiz Ant\u00f4nio Pr\u00f3speri","pronouns":"ele","image":{"@type":"ImageObject","inLanguage":"pt-BR","@id":"https:\/\/i0.wp.com\/blogdoprosperi.com\/wp-content\/uploads\/2026\/05\/cropped-8059e613-6002-42fa-961e-8e275f575d71-2-5.jpg?fit=1360%2C931&ssl=1","url":"https:\/\/i0.wp.com\/blogdoprosperi.com\/wp-content\/uploads\/2026\/05\/cropped-8059e613-6002-42fa-961e-8e275f575d71-2-5.jpg?fit=1360%2C931&ssl=1","contentUrl":"https:\/\/i0.wp.com\/blogdoprosperi.com\/wp-content\/uploads\/2026\/05\/cropped-8059e613-6002-42fa-961e-8e275f575d71-2-5.jpg?fit=1360%2C931&ssl=1","width":1360,"height":931,"caption":"Luiz Ant\u00f4nio Pr\u00f3speri"},"logo":{"@id":"https:\/\/i0.wp.com\/blogdoprosperi.com\/wp-content\/uploads\/2026\/05\/cropped-8059e613-6002-42fa-961e-8e275f575d71-2-5.jpg?fit=1360%2C931&ssl=1"},"description":"Jornalista com carreira dedicada ao esporte. Cobriu 9 Copas do Mundo in loco, 1990 na It\u00e1lia, 1994 nos EUA, 1998 na Fran\u00e7a, 2002 na Coreia do Sul e Jap\u00e3o, 2006 na Alemanha, 2010 na \u00c1frica do Sul, 2014 no Brasil, 2018 na R\u00fassia e 2022 no Qatar. Eurocopas, 1992 na Su\u00e9cia e 1996 na Inglaterra. Copa das Confedera\u00e7\u00f5es de 2005 na Alemanha e 2009 na \u00c1frica do Sul. Rep\u00f3rter e Editor, trabalhou no Jornal da Tarde e Estad\u00e3o, de 1984 a fevereiro de 2016. Colunista, blogueiro. E comentarista de futebol na R\u00e1dio Estad\u00e3o, de 2013 a fevereiro de 2016. Jornalista respons\u00e1vel do \"Pr\u00f3speri News\" (blogdoprosperi.com).","sameAs":["http:\/\/blogdoprosperi.com","Luiz Pr\u00f3speri","@luiz_prosperi","https:\/\/x.com\/Luizprosperi","@prosperinacopa","luiz.prosperi@icloud.com"],"url":"https:\/\/blogdoprosperi.com\/?author=102107496"}]}},"jetpack_publicize_connections":[],"jetpack_likes_enabled":false,"jetpack_sharing_enabled":true,"jetpack_shortlink":"https:\/\/wp.me\/p7jvdk-eBS","jetpack-related-posts":[{"id":48496,"url":"https:\/\/blogdoprosperi.com\/?p=48496","url_meta":{"origin":56164,"position":0},"title":"#Cr\u00f4nicaSab\u00e1tica #15 | Futebol Desafia Carnaval e Cad\u00ea os Boleiros?","author":"Luiz Ant\u00f4nio Pr\u00f3speri","date":"1 de mar\u00e7o de 2025","format":false,"excerpt":"Luiz Ant\u00f4nio Pr\u00f3speri \u2013 1 fevereiro (00h05) \u2013 Brasil \u00e9 carnaval. Pessoas pulam, cantam, bebem e se amam, por paix\u00e3o ou prazer. O futebol deveria parar nos quatro dias sob o reino de Momo. Que nada. \u00c9 preciso girar a roda da grana. Ent\u00e3o teremos jogos no s\u00e1bado, domingo e\u2026","rel":"","context":"Em &quot;opini\u00e3o&quot;","block_context":{"text":"opini\u00e3o","link":"https:\/\/blogdoprosperi.com\/?cat=3919"},"img":{"alt_text":"Edmundo no carnaval","src":"https:\/\/i0.wp.com\/blogdoprosperi.com\/wp-content\/uploads\/2025\/02\/20160208-2149-2-1999-ainda-jogador-da-fiorentina-edmundo-marca-presenca-no-desfile-do-salgueiro_mini.jpg?fit=600%2C413&ssl=1&resize=350%2C200","width":350,"height":200,"srcset":"https:\/\/i0.wp.com\/blogdoprosperi.com\/wp-content\/uploads\/2025\/02\/20160208-2149-2-1999-ainda-jogador-da-fiorentina-edmundo-marca-presenca-no-desfile-do-salgueiro_mini.jpg?fit=600%2C413&ssl=1&resize=350%2C200 1x, https:\/\/i0.wp.com\/blogdoprosperi.com\/wp-content\/uploads\/2025\/02\/20160208-2149-2-1999-ainda-jogador-da-fiorentina-edmundo-marca-presenca-no-desfile-do-salgueiro_mini.jpg?fit=600%2C413&ssl=1&resize=525%2C300 1.5x"},"classes":[]},{"id":45707,"url":"https:\/\/blogdoprosperi.com\/?p=45707","url_meta":{"origin":56164,"position":1},"title":"Sele\u00e7\u00e3o Brasileira | Dorival Junior Cai na Cilada da CBF e Presidente Aguarda Julgamento do STF","author":"Luiz Ant\u00f4nio Pr\u00f3speri","date":"9 de outubro de 2024","format":false,"excerpt":"Luiz Ant\u00f4nio Pr\u00f3speri \u2013 9 outubro (00h10) Dorival Junior est\u00e1 por um fio no comando da Sele\u00e7\u00e3o Brasileira. Ednaldo Rodrigues tamb\u00e9m vive mesma situa\u00e7\u00e3o na presid\u00eancia da CBF. Dorival, o t\u00e9cnico, depende de uma vit\u00f3ria contra o Chile, jogo das Eliminat\u00f3rias da Copa 2026, quinta-feira (10\/10), em Santiago. Ednaldo, o\u2026","rel":"","context":"Em &quot;futebol&quot;","block_context":{"text":"futebol","link":"https:\/\/blogdoprosperi.com\/?cat=53870"},"img":{"alt_text":"Dorival por um fio na Sele\u00e7\u00e3o Brasileira","src":"https:\/\/i0.wp.com\/blogdoprosperi.com\/wp-content\/uploads\/2024\/10\/54052520387_3484cb21ae_k.jpg?fit=1200%2C776&ssl=1&resize=350%2C200","width":350,"height":200,"srcset":"https:\/\/i0.wp.com\/blogdoprosperi.com\/wp-content\/uploads\/2024\/10\/54052520387_3484cb21ae_k.jpg?fit=1200%2C776&ssl=1&resize=350%2C200 1x, https:\/\/i0.wp.com\/blogdoprosperi.com\/wp-content\/uploads\/2024\/10\/54052520387_3484cb21ae_k.jpg?fit=1200%2C776&ssl=1&resize=525%2C300 1.5x, https:\/\/i0.wp.com\/blogdoprosperi.com\/wp-content\/uploads\/2024\/10\/54052520387_3484cb21ae_k.jpg?fit=1200%2C776&ssl=1&resize=700%2C400 2x, https:\/\/i0.wp.com\/blogdoprosperi.com\/wp-content\/uploads\/2024\/10\/54052520387_3484cb21ae_k.jpg?fit=1200%2C776&ssl=1&resize=1050%2C600 3x"},"classes":[]},{"id":58331,"url":"https:\/\/blogdoprosperi.com\/?p=58331","url_meta":{"origin":56164,"position":2},"title":"CBF renova contrato de Ancelotti at\u00e9 Copa 2030 e agrava crise de t\u00e9cnicos brasileiros","author":"Luiz Ant\u00f4nio Pr\u00f3speri","date":"15 de maio de 2026","format":false,"excerpt":"Ancelotti fica na Sele\u00e7\u00e3o at\u00e9 a Copa 2030. \u00c9 o atestado oficial da decad\u00eancia de treinadores brasileiros","rel":"","context":"Em &quot;copa 2026&quot;","block_context":{"text":"copa 2026","link":"https:\/\/blogdoprosperi.com\/?cat=36820279"},"img":{"alt_text":"","src":"https:\/\/i0.wp.com\/blogdoprosperi.com\/wp-content\/uploads\/2026\/05\/image_7acf7baa-1.png?fit=1200%2C655&ssl=1&resize=350%2C200","width":350,"height":200,"srcset":"https:\/\/i0.wp.com\/blogdoprosperi.com\/wp-content\/uploads\/2026\/05\/image_7acf7baa-1.png?fit=1200%2C655&ssl=1&resize=350%2C200 1x, https:\/\/i0.wp.com\/blogdoprosperi.com\/wp-content\/uploads\/2026\/05\/image_7acf7baa-1.png?fit=1200%2C655&ssl=1&resize=525%2C300 1.5x, https:\/\/i0.wp.com\/blogdoprosperi.com\/wp-content\/uploads\/2026\/05\/image_7acf7baa-1.png?fit=1200%2C655&ssl=1&resize=700%2C400 2x, https:\/\/i0.wp.com\/blogdoprosperi.com\/wp-content\/uploads\/2026\/05\/image_7acf7baa-1.png?fit=1200%2C655&ssl=1&resize=1050%2C600 3x"},"classes":[]},{"id":9196,"url":"https:\/\/blogdoprosperi.com\/?p=9196","url_meta":{"origin":56164,"position":3},"title":"A vergonha escancarada do futebol brasileiro no mundo","author":"Luiz Ant\u00f4nio Pr\u00f3speri","date":"7 de junho de 2016","format":false,"excerpt":"Imagem de um pai carregando seu filho no colo em fuga da batalha entre fac\u00e7\u00f5es organizadas de Palmeiras e Flamengo; as quedas de Mano Menezes e Luxemburgo na China; o processo aberto contra Neymar por fraude financeira na Espanha; e o futebolzinho da Sele\u00e7\u00e3o ... Precisa mais? A situa\u00e7\u00e3o do\u2026","rel":"","context":"Em &quot;futebol&quot;","block_context":{"text":"futebol","link":"https:\/\/blogdoprosperi.com\/?cat=53870"},"img":{"alt_text":"","src":"https:\/\/i0.wp.com\/blogdoprosperi.com\/wp-content\/uploads\/2016\/06\/20160606215542_0.jpeg?resize=350%2C200&ssl=1","width":350,"height":200,"srcset":"https:\/\/i0.wp.com\/blogdoprosperi.com\/wp-content\/uploads\/2016\/06\/20160606215542_0.jpeg?resize=350%2C200&ssl=1 1x, https:\/\/i0.wp.com\/blogdoprosperi.com\/wp-content\/uploads\/2016\/06\/20160606215542_0.jpeg?resize=525%2C300&ssl=1 1.5x, https:\/\/i0.wp.com\/blogdoprosperi.com\/wp-content\/uploads\/2016\/06\/20160606215542_0.jpeg?resize=700%2C400&ssl=1 2x"},"classes":[]},{"id":45140,"url":"https:\/\/blogdoprosperi.com\/?p=45140","url_meta":{"origin":56164,"position":4},"title":"Sele\u00e7\u00e3o Brasileira Perde do Paraguai: Culpa do Presidente da CBF. Camisas Amarelas ao Vento","author":"Luiz Ant\u00f4nio Pr\u00f3speri","date":"11 de setembro de 2024","format":false,"excerpt":"Luiz Antonio Pr\u00f3speri \u2013 11 setembro (atualizado 10h30) CBF est\u00e1 sem sa\u00edda diante de mais um fracasso rotundo da Sele\u00e7\u00e3o Brasileira - derrota constrangedora para o Paraguai nas Eliminat\u00f3rias da Copa 2026. Presidente Ednaldo Rodrigues, centralizador como ele s\u00f3, n\u00e3o tem um colegiado a ouvir ou ajud\u00e1-lo a tomar decis\u00f5es\u2026","rel":"","context":"Em &quot;futebol&quot;","block_context":{"text":"futebol","link":"https:\/\/blogdoprosperi.com\/?cat=53870"},"img":{"alt_text":"Sele\u00e7\u00e3o Brasileira \u00e0 espera de um time","src":"https:\/\/i0.wp.com\/blogdoprosperi.com\/wp-content\/uploads\/2024\/09\/53987038463_1c33dba7d8_k.jpg?fit=1200%2C800&ssl=1&resize=350%2C200","width":350,"height":200,"srcset":"https:\/\/i0.wp.com\/blogdoprosperi.com\/wp-content\/uploads\/2024\/09\/53987038463_1c33dba7d8_k.jpg?fit=1200%2C800&ssl=1&resize=350%2C200 1x, https:\/\/i0.wp.com\/blogdoprosperi.com\/wp-content\/uploads\/2024\/09\/53987038463_1c33dba7d8_k.jpg?fit=1200%2C800&ssl=1&resize=525%2C300 1.5x, https:\/\/i0.wp.com\/blogdoprosperi.com\/wp-content\/uploads\/2024\/09\/53987038463_1c33dba7d8_k.jpg?fit=1200%2C800&ssl=1&resize=700%2C400 2x, https:\/\/i0.wp.com\/blogdoprosperi.com\/wp-content\/uploads\/2024\/09\/53987038463_1c33dba7d8_k.jpg?fit=1200%2C800&ssl=1&resize=1050%2C600 3x"},"classes":[]},{"id":11067,"url":"https:\/\/blogdoprosperi.com\/?p=11067","url_meta":{"origin":56164,"position":5},"title":"A improv\u00e1vel revolu\u00e7\u00e3o de Tite na Sele\u00e7\u00e3o Brasileira","author":"Luiz Ant\u00f4nio Pr\u00f3speri","date":"16 de junho de 2016","format":false,"excerpt":"Tite n\u00e3o vai revolucionar o futebol da Sele\u00e7\u00e3o Brasileira. Tendo como par\u00e2metro seus conceitos aplicados com sucesso no Corinthians, o escrete vai ter mais a cara dos europeus \u00e0 ess\u00eancia do aut\u00eantico estilo do Brasil. N\u00e3o h\u00e1 ilus\u00e3o. Nem Tite e muito menos a CBF t\u00eam como prioridade resgatar o\u2026","rel":"","context":"Em &quot;futebol&quot;","block_context":{"text":"futebol","link":"https:\/\/blogdoprosperi.com\/?cat=53870"},"img":{"alt_text":"","src":"https:\/\/i0.wp.com\/blogdoprosperi.com\/wp-content\/uploads\/2016\/06\/feola1_09.jpg?resize=350%2C200","width":350,"height":200,"srcset":"https:\/\/i0.wp.com\/blogdoprosperi.com\/wp-content\/uploads\/2016\/06\/feola1_09.jpg?resize=350%2C200 1x, https:\/\/i0.wp.com\/blogdoprosperi.com\/wp-content\/uploads\/2016\/06\/feola1_09.jpg?resize=525%2C300 1.5x"},"classes":[]}],"jetpack_featured_media_url":"https:\/\/i0.wp.com\/blogdoprosperi.com\/wp-content\/uploads\/2026\/02\/captura-de-tela-2026-02-06-as-17.57.36.png?fit=1718%2C1006&ssl=1","_links":{"self":[{"href":"https:\/\/blogdoprosperi.com\/index.php?rest_route=\/wp\/v2\/posts\/56164","targetHints":{"allow":["GET"]}}],"collection":[{"href":"https:\/\/blogdoprosperi.com\/index.php?rest_route=\/wp\/v2\/posts"}],"about":[{"href":"https:\/\/blogdoprosperi.com\/index.php?rest_route=\/wp\/v2\/types\/post"}],"author":[{"embeddable":true,"href":"https:\/\/blogdoprosperi.com\/index.php?rest_route=\/wp\/v2\/users\/102107496"}],"replies":[{"embeddable":true,"href":"https:\/\/blogdoprosperi.com\/index.php?rest_route=%2Fwp%2Fv2%2Fcomments&post=56164"}],"version-history":[{"count":8,"href":"https:\/\/blogdoprosperi.com\/index.php?rest_route=\/wp\/v2\/posts\/56164\/revisions"}],"predecessor-version":[{"id":56173,"href":"https:\/\/blogdoprosperi.com\/index.php?rest_route=\/wp\/v2\/posts\/56164\/revisions\/56173"}],"wp:featuredmedia":[{"embeddable":true,"href":"https:\/\/blogdoprosperi.com\/index.php?rest_route=\/wp\/v2\/media\/56171"}],"wp:attachment":[{"href":"https:\/\/blogdoprosperi.com\/index.php?rest_route=%2Fwp%2Fv2%2Fmedia&parent=56164"}],"wp:term":[{"taxonomy":"category","embeddable":true,"href":"https:\/\/blogdoprosperi.com\/index.php?rest_route=%2Fwp%2Fv2%2Fcategories&post=56164"},{"taxonomy":"post_tag","embeddable":true,"href":"https:\/\/blogdoprosperi.com\/index.php?rest_route=%2Fwp%2Fv2%2Ftags&post=56164"}],"curies":[{"name":"wp","href":"https:\/\/api.w.org\/{rel}","templated":true}]}}