{"id":56193,"date":"2026-02-10T20:04:25","date_gmt":"2026-02-10T23:04:25","guid":{"rendered":"https:\/\/blogdoprosperi.com\/?p=56193"},"modified":"2026-02-11T10:48:15","modified_gmt":"2026-02-11T13:48:15","slug":"jornalismo-esportivo-e-a-crise-do-the-washington-post","status":"publish","type":"post","link":"https:\/\/blogdoprosperi.com\/?p=56193","title":{"rendered":"Jornalismo Esportivo e a Crise do The Washington Post"},"content":{"rendered":"<p><em>Luiz Ant\u00f4nio Pr\u00f3speri \u2013 10 fevereiro 2026 (19h40) \u2013<\/em><\/p>\n<p>O <em>The Washington Post<\/em>, um dos pilares da imprensa americana e da democracia nos Estados Unidos, est\u00e1 perto do fim. Jeff Bezos, trilhard\u00e1rio dono do jornal e partid\u00e1rio de Donal Trump, resolveu dizimar a reda\u00e7\u00e3o com cortes de mais de 500 jornalistas. A editoria de Esportes \u00e9 decepada. Deixa de existir a menos de quatro meses da Copa do Mundo de futebol nos EUA e a dois anos da Olimp\u00edada de Los Angeles 2028. Pobres jornalistas, em especial colegas do Esporte.<\/p>\n<p>Aqui no Brasil n\u00e3o tem sido muito diferente. A grande m\u00eddia impressa h\u00e1 muito tempo reduz suas editorias de Esportes. <em>Folha<\/em> e <em>Estad\u00e3o<\/em>, por exemplo, dedicam uma p\u00e1gina, isso mesmo, apenas uma p\u00e1gina se tanto ao notici\u00e1rio esportivo. E o conte\u00fado publicado nas edi\u00e7\u00f5es online \u00e9 de doer.<\/p>\n<p>Jornalistas e pseudo jornalistas esportivos brasileiros migram cada vez mais para as redes sociais. Proliferam os influencers, a maioria esmagadora sem compromisso com a not\u00edcia. Os ca\u00e7adores de clics em busca de audi\u00eancia e remunera\u00e7\u00e3o das redes sociais.<\/p>\n<p>Fico at\u00e9 com pena do experiente jornalista esportivo Gian Oddi, da <em>ESPN<\/em>, na sua luta insana a bater &nbsp;nessa multid\u00e3o de influencers e at\u00e9 colegas da classe cobrando jornalismo s\u00e9rio e o fim do sensacionalismo barato que contamina a imprensa, m\u00eddia esportiva. J\u00e1 n\u00e3o temos mais jornais esportivos impressos e na web qualquer um \u00e9, e ainda pode ser, jornalista esportivo.<\/p>\n<p>Enfim, La Nave Va.<\/p>\n<hr>\n<p>Abaixo, voc\u00ea leitor pode acompanhar um ensaio do renomado jornalista americano David Remnick, editor h\u00e1 27 anos da <em>The New Yorker<\/em>, revista semanal que em 2025 completou cem anos, isso mesmo, 100 anos, praticando jornalismo de verdade. E impresso.<\/p>\n<p>Acompanhe como David Remnick tratou a debacle do <em>The Washington Post<\/em> e a desfa\u00e7atez de Jeff <strong>Bezos.<\/strong> Artigo publicado domingo (08\/2).<\/p>\n<hr>\n<p><strong>David Remnick<\/strong><br \/>\n<em>Editor, The New Yorker<\/em><\/p>\n<p><strong>\u00c9 realmente imposs\u00edvel&nbsp;acompanhar, n\u00e3o \u00e9?<\/strong><\/p>\n<p>Na semana passada \u2014&nbsp;<em>depois que<\/em>&nbsp;o&nbsp;<em>Wall Street Journal<\/em>&nbsp;divulgou mais not\u00edcias sobre os neg\u00f3cios obscuros da fam\u00edlia Trump com criptomoedas e&nbsp;<em>antes de<\/em> o presidente compartilhar um v\u00eddeo racista dos Obamas retratados como macacos dan\u00e7ando \u2014 o empres\u00e1rio da Amazon, Jeff Bezos, decidiu que uma de suas propriedades menores, o <em>The Washington<\/em> <em>Post,<\/em>&nbsp;havia se mostrado um peso t\u00e3o grande para sua fortuna de <strong>duzentos e trinta bilh\u00f5es de d\u00f3lares<\/strong> que a prud\u00eancia exigia que ele eliminasse grande parte de sua reda\u00e7\u00e3o.<\/p>\n<p>Logo no in\u00edcio de sua gest\u00e3o, Bezos adotou um novo lema para o jornal: <em>\u201cA democracia morre na escurid\u00e3o\u201d.<\/em> Acontece que uma das institui\u00e7\u00f5es de m\u00eddia mais celebradas da democracia pode ser estrangulada \u00e0 luz do dia. Na quarta-feira, Bezos e a dire\u00e7\u00e3o do jornal demitiram um ter\u00e7o da equipe. Fecharam ou reduziram drasticamente diversas se\u00e7\u00f5es. Lizzie Johnson, uma das principais correspondentes internacionais&nbsp;<em>do Post<\/em>, recebeu seu aviso pr\u00e9vio digital enquanto trabalhava na zona de guerra da Ucr\u00e2nia. Bezos n\u00e3o ofereceu \u00e0 sua equipe a dec\u00eancia de uma explica\u00e7\u00e3o p\u00fablica, muito menos um gesto de generosidade ou arrependimento. O editor e CEO Will Lewis n\u00e3o compareceu ao \u201cwebinar\u201d em que os cortes foram explicados \u00e0 equipe. Ele, no entanto, conseguiu ir \u00e0s festividades do Super Bowl. No s\u00e1bado \u00e0 noite, Lewis renunciou. Seu trabalho estava feito. Ele ser\u00e1 sucedido pelo diretor financeiro do jornal, Jeff D&#8217;Onofrio, que j\u00e1 ocupou cargos no Tumblr, Google e Yahoo.<\/p>\n<p>Como algu\u00e9m que trabalhou feliz no&nbsp;<em>Post<\/em>&nbsp;por uma d\u00e9cada, h\u00e1 muito tempo, e como leitor ass\u00edduo do jornal, estou revoltado com tudo isso. Sinto-me como algu\u00e9m for\u00e7ado a assistir a um incendi\u00e1rio destruir a casa onde cresceu. N\u00e3o consigo imaginar como deve ser para a equipe atual e para as centenas de pessoas obrigadas a sair. Se isso \u00e9 sentimentalismo ou algo pior, ent\u00e3o me declaro culpado. A perda \u00e9 terr\u00edvel, o comportamento \u00e9 mais do que irrespons\u00e1vel. Os rep\u00f3rteres e editores que permanecerem no&nbsp;<em>Post<\/em> , sem d\u00favida, continuar\u00e3o fazendo um trabalho honrado, mas agora ter\u00e3o que faz\u00ea-lo para um propriet\u00e1rio que n\u00e3o lhes demonstra nenhum respeito. E essa n\u00e3o \u00e9 maneira de viver. (Ruth Marcus, escritora e editora do jornal por mais de quarenta anos, expressa de forma magn\u00edfica&nbsp;a raiva e a tristeza da situa\u00e7\u00e3o.)<\/p>\n<blockquote><p><strong><em>O desmantelamento do Washington Post \u00e9 uma escolha, n\u00e3o uma necessidade, e a culpa \u00e9 de Jeff Bezos (dono da Amazon) e propriet\u00e1rio do WP desde&nbsp;2013.<\/em><\/strong><\/p>\n<\/blockquote>\n<p>Ao longo dos anos, nestas p\u00e1ginas (da revista <em>New Yorker<\/em>), escrevi tanto sobre a antiga propriet\u00e1ria Katharine Graham quanto sobre Ben Bradlee , o editor do jornal durante a era <strong>Watergate<\/strong>; apesar de suas complexidades, essas foram figuras que constru\u00edram um grande jornal a partir de um jornal med\u00edocre, que desenvolveram uma institui\u00e7\u00e3o que funcionava n\u00e3o apenas em prol do lucro financeiro, mas tamb\u00e9m da vitalidade democr\u00e1tica. Esse padr\u00e3o de qualidade perdurou, mas, em 2013, Don Graham, um homem decente e um editor dedicado que herdou a lideran\u00e7a da empresa de sua m\u00e3e, percebeu que as revolu\u00e7\u00f5es tecnol\u00f3gicas e o decl\u00ednio da publicidade eram t\u00e3o severos que ele n\u00e3o tinha mais capacidade de investir efetivamente no jornal. Ap\u00f3s uma longa busca, ele vendeu o <em>Post<\/em>&nbsp;para Bezos, um propriet\u00e1rio muito mais rico que prometeu ser um gestor eficaz.<\/p>\n<p>Por um tempo, isso funcionou; sob a gest\u00e3o de Marty Baron, o jornal era extremamente competitivo e prosperou durante o primeiro mandato de Trump. Bezos era um propriet\u00e1rio decididamente distante, mas dava \u00e0 reda\u00e7\u00e3o o que ela precisava e investia tanto no jornalismo quanto no suporte tecnol\u00f3gico necess\u00e1rio. Mas, durante os anos de Biden, a audi\u00eancia caiu e, em 2024, com Trump caminhando para uma segunda vit\u00f3ria eleitoral, Bezos claramente reavaliou seus interesses e sua toler\u00e2ncia ao risco. Sua timidez prevaleceu. Ele vetou o iminente apoio do jornal a Kamala Harris. Assentou-se na \u00e1rea reservada aos oligarcas na posse presidencial. Instruiu a se\u00e7\u00e3o de Opini\u00e3o a adotar uma nova linha editorial, mais conservadora. Esses eram seus privil\u00e9gios, muitos argumentavam, mas dificilmente eram s\u00e1bios. A cada movimento, mais assinantes abandonavam o jornal \u2014 certamente um dos piores tiros no pr\u00f3prio p\u00e9 na hist\u00f3ria do jornalismo.<\/p>\n<p>Sem d\u00favida, Bezos acredita que todas as cr\u00edticas que recebeu s\u00e3o ing\u00eanuas, presun\u00e7osas e terrivelmente injustas. Como seus cr\u00edticos poderiam entender o neg\u00f3cio da maneira que ele entende? De certa forma, cada mat\u00e9ria agressiva sobre o governo publicada pelo jornal permite que Bezos diga a si mesmo que n\u00e3o recuou em nada.<\/p>\n<p>Para contextualizar o mercado financeiro e a quest\u00e3o moral, talvez este seja um bom momento para relembrarmos os interesses mar\u00edtimos do propriet\u00e1rio&nbsp;<em>do Post<\/em>&nbsp;. Alguns comentaristas mencionaram que Bezos, para melhor sustentar o&nbsp;<em>Post,<\/em>&nbsp;poderia ter retido as dezenas de milh\u00f5es de d\u00f3lares que gastou para financiar &#8220;Melania&#8221;, um document\u00e1rio sobre a Primeira-Dama digno de uma longa exibi\u00e7\u00e3o na Cinemateca de Pyongyang. Analistas financeiros mais ponderados argumentar\u00e3o que essa \u00e9 uma observa\u00e7\u00e3o superficial. Os preju\u00edzos&nbsp;<em>do Post<\/em>&nbsp;s\u00e3o mais significativos. E eles t\u00eam raz\u00e3o. Melhor, ent\u00e3o, voltarmos a um dos passatempos mais caros do fundador da Amazon: seu iate \u00e0 vela de tr\u00eas mastros e 125,8 metros, o Koru. (N\u00e3o \u00e9 preciso entrar em detalhes sobre o Abeona, o &#8220;barco sombra&#8221; de 75 milh\u00f5es de d\u00f3lares que segue o Koru e oferece um heliponto e espa\u00e7o suficiente para funcion\u00e1rios extras.)<\/p>\n<p>O Koru custou cerca de quinhentos milh\u00f5es de d\u00f3lares. Isso \u00e9&nbsp;<em>o dobro<\/em>&nbsp;do que Bezos pagou pelo Washington&nbsp;<em>Post<\/em>&nbsp;. A manuten\u00e7\u00e3o anual custa dezenas de milh\u00f5es de d\u00f3lares. \u00c9, sem d\u00favida, um barco muito especial. De acordo&nbsp;com a&nbsp;<em>Architectural Digest<\/em>&nbsp;, \u201co superiate de Bezos tem um estilo cl\u00e1ssico, com casco de a\u00e7o azul-marinho e superestrutura de alum\u00ednio branco de dois n\u00edveis. Os decks de teca do navio incluem \u00e1reas para relaxar ao ar livre, al\u00e9m de tr\u00eas jacuzzis e uma piscina. A Robb Report observa que o casco apresenta vigias tradicionais, enquanto as janelas do conv\u00e9s superior s\u00e3o menores do que o normal, o que pode ajudar a impedir que paparazzi fotografem os convidados l\u00e1 dentro.\u201d Se essas informa\u00e7\u00f5es sobre o barco n\u00e3o forem suficientemente irritantes, h\u00e1 mais: o&nbsp;<em>Wall Street Journal<\/em>&nbsp;publicou na sexta-feira uma&nbsp;mat\u00e9ria&nbsp;de Richard Rubin intitulada \u201cA nova lei tribut\u00e1ria de Trump economizou bilh\u00f5es para a Amazon\u201d. Mas o correspondente na Ucr\u00e2nia teve que ir embora.<\/p>\n<p>No mundo da tecnologia, muitos dos principais magnatas e g\u00eanios do capital de risco t\u00eam uma maneira peculiar de se convencerem de que, por terem acumulado fortuna e por conhecerem uma grande novidade, sabem&nbsp;<em>tudo.<\/em>&nbsp;Todos os outros s\u00e3o luditas ou tolos ing\u00eanuos. Talvez Bezos encontre uma maneira de manter boas rela\u00e7\u00f5es com um presidente vingativo e, ao mesmo tempo, transformar o&nbsp;<em>Post<\/em>&nbsp;para que ele possa &#8220;fazer mais com menos&#8221;, e todas aquelas outras frases feitas em quadros brancos, populares de Wall Street a Palo Alto. Ningu\u00e9m duvida que a mudan\u00e7a, mesmo que dolorosa, seja necess\u00e1ria. Mas a magnitude dos cortes da semana passada, aliada \u00e0 aus\u00eancia de qualquer estrat\u00e9gia al\u00e9m da retirada, \u00e9 extremamente desmoralizante. Bezos deixou claro que seu compromisso com o&nbsp;<em>Post,<\/em>&nbsp;para n\u00e3o mencionar seu discurso perform\u00e1tico sobre democracia, diminuiu a ponto de desaparecer.<\/p>\n<p>O&nbsp;<em>Post<\/em>&nbsp;n\u00e3o \u00e9 o primeiro grande jornal americano a enfrentar uma crise financeira. N\u00e3o faz muito tempo que o&nbsp;<em>Times<\/em>&nbsp;se viu em uma situa\u00e7\u00e3o de vida ou morte. Quem o compraria, perguntavam todos com conhecimento de causa, o bilion\u00e1rio mexicano Carlos Slim ou Michael Bloomberg? E, no entanto, a fam\u00edlia Sulzberger, com uma fra\u00e7\u00e3o \u00ednfima da fortuna de Bezos, mas com uma determina\u00e7\u00e3o e integridade infinitamente maiores, encontrou uma maneira de prosperar. Bezos, por outro lado, est\u00e1 imerso em seus neg\u00f3cios principais, na corrida espacial, em uma vida ativa de f\u00e9rias e muito mais. Ap\u00f3s um in\u00edcio promissor no jornal, ele simplesmente n\u00e3o parece ter o foco ou a coragem para fazer o que \u00e9 necess\u00e1rio para guiar o&nbsp;<em>Post<\/em>&nbsp;por uma era inst\u00e1vel e amea\u00e7adora. Com Trump na presid\u00eancia, ele se recusa a enxergar que, embora o&nbsp;<em>Post<\/em>&nbsp;tenha um valor financeiro menor do que seu iate, ele \u00e9 respons\u00e1vel por um bem inestim\u00e1vel. Ele vai causar problemas? Ele vai, no fim das contas, fazer a coisa certa? At\u00e9 agora, as evid\u00eancias s\u00f3 mostram o pior.<\/p>\n<div class=\"tiled-gallery type-rectangular tiled-gallery-unresized\" data-original-width=\"940\" data-carousel-extra='{&quot;blog_id&quot;:1,&quot;permalink&quot;:&quot;https:\\\/\\\/blogdoprosperi.com\\\/?p=56193&quot;,&quot;likes_blog_id&quot;:108082574}' itemscope itemtype=\"http:\/\/schema.org\/ImageGallery\" > <div class=\"gallery-row\" style=\"width: 940px; height: 284px;\" data-original-width=\"940\" data-original-height=\"284\" > <div class=\"gallery-group images-1\" style=\"width: 440px; height: 284px;\" data-original-width=\"440\" data-original-height=\"284\" > <div class=\"tiled-gallery-item tiled-gallery-item-large\" itemprop=\"associatedMedia\" itemscope itemtype=\"http:\/\/schema.org\/ImageObject\"> <a href=\"https:\/\/blogdoprosperi.com\/?attachment_id=56201\" border=\"0\" itemprop=\"url\"> <meta itemprop=\"width\" content=\"436\"> <meta itemprop=\"height\" content=\"280\"> <img decoding=\"async\" class=\"\" data-attachment-id=\"56201\" data-orig-file=\"https:\/\/blogdoprosperi.com\/wp-content\/uploads\/2026\/02\/todos_os_homens.webp\" data-orig-size=\"600,386\" data-comments-opened=\"1\" data-image-meta=\"{&quot;aperture&quot;:&quot;0&quot;,&quot;credit&quot;:&quot;&quot;,&quot;camera&quot;:&quot;&quot;,&quot;caption&quot;:&quot;&quot;,&quot;created_timestamp&quot;:&quot;0&quot;,&quot;copyright&quot;:&quot;&quot;,&quot;focal_length&quot;:&quot;0&quot;,&quot;iso&quot;:&quot;0&quot;,&quot;shutter_speed&quot;:&quot;0&quot;,&quot;title&quot;:&quot;&quot;,&quot;orientation&quot;:&quot;0&quot;}\" data-image-title=\"Caso Watergate derruba Nixon\" data-image-description=\"\" data-medium-file=\"https:\/\/i0.wp.com\/blogdoprosperi.com\/wp-content\/uploads\/2026\/02\/todos_os_homens.webp?fit=588%2C378&#038;ssl=1\" data-large-file=\"https:\/\/i0.wp.com\/blogdoprosperi.com\/wp-content\/uploads\/2026\/02\/todos_os_homens.webp?fit=600%2C386&#038;ssl=1\" src=\"https:\/\/i0.wp.com\/blogdoprosperi.com\/wp-content\/uploads\/2026\/02\/todos_os_homens.webp?w=436&#038;h=280&#038;ssl=1\" width=\"436\" height=\"280\" loading=\"lazy\" data-original-width=\"436\" data-original-height=\"280\" itemprop=\"http:\/\/schema.org\/image\" title=\"Caso Watergate derruba Nixon\" alt=\"Dustin Hoffman e Robert Redfort no filme Todos Homens do Presidente\" style=\"width: 436px; height: 280px;\" \/> <\/a> <div class=\"tiled-gallery-caption\" itemprop=\"caption description\"> foto: reprodu\u00e7\u00e3o filme Todos os Homens do Presidente <\/div> <\/div> <\/div> <!-- close group --> <div class=\"gallery-group images-1\" style=\"width: 500px; height: 284px;\" data-original-width=\"500\" data-original-height=\"284\" > <div class=\"tiled-gallery-item tiled-gallery-item-large\" itemprop=\"associatedMedia\" itemscope itemtype=\"http:\/\/schema.org\/ImageObject\"> <a href=\"https:\/\/blogdoprosperi.com\/?attachment_id=56202\" border=\"0\" itemprop=\"url\"> <meta itemprop=\"width\" content=\"496\"> <meta itemprop=\"height\" content=\"280\"> <img decoding=\"async\" class=\"\" data-attachment-id=\"56202\" data-orig-file=\"https:\/\/blogdoprosperi.com\/wp-content\/uploads\/2026\/02\/imagem-p.4-2.jpg\" data-orig-size=\"620,350\" data-comments-opened=\"1\" data-image-meta=\"{&quot;aperture&quot;:&quot;0&quot;,&quot;credit&quot;:&quot;\\u00a9 Bettmann\\\/CORBIS&quot;,&quot;camera&quot;:&quot;&quot;,&quot;caption&quot;:&quot;29 Apr 1973, Washington, DC, USA --- Original caption: Bob Woodward (left) and Carl Bernstein, Washington Post staff writers who have been investigating the Watergate case, at their desk in the Post. --- Image by \\u00a9 Bettmann\\\/CORBIS&quot;,&quot;created_timestamp&quot;:&quot;104889600&quot;,&quot;copyright&quot;:&quot;\\u00a9 Corbis. All Rights Reserved.&quot;,&quot;focal_length&quot;:&quot;0&quot;,&quot;iso&quot;:&quot;0&quot;,&quot;shutter_speed&quot;:&quot;0&quot;,&quot;title&quot;:&quot;Woodward and Bernstein Research Watergate&quot;,&quot;orientation&quot;:&quot;1&quot;}\" data-image-title=\"Woodward e Bernstein no Caso Watergate\" data-image-description=\"\" data-medium-file=\"https:\/\/i0.wp.com\/blogdoprosperi.com\/wp-content\/uploads\/2026\/02\/imagem-p.4-2.jpg?fit=620%2C350&#038;ssl=1\" data-large-file=\"https:\/\/i0.wp.com\/blogdoprosperi.com\/wp-content\/uploads\/2026\/02\/imagem-p.4-2.jpg?fit=620%2C350&#038;ssl=1\" src=\"https:\/\/i0.wp.com\/blogdoprosperi.com\/wp-content\/uploads\/2026\/02\/imagem-p.4-2.jpg?w=496&#038;h=280&#038;ssl=1\" width=\"496\" height=\"280\" loading=\"lazy\" data-original-width=\"496\" data-original-height=\"280\" itemprop=\"http:\/\/schema.org\/image\" title=\"Woodward e Bernstein no Caso Watergate\" alt=\"Bob Woodward e Carl Bernstein, rep\u00f3rteres do Washington Post no Caso Watergate\" style=\"width: 496px; height: 280px;\" \/> <\/a> <div class=\"tiled-gallery-caption\" itemprop=\"caption description\"> Bob Woodward e Carl Bernstein ns reda\u00e7\u00e3o do Post \u2013 foto: Bettmann\/CORBIS <\/div> <\/div> <\/div> <!-- close group --> <\/div> <!-- close row --> <\/div>\n","protected":false},"excerpt":{"rendered":"<p>Luiz Ant\u00f4nio Pr\u00f3speri \u2013 10 fevereiro 2026 (19h40) \u2013 O The Washington Post, um dos pilares da imprensa [&hellip;]<\/p>\n","protected":false},"author":102107496,"featured_media":56197,"comment_status":"open","ping_status":"open","sticky":false,"template":"","format":"standard","meta":{"_coblocks_attr":"","_coblocks_dimensions":"","_coblocks_responsive_height":"","_coblocks_accordion_ie_support":"","_jetpack_newsletter_access":"","_jetpack_dont_email_post_to_subs":false,"_jetpack_newsletter_tier_id":0,"_jetpack_memberships_contains_paywalled_content":false,"_wpcom_ai_launchpad_first_post":false,"_jetpack_feature_clip_id":0,"_jetpack_memberships_contains_paid_content":false,"footnotes":"","jetpack_publicize_message":"","jetpack_publicize_feature_enabled":true,"jetpack_social_post_already_shared":false,"jetpack_social_options":{"image_generator_settings":{"template":"highway","default_image_id":0,"font":"","enabled":false},"version":2},"jetpack_post_was_ever_published":false},"categories":[53870],"tags":[569949222,787379542,15119,787379541],"class_list":["post-56193","post","type-post","status-publish","format-standard","has-post-thumbnail","hentry","category-futebol","tag-copa2026","tag-davidremick","tag-esportes","tag-thwashingtonpost"],"yoast_head":"<!-- This site is optimized with the Yoast SEO plugin v28.3 - https:\/\/yoast.com\/product\/yoast-seo-wordpress\/ -->\n<title>Jornalismo Esportivo e a Crise do The Washington Post - PR\u00d3SPERI NEWS<\/title>\n<meta name=\"robots\" content=\"index, follow, max-snippet:-1, max-image-preview:large, max-video-preview:-1\" \/>\n<link rel=\"canonical\" href=\"https:\/\/blogdoprosperi.com\/?p=56193\" \/>\n<meta property=\"og:locale\" content=\"pt_BR\" \/>\n<meta property=\"og:type\" content=\"article\" \/>\n<meta property=\"og:title\" content=\"Jornalismo Esportivo e a Crise do The Washington Post - PR\u00d3SPERI NEWS\" \/>\n<meta property=\"og:description\" content=\"Luiz Ant\u00f4nio Pr\u00f3speri \u2013 10 fevereiro 2026 (19h40) \u2013 O The Washington Post, um dos pilares da imprensa [&hellip;]\" \/>\n<meta property=\"og:url\" content=\"https:\/\/blogdoprosperi.com\/?p=56193\" \/>\n<meta property=\"og:site_name\" content=\"PR\u00d3SPERI NEWS\" \/>\n<meta property=\"article:publisher\" content=\"Luiz Pr\u00f3speri\" \/>\n<meta property=\"article:author\" content=\"Luiz Pr\u00f3speri\" \/>\n<meta property=\"article:published_time\" content=\"2026-02-10T23:04:25+00:00\" \/>\n<meta property=\"article:modified_time\" content=\"2026-02-11T13:48:15+00:00\" \/>\n<meta property=\"og:image\" content=\"https:\/\/i0.wp.com\/blogdoprosperi.com\/wp-content\/uploads\/2026\/02\/wpost.jpg?fit=600%2C375&ssl=1\" \/>\n\t<meta property=\"og:image:width\" content=\"600\" \/>\n\t<meta property=\"og:image:height\" content=\"375\" \/>\n\t<meta property=\"og:image:type\" content=\"image\/jpeg\" \/>\n<meta name=\"author\" content=\"Luiz Ant\u00f4nio Pr\u00f3speri\" \/>\n<meta name=\"twitter:card\" content=\"summary_large_image\" \/>\n<meta name=\"twitter:creator\" content=\"@Luizprosperi\" \/>\n<meta name=\"twitter:site\" content=\"@Luizprosperi\" \/>\n<meta name=\"twitter:label1\" content=\"Escrito por\" \/>\n\t<meta name=\"twitter:data1\" content=\"Luiz Ant\u00f4nio Pr\u00f3speri\" \/>\n\t<meta name=\"twitter:label2\" content=\"Est. tempo de leitura\" \/>\n\t<meta name=\"twitter:data2\" content=\"9 minutos\" \/>\n<script type=\"application\/ld+json\" class=\"yoast-schema-graph\">{\"@context\":\"https:\\\/\\\/schema.org\",\"@graph\":[{\"@type\":\"Article\",\"@id\":\"https:\\\/\\\/blogdoprosperi.com\\\/?p=56193#article\",\"isPartOf\":{\"@id\":\"https:\\\/\\\/blogdoprosperi.com\\\/?p=56193\"},\"author\":{\"name\":\"Luiz Ant\u00f4nio Pr\u00f3speri\",\"@id\":\"https:\\\/\\\/blogdoprosperi.com\\\/#\\\/schema\\\/person\\\/38100755ce3601861ee4fab9b5aa78e9\"},\"headline\":\"Jornalismo Esportivo e a Crise do The Washington Post\",\"datePublished\":\"2026-02-10T23:04:25+00:00\",\"dateModified\":\"2026-02-11T13:48:15+00:00\",\"mainEntityOfPage\":{\"@id\":\"https:\\\/\\\/blogdoprosperi.com\\\/?p=56193\"},\"wordCount\":1874,\"commentCount\":0,\"publisher\":{\"@id\":\"https:\\\/\\\/blogdoprosperi.com\\\/#\\\/schema\\\/person\\\/38100755ce3601861ee4fab9b5aa78e9\"},\"image\":{\"@id\":\"https:\\\/\\\/blogdoprosperi.com\\\/?p=56193#primaryimage\"},\"thumbnailUrl\":\"https:\\\/\\\/i0.wp.com\\\/blogdoprosperi.com\\\/wp-content\\\/uploads\\\/2026\\\/02\\\/wpost.jpg?fit=600%2C375&ssl=1\",\"keywords\":[\"Copa2026\",\"davidremick\",\"esportes\",\"thwashingtonpost\"],\"articleSection\":[\"futebol\"],\"inLanguage\":\"pt-BR\",\"potentialAction\":[{\"@type\":\"CommentAction\",\"name\":\"Comment\",\"target\":[\"https:\\\/\\\/blogdoprosperi.com\\\/?p=56193#respond\"]}]},{\"@type\":\"WebPage\",\"@id\":\"https:\\\/\\\/blogdoprosperi.com\\\/?p=56193\",\"url\":\"https:\\\/\\\/blogdoprosperi.com\\\/?p=56193\",\"name\":\"Jornalismo Esportivo e a Crise do The Washington Post - PR\u00d3SPERI NEWS\",\"isPartOf\":{\"@id\":\"https:\\\/\\\/blogdoprosperi.com\\\/#website\"},\"primaryImageOfPage\":{\"@id\":\"https:\\\/\\\/blogdoprosperi.com\\\/?p=56193#primaryimage\"},\"image\":{\"@id\":\"https:\\\/\\\/blogdoprosperi.com\\\/?p=56193#primaryimage\"},\"thumbnailUrl\":\"https:\\\/\\\/i0.wp.com\\\/blogdoprosperi.com\\\/wp-content\\\/uploads\\\/2026\\\/02\\\/wpost.jpg?fit=600%2C375&ssl=1\",\"datePublished\":\"2026-02-10T23:04:25+00:00\",\"dateModified\":\"2026-02-11T13:48:15+00:00\",\"breadcrumb\":{\"@id\":\"https:\\\/\\\/blogdoprosperi.com\\\/?p=56193#breadcrumb\"},\"inLanguage\":\"pt-BR\",\"potentialAction\":[{\"@type\":\"ReadAction\",\"target\":[\"https:\\\/\\\/blogdoprosperi.com\\\/?p=56193\"]}]},{\"@type\":\"ImageObject\",\"inLanguage\":\"pt-BR\",\"@id\":\"https:\\\/\\\/blogdoprosperi.com\\\/?p=56193#primaryimage\",\"url\":\"https:\\\/\\\/i0.wp.com\\\/blogdoprosperi.com\\\/wp-content\\\/uploads\\\/2026\\\/02\\\/wpost.jpg?fit=600%2C375&ssl=1\",\"contentUrl\":\"https:\\\/\\\/i0.wp.com\\\/blogdoprosperi.com\\\/wp-content\\\/uploads\\\/2026\\\/02\\\/wpost.jpg?fit=600%2C375&ssl=1\",\"width\":600,\"height\":375,\"caption\":\"foto: reprodu\u00e7\u00e3o Media Post\"},{\"@type\":\"BreadcrumbList\",\"@id\":\"https:\\\/\\\/blogdoprosperi.com\\\/?p=56193#breadcrumb\",\"itemListElement\":[{\"@type\":\"ListItem\",\"position\":1,\"name\":\"In\u00edcio\",\"item\":\"https:\\\/\\\/blogdoprosperi.com\\\/\"},{\"@type\":\"ListItem\",\"position\":2,\"name\":\"Jornalismo Esportivo e a Crise do The Washington Post\"}]},{\"@type\":\"WebSite\",\"@id\":\"https:\\\/\\\/blogdoprosperi.com\\\/#website\",\"url\":\"https:\\\/\\\/blogdoprosperi.com\\\/\",\"name\":\"PR\u00d3SPERI NEWS\",\"description\":\"TUDO \u00c9  FUTEBOL\",\"publisher\":{\"@id\":\"https:\\\/\\\/blogdoprosperi.com\\\/#\\\/schema\\\/person\\\/38100755ce3601861ee4fab9b5aa78e9\"},\"alternateName\":\"blogdoprosperi.com\",\"potentialAction\":[{\"@type\":\"SearchAction\",\"target\":{\"@type\":\"EntryPoint\",\"urlTemplate\":\"https:\\\/\\\/blogdoprosperi.com\\\/?s={search_term_string}\"},\"query-input\":{\"@type\":\"PropertyValueSpecification\",\"valueRequired\":true,\"valueName\":\"search_term_string\"}}],\"inLanguage\":\"pt-BR\"},{\"@type\":[\"Person\",\"Organization\"],\"@id\":\"https:\\\/\\\/blogdoprosperi.com\\\/#\\\/schema\\\/person\\\/38100755ce3601861ee4fab9b5aa78e9\",\"name\":\"Luiz Ant\u00f4nio Pr\u00f3speri\",\"pronouns\":\"ele\",\"image\":{\"@type\":\"ImageObject\",\"inLanguage\":\"pt-BR\",\"@id\":\"https:\\\/\\\/i0.wp.com\\\/blogdoprosperi.com\\\/wp-content\\\/uploads\\\/2026\\\/05\\\/cropped-8059e613-6002-42fa-961e-8e275f575d71-2-5.jpg?fit=1360%2C931&ssl=1\",\"url\":\"https:\\\/\\\/i0.wp.com\\\/blogdoprosperi.com\\\/wp-content\\\/uploads\\\/2026\\\/05\\\/cropped-8059e613-6002-42fa-961e-8e275f575d71-2-5.jpg?fit=1360%2C931&ssl=1\",\"contentUrl\":\"https:\\\/\\\/i0.wp.com\\\/blogdoprosperi.com\\\/wp-content\\\/uploads\\\/2026\\\/05\\\/cropped-8059e613-6002-42fa-961e-8e275f575d71-2-5.jpg?fit=1360%2C931&ssl=1\",\"width\":1360,\"height\":931,\"caption\":\"Luiz Ant\u00f4nio Pr\u00f3speri\"},\"logo\":{\"@id\":\"https:\\\/\\\/i0.wp.com\\\/blogdoprosperi.com\\\/wp-content\\\/uploads\\\/2026\\\/05\\\/cropped-8059e613-6002-42fa-961e-8e275f575d71-2-5.jpg?fit=1360%2C931&ssl=1\"},\"description\":\"Jornalista com carreira dedicada ao esporte. Cobriu 9 Copas do Mundo in loco, 1990 na It\u00e1lia, 1994 nos EUA, 1998 na Fran\u00e7a, 2002 na Coreia do Sul e Jap\u00e3o, 2006 na Alemanha, 2010 na \u00c1frica do Sul, 2014 no Brasil, 2018 na R\u00fassia e 2022 no Qatar. Eurocopas, 1992 na Su\u00e9cia e 1996 na Inglaterra. Copa das Confedera\u00e7\u00f5es de 2005 na Alemanha e 2009 na \u00c1frica do Sul. Rep\u00f3rter e Editor, trabalhou no Jornal da Tarde e Estad\u00e3o, de 1984 a fevereiro de 2016. Colunista, blogueiro. E comentarista de futebol na R\u00e1dio Estad\u00e3o, de 2013 a fevereiro de 2016. Jornalista respons\u00e1vel do \\\"Pr\u00f3speri News\\\" (blogdoprosperi.com).\",\"sameAs\":[\"http:\\\/\\\/blogdoprosperi.com\",\"Luiz Pr\u00f3speri\",\"@luiz_prosperi\",\"https:\\\/\\\/x.com\\\/Luizprosperi\",\"@prosperinacopa\",\"luiz.prosperi@icloud.com\"],\"url\":\"https:\\\/\\\/blogdoprosperi.com\\\/?author=102107496\"}]}<\/script>\n<!-- \/ Yoast SEO plugin. -->","yoast_head_json":{"title":"Jornalismo Esportivo e a Crise do The Washington Post - PR\u00d3SPERI NEWS","robots":{"index":"index","follow":"follow","max-snippet":"max-snippet:-1","max-image-preview":"max-image-preview:large","max-video-preview":"max-video-preview:-1"},"canonical":"https:\/\/blogdoprosperi.com\/?p=56193","og_locale":"pt_BR","og_type":"article","og_title":"Jornalismo Esportivo e a Crise do The Washington Post - PR\u00d3SPERI NEWS","og_description":"Luiz Ant\u00f4nio Pr\u00f3speri \u2013 10 fevereiro 2026 (19h40) \u2013 O The Washington Post, um dos pilares da imprensa [&hellip;]","og_url":"https:\/\/blogdoprosperi.com\/?p=56193","og_site_name":"PR\u00d3SPERI NEWS","article_publisher":"Luiz Pr\u00f3speri","article_author":"Luiz Pr\u00f3speri","article_published_time":"2026-02-10T23:04:25+00:00","article_modified_time":"2026-02-11T13:48:15+00:00","og_image":[{"width":600,"height":375,"url":"https:\/\/i0.wp.com\/blogdoprosperi.com\/wp-content\/uploads\/2026\/02\/wpost.jpg?fit=600%2C375&ssl=1","type":"image\/jpeg"}],"author":"Luiz Ant\u00f4nio Pr\u00f3speri","twitter_card":"summary_large_image","twitter_creator":"@Luizprosperi","twitter_site":"@Luizprosperi","twitter_misc":{"Escrito por":"Luiz Ant\u00f4nio Pr\u00f3speri","Est. tempo de leitura":"9 minutos"},"schema":{"@context":"https:\/\/schema.org","@graph":[{"@type":"Article","@id":"https:\/\/blogdoprosperi.com\/?p=56193#article","isPartOf":{"@id":"https:\/\/blogdoprosperi.com\/?p=56193"},"author":{"name":"Luiz Ant\u00f4nio Pr\u00f3speri","@id":"https:\/\/blogdoprosperi.com\/#\/schema\/person\/38100755ce3601861ee4fab9b5aa78e9"},"headline":"Jornalismo Esportivo e a Crise do The Washington Post","datePublished":"2026-02-10T23:04:25+00:00","dateModified":"2026-02-11T13:48:15+00:00","mainEntityOfPage":{"@id":"https:\/\/blogdoprosperi.com\/?p=56193"},"wordCount":1874,"commentCount":0,"publisher":{"@id":"https:\/\/blogdoprosperi.com\/#\/schema\/person\/38100755ce3601861ee4fab9b5aa78e9"},"image":{"@id":"https:\/\/blogdoprosperi.com\/?p=56193#primaryimage"},"thumbnailUrl":"https:\/\/i0.wp.com\/blogdoprosperi.com\/wp-content\/uploads\/2026\/02\/wpost.jpg?fit=600%2C375&ssl=1","keywords":["Copa2026","davidremick","esportes","thwashingtonpost"],"articleSection":["futebol"],"inLanguage":"pt-BR","potentialAction":[{"@type":"CommentAction","name":"Comment","target":["https:\/\/blogdoprosperi.com\/?p=56193#respond"]}]},{"@type":"WebPage","@id":"https:\/\/blogdoprosperi.com\/?p=56193","url":"https:\/\/blogdoprosperi.com\/?p=56193","name":"Jornalismo Esportivo e a Crise do The Washington Post - PR\u00d3SPERI NEWS","isPartOf":{"@id":"https:\/\/blogdoprosperi.com\/#website"},"primaryImageOfPage":{"@id":"https:\/\/blogdoprosperi.com\/?p=56193#primaryimage"},"image":{"@id":"https:\/\/blogdoprosperi.com\/?p=56193#primaryimage"},"thumbnailUrl":"https:\/\/i0.wp.com\/blogdoprosperi.com\/wp-content\/uploads\/2026\/02\/wpost.jpg?fit=600%2C375&ssl=1","datePublished":"2026-02-10T23:04:25+00:00","dateModified":"2026-02-11T13:48:15+00:00","breadcrumb":{"@id":"https:\/\/blogdoprosperi.com\/?p=56193#breadcrumb"},"inLanguage":"pt-BR","potentialAction":[{"@type":"ReadAction","target":["https:\/\/blogdoprosperi.com\/?p=56193"]}]},{"@type":"ImageObject","inLanguage":"pt-BR","@id":"https:\/\/blogdoprosperi.com\/?p=56193#primaryimage","url":"https:\/\/i0.wp.com\/blogdoprosperi.com\/wp-content\/uploads\/2026\/02\/wpost.jpg?fit=600%2C375&ssl=1","contentUrl":"https:\/\/i0.wp.com\/blogdoprosperi.com\/wp-content\/uploads\/2026\/02\/wpost.jpg?fit=600%2C375&ssl=1","width":600,"height":375,"caption":"foto: reprodu\u00e7\u00e3o Media Post"},{"@type":"BreadcrumbList","@id":"https:\/\/blogdoprosperi.com\/?p=56193#breadcrumb","itemListElement":[{"@type":"ListItem","position":1,"name":"In\u00edcio","item":"https:\/\/blogdoprosperi.com\/"},{"@type":"ListItem","position":2,"name":"Jornalismo Esportivo e a Crise do The Washington Post"}]},{"@type":"WebSite","@id":"https:\/\/blogdoprosperi.com\/#website","url":"https:\/\/blogdoprosperi.com\/","name":"PR\u00d3SPERI NEWS","description":"TUDO \u00c9  FUTEBOL","publisher":{"@id":"https:\/\/blogdoprosperi.com\/#\/schema\/person\/38100755ce3601861ee4fab9b5aa78e9"},"alternateName":"blogdoprosperi.com","potentialAction":[{"@type":"SearchAction","target":{"@type":"EntryPoint","urlTemplate":"https:\/\/blogdoprosperi.com\/?s={search_term_string}"},"query-input":{"@type":"PropertyValueSpecification","valueRequired":true,"valueName":"search_term_string"}}],"inLanguage":"pt-BR"},{"@type":["Person","Organization"],"@id":"https:\/\/blogdoprosperi.com\/#\/schema\/person\/38100755ce3601861ee4fab9b5aa78e9","name":"Luiz Ant\u00f4nio Pr\u00f3speri","pronouns":"ele","image":{"@type":"ImageObject","inLanguage":"pt-BR","@id":"https:\/\/i0.wp.com\/blogdoprosperi.com\/wp-content\/uploads\/2026\/05\/cropped-8059e613-6002-42fa-961e-8e275f575d71-2-5.jpg?fit=1360%2C931&ssl=1","url":"https:\/\/i0.wp.com\/blogdoprosperi.com\/wp-content\/uploads\/2026\/05\/cropped-8059e613-6002-42fa-961e-8e275f575d71-2-5.jpg?fit=1360%2C931&ssl=1","contentUrl":"https:\/\/i0.wp.com\/blogdoprosperi.com\/wp-content\/uploads\/2026\/05\/cropped-8059e613-6002-42fa-961e-8e275f575d71-2-5.jpg?fit=1360%2C931&ssl=1","width":1360,"height":931,"caption":"Luiz Ant\u00f4nio Pr\u00f3speri"},"logo":{"@id":"https:\/\/i0.wp.com\/blogdoprosperi.com\/wp-content\/uploads\/2026\/05\/cropped-8059e613-6002-42fa-961e-8e275f575d71-2-5.jpg?fit=1360%2C931&ssl=1"},"description":"Jornalista com carreira dedicada ao esporte. Cobriu 9 Copas do Mundo in loco, 1990 na It\u00e1lia, 1994 nos EUA, 1998 na Fran\u00e7a, 2002 na Coreia do Sul e Jap\u00e3o, 2006 na Alemanha, 2010 na \u00c1frica do Sul, 2014 no Brasil, 2018 na R\u00fassia e 2022 no Qatar. Eurocopas, 1992 na Su\u00e9cia e 1996 na Inglaterra. Copa das Confedera\u00e7\u00f5es de 2005 na Alemanha e 2009 na \u00c1frica do Sul. Rep\u00f3rter e Editor, trabalhou no Jornal da Tarde e Estad\u00e3o, de 1984 a fevereiro de 2016. Colunista, blogueiro. E comentarista de futebol na R\u00e1dio Estad\u00e3o, de 2013 a fevereiro de 2016. Jornalista respons\u00e1vel do \"Pr\u00f3speri News\" (blogdoprosperi.com).","sameAs":["http:\/\/blogdoprosperi.com","Luiz Pr\u00f3speri","@luiz_prosperi","https:\/\/x.com\/Luizprosperi","@prosperinacopa","luiz.prosperi@icloud.com"],"url":"https:\/\/blogdoprosperi.com\/?author=102107496"}]}},"jetpack_publicize_connections":[],"jetpack_likes_enabled":false,"jetpack_sharing_enabled":true,"jetpack_shortlink":"https:\/\/wp.me\/p7jvdk-eCl","jetpack-related-posts":[{"id":44643,"url":"https:\/\/blogdoprosperi.com\/?p=44643","url_meta":{"origin":56193,"position":0},"title":"Jornalistas esportivos: por favor, deixem os gigantes em paz","author":"Luiz Ant\u00f4nio Pr\u00f3speri","date":"13 de agosto de 2024","format":false,"excerpt":"Luiz Ant\u00f4nio Pr\u00f3speri, 13 agosto (00h23) Vivemos no pa\u00eds dos gigantes. A cada conquista ou derrota, um feito extraordin\u00e1rio no campo, na quadra, no mar, seja onde for, numa disputa esportiva, a gente tromba com um gigante. Se chora a dor do jogo perdido, l\u00e1 est\u00e1 um gigante a consolar.\u2026","rel":"","context":"Em &quot;futebol&quot;","block_context":{"text":"futebol","link":"https:\/\/blogdoprosperi.com\/?cat=53870"},"img":{"alt_text":"Bom Gigante Amigo, de Spielberg","src":"https:\/\/i0.wp.com\/blogdoprosperi.com\/wp-content\/uploads\/2024\/08\/1366_2000.jpg?fit=994%2C608&ssl=1&resize=350%2C200","width":350,"height":200,"srcset":"https:\/\/i0.wp.com\/blogdoprosperi.com\/wp-content\/uploads\/2024\/08\/1366_2000.jpg?fit=994%2C608&ssl=1&resize=350%2C200 1x, https:\/\/i0.wp.com\/blogdoprosperi.com\/wp-content\/uploads\/2024\/08\/1366_2000.jpg?fit=994%2C608&ssl=1&resize=525%2C300 1.5x, https:\/\/i0.wp.com\/blogdoprosperi.com\/wp-content\/uploads\/2024\/08\/1366_2000.jpg?fit=994%2C608&ssl=1&resize=700%2C400 2x"},"classes":[]},{"id":44306,"url":"https:\/\/blogdoprosperi.com\/?p=44306","url_meta":{"origin":56193,"position":1},"title":"Enzo Fernandez, Textor e Cac\u00e1: Pedidos de Desculpas e o Mundo \u00e0 Parte do Futebol","author":"Luiz Ant\u00f4nio Pr\u00f3speri","date":"18 de julho de 2024","format":false,"excerpt":"Luiz Ant\u00f4nio Pr\u00f3speri \u2013 18 julho 2024 (12h30) Futebol faz de tudo para se dissociar de um mundo normal. Como se fosse de outro planeta onde a lei civilizat\u00f3ria se resume a pedidos de desculpas por trangress\u00f5es ou falta de car\u00e1ter. Acompanhe tr\u00eas casos que aconteceram ao longo dessa semana\u2026","rel":"","context":"Em &quot;futebol&quot;","block_context":{"text":"futebol","link":"https:\/\/blogdoprosperi.com\/?cat=53870"},"img":{"alt_text":"","src":"https:\/\/i0.wp.com\/blogdoprosperi.com\/wp-content\/uploads\/2024\/07\/dqt7yvdf3vqxwcf7xqsc.webp?fit=1200%2C675&ssl=1&resize=350%2C200","width":350,"height":200,"srcset":"https:\/\/i0.wp.com\/blogdoprosperi.com\/wp-content\/uploads\/2024\/07\/dqt7yvdf3vqxwcf7xqsc.webp?fit=1200%2C675&ssl=1&resize=350%2C200 1x, https:\/\/i0.wp.com\/blogdoprosperi.com\/wp-content\/uploads\/2024\/07\/dqt7yvdf3vqxwcf7xqsc.webp?fit=1200%2C675&ssl=1&resize=525%2C300 1.5x, https:\/\/i0.wp.com\/blogdoprosperi.com\/wp-content\/uploads\/2024\/07\/dqt7yvdf3vqxwcf7xqsc.webp?fit=1200%2C675&ssl=1&resize=700%2C400 2x, https:\/\/i0.wp.com\/blogdoprosperi.com\/wp-content\/uploads\/2024\/07\/dqt7yvdf3vqxwcf7xqsc.webp?fit=1200%2C675&ssl=1&resize=1050%2C600 3x"},"classes":[]},{"id":39482,"url":"https:\/\/blogdoprosperi.com\/?p=39482","url_meta":{"origin":56193,"position":2},"title":"Tite deixa Sele\u00e7\u00e3o Brasileira e imprensa esportiva perde poder na sucess\u00e3o do imp\u00e9rio","author":"Luiz Ant\u00f4nio Pr\u00f3speri","date":"13 de setembro de 2022","format":false,"excerpt":"Sucess\u00e3o de Tite na Sele\u00e7\u00e3o est\u00e1 aberta. Imprensa esportiva, antes muito forte, perde poder na indica\u00e7\u00e3o do novo t\u00e9cnico","rel":"","context":"Em &quot;catar 2022&quot;","block_context":{"text":"catar 2022","link":"https:\/\/blogdoprosperi.com\/?cat=47094043"},"img":{"alt_text":"Ingresso dos jogos da Sele\u00e7\u00e3o custa caro","src":"https:\/\/i0.wp.com\/blogdoprosperi.com\/wp-content\/uploads\/2017\/09\/20170901004003_59a8d6934647d.jpg?fit=1200%2C799&ssl=1&resize=350%2C200","width":350,"height":200,"srcset":"https:\/\/i0.wp.com\/blogdoprosperi.com\/wp-content\/uploads\/2017\/09\/20170901004003_59a8d6934647d.jpg?fit=1200%2C799&ssl=1&resize=350%2C200 1x, https:\/\/i0.wp.com\/blogdoprosperi.com\/wp-content\/uploads\/2017\/09\/20170901004003_59a8d6934647d.jpg?fit=1200%2C799&ssl=1&resize=525%2C300 1.5x, https:\/\/i0.wp.com\/blogdoprosperi.com\/wp-content\/uploads\/2017\/09\/20170901004003_59a8d6934647d.jpg?fit=1200%2C799&ssl=1&resize=700%2C400 2x, https:\/\/i0.wp.com\/blogdoprosperi.com\/wp-content\/uploads\/2017\/09\/20170901004003_59a8d6934647d.jpg?fit=1200%2C799&ssl=1&resize=1050%2C600 3x"},"classes":[]},{"id":33365,"url":"https:\/\/blogdoprosperi.com\/?p=33365","url_meta":{"origin":56193,"position":3},"title":"Futebol e jornalismo esportivo em transe com a trag\u00e9dia da Chapecoense","author":"Luiz Ant\u00f4nio Pr\u00f3speri","date":"29 de novembro de 2016","format":false,"excerpt":"\u00a0 Dif\u00edcil um jornalista dedicado h\u00e1 mais de 30 anos ao futebol narrar a trag\u00e9dia dessa propor\u00e7\u00e3o que dizimou o time da Chapecoense e levou junto companheiros de imprensa. N\u00e3o cabe neste momento apontar as causas do acidente com o avi\u00e3o, a 30 quil\u00f4metros de Medell\u00edn, enquanto n\u00e3o se tem\u2026","rel":"","context":"Em &quot;futebol&quot;","block_context":{"text":"futebol","link":"https:\/\/blogdoprosperi.com\/?cat=53870"},"img":{"alt_text":"","src":"https:\/\/i0.wp.com\/blogdoprosperi.com\/wp-content\/uploads\/2016\/11\/chapecoense_escudo991.png?resize=350%2C200&ssl=1","width":350,"height":200,"srcset":"https:\/\/i0.wp.com\/blogdoprosperi.com\/wp-content\/uploads\/2016\/11\/chapecoense_escudo991.png?resize=350%2C200&ssl=1 1x, https:\/\/i0.wp.com\/blogdoprosperi.com\/wp-content\/uploads\/2016\/11\/chapecoense_escudo991.png?resize=525%2C300&ssl=1 1.5x"},"classes":[]},{"id":22216,"url":"https:\/\/blogdoprosperi.com\/?p=22216","url_meta":{"origin":56193,"position":4},"title":"Uma Olimp\u00edada nunca acaba","author":"Luiz Ant\u00f4nio Pr\u00f3speri","date":"22 de agosto de 2016","format":false,"excerpt":"Passei as \u00faltimas sete Olimp\u00edadas dentro da reda\u00e7\u00e3o de um jornal. Da primeira, em 1988 no Jornal da Tarde, at\u00e9 2012 no Estad\u00e3o. Compartilhei o trabalho de reportagens, edi\u00e7\u00e3o e organiza\u00e7\u00e3o de grandes coberturas desses Jogos ao lado de companheiros valorosos, jornalistas de primeira grandeza. N\u00e3o raro me emocionei com\u2026","rel":"","context":"Em &quot;futebol&quot;","block_context":{"text":"futebol","link":"https:\/\/blogdoprosperi.com\/?cat=53870"},"img":{"alt_text":"","src":"https:\/\/i0.wp.com\/blogdoprosperi.com\/wp-content\/uploads\/2016\/08\/pro3-16.jpg?resize=350%2C200&ssl=1","width":350,"height":200,"srcset":"https:\/\/i0.wp.com\/blogdoprosperi.com\/wp-content\/uploads\/2016\/08\/pro3-16.jpg?resize=350%2C200&ssl=1 1x, https:\/\/i0.wp.com\/blogdoprosperi.com\/wp-content\/uploads\/2016\/08\/pro3-16.jpg?resize=525%2C300&ssl=1 1.5x, https:\/\/i0.wp.com\/blogdoprosperi.com\/wp-content\/uploads\/2016\/08\/pro3-16.jpg?resize=700%2C400&ssl=1 2x, https:\/\/i0.wp.com\/blogdoprosperi.com\/wp-content\/uploads\/2016\/08\/pro3-16.jpg?resize=1050%2C600&ssl=1 3x, https:\/\/i0.wp.com\/blogdoprosperi.com\/wp-content\/uploads\/2016\/08\/pro3-16.jpg?resize=1400%2C800&ssl=1 4x"},"classes":[]},{"id":54458,"url":"https:\/\/blogdoprosperi.com\/?p=54458","url_meta":{"origin":56193,"position":5},"title":"Premier League | TV: Temporada Estabelecer\u00e1 Recorde de Espectadores e Receitas na Inglaterra","author":"Luiz Ant\u00f4nio Pr\u00f3speri","date":"12 de agosto de 2025","format":false,"excerpt":"Impulso oportuno para a Sky e a TNT Sports, cujos contratos de \u00a3 6,7 bilh\u00f5es \u00a0(R$ 49 bilh\u00f5es) mostram a import\u00e2ncia do esporte em um mercado de m\u00eddia dif\u00edcil Mark Sweney, The Guardian \u2013 12 agosto 2025 (11h35) Esta temporada de futebol ser\u00e1 a mais assistida e lucrativa da hist\u00f3ria\u2026","rel":"","context":"Em &quot;futebol&quot;","block_context":{"text":"futebol","link":"https:\/\/blogdoprosperi.com\/?cat=53870"},"img":{"alt_text":"","src":"https:\/\/i0.wp.com\/blogdoprosperi.com\/wp-content\/uploads\/2025\/08\/imagem_2024-07-23_121710848-1.webp?fit=1200%2C668&ssl=1&resize=350%2C200","width":350,"height":200,"srcset":"https:\/\/i0.wp.com\/blogdoprosperi.com\/wp-content\/uploads\/2025\/08\/imagem_2024-07-23_121710848-1.webp?fit=1200%2C668&ssl=1&resize=350%2C200 1x, https:\/\/i0.wp.com\/blogdoprosperi.com\/wp-content\/uploads\/2025\/08\/imagem_2024-07-23_121710848-1.webp?fit=1200%2C668&ssl=1&resize=525%2C300 1.5x, https:\/\/i0.wp.com\/blogdoprosperi.com\/wp-content\/uploads\/2025\/08\/imagem_2024-07-23_121710848-1.webp?fit=1200%2C668&ssl=1&resize=700%2C400 2x, https:\/\/i0.wp.com\/blogdoprosperi.com\/wp-content\/uploads\/2025\/08\/imagem_2024-07-23_121710848-1.webp?fit=1200%2C668&ssl=1&resize=1050%2C600 3x"},"classes":[]}],"jetpack_featured_media_url":"https:\/\/i0.wp.com\/blogdoprosperi.com\/wp-content\/uploads\/2026\/02\/wpost.jpg?fit=600%2C375&ssl=1","_links":{"self":[{"href":"https:\/\/blogdoprosperi.com\/index.php?rest_route=\/wp\/v2\/posts\/56193","targetHints":{"allow":["GET"]}}],"collection":[{"href":"https:\/\/blogdoprosperi.com\/index.php?rest_route=\/wp\/v2\/posts"}],"about":[{"href":"https:\/\/blogdoprosperi.com\/index.php?rest_route=\/wp\/v2\/types\/post"}],"author":[{"embeddable":true,"href":"https:\/\/blogdoprosperi.com\/index.php?rest_route=\/wp\/v2\/users\/102107496"}],"replies":[{"embeddable":true,"href":"https:\/\/blogdoprosperi.com\/index.php?rest_route=%2Fwp%2Fv2%2Fcomments&post=56193"}],"version-history":[{"count":9,"href":"https:\/\/blogdoprosperi.com\/index.php?rest_route=\/wp\/v2\/posts\/56193\/revisions"}],"predecessor-version":[{"id":56210,"href":"https:\/\/blogdoprosperi.com\/index.php?rest_route=\/wp\/v2\/posts\/56193\/revisions\/56210"}],"wp:featuredmedia":[{"embeddable":true,"href":"https:\/\/blogdoprosperi.com\/index.php?rest_route=\/wp\/v2\/media\/56197"}],"wp:attachment":[{"href":"https:\/\/blogdoprosperi.com\/index.php?rest_route=%2Fwp%2Fv2%2Fmedia&parent=56193"}],"wp:term":[{"taxonomy":"category","embeddable":true,"href":"https:\/\/blogdoprosperi.com\/index.php?rest_route=%2Fwp%2Fv2%2Fcategories&post=56193"},{"taxonomy":"post_tag","embeddable":true,"href":"https:\/\/blogdoprosperi.com\/index.php?rest_route=%2Fwp%2Fv2%2Ftags&post=56193"}],"curies":[{"name":"wp","href":"https:\/\/api.w.org\/{rel}","templated":true}]}}