{"id":56212,"date":"2026-02-11T11:57:33","date_gmt":"2026-02-11T14:57:33","guid":{"rendered":"https:\/\/blogdoprosperi.com\/?p=56212"},"modified":"2026-02-11T17:08:14","modified_gmt":"2026-02-11T20:08:14","slug":"palmeiras-na-copa-do-mundo-2026-abel-ferreira-vai-sofrer","status":"publish","type":"post","link":"https:\/\/blogdoprosperi.com\/?p=56212","title":{"rendered":"Abel Ferreira Vai Sofrer"},"content":{"rendered":"<p>&nbsp;<\/p>\n<p><em>Luiz Ant\u00f4nio Pr\u00f3speri \u2013 11 fevereiro 2026 (11h30) \u2013<\/em><\/p>\n<p>Maur\u00edcio se naturaliza paraguaio e ganha aprova\u00e7\u00e3o da Fifa nesta quarta-feira (11\/2). Portanto, o atacante do Palmeiras est\u00e1 apto a defender o Paraguai na Copa do Mundo 2026 \u2013 de junho a julho nos Estados Unidos, M\u00e9xico e Canad\u00e1. O pai de Maur\u00edcio nasceu no pa\u00eds vizinho e por isso o jogador teve a nacionalidade reconhecida. \u00c9 mais uma dor de cabe\u00e7a para Abel Ferreira.<\/p>\n<p>T\u00e9cnico do Palmeiras, com o ato de Maur\u00edcio, passa a ter pelo menos oito jogadores selecion\u00e1veis no seu grupo. Anote a\u00ed:<\/p>\n<p><strong>Paraguai<\/strong> \u2013 Gustavo Gomes, Ram\u00f3n Sosa e Maur\u00edcio.<\/p>\n<p><strong>Uruguai \u2013<\/strong> Piquerez e Emiliano Martinez.<\/p>\n<p><strong>Argentina \u2013<\/strong> Flaco Lopez.<\/p>\n<p><strong>Col\u00f4mbia \u2013<\/strong> Jhon Arias.<\/p>\n<p><strong>Brasil \u2013<\/strong> Vitor Roque.<\/p>\n<p>Se todos os selecion\u00e1veis do Palmeiras forem convocados na pr\u00f3xima Data-Fifa \u2013 de 26 a 31 de mar\u00e7o \u2013, Abel Ferreira pode perder quase um time inteiro nas atividades do clube. Por sorte, o Brasileir\u00e3o n\u00e3o ter\u00e1 rodadas nesse per\u00edodo de amistosos de sele\u00e7\u00f5es nacionais.<\/p>\n<p>Mas, no per\u00edodo da Copa do Mundo, quando os clubes dar\u00e3o f\u00e9rias de no m\u00ednimo 15 dias aos jogadores e comiss\u00e3o t\u00e9cnica, os selecion\u00e1veis do Palmeiras n\u00e3o ter\u00e3o descanso.<\/p>\n<p>Os convocados dever\u00e3o deixar o Palmeiras em meados do m\u00eas de maio, com rodadas do Brasileir\u00e3o, para se apresentarem \u00e0s sele\u00e7\u00f5es na fase de prepara\u00e7\u00e3o \u00e0 Copa do Mundo. E Abel que se vire.<\/p>\n<p>Do lado da torcida, temos outra curiosidade que tem ati\u00e7ado os palmeirenses. Not\u00edcia dos \u00faltimos dias apontam que Carlo Ancelotti pode chamar Endrick (Lyon) e Gabriel Jesus (Arsenal) para os amistosos do Brasil contra Fran\u00e7a (dia 26\/3) e Cro\u00e1cia (31\/3).<\/p>\n<p>Os mais entusiasmados projetam um ataque da Sele\u00e7\u00e3o Brasileira nesses amistosos com Estev\u00e3o, Endrick e Gabriel Jesus, todos crias do Palmeiras.<\/p>\n<p>Do lado do clube, a presidenta Leila Pereira n\u00e3o tem do que se queixar. Seus ativos tendem a valorizar com a participa\u00e7\u00e3o na Copa do Mundo.<\/p>\n<div class=\"tiled-gallery type-rectangular tiled-gallery-unresized\" data-original-width=\"940\" data-carousel-extra='{&quot;blog_id&quot;:1,&quot;permalink&quot;:&quot;https:\\\/\\\/blogdoprosperi.com\\\/?p=56212&quot;,&quot;likes_blog_id&quot;:108082574}' itemscope itemtype=\"http:\/\/schema.org\/ImageGallery\" > <div class=\"gallery-row\" style=\"width: 940px; height: 681px;\" data-original-width=\"940\" data-original-height=\"681\" > <div class=\"gallery-group images-3\" style=\"width: 343px; height: 681px;\" data-original-width=\"343\" data-original-height=\"681\" > <div class=\"tiled-gallery-item tiled-gallery-item-large\" itemprop=\"associatedMedia\" itemscope itemtype=\"http:\/\/schema.org\/ImageObject\"> <a href=\"https:\/\/blogdoprosperi.com\/?attachment_id=56222\" border=\"0\" itemprop=\"url\"> <meta itemprop=\"width\" content=\"339\"> <meta itemprop=\"height\" content=\"211\"> <img decoding=\"async\" class=\"\" data-attachment-id=\"56222\" data-orig-file=\"https:\/\/blogdoprosperi.com\/wp-content\/uploads\/2026\/02\/063_2161544759-scaled-aspect-ratio-512-320.webp\" data-orig-size=\"950,593\" data-comments-opened=\"1\" data-image-meta=\"{&quot;aperture&quot;:&quot;0&quot;,&quot;credit&quot;:&quot;&quot;,&quot;camera&quot;:&quot;&quot;,&quot;caption&quot;:&quot;&quot;,&quot;created_timestamp&quot;:&quot;0&quot;,&quot;copyright&quot;:&quot;&quot;,&quot;focal_length&quot;:&quot;0&quot;,&quot;iso&quot;:&quot;0&quot;,&quot;shutter_speed&quot;:&quot;0&quot;,&quot;title&quot;:&quot;&quot;,&quot;orientation&quot;:&quot;0&quot;}\" data-image-title=\"063_2161544759-scaled-aspect-ratio-512-320\" data-image-description=\"\" data-medium-file=\"https:\/\/i0.wp.com\/blogdoprosperi.com\/wp-content\/uploads\/2026\/02\/063_2161544759-scaled-aspect-ratio-512-320.webp?fit=606%2C378&#038;ssl=1\" data-large-file=\"https:\/\/i0.wp.com\/blogdoprosperi.com\/wp-content\/uploads\/2026\/02\/063_2161544759-scaled-aspect-ratio-512-320.webp?fit=940%2C587&#038;ssl=1\" src=\"https:\/\/i0.wp.com\/blogdoprosperi.com\/wp-content\/uploads\/2026\/02\/063_2161544759-scaled-aspect-ratio-512-320.webp?w=339&#038;h=211&#038;ssl=1\" width=\"339\" height=\"211\" loading=\"lazy\" data-original-width=\"339\" data-original-height=\"211\" itemprop=\"http:\/\/schema.org\/image\" title=\"063_2161544759-scaled-aspect-ratio-512-320\" alt=\"Arias \u2013 foto: reprodu\u00e7\u00e3o X\" style=\"width: 339px; height: 211px;\" \/> <\/a> <div class=\"tiled-gallery-caption\" itemprop=\"caption description\"> Arias \u2013 foto: reprodu\u00e7\u00e3o X <\/div> <\/div> <div class=\"tiled-gallery-item tiled-gallery-item-large\" itemprop=\"associatedMedia\" itemscope itemtype=\"http:\/\/schema.org\/ImageObject\"> <a href=\"https:\/\/blogdoprosperi.com\/?attachment_id=56221\" border=\"0\" itemprop=\"url\"> <meta itemprop=\"width\" content=\"339\"> <meta itemprop=\"height\" content=\"263\"> <img decoding=\"async\" class=\"\" data-attachment-id=\"56221\" data-orig-file=\"https:\/\/blogdoprosperi.com\/wp-content\/uploads\/2026\/02\/captura-de-tela-2026-02-11-as-11.42.47.png\" data-orig-size=\"1230,954\" data-comments-opened=\"1\" data-image-meta=\"{&quot;aperture&quot;:&quot;0&quot;,&quot;credit&quot;:&quot;&quot;,&quot;camera&quot;:&quot;&quot;,&quot;caption&quot;:&quot;&quot;,&quot;created_timestamp&quot;:&quot;0&quot;,&quot;copyright&quot;:&quot;&quot;,&quot;focal_length&quot;:&quot;0&quot;,&quot;iso&quot;:&quot;0&quot;,&quot;shutter_speed&quot;:&quot;0&quot;,&quot;title&quot;:&quot;&quot;,&quot;orientation&quot;:&quot;0&quot;}\" data-image-title=\"Captura de Tela 2026-02-11 \u00e0s 11.42.47\" data-image-description=\"\" data-medium-file=\"https:\/\/i0.wp.com\/blogdoprosperi.com\/wp-content\/uploads\/2026\/02\/captura-de-tela-2026-02-11-as-11.42.47.png?fit=487%2C378&#038;ssl=1\" data-large-file=\"https:\/\/i0.wp.com\/blogdoprosperi.com\/wp-content\/uploads\/2026\/02\/captura-de-tela-2026-02-11-as-11.42.47.png?fit=940%2C729&#038;ssl=1\" src=\"https:\/\/i0.wp.com\/blogdoprosperi.com\/wp-content\/uploads\/2026\/02\/captura-de-tela-2026-02-11-as-11.42.47.png?w=339&#038;h=263&#038;ssl=1\" width=\"339\" height=\"263\" loading=\"lazy\" data-original-width=\"339\" data-original-height=\"263\" itemprop=\"http:\/\/schema.org\/image\" title=\"Captura de Tela 2026-02-11 \u00e0s 11.42.47\" alt=\"Gustavo Gomez e Sosa \u2013 foto: reprodu\u00e7\u00e3o Instagram\" style=\"width: 339px; height: 263px;\" \/> <\/a> <div class=\"tiled-gallery-caption\" itemprop=\"caption description\"> Gustavo Gomez e Sosa \u2013 foto: reprodu\u00e7\u00e3o Instagram <\/div> <\/div> <div class=\"tiled-gallery-item tiled-gallery-item-large\" itemprop=\"associatedMedia\" itemscope itemtype=\"http:\/\/schema.org\/ImageObject\"> <a href=\"https:\/\/blogdoprosperi.com\/?attachment_id=56220\" border=\"0\" itemprop=\"url\"> <meta itemprop=\"width\" content=\"339\"> <meta itemprop=\"height\" content=\"195\"> <img decoding=\"async\" class=\"\" data-attachment-id=\"56220\" data-orig-file=\"https:\/\/blogdoprosperi.com\/wp-content\/uploads\/2026\/02\/captura-de-tela-2026-02-11-as-11.45.00.png\" data-orig-size=\"1080,622\" data-comments-opened=\"1\" data-image-meta=\"{&quot;aperture&quot;:&quot;0&quot;,&quot;credit&quot;:&quot;&quot;,&quot;camera&quot;:&quot;&quot;,&quot;caption&quot;:&quot;&quot;,&quot;created_timestamp&quot;:&quot;0&quot;,&quot;copyright&quot;:&quot;&quot;,&quot;focal_length&quot;:&quot;0&quot;,&quot;iso&quot;:&quot;0&quot;,&quot;shutter_speed&quot;:&quot;0&quot;,&quot;title&quot;:&quot;&quot;,&quot;orientation&quot;:&quot;0&quot;}\" data-image-title=\"Captura de Tela 2026-02-11 \u00e0s 11.45.00\" data-image-description=\"\" data-medium-file=\"https:\/\/i0.wp.com\/blogdoprosperi.com\/wp-content\/uploads\/2026\/02\/captura-de-tela-2026-02-11-as-11.45.00.png?fit=650%2C374&#038;ssl=1\" data-large-file=\"https:\/\/i0.wp.com\/blogdoprosperi.com\/wp-content\/uploads\/2026\/02\/captura-de-tela-2026-02-11-as-11.45.00.png?fit=940%2C541&#038;ssl=1\" src=\"https:\/\/i0.wp.com\/blogdoprosperi.com\/wp-content\/uploads\/2026\/02\/captura-de-tela-2026-02-11-as-11.45.00.png?w=339&#038;h=195&#038;ssl=1\" width=\"339\" height=\"195\" loading=\"lazy\" data-original-width=\"339\" data-original-height=\"195\" itemprop=\"http:\/\/schema.org\/image\" title=\"Captura de Tela 2026-02-11 \u00e0s 11.45.00\" alt=\"Piquerez e Emi Martinez - foto: reprodu\u00e7\u00e3o X\" style=\"width: 339px; height: 195px;\" \/> <\/a> <div class=\"tiled-gallery-caption\" itemprop=\"caption description\"> Piquerez e Emi Martinez &#8211; foto: reprodu\u00e7\u00e3o X <\/div> <\/div> <\/div> <!-- close group --> <div class=\"gallery-group images-1\" style=\"width: 597px; height: 681px;\" data-original-width=\"597\" data-original-height=\"681\" > <div class=\"tiled-gallery-item tiled-gallery-item-large\" itemprop=\"associatedMedia\" itemscope itemtype=\"http:\/\/schema.org\/ImageObject\"> <a href=\"https:\/\/blogdoprosperi.com\/?attachment_id=56219\" border=\"0\" itemprop=\"url\"> <meta itemprop=\"width\" content=\"593\"> <meta itemprop=\"height\" content=\"677\"> <img decoding=\"async\" class=\"\" data-attachment-id=\"56219\" data-orig-file=\"https:\/\/blogdoprosperi.com\/wp-content\/uploads\/2026\/02\/captura-de-tela-2026-02-11-as-11.46.45.png\" data-orig-size=\"1044,1192\" data-comments-opened=\"1\" data-image-meta=\"{&quot;aperture&quot;:&quot;0&quot;,&quot;credit&quot;:&quot;&quot;,&quot;camera&quot;:&quot;&quot;,&quot;caption&quot;:&quot;&quot;,&quot;created_timestamp&quot;:&quot;0&quot;,&quot;copyright&quot;:&quot;&quot;,&quot;focal_length&quot;:&quot;0&quot;,&quot;iso&quot;:&quot;0&quot;,&quot;shutter_speed&quot;:&quot;0&quot;,&quot;title&quot;:&quot;&quot;,&quot;orientation&quot;:&quot;0&quot;}\" data-image-title=\"Captura de Tela 2026-02-11 \u00e0s 11.46.45\" data-image-description=\"\" data-medium-file=\"https:\/\/i0.wp.com\/blogdoprosperi.com\/wp-content\/uploads\/2026\/02\/captura-de-tela-2026-02-11-as-11.46.45.png?fit=331%2C378&#038;ssl=1\" data-large-file=\"https:\/\/i0.wp.com\/blogdoprosperi.com\/wp-content\/uploads\/2026\/02\/captura-de-tela-2026-02-11-as-11.46.45.png?fit=897%2C1024&#038;ssl=1\" src=\"https:\/\/i0.wp.com\/blogdoprosperi.com\/wp-content\/uploads\/2026\/02\/captura-de-tela-2026-02-11-as-11.46.45.png?w=593&#038;h=677&#038;ssl=1\" width=\"593\" height=\"677\" loading=\"lazy\" data-original-width=\"593\" data-original-height=\"677\" itemprop=\"http:\/\/schema.org\/image\" title=\"Captura de Tela 2026-02-11 \u00e0s 11.46.45\" alt=\"Vitor Roque \u2013 foto: reprodu\u00e7\u00e3o X\" style=\"width: 593px; height: 677px;\" \/> <\/a> <div class=\"tiled-gallery-caption\" itemprop=\"caption description\"> Vitor Roque \u2013 foto: reprodu\u00e7\u00e3o X <\/div> <\/div> <\/div> <!-- close group --> <\/div> <!-- close row --> <div class=\"gallery-row\" style=\"width: 940px; height: 1174px;\" data-original-width=\"940\" data-original-height=\"1174\" > <div class=\"gallery-group images-1\" style=\"width: 940px; height: 1174px;\" data-original-width=\"940\" data-original-height=\"1174\" > <div class=\"tiled-gallery-item tiled-gallery-item-large\" itemprop=\"associatedMedia\" itemscope itemtype=\"http:\/\/schema.org\/ImageObject\"> <a href=\"https:\/\/blogdoprosperi.com\/?attachment_id=56218\" border=\"0\" itemprop=\"url\"> <meta itemprop=\"width\" content=\"936\"> <meta itemprop=\"height\" content=\"1170\"> <img decoding=\"async\" class=\"\" data-attachment-id=\"56218\" data-orig-file=\"https:\/\/blogdoprosperi.com\/wp-content\/uploads\/2026\/02\/g5gkquawqaawwkv.jpg\" data-orig-size=\"1080,1350\" data-comments-opened=\"1\" data-image-meta=\"{&quot;aperture&quot;:&quot;0&quot;,&quot;credit&quot;:&quot;&quot;,&quot;camera&quot;:&quot;&quot;,&quot;caption&quot;:&quot;&quot;,&quot;created_timestamp&quot;:&quot;0&quot;,&quot;copyright&quot;:&quot;&quot;,&quot;focal_length&quot;:&quot;0&quot;,&quot;iso&quot;:&quot;0&quot;,&quot;shutter_speed&quot;:&quot;0&quot;,&quot;title&quot;:&quot;&quot;,&quot;orientation&quot;:&quot;0&quot;}\" data-image-title=\"G5GKQUaWQAAWWkv\" data-image-description=\"\" data-medium-file=\"https:\/\/i0.wp.com\/blogdoprosperi.com\/wp-content\/uploads\/2026\/02\/g5gkquawqaawwkv.jpg?fit=302%2C378&#038;ssl=1\" data-large-file=\"https:\/\/i0.wp.com\/blogdoprosperi.com\/wp-content\/uploads\/2026\/02\/g5gkquawqaawwkv.jpg?fit=819%2C1024&#038;ssl=1\" src=\"https:\/\/i0.wp.com\/blogdoprosperi.com\/wp-content\/uploads\/2026\/02\/g5gkquawqaawwkv.jpg?w=936&#038;h=1170&#038;ssl=1\" width=\"936\" height=\"1170\" loading=\"lazy\" data-original-width=\"936\" data-original-height=\"1170\" itemprop=\"http:\/\/schema.org\/image\" title=\"G5GKQUaWQAAWWkv\" alt=\"Flaco Lopez \u2013 foto: reprodu\u00e7\u00e3o. X\" style=\"width: 936px; height: 1170px;\" \/> <\/a> <div class=\"tiled-gallery-caption\" itemprop=\"caption description\"> Flaco Lopez \u2013 foto: reprodu\u00e7\u00e3o. X <\/div> <\/div> <\/div> <!-- close group --> <\/div> <!-- close row --> <\/div>\n","protected":false},"excerpt":{"rendered":"<p>&nbsp; Luiz Ant\u00f4nio Pr\u00f3speri \u2013 11 fevereiro 2026 (11h30) \u2013 Maur\u00edcio se naturaliza paraguaio e ganha aprova\u00e7\u00e3o da [&hellip;]<\/p>\n","protected":false},"author":102107496,"featured_media":56226,"comment_status":"open","ping_status":"open","sticky":false,"template":"","format":"standard","meta":{"_coblocks_attr":"","_coblocks_dimensions":"","_coblocks_responsive_height":"","_coblocks_accordion_ie_support":"","_jetpack_newsletter_access":"","_jetpack_dont_email_post_to_subs":false,"_jetpack_newsletter_tier_id":0,"_jetpack_memberships_contains_paywalled_content":false,"_wpcom_ai_launchpad_first_post":false,"_jetpack_feature_clip_id":0,"_jetpack_memberships_contains_paid_content":false,"footnotes":"","jetpack_publicize_message":"","jetpack_publicize_feature_enabled":true,"jetpack_social_post_already_shared":false,"jetpack_social_options":{"image_generator_settings":{"template":"highway","default_image_id":0,"font":"","enabled":false},"version":2},"jetpack_post_was_ever_published":false},"categories":[36820279,53870],"tags":[720071420,569949222,1236625,287104],"class_list":["post-56212","post","type-post","status-publish","format-standard","has-post-thumbnail","hentry","category-copa-2026","category-futebol","tag-abelferreira","tag-copa2026","tag-mauricio","tag-palmeiras"],"yoast_head":"<!-- This site is optimized with the Yoast SEO plugin v28.3 - https:\/\/yoast.com\/product\/yoast-seo-wordpress\/ -->\n<title>Abel Ferreira Vai Sofrer - PR\u00d3SPERI NEWS<\/title>\n<meta name=\"robots\" content=\"index, follow, max-snippet:-1, max-image-preview:large, max-video-preview:-1\" \/>\n<link rel=\"canonical\" href=\"https:\/\/blogdoprosperi.com\/?p=56212\" \/>\n<meta property=\"og:locale\" content=\"pt_BR\" \/>\n<meta property=\"og:type\" content=\"article\" \/>\n<meta property=\"og:title\" content=\"Abel Ferreira Vai Sofrer - PR\u00d3SPERI NEWS\" \/>\n<meta property=\"og:description\" content=\"&nbsp; Luiz Ant\u00f4nio Pr\u00f3speri \u2013 11 fevereiro 2026 (11h30) \u2013 Maur\u00edcio se naturaliza paraguaio e ganha aprova\u00e7\u00e3o da [&hellip;]\" \/>\n<meta property=\"og:url\" content=\"https:\/\/blogdoprosperi.com\/?p=56212\" \/>\n<meta property=\"og:site_name\" content=\"PR\u00d3SPERI NEWS\" \/>\n<meta property=\"article:publisher\" content=\"Luiz Pr\u00f3speri\" \/>\n<meta property=\"article:author\" content=\"Luiz Pr\u00f3speri\" \/>\n<meta property=\"article:published_time\" content=\"2026-02-11T14:57:33+00:00\" \/>\n<meta property=\"article:modified_time\" content=\"2026-02-11T20:08:14+00:00\" \/>\n<meta property=\"og:image\" content=\"https:\/\/i0.wp.com\/blogdoprosperi.com\/wp-content\/uploads\/2026\/02\/captura-de-tela-2026-02-11-as-11.58.37.png?fit=1212%2C912&ssl=1\" \/>\n\t<meta property=\"og:image:width\" content=\"1212\" \/>\n\t<meta property=\"og:image:height\" content=\"912\" \/>\n\t<meta property=\"og:image:type\" content=\"image\/png\" \/>\n<meta name=\"author\" content=\"Luiz Ant\u00f4nio Pr\u00f3speri\" \/>\n<meta name=\"twitter:card\" content=\"summary_large_image\" \/>\n<meta name=\"twitter:creator\" content=\"@Luizprosperi\" \/>\n<meta name=\"twitter:site\" content=\"@Luizprosperi\" \/>\n<meta name=\"twitter:label1\" content=\"Escrito por\" \/>\n\t<meta name=\"twitter:data1\" content=\"Luiz Ant\u00f4nio Pr\u00f3speri\" \/>\n\t<meta name=\"twitter:label2\" content=\"Est. tempo de leitura\" \/>\n\t<meta name=\"twitter:data2\" content=\"2 minutos\" \/>\n<script type=\"application\/ld+json\" class=\"yoast-schema-graph\">{\"@context\":\"https:\\\/\\\/schema.org\",\"@graph\":[{\"@type\":\"Article\",\"@id\":\"https:\\\/\\\/blogdoprosperi.com\\\/?p=56212#article\",\"isPartOf\":{\"@id\":\"https:\\\/\\\/blogdoprosperi.com\\\/?p=56212\"},\"author\":{\"name\":\"Luiz Ant\u00f4nio Pr\u00f3speri\",\"@id\":\"https:\\\/\\\/blogdoprosperi.com\\\/#\\\/schema\\\/person\\\/38100755ce3601861ee4fab9b5aa78e9\"},\"headline\":\"Abel Ferreira Vai Sofrer\",\"datePublished\":\"2026-02-11T14:57:33+00:00\",\"dateModified\":\"2026-02-11T20:08:14+00:00\",\"mainEntityOfPage\":{\"@id\":\"https:\\\/\\\/blogdoprosperi.com\\\/?p=56212\"},\"wordCount\":347,\"commentCount\":0,\"publisher\":{\"@id\":\"https:\\\/\\\/blogdoprosperi.com\\\/#\\\/schema\\\/person\\\/38100755ce3601861ee4fab9b5aa78e9\"},\"image\":{\"@id\":\"https:\\\/\\\/blogdoprosperi.com\\\/?p=56212#primaryimage\"},\"thumbnailUrl\":\"https:\\\/\\\/i0.wp.com\\\/blogdoprosperi.com\\\/wp-content\\\/uploads\\\/2026\\\/02\\\/captura-de-tela-2026-02-11-as-11.58.37.png?fit=1212%2C912&ssl=1\",\"keywords\":[\"abelferreira\",\"Copa2026\",\"maur\u00edcio\",\"Palmeiras\"],\"articleSection\":[\"copa 2026\",\"futebol\"],\"inLanguage\":\"pt-BR\",\"potentialAction\":[{\"@type\":\"CommentAction\",\"name\":\"Comment\",\"target\":[\"https:\\\/\\\/blogdoprosperi.com\\\/?p=56212#respond\"]}]},{\"@type\":\"WebPage\",\"@id\":\"https:\\\/\\\/blogdoprosperi.com\\\/?p=56212\",\"url\":\"https:\\\/\\\/blogdoprosperi.com\\\/?p=56212\",\"name\":\"Abel Ferreira Vai Sofrer - PR\u00d3SPERI NEWS\",\"isPartOf\":{\"@id\":\"https:\\\/\\\/blogdoprosperi.com\\\/#website\"},\"primaryImageOfPage\":{\"@id\":\"https:\\\/\\\/blogdoprosperi.com\\\/?p=56212#primaryimage\"},\"image\":{\"@id\":\"https:\\\/\\\/blogdoprosperi.com\\\/?p=56212#primaryimage\"},\"thumbnailUrl\":\"https:\\\/\\\/i0.wp.com\\\/blogdoprosperi.com\\\/wp-content\\\/uploads\\\/2026\\\/02\\\/captura-de-tela-2026-02-11-as-11.58.37.png?fit=1212%2C912&ssl=1\",\"datePublished\":\"2026-02-11T14:57:33+00:00\",\"dateModified\":\"2026-02-11T20:08:14+00:00\",\"breadcrumb\":{\"@id\":\"https:\\\/\\\/blogdoprosperi.com\\\/?p=56212#breadcrumb\"},\"inLanguage\":\"pt-BR\",\"potentialAction\":[{\"@type\":\"ReadAction\",\"target\":[\"https:\\\/\\\/blogdoprosperi.com\\\/?p=56212\"]}]},{\"@type\":\"ImageObject\",\"inLanguage\":\"pt-BR\",\"@id\":\"https:\\\/\\\/blogdoprosperi.com\\\/?p=56212#primaryimage\",\"url\":\"https:\\\/\\\/i0.wp.com\\\/blogdoprosperi.com\\\/wp-content\\\/uploads\\\/2026\\\/02\\\/captura-de-tela-2026-02-11-as-11.58.37.png?fit=1212%2C912&ssl=1\",\"contentUrl\":\"https:\\\/\\\/i0.wp.com\\\/blogdoprosperi.com\\\/wp-content\\\/uploads\\\/2026\\\/02\\\/captura-de-tela-2026-02-11-as-11.58.37.png?fit=1212%2C912&ssl=1\",\"width\":1212,\"height\":912,\"caption\":\"Maur\u00edcio \u2013 foto: Cesar Greco \\\/ Palmeiras oficial\"},{\"@type\":\"BreadcrumbList\",\"@id\":\"https:\\\/\\\/blogdoprosperi.com\\\/?p=56212#breadcrumb\",\"itemListElement\":[{\"@type\":\"ListItem\",\"position\":1,\"name\":\"In\u00edcio\",\"item\":\"https:\\\/\\\/blogdoprosperi.com\\\/\"},{\"@type\":\"ListItem\",\"position\":2,\"name\":\"Abel Ferreira Vai Sofrer\"}]},{\"@type\":\"WebSite\",\"@id\":\"https:\\\/\\\/blogdoprosperi.com\\\/#website\",\"url\":\"https:\\\/\\\/blogdoprosperi.com\\\/\",\"name\":\"PR\u00d3SPERI NEWS\",\"description\":\"TUDO \u00c9  FUTEBOL\",\"publisher\":{\"@id\":\"https:\\\/\\\/blogdoprosperi.com\\\/#\\\/schema\\\/person\\\/38100755ce3601861ee4fab9b5aa78e9\"},\"alternateName\":\"blogdoprosperi.com\",\"potentialAction\":[{\"@type\":\"SearchAction\",\"target\":{\"@type\":\"EntryPoint\",\"urlTemplate\":\"https:\\\/\\\/blogdoprosperi.com\\\/?s={search_term_string}\"},\"query-input\":{\"@type\":\"PropertyValueSpecification\",\"valueRequired\":true,\"valueName\":\"search_term_string\"}}],\"inLanguage\":\"pt-BR\"},{\"@type\":[\"Person\",\"Organization\"],\"@id\":\"https:\\\/\\\/blogdoprosperi.com\\\/#\\\/schema\\\/person\\\/38100755ce3601861ee4fab9b5aa78e9\",\"name\":\"Luiz Ant\u00f4nio Pr\u00f3speri\",\"pronouns\":\"ele\",\"image\":{\"@type\":\"ImageObject\",\"inLanguage\":\"pt-BR\",\"@id\":\"https:\\\/\\\/i0.wp.com\\\/blogdoprosperi.com\\\/wp-content\\\/uploads\\\/2026\\\/05\\\/cropped-8059e613-6002-42fa-961e-8e275f575d71-2-5.jpg?fit=1360%2C931&ssl=1\",\"url\":\"https:\\\/\\\/i0.wp.com\\\/blogdoprosperi.com\\\/wp-content\\\/uploads\\\/2026\\\/05\\\/cropped-8059e613-6002-42fa-961e-8e275f575d71-2-5.jpg?fit=1360%2C931&ssl=1\",\"contentUrl\":\"https:\\\/\\\/i0.wp.com\\\/blogdoprosperi.com\\\/wp-content\\\/uploads\\\/2026\\\/05\\\/cropped-8059e613-6002-42fa-961e-8e275f575d71-2-5.jpg?fit=1360%2C931&ssl=1\",\"width\":1360,\"height\":931,\"caption\":\"Luiz Ant\u00f4nio Pr\u00f3speri\"},\"logo\":{\"@id\":\"https:\\\/\\\/i0.wp.com\\\/blogdoprosperi.com\\\/wp-content\\\/uploads\\\/2026\\\/05\\\/cropped-8059e613-6002-42fa-961e-8e275f575d71-2-5.jpg?fit=1360%2C931&ssl=1\"},\"description\":\"Jornalista com carreira dedicada ao esporte. Cobriu 9 Copas do Mundo in loco, 1990 na It\u00e1lia, 1994 nos EUA, 1998 na Fran\u00e7a, 2002 na Coreia do Sul e Jap\u00e3o, 2006 na Alemanha, 2010 na \u00c1frica do Sul, 2014 no Brasil, 2018 na R\u00fassia e 2022 no Qatar. Eurocopas, 1992 na Su\u00e9cia e 1996 na Inglaterra. Copa das Confedera\u00e7\u00f5es de 2005 na Alemanha e 2009 na \u00c1frica do Sul. Rep\u00f3rter e Editor, trabalhou no Jornal da Tarde e Estad\u00e3o, de 1984 a fevereiro de 2016. Colunista, blogueiro. E comentarista de futebol na R\u00e1dio Estad\u00e3o, de 2013 a fevereiro de 2016. Jornalista respons\u00e1vel do \\\"Pr\u00f3speri News\\\" (blogdoprosperi.com).\",\"sameAs\":[\"http:\\\/\\\/blogdoprosperi.com\",\"Luiz Pr\u00f3speri\",\"@luiz_prosperi\",\"https:\\\/\\\/x.com\\\/Luizprosperi\",\"@prosperinacopa\",\"luiz.prosperi@icloud.com\"],\"url\":\"https:\\\/\\\/blogdoprosperi.com\\\/?author=102107496\"}]}<\/script>\n<!-- \/ Yoast SEO plugin. -->","yoast_head_json":{"title":"Abel Ferreira Vai Sofrer - PR\u00d3SPERI NEWS","robots":{"index":"index","follow":"follow","max-snippet":"max-snippet:-1","max-image-preview":"max-image-preview:large","max-video-preview":"max-video-preview:-1"},"canonical":"https:\/\/blogdoprosperi.com\/?p=56212","og_locale":"pt_BR","og_type":"article","og_title":"Abel Ferreira Vai Sofrer - PR\u00d3SPERI NEWS","og_description":"&nbsp; Luiz Ant\u00f4nio Pr\u00f3speri \u2013 11 fevereiro 2026 (11h30) \u2013 Maur\u00edcio se naturaliza paraguaio e ganha aprova\u00e7\u00e3o da [&hellip;]","og_url":"https:\/\/blogdoprosperi.com\/?p=56212","og_site_name":"PR\u00d3SPERI NEWS","article_publisher":"Luiz Pr\u00f3speri","article_author":"Luiz Pr\u00f3speri","article_published_time":"2026-02-11T14:57:33+00:00","article_modified_time":"2026-02-11T20:08:14+00:00","og_image":[{"width":1212,"height":912,"url":"https:\/\/i0.wp.com\/blogdoprosperi.com\/wp-content\/uploads\/2026\/02\/captura-de-tela-2026-02-11-as-11.58.37.png?fit=1212%2C912&ssl=1","type":"image\/png"}],"author":"Luiz Ant\u00f4nio Pr\u00f3speri","twitter_card":"summary_large_image","twitter_creator":"@Luizprosperi","twitter_site":"@Luizprosperi","twitter_misc":{"Escrito por":"Luiz Ant\u00f4nio Pr\u00f3speri","Est. tempo de leitura":"2 minutos"},"schema":{"@context":"https:\/\/schema.org","@graph":[{"@type":"Article","@id":"https:\/\/blogdoprosperi.com\/?p=56212#article","isPartOf":{"@id":"https:\/\/blogdoprosperi.com\/?p=56212"},"author":{"name":"Luiz Ant\u00f4nio Pr\u00f3speri","@id":"https:\/\/blogdoprosperi.com\/#\/schema\/person\/38100755ce3601861ee4fab9b5aa78e9"},"headline":"Abel Ferreira Vai Sofrer","datePublished":"2026-02-11T14:57:33+00:00","dateModified":"2026-02-11T20:08:14+00:00","mainEntityOfPage":{"@id":"https:\/\/blogdoprosperi.com\/?p=56212"},"wordCount":347,"commentCount":0,"publisher":{"@id":"https:\/\/blogdoprosperi.com\/#\/schema\/person\/38100755ce3601861ee4fab9b5aa78e9"},"image":{"@id":"https:\/\/blogdoprosperi.com\/?p=56212#primaryimage"},"thumbnailUrl":"https:\/\/i0.wp.com\/blogdoprosperi.com\/wp-content\/uploads\/2026\/02\/captura-de-tela-2026-02-11-as-11.58.37.png?fit=1212%2C912&ssl=1","keywords":["abelferreira","Copa2026","maur\u00edcio","Palmeiras"],"articleSection":["copa 2026","futebol"],"inLanguage":"pt-BR","potentialAction":[{"@type":"CommentAction","name":"Comment","target":["https:\/\/blogdoprosperi.com\/?p=56212#respond"]}]},{"@type":"WebPage","@id":"https:\/\/blogdoprosperi.com\/?p=56212","url":"https:\/\/blogdoprosperi.com\/?p=56212","name":"Abel Ferreira Vai Sofrer - PR\u00d3SPERI NEWS","isPartOf":{"@id":"https:\/\/blogdoprosperi.com\/#website"},"primaryImageOfPage":{"@id":"https:\/\/blogdoprosperi.com\/?p=56212#primaryimage"},"image":{"@id":"https:\/\/blogdoprosperi.com\/?p=56212#primaryimage"},"thumbnailUrl":"https:\/\/i0.wp.com\/blogdoprosperi.com\/wp-content\/uploads\/2026\/02\/captura-de-tela-2026-02-11-as-11.58.37.png?fit=1212%2C912&ssl=1","datePublished":"2026-02-11T14:57:33+00:00","dateModified":"2026-02-11T20:08:14+00:00","breadcrumb":{"@id":"https:\/\/blogdoprosperi.com\/?p=56212#breadcrumb"},"inLanguage":"pt-BR","potentialAction":[{"@type":"ReadAction","target":["https:\/\/blogdoprosperi.com\/?p=56212"]}]},{"@type":"ImageObject","inLanguage":"pt-BR","@id":"https:\/\/blogdoprosperi.com\/?p=56212#primaryimage","url":"https:\/\/i0.wp.com\/blogdoprosperi.com\/wp-content\/uploads\/2026\/02\/captura-de-tela-2026-02-11-as-11.58.37.png?fit=1212%2C912&ssl=1","contentUrl":"https:\/\/i0.wp.com\/blogdoprosperi.com\/wp-content\/uploads\/2026\/02\/captura-de-tela-2026-02-11-as-11.58.37.png?fit=1212%2C912&ssl=1","width":1212,"height":912,"caption":"Maur\u00edcio \u2013 foto: Cesar Greco \/ Palmeiras oficial"},{"@type":"BreadcrumbList","@id":"https:\/\/blogdoprosperi.com\/?p=56212#breadcrumb","itemListElement":[{"@type":"ListItem","position":1,"name":"In\u00edcio","item":"https:\/\/blogdoprosperi.com\/"},{"@type":"ListItem","position":2,"name":"Abel Ferreira Vai Sofrer"}]},{"@type":"WebSite","@id":"https:\/\/blogdoprosperi.com\/#website","url":"https:\/\/blogdoprosperi.com\/","name":"PR\u00d3SPERI NEWS","description":"TUDO \u00c9  FUTEBOL","publisher":{"@id":"https:\/\/blogdoprosperi.com\/#\/schema\/person\/38100755ce3601861ee4fab9b5aa78e9"},"alternateName":"blogdoprosperi.com","potentialAction":[{"@type":"SearchAction","target":{"@type":"EntryPoint","urlTemplate":"https:\/\/blogdoprosperi.com\/?s={search_term_string}"},"query-input":{"@type":"PropertyValueSpecification","valueRequired":true,"valueName":"search_term_string"}}],"inLanguage":"pt-BR"},{"@type":["Person","Organization"],"@id":"https:\/\/blogdoprosperi.com\/#\/schema\/person\/38100755ce3601861ee4fab9b5aa78e9","name":"Luiz Ant\u00f4nio Pr\u00f3speri","pronouns":"ele","image":{"@type":"ImageObject","inLanguage":"pt-BR","@id":"https:\/\/i0.wp.com\/blogdoprosperi.com\/wp-content\/uploads\/2026\/05\/cropped-8059e613-6002-42fa-961e-8e275f575d71-2-5.jpg?fit=1360%2C931&ssl=1","url":"https:\/\/i0.wp.com\/blogdoprosperi.com\/wp-content\/uploads\/2026\/05\/cropped-8059e613-6002-42fa-961e-8e275f575d71-2-5.jpg?fit=1360%2C931&ssl=1","contentUrl":"https:\/\/i0.wp.com\/blogdoprosperi.com\/wp-content\/uploads\/2026\/05\/cropped-8059e613-6002-42fa-961e-8e275f575d71-2-5.jpg?fit=1360%2C931&ssl=1","width":1360,"height":931,"caption":"Luiz Ant\u00f4nio Pr\u00f3speri"},"logo":{"@id":"https:\/\/i0.wp.com\/blogdoprosperi.com\/wp-content\/uploads\/2026\/05\/cropped-8059e613-6002-42fa-961e-8e275f575d71-2-5.jpg?fit=1360%2C931&ssl=1"},"description":"Jornalista com carreira dedicada ao esporte. Cobriu 9 Copas do Mundo in loco, 1990 na It\u00e1lia, 1994 nos EUA, 1998 na Fran\u00e7a, 2002 na Coreia do Sul e Jap\u00e3o, 2006 na Alemanha, 2010 na \u00c1frica do Sul, 2014 no Brasil, 2018 na R\u00fassia e 2022 no Qatar. Eurocopas, 1992 na Su\u00e9cia e 1996 na Inglaterra. Copa das Confedera\u00e7\u00f5es de 2005 na Alemanha e 2009 na \u00c1frica do Sul. Rep\u00f3rter e Editor, trabalhou no Jornal da Tarde e Estad\u00e3o, de 1984 a fevereiro de 2016. Colunista, blogueiro. E comentarista de futebol na R\u00e1dio Estad\u00e3o, de 2013 a fevereiro de 2016. Jornalista respons\u00e1vel do \"Pr\u00f3speri News\" (blogdoprosperi.com).","sameAs":["http:\/\/blogdoprosperi.com","Luiz Pr\u00f3speri","@luiz_prosperi","https:\/\/x.com\/Luizprosperi","@prosperinacopa","luiz.prosperi@icloud.com"],"url":"https:\/\/blogdoprosperi.com\/?author=102107496"}]}},"jetpack_publicize_connections":[],"jetpack_likes_enabled":false,"jetpack_sharing_enabled":true,"jetpack_shortlink":"https:\/\/wp.me\/p7jvdk-eCE","jetpack-related-posts":[{"id":43283,"url":"https:\/\/blogdoprosperi.com\/?p=43283","url_meta":{"origin":56212,"position":0},"title":"Abel Ferreira n\u00e3o erra ao dobrar laterais no Palmeiras, Mauricio vem a\u00ed","author":"Luiz Ant\u00f4nio Pr\u00f3speri","date":"27 de junho de 2024","format":false,"excerpt":"Abel Ferreira n\u00e3o erra ao dobrar laterais no Palmeiras. A op\u00e7\u00e3o t\u00e1tica \u00e9 v\u00e1lida, evidente, em alguns jogos. N\u00e3o \u00e9 definitiva, nem poderia ser. Circunstancial, diante da falta de alternativas na montagem do time, por exemplo, contra o Fortaleza. At\u00e9 o primeiro tempo dessa partida, comportamento da equipe era razo\u00e1vel\u2026","rel":"","context":"Em &quot;futebol&quot;","block_context":{"text":"futebol","link":"https:\/\/blogdoprosperi.com\/?cat=53870"},"img":{"alt_text":"Mauricio, 22 anos, novo refor\u00e7o do Palmeiras","src":"https:\/\/i0.wp.com\/blogdoprosperi.com\/wp-content\/uploads\/2024\/06\/1589047724-apresentacao-mauricio-palmeiras-01-610x400-1.webp?fit=774%2C508&ssl=1&resize=350%2C200","width":350,"height":200,"srcset":"https:\/\/i0.wp.com\/blogdoprosperi.com\/wp-content\/uploads\/2024\/06\/1589047724-apresentacao-mauricio-palmeiras-01-610x400-1.webp?fit=774%2C508&ssl=1&resize=350%2C200 1x, https:\/\/i0.wp.com\/blogdoprosperi.com\/wp-content\/uploads\/2024\/06\/1589047724-apresentacao-mauricio-palmeiras-01-610x400-1.webp?fit=774%2C508&ssl=1&resize=525%2C300 1.5x, https:\/\/i0.wp.com\/blogdoprosperi.com\/wp-content\/uploads\/2024\/06\/1589047724-apresentacao-mauricio-palmeiras-01-610x400-1.webp?fit=774%2C508&ssl=1&resize=700%2C400 2x"},"classes":[]},{"id":51488,"url":"https:\/\/blogdoprosperi.com\/?p=51488","url_meta":{"origin":56212,"position":1},"title":"Mundial de Clubes | V\u00eddeo: Palmeiras 2 a 0 Al Ahly \u2013 Melhores Momentos","author":"Luiz Ant\u00f4nio Pr\u00f3speri","date":"19 de junho de 2025","format":false,"excerpt":"Acompanhe melhores momentos da vit\u00f3ria Palmeiras 2 a 0 Al Ahly. V\u00eddeo oficial Fifa: Clique aqui: https:\/\/www.fifa.com\/pt\/watch\/6LARHAbBjRkh4EhcptwNEX Relat\u00f3rio Fifa \u2013 \u00a0No tira-teima entre SE Palmeiras e Al Ahly FC, melhor para o time brasileiro. Com uma vit\u00f3ria de cada lado nos dois encontros anteriores entre eles -- ambos pela Copa\u2026","rel":"","context":"Em &quot;futebol&quot;","block_context":{"text":"futebol","link":"https:\/\/blogdoprosperi.com\/?cat=53870"},"img":{"alt_text":"Flaco Lopez leva Palmeiras ao c\u00e9u","src":"https:\/\/i0.wp.com\/blogdoprosperi.com\/wp-content\/uploads\/2025\/06\/se-palmeiras-v-al-ahly-sc-group-a-fifa-club-world-cup-2025.webp?fit=1200%2C878&ssl=1&resize=350%2C200","width":350,"height":200,"srcset":"https:\/\/i0.wp.com\/blogdoprosperi.com\/wp-content\/uploads\/2025\/06\/se-palmeiras-v-al-ahly-sc-group-a-fifa-club-world-cup-2025.webp?fit=1200%2C878&ssl=1&resize=350%2C200 1x, https:\/\/i0.wp.com\/blogdoprosperi.com\/wp-content\/uploads\/2025\/06\/se-palmeiras-v-al-ahly-sc-group-a-fifa-club-world-cup-2025.webp?fit=1200%2C878&ssl=1&resize=525%2C300 1.5x, https:\/\/i0.wp.com\/blogdoprosperi.com\/wp-content\/uploads\/2025\/06\/se-palmeiras-v-al-ahly-sc-group-a-fifa-club-world-cup-2025.webp?fit=1200%2C878&ssl=1&resize=700%2C400 2x, https:\/\/i0.wp.com\/blogdoprosperi.com\/wp-content\/uploads\/2025\/06\/se-palmeiras-v-al-ahly-sc-group-a-fifa-club-world-cup-2025.webp?fit=1200%2C878&ssl=1&resize=1050%2C600 3x"},"classes":[]},{"id":52516,"url":"https:\/\/blogdoprosperi.com\/?p=52516","url_meta":{"origin":56212,"position":2},"title":"Abel Ferreira ao Vivo: Acompanhe Entrevista Coletiva Pr\u00e9-Jogo Palmeiras x Chelsea","author":"Luiz Ant\u00f4nio Pr\u00f3speri","date":"3 de julho de 2025","format":false,"excerpt":"https:\/\/www.youtube.com\/live\/sgV9ULjDkU8?si=bbk19o9BTwpBDwGH","rel":"","context":"Em &quot;Mundial de Clubes&quot;","block_context":{"text":"Mundial de Clubes","link":"https:\/\/blogdoprosperi.com\/?cat=551766"},"img":{"alt_text":"Abel Ferreira: Estev\u00e3o n\u00e3o vai jogar sozinho, ningu\u00e9m joga sozinho. Corremos uns pelos outros, perdemos um pelos outros e ganhamos uns pelos outros.","src":"https:\/\/i0.wp.com\/blogdoprosperi.com\/wp-content\/uploads\/2025\/07\/captura-de-tela-2025-07-03-as-16.56.46.png?fit=1152%2C600&ssl=1&resize=350%2C200","width":350,"height":200,"srcset":"https:\/\/i0.wp.com\/blogdoprosperi.com\/wp-content\/uploads\/2025\/07\/captura-de-tela-2025-07-03-as-16.56.46.png?fit=1152%2C600&ssl=1&resize=350%2C200 1x, https:\/\/i0.wp.com\/blogdoprosperi.com\/wp-content\/uploads\/2025\/07\/captura-de-tela-2025-07-03-as-16.56.46.png?fit=1152%2C600&ssl=1&resize=525%2C300 1.5x, https:\/\/i0.wp.com\/blogdoprosperi.com\/wp-content\/uploads\/2025\/07\/captura-de-tela-2025-07-03-as-16.56.46.png?fit=1152%2C600&ssl=1&resize=700%2C400 2x, https:\/\/i0.wp.com\/blogdoprosperi.com\/wp-content\/uploads\/2025\/07\/captura-de-tela-2025-07-03-as-16.56.46.png?fit=1152%2C600&ssl=1&resize=1050%2C600 3x"},"classes":[]},{"id":51817,"url":"https:\/\/blogdoprosperi.com\/?p=51817","url_meta":{"origin":56212,"position":3},"title":"Mundial de Clubes | V\u00eddeo:  Palmeiras 2 a 2 Inter Miami \u2013 Melhores Momentos","author":"Luiz Ant\u00f4nio Pr\u00f3speri","date":"24 de junho de 2025","format":false,"excerpt":"Acompanhe os melhores momentos de Palmeiras 2 a 2 Inter Miami. Palmeiras se classifica em primeiro no Grupo A, Inter de Messi, em segundo. V\u00eddeo oficial Fifa: Clique aqui: https:\/\/www.fifa.com\/pt\/watch\/7uh10CA3Xov9jiW4O5nZxT","rel":"","context":"Em &quot;futebol&quot;","block_context":{"text":"futebol","link":"https:\/\/blogdoprosperi.com\/?cat=53870"},"img":{"alt_text":"Palmeiras 2 a 2 Inter Miami \u2013 Mundial de Clubes","src":"https:\/\/i0.wp.com\/blogdoprosperi.com\/wp-content\/uploads\/2025\/06\/captura-de-tela-2025-06-24-as-10.51.29.png?fit=1200%2C727&ssl=1&resize=350%2C200","width":350,"height":200,"srcset":"https:\/\/i0.wp.com\/blogdoprosperi.com\/wp-content\/uploads\/2025\/06\/captura-de-tela-2025-06-24-as-10.51.29.png?fit=1200%2C727&ssl=1&resize=350%2C200 1x, https:\/\/i0.wp.com\/blogdoprosperi.com\/wp-content\/uploads\/2025\/06\/captura-de-tela-2025-06-24-as-10.51.29.png?fit=1200%2C727&ssl=1&resize=525%2C300 1.5x, https:\/\/i0.wp.com\/blogdoprosperi.com\/wp-content\/uploads\/2025\/06\/captura-de-tela-2025-06-24-as-10.51.29.png?fit=1200%2C727&ssl=1&resize=700%2C400 2x, https:\/\/i0.wp.com\/blogdoprosperi.com\/wp-content\/uploads\/2025\/06\/captura-de-tela-2025-06-24-as-10.51.29.png?fit=1200%2C727&ssl=1&resize=1050%2C600 3x"},"classes":[]},{"id":47905,"url":"https:\/\/blogdoprosperi.com\/?p=47905","url_meta":{"origin":56212,"position":4},"title":"Palmeiras | Abel Se Inspira no Barcelona Arrasador de Flick, Faltam os Gols","author":"Luiz Ant\u00f4nio Pr\u00f3speri","date":"7 de fevereiro de 2025","format":false,"excerpt":"Luiz Ant\u00f4nio Pr\u00f3speri \u2013 7 fevereiro (11h22) \u2013 Palmeiras 1 a 1 Corinthians, resultado ruim para o Palmeiras e \u00f3timo ao Corinthians, na s\u00e9tima rodada do Paulist\u00e3o 2025. Seria raso acomodar an\u00e1lise do Derby apenas ao placar final. Os efeitos do cl\u00e1ssico animam a comiss\u00e3o t\u00e9cnica de Abel Ferreira e\u2026","rel":"","context":"Em &quot;futebol&quot;","block_context":{"text":"futebol","link":"https:\/\/blogdoprosperi.com\/?cat=53870"},"img":{"alt_text":"Abel, do Palmeiras \u00e0 Sele\u00e7\u00e3o?","src":"https:\/\/i0.wp.com\/blogdoprosperi.com\/wp-content\/uploads\/2025\/02\/54312013475_6a7299c4a5_c.jpg?fit=800%2C450&ssl=1&resize=350%2C200","width":350,"height":200,"srcset":"https:\/\/i0.wp.com\/blogdoprosperi.com\/wp-content\/uploads\/2025\/02\/54312013475_6a7299c4a5_c.jpg?fit=800%2C450&ssl=1&resize=350%2C200 1x, https:\/\/i0.wp.com\/blogdoprosperi.com\/wp-content\/uploads\/2025\/02\/54312013475_6a7299c4a5_c.jpg?fit=800%2C450&ssl=1&resize=525%2C300 1.5x, https:\/\/i0.wp.com\/blogdoprosperi.com\/wp-content\/uploads\/2025\/02\/54312013475_6a7299c4a5_c.jpg?fit=800%2C450&ssl=1&resize=700%2C400 2x"},"classes":[]},{"id":51798,"url":"https:\/\/blogdoprosperi.com\/?p=51798","url_meta":{"origin":56212,"position":5},"title":"Palmeiras Arranca Empate do Time de Messi, Avan\u00e7a \u00e0s Oitavas e Pega o Botafogo","author":"Luiz Ant\u00f4nio Pr\u00f3speri","date":"24 de junho de 2025","format":false,"excerpt":"Luiz Ant\u00f4nio Pr\u00f3speri \u2013 24 junho (00h10) \u2013 Palmeiras avan\u00e7a \u00e0s oitavas de final do Mundial de Clubes. Enfrenta o Botafogo, s\u00e1bado, 13h, na Filadelfia. Ufa! O que seria f\u00e1cil, se torna dif\u00edcil. Por culpa do pr\u00f3prio Palmeiras ao dar ao Inter Miami todos os espa\u00e7os para domar a bola,\u2026","rel":"","context":"Em &quot;mundial de clubes 2025&quot;","block_context":{"text":"mundial de clubes 2025","link":"https:\/\/blogdoprosperi.com\/?cat=772984667"},"img":{"alt_text":"","src":"https:\/\/i0.wp.com\/blogdoprosperi.com\/wp-content\/uploads\/2025\/06\/gultnxtwwaak_88.jpeg?fit=1200%2C994&ssl=1&resize=350%2C200","width":350,"height":200,"srcset":"https:\/\/i0.wp.com\/blogdoprosperi.com\/wp-content\/uploads\/2025\/06\/gultnxtwwaak_88.jpeg?fit=1200%2C994&ssl=1&resize=350%2C200 1x, https:\/\/i0.wp.com\/blogdoprosperi.com\/wp-content\/uploads\/2025\/06\/gultnxtwwaak_88.jpeg?fit=1200%2C994&ssl=1&resize=525%2C300 1.5x, https:\/\/i0.wp.com\/blogdoprosperi.com\/wp-content\/uploads\/2025\/06\/gultnxtwwaak_88.jpeg?fit=1200%2C994&ssl=1&resize=700%2C400 2x, https:\/\/i0.wp.com\/blogdoprosperi.com\/wp-content\/uploads\/2025\/06\/gultnxtwwaak_88.jpeg?fit=1200%2C994&ssl=1&resize=1050%2C600 3x"},"classes":[]}],"jetpack_featured_media_url":"https:\/\/i0.wp.com\/blogdoprosperi.com\/wp-content\/uploads\/2026\/02\/captura-de-tela-2026-02-11-as-11.58.37.png?fit=1212%2C912&ssl=1","_links":{"self":[{"href":"https:\/\/blogdoprosperi.com\/index.php?rest_route=\/wp\/v2\/posts\/56212","targetHints":{"allow":["GET"]}}],"collection":[{"href":"https:\/\/blogdoprosperi.com\/index.php?rest_route=\/wp\/v2\/posts"}],"about":[{"href":"https:\/\/blogdoprosperi.com\/index.php?rest_route=\/wp\/v2\/types\/post"}],"author":[{"embeddable":true,"href":"https:\/\/blogdoprosperi.com\/index.php?rest_route=\/wp\/v2\/users\/102107496"}],"replies":[{"embeddable":true,"href":"https:\/\/blogdoprosperi.com\/index.php?rest_route=%2Fwp%2Fv2%2Fcomments&post=56212"}],"version-history":[{"count":8,"href":"https:\/\/blogdoprosperi.com\/index.php?rest_route=\/wp\/v2\/posts\/56212\/revisions"}],"predecessor-version":[{"id":56230,"href":"https:\/\/blogdoprosperi.com\/index.php?rest_route=\/wp\/v2\/posts\/56212\/revisions\/56230"}],"wp:featuredmedia":[{"embeddable":true,"href":"https:\/\/blogdoprosperi.com\/index.php?rest_route=\/wp\/v2\/media\/56226"}],"wp:attachment":[{"href":"https:\/\/blogdoprosperi.com\/index.php?rest_route=%2Fwp%2Fv2%2Fmedia&parent=56212"}],"wp:term":[{"taxonomy":"category","embeddable":true,"href":"https:\/\/blogdoprosperi.com\/index.php?rest_route=%2Fwp%2Fv2%2Fcategories&post=56212"},{"taxonomy":"post_tag","embeddable":true,"href":"https:\/\/blogdoprosperi.com\/index.php?rest_route=%2Fwp%2Fv2%2Ftags&post=56212"}],"curies":[{"name":"wp","href":"https:\/\/api.w.org\/{rel}","templated":true}]}}