{"id":56328,"date":"2026-02-18T12:22:30","date_gmt":"2026-02-18T15:22:30","guid":{"rendered":"https:\/\/blogdoprosperi.com\/?p=56328"},"modified":"2026-02-18T12:34:43","modified_gmt":"2026-02-18T15:34:43","slug":"vini-jr-cavaleiro-solitario-ganha-um-aliado-de-respeito","status":"publish","type":"post","link":"https:\/\/blogdoprosperi.com\/?p=56328","title":{"rendered":"Vini Jr | O Cavaleiro Solit\u00e1rio Ganha Um Aliado de Respeito"},"content":{"rendered":"<p><em>Luiz Ant\u00f4nio Pr\u00f3speri \u2013 18 fevereiro 2026 (12h12) \u2013<\/em><\/p>\n<p>Roger Milla faz seu primeiro gol na Copa do Mundo de 1990 na It\u00e1lia e vai at\u00e9 a bandeirinha de escanteio comemorar com uma dancinha. O m\u00edtico jogador de Camar\u00f5es me disse em entrevista naquela ocasi\u00e3o, Copa de 1990, que havia se inspirado no brasileiro Careca, tamb\u00e9m autor de dancinhas ao lado de bandeirinhas de escanteio na celebra\u00e7\u00e3o de seus gols. Est\u00e1vamos em 1990. Vini Jr faz um gol espetacular na vit\u00f3ria do Real Madrid por 1 a 0 contra o Benfica, jogo da Champions League nesta ter\u00e7a-feira, 17 de fevereiro de 2026, e comemora com dancinha no entorno da bandeirinha de escanteio no est\u00e1dio do Benfica. Pronto. A celebra\u00e7\u00e3o leva o jogador argentino Prestianni, do Benfica, a pronunciar insultos racistas a Vini Jr. &#8220;Macaco, Macaco, Macaco, Macaco, Macaco&#8221;, repete Prestianni por cinco vezes com a boca encoberta pela sua camisa do Benfica. Ao ato de Prestianni, Kylian Mbapp\u00e9, atacante franc\u00eas do Real Madrid e apontado como um dos maiores jogadores da atualidade, sai em defesa de Vini.<\/p>\n<p><em>Acompanhe a entrevista de Mbapp\u00e9 p\u00f3s-jogo:<\/em><\/p>\n<div class=\"jetpack-video-wrapper\"><span class=\"embed-youtube\" style=\"text-align:center; display: block;\"><iframe loading=\"lazy\" class=\"youtube-player\" width=\"560\" height=\"315\" src=\"https:\/\/www.youtube.com\/embed\/rHHk9r63tYg?version=3&#038;rel=1&#038;showsearch=0&#038;showinfo=1&#038;iv_load_policy=1&#038;fs=1&#038;hl=pt-BR&#038;autohide=2&#038;wmode=transparent\" allowfullscreen=\"true\" style=\"border:0;\" sandbox=\"allow-scripts allow-same-origin allow-popups allow-presentation allow-popups-to-escape-sandbox\"><\/iframe><\/span><\/div>\n<p>Kylian Mbapp\u00e9 nasceu em Paris. Seu pai \u00e9 de Camar\u00f5es e sua m\u00e3e tem origem argelina.<\/p>\n<p>Gianluca Prestianni nasceu em Ciudadela na prov\u00edncia de Buenos Aires, Argentina.<\/p>\n<p>Vini Jr nasceu em S\u00e3o Gon\u00e7alo, Rio de Janeiro.<\/p>\n<p>Maior \u00eddolo da hist\u00f3ria do Benfica \u00e9 Eus\u00e9bio, jogador nascido em Mo\u00e7ambique, na \u00c1frica. Seu apelido era Pantera Negra.<\/p>\n<p>O Benfica se coloca, por meio de nota oficial, ao lado de Prestianni. Defende seu jogador da acusa\u00e7\u00e3o de insultos racistas.<\/p>\n<p>A Uefa (Uni\u00e3o Europeia de Futebol), tamb\u00e9m por meio de nota oficial, promete investigar o caso e punir Prestianni e at\u00e9 o Benfica caso seja provada acusa\u00e7\u00e3o de racismo.<\/p>\n<p>A Fifa tamb\u00e9m vai na mesma linha da Uefa.<\/p>\n<p>A CBF, por meio de nota oficial, se coloca a favor de Vini Jr.<\/p>\n<p>O caso ganha repercuss\u00e3o mundial virando manchete nos principais jornais europeus e sites na web.<\/p>\n<p>Vini Jr h\u00e1 muito tempo luta contra o racismo em jogos do Real Madrid, Sele\u00e7\u00e3o Brasileira e em suas redes sociais. Sempre denuncia e cobra a quem de direito quando sofre insultos racistas.<\/p>\n<p>Vini Jr vai continuar a celebrar seus gols com dancinhas ao redor das bandeirinhas de escanteio como Roger Milla e Careca comemoraram gols h\u00e1 36 anos na Copa do Mundo de 1990.<\/p>\n<p>Vini Jr \u00e9 <span><strong><a style=\"color: #0000ff\" href=\"https:\/\/blogdoprosperi.com\/2024\/12\/28\/vini-jr-o-cavaleiro-solitario\/\">cavaleiro solit\u00e1rio<\/a><\/strong><\/span><span><strong> <\/strong><\/span>nessa torturante e angustiante batalha contra os racistas. Dessa vez, ganha um aliado muito importante: Kylian Mbapp\u00e9.<\/p>\n<div class=\"tiled-gallery type-rectangular tiled-gallery-unresized\" data-original-width=\"940\" data-carousel-extra='{&quot;blog_id&quot;:1,&quot;permalink&quot;:&quot;https:\\\/\\\/blogdoprosperi.com\\\/?p=56328&quot;,&quot;likes_blog_id&quot;:108082574}' itemscope itemtype=\"http:\/\/schema.org\/ImageGallery\" > <div class=\"gallery-row\" style=\"width: 940px; height: 456px;\" data-original-width=\"940\" data-original-height=\"456\" > <div class=\"gallery-group images-1\" style=\"width: 712px; height: 456px;\" data-original-width=\"712\" data-original-height=\"456\" > <div class=\"tiled-gallery-item tiled-gallery-item-large\" itemprop=\"associatedMedia\" itemscope itemtype=\"http:\/\/schema.org\/ImageObject\"> <a href=\"https:\/\/blogdoprosperi.com\/?attachment_id=56335\" border=\"0\" itemprop=\"url\"> <meta itemprop=\"width\" content=\"708\"> <meta itemprop=\"height\" content=\"452\"> <img decoding=\"async\" class=\"\" data-attachment-id=\"56335\" data-orig-file=\"https:\/\/blogdoprosperi.com\/wp-content\/uploads\/2026\/02\/hbchzatxsaeurz-.jpeg\" data-orig-size=\"1200,765\" data-comments-opened=\"1\" data-image-meta=\"{&quot;aperture&quot;:&quot;0&quot;,&quot;credit&quot;:&quot;&quot;,&quot;camera&quot;:&quot;&quot;,&quot;caption&quot;:&quot;&quot;,&quot;created_timestamp&quot;:&quot;0&quot;,&quot;copyright&quot;:&quot;&quot;,&quot;focal_length&quot;:&quot;0&quot;,&quot;iso&quot;:&quot;0&quot;,&quot;shutter_speed&quot;:&quot;0&quot;,&quot;title&quot;:&quot;&quot;,&quot;orientation&quot;:&quot;0&quot;}\" data-image-title=\"HBchzatXsAEURZ-\" data-image-description=\"\" data-medium-file=\"https:\/\/i0.wp.com\/blogdoprosperi.com\/wp-content\/uploads\/2026\/02\/hbchzatxsaeurz-.jpeg?fit=593%2C378&#038;ssl=1\" data-large-file=\"https:\/\/i0.wp.com\/blogdoprosperi.com\/wp-content\/uploads\/2026\/02\/hbchzatxsaeurz-.jpeg?fit=940%2C599&#038;ssl=1\" src=\"https:\/\/i0.wp.com\/blogdoprosperi.com\/wp-content\/uploads\/2026\/02\/hbchzatxsaeurz-.jpeg?w=708&#038;h=452&#038;ssl=1\" width=\"708\" height=\"452\" loading=\"lazy\" data-original-width=\"708\" data-original-height=\"452\" itemprop=\"http:\/\/schema.org\/image\" title=\"HBchzatXsAEURZ-\" alt=\"Vini Jr e Mbapp\u00e9 \u2013 foto: reprodu\u00e7\u00e3o X\" style=\"width: 708px; height: 452px;\" \/> <\/a> <div class=\"tiled-gallery-caption\" itemprop=\"caption description\"> Vini Jr e Mbapp\u00e9 \u2013 foto: reprodu\u00e7\u00e3o X <\/div> <\/div> <\/div> <!-- close group --> <div class=\"gallery-group images-2\" style=\"width: 228px; height: 456px;\" data-original-width=\"228\" data-original-height=\"456\" > <div class=\"tiled-gallery-item tiled-gallery-item-small\" itemprop=\"associatedMedia\" itemscope itemtype=\"http:\/\/schema.org\/ImageObject\"> <a href=\"https:\/\/blogdoprosperi.com\/?attachment_id=56336\" border=\"0\" itemprop=\"url\"> <meta itemprop=\"width\" content=\"224\"> <meta itemprop=\"height\" content=\"224\"> <img decoding=\"async\" class=\"\" data-attachment-id=\"56336\" data-orig-file=\"https:\/\/blogdoprosperi.com\/wp-content\/uploads\/2026\/02\/hbchzqgxyaafzid.jpeg\" data-orig-size=\"680,680\" data-comments-opened=\"1\" data-image-meta=\"{&quot;aperture&quot;:&quot;0&quot;,&quot;credit&quot;:&quot;&quot;,&quot;camera&quot;:&quot;&quot;,&quot;caption&quot;:&quot;&quot;,&quot;created_timestamp&quot;:&quot;0&quot;,&quot;copyright&quot;:&quot;&quot;,&quot;focal_length&quot;:&quot;0&quot;,&quot;iso&quot;:&quot;0&quot;,&quot;shutter_speed&quot;:&quot;0&quot;,&quot;title&quot;:&quot;&quot;,&quot;orientation&quot;:&quot;0&quot;}\" data-image-title=\"HBchzQgXYAAFzID\" data-image-description=\"\" data-medium-file=\"https:\/\/i0.wp.com\/blogdoprosperi.com\/wp-content\/uploads\/2026\/02\/hbchzqgxyaafzid.jpeg?fit=378%2C378&#038;ssl=1\" data-large-file=\"https:\/\/i0.wp.com\/blogdoprosperi.com\/wp-content\/uploads\/2026\/02\/hbchzqgxyaafzid.jpeg?fit=680%2C680&#038;ssl=1\" src=\"https:\/\/i0.wp.com\/blogdoprosperi.com\/wp-content\/uploads\/2026\/02\/hbchzqgxyaafzid.jpeg?w=224&#038;h=224&#038;crop=1&#038;ssl=1\" width=\"224\" height=\"224\" loading=\"lazy\" data-original-width=\"224\" data-original-height=\"224\" itemprop=\"http:\/\/schema.org\/image\" title=\"HBchzQgXYAAFzID\" alt=\"Mbapp\u00e9 cobra Prestianni\" style=\"width: 224px; height: 224px;\" \/> <\/a> <div class=\"tiled-gallery-caption\" itemprop=\"caption description\"> Mbapp\u00e9 cobra Prestianni <\/div> <\/div> <div class=\"tiled-gallery-item tiled-gallery-item-small\" itemprop=\"associatedMedia\" itemscope itemtype=\"http:\/\/schema.org\/ImageObject\"> <a href=\"https:\/\/blogdoprosperi.com\/?attachment_id=56337\" border=\"0\" itemprop=\"url\"> <meta itemprop=\"width\" content=\"224\"> <meta itemprop=\"height\" content=\"224\"> <img decoding=\"async\" class=\"\" data-attachment-id=\"56337\" data-orig-file=\"https:\/\/blogdoprosperi.com\/wp-content\/uploads\/2026\/02\/hbciuuqxgaaegjf.jpeg\" data-orig-size=\"900,900\" data-comments-opened=\"1\" data-image-meta=\"{&quot;aperture&quot;:&quot;0&quot;,&quot;credit&quot;:&quot;&quot;,&quot;camera&quot;:&quot;&quot;,&quot;caption&quot;:&quot;&quot;,&quot;created_timestamp&quot;:&quot;0&quot;,&quot;copyright&quot;:&quot;&quot;,&quot;focal_length&quot;:&quot;0&quot;,&quot;iso&quot;:&quot;0&quot;,&quot;shutter_speed&quot;:&quot;0&quot;,&quot;title&quot;:&quot;&quot;,&quot;orientation&quot;:&quot;0&quot;}\" data-image-title=\"HBciUuqXgAAeGjF\" data-image-description=\"\" data-medium-file=\"https:\/\/i0.wp.com\/blogdoprosperi.com\/wp-content\/uploads\/2026\/02\/hbciuuqxgaaegjf.jpeg?fit=378%2C378&#038;ssl=1\" data-large-file=\"https:\/\/i0.wp.com\/blogdoprosperi.com\/wp-content\/uploads\/2026\/02\/hbciuuqxgaaegjf.jpeg?fit=900%2C900&#038;ssl=1\" src=\"https:\/\/i0.wp.com\/blogdoprosperi.com\/wp-content\/uploads\/2026\/02\/hbciuuqxgaaegjf.jpeg?w=224&#038;h=224&#038;crop=1&#038;ssl=1\" width=\"224\" height=\"224\" loading=\"lazy\" data-original-width=\"224\" data-original-height=\"224\" itemprop=\"http:\/\/schema.org\/image\" title=\"HBciUuqXgAAeGjF\" alt=\"Prestianni cobre a boca\" style=\"width: 224px; height: 224px;\" \/> <\/a> <div class=\"tiled-gallery-caption\" itemprop=\"caption description\"> Prestianni cobre a boca <\/div> <\/div> <\/div> <!-- close group --> <\/div> <!-- close row --> <div class=\"gallery-row\" style=\"width: 940px; height: 712px;\" data-original-width=\"940\" data-original-height=\"712\" > <div class=\"gallery-group images-1\" style=\"width: 940px; height: 712px;\" data-original-width=\"940\" data-original-height=\"712\" > <div class=\"tiled-gallery-item tiled-gallery-item-large\" itemprop=\"associatedMedia\" itemscope itemtype=\"http:\/\/schema.org\/ImageObject\"> <a href=\"https:\/\/blogdoprosperi.com\/?attachment_id=56340\" border=\"0\" itemprop=\"url\"> <meta itemprop=\"width\" content=\"936\"> <meta itemprop=\"height\" content=\"708\"> <img decoding=\"async\" class=\"\" data-attachment-id=\"56340\" data-orig-file=\"https:\/\/blogdoprosperi.com\/wp-content\/uploads\/2026\/02\/mila-1990-reprod.webp\" data-orig-size=\"1000,756\" data-comments-opened=\"1\" data-image-meta=\"{&quot;aperture&quot;:&quot;0&quot;,&quot;credit&quot;:&quot;&quot;,&quot;camera&quot;:&quot;&quot;,&quot;caption&quot;:&quot;&quot;,&quot;created_timestamp&quot;:&quot;0&quot;,&quot;copyright&quot;:&quot;&quot;,&quot;focal_length&quot;:&quot;0&quot;,&quot;iso&quot;:&quot;0&quot;,&quot;shutter_speed&quot;:&quot;0&quot;,&quot;title&quot;:&quot;&quot;,&quot;orientation&quot;:&quot;0&quot;}\" data-image-title=\"Mila commemora gol\" data-image-description=\"\" data-medium-file=\"https:\/\/i0.wp.com\/blogdoprosperi.com\/wp-content\/uploads\/2026\/02\/mila-1990-reprod.webp?fit=500%2C378&#038;ssl=1\" data-large-file=\"https:\/\/i0.wp.com\/blogdoprosperi.com\/wp-content\/uploads\/2026\/02\/mila-1990-reprod.webp?fit=940%2C711&#038;ssl=1\" src=\"https:\/\/i0.wp.com\/blogdoprosperi.com\/wp-content\/uploads\/2026\/02\/mila-1990-reprod.webp?w=936&#038;h=708&#038;ssl=1\" width=\"936\" height=\"708\" loading=\"lazy\" data-original-width=\"936\" data-original-height=\"708\" itemprop=\"http:\/\/schema.org\/image\" title=\"Mila commemora gol\" alt=\"Milla celebra gol na bandeirinha Copa 1990 \u2013 foto: reprodu\u00e7\u00e3o\" style=\"width: 936px; height: 708px;\" \/> <\/a> <div class=\"tiled-gallery-caption\" itemprop=\"caption description\"> Milla celebra gol na bandeirinha Copa 1990 \u2013 foto: reprodu\u00e7\u00e3o <\/div> <\/div> <\/div> <!-- close group --> <\/div> <!-- close row --> <\/div>\n","protected":false},"excerpt":{"rendered":"<p>Luiz Ant\u00f4nio Pr\u00f3speri \u2013 18 fevereiro 2026 (12h12) \u2013 Roger Milla faz seu primeiro gol na Copa do [&hellip;]<\/p>\n","protected":false},"author":102107496,"featured_media":56338,"comment_status":"open","ping_status":"open","sticky":false,"template":"","format":"standard","meta":{"_coblocks_attr":"","_coblocks_dimensions":"","_coblocks_responsive_height":"","_coblocks_accordion_ie_support":"","_jetpack_newsletter_access":"","_jetpack_dont_email_post_to_subs":false,"_jetpack_newsletter_tier_id":0,"_jetpack_memberships_contains_paywalled_content":false,"_wpcom_ai_launchpad_first_post":false,"_jetpack_feature_clip_id":0,"_jetpack_memberships_contains_paid_content":false,"footnotes":"","jetpack_publicize_message":"","jetpack_publicize_feature_enabled":true,"jetpack_social_post_already_shared":false,"jetpack_social_options":{"image_generator_settings":{"template":"highway","default_image_id":0,"font":"","enabled":false},"version":2},"jetpack_post_was_ever_published":false},"categories":[53870,162432],"tags":[24279794,62950025,789560561,671177663],"class_list":["post-56328","post","type-post","status-publish","format-standard","has-post-thumbnail","hentry","category-futebol","category-racismo","tag-mbappe","tag-prestianni","tag-racismo","tag-vinijr"],"yoast_head":"<!-- This site is optimized with the Yoast SEO plugin v28.3 - https:\/\/yoast.com\/product\/yoast-seo-wordpress\/ -->\n<title>Vini Jr | O Cavaleiro Solit\u00e1rio Ganha Um Aliado de Respeito - PR\u00d3SPERI NEWS<\/title>\n<meta name=\"robots\" content=\"index, follow, max-snippet:-1, max-image-preview:large, max-video-preview:-1\" \/>\n<link rel=\"canonical\" href=\"https:\/\/blogdoprosperi.com\/?p=56328\" \/>\n<meta property=\"og:locale\" content=\"pt_BR\" \/>\n<meta property=\"og:type\" content=\"article\" \/>\n<meta property=\"og:title\" content=\"Vini Jr | O Cavaleiro Solit\u00e1rio Ganha Um Aliado de Respeito - PR\u00d3SPERI NEWS\" \/>\n<meta property=\"og:description\" content=\"Luiz Ant\u00f4nio Pr\u00f3speri \u2013 18 fevereiro 2026 (12h12) \u2013 Roger Milla faz seu primeiro gol na Copa do [&hellip;]\" \/>\n<meta property=\"og:url\" content=\"https:\/\/blogdoprosperi.com\/?p=56328\" \/>\n<meta property=\"og:site_name\" content=\"PR\u00d3SPERI NEWS\" \/>\n<meta property=\"article:publisher\" content=\"Luiz Pr\u00f3speri\" \/>\n<meta property=\"article:author\" content=\"Luiz Pr\u00f3speri\" \/>\n<meta property=\"article:published_time\" content=\"2026-02-18T15:22:30+00:00\" \/>\n<meta property=\"article:modified_time\" content=\"2026-02-18T15:34:43+00:00\" \/>\n<meta property=\"og:image\" content=\"https:\/\/i0.wp.com\/blogdoprosperi.com\/wp-content\/uploads\/2026\/02\/hbzmzgtb0aa3zam.jpeg?fit=624%2C624&ssl=1\" \/>\n\t<meta property=\"og:image:width\" content=\"624\" \/>\n\t<meta property=\"og:image:height\" content=\"624\" \/>\n\t<meta property=\"og:image:type\" content=\"image\/jpeg\" \/>\n<meta name=\"author\" content=\"Luiz Ant\u00f4nio Pr\u00f3speri\" \/>\n<meta name=\"twitter:card\" content=\"summary_large_image\" \/>\n<meta name=\"twitter:creator\" content=\"@Luizprosperi\" \/>\n<meta name=\"twitter:site\" content=\"@Luizprosperi\" \/>\n<meta name=\"twitter:label1\" content=\"Escrito por\" \/>\n\t<meta name=\"twitter:data1\" content=\"Luiz Ant\u00f4nio Pr\u00f3speri\" \/>\n\t<meta name=\"twitter:label2\" content=\"Est. tempo de leitura\" \/>\n\t<meta name=\"twitter:data2\" content=\"2 minutos\" \/>\n<script type=\"application\/ld+json\" class=\"yoast-schema-graph\">{\"@context\":\"https:\\\/\\\/schema.org\",\"@graph\":[{\"@type\":\"Article\",\"@id\":\"https:\\\/\\\/blogdoprosperi.com\\\/?p=56328#article\",\"isPartOf\":{\"@id\":\"https:\\\/\\\/blogdoprosperi.com\\\/?p=56328\"},\"author\":{\"name\":\"Luiz Ant\u00f4nio Pr\u00f3speri\",\"@id\":\"https:\\\/\\\/blogdoprosperi.com\\\/#\\\/schema\\\/person\\\/38100755ce3601861ee4fab9b5aa78e9\"},\"headline\":\"Vini Jr | O Cavaleiro Solit\u00e1rio Ganha Um Aliado de Respeito\",\"datePublished\":\"2026-02-18T15:22:30+00:00\",\"dateModified\":\"2026-02-18T15:34:43+00:00\",\"mainEntityOfPage\":{\"@id\":\"https:\\\/\\\/blogdoprosperi.com\\\/?p=56328\"},\"wordCount\":460,\"commentCount\":0,\"publisher\":{\"@id\":\"https:\\\/\\\/blogdoprosperi.com\\\/#\\\/schema\\\/person\\\/38100755ce3601861ee4fab9b5aa78e9\"},\"image\":{\"@id\":\"https:\\\/\\\/blogdoprosperi.com\\\/?p=56328#primaryimage\"},\"thumbnailUrl\":\"https:\\\/\\\/i0.wp.com\\\/blogdoprosperi.com\\\/wp-content\\\/uploads\\\/2026\\\/02\\\/hbzmzgtb0aa3zam.jpeg?fit=624%2C624&ssl=1\",\"keywords\":[\"mbapp\u00e9\",\"prestianni\",\"racismo\",\"vinijr\"],\"articleSection\":[\"futebol\",\"racismo\"],\"inLanguage\":\"pt-BR\",\"potentialAction\":[{\"@type\":\"CommentAction\",\"name\":\"Comment\",\"target\":[\"https:\\\/\\\/blogdoprosperi.com\\\/?p=56328#respond\"]}]},{\"@type\":\"WebPage\",\"@id\":\"https:\\\/\\\/blogdoprosperi.com\\\/?p=56328\",\"url\":\"https:\\\/\\\/blogdoprosperi.com\\\/?p=56328\",\"name\":\"Vini Jr | O Cavaleiro Solit\u00e1rio Ganha Um Aliado de Respeito - PR\u00d3SPERI NEWS\",\"isPartOf\":{\"@id\":\"https:\\\/\\\/blogdoprosperi.com\\\/#website\"},\"primaryImageOfPage\":{\"@id\":\"https:\\\/\\\/blogdoprosperi.com\\\/?p=56328#primaryimage\"},\"image\":{\"@id\":\"https:\\\/\\\/blogdoprosperi.com\\\/?p=56328#primaryimage\"},\"thumbnailUrl\":\"https:\\\/\\\/i0.wp.com\\\/blogdoprosperi.com\\\/wp-content\\\/uploads\\\/2026\\\/02\\\/hbzmzgtb0aa3zam.jpeg?fit=624%2C624&ssl=1\",\"datePublished\":\"2026-02-18T15:22:30+00:00\",\"dateModified\":\"2026-02-18T15:34:43+00:00\",\"breadcrumb\":{\"@id\":\"https:\\\/\\\/blogdoprosperi.com\\\/?p=56328#breadcrumb\"},\"inLanguage\":\"pt-BR\",\"potentialAction\":[{\"@type\":\"ReadAction\",\"target\":[\"https:\\\/\\\/blogdoprosperi.com\\\/?p=56328\"]}]},{\"@type\":\"ImageObject\",\"inLanguage\":\"pt-BR\",\"@id\":\"https:\\\/\\\/blogdoprosperi.com\\\/?p=56328#primaryimage\",\"url\":\"https:\\\/\\\/i0.wp.com\\\/blogdoprosperi.com\\\/wp-content\\\/uploads\\\/2026\\\/02\\\/hbzmzgtb0aa3zam.jpeg?fit=624%2C624&ssl=1\",\"contentUrl\":\"https:\\\/\\\/i0.wp.com\\\/blogdoprosperi.com\\\/wp-content\\\/uploads\\\/2026\\\/02\\\/hbzmzgtb0aa3zam.jpeg?fit=624%2C624&ssl=1\",\"width\":624,\"height\":624},{\"@type\":\"BreadcrumbList\",\"@id\":\"https:\\\/\\\/blogdoprosperi.com\\\/?p=56328#breadcrumb\",\"itemListElement\":[{\"@type\":\"ListItem\",\"position\":1,\"name\":\"In\u00edcio\",\"item\":\"https:\\\/\\\/blogdoprosperi.com\\\/\"},{\"@type\":\"ListItem\",\"position\":2,\"name\":\"Vini Jr | O Cavaleiro Solit\u00e1rio Ganha Um Aliado de Respeito\"}]},{\"@type\":\"WebSite\",\"@id\":\"https:\\\/\\\/blogdoprosperi.com\\\/#website\",\"url\":\"https:\\\/\\\/blogdoprosperi.com\\\/\",\"name\":\"PR\u00d3SPERI NEWS\",\"description\":\"TUDO \u00c9  FUTEBOL\",\"publisher\":{\"@id\":\"https:\\\/\\\/blogdoprosperi.com\\\/#\\\/schema\\\/person\\\/38100755ce3601861ee4fab9b5aa78e9\"},\"alternateName\":\"blogdoprosperi.com\",\"potentialAction\":[{\"@type\":\"SearchAction\",\"target\":{\"@type\":\"EntryPoint\",\"urlTemplate\":\"https:\\\/\\\/blogdoprosperi.com\\\/?s={search_term_string}\"},\"query-input\":{\"@type\":\"PropertyValueSpecification\",\"valueRequired\":true,\"valueName\":\"search_term_string\"}}],\"inLanguage\":\"pt-BR\"},{\"@type\":[\"Person\",\"Organization\"],\"@id\":\"https:\\\/\\\/blogdoprosperi.com\\\/#\\\/schema\\\/person\\\/38100755ce3601861ee4fab9b5aa78e9\",\"name\":\"Luiz Ant\u00f4nio Pr\u00f3speri\",\"pronouns\":\"ele\",\"image\":{\"@type\":\"ImageObject\",\"inLanguage\":\"pt-BR\",\"@id\":\"https:\\\/\\\/i0.wp.com\\\/blogdoprosperi.com\\\/wp-content\\\/uploads\\\/2026\\\/05\\\/cropped-8059e613-6002-42fa-961e-8e275f575d71-2-5.jpg?fit=1360%2C931&ssl=1\",\"url\":\"https:\\\/\\\/i0.wp.com\\\/blogdoprosperi.com\\\/wp-content\\\/uploads\\\/2026\\\/05\\\/cropped-8059e613-6002-42fa-961e-8e275f575d71-2-5.jpg?fit=1360%2C931&ssl=1\",\"contentUrl\":\"https:\\\/\\\/i0.wp.com\\\/blogdoprosperi.com\\\/wp-content\\\/uploads\\\/2026\\\/05\\\/cropped-8059e613-6002-42fa-961e-8e275f575d71-2-5.jpg?fit=1360%2C931&ssl=1\",\"width\":1360,\"height\":931,\"caption\":\"Luiz Ant\u00f4nio Pr\u00f3speri\"},\"logo\":{\"@id\":\"https:\\\/\\\/i0.wp.com\\\/blogdoprosperi.com\\\/wp-content\\\/uploads\\\/2026\\\/05\\\/cropped-8059e613-6002-42fa-961e-8e275f575d71-2-5.jpg?fit=1360%2C931&ssl=1\"},\"description\":\"Jornalista com carreira dedicada ao esporte. Cobriu 9 Copas do Mundo in loco, 1990 na It\u00e1lia, 1994 nos EUA, 1998 na Fran\u00e7a, 2002 na Coreia do Sul e Jap\u00e3o, 2006 na Alemanha, 2010 na \u00c1frica do Sul, 2014 no Brasil, 2018 na R\u00fassia e 2022 no Qatar. Eurocopas, 1992 na Su\u00e9cia e 1996 na Inglaterra. Copa das Confedera\u00e7\u00f5es de 2005 na Alemanha e 2009 na \u00c1frica do Sul. Rep\u00f3rter e Editor, trabalhou no Jornal da Tarde e Estad\u00e3o, de 1984 a fevereiro de 2016. Colunista, blogueiro. E comentarista de futebol na R\u00e1dio Estad\u00e3o, de 2013 a fevereiro de 2016. Jornalista respons\u00e1vel do \\\"Pr\u00f3speri News\\\" (blogdoprosperi.com).\",\"sameAs\":[\"http:\\\/\\\/blogdoprosperi.com\",\"Luiz Pr\u00f3speri\",\"@luiz_prosperi\",\"https:\\\/\\\/x.com\\\/Luizprosperi\",\"@prosperinacopa\",\"luiz.prosperi@icloud.com\"],\"url\":\"https:\\\/\\\/blogdoprosperi.com\\\/?author=102107496\"}]}<\/script>\n<!-- \/ Yoast SEO plugin. -->","yoast_head_json":{"title":"Vini Jr | O Cavaleiro Solit\u00e1rio Ganha Um Aliado de Respeito - PR\u00d3SPERI NEWS","robots":{"index":"index","follow":"follow","max-snippet":"max-snippet:-1","max-image-preview":"max-image-preview:large","max-video-preview":"max-video-preview:-1"},"canonical":"https:\/\/blogdoprosperi.com\/?p=56328","og_locale":"pt_BR","og_type":"article","og_title":"Vini Jr | O Cavaleiro Solit\u00e1rio Ganha Um Aliado de Respeito - PR\u00d3SPERI NEWS","og_description":"Luiz Ant\u00f4nio Pr\u00f3speri \u2013 18 fevereiro 2026 (12h12) \u2013 Roger Milla faz seu primeiro gol na Copa do [&hellip;]","og_url":"https:\/\/blogdoprosperi.com\/?p=56328","og_site_name":"PR\u00d3SPERI NEWS","article_publisher":"Luiz Pr\u00f3speri","article_author":"Luiz Pr\u00f3speri","article_published_time":"2026-02-18T15:22:30+00:00","article_modified_time":"2026-02-18T15:34:43+00:00","og_image":[{"width":624,"height":624,"url":"https:\/\/i0.wp.com\/blogdoprosperi.com\/wp-content\/uploads\/2026\/02\/hbzmzgtb0aa3zam.jpeg?fit=624%2C624&ssl=1","type":"image\/jpeg"}],"author":"Luiz Ant\u00f4nio Pr\u00f3speri","twitter_card":"summary_large_image","twitter_creator":"@Luizprosperi","twitter_site":"@Luizprosperi","twitter_misc":{"Escrito por":"Luiz Ant\u00f4nio Pr\u00f3speri","Est. tempo de leitura":"2 minutos"},"schema":{"@context":"https:\/\/schema.org","@graph":[{"@type":"Article","@id":"https:\/\/blogdoprosperi.com\/?p=56328#article","isPartOf":{"@id":"https:\/\/blogdoprosperi.com\/?p=56328"},"author":{"name":"Luiz Ant\u00f4nio Pr\u00f3speri","@id":"https:\/\/blogdoprosperi.com\/#\/schema\/person\/38100755ce3601861ee4fab9b5aa78e9"},"headline":"Vini Jr | O Cavaleiro Solit\u00e1rio Ganha Um Aliado de Respeito","datePublished":"2026-02-18T15:22:30+00:00","dateModified":"2026-02-18T15:34:43+00:00","mainEntityOfPage":{"@id":"https:\/\/blogdoprosperi.com\/?p=56328"},"wordCount":460,"commentCount":0,"publisher":{"@id":"https:\/\/blogdoprosperi.com\/#\/schema\/person\/38100755ce3601861ee4fab9b5aa78e9"},"image":{"@id":"https:\/\/blogdoprosperi.com\/?p=56328#primaryimage"},"thumbnailUrl":"https:\/\/i0.wp.com\/blogdoprosperi.com\/wp-content\/uploads\/2026\/02\/hbzmzgtb0aa3zam.jpeg?fit=624%2C624&ssl=1","keywords":["mbapp\u00e9","prestianni","racismo","vinijr"],"articleSection":["futebol","racismo"],"inLanguage":"pt-BR","potentialAction":[{"@type":"CommentAction","name":"Comment","target":["https:\/\/blogdoprosperi.com\/?p=56328#respond"]}]},{"@type":"WebPage","@id":"https:\/\/blogdoprosperi.com\/?p=56328","url":"https:\/\/blogdoprosperi.com\/?p=56328","name":"Vini Jr | O Cavaleiro Solit\u00e1rio Ganha Um Aliado de Respeito - PR\u00d3SPERI NEWS","isPartOf":{"@id":"https:\/\/blogdoprosperi.com\/#website"},"primaryImageOfPage":{"@id":"https:\/\/blogdoprosperi.com\/?p=56328#primaryimage"},"image":{"@id":"https:\/\/blogdoprosperi.com\/?p=56328#primaryimage"},"thumbnailUrl":"https:\/\/i0.wp.com\/blogdoprosperi.com\/wp-content\/uploads\/2026\/02\/hbzmzgtb0aa3zam.jpeg?fit=624%2C624&ssl=1","datePublished":"2026-02-18T15:22:30+00:00","dateModified":"2026-02-18T15:34:43+00:00","breadcrumb":{"@id":"https:\/\/blogdoprosperi.com\/?p=56328#breadcrumb"},"inLanguage":"pt-BR","potentialAction":[{"@type":"ReadAction","target":["https:\/\/blogdoprosperi.com\/?p=56328"]}]},{"@type":"ImageObject","inLanguage":"pt-BR","@id":"https:\/\/blogdoprosperi.com\/?p=56328#primaryimage","url":"https:\/\/i0.wp.com\/blogdoprosperi.com\/wp-content\/uploads\/2026\/02\/hbzmzgtb0aa3zam.jpeg?fit=624%2C624&ssl=1","contentUrl":"https:\/\/i0.wp.com\/blogdoprosperi.com\/wp-content\/uploads\/2026\/02\/hbzmzgtb0aa3zam.jpeg?fit=624%2C624&ssl=1","width":624,"height":624},{"@type":"BreadcrumbList","@id":"https:\/\/blogdoprosperi.com\/?p=56328#breadcrumb","itemListElement":[{"@type":"ListItem","position":1,"name":"In\u00edcio","item":"https:\/\/blogdoprosperi.com\/"},{"@type":"ListItem","position":2,"name":"Vini Jr | O Cavaleiro Solit\u00e1rio Ganha Um Aliado de Respeito"}]},{"@type":"WebSite","@id":"https:\/\/blogdoprosperi.com\/#website","url":"https:\/\/blogdoprosperi.com\/","name":"PR\u00d3SPERI NEWS","description":"TUDO \u00c9  FUTEBOL","publisher":{"@id":"https:\/\/blogdoprosperi.com\/#\/schema\/person\/38100755ce3601861ee4fab9b5aa78e9"},"alternateName":"blogdoprosperi.com","potentialAction":[{"@type":"SearchAction","target":{"@type":"EntryPoint","urlTemplate":"https:\/\/blogdoprosperi.com\/?s={search_term_string}"},"query-input":{"@type":"PropertyValueSpecification","valueRequired":true,"valueName":"search_term_string"}}],"inLanguage":"pt-BR"},{"@type":["Person","Organization"],"@id":"https:\/\/blogdoprosperi.com\/#\/schema\/person\/38100755ce3601861ee4fab9b5aa78e9","name":"Luiz Ant\u00f4nio Pr\u00f3speri","pronouns":"ele","image":{"@type":"ImageObject","inLanguage":"pt-BR","@id":"https:\/\/i0.wp.com\/blogdoprosperi.com\/wp-content\/uploads\/2026\/05\/cropped-8059e613-6002-42fa-961e-8e275f575d71-2-5.jpg?fit=1360%2C931&ssl=1","url":"https:\/\/i0.wp.com\/blogdoprosperi.com\/wp-content\/uploads\/2026\/05\/cropped-8059e613-6002-42fa-961e-8e275f575d71-2-5.jpg?fit=1360%2C931&ssl=1","contentUrl":"https:\/\/i0.wp.com\/blogdoprosperi.com\/wp-content\/uploads\/2026\/05\/cropped-8059e613-6002-42fa-961e-8e275f575d71-2-5.jpg?fit=1360%2C931&ssl=1","width":1360,"height":931,"caption":"Luiz Ant\u00f4nio Pr\u00f3speri"},"logo":{"@id":"https:\/\/i0.wp.com\/blogdoprosperi.com\/wp-content\/uploads\/2026\/05\/cropped-8059e613-6002-42fa-961e-8e275f575d71-2-5.jpg?fit=1360%2C931&ssl=1"},"description":"Jornalista com carreira dedicada ao esporte. Cobriu 9 Copas do Mundo in loco, 1990 na It\u00e1lia, 1994 nos EUA, 1998 na Fran\u00e7a, 2002 na Coreia do Sul e Jap\u00e3o, 2006 na Alemanha, 2010 na \u00c1frica do Sul, 2014 no Brasil, 2018 na R\u00fassia e 2022 no Qatar. Eurocopas, 1992 na Su\u00e9cia e 1996 na Inglaterra. Copa das Confedera\u00e7\u00f5es de 2005 na Alemanha e 2009 na \u00c1frica do Sul. Rep\u00f3rter e Editor, trabalhou no Jornal da Tarde e Estad\u00e3o, de 1984 a fevereiro de 2016. Colunista, blogueiro. E comentarista de futebol na R\u00e1dio Estad\u00e3o, de 2013 a fevereiro de 2016. Jornalista respons\u00e1vel do \"Pr\u00f3speri News\" (blogdoprosperi.com).","sameAs":["http:\/\/blogdoprosperi.com","Luiz Pr\u00f3speri","@luiz_prosperi","https:\/\/x.com\/Luizprosperi","@prosperinacopa","luiz.prosperi@icloud.com"],"url":"https:\/\/blogdoprosperi.com\/?author=102107496"}]}},"jetpack_publicize_connections":[],"jetpack_likes_enabled":false,"jetpack_sharing_enabled":true,"jetpack_shortlink":"https:\/\/wp.me\/p7jvdk-eEw","jetpack-related-posts":[{"id":39502,"url":"https:\/\/blogdoprosperi.com\/?p=39502","url_meta":{"origin":56328,"position":0},"title":"Vini Jr: &#8220;A felicidade de um preto brasileiro, vitorioso na Europa, incomoda muito mais&#8221;","author":"Luiz Ant\u00f4nio Pr\u00f3speri","date":"16 de setembro de 2022","format":false,"excerpt":"RACISMO CRESCE CONTRA JOGADORES PRETOS BRASILEIROS NO FUTERBOL DA EUROPA. VINICIUS JR N\u00c3O PODE DAN\u00c7AR E NEYMAR PUNIDO POR FAZER CARETA NA CELEBRA\u00c7\u00c3O DO GOL","rel":"","context":"Em &quot;catar 2022&quot;","block_context":{"text":"catar 2022","link":"https:\/\/blogdoprosperi.com\/?cat=47094043"},"img":{"alt_text":"","src":"https:\/\/i0.wp.com\/blogdoprosperi.com\/wp-content\/uploads\/2022\/09\/fop5egwxeaggf_u.jpg?fit=1200%2C999&ssl=1&resize=350%2C200","width":350,"height":200,"srcset":"https:\/\/i0.wp.com\/blogdoprosperi.com\/wp-content\/uploads\/2022\/09\/fop5egwxeaggf_u.jpg?fit=1200%2C999&ssl=1&resize=350%2C200 1x, https:\/\/i0.wp.com\/blogdoprosperi.com\/wp-content\/uploads\/2022\/09\/fop5egwxeaggf_u.jpg?fit=1200%2C999&ssl=1&resize=525%2C300 1.5x, https:\/\/i0.wp.com\/blogdoprosperi.com\/wp-content\/uploads\/2022\/09\/fop5egwxeaggf_u.jpg?fit=1200%2C999&ssl=1&resize=700%2C400 2x, https:\/\/i0.wp.com\/blogdoprosperi.com\/wp-content\/uploads\/2022\/09\/fop5egwxeaggf_u.jpg?fit=1200%2C999&ssl=1&resize=1050%2C600 3x"},"classes":[]},{"id":59595,"url":"https:\/\/blogdoprosperi.com\/?p=59595","url_meta":{"origin":56328,"position":1},"title":"Vini Jr assume papel que n\u00e3o \u00e9 seu na Sele\u00e7\u00e3o Brasileira","author":"Luiz Ant\u00f4nio Pr\u00f3speri","date":"20 de junho de 2026","format":false,"excerpt":"Luiz Ant\u00f4nio Pr\u00f3speri, 20 junho 2026 (12h59) Vini Jr \u00e9 destaque no New York Times, jornal global mais respeitado da imprensa internacional. Atribuem a Vini o poss\u00edvel condutor da Sele\u00e7\u00e3o Brasileira rumo ao t\u00e3o proclamado Hexa. Dois jogos com participa\u00e7\u00e3o decisiva do atacante pavimentam essa estrada. Enfim, Vini mostra a\u2026","rel":"","context":"Em &quot;copa 2026&quot;","block_context":{"text":"copa 2026","link":"https:\/\/blogdoprosperi.com\/?cat=36820279"},"img":{"alt_text":"","src":"https:\/\/i0.wp.com\/blogdoprosperi.com\/wp-content\/uploads\/2026\/06\/Captura-de-Tela-2026-06-20-as-13.08.06.png?fit=1200%2C846&ssl=1&resize=350%2C200","width":350,"height":200,"srcset":"https:\/\/i0.wp.com\/blogdoprosperi.com\/wp-content\/uploads\/2026\/06\/Captura-de-Tela-2026-06-20-as-13.08.06.png?fit=1200%2C846&ssl=1&resize=350%2C200 1x, https:\/\/i0.wp.com\/blogdoprosperi.com\/wp-content\/uploads\/2026\/06\/Captura-de-Tela-2026-06-20-as-13.08.06.png?fit=1200%2C846&ssl=1&resize=525%2C300 1.5x, https:\/\/i0.wp.com\/blogdoprosperi.com\/wp-content\/uploads\/2026\/06\/Captura-de-Tela-2026-06-20-as-13.08.06.png?fit=1200%2C846&ssl=1&resize=700%2C400 2x, https:\/\/i0.wp.com\/blogdoprosperi.com\/wp-content\/uploads\/2026\/06\/Captura-de-Tela-2026-06-20-as-13.08.06.png?fit=1200%2C846&ssl=1&resize=1050%2C600 3x"},"classes":[]},{"id":40928,"url":"https:\/\/blogdoprosperi.com\/?p=40928","url_meta":{"origin":56328,"position":2},"title":"Vini Jr sofre racismo dois dias ap\u00f3s morte de Pel\u00e9","author":"Luiz Ant\u00f4nio Pr\u00f3speri","date":"31 de dezembro de 2022","format":false,"excerpt":"Vini Jr sofre racismo de torcedores espanh\u00f3is, dois dias ap\u00f3s a morte de Pel\u00e9, no jogo Valladolid x Real Madrid. Antes de o jogo come\u00e7ar, torcedores respeitaram um minuto de sil\u00eancio e aplausos ao Rei.","rel":"","context":"Em &quot;futebol&quot;","block_context":{"text":"futebol","link":"https:\/\/blogdoprosperi.com\/?cat=53870"},"img":{"alt_text":"","src":"https:\/\/i0.wp.com\/blogdoprosperi.com\/wp-content\/uploads\/2022\/12\/images-4.jpg?fit=238%2C212&ssl=1&resize=350%2C200","width":350,"height":200},"classes":[]},{"id":39594,"url":"https:\/\/blogdoprosperi.com\/?p=39594","url_meta":{"origin":56328,"position":3},"title":"Brasil passeia no pen\u00faltimo amistoso antes da Copa Qatar 2022","author":"Luiz Ant\u00f4nio Pr\u00f3speri","date":"23 de setembro de 2022","format":false,"excerpt":"Sele\u00e7\u00e3o Brasileira vence Gana sem nenhum constrangimento no pen\u00faltimo amistoso antes da estreia na Copa do Mundo Qatar 2022. A vit\u00f3ria por 3 a 0, constru\u00edda no primeiro tempo, tem participa\u00e7\u00e3o decisiva do atacante Richarlison, autor de dois gols, em Le Havre na Fran\u00e7a. Brasil molda o primeiro tempo do\u2026","rel":"","context":"Em &quot;catar 2022&quot;","block_context":{"text":"catar 2022","link":"https:\/\/blogdoprosperi.com\/?cat=47094043"},"img":{"alt_text":"","src":"https:\/\/i0.wp.com\/blogdoprosperi.com\/wp-content\/uploads\/2022\/09\/52379122781_8ca520c918_c.jpg?fit=799%2C533&ssl=1&resize=350%2C200","width":350,"height":200,"srcset":"https:\/\/i0.wp.com\/blogdoprosperi.com\/wp-content\/uploads\/2022\/09\/52379122781_8ca520c918_c.jpg?fit=799%2C533&ssl=1&resize=350%2C200 1x, https:\/\/i0.wp.com\/blogdoprosperi.com\/wp-content\/uploads\/2022\/09\/52379122781_8ca520c918_c.jpg?fit=799%2C533&ssl=1&resize=525%2C300 1.5x, https:\/\/i0.wp.com\/blogdoprosperi.com\/wp-content\/uploads\/2022\/09\/52379122781_8ca520c918_c.jpg?fit=799%2C533&ssl=1&resize=700%2C400 2x"},"classes":[]},{"id":44966,"url":"https:\/\/blogdoprosperi.com\/?p=44966","url_meta":{"origin":56328,"position":4},"title":"Racismo: Vini Jr Corre Risco de N\u00e3o Levar a Bola de Ouro","author":"Luiz Ant\u00f4nio Pr\u00f3speri","date":"5 de setembro de 2024","format":false,"excerpt":"Luiz Ant\u00f4nio Pr\u00f3speri \u2013 publicado em 5 setembro (13h00) Vini Jr est\u00e1 entre os 30 candidatos a levar a Bola de Ouro de melhor jogador do mundo na temporada 2023\/2024. A lista dos indicados pela revista France Football, organizadora da elei\u00e7\u00e3o, saiu nessa quarta-feira (04\/9). Vini Jr \u00e9 o favorito.\u2026","rel":"","context":"Em &quot;futebol&quot;","block_context":{"text":"futebol","link":"https:\/\/blogdoprosperi.com\/?cat=53870"},"img":{"alt_text":"","src":"https:\/\/i0.wp.com\/blogdoprosperi.com\/wp-content\/uploads\/2024\/09\/captura-de-tela-2024-09-04-153349.webp?fit=984%2C1157&ssl=1&resize=350%2C200","width":350,"height":200,"srcset":"https:\/\/i0.wp.com\/blogdoprosperi.com\/wp-content\/uploads\/2024\/09\/captura-de-tela-2024-09-04-153349.webp?fit=984%2C1157&ssl=1&resize=350%2C200 1x, https:\/\/i0.wp.com\/blogdoprosperi.com\/wp-content\/uploads\/2024\/09\/captura-de-tela-2024-09-04-153349.webp?fit=984%2C1157&ssl=1&resize=525%2C300 1.5x, https:\/\/i0.wp.com\/blogdoprosperi.com\/wp-content\/uploads\/2024\/09\/captura-de-tela-2024-09-04-153349.webp?fit=984%2C1157&ssl=1&resize=700%2C400 2x"},"classes":[]},{"id":41716,"url":"https:\/\/blogdoprosperi.com\/?p=41716","url_meta":{"origin":56328,"position":5},"title":"Vini Jr, O Cavaleiro Solit\u00e1rio","author":"Luiz Ant\u00f4nio Pr\u00f3speri","date":"28 de dezembro de 2024","format":false,"excerpt":"Vini Jr j\u00e1 n\u00e3o \u00e9 apenas mais um craque a desfilar na corte do Real Madrid e levar quase todos os pr\u00eamios de melhor do mundo. Assume em 2024 a sina de s\u00edmbolo contra o preconceito.","rel":"","context":"Em &quot;futebol&quot;","block_context":{"text":"futebol","link":"https:\/\/blogdoprosperi.com\/?cat=53870"},"img":{"alt_text":"Vini, o. cavaleiro solit\u00e1rio","src":"https:\/\/i0.wp.com\/blogdoprosperi.com\/wp-content\/uploads\/2023\/05\/vini-jr-e-eleito-o-melhor-jogador-do-mundo-pela-globe-soccer-awards-1130x580-1.webp?fit=1130%2C580&ssl=1&resize=350%2C200","width":350,"height":200,"srcset":"https:\/\/i0.wp.com\/blogdoprosperi.com\/wp-content\/uploads\/2023\/05\/vini-jr-e-eleito-o-melhor-jogador-do-mundo-pela-globe-soccer-awards-1130x580-1.webp?fit=1130%2C580&ssl=1&resize=350%2C200 1x, https:\/\/i0.wp.com\/blogdoprosperi.com\/wp-content\/uploads\/2023\/05\/vini-jr-e-eleito-o-melhor-jogador-do-mundo-pela-globe-soccer-awards-1130x580-1.webp?fit=1130%2C580&ssl=1&resize=525%2C300 1.5x, https:\/\/i0.wp.com\/blogdoprosperi.com\/wp-content\/uploads\/2023\/05\/vini-jr-e-eleito-o-melhor-jogador-do-mundo-pela-globe-soccer-awards-1130x580-1.webp?fit=1130%2C580&ssl=1&resize=700%2C400 2x, https:\/\/i0.wp.com\/blogdoprosperi.com\/wp-content\/uploads\/2023\/05\/vini-jr-e-eleito-o-melhor-jogador-do-mundo-pela-globe-soccer-awards-1130x580-1.webp?fit=1130%2C580&ssl=1&resize=1050%2C600 3x"},"classes":[]}],"jetpack_featured_media_url":"https:\/\/i0.wp.com\/blogdoprosperi.com\/wp-content\/uploads\/2026\/02\/hbzmzgtb0aa3zam.jpeg?fit=624%2C624&ssl=1","_links":{"self":[{"href":"https:\/\/blogdoprosperi.com\/index.php?rest_route=\/wp\/v2\/posts\/56328","targetHints":{"allow":["GET"]}}],"collection":[{"href":"https:\/\/blogdoprosperi.com\/index.php?rest_route=\/wp\/v2\/posts"}],"about":[{"href":"https:\/\/blogdoprosperi.com\/index.php?rest_route=\/wp\/v2\/types\/post"}],"author":[{"embeddable":true,"href":"https:\/\/blogdoprosperi.com\/index.php?rest_route=\/wp\/v2\/users\/102107496"}],"replies":[{"embeddable":true,"href":"https:\/\/blogdoprosperi.com\/index.php?rest_route=%2Fwp%2Fv2%2Fcomments&post=56328"}],"version-history":[{"count":8,"href":"https:\/\/blogdoprosperi.com\/index.php?rest_route=\/wp\/v2\/posts\/56328\/revisions"}],"predecessor-version":[{"id":56343,"href":"https:\/\/blogdoprosperi.com\/index.php?rest_route=\/wp\/v2\/posts\/56328\/revisions\/56343"}],"wp:featuredmedia":[{"embeddable":true,"href":"https:\/\/blogdoprosperi.com\/index.php?rest_route=\/wp\/v2\/media\/56338"}],"wp:attachment":[{"href":"https:\/\/blogdoprosperi.com\/index.php?rest_route=%2Fwp%2Fv2%2Fmedia&parent=56328"}],"wp:term":[{"taxonomy":"category","embeddable":true,"href":"https:\/\/blogdoprosperi.com\/index.php?rest_route=%2Fwp%2Fv2%2Fcategories&post=56328"},{"taxonomy":"post_tag","embeddable":true,"href":"https:\/\/blogdoprosperi.com\/index.php?rest_route=%2Fwp%2Fv2%2Ftags&post=56328"}],"curies":[{"name":"wp","href":"https:\/\/api.w.org\/{rel}","templated":true}]}}