{"id":56505,"date":"2026-03-03T17:33:12","date_gmt":"2026-03-03T20:33:12","guid":{"rendered":"https:\/\/blogdoprosperi.com\/?p=56505"},"modified":"2026-03-03T17:33:12","modified_gmt":"2026-03-03T20:33:12","slug":"o-curioso-caso-de-filipe-luis-e-do-flamengo","status":"publish","type":"post","link":"https:\/\/blogdoprosperi.com\/?p=56505","title":{"rendered":"O Curioso Caso de Filipe Lu\u00eds e do Flamengo"},"content":{"rendered":"<p>Lu\u00eds Felipe demitido na madrugada de ter\u00e7a-feira (03\/3) por exig\u00eancia e ordem do presidente do Flamengo, senhor Luis Eduardo Baptista, o Bap, chama aten\u00e7\u00e3o. Seria curioso n\u00e3o fosse tr\u00e1gico. Como colocar no olho da rua um treinador campe\u00e3o de tudo em apenas 18 meses \u2013 entre 2024 e 2025 \u2013 e ainda ap\u00f3s estrondosos 8 a 0 em cima do fr\u00e1gil Madureira de tantas lendas? Resposta simples: por capricho de um dirigente ainda deslumbrado pelo poder de comandar o clube mais rico do Brasil ou a Ilha dos Tr\u00f3picos no futebol. Pois bem, Filipe Luis j\u00e1 era. A pr\u00f3xima atra\u00e7\u00e3o \u00e9 Leonardo Jardim, da farta escola portuguesa de t\u00e9cnicos de futebol. Acompanhe a seguir como os europeus encaram a queda de Filipe e os movimentos do Bap. Artigo abaixo estava entre dez mais lidos da edi\u00e7\u00e3o online do s\u00e9rio jornal The Guardian da Inglaterra. Desfrute:<\/p>\n<hr \/>\n<p><em>Por Rob Smyth, The Guardian, 3 de mar\u00e7o 2026 (16h28)_<\/em><\/p>\n<p><strong>UM JEITO DIF\u00cdCIL DE (FLAMEN)GO<\/strong><\/p>\n<p><em>Em 2021, durante uma entrevista abrangente ao The Guardian, o veterano lateral-esquerdo do Flamengo, Filipe Lu\u00eds, descreveu seu clube como \u201cprovavelmente o clube mais exigente do mundo\u201d. Na madrugada de ter\u00e7a-feira (03\/3), ele deixou o \u201cprovavelmente\u201d de lado. Filipe Lu\u00eds, ent\u00e3o um t\u00e9cnico de grande sucesso no Flamengo, acabara de ver sua equipe vencer o Madureira por 8 a 0 e chegar a mais uma final do Campeonato Carioca. Apesar disso, e do fato de ter conquistado sete competi\u00e7\u00f5es diferentes em 18 meses no clube, ele foi sumariamente demitido. \u201cO Clube de Regatas do Flamengo informa que Filipe Lu\u00eds n\u00e3o estar\u00e1 mais no comando da equipe profissional\u201d, come\u00e7ava um comunicado oficial que n\u00e3o deixava d\u00favidas sobre sua qualidade. \u201cO Flamengo agradece ao ex-jogador e treinador Filipe Lu\u00eds por tudo o que foi conquistado e compartilhado durante essa trajet\u00f3ria. O clube deseja a ele sucesso e muita sorte na continua\u00e7\u00e3o de sua carreira profissional.\u201d<\/em><\/p>\n<p><em>Um treinador receber esse tratamento ap\u00f3s uma grande vit\u00f3ria n\u00e3o \u00e9 intrinsecamente absurdo \u2013 basta lembrar do jogo de 7 a 1 entre San Marino e Inglaterra em 1993&#8230; \u2013, mas este caso em particular parece bastante ultrajante. Faz menos de dois meses que Filipe Lu\u00eds, de 40 anos e considerado um dos melhores jovens treinadores do mundo, estava na lista de candidatos para substituir Enzo Maresca no Chelsea. Em novembro, o Flamengo venceu o Palmeiras na final da Copa Libertadores e se tornou campe\u00e3o sul-americano. Em dezembro, conquistou o t\u00edtulo brasileiro e levou o Paris Saint-Germain para os p\u00eanaltis na final da Copa Intercontinental, a melhor campanha de uma equipe sul-americana desde 2012.<\/em><\/p>\n<p><em>Filipe Lu\u00eds elevou tanto o n\u00edvel que as derrotas em competi\u00e7\u00f5es menos importantes foram como um balde de \u00e1gua fria. Em fevereiro, o Flamengo perdeu a Supercopa do Brasil e a Recopa Sul-Americana; tamb\u00e9m perdeu os primeiros jogos do campeonato e tr\u00eas partidas no Campeonato Carioca. Mas ainda est\u00e1 firme e forte em ambas as competi\u00e7\u00f5es, tendo vencido o Madureira por 11 a 0 no agregado na semifinal do Carioca. No domingo, enfrentar\u00e1 o grande rival Fluminense na final; uma vit\u00f3ria daria a Filipe Lu\u00eds seu oitavo trof\u00e9u em 101 jogos como t\u00e9cnico do Flamengo. Como muitos observaram, \u00e9 como um clube ingl\u00eas demitir um t\u00e9cnico que ganhou a Premier League e uma Copa maior, mas perdeu a Supercopa da Inglaterra e a Supercopa da Inglaterra no in\u00edcio da temporada seguinte e foi demitido no final de agosto.<\/em><\/p>\n<p><em>Voc\u00ea ficar\u00e1 indignado ao saber que o Football Daily (Guardian) n\u00e3o assistiu a cada minuto dos \u00faltimos 100 jogos do Flamengo, ent\u00e3o n\u00e3o estamos exatamente escondendo teorias sobre o motivo da demiss\u00e3o de Filipe Lu\u00eds. A mais \u00f3bvia \u00e9 uma velha conhecida: <strong>que o mundo inteiro perdeu o ju\u00edzo. O presidente do Flamengo, Luiz Eduardo Baptista \u2013 tamb\u00e9m conhecido como \u201cBap\u201d, e n\u00e3o, um homem de 65 anos realmente n\u00e3o deveria ter um apelido de tr\u00eas letras \u2013 certamente parece ser uma figura peculiar, ent\u00e3o este pode ser simplesmente um caso de um presidente que perdeu completamente o ju\u00edzo.<\/strong> Mas h\u00e1 quem diga que o sucesso de Filipe Lu\u00eds mascarou algumas rachaduras cada vez mais vis\u00edveis: um estilo de jogo prosaico, depend\u00eancia de bolas paradas, neglig\u00eancia com as categorias de base e, pior de tudo, uma recusa obstinada em adotar um apelido de tr\u00eas letras. O Football Daily (Guardian) tem certeza de apenas uma coisa: se os resultados piorarem sob o comando do sucessor de Filipe Lu\u00eds, o bom e velho Bap descobrir\u00e1 o qu\u00e3o exigente o Flamengo pode ser.<\/em><\/p>\n<p><a href=\"https:\/\/www.theguardian.com\/football\/2026\/mar\/03\/sacked-after-8-0-win-filipe-luis-flamengo-football-daily-newsletter\"><em><strong>(mat\u00e9ria publicada no The Guardian)<\/strong><\/em><\/a><\/p>\n","protected":false},"excerpt":{"rendered":"<p>Lu\u00eds Felipe demitido na madrugada de ter\u00e7a-feira (03\/3) por exig\u00eancia e ordem do presidente do Flamengo, senhor Luis [&hellip;]<\/p>\n","protected":false},"author":102107496,"featured_media":47226,"comment_status":"open","ping_status":"open","sticky":false,"template":"","format":"standard","meta":{"_coblocks_attr":"","_coblocks_dimensions":"","_coblocks_responsive_height":"","_coblocks_accordion_ie_support":"","_jetpack_newsletter_access":"","_jetpack_dont_email_post_to_subs":false,"_jetpack_newsletter_tier_id":0,"_jetpack_memberships_contains_paywalled_content":false,"_wpcom_ai_launchpad_first_post":false,"_jetpack_feature_clip_id":0,"_jetpack_memberships_contains_paid_content":false,"footnotes":"","jetpack_publicize_message":"","jetpack_publicize_feature_enabled":true,"jetpack_social_post_already_shared":false,"jetpack_social_options":{"image_generator_settings":{"template":"highway","default_image_id":0,"font":"","enabled":false},"version":2},"jetpack_post_was_ever_published":false},"categories":[53870],"tags":[99353,184554277,449299,565562782],"class_list":["post-56505","post","type-post","status-publish","format-standard","has-post-thumbnail","hentry","category-futebol","tag-bap","tag-filipeluis","tag-flamengo","tag-leonardojardim"],"yoast_head":"<!-- This site is optimized with the Yoast SEO plugin v28.3 - https:\/\/yoast.com\/product\/yoast-seo-wordpress\/ -->\n<title>O Curioso Caso de Filipe Lu\u00eds e do Flamengo - PR\u00d3SPERI NEWS<\/title>\n<meta name=\"robots\" content=\"index, follow, max-snippet:-1, max-image-preview:large, max-video-preview:-1\" \/>\n<link rel=\"canonical\" href=\"https:\/\/blogdoprosperi.com\/?p=56505\" \/>\n<meta property=\"og:locale\" content=\"pt_BR\" \/>\n<meta property=\"og:type\" content=\"article\" \/>\n<meta property=\"og:title\" content=\"O Curioso Caso de Filipe Lu\u00eds e do Flamengo - PR\u00d3SPERI NEWS\" \/>\n<meta property=\"og:description\" content=\"Lu\u00eds Felipe demitido na madrugada de ter\u00e7a-feira (03\/3) por exig\u00eancia e ordem do presidente do Flamengo, senhor Luis [&hellip;]\" \/>\n<meta property=\"og:url\" content=\"https:\/\/blogdoprosperi.com\/?p=56505\" \/>\n<meta property=\"og:site_name\" content=\"PR\u00d3SPERI NEWS\" \/>\n<meta property=\"article:publisher\" content=\"Luiz Pr\u00f3speri\" \/>\n<meta property=\"article:author\" content=\"Luiz Pr\u00f3speri\" \/>\n<meta property=\"article:published_time\" content=\"2026-03-03T20:33:12+00:00\" \/>\n<meta property=\"og:image\" content=\"https:\/\/i0.wp.com\/blogdoprosperi.com\/wp-content\/uploads\/2024\/12\/filipe-luis-tecnico-do-flamengo.webp?fit=1200%2C675&ssl=1\" \/>\n\t<meta property=\"og:image:width\" content=\"1200\" \/>\n\t<meta property=\"og:image:height\" content=\"675\" \/>\n\t<meta property=\"og:image:type\" content=\"image\/webp\" \/>\n<meta name=\"author\" content=\"Luiz Ant\u00f4nio Pr\u00f3speri\" \/>\n<meta name=\"twitter:card\" content=\"summary_large_image\" \/>\n<meta name=\"twitter:creator\" content=\"@Luizprosperi\" \/>\n<meta name=\"twitter:site\" content=\"@Luizprosperi\" \/>\n<meta name=\"twitter:label1\" content=\"Escrito por\" \/>\n\t<meta name=\"twitter:data1\" content=\"Luiz Ant\u00f4nio Pr\u00f3speri\" \/>\n\t<meta name=\"twitter:label2\" content=\"Est. tempo de leitura\" \/>\n\t<meta name=\"twitter:data2\" content=\"4 minutos\" \/>\n<script type=\"application\/ld+json\" class=\"yoast-schema-graph\">{\"@context\":\"https:\\\/\\\/schema.org\",\"@graph\":[{\"@type\":\"Article\",\"@id\":\"https:\\\/\\\/blogdoprosperi.com\\\/?p=56505#article\",\"isPartOf\":{\"@id\":\"https:\\\/\\\/blogdoprosperi.com\\\/?p=56505\"},\"author\":{\"name\":\"Luiz Ant\u00f4nio Pr\u00f3speri\",\"@id\":\"https:\\\/\\\/blogdoprosperi.com\\\/#\\\/schema\\\/person\\\/38100755ce3601861ee4fab9b5aa78e9\"},\"headline\":\"O Curioso Caso de Filipe Lu\u00eds e do Flamengo\",\"datePublished\":\"2026-03-03T20:33:12+00:00\",\"mainEntityOfPage\":{\"@id\":\"https:\\\/\\\/blogdoprosperi.com\\\/?p=56505\"},\"wordCount\":799,\"commentCount\":0,\"publisher\":{\"@id\":\"https:\\\/\\\/blogdoprosperi.com\\\/#\\\/schema\\\/person\\\/38100755ce3601861ee4fab9b5aa78e9\"},\"image\":{\"@id\":\"https:\\\/\\\/blogdoprosperi.com\\\/?p=56505#primaryimage\"},\"thumbnailUrl\":\"https:\\\/\\\/i0.wp.com\\\/blogdoprosperi.com\\\/wp-content\\\/uploads\\\/2024\\\/12\\\/filipe-luis-tecnico-do-flamengo.webp?fit=1200%2C675&ssl=1\",\"keywords\":[\"bap\",\"filipeluis\",\"Flamengo\",\"leonardojardim\"],\"articleSection\":[\"futebol\"],\"inLanguage\":\"pt-BR\",\"potentialAction\":[{\"@type\":\"CommentAction\",\"name\":\"Comment\",\"target\":[\"https:\\\/\\\/blogdoprosperi.com\\\/?p=56505#respond\"]}]},{\"@type\":\"WebPage\",\"@id\":\"https:\\\/\\\/blogdoprosperi.com\\\/?p=56505\",\"url\":\"https:\\\/\\\/blogdoprosperi.com\\\/?p=56505\",\"name\":\"O Curioso Caso de Filipe Lu\u00eds e do Flamengo - PR\u00d3SPERI NEWS\",\"isPartOf\":{\"@id\":\"https:\\\/\\\/blogdoprosperi.com\\\/#website\"},\"primaryImageOfPage\":{\"@id\":\"https:\\\/\\\/blogdoprosperi.com\\\/?p=56505#primaryimage\"},\"image\":{\"@id\":\"https:\\\/\\\/blogdoprosperi.com\\\/?p=56505#primaryimage\"},\"thumbnailUrl\":\"https:\\\/\\\/i0.wp.com\\\/blogdoprosperi.com\\\/wp-content\\\/uploads\\\/2024\\\/12\\\/filipe-luis-tecnico-do-flamengo.webp?fit=1200%2C675&ssl=1\",\"datePublished\":\"2026-03-03T20:33:12+00:00\",\"breadcrumb\":{\"@id\":\"https:\\\/\\\/blogdoprosperi.com\\\/?p=56505#breadcrumb\"},\"inLanguage\":\"pt-BR\",\"potentialAction\":[{\"@type\":\"ReadAction\",\"target\":[\"https:\\\/\\\/blogdoprosperi.com\\\/?p=56505\"]}]},{\"@type\":\"ImageObject\",\"inLanguage\":\"pt-BR\",\"@id\":\"https:\\\/\\\/blogdoprosperi.com\\\/?p=56505#primaryimage\",\"url\":\"https:\\\/\\\/i0.wp.com\\\/blogdoprosperi.com\\\/wp-content\\\/uploads\\\/2024\\\/12\\\/filipe-luis-tecnico-do-flamengo.webp?fit=1200%2C675&ssl=1\",\"contentUrl\":\"https:\\\/\\\/i0.wp.com\\\/blogdoprosperi.com\\\/wp-content\\\/uploads\\\/2024\\\/12\\\/filipe-luis-tecnico-do-flamengo.webp?fit=1200%2C675&ssl=1\",\"width\":1200,\"height\":675,\"caption\":\"Filipe Luis no Flamengo \u2013 foto: Flamengo oficial\"},{\"@type\":\"BreadcrumbList\",\"@id\":\"https:\\\/\\\/blogdoprosperi.com\\\/?p=56505#breadcrumb\",\"itemListElement\":[{\"@type\":\"ListItem\",\"position\":1,\"name\":\"In\u00edcio\",\"item\":\"https:\\\/\\\/blogdoprosperi.com\\\/\"},{\"@type\":\"ListItem\",\"position\":2,\"name\":\"O Curioso Caso de Filipe Lu\u00eds e do Flamengo\"}]},{\"@type\":\"WebSite\",\"@id\":\"https:\\\/\\\/blogdoprosperi.com\\\/#website\",\"url\":\"https:\\\/\\\/blogdoprosperi.com\\\/\",\"name\":\"PR\u00d3SPERI NEWS\",\"description\":\"TUDO \u00c9  FUTEBOL\",\"publisher\":{\"@id\":\"https:\\\/\\\/blogdoprosperi.com\\\/#\\\/schema\\\/person\\\/38100755ce3601861ee4fab9b5aa78e9\"},\"alternateName\":\"blogdoprosperi.com\",\"potentialAction\":[{\"@type\":\"SearchAction\",\"target\":{\"@type\":\"EntryPoint\",\"urlTemplate\":\"https:\\\/\\\/blogdoprosperi.com\\\/?s={search_term_string}\"},\"query-input\":{\"@type\":\"PropertyValueSpecification\",\"valueRequired\":true,\"valueName\":\"search_term_string\"}}],\"inLanguage\":\"pt-BR\"},{\"@type\":[\"Person\",\"Organization\"],\"@id\":\"https:\\\/\\\/blogdoprosperi.com\\\/#\\\/schema\\\/person\\\/38100755ce3601861ee4fab9b5aa78e9\",\"name\":\"Luiz Ant\u00f4nio Pr\u00f3speri\",\"pronouns\":\"ele\",\"image\":{\"@type\":\"ImageObject\",\"inLanguage\":\"pt-BR\",\"@id\":\"https:\\\/\\\/i0.wp.com\\\/blogdoprosperi.com\\\/wp-content\\\/uploads\\\/2026\\\/05\\\/cropped-8059e613-6002-42fa-961e-8e275f575d71-2-5.jpg?fit=1360%2C931&ssl=1\",\"url\":\"https:\\\/\\\/i0.wp.com\\\/blogdoprosperi.com\\\/wp-content\\\/uploads\\\/2026\\\/05\\\/cropped-8059e613-6002-42fa-961e-8e275f575d71-2-5.jpg?fit=1360%2C931&ssl=1\",\"contentUrl\":\"https:\\\/\\\/i0.wp.com\\\/blogdoprosperi.com\\\/wp-content\\\/uploads\\\/2026\\\/05\\\/cropped-8059e613-6002-42fa-961e-8e275f575d71-2-5.jpg?fit=1360%2C931&ssl=1\",\"width\":1360,\"height\":931,\"caption\":\"Luiz Ant\u00f4nio Pr\u00f3speri\"},\"logo\":{\"@id\":\"https:\\\/\\\/i0.wp.com\\\/blogdoprosperi.com\\\/wp-content\\\/uploads\\\/2026\\\/05\\\/cropped-8059e613-6002-42fa-961e-8e275f575d71-2-5.jpg?fit=1360%2C931&ssl=1\"},\"description\":\"Jornalista com carreira dedicada ao esporte. Cobriu 9 Copas do Mundo in loco, 1990 na It\u00e1lia, 1994 nos EUA, 1998 na Fran\u00e7a, 2002 na Coreia do Sul e Jap\u00e3o, 2006 na Alemanha, 2010 na \u00c1frica do Sul, 2014 no Brasil, 2018 na R\u00fassia e 2022 no Qatar. Eurocopas, 1992 na Su\u00e9cia e 1996 na Inglaterra. Copa das Confedera\u00e7\u00f5es de 2005 na Alemanha e 2009 na \u00c1frica do Sul. Rep\u00f3rter e Editor, trabalhou no Jornal da Tarde e Estad\u00e3o, de 1984 a fevereiro de 2016. Colunista, blogueiro. E comentarista de futebol na R\u00e1dio Estad\u00e3o, de 2013 a fevereiro de 2016. Jornalista respons\u00e1vel do \\\"Pr\u00f3speri News\\\" (blogdoprosperi.com).\",\"sameAs\":[\"http:\\\/\\\/blogdoprosperi.com\",\"Luiz Pr\u00f3speri\",\"@luiz_prosperi\",\"https:\\\/\\\/x.com\\\/Luizprosperi\",\"@prosperinacopa\",\"luiz.prosperi@icloud.com\"],\"url\":\"https:\\\/\\\/blogdoprosperi.com\\\/?author=102107496\"}]}<\/script>\n<!-- \/ Yoast SEO plugin. -->","yoast_head_json":{"title":"O Curioso Caso de Filipe Lu\u00eds e do Flamengo - PR\u00d3SPERI NEWS","robots":{"index":"index","follow":"follow","max-snippet":"max-snippet:-1","max-image-preview":"max-image-preview:large","max-video-preview":"max-video-preview:-1"},"canonical":"https:\/\/blogdoprosperi.com\/?p=56505","og_locale":"pt_BR","og_type":"article","og_title":"O Curioso Caso de Filipe Lu\u00eds e do Flamengo - PR\u00d3SPERI NEWS","og_description":"Lu\u00eds Felipe demitido na madrugada de ter\u00e7a-feira (03\/3) por exig\u00eancia e ordem do presidente do Flamengo, senhor Luis [&hellip;]","og_url":"https:\/\/blogdoprosperi.com\/?p=56505","og_site_name":"PR\u00d3SPERI NEWS","article_publisher":"Luiz Pr\u00f3speri","article_author":"Luiz Pr\u00f3speri","article_published_time":"2026-03-03T20:33:12+00:00","og_image":[{"width":1200,"height":675,"url":"https:\/\/i0.wp.com\/blogdoprosperi.com\/wp-content\/uploads\/2024\/12\/filipe-luis-tecnico-do-flamengo.webp?fit=1200%2C675&ssl=1","type":"image\/webp"}],"author":"Luiz Ant\u00f4nio Pr\u00f3speri","twitter_card":"summary_large_image","twitter_creator":"@Luizprosperi","twitter_site":"@Luizprosperi","twitter_misc":{"Escrito por":"Luiz Ant\u00f4nio Pr\u00f3speri","Est. tempo de leitura":"4 minutos"},"schema":{"@context":"https:\/\/schema.org","@graph":[{"@type":"Article","@id":"https:\/\/blogdoprosperi.com\/?p=56505#article","isPartOf":{"@id":"https:\/\/blogdoprosperi.com\/?p=56505"},"author":{"name":"Luiz Ant\u00f4nio Pr\u00f3speri","@id":"https:\/\/blogdoprosperi.com\/#\/schema\/person\/38100755ce3601861ee4fab9b5aa78e9"},"headline":"O Curioso Caso de Filipe Lu\u00eds e do Flamengo","datePublished":"2026-03-03T20:33:12+00:00","mainEntityOfPage":{"@id":"https:\/\/blogdoprosperi.com\/?p=56505"},"wordCount":799,"commentCount":0,"publisher":{"@id":"https:\/\/blogdoprosperi.com\/#\/schema\/person\/38100755ce3601861ee4fab9b5aa78e9"},"image":{"@id":"https:\/\/blogdoprosperi.com\/?p=56505#primaryimage"},"thumbnailUrl":"https:\/\/i0.wp.com\/blogdoprosperi.com\/wp-content\/uploads\/2024\/12\/filipe-luis-tecnico-do-flamengo.webp?fit=1200%2C675&ssl=1","keywords":["bap","filipeluis","Flamengo","leonardojardim"],"articleSection":["futebol"],"inLanguage":"pt-BR","potentialAction":[{"@type":"CommentAction","name":"Comment","target":["https:\/\/blogdoprosperi.com\/?p=56505#respond"]}]},{"@type":"WebPage","@id":"https:\/\/blogdoprosperi.com\/?p=56505","url":"https:\/\/blogdoprosperi.com\/?p=56505","name":"O Curioso Caso de Filipe Lu\u00eds e do Flamengo - PR\u00d3SPERI NEWS","isPartOf":{"@id":"https:\/\/blogdoprosperi.com\/#website"},"primaryImageOfPage":{"@id":"https:\/\/blogdoprosperi.com\/?p=56505#primaryimage"},"image":{"@id":"https:\/\/blogdoprosperi.com\/?p=56505#primaryimage"},"thumbnailUrl":"https:\/\/i0.wp.com\/blogdoprosperi.com\/wp-content\/uploads\/2024\/12\/filipe-luis-tecnico-do-flamengo.webp?fit=1200%2C675&ssl=1","datePublished":"2026-03-03T20:33:12+00:00","breadcrumb":{"@id":"https:\/\/blogdoprosperi.com\/?p=56505#breadcrumb"},"inLanguage":"pt-BR","potentialAction":[{"@type":"ReadAction","target":["https:\/\/blogdoprosperi.com\/?p=56505"]}]},{"@type":"ImageObject","inLanguage":"pt-BR","@id":"https:\/\/blogdoprosperi.com\/?p=56505#primaryimage","url":"https:\/\/i0.wp.com\/blogdoprosperi.com\/wp-content\/uploads\/2024\/12\/filipe-luis-tecnico-do-flamengo.webp?fit=1200%2C675&ssl=1","contentUrl":"https:\/\/i0.wp.com\/blogdoprosperi.com\/wp-content\/uploads\/2024\/12\/filipe-luis-tecnico-do-flamengo.webp?fit=1200%2C675&ssl=1","width":1200,"height":675,"caption":"Filipe Luis no Flamengo \u2013 foto: Flamengo oficial"},{"@type":"BreadcrumbList","@id":"https:\/\/blogdoprosperi.com\/?p=56505#breadcrumb","itemListElement":[{"@type":"ListItem","position":1,"name":"In\u00edcio","item":"https:\/\/blogdoprosperi.com\/"},{"@type":"ListItem","position":2,"name":"O Curioso Caso de Filipe Lu\u00eds e do Flamengo"}]},{"@type":"WebSite","@id":"https:\/\/blogdoprosperi.com\/#website","url":"https:\/\/blogdoprosperi.com\/","name":"PR\u00d3SPERI NEWS","description":"TUDO \u00c9  FUTEBOL","publisher":{"@id":"https:\/\/blogdoprosperi.com\/#\/schema\/person\/38100755ce3601861ee4fab9b5aa78e9"},"alternateName":"blogdoprosperi.com","potentialAction":[{"@type":"SearchAction","target":{"@type":"EntryPoint","urlTemplate":"https:\/\/blogdoprosperi.com\/?s={search_term_string}"},"query-input":{"@type":"PropertyValueSpecification","valueRequired":true,"valueName":"search_term_string"}}],"inLanguage":"pt-BR"},{"@type":["Person","Organization"],"@id":"https:\/\/blogdoprosperi.com\/#\/schema\/person\/38100755ce3601861ee4fab9b5aa78e9","name":"Luiz Ant\u00f4nio Pr\u00f3speri","pronouns":"ele","image":{"@type":"ImageObject","inLanguage":"pt-BR","@id":"https:\/\/i0.wp.com\/blogdoprosperi.com\/wp-content\/uploads\/2026\/05\/cropped-8059e613-6002-42fa-961e-8e275f575d71-2-5.jpg?fit=1360%2C931&ssl=1","url":"https:\/\/i0.wp.com\/blogdoprosperi.com\/wp-content\/uploads\/2026\/05\/cropped-8059e613-6002-42fa-961e-8e275f575d71-2-5.jpg?fit=1360%2C931&ssl=1","contentUrl":"https:\/\/i0.wp.com\/blogdoprosperi.com\/wp-content\/uploads\/2026\/05\/cropped-8059e613-6002-42fa-961e-8e275f575d71-2-5.jpg?fit=1360%2C931&ssl=1","width":1360,"height":931,"caption":"Luiz Ant\u00f4nio Pr\u00f3speri"},"logo":{"@id":"https:\/\/i0.wp.com\/blogdoprosperi.com\/wp-content\/uploads\/2026\/05\/cropped-8059e613-6002-42fa-961e-8e275f575d71-2-5.jpg?fit=1360%2C931&ssl=1"},"description":"Jornalista com carreira dedicada ao esporte. Cobriu 9 Copas do Mundo in loco, 1990 na It\u00e1lia, 1994 nos EUA, 1998 na Fran\u00e7a, 2002 na Coreia do Sul e Jap\u00e3o, 2006 na Alemanha, 2010 na \u00c1frica do Sul, 2014 no Brasil, 2018 na R\u00fassia e 2022 no Qatar. Eurocopas, 1992 na Su\u00e9cia e 1996 na Inglaterra. Copa das Confedera\u00e7\u00f5es de 2005 na Alemanha e 2009 na \u00c1frica do Sul. Rep\u00f3rter e Editor, trabalhou no Jornal da Tarde e Estad\u00e3o, de 1984 a fevereiro de 2016. Colunista, blogueiro. E comentarista de futebol na R\u00e1dio Estad\u00e3o, de 2013 a fevereiro de 2016. Jornalista respons\u00e1vel do \"Pr\u00f3speri News\" (blogdoprosperi.com).","sameAs":["http:\/\/blogdoprosperi.com","Luiz Pr\u00f3speri","@luiz_prosperi","https:\/\/x.com\/Luizprosperi","@prosperinacopa","luiz.prosperi@icloud.com"],"url":"https:\/\/blogdoprosperi.com\/?author=102107496"}]}},"jetpack_publicize_connections":[],"jetpack_likes_enabled":false,"jetpack_sharing_enabled":true,"jetpack_shortlink":"https:\/\/wp.me\/p7jvdk-eHn","jetpack-related-posts":[{"id":52235,"url":"https:\/\/blogdoprosperi.com\/?p=52235","url_meta":{"origin":56505,"position":0},"title":"Filipe Luis Erra, Flamengo Volta para Casa e Vai ao Div\u00e3","author":"Luiz Ant\u00f4nio Pr\u00f3speri","date":"30 de junho de 2025","format":false,"excerpt":"Luiz Ant\u00f4nio Pr\u00f3speri \u2013 30 junho (13h40) \u2013 Flamengo e Filipe Luis est\u00e3o no div\u00e3 ap\u00f3s a queda nas oitavas de final do Mundial de Clubes. A conversa com o psicanalista tem de ser s\u00e9ria. N\u00e3o adianta argumentar ao analista que o \"Bayern Munique \u00e9 superior ao nosso time\". Essa\u2026","rel":"","context":"Em &quot;futebol&quot;","block_context":{"text":"futebol","link":"https:\/\/blogdoprosperi.com\/?cat=53870"},"img":{"alt_text":"Filipe Luis e Flamengo no div\u00e3","src":"https:\/\/i0.wp.com\/blogdoprosperi.com\/wp-content\/uploads\/2025\/06\/54624151254_1ab0965fc3_c.jpg?fit=799%2C533&ssl=1&resize=350%2C200","width":350,"height":200,"srcset":"https:\/\/i0.wp.com\/blogdoprosperi.com\/wp-content\/uploads\/2025\/06\/54624151254_1ab0965fc3_c.jpg?fit=799%2C533&ssl=1&resize=350%2C200 1x, https:\/\/i0.wp.com\/blogdoprosperi.com\/wp-content\/uploads\/2025\/06\/54624151254_1ab0965fc3_c.jpg?fit=799%2C533&ssl=1&resize=525%2C300 1.5x, https:\/\/i0.wp.com\/blogdoprosperi.com\/wp-content\/uploads\/2025\/06\/54624151254_1ab0965fc3_c.jpg?fit=799%2C533&ssl=1&resize=700%2C400 2x"},"classes":[]},{"id":51880,"url":"https:\/\/blogdoprosperi.com\/?p=51880","url_meta":{"origin":56505,"position":1},"title":"Filipe Luis | Coletiva: &#8220;Bayern \u00c9 um Colosso, S\u00f3 Que Em Um Jogo Tudo Pode Acontecer&#8221;","author":"Luiz Ant\u00f4nio Pr\u00f3speri","date":"25 de junho de 2025","format":false,"excerpt":"Filipe Luis fala do confronto entre Flamengo e Bayern Munique nas oitavas do Mundial de Clubes \u00a0e indica como pretende armar seu time. Confira entrevista coletiva do treinador ap\u00f3s empate (1 a 1) contra o Los Angeles FC. V\u00eddeo oficial da Flamengo TV:","rel":"","context":"Em &quot;futebol&quot;","block_context":{"text":"futebol","link":"https:\/\/blogdoprosperi.com\/?cat=53870"},"img":{"alt_text":"Flamengo lidera Brasileir\u00e3o que entra no segundo turno","src":"https:\/\/i0.wp.com\/blogdoprosperi.com\/wp-content\/uploads\/2025\/06\/filipe-luis-flamengo-lafc-mundial-aspect-ratio-512-320.webp?fit=950%2C593&ssl=1&resize=350%2C200","width":350,"height":200,"srcset":"https:\/\/i0.wp.com\/blogdoprosperi.com\/wp-content\/uploads\/2025\/06\/filipe-luis-flamengo-lafc-mundial-aspect-ratio-512-320.webp?fit=950%2C593&ssl=1&resize=350%2C200 1x, https:\/\/i0.wp.com\/blogdoprosperi.com\/wp-content\/uploads\/2025\/06\/filipe-luis-flamengo-lafc-mundial-aspect-ratio-512-320.webp?fit=950%2C593&ssl=1&resize=525%2C300 1.5x, https:\/\/i0.wp.com\/blogdoprosperi.com\/wp-content\/uploads\/2025\/06\/filipe-luis-flamengo-lafc-mundial-aspect-ratio-512-320.webp?fit=950%2C593&ssl=1&resize=700%2C400 2x"},"classes":[]},{"id":49664,"url":"https:\/\/blogdoprosperi.com\/?p=49664","url_meta":{"origin":56505,"position":2},"title":"De Richard R\u00edos a Filipe Luis | Libertadores N\u00e3o se Joga, Se Vence","author":"Luiz Ant\u00f4nio Pr\u00f3speri","date":"10 de abril de 2025","format":false,"excerpt":"\u2666 Palmeiras vence Cerro Porte\u00f1o por 1 a 0, gol de R\u00edos no Allianz Parque. Flamengo perde (2 a 1) do modesto Central C\u00f3rdoba da Argentina no Maracan\u00e3, um Maracanazo \u2666 Se instaura caos no Flamengo, nas palavras de Filipe Luis. Alma encarnada de Richard Rios no Palmeiras Luiz Ant\u00f4nio\u2026","rel":"","context":"Em &quot;futebol&quot;","block_context":{"text":"futebol","link":"https:\/\/blogdoprosperi.com\/?cat=53870"},"img":{"alt_text":"De R\u00edos a Filipe Luis, Libertadores n\u00e3o se joga, se vence","src":"https:\/\/i0.wp.com\/blogdoprosperi.com\/wp-content\/uploads\/2025\/04\/54442229181_983f0b56c7_c.jpg?fit=800%2C450&ssl=1&resize=350%2C200","width":350,"height":200,"srcset":"https:\/\/i0.wp.com\/blogdoprosperi.com\/wp-content\/uploads\/2025\/04\/54442229181_983f0b56c7_c.jpg?fit=800%2C450&ssl=1&resize=350%2C200 1x, https:\/\/i0.wp.com\/blogdoprosperi.com\/wp-content\/uploads\/2025\/04\/54442229181_983f0b56c7_c.jpg?fit=800%2C450&ssl=1&resize=525%2C300 1.5x, https:\/\/i0.wp.com\/blogdoprosperi.com\/wp-content\/uploads\/2025\/04\/54442229181_983f0b56c7_c.jpg?fit=800%2C450&ssl=1&resize=700%2C400 2x"},"classes":[]},{"id":53145,"url":"https:\/\/blogdoprosperi.com\/?p=53145","url_meta":{"origin":56505,"position":3},"title":"V\u00eddeo | Flamengo 2 a 0 S\u00e3o Paulo: Filipe Luis \u2013 &#8220;O Que Pedro Fez Foi Uma Falta de Respeito&#8221;","author":"Luiz Ant\u00f4nio Pr\u00f3speri","date":"12 de julho de 2025","format":false,"excerpt":"Acompanhe entrevista coletiva do t\u00e9cnico Filipe Luis p\u00f3s-jogo Flamengo 2 a 0 S\u00e3o Paulo e os melhores momentos da partida da 13\u00aa rodada do Brasileir\u00e3o. V\u00eddeo oficial Fla TV: Filipe Luis faz duras cr\u00edticas a Pedro, afastado do jogo e com futuro incerto no Flamengo: \"O que aconteceu foi o\u2026","rel":"","context":"Em &quot;brasileir\u00e3o 2025&quot;","block_context":{"text":"brasileir\u00e3o 2025","link":"https:\/\/blogdoprosperi.com\/?cat=775970846"},"img":{"alt_text":"Flamengo 2 a 0 S\u00e3o Paulo, 13\u00aa rodada do Brasileir\u00e3o","src":"https:\/\/i0.wp.com\/blogdoprosperi.com\/wp-content\/uploads\/2025\/07\/54649542972_69be566187_c.jpg?fit=799%2C533&ssl=1&resize=350%2C200","width":350,"height":200,"srcset":"https:\/\/i0.wp.com\/blogdoprosperi.com\/wp-content\/uploads\/2025\/07\/54649542972_69be566187_c.jpg?fit=799%2C533&ssl=1&resize=350%2C200 1x, https:\/\/i0.wp.com\/blogdoprosperi.com\/wp-content\/uploads\/2025\/07\/54649542972_69be566187_c.jpg?fit=799%2C533&ssl=1&resize=525%2C300 1.5x, https:\/\/i0.wp.com\/blogdoprosperi.com\/wp-content\/uploads\/2025\/07\/54649542972_69be566187_c.jpg?fit=799%2C533&ssl=1&resize=700%2C400 2x"},"classes":[]},{"id":48114,"url":"https:\/\/blogdoprosperi.com\/?p=48114","url_meta":{"origin":56505,"position":4},"title":"Sete Toques do Fim de Semana | Flamengo Voa, Neymar Aparece, Palmeiras Vaiado e S\u00e3o Paulo Medroso","author":"Luiz Ant\u00f4nio Pr\u00f3speri","date":"17 de fevereiro de 2025","format":false,"excerpt":"Luiz Ant\u00f4nio Pr\u00f3speri \u2013 17 fevereiro (13h45) \u2013 Flamengo voa nas asas de Filipe Lu\u00eds inspirado em Jorge Jesus. Neymar n\u00e3o perdoa, faz primeiro gol na volta ao Santos e seu pai assume parte da gest\u00e3o do clube. Palmeiras curto e grosso leva vaias no Allianz. S\u00e3o Paulo engata quatro\u2026","rel":"","context":"Em &quot;futebol&quot;","block_context":{"text":"futebol","link":"https:\/\/blogdoprosperi.com\/?cat=53870"},"img":{"alt_text":"Flamengo voa","src":"https:\/\/i0.wp.com\/blogdoprosperi.com\/wp-content\/uploads\/2025\/02\/54329315982_77fe863e74_c.jpg?fit=799%2C534&ssl=1&resize=350%2C200","width":350,"height":200,"srcset":"https:\/\/i0.wp.com\/blogdoprosperi.com\/wp-content\/uploads\/2025\/02\/54329315982_77fe863e74_c.jpg?fit=799%2C534&ssl=1&resize=350%2C200 1x, https:\/\/i0.wp.com\/blogdoprosperi.com\/wp-content\/uploads\/2025\/02\/54329315982_77fe863e74_c.jpg?fit=799%2C534&ssl=1&resize=525%2C300 1.5x, https:\/\/i0.wp.com\/blogdoprosperi.com\/wp-content\/uploads\/2025\/02\/54329315982_77fe863e74_c.jpg?fit=799%2C534&ssl=1&resize=700%2C400 2x"},"classes":[]},{"id":52208,"url":"https:\/\/blogdoprosperi.com\/?p=52208","url_meta":{"origin":56505,"position":5},"title":"Flamengo | Filipe Luis: &#8220;\u00c9 um Time Superior a N\u00f3s, Simples Assim&#8221;","author":"Luiz Ant\u00f4nio Pr\u00f3speri","date":"30 de junho de 2025","format":false,"excerpt":"Acompanhe entrevista coletiva de Filipe Lu\u00eds p\u00f3s-jogo Bayern Munique 4 a 2 Flamengo. Derrota manda Flamengo para casa e Bayern enfrenta PSG nas quartas de final: \"Tomamos o gol de escanteio, depois tomamos o segundo gol em um erro de sa\u00edda de bola, depois tivemos volume e acabamos fazendo 2\u2026","rel":"","context":"Em &quot;futebol&quot;","block_context":{"text":"futebol","link":"https:\/\/blogdoprosperi.com\/?cat=53870"},"img":{"alt_text":"Flamengo 2 a 4 Bayern Munique","src":"https:\/\/i0.wp.com\/blogdoprosperi.com\/wp-content\/uploads\/2025\/06\/54622370648_4632076f35_c.jpg?fit=799%2C533&ssl=1&resize=350%2C200","width":350,"height":200,"srcset":"https:\/\/i0.wp.com\/blogdoprosperi.com\/wp-content\/uploads\/2025\/06\/54622370648_4632076f35_c.jpg?fit=799%2C533&ssl=1&resize=350%2C200 1x, https:\/\/i0.wp.com\/blogdoprosperi.com\/wp-content\/uploads\/2025\/06\/54622370648_4632076f35_c.jpg?fit=799%2C533&ssl=1&resize=525%2C300 1.5x, https:\/\/i0.wp.com\/blogdoprosperi.com\/wp-content\/uploads\/2025\/06\/54622370648_4632076f35_c.jpg?fit=799%2C533&ssl=1&resize=700%2C400 2x"},"classes":[]}],"jetpack_featured_media_url":"https:\/\/i0.wp.com\/blogdoprosperi.com\/wp-content\/uploads\/2024\/12\/filipe-luis-tecnico-do-flamengo.webp?fit=1200%2C675&ssl=1","_links":{"self":[{"href":"https:\/\/blogdoprosperi.com\/index.php?rest_route=\/wp\/v2\/posts\/56505","targetHints":{"allow":["GET"]}}],"collection":[{"href":"https:\/\/blogdoprosperi.com\/index.php?rest_route=\/wp\/v2\/posts"}],"about":[{"href":"https:\/\/blogdoprosperi.com\/index.php?rest_route=\/wp\/v2\/types\/post"}],"author":[{"embeddable":true,"href":"https:\/\/blogdoprosperi.com\/index.php?rest_route=\/wp\/v2\/users\/102107496"}],"replies":[{"embeddable":true,"href":"https:\/\/blogdoprosperi.com\/index.php?rest_route=%2Fwp%2Fv2%2Fcomments&post=56505"}],"version-history":[{"count":3,"href":"https:\/\/blogdoprosperi.com\/index.php?rest_route=\/wp\/v2\/posts\/56505\/revisions"}],"predecessor-version":[{"id":56508,"href":"https:\/\/blogdoprosperi.com\/index.php?rest_route=\/wp\/v2\/posts\/56505\/revisions\/56508"}],"wp:featuredmedia":[{"embeddable":true,"href":"https:\/\/blogdoprosperi.com\/index.php?rest_route=\/wp\/v2\/media\/47226"}],"wp:attachment":[{"href":"https:\/\/blogdoprosperi.com\/index.php?rest_route=%2Fwp%2Fv2%2Fmedia&parent=56505"}],"wp:term":[{"taxonomy":"category","embeddable":true,"href":"https:\/\/blogdoprosperi.com\/index.php?rest_route=%2Fwp%2Fv2%2Fcategories&post=56505"},{"taxonomy":"post_tag","embeddable":true,"href":"https:\/\/blogdoprosperi.com\/index.php?rest_route=%2Fwp%2Fv2%2Ftags&post=56505"}],"curies":[{"name":"wp","href":"https:\/\/api.w.org\/{rel}","templated":true}]}}