{"id":56510,"date":"2026-03-03T18:59:11","date_gmt":"2026-03-03T21:59:11","guid":{"rendered":"https:\/\/blogdoprosperi.com\/?p=56510"},"modified":"2026-03-03T18:59:11","modified_gmt":"2026-03-03T21:59:11","slug":"copa-2026-cem-dias-sem-rodrygo-ancelotti-pensa-em-neymar","status":"publish","type":"post","link":"https:\/\/blogdoprosperi.com\/?p=56510","title":{"rendered":"Copa 2026 \u2013 Cem Dias | Sem Rodrygo, Ancelotti Pensa em Neymar"},"content":{"rendered":"<p><em>Luiz Ant\u00f4nio Pr\u00f3speri \u2013 3 mar\u00e7o 2026 (17h49) \u2013<\/em><\/p>\n<p>Estamos a cem dias da abertura da Copa do Mundo 2026. A Fifa celebra com um p\u00f4ster alusivo \u00e0 data. Enquanto isso, a guerra no Oriente M\u00e9dio imposta por Estados Unidos e Israel enche de incertezas sele\u00e7\u00f5es daquela regi\u00e3o classificadas a disputar a Copa. Torcedores de todos os cantos do mundo, antes inseguros com a\u00e7\u00e3o do ICE (pol\u00edcia anti-imigra\u00e7\u00e3o de Donald Trump), agora temem os efeitos da conflito no Ir\u00e3. A Fifa, de m\u00e3os dadas a Trump, parece tranquila. E no Brasil, o italiano Carlo Ancelotti ganha a primeira dor de cabe\u00e7a com a not\u00edcia de que Rodrygo, atacante do Real Madrid, est\u00e1 fora da Copa ao esgar\u00e7ar o joelho direito. \u00c9 chegada a hora de Neymar?<\/p>\n<p>A Guerra no Oriente M\u00e9dio n\u00e3o deve mover montanhas at\u00e9 aqui a respeito da realiza\u00e7\u00e3o da Copa do Mundo nos Estados Unidos, M\u00e9xico e Canad\u00e1. Trump precisa do circo do futebol para vender sua Am\u00e9rica. A Fifa n\u00e3o contraria Trump. Quem n\u00e3o se lembra do Trof\u00e9u da Paz, criado por Gianni Infantino, presidente da Fifa, apenas para agradar Trump?<\/p>\n<p>Ir\u00e3 fora da Copa? De imediato, a Fifa pode conceder a vaga a outro pa\u00eds, mesmo sem cumprir regulamento interno da entidade.<\/p>\n<p>Problema maior seria alguma pot\u00eancia da Europa sugerir boicote. A Espanha, por exemplo. Trump amea\u00e7a cortar rela\u00e7\u00f5es comerciais com a Espanha, caso o pa\u00eds continue pendendo a apoiar o Ir\u00e3 na guerra armada por EUA e Israel.<\/p>\n<p>Quem mais da Europa toparia um boicote \u00e0 Copa de Trump\/Infantino?<\/p>\n<p>Venda de ingressos aos jogos continua. Por enquanto, sem um balan\u00e7o oficial mais preciso das vendas.<\/p>\n<p>E as principais sele\u00e7\u00f5es se preparam para encarar a pr\u00f3xima Data-Fifa de amistosos, na \u00faltima semana desse m\u00eas de mar\u00e7o, e derradeira at\u00e9 o Mundial \u2013 de 11 de junho a 14 de julho.<\/p>\n<p>Nesse caso dos pr\u00f3ximos amistosos, a\u00ed sim a Copa se torna mais vis\u00edvel.<\/p>\n<p>\u00c9 o que veremos, por exemplo, na convoca\u00e7\u00e3o de Carlo Ancelotti. O italiano espalhou que a lista dos convocados a esses dois amistosos \u2013 contra Fran\u00e7a e Cro\u00e1cia \u2013 seria quase a definitiva da Sele\u00e7\u00e3o Brasileira pensando no time da Copa do Mundo.<\/p>\n<p>At\u00e9 esta ter\u00e7a-feira (03\/3), Ancelotti estava tranquilo. A\u00ed vem a not\u00edcia de que Rodrygo, um de seus principais eleitos na forma\u00e7\u00e3o do escrete, est\u00e1 fora da Copa ao romper os ligamentos cruzados do joelho direito.<\/p>\n<p>Sem Rodrygo, vai sobrar uma vaga na linha de frente da Sele\u00e7\u00e3o. Ancelotti, parece, convocaria Endrick e Gabriel Jesus nessa \u00faltima chamada para definir o grupo de atacantes.<\/p>\n<p>Agora, com aus\u00eancia de Rodrygo, \u00e9 prov\u00e1vel que o italiano mire Neymar. O craque de 34 anos, ainda alinhando os m\u00fasculos e os neur\u00f4nios em busca de uma chamada para sua quarta Copa do Mundo, \u00e9 a bola da vez.<\/p>\n<p>Rodrygo por Neymar. E estamos conversados.<\/p>\n<hr \/>\n<p><em>Veja v\u00eddeo do poster comemorativo dos Cem Dias da Copa:<\/em><\/p>\n<blockquote class=\"instagram-media\" data-instgrm-captioned data-instgrm-permalink=\"https:\/\/www.instagram.com\/reel\/DVbaChdCLGd\/?utm_source=ig_embed&amp;utm_campaign=loading\" data-instgrm-version=\"14\" style=\" background:#FFF; border:0; border-radius:3px; box-shadow:0 0 1px 0 rgba(0,0,0,0.5),0 1px 10px 0 rgba(0,0,0,0.15); margin: 1px; max-width:658px; min-width:326px; padding:0; width:99.375%; width:-webkit-calc(100% - 2px); width:calc(100% - 2px);\">\n<div style=\"padding:16px;\"> <a href=\"https:\/\/www.instagram.com\/reel\/DVbaChdCLGd\/?utm_source=ig_embed&amp;utm_campaign=loading\" style=\" background:#FFFFFF; line-height:0; padding:0 0; text-align:center; text-decoration:none; width:100%;\" target=\"_blank\"> <\/p>\n<div style=\" display: flex; flex-direction: row; align-items: center;\">\n<div style=\"background-color: #F4F4F4; border-radius: 50%; flex-grow: 0; height: 40px; margin-right: 14px; width: 40px;\"><\/div>\n<div style=\"display: flex; flex-direction: column; flex-grow: 1; justify-content: center;\">\n<div style=\" background-color: #F4F4F4; border-radius: 4px; flex-grow: 0; height: 14px; margin-bottom: 6px; width: 100px;\"><\/div>\n<div style=\" background-color: #F4F4F4; border-radius: 4px; flex-grow: 0; height: 14px; width: 60px;\"><\/div>\n<\/div>\n<\/div>\n<div style=\"padding: 19% 0;\"><\/div>\n<div style=\"display:block; height:50px; margin:0 auto 12px; width:50px;\"><svg width=\"50px\" height=\"50px\" viewBox=\"0 0 60 60\" version=\"1.1\" xmlns=\"https:\/\/www.w3.org\/2000\/svg\" xmlns:xlink=\"https:\/\/www.w3.org\/1999\/xlink\"><g stroke=\"none\" stroke-width=\"1\" fill=\"none\" fill-rule=\"evenodd\"><g transform=\"translate(-511.000000, -20.000000)\" fill=\"#000000\"><g><path d=\"M556.869,30.41 C554.814,30.41 553.148,32.076 553.148,34.131 C553.148,36.186 554.814,37.852 556.869,37.852 C558.924,37.852 560.59,36.186 560.59,34.131 C560.59,32.076 558.924,30.41 556.869,30.41 M541,60.657 C535.114,60.657 530.342,55.887 530.342,50 C530.342,44.114 535.114,39.342 541,39.342 C546.887,39.342 551.658,44.114 551.658,50 C551.658,55.887 546.887,60.657 541,60.657 M541,33.886 C532.1,33.886 524.886,41.1 524.886,50 C524.886,58.899 532.1,66.113 541,66.113 C549.9,66.113 557.115,58.899 557.115,50 C557.115,41.1 549.9,33.886 541,33.886 M565.378,62.101 C565.244,65.022 564.756,66.606 564.346,67.663 C563.803,69.06 563.154,70.057 562.106,71.106 C561.058,72.155 560.06,72.803 558.662,73.347 C557.607,73.757 556.021,74.244 553.102,74.378 C549.944,74.521 548.997,74.552 541,74.552 C533.003,74.552 532.056,74.521 528.898,74.378 C525.979,74.244 524.393,73.757 523.338,73.347 C521.94,72.803 520.942,72.155 519.894,71.106 C518.846,70.057 518.197,69.06 517.654,67.663 C517.244,66.606 516.755,65.022 516.623,62.101 C516.479,58.943 516.448,57.996 516.448,50 C516.448,42.003 516.479,41.056 516.623,37.899 C516.755,34.978 517.244,33.391 517.654,32.338 C518.197,30.938 518.846,29.942 519.894,28.894 C520.942,27.846 521.94,27.196 523.338,26.654 C524.393,26.244 525.979,25.756 528.898,25.623 C532.057,25.479 533.004,25.448 541,25.448 C548.997,25.448 549.943,25.479 553.102,25.623 C556.021,25.756 557.607,26.244 558.662,26.654 C560.06,27.196 561.058,27.846 562.106,28.894 C563.154,29.942 563.803,30.938 564.346,32.338 C564.756,33.391 565.244,34.978 565.378,37.899 C565.522,41.056 565.552,42.003 565.552,50 C565.552,57.996 565.522,58.943 565.378,62.101 M570.82,37.631 C570.674,34.438 570.167,32.258 569.425,30.349 C568.659,28.377 567.633,26.702 565.965,25.035 C564.297,23.368 562.623,22.342 560.652,21.575 C558.743,20.834 556.562,20.326 553.369,20.18 C550.169,20.033 549.148,20 541,20 C532.853,20 531.831,20.033 528.631,20.18 C525.438,20.326 523.257,20.834 521.349,21.575 C519.376,22.342 517.703,23.368 516.035,25.035 C514.368,26.702 513.342,28.377 512.574,30.349 C511.834,32.258 511.326,34.438 511.181,37.631 C511.035,40.831 511,41.851 511,50 C511,58.147 511.035,59.17 511.181,62.369 C511.326,65.562 511.834,67.743 512.574,69.651 C513.342,71.625 514.368,73.296 516.035,74.965 C517.703,76.634 519.376,77.658 521.349,78.425 C523.257,79.167 525.438,79.673 528.631,79.82 C531.831,79.965 532.853,80.001 541,80.001 C549.148,80.001 550.169,79.965 553.369,79.82 C556.562,79.673 558.743,79.167 560.652,78.425 C562.623,77.658 564.297,76.634 565.965,74.965 C567.633,73.296 568.659,71.625 569.425,69.651 C570.167,67.743 570.674,65.562 570.82,62.369 C570.966,59.17 571,58.147 571,50 C571,41.851 570.966,40.831 570.82,37.631\"><\/path><\/g><\/g><\/g><\/svg><\/div>\n<div style=\"padding-top: 8px;\">\n<div style=\" color:#3897f0; font-family:Arial,sans-serif; font-size:14px; font-style:normal; font-weight:550; line-height:18px;\">View this post on Instagram<\/div>\n<\/div>\n<div style=\"padding: 12.5% 0;\"><\/div>\n<div style=\"display: flex; flex-direction: row; margin-bottom: 14px; align-items: center;\">\n<div>\n<div style=\"background-color: #F4F4F4; border-radius: 50%; height: 12.5px; width: 12.5px; transform: translateX(0px) translateY(7px);\"><\/div>\n<div style=\"background-color: #F4F4F4; height: 12.5px; transform: rotate(-45deg) translateX(3px) translateY(1px); width: 12.5px; flex-grow: 0; margin-right: 14px; margin-left: 2px;\"><\/div>\n<div style=\"background-color: #F4F4F4; border-radius: 50%; height: 12.5px; width: 12.5px; transform: translateX(9px) translateY(-18px);\"><\/div>\n<\/div>\n<div style=\"margin-left: 8px;\">\n<div style=\" background-color: #F4F4F4; border-radius: 50%; flex-grow: 0; height: 20px; width: 20px;\"><\/div>\n<div style=\" width: 0; height: 0; border-top: 2px solid transparent; border-left: 6px solid #f4f4f4; border-bottom: 2px solid transparent; transform: translateX(16px) translateY(-4px) rotate(30deg)\"><\/div>\n<\/div>\n<div style=\"margin-left: auto;\">\n<div style=\" width: 0px; border-top: 8px solid #F4F4F4; border-right: 8px solid transparent; transform: translateY(16px);\"><\/div>\n<div style=\" background-color: #F4F4F4; flex-grow: 0; height: 12px; width: 16px; transform: translateY(-4px);\"><\/div>\n<div style=\" width: 0; height: 0; border-top: 8px solid #F4F4F4; border-left: 8px solid transparent; transform: translateY(-4px) translateX(8px);\"><\/div>\n<\/div>\n<\/div>\n<div style=\"display: flex; flex-direction: column; flex-grow: 1; justify-content: center; margin-bottom: 24px;\">\n<div style=\" background-color: #F4F4F4; border-radius: 4px; flex-grow: 0; height: 14px; margin-bottom: 6px; width: 224px;\"><\/div>\n<div style=\" background-color: #F4F4F4; border-radius: 4px; flex-grow: 0; height: 14px; width: 144px;\"><\/div>\n<\/div>\n<p><\/a><\/div>\n<\/blockquote>\n<p><script async src=\"\/\/platform.instagram.com\/en_US\/embeds.js\"><\/script><\/p>\n","protected":false},"excerpt":{"rendered":"<p>Luiz Ant\u00f4nio Pr\u00f3speri \u2013 3 mar\u00e7o 2026 (17h49) \u2013 Estamos a cem dias da abertura da Copa do [&hellip;]<\/p>\n","protected":false},"author":102107496,"featured_media":56516,"comment_status":"open","ping_status":"open","sticky":false,"template":"","format":"standard","meta":{"_coblocks_attr":"","_coblocks_dimensions":"","_coblocks_responsive_height":"","_coblocks_accordion_ie_support":"","_jetpack_newsletter_access":"","_jetpack_dont_email_post_to_subs":false,"_jetpack_newsletter_tier_id":0,"_jetpack_memberships_contains_paywalled_content":false,"_wpcom_ai_launchpad_first_post":false,"_jetpack_feature_clip_id":0,"_jetpack_memberships_contains_paid_content":false,"footnotes":"","jetpack_publicize_message":"","jetpack_publicize_feature_enabled":true,"jetpack_social_post_already_shared":false,"jetpack_social_options":{"image_generator_settings":{"template":"highway","default_image_id":0,"font":"","enabled":false},"version":2},"jetpack_post_was_ever_published":false},"categories":[36820279,53870],"tags":[787829114,4112146,66705201],"class_list":["post-56510","post","type-post","status-publish","format-standard","has-post-thumbnail","hentry","category-copa-2026","category-futebol","tag-copa2026cemdias","tag-neymar","tag-rodrygo"],"yoast_head":"<!-- This site is optimized with the Yoast SEO plugin v28.3 - https:\/\/yoast.com\/product\/yoast-seo-wordpress\/ -->\n<title>Copa 2026 \u2013 Cem Dias | Sem Rodrygo, Ancelotti Pensa em Neymar - PR\u00d3SPERI NEWS<\/title>\n<meta name=\"robots\" content=\"index, follow, max-snippet:-1, max-image-preview:large, max-video-preview:-1\" \/>\n<link rel=\"canonical\" href=\"https:\/\/blogdoprosperi.com\/?p=56510\" \/>\n<meta property=\"og:locale\" content=\"pt_BR\" \/>\n<meta property=\"og:type\" content=\"article\" \/>\n<meta property=\"og:title\" content=\"Copa 2026 \u2013 Cem Dias | Sem Rodrygo, Ancelotti Pensa em Neymar - PR\u00d3SPERI NEWS\" \/>\n<meta property=\"og:description\" content=\"Luiz Ant\u00f4nio Pr\u00f3speri \u2013 3 mar\u00e7o 2026 (17h49) \u2013 Estamos a cem dias da abertura da Copa do [&hellip;]\" \/>\n<meta property=\"og:url\" content=\"https:\/\/blogdoprosperi.com\/?p=56510\" \/>\n<meta property=\"og:site_name\" content=\"PR\u00d3SPERI NEWS\" \/>\n<meta property=\"article:publisher\" content=\"Luiz Pr\u00f3speri\" \/>\n<meta property=\"article:author\" content=\"Luiz Pr\u00f3speri\" \/>\n<meta property=\"article:published_time\" content=\"2026-03-03T21:59:11+00:00\" \/>\n<meta property=\"og:image\" content=\"https:\/\/i0.wp.com\/blogdoprosperi.com\/wp-content\/uploads\/2026\/03\/captura-de-tela-2026-03-03-as-18.48.44.png?fit=1744%2C986&ssl=1\" \/>\n\t<meta property=\"og:image:width\" content=\"1744\" \/>\n\t<meta property=\"og:image:height\" content=\"986\" \/>\n\t<meta property=\"og:image:type\" content=\"image\/png\" \/>\n<meta name=\"author\" content=\"Luiz Ant\u00f4nio Pr\u00f3speri\" \/>\n<meta name=\"twitter:card\" content=\"summary_large_image\" \/>\n<meta name=\"twitter:creator\" content=\"@Luizprosperi\" \/>\n<meta name=\"twitter:site\" content=\"@Luizprosperi\" \/>\n<meta name=\"twitter:label1\" content=\"Escrito por\" \/>\n\t<meta name=\"twitter:data1\" content=\"Luiz Ant\u00f4nio Pr\u00f3speri\" \/>\n\t<meta name=\"twitter:label2\" content=\"Est. tempo de leitura\" \/>\n\t<meta name=\"twitter:data2\" content=\"3 minutos\" \/>\n<script type=\"application\/ld+json\" class=\"yoast-schema-graph\">{\"@context\":\"https:\\\/\\\/schema.org\",\"@graph\":[{\"@type\":\"Article\",\"@id\":\"https:\\\/\\\/blogdoprosperi.com\\\/?p=56510#article\",\"isPartOf\":{\"@id\":\"https:\\\/\\\/blogdoprosperi.com\\\/?p=56510\"},\"author\":{\"name\":\"Luiz Ant\u00f4nio Pr\u00f3speri\",\"@id\":\"https:\\\/\\\/blogdoprosperi.com\\\/#\\\/schema\\\/person\\\/38100755ce3601861ee4fab9b5aa78e9\"},\"headline\":\"Copa 2026 \u2013 Cem Dias | Sem Rodrygo, Ancelotti Pensa em Neymar\",\"datePublished\":\"2026-03-03T21:59:11+00:00\",\"mainEntityOfPage\":{\"@id\":\"https:\\\/\\\/blogdoprosperi.com\\\/?p=56510\"},\"wordCount\":531,\"commentCount\":0,\"publisher\":{\"@id\":\"https:\\\/\\\/blogdoprosperi.com\\\/#\\\/schema\\\/person\\\/38100755ce3601861ee4fab9b5aa78e9\"},\"image\":{\"@id\":\"https:\\\/\\\/blogdoprosperi.com\\\/?p=56510#primaryimage\"},\"thumbnailUrl\":\"https:\\\/\\\/i0.wp.com\\\/blogdoprosperi.com\\\/wp-content\\\/uploads\\\/2026\\\/03\\\/captura-de-tela-2026-03-03-as-18.48.44.png?fit=1744%2C986&ssl=1\",\"keywords\":[\"copa2026cemdias\",\"Neymar\",\"rodrygo\"],\"articleSection\":[\"copa 2026\",\"futebol\"],\"inLanguage\":\"pt-BR\",\"potentialAction\":[{\"@type\":\"CommentAction\",\"name\":\"Comment\",\"target\":[\"https:\\\/\\\/blogdoprosperi.com\\\/?p=56510#respond\"]}]},{\"@type\":\"WebPage\",\"@id\":\"https:\\\/\\\/blogdoprosperi.com\\\/?p=56510\",\"url\":\"https:\\\/\\\/blogdoprosperi.com\\\/?p=56510\",\"name\":\"Copa 2026 \u2013 Cem Dias | Sem Rodrygo, Ancelotti Pensa em Neymar - PR\u00d3SPERI NEWS\",\"isPartOf\":{\"@id\":\"https:\\\/\\\/blogdoprosperi.com\\\/#website\"},\"primaryImageOfPage\":{\"@id\":\"https:\\\/\\\/blogdoprosperi.com\\\/?p=56510#primaryimage\"},\"image\":{\"@id\":\"https:\\\/\\\/blogdoprosperi.com\\\/?p=56510#primaryimage\"},\"thumbnailUrl\":\"https:\\\/\\\/i0.wp.com\\\/blogdoprosperi.com\\\/wp-content\\\/uploads\\\/2026\\\/03\\\/captura-de-tela-2026-03-03-as-18.48.44.png?fit=1744%2C986&ssl=1\",\"datePublished\":\"2026-03-03T21:59:11+00:00\",\"breadcrumb\":{\"@id\":\"https:\\\/\\\/blogdoprosperi.com\\\/?p=56510#breadcrumb\"},\"inLanguage\":\"pt-BR\",\"potentialAction\":[{\"@type\":\"ReadAction\",\"target\":[\"https:\\\/\\\/blogdoprosperi.com\\\/?p=56510\"]}]},{\"@type\":\"ImageObject\",\"inLanguage\":\"pt-BR\",\"@id\":\"https:\\\/\\\/blogdoprosperi.com\\\/?p=56510#primaryimage\",\"url\":\"https:\\\/\\\/i0.wp.com\\\/blogdoprosperi.com\\\/wp-content\\\/uploads\\\/2026\\\/03\\\/captura-de-tela-2026-03-03-as-18.48.44.png?fit=1744%2C986&ssl=1\",\"contentUrl\":\"https:\\\/\\\/i0.wp.com\\\/blogdoprosperi.com\\\/wp-content\\\/uploads\\\/2026\\\/03\\\/captura-de-tela-2026-03-03-as-18.48.44.png?fit=1744%2C986&ssl=1\",\"width\":1744,\"height\":986,\"caption\":\"Rodrygo e Neymar \u2013 foto: CBF oficial\"},{\"@type\":\"BreadcrumbList\",\"@id\":\"https:\\\/\\\/blogdoprosperi.com\\\/?p=56510#breadcrumb\",\"itemListElement\":[{\"@type\":\"ListItem\",\"position\":1,\"name\":\"In\u00edcio\",\"item\":\"https:\\\/\\\/blogdoprosperi.com\\\/\"},{\"@type\":\"ListItem\",\"position\":2,\"name\":\"Copa 2026 \u2013 Cem Dias | Sem Rodrygo, Ancelotti Pensa em Neymar\"}]},{\"@type\":\"WebSite\",\"@id\":\"https:\\\/\\\/blogdoprosperi.com\\\/#website\",\"url\":\"https:\\\/\\\/blogdoprosperi.com\\\/\",\"name\":\"PR\u00d3SPERI NEWS\",\"description\":\"TUDO \u00c9  FUTEBOL\",\"publisher\":{\"@id\":\"https:\\\/\\\/blogdoprosperi.com\\\/#\\\/schema\\\/person\\\/38100755ce3601861ee4fab9b5aa78e9\"},\"alternateName\":\"blogdoprosperi.com\",\"potentialAction\":[{\"@type\":\"SearchAction\",\"target\":{\"@type\":\"EntryPoint\",\"urlTemplate\":\"https:\\\/\\\/blogdoprosperi.com\\\/?s={search_term_string}\"},\"query-input\":{\"@type\":\"PropertyValueSpecification\",\"valueRequired\":true,\"valueName\":\"search_term_string\"}}],\"inLanguage\":\"pt-BR\"},{\"@type\":[\"Person\",\"Organization\"],\"@id\":\"https:\\\/\\\/blogdoprosperi.com\\\/#\\\/schema\\\/person\\\/38100755ce3601861ee4fab9b5aa78e9\",\"name\":\"Luiz Ant\u00f4nio Pr\u00f3speri\",\"pronouns\":\"ele\",\"image\":{\"@type\":\"ImageObject\",\"inLanguage\":\"pt-BR\",\"@id\":\"https:\\\/\\\/i0.wp.com\\\/blogdoprosperi.com\\\/wp-content\\\/uploads\\\/2026\\\/05\\\/cropped-8059e613-6002-42fa-961e-8e275f575d71-2-5.jpg?fit=1360%2C931&ssl=1\",\"url\":\"https:\\\/\\\/i0.wp.com\\\/blogdoprosperi.com\\\/wp-content\\\/uploads\\\/2026\\\/05\\\/cropped-8059e613-6002-42fa-961e-8e275f575d71-2-5.jpg?fit=1360%2C931&ssl=1\",\"contentUrl\":\"https:\\\/\\\/i0.wp.com\\\/blogdoprosperi.com\\\/wp-content\\\/uploads\\\/2026\\\/05\\\/cropped-8059e613-6002-42fa-961e-8e275f575d71-2-5.jpg?fit=1360%2C931&ssl=1\",\"width\":1360,\"height\":931,\"caption\":\"Luiz Ant\u00f4nio Pr\u00f3speri\"},\"logo\":{\"@id\":\"https:\\\/\\\/i0.wp.com\\\/blogdoprosperi.com\\\/wp-content\\\/uploads\\\/2026\\\/05\\\/cropped-8059e613-6002-42fa-961e-8e275f575d71-2-5.jpg?fit=1360%2C931&ssl=1\"},\"description\":\"Jornalista com carreira dedicada ao esporte. Cobriu 9 Copas do Mundo in loco, 1990 na It\u00e1lia, 1994 nos EUA, 1998 na Fran\u00e7a, 2002 na Coreia do Sul e Jap\u00e3o, 2006 na Alemanha, 2010 na \u00c1frica do Sul, 2014 no Brasil, 2018 na R\u00fassia e 2022 no Qatar. Eurocopas, 1992 na Su\u00e9cia e 1996 na Inglaterra. Copa das Confedera\u00e7\u00f5es de 2005 na Alemanha e 2009 na \u00c1frica do Sul. Rep\u00f3rter e Editor, trabalhou no Jornal da Tarde e Estad\u00e3o, de 1984 a fevereiro de 2016. Colunista, blogueiro. E comentarista de futebol na R\u00e1dio Estad\u00e3o, de 2013 a fevereiro de 2016. Jornalista respons\u00e1vel do \\\"Pr\u00f3speri News\\\" (blogdoprosperi.com).\",\"sameAs\":[\"http:\\\/\\\/blogdoprosperi.com\",\"Luiz Pr\u00f3speri\",\"@luiz_prosperi\",\"https:\\\/\\\/x.com\\\/Luizprosperi\",\"@prosperinacopa\",\"luiz.prosperi@icloud.com\"],\"url\":\"https:\\\/\\\/blogdoprosperi.com\\\/?author=102107496\"}]}<\/script>\n<!-- \/ Yoast SEO plugin. -->","yoast_head_json":{"title":"Copa 2026 \u2013 Cem Dias | Sem Rodrygo, Ancelotti Pensa em Neymar - PR\u00d3SPERI NEWS","robots":{"index":"index","follow":"follow","max-snippet":"max-snippet:-1","max-image-preview":"max-image-preview:large","max-video-preview":"max-video-preview:-1"},"canonical":"https:\/\/blogdoprosperi.com\/?p=56510","og_locale":"pt_BR","og_type":"article","og_title":"Copa 2026 \u2013 Cem Dias | Sem Rodrygo, Ancelotti Pensa em Neymar - PR\u00d3SPERI NEWS","og_description":"Luiz Ant\u00f4nio Pr\u00f3speri \u2013 3 mar\u00e7o 2026 (17h49) \u2013 Estamos a cem dias da abertura da Copa do [&hellip;]","og_url":"https:\/\/blogdoprosperi.com\/?p=56510","og_site_name":"PR\u00d3SPERI NEWS","article_publisher":"Luiz Pr\u00f3speri","article_author":"Luiz Pr\u00f3speri","article_published_time":"2026-03-03T21:59:11+00:00","og_image":[{"width":1744,"height":986,"url":"https:\/\/i0.wp.com\/blogdoprosperi.com\/wp-content\/uploads\/2026\/03\/captura-de-tela-2026-03-03-as-18.48.44.png?fit=1744%2C986&ssl=1","type":"image\/png"}],"author":"Luiz Ant\u00f4nio Pr\u00f3speri","twitter_card":"summary_large_image","twitter_creator":"@Luizprosperi","twitter_site":"@Luizprosperi","twitter_misc":{"Escrito por":"Luiz Ant\u00f4nio Pr\u00f3speri","Est. tempo de leitura":"3 minutos"},"schema":{"@context":"https:\/\/schema.org","@graph":[{"@type":"Article","@id":"https:\/\/blogdoprosperi.com\/?p=56510#article","isPartOf":{"@id":"https:\/\/blogdoprosperi.com\/?p=56510"},"author":{"name":"Luiz Ant\u00f4nio Pr\u00f3speri","@id":"https:\/\/blogdoprosperi.com\/#\/schema\/person\/38100755ce3601861ee4fab9b5aa78e9"},"headline":"Copa 2026 \u2013 Cem Dias | Sem Rodrygo, Ancelotti Pensa em Neymar","datePublished":"2026-03-03T21:59:11+00:00","mainEntityOfPage":{"@id":"https:\/\/blogdoprosperi.com\/?p=56510"},"wordCount":531,"commentCount":0,"publisher":{"@id":"https:\/\/blogdoprosperi.com\/#\/schema\/person\/38100755ce3601861ee4fab9b5aa78e9"},"image":{"@id":"https:\/\/blogdoprosperi.com\/?p=56510#primaryimage"},"thumbnailUrl":"https:\/\/i0.wp.com\/blogdoprosperi.com\/wp-content\/uploads\/2026\/03\/captura-de-tela-2026-03-03-as-18.48.44.png?fit=1744%2C986&ssl=1","keywords":["copa2026cemdias","Neymar","rodrygo"],"articleSection":["copa 2026","futebol"],"inLanguage":"pt-BR","potentialAction":[{"@type":"CommentAction","name":"Comment","target":["https:\/\/blogdoprosperi.com\/?p=56510#respond"]}]},{"@type":"WebPage","@id":"https:\/\/blogdoprosperi.com\/?p=56510","url":"https:\/\/blogdoprosperi.com\/?p=56510","name":"Copa 2026 \u2013 Cem Dias | Sem Rodrygo, Ancelotti Pensa em Neymar - PR\u00d3SPERI NEWS","isPartOf":{"@id":"https:\/\/blogdoprosperi.com\/#website"},"primaryImageOfPage":{"@id":"https:\/\/blogdoprosperi.com\/?p=56510#primaryimage"},"image":{"@id":"https:\/\/blogdoprosperi.com\/?p=56510#primaryimage"},"thumbnailUrl":"https:\/\/i0.wp.com\/blogdoprosperi.com\/wp-content\/uploads\/2026\/03\/captura-de-tela-2026-03-03-as-18.48.44.png?fit=1744%2C986&ssl=1","datePublished":"2026-03-03T21:59:11+00:00","breadcrumb":{"@id":"https:\/\/blogdoprosperi.com\/?p=56510#breadcrumb"},"inLanguage":"pt-BR","potentialAction":[{"@type":"ReadAction","target":["https:\/\/blogdoprosperi.com\/?p=56510"]}]},{"@type":"ImageObject","inLanguage":"pt-BR","@id":"https:\/\/blogdoprosperi.com\/?p=56510#primaryimage","url":"https:\/\/i0.wp.com\/blogdoprosperi.com\/wp-content\/uploads\/2026\/03\/captura-de-tela-2026-03-03-as-18.48.44.png?fit=1744%2C986&ssl=1","contentUrl":"https:\/\/i0.wp.com\/blogdoprosperi.com\/wp-content\/uploads\/2026\/03\/captura-de-tela-2026-03-03-as-18.48.44.png?fit=1744%2C986&ssl=1","width":1744,"height":986,"caption":"Rodrygo e Neymar \u2013 foto: CBF oficial"},{"@type":"BreadcrumbList","@id":"https:\/\/blogdoprosperi.com\/?p=56510#breadcrumb","itemListElement":[{"@type":"ListItem","position":1,"name":"In\u00edcio","item":"https:\/\/blogdoprosperi.com\/"},{"@type":"ListItem","position":2,"name":"Copa 2026 \u2013 Cem Dias | Sem Rodrygo, Ancelotti Pensa em Neymar"}]},{"@type":"WebSite","@id":"https:\/\/blogdoprosperi.com\/#website","url":"https:\/\/blogdoprosperi.com\/","name":"PR\u00d3SPERI NEWS","description":"TUDO \u00c9  FUTEBOL","publisher":{"@id":"https:\/\/blogdoprosperi.com\/#\/schema\/person\/38100755ce3601861ee4fab9b5aa78e9"},"alternateName":"blogdoprosperi.com","potentialAction":[{"@type":"SearchAction","target":{"@type":"EntryPoint","urlTemplate":"https:\/\/blogdoprosperi.com\/?s={search_term_string}"},"query-input":{"@type":"PropertyValueSpecification","valueRequired":true,"valueName":"search_term_string"}}],"inLanguage":"pt-BR"},{"@type":["Person","Organization"],"@id":"https:\/\/blogdoprosperi.com\/#\/schema\/person\/38100755ce3601861ee4fab9b5aa78e9","name":"Luiz Ant\u00f4nio Pr\u00f3speri","pronouns":"ele","image":{"@type":"ImageObject","inLanguage":"pt-BR","@id":"https:\/\/i0.wp.com\/blogdoprosperi.com\/wp-content\/uploads\/2026\/05\/cropped-8059e613-6002-42fa-961e-8e275f575d71-2-5.jpg?fit=1360%2C931&ssl=1","url":"https:\/\/i0.wp.com\/blogdoprosperi.com\/wp-content\/uploads\/2026\/05\/cropped-8059e613-6002-42fa-961e-8e275f575d71-2-5.jpg?fit=1360%2C931&ssl=1","contentUrl":"https:\/\/i0.wp.com\/blogdoprosperi.com\/wp-content\/uploads\/2026\/05\/cropped-8059e613-6002-42fa-961e-8e275f575d71-2-5.jpg?fit=1360%2C931&ssl=1","width":1360,"height":931,"caption":"Luiz Ant\u00f4nio Pr\u00f3speri"},"logo":{"@id":"https:\/\/i0.wp.com\/blogdoprosperi.com\/wp-content\/uploads\/2026\/05\/cropped-8059e613-6002-42fa-961e-8e275f575d71-2-5.jpg?fit=1360%2C931&ssl=1"},"description":"Jornalista com carreira dedicada ao esporte. Cobriu 9 Copas do Mundo in loco, 1990 na It\u00e1lia, 1994 nos EUA, 1998 na Fran\u00e7a, 2002 na Coreia do Sul e Jap\u00e3o, 2006 na Alemanha, 2010 na \u00c1frica do Sul, 2014 no Brasil, 2018 na R\u00fassia e 2022 no Qatar. Eurocopas, 1992 na Su\u00e9cia e 1996 na Inglaterra. Copa das Confedera\u00e7\u00f5es de 2005 na Alemanha e 2009 na \u00c1frica do Sul. Rep\u00f3rter e Editor, trabalhou no Jornal da Tarde e Estad\u00e3o, de 1984 a fevereiro de 2016. Colunista, blogueiro. E comentarista de futebol na R\u00e1dio Estad\u00e3o, de 2013 a fevereiro de 2016. Jornalista respons\u00e1vel do \"Pr\u00f3speri News\" (blogdoprosperi.com).","sameAs":["http:\/\/blogdoprosperi.com","Luiz Pr\u00f3speri","@luiz_prosperi","https:\/\/x.com\/Luizprosperi","@prosperinacopa","luiz.prosperi@icloud.com"],"url":"https:\/\/blogdoprosperi.com\/?author=102107496"}]}},"jetpack_publicize_connections":[],"jetpack_likes_enabled":false,"jetpack_sharing_enabled":true,"jetpack_shortlink":"https:\/\/wp.me\/p7jvdk-eHs","jetpack-related-posts":[{"id":50954,"url":"https:\/\/blogdoprosperi.com\/?p=50954","url_meta":{"origin":56510,"position":0},"title":"V\u00eddeo | Entrevista de Ancelotti: &#8220;A Torcida Est\u00e1 Contente, Agora \u00e9 Olhar Adiante&#8221;","author":"Luiz Ant\u00f4nio Pr\u00f3speri","date":"11 de junho de 2025","format":false,"excerpt":"Luiz Ant\u00f4nio Pr\u00f3speri \u2013 11 junho (12h58) \u2013 Carlo Ancelotti teve 15 dias para armar a Sele\u00e7\u00e3o Brasileira, entre desembarque no Rio de Janeiro e os jogos contra Equador em Guayquil e Paraguai em S\u00e3o Paulo. Tempo escasso e objetivo alcan\u00e7ado. Acompanhe (v\u00eddeo) a entrevista de Carletto concedida na madrugada\u2026","rel":"","context":"Em &quot;CBF&quot;","block_context":{"text":"CBF","link":"https:\/\/blogdoprosperi.com\/?cat=570700"},"img":{"alt_text":"Ancelotti: 'Sa\u00edmos contentes, agora \u00e9 olha adiante\"","src":"https:\/\/i0.wp.com\/blogdoprosperi.com\/wp-content\/uploads\/2025\/06\/54581939211_9d3cfc97fa_c.jpg?fit=800%2C545&ssl=1&resize=350%2C200","width":350,"height":200,"srcset":"https:\/\/i0.wp.com\/blogdoprosperi.com\/wp-content\/uploads\/2025\/06\/54581939211_9d3cfc97fa_c.jpg?fit=800%2C545&ssl=1&resize=350%2C200 1x, https:\/\/i0.wp.com\/blogdoprosperi.com\/wp-content\/uploads\/2025\/06\/54581939211_9d3cfc97fa_c.jpg?fit=800%2C545&ssl=1&resize=525%2C300 1.5x, https:\/\/i0.wp.com\/blogdoprosperi.com\/wp-content\/uploads\/2025\/06\/54581939211_9d3cfc97fa_c.jpg?fit=800%2C545&ssl=1&resize=700%2C400 2x"},"classes":[]},{"id":40469,"url":"https:\/\/blogdoprosperi.com\/?p=40469","url_meta":{"origin":56510,"position":1},"title":"Cartas dos jogadores da Sele\u00e7\u00e3o: escolha a mais singela","author":"Luiz Ant\u00f4nio Pr\u00f3speri","date":"11 de dezembro de 2022","format":false,"excerpt":"Nos dois dias p\u00f3s-queda na Copa, a maioria dos jogadores da Sele\u00e7\u00e3o posta em suas redes sociais cartas de auto-ajuda diante do fracasso no Qatar","rel":"","context":"Em &quot;copa do mundo catar 2022&quot;","block_context":{"text":"copa do mundo catar 2022","link":"https:\/\/blogdoprosperi.com\/?cat=301049609"},"img":{"alt_text":"","src":"https:\/\/i0.wp.com\/blogdoprosperi.com\/wp-content\/uploads\/2022\/12\/fjji3x7wqaids5c.jpg?fit=1024%2C682&ssl=1&resize=350%2C200","width":350,"height":200,"srcset":"https:\/\/i0.wp.com\/blogdoprosperi.com\/wp-content\/uploads\/2022\/12\/fjji3x7wqaids5c.jpg?fit=1024%2C682&ssl=1&resize=350%2C200 1x, https:\/\/i0.wp.com\/blogdoprosperi.com\/wp-content\/uploads\/2022\/12\/fjji3x7wqaids5c.jpg?fit=1024%2C682&ssl=1&resize=525%2C300 1.5x, https:\/\/i0.wp.com\/blogdoprosperi.com\/wp-content\/uploads\/2022\/12\/fjji3x7wqaids5c.jpg?fit=1024%2C682&ssl=1&resize=700%2C400 2x"},"classes":[]},{"id":39930,"url":"https:\/\/blogdoprosperi.com\/?p=39930","url_meta":{"origin":56510,"position":2},"title":"Tite tem pesadelos com Neymar e sonhos com Rodrygo","author":"Luiz Ant\u00f4nio Pr\u00f3speri","date":"27 de novembro de 2022","format":false,"excerpt":"Tite est\u00e1 emocionado e tenso ao mesmo tempo. Seus olhos lacrimejam ao falar de solidariedade e o sorriso sai expont\u00e2neo no instante em que esconde da imprensa quem vai substituir Neymar contra a Su\u00ed\u00e7a, nesta segunda-feira (28\/11), no est\u00e1dio dos cont\u00eaineres em Doha. \u00c9 apenas o segundo jogo do Brasil\u2026","rel":"","context":"Em &quot;catar 2022&quot;","block_context":{"text":"catar 2022","link":"https:\/\/blogdoprosperi.com\/?cat=47094043"},"img":{"alt_text":"","src":"https:\/\/i0.wp.com\/blogdoprosperi.com\/wp-content\/uploads\/2022\/11\/52524837674_99a8b48b28_c.jpg?fit=799%2C533&ssl=1&resize=350%2C200","width":350,"height":200,"srcset":"https:\/\/i0.wp.com\/blogdoprosperi.com\/wp-content\/uploads\/2022\/11\/52524837674_99a8b48b28_c.jpg?fit=799%2C533&ssl=1&resize=350%2C200 1x, https:\/\/i0.wp.com\/blogdoprosperi.com\/wp-content\/uploads\/2022\/11\/52524837674_99a8b48b28_c.jpg?fit=799%2C533&ssl=1&resize=525%2C300 1.5x, https:\/\/i0.wp.com\/blogdoprosperi.com\/wp-content\/uploads\/2022\/11\/52524837674_99a8b48b28_c.jpg?fit=799%2C533&ssl=1&resize=700%2C400 2x"},"classes":[]},{"id":55321,"url":"https:\/\/blogdoprosperi.com\/?p=55321","url_meta":{"origin":56510,"position":3},"title":"#Cr\u00f4nicaSab\u00e1tica #33 | N\u00e3o Me Venham Com Quarteto M\u00e1gico de Ancelotti","author":"Luiz Ant\u00f4nio Pr\u00f3speri","date":"11 de outubro de 2025","format":false,"excerpt":"Luiz Ant\u00f4nio Pr\u00f3speri \u2013 11 outubro 2025 (16h07) \u2013 Come\u00e7ou. Brasil enfia 5 a 0 na Coreia do Sul, 23.\u00aa do ranking na Fifa, no amistoso em Seul, sexta-feira (10\/10). Dois gols de Estev\u00e3o, dois de Rodrygo e um de Vini Jr. Imprensa espanhola alardeia em manchetes o \"Trio Letal\u2026","rel":"","context":"Em &quot;cr\u00f4nica&quot;","block_context":{"text":"cr\u00f4nica","link":"https:\/\/blogdoprosperi.com\/?cat=23339"},"img":{"alt_text":"Novo trio letal da Sele\u00e7\u00e3o Brasileira","src":"https:\/\/i0.wp.com\/blogdoprosperi.com\/wp-content\/uploads\/2025\/10\/captura-de-tela-2025-10-11-as-16.04.28.png?fit=792%2C528&ssl=1&resize=350%2C200","width":350,"height":200,"srcset":"https:\/\/i0.wp.com\/blogdoprosperi.com\/wp-content\/uploads\/2025\/10\/captura-de-tela-2025-10-11-as-16.04.28.png?fit=792%2C528&ssl=1&resize=350%2C200 1x, https:\/\/i0.wp.com\/blogdoprosperi.com\/wp-content\/uploads\/2025\/10\/captura-de-tela-2025-10-11-as-16.04.28.png?fit=792%2C528&ssl=1&resize=525%2C300 1.5x, https:\/\/i0.wp.com\/blogdoprosperi.com\/wp-content\/uploads\/2025\/10\/captura-de-tela-2025-10-11-as-16.04.28.png?fit=792%2C528&ssl=1&resize=700%2C400 2x"},"classes":[]},{"id":40425,"url":"https:\/\/blogdoprosperi.com\/?p=40425","url_meta":{"origin":56510,"position":4},"title":"Brasil n\u00e3o se livra da maldi\u00e7\u00e3o e cai fora da Copa","author":"Luiz Ant\u00f4nio Pr\u00f3speri","date":"9 de dezembro de 2022","format":false,"excerpt":"Brasil est\u00e1 fora da Copa do Mundo Qatar 2022. Desaba nas quartas de final, maldi\u00e7\u00e3o que assola Sele\u00e7\u00e3o desde a Copa de 2006 na Alemanha. \u00c9 o fim do reinado de seis anos de Tite no comando do escrete. E mais uma queda de Neymar, o astro da desilus\u00e3o dos\u2026","rel":"","context":"Em &quot;catar 2022&quot;","block_context":{"text":"catar 2022","link":"https:\/\/blogdoprosperi.com\/?cat=47094043"},"img":{"alt_text":"","src":"https:\/\/i0.wp.com\/blogdoprosperi.com\/wp-content\/uploads\/2022\/12\/hmk0ysx3.jpeg?fit=1200%2C893&ssl=1&resize=350%2C200","width":350,"height":200,"srcset":"https:\/\/i0.wp.com\/blogdoprosperi.com\/wp-content\/uploads\/2022\/12\/hmk0ysx3.jpeg?fit=1200%2C893&ssl=1&resize=350%2C200 1x, https:\/\/i0.wp.com\/blogdoprosperi.com\/wp-content\/uploads\/2022\/12\/hmk0ysx3.jpeg?fit=1200%2C893&ssl=1&resize=525%2C300 1.5x, https:\/\/i0.wp.com\/blogdoprosperi.com\/wp-content\/uploads\/2022\/12\/hmk0ysx3.jpeg?fit=1200%2C893&ssl=1&resize=700%2C400 2x, https:\/\/i0.wp.com\/blogdoprosperi.com\/wp-content\/uploads\/2022\/12\/hmk0ysx3.jpeg?fit=1200%2C893&ssl=1&resize=1050%2C600 3x"},"classes":[]},{"id":56745,"url":"https:\/\/blogdoprosperi.com\/?p=56745","url_meta":{"origin":56510,"position":5},"title":"Neymar e a Dura Miss\u00e3o de Ancelotti","author":"Luiz Ant\u00f4nio Pr\u00f3speri","date":"18 de mar\u00e7o de 2026","format":false,"excerpt":"Luiz Ant\u00f4nio Pr\u00f3speri \u2013 18 mar\u00e7o 2026 (11h55) \u2013 O Caso Neymar torra a paci\u00eancia de Carlo Ancelotti. T\u00e9cnico italiano da Sele\u00e7\u00e3o Brasileira tem duras tarefas a cumprir antes mesmo de lidar com Neymar. Ali\u00e1s, perda de tempo total. Mais que encontrar jogadores para robustecer a defesa e encorpar o\u2026","rel":"","context":"Em &quot;copa 2026&quot;","block_context":{"text":"copa 2026","link":"https:\/\/blogdoprosperi.com\/?cat=36820279"},"img":{"alt_text":"","src":"https:\/\/i0.wp.com\/blogdoprosperi.com\/wp-content\/uploads\/2023\/08\/neymar_junior_1200x675_19102023080007.jpg?fit=1200%2C675&ssl=1&resize=350%2C200","width":350,"height":200,"srcset":"https:\/\/i0.wp.com\/blogdoprosperi.com\/wp-content\/uploads\/2023\/08\/neymar_junior_1200x675_19102023080007.jpg?fit=1200%2C675&ssl=1&resize=350%2C200 1x, https:\/\/i0.wp.com\/blogdoprosperi.com\/wp-content\/uploads\/2023\/08\/neymar_junior_1200x675_19102023080007.jpg?fit=1200%2C675&ssl=1&resize=525%2C300 1.5x, https:\/\/i0.wp.com\/blogdoprosperi.com\/wp-content\/uploads\/2023\/08\/neymar_junior_1200x675_19102023080007.jpg?fit=1200%2C675&ssl=1&resize=700%2C400 2x, https:\/\/i0.wp.com\/blogdoprosperi.com\/wp-content\/uploads\/2023\/08\/neymar_junior_1200x675_19102023080007.jpg?fit=1200%2C675&ssl=1&resize=1050%2C600 3x"},"classes":[]}],"jetpack_featured_media_url":"https:\/\/i0.wp.com\/blogdoprosperi.com\/wp-content\/uploads\/2026\/03\/captura-de-tela-2026-03-03-as-18.48.44.png?fit=1744%2C986&ssl=1","_links":{"self":[{"href":"https:\/\/blogdoprosperi.com\/index.php?rest_route=\/wp\/v2\/posts\/56510","targetHints":{"allow":["GET"]}}],"collection":[{"href":"https:\/\/blogdoprosperi.com\/index.php?rest_route=\/wp\/v2\/posts"}],"about":[{"href":"https:\/\/blogdoprosperi.com\/index.php?rest_route=\/wp\/v2\/types\/post"}],"author":[{"embeddable":true,"href":"https:\/\/blogdoprosperi.com\/index.php?rest_route=\/wp\/v2\/users\/102107496"}],"replies":[{"embeddable":true,"href":"https:\/\/blogdoprosperi.com\/index.php?rest_route=%2Fwp%2Fv2%2Fcomments&post=56510"}],"version-history":[{"count":5,"href":"https:\/\/blogdoprosperi.com\/index.php?rest_route=\/wp\/v2\/posts\/56510\/revisions"}],"predecessor-version":[{"id":56517,"href":"https:\/\/blogdoprosperi.com\/index.php?rest_route=\/wp\/v2\/posts\/56510\/revisions\/56517"}],"wp:featuredmedia":[{"embeddable":true,"href":"https:\/\/blogdoprosperi.com\/index.php?rest_route=\/wp\/v2\/media\/56516"}],"wp:attachment":[{"href":"https:\/\/blogdoprosperi.com\/index.php?rest_route=%2Fwp%2Fv2%2Fmedia&parent=56510"}],"wp:term":[{"taxonomy":"category","embeddable":true,"href":"https:\/\/blogdoprosperi.com\/index.php?rest_route=%2Fwp%2Fv2%2Fcategories&post=56510"},{"taxonomy":"post_tag","embeddable":true,"href":"https:\/\/blogdoprosperi.com\/index.php?rest_route=%2Fwp%2Fv2%2Ftags&post=56510"}],"curies":[{"name":"wp","href":"https:\/\/api.w.org\/{rel}","templated":true}]}}