{"id":56528,"date":"2026-03-05T16:44:14","date_gmt":"2026-03-05T19:44:14","guid":{"rendered":"https:\/\/blogdoprosperi.com\/?p=56528"},"modified":"2026-03-06T11:15:01","modified_gmt":"2026-03-06T14:15:01","slug":"a-virada-modernista-e-sombria-do-futebol","status":"publish","type":"post","link":"https:\/\/blogdoprosperi.com\/?p=56528","title":{"rendered":"A Virada Modernista e Sombria do Futebol"},"content":{"rendered":"<p>O futebol est\u00e1 chato de ser ver. Os intermin\u00e1veis programas de debate de futebol na TV, YouTube, Podcasts, Redes Sociais e afins entendiam 24 horas no ar. Nas transmiss\u00f5es, palavr\u00f5es, berros e xingamentos de toda sorte inundam as novas gera\u00e7\u00f5es que ainda t\u00eam algum apre\u00e7o pelo futebol. Mesmo l\u00e1 fora, onde proclamam, est\u00e1 o melhor futebol do mundo, h\u00e1 sinais graves de satura\u00e7\u00e3o. O jogo fica cada vez mais enfadonho. Os 90 minutos e acr\u00e9scimos de uma partida s\u00e3o consumidos mais por reclama\u00e7\u00f5es, questionamentos aos \u00e1rbitros, empurra-empurra, ao prazer de se jogar futebol. Normas impostas aos jogadores cada vez mais dominantes como as jogadas geom\u00e9tricas de bola parada, imposi\u00e7\u00e3o f\u00edsica e correria desenfreada. Analistas torram paci\u00eancia de espectadores enfiando estat\u00edsticas de finaliza\u00e7\u00f5es, transi\u00e7\u00e3o, bolas recuperadas, passes certos, uma infinidade de n\u00fameros a acobertar a pl\u00e1stica do jogo. Como se jogadores e t\u00e9cnicos formassem um ex\u00e9rcito de rob\u00f4s teleguiados pela Intelig\u00eancia Artificial em busca do gol, da vit\u00f3ria. Parece, n\u00e3o tem volta. Estamos condenados a ver o fim do futebol? E n\u00e3o \u00e9 por nostalgia. \u00c9 fato.<\/p>\n<p>Recorro ao brilhante artigo do jornalista Jonathan Liew, do respeitado jornal ingl\u00eas <em>The Guardian<\/em>, para chamar voc\u00ea leitor a uma reflex\u00e3o a respeito dos destinos do futebol. Acompanhe a seguir:<\/p>\n<hr \/>\n<h4><strong>OS P\u00c2NICOS MORAIS CONVERGENTES NO FUTEBOL REFLETEM NOSSO MUNDO FRAGMENTADO\u00a0<\/strong><\/h4>\n<p><em>Desde disputas acirradas nos escanteios at\u00e9 o VAR, a lista intermin\u00e1vel de reclama\u00e7\u00f5es reflete uma sensa\u00e7\u00e3o mais ampla de desconex\u00e3o com &#8216;o produto&#8217;<\/em><\/p>\n<p><em>Jonathan Liew, The Guardian \u2013 5 de mar\u00e7o 2026 (15h45)<\/em><\/p>\n<p>Um t\u00e9dio terr\u00edvel assola o pa\u00eds (Inglaterra). Em todos os est\u00fadios de televis\u00e3o e nas poltronas de podcasts, homens exaustos resmungam com a l\u00edngua presa em microfones de marca: aprisionados por um jogo que desprezam, mas pelo qual s\u00e3o t\u00e3o generosamente pagos para discutir. L\u00e1 fora, no vasto mundo digital, a doen\u00e7a se alastra ainda mais. &#8220;O jogo acabou&#8221;, digitam em uma pequena caixa branca. &#8220;Este n\u00e3o \u00e9 o futebol que eu amava&#8221;, clicam em enviar. &#8220;O futebol est\u00e1 quebrado&#8221;, implora o <em>Telegraph<\/em>. Eles acham que tudo acabou, e talvez sempre tenha acabado.<\/p>\n<p>Arne Slot\u00a0j\u00e1 n\u00e3o est\u00e1 se divertindo, e provavelmente uma boa parte dos torcedores do Liverpool\u00a0presentes em Molineux na ter\u00e7a-feira \u00e0 noite sabem exatamente como ele se sente. John Terry tamb\u00e9m j\u00e1 n\u00e3o est\u00e1 se divertindo. Yaya Tour\u00e9 est\u00e1 &#8220;decepcionado&#8221;. Ruud Gullit est\u00e1 t\u00e3o revoltado que decidiu parar de assistir. Chris Sutton acha que o Arsenal ser\u00e1 o time mais feio a vencer a Premier League. Mark Goldbridge est\u00e1 entediado ao extremo, embora nem de longe t\u00e3o entediado quanto voc\u00ea provavelmente precisaria estar para assistir a uma transmiss\u00e3o ao vivo de Mark Goldbridge.<\/p>\n<p>No fundo, sabemos o que eles querem dizer, ou pelo menos achamos que sabemos. \u00c9 aquela disputa f\u00edsica intensa nos escanteios. S\u00e3o as toalhinhas que deixam na linha lateral para os arremessos laterais longos. Noventa segundos para cobrar uma bola parada. O Everton jogando a bola para o alto, estilo r\u00fagbi, logo ap\u00f3s o pontap\u00e9 inicial. \u00c9 o Arsenal marcando contra o Chelsea de escanteio, depois sofrendo um gol de escanteio e\u00a0depois marcando de escanteio. \u00c9 a ere\u00e7\u00e3o que voc\u00ea n\u00e3o consegue mais sem ajuda de rem\u00e9dios. N\u00e3o, espera a\u00ed. Desculpe, isso era para outro t\u00f3pico. Vou apagar.<\/p>\n<p>A primeira coisa a dizer \u00e9 que este n\u00e3o \u00e9 um debate que possa ser realmente resolvido, comprovado ou refutado com estat\u00edsticas, porque, em \u00faltima an\u00e1lise, baseia-se em um sentimento. N\u00e3o faz sentido apontar que a sele\u00e7\u00e3o inglesa que Gareth Southgate levou \u00e0s semifinais da Copa do Mundo de 2018 era celebrada por seu dom\u00ednio nas bolas paradas, por sua propens\u00e3o a jogadas sujas. N\u00e3o tem a menor import\u00e2ncia que o Arsenal tamb\u00e9m marque muitos gols em jogadas trabalhadas, que o p\u00e2nico moral em rela\u00e7\u00e3o \u00e0s disputas de bola na \u00e1rea remonte a d\u00e9cadas, antecedendo at\u00e9 mesmo a ef\u00eamera campanha &#8220;M\u00e3os Fora da \u00c1rea&#8221; do<em> Daily Mail<\/em>, no final de 2014.<\/p>\n<p>Tamb\u00e9m n\u00e3o ajuda muito lembrar a todos que um conceito como &#8220;bom futebol&#8221; \u00e9 essencialmente um julgamento subjetivo, que, assim como seus primos pr\u00f3ximos &#8220;futebol atraente&#8221; e &#8220;futebol bonito&#8221;, se sobrep\u00f5e e se contradiz em in\u00fameros aspectos. Voc\u00ea quer gols, mas n\u00e3o esses gols. Voc\u00ea gosta de futebol de posse de bola, mas n\u00e3o desse jeito. Voc\u00ea quer velocidade e objetividade, mas n\u00e3o desse jeito. O aspecto f\u00edsico \u00e9 parte intr\u00ednseca do jogo e n\u00e3o deve ser excessivamente controlado, mas tamb\u00e9m saiu do controle a ponto de algo fundamental precisar ser corrigido. N\u00e3o se preocupe. \u00c9 uma sensa\u00e7\u00e3o, e sensa\u00e7\u00f5es n\u00e3o precisam fazer sentido. Estou mais interessado em saber de onde vem essa sensa\u00e7\u00e3o e o que pode estar motivando-a.<\/p>\n<p>Porque, apesar de todas as mudan\u00e7as dr\u00e1sticas pelas quais o jogo passou ao longo das d\u00e9cadas, uma coisa permaneceu praticamente constante: a sucess\u00e3o de homens de certa idade reclamando que as coisas nunca mais s\u00e3o como antes. \u201cO jogo se tornou tenso e permeado por medos\u201d (Bill Nicholson, 1958). \u201cO futebol profissional n\u00e3o \u00e9 mais um jogo, \u00e9 uma guerra\u201d (Malcolm Allison, 1973). \u201cO individualismo teve que ser subordinado ao trabalho em equipe\u201d (Herbert Chapman, 1934). \u201cComo o jogo se tornou mais f\u00edsico, os jogadores criativos foram deixados de lado\u201d (Ars\u00e8ne Wenger, 2021).<\/p>\n<p>Nem todas as queixas sobre o futebol moderno se baseiam em uma nostalgia desesperada. O fio condutor parece ser\u00a0a desorienta\u00e7\u00e3o, a sutil reordena\u00e7\u00e3o das normas, a sensa\u00e7\u00e3o de que antes voc\u00ea tinha controle sobre a situa\u00e7\u00e3o e agora n\u00e3o tem mais. Talvez seja poss\u00edvel at\u00e9 mesmo enxergar nesse decl\u00ednio end\u00eamico uma esp\u00e9cie de pedido de socorro, uma crise de sentido, uma infelicidade geracional. Voc\u00ea n\u00e3o est\u00e1 curtindo futebol tanto quanto antes? Outras coisas tamb\u00e9m n\u00e3o te d\u00e3o tanto prazer: televis\u00e3o, m\u00fasica, livros, compras, exerc\u00edcios, sexo, dentista, internet, pol\u00edtica, viagens, vida social, ir ao banheiro, o mundo em geral. Descarregar toda essa ang\u00fastia acumulada em Anthony Taylor ou Nicolas Jover te faz sentir melhor? Um pouco, mas n\u00e3o muito.<\/p>\n<p>Vivemos em um mundo cada vez mais definido pela instabilidade e pela insanidade. \u00c9 absolutamente desconcertante. Um homem de bon\u00e9 vermelho est\u00e1 sentado em uma sala assassinando l\u00edderes estrangeiros como se estivesse jogando videogame. Crian\u00e7as morrem e ningu\u00e9m se importa. Voc\u00ea n\u00e3o sabe se aquela foto \u00e9 real. Voc\u00ea n\u00e3o sabe se aquela not\u00edcia realmente aconteceu. Parece que voc\u00ea passa metade da sua vida digitando c\u00f3digos de autentica\u00e7\u00e3o de seis d\u00edgitos. O v\u00eddeo do YouTube que voc\u00ea quer assistir vem com 50 segundos de an\u00fancios que n\u00e3o podem ser pulados. O assistente de faixa do seu carro n\u00e3o para de te atrapalhar. Pol\u00edticos de todos os matizes insistem que &#8220;n\u00e3o era assim antes&#8221;, e todos concordam com a cabe\u00e7a.<\/p>\n<p>O futebol costumava ser nosso ref\u00fagio de tudo isso, mas agora simplesmente reflete as iniquidades e injusti\u00e7as enlouquecedoras do mundo. O VAR \u00e9 como tentar sacar dinheiro do banco nos fins de semana. O novo formato da Liga dos Campe\u00f5es \u00e9 o meme do 6-7. Temos uma Copa do Mundo em que um dos participantes est\u00e1 sendo massacrado por um dos anfitri\u00f5es. Temos jogadores de futebol\u00a0sendo vaiados pelo pecado de serem mu\u00e7ulmanos. Temos patrocinadores misteriosos de apostas. Temos pre\u00e7os de ingressos vari\u00e1veis. Em resumo, este \u00e9 um mal-estar profundo, que desfigurou nossa rela\u00e7\u00e3o com o futebol de muitas maneiras complexas, e de alguma forma, n\u00e3o acho que proibir jogadores de ataque de ficarem na pequena \u00e1rea nos escanteios v\u00e1 resolver o problema.<\/p>\n<p>\u201cO futebol \u00e9 quase sempre decepcionante\u201d, escreveu o cr\u00edtico liter\u00e1rio Ian Hamilton h\u00e1 uma gera\u00e7\u00e3o. \u201cO espectador est\u00e1 condicionado a esperar algo de segunda categoria.\u201d Ser\u00e1 que isso ainda se aplica em um mundo do \u201cproduto\u201d, onde os antigos rituais est\u00e3o se desgastando e o futebol est\u00e1 sendo cada vez mais redefinido como um fluxo infinito de conte\u00fado, algo que voc\u00ea deixa tocando ao fundo enquanto navega no celular? Importa que o futebol, em algum n\u00edvel, sempre tenha sido desajeitado e f\u00edsico, sempre tenha sido entediante em grande parte, que sempre tenha estado em constante processo de evolu\u00e7\u00e3o e mudan\u00e7a t\u00e1tica?<\/p>\n<p>Talvez <strong>a virada modernista e sombria do futebol<\/strong>, a sensa\u00e7\u00e3o de que nada jamais poder\u00e1 ser bom novamente, acabe por consumi-lo por completo. Talvez o futuro seja mesmo apenas um lit\u00edgio intermin\u00e1vel sobre se jogadores talentosos como Ronaldinho ainda seriam relevantes hoje em dia. Talvez alguma combina\u00e7\u00e3o de desarticula\u00e7\u00e3o, dissocia\u00e7\u00e3o, calend\u00e1rio c\u00ednico, caos do VAR e laterais coreografados acabe com ele de vez.<\/p>\n<p>Mas eu ainda quero acreditar. Acredito nos momentos bons e estou preparado para suportar os ruins, porque a euforia ainda \u00e9 incompar\u00e1vel. Quero acreditar que este jogo ainda \u00e9 lindo. Quero ver a defesa milagrosa de Jordan Pickford no fim de semana, o gol de Alex Iwobi contra o Tottenham e praticamente tudo o que Bruno Fernandes est\u00e1 fazendo no momento. Quero sentir a alegria de Rob Edwards, j\u00e1 rebaixado, numa ter\u00e7a-feira \u00e0 noite, e ouvir o Stadium of Light vibrar quando o Sunderland parte para o contra-ataque. O t\u00e9dio \u00e9 uma escolha, e a beleza tamb\u00e9m, eu acho.<\/p>\n<p><em><a href=\"https:\/\/www.theguardian.com\/football\/2026\/mar\/05\/arsenal-arne-slot-liverpool-var-set-pieces-referees-long-throws-fans-complaints\"><strong>(mat\u00e9ria publicada no The Guardian, 5 de mar\u00e7o 2026)<\/strong><\/a><\/em><\/p>\n","protected":false},"excerpt":{"rendered":"<p>O futebol est\u00e1 chato de ser ver. Os intermin\u00e1veis programas de debate de futebol na TV, YouTube, Podcasts, [&hellip;]<\/p>\n","protected":false},"author":102107496,"featured_media":56398,"comment_status":"open","ping_status":"open","sticky":false,"template":"","format":"standard","meta":{"_coblocks_attr":"","_coblocks_dimensions":"","_coblocks_responsive_height":"","_coblocks_accordion_ie_support":"","_jetpack_newsletter_access":"","_jetpack_dont_email_post_to_subs":false,"_jetpack_newsletter_tier_id":0,"_jetpack_memberships_contains_paywalled_content":false,"_wpcom_ai_launchpad_first_post":false,"_jetpack_feature_clip_id":0,"_jetpack_memberships_contains_paid_content":false,"footnotes":"","jetpack_publicize_message":"","jetpack_publicize_feature_enabled":true,"jetpack_social_post_already_shared":false,"jetpack_social_options":{"image_generator_settings":{"template":"highway","default_image_id":0,"font":"","enabled":false},"version":2},"jetpack_post_was_ever_published":false},"categories":[53870],"tags":[787863872,1142,39749,6567],"class_list":["post-56528","post","type-post","status-publish","format-standard","has-post-thumbnail","hentry","category-futebol","tag-futebolquebrado","tag-podcast","tag-var","tag-youtube"],"yoast_head":"<!-- This site is optimized with the Yoast SEO plugin v28.3 - https:\/\/yoast.com\/product\/yoast-seo-wordpress\/ -->\n<title>A Virada Modernista e Sombria do Futebol - PR\u00d3SPERI NEWS<\/title>\n<meta name=\"robots\" content=\"index, follow, max-snippet:-1, max-image-preview:large, max-video-preview:-1\" \/>\n<link rel=\"canonical\" href=\"https:\/\/blogdoprosperi.com\/?p=56528\" \/>\n<meta property=\"og:locale\" content=\"pt_BR\" \/>\n<meta property=\"og:type\" content=\"article\" \/>\n<meta property=\"og:title\" content=\"A Virada Modernista e Sombria do Futebol - PR\u00d3SPERI NEWS\" \/>\n<meta property=\"og:description\" content=\"O futebol est\u00e1 chato de ser ver. Os intermin\u00e1veis programas de debate de futebol na TV, YouTube, Podcasts, [&hellip;]\" \/>\n<meta property=\"og:url\" content=\"https:\/\/blogdoprosperi.com\/?p=56528\" \/>\n<meta property=\"og:site_name\" content=\"PR\u00d3SPERI NEWS\" \/>\n<meta property=\"article:publisher\" content=\"Luiz Pr\u00f3speri\" \/>\n<meta property=\"article:author\" content=\"Luiz Pr\u00f3speri\" \/>\n<meta property=\"article:published_time\" content=\"2026-03-05T19:44:14+00:00\" \/>\n<meta property=\"article:modified_time\" content=\"2026-03-06T14:15:01+00:00\" \/>\n<meta property=\"og:image\" content=\"https:\/\/i0.wp.com\/blogdoprosperi.com\/wp-content\/uploads\/2026\/02\/image-10.png?fit=1024%2C768&ssl=1\" \/>\n\t<meta property=\"og:image:width\" content=\"1024\" \/>\n\t<meta property=\"og:image:height\" content=\"768\" \/>\n\t<meta property=\"og:image:type\" content=\"image\/png\" \/>\n<meta name=\"author\" content=\"Luiz Ant\u00f4nio Pr\u00f3speri\" \/>\n<meta name=\"twitter:card\" content=\"summary_large_image\" \/>\n<meta name=\"twitter:creator\" content=\"@Luizprosperi\" \/>\n<meta name=\"twitter:site\" content=\"@Luizprosperi\" \/>\n<meta name=\"twitter:label1\" content=\"Escrito por\" \/>\n\t<meta name=\"twitter:data1\" content=\"Luiz Ant\u00f4nio Pr\u00f3speri\" \/>\n\t<meta name=\"twitter:label2\" content=\"Est. tempo de leitura\" \/>\n\t<meta name=\"twitter:data2\" content=\"8 minutos\" \/>\n<script type=\"application\/ld+json\" class=\"yoast-schema-graph\">{\"@context\":\"https:\\\/\\\/schema.org\",\"@graph\":[{\"@type\":\"Article\",\"@id\":\"https:\\\/\\\/blogdoprosperi.com\\\/?p=56528#article\",\"isPartOf\":{\"@id\":\"https:\\\/\\\/blogdoprosperi.com\\\/?p=56528\"},\"author\":{\"name\":\"Luiz Ant\u00f4nio Pr\u00f3speri\",\"@id\":\"https:\\\/\\\/blogdoprosperi.com\\\/#\\\/schema\\\/person\\\/38100755ce3601861ee4fab9b5aa78e9\"},\"headline\":\"A Virada Modernista e Sombria do Futebol\",\"datePublished\":\"2026-03-05T19:44:14+00:00\",\"dateModified\":\"2026-03-06T14:15:01+00:00\",\"mainEntityOfPage\":{\"@id\":\"https:\\\/\\\/blogdoprosperi.com\\\/?p=56528\"},\"wordCount\":1629,\"commentCount\":0,\"publisher\":{\"@id\":\"https:\\\/\\\/blogdoprosperi.com\\\/#\\\/schema\\\/person\\\/38100755ce3601861ee4fab9b5aa78e9\"},\"image\":{\"@id\":\"https:\\\/\\\/blogdoprosperi.com\\\/?p=56528#primaryimage\"},\"thumbnailUrl\":\"https:\\\/\\\/i0.wp.com\\\/blogdoprosperi.com\\\/wp-content\\\/uploads\\\/2026\\\/02\\\/image-10.png?fit=1024%2C768&ssl=1\",\"keywords\":[\"futebolquebrado\",\"podcast\",\"VAR\",\"YouTube\"],\"articleSection\":[\"futebol\"],\"inLanguage\":\"pt-BR\",\"potentialAction\":[{\"@type\":\"CommentAction\",\"name\":\"Comment\",\"target\":[\"https:\\\/\\\/blogdoprosperi.com\\\/?p=56528#respond\"]}]},{\"@type\":\"WebPage\",\"@id\":\"https:\\\/\\\/blogdoprosperi.com\\\/?p=56528\",\"url\":\"https:\\\/\\\/blogdoprosperi.com\\\/?p=56528\",\"name\":\"A Virada Modernista e Sombria do Futebol - PR\u00d3SPERI NEWS\",\"isPartOf\":{\"@id\":\"https:\\\/\\\/blogdoprosperi.com\\\/#website\"},\"primaryImageOfPage\":{\"@id\":\"https:\\\/\\\/blogdoprosperi.com\\\/?p=56528#primaryimage\"},\"image\":{\"@id\":\"https:\\\/\\\/blogdoprosperi.com\\\/?p=56528#primaryimage\"},\"thumbnailUrl\":\"https:\\\/\\\/i0.wp.com\\\/blogdoprosperi.com\\\/wp-content\\\/uploads\\\/2026\\\/02\\\/image-10.png?fit=1024%2C768&ssl=1\",\"datePublished\":\"2026-03-05T19:44:14+00:00\",\"dateModified\":\"2026-03-06T14:15:01+00:00\",\"breadcrumb\":{\"@id\":\"https:\\\/\\\/blogdoprosperi.com\\\/?p=56528#breadcrumb\"},\"inLanguage\":\"pt-BR\",\"potentialAction\":[{\"@type\":\"ReadAction\",\"target\":[\"https:\\\/\\\/blogdoprosperi.com\\\/?p=56528\"]}]},{\"@type\":\"ImageObject\",\"inLanguage\":\"pt-BR\",\"@id\":\"https:\\\/\\\/blogdoprosperi.com\\\/?p=56528#primaryimage\",\"url\":\"https:\\\/\\\/i0.wp.com\\\/blogdoprosperi.com\\\/wp-content\\\/uploads\\\/2026\\\/02\\\/image-10.png?fit=1024%2C768&ssl=1\",\"contentUrl\":\"https:\\\/\\\/i0.wp.com\\\/blogdoprosperi.com\\\/wp-content\\\/uploads\\\/2026\\\/02\\\/image-10.png?fit=1024%2C768&ssl=1\",\"width\":1024,\"height\":768},{\"@type\":\"BreadcrumbList\",\"@id\":\"https:\\\/\\\/blogdoprosperi.com\\\/?p=56528#breadcrumb\",\"itemListElement\":[{\"@type\":\"ListItem\",\"position\":1,\"name\":\"In\u00edcio\",\"item\":\"https:\\\/\\\/blogdoprosperi.com\\\/\"},{\"@type\":\"ListItem\",\"position\":2,\"name\":\"A Virada Modernista e Sombria do Futebol\"}]},{\"@type\":\"WebSite\",\"@id\":\"https:\\\/\\\/blogdoprosperi.com\\\/#website\",\"url\":\"https:\\\/\\\/blogdoprosperi.com\\\/\",\"name\":\"PR\u00d3SPERI NEWS\",\"description\":\"TUDO \u00c9  FUTEBOL\",\"publisher\":{\"@id\":\"https:\\\/\\\/blogdoprosperi.com\\\/#\\\/schema\\\/person\\\/38100755ce3601861ee4fab9b5aa78e9\"},\"alternateName\":\"blogdoprosperi.com\",\"potentialAction\":[{\"@type\":\"SearchAction\",\"target\":{\"@type\":\"EntryPoint\",\"urlTemplate\":\"https:\\\/\\\/blogdoprosperi.com\\\/?s={search_term_string}\"},\"query-input\":{\"@type\":\"PropertyValueSpecification\",\"valueRequired\":true,\"valueName\":\"search_term_string\"}}],\"inLanguage\":\"pt-BR\"},{\"@type\":[\"Person\",\"Organization\"],\"@id\":\"https:\\\/\\\/blogdoprosperi.com\\\/#\\\/schema\\\/person\\\/38100755ce3601861ee4fab9b5aa78e9\",\"name\":\"Luiz Ant\u00f4nio Pr\u00f3speri\",\"pronouns\":\"ele\",\"image\":{\"@type\":\"ImageObject\",\"inLanguage\":\"pt-BR\",\"@id\":\"https:\\\/\\\/i0.wp.com\\\/blogdoprosperi.com\\\/wp-content\\\/uploads\\\/2026\\\/05\\\/cropped-8059e613-6002-42fa-961e-8e275f575d71-2-5.jpg?fit=1360%2C931&ssl=1\",\"url\":\"https:\\\/\\\/i0.wp.com\\\/blogdoprosperi.com\\\/wp-content\\\/uploads\\\/2026\\\/05\\\/cropped-8059e613-6002-42fa-961e-8e275f575d71-2-5.jpg?fit=1360%2C931&ssl=1\",\"contentUrl\":\"https:\\\/\\\/i0.wp.com\\\/blogdoprosperi.com\\\/wp-content\\\/uploads\\\/2026\\\/05\\\/cropped-8059e613-6002-42fa-961e-8e275f575d71-2-5.jpg?fit=1360%2C931&ssl=1\",\"width\":1360,\"height\":931,\"caption\":\"Luiz Ant\u00f4nio Pr\u00f3speri\"},\"logo\":{\"@id\":\"https:\\\/\\\/i0.wp.com\\\/blogdoprosperi.com\\\/wp-content\\\/uploads\\\/2026\\\/05\\\/cropped-8059e613-6002-42fa-961e-8e275f575d71-2-5.jpg?fit=1360%2C931&ssl=1\"},\"description\":\"Jornalista com carreira dedicada ao esporte. Cobriu 9 Copas do Mundo in loco, 1990 na It\u00e1lia, 1994 nos EUA, 1998 na Fran\u00e7a, 2002 na Coreia do Sul e Jap\u00e3o, 2006 na Alemanha, 2010 na \u00c1frica do Sul, 2014 no Brasil, 2018 na R\u00fassia e 2022 no Qatar. Eurocopas, 1992 na Su\u00e9cia e 1996 na Inglaterra. Copa das Confedera\u00e7\u00f5es de 2005 na Alemanha e 2009 na \u00c1frica do Sul. Rep\u00f3rter e Editor, trabalhou no Jornal da Tarde e Estad\u00e3o, de 1984 a fevereiro de 2016. Colunista, blogueiro. E comentarista de futebol na R\u00e1dio Estad\u00e3o, de 2013 a fevereiro de 2016. Jornalista respons\u00e1vel do \\\"Pr\u00f3speri News\\\" (blogdoprosperi.com).\",\"sameAs\":[\"http:\\\/\\\/blogdoprosperi.com\",\"Luiz Pr\u00f3speri\",\"@luiz_prosperi\",\"https:\\\/\\\/x.com\\\/Luizprosperi\",\"@prosperinacopa\",\"luiz.prosperi@icloud.com\"],\"url\":\"https:\\\/\\\/blogdoprosperi.com\\\/?author=102107496\"}]}<\/script>\n<!-- \/ Yoast SEO plugin. -->","yoast_head_json":{"title":"A Virada Modernista e Sombria do Futebol - PR\u00d3SPERI NEWS","robots":{"index":"index","follow":"follow","max-snippet":"max-snippet:-1","max-image-preview":"max-image-preview:large","max-video-preview":"max-video-preview:-1"},"canonical":"https:\/\/blogdoprosperi.com\/?p=56528","og_locale":"pt_BR","og_type":"article","og_title":"A Virada Modernista e Sombria do Futebol - PR\u00d3SPERI NEWS","og_description":"O futebol est\u00e1 chato de ser ver. Os intermin\u00e1veis programas de debate de futebol na TV, YouTube, Podcasts, [&hellip;]","og_url":"https:\/\/blogdoprosperi.com\/?p=56528","og_site_name":"PR\u00d3SPERI NEWS","article_publisher":"Luiz Pr\u00f3speri","article_author":"Luiz Pr\u00f3speri","article_published_time":"2026-03-05T19:44:14+00:00","article_modified_time":"2026-03-06T14:15:01+00:00","og_image":[{"width":1024,"height":768,"url":"https:\/\/i0.wp.com\/blogdoprosperi.com\/wp-content\/uploads\/2026\/02\/image-10.png?fit=1024%2C768&ssl=1","type":"image\/png"}],"author":"Luiz Ant\u00f4nio Pr\u00f3speri","twitter_card":"summary_large_image","twitter_creator":"@Luizprosperi","twitter_site":"@Luizprosperi","twitter_misc":{"Escrito por":"Luiz Ant\u00f4nio Pr\u00f3speri","Est. tempo de leitura":"8 minutos"},"schema":{"@context":"https:\/\/schema.org","@graph":[{"@type":"Article","@id":"https:\/\/blogdoprosperi.com\/?p=56528#article","isPartOf":{"@id":"https:\/\/blogdoprosperi.com\/?p=56528"},"author":{"name":"Luiz Ant\u00f4nio Pr\u00f3speri","@id":"https:\/\/blogdoprosperi.com\/#\/schema\/person\/38100755ce3601861ee4fab9b5aa78e9"},"headline":"A Virada Modernista e Sombria do Futebol","datePublished":"2026-03-05T19:44:14+00:00","dateModified":"2026-03-06T14:15:01+00:00","mainEntityOfPage":{"@id":"https:\/\/blogdoprosperi.com\/?p=56528"},"wordCount":1629,"commentCount":0,"publisher":{"@id":"https:\/\/blogdoprosperi.com\/#\/schema\/person\/38100755ce3601861ee4fab9b5aa78e9"},"image":{"@id":"https:\/\/blogdoprosperi.com\/?p=56528#primaryimage"},"thumbnailUrl":"https:\/\/i0.wp.com\/blogdoprosperi.com\/wp-content\/uploads\/2026\/02\/image-10.png?fit=1024%2C768&ssl=1","keywords":["futebolquebrado","podcast","VAR","YouTube"],"articleSection":["futebol"],"inLanguage":"pt-BR","potentialAction":[{"@type":"CommentAction","name":"Comment","target":["https:\/\/blogdoprosperi.com\/?p=56528#respond"]}]},{"@type":"WebPage","@id":"https:\/\/blogdoprosperi.com\/?p=56528","url":"https:\/\/blogdoprosperi.com\/?p=56528","name":"A Virada Modernista e Sombria do Futebol - PR\u00d3SPERI NEWS","isPartOf":{"@id":"https:\/\/blogdoprosperi.com\/#website"},"primaryImageOfPage":{"@id":"https:\/\/blogdoprosperi.com\/?p=56528#primaryimage"},"image":{"@id":"https:\/\/blogdoprosperi.com\/?p=56528#primaryimage"},"thumbnailUrl":"https:\/\/i0.wp.com\/blogdoprosperi.com\/wp-content\/uploads\/2026\/02\/image-10.png?fit=1024%2C768&ssl=1","datePublished":"2026-03-05T19:44:14+00:00","dateModified":"2026-03-06T14:15:01+00:00","breadcrumb":{"@id":"https:\/\/blogdoprosperi.com\/?p=56528#breadcrumb"},"inLanguage":"pt-BR","potentialAction":[{"@type":"ReadAction","target":["https:\/\/blogdoprosperi.com\/?p=56528"]}]},{"@type":"ImageObject","inLanguage":"pt-BR","@id":"https:\/\/blogdoprosperi.com\/?p=56528#primaryimage","url":"https:\/\/i0.wp.com\/blogdoprosperi.com\/wp-content\/uploads\/2026\/02\/image-10.png?fit=1024%2C768&ssl=1","contentUrl":"https:\/\/i0.wp.com\/blogdoprosperi.com\/wp-content\/uploads\/2026\/02\/image-10.png?fit=1024%2C768&ssl=1","width":1024,"height":768},{"@type":"BreadcrumbList","@id":"https:\/\/blogdoprosperi.com\/?p=56528#breadcrumb","itemListElement":[{"@type":"ListItem","position":1,"name":"In\u00edcio","item":"https:\/\/blogdoprosperi.com\/"},{"@type":"ListItem","position":2,"name":"A Virada Modernista e Sombria do Futebol"}]},{"@type":"WebSite","@id":"https:\/\/blogdoprosperi.com\/#website","url":"https:\/\/blogdoprosperi.com\/","name":"PR\u00d3SPERI NEWS","description":"TUDO \u00c9  FUTEBOL","publisher":{"@id":"https:\/\/blogdoprosperi.com\/#\/schema\/person\/38100755ce3601861ee4fab9b5aa78e9"},"alternateName":"blogdoprosperi.com","potentialAction":[{"@type":"SearchAction","target":{"@type":"EntryPoint","urlTemplate":"https:\/\/blogdoprosperi.com\/?s={search_term_string}"},"query-input":{"@type":"PropertyValueSpecification","valueRequired":true,"valueName":"search_term_string"}}],"inLanguage":"pt-BR"},{"@type":["Person","Organization"],"@id":"https:\/\/blogdoprosperi.com\/#\/schema\/person\/38100755ce3601861ee4fab9b5aa78e9","name":"Luiz Ant\u00f4nio Pr\u00f3speri","pronouns":"ele","image":{"@type":"ImageObject","inLanguage":"pt-BR","@id":"https:\/\/i0.wp.com\/blogdoprosperi.com\/wp-content\/uploads\/2026\/05\/cropped-8059e613-6002-42fa-961e-8e275f575d71-2-5.jpg?fit=1360%2C931&ssl=1","url":"https:\/\/i0.wp.com\/blogdoprosperi.com\/wp-content\/uploads\/2026\/05\/cropped-8059e613-6002-42fa-961e-8e275f575d71-2-5.jpg?fit=1360%2C931&ssl=1","contentUrl":"https:\/\/i0.wp.com\/blogdoprosperi.com\/wp-content\/uploads\/2026\/05\/cropped-8059e613-6002-42fa-961e-8e275f575d71-2-5.jpg?fit=1360%2C931&ssl=1","width":1360,"height":931,"caption":"Luiz Ant\u00f4nio Pr\u00f3speri"},"logo":{"@id":"https:\/\/i0.wp.com\/blogdoprosperi.com\/wp-content\/uploads\/2026\/05\/cropped-8059e613-6002-42fa-961e-8e275f575d71-2-5.jpg?fit=1360%2C931&ssl=1"},"description":"Jornalista com carreira dedicada ao esporte. Cobriu 9 Copas do Mundo in loco, 1990 na It\u00e1lia, 1994 nos EUA, 1998 na Fran\u00e7a, 2002 na Coreia do Sul e Jap\u00e3o, 2006 na Alemanha, 2010 na \u00c1frica do Sul, 2014 no Brasil, 2018 na R\u00fassia e 2022 no Qatar. Eurocopas, 1992 na Su\u00e9cia e 1996 na Inglaterra. Copa das Confedera\u00e7\u00f5es de 2005 na Alemanha e 2009 na \u00c1frica do Sul. Rep\u00f3rter e Editor, trabalhou no Jornal da Tarde e Estad\u00e3o, de 1984 a fevereiro de 2016. Colunista, blogueiro. E comentarista de futebol na R\u00e1dio Estad\u00e3o, de 2013 a fevereiro de 2016. Jornalista respons\u00e1vel do \"Pr\u00f3speri News\" (blogdoprosperi.com).","sameAs":["http:\/\/blogdoprosperi.com","Luiz Pr\u00f3speri","@luiz_prosperi","https:\/\/x.com\/Luizprosperi","@prosperinacopa","luiz.prosperi@icloud.com"],"url":"https:\/\/blogdoprosperi.com\/?author=102107496"}]}},"jetpack_publicize_connections":[],"jetpack_likes_enabled":false,"jetpack_sharing_enabled":true,"jetpack_shortlink":"https:\/\/wp.me\/p7jvdk-eHK","jetpack-related-posts":[{"id":43334,"url":"https:\/\/blogdoprosperi.com\/?p=43334","url_meta":{"origin":56528,"position":0},"title":"Brasil vence Paraguai aos dribles e provoca\u00e7\u00f5es de Vini Jr, com ben\u00e7\u00e3o de Neymar Jr","author":"Luiz Ant\u00f4nio Pr\u00f3speri","date":"29 de junho de 2024","format":false,"excerpt":"Sele\u00e7\u00e3o Brasileira vence Paraguai por 4 a 1 na segunda rodada da Copa Am\u00e9rica 2024. Jogadores, falamos de Vini Jr e Bruno Guimar\u00e3es entre outros, celebram o triunfo desabafando contra torcedores no est\u00e1dio e, por tabela, aos cr\u00edticos do escrete. Cerim\u00f4nia que caberia bem aos vencedores de uma batalha \u00e9pica.\u2026","rel":"","context":"Em &quot;futebol&quot;","block_context":{"text":"futebol","link":"https:\/\/blogdoprosperi.com\/?cat=53870"},"img":{"alt_text":"Neymar Jr e Vini Jr, tudo a ver","src":"https:\/\/i0.wp.com\/blogdoprosperi.com\/wp-content\/uploads\/2024\/06\/53823598443_622fd14418_c.jpg?fit=800%2C545&ssl=1&resize=350%2C200","width":350,"height":200,"srcset":"https:\/\/i0.wp.com\/blogdoprosperi.com\/wp-content\/uploads\/2024\/06\/53823598443_622fd14418_c.jpg?fit=800%2C545&ssl=1&resize=350%2C200 1x, https:\/\/i0.wp.com\/blogdoprosperi.com\/wp-content\/uploads\/2024\/06\/53823598443_622fd14418_c.jpg?fit=800%2C545&ssl=1&resize=525%2C300 1.5x, https:\/\/i0.wp.com\/blogdoprosperi.com\/wp-content\/uploads\/2024\/06\/53823598443_622fd14418_c.jpg?fit=800%2C545&ssl=1&resize=700%2C400 2x"},"classes":[]},{"id":42781,"url":"https:\/\/blogdoprosperi.com\/?p=42781","url_meta":{"origin":56528,"position":1},"title":"Torcida do Palmeiras: \u00fanica derrotada na eventual sa\u00edda de Dudu. Veja quem ganha e quem perde","author":"Luiz Ant\u00f4nio Pr\u00f3speri","date":"16 de junho de 2024","format":false,"excerpt":"Futebol \u00e9 neg\u00f3cio. Paix\u00e3o alimenta essa engrenagem, infelizmente ao olhar do torcedor. O caso Dudu \u00e9 um exemplo cristalino dessa verdade. Palmeiras ganha com a sa\u00edda do jogador. Cruzeiro se beneficia com a transfer\u00eancia. Dudu, aos 32 anos, garante mais cinco anos de contrato e engorda sua conta banc\u00e1ria. O\u2026","rel":"","context":"Em &quot;futebol&quot;","block_context":{"text":"futebol","link":"https:\/\/blogdoprosperi.com\/?cat=53870"},"img":{"alt_text":"","src":"https:\/\/i0.wp.com\/blogdoprosperi.com\/wp-content\/uploads\/2022\/12\/52474273725_835056a182_c.jpg?fit=800%2C450&ssl=1&resize=350%2C200","width":350,"height":200,"srcset":"https:\/\/i0.wp.com\/blogdoprosperi.com\/wp-content\/uploads\/2022\/12\/52474273725_835056a182_c.jpg?fit=800%2C450&ssl=1&resize=350%2C200 1x, https:\/\/i0.wp.com\/blogdoprosperi.com\/wp-content\/uploads\/2022\/12\/52474273725_835056a182_c.jpg?fit=800%2C450&ssl=1&resize=525%2C300 1.5x, https:\/\/i0.wp.com\/blogdoprosperi.com\/wp-content\/uploads\/2022\/12\/52474273725_835056a182_c.jpg?fit=800%2C450&ssl=1&resize=700%2C400 2x"},"classes":[]},{"id":39871,"url":"https:\/\/blogdoprosperi.com\/?p=39871","url_meta":{"origin":56528,"position":2},"title":"Brasil estreia com vit\u00f3ria ao signo de Richarlison","author":"Luiz Ant\u00f4nio Pr\u00f3speri","date":"24 de novembro de 2022","format":false,"excerpt":"Brasil anuncia ao mundo sua candidatura a campe\u00e3o de mais uma Copa. Se imp\u00f5e diante da S\u00e9rvia na estreia no Qatar com vit\u00f3ria por 2 a 0 constru\u00edda no segundo tempo. E mostra futebol de alegoria, em especial quando Richarlison escreveu seu nome com os dois gols \u2013 um deles\u2026","rel":"","context":"Em &quot;futebol&quot;","block_context":{"text":"futebol","link":"https:\/\/blogdoprosperi.com\/?cat=53870"},"img":{"alt_text":"","src":"https:\/\/i0.wp.com\/blogdoprosperi.com\/wp-content\/uploads\/2022\/11\/52521785803_31608d7479_c.jpg?fit=799%2C533&ssl=1&resize=350%2C200","width":350,"height":200,"srcset":"https:\/\/i0.wp.com\/blogdoprosperi.com\/wp-content\/uploads\/2022\/11\/52521785803_31608d7479_c.jpg?fit=799%2C533&ssl=1&resize=350%2C200 1x, https:\/\/i0.wp.com\/blogdoprosperi.com\/wp-content\/uploads\/2022\/11\/52521785803_31608d7479_c.jpg?fit=799%2C533&ssl=1&resize=525%2C300 1.5x, https:\/\/i0.wp.com\/blogdoprosperi.com\/wp-content\/uploads\/2022\/11\/52521785803_31608d7479_c.jpg?fit=799%2C533&ssl=1&resize=700%2C400 2x"},"classes":[]},{"id":22670,"url":"https:\/\/blogdoprosperi.com\/?p=22670","url_meta":{"origin":56528,"position":3},"title":"A culpa que o futebol n\u00e3o tem","author":"Luiz Ant\u00f4nio Pr\u00f3speri","date":"23 de agosto de 2016","format":false,"excerpt":"Gabriel Jesus voltou a treinar no Palmeiras nesta ter\u00e7a-feira, tr\u00eas dias ap\u00f3s a conquista da medalha de ouro no Maracan\u00e3. Levaram o menino de 19 anos, nascido no pobre Jardim Peri, na capital, a dar entrevista coletiva no clube. Inevit\u00e1vel a necessidade de extrair das entranhas do garoto a enorme\u2026","rel":"","context":"Em &quot;futebol&quot;","block_context":{"text":"futebol","link":"https:\/\/blogdoprosperi.com\/?cat=53870"},"img":{"alt_text":"","src":"https:\/\/i0.wp.com\/blogdoprosperi.com\/wp-content\/uploads\/2016\/08\/00914167.jpg?resize=350%2C200&ssl=1","width":350,"height":200,"srcset":"https:\/\/i0.wp.com\/blogdoprosperi.com\/wp-content\/uploads\/2016\/08\/00914167.jpg?resize=350%2C200&ssl=1 1x, https:\/\/i0.wp.com\/blogdoprosperi.com\/wp-content\/uploads\/2016\/08\/00914167.jpg?resize=525%2C300&ssl=1 1.5x, https:\/\/i0.wp.com\/blogdoprosperi.com\/wp-content\/uploads\/2016\/08\/00914167.jpg?resize=700%2C400&ssl=1 2x, https:\/\/i0.wp.com\/blogdoprosperi.com\/wp-content\/uploads\/2016\/08\/00914167.jpg?resize=1050%2C600&ssl=1 3x, https:\/\/i0.wp.com\/blogdoprosperi.com\/wp-content\/uploads\/2016\/08\/00914167.jpg?resize=1400%2C800&ssl=1 4x"},"classes":[]},{"id":41520,"url":"https:\/\/blogdoprosperi.com\/?p=41520","url_meta":{"origin":56528,"position":4},"title":"Vinicius Jr, n\u00e3o olhe no espelho de Neymar e Gabigol","author":"Luiz Ant\u00f4nio Pr\u00f3speri","date":"23 de maio de 2023","format":false,"excerpt":"O espelho de Neymar n\u00e3o pode refletir a imagem de Vini. Neymar, por estilo de jogo e talento, \u00e9 visto por uma imensa maioria de advers\u00e1rios e torcedores como um provocador","rel":"","context":"Em &quot;Campeonato Brasileiro&quot;","block_context":{"text":"Campeonato Brasileiro","link":"https:\/\/blogdoprosperi.com\/?cat=355071"},"img":{"alt_text":"","src":"https:\/\/i0.wp.com\/blogdoprosperi.com\/wp-content\/uploads\/2023\/03\/fqn6o6rxgaydnq7.jpeg?fit=1200%2C675&ssl=1&resize=350%2C200","width":350,"height":200,"srcset":"https:\/\/i0.wp.com\/blogdoprosperi.com\/wp-content\/uploads\/2023\/03\/fqn6o6rxgaydnq7.jpeg?fit=1200%2C675&ssl=1&resize=350%2C200 1x, https:\/\/i0.wp.com\/blogdoprosperi.com\/wp-content\/uploads\/2023\/03\/fqn6o6rxgaydnq7.jpeg?fit=1200%2C675&ssl=1&resize=525%2C300 1.5x, https:\/\/i0.wp.com\/blogdoprosperi.com\/wp-content\/uploads\/2023\/03\/fqn6o6rxgaydnq7.jpeg?fit=1200%2C675&ssl=1&resize=700%2C400 2x, https:\/\/i0.wp.com\/blogdoprosperi.com\/wp-content\/uploads\/2023\/03\/fqn6o6rxgaydnq7.jpeg?fit=1200%2C675&ssl=1&resize=1050%2C600 3x"},"classes":[]},{"id":39632,"url":"https:\/\/blogdoprosperi.com\/?p=39632","url_meta":{"origin":56528,"position":5},"title":"Fifa cria aplicativo da Copa: jogadores ter\u00e3o acesso a dados e estat\u00edsticas individuais em tempo real","author":"Luiz Ant\u00f4nio Pr\u00f3speri","date":"27 de setembro de 2022","format":false,"excerpt":"Aplicativo estar\u00e1 dispon\u00edvel para todos os jogadores da Copa do Mundo Qatar 2022. Atletas\u00a0ter\u00e3o acesso imediato ao seu desempenho (dados e estat\u00edsticas) gra\u00e7as aos dados individuais que a Fifa coletar\u00e1 durante os jogos captados por uma centena de c\u00e2meras nos est\u00e1dios.","rel":"","context":"Em &quot;catar 2022&quot;","block_context":{"text":"catar 2022","link":"https:\/\/blogdoprosperi.com\/?cat=47094043"},"img":{"alt_text":"","src":"https:\/\/i0.wp.com\/blogdoprosperi.com\/wp-content\/uploads\/2022\/09\/unnamed.jpg?fit=560%2C315&ssl=1&resize=350%2C200","width":350,"height":200,"srcset":"https:\/\/i0.wp.com\/blogdoprosperi.com\/wp-content\/uploads\/2022\/09\/unnamed.jpg?fit=560%2C315&ssl=1&resize=350%2C200 1x, https:\/\/i0.wp.com\/blogdoprosperi.com\/wp-content\/uploads\/2022\/09\/unnamed.jpg?fit=560%2C315&ssl=1&resize=525%2C300 1.5x"},"classes":[]}],"jetpack_featured_media_url":"https:\/\/i0.wp.com\/blogdoprosperi.com\/wp-content\/uploads\/2026\/02\/image-10.png?fit=1024%2C768&ssl=1","_links":{"self":[{"href":"https:\/\/blogdoprosperi.com\/index.php?rest_route=\/wp\/v2\/posts\/56528","targetHints":{"allow":["GET"]}}],"collection":[{"href":"https:\/\/blogdoprosperi.com\/index.php?rest_route=\/wp\/v2\/posts"}],"about":[{"href":"https:\/\/blogdoprosperi.com\/index.php?rest_route=\/wp\/v2\/types\/post"}],"author":[{"embeddable":true,"href":"https:\/\/blogdoprosperi.com\/index.php?rest_route=\/wp\/v2\/users\/102107496"}],"replies":[{"embeddable":true,"href":"https:\/\/blogdoprosperi.com\/index.php?rest_route=%2Fwp%2Fv2%2Fcomments&post=56528"}],"version-history":[{"count":11,"href":"https:\/\/blogdoprosperi.com\/index.php?rest_route=\/wp\/v2\/posts\/56528\/revisions"}],"predecessor-version":[{"id":56549,"href":"https:\/\/blogdoprosperi.com\/index.php?rest_route=\/wp\/v2\/posts\/56528\/revisions\/56549"}],"wp:featuredmedia":[{"embeddable":true,"href":"https:\/\/blogdoprosperi.com\/index.php?rest_route=\/wp\/v2\/media\/56398"}],"wp:attachment":[{"href":"https:\/\/blogdoprosperi.com\/index.php?rest_route=%2Fwp%2Fv2%2Fmedia&parent=56528"}],"wp:term":[{"taxonomy":"category","embeddable":true,"href":"https:\/\/blogdoprosperi.com\/index.php?rest_route=%2Fwp%2Fv2%2Fcategories&post=56528"},{"taxonomy":"post_tag","embeddable":true,"href":"https:\/\/blogdoprosperi.com\/index.php?rest_route=%2Fwp%2Fv2%2Ftags&post=56528"}],"curies":[{"name":"wp","href":"https:\/\/api.w.org\/{rel}","templated":true}]}}