{"id":56709,"date":"2026-03-17T11:49:46","date_gmt":"2026-03-17T14:49:46","guid":{"rendered":"https:\/\/blogdoprosperi.com\/?p=56709"},"modified":"2026-03-17T11:49:46","modified_gmt":"2026-03-17T14:49:46","slug":"selecao-brasileira-ancelotti-aumenta-lista-de-incertezas-na-copa","status":"publish","type":"post","link":"https:\/\/blogdoprosperi.com\/?p=56709","title":{"rendered":"Sele\u00e7\u00e3o Brasileira | Ancelotti Aumenta Lista de Incertezas na Copa"},"content":{"rendered":"<p><em>Luiz Ant\u00f4nio Pr\u00f3speri \u2013 17 mar\u00e7o 2026 (11h44) \u2013<\/em><\/p>\n<p>&#8220;Tenho d\u00favidas na defesa, tenho d\u00favidas no meio-campo e quase nenhuma d\u00favida no ataque&#8221;, responde Carlo Ancelotti no ato da convoca\u00e7\u00e3o da Sele\u00e7\u00e3o Brasileira para amistosos contra Fran\u00e7a e Cro\u00e1cia no fim deste m\u00eas de mar\u00e7o. Mais claro, imposs\u00edvel. Ancelotti apresenta a lista de 26 jogadores e nos leva a entender que temos mais incertezas a certezas de quem o italiano vai levar \u00e0 Copa do Mundo de Donald Trump e Gianni Infantino. E ainda deixa sem solu\u00e7\u00e3o o Caso Neymar.<\/p>\n<p>Dos 26 convocados nesta segunda-feira (16\/3), sete atuam em ligas da Ar\u00e1bia Saudita, Turquia e da R\u00fassia. Alguns deles figurinhas carimbadas, como o goleiro Ederson (Fenerbahc\u00e7e) e Fabinho (Al Itthad), que j\u00e1 disputaram Copas do Mundo. Outros de pouca fama, Douglas Santos (Zenit), Iba\u00f1ez (Al Ahli), Gabriel Sara (Galatasaray), Bento (Al Nassr) e at\u00e9 Luiz Henrique, campe\u00e3o da Libertadores e Brasileir\u00e3o no Botafogo, coadjuvante no Zenit da R\u00fassia.<\/p>\n<p>Os sete eleitos se configuram apostas ousadas de Ancelotti diante do n\u00edvel de exig\u00eancias das ligas em que atuam. Num tempo remoto, a Sele\u00e7\u00e3o Brasileira n\u00e3o poderia ter tanta gente de campeonatos da Ar\u00e1bia, R\u00fassia e Turquia. Como houve uma expans\u00e3o do universo da bola, ent\u00e3o vamos aceitar as novidades do treinador italiano do Brasil.<\/p>\n<p>\u00c0s d\u00favidas de Ancelotti na defesa, somo uma afli\u00e7\u00e3o. Laterais Danilo e Alex Sandro, ambos do Flamengo, estiveram na \u00faltima Copa do Mundo. Deram mais dores de cabe\u00e7a a Tite \u00e0 solu\u00e7\u00f5es. H\u00e1 quatro anos apresentavam problemas no porte f\u00edsico. Quatro anos depois, parece, est\u00e3o mais desgastados.<\/p>\n<p>E n\u00e3o ficamos apenas em Danilo e Alex Sandro. Eder Milit\u00e3o, n\u00e3o convocado agora e nome certo na Copa, tem um hist\u00f3rico recente de les\u00f5es incompat\u00edveis com as exig\u00eancias de uma Copa do Mundo.<\/p>\n<p>Tudo isso no balaio, mais ainda experi\u00eancias com Iba\u00f1ez na reta final de fechamento da lista de convocados, nos obriga a concordar com Ancelotti: temos muitas d\u00favidas na defesa.<\/p>\n<p>Meio-campo \u00e9 outra preocupa\u00e7\u00e3o. A situa\u00e7\u00e3o \u00e9 grave. H\u00e1 muito tempo n\u00e3o temos meias cerebrais, aqueles que usam mais a cabe\u00e7a aos m\u00fasculos. Nossos meias e volantes s\u00e3o f\u00edsicos. Podem at\u00e9 funcionar numa Copa do Mundo de enormes exig\u00eancias f\u00edsicas a se jogar sob calor absurdo, baixa umidade e hor\u00e1rios de pico do ver\u00e3o americano.<\/p>\n<p>A\u00ed est\u00e1 o segredo dessa Copa nos Estados Unidos. Quem pensa em t\u00edtulo tem de se dedicar \u00e0s condi\u00e7\u00f5es f\u00edsicas dos jogadores. S\u00f3 talento n\u00e3o resolve. \u00c9 por isso que Ancelotti insiste: &#8220;Jogadores para ir \u00e0 Copa precisam de estar com o f\u00edsico 100%&#8221;. Na linguagem da bola: estarem nas pontas dos cascos.<\/p>\n<p>N\u00e3o custa nada recorrer aos ensinamentos de Carlos Alberto Parreira. Ao perceber que a Copa seria jogada ao meio-dia, calor absurdo, quase dentro de um microondas, Parreira robustece o meio-campo com volantes f\u00edsicos: Dunga, Mauro Silva e Mazinho ajudados por Zinho, um d\u00ednamo. Carregavam a carga pesada nas costas para Bebeto e Rom\u00e1rio tomarem \u00e1gua fresca. E o Brasil conquista o Tetra.<\/p>\n<p>A respeito do Caso Neymar, conversaremos mais tarde.<\/p>\n<h4><strong>Novidades de Ancelotti<\/strong><\/h4>\n<div class=\"tiled-gallery type-rectangular tiled-gallery-unresized\" data-original-width=\"940\" data-carousel-extra='{&quot;blog_id&quot;:1,&quot;permalink&quot;:&quot;https:\\\/\\\/blogdoprosperi.com\\\/?p=56709&quot;,&quot;likes_blog_id&quot;:108082574}' itemscope itemtype=\"http:\/\/schema.org\/ImageGallery\" > <div class=\"gallery-row\" style=\"width: 940px; height: 597px;\" data-original-width=\"940\" data-original-height=\"597\" > <div class=\"gallery-group images-1\" style=\"width: 462px; height: 597px;\" data-original-width=\"462\" data-original-height=\"597\" > <div class=\"tiled-gallery-item tiled-gallery-item-large\" itemprop=\"associatedMedia\" itemscope itemtype=\"http:\/\/schema.org\/ImageObject\"> <a href=\"https:\/\/blogdoprosperi.com\/?attachment_id=56723\" border=\"0\" itemprop=\"url\"> <meta itemprop=\"width\" content=\"458\"> <meta itemprop=\"height\" content=\"593\"> <img decoding=\"async\" class=\"\" data-attachment-id=\"56723\" data-orig-file=\"https:\/\/blogdoprosperi.com\/wp-content\/uploads\/2026\/03\/55148088584_6f51a8318a_c.jpg\" data-orig-size=\"618,800\" data-comments-opened=\"1\" data-image-meta=\"{&quot;aperture&quot;:&quot;0&quot;,&quot;credit&quot;:&quot;&quot;,&quot;camera&quot;:&quot;&quot;,&quot;caption&quot;:&quot;&quot;,&quot;created_timestamp&quot;:&quot;0&quot;,&quot;copyright&quot;:&quot;&quot;,&quot;focal_length&quot;:&quot;0&quot;,&quot;iso&quot;:&quot;0&quot;,&quot;shutter_speed&quot;:&quot;0&quot;,&quot;title&quot;:&quot;&quot;,&quot;orientation&quot;:&quot;0&quot;}\" data-image-title=\"55148088584_6f51a8318a_c\" data-image-description=\"\" data-medium-file=\"https:\/\/i0.wp.com\/blogdoprosperi.com\/wp-content\/uploads\/2026\/03\/55148088584_6f51a8318a_c.jpg?fit=292%2C378&#038;ssl=1\" data-large-file=\"https:\/\/i0.wp.com\/blogdoprosperi.com\/wp-content\/uploads\/2026\/03\/55148088584_6f51a8318a_c.jpg?fit=618%2C800&#038;ssl=1\" src=\"https:\/\/i0.wp.com\/blogdoprosperi.com\/wp-content\/uploads\/2026\/03\/55148088584_6f51a8318a_c.jpg?w=458&#038;h=593&#038;ssl=1\" width=\"458\" height=\"593\" loading=\"lazy\" data-original-width=\"458\" data-original-height=\"593\" itemprop=\"http:\/\/schema.org\/image\" title=\"55148088584_6f51a8318a_c\" alt=\"Leo Pereira - foto: Flamengo oficial\" style=\"width: 458px; height: 593px;\" \/> <\/a> <div class=\"tiled-gallery-caption\" itemprop=\"caption description\"> Leo Pereira &#8211; foto: Flamengo oficial <\/div> <\/div> <\/div> <!-- close group --> <div class=\"gallery-group images-1\" style=\"width: 478px; height: 597px;\" data-original-width=\"478\" data-original-height=\"597\" > <div class=\"tiled-gallery-item tiled-gallery-item-large\" itemprop=\"associatedMedia\" itemscope itemtype=\"http:\/\/schema.org\/ImageObject\"> <a href=\"https:\/\/blogdoprosperi.com\/?attachment_id=56722\" border=\"0\" itemprop=\"url\"> <meta itemprop=\"width\" content=\"474\"> <meta itemprop=\"height\" content=\"593\"> <img decoding=\"async\" class=\"\" data-attachment-id=\"56722\" data-orig-file=\"https:\/\/blogdoprosperi.com\/wp-content\/uploads\/2026\/03\/hdjasrew0aa0ht1.jpeg\" data-orig-size=\"960,1200\" data-comments-opened=\"1\" data-image-meta=\"{&quot;aperture&quot;:&quot;0&quot;,&quot;credit&quot;:&quot;&quot;,&quot;camera&quot;:&quot;&quot;,&quot;caption&quot;:&quot;&quot;,&quot;created_timestamp&quot;:&quot;0&quot;,&quot;copyright&quot;:&quot;&quot;,&quot;focal_length&quot;:&quot;0&quot;,&quot;iso&quot;:&quot;0&quot;,&quot;shutter_speed&quot;:&quot;0&quot;,&quot;title&quot;:&quot;&quot;,&quot;orientation&quot;:&quot;0&quot;}\" data-image-title=\"HDjaSrEW0AA0hT1\" data-image-description=\"\" data-medium-file=\"https:\/\/i0.wp.com\/blogdoprosperi.com\/wp-content\/uploads\/2026\/03\/hdjasrew0aa0ht1.jpeg?fit=302%2C378&#038;ssl=1\" data-large-file=\"https:\/\/i0.wp.com\/blogdoprosperi.com\/wp-content\/uploads\/2026\/03\/hdjasrew0aa0ht1.jpeg?fit=819%2C1024&#038;ssl=1\" src=\"https:\/\/i0.wp.com\/blogdoprosperi.com\/wp-content\/uploads\/2026\/03\/hdjasrew0aa0ht1.jpeg?w=474&#038;h=593&#038;ssl=1\" width=\"474\" height=\"593\" loading=\"lazy\" data-original-width=\"474\" data-original-height=\"593\" itemprop=\"http:\/\/schema.org\/image\" title=\"HDjaSrEW0AA0hT1\" alt=\"Gabriel Sara \u2013 reprodu\u00e7\u00e3o X\" style=\"width: 474px; height: 593px;\" \/> <\/a> <div class=\"tiled-gallery-caption\" itemprop=\"caption description\"> Gabriel Sara \u2013 reprodu\u00e7\u00e3o X <\/div> <\/div> <\/div> <!-- close group --> <\/div> <!-- close row --> <div class=\"gallery-row\" style=\"width: 940px; height: 588px;\" data-original-width=\"940\" data-original-height=\"588\" > <div class=\"gallery-group images-2\" style=\"width: 459px; height: 588px;\" data-original-width=\"459\" data-original-height=\"588\" > <div class=\"tiled-gallery-item tiled-gallery-item-large\" itemprop=\"associatedMedia\" itemscope itemtype=\"http:\/\/schema.org\/ImageObject\"> <a href=\"https:\/\/blogdoprosperi.com\/?attachment_id=56721\" border=\"0\" itemprop=\"url\"> <meta itemprop=\"width\" content=\"455\"> <meta itemprop=\"height\" content=\"276\"> <img decoding=\"async\" class=\"\" data-attachment-id=\"56721\" data-orig-file=\"https:\/\/blogdoprosperi.com\/wp-content\/uploads\/2026\/03\/gettyimages-2123625638.webp\" data-orig-size=\"3736,2272\" data-comments-opened=\"1\" data-image-meta=\"{&quot;aperture&quot;:&quot;0&quot;,&quot;credit&quot;:&quot;&quot;,&quot;camera&quot;:&quot;&quot;,&quot;caption&quot;:&quot;&quot;,&quot;created_timestamp&quot;:&quot;0&quot;,&quot;copyright&quot;:&quot;&quot;,&quot;focal_length&quot;:&quot;0&quot;,&quot;iso&quot;:&quot;0&quot;,&quot;shutter_speed&quot;:&quot;0&quot;,&quot;title&quot;:&quot;&quot;,&quot;orientation&quot;:&quot;0&quot;}\" data-image-title=\"GettyImages-2123625638\" data-image-description=\"\" data-medium-file=\"https:\/\/i0.wp.com\/blogdoprosperi.com\/wp-content\/uploads\/2026\/03\/gettyimages-2123625638.webp?fit=622%2C378&#038;ssl=1\" data-large-file=\"https:\/\/i0.wp.com\/blogdoprosperi.com\/wp-content\/uploads\/2026\/03\/gettyimages-2123625638.webp?fit=940%2C572&#038;ssl=1\" src=\"https:\/\/i0.wp.com\/blogdoprosperi.com\/wp-content\/uploads\/2026\/03\/gettyimages-2123625638.webp?w=455&#038;h=276&#038;ssl=1\" width=\"455\" height=\"276\" loading=\"lazy\" data-original-width=\"455\" data-original-height=\"276\" itemprop=\"http:\/\/schema.org\/image\" title=\"GettyImages-2123625638\" alt=\"Iba\u00f1ez - foto: Al Ali\" style=\"width: 455px; height: 276px;\" \/> <\/a> <div class=\"tiled-gallery-caption\" itemprop=\"caption description\"> Iba\u00f1ez &#8211; foto: Al Ali <\/div> <\/div> <div class=\"tiled-gallery-item tiled-gallery-item-large\" itemprop=\"associatedMedia\" itemscope itemtype=\"http:\/\/schema.org\/ImageObject\"> <a href=\"https:\/\/blogdoprosperi.com\/?attachment_id=56720\" border=\"0\" itemprop=\"url\"> <meta itemprop=\"width\" content=\"455\"> <meta itemprop=\"height\" content=\"304\"> <img decoding=\"async\" class=\"\" data-attachment-id=\"56720\" data-orig-file=\"https:\/\/blogdoprosperi.com\/wp-content\/uploads\/2026\/03\/hdjzlkqxkaaqii_.jpeg\" data-orig-size=\"900,601\" data-comments-opened=\"1\" data-image-meta=\"{&quot;aperture&quot;:&quot;0&quot;,&quot;credit&quot;:&quot;&quot;,&quot;camera&quot;:&quot;&quot;,&quot;caption&quot;:&quot;&quot;,&quot;created_timestamp&quot;:&quot;0&quot;,&quot;copyright&quot;:&quot;&quot;,&quot;focal_length&quot;:&quot;0&quot;,&quot;iso&quot;:&quot;0&quot;,&quot;shutter_speed&quot;:&quot;0&quot;,&quot;title&quot;:&quot;&quot;,&quot;orientation&quot;:&quot;0&quot;}\" data-image-title=\"HDjZLkqXkAAqII_\" data-image-description=\"\" data-medium-file=\"https:\/\/i0.wp.com\/blogdoprosperi.com\/wp-content\/uploads\/2026\/03\/hdjzlkqxkaaqii_.jpeg?fit=566%2C378&#038;ssl=1\" data-large-file=\"https:\/\/i0.wp.com\/blogdoprosperi.com\/wp-content\/uploads\/2026\/03\/hdjzlkqxkaaqii_.jpeg?fit=900%2C601&#038;ssl=1\" src=\"https:\/\/i0.wp.com\/blogdoprosperi.com\/wp-content\/uploads\/2026\/03\/hdjzlkqxkaaqii_.jpeg?w=455&#038;h=304&#038;ssl=1\" width=\"455\" height=\"304\" loading=\"lazy\" data-original-width=\"455\" data-original-height=\"304\" itemprop=\"http:\/\/schema.org\/image\" title=\"HDjZLkqXkAAqII_\" alt=\"Danilo \u2013 foto: Botafogo oficial\" style=\"width: 455px; height: 304px;\" \/> <\/a> <div class=\"tiled-gallery-caption\" itemprop=\"caption description\"> Danilo \u2013 foto: Botafogo oficial <\/div> <\/div> <\/div> <!-- close group --> <div class=\"gallery-group images-1\" style=\"width: 481px; height: 588px;\" data-original-width=\"481\" data-original-height=\"588\" > <div class=\"tiled-gallery-item tiled-gallery-item-large\" itemprop=\"associatedMedia\" itemscope itemtype=\"http:\/\/schema.org\/ImageObject\"> <a href=\"https:\/\/blogdoprosperi.com\/?attachment_id=56719\" border=\"0\" itemprop=\"url\"> <meta itemprop=\"width\" content=\"477\"> <meta itemprop=\"height\" content=\"584\"> <img decoding=\"async\" class=\"\" data-attachment-id=\"56719\" data-orig-file=\"https:\/\/blogdoprosperi.com\/wp-content\/uploads\/2026\/03\/hdjy4ydx0aa-zus-1.jpeg\" data-orig-size=\"555,680\" data-comments-opened=\"1\" data-image-meta=\"{&quot;aperture&quot;:&quot;0&quot;,&quot;credit&quot;:&quot;&quot;,&quot;camera&quot;:&quot;&quot;,&quot;caption&quot;:&quot;&quot;,&quot;created_timestamp&quot;:&quot;0&quot;,&quot;copyright&quot;:&quot;&quot;,&quot;focal_length&quot;:&quot;0&quot;,&quot;iso&quot;:&quot;0&quot;,&quot;shutter_speed&quot;:&quot;0&quot;,&quot;title&quot;:&quot;&quot;,&quot;orientation&quot;:&quot;0&quot;}\" data-image-title=\"HDjY4ydX0AA-ZuS-1\" data-image-description=\"\" data-medium-file=\"https:\/\/i0.wp.com\/blogdoprosperi.com\/wp-content\/uploads\/2026\/03\/hdjy4ydx0aa-zus-1.jpeg?fit=309%2C378&#038;ssl=1\" data-large-file=\"https:\/\/i0.wp.com\/blogdoprosperi.com\/wp-content\/uploads\/2026\/03\/hdjy4ydx0aa-zus-1.jpeg?fit=555%2C680&#038;ssl=1\" src=\"https:\/\/i0.wp.com\/blogdoprosperi.com\/wp-content\/uploads\/2026\/03\/hdjy4ydx0aa-zus-1.jpeg?w=477&#038;h=584&#038;ssl=1\" width=\"477\" height=\"584\" loading=\"lazy\" data-original-width=\"477\" data-original-height=\"584\" itemprop=\"http:\/\/schema.org\/image\" title=\"HDjY4ydX0AA-ZuS-1\" alt=\"Rayan - foto: reprodu\u00e7\u00e3o X\" style=\"width: 477px; height: 584px;\" \/> <\/a> <div class=\"tiled-gallery-caption\" itemprop=\"caption description\"> Rayan &#8211; foto: reprodu\u00e7\u00e3o X <\/div> <\/div> <\/div> <!-- close group --> <\/div> <!-- close row --> <div class=\"gallery-row\" style=\"width: 940px; height: 390px;\" data-original-width=\"940\" data-original-height=\"390\" > <div class=\"gallery-group images-1\" style=\"width: 314px; height: 390px;\" data-original-width=\"314\" data-original-height=\"390\" > <div class=\"tiled-gallery-item tiled-gallery-item-large\" itemprop=\"associatedMedia\" itemscope itemtype=\"http:\/\/schema.org\/ImageObject\"> <a href=\"https:\/\/blogdoprosperi.com\/?attachment_id=56718\" border=\"0\" itemprop=\"url\"> <meta itemprop=\"width\" content=\"310\"> <meta itemprop=\"height\" content=\"386\"> <img decoding=\"async\" class=\"\" data-attachment-id=\"56718\" data-orig-file=\"https:\/\/blogdoprosperi.com\/wp-content\/uploads\/2026\/03\/hdjzl-vbsaakuqh.jpeg\" data-orig-size=\"545,680\" data-comments-opened=\"1\" data-image-meta=\"{&quot;aperture&quot;:&quot;0&quot;,&quot;credit&quot;:&quot;&quot;,&quot;camera&quot;:&quot;&quot;,&quot;caption&quot;:&quot;&quot;,&quot;created_timestamp&quot;:&quot;0&quot;,&quot;copyright&quot;:&quot;&quot;,&quot;focal_length&quot;:&quot;0&quot;,&quot;iso&quot;:&quot;0&quot;,&quot;shutter_speed&quot;:&quot;0&quot;,&quot;title&quot;:&quot;&quot;,&quot;orientation&quot;:&quot;0&quot;}\" data-image-title=\"HDjZl-vbsAAkUQh\" data-image-description=\"\" data-medium-file=\"https:\/\/i0.wp.com\/blogdoprosperi.com\/wp-content\/uploads\/2026\/03\/hdjzl-vbsaakuqh.jpeg?fit=303%2C378&#038;ssl=1\" data-large-file=\"https:\/\/i0.wp.com\/blogdoprosperi.com\/wp-content\/uploads\/2026\/03\/hdjzl-vbsaakuqh.jpeg?fit=545%2C680&#038;ssl=1\" src=\"https:\/\/i0.wp.com\/blogdoprosperi.com\/wp-content\/uploads\/2026\/03\/hdjzl-vbsaakuqh.jpeg?w=310&#038;h=386&#038;ssl=1\" width=\"310\" height=\"386\" loading=\"lazy\" data-original-width=\"310\" data-original-height=\"386\" itemprop=\"http:\/\/schema.org\/image\" title=\"HDjZl-vbsAAkUQh\" alt=\"Igor Thiago \u2013 foto: reprodu\u00e7\u00e3o X\" style=\"width: 310px; height: 386px;\" \/> <\/a> <div class=\"tiled-gallery-caption\" itemprop=\"caption description\"> Igor Thiago \u2013 foto: reprodu\u00e7\u00e3o X <\/div> <\/div> <\/div> <!-- close group --> <div class=\"gallery-group images-1\" style=\"width: 313px; height: 390px;\" data-original-width=\"313\" data-original-height=\"390\" > <div class=\"tiled-gallery-item tiled-gallery-item-large\" itemprop=\"associatedMedia\" itemscope itemtype=\"http:\/\/schema.org\/ImageObject\"> <a href=\"https:\/\/blogdoprosperi.com\/?attachment_id=56717\" border=\"0\" itemprop=\"url\"> <meta itemprop=\"width\" content=\"309\"> <meta itemprop=\"height\" content=\"386\"> <img decoding=\"async\" class=\"\" data-attachment-id=\"56717\" data-orig-file=\"https:\/\/blogdoprosperi.com\/wp-content\/uploads\/2026\/03\/hdjyxxwbeaqeyne.jpeg\" data-orig-size=\"544,680\" data-comments-opened=\"1\" data-image-meta=\"{&quot;aperture&quot;:&quot;0&quot;,&quot;credit&quot;:&quot;&quot;,&quot;camera&quot;:&quot;&quot;,&quot;caption&quot;:&quot;&quot;,&quot;created_timestamp&quot;:&quot;0&quot;,&quot;copyright&quot;:&quot;&quot;,&quot;focal_length&quot;:&quot;0&quot;,&quot;iso&quot;:&quot;0&quot;,&quot;shutter_speed&quot;:&quot;0&quot;,&quot;title&quot;:&quot;&quot;,&quot;orientation&quot;:&quot;0&quot;}\" data-image-title=\"HDjYxXwbEAQEYne\" data-image-description=\"\" data-medium-file=\"https:\/\/i0.wp.com\/blogdoprosperi.com\/wp-content\/uploads\/2026\/03\/hdjyxxwbeaqeyne.jpeg?fit=302%2C378&#038;ssl=1\" data-large-file=\"https:\/\/i0.wp.com\/blogdoprosperi.com\/wp-content\/uploads\/2026\/03\/hdjyxxwbeaqeyne.jpeg?fit=544%2C680&#038;ssl=1\" src=\"https:\/\/i0.wp.com\/blogdoprosperi.com\/wp-content\/uploads\/2026\/03\/hdjyxxwbeaqeyne.jpeg?w=309&#038;h=386&#038;ssl=1\" width=\"309\" height=\"386\" loading=\"lazy\" data-original-width=\"309\" data-original-height=\"386\" itemprop=\"http:\/\/schema.org\/image\" title=\"HDjYxXwbEAQEYne\" alt=\"Endrick \u2013 foto: reprodu\u00e7\u00e3o X\" style=\"width: 309px; height: 386px;\" \/> <\/a> <div class=\"tiled-gallery-caption\" itemprop=\"caption description\"> Endrick \u2013 foto: reprodu\u00e7\u00e3o X <\/div> <\/div> <\/div> <!-- close group --> <div class=\"gallery-group images-1\" style=\"width: 313px; height: 390px;\" data-original-width=\"313\" data-original-height=\"390\" > <div class=\"tiled-gallery-item tiled-gallery-item-large\" itemprop=\"associatedMedia\" itemscope itemtype=\"http:\/\/schema.org\/ImageObject\"> <a href=\"https:\/\/blogdoprosperi.com\/?attachment_id=56673\" border=\"0\" itemprop=\"url\"> <meta itemprop=\"width\" content=\"309\"> <meta itemprop=\"height\" content=\"386\"> <img decoding=\"async\" class=\"\" data-attachment-id=\"56673\" data-orig-file=\"https:\/\/blogdoprosperi.com\/wp-content\/uploads\/2026\/03\/hdjarpzbaaan2mv.jpeg\" data-orig-size=\"960,1200\" data-comments-opened=\"1\" data-image-meta=\"{&quot;aperture&quot;:&quot;0&quot;,&quot;credit&quot;:&quot;&quot;,&quot;camera&quot;:&quot;&quot;,&quot;caption&quot;:&quot;&quot;,&quot;created_timestamp&quot;:&quot;0&quot;,&quot;copyright&quot;:&quot;&quot;,&quot;focal_length&quot;:&quot;0&quot;,&quot;iso&quot;:&quot;0&quot;,&quot;shutter_speed&quot;:&quot;0&quot;,&quot;title&quot;:&quot;&quot;,&quot;orientation&quot;:&quot;0&quot;}\" data-image-title=\"HDjarpzbAAAn2Mv\" data-image-description=\"\" data-medium-file=\"https:\/\/i0.wp.com\/blogdoprosperi.com\/wp-content\/uploads\/2026\/03\/hdjarpzbaaan2mv.jpeg?fit=302%2C378&#038;ssl=1\" data-large-file=\"https:\/\/i0.wp.com\/blogdoprosperi.com\/wp-content\/uploads\/2026\/03\/hdjarpzbaaan2mv.jpeg?fit=819%2C1024&#038;ssl=1\" src=\"https:\/\/i0.wp.com\/blogdoprosperi.com\/wp-content\/uploads\/2026\/03\/hdjarpzbaaan2mv.jpeg?w=309&#038;h=386&#038;ssl=1\" width=\"309\" height=\"386\" loading=\"lazy\" data-original-width=\"309\" data-original-height=\"386\" itemprop=\"http:\/\/schema.org\/image\" title=\"HDjarpzbAAAn2Mv\" alt=\"Os 26 de Ancelotti \u2013 foto: CBF oficial\" style=\"width: 309px; height: 386px;\" \/> <\/a> <div class=\"tiled-gallery-caption\" itemprop=\"caption description\"> Os 26 de Ancelotti \u2013 foto: CBF oficial <\/div> <\/div> <\/div> <!-- close group --> <\/div> <!-- close row --> <\/div>\n","protected":false},"excerpt":{"rendered":"<p>&#8220;Tenho d\u00favidas na defesa, tenho d\u00favidas no meio-campo e quase nenhuma d\u00favida no ataque&#8221;, responde Carlo Ancelotti no ato da convoca\u00e7\u00e3o da Sele\u00e7\u00e3o Brasileira para amistosos contra Fran\u00e7a e Cro\u00e1cia<\/p>\n","protected":false},"author":102107496,"featured_media":56725,"comment_status":"open","ping_status":"open","sticky":false,"template":"","format":"standard","meta":{"_coblocks_attr":"","_coblocks_dimensions":"","_coblocks_responsive_height":"","_coblocks_accordion_ie_support":"","_jetpack_newsletter_access":"","_jetpack_dont_email_post_to_subs":false,"_jetpack_newsletter_tier_id":0,"_jetpack_memberships_contains_paywalled_content":false,"_wpcom_ai_launchpad_first_post":false,"_jetpack_feature_clip_id":0,"_jetpack_memberships_contains_paid_content":false,"footnotes":"","jetpack_publicize_message":"","jetpack_publicize_feature_enabled":true,"jetpack_social_post_already_shared":false,"jetpack_social_options":{"image_generator_settings":{"template":"highway","default_image_id":0,"font":"","enabled":false},"version":2},"jetpack_post_was_ever_published":false},"categories":[36820279,53870],"tags":[788108808,1016127,569949222,292208555,788108810,10149860,788108809],"class_list":["post-56709","post","type-post","status-publish","format-standard","has-post-thumbnail","hentry","category-copa-2026","category-futebol","tag-tenho-duvidas-na-defesa","tag-ancelotti","tag-copa2026","tag-ibnez","tag-responde-carlo-ancelotti","tag-selecaobrasileira","tag-tenho-duvidas-no-meio-campo-e-quase-nenhuma-duvida-no-ataque"],"yoast_head":"<!-- This site is optimized with the Yoast SEO plugin v28.3 - https:\/\/yoast.com\/product\/yoast-seo-wordpress\/ -->\n<title>Sele\u00e7\u00e3o Brasileira | Ancelotti Aumenta Lista de Incertezas na Copa - PR\u00d3SPERI NEWS<\/title>\n<meta name=\"robots\" content=\"index, follow, max-snippet:-1, max-image-preview:large, max-video-preview:-1\" \/>\n<link rel=\"canonical\" href=\"https:\/\/blogdoprosperi.com\/?p=56709\" \/>\n<meta property=\"og:locale\" content=\"pt_BR\" \/>\n<meta property=\"og:type\" content=\"article\" \/>\n<meta property=\"og:title\" content=\"Sele\u00e7\u00e3o Brasileira | Ancelotti Aumenta Lista de Incertezas na Copa - PR\u00d3SPERI NEWS\" \/>\n<meta property=\"og:description\" content=\"&quot;Tenho d\u00favidas na defesa, tenho d\u00favidas no meio-campo e quase nenhuma d\u00favida no ataque&quot;, responde Carlo Ancelotti no ato da convoca\u00e7\u00e3o da Sele\u00e7\u00e3o Brasileira para amistosos contra Fran\u00e7a e Cro\u00e1cia\" \/>\n<meta property=\"og:url\" content=\"https:\/\/blogdoprosperi.com\/?p=56709\" \/>\n<meta property=\"og:site_name\" content=\"PR\u00d3SPERI NEWS\" \/>\n<meta property=\"article:publisher\" content=\"Luiz Pr\u00f3speri\" \/>\n<meta property=\"article:author\" content=\"Luiz Pr\u00f3speri\" \/>\n<meta property=\"article:published_time\" content=\"2026-03-17T14:49:46+00:00\" \/>\n<meta property=\"og:image\" content=\"https:\/\/i0.wp.com\/blogdoprosperi.com\/wp-content\/uploads\/2026\/03\/convocacao_selecao_brasileira_16032026_42_jpg_44d9490274.jpg?fit=5752%2C3831&ssl=1\" \/>\n\t<meta property=\"og:image:width\" content=\"5752\" \/>\n\t<meta property=\"og:image:height\" content=\"3831\" \/>\n\t<meta property=\"og:image:type\" content=\"image\/jpeg\" \/>\n<meta name=\"author\" content=\"Luiz Ant\u00f4nio Pr\u00f3speri\" \/>\n<meta name=\"twitter:card\" content=\"summary_large_image\" \/>\n<meta name=\"twitter:creator\" content=\"@Luizprosperi\" \/>\n<meta name=\"twitter:site\" content=\"@Luizprosperi\" \/>\n<meta name=\"twitter:label1\" content=\"Escrito por\" \/>\n\t<meta name=\"twitter:data1\" content=\"Luiz Ant\u00f4nio Pr\u00f3speri\" \/>\n\t<meta name=\"twitter:label2\" content=\"Est. tempo de leitura\" \/>\n\t<meta name=\"twitter:data2\" content=\"3 minutos\" \/>\n<script type=\"application\/ld+json\" class=\"yoast-schema-graph\">{\"@context\":\"https:\\\/\\\/schema.org\",\"@graph\":[{\"@type\":\"Article\",\"@id\":\"https:\\\/\\\/blogdoprosperi.com\\\/?p=56709#article\",\"isPartOf\":{\"@id\":\"https:\\\/\\\/blogdoprosperi.com\\\/?p=56709\"},\"author\":{\"name\":\"Luiz Ant\u00f4nio Pr\u00f3speri\",\"@id\":\"https:\\\/\\\/blogdoprosperi.com\\\/#\\\/schema\\\/person\\\/38100755ce3601861ee4fab9b5aa78e9\"},\"headline\":\"Sele\u00e7\u00e3o Brasileira | Ancelotti Aumenta Lista de Incertezas na Copa\",\"datePublished\":\"2026-03-17T14:49:46+00:00\",\"mainEntityOfPage\":{\"@id\":\"https:\\\/\\\/blogdoprosperi.com\\\/?p=56709\"},\"wordCount\":569,\"commentCount\":0,\"publisher\":{\"@id\":\"https:\\\/\\\/blogdoprosperi.com\\\/#\\\/schema\\\/person\\\/38100755ce3601861ee4fab9b5aa78e9\"},\"image\":{\"@id\":\"https:\\\/\\\/blogdoprosperi.com\\\/?p=56709#primaryimage\"},\"thumbnailUrl\":\"https:\\\/\\\/i0.wp.com\\\/blogdoprosperi.com\\\/wp-content\\\/uploads\\\/2026\\\/03\\\/convocacao_selecao_brasileira_16032026_42_jpg_44d9490274.jpg?fit=5752%2C3831&ssl=1\",\"keywords\":[\"\\\"Tenho d\u00favidas na defesa\",\"Ancelotti\",\"Copa2026\",\"ib\u00f1ez\",\"responde Carlo Ancelotti\",\"Sele\u00e7\u00e3oBrasileira\",\"tenho d\u00favidas no meio-campo e quase nenhuma d\u00favida no ataque\\\"\"],\"articleSection\":[\"copa 2026\",\"futebol\"],\"inLanguage\":\"pt-BR\",\"potentialAction\":[{\"@type\":\"CommentAction\",\"name\":\"Comment\",\"target\":[\"https:\\\/\\\/blogdoprosperi.com\\\/?p=56709#respond\"]}]},{\"@type\":\"WebPage\",\"@id\":\"https:\\\/\\\/blogdoprosperi.com\\\/?p=56709\",\"url\":\"https:\\\/\\\/blogdoprosperi.com\\\/?p=56709\",\"name\":\"Sele\u00e7\u00e3o Brasileira | Ancelotti Aumenta Lista de Incertezas na Copa - PR\u00d3SPERI NEWS\",\"isPartOf\":{\"@id\":\"https:\\\/\\\/blogdoprosperi.com\\\/#website\"},\"primaryImageOfPage\":{\"@id\":\"https:\\\/\\\/blogdoprosperi.com\\\/?p=56709#primaryimage\"},\"image\":{\"@id\":\"https:\\\/\\\/blogdoprosperi.com\\\/?p=56709#primaryimage\"},\"thumbnailUrl\":\"https:\\\/\\\/i0.wp.com\\\/blogdoprosperi.com\\\/wp-content\\\/uploads\\\/2026\\\/03\\\/convocacao_selecao_brasileira_16032026_42_jpg_44d9490274.jpg?fit=5752%2C3831&ssl=1\",\"datePublished\":\"2026-03-17T14:49:46+00:00\",\"breadcrumb\":{\"@id\":\"https:\\\/\\\/blogdoprosperi.com\\\/?p=56709#breadcrumb\"},\"inLanguage\":\"pt-BR\",\"potentialAction\":[{\"@type\":\"ReadAction\",\"target\":[\"https:\\\/\\\/blogdoprosperi.com\\\/?p=56709\"]}]},{\"@type\":\"ImageObject\",\"inLanguage\":\"pt-BR\",\"@id\":\"https:\\\/\\\/blogdoprosperi.com\\\/?p=56709#primaryimage\",\"url\":\"https:\\\/\\\/i0.wp.com\\\/blogdoprosperi.com\\\/wp-content\\\/uploads\\\/2026\\\/03\\\/convocacao_selecao_brasileira_16032026_42_jpg_44d9490274.jpg?fit=5752%2C3831&ssl=1\",\"contentUrl\":\"https:\\\/\\\/i0.wp.com\\\/blogdoprosperi.com\\\/wp-content\\\/uploads\\\/2026\\\/03\\\/convocacao_selecao_brasileira_16032026_42_jpg_44d9490274.jpg?fit=5752%2C3831&ssl=1\",\"width\":5752,\"height\":3831,\"caption\":\"Ancelotti \u2013 foto: CBF oficial\"},{\"@type\":\"BreadcrumbList\",\"@id\":\"https:\\\/\\\/blogdoprosperi.com\\\/?p=56709#breadcrumb\",\"itemListElement\":[{\"@type\":\"ListItem\",\"position\":1,\"name\":\"In\u00edcio\",\"item\":\"https:\\\/\\\/blogdoprosperi.com\\\/\"},{\"@type\":\"ListItem\",\"position\":2,\"name\":\"Sele\u00e7\u00e3o Brasileira | Ancelotti Aumenta Lista de Incertezas na Copa\"}]},{\"@type\":\"WebSite\",\"@id\":\"https:\\\/\\\/blogdoprosperi.com\\\/#website\",\"url\":\"https:\\\/\\\/blogdoprosperi.com\\\/\",\"name\":\"PR\u00d3SPERI NEWS\",\"description\":\"TUDO \u00c9  FUTEBOL\",\"publisher\":{\"@id\":\"https:\\\/\\\/blogdoprosperi.com\\\/#\\\/schema\\\/person\\\/38100755ce3601861ee4fab9b5aa78e9\"},\"alternateName\":\"blogdoprosperi.com\",\"potentialAction\":[{\"@type\":\"SearchAction\",\"target\":{\"@type\":\"EntryPoint\",\"urlTemplate\":\"https:\\\/\\\/blogdoprosperi.com\\\/?s={search_term_string}\"},\"query-input\":{\"@type\":\"PropertyValueSpecification\",\"valueRequired\":true,\"valueName\":\"search_term_string\"}}],\"inLanguage\":\"pt-BR\"},{\"@type\":[\"Person\",\"Organization\"],\"@id\":\"https:\\\/\\\/blogdoprosperi.com\\\/#\\\/schema\\\/person\\\/38100755ce3601861ee4fab9b5aa78e9\",\"name\":\"Luiz Ant\u00f4nio Pr\u00f3speri\",\"pronouns\":\"ele\",\"image\":{\"@type\":\"ImageObject\",\"inLanguage\":\"pt-BR\",\"@id\":\"https:\\\/\\\/i0.wp.com\\\/blogdoprosperi.com\\\/wp-content\\\/uploads\\\/2026\\\/05\\\/cropped-8059e613-6002-42fa-961e-8e275f575d71-2-5.jpg?fit=1360%2C931&ssl=1\",\"url\":\"https:\\\/\\\/i0.wp.com\\\/blogdoprosperi.com\\\/wp-content\\\/uploads\\\/2026\\\/05\\\/cropped-8059e613-6002-42fa-961e-8e275f575d71-2-5.jpg?fit=1360%2C931&ssl=1\",\"contentUrl\":\"https:\\\/\\\/i0.wp.com\\\/blogdoprosperi.com\\\/wp-content\\\/uploads\\\/2026\\\/05\\\/cropped-8059e613-6002-42fa-961e-8e275f575d71-2-5.jpg?fit=1360%2C931&ssl=1\",\"width\":1360,\"height\":931,\"caption\":\"Luiz Ant\u00f4nio Pr\u00f3speri\"},\"logo\":{\"@id\":\"https:\\\/\\\/i0.wp.com\\\/blogdoprosperi.com\\\/wp-content\\\/uploads\\\/2026\\\/05\\\/cropped-8059e613-6002-42fa-961e-8e275f575d71-2-5.jpg?fit=1360%2C931&ssl=1\"},\"description\":\"Jornalista com carreira dedicada ao esporte. Cobriu 9 Copas do Mundo in loco, 1990 na It\u00e1lia, 1994 nos EUA, 1998 na Fran\u00e7a, 2002 na Coreia do Sul e Jap\u00e3o, 2006 na Alemanha, 2010 na \u00c1frica do Sul, 2014 no Brasil, 2018 na R\u00fassia e 2022 no Qatar. Eurocopas, 1992 na Su\u00e9cia e 1996 na Inglaterra. Copa das Confedera\u00e7\u00f5es de 2005 na Alemanha e 2009 na \u00c1frica do Sul. Rep\u00f3rter e Editor, trabalhou no Jornal da Tarde e Estad\u00e3o, de 1984 a fevereiro de 2016. Colunista, blogueiro. E comentarista de futebol na R\u00e1dio Estad\u00e3o, de 2013 a fevereiro de 2016. Jornalista respons\u00e1vel do \\\"Pr\u00f3speri News\\\" (blogdoprosperi.com).\",\"sameAs\":[\"http:\\\/\\\/blogdoprosperi.com\",\"Luiz Pr\u00f3speri\",\"@luiz_prosperi\",\"https:\\\/\\\/x.com\\\/Luizprosperi\",\"@prosperinacopa\",\"luiz.prosperi@icloud.com\"],\"url\":\"https:\\\/\\\/blogdoprosperi.com\\\/?author=102107496\"}]}<\/script>\n<!-- \/ Yoast SEO plugin. -->","yoast_head_json":{"title":"Sele\u00e7\u00e3o Brasileira | Ancelotti Aumenta Lista de Incertezas na Copa - PR\u00d3SPERI NEWS","robots":{"index":"index","follow":"follow","max-snippet":"max-snippet:-1","max-image-preview":"max-image-preview:large","max-video-preview":"max-video-preview:-1"},"canonical":"https:\/\/blogdoprosperi.com\/?p=56709","og_locale":"pt_BR","og_type":"article","og_title":"Sele\u00e7\u00e3o Brasileira | Ancelotti Aumenta Lista de Incertezas na Copa - PR\u00d3SPERI NEWS","og_description":"\"Tenho d\u00favidas na defesa, tenho d\u00favidas no meio-campo e quase nenhuma d\u00favida no ataque\", responde Carlo Ancelotti no ato da convoca\u00e7\u00e3o da Sele\u00e7\u00e3o Brasileira para amistosos contra Fran\u00e7a e Cro\u00e1cia","og_url":"https:\/\/blogdoprosperi.com\/?p=56709","og_site_name":"PR\u00d3SPERI NEWS","article_publisher":"Luiz Pr\u00f3speri","article_author":"Luiz Pr\u00f3speri","article_published_time":"2026-03-17T14:49:46+00:00","og_image":[{"width":5752,"height":3831,"url":"https:\/\/i0.wp.com\/blogdoprosperi.com\/wp-content\/uploads\/2026\/03\/convocacao_selecao_brasileira_16032026_42_jpg_44d9490274.jpg?fit=5752%2C3831&ssl=1","type":"image\/jpeg"}],"author":"Luiz Ant\u00f4nio Pr\u00f3speri","twitter_card":"summary_large_image","twitter_creator":"@Luizprosperi","twitter_site":"@Luizprosperi","twitter_misc":{"Escrito por":"Luiz Ant\u00f4nio Pr\u00f3speri","Est. tempo de leitura":"3 minutos"},"schema":{"@context":"https:\/\/schema.org","@graph":[{"@type":"Article","@id":"https:\/\/blogdoprosperi.com\/?p=56709#article","isPartOf":{"@id":"https:\/\/blogdoprosperi.com\/?p=56709"},"author":{"name":"Luiz Ant\u00f4nio Pr\u00f3speri","@id":"https:\/\/blogdoprosperi.com\/#\/schema\/person\/38100755ce3601861ee4fab9b5aa78e9"},"headline":"Sele\u00e7\u00e3o Brasileira | Ancelotti Aumenta Lista de Incertezas na Copa","datePublished":"2026-03-17T14:49:46+00:00","mainEntityOfPage":{"@id":"https:\/\/blogdoprosperi.com\/?p=56709"},"wordCount":569,"commentCount":0,"publisher":{"@id":"https:\/\/blogdoprosperi.com\/#\/schema\/person\/38100755ce3601861ee4fab9b5aa78e9"},"image":{"@id":"https:\/\/blogdoprosperi.com\/?p=56709#primaryimage"},"thumbnailUrl":"https:\/\/i0.wp.com\/blogdoprosperi.com\/wp-content\/uploads\/2026\/03\/convocacao_selecao_brasileira_16032026_42_jpg_44d9490274.jpg?fit=5752%2C3831&ssl=1","keywords":["\"Tenho d\u00favidas na defesa","Ancelotti","Copa2026","ib\u00f1ez","responde Carlo Ancelotti","Sele\u00e7\u00e3oBrasileira","tenho d\u00favidas no meio-campo e quase nenhuma d\u00favida no ataque\""],"articleSection":["copa 2026","futebol"],"inLanguage":"pt-BR","potentialAction":[{"@type":"CommentAction","name":"Comment","target":["https:\/\/blogdoprosperi.com\/?p=56709#respond"]}]},{"@type":"WebPage","@id":"https:\/\/blogdoprosperi.com\/?p=56709","url":"https:\/\/blogdoprosperi.com\/?p=56709","name":"Sele\u00e7\u00e3o Brasileira | Ancelotti Aumenta Lista de Incertezas na Copa - PR\u00d3SPERI NEWS","isPartOf":{"@id":"https:\/\/blogdoprosperi.com\/#website"},"primaryImageOfPage":{"@id":"https:\/\/blogdoprosperi.com\/?p=56709#primaryimage"},"image":{"@id":"https:\/\/blogdoprosperi.com\/?p=56709#primaryimage"},"thumbnailUrl":"https:\/\/i0.wp.com\/blogdoprosperi.com\/wp-content\/uploads\/2026\/03\/convocacao_selecao_brasileira_16032026_42_jpg_44d9490274.jpg?fit=5752%2C3831&ssl=1","datePublished":"2026-03-17T14:49:46+00:00","breadcrumb":{"@id":"https:\/\/blogdoprosperi.com\/?p=56709#breadcrumb"},"inLanguage":"pt-BR","potentialAction":[{"@type":"ReadAction","target":["https:\/\/blogdoprosperi.com\/?p=56709"]}]},{"@type":"ImageObject","inLanguage":"pt-BR","@id":"https:\/\/blogdoprosperi.com\/?p=56709#primaryimage","url":"https:\/\/i0.wp.com\/blogdoprosperi.com\/wp-content\/uploads\/2026\/03\/convocacao_selecao_brasileira_16032026_42_jpg_44d9490274.jpg?fit=5752%2C3831&ssl=1","contentUrl":"https:\/\/i0.wp.com\/blogdoprosperi.com\/wp-content\/uploads\/2026\/03\/convocacao_selecao_brasileira_16032026_42_jpg_44d9490274.jpg?fit=5752%2C3831&ssl=1","width":5752,"height":3831,"caption":"Ancelotti \u2013 foto: CBF oficial"},{"@type":"BreadcrumbList","@id":"https:\/\/blogdoprosperi.com\/?p=56709#breadcrumb","itemListElement":[{"@type":"ListItem","position":1,"name":"In\u00edcio","item":"https:\/\/blogdoprosperi.com\/"},{"@type":"ListItem","position":2,"name":"Sele\u00e7\u00e3o Brasileira | Ancelotti Aumenta Lista de Incertezas na Copa"}]},{"@type":"WebSite","@id":"https:\/\/blogdoprosperi.com\/#website","url":"https:\/\/blogdoprosperi.com\/","name":"PR\u00d3SPERI NEWS","description":"TUDO \u00c9  FUTEBOL","publisher":{"@id":"https:\/\/blogdoprosperi.com\/#\/schema\/person\/38100755ce3601861ee4fab9b5aa78e9"},"alternateName":"blogdoprosperi.com","potentialAction":[{"@type":"SearchAction","target":{"@type":"EntryPoint","urlTemplate":"https:\/\/blogdoprosperi.com\/?s={search_term_string}"},"query-input":{"@type":"PropertyValueSpecification","valueRequired":true,"valueName":"search_term_string"}}],"inLanguage":"pt-BR"},{"@type":["Person","Organization"],"@id":"https:\/\/blogdoprosperi.com\/#\/schema\/person\/38100755ce3601861ee4fab9b5aa78e9","name":"Luiz Ant\u00f4nio Pr\u00f3speri","pronouns":"ele","image":{"@type":"ImageObject","inLanguage":"pt-BR","@id":"https:\/\/i0.wp.com\/blogdoprosperi.com\/wp-content\/uploads\/2026\/05\/cropped-8059e613-6002-42fa-961e-8e275f575d71-2-5.jpg?fit=1360%2C931&ssl=1","url":"https:\/\/i0.wp.com\/blogdoprosperi.com\/wp-content\/uploads\/2026\/05\/cropped-8059e613-6002-42fa-961e-8e275f575d71-2-5.jpg?fit=1360%2C931&ssl=1","contentUrl":"https:\/\/i0.wp.com\/blogdoprosperi.com\/wp-content\/uploads\/2026\/05\/cropped-8059e613-6002-42fa-961e-8e275f575d71-2-5.jpg?fit=1360%2C931&ssl=1","width":1360,"height":931,"caption":"Luiz Ant\u00f4nio Pr\u00f3speri"},"logo":{"@id":"https:\/\/i0.wp.com\/blogdoprosperi.com\/wp-content\/uploads\/2026\/05\/cropped-8059e613-6002-42fa-961e-8e275f575d71-2-5.jpg?fit=1360%2C931&ssl=1"},"description":"Jornalista com carreira dedicada ao esporte. Cobriu 9 Copas do Mundo in loco, 1990 na It\u00e1lia, 1994 nos EUA, 1998 na Fran\u00e7a, 2002 na Coreia do Sul e Jap\u00e3o, 2006 na Alemanha, 2010 na \u00c1frica do Sul, 2014 no Brasil, 2018 na R\u00fassia e 2022 no Qatar. Eurocopas, 1992 na Su\u00e9cia e 1996 na Inglaterra. Copa das Confedera\u00e7\u00f5es de 2005 na Alemanha e 2009 na \u00c1frica do Sul. Rep\u00f3rter e Editor, trabalhou no Jornal da Tarde e Estad\u00e3o, de 1984 a fevereiro de 2016. Colunista, blogueiro. E comentarista de futebol na R\u00e1dio Estad\u00e3o, de 2013 a fevereiro de 2016. Jornalista respons\u00e1vel do \"Pr\u00f3speri News\" (blogdoprosperi.com).","sameAs":["http:\/\/blogdoprosperi.com","Luiz Pr\u00f3speri","@luiz_prosperi","https:\/\/x.com\/Luizprosperi","@prosperinacopa","luiz.prosperi@icloud.com"],"url":"https:\/\/blogdoprosperi.com\/?author=102107496"}]}},"jetpack_publicize_connections":[],"jetpack_likes_enabled":false,"jetpack_sharing_enabled":true,"jetpack_shortlink":"https:\/\/wp.me\/p7jvdk-eKF","jetpack-related-posts":[{"id":50372,"url":"https:\/\/blogdoprosperi.com\/?p=50372","url_meta":{"origin":56709,"position":0},"title":"Ancelotti Convoca Sele\u00e7\u00e3o | &#8220;Vamos Construir Um Time para Competir Contra Qualquer Um&#8221;","author":"Luiz Ant\u00f4nio Pr\u00f3speri","date":"26 de maio de 2025","format":false,"excerpt":"Luiz Ant\u00f4nio Pr\u00f3speri \u2013 26 maio (17h05) \u2013 Carlo Ancelotti est\u00e1 entre n\u00f3s. Na sua primeira convoca\u00e7\u00e3o da Sele\u00e7\u00e3o Brasileira nenhuma grande novidade na lista de 25 jogadores. Prioridade de Carletto: apostar em jogadores em boas condi\u00e7\u00f5es f\u00edsicas, saud\u00e1veis e de personalidade. Por isso Neymar est\u00e1 fora e Casemiro de\u2026","rel":"","context":"Em &quot;futebol&quot;","block_context":{"text":"futebol","link":"https:\/\/blogdoprosperi.com\/?cat=53870"},"img":{"alt_text":"","src":"https:\/\/i0.wp.com\/blogdoprosperi.com\/wp-content\/uploads\/2025\/05\/54546365167_98132d5f61_c.jpg?fit=799%2C540&ssl=1&resize=350%2C200","width":350,"height":200,"srcset":"https:\/\/i0.wp.com\/blogdoprosperi.com\/wp-content\/uploads\/2025\/05\/54546365167_98132d5f61_c.jpg?fit=799%2C540&ssl=1&resize=350%2C200 1x, https:\/\/i0.wp.com\/blogdoprosperi.com\/wp-content\/uploads\/2025\/05\/54546365167_98132d5f61_c.jpg?fit=799%2C540&ssl=1&resize=525%2C300 1.5x, https:\/\/i0.wp.com\/blogdoprosperi.com\/wp-content\/uploads\/2025\/05\/54546365167_98132d5f61_c.jpg?fit=799%2C540&ssl=1&resize=700%2C400 2x"},"classes":[]},{"id":60202,"url":"https:\/\/blogdoprosperi.com\/?p=60202","url_meta":{"origin":56709,"position":1},"title":"Invent\u00e1rio da derrota (epis\u00f3dio 3): Do capatosta ao tra\u00edra na Copa 2026","author":"Luiz Ant\u00f4nio Pr\u00f3speri","date":"13 de julho de 2026","format":false,"excerpt":"Luiz Ant\u00f4nio Pr\u00f3speri \u2013 13 julho 2026 (16h01) Invent\u00e1rio da Derrota do Brasil na Copa 2026 chega ao terceiro epis\u00f3dio (#epis\u00f3dio3) da s\u00e9rie. Carlo Ancelotti leva um choque de realidade quando sua proposta de jogo \u00e9 pulverizada por Marrocos logo na estreia do Brasil na Copa. Ele descobre ou dissimula\u2026","rel":"","context":"Em &quot;copa do mundo 2026&quot;","block_context":{"text":"copa do mundo 2026","link":"https:\/\/blogdoprosperi.com\/?cat=115102077"},"img":{"alt_text":"","src":"https:\/\/i0.wp.com\/blogdoprosperi.com\/wp-content\/uploads\/2026\/07\/Captura-de-Tela-2026-07-13-as-15.54.50.png?fit=1200%2C761&ssl=1&resize=350%2C200","width":350,"height":200,"srcset":"https:\/\/i0.wp.com\/blogdoprosperi.com\/wp-content\/uploads\/2026\/07\/Captura-de-Tela-2026-07-13-as-15.54.50.png?fit=1200%2C761&ssl=1&resize=350%2C200 1x, https:\/\/i0.wp.com\/blogdoprosperi.com\/wp-content\/uploads\/2026\/07\/Captura-de-Tela-2026-07-13-as-15.54.50.png?fit=1200%2C761&ssl=1&resize=525%2C300 1.5x, https:\/\/i0.wp.com\/blogdoprosperi.com\/wp-content\/uploads\/2026\/07\/Captura-de-Tela-2026-07-13-as-15.54.50.png?fit=1200%2C761&ssl=1&resize=700%2C400 2x, https:\/\/i0.wp.com\/blogdoprosperi.com\/wp-content\/uploads\/2026\/07\/Captura-de-Tela-2026-07-13-as-15.54.50.png?fit=1200%2C761&ssl=1&resize=1050%2C600 3x"},"classes":[]},{"id":59302,"url":"https:\/\/blogdoprosperi.com\/?p=59302","url_meta":{"origin":56709,"position":2},"title":"Brasil vence Egito no \u00faltimo amistoso antes da estreia na Copa e Endrick quer vaga no time titular","author":"Luiz Ant\u00f4nio Pr\u00f3speri","date":"6 de junho de 2026","format":false,"excerpt":"Luiz Ant\u00f4nio Pr\u00f3speri \u2013 6 junho 2026 (20h51) Brasil vence Egito por 2 a 1 no \u00faltimo amistoso antes da estreia na Copa do Mundo. Endrik faz gol da vit\u00f3ria e mais uma vez pede passagem a Carlo Ancelotti. Sele\u00e7\u00e3o principal n\u00e3o joga bem no primeiro tempo, com vacilos defensivos\u2026","rel":"","context":"Em &quot;copa 2026&quot;","block_context":{"text":"copa 2026","link":"https:\/\/blogdoprosperi.com\/?cat=36820279"},"img":{"alt_text":"","src":"https:\/\/i0.wp.com\/blogdoprosperi.com\/wp-content\/uploads\/2026\/06\/Captura-de-Tela-2026-06-06-as-20.58.44.png?fit=1002%2C896&ssl=1&resize=350%2C200","width":350,"height":200,"srcset":"https:\/\/i0.wp.com\/blogdoprosperi.com\/wp-content\/uploads\/2026\/06\/Captura-de-Tela-2026-06-06-as-20.58.44.png?fit=1002%2C896&ssl=1&resize=350%2C200 1x, https:\/\/i0.wp.com\/blogdoprosperi.com\/wp-content\/uploads\/2026\/06\/Captura-de-Tela-2026-06-06-as-20.58.44.png?fit=1002%2C896&ssl=1&resize=525%2C300 1.5x, https:\/\/i0.wp.com\/blogdoprosperi.com\/wp-content\/uploads\/2026\/06\/Captura-de-Tela-2026-06-06-as-20.58.44.png?fit=1002%2C896&ssl=1&resize=700%2C400 2x"},"classes":[]},{"id":54735,"url":"https:\/\/blogdoprosperi.com\/?p=54735","url_meta":{"origin":56709,"position":3},"title":"Ancelotti Deixa Neymar Fora da Sele\u00e7\u00e3o e Continuamos Sem Meias Talentosos","author":"Luiz Ant\u00f4nio Pr\u00f3speri","date":"25 de agosto de 2025","format":false,"excerpt":"Luiz Ant\u00f4nio Pr\u00f3speri \u2013 25 agosto 2025 (17h36) \u2013 Carlo Ancelotti anuncia a lista da Sele\u00e7\u00e3o Brasileira sem Neymar. E manda um recado forte a todos jogadores: quem pensa em jogar na Sele\u00e7\u00e3o precisa de se apresentar na plenitude f\u00edsica. N\u00e3o adianta se credenciar apenas com o nome ou servi\u00e7os\u2026","rel":"","context":"Em &quot;futebol&quot;","block_context":{"text":"futebol","link":"https:\/\/blogdoprosperi.com\/?cat=53870"},"img":{"alt_text":"Charge de Jaguar nos 1970","src":"https:\/\/i0.wp.com\/blogdoprosperi.com\/wp-content\/uploads\/2025\/08\/captura-de-tela-2025-08-25-as-16.47.50.png?fit=1200%2C665&ssl=1&resize=350%2C200","width":350,"height":200,"srcset":"https:\/\/i0.wp.com\/blogdoprosperi.com\/wp-content\/uploads\/2025\/08\/captura-de-tela-2025-08-25-as-16.47.50.png?fit=1200%2C665&ssl=1&resize=350%2C200 1x, https:\/\/i0.wp.com\/blogdoprosperi.com\/wp-content\/uploads\/2025\/08\/captura-de-tela-2025-08-25-as-16.47.50.png?fit=1200%2C665&ssl=1&resize=525%2C300 1.5x, https:\/\/i0.wp.com\/blogdoprosperi.com\/wp-content\/uploads\/2025\/08\/captura-de-tela-2025-08-25-as-16.47.50.png?fit=1200%2C665&ssl=1&resize=700%2C400 2x, https:\/\/i0.wp.com\/blogdoprosperi.com\/wp-content\/uploads\/2025\/08\/captura-de-tela-2025-08-25-as-16.47.50.png?fit=1200%2C665&ssl=1&resize=1050%2C600 3x"},"classes":[]},{"id":58299,"url":"https:\/\/blogdoprosperi.com\/?p=58299","url_meta":{"origin":56709,"position":4},"title":"Ancelotti: \u201cVejo o Vinicius como o via no Real Madrid, um jogador espetacular e uma pessoa espetacular que pode decidir uma partida sozinho&#8221;","author":"Luiz Ant\u00f4nio Pr\u00f3speri","date":"13 de maio de 2026","format":false,"excerpt":"\"Os brasileiros t\u00eam um carinho especial pela camisa amarela. Esse amor especial pela Sele\u00e7\u00e3o \u00e9 uma caracter\u00edstica muito forte do Brasil\"","rel":"","context":"Em &quot;copa 2026&quot;","block_context":{"text":"copa 2026","link":"https:\/\/blogdoprosperi.com\/?cat=36820279"},"img":{"alt_text":"Ancelotti elogia Vini Jr","src":"https:\/\/i0.wp.com\/blogdoprosperi.com\/wp-content\/uploads\/2026\/05\/carlo-ancelotti-va-ecarter-vinicius-voici-la-raison.jpg?fit=1200%2C800&ssl=1&resize=350%2C200","width":350,"height":200,"srcset":"https:\/\/i0.wp.com\/blogdoprosperi.com\/wp-content\/uploads\/2026\/05\/carlo-ancelotti-va-ecarter-vinicius-voici-la-raison.jpg?fit=1200%2C800&ssl=1&resize=350%2C200 1x, https:\/\/i0.wp.com\/blogdoprosperi.com\/wp-content\/uploads\/2026\/05\/carlo-ancelotti-va-ecarter-vinicius-voici-la-raison.jpg?fit=1200%2C800&ssl=1&resize=525%2C300 1.5x, https:\/\/i0.wp.com\/blogdoprosperi.com\/wp-content\/uploads\/2026\/05\/carlo-ancelotti-va-ecarter-vinicius-voici-la-raison.jpg?fit=1200%2C800&ssl=1&resize=700%2C400 2x, https:\/\/i0.wp.com\/blogdoprosperi.com\/wp-content\/uploads\/2026\/05\/carlo-ancelotti-va-ecarter-vinicius-voici-la-raison.jpg?fit=1200%2C800&ssl=1&resize=1050%2C600 3x"},"classes":[]},{"id":50954,"url":"https:\/\/blogdoprosperi.com\/?p=50954","url_meta":{"origin":56709,"position":5},"title":"V\u00eddeo | Entrevista de Ancelotti: &#8220;A Torcida Est\u00e1 Contente, Agora \u00e9 Olhar Adiante&#8221;","author":"Luiz Ant\u00f4nio Pr\u00f3speri","date":"11 de junho de 2025","format":false,"excerpt":"Luiz Ant\u00f4nio Pr\u00f3speri \u2013 11 junho (12h58) \u2013 Carlo Ancelotti teve 15 dias para armar a Sele\u00e7\u00e3o Brasileira, entre desembarque no Rio de Janeiro e os jogos contra Equador em Guayquil e Paraguai em S\u00e3o Paulo. Tempo escasso e objetivo alcan\u00e7ado. Acompanhe (v\u00eddeo) a entrevista de Carletto concedida na madrugada\u2026","rel":"","context":"Em &quot;CBF&quot;","block_context":{"text":"CBF","link":"https:\/\/blogdoprosperi.com\/?cat=570700"},"img":{"alt_text":"Ancelotti: 'Sa\u00edmos contentes, agora \u00e9 olha adiante\"","src":"https:\/\/i0.wp.com\/blogdoprosperi.com\/wp-content\/uploads\/2025\/06\/54581939211_9d3cfc97fa_c.jpg?fit=800%2C545&ssl=1&resize=350%2C200","width":350,"height":200,"srcset":"https:\/\/i0.wp.com\/blogdoprosperi.com\/wp-content\/uploads\/2025\/06\/54581939211_9d3cfc97fa_c.jpg?fit=800%2C545&ssl=1&resize=350%2C200 1x, https:\/\/i0.wp.com\/blogdoprosperi.com\/wp-content\/uploads\/2025\/06\/54581939211_9d3cfc97fa_c.jpg?fit=800%2C545&ssl=1&resize=525%2C300 1.5x, https:\/\/i0.wp.com\/blogdoprosperi.com\/wp-content\/uploads\/2025\/06\/54581939211_9d3cfc97fa_c.jpg?fit=800%2C545&ssl=1&resize=700%2C400 2x"},"classes":[]}],"jetpack_featured_media_url":"https:\/\/i0.wp.com\/blogdoprosperi.com\/wp-content\/uploads\/2026\/03\/convocacao_selecao_brasileira_16032026_42_jpg_44d9490274.jpg?fit=5752%2C3831&ssl=1","_links":{"self":[{"href":"https:\/\/blogdoprosperi.com\/index.php?rest_route=\/wp\/v2\/posts\/56709","targetHints":{"allow":["GET"]}}],"collection":[{"href":"https:\/\/blogdoprosperi.com\/index.php?rest_route=\/wp\/v2\/posts"}],"about":[{"href":"https:\/\/blogdoprosperi.com\/index.php?rest_route=\/wp\/v2\/types\/post"}],"author":[{"embeddable":true,"href":"https:\/\/blogdoprosperi.com\/index.php?rest_route=\/wp\/v2\/users\/102107496"}],"replies":[{"embeddable":true,"href":"https:\/\/blogdoprosperi.com\/index.php?rest_route=%2Fwp%2Fv2%2Fcomments&post=56709"}],"version-history":[{"count":10,"href":"https:\/\/blogdoprosperi.com\/index.php?rest_route=\/wp\/v2\/posts\/56709\/revisions"}],"predecessor-version":[{"id":56728,"href":"https:\/\/blogdoprosperi.com\/index.php?rest_route=\/wp\/v2\/posts\/56709\/revisions\/56728"}],"wp:featuredmedia":[{"embeddable":true,"href":"https:\/\/blogdoprosperi.com\/index.php?rest_route=\/wp\/v2\/media\/56725"}],"wp:attachment":[{"href":"https:\/\/blogdoprosperi.com\/index.php?rest_route=%2Fwp%2Fv2%2Fmedia&parent=56709"}],"wp:term":[{"taxonomy":"category","embeddable":true,"href":"https:\/\/blogdoprosperi.com\/index.php?rest_route=%2Fwp%2Fv2%2Fcategories&post=56709"},{"taxonomy":"post_tag","embeddable":true,"href":"https:\/\/blogdoprosperi.com\/index.php?rest_route=%2Fwp%2Fv2%2Ftags&post=56709"}],"curies":[{"name":"wp","href":"https:\/\/api.w.org\/{rel}","templated":true}]}}