{"id":56745,"date":"2026-03-18T12:07:38","date_gmt":"2026-03-18T15:07:38","guid":{"rendered":"https:\/\/blogdoprosperi.com\/?p=56745"},"modified":"2026-03-20T20:30:10","modified_gmt":"2026-03-20T23:30:10","slug":"o-caso-neymar-e-a-dura-missao-de-ancelotti","status":"publish","type":"post","link":"https:\/\/blogdoprosperi.com\/?p=56745","title":{"rendered":"Neymar e a Dura Miss\u00e3o de Ancelotti"},"content":{"rendered":"<p><em>Luiz Ant\u00f4nio Pr\u00f3speri \u2013 18 mar\u00e7o 2026 (11h55) \u2013<\/em><\/p>\n<p>O Caso Neymar torra a paci\u00eancia de Carlo Ancelotti. T\u00e9cnico italiano da Sele\u00e7\u00e3o Brasileira tem duras tarefas a cumprir antes mesmo de lidar com Neymar. Ali\u00e1s, perda de tempo total. Mais que encontrar jogadores para robustecer a defesa e encorpar o meio de campo, setores carentes e indefinidos no escrete, Ancelotti precisa criar mentalidade de Sele\u00e7\u00e3o Brasileira na turma. Tirar a camisa de clubes da maioria deles e jogar a responsabilidade de ser jogador de Sele\u00e7\u00e3o. Fazer entender que Neymar n\u00e3o \u00e9 mais, infelizmente, refer\u00eancia de ningu\u00e9m. E o primeiro da lista \u00e9 Vini Jr. Hist\u00f3rico curto de Vini na Sele\u00e7\u00e3o n\u00e3o \u00e9 fant\u00e1stico. Exibi\u00e7\u00f5es minguadas, muita irrita\u00e7\u00e3o, cart\u00f5es amarelos desnecess\u00e1rios e raros gols importantes. Copa do Mundo n\u00e3o \u00e9 para bailar, nem fazer choror\u00f4 aos rivais e ironizar advers\u00e1rios. Melhor \u00e9 jogar bola.<\/p>\n<p>Acontece que boa parte dessa atual Sele\u00e7\u00e3o tem Neymar como \u00eddolo e o topo da montanha. Todos dessa gera\u00e7\u00e3o queriam e ainda querem ser Neymar. Muito por Neymar ser a estrela solit\u00e1ria do futebol brasileiro nos \u00faltimos 20 anos. Ponto nevr\u00e1lgico da Sele\u00e7\u00e3o nas \u00faltimas tr\u00eas Copas do Mundo (2014, 18 e 22). Em nenhuma das tr\u00eas, seja por infort\u00fanios f\u00edsicos ou bola mesmo, Neymar acendeu a luz do Brasil.<\/p>\n<p>Apesar da pouca relev\u00e2ncia nas Copas, Neymar dita moda. Seus s\u00faditos no campo passaram a encarnar o estilo Neymar de ser. Celebridade, perda de tempo nas redes sociais, ostenta\u00e7\u00e3o e &#8220;v\u00edtima do tal sistema&#8221; do futebol. Parece, Neymar n\u00e3o tem culpa de nada. E os nossos jovens boleiros encampam essas ideias. Um desperd\u00edcio de tempo e de talento.<\/p>\n<p>As refer\u00eancias de grandes craques consagrados na Sele\u00e7\u00e3o, diz a hist\u00f3ria, eram mais dignas. Gera\u00e7\u00e3o de Zico e S\u00f3crates tinha Pel\u00e9, Rivellino, Tost\u00e3o, entre outros, como fonte de inspira\u00e7\u00e3o. Gera\u00e7\u00e3o de Rom\u00e1rio e Ronaldo Fen\u00f4meno mirava Zico, Roberto Dinamite, S\u00f3crates, Falc\u00e3o, Careca. Depois, Kak\u00e1, Robinho, Adriano e outros se olhavam no espelho de Ronaldo Fen\u00f4meno, Rom\u00e1rio.<\/p>\n<p>E a gera\u00e7\u00e3o de Neymar se sentiu livre para n\u00e3o ter refer\u00eancia. Seriam eles o Olimpo do futebol. Como se o futebol fosse dividido entre AN e DN (Antes de Neymar e Depois de Neymar).<\/p>\n<p>Deu no que deu. Estamos h\u00e1 24 anos sem conquistar uma Copa do Mundo.<\/p>\n<hr>\n<p><strong><em>Aten\u00e7\u00e3o publicidade: canal &#8220;Pr\u00f3speri na Copa&#8221; (@luizprosperi no YouTube), pr\u00e9-credenciado pela Fifa, est\u00e1 aberto a parceiros comerciais interessados em patrocinar cobertura da Copa do Mundo 2026. Contato: luiz.prosperi@gmail.com<\/em><\/strong><\/p>\n<hr>\n<p>Para n\u00e3o ser injusto, Neymar hoje lembra muito Rom\u00e1rio p\u00f3s-Tetra 94. Eleito o cara da Copa nos EUA em 1994, Rom\u00e1rio quis jogar na marra a Copa de 1998 na Fran\u00e7a. N\u00e3o se cuidou. Se esparramou nas praias do Rio esgar\u00e7ando a panturrilha nos jogos de futv\u00f4lei. Futv\u00f4lei, uma mania entre nove de dez jogadores brasileiros naquela \u00e9poca. Futv\u00f4lei antes, KingLeague hoje e as mesas de poker e videogames.<\/p>\n<p>Rom\u00e1rio, panturrilha rasgada, vira objeto nacional de discuss\u00e3o na Copa de 98 at\u00e9 ser cortado da Sele\u00e7\u00e3o \u00e0s v\u00e9speras da estreia do Brasil no Mundial da Fran\u00e7a.<\/p>\n<p>\u00c9 a mesma situa\u00e7\u00e3o de agora. Neymar, sem a m\u00ednima condi\u00e7\u00e3o f\u00edsica a ponto de comprometer a parte t\u00e9cnica de seu jogo, \u00e9 reivindicado na Copa de 2026.<\/p>\n<p>A exemplo de Rom\u00e1rio em 98, Neymar n\u00e3o se cuidou para chegar inteiro em 2026. Se a Copa agora em 2026 fosse prioridade de sua vida, aos 33 anos, deveria ter-se preparado desde a queda do Brasil na Copa de 22 no Catar quando lan\u00e7ou ao mundo seu \u00faltimo rel\u00e2mpago no futebol \u2013 aquele gol espetacular na Cro\u00e1cia que poderia levar o Brasil \u00e0s semifinais contra Argentina.<\/p>\n<p>Ancelotti tem mais o que fazer nesse momento. E que Neymar lute para provar que merece estar na Copa do Mundo de Donald Trump.<\/p>\n","protected":false},"excerpt":{"rendered":"<p>Luiz Ant\u00f4nio Pr\u00f3speri \u2013 18 mar\u00e7o 2026 (11h55) \u2013 O Caso Neymar torra a paci\u00eancia de Carlo Ancelotti. [&hellip;]<\/p>\n","protected":false},"author":102107496,"featured_media":42086,"comment_status":"open","ping_status":"open","sticky":false,"template":"","format":"standard","meta":{"_coblocks_attr":"","_coblocks_dimensions":"","_coblocks_responsive_height":"","_coblocks_accordion_ie_support":"","_jetpack_newsletter_access":"","_jetpack_dont_email_post_to_subs":false,"_jetpack_newsletter_tier_id":0,"_jetpack_memberships_contains_paywalled_content":false,"_wpcom_ai_launchpad_first_post":false,"_jetpack_feature_clip_id":0,"_jetpack_memberships_contains_paid_content":false,"footnotes":"","jetpack_publicize_message":"","jetpack_publicize_feature_enabled":true,"jetpack_social_post_already_shared":false,"jetpack_social_options":{"image_generator_settings":{"template":"highway","default_image_id":0,"font":"","enabled":false},"version":2},"jetpack_post_was_ever_published":false},"categories":[36820279,53870],"tags":[1016127,788139423,4112146,621258,10149860],"class_list":["post-56745","post","type-post","status-publish","format-standard","has-post-thumbnail","hentry","category-copa-2026","category-futebol","tag-ancelotti","tag-copa26","tag-neymar","tag-romario","tag-selecaobrasileira"],"yoast_head":"<!-- This site is optimized with the Yoast SEO plugin v28.3 - https:\/\/yoast.com\/product\/yoast-seo-wordpress\/ -->\n<title>Neymar e a Dura Miss\u00e3o de Ancelotti - PR\u00d3SPERI NEWS<\/title>\n<meta name=\"robots\" content=\"index, follow, max-snippet:-1, max-image-preview:large, max-video-preview:-1\" \/>\n<link rel=\"canonical\" href=\"https:\/\/blogdoprosperi.com\/?p=56745\" \/>\n<meta property=\"og:locale\" content=\"pt_BR\" \/>\n<meta property=\"og:type\" content=\"article\" \/>\n<meta property=\"og:title\" content=\"Neymar e a Dura Miss\u00e3o de Ancelotti - PR\u00d3SPERI NEWS\" \/>\n<meta property=\"og:description\" content=\"Luiz Ant\u00f4nio Pr\u00f3speri \u2013 18 mar\u00e7o 2026 (11h55) \u2013 O Caso Neymar torra a paci\u00eancia de Carlo Ancelotti. [&hellip;]\" \/>\n<meta property=\"og:url\" content=\"https:\/\/blogdoprosperi.com\/?p=56745\" \/>\n<meta property=\"og:site_name\" content=\"PR\u00d3SPERI NEWS\" \/>\n<meta property=\"article:publisher\" content=\"Luiz Pr\u00f3speri\" \/>\n<meta property=\"article:author\" content=\"Luiz Pr\u00f3speri\" \/>\n<meta property=\"article:published_time\" content=\"2026-03-18T15:07:38+00:00\" \/>\n<meta property=\"article:modified_time\" content=\"2026-03-20T23:30:10+00:00\" \/>\n<meta property=\"og:image\" content=\"https:\/\/i0.wp.com\/blogdoprosperi.com\/wp-content\/uploads\/2023\/08\/neymar_junior_1200x675_19102023080007.jpg?fit=1200%2C675&ssl=1\" \/>\n\t<meta property=\"og:image:width\" content=\"1200\" \/>\n\t<meta property=\"og:image:height\" content=\"675\" \/>\n\t<meta property=\"og:image:type\" content=\"image\/jpeg\" \/>\n<meta name=\"author\" content=\"Luiz Ant\u00f4nio Pr\u00f3speri\" \/>\n<meta name=\"twitter:card\" content=\"summary_large_image\" \/>\n<meta name=\"twitter:creator\" content=\"@Luizprosperi\" \/>\n<meta name=\"twitter:site\" content=\"@Luizprosperi\" \/>\n<meta name=\"twitter:label1\" content=\"Escrito por\" \/>\n\t<meta name=\"twitter:data1\" content=\"Luiz Ant\u00f4nio Pr\u00f3speri\" \/>\n\t<meta name=\"twitter:label2\" content=\"Est. tempo de leitura\" \/>\n\t<meta name=\"twitter:data2\" content=\"3 minutos\" \/>\n<script type=\"application\/ld+json\" class=\"yoast-schema-graph\">{\"@context\":\"https:\\\/\\\/schema.org\",\"@graph\":[{\"@type\":\"Article\",\"@id\":\"https:\\\/\\\/blogdoprosperi.com\\\/?p=56745#article\",\"isPartOf\":{\"@id\":\"https:\\\/\\\/blogdoprosperi.com\\\/?p=56745\"},\"author\":{\"name\":\"Luiz Ant\u00f4nio Pr\u00f3speri\",\"@id\":\"https:\\\/\\\/blogdoprosperi.com\\\/#\\\/schema\\\/person\\\/38100755ce3601861ee4fab9b5aa78e9\"},\"headline\":\"Neymar e a Dura Miss\u00e3o de Ancelotti\",\"datePublished\":\"2026-03-18T15:07:38+00:00\",\"dateModified\":\"2026-03-20T23:30:10+00:00\",\"mainEntityOfPage\":{\"@id\":\"https:\\\/\\\/blogdoprosperi.com\\\/?p=56745\"},\"wordCount\":684,\"commentCount\":0,\"publisher\":{\"@id\":\"https:\\\/\\\/blogdoprosperi.com\\\/#\\\/schema\\\/person\\\/38100755ce3601861ee4fab9b5aa78e9\"},\"image\":{\"@id\":\"https:\\\/\\\/blogdoprosperi.com\\\/?p=56745#primaryimage\"},\"thumbnailUrl\":\"https:\\\/\\\/i0.wp.com\\\/blogdoprosperi.com\\\/wp-content\\\/uploads\\\/2023\\\/08\\\/neymar_junior_1200x675_19102023080007.jpg?fit=1200%2C675&ssl=1\",\"keywords\":[\"Ancelotti\",\"copa26\",\"Neymar\",\"Rom\u00e1rio\",\"Sele\u00e7\u00e3oBrasileira\"],\"articleSection\":[\"copa 2026\",\"futebol\"],\"inLanguage\":\"pt-BR\",\"potentialAction\":[{\"@type\":\"CommentAction\",\"name\":\"Comment\",\"target\":[\"https:\\\/\\\/blogdoprosperi.com\\\/?p=56745#respond\"]}]},{\"@type\":\"WebPage\",\"@id\":\"https:\\\/\\\/blogdoprosperi.com\\\/?p=56745\",\"url\":\"https:\\\/\\\/blogdoprosperi.com\\\/?p=56745\",\"name\":\"Neymar e a Dura Miss\u00e3o de Ancelotti - PR\u00d3SPERI NEWS\",\"isPartOf\":{\"@id\":\"https:\\\/\\\/blogdoprosperi.com\\\/#website\"},\"primaryImageOfPage\":{\"@id\":\"https:\\\/\\\/blogdoprosperi.com\\\/?p=56745#primaryimage\"},\"image\":{\"@id\":\"https:\\\/\\\/blogdoprosperi.com\\\/?p=56745#primaryimage\"},\"thumbnailUrl\":\"https:\\\/\\\/i0.wp.com\\\/blogdoprosperi.com\\\/wp-content\\\/uploads\\\/2023\\\/08\\\/neymar_junior_1200x675_19102023080007.jpg?fit=1200%2C675&ssl=1\",\"datePublished\":\"2026-03-18T15:07:38+00:00\",\"dateModified\":\"2026-03-20T23:30:10+00:00\",\"breadcrumb\":{\"@id\":\"https:\\\/\\\/blogdoprosperi.com\\\/?p=56745#breadcrumb\"},\"inLanguage\":\"pt-BR\",\"potentialAction\":[{\"@type\":\"ReadAction\",\"target\":[\"https:\\\/\\\/blogdoprosperi.com\\\/?p=56745\"]}]},{\"@type\":\"ImageObject\",\"inLanguage\":\"pt-BR\",\"@id\":\"https:\\\/\\\/blogdoprosperi.com\\\/?p=56745#primaryimage\",\"url\":\"https:\\\/\\\/i0.wp.com\\\/blogdoprosperi.com\\\/wp-content\\\/uploads\\\/2023\\\/08\\\/neymar_junior_1200x675_19102023080007.jpg?fit=1200%2C675&ssl=1\",\"contentUrl\":\"https:\\\/\\\/i0.wp.com\\\/blogdoprosperi.com\\\/wp-content\\\/uploads\\\/2023\\\/08\\\/neymar_junior_1200x675_19102023080007.jpg?fit=1200%2C675&ssl=1\",\"width\":1200,\"height\":675,\"caption\":\"Neymar volta ao futebol no segundo semestre de 2024 - foto CBF\"},{\"@type\":\"BreadcrumbList\",\"@id\":\"https:\\\/\\\/blogdoprosperi.com\\\/?p=56745#breadcrumb\",\"itemListElement\":[{\"@type\":\"ListItem\",\"position\":1,\"name\":\"In\u00edcio\",\"item\":\"https:\\\/\\\/blogdoprosperi.com\\\/\"},{\"@type\":\"ListItem\",\"position\":2,\"name\":\"Neymar e a Dura Miss\u00e3o de Ancelotti\"}]},{\"@type\":\"WebSite\",\"@id\":\"https:\\\/\\\/blogdoprosperi.com\\\/#website\",\"url\":\"https:\\\/\\\/blogdoprosperi.com\\\/\",\"name\":\"PR\u00d3SPERI NEWS\",\"description\":\"TUDO \u00c9  FUTEBOL\",\"publisher\":{\"@id\":\"https:\\\/\\\/blogdoprosperi.com\\\/#\\\/schema\\\/person\\\/38100755ce3601861ee4fab9b5aa78e9\"},\"alternateName\":\"blogdoprosperi.com\",\"potentialAction\":[{\"@type\":\"SearchAction\",\"target\":{\"@type\":\"EntryPoint\",\"urlTemplate\":\"https:\\\/\\\/blogdoprosperi.com\\\/?s={search_term_string}\"},\"query-input\":{\"@type\":\"PropertyValueSpecification\",\"valueRequired\":true,\"valueName\":\"search_term_string\"}}],\"inLanguage\":\"pt-BR\"},{\"@type\":[\"Person\",\"Organization\"],\"@id\":\"https:\\\/\\\/blogdoprosperi.com\\\/#\\\/schema\\\/person\\\/38100755ce3601861ee4fab9b5aa78e9\",\"name\":\"Luiz Ant\u00f4nio Pr\u00f3speri\",\"pronouns\":\"ele\",\"image\":{\"@type\":\"ImageObject\",\"inLanguage\":\"pt-BR\",\"@id\":\"https:\\\/\\\/i0.wp.com\\\/blogdoprosperi.com\\\/wp-content\\\/uploads\\\/2026\\\/05\\\/cropped-8059e613-6002-42fa-961e-8e275f575d71-2-5.jpg?fit=1360%2C931&ssl=1\",\"url\":\"https:\\\/\\\/i0.wp.com\\\/blogdoprosperi.com\\\/wp-content\\\/uploads\\\/2026\\\/05\\\/cropped-8059e613-6002-42fa-961e-8e275f575d71-2-5.jpg?fit=1360%2C931&ssl=1\",\"contentUrl\":\"https:\\\/\\\/i0.wp.com\\\/blogdoprosperi.com\\\/wp-content\\\/uploads\\\/2026\\\/05\\\/cropped-8059e613-6002-42fa-961e-8e275f575d71-2-5.jpg?fit=1360%2C931&ssl=1\",\"width\":1360,\"height\":931,\"caption\":\"Luiz Ant\u00f4nio Pr\u00f3speri\"},\"logo\":{\"@id\":\"https:\\\/\\\/i0.wp.com\\\/blogdoprosperi.com\\\/wp-content\\\/uploads\\\/2026\\\/05\\\/cropped-8059e613-6002-42fa-961e-8e275f575d71-2-5.jpg?fit=1360%2C931&ssl=1\"},\"description\":\"Jornalista com carreira dedicada ao esporte. Cobriu 9 Copas do Mundo in loco, 1990 na It\u00e1lia, 1994 nos EUA, 1998 na Fran\u00e7a, 2002 na Coreia do Sul e Jap\u00e3o, 2006 na Alemanha, 2010 na \u00c1frica do Sul, 2014 no Brasil, 2018 na R\u00fassia e 2022 no Qatar. Eurocopas, 1992 na Su\u00e9cia e 1996 na Inglaterra. Copa das Confedera\u00e7\u00f5es de 2005 na Alemanha e 2009 na \u00c1frica do Sul. Rep\u00f3rter e Editor, trabalhou no Jornal da Tarde e Estad\u00e3o, de 1984 a fevereiro de 2016. Colunista, blogueiro. E comentarista de futebol na R\u00e1dio Estad\u00e3o, de 2013 a fevereiro de 2016. Jornalista respons\u00e1vel do \\\"Pr\u00f3speri News\\\" (blogdoprosperi.com).\",\"sameAs\":[\"http:\\\/\\\/blogdoprosperi.com\",\"Luiz Pr\u00f3speri\",\"@luiz_prosperi\",\"https:\\\/\\\/x.com\\\/Luizprosperi\",\"@prosperinacopa\",\"luiz.prosperi@icloud.com\"],\"url\":\"https:\\\/\\\/blogdoprosperi.com\\\/?author=102107496\"}]}<\/script>\n<!-- \/ Yoast SEO plugin. -->","yoast_head_json":{"title":"Neymar e a Dura Miss\u00e3o de Ancelotti - PR\u00d3SPERI NEWS","robots":{"index":"index","follow":"follow","max-snippet":"max-snippet:-1","max-image-preview":"max-image-preview:large","max-video-preview":"max-video-preview:-1"},"canonical":"https:\/\/blogdoprosperi.com\/?p=56745","og_locale":"pt_BR","og_type":"article","og_title":"Neymar e a Dura Miss\u00e3o de Ancelotti - PR\u00d3SPERI NEWS","og_description":"Luiz Ant\u00f4nio Pr\u00f3speri \u2013 18 mar\u00e7o 2026 (11h55) \u2013 O Caso Neymar torra a paci\u00eancia de Carlo Ancelotti. [&hellip;]","og_url":"https:\/\/blogdoprosperi.com\/?p=56745","og_site_name":"PR\u00d3SPERI NEWS","article_publisher":"Luiz Pr\u00f3speri","article_author":"Luiz Pr\u00f3speri","article_published_time":"2026-03-18T15:07:38+00:00","article_modified_time":"2026-03-20T23:30:10+00:00","og_image":[{"width":1200,"height":675,"url":"https:\/\/i0.wp.com\/blogdoprosperi.com\/wp-content\/uploads\/2023\/08\/neymar_junior_1200x675_19102023080007.jpg?fit=1200%2C675&ssl=1","type":"image\/jpeg"}],"author":"Luiz Ant\u00f4nio Pr\u00f3speri","twitter_card":"summary_large_image","twitter_creator":"@Luizprosperi","twitter_site":"@Luizprosperi","twitter_misc":{"Escrito por":"Luiz Ant\u00f4nio Pr\u00f3speri","Est. tempo de leitura":"3 minutos"},"schema":{"@context":"https:\/\/schema.org","@graph":[{"@type":"Article","@id":"https:\/\/blogdoprosperi.com\/?p=56745#article","isPartOf":{"@id":"https:\/\/blogdoprosperi.com\/?p=56745"},"author":{"name":"Luiz Ant\u00f4nio Pr\u00f3speri","@id":"https:\/\/blogdoprosperi.com\/#\/schema\/person\/38100755ce3601861ee4fab9b5aa78e9"},"headline":"Neymar e a Dura Miss\u00e3o de Ancelotti","datePublished":"2026-03-18T15:07:38+00:00","dateModified":"2026-03-20T23:30:10+00:00","mainEntityOfPage":{"@id":"https:\/\/blogdoprosperi.com\/?p=56745"},"wordCount":684,"commentCount":0,"publisher":{"@id":"https:\/\/blogdoprosperi.com\/#\/schema\/person\/38100755ce3601861ee4fab9b5aa78e9"},"image":{"@id":"https:\/\/blogdoprosperi.com\/?p=56745#primaryimage"},"thumbnailUrl":"https:\/\/i0.wp.com\/blogdoprosperi.com\/wp-content\/uploads\/2023\/08\/neymar_junior_1200x675_19102023080007.jpg?fit=1200%2C675&ssl=1","keywords":["Ancelotti","copa26","Neymar","Rom\u00e1rio","Sele\u00e7\u00e3oBrasileira"],"articleSection":["copa 2026","futebol"],"inLanguage":"pt-BR","potentialAction":[{"@type":"CommentAction","name":"Comment","target":["https:\/\/blogdoprosperi.com\/?p=56745#respond"]}]},{"@type":"WebPage","@id":"https:\/\/blogdoprosperi.com\/?p=56745","url":"https:\/\/blogdoprosperi.com\/?p=56745","name":"Neymar e a Dura Miss\u00e3o de Ancelotti - PR\u00d3SPERI NEWS","isPartOf":{"@id":"https:\/\/blogdoprosperi.com\/#website"},"primaryImageOfPage":{"@id":"https:\/\/blogdoprosperi.com\/?p=56745#primaryimage"},"image":{"@id":"https:\/\/blogdoprosperi.com\/?p=56745#primaryimage"},"thumbnailUrl":"https:\/\/i0.wp.com\/blogdoprosperi.com\/wp-content\/uploads\/2023\/08\/neymar_junior_1200x675_19102023080007.jpg?fit=1200%2C675&ssl=1","datePublished":"2026-03-18T15:07:38+00:00","dateModified":"2026-03-20T23:30:10+00:00","breadcrumb":{"@id":"https:\/\/blogdoprosperi.com\/?p=56745#breadcrumb"},"inLanguage":"pt-BR","potentialAction":[{"@type":"ReadAction","target":["https:\/\/blogdoprosperi.com\/?p=56745"]}]},{"@type":"ImageObject","inLanguage":"pt-BR","@id":"https:\/\/blogdoprosperi.com\/?p=56745#primaryimage","url":"https:\/\/i0.wp.com\/blogdoprosperi.com\/wp-content\/uploads\/2023\/08\/neymar_junior_1200x675_19102023080007.jpg?fit=1200%2C675&ssl=1","contentUrl":"https:\/\/i0.wp.com\/blogdoprosperi.com\/wp-content\/uploads\/2023\/08\/neymar_junior_1200x675_19102023080007.jpg?fit=1200%2C675&ssl=1","width":1200,"height":675,"caption":"Neymar volta ao futebol no segundo semestre de 2024 - foto CBF"},{"@type":"BreadcrumbList","@id":"https:\/\/blogdoprosperi.com\/?p=56745#breadcrumb","itemListElement":[{"@type":"ListItem","position":1,"name":"In\u00edcio","item":"https:\/\/blogdoprosperi.com\/"},{"@type":"ListItem","position":2,"name":"Neymar e a Dura Miss\u00e3o de Ancelotti"}]},{"@type":"WebSite","@id":"https:\/\/blogdoprosperi.com\/#website","url":"https:\/\/blogdoprosperi.com\/","name":"PR\u00d3SPERI NEWS","description":"TUDO \u00c9  FUTEBOL","publisher":{"@id":"https:\/\/blogdoprosperi.com\/#\/schema\/person\/38100755ce3601861ee4fab9b5aa78e9"},"alternateName":"blogdoprosperi.com","potentialAction":[{"@type":"SearchAction","target":{"@type":"EntryPoint","urlTemplate":"https:\/\/blogdoprosperi.com\/?s={search_term_string}"},"query-input":{"@type":"PropertyValueSpecification","valueRequired":true,"valueName":"search_term_string"}}],"inLanguage":"pt-BR"},{"@type":["Person","Organization"],"@id":"https:\/\/blogdoprosperi.com\/#\/schema\/person\/38100755ce3601861ee4fab9b5aa78e9","name":"Luiz Ant\u00f4nio Pr\u00f3speri","pronouns":"ele","image":{"@type":"ImageObject","inLanguage":"pt-BR","@id":"https:\/\/i0.wp.com\/blogdoprosperi.com\/wp-content\/uploads\/2026\/05\/cropped-8059e613-6002-42fa-961e-8e275f575d71-2-5.jpg?fit=1360%2C931&ssl=1","url":"https:\/\/i0.wp.com\/blogdoprosperi.com\/wp-content\/uploads\/2026\/05\/cropped-8059e613-6002-42fa-961e-8e275f575d71-2-5.jpg?fit=1360%2C931&ssl=1","contentUrl":"https:\/\/i0.wp.com\/blogdoprosperi.com\/wp-content\/uploads\/2026\/05\/cropped-8059e613-6002-42fa-961e-8e275f575d71-2-5.jpg?fit=1360%2C931&ssl=1","width":1360,"height":931,"caption":"Luiz Ant\u00f4nio Pr\u00f3speri"},"logo":{"@id":"https:\/\/i0.wp.com\/blogdoprosperi.com\/wp-content\/uploads\/2026\/05\/cropped-8059e613-6002-42fa-961e-8e275f575d71-2-5.jpg?fit=1360%2C931&ssl=1"},"description":"Jornalista com carreira dedicada ao esporte. Cobriu 9 Copas do Mundo in loco, 1990 na It\u00e1lia, 1994 nos EUA, 1998 na Fran\u00e7a, 2002 na Coreia do Sul e Jap\u00e3o, 2006 na Alemanha, 2010 na \u00c1frica do Sul, 2014 no Brasil, 2018 na R\u00fassia e 2022 no Qatar. Eurocopas, 1992 na Su\u00e9cia e 1996 na Inglaterra. Copa das Confedera\u00e7\u00f5es de 2005 na Alemanha e 2009 na \u00c1frica do Sul. Rep\u00f3rter e Editor, trabalhou no Jornal da Tarde e Estad\u00e3o, de 1984 a fevereiro de 2016. Colunista, blogueiro. E comentarista de futebol na R\u00e1dio Estad\u00e3o, de 2013 a fevereiro de 2016. Jornalista respons\u00e1vel do \"Pr\u00f3speri News\" (blogdoprosperi.com).","sameAs":["http:\/\/blogdoprosperi.com","Luiz Pr\u00f3speri","@luiz_prosperi","https:\/\/x.com\/Luizprosperi","@prosperinacopa","luiz.prosperi@icloud.com"],"url":"https:\/\/blogdoprosperi.com\/?author=102107496"}]}},"jetpack_publicize_connections":[],"jetpack_likes_enabled":false,"jetpack_sharing_enabled":true,"jetpack_shortlink":"https:\/\/wp.me\/p7jvdk-eLf","jetpack-related-posts":[{"id":59133,"url":"https:\/\/blogdoprosperi.com\/?p=59133","url_meta":{"origin":56745,"position":0},"title":"Sele\u00e7\u00e3o Brasileira descobre time reserva melhor que o titular","author":"Luiz Ant\u00f4nio Pr\u00f3speri","date":"31 de maio de 2026","format":false,"excerpt":"Luiz Ant\u00f4nio Pr\u00f3speri \u2013 31 maio 2026 (20h55) \u2013 Brasil vence Panam\u00e1 por 6 a 2 no amistoso de despedida rumo \u00e0 Copa do Mundo 2026. Mais de 72 mil torcedores aplaudiram a Sele\u00e7\u00e3o Brasileira no amistoso festivo no Maracan\u00e3 neste domingo (31\/5). Gritaram tamb\u00e9m por Neymar. E perceberam, sem\u2026","rel":"","context":"Em &quot;copa 2026&quot;","block_context":{"text":"copa 2026","link":"https:\/\/blogdoprosperi.com\/?cat=36820279"},"img":{"alt_text":"","src":"https:\/\/i0.wp.com\/blogdoprosperi.com\/wp-content\/uploads\/2026\/05\/Whats_App_Image_2026_05_31_at_19_47_22_1_0b1e348b36.jpg?fit=1200%2C801&ssl=1&resize=350%2C200","width":350,"height":200,"srcset":"https:\/\/i0.wp.com\/blogdoprosperi.com\/wp-content\/uploads\/2026\/05\/Whats_App_Image_2026_05_31_at_19_47_22_1_0b1e348b36.jpg?fit=1200%2C801&ssl=1&resize=350%2C200 1x, https:\/\/i0.wp.com\/blogdoprosperi.com\/wp-content\/uploads\/2026\/05\/Whats_App_Image_2026_05_31_at_19_47_22_1_0b1e348b36.jpg?fit=1200%2C801&ssl=1&resize=525%2C300 1.5x, https:\/\/i0.wp.com\/blogdoprosperi.com\/wp-content\/uploads\/2026\/05\/Whats_App_Image_2026_05_31_at_19_47_22_1_0b1e348b36.jpg?fit=1200%2C801&ssl=1&resize=700%2C400 2x, https:\/\/i0.wp.com\/blogdoprosperi.com\/wp-content\/uploads\/2026\/05\/Whats_App_Image_2026_05_31_at_19_47_22_1_0b1e348b36.jpg?fit=1200%2C801&ssl=1&resize=1050%2C600 3x"},"classes":[]},{"id":59609,"url":"https:\/\/blogdoprosperi.com\/?p=59609","url_meta":{"origin":56745,"position":1},"title":"Bastidores da Sele\u00e7\u00e3o Raphinha fora da Copa, vem Neymar","author":"Luiz Ant\u00f4nio Pr\u00f3speri","date":"21 de junho de 2026","format":false,"excerpt":"Luiz Ant\u00f4nio Pr\u00f3speri, de Morristown, 21 junho 2026 (12h51) Raphinha fora da Copa do Mundo s\u00f3 faz crescer os dramas de Carlo Ancelotti. N\u00e3o que o atacante do Barcelona fa\u00e7a tanta falta assim, na opini\u00e3o de boa parte da torcida verde e amarela. Ancelotti n\u00e3o pensa como os torcedores. \"Raphinha\u2026","rel":"","context":"Em &quot;copa 2026&quot;","block_context":{"text":"copa 2026","link":"https:\/\/blogdoprosperi.com\/?cat=36820279"},"img":{"alt_text":"","src":"https:\/\/i0.wp.com\/blogdoprosperi.com\/wp-content\/uploads\/2026\/06\/Captura-de-Tela-2026-06-21-as-17.34.09.png?fit=1200%2C909&ssl=1&resize=350%2C200","width":350,"height":200,"srcset":"https:\/\/i0.wp.com\/blogdoprosperi.com\/wp-content\/uploads\/2026\/06\/Captura-de-Tela-2026-06-21-as-17.34.09.png?fit=1200%2C909&ssl=1&resize=350%2C200 1x, https:\/\/i0.wp.com\/blogdoprosperi.com\/wp-content\/uploads\/2026\/06\/Captura-de-Tela-2026-06-21-as-17.34.09.png?fit=1200%2C909&ssl=1&resize=525%2C300 1.5x, https:\/\/i0.wp.com\/blogdoprosperi.com\/wp-content\/uploads\/2026\/06\/Captura-de-Tela-2026-06-21-as-17.34.09.png?fit=1200%2C909&ssl=1&resize=700%2C400 2x, https:\/\/i0.wp.com\/blogdoprosperi.com\/wp-content\/uploads\/2026\/06\/Captura-de-Tela-2026-06-21-as-17.34.09.png?fit=1200%2C909&ssl=1&resize=1050%2C600 3x"},"classes":[]},{"id":59788,"url":"https:\/\/blogdoprosperi.com\/?p=59788","url_meta":{"origin":56745,"position":2},"title":"Brasil vence Esc\u00f3cia por 3 a 0, consagra Vini Jr e lan\u00e7a Neymar na Copa","author":"Luiz Ant\u00f4nio Pr\u00f3speri","date":"24 de junho de 2026","format":false,"excerpt":"Luiz Ant\u00f4nio Pr\u00f3speri, dos Estados Unidos, 24 junho 2026 (20h05) Brasil vence Esc\u00f3cia por 3 a 0, garante primeiro lugar do Grupo C com sete pontos, se mant\u00e9m na base em Morristown e consagra Vini Jr. Tem mais. Neymar entra aos 21 minutos do segundo tempo como um figurante de\u2026","rel":"","context":"Em &quot;copa 2026&quot;","block_context":{"text":"copa 2026","link":"https:\/\/blogdoprosperi.com\/?cat=36820279"},"img":{"alt_text":"","src":"https:\/\/i0.wp.com\/blogdoprosperi.com\/wp-content\/uploads\/2026\/06\/24JUN2026BRASILXESCOCIA100-VINIJR.jpg?fit=1200%2C851&ssl=1&resize=350%2C200","width":350,"height":200,"srcset":"https:\/\/i0.wp.com\/blogdoprosperi.com\/wp-content\/uploads\/2026\/06\/24JUN2026BRASILXESCOCIA100-VINIJR.jpg?fit=1200%2C851&ssl=1&resize=350%2C200 1x, https:\/\/i0.wp.com\/blogdoprosperi.com\/wp-content\/uploads\/2026\/06\/24JUN2026BRASILXESCOCIA100-VINIJR.jpg?fit=1200%2C851&ssl=1&resize=525%2C300 1.5x, https:\/\/i0.wp.com\/blogdoprosperi.com\/wp-content\/uploads\/2026\/06\/24JUN2026BRASILXESCOCIA100-VINIJR.jpg?fit=1200%2C851&ssl=1&resize=700%2C400 2x, https:\/\/i0.wp.com\/blogdoprosperi.com\/wp-content\/uploads\/2026\/06\/24JUN2026BRASILXESCOCIA100-VINIJR.jpg?fit=1200%2C851&ssl=1&resize=1050%2C600 3x"},"classes":[]},{"id":56656,"url":"https:\/\/blogdoprosperi.com\/?p=56656","url_meta":{"origin":56745,"position":3},"title":"Sele\u00e7\u00e3o Brasileira | Ancelotti N\u00e3o Convoca Mas N\u00e3o Descarta Neymar na Copa","author":"Luiz Ant\u00f4nio Pr\u00f3speri","date":"16 de mar\u00e7o de 2026","format":false,"excerpt":"Neymar continua fora da Sele\u00e7\u00e3o e diminui a chance de jogar a Copa do Mundo 2026. Afastado da Sele\u00e7\u00e3o Brasileira desde outubro de 2023, quando rompe os ligamentos cruzados do joelho esquerdo no jogo contra o. Uruguai, o craque santista n\u00e3o aparece na lista Carlo Ancelotti para os amistosos contra\u2026","rel":"","context":"Em &quot;copa 2026&quot;","block_context":{"text":"copa 2026","link":"https:\/\/blogdoprosperi.com\/?cat=36820279"},"img":{"alt_text":"neymar sim, neymar n\u00e3o","src":"https:\/\/i0.wp.com\/blogdoprosperi.com\/wp-content\/uploads\/2022\/11\/52534316743_e5ca84d055_c-1.jpg?fit=799%2C533&ssl=1&resize=350%2C200","width":350,"height":200,"srcset":"https:\/\/i0.wp.com\/blogdoprosperi.com\/wp-content\/uploads\/2022\/11\/52534316743_e5ca84d055_c-1.jpg?fit=799%2C533&ssl=1&resize=350%2C200 1x, https:\/\/i0.wp.com\/blogdoprosperi.com\/wp-content\/uploads\/2022\/11\/52534316743_e5ca84d055_c-1.jpg?fit=799%2C533&ssl=1&resize=525%2C300 1.5x, https:\/\/i0.wp.com\/blogdoprosperi.com\/wp-content\/uploads\/2022\/11\/52534316743_e5ca84d055_c-1.jpg?fit=799%2C533&ssl=1&resize=700%2C400 2x"},"classes":[]},{"id":54735,"url":"https:\/\/blogdoprosperi.com\/?p=54735","url_meta":{"origin":56745,"position":4},"title":"Ancelotti Deixa Neymar Fora da Sele\u00e7\u00e3o e Continuamos Sem Meias Talentosos","author":"Luiz Ant\u00f4nio Pr\u00f3speri","date":"25 de agosto de 2025","format":false,"excerpt":"Luiz Ant\u00f4nio Pr\u00f3speri \u2013 25 agosto 2025 (17h36) \u2013 Carlo Ancelotti anuncia a lista da Sele\u00e7\u00e3o Brasileira sem Neymar. E manda um recado forte a todos jogadores: quem pensa em jogar na Sele\u00e7\u00e3o precisa de se apresentar na plenitude f\u00edsica. N\u00e3o adianta se credenciar apenas com o nome ou servi\u00e7os\u2026","rel":"","context":"Em &quot;futebol&quot;","block_context":{"text":"futebol","link":"https:\/\/blogdoprosperi.com\/?cat=53870"},"img":{"alt_text":"Charge de Jaguar nos 1970","src":"https:\/\/i0.wp.com\/blogdoprosperi.com\/wp-content\/uploads\/2025\/08\/captura-de-tela-2025-08-25-as-16.47.50.png?fit=1200%2C665&ssl=1&resize=350%2C200","width":350,"height":200,"srcset":"https:\/\/i0.wp.com\/blogdoprosperi.com\/wp-content\/uploads\/2025\/08\/captura-de-tela-2025-08-25-as-16.47.50.png?fit=1200%2C665&ssl=1&resize=350%2C200 1x, https:\/\/i0.wp.com\/blogdoprosperi.com\/wp-content\/uploads\/2025\/08\/captura-de-tela-2025-08-25-as-16.47.50.png?fit=1200%2C665&ssl=1&resize=525%2C300 1.5x, https:\/\/i0.wp.com\/blogdoprosperi.com\/wp-content\/uploads\/2025\/08\/captura-de-tela-2025-08-25-as-16.47.50.png?fit=1200%2C665&ssl=1&resize=700%2C400 2x, https:\/\/i0.wp.com\/blogdoprosperi.com\/wp-content\/uploads\/2025\/08\/captura-de-tela-2025-08-25-as-16.47.50.png?fit=1200%2C665&ssl=1&resize=1050%2C600 3x"},"classes":[]},{"id":59448,"url":"https:\/\/blogdoprosperi.com\/?p=59448","url_meta":{"origin":56745,"position":5},"title":"Bastidores do Escrete | Ancelotti muda a Sele\u00e7\u00e3o, na marra","author":"Luiz Ant\u00f4nio Pr\u00f3speri","date":"15 de junho de 2026","format":false,"excerpt":"Luiz Ant\u00f4nio Pr\u00f3speri, de Morristown, 15 junho 2026 (12h05)\u00a0 Carlo Ancelotti prepara mudan\u00e7as na Sele\u00e7\u00e3o Brasileira. Exibi\u00e7\u00e3o do time na estreia contra Marrocos provoca calafrios no mais \u00edntimo dos amigos de Carletto. Trocas s\u00e3o urgentes. N\u00e3o se tem tempo para piscar em uma Copa do Mundo. Quem sai e quem\u2026","rel":"","context":"Em &quot;copa 2026&quot;","block_context":{"text":"copa 2026","link":"https:\/\/blogdoprosperi.com\/?cat=36820279"},"img":{"alt_text":"","src":"https:\/\/i0.wp.com\/blogdoprosperi.com\/wp-content\/uploads\/2026\/06\/treino-academia-masculino-14062026.jpg?fit=1200%2C802&ssl=1&resize=350%2C200","width":350,"height":200,"srcset":"https:\/\/i0.wp.com\/blogdoprosperi.com\/wp-content\/uploads\/2026\/06\/treino-academia-masculino-14062026.jpg?fit=1200%2C802&ssl=1&resize=350%2C200 1x, https:\/\/i0.wp.com\/blogdoprosperi.com\/wp-content\/uploads\/2026\/06\/treino-academia-masculino-14062026.jpg?fit=1200%2C802&ssl=1&resize=525%2C300 1.5x, https:\/\/i0.wp.com\/blogdoprosperi.com\/wp-content\/uploads\/2026\/06\/treino-academia-masculino-14062026.jpg?fit=1200%2C802&ssl=1&resize=700%2C400 2x, https:\/\/i0.wp.com\/blogdoprosperi.com\/wp-content\/uploads\/2026\/06\/treino-academia-masculino-14062026.jpg?fit=1200%2C802&ssl=1&resize=1050%2C600 3x"},"classes":[]}],"jetpack_featured_media_url":"https:\/\/i0.wp.com\/blogdoprosperi.com\/wp-content\/uploads\/2023\/08\/neymar_junior_1200x675_19102023080007.jpg?fit=1200%2C675&ssl=1","_links":{"self":[{"href":"https:\/\/blogdoprosperi.com\/index.php?rest_route=\/wp\/v2\/posts\/56745","targetHints":{"allow":["GET"]}}],"collection":[{"href":"https:\/\/blogdoprosperi.com\/index.php?rest_route=\/wp\/v2\/posts"}],"about":[{"href":"https:\/\/blogdoprosperi.com\/index.php?rest_route=\/wp\/v2\/types\/post"}],"author":[{"embeddable":true,"href":"https:\/\/blogdoprosperi.com\/index.php?rest_route=\/wp\/v2\/users\/102107496"}],"replies":[{"embeddable":true,"href":"https:\/\/blogdoprosperi.com\/index.php?rest_route=%2Fwp%2Fv2%2Fcomments&post=56745"}],"version-history":[{"count":10,"href":"https:\/\/blogdoprosperi.com\/index.php?rest_route=\/wp\/v2\/posts\/56745\/revisions"}],"predecessor-version":[{"id":56842,"href":"https:\/\/blogdoprosperi.com\/index.php?rest_route=\/wp\/v2\/posts\/56745\/revisions\/56842"}],"wp:featuredmedia":[{"embeddable":true,"href":"https:\/\/blogdoprosperi.com\/index.php?rest_route=\/wp\/v2\/media\/42086"}],"wp:attachment":[{"href":"https:\/\/blogdoprosperi.com\/index.php?rest_route=%2Fwp%2Fv2%2Fmedia&parent=56745"}],"wp:term":[{"taxonomy":"category","embeddable":true,"href":"https:\/\/blogdoprosperi.com\/index.php?rest_route=%2Fwp%2Fv2%2Fcategories&post=56745"},{"taxonomy":"post_tag","embeddable":true,"href":"https:\/\/blogdoprosperi.com\/index.php?rest_route=%2Fwp%2Fv2%2Ftags&post=56745"}],"curies":[{"name":"wp","href":"https:\/\/api.w.org\/{rel}","templated":true}]}}