{"id":56828,"date":"2026-03-20T16:49:02","date_gmt":"2026-03-20T19:49:02","guid":{"rendered":"https:\/\/blogdoprosperi.com\/?p=56828"},"modified":"2026-03-24T11:58:16","modified_gmt":"2026-03-24T14:58:16","slug":"musica-oficial-da-copa-do-mundo-2026-acompanhe","status":"publish","type":"post","link":"https:\/\/blogdoprosperi.com\/?p=56828","title":{"rendered":"M\u00fasica Oficial da Copa do Mundo 2026 | Acompanhe"},"content":{"rendered":"<p><strong>O \u00e1lbum oficial celebra o futebol mundial<\/strong><\/p>\n<p>O \u00e1lbum oficial da Copa do Mundo da FIFA 2026\u2122 une m\u00fasica e futebol para celebrar a cultura global que envolve o maior evento esportivo do mundo. Criado para a Copa do Mundo da FIFA\u2122 mais inclusiva da hist\u00f3ria, sediada no Canad\u00e1, M\u00e9xico e Estados Unidos, o \u00e1lbum apresenta can\u00e7\u00f5es de artistas de diversos continentes e g\u00eaneros, refletindo a diversidade e a paix\u00e3o pelo futebol mundial. O \u00e1lbum abre com \u201cLighter\u201d, interpretada por Jelly Roll e Car\u00edn Le\u00f3n e produzida por Cirkut. A colabora\u00e7\u00e3o une vozes dos pa\u00edses-sede do torneio, mesclando as ra\u00edzes country de Jelly Roll com o som regional mexicano de Car\u00edn Le\u00f3n. Nos pr\u00f3ximos meses, mais m\u00fasicas ser\u00e3o reveladas, reunindo estrelas internacionais e artistas emergentes em uma jornada musical inspirada pelo futebol e sua comunidade global.<\/p>\n<p><em><strong>Ou\u00e7a no link:<\/strong><\/em><\/p>\n<p><strong><a href=\"https:\/\/music.youtube.com\/watch?v=5FvRS8Q7DGY&amp;si=6DODBrnMbs7cphBe\">https:\/\/music.youtube.com\/watch?v=5FvRS8Q7DGY&amp;si=6DODBrnMbs7cphBe<\/a><\/strong><\/p>\n<hr \/>\n<p><em><strong>ATEN\u00c7\u00c3O publicidade: canal \u201cPr\u00f3speri na Copa\u201d (<a class=\"__p2-hovercard mention\" href=\"https:\/\/blogdoprosperi.com\/mentions\/luizprosperi\/\"><span class=\"mentions-prefix\">@<\/span>luizprosperi<\/a> no YouTube), pr\u00e9-credenciado pela Fifa, est\u00e1 aberto a parceiros comerciais interessados em patrocinar cobertura da Copa do Mundo 2026. Voc\u00ea tamb\u00e9m pode patrocinar o &#8220;Pr\u00f3speri News&#8221; (<span style=\"color: #0000ff\"><a style=\"color: #0000ff\" href=\"https:\/\/blogdoprosperi.com\">blogdoprosperi.com<\/a><\/span>) \u2013 Contato: luiz.prosperi@gmail.com<\/strong><\/em><\/p>\n<hr \/>\n<p>&nbsp;<\/p>\n","protected":false},"excerpt":{"rendered":"<p>O \u00e1lbum oficial celebra o futebol mundial O \u00e1lbum oficial da Copa do Mundo da FIFA 2026\u2122 une [&hellip;]<\/p>\n","protected":false},"author":102107496,"featured_media":56830,"comment_status":"open","ping_status":"open","sticky":false,"template":"","format":"standard","meta":{"_coblocks_attr":"","_coblocks_dimensions":"","_coblocks_responsive_height":"","_coblocks_accordion_ie_support":"","_jetpack_newsletter_access":"","_jetpack_dont_email_post_to_subs":false,"_jetpack_newsletter_tier_id":0,"_jetpack_memberships_contains_paywalled_content":false,"_wpcom_ai_launchpad_first_post":false,"_jetpack_feature_clip_id":0,"_jetpack_memberships_contains_paid_content":false,"footnotes":"","jetpack_publicize_message":"","jetpack_publicize_feature_enabled":true,"jetpack_social_post_already_shared":false,"jetpack_social_options":{"image_generator_settings":{"template":"highway","default_image_id":0,"font":"","enabled":false},"version":2},"jetpack_post_was_ever_published":false},"categories":[36820279,53870],"tags":[],"class_list":["post-56828","post","type-post","status-publish","format-standard","has-post-thumbnail","hentry","category-copa-2026","category-futebol"],"yoast_head":"<!-- This site is optimized with the Yoast SEO plugin v28.4 - https:\/\/yoast.com\/product\/yoast-seo-wordpress\/ -->\n<title>M\u00fasica Oficial da Copa do Mundo 2026 | Acompanhe - PR\u00d3SPERI NEWS<\/title>\n<meta name=\"robots\" content=\"index, follow, max-snippet:-1, max-image-preview:large, max-video-preview:-1\" \/>\n<link rel=\"canonical\" href=\"https:\/\/blogdoprosperi.com\/?p=56828\" \/>\n<meta property=\"og:locale\" content=\"pt_BR\" \/>\n<meta property=\"og:type\" content=\"article\" \/>\n<meta property=\"og:title\" content=\"M\u00fasica Oficial da Copa do Mundo 2026 | Acompanhe - PR\u00d3SPERI NEWS\" \/>\n<meta property=\"og:description\" content=\"O \u00e1lbum oficial celebra o futebol mundial O \u00e1lbum oficial da Copa do Mundo da FIFA 2026\u2122 une [&hellip;]\" \/>\n<meta property=\"og:url\" content=\"https:\/\/blogdoprosperi.com\/?p=56828\" \/>\n<meta property=\"og:site_name\" content=\"PR\u00d3SPERI NEWS\" \/>\n<meta property=\"article:publisher\" content=\"Luiz Pr\u00f3speri\" \/>\n<meta property=\"article:author\" content=\"Luiz Pr\u00f3speri\" \/>\n<meta property=\"article:published_time\" content=\"2026-03-20T19:49:02+00:00\" \/>\n<meta property=\"article:modified_time\" content=\"2026-03-24T14:58:16+00:00\" \/>\n<meta property=\"og:image\" content=\"https:\/\/i0.wp.com\/blogdoprosperi.com\/wp-content\/uploads\/2026\/03\/captura-de-tela-2026-03-20-as-16.38.29.png?fit=1260%2C920&ssl=1\" \/>\n\t<meta property=\"og:image:width\" content=\"1260\" \/>\n\t<meta property=\"og:image:height\" content=\"920\" \/>\n\t<meta property=\"og:image:type\" content=\"image\/png\" \/>\n<meta name=\"author\" content=\"Luiz Ant\u00f4nio Pr\u00f3speri\" \/>\n<meta name=\"twitter:card\" content=\"summary_large_image\" \/>\n<meta name=\"twitter:creator\" content=\"@Luizprosperi\" \/>\n<meta name=\"twitter:site\" content=\"@Luizprosperi\" \/>\n<meta name=\"twitter:label1\" content=\"Escrito por\" \/>\n\t<meta name=\"twitter:data1\" content=\"Luiz Ant\u00f4nio Pr\u00f3speri\" \/>\n\t<meta name=\"twitter:label2\" content=\"Est. tempo de leitura\" \/>\n\t<meta name=\"twitter:data2\" content=\"1 minuto\" \/>\n<script type=\"application\/ld+json\" class=\"yoast-schema-graph\">{\"@context\":\"https:\\\/\\\/schema.org\",\"@graph\":[{\"@type\":\"Article\",\"@id\":\"https:\\\/\\\/blogdoprosperi.com\\\/?p=56828#article\",\"isPartOf\":{\"@id\":\"https:\\\/\\\/blogdoprosperi.com\\\/?p=56828\"},\"author\":{\"name\":\"Luiz Ant\u00f4nio Pr\u00f3speri\",\"@id\":\"https:\\\/\\\/blogdoprosperi.com\\\/#\\\/schema\\\/person\\\/38100755ce3601861ee4fab9b5aa78e9\"},\"headline\":\"M\u00fasica Oficial da Copa do Mundo 2026 | Acompanhe\",\"datePublished\":\"2026-03-20T19:49:02+00:00\",\"dateModified\":\"2026-03-24T14:58:16+00:00\",\"mainEntityOfPage\":{\"@id\":\"https:\\\/\\\/blogdoprosperi.com\\\/?p=56828\"},\"wordCount\":221,\"commentCount\":0,\"publisher\":{\"@id\":\"https:\\\/\\\/blogdoprosperi.com\\\/#\\\/schema\\\/person\\\/38100755ce3601861ee4fab9b5aa78e9\"},\"image\":{\"@id\":\"https:\\\/\\\/blogdoprosperi.com\\\/?p=56828#primaryimage\"},\"thumbnailUrl\":\"https:\\\/\\\/i0.wp.com\\\/blogdoprosperi.com\\\/wp-content\\\/uploads\\\/2026\\\/03\\\/captura-de-tela-2026-03-20-as-16.38.29.png?fit=1260%2C920&ssl=1\",\"articleSection\":[\"copa 2026\",\"futebol\"],\"inLanguage\":\"pt-BR\",\"potentialAction\":[{\"@type\":\"CommentAction\",\"name\":\"Comment\",\"target\":[\"https:\\\/\\\/blogdoprosperi.com\\\/?p=56828#respond\"]}]},{\"@type\":\"WebPage\",\"@id\":\"https:\\\/\\\/blogdoprosperi.com\\\/?p=56828\",\"url\":\"https:\\\/\\\/blogdoprosperi.com\\\/?p=56828\",\"name\":\"M\u00fasica Oficial da Copa do Mundo 2026 | Acompanhe - PR\u00d3SPERI NEWS\",\"isPartOf\":{\"@id\":\"https:\\\/\\\/blogdoprosperi.com\\\/#website\"},\"primaryImageOfPage\":{\"@id\":\"https:\\\/\\\/blogdoprosperi.com\\\/?p=56828#primaryimage\"},\"image\":{\"@id\":\"https:\\\/\\\/blogdoprosperi.com\\\/?p=56828#primaryimage\"},\"thumbnailUrl\":\"https:\\\/\\\/i0.wp.com\\\/blogdoprosperi.com\\\/wp-content\\\/uploads\\\/2026\\\/03\\\/captura-de-tela-2026-03-20-as-16.38.29.png?fit=1260%2C920&ssl=1\",\"datePublished\":\"2026-03-20T19:49:02+00:00\",\"dateModified\":\"2026-03-24T14:58:16+00:00\",\"breadcrumb\":{\"@id\":\"https:\\\/\\\/blogdoprosperi.com\\\/?p=56828#breadcrumb\"},\"inLanguage\":\"pt-BR\",\"potentialAction\":[{\"@type\":\"ReadAction\",\"target\":[\"https:\\\/\\\/blogdoprosperi.com\\\/?p=56828\"]}]},{\"@type\":\"ImageObject\",\"inLanguage\":\"pt-BR\",\"@id\":\"https:\\\/\\\/blogdoprosperi.com\\\/?p=56828#primaryimage\",\"url\":\"https:\\\/\\\/i0.wp.com\\\/blogdoprosperi.com\\\/wp-content\\\/uploads\\\/2026\\\/03\\\/captura-de-tela-2026-03-20-as-16.38.29.png?fit=1260%2C920&ssl=1\",\"contentUrl\":\"https:\\\/\\\/i0.wp.com\\\/blogdoprosperi.com\\\/wp-content\\\/uploads\\\/2026\\\/03\\\/captura-de-tela-2026-03-20-as-16.38.29.png?fit=1260%2C920&ssl=1\",\"width\":1260,\"height\":920,\"caption\":\"imagem Fifa Sound\"},{\"@type\":\"BreadcrumbList\",\"@id\":\"https:\\\/\\\/blogdoprosperi.com\\\/?p=56828#breadcrumb\",\"itemListElement\":[{\"@type\":\"ListItem\",\"position\":1,\"name\":\"In\u00edcio\",\"item\":\"https:\\\/\\\/blogdoprosperi.com\\\/\"},{\"@type\":\"ListItem\",\"position\":2,\"name\":\"M\u00fasica Oficial da Copa do Mundo 2026 | Acompanhe\"}]},{\"@type\":\"WebSite\",\"@id\":\"https:\\\/\\\/blogdoprosperi.com\\\/#website\",\"url\":\"https:\\\/\\\/blogdoprosperi.com\\\/\",\"name\":\"PR\u00d3SPERI NEWS\",\"description\":\"TUDO \u00c9  FUTEBOL\",\"publisher\":{\"@id\":\"https:\\\/\\\/blogdoprosperi.com\\\/#\\\/schema\\\/person\\\/38100755ce3601861ee4fab9b5aa78e9\"},\"alternateName\":\"blogdoprosperi.com\",\"potentialAction\":[{\"@type\":\"SearchAction\",\"target\":{\"@type\":\"EntryPoint\",\"urlTemplate\":\"https:\\\/\\\/blogdoprosperi.com\\\/?s={search_term_string}\"},\"query-input\":{\"@type\":\"PropertyValueSpecification\",\"valueRequired\":true,\"valueName\":\"search_term_string\"}}],\"inLanguage\":\"pt-BR\"},{\"@type\":[\"Person\",\"Organization\"],\"@id\":\"https:\\\/\\\/blogdoprosperi.com\\\/#\\\/schema\\\/person\\\/38100755ce3601861ee4fab9b5aa78e9\",\"name\":\"Luiz Ant\u00f4nio Pr\u00f3speri\",\"pronouns\":\"ele\",\"image\":{\"@type\":\"ImageObject\",\"inLanguage\":\"pt-BR\",\"@id\":\"https:\\\/\\\/i0.wp.com\\\/blogdoprosperi.com\\\/wp-content\\\/uploads\\\/2026\\\/05\\\/cropped-8059e613-6002-42fa-961e-8e275f575d71-2-5.jpg?fit=1360%2C931&ssl=1\",\"url\":\"https:\\\/\\\/i0.wp.com\\\/blogdoprosperi.com\\\/wp-content\\\/uploads\\\/2026\\\/05\\\/cropped-8059e613-6002-42fa-961e-8e275f575d71-2-5.jpg?fit=1360%2C931&ssl=1\",\"contentUrl\":\"https:\\\/\\\/i0.wp.com\\\/blogdoprosperi.com\\\/wp-content\\\/uploads\\\/2026\\\/05\\\/cropped-8059e613-6002-42fa-961e-8e275f575d71-2-5.jpg?fit=1360%2C931&ssl=1\",\"width\":1360,\"height\":931,\"caption\":\"Luiz Ant\u00f4nio Pr\u00f3speri\"},\"logo\":{\"@id\":\"https:\\\/\\\/i0.wp.com\\\/blogdoprosperi.com\\\/wp-content\\\/uploads\\\/2026\\\/05\\\/cropped-8059e613-6002-42fa-961e-8e275f575d71-2-5.jpg?fit=1360%2C931&ssl=1\"},\"description\":\"Jornalista com carreira dedicada ao esporte. Cobriu 9 Copas do Mundo in loco, 1990 na It\u00e1lia, 1994 nos EUA, 1998 na Fran\u00e7a, 2002 na Coreia do Sul e Jap\u00e3o, 2006 na Alemanha, 2010 na \u00c1frica do Sul, 2014 no Brasil, 2018 na R\u00fassia e 2022 no Qatar. Eurocopas, 1992 na Su\u00e9cia e 1996 na Inglaterra. Copa das Confedera\u00e7\u00f5es de 2005 na Alemanha e 2009 na \u00c1frica do Sul. Rep\u00f3rter e Editor, trabalhou no Jornal da Tarde e Estad\u00e3o, de 1984 a fevereiro de 2016. Colunista, blogueiro. E comentarista de futebol na R\u00e1dio Estad\u00e3o, de 2013 a fevereiro de 2016. Jornalista respons\u00e1vel do \\\"Pr\u00f3speri News\\\" (blogdoprosperi.com).\",\"sameAs\":[\"http:\\\/\\\/blogdoprosperi.com\",\"Luiz Pr\u00f3speri\",\"@luiz_prosperi\",\"https:\\\/\\\/x.com\\\/Luizprosperi\",\"@prosperinacopa\",\"luiz.prosperi@icloud.com\"],\"url\":\"https:\\\/\\\/blogdoprosperi.com\\\/?author=102107496\"}]}<\/script>\n<!-- \/ Yoast SEO plugin. -->","yoast_head_json":{"title":"M\u00fasica Oficial da Copa do Mundo 2026 | Acompanhe - PR\u00d3SPERI NEWS","robots":{"index":"index","follow":"follow","max-snippet":"max-snippet:-1","max-image-preview":"max-image-preview:large","max-video-preview":"max-video-preview:-1"},"canonical":"https:\/\/blogdoprosperi.com\/?p=56828","og_locale":"pt_BR","og_type":"article","og_title":"M\u00fasica Oficial da Copa do Mundo 2026 | Acompanhe - PR\u00d3SPERI NEWS","og_description":"O \u00e1lbum oficial celebra o futebol mundial O \u00e1lbum oficial da Copa do Mundo da FIFA 2026\u2122 une [&hellip;]","og_url":"https:\/\/blogdoprosperi.com\/?p=56828","og_site_name":"PR\u00d3SPERI NEWS","article_publisher":"Luiz Pr\u00f3speri","article_author":"Luiz Pr\u00f3speri","article_published_time":"2026-03-20T19:49:02+00:00","article_modified_time":"2026-03-24T14:58:16+00:00","og_image":[{"width":1260,"height":920,"url":"https:\/\/i0.wp.com\/blogdoprosperi.com\/wp-content\/uploads\/2026\/03\/captura-de-tela-2026-03-20-as-16.38.29.png?fit=1260%2C920&ssl=1","type":"image\/png"}],"author":"Luiz Ant\u00f4nio Pr\u00f3speri","twitter_card":"summary_large_image","twitter_creator":"@Luizprosperi","twitter_site":"@Luizprosperi","twitter_misc":{"Escrito por":"Luiz Ant\u00f4nio Pr\u00f3speri","Est. tempo de leitura":"1 minuto"},"schema":{"@context":"https:\/\/schema.org","@graph":[{"@type":"Article","@id":"https:\/\/blogdoprosperi.com\/?p=56828#article","isPartOf":{"@id":"https:\/\/blogdoprosperi.com\/?p=56828"},"author":{"name":"Luiz Ant\u00f4nio Pr\u00f3speri","@id":"https:\/\/blogdoprosperi.com\/#\/schema\/person\/38100755ce3601861ee4fab9b5aa78e9"},"headline":"M\u00fasica Oficial da Copa do Mundo 2026 | Acompanhe","datePublished":"2026-03-20T19:49:02+00:00","dateModified":"2026-03-24T14:58:16+00:00","mainEntityOfPage":{"@id":"https:\/\/blogdoprosperi.com\/?p=56828"},"wordCount":221,"commentCount":0,"publisher":{"@id":"https:\/\/blogdoprosperi.com\/#\/schema\/person\/38100755ce3601861ee4fab9b5aa78e9"},"image":{"@id":"https:\/\/blogdoprosperi.com\/?p=56828#primaryimage"},"thumbnailUrl":"https:\/\/i0.wp.com\/blogdoprosperi.com\/wp-content\/uploads\/2026\/03\/captura-de-tela-2026-03-20-as-16.38.29.png?fit=1260%2C920&ssl=1","articleSection":["copa 2026","futebol"],"inLanguage":"pt-BR","potentialAction":[{"@type":"CommentAction","name":"Comment","target":["https:\/\/blogdoprosperi.com\/?p=56828#respond"]}]},{"@type":"WebPage","@id":"https:\/\/blogdoprosperi.com\/?p=56828","url":"https:\/\/blogdoprosperi.com\/?p=56828","name":"M\u00fasica Oficial da Copa do Mundo 2026 | Acompanhe - PR\u00d3SPERI NEWS","isPartOf":{"@id":"https:\/\/blogdoprosperi.com\/#website"},"primaryImageOfPage":{"@id":"https:\/\/blogdoprosperi.com\/?p=56828#primaryimage"},"image":{"@id":"https:\/\/blogdoprosperi.com\/?p=56828#primaryimage"},"thumbnailUrl":"https:\/\/i0.wp.com\/blogdoprosperi.com\/wp-content\/uploads\/2026\/03\/captura-de-tela-2026-03-20-as-16.38.29.png?fit=1260%2C920&ssl=1","datePublished":"2026-03-20T19:49:02+00:00","dateModified":"2026-03-24T14:58:16+00:00","breadcrumb":{"@id":"https:\/\/blogdoprosperi.com\/?p=56828#breadcrumb"},"inLanguage":"pt-BR","potentialAction":[{"@type":"ReadAction","target":["https:\/\/blogdoprosperi.com\/?p=56828"]}]},{"@type":"ImageObject","inLanguage":"pt-BR","@id":"https:\/\/blogdoprosperi.com\/?p=56828#primaryimage","url":"https:\/\/i0.wp.com\/blogdoprosperi.com\/wp-content\/uploads\/2026\/03\/captura-de-tela-2026-03-20-as-16.38.29.png?fit=1260%2C920&ssl=1","contentUrl":"https:\/\/i0.wp.com\/blogdoprosperi.com\/wp-content\/uploads\/2026\/03\/captura-de-tela-2026-03-20-as-16.38.29.png?fit=1260%2C920&ssl=1","width":1260,"height":920,"caption":"imagem Fifa Sound"},{"@type":"BreadcrumbList","@id":"https:\/\/blogdoprosperi.com\/?p=56828#breadcrumb","itemListElement":[{"@type":"ListItem","position":1,"name":"In\u00edcio","item":"https:\/\/blogdoprosperi.com\/"},{"@type":"ListItem","position":2,"name":"M\u00fasica Oficial da Copa do Mundo 2026 | Acompanhe"}]},{"@type":"WebSite","@id":"https:\/\/blogdoprosperi.com\/#website","url":"https:\/\/blogdoprosperi.com\/","name":"PR\u00d3SPERI NEWS","description":"TUDO \u00c9  FUTEBOL","publisher":{"@id":"https:\/\/blogdoprosperi.com\/#\/schema\/person\/38100755ce3601861ee4fab9b5aa78e9"},"alternateName":"blogdoprosperi.com","potentialAction":[{"@type":"SearchAction","target":{"@type":"EntryPoint","urlTemplate":"https:\/\/blogdoprosperi.com\/?s={search_term_string}"},"query-input":{"@type":"PropertyValueSpecification","valueRequired":true,"valueName":"search_term_string"}}],"inLanguage":"pt-BR"},{"@type":["Person","Organization"],"@id":"https:\/\/blogdoprosperi.com\/#\/schema\/person\/38100755ce3601861ee4fab9b5aa78e9","name":"Luiz Ant\u00f4nio Pr\u00f3speri","pronouns":"ele","image":{"@type":"ImageObject","inLanguage":"pt-BR","@id":"https:\/\/i0.wp.com\/blogdoprosperi.com\/wp-content\/uploads\/2026\/05\/cropped-8059e613-6002-42fa-961e-8e275f575d71-2-5.jpg?fit=1360%2C931&ssl=1","url":"https:\/\/i0.wp.com\/blogdoprosperi.com\/wp-content\/uploads\/2026\/05\/cropped-8059e613-6002-42fa-961e-8e275f575d71-2-5.jpg?fit=1360%2C931&ssl=1","contentUrl":"https:\/\/i0.wp.com\/blogdoprosperi.com\/wp-content\/uploads\/2026\/05\/cropped-8059e613-6002-42fa-961e-8e275f575d71-2-5.jpg?fit=1360%2C931&ssl=1","width":1360,"height":931,"caption":"Luiz Ant\u00f4nio Pr\u00f3speri"},"logo":{"@id":"https:\/\/i0.wp.com\/blogdoprosperi.com\/wp-content\/uploads\/2026\/05\/cropped-8059e613-6002-42fa-961e-8e275f575d71-2-5.jpg?fit=1360%2C931&ssl=1"},"description":"Jornalista com carreira dedicada ao esporte. Cobriu 9 Copas do Mundo in loco, 1990 na It\u00e1lia, 1994 nos EUA, 1998 na Fran\u00e7a, 2002 na Coreia do Sul e Jap\u00e3o, 2006 na Alemanha, 2010 na \u00c1frica do Sul, 2014 no Brasil, 2018 na R\u00fassia e 2022 no Qatar. Eurocopas, 1992 na Su\u00e9cia e 1996 na Inglaterra. Copa das Confedera\u00e7\u00f5es de 2005 na Alemanha e 2009 na \u00c1frica do Sul. Rep\u00f3rter e Editor, trabalhou no Jornal da Tarde e Estad\u00e3o, de 1984 a fevereiro de 2016. Colunista, blogueiro. E comentarista de futebol na R\u00e1dio Estad\u00e3o, de 2013 a fevereiro de 2016. Jornalista respons\u00e1vel do \"Pr\u00f3speri News\" (blogdoprosperi.com).","sameAs":["http:\/\/blogdoprosperi.com","Luiz Pr\u00f3speri","@luiz_prosperi","https:\/\/x.com\/Luizprosperi","@prosperinacopa","luiz.prosperi@icloud.com"],"url":"https:\/\/blogdoprosperi.com\/?author=102107496"}]}},"jetpack_publicize_connections":[],"jetpack_likes_enabled":false,"jetpack_sharing_enabled":true,"jetpack_shortlink":"https:\/\/wp.me\/p7jvdk-eMA","jetpack-related-posts":[{"id":58362,"url":"https:\/\/blogdoprosperi.com\/?p=58362","url_meta":{"origin":56828,"position":0},"title":"Shakira lan\u00e7a &#8220;Dai Dai&#8221;, a m\u00fasica oficial da Copa do Mundo 2026","author":"Luiz Ant\u00f4nio Pr\u00f3speri","date":"16 de maio de 2026","format":false,"excerpt":"Shakira emplaca mais uma m\u00fasica oficial da Copa do Mundo. \"Dai Dai\", em parceria com Burna Boy, deve arrecadar US$ 100 milh\u00f5es at\u00e9 o final do torneio, informa a Fifa em seu boletim oficial. Acompanhe: Dai Dai\u00a0 re\u00fane os sons e a energia globais de Shakira e Burna Boy em\u2026","rel":"","context":"Em &quot;copa 2026&quot;","block_context":{"text":"copa 2026","link":"https:\/\/blogdoprosperi.com\/?cat=36820279"},"img":{"alt_text":"","src":"https:\/\/i0.wp.com\/blogdoprosperi.com\/wp-content\/uploads\/2026\/05\/captura-de-tela-2026-05-16-as-11.58.12.png?fit=1200%2C666&ssl=1&resize=350%2C200","width":350,"height":200,"srcset":"https:\/\/i0.wp.com\/blogdoprosperi.com\/wp-content\/uploads\/2026\/05\/captura-de-tela-2026-05-16-as-11.58.12.png?fit=1200%2C666&ssl=1&resize=350%2C200 1x, https:\/\/i0.wp.com\/blogdoprosperi.com\/wp-content\/uploads\/2026\/05\/captura-de-tela-2026-05-16-as-11.58.12.png?fit=1200%2C666&ssl=1&resize=525%2C300 1.5x, https:\/\/i0.wp.com\/blogdoprosperi.com\/wp-content\/uploads\/2026\/05\/captura-de-tela-2026-05-16-as-11.58.12.png?fit=1200%2C666&ssl=1&resize=700%2C400 2x, https:\/\/i0.wp.com\/blogdoprosperi.com\/wp-content\/uploads\/2026\/05\/captura-de-tela-2026-05-16-as-11.58.12.png?fit=1200%2C666&ssl=1&resize=1050%2C600 3x"},"classes":[]},{"id":55835,"url":"https:\/\/blogdoprosperi.com\/?p=55835","url_meta":{"origin":56828,"position":1},"title":"Copa do Mundo 2026 | A Ta\u00e7a de Lego e o \u00c1lbum de Figurinhas Panini","author":"Luiz Ant\u00f4nio Pr\u00f3speri","date":"4 de dezembro de 2025","format":false,"excerpt":"O Grupo LEGO e a FIFA oferecem aos f\u00e3s a oportunidade de construir o trof\u00e9u mais cobi\u00e7ado do futebol. Vem a\u00ed o brinquedinho com a ta\u00e7a Lego da Copa do Mundo 2026. A cole\u00e7\u00e3o LEGO Editions contar\u00e1 com uma r\u00e9plica em tamanho real do trof\u00e9u oficial da Copa do Mundo\u2026","rel":"","context":"Em &quot;copa do mundo 2026&quot;","block_context":{"text":"copa do mundo 2026","link":"https:\/\/blogdoprosperi.com\/?cat=115102077"},"img":{"alt_text":"","src":"https:\/\/i0.wp.com\/blogdoprosperi.com\/wp-content\/uploads\/2025\/12\/lego.jpg?fit=1200%2C675&ssl=1&resize=350%2C200","width":350,"height":200,"srcset":"https:\/\/i0.wp.com\/blogdoprosperi.com\/wp-content\/uploads\/2025\/12\/lego.jpg?fit=1200%2C675&ssl=1&resize=350%2C200 1x, https:\/\/i0.wp.com\/blogdoprosperi.com\/wp-content\/uploads\/2025\/12\/lego.jpg?fit=1200%2C675&ssl=1&resize=525%2C300 1.5x, https:\/\/i0.wp.com\/blogdoprosperi.com\/wp-content\/uploads\/2025\/12\/lego.jpg?fit=1200%2C675&ssl=1&resize=700%2C400 2x, https:\/\/i0.wp.com\/blogdoprosperi.com\/wp-content\/uploads\/2025\/12\/lego.jpg?fit=1200%2C675&ssl=1&resize=1050%2C600 3x"},"classes":[]},{"id":51404,"url":"https:\/\/blogdoprosperi.com\/?p=51404","url_meta":{"origin":56828,"position":2},"title":"Palmeiras Tem Mundial ? Fifa Diz Que Alviverde Tem a Copa Intercontinental","author":"Luiz Ant\u00f4nio Pr\u00f3speri","date":"18 de junho de 2025","format":false,"excerpt":"Luiz Ant\u00f4nio Pr\u00f3speri \u2013 18 junho (17h10) \u2013 Palmeiras tem Mundial? A Fifa diz que sim ao publicar relat\u00f3rio dos 32 clubes participantes do Mundial de Clubes 2025. Documento gr\u00e1fico, divulgado ter\u00e7a-feira (17\/6), elenca todas as conquistas de cada um dos clubes. No quadro do Palmeiras, a Fifa reconhece a\u2026","rel":"","context":"Em &quot;futebol&quot;","block_context":{"text":"futebol","link":"https:\/\/blogdoprosperi.com\/?cat=53870"},"img":{"alt_text":"","src":"https:\/\/i0.wp.com\/blogdoprosperi.com\/wp-content\/uploads\/2025\/06\/taca-copa-rio-1951-qhnajxvka0jc.webp?fit=774%2C480&ssl=1&resize=350%2C200","width":350,"height":200,"srcset":"https:\/\/i0.wp.com\/blogdoprosperi.com\/wp-content\/uploads\/2025\/06\/taca-copa-rio-1951-qhnajxvka0jc.webp?fit=774%2C480&ssl=1&resize=350%2C200 1x, https:\/\/i0.wp.com\/blogdoprosperi.com\/wp-content\/uploads\/2025\/06\/taca-copa-rio-1951-qhnajxvka0jc.webp?fit=774%2C480&ssl=1&resize=525%2C300 1.5x, https:\/\/i0.wp.com\/blogdoprosperi.com\/wp-content\/uploads\/2025\/06\/taca-copa-rio-1951-qhnajxvka0jc.webp?fit=774%2C480&ssl=1&resize=700%2C400 2x"},"classes":[]},{"id":39237,"url":"https:\/\/blogdoprosperi.com\/?p=39237","url_meta":{"origin":56828,"position":3},"title":"\u00c1lbum de figurinhas e venda de 2,45 milh\u00f5es de ingressos aquecem Copa Catar 2022","author":"Luiz Ant\u00f4nio Pr\u00f3speri","date":"18 de agosto de 2022","format":false,"excerpt":"Fifa anuncia a venda de 2,45 milh\u00f5es de ingressos da Copa do Mundo Qatar 2022. Pa\u00edses \u00c1rabes, Am\u00e9rica e Europa aparecem como os que mais compraram os bilhetes, h\u00e1 98 dias do in\u00edcio do Mundial. No Brasil, a Panini lan\u00e7a nesta sexta-feira (19\/8) a venda do \u00e1lbum de figurinhas, uma\u2026","rel":"","context":"Em &quot;catar 2022&quot;","block_context":{"text":"catar 2022","link":"https:\/\/blogdoprosperi.com\/?cat=47094043"},"img":{"alt_text":"","src":"https:\/\/i0.wp.com\/blogdoprosperi.com\/wp-content\/uploads\/2022\/08\/csm_copa-qatar-2022-reproducao_d609783f02.jpg?fit=730%2C487&ssl=1&resize=350%2C200","width":350,"height":200,"srcset":"https:\/\/i0.wp.com\/blogdoprosperi.com\/wp-content\/uploads\/2022\/08\/csm_copa-qatar-2022-reproducao_d609783f02.jpg?fit=730%2C487&ssl=1&resize=350%2C200 1x, https:\/\/i0.wp.com\/blogdoprosperi.com\/wp-content\/uploads\/2022\/08\/csm_copa-qatar-2022-reproducao_d609783f02.jpg?fit=730%2C487&ssl=1&resize=525%2C300 1.5x, https:\/\/i0.wp.com\/blogdoprosperi.com\/wp-content\/uploads\/2022\/08\/csm_copa-qatar-2022-reproducao_d609783f02.jpg?fit=730%2C487&ssl=1&resize=700%2C400 2x"},"classes":[]},{"id":50980,"url":"https:\/\/blogdoprosperi.com\/?p=50980","url_meta":{"origin":56828,"position":4},"title":"Copa do Mundo 2026 Abre Contagem Regressiva a Um Ano do Jogo de Abertura","author":"Luiz Ant\u00f4nio Pr\u00f3speri","date":"11 de junho de 2025","format":false,"excerpt":"A 26.\u00aa Copa do Mundo 2026 abre contagem regressiva a um ano do jogo de abertura. Confira documento oficial da Fifa a respeito do maior evento do futebol do planeta; A Copa do Mundo 2026 come\u00e7ar\u00e1 exatamente daqui a 365 dias, em 11 de junho de 2026, na Cidade do\u2026","rel":"","context":"Em &quot;Fifa&quot;","block_context":{"text":"Fifa","link":"https:\/\/blogdoprosperi.com\/?cat=187969"},"img":{"alt_text":"","src":"https:\/\/i0.wp.com\/blogdoprosperi.com\/wp-content\/uploads\/2025\/06\/unnamed.jpg?fit=560%2C315&ssl=1&resize=350%2C200","width":350,"height":200,"srcset":"https:\/\/i0.wp.com\/blogdoprosperi.com\/wp-content\/uploads\/2025\/06\/unnamed.jpg?fit=560%2C315&ssl=1&resize=350%2C200 1x, https:\/\/i0.wp.com\/blogdoprosperi.com\/wp-content\/uploads\/2025\/06\/unnamed.jpg?fit=560%2C315&ssl=1&resize=525%2C300 1.5x"},"classes":[]},{"id":46728,"url":"https:\/\/blogdoprosperi.com\/?p=46728","url_meta":{"origin":56828,"position":5},"title":"Conhe\u00e7a os 12 Est\u00e1dios do Mundial de Clubes da Fifa 2025","author":"Luiz Ant\u00f4nio Pr\u00f3speri","date":"5 de dezembro de 2024","format":false,"excerpt":"Luiz Ant\u00f4nio Pr\u00f3speri \u2013 5 dezembro (15h01) A primeira Copa do Mundo de Clubes da Fifa com 32 times ser\u00e1 disputada nos Estados Unidos em 2025, com 12 sedes espalhadas pelo pa\u00eds. Saiba mais sobre os palcos dos jogos nesse comunicado oficial da Fifa: Os 12 est\u00e1dios que ser\u00e3o a\u2026","rel":"","context":"Em &quot;futebol&quot;","block_context":{"text":"futebol","link":"https:\/\/blogdoprosperi.com\/?cat=53870"},"img":{"alt_text":"Est\u00e1dios Mundial de Clubes Fifa 2025","src":"https:\/\/i0.wp.com\/blogdoprosperi.com\/wp-content\/uploads\/2024\/09\/captura-de-tela-2024-09-30-as-16.24.40.png?fit=1200%2C670&ssl=1&resize=350%2C200","width":350,"height":200,"srcset":"https:\/\/i0.wp.com\/blogdoprosperi.com\/wp-content\/uploads\/2024\/09\/captura-de-tela-2024-09-30-as-16.24.40.png?fit=1200%2C670&ssl=1&resize=350%2C200 1x, https:\/\/i0.wp.com\/blogdoprosperi.com\/wp-content\/uploads\/2024\/09\/captura-de-tela-2024-09-30-as-16.24.40.png?fit=1200%2C670&ssl=1&resize=525%2C300 1.5x, https:\/\/i0.wp.com\/blogdoprosperi.com\/wp-content\/uploads\/2024\/09\/captura-de-tela-2024-09-30-as-16.24.40.png?fit=1200%2C670&ssl=1&resize=700%2C400 2x, https:\/\/i0.wp.com\/blogdoprosperi.com\/wp-content\/uploads\/2024\/09\/captura-de-tela-2024-09-30-as-16.24.40.png?fit=1200%2C670&ssl=1&resize=1050%2C600 3x"},"classes":[]}],"jetpack_featured_media_url":"https:\/\/i0.wp.com\/blogdoprosperi.com\/wp-content\/uploads\/2026\/03\/captura-de-tela-2026-03-20-as-16.38.29.png?fit=1260%2C920&ssl=1","_links":{"self":[{"href":"https:\/\/blogdoprosperi.com\/index.php?rest_route=\/wp\/v2\/posts\/56828","targetHints":{"allow":["GET"]}}],"collection":[{"href":"https:\/\/blogdoprosperi.com\/index.php?rest_route=\/wp\/v2\/posts"}],"about":[{"href":"https:\/\/blogdoprosperi.com\/index.php?rest_route=\/wp\/v2\/types\/post"}],"author":[{"embeddable":true,"href":"https:\/\/blogdoprosperi.com\/index.php?rest_route=\/wp\/v2\/users\/102107496"}],"replies":[{"embeddable":true,"href":"https:\/\/blogdoprosperi.com\/index.php?rest_route=%2Fwp%2Fv2%2Fcomments&post=56828"}],"version-history":[{"count":5,"href":"https:\/\/blogdoprosperi.com\/index.php?rest_route=\/wp\/v2\/posts\/56828\/revisions"}],"predecessor-version":[{"id":56993,"href":"https:\/\/blogdoprosperi.com\/index.php?rest_route=\/wp\/v2\/posts\/56828\/revisions\/56993"}],"wp:featuredmedia":[{"embeddable":true,"href":"https:\/\/blogdoprosperi.com\/index.php?rest_route=\/wp\/v2\/media\/56830"}],"wp:attachment":[{"href":"https:\/\/blogdoprosperi.com\/index.php?rest_route=%2Fwp%2Fv2%2Fmedia&parent=56828"}],"wp:term":[{"taxonomy":"category","embeddable":true,"href":"https:\/\/blogdoprosperi.com\/index.php?rest_route=%2Fwp%2Fv2%2Fcategories&post=56828"},{"taxonomy":"post_tag","embeddable":true,"href":"https:\/\/blogdoprosperi.com\/index.php?rest_route=%2Fwp%2Fv2%2Ftags&post=56828"}],"curies":[{"name":"wp","href":"https:\/\/api.w.org\/{rel}","templated":true}]}}