{"id":56960,"date":"2026-03-23T18:04:40","date_gmt":"2026-03-23T21:04:40","guid":{"rendered":"http:\/\/blogdoprosperi.com\/?p=56960"},"modified":"2026-03-24T12:01:19","modified_gmt":"2026-03-24T15:01:19","slug":"ao-vivo-treino-da-selecao-brasileira-nos-eua","status":"publish","type":"post","link":"https:\/\/blogdoprosperi.com\/?p=56960","title":{"rendered":"Ao Vivo | Treino da Sele\u00e7\u00e3o Brasileira nos EUA (23\/3)"},"content":{"rendered":"\n<p class=\"wp-block-paragraph\"><a href=\"https:\/\/www.youtube.com\/live\/m0C9wdeSZVo?si=iBJC2X5_DpnJD05D\">https:\/\/www.youtube.com\/live\/m0C9wdeSZVo?si=iBJC2X5_DpnJD05D<\/a><\/p>\n\n\n\n<hr class=\"wp-block-separator has-alpha-channel-opacity\" \/>\n\n\n\n<p class=\"wp-block-paragraph\"><em><strong>ATEN\u00c7\u00c3O publicidade: canal \u201cPr\u00f3speri na Copa\u201d (<a href=\"https:\/\/blogdoprosperi.com\/mentions\/luizprosperi\/\">@luizprosperi<\/a> no YouTube), pr\u00e9-credenciado pela Fifa, est\u00e1 aberto a parceiros comerciais interessados em patrocinar cobertura da Copa do Mundo 2026. Voc\u00ea tamb\u00e9m pode patrocinar o &#8220;Pr\u00f3speri News&#8221; (<a href=\"https:\/\/blogdoprosperi.com\">blogdoprosperi.com<\/a>) \u2013 Contato: luiz.prosperi@gmail.com<\/strong><\/em><\/p>\n\n\n\n<hr class=\"wp-block-separator has-alpha-channel-opacity\" \/>\n","protected":false},"excerpt":{"rendered":"<p><a href=\"https:\/\/www.youtube.com\/live\/m0C9wdeSZVo?si=iBJC2X5_DpnJD05D\" rel=\"nofollow\">https:\/\/www.youtube.com\/live\/m0C9wdeSZVo?si=iBJC2X5_DpnJD05D<\/a> ATEN\u00c7\u00c3O publicidade: canal \u201cPr\u00f3speri na Copa\u201d (@luizprosperi no YouTube), pr\u00e9-credenciado pela Fifa, est\u00e1 aberto a parceiros comerciais [&hellip;]<\/p>\n","protected":false},"author":102107496,"featured_media":0,"comment_status":"open","ping_status":"open","sticky":false,"template":"","format":"standard","meta":{"_coblocks_attr":"","_coblocks_dimensions":"","_coblocks_responsive_height":"","_coblocks_accordion_ie_support":"","_jetpack_newsletter_access":"","_jetpack_dont_email_post_to_subs":false,"_jetpack_newsletter_tier_id":0,"_jetpack_memberships_contains_paywalled_content":false,"_wpcom_ai_launchpad_first_post":false,"_jetpack_feature_clip_id":0,"_jetpack_memberships_contains_paid_content":false,"footnotes":"","jetpack_publicize_message":"Ao Vivo |Treino da Sele\u00e7\u00e3o Brasileira nos EUA","jetpack_publicize_feature_enabled":true,"jetpack_social_post_already_shared":false,"jetpack_social_options":{"image_generator_settings":{"template":"highway","default_image_id":0,"font":"","enabled":false},"version":2},"jetpack_post_was_ever_published":false},"categories":[53870],"tags":[],"class_list":["post-56960","post","type-post","status-publish","format-standard","hentry","category-futebol"],"yoast_head":"<!-- This site is optimized with the Yoast SEO plugin v28.3 - https:\/\/yoast.com\/product\/yoast-seo-wordpress\/ -->\n<title>Ao Vivo | Treino da Sele\u00e7\u00e3o Brasileira nos EUA (23\/3) - PR\u00d3SPERI NEWS<\/title>\n<meta name=\"robots\" content=\"index, follow, max-snippet:-1, max-image-preview:large, max-video-preview:-1\" \/>\n<link rel=\"canonical\" href=\"https:\/\/blogdoprosperi.com\/?p=56960\" \/>\n<meta property=\"og:locale\" content=\"pt_BR\" \/>\n<meta property=\"og:type\" content=\"article\" \/>\n<meta property=\"og:title\" content=\"Ao Vivo | Treino da Sele\u00e7\u00e3o Brasileira nos EUA (23\/3) - PR\u00d3SPERI NEWS\" \/>\n<meta property=\"og:description\" content=\"https:\/\/www.youtube.com\/live\/m0C9wdeSZVo?si=iBJC2X5_DpnJD05D ATEN\u00c7\u00c3O publicidade: canal \u201cPr\u00f3speri na Copa\u201d (@luizprosperi no YouTube), pr\u00e9-credenciado pela Fifa, est\u00e1 aberto a parceiros comerciais [&hellip;]\" \/>\n<meta property=\"og:url\" content=\"https:\/\/blogdoprosperi.com\/?p=56960\" \/>\n<meta property=\"og:site_name\" content=\"PR\u00d3SPERI NEWS\" \/>\n<meta property=\"article:publisher\" content=\"Luiz Pr\u00f3speri\" \/>\n<meta property=\"article:author\" content=\"Luiz Pr\u00f3speri\" \/>\n<meta property=\"article:published_time\" content=\"2026-03-23T21:04:40+00:00\" \/>\n<meta property=\"article:modified_time\" content=\"2026-03-24T15:01:19+00:00\" \/>\n<meta name=\"author\" content=\"Luiz Ant\u00f4nio Pr\u00f3speri\" \/>\n<meta name=\"twitter:card\" content=\"summary_large_image\" \/>\n<meta name=\"twitter:creator\" content=\"@Luizprosperi\" \/>\n<meta name=\"twitter:site\" content=\"@Luizprosperi\" \/>\n<meta name=\"twitter:label1\" content=\"Escrito por\" \/>\n\t<meta name=\"twitter:data1\" content=\"Luiz Ant\u00f4nio Pr\u00f3speri\" \/>\n<script type=\"application\/ld+json\" class=\"yoast-schema-graph\">{\"@context\":\"https:\\\/\\\/schema.org\",\"@graph\":[{\"@type\":\"Article\",\"@id\":\"https:\\\/\\\/blogdoprosperi.com\\\/?p=56960#article\",\"isPartOf\":{\"@id\":\"https:\\\/\\\/blogdoprosperi.com\\\/?p=56960\"},\"author\":{\"name\":\"Luiz Ant\u00f4nio Pr\u00f3speri\",\"@id\":\"https:\\\/\\\/blogdoprosperi.com\\\/#\\\/schema\\\/person\\\/38100755ce3601861ee4fab9b5aa78e9\"},\"headline\":\"Ao Vivo | Treino da Sele\u00e7\u00e3o Brasileira nos EUA (23\\\/3)\",\"datePublished\":\"2026-03-23T21:04:40+00:00\",\"dateModified\":\"2026-03-24T15:01:19+00:00\",\"mainEntityOfPage\":{\"@id\":\"https:\\\/\\\/blogdoprosperi.com\\\/?p=56960\"},\"wordCount\":66,\"commentCount\":0,\"publisher\":{\"@id\":\"https:\\\/\\\/blogdoprosperi.com\\\/#\\\/schema\\\/person\\\/38100755ce3601861ee4fab9b5aa78e9\"},\"articleSection\":[\"futebol\"],\"inLanguage\":\"pt-BR\",\"potentialAction\":[{\"@type\":\"CommentAction\",\"name\":\"Comment\",\"target\":[\"https:\\\/\\\/blogdoprosperi.com\\\/?p=56960#respond\"]}]},{\"@type\":\"WebPage\",\"@id\":\"https:\\\/\\\/blogdoprosperi.com\\\/?p=56960\",\"url\":\"https:\\\/\\\/blogdoprosperi.com\\\/?p=56960\",\"name\":\"Ao Vivo | Treino da Sele\u00e7\u00e3o Brasileira nos EUA (23\\\/3) - PR\u00d3SPERI NEWS\",\"isPartOf\":{\"@id\":\"https:\\\/\\\/blogdoprosperi.com\\\/#website\"},\"datePublished\":\"2026-03-23T21:04:40+00:00\",\"dateModified\":\"2026-03-24T15:01:19+00:00\",\"breadcrumb\":{\"@id\":\"https:\\\/\\\/blogdoprosperi.com\\\/?p=56960#breadcrumb\"},\"inLanguage\":\"pt-BR\",\"potentialAction\":[{\"@type\":\"ReadAction\",\"target\":[\"https:\\\/\\\/blogdoprosperi.com\\\/?p=56960\"]}]},{\"@type\":\"BreadcrumbList\",\"@id\":\"https:\\\/\\\/blogdoprosperi.com\\\/?p=56960#breadcrumb\",\"itemListElement\":[{\"@type\":\"ListItem\",\"position\":1,\"name\":\"In\u00edcio\",\"item\":\"https:\\\/\\\/blogdoprosperi.com\\\/\"},{\"@type\":\"ListItem\",\"position\":2,\"name\":\"Ao Vivo | Treino da Sele\u00e7\u00e3o Brasileira nos EUA (23\\\/3)\"}]},{\"@type\":\"WebSite\",\"@id\":\"https:\\\/\\\/blogdoprosperi.com\\\/#website\",\"url\":\"https:\\\/\\\/blogdoprosperi.com\\\/\",\"name\":\"PR\u00d3SPERI NEWS\",\"description\":\"TUDO \u00c9  FUTEBOL\",\"publisher\":{\"@id\":\"https:\\\/\\\/blogdoprosperi.com\\\/#\\\/schema\\\/person\\\/38100755ce3601861ee4fab9b5aa78e9\"},\"alternateName\":\"blogdoprosperi.com\",\"potentialAction\":[{\"@type\":\"SearchAction\",\"target\":{\"@type\":\"EntryPoint\",\"urlTemplate\":\"https:\\\/\\\/blogdoprosperi.com\\\/?s={search_term_string}\"},\"query-input\":{\"@type\":\"PropertyValueSpecification\",\"valueRequired\":true,\"valueName\":\"search_term_string\"}}],\"inLanguage\":\"pt-BR\"},{\"@type\":[\"Person\",\"Organization\"],\"@id\":\"https:\\\/\\\/blogdoprosperi.com\\\/#\\\/schema\\\/person\\\/38100755ce3601861ee4fab9b5aa78e9\",\"name\":\"Luiz Ant\u00f4nio Pr\u00f3speri\",\"pronouns\":\"ele\",\"image\":{\"@type\":\"ImageObject\",\"inLanguage\":\"pt-BR\",\"@id\":\"https:\\\/\\\/i0.wp.com\\\/blogdoprosperi.com\\\/wp-content\\\/uploads\\\/2026\\\/05\\\/cropped-8059e613-6002-42fa-961e-8e275f575d71-2-5.jpg?fit=1360%2C931&ssl=1\",\"url\":\"https:\\\/\\\/i0.wp.com\\\/blogdoprosperi.com\\\/wp-content\\\/uploads\\\/2026\\\/05\\\/cropped-8059e613-6002-42fa-961e-8e275f575d71-2-5.jpg?fit=1360%2C931&ssl=1\",\"contentUrl\":\"https:\\\/\\\/i0.wp.com\\\/blogdoprosperi.com\\\/wp-content\\\/uploads\\\/2026\\\/05\\\/cropped-8059e613-6002-42fa-961e-8e275f575d71-2-5.jpg?fit=1360%2C931&ssl=1\",\"width\":1360,\"height\":931,\"caption\":\"Luiz Ant\u00f4nio Pr\u00f3speri\"},\"logo\":{\"@id\":\"https:\\\/\\\/i0.wp.com\\\/blogdoprosperi.com\\\/wp-content\\\/uploads\\\/2026\\\/05\\\/cropped-8059e613-6002-42fa-961e-8e275f575d71-2-5.jpg?fit=1360%2C931&ssl=1\"},\"description\":\"Jornalista com carreira dedicada ao esporte. Cobriu 9 Copas do Mundo in loco, 1990 na It\u00e1lia, 1994 nos EUA, 1998 na Fran\u00e7a, 2002 na Coreia do Sul e Jap\u00e3o, 2006 na Alemanha, 2010 na \u00c1frica do Sul, 2014 no Brasil, 2018 na R\u00fassia e 2022 no Qatar. Eurocopas, 1992 na Su\u00e9cia e 1996 na Inglaterra. Copa das Confedera\u00e7\u00f5es de 2005 na Alemanha e 2009 na \u00c1frica do Sul. Rep\u00f3rter e Editor, trabalhou no Jornal da Tarde e Estad\u00e3o, de 1984 a fevereiro de 2016. Colunista, blogueiro. E comentarista de futebol na R\u00e1dio Estad\u00e3o, de 2013 a fevereiro de 2016. Jornalista respons\u00e1vel do \\\"Pr\u00f3speri News\\\" (blogdoprosperi.com).\",\"sameAs\":[\"http:\\\/\\\/blogdoprosperi.com\",\"Luiz Pr\u00f3speri\",\"@luiz_prosperi\",\"https:\\\/\\\/x.com\\\/Luizprosperi\",\"@prosperinacopa\",\"luiz.prosperi@icloud.com\"],\"url\":\"https:\\\/\\\/blogdoprosperi.com\\\/?author=102107496\"}]}<\/script>\n<!-- \/ Yoast SEO plugin. -->","yoast_head_json":{"title":"Ao Vivo | Treino da Sele\u00e7\u00e3o Brasileira nos EUA (23\/3) - PR\u00d3SPERI NEWS","robots":{"index":"index","follow":"follow","max-snippet":"max-snippet:-1","max-image-preview":"max-image-preview:large","max-video-preview":"max-video-preview:-1"},"canonical":"https:\/\/blogdoprosperi.com\/?p=56960","og_locale":"pt_BR","og_type":"article","og_title":"Ao Vivo | Treino da Sele\u00e7\u00e3o Brasileira nos EUA (23\/3) - PR\u00d3SPERI NEWS","og_description":"https:\/\/www.youtube.com\/live\/m0C9wdeSZVo?si=iBJC2X5_DpnJD05D ATEN\u00c7\u00c3O publicidade: canal \u201cPr\u00f3speri na Copa\u201d (@luizprosperi no YouTube), pr\u00e9-credenciado pela Fifa, est\u00e1 aberto a parceiros comerciais [&hellip;]","og_url":"https:\/\/blogdoprosperi.com\/?p=56960","og_site_name":"PR\u00d3SPERI NEWS","article_publisher":"Luiz Pr\u00f3speri","article_author":"Luiz Pr\u00f3speri","article_published_time":"2026-03-23T21:04:40+00:00","article_modified_time":"2026-03-24T15:01:19+00:00","author":"Luiz Ant\u00f4nio Pr\u00f3speri","twitter_card":"summary_large_image","twitter_creator":"@Luizprosperi","twitter_site":"@Luizprosperi","twitter_misc":{"Escrito por":"Luiz Ant\u00f4nio Pr\u00f3speri"},"schema":{"@context":"https:\/\/schema.org","@graph":[{"@type":"Article","@id":"https:\/\/blogdoprosperi.com\/?p=56960#article","isPartOf":{"@id":"https:\/\/blogdoprosperi.com\/?p=56960"},"author":{"name":"Luiz Ant\u00f4nio Pr\u00f3speri","@id":"https:\/\/blogdoprosperi.com\/#\/schema\/person\/38100755ce3601861ee4fab9b5aa78e9"},"headline":"Ao Vivo | Treino da Sele\u00e7\u00e3o Brasileira nos EUA (23\/3)","datePublished":"2026-03-23T21:04:40+00:00","dateModified":"2026-03-24T15:01:19+00:00","mainEntityOfPage":{"@id":"https:\/\/blogdoprosperi.com\/?p=56960"},"wordCount":66,"commentCount":0,"publisher":{"@id":"https:\/\/blogdoprosperi.com\/#\/schema\/person\/38100755ce3601861ee4fab9b5aa78e9"},"articleSection":["futebol"],"inLanguage":"pt-BR","potentialAction":[{"@type":"CommentAction","name":"Comment","target":["https:\/\/blogdoprosperi.com\/?p=56960#respond"]}]},{"@type":"WebPage","@id":"https:\/\/blogdoprosperi.com\/?p=56960","url":"https:\/\/blogdoprosperi.com\/?p=56960","name":"Ao Vivo | Treino da Sele\u00e7\u00e3o Brasileira nos EUA (23\/3) - PR\u00d3SPERI NEWS","isPartOf":{"@id":"https:\/\/blogdoprosperi.com\/#website"},"datePublished":"2026-03-23T21:04:40+00:00","dateModified":"2026-03-24T15:01:19+00:00","breadcrumb":{"@id":"https:\/\/blogdoprosperi.com\/?p=56960#breadcrumb"},"inLanguage":"pt-BR","potentialAction":[{"@type":"ReadAction","target":["https:\/\/blogdoprosperi.com\/?p=56960"]}]},{"@type":"BreadcrumbList","@id":"https:\/\/blogdoprosperi.com\/?p=56960#breadcrumb","itemListElement":[{"@type":"ListItem","position":1,"name":"In\u00edcio","item":"https:\/\/blogdoprosperi.com\/"},{"@type":"ListItem","position":2,"name":"Ao Vivo | Treino da Sele\u00e7\u00e3o Brasileira nos EUA (23\/3)"}]},{"@type":"WebSite","@id":"https:\/\/blogdoprosperi.com\/#website","url":"https:\/\/blogdoprosperi.com\/","name":"PR\u00d3SPERI NEWS","description":"TUDO \u00c9  FUTEBOL","publisher":{"@id":"https:\/\/blogdoprosperi.com\/#\/schema\/person\/38100755ce3601861ee4fab9b5aa78e9"},"alternateName":"blogdoprosperi.com","potentialAction":[{"@type":"SearchAction","target":{"@type":"EntryPoint","urlTemplate":"https:\/\/blogdoprosperi.com\/?s={search_term_string}"},"query-input":{"@type":"PropertyValueSpecification","valueRequired":true,"valueName":"search_term_string"}}],"inLanguage":"pt-BR"},{"@type":["Person","Organization"],"@id":"https:\/\/blogdoprosperi.com\/#\/schema\/person\/38100755ce3601861ee4fab9b5aa78e9","name":"Luiz Ant\u00f4nio Pr\u00f3speri","pronouns":"ele","image":{"@type":"ImageObject","inLanguage":"pt-BR","@id":"https:\/\/i0.wp.com\/blogdoprosperi.com\/wp-content\/uploads\/2026\/05\/cropped-8059e613-6002-42fa-961e-8e275f575d71-2-5.jpg?fit=1360%2C931&ssl=1","url":"https:\/\/i0.wp.com\/blogdoprosperi.com\/wp-content\/uploads\/2026\/05\/cropped-8059e613-6002-42fa-961e-8e275f575d71-2-5.jpg?fit=1360%2C931&ssl=1","contentUrl":"https:\/\/i0.wp.com\/blogdoprosperi.com\/wp-content\/uploads\/2026\/05\/cropped-8059e613-6002-42fa-961e-8e275f575d71-2-5.jpg?fit=1360%2C931&ssl=1","width":1360,"height":931,"caption":"Luiz Ant\u00f4nio Pr\u00f3speri"},"logo":{"@id":"https:\/\/i0.wp.com\/blogdoprosperi.com\/wp-content\/uploads\/2026\/05\/cropped-8059e613-6002-42fa-961e-8e275f575d71-2-5.jpg?fit=1360%2C931&ssl=1"},"description":"Jornalista com carreira dedicada ao esporte. Cobriu 9 Copas do Mundo in loco, 1990 na It\u00e1lia, 1994 nos EUA, 1998 na Fran\u00e7a, 2002 na Coreia do Sul e Jap\u00e3o, 2006 na Alemanha, 2010 na \u00c1frica do Sul, 2014 no Brasil, 2018 na R\u00fassia e 2022 no Qatar. Eurocopas, 1992 na Su\u00e9cia e 1996 na Inglaterra. Copa das Confedera\u00e7\u00f5es de 2005 na Alemanha e 2009 na \u00c1frica do Sul. Rep\u00f3rter e Editor, trabalhou no Jornal da Tarde e Estad\u00e3o, de 1984 a fevereiro de 2016. Colunista, blogueiro. E comentarista de futebol na R\u00e1dio Estad\u00e3o, de 2013 a fevereiro de 2016. Jornalista respons\u00e1vel do \"Pr\u00f3speri News\" (blogdoprosperi.com).","sameAs":["http:\/\/blogdoprosperi.com","Luiz Pr\u00f3speri","@luiz_prosperi","https:\/\/x.com\/Luizprosperi","@prosperinacopa","luiz.prosperi@icloud.com"],"url":"https:\/\/blogdoprosperi.com\/?author=102107496"}]}},"jetpack_publicize_connections":[],"jetpack_likes_enabled":false,"jetpack_sharing_enabled":true,"jetpack_shortlink":"https:\/\/wp.me\/p7jvdk-eOI","jetpack-related-posts":[{"id":56828,"url":"https:\/\/blogdoprosperi.com\/?p=56828","url_meta":{"origin":56960,"position":0},"title":"M\u00fasica Oficial da Copa do Mundo 2026 | Acompanhe","author":"Luiz Ant\u00f4nio Pr\u00f3speri","date":"20 de mar\u00e7o de 2026","format":false,"excerpt":"O \u00e1lbum oficial celebra o futebol mundial O \u00e1lbum oficial da Copa do Mundo da FIFA 2026\u2122 une m\u00fasica e futebol para celebrar a cultura global que envolve o maior evento esportivo do mundo. Criado para a Copa do Mundo da FIFA\u2122 mais inclusiva da hist\u00f3ria, sediada no Canad\u00e1, M\u00e9xico\u2026","rel":"","context":"Em &quot;copa 2026&quot;","block_context":{"text":"copa 2026","link":"https:\/\/blogdoprosperi.com\/?cat=36820279"},"img":{"alt_text":"","src":"https:\/\/i0.wp.com\/blogdoprosperi.com\/wp-content\/uploads\/2026\/03\/captura-de-tela-2026-03-20-as-16.38.29.png?fit=1200%2C876&ssl=1&resize=350%2C200","width":350,"height":200,"srcset":"https:\/\/i0.wp.com\/blogdoprosperi.com\/wp-content\/uploads\/2026\/03\/captura-de-tela-2026-03-20-as-16.38.29.png?fit=1200%2C876&ssl=1&resize=350%2C200 1x, https:\/\/i0.wp.com\/blogdoprosperi.com\/wp-content\/uploads\/2026\/03\/captura-de-tela-2026-03-20-as-16.38.29.png?fit=1200%2C876&ssl=1&resize=525%2C300 1.5x, https:\/\/i0.wp.com\/blogdoprosperi.com\/wp-content\/uploads\/2026\/03\/captura-de-tela-2026-03-20-as-16.38.29.png?fit=1200%2C876&ssl=1&resize=700%2C400 2x, https:\/\/i0.wp.com\/blogdoprosperi.com\/wp-content\/uploads\/2026\/03\/captura-de-tela-2026-03-20-as-16.38.29.png?fit=1200%2C876&ssl=1&resize=1050%2C600 3x"},"classes":[]},{"id":56898,"url":"https:\/\/blogdoprosperi.com\/?p=56898","url_meta":{"origin":56960,"position":1},"title":"Nike Lan\u00e7a Camisa Amarela da Sele\u00e7\u00e3o Brasileira para Copa do Mundo 2026","author":"Luiz Ant\u00f4nio Pr\u00f3speri","date":"21 de mar\u00e7o de 2026","format":false,"excerpt":"Nike e a CBF apresentam a nova camisa amarela da Sele\u00e7\u00e3o Brasileira para a Copa do Mundo. Confira documento oficial da Nike na apresenta\u00e7\u00e3o da nova camisa: A campanha \u201cAlegria que Apavora\u201d traduz a ess\u00eancia do futebol brasileiro \u2014 leve e implac\u00e1vel \u2014 e \u00e9 protagonizada por Vini Jr., Est\u00eav\u00e3o,\u2026","rel":"","context":"Em &quot;futebol&quot;","block_context":{"text":"futebol","link":"https:\/\/blogdoprosperi.com\/?cat=53870"},"img":{"alt_text":"","src":"https:\/\/i0.wp.com\/blogdoprosperi.com\/wp-content\/uploads\/2026\/03\/captura-de-tela-2026-03-22-as-00.02.54.png?fit=1200%2C677&ssl=1&resize=350%2C200","width":350,"height":200,"srcset":"https:\/\/i0.wp.com\/blogdoprosperi.com\/wp-content\/uploads\/2026\/03\/captura-de-tela-2026-03-22-as-00.02.54.png?fit=1200%2C677&ssl=1&resize=350%2C200 1x, https:\/\/i0.wp.com\/blogdoprosperi.com\/wp-content\/uploads\/2026\/03\/captura-de-tela-2026-03-22-as-00.02.54.png?fit=1200%2C677&ssl=1&resize=525%2C300 1.5x, https:\/\/i0.wp.com\/blogdoprosperi.com\/wp-content\/uploads\/2026\/03\/captura-de-tela-2026-03-22-as-00.02.54.png?fit=1200%2C677&ssl=1&resize=700%2C400 2x, https:\/\/i0.wp.com\/blogdoprosperi.com\/wp-content\/uploads\/2026\/03\/captura-de-tela-2026-03-22-as-00.02.54.png?fit=1200%2C677&ssl=1&resize=1050%2C600 3x"},"classes":[]},{"id":56909,"url":"https:\/\/blogdoprosperi.com\/?p=56909","url_meta":{"origin":56960,"position":2},"title":"S\u00e3o Paulo, N\u00e3o \u00c9 o Juiz. \u00c9 o Palmeiras","author":"Luiz Ant\u00f4nio Pr\u00f3speri","date":"21 de mar\u00e7o de 2026","format":false,"excerpt":"Luiz Ant\u00f4nio Pr\u00f3speri - 21 mar\u00e7o 2026 - (23h16) - S\u00e3o Paulo reclama da arbitragem nos \u00faltimos cl\u00e1ssicos contra o Palmeiras. N\u00e3o sem raz\u00e3o. A encrenca, por\u00e9m, n\u00e3o \u00e9 o homem do apito. H\u00e1 uma diferen\u00e7a enorme entre os dois times de um tempo para c\u00e1. E ficar estacionado nos\u2026","rel":"","context":"Em &quot;futebol&quot;","block_context":{"text":"futebol","link":"https:\/\/blogdoprosperi.com\/?cat=53870"},"img":{"alt_text":"","src":"https:\/\/i0.wp.com\/blogdoprosperi.com\/wp-content\/uploads\/2026\/03\/78dc8d50-3320-43c1-8492-bcee3f8d407f-19536-000018c3677bbc5f_file.jpg?fit=950%2C593&ssl=1&resize=350%2C200","width":350,"height":200,"srcset":"https:\/\/i0.wp.com\/blogdoprosperi.com\/wp-content\/uploads\/2026\/03\/78dc8d50-3320-43c1-8492-bcee3f8d407f-19536-000018c3677bbc5f_file.jpg?fit=950%2C593&ssl=1&resize=350%2C200 1x, https:\/\/i0.wp.com\/blogdoprosperi.com\/wp-content\/uploads\/2026\/03\/78dc8d50-3320-43c1-8492-bcee3f8d407f-19536-000018c3677bbc5f_file.jpg?fit=950%2C593&ssl=1&resize=525%2C300 1.5x, https:\/\/i0.wp.com\/blogdoprosperi.com\/wp-content\/uploads\/2026\/03\/78dc8d50-3320-43c1-8492-bcee3f8d407f-19536-000018c3677bbc5f_file.jpg?fit=950%2C593&ssl=1&resize=700%2C400 2x"},"classes":[]},{"id":56958,"url":"https:\/\/blogdoprosperi.com\/?p=56958","url_meta":{"origin":56960,"position":3},"title":"Entenda o Carnaval de Ancelotti na Sele\u00e7\u00e3o Brasileira","author":"Luiz Ant\u00f4nio Pr\u00f3speri","date":"24 de mar\u00e7o de 2026","format":false,"excerpt":"Luiz Ant\u00f4nio Pr\u00f3speri \u2013 24 mar\u00e7o 2026 (11h43) \u2013 Carlo Ancelotti encontra um novo velho caminho para recolocar a Sele\u00e7\u00e3o Brasileira rumo ao Hexa. A descoberta do italiano: o Carnaval. Sim, o Reinado de Momo. Enquanto faturava uns caramingu\u00e1s de patrocinadores acompanhando o carnaval em Salvador, S\u00e3o Paulo e Rio\u2026","rel":"","context":"Em &quot;copa 2026&quot;","block_context":{"text":"copa 2026","link":"https:\/\/blogdoprosperi.com\/?cat=36820279"},"img":{"alt_text":"","src":"https:\/\/i0.wp.com\/blogdoprosperi.com\/wp-content\/uploads\/2026\/03\/ancelotti-promete-o-hexa-durante-o-carnaval-de-salvador-3141901-article.webp?fit=1200%2C803&ssl=1&resize=350%2C200","width":350,"height":200,"srcset":"https:\/\/i0.wp.com\/blogdoprosperi.com\/wp-content\/uploads\/2026\/03\/ancelotti-promete-o-hexa-durante-o-carnaval-de-salvador-3141901-article.webp?fit=1200%2C803&ssl=1&resize=350%2C200 1x, https:\/\/i0.wp.com\/blogdoprosperi.com\/wp-content\/uploads\/2026\/03\/ancelotti-promete-o-hexa-durante-o-carnaval-de-salvador-3141901-article.webp?fit=1200%2C803&ssl=1&resize=525%2C300 1.5x, https:\/\/i0.wp.com\/blogdoprosperi.com\/wp-content\/uploads\/2026\/03\/ancelotti-promete-o-hexa-durante-o-carnaval-de-salvador-3141901-article.webp?fit=1200%2C803&ssl=1&resize=700%2C400 2x, https:\/\/i0.wp.com\/blogdoprosperi.com\/wp-content\/uploads\/2026\/03\/ancelotti-promete-o-hexa-durante-o-carnaval-de-salvador-3141901-article.webp?fit=1200%2C803&ssl=1&resize=1050%2C600 3x"},"classes":[]},{"id":56931,"url":"https:\/\/blogdoprosperi.com\/?p=56931","url_meta":{"origin":56960,"position":4},"title":"De Roger Machado a Pedrinho Louren\u00e7o, a Ingratid\u00e3o do Futebol","author":"Luiz Ant\u00f4nio Pr\u00f3speri","date":"23 de mar\u00e7o de 2026","format":false,"excerpt":"Luiz Ant\u00f4nio Pr\u00f3speri \u2013 23 mar\u00e7o 2026 \u2013 (17h30) \u2013 Brasileir\u00e3o 2026 entra em recesso na chamada Data-Fifa (de 23 a 31 de mar\u00e7o). Tempo que os clubes ter\u00e3o para reorganizar a casa ou, aos mais bem credenciados, lustrar os m\u00f3veis. At\u00e9 aqui foram disputadas oito rodadas. Palmeiras lidera com\u2026","rel":"","context":"Em &quot;futebol&quot;","block_context":{"text":"futebol","link":"https:\/\/blogdoprosperi.com\/?cat=53870"},"img":{"alt_text":"Roger Machado e o problema de comunica\u00e7\u00e3o","src":"https:\/\/i0.wp.com\/blogdoprosperi.com\/wp-content\/uploads\/2026\/03\/55161167689_cbf3b4d5a1_c.jpg?fit=800%2C571&ssl=1&resize=350%2C200","width":350,"height":200,"srcset":"https:\/\/i0.wp.com\/blogdoprosperi.com\/wp-content\/uploads\/2026\/03\/55161167689_cbf3b4d5a1_c.jpg?fit=800%2C571&ssl=1&resize=350%2C200 1x, https:\/\/i0.wp.com\/blogdoprosperi.com\/wp-content\/uploads\/2026\/03\/55161167689_cbf3b4d5a1_c.jpg?fit=800%2C571&ssl=1&resize=525%2C300 1.5x, https:\/\/i0.wp.com\/blogdoprosperi.com\/wp-content\/uploads\/2026\/03\/55161167689_cbf3b4d5a1_c.jpg?fit=800%2C571&ssl=1&resize=700%2C400 2x"},"classes":[]},{"id":56745,"url":"https:\/\/blogdoprosperi.com\/?p=56745","url_meta":{"origin":56960,"position":5},"title":"Neymar e a Dura Miss\u00e3o de Ancelotti","author":"Luiz Ant\u00f4nio Pr\u00f3speri","date":"18 de mar\u00e7o de 2026","format":false,"excerpt":"Luiz Ant\u00f4nio Pr\u00f3speri \u2013 18 mar\u00e7o 2026 (11h55) \u2013 O Caso Neymar torra a paci\u00eancia de Carlo Ancelotti. T\u00e9cnico italiano da Sele\u00e7\u00e3o Brasileira tem duras tarefas a cumprir antes mesmo de lidar com Neymar. Ali\u00e1s, perda de tempo total. Mais que encontrar jogadores para robustecer a defesa e encorpar o\u2026","rel":"","context":"Em &quot;copa 2026&quot;","block_context":{"text":"copa 2026","link":"https:\/\/blogdoprosperi.com\/?cat=36820279"},"img":{"alt_text":"","src":"https:\/\/i0.wp.com\/blogdoprosperi.com\/wp-content\/uploads\/2023\/08\/neymar_junior_1200x675_19102023080007.jpg?fit=1200%2C675&ssl=1&resize=350%2C200","width":350,"height":200,"srcset":"https:\/\/i0.wp.com\/blogdoprosperi.com\/wp-content\/uploads\/2023\/08\/neymar_junior_1200x675_19102023080007.jpg?fit=1200%2C675&ssl=1&resize=350%2C200 1x, https:\/\/i0.wp.com\/blogdoprosperi.com\/wp-content\/uploads\/2023\/08\/neymar_junior_1200x675_19102023080007.jpg?fit=1200%2C675&ssl=1&resize=525%2C300 1.5x, https:\/\/i0.wp.com\/blogdoprosperi.com\/wp-content\/uploads\/2023\/08\/neymar_junior_1200x675_19102023080007.jpg?fit=1200%2C675&ssl=1&resize=700%2C400 2x, https:\/\/i0.wp.com\/blogdoprosperi.com\/wp-content\/uploads\/2023\/08\/neymar_junior_1200x675_19102023080007.jpg?fit=1200%2C675&ssl=1&resize=1050%2C600 3x"},"classes":[]}],"jetpack_featured_media_url":"","_links":{"self":[{"href":"https:\/\/blogdoprosperi.com\/index.php?rest_route=\/wp\/v2\/posts\/56960","targetHints":{"allow":["GET"]}}],"collection":[{"href":"https:\/\/blogdoprosperi.com\/index.php?rest_route=\/wp\/v2\/posts"}],"about":[{"href":"https:\/\/blogdoprosperi.com\/index.php?rest_route=\/wp\/v2\/types\/post"}],"author":[{"embeddable":true,"href":"https:\/\/blogdoprosperi.com\/index.php?rest_route=\/wp\/v2\/users\/102107496"}],"replies":[{"embeddable":true,"href":"https:\/\/blogdoprosperi.com\/index.php?rest_route=%2Fwp%2Fv2%2Fcomments&post=56960"}],"version-history":[{"count":4,"href":"https:\/\/blogdoprosperi.com\/index.php?rest_route=\/wp\/v2\/posts\/56960\/revisions"}],"predecessor-version":[{"id":57001,"href":"https:\/\/blogdoprosperi.com\/index.php?rest_route=\/wp\/v2\/posts\/56960\/revisions\/57001"}],"wp:attachment":[{"href":"https:\/\/blogdoprosperi.com\/index.php?rest_route=%2Fwp%2Fv2%2Fmedia&parent=56960"}],"wp:term":[{"taxonomy":"category","embeddable":true,"href":"https:\/\/blogdoprosperi.com\/index.php?rest_route=%2Fwp%2Fv2%2Fcategories&post=56960"},{"taxonomy":"post_tag","embeddable":true,"href":"https:\/\/blogdoprosperi.com\/index.php?rest_route=%2Fwp%2Fv2%2Ftags&post=56960"}],"curies":[{"name":"wp","href":"https:\/\/api.w.org\/{rel}","templated":true}]}}