{"id":571,"date":"2016-04-07T03:31:49","date_gmt":"2016-04-07T03:31:49","guid":{"rendered":"https:\/\/blogdoprosperi.com\/?p=571"},"modified":"2016-04-07T03:51:32","modified_gmt":"2016-04-07T03:51:32","slug":"palmeiras-sobrevive-e-nao-pode-crucificar-gabriel-jesus","status":"publish","type":"post","link":"https:\/\/blogdoprosperi.com\/?p=571","title":{"rendered":"Palmeiras sobrevive e n\u00e3o pode crucificar Gabriel Jesus"},"content":{"rendered":"<figure id=\"attachment_601\" aria-describedby=\"caption-attachment-601\" style=\"width: 620px\" class=\"wp-caption alignnone\"><img data-recalc-dims=\"1\" loading=\"lazy\" decoding=\"async\" data-attachment-id=\"601\" data-permalink=\"https:\/\/blogdoprosperi.com\/?attachment_id=601\" data-orig-file=\"https:\/\/i0.wp.com\/blogdoprosperi.com\/wp-content\/uploads\/2016\/04\/gabriel-jesus-palmeiras_5myu1h4cwp3m1weg8xi0ugky3.jpg?fit=620%2C430&amp;ssl=1\" data-orig-size=\"620,430\" data-comments-opened=\"1\" data-image-meta=\"{&quot;aperture&quot;:&quot;0&quot;,&quot;credit&quot;:&quot;&quot;,&quot;camera&quot;:&quot;&quot;,&quot;caption&quot;:&quot;&quot;,&quot;created_timestamp&quot;:&quot;0&quot;,&quot;copyright&quot;:&quot;&quot;,&quot;focal_length&quot;:&quot;0&quot;,&quot;iso&quot;:&quot;0&quot;,&quot;shutter_speed&quot;:&quot;0&quot;,&quot;title&quot;:&quot;&quot;,&quot;orientation&quot;:&quot;0&quot;}\" data-image-title=\"gabriel-jesus-palmeiras_5myu1h4cwp3m1weg8xi0ugky3\" data-image-description=\"\" data-image-caption=\"\" data-large-file=\"https:\/\/i0.wp.com\/blogdoprosperi.com\/wp-content\/uploads\/2016\/04\/gabriel-jesus-palmeiras_5myu1h4cwp3m1weg8xi0ugky3.jpg?fit=620%2C430&amp;ssl=1\" class=\"alignnone size-full wp-image-601\" src=\"https:\/\/i0.wp.com\/blogdoprosperi.com\/wp-content\/uploads\/2016\/04\/gabriel-jesus-palmeiras_5myu1h4cwp3m1weg8xi0ugky3.jpg?resize=620%2C430&#038;ssl=1\" alt=\"gabriel-jesus-palmeiras_5myu1h4cwp3m1weg8xi0ugky3\" width=\"620\" height=\"430\" \/><figcaption id=\"caption-attachment-601\" class=\"wp-caption-text\">Gabriel Jesus marca dois gols e sai expulso por revidar falta contra o Ros\u00e1rio<\/figcaption><\/figure>\n<p>A situa\u00e7\u00e3o do Palmeiras \u00e9 cr\u00edtica na Copa Libertadores com o empate por 3 a 3 contra o Ros\u00e1rio Central na Argentina. O resultado deixa o time de Cuca com 5 pontos, tr\u00eas a menos que o Ros\u00e1rio e o Nacional, que enfrenta o River Plate, do Uruguai, nesta quinta-feira, mas ainda vivo na competi\u00e7\u00e3o.<\/p>\n<p>Na \u00faltima rodada, o Palmeiras tem de golear o River e torcer por vit\u00f3ria do Nacional em cima Ros\u00e1rio, que se enfrentam no Uruguai, para definir a classifica\u00e7\u00e3o no saldo de gols.<\/p>\n<p>N\u00fameros \u00e0 parte, n\u00e3o se pode atribuir a Gabriel Jesus o, digamos, insucesso do Palmeiras nesta partida contra o Ros\u00e1rio. O garoto, muito ca\u00e7ado pelos argentinos, fez dois gols, meteu uma bola na trave, que poderia ter sido o 3 a 1, e foi expulso ao revidar uma falta.<\/p>\n<p>A atitude do menino foi fruto de uma s\u00e9rie de botinadas que levou ao longo da partida e, evidente, \u00e0 falta de experi\u00eancia de um jogador que completou 19 anos no \u00faltimo domingo. Jesus, que n\u00e3o se perca pelo nome, precisa aprender a levar bordoadas e n\u00e3o discutir. Tem de engolir seco, se levantar, e continuar na luta. Isso leva tempo e cabe \u00e0 comiss\u00e3o t\u00e9cnica do Palmeiras ensinar esse evangelho ao garoto.<\/p>\n<p>Expulso, aos 27 minutos do segundo tempo, ele comprometeu a estrat\u00e9gia de Cuca, que armou o Palmeiras para jogar com tr\u00eas zagueiros, liberar os laterais e esperar por falhas do Ros\u00e1rio em contra-ataques mortais. Sem o seu ar\u00edete, o time perdeu for\u00e7a no contragolpe e n\u00e3o conseguiu ir adiante, apesar do gol de empate de Lucas Barrios.<\/p>\n<p>&#8220;A situa\u00e7\u00e3o de Gabriel \u00e9 simples: ele \u00e9 um jogador que n\u00e3o pode ficar ao lado do campo. Se p\u00f5e ele para flutuar entre os volantes e zagueiros, \u00e9 inteligente e chega f\u00e1cil ao gol. O menino j\u00e1 \u00e9 um grande jogador e vai ser melhor ainda com algumas corre\u00e7\u00f5es&#8221;, disse Cuca ao final do jogo.<\/p>\n<p>Elogios a Gabriel Jesus por parte de Cuca tamb\u00e9m deveriam ser dirigidos a Fernando Prass. O goleiro tem feito a diferen\u00e7a e, contra o Ros\u00e1rio Central, mais uma vez ele apareceu nos momentos decisivos e deixou o Palmeiras vivo na Libertadores.<\/p>\n<p>&#8220;\u00c9 a primeira expuls\u00e3o minha. \u00c9 dif\u00edcil levar na cara e n\u00e3o revidar. Fui infeliz. Perdemos pontos em casa onde n\u00e3o pod\u00edamos perder. Agora \u00e9 ganhar bem em casa, secar um pouco e conseguir se classificar&#8221;, disse Gabriel Jesus quase uma hora depois do jogo.<\/p>\n<p>Seu semblante era de tranquilidade, apesar de tudo o que aconteceu com ele no jogo. Um tanto ing\u00eanuo e mais confiante, Gabriel Jesus vai aprender muito com essa partida na Argentina.<\/p>\n<p>O menino est\u00e1 fora da rodada decisiva do Palmeiras na Copa Libertadores e no Campeonato Paulista, neste fim de semana. E isso precisa ser levado em conta, sem julgamento apressado.<\/p>\n","protected":false},"excerpt":{"rendered":"<p>A situa\u00e7\u00e3o do Palmeiras \u00e9 cr\u00edtica na Copa Libertadores com o empate por 3 a 3 contra o [&hellip;]<\/p>\n","protected":false},"author":102107496,"featured_media":0,"comment_status":"open","ping_status":"open","sticky":false,"template":"","format":"standard","meta":{"_coblocks_attr":"","_coblocks_dimensions":"","_coblocks_responsive_height":"","_coblocks_accordion_ie_support":"","_jetpack_newsletter_access":"","_jetpack_dont_email_post_to_subs":false,"_jetpack_newsletter_tier_id":0,"_jetpack_memberships_contains_paywalled_content":false,"_wpcom_ai_launchpad_first_post":false,"_jetpack_feature_clip_id":0,"_jetpack_memberships_contains_paid_content":false,"footnotes":"","jetpack_publicize_message":"","jetpack_publicize_feature_enabled":true,"jetpack_social_post_already_shared":false,"jetpack_social_options":{"image_generator_settings":{"template":"highway","default_image_id":0,"font":"","enabled":false},"version":2},"jetpack_post_was_ever_published":false},"categories":[53870],"tags":[789560565,85954,15913269,789560560,232826435,480497998],"class_list":["post-571","post","type-post","status-publish","format-standard","hentry","category-futebol","tag-copa-libertadores","tag-cuca","tag-fernando-prass","tag-futebol","tag-gabriel-jesus","tag-rosario-x-palmeiras"],"yoast_head":"<!-- This site is optimized with the Yoast SEO plugin v28.3 - https:\/\/yoast.com\/product\/yoast-seo-wordpress\/ -->\n<title>Palmeiras sobrevive e n\u00e3o pode crucificar Gabriel Jesus - PR\u00d3SPERI NEWS<\/title>\n<meta name=\"robots\" content=\"index, follow, max-snippet:-1, max-image-preview:large, max-video-preview:-1\" \/>\n<link rel=\"canonical\" href=\"https:\/\/blogdoprosperi.com\/?p=571\" \/>\n<meta property=\"og:locale\" content=\"pt_BR\" \/>\n<meta property=\"og:type\" content=\"article\" \/>\n<meta property=\"og:title\" content=\"Palmeiras sobrevive e n\u00e3o pode crucificar Gabriel Jesus - PR\u00d3SPERI NEWS\" \/>\n<meta property=\"og:description\" content=\"A situa\u00e7\u00e3o do Palmeiras \u00e9 cr\u00edtica na Copa Libertadores com o empate por 3 a 3 contra o [&hellip;]\" \/>\n<meta property=\"og:url\" content=\"https:\/\/blogdoprosperi.com\/?p=571\" \/>\n<meta property=\"og:site_name\" content=\"PR\u00d3SPERI NEWS\" \/>\n<meta property=\"article:publisher\" content=\"Luiz Pr\u00f3speri\" \/>\n<meta property=\"article:author\" content=\"Luiz Pr\u00f3speri\" \/>\n<meta property=\"article:published_time\" content=\"2016-04-07T03:31:49+00:00\" \/>\n<meta property=\"article:modified_time\" content=\"2016-04-07T03:51:32+00:00\" \/>\n<meta property=\"og:image\" content=\"https:\/\/blogdoprosperi.com\/wp-content\/uploads\/2016\/04\/gabriel-jesus-palmeiras_5myu1h4cwp3m1weg8xi0ugky3.jpg\" \/>\n<meta name=\"author\" content=\"Luiz Ant\u00f4nio Pr\u00f3speri\" \/>\n<meta name=\"twitter:card\" content=\"summary_large_image\" \/>\n<meta name=\"twitter:creator\" content=\"@Luizprosperi\" \/>\n<meta name=\"twitter:site\" content=\"@Luizprosperi\" \/>\n<meta name=\"twitter:label1\" content=\"Escrito por\" \/>\n\t<meta name=\"twitter:data1\" content=\"Luiz Ant\u00f4nio Pr\u00f3speri\" \/>\n\t<meta name=\"twitter:label2\" content=\"Est. tempo de leitura\" \/>\n\t<meta name=\"twitter:data2\" content=\"3 minutos\" \/>\n<script type=\"application\/ld+json\" class=\"yoast-schema-graph\">{\"@context\":\"https:\\\/\\\/schema.org\",\"@graph\":[{\"@type\":\"Article\",\"@id\":\"https:\\\/\\\/blogdoprosperi.com\\\/?p=571#article\",\"isPartOf\":{\"@id\":\"https:\\\/\\\/blogdoprosperi.com\\\/?p=571\"},\"author\":{\"name\":\"Luiz Ant\u00f4nio Pr\u00f3speri\",\"@id\":\"https:\\\/\\\/blogdoprosperi.com\\\/#\\\/schema\\\/person\\\/38100755ce3601861ee4fab9b5aa78e9\"},\"headline\":\"Palmeiras sobrevive e n\u00e3o pode crucificar Gabriel Jesus\",\"datePublished\":\"2016-04-07T03:31:49+00:00\",\"dateModified\":\"2016-04-07T03:51:32+00:00\",\"mainEntityOfPage\":{\"@id\":\"https:\\\/\\\/blogdoprosperi.com\\\/?p=571\"},\"wordCount\":521,\"commentCount\":0,\"publisher\":{\"@id\":\"https:\\\/\\\/blogdoprosperi.com\\\/#\\\/schema\\\/person\\\/38100755ce3601861ee4fab9b5aa78e9\"},\"image\":{\"@id\":\"https:\\\/\\\/blogdoprosperi.com\\\/?p=571#primaryimage\"},\"thumbnailUrl\":\"https:\\\/\\\/blogdoprosperi.com\\\/wp-content\\\/uploads\\\/2016\\\/04\\\/gabriel-jesus-palmeiras_5myu1h4cwp3m1weg8xi0ugky3.jpg\",\"keywords\":[\"Copa Libertadores\",\"Cuca\",\"Fernando Prass\",\"futebol\",\"Gabriel Jesus\",\"Rosario x Palmeiras\"],\"articleSection\":[\"futebol\"],\"inLanguage\":\"pt-BR\",\"potentialAction\":[{\"@type\":\"CommentAction\",\"name\":\"Comment\",\"target\":[\"https:\\\/\\\/blogdoprosperi.com\\\/?p=571#respond\"]}]},{\"@type\":\"WebPage\",\"@id\":\"https:\\\/\\\/blogdoprosperi.com\\\/?p=571\",\"url\":\"https:\\\/\\\/blogdoprosperi.com\\\/?p=571\",\"name\":\"Palmeiras sobrevive e n\u00e3o pode crucificar Gabriel Jesus - PR\u00d3SPERI NEWS\",\"isPartOf\":{\"@id\":\"https:\\\/\\\/blogdoprosperi.com\\\/#website\"},\"primaryImageOfPage\":{\"@id\":\"https:\\\/\\\/blogdoprosperi.com\\\/?p=571#primaryimage\"},\"image\":{\"@id\":\"https:\\\/\\\/blogdoprosperi.com\\\/?p=571#primaryimage\"},\"thumbnailUrl\":\"https:\\\/\\\/blogdoprosperi.com\\\/wp-content\\\/uploads\\\/2016\\\/04\\\/gabriel-jesus-palmeiras_5myu1h4cwp3m1weg8xi0ugky3.jpg\",\"datePublished\":\"2016-04-07T03:31:49+00:00\",\"dateModified\":\"2016-04-07T03:51:32+00:00\",\"breadcrumb\":{\"@id\":\"https:\\\/\\\/blogdoprosperi.com\\\/?p=571#breadcrumb\"},\"inLanguage\":\"pt-BR\",\"potentialAction\":[{\"@type\":\"ReadAction\",\"target\":[\"https:\\\/\\\/blogdoprosperi.com\\\/?p=571\"]}]},{\"@type\":\"ImageObject\",\"inLanguage\":\"pt-BR\",\"@id\":\"https:\\\/\\\/blogdoprosperi.com\\\/?p=571#primaryimage\",\"url\":\"https:\\\/\\\/i0.wp.com\\\/blogdoprosperi.com\\\/wp-content\\\/uploads\\\/2016\\\/04\\\/gabriel-jesus-palmeiras_5myu1h4cwp3m1weg8xi0ugky3.jpg?fit=620%2C430&ssl=1\",\"contentUrl\":\"https:\\\/\\\/i0.wp.com\\\/blogdoprosperi.com\\\/wp-content\\\/uploads\\\/2016\\\/04\\\/gabriel-jesus-palmeiras_5myu1h4cwp3m1weg8xi0ugky3.jpg?fit=620%2C430&ssl=1\",\"width\":620,\"height\":430},{\"@type\":\"BreadcrumbList\",\"@id\":\"https:\\\/\\\/blogdoprosperi.com\\\/?p=571#breadcrumb\",\"itemListElement\":[{\"@type\":\"ListItem\",\"position\":1,\"name\":\"In\u00edcio\",\"item\":\"https:\\\/\\\/blogdoprosperi.com\\\/\"},{\"@type\":\"ListItem\",\"position\":2,\"name\":\"Palmeiras sobrevive e n\u00e3o pode crucificar Gabriel Jesus\"}]},{\"@type\":\"WebSite\",\"@id\":\"https:\\\/\\\/blogdoprosperi.com\\\/#website\",\"url\":\"https:\\\/\\\/blogdoprosperi.com\\\/\",\"name\":\"PR\u00d3SPERI NEWS\",\"description\":\"TUDO \u00c9  FUTEBOL\",\"publisher\":{\"@id\":\"https:\\\/\\\/blogdoprosperi.com\\\/#\\\/schema\\\/person\\\/38100755ce3601861ee4fab9b5aa78e9\"},\"alternateName\":\"blogdoprosperi.com\",\"potentialAction\":[{\"@type\":\"SearchAction\",\"target\":{\"@type\":\"EntryPoint\",\"urlTemplate\":\"https:\\\/\\\/blogdoprosperi.com\\\/?s={search_term_string}\"},\"query-input\":{\"@type\":\"PropertyValueSpecification\",\"valueRequired\":true,\"valueName\":\"search_term_string\"}}],\"inLanguage\":\"pt-BR\"},{\"@type\":[\"Person\",\"Organization\"],\"@id\":\"https:\\\/\\\/blogdoprosperi.com\\\/#\\\/schema\\\/person\\\/38100755ce3601861ee4fab9b5aa78e9\",\"name\":\"Luiz Ant\u00f4nio Pr\u00f3speri\",\"pronouns\":\"ele\",\"image\":{\"@type\":\"ImageObject\",\"inLanguage\":\"pt-BR\",\"@id\":\"https:\\\/\\\/i0.wp.com\\\/blogdoprosperi.com\\\/wp-content\\\/uploads\\\/2026\\\/05\\\/cropped-8059e613-6002-42fa-961e-8e275f575d71-2-5.jpg?fit=1360%2C931&ssl=1\",\"url\":\"https:\\\/\\\/i0.wp.com\\\/blogdoprosperi.com\\\/wp-content\\\/uploads\\\/2026\\\/05\\\/cropped-8059e613-6002-42fa-961e-8e275f575d71-2-5.jpg?fit=1360%2C931&ssl=1\",\"contentUrl\":\"https:\\\/\\\/i0.wp.com\\\/blogdoprosperi.com\\\/wp-content\\\/uploads\\\/2026\\\/05\\\/cropped-8059e613-6002-42fa-961e-8e275f575d71-2-5.jpg?fit=1360%2C931&ssl=1\",\"width\":1360,\"height\":931,\"caption\":\"Luiz Ant\u00f4nio Pr\u00f3speri\"},\"logo\":{\"@id\":\"https:\\\/\\\/i0.wp.com\\\/blogdoprosperi.com\\\/wp-content\\\/uploads\\\/2026\\\/05\\\/cropped-8059e613-6002-42fa-961e-8e275f575d71-2-5.jpg?fit=1360%2C931&ssl=1\"},\"description\":\"Jornalista com carreira dedicada ao esporte. Cobriu 9 Copas do Mundo in loco, 1990 na It\u00e1lia, 1994 nos EUA, 1998 na Fran\u00e7a, 2002 na Coreia do Sul e Jap\u00e3o, 2006 na Alemanha, 2010 na \u00c1frica do Sul, 2014 no Brasil, 2018 na R\u00fassia e 2022 no Qatar. Eurocopas, 1992 na Su\u00e9cia e 1996 na Inglaterra. Copa das Confedera\u00e7\u00f5es de 2005 na Alemanha e 2009 na \u00c1frica do Sul. Rep\u00f3rter e Editor, trabalhou no Jornal da Tarde e Estad\u00e3o, de 1984 a fevereiro de 2016. Colunista, blogueiro. E comentarista de futebol na R\u00e1dio Estad\u00e3o, de 2013 a fevereiro de 2016. Jornalista respons\u00e1vel do \\\"Pr\u00f3speri News\\\" (blogdoprosperi.com).\",\"sameAs\":[\"http:\\\/\\\/blogdoprosperi.com\",\"Luiz Pr\u00f3speri\",\"@luiz_prosperi\",\"https:\\\/\\\/x.com\\\/Luizprosperi\",\"@prosperinacopa\",\"luiz.prosperi@icloud.com\"],\"url\":\"https:\\\/\\\/blogdoprosperi.com\\\/?author=102107496\"}]}<\/script>\n<!-- \/ Yoast SEO plugin. -->","yoast_head_json":{"title":"Palmeiras sobrevive e n\u00e3o pode crucificar Gabriel Jesus - PR\u00d3SPERI NEWS","robots":{"index":"index","follow":"follow","max-snippet":"max-snippet:-1","max-image-preview":"max-image-preview:large","max-video-preview":"max-video-preview:-1"},"canonical":"https:\/\/blogdoprosperi.com\/?p=571","og_locale":"pt_BR","og_type":"article","og_title":"Palmeiras sobrevive e n\u00e3o pode crucificar Gabriel Jesus - PR\u00d3SPERI NEWS","og_description":"A situa\u00e7\u00e3o do Palmeiras \u00e9 cr\u00edtica na Copa Libertadores com o empate por 3 a 3 contra o [&hellip;]","og_url":"https:\/\/blogdoprosperi.com\/?p=571","og_site_name":"PR\u00d3SPERI NEWS","article_publisher":"Luiz Pr\u00f3speri","article_author":"Luiz Pr\u00f3speri","article_published_time":"2016-04-07T03:31:49+00:00","article_modified_time":"2016-04-07T03:51:32+00:00","og_image":[{"url":"https:\/\/blogdoprosperi.com\/wp-content\/uploads\/2016\/04\/gabriel-jesus-palmeiras_5myu1h4cwp3m1weg8xi0ugky3.jpg","type":"","width":"","height":""}],"author":"Luiz Ant\u00f4nio Pr\u00f3speri","twitter_card":"summary_large_image","twitter_creator":"@Luizprosperi","twitter_site":"@Luizprosperi","twitter_misc":{"Escrito por":"Luiz Ant\u00f4nio Pr\u00f3speri","Est. tempo de leitura":"3 minutos"},"schema":{"@context":"https:\/\/schema.org","@graph":[{"@type":"Article","@id":"https:\/\/blogdoprosperi.com\/?p=571#article","isPartOf":{"@id":"https:\/\/blogdoprosperi.com\/?p=571"},"author":{"name":"Luiz Ant\u00f4nio Pr\u00f3speri","@id":"https:\/\/blogdoprosperi.com\/#\/schema\/person\/38100755ce3601861ee4fab9b5aa78e9"},"headline":"Palmeiras sobrevive e n\u00e3o pode crucificar Gabriel Jesus","datePublished":"2016-04-07T03:31:49+00:00","dateModified":"2016-04-07T03:51:32+00:00","mainEntityOfPage":{"@id":"https:\/\/blogdoprosperi.com\/?p=571"},"wordCount":521,"commentCount":0,"publisher":{"@id":"https:\/\/blogdoprosperi.com\/#\/schema\/person\/38100755ce3601861ee4fab9b5aa78e9"},"image":{"@id":"https:\/\/blogdoprosperi.com\/?p=571#primaryimage"},"thumbnailUrl":"https:\/\/blogdoprosperi.com\/wp-content\/uploads\/2016\/04\/gabriel-jesus-palmeiras_5myu1h4cwp3m1weg8xi0ugky3.jpg","keywords":["Copa Libertadores","Cuca","Fernando Prass","futebol","Gabriel Jesus","Rosario x Palmeiras"],"articleSection":["futebol"],"inLanguage":"pt-BR","potentialAction":[{"@type":"CommentAction","name":"Comment","target":["https:\/\/blogdoprosperi.com\/?p=571#respond"]}]},{"@type":"WebPage","@id":"https:\/\/blogdoprosperi.com\/?p=571","url":"https:\/\/blogdoprosperi.com\/?p=571","name":"Palmeiras sobrevive e n\u00e3o pode crucificar Gabriel Jesus - PR\u00d3SPERI NEWS","isPartOf":{"@id":"https:\/\/blogdoprosperi.com\/#website"},"primaryImageOfPage":{"@id":"https:\/\/blogdoprosperi.com\/?p=571#primaryimage"},"image":{"@id":"https:\/\/blogdoprosperi.com\/?p=571#primaryimage"},"thumbnailUrl":"https:\/\/blogdoprosperi.com\/wp-content\/uploads\/2016\/04\/gabriel-jesus-palmeiras_5myu1h4cwp3m1weg8xi0ugky3.jpg","datePublished":"2016-04-07T03:31:49+00:00","dateModified":"2016-04-07T03:51:32+00:00","breadcrumb":{"@id":"https:\/\/blogdoprosperi.com\/?p=571#breadcrumb"},"inLanguage":"pt-BR","potentialAction":[{"@type":"ReadAction","target":["https:\/\/blogdoprosperi.com\/?p=571"]}]},{"@type":"ImageObject","inLanguage":"pt-BR","@id":"https:\/\/blogdoprosperi.com\/?p=571#primaryimage","url":"https:\/\/i0.wp.com\/blogdoprosperi.com\/wp-content\/uploads\/2016\/04\/gabriel-jesus-palmeiras_5myu1h4cwp3m1weg8xi0ugky3.jpg?fit=620%2C430&ssl=1","contentUrl":"https:\/\/i0.wp.com\/blogdoprosperi.com\/wp-content\/uploads\/2016\/04\/gabriel-jesus-palmeiras_5myu1h4cwp3m1weg8xi0ugky3.jpg?fit=620%2C430&ssl=1","width":620,"height":430},{"@type":"BreadcrumbList","@id":"https:\/\/blogdoprosperi.com\/?p=571#breadcrumb","itemListElement":[{"@type":"ListItem","position":1,"name":"In\u00edcio","item":"https:\/\/blogdoprosperi.com\/"},{"@type":"ListItem","position":2,"name":"Palmeiras sobrevive e n\u00e3o pode crucificar Gabriel Jesus"}]},{"@type":"WebSite","@id":"https:\/\/blogdoprosperi.com\/#website","url":"https:\/\/blogdoprosperi.com\/","name":"PR\u00d3SPERI NEWS","description":"TUDO \u00c9  FUTEBOL","publisher":{"@id":"https:\/\/blogdoprosperi.com\/#\/schema\/person\/38100755ce3601861ee4fab9b5aa78e9"},"alternateName":"blogdoprosperi.com","potentialAction":[{"@type":"SearchAction","target":{"@type":"EntryPoint","urlTemplate":"https:\/\/blogdoprosperi.com\/?s={search_term_string}"},"query-input":{"@type":"PropertyValueSpecification","valueRequired":true,"valueName":"search_term_string"}}],"inLanguage":"pt-BR"},{"@type":["Person","Organization"],"@id":"https:\/\/blogdoprosperi.com\/#\/schema\/person\/38100755ce3601861ee4fab9b5aa78e9","name":"Luiz Ant\u00f4nio Pr\u00f3speri","pronouns":"ele","image":{"@type":"ImageObject","inLanguage":"pt-BR","@id":"https:\/\/i0.wp.com\/blogdoprosperi.com\/wp-content\/uploads\/2026\/05\/cropped-8059e613-6002-42fa-961e-8e275f575d71-2-5.jpg?fit=1360%2C931&ssl=1","url":"https:\/\/i0.wp.com\/blogdoprosperi.com\/wp-content\/uploads\/2026\/05\/cropped-8059e613-6002-42fa-961e-8e275f575d71-2-5.jpg?fit=1360%2C931&ssl=1","contentUrl":"https:\/\/i0.wp.com\/blogdoprosperi.com\/wp-content\/uploads\/2026\/05\/cropped-8059e613-6002-42fa-961e-8e275f575d71-2-5.jpg?fit=1360%2C931&ssl=1","width":1360,"height":931,"caption":"Luiz Ant\u00f4nio Pr\u00f3speri"},"logo":{"@id":"https:\/\/i0.wp.com\/blogdoprosperi.com\/wp-content\/uploads\/2026\/05\/cropped-8059e613-6002-42fa-961e-8e275f575d71-2-5.jpg?fit=1360%2C931&ssl=1"},"description":"Jornalista com carreira dedicada ao esporte. Cobriu 9 Copas do Mundo in loco, 1990 na It\u00e1lia, 1994 nos EUA, 1998 na Fran\u00e7a, 2002 na Coreia do Sul e Jap\u00e3o, 2006 na Alemanha, 2010 na \u00c1frica do Sul, 2014 no Brasil, 2018 na R\u00fassia e 2022 no Qatar. Eurocopas, 1992 na Su\u00e9cia e 1996 na Inglaterra. Copa das Confedera\u00e7\u00f5es de 2005 na Alemanha e 2009 na \u00c1frica do Sul. Rep\u00f3rter e Editor, trabalhou no Jornal da Tarde e Estad\u00e3o, de 1984 a fevereiro de 2016. Colunista, blogueiro. E comentarista de futebol na R\u00e1dio Estad\u00e3o, de 2013 a fevereiro de 2016. Jornalista respons\u00e1vel do \"Pr\u00f3speri News\" (blogdoprosperi.com).","sameAs":["http:\/\/blogdoprosperi.com","Luiz Pr\u00f3speri","@luiz_prosperi","https:\/\/x.com\/Luizprosperi","@prosperinacopa","luiz.prosperi@icloud.com"],"url":"https:\/\/blogdoprosperi.com\/?author=102107496"}]}},"jetpack_publicize_connections":[],"jetpack_likes_enabled":false,"jetpack_sharing_enabled":true,"jetpack_shortlink":"https:\/\/wp.me\/p7jvdk-9d","jetpack-related-posts":[{"id":1080,"url":"https:\/\/blogdoprosperi.com\/?p=1080","url_meta":{"origin":571,"position":0},"title":"Sobrenatural pode salvar o Palmeiras na Libertadores","author":"Luiz Ant\u00f4nio Pr\u00f3speri","date":"14 de abril de 2016","format":false,"excerpt":"Encrencado na Copa Libertadores, o Palmeiras depende do imponder\u00e1vel para avan\u00e7ar \u00e0s oitavas de final. Tem de vencer o modesto River Plate uruguaio e torcer por derrota do Ros\u00e1rio Central diante do Nacional em Montevid\u00e9u nesta quinta-feira \u00e0 noite. Se essa combina\u00e7\u00e3o de resultados n\u00e3o funcionar, o Palmeiras pode ser\u2026","rel":"","context":"Em &quot;futebol&quot;","block_context":{"text":"futebol","link":"https:\/\/blogdoprosperi.com\/?cat=53870"},"img":{"alt_text":"","src":"https:\/\/i0.wp.com\/blogdoprosperi.com\/wp-content\/uploads\/2016\/04\/piscada.jpg?resize=350%2C200&ssl=1","width":350,"height":200,"srcset":"https:\/\/i0.wp.com\/blogdoprosperi.com\/wp-content\/uploads\/2016\/04\/piscada.jpg?resize=350%2C200&ssl=1 1x, https:\/\/i0.wp.com\/blogdoprosperi.com\/wp-content\/uploads\/2016\/04\/piscada.jpg?resize=525%2C300&ssl=1 1.5x"},"classes":[]},{"id":1329,"url":"https:\/\/blogdoprosperi.com\/?p=1329","url_meta":{"origin":571,"position":1},"title":"Palmeiras perde tempo com Marcelo Oliveira e cai na Libertadores","author":"Luiz Ant\u00f4nio Pr\u00f3speri","date":"15 de abril de 2016","format":false,"excerpt":"\u00a0 O Palmeiras saiu aplaudido por cerca de 30 mil torcedores ao derrotar o fraco River Plate por 4 a 0 nesta noite de quinta-feira no Allianz Parque. A rea\u00e7\u00e3o da torcida foi de apoio aos jogadores e ao t\u00e9cnico Cuca, apesar da elimina\u00e7\u00e3o na primeira fase da Copa Libertadores\u2026","rel":"","context":"Em &quot;futebol&quot;","block_context":{"text":"futebol","link":"https:\/\/blogdoprosperi.com\/?cat=53870"},"img":{"alt_text":"","src":"https:\/\/i0.wp.com\/blogdoprosperi.com\/wp-content\/uploads\/2016\/04\/01e00dd35300bfab453f84b4a7ea0df7.jpg?resize=350%2C200&ssl=1","width":350,"height":200,"srcset":"https:\/\/i0.wp.com\/blogdoprosperi.com\/wp-content\/uploads\/2016\/04\/01e00dd35300bfab453f84b4a7ea0df7.jpg?resize=350%2C200&ssl=1 1x, https:\/\/i0.wp.com\/blogdoprosperi.com\/wp-content\/uploads\/2016\/04\/01e00dd35300bfab453f84b4a7ea0df7.jpg?resize=525%2C300&ssl=1 1.5x"},"classes":[]},{"id":6550,"url":"https:\/\/blogdoprosperi.com\/?p=6550","url_meta":{"origin":571,"position":2},"title":"Atacante do Atl\u00e9tico Nacional acusa goleiro argentino de racismo","author":"Luiz Ant\u00f4nio Pr\u00f3speri","date":"20 de maio de 2016","format":false,"excerpt":"\u00a0 A Conmebol ainda n\u00e3o se manifestou sobre os incidentes na vit\u00f3ria por 3 a 1 do Atl\u00e9tico Nacional contra o Ros\u00e1rio Central, em Medell\u00edn, ap\u00f3s mais de 15 horas do jogo, valendo vaga na semifinal da Copa Libertadores. O caso mais grave \u00e9 acusa\u00e7\u00e3o do atacante Berr\u00edo, de 21\u2026","rel":"","context":"Em &quot;futebol&quot;","block_context":{"text":"futebol","link":"https:\/\/blogdoprosperi.com\/?cat=53870"},"img":{"alt_text":"","src":"https:\/\/i0.wp.com\/blogdoprosperi.com\/wp-content\/uploads\/2016\/05\/orlando-berrio-y-alejandro-guerra-atletico-nacional-liga.jpg?resize=350%2C200&ssl=1","width":350,"height":200,"srcset":"https:\/\/i0.wp.com\/blogdoprosperi.com\/wp-content\/uploads\/2016\/05\/orlando-berrio-y-alejandro-guerra-atletico-nacional-liga.jpg?resize=350%2C200&ssl=1 1x, https:\/\/i0.wp.com\/blogdoprosperi.com\/wp-content\/uploads\/2016\/05\/orlando-berrio-y-alejandro-guerra-atletico-nacional-liga.jpg?resize=525%2C300&ssl=1 1.5x, https:\/\/i0.wp.com\/blogdoprosperi.com\/wp-content\/uploads\/2016\/05\/orlando-berrio-y-alejandro-guerra-atletico-nacional-liga.jpg?resize=700%2C400&ssl=1 2x"},"classes":[]},{"id":30292,"url":"https:\/\/blogdoprosperi.com\/?p=30292","url_meta":{"origin":571,"position":3},"title":"Cuca n\u00e3o tem tempo para recuperar Gabriel Jesus","author":"Luiz Ant\u00f4nio Pr\u00f3speri","date":"30 de outubro de 2016","format":false,"excerpt":"Cuca assumiu o compromisso p\u00fablico de recuperar o futebol de Gabriel Jesus, ap\u00f3s derrota (1 a 0) diante do Santos s\u00e1bado na Vila. Disse que esta \u00e9 uma de suas miss\u00f5es na reta final do Campeonato Brasileiro - restam cinco rodadas. N\u00e3o parece uma tarefa f\u00e1cil. Treinador do Palmeiras n\u00e3o\u2026","rel":"","context":"Em &quot;Campeonato Brasileiro&quot;","block_context":{"text":"Campeonato Brasileiro","link":"https:\/\/blogdoprosperi.com\/?cat=355071"},"img":{"alt_text":"pro3-22","src":"https:\/\/i0.wp.com\/blogdoprosperi.com\/wp-content\/uploads\/2016\/10\/pro3-22.jpg?resize=350%2C200&ssl=1","width":350,"height":200,"srcset":"https:\/\/i0.wp.com\/blogdoprosperi.com\/wp-content\/uploads\/2016\/10\/pro3-22.jpg?resize=350%2C200&ssl=1 1x, https:\/\/i0.wp.com\/blogdoprosperi.com\/wp-content\/uploads\/2016\/10\/pro3-22.jpg?resize=525%2C300&ssl=1 1.5x, https:\/\/i0.wp.com\/blogdoprosperi.com\/wp-content\/uploads\/2016\/10\/pro3-22.jpg?resize=700%2C400&ssl=1 2x, https:\/\/i0.wp.com\/blogdoprosperi.com\/wp-content\/uploads\/2016\/10\/pro3-22.jpg?resize=1050%2C600&ssl=1 3x, https:\/\/i0.wp.com\/blogdoprosperi.com\/wp-content\/uploads\/2016\/10\/pro3-22.jpg?resize=1400%2C800&ssl=1 4x"},"classes":[]},{"id":12237,"url":"https:\/\/blogdoprosperi.com\/?p=12237","url_meta":{"origin":571,"position":4},"title":"Gabriel Jesus leva Palmeiras a vencer o Am\u00e9rica-MG e encanta emiss\u00e1rio do Barcelona","author":"Luiz Ant\u00f4nio Pr\u00f3speri","date":"22 de junho de 2016","format":false,"excerpt":"Barcelona e Palmeiras n\u00e3o escondem mais a negocia\u00e7\u00e3o de Gabriel Jesus. O clube espanhol quer o craque do Palmeiras a qualquer pre\u00e7o. N\u00e3o por acaso Raul Sanlleh\u00ed, homem das compras do Bar\u00e7a, se deixou mostrar nos camarotes do Allianz Parque nesta noite de ter\u00e7a-feira (21\/6) durante o jogo em que\u2026","rel":"","context":"Em &quot;Campeonato Brasileiro&quot;","block_context":{"text":"Campeonato Brasileiro","link":"https:\/\/blogdoprosperi.com\/?cat=355071"},"img":{"alt_text":"","src":"https:\/\/i0.wp.com\/blogdoprosperi.com\/wp-content\/uploads\/2016\/06\/roger-guedes-domina-a-bola-durante-a-partida-entre-palmeiras-e-america-mg-1466560880372_615x300-1.jpg?resize=350%2C200&ssl=1","width":350,"height":200,"srcset":"https:\/\/i0.wp.com\/blogdoprosperi.com\/wp-content\/uploads\/2016\/06\/roger-guedes-domina-a-bola-durante-a-partida-entre-palmeiras-e-america-mg-1466560880372_615x300-1.jpg?resize=350%2C200&ssl=1 1x, https:\/\/i0.wp.com\/blogdoprosperi.com\/wp-content\/uploads\/2016\/06\/roger-guedes-domina-a-bola-durante-a-partida-entre-palmeiras-e-america-mg-1466560880372_615x300-1.jpg?resize=525%2C300&ssl=1 1.5x"},"classes":[]},{"id":8834,"url":"https:\/\/blogdoprosperi.com\/?p=8834","url_meta":{"origin":571,"position":5},"title":"Palmeiras vence primeira fora de casa com tacada certeira de Cuca","author":"Luiz Ant\u00f4nio Pr\u00f3speri","date":"5 de junho de 2016","format":false,"excerpt":"Vencer fora de casa \u00e9 obriga\u00e7\u00e3o aos postulantes ao t\u00edtulo do Campeonato Brasileiro. Em cinco rodadas, o Palmeiras havia acumulado duas derrotas longe de seu est\u00e1dio. Neste domingo (05\/6), no Man\u00e9 Garrincha em Bras\u00edlia, come\u00e7ou a reverter essa desvantagem com a vit\u00f3ria por 2 a 1 contra o Flamengo, com\u2026","rel":"","context":"Em &quot;Campeonato Brasileiro&quot;","block_context":{"text":"Campeonato Brasileiro","link":"https:\/\/blogdoprosperi.com\/?cat=355071"},"img":{"alt_text":"","src":"https:\/\/i0.wp.com\/blogdoprosperi.com\/wp-content\/uploads\/2016\/06\/cuca-orienta-os-jogadores-do-palmeiras-na-partida-contra-a-ponte-preta-1463936958392_615x300-1.jpg?resize=350%2C200&ssl=1","width":350,"height":200,"srcset":"https:\/\/i0.wp.com\/blogdoprosperi.com\/wp-content\/uploads\/2016\/06\/cuca-orienta-os-jogadores-do-palmeiras-na-partida-contra-a-ponte-preta-1463936958392_615x300-1.jpg?resize=350%2C200&ssl=1 1x, https:\/\/i0.wp.com\/blogdoprosperi.com\/wp-content\/uploads\/2016\/06\/cuca-orienta-os-jogadores-do-palmeiras-na-partida-contra-a-ponte-preta-1463936958392_615x300-1.jpg?resize=525%2C300&ssl=1 1.5x"},"classes":[]}],"jetpack_featured_media_url":"","_links":{"self":[{"href":"https:\/\/blogdoprosperi.com\/index.php?rest_route=\/wp\/v2\/posts\/571","targetHints":{"allow":["GET"]}}],"collection":[{"href":"https:\/\/blogdoprosperi.com\/index.php?rest_route=\/wp\/v2\/posts"}],"about":[{"href":"https:\/\/blogdoprosperi.com\/index.php?rest_route=\/wp\/v2\/types\/post"}],"author":[{"embeddable":true,"href":"https:\/\/blogdoprosperi.com\/index.php?rest_route=\/wp\/v2\/users\/102107496"}],"replies":[{"embeddable":true,"href":"https:\/\/blogdoprosperi.com\/index.php?rest_route=%2Fwp%2Fv2%2Fcomments&post=571"}],"version-history":[{"count":25,"href":"https:\/\/blogdoprosperi.com\/index.php?rest_route=\/wp\/v2\/posts\/571\/revisions"}],"predecessor-version":[{"id":619,"href":"https:\/\/blogdoprosperi.com\/index.php?rest_route=\/wp\/v2\/posts\/571\/revisions\/619"}],"wp:attachment":[{"href":"https:\/\/blogdoprosperi.com\/index.php?rest_route=%2Fwp%2Fv2%2Fmedia&parent=571"}],"wp:term":[{"taxonomy":"category","embeddable":true,"href":"https:\/\/blogdoprosperi.com\/index.php?rest_route=%2Fwp%2Fv2%2Fcategories&post=571"},{"taxonomy":"post_tag","embeddable":true,"href":"https:\/\/blogdoprosperi.com\/index.php?rest_route=%2Fwp%2Fv2%2Ftags&post=571"}],"curies":[{"name":"wp","href":"https:\/\/api.w.org\/{rel}","templated":true}]}}