{"id":57117,"date":"2026-03-26T19:53:51","date_gmt":"2026-03-26T22:53:51","guid":{"rendered":"https:\/\/blogdoprosperi.com\/?p=57117"},"modified":"2026-03-31T00:34:20","modified_gmt":"2026-03-31T03:34:20","slug":"ao-vivo-entrevista-de-ancelotti-pos-jogo-brasil-1-x-2-franca","status":"publish","type":"post","link":"https:\/\/blogdoprosperi.com\/?p=57117","title":{"rendered":"V\u00eddeo | Entrevista de Ancelotti p\u00f3s-jogo Brasil 1 x 2 Fran\u00e7a"},"content":{"rendered":"<div class=\"jetpack-video-wrapper\"><span class=\"embed-youtube\" style=\"text-align:center; display: block;\"><iframe loading=\"lazy\" class=\"youtube-player\" width=\"560\" height=\"315\" src=\"https:\/\/www.youtube.com\/embed\/frtGxRcKed0?version=3&#038;rel=1&#038;showsearch=0&#038;showinfo=1&#038;iv_load_policy=1&#038;fs=1&#038;hl=pt-BR&#038;autohide=2&#038;wmode=transparent\" allowfullscreen=\"true\" style=\"border:0;\" sandbox=\"allow-scripts allow-same-origin allow-popups allow-presentation allow-popups-to-escape-sandbox\"><\/iframe><\/span><\/div>\n","protected":false},"excerpt":{"rendered":"","protected":false},"author":102107496,"featured_media":57126,"comment_status":"open","ping_status":"open","sticky":false,"template":"","format":"standard","meta":{"_coblocks_attr":"","_coblocks_dimensions":"","_coblocks_responsive_height":"","_coblocks_accordion_ie_support":"","_jetpack_newsletter_access":"","_jetpack_dont_email_post_to_subs":false,"_jetpack_newsletter_tier_id":0,"_jetpack_memberships_contains_paywalled_content":false,"_wpcom_ai_launchpad_first_post":false,"_jetpack_feature_clip_id":0,"_jetpack_memberships_contains_paid_content":false,"footnotes":"","jetpack_publicize_message":"","jetpack_publicize_feature_enabled":true,"jetpack_social_post_already_shared":false,"jetpack_social_options":{"image_generator_settings":{"template":"highway","default_image_id":0,"font":"","enabled":false},"version":2},"jetpack_post_was_ever_published":false},"categories":[36820279,53870],"tags":[1016127,785444500,726380546,10149860],"class_list":["post-57117","post","type-post","status-publish","format-standard","has-post-thumbnail","hentry","category-copa-2026","category-futebol","tag-ancelotti","tag-coletivaancelotti","tag-cop2026","tag-selecaobrasileira"],"yoast_head":"<!-- This site is optimized with the Yoast SEO plugin v28.3 - https:\/\/yoast.com\/product\/yoast-seo-wordpress\/ -->\n<title>V\u00eddeo | Entrevista de Ancelotti p\u00f3s-jogo Brasil 1 x 2 Fran\u00e7a - PR\u00d3SPERI NEWS<\/title>\n<meta name=\"robots\" content=\"index, follow, max-snippet:-1, max-image-preview:large, max-video-preview:-1\" \/>\n<link rel=\"canonical\" href=\"https:\/\/blogdoprosperi.com\/?p=57117\" \/>\n<meta property=\"og:locale\" content=\"pt_BR\" \/>\n<meta property=\"og:type\" content=\"article\" \/>\n<meta property=\"og:title\" content=\"V\u00eddeo | Entrevista de Ancelotti p\u00f3s-jogo Brasil 1 x 2 Fran\u00e7a - PR\u00d3SPERI NEWS\" \/>\n<meta property=\"og:url\" content=\"https:\/\/blogdoprosperi.com\/?p=57117\" \/>\n<meta property=\"og:site_name\" content=\"PR\u00d3SPERI NEWS\" \/>\n<meta property=\"article:publisher\" content=\"Luiz Pr\u00f3speri\" \/>\n<meta property=\"article:author\" content=\"Luiz Pr\u00f3speri\" \/>\n<meta property=\"article:published_time\" content=\"2026-03-26T22:53:51+00:00\" \/>\n<meta property=\"article:modified_time\" content=\"2026-03-31T03:34:20+00:00\" \/>\n<meta property=\"og:image\" content=\"https:\/\/i0.wp.com\/blogdoprosperi.com\/wp-content\/uploads\/2026\/03\/carlo-ancelotti-durante-convocacao-da-selecao-brasileira-para-amistosos-contra-franca-e-croacia-scaled-aspect-ratio-512-320-2.webp?fit=950%2C593&ssl=1\" \/>\n\t<meta property=\"og:image:width\" content=\"950\" \/>\n\t<meta property=\"og:image:height\" content=\"593\" \/>\n\t<meta property=\"og:image:type\" content=\"image\/webp\" \/>\n<meta name=\"author\" content=\"Luiz Ant\u00f4nio Pr\u00f3speri\" \/>\n<meta name=\"twitter:card\" content=\"summary_large_image\" \/>\n<meta name=\"twitter:creator\" content=\"@Luizprosperi\" \/>\n<meta name=\"twitter:site\" content=\"@Luizprosperi\" \/>\n<meta name=\"twitter:label1\" content=\"Escrito por\" \/>\n\t<meta name=\"twitter:data1\" content=\"Luiz Ant\u00f4nio Pr\u00f3speri\" \/>\n<script type=\"application\/ld+json\" class=\"yoast-schema-graph\">{\"@context\":\"https:\\\/\\\/schema.org\",\"@graph\":[{\"@type\":\"Article\",\"@id\":\"https:\\\/\\\/blogdoprosperi.com\\\/?p=57117#article\",\"isPartOf\":{\"@id\":\"https:\\\/\\\/blogdoprosperi.com\\\/?p=57117\"},\"author\":{\"name\":\"Luiz Ant\u00f4nio Pr\u00f3speri\",\"@id\":\"https:\\\/\\\/blogdoprosperi.com\\\/#\\\/schema\\\/person\\\/38100755ce3601861ee4fab9b5aa78e9\"},\"headline\":\"V\u00eddeo | Entrevista de Ancelotti p\u00f3s-jogo Brasil 1 x 2 Fran\u00e7a\",\"datePublished\":\"2026-03-26T22:53:51+00:00\",\"dateModified\":\"2026-03-31T03:34:20+00:00\",\"mainEntityOfPage\":{\"@id\":\"https:\\\/\\\/blogdoprosperi.com\\\/?p=57117\"},\"wordCount\":26,\"commentCount\":0,\"publisher\":{\"@id\":\"https:\\\/\\\/blogdoprosperi.com\\\/#\\\/schema\\\/person\\\/38100755ce3601861ee4fab9b5aa78e9\"},\"image\":{\"@id\":\"https:\\\/\\\/blogdoprosperi.com\\\/?p=57117#primaryimage\"},\"thumbnailUrl\":\"https:\\\/\\\/i0.wp.com\\\/blogdoprosperi.com\\\/wp-content\\\/uploads\\\/2026\\\/03\\\/carlo-ancelotti-durante-convocacao-da-selecao-brasileira-para-amistosos-contra-franca-e-croacia-scaled-aspect-ratio-512-320-2.webp?fit=950%2C593&ssl=1\",\"keywords\":[\"Ancelotti\",\"ColetivaAncelotti\",\"cop2026\",\"Sele\u00e7\u00e3oBrasileira\"],\"articleSection\":[\"copa 2026\",\"futebol\"],\"inLanguage\":\"pt-BR\",\"potentialAction\":[{\"@type\":\"CommentAction\",\"name\":\"Comment\",\"target\":[\"https:\\\/\\\/blogdoprosperi.com\\\/?p=57117#respond\"]}]},{\"@type\":\"WebPage\",\"@id\":\"https:\\\/\\\/blogdoprosperi.com\\\/?p=57117\",\"url\":\"https:\\\/\\\/blogdoprosperi.com\\\/?p=57117\",\"name\":\"V\u00eddeo | Entrevista de Ancelotti p\u00f3s-jogo Brasil 1 x 2 Fran\u00e7a - PR\u00d3SPERI NEWS\",\"isPartOf\":{\"@id\":\"https:\\\/\\\/blogdoprosperi.com\\\/#website\"},\"primaryImageOfPage\":{\"@id\":\"https:\\\/\\\/blogdoprosperi.com\\\/?p=57117#primaryimage\"},\"image\":{\"@id\":\"https:\\\/\\\/blogdoprosperi.com\\\/?p=57117#primaryimage\"},\"thumbnailUrl\":\"https:\\\/\\\/i0.wp.com\\\/blogdoprosperi.com\\\/wp-content\\\/uploads\\\/2026\\\/03\\\/carlo-ancelotti-durante-convocacao-da-selecao-brasileira-para-amistosos-contra-franca-e-croacia-scaled-aspect-ratio-512-320-2.webp?fit=950%2C593&ssl=1\",\"datePublished\":\"2026-03-26T22:53:51+00:00\",\"dateModified\":\"2026-03-31T03:34:20+00:00\",\"breadcrumb\":{\"@id\":\"https:\\\/\\\/blogdoprosperi.com\\\/?p=57117#breadcrumb\"},\"inLanguage\":\"pt-BR\",\"potentialAction\":[{\"@type\":\"ReadAction\",\"target\":[\"https:\\\/\\\/blogdoprosperi.com\\\/?p=57117\"]}]},{\"@type\":\"ImageObject\",\"inLanguage\":\"pt-BR\",\"@id\":\"https:\\\/\\\/blogdoprosperi.com\\\/?p=57117#primaryimage\",\"url\":\"https:\\\/\\\/i0.wp.com\\\/blogdoprosperi.com\\\/wp-content\\\/uploads\\\/2026\\\/03\\\/carlo-ancelotti-durante-convocacao-da-selecao-brasileira-para-amistosos-contra-franca-e-croacia-scaled-aspect-ratio-512-320-2.webp?fit=950%2C593&ssl=1\",\"contentUrl\":\"https:\\\/\\\/i0.wp.com\\\/blogdoprosperi.com\\\/wp-content\\\/uploads\\\/2026\\\/03\\\/carlo-ancelotti-durante-convocacao-da-selecao-brasileira-para-amistosos-contra-franca-e-croacia-scaled-aspect-ratio-512-320-2.webp?fit=950%2C593&ssl=1\",\"width\":950,\"height\":593},{\"@type\":\"BreadcrumbList\",\"@id\":\"https:\\\/\\\/blogdoprosperi.com\\\/?p=57117#breadcrumb\",\"itemListElement\":[{\"@type\":\"ListItem\",\"position\":1,\"name\":\"In\u00edcio\",\"item\":\"https:\\\/\\\/blogdoprosperi.com\\\/\"},{\"@type\":\"ListItem\",\"position\":2,\"name\":\"V\u00eddeo | Entrevista de Ancelotti p\u00f3s-jogo Brasil 1 x 2 Fran\u00e7a\"}]},{\"@type\":\"WebSite\",\"@id\":\"https:\\\/\\\/blogdoprosperi.com\\\/#website\",\"url\":\"https:\\\/\\\/blogdoprosperi.com\\\/\",\"name\":\"PR\u00d3SPERI NEWS\",\"description\":\"TUDO \u00c9  FUTEBOL\",\"publisher\":{\"@id\":\"https:\\\/\\\/blogdoprosperi.com\\\/#\\\/schema\\\/person\\\/38100755ce3601861ee4fab9b5aa78e9\"},\"alternateName\":\"blogdoprosperi.com\",\"potentialAction\":[{\"@type\":\"SearchAction\",\"target\":{\"@type\":\"EntryPoint\",\"urlTemplate\":\"https:\\\/\\\/blogdoprosperi.com\\\/?s={search_term_string}\"},\"query-input\":{\"@type\":\"PropertyValueSpecification\",\"valueRequired\":true,\"valueName\":\"search_term_string\"}}],\"inLanguage\":\"pt-BR\"},{\"@type\":[\"Person\",\"Organization\"],\"@id\":\"https:\\\/\\\/blogdoprosperi.com\\\/#\\\/schema\\\/person\\\/38100755ce3601861ee4fab9b5aa78e9\",\"name\":\"Luiz Ant\u00f4nio Pr\u00f3speri\",\"pronouns\":\"ele\",\"image\":{\"@type\":\"ImageObject\",\"inLanguage\":\"pt-BR\",\"@id\":\"https:\\\/\\\/i0.wp.com\\\/blogdoprosperi.com\\\/wp-content\\\/uploads\\\/2026\\\/05\\\/cropped-8059e613-6002-42fa-961e-8e275f575d71-2-5.jpg?fit=1360%2C931&ssl=1\",\"url\":\"https:\\\/\\\/i0.wp.com\\\/blogdoprosperi.com\\\/wp-content\\\/uploads\\\/2026\\\/05\\\/cropped-8059e613-6002-42fa-961e-8e275f575d71-2-5.jpg?fit=1360%2C931&ssl=1\",\"contentUrl\":\"https:\\\/\\\/i0.wp.com\\\/blogdoprosperi.com\\\/wp-content\\\/uploads\\\/2026\\\/05\\\/cropped-8059e613-6002-42fa-961e-8e275f575d71-2-5.jpg?fit=1360%2C931&ssl=1\",\"width\":1360,\"height\":931,\"caption\":\"Luiz Ant\u00f4nio Pr\u00f3speri\"},\"logo\":{\"@id\":\"https:\\\/\\\/i0.wp.com\\\/blogdoprosperi.com\\\/wp-content\\\/uploads\\\/2026\\\/05\\\/cropped-8059e613-6002-42fa-961e-8e275f575d71-2-5.jpg?fit=1360%2C931&ssl=1\"},\"description\":\"Jornalista com carreira dedicada ao esporte. Cobriu 9 Copas do Mundo in loco, 1990 na It\u00e1lia, 1994 nos EUA, 1998 na Fran\u00e7a, 2002 na Coreia do Sul e Jap\u00e3o, 2006 na Alemanha, 2010 na \u00c1frica do Sul, 2014 no Brasil, 2018 na R\u00fassia e 2022 no Qatar. Eurocopas, 1992 na Su\u00e9cia e 1996 na Inglaterra. Copa das Confedera\u00e7\u00f5es de 2005 na Alemanha e 2009 na \u00c1frica do Sul. Rep\u00f3rter e Editor, trabalhou no Jornal da Tarde e Estad\u00e3o, de 1984 a fevereiro de 2016. Colunista, blogueiro. E comentarista de futebol na R\u00e1dio Estad\u00e3o, de 2013 a fevereiro de 2016. Jornalista respons\u00e1vel do \\\"Pr\u00f3speri News\\\" (blogdoprosperi.com).\",\"sameAs\":[\"http:\\\/\\\/blogdoprosperi.com\",\"Luiz Pr\u00f3speri\",\"@luiz_prosperi\",\"https:\\\/\\\/x.com\\\/Luizprosperi\",\"@prosperinacopa\",\"luiz.prosperi@icloud.com\"],\"url\":\"https:\\\/\\\/blogdoprosperi.com\\\/?author=102107496\"}]}<\/script>\n<!-- \/ Yoast SEO plugin. -->","yoast_head_json":{"title":"V\u00eddeo | Entrevista de Ancelotti p\u00f3s-jogo Brasil 1 x 2 Fran\u00e7a - PR\u00d3SPERI NEWS","robots":{"index":"index","follow":"follow","max-snippet":"max-snippet:-1","max-image-preview":"max-image-preview:large","max-video-preview":"max-video-preview:-1"},"canonical":"https:\/\/blogdoprosperi.com\/?p=57117","og_locale":"pt_BR","og_type":"article","og_title":"V\u00eddeo | Entrevista de Ancelotti p\u00f3s-jogo Brasil 1 x 2 Fran\u00e7a - PR\u00d3SPERI NEWS","og_url":"https:\/\/blogdoprosperi.com\/?p=57117","og_site_name":"PR\u00d3SPERI NEWS","article_publisher":"Luiz Pr\u00f3speri","article_author":"Luiz Pr\u00f3speri","article_published_time":"2026-03-26T22:53:51+00:00","article_modified_time":"2026-03-31T03:34:20+00:00","og_image":[{"width":950,"height":593,"url":"https:\/\/i0.wp.com\/blogdoprosperi.com\/wp-content\/uploads\/2026\/03\/carlo-ancelotti-durante-convocacao-da-selecao-brasileira-para-amistosos-contra-franca-e-croacia-scaled-aspect-ratio-512-320-2.webp?fit=950%2C593&ssl=1","type":"image\/webp"}],"author":"Luiz Ant\u00f4nio Pr\u00f3speri","twitter_card":"summary_large_image","twitter_creator":"@Luizprosperi","twitter_site":"@Luizprosperi","twitter_misc":{"Escrito por":"Luiz Ant\u00f4nio Pr\u00f3speri"},"schema":{"@context":"https:\/\/schema.org","@graph":[{"@type":"Article","@id":"https:\/\/blogdoprosperi.com\/?p=57117#article","isPartOf":{"@id":"https:\/\/blogdoprosperi.com\/?p=57117"},"author":{"name":"Luiz Ant\u00f4nio Pr\u00f3speri","@id":"https:\/\/blogdoprosperi.com\/#\/schema\/person\/38100755ce3601861ee4fab9b5aa78e9"},"headline":"V\u00eddeo | Entrevista de Ancelotti p\u00f3s-jogo Brasil 1 x 2 Fran\u00e7a","datePublished":"2026-03-26T22:53:51+00:00","dateModified":"2026-03-31T03:34:20+00:00","mainEntityOfPage":{"@id":"https:\/\/blogdoprosperi.com\/?p=57117"},"wordCount":26,"commentCount":0,"publisher":{"@id":"https:\/\/blogdoprosperi.com\/#\/schema\/person\/38100755ce3601861ee4fab9b5aa78e9"},"image":{"@id":"https:\/\/blogdoprosperi.com\/?p=57117#primaryimage"},"thumbnailUrl":"https:\/\/i0.wp.com\/blogdoprosperi.com\/wp-content\/uploads\/2026\/03\/carlo-ancelotti-durante-convocacao-da-selecao-brasileira-para-amistosos-contra-franca-e-croacia-scaled-aspect-ratio-512-320-2.webp?fit=950%2C593&ssl=1","keywords":["Ancelotti","ColetivaAncelotti","cop2026","Sele\u00e7\u00e3oBrasileira"],"articleSection":["copa 2026","futebol"],"inLanguage":"pt-BR","potentialAction":[{"@type":"CommentAction","name":"Comment","target":["https:\/\/blogdoprosperi.com\/?p=57117#respond"]}]},{"@type":"WebPage","@id":"https:\/\/blogdoprosperi.com\/?p=57117","url":"https:\/\/blogdoprosperi.com\/?p=57117","name":"V\u00eddeo | Entrevista de Ancelotti p\u00f3s-jogo Brasil 1 x 2 Fran\u00e7a - PR\u00d3SPERI NEWS","isPartOf":{"@id":"https:\/\/blogdoprosperi.com\/#website"},"primaryImageOfPage":{"@id":"https:\/\/blogdoprosperi.com\/?p=57117#primaryimage"},"image":{"@id":"https:\/\/blogdoprosperi.com\/?p=57117#primaryimage"},"thumbnailUrl":"https:\/\/i0.wp.com\/blogdoprosperi.com\/wp-content\/uploads\/2026\/03\/carlo-ancelotti-durante-convocacao-da-selecao-brasileira-para-amistosos-contra-franca-e-croacia-scaled-aspect-ratio-512-320-2.webp?fit=950%2C593&ssl=1","datePublished":"2026-03-26T22:53:51+00:00","dateModified":"2026-03-31T03:34:20+00:00","breadcrumb":{"@id":"https:\/\/blogdoprosperi.com\/?p=57117#breadcrumb"},"inLanguage":"pt-BR","potentialAction":[{"@type":"ReadAction","target":["https:\/\/blogdoprosperi.com\/?p=57117"]}]},{"@type":"ImageObject","inLanguage":"pt-BR","@id":"https:\/\/blogdoprosperi.com\/?p=57117#primaryimage","url":"https:\/\/i0.wp.com\/blogdoprosperi.com\/wp-content\/uploads\/2026\/03\/carlo-ancelotti-durante-convocacao-da-selecao-brasileira-para-amistosos-contra-franca-e-croacia-scaled-aspect-ratio-512-320-2.webp?fit=950%2C593&ssl=1","contentUrl":"https:\/\/i0.wp.com\/blogdoprosperi.com\/wp-content\/uploads\/2026\/03\/carlo-ancelotti-durante-convocacao-da-selecao-brasileira-para-amistosos-contra-franca-e-croacia-scaled-aspect-ratio-512-320-2.webp?fit=950%2C593&ssl=1","width":950,"height":593},{"@type":"BreadcrumbList","@id":"https:\/\/blogdoprosperi.com\/?p=57117#breadcrumb","itemListElement":[{"@type":"ListItem","position":1,"name":"In\u00edcio","item":"https:\/\/blogdoprosperi.com\/"},{"@type":"ListItem","position":2,"name":"V\u00eddeo | Entrevista de Ancelotti p\u00f3s-jogo Brasil 1 x 2 Fran\u00e7a"}]},{"@type":"WebSite","@id":"https:\/\/blogdoprosperi.com\/#website","url":"https:\/\/blogdoprosperi.com\/","name":"PR\u00d3SPERI NEWS","description":"TUDO \u00c9  FUTEBOL","publisher":{"@id":"https:\/\/blogdoprosperi.com\/#\/schema\/person\/38100755ce3601861ee4fab9b5aa78e9"},"alternateName":"blogdoprosperi.com","potentialAction":[{"@type":"SearchAction","target":{"@type":"EntryPoint","urlTemplate":"https:\/\/blogdoprosperi.com\/?s={search_term_string}"},"query-input":{"@type":"PropertyValueSpecification","valueRequired":true,"valueName":"search_term_string"}}],"inLanguage":"pt-BR"},{"@type":["Person","Organization"],"@id":"https:\/\/blogdoprosperi.com\/#\/schema\/person\/38100755ce3601861ee4fab9b5aa78e9","name":"Luiz Ant\u00f4nio Pr\u00f3speri","pronouns":"ele","image":{"@type":"ImageObject","inLanguage":"pt-BR","@id":"https:\/\/i0.wp.com\/blogdoprosperi.com\/wp-content\/uploads\/2026\/05\/cropped-8059e613-6002-42fa-961e-8e275f575d71-2-5.jpg?fit=1360%2C931&ssl=1","url":"https:\/\/i0.wp.com\/blogdoprosperi.com\/wp-content\/uploads\/2026\/05\/cropped-8059e613-6002-42fa-961e-8e275f575d71-2-5.jpg?fit=1360%2C931&ssl=1","contentUrl":"https:\/\/i0.wp.com\/blogdoprosperi.com\/wp-content\/uploads\/2026\/05\/cropped-8059e613-6002-42fa-961e-8e275f575d71-2-5.jpg?fit=1360%2C931&ssl=1","width":1360,"height":931,"caption":"Luiz Ant\u00f4nio Pr\u00f3speri"},"logo":{"@id":"https:\/\/i0.wp.com\/blogdoprosperi.com\/wp-content\/uploads\/2026\/05\/cropped-8059e613-6002-42fa-961e-8e275f575d71-2-5.jpg?fit=1360%2C931&ssl=1"},"description":"Jornalista com carreira dedicada ao esporte. Cobriu 9 Copas do Mundo in loco, 1990 na It\u00e1lia, 1994 nos EUA, 1998 na Fran\u00e7a, 2002 na Coreia do Sul e Jap\u00e3o, 2006 na Alemanha, 2010 na \u00c1frica do Sul, 2014 no Brasil, 2018 na R\u00fassia e 2022 no Qatar. Eurocopas, 1992 na Su\u00e9cia e 1996 na Inglaterra. Copa das Confedera\u00e7\u00f5es de 2005 na Alemanha e 2009 na \u00c1frica do Sul. Rep\u00f3rter e Editor, trabalhou no Jornal da Tarde e Estad\u00e3o, de 1984 a fevereiro de 2016. Colunista, blogueiro. E comentarista de futebol na R\u00e1dio Estad\u00e3o, de 2013 a fevereiro de 2016. Jornalista respons\u00e1vel do \"Pr\u00f3speri News\" (blogdoprosperi.com).","sameAs":["http:\/\/blogdoprosperi.com","Luiz Pr\u00f3speri","@luiz_prosperi","https:\/\/x.com\/Luizprosperi","@prosperinacopa","luiz.prosperi@icloud.com"],"url":"https:\/\/blogdoprosperi.com\/?author=102107496"}]}},"jetpack_publicize_connections":[],"jetpack_likes_enabled":false,"jetpack_sharing_enabled":true,"jetpack_shortlink":"https:\/\/wp.me\/p7jvdk-eRf","jetpack-related-posts":[{"id":50059,"url":"https:\/\/blogdoprosperi.com\/?p=50059","url_meta":{"origin":57117,"position":0},"title":"Ancelotti Assume Sele\u00e7\u00e3o Brasileira | Agora Somos Europeus da Cabe\u00e7a aos P\u00e9s","author":"Luiz Ant\u00f4nio Pr\u00f3speri","date":"12 de maio de 2025","format":false,"excerpt":"\u2666 Quest\u00e3o agora \u00e9 entender como vai se comportar Ancelotti nesse cen\u00e1rio de incertezas da CBF, todo o caldo das imperfei\u00e7\u00f5es do nosso futebol \u2666 Nossa ess\u00eancia no mundo da bola acaba de ser chutada para o outro lado do Atl\u00e2ntico Luiz Ant\u00f4nio Pr\u00f3speri \u2013 12 maio (11h52) Carlo Ancelotti\u2026","rel":"","context":"Em &quot;futebol&quot;","block_context":{"text":"futebol","link":"https:\/\/blogdoprosperi.com\/?cat=53870"},"img":{"alt_text":"","src":"https:\/\/i0.wp.com\/blogdoprosperi.com\/wp-content\/uploads\/2025\/05\/captura-de-tela-2025-05-12-as-12.15.15.png?fit=790%2C682&ssl=1&resize=350%2C200","width":350,"height":200,"srcset":"https:\/\/i0.wp.com\/blogdoprosperi.com\/wp-content\/uploads\/2025\/05\/captura-de-tela-2025-05-12-as-12.15.15.png?fit=790%2C682&ssl=1&resize=350%2C200 1x, https:\/\/i0.wp.com\/blogdoprosperi.com\/wp-content\/uploads\/2025\/05\/captura-de-tela-2025-05-12-as-12.15.15.png?fit=790%2C682&ssl=1&resize=525%2C300 1.5x, https:\/\/i0.wp.com\/blogdoprosperi.com\/wp-content\/uploads\/2025\/05\/captura-de-tela-2025-05-12-as-12.15.15.png?fit=790%2C682&ssl=1&resize=700%2C400 2x"},"classes":[]},{"id":50366,"url":"https:\/\/blogdoprosperi.com\/?p=50366","url_meta":{"origin":57117,"position":1},"title":"Carlo Ancelotti: &#8216;Ol\u00e1, Brasil&#8221;","author":"Luiz Ant\u00f4nio Pr\u00f3speri","date":"26 de maio de 2025","format":false,"excerpt":"Carlo Lancelotti manda sua primeira mensagem aos brasileiros antes de anunciar a lista de convocados da Sele\u00e7\u00e3o para os jogos contra Equador e Paraguai. https:\/\/www.instagram.com\/reel\/DKH8CO6i8PA\/?utm_source=ig_web_copy_link&igsh=MzRlODBiNWFlZA==","rel":"","context":"Em &quot;futebol&quot;","block_context":{"text":"futebol","link":"https:\/\/blogdoprosperi.com\/?cat=53870"},"img":{"alt_text":"Ancelotti: Ol\u00e1, Brasil","src":"https:\/\/i0.wp.com\/blogdoprosperi.com\/wp-content\/uploads\/2016\/06\/carlo-ancelotti.jpg?fit=1200%2C675&ssl=1&resize=350%2C200","width":350,"height":200,"srcset":"https:\/\/i0.wp.com\/blogdoprosperi.com\/wp-content\/uploads\/2016\/06\/carlo-ancelotti.jpg?fit=1200%2C675&ssl=1&resize=350%2C200 1x, https:\/\/i0.wp.com\/blogdoprosperi.com\/wp-content\/uploads\/2016\/06\/carlo-ancelotti.jpg?fit=1200%2C675&ssl=1&resize=525%2C300 1.5x, https:\/\/i0.wp.com\/blogdoprosperi.com\/wp-content\/uploads\/2016\/06\/carlo-ancelotti.jpg?fit=1200%2C675&ssl=1&resize=700%2C400 2x, https:\/\/i0.wp.com\/blogdoprosperi.com\/wp-content\/uploads\/2016\/06\/carlo-ancelotti.jpg?fit=1200%2C675&ssl=1&resize=1050%2C600 3x"},"classes":[]},{"id":60195,"url":"https:\/\/blogdoprosperi.com\/?p=60195","url_meta":{"origin":57117,"position":2},"title":"Invent\u00e1rio da derrota da Sele\u00e7\u00e3o (epis\u00f3dio 1): Do caos aos vacilos de Ancelotti na Copa 2026","author":"Luiz Ant\u00f4nio Pr\u00f3speri","date":"11 de julho de 2026","format":false,"excerpt":"Luiz Ant\u00f4nio Pr\u00f3speri \u2013 11 julho 2026 (15h25)\u00a0 Invent\u00e1rio da elimina\u00e7\u00e3o do Brasil na Copa do Mundo 2026 come\u00e7a em dezembro de 2022 quando Tite se despede da Sele\u00e7\u00e3o Brasileira ap\u00f3s cair nas quartas de final da Copa no Qatar. Da queda em Doha at\u00e9 dezembro de 2023, a CBF\u2026","rel":"","context":"Em &quot;futebol&quot;","block_context":{"text":"futebol","link":"https:\/\/blogdoprosperi.com\/?cat=53870"},"img":{"alt_text":"","src":"https:\/\/i0.wp.com\/blogdoprosperi.com\/wp-content\/uploads\/2026\/06\/Captura-de-Tela-2026-06-22-as-18.42.01.png?fit=1182%2C926&ssl=1&resize=350%2C200","width":350,"height":200,"srcset":"https:\/\/i0.wp.com\/blogdoprosperi.com\/wp-content\/uploads\/2026\/06\/Captura-de-Tela-2026-06-22-as-18.42.01.png?fit=1182%2C926&ssl=1&resize=350%2C200 1x, https:\/\/i0.wp.com\/blogdoprosperi.com\/wp-content\/uploads\/2026\/06\/Captura-de-Tela-2026-06-22-as-18.42.01.png?fit=1182%2C926&ssl=1&resize=525%2C300 1.5x, https:\/\/i0.wp.com\/blogdoprosperi.com\/wp-content\/uploads\/2026\/06\/Captura-de-Tela-2026-06-22-as-18.42.01.png?fit=1182%2C926&ssl=1&resize=700%2C400 2x, https:\/\/i0.wp.com\/blogdoprosperi.com\/wp-content\/uploads\/2026\/06\/Captura-de-Tela-2026-06-22-as-18.42.01.png?fit=1182%2C926&ssl=1&resize=1050%2C600 3x"},"classes":[]},{"id":57179,"url":"https:\/\/blogdoprosperi.com\/?p=57179","url_meta":{"origin":57117,"position":3},"title":"V\u00eddeo | Entrevista de Matheus Cunha e Carlo Ancelotti pr\u00e9-jogo Brasil x Cro\u00e1cia","author":"Luiz Ant\u00f4nio Pr\u00f3speri","date":"30 de mar\u00e7o de 2026","format":false,"excerpt":"Acompanhe entrevista coletiva do meia Matheus Cunha e do t\u00e9cnico Carlo Ancelotti pr\u00e9-jogo Brasil x Cro\u00e1cia. V\u00eddeo oficial CBF TV. Sele\u00e7\u00e3o. Brasileira ter\u00e1 mudan\u00e7as neste amistoso amanh\u00e3, 21h (hor\u00e1rio de Bras\u00edlia), em Orlando, EUA. \u00a0","rel":"","context":"Em &quot;copa 2026&quot;","block_context":{"text":"copa 2026","link":"https:\/\/blogdoprosperi.com\/?cat=36820279"},"img":{"alt_text":"Fa;a, Ancelotti","src":"https:\/\/i0.wp.com\/blogdoprosperi.com\/wp-content\/uploads\/2026\/03\/ance_6c748d7494.webp?fit=1200%2C798&ssl=1&resize=350%2C200","width":350,"height":200,"srcset":"https:\/\/i0.wp.com\/blogdoprosperi.com\/wp-content\/uploads\/2026\/03\/ance_6c748d7494.webp?fit=1200%2C798&ssl=1&resize=350%2C200 1x, https:\/\/i0.wp.com\/blogdoprosperi.com\/wp-content\/uploads\/2026\/03\/ance_6c748d7494.webp?fit=1200%2C798&ssl=1&resize=525%2C300 1.5x, https:\/\/i0.wp.com\/blogdoprosperi.com\/wp-content\/uploads\/2026\/03\/ance_6c748d7494.webp?fit=1200%2C798&ssl=1&resize=700%2C400 2x, https:\/\/i0.wp.com\/blogdoprosperi.com\/wp-content\/uploads\/2026\/03\/ance_6c748d7494.webp?fit=1200%2C798&ssl=1&resize=1050%2C600 3x"},"classes":[]},{"id":60200,"url":"https:\/\/blogdoprosperi.com\/?p=60200","url_meta":{"origin":57117,"position":4},"title":"Invent\u00e1rio da derrota (epis\u00f3dio 2):  Da suntuosa convoca\u00e7\u00e3o e Neymar ao mundo rico na Copa","author":"Luiz Ant\u00f4nio Pr\u00f3speri","date":"12 de julho de 2026","format":false,"excerpt":"Luiz Ant\u00f4nio Pr\u00f3speri \u2013 12 julho 2026 (16h33) Invent\u00e1rio da Derrota do Brasil na Copa do Mundo 2026 chega ao #epis\u00f3dio 2. Aqui voc\u00ea vai entender os motivos que levaram Carlo Ancelotti a aceitar a megalomania de a CBF tratar o futebol brasileiro como um gigante dormindo em ber\u00e7o espl\u00eandido.\u2026","rel":"","context":"Em &quot;copa 2026&quot;","block_context":{"text":"copa 2026","link":"https:\/\/blogdoprosperi.com\/?cat=36820279"},"img":{"alt_text":"","src":"https:\/\/i0.wp.com\/blogdoprosperi.com\/wp-content\/uploads\/2026\/07\/02JULHO26_TREINO_37.jpg?fit=1200%2C801&ssl=1&resize=350%2C200","width":350,"height":200,"srcset":"https:\/\/i0.wp.com\/blogdoprosperi.com\/wp-content\/uploads\/2026\/07\/02JULHO26_TREINO_37.jpg?fit=1200%2C801&ssl=1&resize=350%2C200 1x, https:\/\/i0.wp.com\/blogdoprosperi.com\/wp-content\/uploads\/2026\/07\/02JULHO26_TREINO_37.jpg?fit=1200%2C801&ssl=1&resize=525%2C300 1.5x, https:\/\/i0.wp.com\/blogdoprosperi.com\/wp-content\/uploads\/2026\/07\/02JULHO26_TREINO_37.jpg?fit=1200%2C801&ssl=1&resize=700%2C400 2x, https:\/\/i0.wp.com\/blogdoprosperi.com\/wp-content\/uploads\/2026\/07\/02JULHO26_TREINO_37.jpg?fit=1200%2C801&ssl=1&resize=1050%2C600 3x"},"classes":[]},{"id":57316,"url":"https:\/\/blogdoprosperi.com\/?p=57316","url_meta":{"origin":57117,"position":5},"title":"V\u00eddeo | Entrevista de Ancelotti p\u00f3s-jogo Brasil 3 a 1 Cro\u00e1cia","author":"Luiz Ant\u00f4nio Pr\u00f3speri","date":"31 de mar\u00e7o de 2026","format":false,"excerpt":"Acompanhe a entrevista coletiva de Carlo Ancelotti p\u00f3s-jogo Brasil 3 a 1 Cro\u00e1cia. V\u00eddeo oficial da CBF TV:","rel":"","context":"Em &quot;copa 2026&quot;","block_context":{"text":"copa 2026","link":"https:\/\/blogdoprosperi.com\/?cat=36820279"},"img":{"alt_text":"","src":"https:\/\/i0.wp.com\/blogdoprosperi.com\/wp-content\/uploads\/2026\/03\/https___media.umdoisesportes.com_.br_main_2026_03_ancelotti-selecao-brasileira-entrevista.webp?fit=1200%2C675&ssl=1&resize=350%2C200","width":350,"height":200,"srcset":"https:\/\/i0.wp.com\/blogdoprosperi.com\/wp-content\/uploads\/2026\/03\/https___media.umdoisesportes.com_.br_main_2026_03_ancelotti-selecao-brasileira-entrevista.webp?fit=1200%2C675&ssl=1&resize=350%2C200 1x, https:\/\/i0.wp.com\/blogdoprosperi.com\/wp-content\/uploads\/2026\/03\/https___media.umdoisesportes.com_.br_main_2026_03_ancelotti-selecao-brasileira-entrevista.webp?fit=1200%2C675&ssl=1&resize=525%2C300 1.5x, https:\/\/i0.wp.com\/blogdoprosperi.com\/wp-content\/uploads\/2026\/03\/https___media.umdoisesportes.com_.br_main_2026_03_ancelotti-selecao-brasileira-entrevista.webp?fit=1200%2C675&ssl=1&resize=700%2C400 2x, https:\/\/i0.wp.com\/blogdoprosperi.com\/wp-content\/uploads\/2026\/03\/https___media.umdoisesportes.com_.br_main_2026_03_ancelotti-selecao-brasileira-entrevista.webp?fit=1200%2C675&ssl=1&resize=1050%2C600 3x"},"classes":[]}],"jetpack_featured_media_url":"https:\/\/i0.wp.com\/blogdoprosperi.com\/wp-content\/uploads\/2026\/03\/carlo-ancelotti-durante-convocacao-da-selecao-brasileira-para-amistosos-contra-franca-e-croacia-scaled-aspect-ratio-512-320-2.webp?fit=950%2C593&ssl=1","_links":{"self":[{"href":"https:\/\/blogdoprosperi.com\/index.php?rest_route=\/wp\/v2\/posts\/57117","targetHints":{"allow":["GET"]}}],"collection":[{"href":"https:\/\/blogdoprosperi.com\/index.php?rest_route=\/wp\/v2\/posts"}],"about":[{"href":"https:\/\/blogdoprosperi.com\/index.php?rest_route=\/wp\/v2\/types\/post"}],"author":[{"embeddable":true,"href":"https:\/\/blogdoprosperi.com\/index.php?rest_route=\/wp\/v2\/users\/102107496"}],"replies":[{"embeddable":true,"href":"https:\/\/blogdoprosperi.com\/index.php?rest_route=%2Fwp%2Fv2%2Fcomments&post=57117"}],"version-history":[{"count":2,"href":"https:\/\/blogdoprosperi.com\/index.php?rest_route=\/wp\/v2\/posts\/57117\/revisions"}],"predecessor-version":[{"id":57231,"href":"https:\/\/blogdoprosperi.com\/index.php?rest_route=\/wp\/v2\/posts\/57117\/revisions\/57231"}],"wp:featuredmedia":[{"embeddable":true,"href":"https:\/\/blogdoprosperi.com\/index.php?rest_route=\/wp\/v2\/media\/57126"}],"wp:attachment":[{"href":"https:\/\/blogdoprosperi.com\/index.php?rest_route=%2Fwp%2Fv2%2Fmedia&parent=57117"}],"wp:term":[{"taxonomy":"category","embeddable":true,"href":"https:\/\/blogdoprosperi.com\/index.php?rest_route=%2Fwp%2Fv2%2Fcategories&post=57117"},{"taxonomy":"post_tag","embeddable":true,"href":"https:\/\/blogdoprosperi.com\/index.php?rest_route=%2Fwp%2Fv2%2Ftags&post=57117"}],"curies":[{"name":"wp","href":"https:\/\/api.w.org\/{rel}","templated":true}]}}