{"id":57145,"date":"2026-03-28T13:00:46","date_gmt":"2026-03-28T16:00:46","guid":{"rendered":"https:\/\/blogdoprosperi.com\/?p=57145"},"modified":"2026-03-28T17:03:10","modified_gmt":"2026-03-28T20:03:10","slug":"o-neymar-dos-sonhos","status":"publish","type":"post","link":"https:\/\/blogdoprosperi.com\/?p=57145","title":{"rendered":"O Neymar dos Sonhos"},"content":{"rendered":"<p><em>Luiz Ant\u00f4nio Pr\u00f3speri \u2013 28 mar\u00e7o 2026 (12h49) \u2013<\/em><\/p>\n<p>Dia 18 de maio 2026. Guardem essa data. Cai numa segunda-feira. \u00c9 o dia em que Carlo Ancelotti vai revelar a lista dos 26 jogadores da Sele\u00e7\u00e3o Brasileira para a Copa do Mundo de 2026. Estamos neste s\u00e1bado (28\/3) a 51 dias do an\u00fancio de Ancelotti. \u00c9 o tempo que Neymar tem a fazer de sua vida um cap\u00edtulo definitivo na hist\u00f3ria o futebol.<\/p>\n<p>E que hist\u00f3ria. O ponto final dessa epopeia seira dia 19 de julho 2026, a partir das 16h (hor\u00e1rio de Bras\u00edlia), no colossal MetLife Stadium, em East Rutherford, Nova Jersey, ali bem pertinho de Nova York, outrora a capital do mundo. Ali, a Copa de 2026 se acaba. Ali, no imagin\u00e1rio de Neymar, ele marcaria o gol do t\u00edtulo da Sele\u00e7\u00e3o consagrando a conquista do Hexa e sustentando a hegemonia do Brasil, o \u00fanico seis estrelas de todas as Copas do Mundo.<\/p>\n<p>O sonho est\u00e1 nas suas m\u00e3os. A encrenca \u00e9 que o Neymar dos sonhos da esmagadora maioria da torcida brasileira est\u00e1 \u00e0 gal\u00e1xias de dist\u00e2ncia da realidade. E n\u00e3o h\u00e1 meios de se encurtar a dist\u00e2ncia ou atrasar o rel\u00f3gio.<\/p>\n<p>Neymar, j\u00e1 foi dito aqui nesse blog, precisa encarnar a for\u00e7a de vontade de Ronaldo Fen\u00f4meno. Retroceder no tempo e entender como o Fen\u00f4meno sai da situa\u00e7\u00e3o de quase aleijado com dois joelhos esgar\u00e7ados a protagonista dos protagonistas na Copa de 2002. Naquela Copa h\u00e1 24 anos, Ronaldo pede ao m\u00e9dico da Sele\u00e7\u00e3o, Jos\u00e9 Luis Runco, um plano de recupera\u00e7\u00e3o total de seu corpo.<\/p>\n<p>Runco apresenta a planilha com fisiologistas, cl\u00ednicos, preparadores f\u00edsicos, nutricionista, psic\u00f3logo, oftalmologista, ortodontista, todos prontos a ajudar Ronaldo. Se fecham por pouco mais de 20 dias na Granja Comary, Teres\u00f3polis, em fevereiro com o carnaval correndo solto em todo Brasil.<\/p>\n<p>Fen\u00f4meno encara o desafio e sai de l\u00e1 quase inteiro ap\u00f3s tratamento intensivo no campo e avalia\u00e7\u00f5es m\u00e9dicas. Felip\u00e3o se convence de que n\u00e3o erraria em apostar no repaginado Ronaldo na Copa. Estabelece a meta de fazer Ronaldo atuar pelo menos 70 minutos nos amistosos pr\u00e9-Copa e, mesmo na fase de grupos da Copa 2002, substituir Ronaldo ao completar os 70 minutos do jogo. Era o Ronaldo 70, nas palavras de Felip\u00e3o.<\/p>\n<p>Deu no que deu. Ronaldo faz oito gols, vira artilheiro da Copa e o Brasil conquista o Penta.<\/p>\n<p>Neymar pode repetir pelo menos parte do produto final Ronaldo 70 se estiver mesmo empenhado em disputar a Copa 2006.<\/p>\n<p>Por enquanto, Neymar parece jogar com as armas usadas por Rom\u00e1rio na pr\u00e9-Copa 1998.<\/p>\n<p>\u00cddolo nacional inconteste, her\u00f3i do Tetra na Copa de 94, Rom\u00e1rio, o Baixinho, o Peixe, queria jogar a Copa de 98 na marra. Marrento se esbalda no futev\u00f4lei nas praias cariocas. Rasga a panturrilha. Mesmo sem condi\u00e7\u00f5es f\u00edsicas, tamanha sua irresponsabilidade \u00e0s v\u00e9speras da Copa 98, \u00e9 convocado por Zagallo, que se acovarda diante da opini\u00e3o p\u00fablica e maioria da imprensa a favor de Rom\u00e1rio.<\/p>\n<p>Rom\u00e1rio vai \u00e0 Fran\u00e7a e em uma semana de prepara\u00e7\u00e3o do time \u00e9 cortado da Sele\u00e7\u00e3o a poucos dias da estreia do Brasil no Mundial. Zagallo e o m\u00e9dico Lidio Toledo se rendem \u00e0s pondera\u00e7\u00f5es de Zico, na \u00e9poca coordenador da Sele\u00e7\u00e3o. Zico n\u00e3o se convence, com raz\u00e3o, de que Rom\u00e1rio se recuperaria em t\u00e3o curto espa\u00e7o de tempo. O Baixinho derrama l\u00e1grimas na despedida da Fran\u00e7a e volta ao Brasil.<\/p>\n<p>Amargurado, Rom\u00e1rio se diz injusti\u00e7ado. Garante para todo mundo que se recuperaria durante a fase de grupos da Copa e voltaria na fase de mata-mata. Imposs\u00edvel. De volta ao Rio, for\u00e7ou um jogo mambembe para provar que estava recuperado na mesma semana que o Brasil jogaria as oitavas de final da Copa. E ficou nisso.<\/p>\n<p>Rom\u00e1rio enganou-se a si mesmo. Se iludiu com a press\u00e3o da opini\u00e3o p\u00fablica e maioria da imprensa a seu favor naquele momento pr\u00e9-Copa quando era o dono da Sele\u00e7\u00e3o Brasileira.<\/p>\n<p>Neymar est\u00e1 nessa mar\u00e9 de Rom\u00e1rio de 1998. Se olha no espelho de duas faces. Por enquanto, est\u00e1 a olhar na face errada. A certa \u00e9 espelhar-se em Ronaldo Fen\u00f4meno de 2002.<\/p>\n<p>Ali\u00e1s, um descompromissado Rom\u00e1rio tenta dar esse mesmo golpe na Copa de 2002 for\u00e7ando Felip\u00e3o a lev\u00e1-lo \u00e0 Coreia do Sul e Jap\u00e3o embalado na opini\u00e3o p\u00fablica e parte da imprensa. Felip\u00e3o n\u00e3o se rende \u00e0s bravatas de Rom\u00e1rio e joga suas fichas em Ronaldo e Rivaldo com aux\u00edlio do menino Ronaldinho Ga\u00facho.<\/p>\n<p>Por enquanto, Ancelotti repete Felip\u00e3o. Neymar insiste em ser Rom\u00e1rio. Essa hist\u00f3ria tem dia e hora para acabar: 18 de maio a partir das 15h na sede da CBF.<\/p>\n<p>O Neymar dos sonhos nem nos sonhos existe.<\/p>\n","protected":false},"excerpt":{"rendered":"<p>Luiz Ant\u00f4nio Pr\u00f3speri \u2013 28 mar\u00e7o 2026 (12h49) \u2013 Dia 18 de maio 2026. Guardem essa data. Cai [&hellip;]<\/p>\n","protected":false},"author":102107496,"featured_media":57154,"comment_status":"open","ping_status":"open","sticky":false,"template":"","format":"standard","meta":{"_coblocks_attr":"","_coblocks_dimensions":"","_coblocks_responsive_height":"","_coblocks_accordion_ie_support":"","_jetpack_newsletter_access":"","_jetpack_dont_email_post_to_subs":false,"_jetpack_newsletter_tier_id":0,"_jetpack_memberships_contains_paywalled_content":false,"_wpcom_ai_launchpad_first_post":false,"_jetpack_feature_clip_id":0,"_jetpack_memberships_contains_paid_content":false,"footnotes":"","jetpack_publicize_message":"","jetpack_publicize_feature_enabled":true,"jetpack_social_post_already_shared":false,"jetpack_social_options":{"image_generator_settings":{"template":"highway","default_image_id":0,"font":"","enabled":false},"version":2},"jetpack_post_was_ever_published":false},"categories":[36820279,53870],"tags":[569949222,4112146,621258,117669482,10149860],"class_list":["post-57145","post","type-post","status-publish","format-standard","has-post-thumbnail","hentry","category-copa-2026","category-futebol","tag-copa2026","tag-neymar","tag-romario","tag-ronaldofenomeno","tag-selecaobrasileira"],"yoast_head":"<!-- This site is optimized with the Yoast SEO plugin v28.3 - https:\/\/yoast.com\/product\/yoast-seo-wordpress\/ -->\n<title>O Neymar dos Sonhos - PR\u00d3SPERI NEWS<\/title>\n<meta name=\"robots\" content=\"index, follow, max-snippet:-1, max-image-preview:large, max-video-preview:-1\" \/>\n<link rel=\"canonical\" href=\"https:\/\/blogdoprosperi.com\/?p=57145\" \/>\n<meta property=\"og:locale\" content=\"pt_BR\" \/>\n<meta property=\"og:type\" content=\"article\" \/>\n<meta property=\"og:title\" content=\"O Neymar dos Sonhos - PR\u00d3SPERI NEWS\" \/>\n<meta property=\"og:description\" content=\"Luiz Ant\u00f4nio Pr\u00f3speri \u2013 28 mar\u00e7o 2026 (12h49) \u2013 Dia 18 de maio 2026. Guardem essa data. Cai [&hellip;]\" \/>\n<meta property=\"og:url\" content=\"https:\/\/blogdoprosperi.com\/?p=57145\" \/>\n<meta property=\"og:site_name\" content=\"PR\u00d3SPERI NEWS\" \/>\n<meta property=\"article:publisher\" content=\"Luiz Pr\u00f3speri\" \/>\n<meta property=\"article:author\" content=\"Luiz Pr\u00f3speri\" \/>\n<meta property=\"article:published_time\" content=\"2026-03-28T16:00:46+00:00\" \/>\n<meta property=\"article:modified_time\" content=\"2026-03-28T20:03:10+00:00\" \/>\n<meta property=\"og:image\" content=\"https:\/\/i0.wp.com\/blogdoprosperi.com\/wp-content\/uploads\/2026\/03\/captura-de-tela-2026-03-28-as-12.29.27.png?fit=888%2C666&ssl=1\" \/>\n\t<meta property=\"og:image:width\" content=\"888\" \/>\n\t<meta property=\"og:image:height\" content=\"666\" \/>\n\t<meta property=\"og:image:type\" content=\"image\/png\" \/>\n<meta name=\"author\" content=\"Luiz Ant\u00f4nio Pr\u00f3speri\" \/>\n<meta name=\"twitter:card\" content=\"summary_large_image\" \/>\n<meta name=\"twitter:creator\" content=\"@Luizprosperi\" \/>\n<meta name=\"twitter:site\" content=\"@Luizprosperi\" \/>\n<meta name=\"twitter:label1\" content=\"Escrito por\" \/>\n\t<meta name=\"twitter:data1\" content=\"Luiz Ant\u00f4nio Pr\u00f3speri\" \/>\n\t<meta name=\"twitter:label2\" content=\"Est. tempo de leitura\" \/>\n\t<meta name=\"twitter:data2\" content=\"4 minutos\" \/>\n<script type=\"application\/ld+json\" class=\"yoast-schema-graph\">{\"@context\":\"https:\\\/\\\/schema.org\",\"@graph\":[{\"@type\":\"Article\",\"@id\":\"https:\\\/\\\/blogdoprosperi.com\\\/?p=57145#article\",\"isPartOf\":{\"@id\":\"https:\\\/\\\/blogdoprosperi.com\\\/?p=57145\"},\"author\":{\"name\":\"Luiz Ant\u00f4nio Pr\u00f3speri\",\"@id\":\"https:\\\/\\\/blogdoprosperi.com\\\/#\\\/schema\\\/person\\\/38100755ce3601861ee4fab9b5aa78e9\"},\"headline\":\"O Neymar dos Sonhos\",\"datePublished\":\"2026-03-28T16:00:46+00:00\",\"dateModified\":\"2026-03-28T20:03:10+00:00\",\"mainEntityOfPage\":{\"@id\":\"https:\\\/\\\/blogdoprosperi.com\\\/?p=57145\"},\"wordCount\":824,\"commentCount\":1,\"publisher\":{\"@id\":\"https:\\\/\\\/blogdoprosperi.com\\\/#\\\/schema\\\/person\\\/38100755ce3601861ee4fab9b5aa78e9\"},\"image\":{\"@id\":\"https:\\\/\\\/blogdoprosperi.com\\\/?p=57145#primaryimage\"},\"thumbnailUrl\":\"https:\\\/\\\/i0.wp.com\\\/blogdoprosperi.com\\\/wp-content\\\/uploads\\\/2026\\\/03\\\/captura-de-tela-2026-03-28-as-12.29.27.png?fit=888%2C666&ssl=1\",\"keywords\":[\"Copa2026\",\"Neymar\",\"Rom\u00e1rio\",\"ronaldofen\u00f4meno\",\"Sele\u00e7\u00e3oBrasileira\"],\"articleSection\":[\"copa 2026\",\"futebol\"],\"inLanguage\":\"pt-BR\",\"potentialAction\":[{\"@type\":\"CommentAction\",\"name\":\"Comment\",\"target\":[\"https:\\\/\\\/blogdoprosperi.com\\\/?p=57145#respond\"]}]},{\"@type\":\"WebPage\",\"@id\":\"https:\\\/\\\/blogdoprosperi.com\\\/?p=57145\",\"url\":\"https:\\\/\\\/blogdoprosperi.com\\\/?p=57145\",\"name\":\"O Neymar dos Sonhos - PR\u00d3SPERI NEWS\",\"isPartOf\":{\"@id\":\"https:\\\/\\\/blogdoprosperi.com\\\/#website\"},\"primaryImageOfPage\":{\"@id\":\"https:\\\/\\\/blogdoprosperi.com\\\/?p=57145#primaryimage\"},\"image\":{\"@id\":\"https:\\\/\\\/blogdoprosperi.com\\\/?p=57145#primaryimage\"},\"thumbnailUrl\":\"https:\\\/\\\/i0.wp.com\\\/blogdoprosperi.com\\\/wp-content\\\/uploads\\\/2026\\\/03\\\/captura-de-tela-2026-03-28-as-12.29.27.png?fit=888%2C666&ssl=1\",\"datePublished\":\"2026-03-28T16:00:46+00:00\",\"dateModified\":\"2026-03-28T20:03:10+00:00\",\"breadcrumb\":{\"@id\":\"https:\\\/\\\/blogdoprosperi.com\\\/?p=57145#breadcrumb\"},\"inLanguage\":\"pt-BR\",\"potentialAction\":[{\"@type\":\"ReadAction\",\"target\":[\"https:\\\/\\\/blogdoprosperi.com\\\/?p=57145\"]}]},{\"@type\":\"ImageObject\",\"inLanguage\":\"pt-BR\",\"@id\":\"https:\\\/\\\/blogdoprosperi.com\\\/?p=57145#primaryimage\",\"url\":\"https:\\\/\\\/i0.wp.com\\\/blogdoprosperi.com\\\/wp-content\\\/uploads\\\/2026\\\/03\\\/captura-de-tela-2026-03-28-as-12.29.27.png?fit=888%2C666&ssl=1\",\"contentUrl\":\"https:\\\/\\\/i0.wp.com\\\/blogdoprosperi.com\\\/wp-content\\\/uploads\\\/2026\\\/03\\\/captura-de-tela-2026-03-28-as-12.29.27.png?fit=888%2C666&ssl=1\",\"width\":888,\"height\":666,\"caption\":\"Imagem reproduzida do site neymarjr.com\"},{\"@type\":\"BreadcrumbList\",\"@id\":\"https:\\\/\\\/blogdoprosperi.com\\\/?p=57145#breadcrumb\",\"itemListElement\":[{\"@type\":\"ListItem\",\"position\":1,\"name\":\"In\u00edcio\",\"item\":\"https:\\\/\\\/blogdoprosperi.com\\\/\"},{\"@type\":\"ListItem\",\"position\":2,\"name\":\"O Neymar dos Sonhos\"}]},{\"@type\":\"WebSite\",\"@id\":\"https:\\\/\\\/blogdoprosperi.com\\\/#website\",\"url\":\"https:\\\/\\\/blogdoprosperi.com\\\/\",\"name\":\"PR\u00d3SPERI NEWS\",\"description\":\"TUDO \u00c9  FUTEBOL\",\"publisher\":{\"@id\":\"https:\\\/\\\/blogdoprosperi.com\\\/#\\\/schema\\\/person\\\/38100755ce3601861ee4fab9b5aa78e9\"},\"alternateName\":\"blogdoprosperi.com\",\"potentialAction\":[{\"@type\":\"SearchAction\",\"target\":{\"@type\":\"EntryPoint\",\"urlTemplate\":\"https:\\\/\\\/blogdoprosperi.com\\\/?s={search_term_string}\"},\"query-input\":{\"@type\":\"PropertyValueSpecification\",\"valueRequired\":true,\"valueName\":\"search_term_string\"}}],\"inLanguage\":\"pt-BR\"},{\"@type\":[\"Person\",\"Organization\"],\"@id\":\"https:\\\/\\\/blogdoprosperi.com\\\/#\\\/schema\\\/person\\\/38100755ce3601861ee4fab9b5aa78e9\",\"name\":\"Luiz Ant\u00f4nio Pr\u00f3speri\",\"pronouns\":\"ele\",\"image\":{\"@type\":\"ImageObject\",\"inLanguage\":\"pt-BR\",\"@id\":\"https:\\\/\\\/i0.wp.com\\\/blogdoprosperi.com\\\/wp-content\\\/uploads\\\/2026\\\/05\\\/cropped-8059e613-6002-42fa-961e-8e275f575d71-2-5.jpg?fit=1360%2C931&ssl=1\",\"url\":\"https:\\\/\\\/i0.wp.com\\\/blogdoprosperi.com\\\/wp-content\\\/uploads\\\/2026\\\/05\\\/cropped-8059e613-6002-42fa-961e-8e275f575d71-2-5.jpg?fit=1360%2C931&ssl=1\",\"contentUrl\":\"https:\\\/\\\/i0.wp.com\\\/blogdoprosperi.com\\\/wp-content\\\/uploads\\\/2026\\\/05\\\/cropped-8059e613-6002-42fa-961e-8e275f575d71-2-5.jpg?fit=1360%2C931&ssl=1\",\"width\":1360,\"height\":931,\"caption\":\"Luiz Ant\u00f4nio Pr\u00f3speri\"},\"logo\":{\"@id\":\"https:\\\/\\\/i0.wp.com\\\/blogdoprosperi.com\\\/wp-content\\\/uploads\\\/2026\\\/05\\\/cropped-8059e613-6002-42fa-961e-8e275f575d71-2-5.jpg?fit=1360%2C931&ssl=1\"},\"description\":\"Jornalista com carreira dedicada ao esporte. Cobriu 9 Copas do Mundo in loco, 1990 na It\u00e1lia, 1994 nos EUA, 1998 na Fran\u00e7a, 2002 na Coreia do Sul e Jap\u00e3o, 2006 na Alemanha, 2010 na \u00c1frica do Sul, 2014 no Brasil, 2018 na R\u00fassia e 2022 no Qatar. Eurocopas, 1992 na Su\u00e9cia e 1996 na Inglaterra. Copa das Confedera\u00e7\u00f5es de 2005 na Alemanha e 2009 na \u00c1frica do Sul. Rep\u00f3rter e Editor, trabalhou no Jornal da Tarde e Estad\u00e3o, de 1984 a fevereiro de 2016. Colunista, blogueiro. E comentarista de futebol na R\u00e1dio Estad\u00e3o, de 2013 a fevereiro de 2016. Jornalista respons\u00e1vel do \\\"Pr\u00f3speri News\\\" (blogdoprosperi.com).\",\"sameAs\":[\"http:\\\/\\\/blogdoprosperi.com\",\"Luiz Pr\u00f3speri\",\"@luiz_prosperi\",\"https:\\\/\\\/x.com\\\/Luizprosperi\",\"@prosperinacopa\",\"luiz.prosperi@icloud.com\"],\"url\":\"https:\\\/\\\/blogdoprosperi.com\\\/?author=102107496\"}]}<\/script>\n<!-- \/ Yoast SEO plugin. -->","yoast_head_json":{"title":"O Neymar dos Sonhos - PR\u00d3SPERI NEWS","robots":{"index":"index","follow":"follow","max-snippet":"max-snippet:-1","max-image-preview":"max-image-preview:large","max-video-preview":"max-video-preview:-1"},"canonical":"https:\/\/blogdoprosperi.com\/?p=57145","og_locale":"pt_BR","og_type":"article","og_title":"O Neymar dos Sonhos - PR\u00d3SPERI NEWS","og_description":"Luiz Ant\u00f4nio Pr\u00f3speri \u2013 28 mar\u00e7o 2026 (12h49) \u2013 Dia 18 de maio 2026. Guardem essa data. Cai [&hellip;]","og_url":"https:\/\/blogdoprosperi.com\/?p=57145","og_site_name":"PR\u00d3SPERI NEWS","article_publisher":"Luiz Pr\u00f3speri","article_author":"Luiz Pr\u00f3speri","article_published_time":"2026-03-28T16:00:46+00:00","article_modified_time":"2026-03-28T20:03:10+00:00","og_image":[{"width":888,"height":666,"url":"https:\/\/i0.wp.com\/blogdoprosperi.com\/wp-content\/uploads\/2026\/03\/captura-de-tela-2026-03-28-as-12.29.27.png?fit=888%2C666&ssl=1","type":"image\/png"}],"author":"Luiz Ant\u00f4nio Pr\u00f3speri","twitter_card":"summary_large_image","twitter_creator":"@Luizprosperi","twitter_site":"@Luizprosperi","twitter_misc":{"Escrito por":"Luiz Ant\u00f4nio Pr\u00f3speri","Est. tempo de leitura":"4 minutos"},"schema":{"@context":"https:\/\/schema.org","@graph":[{"@type":"Article","@id":"https:\/\/blogdoprosperi.com\/?p=57145#article","isPartOf":{"@id":"https:\/\/blogdoprosperi.com\/?p=57145"},"author":{"name":"Luiz Ant\u00f4nio Pr\u00f3speri","@id":"https:\/\/blogdoprosperi.com\/#\/schema\/person\/38100755ce3601861ee4fab9b5aa78e9"},"headline":"O Neymar dos Sonhos","datePublished":"2026-03-28T16:00:46+00:00","dateModified":"2026-03-28T20:03:10+00:00","mainEntityOfPage":{"@id":"https:\/\/blogdoprosperi.com\/?p=57145"},"wordCount":824,"commentCount":1,"publisher":{"@id":"https:\/\/blogdoprosperi.com\/#\/schema\/person\/38100755ce3601861ee4fab9b5aa78e9"},"image":{"@id":"https:\/\/blogdoprosperi.com\/?p=57145#primaryimage"},"thumbnailUrl":"https:\/\/i0.wp.com\/blogdoprosperi.com\/wp-content\/uploads\/2026\/03\/captura-de-tela-2026-03-28-as-12.29.27.png?fit=888%2C666&ssl=1","keywords":["Copa2026","Neymar","Rom\u00e1rio","ronaldofen\u00f4meno","Sele\u00e7\u00e3oBrasileira"],"articleSection":["copa 2026","futebol"],"inLanguage":"pt-BR","potentialAction":[{"@type":"CommentAction","name":"Comment","target":["https:\/\/blogdoprosperi.com\/?p=57145#respond"]}]},{"@type":"WebPage","@id":"https:\/\/blogdoprosperi.com\/?p=57145","url":"https:\/\/blogdoprosperi.com\/?p=57145","name":"O Neymar dos Sonhos - PR\u00d3SPERI NEWS","isPartOf":{"@id":"https:\/\/blogdoprosperi.com\/#website"},"primaryImageOfPage":{"@id":"https:\/\/blogdoprosperi.com\/?p=57145#primaryimage"},"image":{"@id":"https:\/\/blogdoprosperi.com\/?p=57145#primaryimage"},"thumbnailUrl":"https:\/\/i0.wp.com\/blogdoprosperi.com\/wp-content\/uploads\/2026\/03\/captura-de-tela-2026-03-28-as-12.29.27.png?fit=888%2C666&ssl=1","datePublished":"2026-03-28T16:00:46+00:00","dateModified":"2026-03-28T20:03:10+00:00","breadcrumb":{"@id":"https:\/\/blogdoprosperi.com\/?p=57145#breadcrumb"},"inLanguage":"pt-BR","potentialAction":[{"@type":"ReadAction","target":["https:\/\/blogdoprosperi.com\/?p=57145"]}]},{"@type":"ImageObject","inLanguage":"pt-BR","@id":"https:\/\/blogdoprosperi.com\/?p=57145#primaryimage","url":"https:\/\/i0.wp.com\/blogdoprosperi.com\/wp-content\/uploads\/2026\/03\/captura-de-tela-2026-03-28-as-12.29.27.png?fit=888%2C666&ssl=1","contentUrl":"https:\/\/i0.wp.com\/blogdoprosperi.com\/wp-content\/uploads\/2026\/03\/captura-de-tela-2026-03-28-as-12.29.27.png?fit=888%2C666&ssl=1","width":888,"height":666,"caption":"Imagem reproduzida do site neymarjr.com"},{"@type":"BreadcrumbList","@id":"https:\/\/blogdoprosperi.com\/?p=57145#breadcrumb","itemListElement":[{"@type":"ListItem","position":1,"name":"In\u00edcio","item":"https:\/\/blogdoprosperi.com\/"},{"@type":"ListItem","position":2,"name":"O Neymar dos Sonhos"}]},{"@type":"WebSite","@id":"https:\/\/blogdoprosperi.com\/#website","url":"https:\/\/blogdoprosperi.com\/","name":"PR\u00d3SPERI NEWS","description":"TUDO \u00c9  FUTEBOL","publisher":{"@id":"https:\/\/blogdoprosperi.com\/#\/schema\/person\/38100755ce3601861ee4fab9b5aa78e9"},"alternateName":"blogdoprosperi.com","potentialAction":[{"@type":"SearchAction","target":{"@type":"EntryPoint","urlTemplate":"https:\/\/blogdoprosperi.com\/?s={search_term_string}"},"query-input":{"@type":"PropertyValueSpecification","valueRequired":true,"valueName":"search_term_string"}}],"inLanguage":"pt-BR"},{"@type":["Person","Organization"],"@id":"https:\/\/blogdoprosperi.com\/#\/schema\/person\/38100755ce3601861ee4fab9b5aa78e9","name":"Luiz Ant\u00f4nio Pr\u00f3speri","pronouns":"ele","image":{"@type":"ImageObject","inLanguage":"pt-BR","@id":"https:\/\/i0.wp.com\/blogdoprosperi.com\/wp-content\/uploads\/2026\/05\/cropped-8059e613-6002-42fa-961e-8e275f575d71-2-5.jpg?fit=1360%2C931&ssl=1","url":"https:\/\/i0.wp.com\/blogdoprosperi.com\/wp-content\/uploads\/2026\/05\/cropped-8059e613-6002-42fa-961e-8e275f575d71-2-5.jpg?fit=1360%2C931&ssl=1","contentUrl":"https:\/\/i0.wp.com\/blogdoprosperi.com\/wp-content\/uploads\/2026\/05\/cropped-8059e613-6002-42fa-961e-8e275f575d71-2-5.jpg?fit=1360%2C931&ssl=1","width":1360,"height":931,"caption":"Luiz Ant\u00f4nio Pr\u00f3speri"},"logo":{"@id":"https:\/\/i0.wp.com\/blogdoprosperi.com\/wp-content\/uploads\/2026\/05\/cropped-8059e613-6002-42fa-961e-8e275f575d71-2-5.jpg?fit=1360%2C931&ssl=1"},"description":"Jornalista com carreira dedicada ao esporte. Cobriu 9 Copas do Mundo in loco, 1990 na It\u00e1lia, 1994 nos EUA, 1998 na Fran\u00e7a, 2002 na Coreia do Sul e Jap\u00e3o, 2006 na Alemanha, 2010 na \u00c1frica do Sul, 2014 no Brasil, 2018 na R\u00fassia e 2022 no Qatar. Eurocopas, 1992 na Su\u00e9cia e 1996 na Inglaterra. Copa das Confedera\u00e7\u00f5es de 2005 na Alemanha e 2009 na \u00c1frica do Sul. Rep\u00f3rter e Editor, trabalhou no Jornal da Tarde e Estad\u00e3o, de 1984 a fevereiro de 2016. Colunista, blogueiro. E comentarista de futebol na R\u00e1dio Estad\u00e3o, de 2013 a fevereiro de 2016. Jornalista respons\u00e1vel do \"Pr\u00f3speri News\" (blogdoprosperi.com).","sameAs":["http:\/\/blogdoprosperi.com","Luiz Pr\u00f3speri","@luiz_prosperi","https:\/\/x.com\/Luizprosperi","@prosperinacopa","luiz.prosperi@icloud.com"],"url":"https:\/\/blogdoprosperi.com\/?author=102107496"}]}},"jetpack_publicize_connections":[],"jetpack_likes_enabled":false,"jetpack_sharing_enabled":true,"jetpack_shortlink":"https:\/\/wp.me\/p7jvdk-eRH","jetpack-related-posts":[{"id":60200,"url":"https:\/\/blogdoprosperi.com\/?p=60200","url_meta":{"origin":57145,"position":0},"title":"Invent\u00e1rio da derrota (epis\u00f3dio 2):  Da suntuosa convoca\u00e7\u00e3o e Neymar ao mundo rico na Copa","author":"Luiz Ant\u00f4nio Pr\u00f3speri","date":"12 de julho de 2026","format":false,"excerpt":"Luiz Ant\u00f4nio Pr\u00f3speri \u2013 12 julho 2026 (16h33) Invent\u00e1rio da Derrota do Brasil na Copa do Mundo 2026 chega ao #epis\u00f3dio 2. Aqui voc\u00ea vai entender os motivos que levaram Carlo Ancelotti a aceitar a megalomania de a CBF tratar o futebol brasileiro como um gigante dormindo em ber\u00e7o espl\u00eandido.\u2026","rel":"","context":"Em &quot;copa 2026&quot;","block_context":{"text":"copa 2026","link":"https:\/\/blogdoprosperi.com\/?cat=36820279"},"img":{"alt_text":"","src":"https:\/\/i0.wp.com\/blogdoprosperi.com\/wp-content\/uploads\/2026\/07\/02JULHO26_TREINO_37.jpg?fit=1200%2C801&ssl=1&resize=350%2C200","width":350,"height":200,"srcset":"https:\/\/i0.wp.com\/blogdoprosperi.com\/wp-content\/uploads\/2026\/07\/02JULHO26_TREINO_37.jpg?fit=1200%2C801&ssl=1&resize=350%2C200 1x, https:\/\/i0.wp.com\/blogdoprosperi.com\/wp-content\/uploads\/2026\/07\/02JULHO26_TREINO_37.jpg?fit=1200%2C801&ssl=1&resize=525%2C300 1.5x, https:\/\/i0.wp.com\/blogdoprosperi.com\/wp-content\/uploads\/2026\/07\/02JULHO26_TREINO_37.jpg?fit=1200%2C801&ssl=1&resize=700%2C400 2x, https:\/\/i0.wp.com\/blogdoprosperi.com\/wp-content\/uploads\/2026\/07\/02JULHO26_TREINO_37.jpg?fit=1200%2C801&ssl=1&resize=1050%2C600 3x"},"classes":[]},{"id":59609,"url":"https:\/\/blogdoprosperi.com\/?p=59609","url_meta":{"origin":57145,"position":1},"title":"Bastidores da Sele\u00e7\u00e3o Raphinha fora da Copa, vem Neymar","author":"Luiz Ant\u00f4nio Pr\u00f3speri","date":"21 de junho de 2026","format":false,"excerpt":"Luiz Ant\u00f4nio Pr\u00f3speri, de Morristown, 21 junho 2026 (12h51) Raphinha fora da Copa do Mundo s\u00f3 faz crescer os dramas de Carlo Ancelotti. N\u00e3o que o atacante do Barcelona fa\u00e7a tanta falta assim, na opini\u00e3o de boa parte da torcida verde e amarela. Ancelotti n\u00e3o pensa como os torcedores. \"Raphinha\u2026","rel":"","context":"Em &quot;copa 2026&quot;","block_context":{"text":"copa 2026","link":"https:\/\/blogdoprosperi.com\/?cat=36820279"},"img":{"alt_text":"","src":"https:\/\/i0.wp.com\/blogdoprosperi.com\/wp-content\/uploads\/2026\/06\/Captura-de-Tela-2026-06-21-as-17.34.09.png?fit=1200%2C909&ssl=1&resize=350%2C200","width":350,"height":200,"srcset":"https:\/\/i0.wp.com\/blogdoprosperi.com\/wp-content\/uploads\/2026\/06\/Captura-de-Tela-2026-06-21-as-17.34.09.png?fit=1200%2C909&ssl=1&resize=350%2C200 1x, https:\/\/i0.wp.com\/blogdoprosperi.com\/wp-content\/uploads\/2026\/06\/Captura-de-Tela-2026-06-21-as-17.34.09.png?fit=1200%2C909&ssl=1&resize=525%2C300 1.5x, https:\/\/i0.wp.com\/blogdoprosperi.com\/wp-content\/uploads\/2026\/06\/Captura-de-Tela-2026-06-21-as-17.34.09.png?fit=1200%2C909&ssl=1&resize=700%2C400 2x, https:\/\/i0.wp.com\/blogdoprosperi.com\/wp-content\/uploads\/2026\/06\/Captura-de-Tela-2026-06-21-as-17.34.09.png?fit=1200%2C909&ssl=1&resize=1050%2C600 3x"},"classes":[]},{"id":56656,"url":"https:\/\/blogdoprosperi.com\/?p=56656","url_meta":{"origin":57145,"position":2},"title":"Sele\u00e7\u00e3o Brasileira | Ancelotti N\u00e3o Convoca Mas N\u00e3o Descarta Neymar na Copa","author":"Luiz Ant\u00f4nio Pr\u00f3speri","date":"16 de mar\u00e7o de 2026","format":false,"excerpt":"Neymar continua fora da Sele\u00e7\u00e3o e diminui a chance de jogar a Copa do Mundo 2026. Afastado da Sele\u00e7\u00e3o Brasileira desde outubro de 2023, quando rompe os ligamentos cruzados do joelho esquerdo no jogo contra o. Uruguai, o craque santista n\u00e3o aparece na lista Carlo Ancelotti para os amistosos contra\u2026","rel":"","context":"Em &quot;copa 2026&quot;","block_context":{"text":"copa 2026","link":"https:\/\/blogdoprosperi.com\/?cat=36820279"},"img":{"alt_text":"neymar sim, neymar n\u00e3o","src":"https:\/\/i0.wp.com\/blogdoprosperi.com\/wp-content\/uploads\/2022\/11\/52534316743_e5ca84d055_c-1.jpg?fit=799%2C533&ssl=1&resize=350%2C200","width":350,"height":200,"srcset":"https:\/\/i0.wp.com\/blogdoprosperi.com\/wp-content\/uploads\/2022\/11\/52534316743_e5ca84d055_c-1.jpg?fit=799%2C533&ssl=1&resize=350%2C200 1x, https:\/\/i0.wp.com\/blogdoprosperi.com\/wp-content\/uploads\/2022\/11\/52534316743_e5ca84d055_c-1.jpg?fit=799%2C533&ssl=1&resize=525%2C300 1.5x, https:\/\/i0.wp.com\/blogdoprosperi.com\/wp-content\/uploads\/2022\/11\/52534316743_e5ca84d055_c-1.jpg?fit=799%2C533&ssl=1&resize=700%2C400 2x"},"classes":[]},{"id":58458,"url":"https:\/\/blogdoprosperi.com\/?p=58458","url_meta":{"origin":57145,"position":3},"title":"Entre Neymar e Endrick, o menino de verdade pode colocar a Copa debaixo do bra\u00e7o","author":"Luiz Ant\u00f4nio Pr\u00f3speri","date":"18 de maio de 2026","format":false,"excerpt":"Luiz Ant\u00f4nio Pr\u00f3speri \u2013 18 maio 2026 (19h29) \u2013 Neymar vai jogar a Copa do Mundo 2026. N\u00e3o \u00e9 uma surpresa. Muito menos efeito de uma enorme press\u00e3o em cima de Carlo Ancelotti. Trata-se de uma decis\u00e3o do treinador italiano e de seus pares de comiss\u00e3o t\u00e9cnica dentro dos padr\u00f5es\u2026","rel":"","context":"Em &quot;copa do mundo 2026&quot;","block_context":{"text":"copa do mundo 2026","link":"https:\/\/blogdoprosperi.com\/?cat=115102077"},"img":{"alt_text":"Endrick","src":"https:\/\/i0.wp.com\/blogdoprosperi.com\/wp-content\/uploads\/2026\/05\/endrick-celebra-apos-sofrer-penalti-no-amistoso-entre-brasil-e-croacia-antes-da-copa-do-mundo-2026-1775012812339_v2_900x506.jpg.webp?fit=900%2C506&ssl=1&resize=350%2C200","width":350,"height":200,"srcset":"https:\/\/i0.wp.com\/blogdoprosperi.com\/wp-content\/uploads\/2026\/05\/endrick-celebra-apos-sofrer-penalti-no-amistoso-entre-brasil-e-croacia-antes-da-copa-do-mundo-2026-1775012812339_v2_900x506.jpg.webp?fit=900%2C506&ssl=1&resize=350%2C200 1x, https:\/\/i0.wp.com\/blogdoprosperi.com\/wp-content\/uploads\/2026\/05\/endrick-celebra-apos-sofrer-penalti-no-amistoso-entre-brasil-e-croacia-antes-da-copa-do-mundo-2026-1775012812339_v2_900x506.jpg.webp?fit=900%2C506&ssl=1&resize=525%2C300 1.5x, https:\/\/i0.wp.com\/blogdoprosperi.com\/wp-content\/uploads\/2026\/05\/endrick-celebra-apos-sofrer-penalti-no-amistoso-entre-brasil-e-croacia-antes-da-copa-do-mundo-2026-1775012812339_v2_900x506.jpg.webp?fit=900%2C506&ssl=1&resize=700%2C400 2x"},"classes":[]},{"id":59164,"url":"https:\/\/blogdoprosperi.com\/?p=59164","url_meta":{"origin":57145,"position":4},"title":"Sele\u00e7\u00e3o Brasileira desembarca nos EUA e tem dez dias para cuidar de Neymar e arrumar o time","author":"Luiz Ant\u00f4nio Pr\u00f3speri","date":"2 de junho de 2026","format":false,"excerpt":"Luiz Ant\u00f4nio Pr\u00f3speri \u2013 2 junho 2026 (09h05) \u2013 Sele\u00e7\u00e3o Brasileira est\u00e1 nos Estados Unidos, palco da Copa do Mundo 2026. No desembarque, por volta das 8h30 (hor\u00e1rio de Bras\u00edlia), a delega\u00e7\u00e3o com 91 integrantes, entre jogadores, comiss\u00e3o t\u00e9cnica, dirigentes e funcion\u00e1rios da CBF, chega com uma bagagem de cerca\u2026","rel":"","context":"Em &quot;futebol&quot;","block_context":{"text":"futebol","link":"https:\/\/blogdoprosperi.com\/?cat=53870"},"img":{"alt_text":"","src":"https:\/\/i0.wp.com\/blogdoprosperi.com\/wp-content\/uploads\/2026\/06\/img_9536.jpg?fit=678%2C452&ssl=1&resize=350%2C200","width":350,"height":200,"srcset":"https:\/\/i0.wp.com\/blogdoprosperi.com\/wp-content\/uploads\/2026\/06\/img_9536.jpg?fit=678%2C452&ssl=1&resize=350%2C200 1x, https:\/\/i0.wp.com\/blogdoprosperi.com\/wp-content\/uploads\/2026\/06\/img_9536.jpg?fit=678%2C452&ssl=1&resize=525%2C300 1.5x"},"classes":[]},{"id":59253,"url":"https:\/\/blogdoprosperi.com\/?p=59253","url_meta":{"origin":57145,"position":5},"title":"Di\u00e1rio do Neymar (05\/6) | Nova resson\u00e2ncia na panturrilha define futuro do craque na Copa","author":"Luiz Ant\u00f4nio Pr\u00f3speri","date":"5 de junho de 2026","format":false,"excerpt":"Luiz Ant\u00f4nio Pr\u00f3speri \u2013 5 junho 2026 (13h49) Neymar est\u00e1 bem perto de voltar aos treinamentos com seus companheiros de Sele\u00e7\u00e3o Brasileira. A proje\u00e7\u00e3o \u00e9 do chefe Carlo Ancelotti. \"Acho que \u00e9 bastante clara (situa\u00e7\u00e3o de Neymar). Est\u00e1 fazendo um \u00f3timo trabalho individual. Creio que amanh\u00e3 (06\/6) vai fazer uma\u2026","rel":"","context":"Em &quot;copa 2026&quot;","block_context":{"text":"copa 2026","link":"https:\/\/blogdoprosperi.com\/?cat=36820279"},"img":{"alt_text":"","src":"https:\/\/i0.wp.com\/blogdoprosperi.com\/wp-content\/uploads\/2026\/06\/Captura-de-Tela-2026-06-05-as-13.28.03.png?fit=1200%2C864&ssl=1&resize=350%2C200","width":350,"height":200,"srcset":"https:\/\/i0.wp.com\/blogdoprosperi.com\/wp-content\/uploads\/2026\/06\/Captura-de-Tela-2026-06-05-as-13.28.03.png?fit=1200%2C864&ssl=1&resize=350%2C200 1x, https:\/\/i0.wp.com\/blogdoprosperi.com\/wp-content\/uploads\/2026\/06\/Captura-de-Tela-2026-06-05-as-13.28.03.png?fit=1200%2C864&ssl=1&resize=525%2C300 1.5x, https:\/\/i0.wp.com\/blogdoprosperi.com\/wp-content\/uploads\/2026\/06\/Captura-de-Tela-2026-06-05-as-13.28.03.png?fit=1200%2C864&ssl=1&resize=700%2C400 2x, https:\/\/i0.wp.com\/blogdoprosperi.com\/wp-content\/uploads\/2026\/06\/Captura-de-Tela-2026-06-05-as-13.28.03.png?fit=1200%2C864&ssl=1&resize=1050%2C600 3x"},"classes":[]}],"jetpack_featured_media_url":"https:\/\/i0.wp.com\/blogdoprosperi.com\/wp-content\/uploads\/2026\/03\/captura-de-tela-2026-03-28-as-12.29.27.png?fit=888%2C666&ssl=1","_links":{"self":[{"href":"https:\/\/blogdoprosperi.com\/index.php?rest_route=\/wp\/v2\/posts\/57145","targetHints":{"allow":["GET"]}}],"collection":[{"href":"https:\/\/blogdoprosperi.com\/index.php?rest_route=\/wp\/v2\/posts"}],"about":[{"href":"https:\/\/blogdoprosperi.com\/index.php?rest_route=\/wp\/v2\/types\/post"}],"author":[{"embeddable":true,"href":"https:\/\/blogdoprosperi.com\/index.php?rest_route=\/wp\/v2\/users\/102107496"}],"replies":[{"embeddable":true,"href":"https:\/\/blogdoprosperi.com\/index.php?rest_route=%2Fwp%2Fv2%2Fcomments&post=57145"}],"version-history":[{"count":11,"href":"https:\/\/blogdoprosperi.com\/index.php?rest_route=\/wp\/v2\/posts\/57145\/revisions"}],"predecessor-version":[{"id":57174,"href":"https:\/\/blogdoprosperi.com\/index.php?rest_route=\/wp\/v2\/posts\/57145\/revisions\/57174"}],"wp:featuredmedia":[{"embeddable":true,"href":"https:\/\/blogdoprosperi.com\/index.php?rest_route=\/wp\/v2\/media\/57154"}],"wp:attachment":[{"href":"https:\/\/blogdoprosperi.com\/index.php?rest_route=%2Fwp%2Fv2%2Fmedia&parent=57145"}],"wp:term":[{"taxonomy":"category","embeddable":true,"href":"https:\/\/blogdoprosperi.com\/index.php?rest_route=%2Fwp%2Fv2%2Fcategories&post=57145"},{"taxonomy":"post_tag","embeddable":true,"href":"https:\/\/blogdoprosperi.com\/index.php?rest_route=%2Fwp%2Fv2%2Ftags&post=57145"}],"curies":[{"name":"wp","href":"https:\/\/api.w.org\/{rel}","templated":true}]}}