{"id":57277,"date":"2026-03-31T20:40:53","date_gmt":"2026-03-31T23:40:53","guid":{"rendered":"http:\/\/blogdoprosperi.com\/?p=57277"},"modified":"2026-03-31T20:40:53","modified_gmt":"2026-03-31T23:40:53","slug":"italia-fora-da-copa-apocalipse-continua","status":"publish","type":"post","link":"https:\/\/blogdoprosperi.com\/?p=57277","title":{"rendered":"It\u00e1lia Fora da Copa | Apocalipse Continua"},"content":{"rendered":"\n<p class=\"wp-block-paragraph\"><em>Texto do The Guardian<\/em> \u2013 31 mar\u00e7o 2026 \u2013<\/p>\n\n\n\n<p class=\"wp-block-paragraph\">A hist\u00f3ria ser\u00e1 a de mais um apocalipse italiano, mais um epis\u00f3dio infame para uma na\u00e7\u00e3o que j\u00e1 conquistou quatro Copas do Mundo, mas que come\u00e7a a acreditar que talvez nunca mais chegue \u00e0 final depois de ficar de fora pela terceira vez consecutiva.<\/p>\n\n\n\n<p class=\"wp-block-paragraph\">Ap\u00f3s uma surpreendente classifica\u00e7\u00e3o da Maced\u00f4nia do Norte em 2022 e uma humilhante derrota em dois jogos para a Su\u00e9cia cinco anos antes, eles encontraram uma nova maneira de ficar aqu\u00e9m em 2026 \u2013 sendo eliminados nos p\u00eanaltis na final da repescagem contra a B\u00f3snia e Herzegovina.<\/p>\n\n\n\n<p class=\"wp-block-paragraph\">Mas esta noite tamb\u00e9m deve ser lembrada pela atua\u00e7\u00e3o eletrizante dos anfitri\u00f5es, que merecem plenamente a vaga que conquistaram no torneio deste ver\u00e3o. Apesar de sa\u00edrem atr\u00e1s no placar com um gol de Moise Kean, o time de Sergej Barbarez manteve a cabe\u00e7a fria, continuou atacando e, no fim, dominou completamente a partida contra os italianos. O \u00fanico ponto fraco foi a finaliza\u00e7\u00e3o, que se mostrou mais convincente do que o esperado. Eles compensaram isso na disputa de p\u00eanaltis, convertendo todas as quatro cobran\u00e7as.<\/p>\n\n\n\n<p class=\"wp-block-paragraph\">Houve oportunidades mais do que suficientes para vencer esta partida nos 90 minutos regulamentares. Mesmo antes da expuls\u00e3o de Alessandro Bastoni pela&nbsp;<a href=\"https:\/\/www.theguardian.com\/football\/italy\">It\u00e1lia<\/a>&nbsp;, pouco antes do intervalo, a B\u00f3snia e Herzegovina j\u00e1 vencia por 11 a 2 em finaliza\u00e7\u00f5es. O gol de empate, marcado por Haris Tabakovic, s\u00f3 veio aos 79 minutos, mas foi o suficiente. A equipe lutou bravamente durante a prorroga\u00e7\u00e3o e venceu nos p\u00eanaltis pela segunda vez em cinco dias.<\/p>\n\n\n\n<p class=\"wp-block-paragraph\">Enquanto as comemora\u00e7\u00f5es come\u00e7avam, o pesadelo da It\u00e1lia continuava. Uma gera\u00e7\u00e3o inteira de jogadores jamais saber\u00e1 o que significa disputar uma Copa do Mundo. Foi o ent\u00e3o presidente da Federa\u00e7\u00e3o Italiana de Futebol, Carlo Tavecchio, quem usou a palavra &#8220;apocalipse&#8221; para descrever a n\u00e3o classifica\u00e7\u00e3o em 2018 \u2013 a primeira vez que a It\u00e1lia ficou de fora em 60 anos \u2013 antes de assumir a responsabilidade e renunciar. Como chamamos isso agora que se tornou a norma?<\/p>\n\n\n\n<p class=\"wp-block-paragraph\">&#8220;Dif\u00edcil de digerir&#8221;, foram as palavras do t\u00e9cnico da It\u00e1lia, Gennaro Gattuso. Ele agradeceu aos seus jogadores pelo esfor\u00e7o, dizendo que achava que eles mereciam mais. &#8220;Eles me surpreenderam hoje com a garra que demonstraram&#8221;, disse ele. &#8220;Mas estamos falando da en\u00e9sima vez que n\u00e3o vamos para a Copa do Mundo. Eu, pessoalmente, pe\u00e7o desculpas por isso.&#8221;<\/p>\n\n\n\n<p class=\"wp-block-paragraph\">Desde o in\u00edcio, a It\u00e1lia mostrou-se nervosa, cedendo uma oportunidade logo aos tr\u00eas minutos, quando Amar Memic teve espa\u00e7o para cruzar pela esquerda. Seu cruzamento rasteiro passou rente \u00e0 pequena \u00e1rea antes de Riccardo Calafiori desviar para Manuel Locatelli, que mandou a bola para escanteio. Ermedin Demirovic tentou outro chute, que quicou antes de parar nas m\u00e3os de Gianluigi Donnarumma.<\/p>\n\n\n\n<p class=\"wp-block-paragraph\">O que faltou em controle para a equipe de Gattuso, sobrou em frieza. A tentativa de Mateo Retegui de alcan\u00e7ar um recuo de bola b\u00f3snio fez com que o goleiro Nikola Vasilj entrasse em p\u00e2nico e entregasse a bola diretamente para outro italiano, Nicol\u00f2 Barella. Este encontrou Kean, que avan\u00e7ava pelo meio, e finalizou de primeira no \u00e2ngulo superior direito. Foi o sexto gol consecutivo de Kean pela It\u00e1lia.<\/p>\n\n\n\n<p class=\"wp-block-paragraph\">Antes do pontap\u00e9 inicial, Barbarez brincou dizendo que, se sua equipe marcasse primeiro, talvez tivessem que estacionar o \u00f4nibus na defesa, mas &#8220;se sofrermos um gol, talvez tenhamos que estacion\u00e1-lo em outro lugar&#8221;. Eles estavam usando essa estrat\u00e9gia agora para perseguir os visitantes por todo o campo, pressionando o advers\u00e1rio com um time repleto de jogadores que pareciam quase todos \u00e0 vontade para dominar a bola e driblar.<\/p>\n\n\n\n<p class=\"wp-block-paragraph\">A It\u00e1lia parecia ansiosa para ouvir o apito do intervalo, mesmo antes de Bastoni ser expulso por uma falta como \u00faltimo homem em Memic. Gattuso respondeu \u00e0 expuls\u00e3o retirando um centroavante e colocando um zagueiro substituto, Federico Gatti. Mas o primeiro tempo terminou com uma s\u00e9rie de chances para a B\u00f3snia e o segundo come\u00e7ou com Ermedin Demirovic quase alcan\u00e7ando de cabe\u00e7a um cruzamento de Memic.<\/p>\n\n\n\n<p class=\"wp-block-paragraph\">Kean quase garantiu a vit\u00f3ria para a It\u00e1lia aos 60 minutos. Ao antecipar um passe longo de Memic, ele interceptou a bola e disparou, ultrapassando os zagueiros advers\u00e1rios. Com Vasilj avan\u00e7ando, ele chutou cedo demais, mas a bola passou por cima do gol. Como a It\u00e1lia lamentou essa oportunidade perdida, pois Tabakovic aproveitou o rebote de uma tentativa de Edin Dzeko e empurrou a bola para o fundo da rede, levando o jogo para a prorroga\u00e7\u00e3o.<\/p>\n\n\n\n<p class=\"wp-block-paragraph\">Um ritmo mais cauteloso se instalou. Talvez os anfitri\u00f5es estivessem sentindo o cansa\u00e7o dos 120 minutos jogados contra o Pa\u00eds de Gales. A It\u00e1lia reclamou para que seus advers\u00e1rios fossem reduzidos a 10 jogadores quando Tarik Muharemovic derrubou Marco Palestra, que disputava um passe de Sandro Tonali pelo meio, mas o zagueiro recebeu apenas um cart\u00e3o amarelo. Dzeko terminou a partida recebendo atendimento m\u00e9dico por uma les\u00e3o no ombro.<\/p>\n\n\n\n<p class=\"wp-block-paragraph\">Embora a B\u00f3snia e Herzegovina j\u00e1 n\u00e3o representasse o mesmo desafio para a It\u00e1lia como antes, os visitantes pareciam mais aliviados por terem chegado aos p\u00eanaltis. Mas Francesco Esposito desperdi\u00e7ou a primeira cobran\u00e7a, chutando por cima do travess\u00e3o, e Bryan Cristante acertou o seu p\u00eanalti no pr\u00f3prio travess\u00e3o.<\/p>\n\n\n\n<p class=\"wp-block-paragraph\">Enquanto os anfitri\u00f5es comemoravam, a It\u00e1lia permanecia presa em seu pr\u00f3prio inferno particular, sendo a \u00fanica campe\u00e3 da Copa do Mundo a n\u00e3o se classificar para a edi\u00e7\u00e3o deste ano. J\u00e1 nem parece mais uma surpresa.<\/p>\n\n\n\n<p class=\"wp-block-paragraph\"><strong>O PIOR PESADELO<\/strong><\/p>\n\n\n\n<p class=\"wp-block-paragraph\"><em>Texto da Gazzeta dello Sport &#8211; 31 mar\u00e7o 2026 &#8211;<\/em><\/p>\n\n\n\n<p class=\"wp-block-paragraph\">Como o pior pesadelo. Ficamos tentados a voltar \u00e0 Copa do Mundo, s\u00f3 para v\u00ea-la escapar nos p\u00eanaltis. Principalmente por causa da expuls\u00e3o de Bastoni no intervalo, nossas pr\u00f3prias falhas e algumas decis\u00f5es controversas de Turpin. <\/p>\n\n\n\n<p class=\"wp-block-paragraph\">No ver\u00e3o seguinte, a B\u00f3snia viajar\u00e1 para o exterior. Impulsionada por sua torcida e em desvantagem num\u00e9rica durante todo o segundo tempo e a prorroga\u00e7\u00e3o, nos venceu na final da repescagem. A It\u00e1lia nem conseguiu sair na frente, gra\u00e7as ao gol de Kean, j\u00e1 que est\u00e1vamos com dez jogadores. A partir desse momento, os comandados de Barbarez nos massacraram, garantindo uma vaga na Copa do Mundo, onde, pela terceira edi\u00e7\u00e3o consecutiva, seremos meros espectadores pela TV. <\/p>\n\n\n\n<p class=\"wp-block-paragraph\">N\u00e3o \u00e9 o apocalipse, mas, considerando que estamos ausentes do torneio mais importante desde 2014, o apocalipse&#8230; continua para o nosso futebol. Foi uma enorme oportunidade desperdi\u00e7ada, pelo menos t\u00e3o grande quanto as perdidas contra a Su\u00e9cia e a Maced\u00f4nia do Norte: fomos eliminados mais uma vez por um advers\u00e1rio mais fraco que, no entanto, se mostrou mais preparado em campo. Desta vez, n\u00e3o come\u00e7amos mal a partida, mas com o placar em 1 a 0, deixamos muito espa\u00e7o para os b\u00f3snios nas laterais e acabamos sendo massacrados. Fantasmas do passado voltaram a nos assombrar. Ent\u00e3o, apesar das defesas de Donnarumma ao longo dos 120 minutos, fomos condenados aos p\u00eanaltis: adeus \u00e0 Copa do Mundo e agora come\u00e7am as seletivas.<\/p>\n","protected":false},"excerpt":{"rendered":"<p>Texto do The Guardian \u2013 31 mar\u00e7o 2026 \u2013 A hist\u00f3ria ser\u00e1 a de mais um apocalipse italiano, [&hellip;]<\/p>\n","protected":false},"author":102107496,"featured_media":57282,"comment_status":"open","ping_status":"open","sticky":false,"template":"","format":"standard","meta":{"_coblocks_attr":"","_coblocks_dimensions":"","_coblocks_responsive_height":"","_coblocks_accordion_ie_support":"","_jetpack_newsletter_access":"","_jetpack_dont_email_post_to_subs":false,"_jetpack_newsletter_tier_id":0,"_jetpack_memberships_contains_paywalled_content":false,"_wpcom_ai_launchpad_first_post":false,"_jetpack_feature_clip_id":0,"_jetpack_memberships_contains_paid_content":false,"footnotes":"","jetpack_publicize_message":"","jetpack_publicize_feature_enabled":true,"jetpack_social_post_already_shared":false,"jetpack_social_options":{"image_generator_settings":{"template":"highway","default_image_id":0,"font":"","enabled":false},"version":2},"jetpack_post_was_ever_published":false},"categories":[53870],"tags":[],"class_list":["post-57277","post","type-post","status-publish","format-standard","has-post-thumbnail","hentry","category-futebol"],"yoast_head":"<!-- This site is optimized with the Yoast SEO plugin v28.4 - https:\/\/yoast.com\/product\/yoast-seo-wordpress\/ -->\n<title>It\u00e1lia Fora da Copa | Apocalipse Continua - PR\u00d3SPERI NEWS<\/title>\n<meta name=\"robots\" content=\"index, follow, max-snippet:-1, max-image-preview:large, max-video-preview:-1\" \/>\n<link rel=\"canonical\" href=\"https:\/\/blogdoprosperi.com\/?p=57277\" \/>\n<meta property=\"og:locale\" content=\"pt_BR\" \/>\n<meta property=\"og:type\" content=\"article\" \/>\n<meta property=\"og:title\" content=\"It\u00e1lia Fora da Copa | Apocalipse Continua - PR\u00d3SPERI NEWS\" \/>\n<meta property=\"og:description\" content=\"Texto do The Guardian \u2013 31 mar\u00e7o 2026 \u2013 A hist\u00f3ria ser\u00e1 a de mais um apocalipse italiano, [&hellip;]\" \/>\n<meta property=\"og:url\" content=\"https:\/\/blogdoprosperi.com\/?p=57277\" \/>\n<meta property=\"og:site_name\" content=\"PR\u00d3SPERI NEWS\" \/>\n<meta property=\"article:publisher\" content=\"Luiz Pr\u00f3speri\" \/>\n<meta property=\"article:author\" content=\"Luiz Pr\u00f3speri\" \/>\n<meta property=\"article:published_time\" content=\"2026-03-31T23:40:53+00:00\" \/>\n<meta property=\"og:image\" content=\"https:\/\/i0.wp.com\/blogdoprosperi.com\/wp-content\/uploads\/2026\/03\/captura-de-tela-2026-03-31-as-20.35.13.png?fit=1198%2C874&ssl=1\" \/>\n\t<meta property=\"og:image:width\" content=\"1198\" \/>\n\t<meta property=\"og:image:height\" content=\"874\" \/>\n\t<meta property=\"og:image:type\" content=\"image\/png\" \/>\n<meta name=\"author\" content=\"Luiz Ant\u00f4nio Pr\u00f3speri\" \/>\n<meta name=\"twitter:card\" content=\"summary_large_image\" \/>\n<meta name=\"twitter:creator\" content=\"@Luizprosperi\" \/>\n<meta name=\"twitter:site\" content=\"@Luizprosperi\" \/>\n<meta name=\"twitter:label1\" content=\"Escrito por\" \/>\n\t<meta name=\"twitter:data1\" content=\"Luiz Ant\u00f4nio Pr\u00f3speri\" \/>\n\t<meta name=\"twitter:label2\" content=\"Est. tempo de leitura\" \/>\n\t<meta name=\"twitter:data2\" content=\"6 minutos\" \/>\n<script type=\"application\/ld+json\" class=\"yoast-schema-graph\">{\"@context\":\"https:\\\/\\\/schema.org\",\"@graph\":[{\"@type\":\"Article\",\"@id\":\"https:\\\/\\\/blogdoprosperi.com\\\/?p=57277#article\",\"isPartOf\":{\"@id\":\"https:\\\/\\\/blogdoprosperi.com\\\/?p=57277\"},\"author\":{\"name\":\"Luiz Ant\u00f4nio Pr\u00f3speri\",\"@id\":\"https:\\\/\\\/blogdoprosperi.com\\\/#\\\/schema\\\/person\\\/38100755ce3601861ee4fab9b5aa78e9\"},\"headline\":\"It\u00e1lia Fora da Copa | Apocalipse Continua\",\"datePublished\":\"2026-03-31T23:40:53+00:00\",\"mainEntityOfPage\":{\"@id\":\"https:\\\/\\\/blogdoprosperi.com\\\/?p=57277\"},\"wordCount\":1226,\"commentCount\":0,\"publisher\":{\"@id\":\"https:\\\/\\\/blogdoprosperi.com\\\/#\\\/schema\\\/person\\\/38100755ce3601861ee4fab9b5aa78e9\"},\"image\":{\"@id\":\"https:\\\/\\\/blogdoprosperi.com\\\/?p=57277#primaryimage\"},\"thumbnailUrl\":\"https:\\\/\\\/i0.wp.com\\\/blogdoprosperi.com\\\/wp-content\\\/uploads\\\/2026\\\/03\\\/captura-de-tela-2026-03-31-as-20.35.13.png?fit=1198%2C874&ssl=1\",\"articleSection\":[\"futebol\"],\"inLanguage\":\"pt-BR\",\"potentialAction\":[{\"@type\":\"CommentAction\",\"name\":\"Comment\",\"target\":[\"https:\\\/\\\/blogdoprosperi.com\\\/?p=57277#respond\"]}]},{\"@type\":\"WebPage\",\"@id\":\"https:\\\/\\\/blogdoprosperi.com\\\/?p=57277\",\"url\":\"https:\\\/\\\/blogdoprosperi.com\\\/?p=57277\",\"name\":\"It\u00e1lia Fora da Copa | Apocalipse Continua - PR\u00d3SPERI NEWS\",\"isPartOf\":{\"@id\":\"https:\\\/\\\/blogdoprosperi.com\\\/#website\"},\"primaryImageOfPage\":{\"@id\":\"https:\\\/\\\/blogdoprosperi.com\\\/?p=57277#primaryimage\"},\"image\":{\"@id\":\"https:\\\/\\\/blogdoprosperi.com\\\/?p=57277#primaryimage\"},\"thumbnailUrl\":\"https:\\\/\\\/i0.wp.com\\\/blogdoprosperi.com\\\/wp-content\\\/uploads\\\/2026\\\/03\\\/captura-de-tela-2026-03-31-as-20.35.13.png?fit=1198%2C874&ssl=1\",\"datePublished\":\"2026-03-31T23:40:53+00:00\",\"breadcrumb\":{\"@id\":\"https:\\\/\\\/blogdoprosperi.com\\\/?p=57277#breadcrumb\"},\"inLanguage\":\"pt-BR\",\"potentialAction\":[{\"@type\":\"ReadAction\",\"target\":[\"https:\\\/\\\/blogdoprosperi.com\\\/?p=57277\"]}]},{\"@type\":\"ImageObject\",\"inLanguage\":\"pt-BR\",\"@id\":\"https:\\\/\\\/blogdoprosperi.com\\\/?p=57277#primaryimage\",\"url\":\"https:\\\/\\\/i0.wp.com\\\/blogdoprosperi.com\\\/wp-content\\\/uploads\\\/2026\\\/03\\\/captura-de-tela-2026-03-31-as-20.35.13.png?fit=1198%2C874&ssl=1\",\"contentUrl\":\"https:\\\/\\\/i0.wp.com\\\/blogdoprosperi.com\\\/wp-content\\\/uploads\\\/2026\\\/03\\\/captura-de-tela-2026-03-31-as-20.35.13.png?fit=1198%2C874&ssl=1\",\"width\":1198,\"height\":874,\"caption\":\"It\u00e1lia fora da Copa 2026 - foto: FIGC oficial\"},{\"@type\":\"BreadcrumbList\",\"@id\":\"https:\\\/\\\/blogdoprosperi.com\\\/?p=57277#breadcrumb\",\"itemListElement\":[{\"@type\":\"ListItem\",\"position\":1,\"name\":\"In\u00edcio\",\"item\":\"https:\\\/\\\/blogdoprosperi.com\\\/\"},{\"@type\":\"ListItem\",\"position\":2,\"name\":\"It\u00e1lia Fora da Copa | Apocalipse Continua\"}]},{\"@type\":\"WebSite\",\"@id\":\"https:\\\/\\\/blogdoprosperi.com\\\/#website\",\"url\":\"https:\\\/\\\/blogdoprosperi.com\\\/\",\"name\":\"PR\u00d3SPERI NEWS\",\"description\":\"TUDO \u00c9  FUTEBOL\",\"publisher\":{\"@id\":\"https:\\\/\\\/blogdoprosperi.com\\\/#\\\/schema\\\/person\\\/38100755ce3601861ee4fab9b5aa78e9\"},\"alternateName\":\"blogdoprosperi.com\",\"potentialAction\":[{\"@type\":\"SearchAction\",\"target\":{\"@type\":\"EntryPoint\",\"urlTemplate\":\"https:\\\/\\\/blogdoprosperi.com\\\/?s={search_term_string}\"},\"query-input\":{\"@type\":\"PropertyValueSpecification\",\"valueRequired\":true,\"valueName\":\"search_term_string\"}}],\"inLanguage\":\"pt-BR\"},{\"@type\":[\"Person\",\"Organization\"],\"@id\":\"https:\\\/\\\/blogdoprosperi.com\\\/#\\\/schema\\\/person\\\/38100755ce3601861ee4fab9b5aa78e9\",\"name\":\"Luiz Ant\u00f4nio Pr\u00f3speri\",\"pronouns\":\"ele\",\"image\":{\"@type\":\"ImageObject\",\"inLanguage\":\"pt-BR\",\"@id\":\"https:\\\/\\\/i0.wp.com\\\/blogdoprosperi.com\\\/wp-content\\\/uploads\\\/2026\\\/05\\\/cropped-8059e613-6002-42fa-961e-8e275f575d71-2-5.jpg?fit=1360%2C931&ssl=1\",\"url\":\"https:\\\/\\\/i0.wp.com\\\/blogdoprosperi.com\\\/wp-content\\\/uploads\\\/2026\\\/05\\\/cropped-8059e613-6002-42fa-961e-8e275f575d71-2-5.jpg?fit=1360%2C931&ssl=1\",\"contentUrl\":\"https:\\\/\\\/i0.wp.com\\\/blogdoprosperi.com\\\/wp-content\\\/uploads\\\/2026\\\/05\\\/cropped-8059e613-6002-42fa-961e-8e275f575d71-2-5.jpg?fit=1360%2C931&ssl=1\",\"width\":1360,\"height\":931,\"caption\":\"Luiz Ant\u00f4nio Pr\u00f3speri\"},\"logo\":{\"@id\":\"https:\\\/\\\/i0.wp.com\\\/blogdoprosperi.com\\\/wp-content\\\/uploads\\\/2026\\\/05\\\/cropped-8059e613-6002-42fa-961e-8e275f575d71-2-5.jpg?fit=1360%2C931&ssl=1\"},\"description\":\"Jornalista com carreira dedicada ao esporte. Cobriu 9 Copas do Mundo in loco, 1990 na It\u00e1lia, 1994 nos EUA, 1998 na Fran\u00e7a, 2002 na Coreia do Sul e Jap\u00e3o, 2006 na Alemanha, 2010 na \u00c1frica do Sul, 2014 no Brasil, 2018 na R\u00fassia e 2022 no Qatar. Eurocopas, 1992 na Su\u00e9cia e 1996 na Inglaterra. Copa das Confedera\u00e7\u00f5es de 2005 na Alemanha e 2009 na \u00c1frica do Sul. Rep\u00f3rter e Editor, trabalhou no Jornal da Tarde e Estad\u00e3o, de 1984 a fevereiro de 2016. Colunista, blogueiro. E comentarista de futebol na R\u00e1dio Estad\u00e3o, de 2013 a fevereiro de 2016. Jornalista respons\u00e1vel do \\\"Pr\u00f3speri News\\\" (blogdoprosperi.com).\",\"sameAs\":[\"http:\\\/\\\/blogdoprosperi.com\",\"Luiz Pr\u00f3speri\",\"@luiz_prosperi\",\"https:\\\/\\\/x.com\\\/Luizprosperi\",\"@prosperinacopa\",\"luiz.prosperi@icloud.com\"],\"url\":\"https:\\\/\\\/blogdoprosperi.com\\\/?author=102107496\"}]}<\/script>\n<!-- \/ Yoast SEO plugin. -->","yoast_head_json":{"title":"It\u00e1lia Fora da Copa | Apocalipse Continua - PR\u00d3SPERI NEWS","robots":{"index":"index","follow":"follow","max-snippet":"max-snippet:-1","max-image-preview":"max-image-preview:large","max-video-preview":"max-video-preview:-1"},"canonical":"https:\/\/blogdoprosperi.com\/?p=57277","og_locale":"pt_BR","og_type":"article","og_title":"It\u00e1lia Fora da Copa | Apocalipse Continua - PR\u00d3SPERI NEWS","og_description":"Texto do The Guardian \u2013 31 mar\u00e7o 2026 \u2013 A hist\u00f3ria ser\u00e1 a de mais um apocalipse italiano, [&hellip;]","og_url":"https:\/\/blogdoprosperi.com\/?p=57277","og_site_name":"PR\u00d3SPERI NEWS","article_publisher":"Luiz Pr\u00f3speri","article_author":"Luiz Pr\u00f3speri","article_published_time":"2026-03-31T23:40:53+00:00","og_image":[{"width":1198,"height":874,"url":"https:\/\/i0.wp.com\/blogdoprosperi.com\/wp-content\/uploads\/2026\/03\/captura-de-tela-2026-03-31-as-20.35.13.png?fit=1198%2C874&ssl=1","type":"image\/png"}],"author":"Luiz Ant\u00f4nio Pr\u00f3speri","twitter_card":"summary_large_image","twitter_creator":"@Luizprosperi","twitter_site":"@Luizprosperi","twitter_misc":{"Escrito por":"Luiz Ant\u00f4nio Pr\u00f3speri","Est. tempo de leitura":"6 minutos"},"schema":{"@context":"https:\/\/schema.org","@graph":[{"@type":"Article","@id":"https:\/\/blogdoprosperi.com\/?p=57277#article","isPartOf":{"@id":"https:\/\/blogdoprosperi.com\/?p=57277"},"author":{"name":"Luiz Ant\u00f4nio Pr\u00f3speri","@id":"https:\/\/blogdoprosperi.com\/#\/schema\/person\/38100755ce3601861ee4fab9b5aa78e9"},"headline":"It\u00e1lia Fora da Copa | Apocalipse Continua","datePublished":"2026-03-31T23:40:53+00:00","mainEntityOfPage":{"@id":"https:\/\/blogdoprosperi.com\/?p=57277"},"wordCount":1226,"commentCount":0,"publisher":{"@id":"https:\/\/blogdoprosperi.com\/#\/schema\/person\/38100755ce3601861ee4fab9b5aa78e9"},"image":{"@id":"https:\/\/blogdoprosperi.com\/?p=57277#primaryimage"},"thumbnailUrl":"https:\/\/i0.wp.com\/blogdoprosperi.com\/wp-content\/uploads\/2026\/03\/captura-de-tela-2026-03-31-as-20.35.13.png?fit=1198%2C874&ssl=1","articleSection":["futebol"],"inLanguage":"pt-BR","potentialAction":[{"@type":"CommentAction","name":"Comment","target":["https:\/\/blogdoprosperi.com\/?p=57277#respond"]}]},{"@type":"WebPage","@id":"https:\/\/blogdoprosperi.com\/?p=57277","url":"https:\/\/blogdoprosperi.com\/?p=57277","name":"It\u00e1lia Fora da Copa | Apocalipse Continua - PR\u00d3SPERI NEWS","isPartOf":{"@id":"https:\/\/blogdoprosperi.com\/#website"},"primaryImageOfPage":{"@id":"https:\/\/blogdoprosperi.com\/?p=57277#primaryimage"},"image":{"@id":"https:\/\/blogdoprosperi.com\/?p=57277#primaryimage"},"thumbnailUrl":"https:\/\/i0.wp.com\/blogdoprosperi.com\/wp-content\/uploads\/2026\/03\/captura-de-tela-2026-03-31-as-20.35.13.png?fit=1198%2C874&ssl=1","datePublished":"2026-03-31T23:40:53+00:00","breadcrumb":{"@id":"https:\/\/blogdoprosperi.com\/?p=57277#breadcrumb"},"inLanguage":"pt-BR","potentialAction":[{"@type":"ReadAction","target":["https:\/\/blogdoprosperi.com\/?p=57277"]}]},{"@type":"ImageObject","inLanguage":"pt-BR","@id":"https:\/\/blogdoprosperi.com\/?p=57277#primaryimage","url":"https:\/\/i0.wp.com\/blogdoprosperi.com\/wp-content\/uploads\/2026\/03\/captura-de-tela-2026-03-31-as-20.35.13.png?fit=1198%2C874&ssl=1","contentUrl":"https:\/\/i0.wp.com\/blogdoprosperi.com\/wp-content\/uploads\/2026\/03\/captura-de-tela-2026-03-31-as-20.35.13.png?fit=1198%2C874&ssl=1","width":1198,"height":874,"caption":"It\u00e1lia fora da Copa 2026 - foto: FIGC oficial"},{"@type":"BreadcrumbList","@id":"https:\/\/blogdoprosperi.com\/?p=57277#breadcrumb","itemListElement":[{"@type":"ListItem","position":1,"name":"In\u00edcio","item":"https:\/\/blogdoprosperi.com\/"},{"@type":"ListItem","position":2,"name":"It\u00e1lia Fora da Copa | Apocalipse Continua"}]},{"@type":"WebSite","@id":"https:\/\/blogdoprosperi.com\/#website","url":"https:\/\/blogdoprosperi.com\/","name":"PR\u00d3SPERI NEWS","description":"TUDO \u00c9  FUTEBOL","publisher":{"@id":"https:\/\/blogdoprosperi.com\/#\/schema\/person\/38100755ce3601861ee4fab9b5aa78e9"},"alternateName":"blogdoprosperi.com","potentialAction":[{"@type":"SearchAction","target":{"@type":"EntryPoint","urlTemplate":"https:\/\/blogdoprosperi.com\/?s={search_term_string}"},"query-input":{"@type":"PropertyValueSpecification","valueRequired":true,"valueName":"search_term_string"}}],"inLanguage":"pt-BR"},{"@type":["Person","Organization"],"@id":"https:\/\/blogdoprosperi.com\/#\/schema\/person\/38100755ce3601861ee4fab9b5aa78e9","name":"Luiz Ant\u00f4nio Pr\u00f3speri","pronouns":"ele","image":{"@type":"ImageObject","inLanguage":"pt-BR","@id":"https:\/\/i0.wp.com\/blogdoprosperi.com\/wp-content\/uploads\/2026\/05\/cropped-8059e613-6002-42fa-961e-8e275f575d71-2-5.jpg?fit=1360%2C931&ssl=1","url":"https:\/\/i0.wp.com\/blogdoprosperi.com\/wp-content\/uploads\/2026\/05\/cropped-8059e613-6002-42fa-961e-8e275f575d71-2-5.jpg?fit=1360%2C931&ssl=1","contentUrl":"https:\/\/i0.wp.com\/blogdoprosperi.com\/wp-content\/uploads\/2026\/05\/cropped-8059e613-6002-42fa-961e-8e275f575d71-2-5.jpg?fit=1360%2C931&ssl=1","width":1360,"height":931,"caption":"Luiz Ant\u00f4nio Pr\u00f3speri"},"logo":{"@id":"https:\/\/i0.wp.com\/blogdoprosperi.com\/wp-content\/uploads\/2026\/05\/cropped-8059e613-6002-42fa-961e-8e275f575d71-2-5.jpg?fit=1360%2C931&ssl=1"},"description":"Jornalista com carreira dedicada ao esporte. Cobriu 9 Copas do Mundo in loco, 1990 na It\u00e1lia, 1994 nos EUA, 1998 na Fran\u00e7a, 2002 na Coreia do Sul e Jap\u00e3o, 2006 na Alemanha, 2010 na \u00c1frica do Sul, 2014 no Brasil, 2018 na R\u00fassia e 2022 no Qatar. Eurocopas, 1992 na Su\u00e9cia e 1996 na Inglaterra. Copa das Confedera\u00e7\u00f5es de 2005 na Alemanha e 2009 na \u00c1frica do Sul. Rep\u00f3rter e Editor, trabalhou no Jornal da Tarde e Estad\u00e3o, de 1984 a fevereiro de 2016. Colunista, blogueiro. E comentarista de futebol na R\u00e1dio Estad\u00e3o, de 2013 a fevereiro de 2016. Jornalista respons\u00e1vel do \"Pr\u00f3speri News\" (blogdoprosperi.com).","sameAs":["http:\/\/blogdoprosperi.com","Luiz Pr\u00f3speri","@luiz_prosperi","https:\/\/x.com\/Luizprosperi","@prosperinacopa","luiz.prosperi@icloud.com"],"url":"https:\/\/blogdoprosperi.com\/?author=102107496"}]}},"jetpack_publicize_connections":[],"jetpack_likes_enabled":false,"jetpack_sharing_enabled":true,"jetpack_shortlink":"https:\/\/wp.me\/p7jvdk-eTP","jetpack-related-posts":[{"id":3839,"url":"https:\/\/blogdoprosperi.com\/?p=3839","url_meta":{"origin":57277,"position":0},"title":"Cinco an\u00e1lises de futebol para voc\u00ea ler neste s\u00e1bado (07\/5) ao despertar","author":"Luiz Ant\u00f4nio Pr\u00f3speri","date":"7 de maio de 2016","format":false,"excerpt":"O s\u00e1bado promete emo\u00e7\u00f5es no futebol internacional. Na \u00a0Alemanha, o Bayern de Munique, depois de cair nas semifinais da Champions League e Guardiola ser contestado, pode conquistar o t\u00edtulo alem\u00e3o. Na Inglaterra tem a entrega da ta\u00e7a e festa ao surpreendente Leicester, campe\u00e3o da temporada 2015\/2016. Na Espanha, a contus\u00e3o\u2026","rel":"","context":"Em &quot;futebol&quot;","block_context":{"text":"futebol","link":"https:\/\/blogdoprosperi.com\/?cat=53870"},"img":{"alt_text":"2352897_w2","src":"https:\/\/i0.wp.com\/blogdoprosperi.com\/wp-content\/uploads\/2016\/04\/2352897_w2.jpg?resize=350%2C200&ssl=1","width":350,"height":200},"classes":[]},{"id":55146,"url":"https:\/\/blogdoprosperi.com\/?p=55146","url_meta":{"origin":57277,"position":1},"title":"Aumenta Press\u00e3o na Uefa para Suspender Israel das Eliminat\u00f3rias da Copa do Mundo 2026","author":"Luiz Ant\u00f4nio Pr\u00f3speri","date":"26 de setembro de 2025","format":false,"excerpt":"\u2295 O futuro de Israel na UEFA pode ser conhecido antes da rodada das Eliminat\u00f3rias da Copa do Mundo, dia 6 de outubro \u2295 Sele\u00e7\u00f5es nacionais e clubes podem ser suspensos das competi\u00e7\u00f5es Paulo MacInnes, The Guardian, 26 setembro 2025 (13h25) A Uefa pode decidir j\u00e1 na semana que vem\u2026","rel":"","context":"Em &quot;futebol&quot;","block_context":{"text":"futebol","link":"https:\/\/blogdoprosperi.com\/?cat=53870"},"img":{"alt_text":"Confedera\u00e7\u00f5es de futebol pressionam Uefa para banir Israel da Copa do Mundo","src":"https:\/\/i0.wp.com\/blogdoprosperi.com\/wp-content\/uploads\/2025\/09\/g1tzntixmaavbno.jpeg?fit=1200%2C720&ssl=1&resize=350%2C200","width":350,"height":200,"srcset":"https:\/\/i0.wp.com\/blogdoprosperi.com\/wp-content\/uploads\/2025\/09\/g1tzntixmaavbno.jpeg?fit=1200%2C720&ssl=1&resize=350%2C200 1x, https:\/\/i0.wp.com\/blogdoprosperi.com\/wp-content\/uploads\/2025\/09\/g1tzntixmaavbno.jpeg?fit=1200%2C720&ssl=1&resize=525%2C300 1.5x, https:\/\/i0.wp.com\/blogdoprosperi.com\/wp-content\/uploads\/2025\/09\/g1tzntixmaavbno.jpeg?fit=1200%2C720&ssl=1&resize=700%2C400 2x, https:\/\/i0.wp.com\/blogdoprosperi.com\/wp-content\/uploads\/2025\/09\/g1tzntixmaavbno.jpeg?fit=1200%2C720&ssl=1&resize=1050%2C600 3x"},"classes":[]},{"id":7955,"url":"https:\/\/blogdoprosperi.com\/?p=7955","url_meta":{"origin":57277,"position":2},"title":"Dunga, enfim, concede a Ganso uma chance na Sele\u00e7\u00e3o e S\u00e3o Paulo fica com o preju\u00edzo","author":"Luiz Ant\u00f4nio Pr\u00f3speri","date":"2 de junho de 2016","format":false,"excerpt":"O corte de Kak\u00e1 da Sele\u00e7\u00e3o Brasileira \u00e9 uma boa li\u00e7\u00e3o ao t\u00e9cnico Dunga. N\u00e3o adianta insistir em jogadores com fadiga de material. Uma hora o corpo entrega e o treinador fica na m\u00e3o. \u00c9 o caso de Kak\u00e1, melhor do mundo eleito pela Fifa em 2007. Desde que optou\u2026","rel":"","context":"Em &quot;futebol&quot;","block_context":{"text":"futebol","link":"https:\/\/blogdoprosperi.com\/?cat=53870"},"img":{"alt_text":"","src":"https:\/\/i0.wp.com\/blogdoprosperi.com\/wp-content\/uploads\/2016\/06\/20160528170027_9846_capa.jpg?resize=350%2C200&ssl=1","width":350,"height":200},"classes":[]},{"id":5986,"url":"https:\/\/blogdoprosperi.com\/?p=5986","url_meta":{"origin":57277,"position":3},"title":"Neymar desiste de concorrer a melhor do mundo em 2016","author":"Luiz Ant\u00f4nio Pr\u00f3speri","date":"17 de maio de 2016","format":false,"excerpt":"\u00a0 Craque sai de cena em junho, ao aceitar pedido da CBF para disputar a Olimp\u00edada do Rio, e v\u00ea distante projeto de ser eleito o Bola de Ouro da Fifa no fim do ano Neymar desistiu de se credenciar a melhor jogador do mundo nesta temporada de 2016, na\u2026","rel":"","context":"Em &quot;futebol&quot;","block_context":{"text":"futebol","link":"https:\/\/blogdoprosperi.com\/?cat=53870"},"img":{"alt_text":"","src":"https:\/\/i0.wp.com\/blogdoprosperi.com\/wp-content\/uploads\/2016\/05\/16085103.jpeg?resize=350%2C200&ssl=1","width":350,"height":200,"srcset":"https:\/\/i0.wp.com\/blogdoprosperi.com\/wp-content\/uploads\/2016\/05\/16085103.jpeg?resize=350%2C200&ssl=1 1x, https:\/\/i0.wp.com\/blogdoprosperi.com\/wp-content\/uploads\/2016\/05\/16085103.jpeg?resize=525%2C300&ssl=1 1.5x"},"classes":[]},{"id":36457,"url":"https:\/\/blogdoprosperi.com\/?p=36457","url_meta":{"origin":57277,"position":4},"title":"Palmeiras e a Libertadores obsess\u00e3o","author":"Luiz Ant\u00f4nio Pr\u00f3speri","date":"27 de julho de 2017","format":false,"excerpt":"Palmeiras e Adidas lan\u00e7aram uma camisa quase retr\u00f4, gola V, escudo enorme, e cor esmeralda, h\u00e1 pouco mais de tr\u00eas meses. Atr\u00e1s da gola est\u00e1 a inscri\u00e7\u00e3o \"obsess\u00e3o\", uma homenagem aos c\u00e2nticos dos torcedores que entoam \"Libertadores obsess\u00e3o\", a cada jornada do time. Esse lema ultrapassou a paix\u00e3o da torcida\u2026","rel":"","context":"Em &quot;futebol&quot;","block_context":{"text":"futebol","link":"https:\/\/blogdoprosperi.com\/?cat=53870"},"img":{"alt_text":"","src":"https:\/\/i0.wp.com\/blogdoprosperi.com\/wp-content\/uploads\/2017\/07\/palmeiras-2017-limited-edition-adidas-kit-5.jpg?fit=900%2C841&ssl=1&resize=350%2C200","width":350,"height":200,"srcset":"https:\/\/i0.wp.com\/blogdoprosperi.com\/wp-content\/uploads\/2017\/07\/palmeiras-2017-limited-edition-adidas-kit-5.jpg?fit=900%2C841&ssl=1&resize=350%2C200 1x, https:\/\/i0.wp.com\/blogdoprosperi.com\/wp-content\/uploads\/2017\/07\/palmeiras-2017-limited-edition-adidas-kit-5.jpg?fit=900%2C841&ssl=1&resize=525%2C300 1.5x, https:\/\/i0.wp.com\/blogdoprosperi.com\/wp-content\/uploads\/2017\/07\/palmeiras-2017-limited-edition-adidas-kit-5.jpg?fit=900%2C841&ssl=1&resize=700%2C400 2x"},"classes":[]},{"id":25430,"url":"https:\/\/blogdoprosperi.com\/?p=25430","url_meta":{"origin":57277,"position":5},"title":"STJD e Minist\u00e9rio P\u00fablico de olho no jogo Palmeiras x Flamengo","author":"Luiz Ant\u00f4nio Pr\u00f3speri","date":"14 de setembro de 2016","format":false,"excerpt":"Palmeiras x Flamengo \u00e9 a partida de mais relev\u00e2ncia at\u00e9 aqui no Brasileiro. N\u00e3o por acaso Cuca tenta engabelar Z\u00e9 Ricardo coma escala\u00e7\u00e3o ou n\u00e3o de Gabriel Jesus. N\u00e3o por acaso a massa flamenguista abra\u00e7a e aperta jogadores no embarque rumo a S\u00e3o Paulo. Dentro de campo se espera um\u2026","rel":"","context":"Em &quot;Campeonato Brasileiro&quot;","block_context":{"text":"Campeonato Brasileiro","link":"https:\/\/blogdoprosperi.com\/?cat=355071"},"img":{"alt_text":"","src":"https:\/\/i0.wp.com\/blogdoprosperi.com\/wp-content\/uploads\/2016\/09\/16152430.jpeg?resize=350%2C200&ssl=1","width":350,"height":200,"srcset":"https:\/\/i0.wp.com\/blogdoprosperi.com\/wp-content\/uploads\/2016\/09\/16152430.jpeg?resize=350%2C200&ssl=1 1x, https:\/\/i0.wp.com\/blogdoprosperi.com\/wp-content\/uploads\/2016\/09\/16152430.jpeg?resize=525%2C300&ssl=1 1.5x"},"classes":[]}],"jetpack_featured_media_url":"https:\/\/i0.wp.com\/blogdoprosperi.com\/wp-content\/uploads\/2026\/03\/captura-de-tela-2026-03-31-as-20.35.13.png?fit=1198%2C874&ssl=1","_links":{"self":[{"href":"https:\/\/blogdoprosperi.com\/index.php?rest_route=\/wp\/v2\/posts\/57277","targetHints":{"allow":["GET"]}}],"collection":[{"href":"https:\/\/blogdoprosperi.com\/index.php?rest_route=\/wp\/v2\/posts"}],"about":[{"href":"https:\/\/blogdoprosperi.com\/index.php?rest_route=\/wp\/v2\/types\/post"}],"author":[{"embeddable":true,"href":"https:\/\/blogdoprosperi.com\/index.php?rest_route=\/wp\/v2\/users\/102107496"}],"replies":[{"embeddable":true,"href":"https:\/\/blogdoprosperi.com\/index.php?rest_route=%2Fwp%2Fv2%2Fcomments&post=57277"}],"version-history":[{"count":5,"href":"https:\/\/blogdoprosperi.com\/index.php?rest_route=\/wp\/v2\/posts\/57277\/revisions"}],"predecessor-version":[{"id":57285,"href":"https:\/\/blogdoprosperi.com\/index.php?rest_route=\/wp\/v2\/posts\/57277\/revisions\/57285"}],"wp:featuredmedia":[{"embeddable":true,"href":"https:\/\/blogdoprosperi.com\/index.php?rest_route=\/wp\/v2\/media\/57282"}],"wp:attachment":[{"href":"https:\/\/blogdoprosperi.com\/index.php?rest_route=%2Fwp%2Fv2%2Fmedia&parent=57277"}],"wp:term":[{"taxonomy":"category","embeddable":true,"href":"https:\/\/blogdoprosperi.com\/index.php?rest_route=%2Fwp%2Fv2%2Fcategories&post=57277"},{"taxonomy":"post_tag","embeddable":true,"href":"https:\/\/blogdoprosperi.com\/index.php?rest_route=%2Fwp%2Fv2%2Ftags&post=57277"}],"curies":[{"name":"wp","href":"https:\/\/api.w.org\/{rel}","templated":true}]}}