{"id":57855,"date":"2026-04-25T11:25:22","date_gmt":"2026-04-25T14:25:22","guid":{"rendered":"https:\/\/blogdoprosperi.com\/?p=57855"},"modified":"2026-04-25T11:29:28","modified_gmt":"2026-04-25T14:29:28","slug":"gabriel-jesus-aguarda-chamado-de-ancelotti-para-copa-2026","status":"publish","type":"post","link":"https:\/\/blogdoprosperi.com\/?p=57855","title":{"rendered":"Gabriel Jesus aguarda chamado de Ancelotti para Copa 2026"},"content":{"rendered":"<p><em>Luiz Ant\u00f4nio Pr\u00f3speri \u2013 25 abril 2026 (11h23) \u2013<\/em><\/p>\n<p>Gabriel Jesus vive a expectativa de ser convocado para disputar sua terceira Copa do Mundo. N\u00e3o \u00e9 uma miragem do atacante, hoje reserva no Arsenal. Jesus tem certeza de que est\u00e1 no radar de Carlo Ancelotti, mesmo sem nunca ter sido chamado pelo t\u00e9cnico italiano da Sele\u00e7\u00e3o Brasileira. De onde vem tamanha convic\u00e7\u00e3o do jogador? Anote a\u00ed: conex\u00f5es de amizade e profissionalismo entre Ancelotti e o futebol italiano.<\/p>\n<p>Primeiro, vamos ouvir Gabriel Jesus<\/p>\n<p>&#8220;Acredito at\u00e9 o final, se pintar uma chance, o meu nome vai estar sempre ali no radar. Obviamente que, como eu disse, tem que jogar no clube (Arsenal), tem que performar, tem que fazer por merecer estar l\u00e1. Acredito que t\u00eam nomes na minha frente, mas se pintar uma chance, acho que meu nome est\u00e1 no radar&#8221;, disse o atacante na entrevista ao site ge (globo esporte), dia 10 de abril.<\/p>\n<p>Segundo, Jesus afirma: &#8220;Acho que meu nome est\u00e1 no radar (de Ancelotti).&#8221;<\/p>\n<p>Por que?<\/p>\n<p>De onde vem essa informa\u00e7\u00e3o?<\/p>\n<p>Vamos retroceder ao dia 22 de janeiro 2026. Nesta data, Gabriel Jesus troca de empres\u00e1rios e assina contrato com o super agente italiano <strong>Giovanni Branchini<\/strong>, um dos mais influentes e respeitados empres\u00e1rios do futebol europeu com servi\u00e7os prestados a Ronaldo Fen\u00f4meno, Rom\u00e1rio, Cristiano Ronaldo, clubes do porte de Real Madrid, Milan, Bayern de Munique, entre outros.<\/p>\n<p>Branchini tem rela\u00e7\u00e3o profissional e pessoal de longa data com Carlo Ancelotti. Foi um dos respons\u00e1veis por negocia\u00e7\u00f5es que levaram Ancelotti ao Bayern Munique e Real Madrid, informa a imprensa italiana. S\u00e3o &#8220;fratelli&#8221;.<\/p>\n<figure id=\"attachment_57864\" aria-describedby=\"caption-attachment-57864\" style=\"width: 616px\" class=\"wp-caption alignnone\"><img data-recalc-dims=\"1\" loading=\"lazy\" decoding=\"async\" data-attachment-id=\"57864\" data-permalink=\"https:\/\/blogdoprosperi.com\/?attachment_id=57864\" data-orig-file=\"https:\/\/i0.wp.com\/blogdoprosperi.com\/wp-content\/uploads\/2026\/04\/captura-de-tela-2026-04-25-as-10.58.02.png?fit=1046%2C944&amp;ssl=1\" data-orig-size=\"1046,944\" data-comments-opened=\"1\" data-image-meta=\"{&quot;aperture&quot;:&quot;0&quot;,&quot;credit&quot;:&quot;&quot;,&quot;camera&quot;:&quot;&quot;,&quot;caption&quot;:&quot;&quot;,&quot;created_timestamp&quot;:&quot;0&quot;,&quot;copyright&quot;:&quot;&quot;,&quot;focal_length&quot;:&quot;0&quot;,&quot;iso&quot;:&quot;0&quot;,&quot;shutter_speed&quot;:&quot;0&quot;,&quot;title&quot;:&quot;&quot;,&quot;orientation&quot;:&quot;0&quot;,&quot;alt&quot;:&quot;&quot;}\" data-image-title=\"Captura de Tela 2026-04-25 \u00e0s 10.58.02\" data-image-description=\"\" data-image-caption=\"&lt;p&gt;Branchini e Ancelotti \u2013 foto Instagram fevereiro 2026&lt;\/p&gt;\n\" data-large-file=\"https:\/\/i0.wp.com\/blogdoprosperi.com\/wp-content\/uploads\/2026\/04\/captura-de-tela-2026-04-25-as-10.58.02.png?fit=940%2C848&amp;ssl=1\" class=\" wp-image-57864\" src=\"https:\/\/i0.wp.com\/blogdoprosperi.com\/wp-content\/uploads\/2026\/04\/captura-de-tela-2026-04-25-as-10.58.02.png?resize=616%2C556&#038;ssl=1\" alt=\"\" width=\"616\" height=\"556\" \/><figcaption id=\"caption-attachment-57864\" class=\"wp-caption-text\"><em>Branchini e Ancelotti \u2013 foto Instagram fevereiro 2026<\/em><\/figcaption><\/figure>\n<p>Voltemos a Gabriel Jesus.<\/p>\n<p>N\u00e3o seria surpresa uma consulta de Ancelotti ao empres\u00e1rio Giovanni Branchini para se informar a respeito das condi\u00e7\u00f5es f\u00edsica e t\u00e9cnica de Jesus, do momento pessoal do jogador e de seu dia a dia no clube Arsenal.<\/p>\n<p>N\u00e3o temos essa informa\u00e7\u00e3o, mas as evid\u00eancias est\u00e3o a\u00ed. &#8220;Acho que meu nome est\u00e1 no radar (da Sele\u00e7\u00e3o)&#8221;, revela Jesus. &#8220;Estar no radar&#8221; n\u00e3o seria uma informa\u00e7\u00e3o de Branchini a Jesus?<\/p>\n<p>Assim sendo, cresce a chance de Gabriel Jesus voltar \u00e0 Sele\u00e7\u00e3o Brasileira diante da les\u00e3o sofrida por Estev\u00e3o, que pode tirar o garoto da Copa.<\/p>\n<p>&#8220;Tenho a capacidade de fazer gols, criar chances, dar assist\u00eancias, abrir espa\u00e7os. Tamb\u00e9m tem a possibilidade de jogar tanto nas pontas como eu j\u00e1 fiz, isso me ajuda n\u00e3o s\u00f3 na Sele\u00e7\u00e3o ou na Copa, mas tamb\u00e9m no meu clube&#8221; \u2013 Gabriel Jesus ao site ge (globo esporte).<\/p>\n<p>As imprevisibilidades do futebol est\u00e3o a\u00ed. Gabriel Jesus corre por fora na reta de chegada dos candidatos \u00e0 lista dos 26 jogadores de Carlo Ancelotti para a Copa 2026. A conferir.<\/p>\n<p>Gabriel Jesus completou 29 anos no dia 3 de abril. Disputou as Copas do Mundo de 2018 (R\u00fassia) e Qatar (2022). N\u00e3o fez nenhum gol.<\/p>\n<figure id=\"attachment_57867\" aria-describedby=\"caption-attachment-57867\" style=\"width: 1024px\" class=\"wp-caption alignnone\"><img data-recalc-dims=\"1\" loading=\"lazy\" decoding=\"async\" data-attachment-id=\"57867\" data-permalink=\"https:\/\/blogdoprosperi.com\/?attachment_id=57867\" data-orig-file=\"https:\/\/i0.wp.com\/blogdoprosperi.com\/wp-content\/uploads\/2026\/04\/captura-de-tela-2026-04-25-as-10.20.02.png?fit=1296%2C1036&amp;ssl=1\" data-orig-size=\"1296,1036\" data-comments-opened=\"1\" data-image-meta=\"{&quot;aperture&quot;:&quot;0&quot;,&quot;credit&quot;:&quot;&quot;,&quot;camera&quot;:&quot;&quot;,&quot;caption&quot;:&quot;&quot;,&quot;created_timestamp&quot;:&quot;0&quot;,&quot;copyright&quot;:&quot;&quot;,&quot;focal_length&quot;:&quot;0&quot;,&quot;iso&quot;:&quot;0&quot;,&quot;shutter_speed&quot;:&quot;0&quot;,&quot;title&quot;:&quot;&quot;,&quot;orientation&quot;:&quot;0&quot;,&quot;alt&quot;:&quot;&quot;}\" data-image-title=\"Captura de Tela 2026-04-25 \u00e0s 10.20.02\" data-image-description=\"\" data-image-caption=\"&lt;p&gt;Branchini e Gabriel Jesus assinam contrato \u2013 foto: Instagram janeiro 2026&lt;\/p&gt;\n\" data-large-file=\"https:\/\/i0.wp.com\/blogdoprosperi.com\/wp-content\/uploads\/2026\/04\/captura-de-tela-2026-04-25-as-10.20.02.png?fit=940%2C751&amp;ssl=1\" class=\"size-large wp-image-57867\" src=\"https:\/\/i0.wp.com\/blogdoprosperi.com\/wp-content\/uploads\/2026\/04\/captura-de-tela-2026-04-25-as-10.20.02.png?resize=940%2C752&#038;ssl=1\" alt=\"\" width=\"940\" height=\"752\" \/><figcaption id=\"caption-attachment-57867\" class=\"wp-caption-text\"><em>Branchini e Gabriel Jesus assinam contrato \u2013 foto: Instagram janeiro 2026<\/em><\/figcaption><\/figure>\n","protected":false},"excerpt":{"rendered":"<p>Luiz Ant\u00f4nio Pr\u00f3speri \u2013 25 abril 2026 (11h23) \u2013 Gabriel Jesus vive a expectativa de ser convocado para [&hellip;]<\/p>\n","protected":false},"author":102107496,"featured_media":16168,"comment_status":"open","ping_status":"open","sticky":false,"template":"","format":"standard","meta":{"_coblocks_attr":"","_coblocks_dimensions":"","_coblocks_responsive_height":"","_coblocks_accordion_ie_support":"","_jetpack_newsletter_access":"","_jetpack_dont_email_post_to_subs":false,"_jetpack_newsletter_tier_id":0,"_jetpack_memberships_contains_paywalled_content":false,"_wpcom_ai_launchpad_first_post":false,"_jetpack_feature_clip_id":0,"_jetpack_memberships_contains_paid_content":false,"footnotes":"","jetpack_publicize_message":"","jetpack_publicize_feature_enabled":true,"jetpack_social_post_already_shared":false,"jetpack_social_options":{"image_generator_settings":{"template":"highway","default_image_id":0,"font":"","enabled":false},"version":2},"jetpack_post_was_ever_published":false},"categories":[36820279,53870],"tags":[1016127,569949222,337984293,788950663],"class_list":["post-57855","post","type-post","status-publish","format-standard","has-post-thumbnail","hentry","category-copa-2026","category-futebol","tag-ancelotti","tag-copa2026","tag-gabrieljesus","tag-giovannibranchini"],"yoast_head":"<!-- This site is optimized with the Yoast SEO plugin v28.3 - https:\/\/yoast.com\/product\/yoast-seo-wordpress\/ -->\n<title>Gabriel Jesus aguarda chamado de Ancelotti para Copa 2026 - PR\u00d3SPERI NEWS<\/title>\n<meta name=\"robots\" content=\"index, follow, max-snippet:-1, max-image-preview:large, max-video-preview:-1\" \/>\n<link rel=\"canonical\" href=\"https:\/\/blogdoprosperi.com\/?p=57855\" \/>\n<meta property=\"og:locale\" content=\"pt_BR\" \/>\n<meta property=\"og:type\" content=\"article\" \/>\n<meta property=\"og:title\" content=\"Gabriel Jesus aguarda chamado de Ancelotti para Copa 2026 - PR\u00d3SPERI NEWS\" \/>\n<meta property=\"og:description\" content=\"Luiz Ant\u00f4nio Pr\u00f3speri \u2013 25 abril 2026 (11h23) \u2013 Gabriel Jesus vive a expectativa de ser convocado para [&hellip;]\" \/>\n<meta property=\"og:url\" content=\"https:\/\/blogdoprosperi.com\/?p=57855\" \/>\n<meta property=\"og:site_name\" content=\"PR\u00d3SPERI NEWS\" \/>\n<meta property=\"article:publisher\" content=\"Luiz Pr\u00f3speri\" \/>\n<meta property=\"article:author\" content=\"Luiz Pr\u00f3speri\" \/>\n<meta property=\"article:published_time\" content=\"2026-04-25T14:25:22+00:00\" \/>\n<meta property=\"article:modified_time\" content=\"2026-04-25T14:29:28+00:00\" \/>\n<meta property=\"og:image\" content=\"https:\/\/i0.wp.com\/blogdoprosperi.com\/wp-content\/uploads\/2016\/07\/selecao-brasileira-gabriel-jesus-480-fifa-divulgacao-1.jpg?fit=620%2C465&ssl=1\" \/>\n\t<meta property=\"og:image:width\" content=\"620\" \/>\n\t<meta property=\"og:image:height\" content=\"465\" \/>\n\t<meta property=\"og:image:type\" content=\"image\/jpeg\" \/>\n<meta name=\"author\" content=\"Luiz Ant\u00f4nio Pr\u00f3speri\" \/>\n<meta name=\"twitter:card\" content=\"summary_large_image\" \/>\n<meta name=\"twitter:creator\" content=\"@Luizprosperi\" \/>\n<meta name=\"twitter:site\" content=\"@Luizprosperi\" \/>\n<meta name=\"twitter:label1\" content=\"Escrito por\" \/>\n\t<meta name=\"twitter:data1\" content=\"Luiz Ant\u00f4nio Pr\u00f3speri\" \/>\n\t<meta name=\"twitter:label2\" content=\"Est. tempo de leitura\" \/>\n\t<meta name=\"twitter:data2\" content=\"3 minutos\" \/>\n<script type=\"application\/ld+json\" class=\"yoast-schema-graph\">{\"@context\":\"https:\\\/\\\/schema.org\",\"@graph\":[{\"@type\":\"Article\",\"@id\":\"https:\\\/\\\/blogdoprosperi.com\\\/?p=57855#article\",\"isPartOf\":{\"@id\":\"https:\\\/\\\/blogdoprosperi.com\\\/?p=57855\"},\"author\":{\"name\":\"Luiz Ant\u00f4nio Pr\u00f3speri\",\"@id\":\"https:\\\/\\\/blogdoprosperi.com\\\/#\\\/schema\\\/person\\\/38100755ce3601861ee4fab9b5aa78e9\"},\"headline\":\"Gabriel Jesus aguarda chamado de Ancelotti para Copa 2026\",\"datePublished\":\"2026-04-25T14:25:22+00:00\",\"dateModified\":\"2026-04-25T14:29:28+00:00\",\"mainEntityOfPage\":{\"@id\":\"https:\\\/\\\/blogdoprosperi.com\\\/?p=57855\"},\"wordCount\":524,\"commentCount\":0,\"publisher\":{\"@id\":\"https:\\\/\\\/blogdoprosperi.com\\\/#\\\/schema\\\/person\\\/38100755ce3601861ee4fab9b5aa78e9\"},\"image\":{\"@id\":\"https:\\\/\\\/blogdoprosperi.com\\\/?p=57855#primaryimage\"},\"thumbnailUrl\":\"https:\\\/\\\/i0.wp.com\\\/blogdoprosperi.com\\\/wp-content\\\/uploads\\\/2016\\\/07\\\/selecao-brasileira-gabriel-jesus-480-fifa-divulgacao-1.jpg?fit=620%2C465&ssl=1\",\"keywords\":[\"Ancelotti\",\"Copa2026\",\"gabrieljesus\",\"giovannibranchini\"],\"articleSection\":[\"copa 2026\",\"futebol\"],\"inLanguage\":\"pt-BR\",\"potentialAction\":[{\"@type\":\"CommentAction\",\"name\":\"Comment\",\"target\":[\"https:\\\/\\\/blogdoprosperi.com\\\/?p=57855#respond\"]}]},{\"@type\":\"WebPage\",\"@id\":\"https:\\\/\\\/blogdoprosperi.com\\\/?p=57855\",\"url\":\"https:\\\/\\\/blogdoprosperi.com\\\/?p=57855\",\"name\":\"Gabriel Jesus aguarda chamado de Ancelotti para Copa 2026 - PR\u00d3SPERI NEWS\",\"isPartOf\":{\"@id\":\"https:\\\/\\\/blogdoprosperi.com\\\/#website\"},\"primaryImageOfPage\":{\"@id\":\"https:\\\/\\\/blogdoprosperi.com\\\/?p=57855#primaryimage\"},\"image\":{\"@id\":\"https:\\\/\\\/blogdoprosperi.com\\\/?p=57855#primaryimage\"},\"thumbnailUrl\":\"https:\\\/\\\/i0.wp.com\\\/blogdoprosperi.com\\\/wp-content\\\/uploads\\\/2016\\\/07\\\/selecao-brasileira-gabriel-jesus-480-fifa-divulgacao-1.jpg?fit=620%2C465&ssl=1\",\"datePublished\":\"2026-04-25T14:25:22+00:00\",\"dateModified\":\"2026-04-25T14:29:28+00:00\",\"breadcrumb\":{\"@id\":\"https:\\\/\\\/blogdoprosperi.com\\\/?p=57855#breadcrumb\"},\"inLanguage\":\"pt-BR\",\"potentialAction\":[{\"@type\":\"ReadAction\",\"target\":[\"https:\\\/\\\/blogdoprosperi.com\\\/?p=57855\"]}]},{\"@type\":\"ImageObject\",\"inLanguage\":\"pt-BR\",\"@id\":\"https:\\\/\\\/blogdoprosperi.com\\\/?p=57855#primaryimage\",\"url\":\"https:\\\/\\\/i0.wp.com\\\/blogdoprosperi.com\\\/wp-content\\\/uploads\\\/2016\\\/07\\\/selecao-brasileira-gabriel-jesus-480-fifa-divulgacao-1.jpg?fit=620%2C465&ssl=1\",\"contentUrl\":\"https:\\\/\\\/i0.wp.com\\\/blogdoprosperi.com\\\/wp-content\\\/uploads\\\/2016\\\/07\\\/selecao-brasileira-gabriel-jesus-480-fifa-divulgacao-1.jpg?fit=620%2C465&ssl=1\",\"width\":620,\"height\":465,\"caption\":\"Gabriel Jesus espera chamado de Ancelotti \u2013 foto: CBF oficial\"},{\"@type\":\"BreadcrumbList\",\"@id\":\"https:\\\/\\\/blogdoprosperi.com\\\/?p=57855#breadcrumb\",\"itemListElement\":[{\"@type\":\"ListItem\",\"position\":1,\"name\":\"In\u00edcio\",\"item\":\"https:\\\/\\\/blogdoprosperi.com\\\/\"},{\"@type\":\"ListItem\",\"position\":2,\"name\":\"Gabriel Jesus aguarda chamado de Ancelotti para Copa 2026\"}]},{\"@type\":\"WebSite\",\"@id\":\"https:\\\/\\\/blogdoprosperi.com\\\/#website\",\"url\":\"https:\\\/\\\/blogdoprosperi.com\\\/\",\"name\":\"PR\u00d3SPERI NEWS\",\"description\":\"TUDO \u00c9  FUTEBOL\",\"publisher\":{\"@id\":\"https:\\\/\\\/blogdoprosperi.com\\\/#\\\/schema\\\/person\\\/38100755ce3601861ee4fab9b5aa78e9\"},\"alternateName\":\"blogdoprosperi.com\",\"potentialAction\":[{\"@type\":\"SearchAction\",\"target\":{\"@type\":\"EntryPoint\",\"urlTemplate\":\"https:\\\/\\\/blogdoprosperi.com\\\/?s={search_term_string}\"},\"query-input\":{\"@type\":\"PropertyValueSpecification\",\"valueRequired\":true,\"valueName\":\"search_term_string\"}}],\"inLanguage\":\"pt-BR\"},{\"@type\":[\"Person\",\"Organization\"],\"@id\":\"https:\\\/\\\/blogdoprosperi.com\\\/#\\\/schema\\\/person\\\/38100755ce3601861ee4fab9b5aa78e9\",\"name\":\"Luiz Ant\u00f4nio Pr\u00f3speri\",\"pronouns\":\"ele\",\"image\":{\"@type\":\"ImageObject\",\"inLanguage\":\"pt-BR\",\"@id\":\"https:\\\/\\\/i0.wp.com\\\/blogdoprosperi.com\\\/wp-content\\\/uploads\\\/2026\\\/05\\\/cropped-8059e613-6002-42fa-961e-8e275f575d71-2-5.jpg?fit=1360%2C931&ssl=1\",\"url\":\"https:\\\/\\\/i0.wp.com\\\/blogdoprosperi.com\\\/wp-content\\\/uploads\\\/2026\\\/05\\\/cropped-8059e613-6002-42fa-961e-8e275f575d71-2-5.jpg?fit=1360%2C931&ssl=1\",\"contentUrl\":\"https:\\\/\\\/i0.wp.com\\\/blogdoprosperi.com\\\/wp-content\\\/uploads\\\/2026\\\/05\\\/cropped-8059e613-6002-42fa-961e-8e275f575d71-2-5.jpg?fit=1360%2C931&ssl=1\",\"width\":1360,\"height\":931,\"caption\":\"Luiz Ant\u00f4nio Pr\u00f3speri\"},\"logo\":{\"@id\":\"https:\\\/\\\/i0.wp.com\\\/blogdoprosperi.com\\\/wp-content\\\/uploads\\\/2026\\\/05\\\/cropped-8059e613-6002-42fa-961e-8e275f575d71-2-5.jpg?fit=1360%2C931&ssl=1\"},\"description\":\"Jornalista com carreira dedicada ao esporte. Cobriu 9 Copas do Mundo in loco, 1990 na It\u00e1lia, 1994 nos EUA, 1998 na Fran\u00e7a, 2002 na Coreia do Sul e Jap\u00e3o, 2006 na Alemanha, 2010 na \u00c1frica do Sul, 2014 no Brasil, 2018 na R\u00fassia e 2022 no Qatar. Eurocopas, 1992 na Su\u00e9cia e 1996 na Inglaterra. Copa das Confedera\u00e7\u00f5es de 2005 na Alemanha e 2009 na \u00c1frica do Sul. Rep\u00f3rter e Editor, trabalhou no Jornal da Tarde e Estad\u00e3o, de 1984 a fevereiro de 2016. Colunista, blogueiro. E comentarista de futebol na R\u00e1dio Estad\u00e3o, de 2013 a fevereiro de 2016. Jornalista respons\u00e1vel do \\\"Pr\u00f3speri News\\\" (blogdoprosperi.com).\",\"sameAs\":[\"http:\\\/\\\/blogdoprosperi.com\",\"Luiz Pr\u00f3speri\",\"@luiz_prosperi\",\"https:\\\/\\\/x.com\\\/Luizprosperi\",\"@prosperinacopa\",\"luiz.prosperi@icloud.com\"],\"url\":\"https:\\\/\\\/blogdoprosperi.com\\\/?author=102107496\"}]}<\/script>\n<!-- \/ Yoast SEO plugin. -->","yoast_head_json":{"title":"Gabriel Jesus aguarda chamado de Ancelotti para Copa 2026 - PR\u00d3SPERI NEWS","robots":{"index":"index","follow":"follow","max-snippet":"max-snippet:-1","max-image-preview":"max-image-preview:large","max-video-preview":"max-video-preview:-1"},"canonical":"https:\/\/blogdoprosperi.com\/?p=57855","og_locale":"pt_BR","og_type":"article","og_title":"Gabriel Jesus aguarda chamado de Ancelotti para Copa 2026 - PR\u00d3SPERI NEWS","og_description":"Luiz Ant\u00f4nio Pr\u00f3speri \u2013 25 abril 2026 (11h23) \u2013 Gabriel Jesus vive a expectativa de ser convocado para [&hellip;]","og_url":"https:\/\/blogdoprosperi.com\/?p=57855","og_site_name":"PR\u00d3SPERI NEWS","article_publisher":"Luiz Pr\u00f3speri","article_author":"Luiz Pr\u00f3speri","article_published_time":"2026-04-25T14:25:22+00:00","article_modified_time":"2026-04-25T14:29:28+00:00","og_image":[{"width":620,"height":465,"url":"https:\/\/i0.wp.com\/blogdoprosperi.com\/wp-content\/uploads\/2016\/07\/selecao-brasileira-gabriel-jesus-480-fifa-divulgacao-1.jpg?fit=620%2C465&ssl=1","type":"image\/jpeg"}],"author":"Luiz Ant\u00f4nio Pr\u00f3speri","twitter_card":"summary_large_image","twitter_creator":"@Luizprosperi","twitter_site":"@Luizprosperi","twitter_misc":{"Escrito por":"Luiz Ant\u00f4nio Pr\u00f3speri","Est. tempo de leitura":"3 minutos"},"schema":{"@context":"https:\/\/schema.org","@graph":[{"@type":"Article","@id":"https:\/\/blogdoprosperi.com\/?p=57855#article","isPartOf":{"@id":"https:\/\/blogdoprosperi.com\/?p=57855"},"author":{"name":"Luiz Ant\u00f4nio Pr\u00f3speri","@id":"https:\/\/blogdoprosperi.com\/#\/schema\/person\/38100755ce3601861ee4fab9b5aa78e9"},"headline":"Gabriel Jesus aguarda chamado de Ancelotti para Copa 2026","datePublished":"2026-04-25T14:25:22+00:00","dateModified":"2026-04-25T14:29:28+00:00","mainEntityOfPage":{"@id":"https:\/\/blogdoprosperi.com\/?p=57855"},"wordCount":524,"commentCount":0,"publisher":{"@id":"https:\/\/blogdoprosperi.com\/#\/schema\/person\/38100755ce3601861ee4fab9b5aa78e9"},"image":{"@id":"https:\/\/blogdoprosperi.com\/?p=57855#primaryimage"},"thumbnailUrl":"https:\/\/i0.wp.com\/blogdoprosperi.com\/wp-content\/uploads\/2016\/07\/selecao-brasileira-gabriel-jesus-480-fifa-divulgacao-1.jpg?fit=620%2C465&ssl=1","keywords":["Ancelotti","Copa2026","gabrieljesus","giovannibranchini"],"articleSection":["copa 2026","futebol"],"inLanguage":"pt-BR","potentialAction":[{"@type":"CommentAction","name":"Comment","target":["https:\/\/blogdoprosperi.com\/?p=57855#respond"]}]},{"@type":"WebPage","@id":"https:\/\/blogdoprosperi.com\/?p=57855","url":"https:\/\/blogdoprosperi.com\/?p=57855","name":"Gabriel Jesus aguarda chamado de Ancelotti para Copa 2026 - PR\u00d3SPERI NEWS","isPartOf":{"@id":"https:\/\/blogdoprosperi.com\/#website"},"primaryImageOfPage":{"@id":"https:\/\/blogdoprosperi.com\/?p=57855#primaryimage"},"image":{"@id":"https:\/\/blogdoprosperi.com\/?p=57855#primaryimage"},"thumbnailUrl":"https:\/\/i0.wp.com\/blogdoprosperi.com\/wp-content\/uploads\/2016\/07\/selecao-brasileira-gabriel-jesus-480-fifa-divulgacao-1.jpg?fit=620%2C465&ssl=1","datePublished":"2026-04-25T14:25:22+00:00","dateModified":"2026-04-25T14:29:28+00:00","breadcrumb":{"@id":"https:\/\/blogdoprosperi.com\/?p=57855#breadcrumb"},"inLanguage":"pt-BR","potentialAction":[{"@type":"ReadAction","target":["https:\/\/blogdoprosperi.com\/?p=57855"]}]},{"@type":"ImageObject","inLanguage":"pt-BR","@id":"https:\/\/blogdoprosperi.com\/?p=57855#primaryimage","url":"https:\/\/i0.wp.com\/blogdoprosperi.com\/wp-content\/uploads\/2016\/07\/selecao-brasileira-gabriel-jesus-480-fifa-divulgacao-1.jpg?fit=620%2C465&ssl=1","contentUrl":"https:\/\/i0.wp.com\/blogdoprosperi.com\/wp-content\/uploads\/2016\/07\/selecao-brasileira-gabriel-jesus-480-fifa-divulgacao-1.jpg?fit=620%2C465&ssl=1","width":620,"height":465,"caption":"Gabriel Jesus espera chamado de Ancelotti \u2013 foto: CBF oficial"},{"@type":"BreadcrumbList","@id":"https:\/\/blogdoprosperi.com\/?p=57855#breadcrumb","itemListElement":[{"@type":"ListItem","position":1,"name":"In\u00edcio","item":"https:\/\/blogdoprosperi.com\/"},{"@type":"ListItem","position":2,"name":"Gabriel Jesus aguarda chamado de Ancelotti para Copa 2026"}]},{"@type":"WebSite","@id":"https:\/\/blogdoprosperi.com\/#website","url":"https:\/\/blogdoprosperi.com\/","name":"PR\u00d3SPERI NEWS","description":"TUDO \u00c9  FUTEBOL","publisher":{"@id":"https:\/\/blogdoprosperi.com\/#\/schema\/person\/38100755ce3601861ee4fab9b5aa78e9"},"alternateName":"blogdoprosperi.com","potentialAction":[{"@type":"SearchAction","target":{"@type":"EntryPoint","urlTemplate":"https:\/\/blogdoprosperi.com\/?s={search_term_string}"},"query-input":{"@type":"PropertyValueSpecification","valueRequired":true,"valueName":"search_term_string"}}],"inLanguage":"pt-BR"},{"@type":["Person","Organization"],"@id":"https:\/\/blogdoprosperi.com\/#\/schema\/person\/38100755ce3601861ee4fab9b5aa78e9","name":"Luiz Ant\u00f4nio Pr\u00f3speri","pronouns":"ele","image":{"@type":"ImageObject","inLanguage":"pt-BR","@id":"https:\/\/i0.wp.com\/blogdoprosperi.com\/wp-content\/uploads\/2026\/05\/cropped-8059e613-6002-42fa-961e-8e275f575d71-2-5.jpg?fit=1360%2C931&ssl=1","url":"https:\/\/i0.wp.com\/blogdoprosperi.com\/wp-content\/uploads\/2026\/05\/cropped-8059e613-6002-42fa-961e-8e275f575d71-2-5.jpg?fit=1360%2C931&ssl=1","contentUrl":"https:\/\/i0.wp.com\/blogdoprosperi.com\/wp-content\/uploads\/2026\/05\/cropped-8059e613-6002-42fa-961e-8e275f575d71-2-5.jpg?fit=1360%2C931&ssl=1","width":1360,"height":931,"caption":"Luiz Ant\u00f4nio Pr\u00f3speri"},"logo":{"@id":"https:\/\/i0.wp.com\/blogdoprosperi.com\/wp-content\/uploads\/2026\/05\/cropped-8059e613-6002-42fa-961e-8e275f575d71-2-5.jpg?fit=1360%2C931&ssl=1"},"description":"Jornalista com carreira dedicada ao esporte. Cobriu 9 Copas do Mundo in loco, 1990 na It\u00e1lia, 1994 nos EUA, 1998 na Fran\u00e7a, 2002 na Coreia do Sul e Jap\u00e3o, 2006 na Alemanha, 2010 na \u00c1frica do Sul, 2014 no Brasil, 2018 na R\u00fassia e 2022 no Qatar. Eurocopas, 1992 na Su\u00e9cia e 1996 na Inglaterra. Copa das Confedera\u00e7\u00f5es de 2005 na Alemanha e 2009 na \u00c1frica do Sul. Rep\u00f3rter e Editor, trabalhou no Jornal da Tarde e Estad\u00e3o, de 1984 a fevereiro de 2016. Colunista, blogueiro. E comentarista de futebol na R\u00e1dio Estad\u00e3o, de 2013 a fevereiro de 2016. Jornalista respons\u00e1vel do \"Pr\u00f3speri News\" (blogdoprosperi.com).","sameAs":["http:\/\/blogdoprosperi.com","Luiz Pr\u00f3speri","@luiz_prosperi","https:\/\/x.com\/Luizprosperi","@prosperinacopa","luiz.prosperi@icloud.com"],"url":"https:\/\/blogdoprosperi.com\/?author=102107496"}]}},"jetpack_publicize_connections":[],"jetpack_likes_enabled":false,"jetpack_sharing_enabled":true,"jetpack_shortlink":"https:\/\/wp.me\/p7jvdk-f39","jetpack-related-posts":[{"id":60006,"url":"https:\/\/blogdoprosperi.com\/?p=60006","url_meta":{"origin":57855,"position":0},"title":"Brasil x Jap\u00e3o | Mente, cora\u00e7\u00e3o e ideias claras, a receita de Ancelotti para vencer","author":"Luiz Ant\u00f4nio Pr\u00f3speri","date":"29 de junho de 2026","format":false,"excerpt":"Luiz Ant\u00f4nio Pr\u00f3speri, de Houston, 29 junho 2026 (08h21) Carlo Ancelotti tem uma proposta para derrotar o Jap\u00e3o e avan\u00e7ar \u00e0s oitavas de final da Copa do Mundo 2026. Parece bem simples. Italiano revela que em jogos como esse de mata e n\u00e3o mata-mata (ida e volta) \u00e9 preciso ser\u2026","rel":"","context":"Em &quot;copa 2026&quot;","block_context":{"text":"copa 2026","link":"https:\/\/blogdoprosperi.com\/?cat=36820279"},"img":{"alt_text":"","src":"https:\/\/i0.wp.com\/blogdoprosperi.com\/wp-content\/uploads\/2026\/06\/28JUN2026TREINOHOUSTON72-CARLO-ANCELOTTI-ENDRICK-LEO-PEREIRA-NEYMAR-DANILO-SANTOS.jpg?fit=1200%2C812&ssl=1&resize=350%2C200","width":350,"height":200,"srcset":"https:\/\/i0.wp.com\/blogdoprosperi.com\/wp-content\/uploads\/2026\/06\/28JUN2026TREINOHOUSTON72-CARLO-ANCELOTTI-ENDRICK-LEO-PEREIRA-NEYMAR-DANILO-SANTOS.jpg?fit=1200%2C812&ssl=1&resize=350%2C200 1x, https:\/\/i0.wp.com\/blogdoprosperi.com\/wp-content\/uploads\/2026\/06\/28JUN2026TREINOHOUSTON72-CARLO-ANCELOTTI-ENDRICK-LEO-PEREIRA-NEYMAR-DANILO-SANTOS.jpg?fit=1200%2C812&ssl=1&resize=525%2C300 1.5x, https:\/\/i0.wp.com\/blogdoprosperi.com\/wp-content\/uploads\/2026\/06\/28JUN2026TREINOHOUSTON72-CARLO-ANCELOTTI-ENDRICK-LEO-PEREIRA-NEYMAR-DANILO-SANTOS.jpg?fit=1200%2C812&ssl=1&resize=700%2C400 2x, https:\/\/i0.wp.com\/blogdoprosperi.com\/wp-content\/uploads\/2026\/06\/28JUN2026TREINOHOUSTON72-CARLO-ANCELOTTI-ENDRICK-LEO-PEREIRA-NEYMAR-DANILO-SANTOS.jpg?fit=1200%2C812&ssl=1&resize=1050%2C600 3x"},"classes":[]},{"id":49864,"url":"https:\/\/blogdoprosperi.com\/?p=49864","url_meta":{"origin":57855,"position":1},"title":"CBF Desiste de Ancelotti | Sele\u00e7\u00e3o Brasileira Deveria  Pensar na Copa do Mundo de 2030","author":"Luiz Ant\u00f4nio Pr\u00f3speri","date":"29 de abril de 2025","format":false,"excerpt":"\u2666 CBF se exp\u00f5e ao rid\u00edculo de n\u00e3o conduzir uma negocia\u00e7\u00e3o com Ancelotti t\u00e3o comum no futebol internacional \u2666 Jorge Jesus tem lobby forte na CBF. E caminha para outro furo n'\u00e1gua na Sele\u00e7\u00e3o Luiz Ant\u00f4nio Pr\u00f3speri \u2013 29 abril (22h25) \u2013 CBF desiste de Carlo Ancelotti. T\u00e9cnico italiano tem\u2026","rel":"","context":"Em &quot;futebol&quot;","block_context":{"text":"futebol","link":"https:\/\/blogdoprosperi.com\/?cat=53870"},"img":{"alt_text":"Jesus e Filipe, juntos na Sele\u00e7\u00e3o ?","src":"https:\/\/i0.wp.com\/blogdoprosperi.com\/wp-content\/uploads\/2025\/03\/captura-de-tela-2025-03-28-as-18.57.54.png?fit=1200%2C642&ssl=1&resize=350%2C200","width":350,"height":200,"srcset":"https:\/\/i0.wp.com\/blogdoprosperi.com\/wp-content\/uploads\/2025\/03\/captura-de-tela-2025-03-28-as-18.57.54.png?fit=1200%2C642&ssl=1&resize=350%2C200 1x, https:\/\/i0.wp.com\/blogdoprosperi.com\/wp-content\/uploads\/2025\/03\/captura-de-tela-2025-03-28-as-18.57.54.png?fit=1200%2C642&ssl=1&resize=525%2C300 1.5x, https:\/\/i0.wp.com\/blogdoprosperi.com\/wp-content\/uploads\/2025\/03\/captura-de-tela-2025-03-28-as-18.57.54.png?fit=1200%2C642&ssl=1&resize=700%2C400 2x, https:\/\/i0.wp.com\/blogdoprosperi.com\/wp-content\/uploads\/2025\/03\/captura-de-tela-2025-03-28-as-18.57.54.png?fit=1200%2C642&ssl=1&resize=1050%2C600 3x"},"classes":[]},{"id":54735,"url":"https:\/\/blogdoprosperi.com\/?p=54735","url_meta":{"origin":57855,"position":2},"title":"Ancelotti Deixa Neymar Fora da Sele\u00e7\u00e3o e Continuamos Sem Meias Talentosos","author":"Luiz Ant\u00f4nio Pr\u00f3speri","date":"25 de agosto de 2025","format":false,"excerpt":"Luiz Ant\u00f4nio Pr\u00f3speri \u2013 25 agosto 2025 (17h36) \u2013 Carlo Ancelotti anuncia a lista da Sele\u00e7\u00e3o Brasileira sem Neymar. E manda um recado forte a todos jogadores: quem pensa em jogar na Sele\u00e7\u00e3o precisa de se apresentar na plenitude f\u00edsica. N\u00e3o adianta se credenciar apenas com o nome ou servi\u00e7os\u2026","rel":"","context":"Em &quot;futebol&quot;","block_context":{"text":"futebol","link":"https:\/\/blogdoprosperi.com\/?cat=53870"},"img":{"alt_text":"Charge de Jaguar nos 1970","src":"https:\/\/i0.wp.com\/blogdoprosperi.com\/wp-content\/uploads\/2025\/08\/captura-de-tela-2025-08-25-as-16.47.50.png?fit=1200%2C665&ssl=1&resize=350%2C200","width":350,"height":200,"srcset":"https:\/\/i0.wp.com\/blogdoprosperi.com\/wp-content\/uploads\/2025\/08\/captura-de-tela-2025-08-25-as-16.47.50.png?fit=1200%2C665&ssl=1&resize=350%2C200 1x, https:\/\/i0.wp.com\/blogdoprosperi.com\/wp-content\/uploads\/2025\/08\/captura-de-tela-2025-08-25-as-16.47.50.png?fit=1200%2C665&ssl=1&resize=525%2C300 1.5x, https:\/\/i0.wp.com\/blogdoprosperi.com\/wp-content\/uploads\/2025\/08\/captura-de-tela-2025-08-25-as-16.47.50.png?fit=1200%2C665&ssl=1&resize=700%2C400 2x, https:\/\/i0.wp.com\/blogdoprosperi.com\/wp-content\/uploads\/2025\/08\/captura-de-tela-2025-08-25-as-16.47.50.png?fit=1200%2C665&ssl=1&resize=1050%2C600 3x"},"classes":[]},{"id":56656,"url":"https:\/\/blogdoprosperi.com\/?p=56656","url_meta":{"origin":57855,"position":3},"title":"Sele\u00e7\u00e3o Brasileira | Ancelotti N\u00e3o Convoca Mas N\u00e3o Descarta Neymar na Copa","author":"Luiz Ant\u00f4nio Pr\u00f3speri","date":"16 de mar\u00e7o de 2026","format":false,"excerpt":"Neymar continua fora da Sele\u00e7\u00e3o e diminui a chance de jogar a Copa do Mundo 2026. Afastado da Sele\u00e7\u00e3o Brasileira desde outubro de 2023, quando rompe os ligamentos cruzados do joelho esquerdo no jogo contra o. Uruguai, o craque santista n\u00e3o aparece na lista Carlo Ancelotti para os amistosos contra\u2026","rel":"","context":"Em &quot;copa 2026&quot;","block_context":{"text":"copa 2026","link":"https:\/\/blogdoprosperi.com\/?cat=36820279"},"img":{"alt_text":"neymar sim, neymar n\u00e3o","src":"https:\/\/i0.wp.com\/blogdoprosperi.com\/wp-content\/uploads\/2022\/11\/52534316743_e5ca84d055_c-1.jpg?fit=799%2C533&ssl=1&resize=350%2C200","width":350,"height":200,"srcset":"https:\/\/i0.wp.com\/blogdoprosperi.com\/wp-content\/uploads\/2022\/11\/52534316743_e5ca84d055_c-1.jpg?fit=799%2C533&ssl=1&resize=350%2C200 1x, https:\/\/i0.wp.com\/blogdoprosperi.com\/wp-content\/uploads\/2022\/11\/52534316743_e5ca84d055_c-1.jpg?fit=799%2C533&ssl=1&resize=525%2C300 1.5x, https:\/\/i0.wp.com\/blogdoprosperi.com\/wp-content\/uploads\/2022\/11\/52534316743_e5ca84d055_c-1.jpg?fit=799%2C533&ssl=1&resize=700%2C400 2x"},"classes":[]},{"id":50372,"url":"https:\/\/blogdoprosperi.com\/?p=50372","url_meta":{"origin":57855,"position":4},"title":"Ancelotti Convoca Sele\u00e7\u00e3o | &#8220;Vamos Construir Um Time para Competir Contra Qualquer Um&#8221;","author":"Luiz Ant\u00f4nio Pr\u00f3speri","date":"26 de maio de 2025","format":false,"excerpt":"Luiz Ant\u00f4nio Pr\u00f3speri \u2013 26 maio (17h05) \u2013 Carlo Ancelotti est\u00e1 entre n\u00f3s. Na sua primeira convoca\u00e7\u00e3o da Sele\u00e7\u00e3o Brasileira nenhuma grande novidade na lista de 25 jogadores. Prioridade de Carletto: apostar em jogadores em boas condi\u00e7\u00f5es f\u00edsicas, saud\u00e1veis e de personalidade. Por isso Neymar est\u00e1 fora e Casemiro de\u2026","rel":"","context":"Em &quot;futebol&quot;","block_context":{"text":"futebol","link":"https:\/\/blogdoprosperi.com\/?cat=53870"},"img":{"alt_text":"","src":"https:\/\/i0.wp.com\/blogdoprosperi.com\/wp-content\/uploads\/2025\/05\/54546365167_98132d5f61_c.jpg?fit=799%2C540&ssl=1&resize=350%2C200","width":350,"height":200,"srcset":"https:\/\/i0.wp.com\/blogdoprosperi.com\/wp-content\/uploads\/2025\/05\/54546365167_98132d5f61_c.jpg?fit=799%2C540&ssl=1&resize=350%2C200 1x, https:\/\/i0.wp.com\/blogdoprosperi.com\/wp-content\/uploads\/2025\/05\/54546365167_98132d5f61_c.jpg?fit=799%2C540&ssl=1&resize=525%2C300 1.5x, https:\/\/i0.wp.com\/blogdoprosperi.com\/wp-content\/uploads\/2025\/05\/54546365167_98132d5f61_c.jpg?fit=799%2C540&ssl=1&resize=700%2C400 2x"},"classes":[]},{"id":50697,"url":"https:\/\/blogdoprosperi.com\/?p=50697","url_meta":{"origin":57855,"position":5},"title":"Ancelotti Estreia | Enfim, Uma Sele\u00e7\u00e3o Brasileira Sem Identidade","author":"Luiz Ant\u00f4nio Pr\u00f3speri","date":"5 de junho de 2025","format":false,"excerpt":"\u2660 Gosto de uma equipe que n\u00e3o tenha uma identidade definida \u2660 A camisa do Brasil pesa muito e creio que \u00e9 um grande orgulho vestir, porque eles (jogadores) s\u00e3o os melhores do mundo, entre eles o maior: Pel\u00e9 Luiz Ant\u00f4nio Pr\u00f3speri \u2013 5 de junho (13h05) \u2013 Carlo Ancelotti\u2026","rel":"","context":"Em &quot;futebol&quot;","block_context":{"text":"futebol","link":"https:\/\/blogdoprosperi.com\/?cat=53870"},"img":{"alt_text":"","src":"https:\/\/i0.wp.com\/blogdoprosperi.com\/wp-content\/uploads\/2025\/06\/54566913252_dd8b673611_c.jpg?fit=799%2C548&ssl=1&resize=350%2C200","width":350,"height":200,"srcset":"https:\/\/i0.wp.com\/blogdoprosperi.com\/wp-content\/uploads\/2025\/06\/54566913252_dd8b673611_c.jpg?fit=799%2C548&ssl=1&resize=350%2C200 1x, https:\/\/i0.wp.com\/blogdoprosperi.com\/wp-content\/uploads\/2025\/06\/54566913252_dd8b673611_c.jpg?fit=799%2C548&ssl=1&resize=525%2C300 1.5x, https:\/\/i0.wp.com\/blogdoprosperi.com\/wp-content\/uploads\/2025\/06\/54566913252_dd8b673611_c.jpg?fit=799%2C548&ssl=1&resize=700%2C400 2x"},"classes":[]}],"jetpack_featured_media_url":"https:\/\/i0.wp.com\/blogdoprosperi.com\/wp-content\/uploads\/2016\/07\/selecao-brasileira-gabriel-jesus-480-fifa-divulgacao-1.jpg?fit=620%2C465&ssl=1","_links":{"self":[{"href":"https:\/\/blogdoprosperi.com\/index.php?rest_route=\/wp\/v2\/posts\/57855","targetHints":{"allow":["GET"]}}],"collection":[{"href":"https:\/\/blogdoprosperi.com\/index.php?rest_route=\/wp\/v2\/posts"}],"about":[{"href":"https:\/\/blogdoprosperi.com\/index.php?rest_route=\/wp\/v2\/types\/post"}],"author":[{"embeddable":true,"href":"https:\/\/blogdoprosperi.com\/index.php?rest_route=\/wp\/v2\/users\/102107496"}],"replies":[{"embeddable":true,"href":"https:\/\/blogdoprosperi.com\/index.php?rest_route=%2Fwp%2Fv2%2Fcomments&post=57855"}],"version-history":[{"count":13,"href":"https:\/\/blogdoprosperi.com\/index.php?rest_route=\/wp\/v2\/posts\/57855\/revisions"}],"predecessor-version":[{"id":57884,"href":"https:\/\/blogdoprosperi.com\/index.php?rest_route=\/wp\/v2\/posts\/57855\/revisions\/57884"}],"wp:featuredmedia":[{"embeddable":true,"href":"https:\/\/blogdoprosperi.com\/index.php?rest_route=\/wp\/v2\/media\/16168"}],"wp:attachment":[{"href":"https:\/\/blogdoprosperi.com\/index.php?rest_route=%2Fwp%2Fv2%2Fmedia&parent=57855"}],"wp:term":[{"taxonomy":"category","embeddable":true,"href":"https:\/\/blogdoprosperi.com\/index.php?rest_route=%2Fwp%2Fv2%2Fcategories&post=57855"},{"taxonomy":"post_tag","embeddable":true,"href":"https:\/\/blogdoprosperi.com\/index.php?rest_route=%2Fwp%2Fv2%2Ftags&post=57855"}],"curies":[{"name":"wp","href":"https:\/\/api.w.org\/{rel}","templated":true}]}}