{"id":57893,"date":"2026-04-28T12:30:57","date_gmt":"2026-04-28T15:30:57","guid":{"rendered":"https:\/\/blogdoprosperi.com\/?p=57893"},"modified":"2026-04-29T11:59:41","modified_gmt":"2026-04-29T14:59:41","slug":"champions-league-onde-assistir-ao-vivo-psg-x-bayern-munique","status":"publish","type":"post","link":"https:\/\/blogdoprosperi.com\/?p=57893","title":{"rendered":"Champions League | Onde Assistir Ao Vivo: PSG x Bayern Munique"},"content":{"rendered":"<p>Champions League entra nas semifinais com o desafio Paris Saint-Germain x Bayern Munique em Paris, nesta ter\u00e7a-feira (28\/4). \u00c9 o jogo de ida. Na semana que vem, dia 6 de maio, teremos jogo de volta com o Bayern recebendo o PSG em Munique.<\/p>\n<p><strong>PSG x Bayern de Munique<\/strong><\/p>\n<p><strong>Onde Assistir ao Vivo na TV<\/strong>: SBT (canal aberto), TNT e HBO Max<\/p>\n<p><strong>Hor\u00e1rio<\/strong>: 16h (de Bras\u00edlia)<\/p>\n<hr \/>\n<p><em>Acompanhe publica\u00e7\u00e3o oficial da Uefa som servi\u00e7o do jogo PSG x Bayern:<\/em><\/p>\n<p><em><strong>O que voc\u00ea precisa saber?<\/strong><\/em><\/p>\n<p>Paris Saint-Germain e Bayern est\u00e3o habituados a confrontos emocionantes, tendo superado Liverpool e Real Madrid, respectivamente, nas quartas-de-final, sendo que este jogo pode ser adicionado \u00e0 lista. Com 38 gols cada nesta temporada \u2013 o maior n\u00famero entre todos os clubes \u2013 \u00e9 dif\u00edcil n\u00e3o ficar entusiasmado com este duelo na capital francesa.<\/p>\n<p>Para chegar a uma segunda final consecutiva, o Paris precisa de superar o advers\u00e1rio que mais trabalho lhe tem dado nas \u00faltimas temporadas: a vit\u00f3ria do Bayern, por 2-1, na rodada 4 da primeira fase, representou a quinta vit\u00f3ria consecutiva dos campe\u00f5es alem\u00e3es frente aos atuais detentores da Champions League.<\/p>\n<p>No entanto, o Paris pode apontar como resposta uma situa\u00e7\u00e3o semelhante \u00e0 da temporada passada. O time de Luis Enrique foi derrotado por 2-0 pelo Arsenal na rodada 2 da temporada de 2024\/25, mas recuperou na fase a eliminar e superou os ingleses por 3-1 no resultado total, nas semifinais.<\/p>\n<p>H\u00e1 ainda duelos individuais interessantes, incluindo o de Marquinhos, que igualar\u00e1 o recorde brasileiro de Roberto Carlos de 120 jogos na Champions League, face a Harry Kane, que marcou nos \u00faltimos cinco jogos na Champions e j\u00e1 leva 12 gols nesta temporada, a sua melhor marca na carreira. Este \u00e9 apenas um dos muitos duelos fascinantes que este confronto reserva.<\/p>\n<hr \/>\n<p><em><strong>Onzes prov\u00e1veis<\/strong><\/em><\/p>\n<p><b>Paris<\/b>: Safonov; Hakimi, Marquinhos, Pacho, Nuno Mendes; Za\u00efre-Emery, Vitinha, Jo\u00e3o Neves; Dou\u00e9, Demb\u00e9l\u00e9, Kvaratskhelia<\/p>\n<p><b>Bayern<\/b>: Neuer; Stani\u0161i\u0107, Upamecano, Tah, Laimer; Kimmich, Pavlovi\u0107; Olise, Musiala, Luis D\u00edaz; Kane<\/p>\n<p><strong>Hor\u00e1rio e Loca<\/strong>l: 16h (hor\u00e1rio de Bras\u00edlia) Parque dos Pr\u00edncipes, Paris.<\/p>\n<hr \/>\n<figure id=\"attachment_57912\" aria-describedby=\"caption-attachment-57912\" style=\"width: 462px\" class=\"wp-caption alignnone\"><img data-recalc-dims=\"1\" loading=\"lazy\" decoding=\"async\" data-attachment-id=\"57912\" data-permalink=\"https:\/\/blogdoprosperi.com\/?attachment_id=57912\" data-orig-file=\"https:\/\/i0.wp.com\/blogdoprosperi.com\/wp-content\/uploads\/2026\/04\/hgribtgwqaazmqi.jpeg?fit=960%2C1200&amp;ssl=1\" data-orig-size=\"960,1200\" data-comments-opened=\"1\" data-image-meta=\"{&quot;aperture&quot;:&quot;0&quot;,&quot;credit&quot;:&quot;&quot;,&quot;camera&quot;:&quot;&quot;,&quot;caption&quot;:&quot;&quot;,&quot;created_timestamp&quot;:&quot;0&quot;,&quot;copyright&quot;:&quot;&quot;,&quot;focal_length&quot;:&quot;0&quot;,&quot;iso&quot;:&quot;0&quot;,&quot;shutter_speed&quot;:&quot;0&quot;,&quot;title&quot;:&quot;&quot;,&quot;orientation&quot;:&quot;0&quot;,&quot;alt&quot;:&quot;&quot;}\" data-image-title=\"HGrIbTGWQAAzmQI\" data-image-description=\"&lt;p&gt;Dembel\u00e9 do PSG &amp;#8211; foto: Uefa oficial X&lt;\/p&gt;\n\" data-image-caption=\"&lt;p&gt;imagem: reprodu\u00e7\u00e3o Uefa X&lt;\/p&gt;\n\" data-large-file=\"https:\/\/i0.wp.com\/blogdoprosperi.com\/wp-content\/uploads\/2026\/04\/hgribtgwqaazmqi.jpeg?fit=819%2C1024&amp;ssl=1\" class=\" wp-image-57912\" src=\"https:\/\/i0.wp.com\/blogdoprosperi.com\/wp-content\/uploads\/2026\/04\/hgribtgwqaazmqi.jpeg?resize=462%2C577&#038;ssl=1\" alt=\"\" width=\"462\" height=\"577\" \/><figcaption id=\"caption-attachment-57912\" class=\"wp-caption-text\"><em>Dembel\u00e9 do PSG &#8211; foto: reprodu\u00e7\u00e3o Uefa X<\/em><\/figcaption><\/figure>\n<hr \/>\n<p><em><strong>O que eles est\u00e3o falando do jogo?<\/strong><\/em><\/p>\n<p><b>Luis Enrique, treinador do Paris<\/b>:<\/p>\n<p>Se voc\u00ea olhar para as estat\u00edsticas de ataque e defesa, s\u00e3o as duas melhores equipes da Europa, embora o Arsenal tamb\u00e9m tenha feito um \u00f3timo trabalho. Em termos de consist\u00eancia, o Bayern pode estar um pouco \u00e0 nossa frente, porque perdeu apenas duas partidas. Mas se estivermos falando do que mostramos em campo, somos superiores. <strong>N\u00e3o h\u00e1 equipe melhor do que n\u00f3s.<\/strong> Depois de n\u00e3o termos ficado entre os oito primeiros na fase de grupos, <strong>eu j\u00e1 disse que n\u00e3o havia equipe melhor do que n\u00f3s<\/strong>. Temos muito respeito pelas grandes equipes&#8221;.<\/p>\n<p><b>Khvicha Kvaratskhelia, atacante do Paris<\/b>:<\/p>\n<p>&#8220;Lembro-me daquele jogo [a derrota na fase de liga], n\u00e3o jog\u00e1mos t\u00e3o bem como eles, mas tamb\u00e9m tivemos les\u00f5es. No segundo tempo, mostr\u00e1mos que \u00e9ramos capazes de tudo e de os derrotar, mas n\u00e3o marc\u00e1mos os gols de que precis\u00e1vamos.&#8221;<\/p>\n<p><b>Vincent Kompany, treinador do Bayern<\/b>: &#8220;J\u00e1 vencemos no Bernab\u00e9u este ano [contra o Real Madrid] e ganh\u00e1mos em Paris. O Paris \u00e9 ainda, obviamente, o atual detentor do t\u00edtulo da Champions League, mas se h\u00e1 alguma equipe capaz de enfrentar este desafio, provavelmente somos n\u00f3s. Sabemos que o Paris \u00e9 uma grande equipe, mas queremos ganhar este jogo.&#8221;<\/p>\n<p><b>Dayot Upamecano, zagueiro do Bayern<\/b>: &#8220;\u00c9 um jogo importante para n\u00f3s. Estamos totalmente concentrados no nosso jogo. \u00c9 \u00f3bvio que queremos vencer aqui. O PSG tem grandes jogadores e um plantel fant\u00e1stico, mas estamos totalmente concentrados no nosso jogo e queremos vencer.&#8221;<\/p>\n<hr \/>\n<p><em><strong>Estat\u00edsticas e Curiosidades do confronto:<\/strong><\/em><\/p>\n<ul id=\"U36082811360azH\">\n<li>Este \u00e9 o 16.\u00ba encontro entre Paris e Bayern \u00a0na Champions League, com o Bayern a ter vantagem (9-6) e a vencer os \u00faltimos cinco jogos, incluindo o triunfo por 2-1 em Paris na rodada 4 desta edi\u00e7\u00e3o na primeira fase de liga. Nos tr\u00eas ocasi\u00f5es na fase a mata-mata, o Bayern levou a melhor na final de 2020 (1-0) e nas oitavas de final de 2022\/23 (total de 3-0), enquanto o Paris triunfou nas quartas de final de 2020\/21, devido aos gols fora, ap\u00f3s um resultado total de 3-3.<\/li>\n<li><\/li>\n<li>O Paris venceu apenas tr\u00eas dos \u00faltimos 11 jogos contra equipas alem\u00e3s.<\/li>\n<li><\/li>\n<li>O Paris defronta um advers\u00e1rio alem\u00e3o nas semifinais da Champions League pela terceira vez, tendo vencido o Leipzig por 3-0, numa eliminat\u00f3ria a um s\u00f3 jogo, em 2019\/20, antes de perder com o Dortmund em 2023\/24, com um resultado total de 2-0.<\/li>\n<li><\/li>\n<li>O clube da capital francesa est\u00e1 nas semifinais pela terceira temporada consecutiva, algo que nenhum clube franc\u00eas tinha conseguido, quer na era da Ta\u00e7a dos Campe\u00f5es Europeus, quer na da Champions League. Disputou cinco semifinais da Champions League, apurando-se em duas e sendo eliminada nas restantes.<\/li>\n<li><\/li>\n<li>Uma vit\u00f3ria do Paris ser\u00e1 a 100.\u00aa na Champions League, tornando-se no primeiro clube franc\u00eas a alcan\u00e7ar essa marca. A sua primeira vit\u00f3ria na competi\u00e7\u00e3o foi um triunfo por 2-0 na recep\u00e7\u00e3o ao Bayern, na fase de grupos da \u00e9poca 1994\/95.<\/li>\n<li><\/li>\n<li>Se jogar, Marquinhos cumpre o 120.\u00ba jogo na Champions League, igualando o recorde brasileiro detido por Roberto Carlos.<\/li>\n<li><\/li>\n<li>Nuno Mendes (23 anos e 313 dias) pode tornar-se no jogador portugu\u00eas mais jovem a cumprir 50 jogos na Champions League, batendo o recorde de Cristiano Ronaldo (24 anos e 83 dias).<\/li>\n<li><\/li>\n<li>O Bayern venceu 14 dos seus \u00faltimos 16 jogos contra advers\u00e1rios franceses e venceu em seis das \u00faltimos sete visitas a Fran\u00e7a.<\/li>\n<li><\/li>\n<li>O Bayern apurou-se em cinco das sete eliminat\u00f3rias contra advers\u00e1rios franceses, bem como os tr\u00eas duelos a um s\u00f3 jogo frente a gauleses, incluindo a \u00fanica semifinal da Champions League nessa condi\u00e7\u00e3o, frente ao Lyon, por 3-0, em 2019\/20.<\/li>\n<li><\/li>\n<li>A equipa b\u00e1vara est\u00e1 pela 22\u00aa vez nas semifinais da Ta\u00e7a dos Campe\u00f5es Europeus\/Champions League, tendo-se apurado em 11 ocasi\u00f5es. S\u00f3 levou a melhor numa das \u00faltimas seis ocasi\u00f5es, na j\u00e1 mencionada vit\u00f3ria sobre o Lyon em 2019\/20.<\/li>\n<li><span class=\"alignnone\"><img data-recalc-dims=\"1\" loading=\"lazy\" decoding=\"async\" data-attachment-id=\"57914\" data-permalink=\"https:\/\/blogdoprosperi.com\/?attachment_id=57914\" data-orig-file=\"https:\/\/i0.wp.com\/blogdoprosperi.com\/wp-content\/uploads\/2026\/04\/hg_1z-ibgaapy1l.jpeg?fit=960%2C1200&amp;ssl=1\" data-orig-size=\"960,1200\" data-comments-opened=\"1\" data-image-meta=\"{&quot;aperture&quot;:&quot;0&quot;,&quot;credit&quot;:&quot;&quot;,&quot;camera&quot;:&quot;&quot;,&quot;caption&quot;:&quot;&quot;,&quot;created_timestamp&quot;:&quot;0&quot;,&quot;copyright&quot;:&quot;&quot;,&quot;focal_length&quot;:&quot;0&quot;,&quot;iso&quot;:&quot;0&quot;,&quot;shutter_speed&quot;:&quot;0&quot;,&quot;title&quot;:&quot;&quot;,&quot;orientation&quot;:&quot;0&quot;,&quot;alt&quot;:&quot;&quot;}\" data-image-title=\"HG_1z-IbgAAPy1L\" data-image-description=\"\" data-image-caption=\"\" data-large-file=\"https:\/\/i0.wp.com\/blogdoprosperi.com\/wp-content\/uploads\/2026\/04\/hg_1z-ibgaapy1l.jpeg?fit=819%2C1024&amp;ssl=1\" class=\"alignnone wp-image-57914\" src=\"https:\/\/i0.wp.com\/blogdoprosperi.com\/wp-content\/uploads\/2026\/04\/hg_1z-ibgaapy1l.jpeg?resize=482%2C602&#038;ssl=1\" alt=\"\" width=\"482\" height=\"602\" \/><\/span><\/li>\n<li><\/li>\n<li>Harry Kane alcan\u00e7ou a sua melhor marca de gols na Champions League, contabilizando 12 nesta edi\u00e7\u00e3o, mais um do que na temporada passada. O seu total \u00e9 tamb\u00e9m o maior registrado por um jogador ingl\u00eas numa \u00fanica edi\u00e7\u00e3o da competi\u00e7\u00e3o.<\/li>\n<li><\/li>\n<li>Harry Kane marcou em cinco jogos consecutivos na Champions League pela primeira vez na sua carreira. O outro jogador ingl\u00eas a conseguir tal feito foi Steven Gerrard, em 2007\/08.<\/li>\n<\/ul>\n","protected":false},"excerpt":{"rendered":"<p>Champions League entra nas semifinais com o desafio Paris Saint-Germain x Bayern Munique em Paris, nesta ter\u00e7a-feira (28\/4). [&hellip;]<\/p>\n","protected":false},"author":102107496,"featured_media":57909,"comment_status":"open","ping_status":"open","sticky":false,"template":"","format":"standard","meta":{"_coblocks_attr":"","_coblocks_dimensions":"","_coblocks_responsive_height":"","_coblocks_accordion_ie_support":"","_jetpack_newsletter_access":"","_jetpack_dont_email_post_to_subs":false,"_jetpack_newsletter_tier_id":0,"_jetpack_memberships_contains_paywalled_content":false,"_wpcom_ai_launchpad_first_post":false,"_jetpack_feature_clip_id":0,"_jetpack_memberships_contains_paid_content":false,"footnotes":"","jetpack_publicize_message":"","jetpack_publicize_feature_enabled":true,"jetpack_social_post_already_shared":false,"jetpack_social_options":{"image_generator_settings":{"template":"highway","default_image_id":0,"font":"","enabled":false},"version":2},"jetpack_post_was_ever_published":false},"categories":[53870,414603],"tags":[422966,6354609,294695779,789022681,789022679,789022680],"class_list":["post-57893","post","type-post","status-publish","format-standard","has-post-thumbnail","hentry","category-futebol","category-liga-dos-campeoes","tag-championsleague","tag-dembele","tag-harrykane","tag-ondeassisitir","tag-psgxbayernmunique","tag-semifinaischammpions"],"yoast_head":"<!-- This site is optimized with the Yoast SEO plugin v28.3 - https:\/\/yoast.com\/product\/yoast-seo-wordpress\/ -->\n<title>Champions League | Onde Assistir Ao Vivo: PSG x Bayern Munique - PR\u00d3SPERI NEWS<\/title>\n<meta name=\"robots\" content=\"index, follow, max-snippet:-1, max-image-preview:large, max-video-preview:-1\" \/>\n<link rel=\"canonical\" href=\"https:\/\/blogdoprosperi.com\/?p=57893\" \/>\n<meta property=\"og:locale\" content=\"pt_BR\" \/>\n<meta property=\"og:type\" content=\"article\" \/>\n<meta property=\"og:title\" content=\"Champions League | Onde Assistir Ao Vivo: PSG x Bayern Munique - PR\u00d3SPERI NEWS\" \/>\n<meta property=\"og:description\" content=\"Champions League entra nas semifinais com o desafio Paris Saint-Germain x Bayern Munique em Paris, nesta ter\u00e7a-feira (28\/4). [&hellip;]\" \/>\n<meta property=\"og:url\" content=\"https:\/\/blogdoprosperi.com\/?p=57893\" \/>\n<meta property=\"og:site_name\" content=\"PR\u00d3SPERI NEWS\" \/>\n<meta property=\"article:publisher\" content=\"Luiz Pr\u00f3speri\" \/>\n<meta property=\"article:author\" content=\"Luiz Pr\u00f3speri\" \/>\n<meta property=\"article:published_time\" content=\"2026-04-28T15:30:57+00:00\" \/>\n<meta property=\"article:modified_time\" content=\"2026-04-29T14:59:41+00:00\" \/>\n<meta property=\"og:image\" content=\"https:\/\/i0.wp.com\/blogdoprosperi.com\/wp-content\/uploads\/2026\/04\/captura-de-tela-2026-04-28-as-12.09.00.png?fit=1108%2C718&ssl=1\" \/>\n\t<meta property=\"og:image:width\" content=\"1108\" \/>\n\t<meta property=\"og:image:height\" content=\"718\" \/>\n\t<meta property=\"og:image:type\" content=\"image\/png\" \/>\n<meta name=\"author\" content=\"Luiz Ant\u00f4nio Pr\u00f3speri\" \/>\n<meta name=\"twitter:card\" content=\"summary_large_image\" \/>\n<meta name=\"twitter:creator\" content=\"@Luizprosperi\" \/>\n<meta name=\"twitter:site\" content=\"@Luizprosperi\" \/>\n<meta name=\"twitter:label1\" content=\"Escrito por\" \/>\n\t<meta name=\"twitter:data1\" content=\"Luiz Ant\u00f4nio Pr\u00f3speri\" \/>\n\t<meta name=\"twitter:label2\" content=\"Est. tempo de leitura\" \/>\n\t<meta name=\"twitter:data2\" content=\"5 minutos\" \/>\n<script type=\"application\/ld+json\" class=\"yoast-schema-graph\">{\"@context\":\"https:\\\/\\\/schema.org\",\"@graph\":[{\"@type\":\"Article\",\"@id\":\"https:\\\/\\\/blogdoprosperi.com\\\/?p=57893#article\",\"isPartOf\":{\"@id\":\"https:\\\/\\\/blogdoprosperi.com\\\/?p=57893\"},\"author\":{\"name\":\"Luiz Ant\u00f4nio Pr\u00f3speri\",\"@id\":\"https:\\\/\\\/blogdoprosperi.com\\\/#\\\/schema\\\/person\\\/38100755ce3601861ee4fab9b5aa78e9\"},\"headline\":\"Champions League | Onde Assistir Ao Vivo: PSG x Bayern Munique\",\"datePublished\":\"2026-04-28T15:30:57+00:00\",\"dateModified\":\"2026-04-29T14:59:41+00:00\",\"mainEntityOfPage\":{\"@id\":\"https:\\\/\\\/blogdoprosperi.com\\\/?p=57893\"},\"wordCount\":1108,\"commentCount\":0,\"publisher\":{\"@id\":\"https:\\\/\\\/blogdoprosperi.com\\\/#\\\/schema\\\/person\\\/38100755ce3601861ee4fab9b5aa78e9\"},\"image\":{\"@id\":\"https:\\\/\\\/blogdoprosperi.com\\\/?p=57893#primaryimage\"},\"thumbnailUrl\":\"https:\\\/\\\/i0.wp.com\\\/blogdoprosperi.com\\\/wp-content\\\/uploads\\\/2026\\\/04\\\/captura-de-tela-2026-04-28-as-12.09.00.png?fit=1108%2C718&ssl=1\",\"keywords\":[\"ChampionsLeague\",\"Dembel\u00e9\",\"harrykane\",\"ondeassisitir\",\"psgxbayernmunique\",\"semifinaischammpions\"],\"articleSection\":[\"futebol\",\"Liga dos Campe\u00f5es\"],\"inLanguage\":\"pt-BR\",\"potentialAction\":[{\"@type\":\"CommentAction\",\"name\":\"Comment\",\"target\":[\"https:\\\/\\\/blogdoprosperi.com\\\/?p=57893#respond\"]}]},{\"@type\":\"WebPage\",\"@id\":\"https:\\\/\\\/blogdoprosperi.com\\\/?p=57893\",\"url\":\"https:\\\/\\\/blogdoprosperi.com\\\/?p=57893\",\"name\":\"Champions League | Onde Assistir Ao Vivo: PSG x Bayern Munique - PR\u00d3SPERI NEWS\",\"isPartOf\":{\"@id\":\"https:\\\/\\\/blogdoprosperi.com\\\/#website\"},\"primaryImageOfPage\":{\"@id\":\"https:\\\/\\\/blogdoprosperi.com\\\/?p=57893#primaryimage\"},\"image\":{\"@id\":\"https:\\\/\\\/blogdoprosperi.com\\\/?p=57893#primaryimage\"},\"thumbnailUrl\":\"https:\\\/\\\/i0.wp.com\\\/blogdoprosperi.com\\\/wp-content\\\/uploads\\\/2026\\\/04\\\/captura-de-tela-2026-04-28-as-12.09.00.png?fit=1108%2C718&ssl=1\",\"datePublished\":\"2026-04-28T15:30:57+00:00\",\"dateModified\":\"2026-04-29T14:59:41+00:00\",\"breadcrumb\":{\"@id\":\"https:\\\/\\\/blogdoprosperi.com\\\/?p=57893#breadcrumb\"},\"inLanguage\":\"pt-BR\",\"potentialAction\":[{\"@type\":\"ReadAction\",\"target\":[\"https:\\\/\\\/blogdoprosperi.com\\\/?p=57893\"]}]},{\"@type\":\"ImageObject\",\"inLanguage\":\"pt-BR\",\"@id\":\"https:\\\/\\\/blogdoprosperi.com\\\/?p=57893#primaryimage\",\"url\":\"https:\\\/\\\/i0.wp.com\\\/blogdoprosperi.com\\\/wp-content\\\/uploads\\\/2026\\\/04\\\/captura-de-tela-2026-04-28-as-12.09.00.png?fit=1108%2C718&ssl=1\",\"contentUrl\":\"https:\\\/\\\/i0.wp.com\\\/blogdoprosperi.com\\\/wp-content\\\/uploads\\\/2026\\\/04\\\/captura-de-tela-2026-04-28-as-12.09.00.png?fit=1108%2C718&ssl=1\",\"width\":1108,\"height\":718},{\"@type\":\"BreadcrumbList\",\"@id\":\"https:\\\/\\\/blogdoprosperi.com\\\/?p=57893#breadcrumb\",\"itemListElement\":[{\"@type\":\"ListItem\",\"position\":1,\"name\":\"In\u00edcio\",\"item\":\"https:\\\/\\\/blogdoprosperi.com\\\/\"},{\"@type\":\"ListItem\",\"position\":2,\"name\":\"Champions League | Onde Assistir Ao Vivo: PSG x Bayern Munique\"}]},{\"@type\":\"WebSite\",\"@id\":\"https:\\\/\\\/blogdoprosperi.com\\\/#website\",\"url\":\"https:\\\/\\\/blogdoprosperi.com\\\/\",\"name\":\"PR\u00d3SPERI NEWS\",\"description\":\"TUDO \u00c9  FUTEBOL\",\"publisher\":{\"@id\":\"https:\\\/\\\/blogdoprosperi.com\\\/#\\\/schema\\\/person\\\/38100755ce3601861ee4fab9b5aa78e9\"},\"alternateName\":\"blogdoprosperi.com\",\"potentialAction\":[{\"@type\":\"SearchAction\",\"target\":{\"@type\":\"EntryPoint\",\"urlTemplate\":\"https:\\\/\\\/blogdoprosperi.com\\\/?s={search_term_string}\"},\"query-input\":{\"@type\":\"PropertyValueSpecification\",\"valueRequired\":true,\"valueName\":\"search_term_string\"}}],\"inLanguage\":\"pt-BR\"},{\"@type\":[\"Person\",\"Organization\"],\"@id\":\"https:\\\/\\\/blogdoprosperi.com\\\/#\\\/schema\\\/person\\\/38100755ce3601861ee4fab9b5aa78e9\",\"name\":\"Luiz Ant\u00f4nio Pr\u00f3speri\",\"pronouns\":\"ele\",\"image\":{\"@type\":\"ImageObject\",\"inLanguage\":\"pt-BR\",\"@id\":\"https:\\\/\\\/i0.wp.com\\\/blogdoprosperi.com\\\/wp-content\\\/uploads\\\/2026\\\/05\\\/cropped-8059e613-6002-42fa-961e-8e275f575d71-2-5.jpg?fit=1360%2C931&ssl=1\",\"url\":\"https:\\\/\\\/i0.wp.com\\\/blogdoprosperi.com\\\/wp-content\\\/uploads\\\/2026\\\/05\\\/cropped-8059e613-6002-42fa-961e-8e275f575d71-2-5.jpg?fit=1360%2C931&ssl=1\",\"contentUrl\":\"https:\\\/\\\/i0.wp.com\\\/blogdoprosperi.com\\\/wp-content\\\/uploads\\\/2026\\\/05\\\/cropped-8059e613-6002-42fa-961e-8e275f575d71-2-5.jpg?fit=1360%2C931&ssl=1\",\"width\":1360,\"height\":931,\"caption\":\"Luiz Ant\u00f4nio Pr\u00f3speri\"},\"logo\":{\"@id\":\"https:\\\/\\\/i0.wp.com\\\/blogdoprosperi.com\\\/wp-content\\\/uploads\\\/2026\\\/05\\\/cropped-8059e613-6002-42fa-961e-8e275f575d71-2-5.jpg?fit=1360%2C931&ssl=1\"},\"description\":\"Jornalista com carreira dedicada ao esporte. Cobriu 9 Copas do Mundo in loco, 1990 na It\u00e1lia, 1994 nos EUA, 1998 na Fran\u00e7a, 2002 na Coreia do Sul e Jap\u00e3o, 2006 na Alemanha, 2010 na \u00c1frica do Sul, 2014 no Brasil, 2018 na R\u00fassia e 2022 no Qatar. Eurocopas, 1992 na Su\u00e9cia e 1996 na Inglaterra. Copa das Confedera\u00e7\u00f5es de 2005 na Alemanha e 2009 na \u00c1frica do Sul. Rep\u00f3rter e Editor, trabalhou no Jornal da Tarde e Estad\u00e3o, de 1984 a fevereiro de 2016. Colunista, blogueiro. E comentarista de futebol na R\u00e1dio Estad\u00e3o, de 2013 a fevereiro de 2016. Jornalista respons\u00e1vel do \\\"Pr\u00f3speri News\\\" (blogdoprosperi.com).\",\"sameAs\":[\"http:\\\/\\\/blogdoprosperi.com\",\"Luiz Pr\u00f3speri\",\"@luiz_prosperi\",\"https:\\\/\\\/x.com\\\/Luizprosperi\",\"@prosperinacopa\",\"luiz.prosperi@icloud.com\"],\"url\":\"https:\\\/\\\/blogdoprosperi.com\\\/?author=102107496\"}]}<\/script>\n<!-- \/ Yoast SEO plugin. -->","yoast_head_json":{"title":"Champions League | Onde Assistir Ao Vivo: PSG x Bayern Munique - PR\u00d3SPERI NEWS","robots":{"index":"index","follow":"follow","max-snippet":"max-snippet:-1","max-image-preview":"max-image-preview:large","max-video-preview":"max-video-preview:-1"},"canonical":"https:\/\/blogdoprosperi.com\/?p=57893","og_locale":"pt_BR","og_type":"article","og_title":"Champions League | Onde Assistir Ao Vivo: PSG x Bayern Munique - PR\u00d3SPERI NEWS","og_description":"Champions League entra nas semifinais com o desafio Paris Saint-Germain x Bayern Munique em Paris, nesta ter\u00e7a-feira (28\/4). [&hellip;]","og_url":"https:\/\/blogdoprosperi.com\/?p=57893","og_site_name":"PR\u00d3SPERI NEWS","article_publisher":"Luiz Pr\u00f3speri","article_author":"Luiz Pr\u00f3speri","article_published_time":"2026-04-28T15:30:57+00:00","article_modified_time":"2026-04-29T14:59:41+00:00","og_image":[{"width":1108,"height":718,"url":"https:\/\/i0.wp.com\/blogdoprosperi.com\/wp-content\/uploads\/2026\/04\/captura-de-tela-2026-04-28-as-12.09.00.png?fit=1108%2C718&ssl=1","type":"image\/png"}],"author":"Luiz Ant\u00f4nio Pr\u00f3speri","twitter_card":"summary_large_image","twitter_creator":"@Luizprosperi","twitter_site":"@Luizprosperi","twitter_misc":{"Escrito por":"Luiz Ant\u00f4nio Pr\u00f3speri","Est. tempo de leitura":"5 minutos"},"schema":{"@context":"https:\/\/schema.org","@graph":[{"@type":"Article","@id":"https:\/\/blogdoprosperi.com\/?p=57893#article","isPartOf":{"@id":"https:\/\/blogdoprosperi.com\/?p=57893"},"author":{"name":"Luiz Ant\u00f4nio Pr\u00f3speri","@id":"https:\/\/blogdoprosperi.com\/#\/schema\/person\/38100755ce3601861ee4fab9b5aa78e9"},"headline":"Champions League | Onde Assistir Ao Vivo: PSG x Bayern Munique","datePublished":"2026-04-28T15:30:57+00:00","dateModified":"2026-04-29T14:59:41+00:00","mainEntityOfPage":{"@id":"https:\/\/blogdoprosperi.com\/?p=57893"},"wordCount":1108,"commentCount":0,"publisher":{"@id":"https:\/\/blogdoprosperi.com\/#\/schema\/person\/38100755ce3601861ee4fab9b5aa78e9"},"image":{"@id":"https:\/\/blogdoprosperi.com\/?p=57893#primaryimage"},"thumbnailUrl":"https:\/\/i0.wp.com\/blogdoprosperi.com\/wp-content\/uploads\/2026\/04\/captura-de-tela-2026-04-28-as-12.09.00.png?fit=1108%2C718&ssl=1","keywords":["ChampionsLeague","Dembel\u00e9","harrykane","ondeassisitir","psgxbayernmunique","semifinaischammpions"],"articleSection":["futebol","Liga dos Campe\u00f5es"],"inLanguage":"pt-BR","potentialAction":[{"@type":"CommentAction","name":"Comment","target":["https:\/\/blogdoprosperi.com\/?p=57893#respond"]}]},{"@type":"WebPage","@id":"https:\/\/blogdoprosperi.com\/?p=57893","url":"https:\/\/blogdoprosperi.com\/?p=57893","name":"Champions League | Onde Assistir Ao Vivo: PSG x Bayern Munique - PR\u00d3SPERI NEWS","isPartOf":{"@id":"https:\/\/blogdoprosperi.com\/#website"},"primaryImageOfPage":{"@id":"https:\/\/blogdoprosperi.com\/?p=57893#primaryimage"},"image":{"@id":"https:\/\/blogdoprosperi.com\/?p=57893#primaryimage"},"thumbnailUrl":"https:\/\/i0.wp.com\/blogdoprosperi.com\/wp-content\/uploads\/2026\/04\/captura-de-tela-2026-04-28-as-12.09.00.png?fit=1108%2C718&ssl=1","datePublished":"2026-04-28T15:30:57+00:00","dateModified":"2026-04-29T14:59:41+00:00","breadcrumb":{"@id":"https:\/\/blogdoprosperi.com\/?p=57893#breadcrumb"},"inLanguage":"pt-BR","potentialAction":[{"@type":"ReadAction","target":["https:\/\/blogdoprosperi.com\/?p=57893"]}]},{"@type":"ImageObject","inLanguage":"pt-BR","@id":"https:\/\/blogdoprosperi.com\/?p=57893#primaryimage","url":"https:\/\/i0.wp.com\/blogdoprosperi.com\/wp-content\/uploads\/2026\/04\/captura-de-tela-2026-04-28-as-12.09.00.png?fit=1108%2C718&ssl=1","contentUrl":"https:\/\/i0.wp.com\/blogdoprosperi.com\/wp-content\/uploads\/2026\/04\/captura-de-tela-2026-04-28-as-12.09.00.png?fit=1108%2C718&ssl=1","width":1108,"height":718},{"@type":"BreadcrumbList","@id":"https:\/\/blogdoprosperi.com\/?p=57893#breadcrumb","itemListElement":[{"@type":"ListItem","position":1,"name":"In\u00edcio","item":"https:\/\/blogdoprosperi.com\/"},{"@type":"ListItem","position":2,"name":"Champions League | Onde Assistir Ao Vivo: PSG x Bayern Munique"}]},{"@type":"WebSite","@id":"https:\/\/blogdoprosperi.com\/#website","url":"https:\/\/blogdoprosperi.com\/","name":"PR\u00d3SPERI NEWS","description":"TUDO \u00c9  FUTEBOL","publisher":{"@id":"https:\/\/blogdoprosperi.com\/#\/schema\/person\/38100755ce3601861ee4fab9b5aa78e9"},"alternateName":"blogdoprosperi.com","potentialAction":[{"@type":"SearchAction","target":{"@type":"EntryPoint","urlTemplate":"https:\/\/blogdoprosperi.com\/?s={search_term_string}"},"query-input":{"@type":"PropertyValueSpecification","valueRequired":true,"valueName":"search_term_string"}}],"inLanguage":"pt-BR"},{"@type":["Person","Organization"],"@id":"https:\/\/blogdoprosperi.com\/#\/schema\/person\/38100755ce3601861ee4fab9b5aa78e9","name":"Luiz Ant\u00f4nio Pr\u00f3speri","pronouns":"ele","image":{"@type":"ImageObject","inLanguage":"pt-BR","@id":"https:\/\/i0.wp.com\/blogdoprosperi.com\/wp-content\/uploads\/2026\/05\/cropped-8059e613-6002-42fa-961e-8e275f575d71-2-5.jpg?fit=1360%2C931&ssl=1","url":"https:\/\/i0.wp.com\/blogdoprosperi.com\/wp-content\/uploads\/2026\/05\/cropped-8059e613-6002-42fa-961e-8e275f575d71-2-5.jpg?fit=1360%2C931&ssl=1","contentUrl":"https:\/\/i0.wp.com\/blogdoprosperi.com\/wp-content\/uploads\/2026\/05\/cropped-8059e613-6002-42fa-961e-8e275f575d71-2-5.jpg?fit=1360%2C931&ssl=1","width":1360,"height":931,"caption":"Luiz Ant\u00f4nio Pr\u00f3speri"},"logo":{"@id":"https:\/\/i0.wp.com\/blogdoprosperi.com\/wp-content\/uploads\/2026\/05\/cropped-8059e613-6002-42fa-961e-8e275f575d71-2-5.jpg?fit=1360%2C931&ssl=1"},"description":"Jornalista com carreira dedicada ao esporte. Cobriu 9 Copas do Mundo in loco, 1990 na It\u00e1lia, 1994 nos EUA, 1998 na Fran\u00e7a, 2002 na Coreia do Sul e Jap\u00e3o, 2006 na Alemanha, 2010 na \u00c1frica do Sul, 2014 no Brasil, 2018 na R\u00fassia e 2022 no Qatar. Eurocopas, 1992 na Su\u00e9cia e 1996 na Inglaterra. Copa das Confedera\u00e7\u00f5es de 2005 na Alemanha e 2009 na \u00c1frica do Sul. Rep\u00f3rter e Editor, trabalhou no Jornal da Tarde e Estad\u00e3o, de 1984 a fevereiro de 2016. Colunista, blogueiro. E comentarista de futebol na R\u00e1dio Estad\u00e3o, de 2013 a fevereiro de 2016. Jornalista respons\u00e1vel do \"Pr\u00f3speri News\" (blogdoprosperi.com).","sameAs":["http:\/\/blogdoprosperi.com","Luiz Pr\u00f3speri","@luiz_prosperi","https:\/\/x.com\/Luizprosperi","@prosperinacopa","luiz.prosperi@icloud.com"],"url":"https:\/\/blogdoprosperi.com\/?author=102107496"}]}},"jetpack_publicize_connections":[],"jetpack_likes_enabled":false,"jetpack_sharing_enabled":true,"jetpack_shortlink":"https:\/\/wp.me\/p7jvdk-f3L","jetpack-related-posts":[{"id":58105,"url":"https:\/\/blogdoprosperi.com\/?p=58105","url_meta":{"origin":57893,"position":0},"title":"Onde Assistir ao Vivo: Bayern Munique x PSG valendo vaga \u00e0 final da Champions League","author":"Luiz Ant\u00f4nio Pr\u00f3speri","date":"6 de maio de 2026","format":false,"excerpt":"Bayern Munique recebe PSG no segundo jogo das semifinais da Champions League. Na partida de ida, time de Paris venceu por 5 a 4 no Parque dos Pr\u00edncipes e joga por um empate para avan\u00e7ar \u00e0 final. O vencedor do confronto enfrentar\u00e1 o Arsenal que \u00a0se credenciou \u00e0 final com\u2026","rel":"","context":"Em &quot;futebol&quot;","block_context":{"text":"futebol","link":"https:\/\/blogdoprosperi.com\/?cat=53870"},"img":{"alt_text":"","src":"https:\/\/i0.wp.com\/blogdoprosperi.com\/wp-content\/uploads\/2026\/05\/captura-de-tela-2026-05-06-as-12.21.14.png?fit=1130%2C840&ssl=1&resize=350%2C200","width":350,"height":200,"srcset":"https:\/\/i0.wp.com\/blogdoprosperi.com\/wp-content\/uploads\/2026\/05\/captura-de-tela-2026-05-06-as-12.21.14.png?fit=1130%2C840&ssl=1&resize=350%2C200 1x, https:\/\/i0.wp.com\/blogdoprosperi.com\/wp-content\/uploads\/2026\/05\/captura-de-tela-2026-05-06-as-12.21.14.png?fit=1130%2C840&ssl=1&resize=525%2C300 1.5x, https:\/\/i0.wp.com\/blogdoprosperi.com\/wp-content\/uploads\/2026\/05\/captura-de-tela-2026-05-06-as-12.21.14.png?fit=1130%2C840&ssl=1&resize=700%2C400 2x, https:\/\/i0.wp.com\/blogdoprosperi.com\/wp-content\/uploads\/2026\/05\/captura-de-tela-2026-05-06-as-12.21.14.png?fit=1130%2C840&ssl=1&resize=1050%2C600 3x"},"classes":[]},{"id":58179,"url":"https:\/\/blogdoprosperi.com\/?p=58179","url_meta":{"origin":57893,"position":1},"title":"PSG empata com Bayern e faz a final da Champions League com Arsenal","author":"Luiz Ant\u00f4nio Pr\u00f3speri","date":"6 de maio de 2026","format":false,"excerpt":"Luiz Ant\u00f4nio Pr\u00f3speri \u2013 6 maio 2026 (18h15) \u2013 PSG empata com Bayern Munique por 1 a 1 e se credencia a enfrentar o Arsenal na final da Champions League, dia 30 de maio, em Budapeste. A classifica\u00e7\u00e3o do time de Paris acontece em um clima ameno, bem diferente da\u2026","rel":"","context":"Em &quot;Champions League&quot;","block_context":{"text":"Champions League","link":"https:\/\/blogdoprosperi.com\/?cat=9107"},"img":{"alt_text":"","src":"https:\/\/i0.wp.com\/blogdoprosperi.com\/wp-content\/uploads\/2026\/05\/captura-de-tela-2026-05-06-as-18.19.27.png?fit=1200%2C690&ssl=1&resize=350%2C200","width":350,"height":200,"srcset":"https:\/\/i0.wp.com\/blogdoprosperi.com\/wp-content\/uploads\/2026\/05\/captura-de-tela-2026-05-06-as-18.19.27.png?fit=1200%2C690&ssl=1&resize=350%2C200 1x, https:\/\/i0.wp.com\/blogdoprosperi.com\/wp-content\/uploads\/2026\/05\/captura-de-tela-2026-05-06-as-18.19.27.png?fit=1200%2C690&ssl=1&resize=525%2C300 1.5x, https:\/\/i0.wp.com\/blogdoprosperi.com\/wp-content\/uploads\/2026\/05\/captura-de-tela-2026-05-06-as-18.19.27.png?fit=1200%2C690&ssl=1&resize=700%2C400 2x, https:\/\/i0.wp.com\/blogdoprosperi.com\/wp-content\/uploads\/2026\/05\/captura-de-tela-2026-05-06-as-18.19.27.png?fit=1200%2C690&ssl=1&resize=1050%2C600 3x"},"classes":[]},{"id":57939,"url":"https:\/\/blogdoprosperi.com\/?p=57939","url_meta":{"origin":57893,"position":2},"title":"PSG vence Bayern por 5 a 4 | Champions ou Pelada?","author":"Luiz Ant\u00f4nio Pr\u00f3speri","date":"28 de abril de 2026","format":false,"excerpt":"Luiz Ant\u00f4nio Pr\u00f3speri \u2013 28 abril 2026 (18h16) \u2013 PSG vence Bayern Munique por 5 a 4 no jogo de ida das semifinais da Champions League nesta ter\u00e7a-feira (28\/4) em Paris. Jogo de elite. Nove gols marcados. Cada um mais bonito a outro. Troca de r\u00e9deas da partida a cada\u2026","rel":"","context":"Em &quot;Champions League&quot;","block_context":{"text":"Champions League","link":"https:\/\/blogdoprosperi.com\/?cat=9107"},"img":{"alt_text":"PSG vence Bayern por 5 a 4 nas semi da Champions","src":"https:\/\/i0.wp.com\/blogdoprosperi.com\/wp-content\/uploads\/2026\/04\/captura-de-tela-2026-04-28-as-18.18.47.png?fit=1100%2C682&ssl=1&resize=350%2C200","width":350,"height":200,"srcset":"https:\/\/i0.wp.com\/blogdoprosperi.com\/wp-content\/uploads\/2026\/04\/captura-de-tela-2026-04-28-as-18.18.47.png?fit=1100%2C682&ssl=1&resize=350%2C200 1x, https:\/\/i0.wp.com\/blogdoprosperi.com\/wp-content\/uploads\/2026\/04\/captura-de-tela-2026-04-28-as-18.18.47.png?fit=1100%2C682&ssl=1&resize=525%2C300 1.5x, https:\/\/i0.wp.com\/blogdoprosperi.com\/wp-content\/uploads\/2026\/04\/captura-de-tela-2026-04-28-as-18.18.47.png?fit=1100%2C682&ssl=1&resize=700%2C400 2x, https:\/\/i0.wp.com\/blogdoprosperi.com\/wp-content\/uploads\/2026\/04\/captura-de-tela-2026-04-28-as-18.18.47.png?fit=1100%2C682&ssl=1&resize=1050%2C600 3x"},"classes":[]},{"id":41434,"url":"https:\/\/blogdoprosperi.com\/?p=41434","url_meta":{"origin":57893,"position":3},"title":"Bayern vence PSG e provoca novo drama a Messi e Neymar na Champions","author":"Luiz Ant\u00f4nio Pr\u00f3speri","date":"14 de fevereiro de 2023","format":false,"excerpt":"Neymar e Messi n\u00e3o iluminam Paris. Mbapp\u00e9 menos ainda. Bayern vence PSG e complica time franc\u00eas na Champions League","rel":"","context":"Em &quot;futebol&quot;","block_context":{"text":"futebol","link":"https:\/\/blogdoprosperi.com\/?cat=53870"},"img":{"alt_text":"","src":"https:\/\/i0.wp.com\/blogdoprosperi.com\/wp-content\/uploads\/2023\/02\/fo9lz8owcaiynpi.jpeg?fit=800%2C1200&ssl=1&resize=350%2C200","width":350,"height":200,"srcset":"https:\/\/i0.wp.com\/blogdoprosperi.com\/wp-content\/uploads\/2023\/02\/fo9lz8owcaiynpi.jpeg?fit=800%2C1200&ssl=1&resize=350%2C200 1x, https:\/\/i0.wp.com\/blogdoprosperi.com\/wp-content\/uploads\/2023\/02\/fo9lz8owcaiynpi.jpeg?fit=800%2C1200&ssl=1&resize=525%2C300 1.5x, https:\/\/i0.wp.com\/blogdoprosperi.com\/wp-content\/uploads\/2023\/02\/fo9lz8owcaiynpi.jpeg?fit=800%2C1200&ssl=1&resize=700%2C400 2x"},"classes":[]},{"id":52639,"url":"https:\/\/blogdoprosperi.com\/?p=52639","url_meta":{"origin":57893,"position":4},"title":"PSG Finca Estaca no Bayern Munique e Avan\u00e7a \u00e0s Semifinais do Mundial de Clubes","author":"Luiz Ant\u00f4nio Pr\u00f3speri","date":"5 de julho de 2025","format":false,"excerpt":"Luiz Ant\u00f4nio Pr\u00f3speri \u2013 5 de julho (15h41) \u2013 PSG vence Bayern Munique por 2 a 0 e se classifica \u00e0s semifinais do Mundial de Clubes. Falando assim, seria mais um jogo entre franceses e alem\u00e3es. Mas, n\u00e3o. A hist\u00f3ria dessa partida est\u00e1 repleta de dramas, aulas de futebol, expuls\u00f5es,\u2026","rel":"","context":"Em &quot;futebol&quot;","block_context":{"text":"futebol","link":"https:\/\/blogdoprosperi.com\/?cat=53870"},"img":{"alt_text":"PSG vence Bayern Munique e vai \u00e0 semifinal","src":"https:\/\/i0.wp.com\/blogdoprosperi.com\/wp-content\/uploads\/2025\/07\/captura-de-tela-2025-07-05-as-15.44.15.png?fit=986%2C672&ssl=1&resize=350%2C200","width":350,"height":200,"srcset":"https:\/\/i0.wp.com\/blogdoprosperi.com\/wp-content\/uploads\/2025\/07\/captura-de-tela-2025-07-05-as-15.44.15.png?fit=986%2C672&ssl=1&resize=350%2C200 1x, https:\/\/i0.wp.com\/blogdoprosperi.com\/wp-content\/uploads\/2025\/07\/captura-de-tela-2025-07-05-as-15.44.15.png?fit=986%2C672&ssl=1&resize=525%2C300 1.5x, https:\/\/i0.wp.com\/blogdoprosperi.com\/wp-content\/uploads\/2025\/07\/captura-de-tela-2025-07-05-as-15.44.15.png?fit=986%2C672&ssl=1&resize=700%2C400 2x"},"classes":[]},{"id":58016,"url":"https:\/\/blogdoprosperi.com\/?p=58016","url_meta":{"origin":57893,"position":5},"title":"Atletico Madrid 1 a 1 Arsenal | Champions League Volta ao Normal","author":"Luiz Ant\u00f4nio Pr\u00f3speri","date":"29 de abril de 2026","format":false,"excerpt":"Luiz Ant\u00f4nio Pr\u00f3speri \u2013 29 abril 2026 (18h20) \u2013 Atletico fica no empate por 1 a 1 com Arsenal no jogo de ida das semifinais da Champions League, quarta-feira (29\/4), em Madri. Aqueles inebriados, de queixo ca\u00eddo, alucinados com o jogo PGS 5 a 4 Bayern Munique, na ter\u00e7a-feira (28\/4),\u2026","rel":"","context":"Em &quot;Champions League&quot;","block_context":{"text":"Champions League","link":"https:\/\/blogdoprosperi.com\/?cat=9107"},"img":{"alt_text":"","src":"https:\/\/i0.wp.com\/blogdoprosperi.com\/wp-content\/uploads\/2026\/04\/captura-de-tela-2026-04-29-as-18.29.44.png?fit=1200%2C769&ssl=1&resize=350%2C200","width":350,"height":200,"srcset":"https:\/\/i0.wp.com\/blogdoprosperi.com\/wp-content\/uploads\/2026\/04\/captura-de-tela-2026-04-29-as-18.29.44.png?fit=1200%2C769&ssl=1&resize=350%2C200 1x, https:\/\/i0.wp.com\/blogdoprosperi.com\/wp-content\/uploads\/2026\/04\/captura-de-tela-2026-04-29-as-18.29.44.png?fit=1200%2C769&ssl=1&resize=525%2C300 1.5x, https:\/\/i0.wp.com\/blogdoprosperi.com\/wp-content\/uploads\/2026\/04\/captura-de-tela-2026-04-29-as-18.29.44.png?fit=1200%2C769&ssl=1&resize=700%2C400 2x, https:\/\/i0.wp.com\/blogdoprosperi.com\/wp-content\/uploads\/2026\/04\/captura-de-tela-2026-04-29-as-18.29.44.png?fit=1200%2C769&ssl=1&resize=1050%2C600 3x"},"classes":[]}],"jetpack_featured_media_url":"https:\/\/i0.wp.com\/blogdoprosperi.com\/wp-content\/uploads\/2026\/04\/captura-de-tela-2026-04-28-as-12.09.00.png?fit=1108%2C718&ssl=1","_links":{"self":[{"href":"https:\/\/blogdoprosperi.com\/index.php?rest_route=\/wp\/v2\/posts\/57893","targetHints":{"allow":["GET"]}}],"collection":[{"href":"https:\/\/blogdoprosperi.com\/index.php?rest_route=\/wp\/v2\/posts"}],"about":[{"href":"https:\/\/blogdoprosperi.com\/index.php?rest_route=\/wp\/v2\/types\/post"}],"author":[{"embeddable":true,"href":"https:\/\/blogdoprosperi.com\/index.php?rest_route=\/wp\/v2\/users\/102107496"}],"replies":[{"embeddable":true,"href":"https:\/\/blogdoprosperi.com\/index.php?rest_route=%2Fwp%2Fv2%2Fcomments&post=57893"}],"version-history":[{"count":20,"href":"https:\/\/blogdoprosperi.com\/index.php?rest_route=\/wp\/v2\/posts\/57893\/revisions"}],"predecessor-version":[{"id":57978,"href":"https:\/\/blogdoprosperi.com\/index.php?rest_route=\/wp\/v2\/posts\/57893\/revisions\/57978"}],"wp:featuredmedia":[{"embeddable":true,"href":"https:\/\/blogdoprosperi.com\/index.php?rest_route=\/wp\/v2\/media\/57909"}],"wp:attachment":[{"href":"https:\/\/blogdoprosperi.com\/index.php?rest_route=%2Fwp%2Fv2%2Fmedia&parent=57893"}],"wp:term":[{"taxonomy":"category","embeddable":true,"href":"https:\/\/blogdoprosperi.com\/index.php?rest_route=%2Fwp%2Fv2%2Fcategories&post=57893"},{"taxonomy":"post_tag","embeddable":true,"href":"https:\/\/blogdoprosperi.com\/index.php?rest_route=%2Fwp%2Fv2%2Ftags&post=57893"}],"curies":[{"name":"wp","href":"https:\/\/api.w.org\/{rel}","templated":true}]}}