{"id":5805,"date":"2016-05-15T16:20:18","date_gmt":"2016-05-15T16:20:18","guid":{"rendered":"http:\/\/blogdoprosperi.com\/?p=5805"},"modified":"2016-05-15T16:38:34","modified_gmt":"2016-05-15T16:38:34","slug":"sao-paulo-dos-garotos-despacha-o-mediocre-botafogo","status":"publish","type":"post","link":"https:\/\/blogdoprosperi.com\/?p=5805","title":{"rendered":"S\u00e3o Paulo dos garotos despacha o med\u00edocre Botafogo"},"content":{"rendered":"<p>&nbsp;<\/p>\n<figure id=\"attachment_5875\" aria-describedby=\"caption-attachment-5875\" style=\"width: 690px\" class=\"wp-caption alignnone\"><img data-recalc-dims=\"1\" loading=\"lazy\" decoding=\"async\" data-attachment-id=\"5875\" data-permalink=\"https:\/\/blogdoprosperi.com\/?attachment_id=5875\" data-orig-file=\"https:\/\/i0.wp.com\/blogdoprosperi.com\/wp-content\/uploads\/2016\/05\/8k1a6710.jpg?fit=690%2C420&amp;ssl=1\" data-orig-size=\"690,420\" data-comments-opened=\"1\" data-image-meta=\"{&quot;aperture&quot;:&quot;0&quot;,&quot;credit&quot;:&quot;&quot;,&quot;camera&quot;:&quot;&quot;,&quot;caption&quot;:&quot;&quot;,&quot;created_timestamp&quot;:&quot;0&quot;,&quot;copyright&quot;:&quot;&quot;,&quot;focal_length&quot;:&quot;0&quot;,&quot;iso&quot;:&quot;0&quot;,&quot;shutter_speed&quot;:&quot;0&quot;,&quot;title&quot;:&quot;&quot;,&quot;orientation&quot;:&quot;0&quot;}\" data-image-title=\"8k1a6710\" data-image-description=\"\" data-image-caption=\"\" data-large-file=\"https:\/\/i0.wp.com\/blogdoprosperi.com\/wp-content\/uploads\/2016\/05\/8k1a6710.jpg?fit=690%2C420&amp;ssl=1\" class=\"alignnone size-full wp-image-5875\" src=\"https:\/\/i0.wp.com\/blogdoprosperi.com\/wp-content\/uploads\/2016\/05\/8k1a6710.jpg?resize=690%2C420&#038;ssl=1\" alt=\"8k1a6710\" width=\"690\" height=\"420\" \/><figcaption id=\"caption-attachment-5875\" class=\"wp-caption-text\">Lucas Fernandes deixa sua marca na vit\u00f3ria contra o Botafogo<\/figcaption><\/figure>\n<p>Reservas do <a href=\"http:\/\/blogdoprosperi.com\/2016\/05\/12\/sao-paulo-reverte-favoritismo-e-atletico-questiona-arbitragem\/\">S\u00e3o Paulo<\/a> deram ao treinador argentino Edgardo Bauza um alento sobre o futuro do time no Campeonato Brasileiro. N\u00e3o jogaram um bol\u00e3o, de encantar serpentes, mas mostraram disposi\u00e7\u00e3o e muita valentia na vit\u00f3ria por 1 a 0 contra o <a href=\"http:\/\/blogdoprosperi.com\/2016\/05\/14\/palmeiras-corinthians-e-atletico-sao-candidatos-a-faturar-o-brasileirao-2016\/\">Botafogo <\/a>neste domingo. Quanto ao advers\u00e1rio, de volta \u00e0 S\u00e9rie A, era melhor nem ter subido de divis\u00e3o.<\/p>\n<p>A partida n\u00e3o deve ficar registrada entre as grandes do <a href=\"http:\/\/blogdoprosperi.com\/2016\/05\/14\/cbf-paga-uma-mixaria-aos-clubes-no-campeonato-brasileiro\/\">Brasileir\u00e3o<\/a>. Antes mesmo de come\u00e7ar, o jogo marcou o primeiro conflito de torcedores &#8211; com direito a bala de borracha, g\u00e1s pimenta, pancadaria &#8211; fora do est\u00e1dio.<\/p>\n<p>Com bola rolando, o primeiro tempo deu nos nervos de quem gosta de um bom futebol. Gramado ruim, dois times desprovidos de talento e muito suor sem nenhuma intelig\u00eancia marcaram os 45 minutos iniciais com a vit\u00f3ria parcial do S\u00e3o Paulo por 1 a o contra o Botafogo, no acanhado est\u00e1dio Raulino de Oliveira, em Volta Redonda.<\/p>\n<p>Sem nenhum titular em campo e com algumas improvisa\u00e7\u00f5es, como a do zagueiro Luc\u00e3o na fun\u00e7\u00e3o de volante, Edgardo Bauza armou seu time para defender com os dentes e fulminar o Botafogo com a velocidade de Centuri\u00f3n e Wilder nas pontas &#8211; sempre em busca do centroavante Alan Kardec. Na arma\u00e7\u00e3o apenas o garoto Lucas Fernandes.<\/p>\n<p>Dentro do que tinha \u00e0 disposi\u00e7\u00e3o, Bauza foi coerente. Mas, n\u00e3o h\u00e1 como negar, n\u00e3o era um time agrad\u00e1vel de se ver jogar. N\u00e3o fosse pela precis\u00e3o de Lucas Fernandes na cobran\u00e7a de falta e a generosa colabora\u00e7\u00e3o do goleiro Helton Leite, o gol n\u00e3o teria brotado na grama seca do Raulino ainda no primeiro tempo.<\/p>\n<p>Do lado do Botafogo, sua torcida vai comer poeira neste Brasileir\u00e3o 2016. De volta \u00e0 S\u00e9rie A, o time carioca mostrou alguma organiza\u00e7\u00e3o e ficou nisso. O quarteto de meio-campo, com tr\u00eas volantes (Lindoso, Bruno Silva e Fernandes) e um meia (Leandrinho), n\u00e3o chamou aten\u00e7\u00e3o nem mesmo do mais fan\u00e1tico botafoguense.<\/p>\n<p>Deu pena ver um Botafogo sem for\u00e7a e sem perspectiva logo na estreia no Brasileir\u00e3o.<\/p>\n<p>No segundo tempo, o S\u00e3o Paulo se fechou ainda mais. Amontoou um punhado de jogadores \u00e0 frente da grande \u00e1rea e jogou por mais uma bola nos p\u00e9s do garoto Lucas Fernandes. Como n\u00e3o deu certo, Bauza mandou Thiago Mendes e Kelvin nos lugares de Banguela e Wilder. N\u00e3o vingou.<\/p>\n<p>Ricardo Gomes trocou tr\u00eas pe\u00e7as, do intervalo at\u00e9 os 23 minutos, lan\u00e7ando tr\u00eas atacantes &#8211; Sass\u00e1, Salgueiro e Anderson Aquino. E a\u00ed ficou ainda mais claro o quanto esse Botafogo n\u00e3o tem um elenco qualificado. O trio entrou e n\u00e3o aconteceu nada. Ali\u00e1s, aconteceu sim. O time da Estrela Solit\u00e1ria estreou com derrota em casa. Triste recome\u00e7o.<\/p>\n<div class=\"jetpack-video-wrapper\"><span class=\"embed-youtube\" style=\"text-align:center; display: block;\"><iframe loading=\"lazy\" class=\"youtube-player\" width=\"560\" height=\"315\" src=\"https:\/\/www.youtube.com\/embed\/VSHaGjYz9dc?version=3&#038;rel=1&#038;showsearch=0&#038;showinfo=1&#038;iv_load_policy=1&#038;fs=1&#038;hl=pt-BR&#038;autohide=2&#038;wmode=transparent\" allowfullscreen=\"true\" style=\"border:0;\" sandbox=\"allow-scripts allow-same-origin allow-popups allow-presentation allow-popups-to-escape-sandbox\"><\/iframe><\/span><\/div>\n<p><strong>BOTAFOGO 0 X 1 S\u00c3O PAULO<\/strong><\/p>\n<p><strong>Gol<\/strong>: Lucas Fernandes, aos 21 do 1\u00baT<\/p>\n<p><strong>S\u00e3o Paulo:<\/strong> Renan Ribeiro, Auro, Lugano, Lyanco e Matheus Reis; Banguela (Thiago Mendes), Luc\u00e3o, Lucas Fernandes (Rog\u00e9rio); Wilder (Kelvin), Alan Kardec e Centuri\u00f3n. <strong>T\u00e9cnico :<\/strong> Edgardo Bauza.<\/p>\n<p><strong>Botafogo:<\/strong> Helton Leite, Luis Ricardo, Renan Fonseca, Emerson Silva, Victor Luis; Lindoso, Bruno Silva (Salgueiro), Fernandes e Leandrinho (Anderson Aquino); Ne\u00edlton (Sass\u00e1) e Ribamar. <strong>T\u00e9cnico:<\/strong> Ricardo Gomes.<\/p>\n<p><strong>Juiz:<\/strong> Braulio da Silva Machado<br \/>\n<strong>Cart\u00f5es amarelos:<\/strong> Matheus Reis, Leandrinho, Banguela, Thiago Mendes, Lucas Fernandes, Wilder,<br \/>\n<strong>Local:<\/strong> Raulino de Oliveira, Volta Redonda.<\/p>\n","protected":false},"excerpt":{"rendered":"<p>&nbsp; Reservas do S\u00e3o Paulo deram ao treinador argentino Edgardo Bauza um alento sobre o futuro do time [&hellip;]<\/p>\n","protected":false},"author":102107496,"featured_media":0,"comment_status":"open","ping_status":"open","sticky":false,"template":"","format":"standard","meta":{"_coblocks_attr":"","_coblocks_dimensions":"","_coblocks_responsive_height":"","_coblocks_accordion_ie_support":"","_jetpack_newsletter_access":"","_jetpack_dont_email_post_to_subs":false,"_jetpack_newsletter_tier_id":0,"_jetpack_memberships_contains_paywalled_content":false,"_wpcom_ai_launchpad_first_post":false,"_jetpack_feature_clip_id":0,"_jetpack_memberships_contains_paid_content":false,"footnotes":"","jetpack_publicize_message":"","jetpack_publicize_feature_enabled":true,"jetpack_social_post_already_shared":false,"jetpack_social_options":{"image_generator_settings":{"template":"highway","default_image_id":0,"font":"","enabled":false},"version":2},"jetpack_post_was_ever_published":false},"categories":[355071,53870],"tags":[342801,362595295,789560560,20149688,972018],"class_list":["post-5805","post","type-post","status-publish","format-standard","hentry","category-campeonato-brasileiro","category-futebol","tag-botafogo","tag-brasileirao-2016","tag-futebol","tag-lucas-fernandes","tag-sao-paulo-fc"],"yoast_head":"<!-- This site is optimized with the Yoast SEO plugin v28.4 - https:\/\/yoast.com\/product\/yoast-seo-wordpress\/ -->\n<title>S\u00e3o Paulo dos garotos despacha o med\u00edocre Botafogo - PR\u00d3SPERI NEWS<\/title>\n<meta name=\"robots\" content=\"index, follow, max-snippet:-1, max-image-preview:large, max-video-preview:-1\" \/>\n<link rel=\"canonical\" href=\"https:\/\/blogdoprosperi.com\/?p=5805\" \/>\n<meta property=\"og:locale\" content=\"pt_BR\" \/>\n<meta property=\"og:type\" content=\"article\" \/>\n<meta property=\"og:title\" content=\"S\u00e3o Paulo dos garotos despacha o med\u00edocre Botafogo - PR\u00d3SPERI NEWS\" \/>\n<meta property=\"og:description\" content=\"&nbsp; Reservas do S\u00e3o Paulo deram ao treinador argentino Edgardo Bauza um alento sobre o futuro do time [&hellip;]\" \/>\n<meta property=\"og:url\" content=\"https:\/\/blogdoprosperi.com\/?p=5805\" \/>\n<meta property=\"og:site_name\" content=\"PR\u00d3SPERI NEWS\" \/>\n<meta property=\"article:publisher\" content=\"Luiz Pr\u00f3speri\" \/>\n<meta property=\"article:author\" content=\"Luiz Pr\u00f3speri\" \/>\n<meta property=\"article:published_time\" content=\"2016-05-15T16:20:18+00:00\" \/>\n<meta property=\"article:modified_time\" content=\"2016-05-15T16:38:34+00:00\" \/>\n<meta property=\"og:image\" content=\"https:\/\/blogdoprosperi.com\/wp-content\/uploads\/2016\/05\/8k1a6710.jpg\" \/>\n<meta name=\"author\" content=\"Luiz Ant\u00f4nio Pr\u00f3speri\" \/>\n<meta name=\"twitter:card\" content=\"summary_large_image\" \/>\n<meta name=\"twitter:creator\" content=\"@Luizprosperi\" \/>\n<meta name=\"twitter:site\" content=\"@Luizprosperi\" \/>\n<meta name=\"twitter:label1\" content=\"Escrito por\" \/>\n\t<meta name=\"twitter:data1\" content=\"Luiz Ant\u00f4nio Pr\u00f3speri\" \/>\n\t<meta name=\"twitter:label2\" content=\"Est. tempo de leitura\" \/>\n\t<meta name=\"twitter:data2\" content=\"3 minutos\" \/>\n<script type=\"application\/ld+json\" class=\"yoast-schema-graph\">{\"@context\":\"https:\\\/\\\/schema.org\",\"@graph\":[{\"@type\":\"Article\",\"@id\":\"https:\\\/\\\/blogdoprosperi.com\\\/?p=5805#article\",\"isPartOf\":{\"@id\":\"https:\\\/\\\/blogdoprosperi.com\\\/?p=5805\"},\"author\":{\"name\":\"Luiz Ant\u00f4nio Pr\u00f3speri\",\"@id\":\"https:\\\/\\\/blogdoprosperi.com\\\/#\\\/schema\\\/person\\\/38100755ce3601861ee4fab9b5aa78e9\"},\"headline\":\"S\u00e3o Paulo dos garotos despacha o med\u00edocre Botafogo\",\"datePublished\":\"2016-05-15T16:20:18+00:00\",\"dateModified\":\"2016-05-15T16:38:34+00:00\",\"mainEntityOfPage\":{\"@id\":\"https:\\\/\\\/blogdoprosperi.com\\\/?p=5805\"},\"wordCount\":617,\"commentCount\":2,\"publisher\":{\"@id\":\"https:\\\/\\\/blogdoprosperi.com\\\/#\\\/schema\\\/person\\\/38100755ce3601861ee4fab9b5aa78e9\"},\"image\":{\"@id\":\"https:\\\/\\\/blogdoprosperi.com\\\/?p=5805#primaryimage\"},\"thumbnailUrl\":\"https:\\\/\\\/blogdoprosperi.com\\\/wp-content\\\/uploads\\\/2016\\\/05\\\/8k1a6710.jpg\",\"keywords\":[\"Botafogo\",\"Brasileir\u00e3o-2016\",\"futebol\",\"Lucas Fernandes\",\"S\u00e3o Paulo FC\"],\"articleSection\":[\"Campeonato Brasileiro\",\"futebol\"],\"inLanguage\":\"pt-BR\",\"potentialAction\":[{\"@type\":\"CommentAction\",\"name\":\"Comment\",\"target\":[\"https:\\\/\\\/blogdoprosperi.com\\\/?p=5805#respond\"]}]},{\"@type\":\"WebPage\",\"@id\":\"https:\\\/\\\/blogdoprosperi.com\\\/?p=5805\",\"url\":\"https:\\\/\\\/blogdoprosperi.com\\\/?p=5805\",\"name\":\"S\u00e3o Paulo dos garotos despacha o med\u00edocre Botafogo - PR\u00d3SPERI NEWS\",\"isPartOf\":{\"@id\":\"https:\\\/\\\/blogdoprosperi.com\\\/#website\"},\"primaryImageOfPage\":{\"@id\":\"https:\\\/\\\/blogdoprosperi.com\\\/?p=5805#primaryimage\"},\"image\":{\"@id\":\"https:\\\/\\\/blogdoprosperi.com\\\/?p=5805#primaryimage\"},\"thumbnailUrl\":\"https:\\\/\\\/blogdoprosperi.com\\\/wp-content\\\/uploads\\\/2016\\\/05\\\/8k1a6710.jpg\",\"datePublished\":\"2016-05-15T16:20:18+00:00\",\"dateModified\":\"2016-05-15T16:38:34+00:00\",\"breadcrumb\":{\"@id\":\"https:\\\/\\\/blogdoprosperi.com\\\/?p=5805#breadcrumb\"},\"inLanguage\":\"pt-BR\",\"potentialAction\":[{\"@type\":\"ReadAction\",\"target\":[\"https:\\\/\\\/blogdoprosperi.com\\\/?p=5805\"]}]},{\"@type\":\"ImageObject\",\"inLanguage\":\"pt-BR\",\"@id\":\"https:\\\/\\\/blogdoprosperi.com\\\/?p=5805#primaryimage\",\"url\":\"https:\\\/\\\/i0.wp.com\\\/blogdoprosperi.com\\\/wp-content\\\/uploads\\\/2016\\\/05\\\/8k1a6710.jpg?fit=690%2C420&ssl=1\",\"contentUrl\":\"https:\\\/\\\/i0.wp.com\\\/blogdoprosperi.com\\\/wp-content\\\/uploads\\\/2016\\\/05\\\/8k1a6710.jpg?fit=690%2C420&ssl=1\",\"width\":690,\"height\":420},{\"@type\":\"BreadcrumbList\",\"@id\":\"https:\\\/\\\/blogdoprosperi.com\\\/?p=5805#breadcrumb\",\"itemListElement\":[{\"@type\":\"ListItem\",\"position\":1,\"name\":\"In\u00edcio\",\"item\":\"https:\\\/\\\/blogdoprosperi.com\\\/\"},{\"@type\":\"ListItem\",\"position\":2,\"name\":\"S\u00e3o Paulo dos garotos despacha o med\u00edocre Botafogo\"}]},{\"@type\":\"WebSite\",\"@id\":\"https:\\\/\\\/blogdoprosperi.com\\\/#website\",\"url\":\"https:\\\/\\\/blogdoprosperi.com\\\/\",\"name\":\"PR\u00d3SPERI NEWS\",\"description\":\"TUDO \u00c9  FUTEBOL\",\"publisher\":{\"@id\":\"https:\\\/\\\/blogdoprosperi.com\\\/#\\\/schema\\\/person\\\/38100755ce3601861ee4fab9b5aa78e9\"},\"alternateName\":\"blogdoprosperi.com\",\"potentialAction\":[{\"@type\":\"SearchAction\",\"target\":{\"@type\":\"EntryPoint\",\"urlTemplate\":\"https:\\\/\\\/blogdoprosperi.com\\\/?s={search_term_string}\"},\"query-input\":{\"@type\":\"PropertyValueSpecification\",\"valueRequired\":true,\"valueName\":\"search_term_string\"}}],\"inLanguage\":\"pt-BR\"},{\"@type\":[\"Person\",\"Organization\"],\"@id\":\"https:\\\/\\\/blogdoprosperi.com\\\/#\\\/schema\\\/person\\\/38100755ce3601861ee4fab9b5aa78e9\",\"name\":\"Luiz Ant\u00f4nio Pr\u00f3speri\",\"pronouns\":\"ele\",\"image\":{\"@type\":\"ImageObject\",\"inLanguage\":\"pt-BR\",\"@id\":\"https:\\\/\\\/i0.wp.com\\\/blogdoprosperi.com\\\/wp-content\\\/uploads\\\/2026\\\/05\\\/cropped-8059e613-6002-42fa-961e-8e275f575d71-2-5.jpg?fit=1360%2C931&ssl=1\",\"url\":\"https:\\\/\\\/i0.wp.com\\\/blogdoprosperi.com\\\/wp-content\\\/uploads\\\/2026\\\/05\\\/cropped-8059e613-6002-42fa-961e-8e275f575d71-2-5.jpg?fit=1360%2C931&ssl=1\",\"contentUrl\":\"https:\\\/\\\/i0.wp.com\\\/blogdoprosperi.com\\\/wp-content\\\/uploads\\\/2026\\\/05\\\/cropped-8059e613-6002-42fa-961e-8e275f575d71-2-5.jpg?fit=1360%2C931&ssl=1\",\"width\":1360,\"height\":931,\"caption\":\"Luiz Ant\u00f4nio Pr\u00f3speri\"},\"logo\":{\"@id\":\"https:\\\/\\\/i0.wp.com\\\/blogdoprosperi.com\\\/wp-content\\\/uploads\\\/2026\\\/05\\\/cropped-8059e613-6002-42fa-961e-8e275f575d71-2-5.jpg?fit=1360%2C931&ssl=1\"},\"description\":\"Jornalista com carreira dedicada ao esporte. Cobriu 9 Copas do Mundo in loco, 1990 na It\u00e1lia, 1994 nos EUA, 1998 na Fran\u00e7a, 2002 na Coreia do Sul e Jap\u00e3o, 2006 na Alemanha, 2010 na \u00c1frica do Sul, 2014 no Brasil, 2018 na R\u00fassia e 2022 no Qatar. Eurocopas, 1992 na Su\u00e9cia e 1996 na Inglaterra. Copa das Confedera\u00e7\u00f5es de 2005 na Alemanha e 2009 na \u00c1frica do Sul. Rep\u00f3rter e Editor, trabalhou no Jornal da Tarde e Estad\u00e3o, de 1984 a fevereiro de 2016. Colunista, blogueiro. E comentarista de futebol na R\u00e1dio Estad\u00e3o, de 2013 a fevereiro de 2016. Jornalista respons\u00e1vel do \\\"Pr\u00f3speri News\\\" (blogdoprosperi.com).\",\"sameAs\":[\"http:\\\/\\\/blogdoprosperi.com\",\"Luiz Pr\u00f3speri\",\"@luiz_prosperi\",\"https:\\\/\\\/x.com\\\/Luizprosperi\",\"@prosperinacopa\",\"luiz.prosperi@icloud.com\"],\"url\":\"https:\\\/\\\/blogdoprosperi.com\\\/?author=102107496\"}]}<\/script>\n<!-- \/ Yoast SEO plugin. -->","yoast_head_json":{"title":"S\u00e3o Paulo dos garotos despacha o med\u00edocre Botafogo - PR\u00d3SPERI NEWS","robots":{"index":"index","follow":"follow","max-snippet":"max-snippet:-1","max-image-preview":"max-image-preview:large","max-video-preview":"max-video-preview:-1"},"canonical":"https:\/\/blogdoprosperi.com\/?p=5805","og_locale":"pt_BR","og_type":"article","og_title":"S\u00e3o Paulo dos garotos despacha o med\u00edocre Botafogo - PR\u00d3SPERI NEWS","og_description":"&nbsp; Reservas do S\u00e3o Paulo deram ao treinador argentino Edgardo Bauza um alento sobre o futuro do time [&hellip;]","og_url":"https:\/\/blogdoprosperi.com\/?p=5805","og_site_name":"PR\u00d3SPERI NEWS","article_publisher":"Luiz Pr\u00f3speri","article_author":"Luiz Pr\u00f3speri","article_published_time":"2016-05-15T16:20:18+00:00","article_modified_time":"2016-05-15T16:38:34+00:00","og_image":[{"url":"https:\/\/blogdoprosperi.com\/wp-content\/uploads\/2016\/05\/8k1a6710.jpg","type":"","width":"","height":""}],"author":"Luiz Ant\u00f4nio Pr\u00f3speri","twitter_card":"summary_large_image","twitter_creator":"@Luizprosperi","twitter_site":"@Luizprosperi","twitter_misc":{"Escrito por":"Luiz Ant\u00f4nio Pr\u00f3speri","Est. tempo de leitura":"3 minutos"},"schema":{"@context":"https:\/\/schema.org","@graph":[{"@type":"Article","@id":"https:\/\/blogdoprosperi.com\/?p=5805#article","isPartOf":{"@id":"https:\/\/blogdoprosperi.com\/?p=5805"},"author":{"name":"Luiz Ant\u00f4nio Pr\u00f3speri","@id":"https:\/\/blogdoprosperi.com\/#\/schema\/person\/38100755ce3601861ee4fab9b5aa78e9"},"headline":"S\u00e3o Paulo dos garotos despacha o med\u00edocre Botafogo","datePublished":"2016-05-15T16:20:18+00:00","dateModified":"2016-05-15T16:38:34+00:00","mainEntityOfPage":{"@id":"https:\/\/blogdoprosperi.com\/?p=5805"},"wordCount":617,"commentCount":2,"publisher":{"@id":"https:\/\/blogdoprosperi.com\/#\/schema\/person\/38100755ce3601861ee4fab9b5aa78e9"},"image":{"@id":"https:\/\/blogdoprosperi.com\/?p=5805#primaryimage"},"thumbnailUrl":"https:\/\/blogdoprosperi.com\/wp-content\/uploads\/2016\/05\/8k1a6710.jpg","keywords":["Botafogo","Brasileir\u00e3o-2016","futebol","Lucas Fernandes","S\u00e3o Paulo FC"],"articleSection":["Campeonato Brasileiro","futebol"],"inLanguage":"pt-BR","potentialAction":[{"@type":"CommentAction","name":"Comment","target":["https:\/\/blogdoprosperi.com\/?p=5805#respond"]}]},{"@type":"WebPage","@id":"https:\/\/blogdoprosperi.com\/?p=5805","url":"https:\/\/blogdoprosperi.com\/?p=5805","name":"S\u00e3o Paulo dos garotos despacha o med\u00edocre Botafogo - PR\u00d3SPERI NEWS","isPartOf":{"@id":"https:\/\/blogdoprosperi.com\/#website"},"primaryImageOfPage":{"@id":"https:\/\/blogdoprosperi.com\/?p=5805#primaryimage"},"image":{"@id":"https:\/\/blogdoprosperi.com\/?p=5805#primaryimage"},"thumbnailUrl":"https:\/\/blogdoprosperi.com\/wp-content\/uploads\/2016\/05\/8k1a6710.jpg","datePublished":"2016-05-15T16:20:18+00:00","dateModified":"2016-05-15T16:38:34+00:00","breadcrumb":{"@id":"https:\/\/blogdoprosperi.com\/?p=5805#breadcrumb"},"inLanguage":"pt-BR","potentialAction":[{"@type":"ReadAction","target":["https:\/\/blogdoprosperi.com\/?p=5805"]}]},{"@type":"ImageObject","inLanguage":"pt-BR","@id":"https:\/\/blogdoprosperi.com\/?p=5805#primaryimage","url":"https:\/\/i0.wp.com\/blogdoprosperi.com\/wp-content\/uploads\/2016\/05\/8k1a6710.jpg?fit=690%2C420&ssl=1","contentUrl":"https:\/\/i0.wp.com\/blogdoprosperi.com\/wp-content\/uploads\/2016\/05\/8k1a6710.jpg?fit=690%2C420&ssl=1","width":690,"height":420},{"@type":"BreadcrumbList","@id":"https:\/\/blogdoprosperi.com\/?p=5805#breadcrumb","itemListElement":[{"@type":"ListItem","position":1,"name":"In\u00edcio","item":"https:\/\/blogdoprosperi.com\/"},{"@type":"ListItem","position":2,"name":"S\u00e3o Paulo dos garotos despacha o med\u00edocre Botafogo"}]},{"@type":"WebSite","@id":"https:\/\/blogdoprosperi.com\/#website","url":"https:\/\/blogdoprosperi.com\/","name":"PR\u00d3SPERI NEWS","description":"TUDO \u00c9  FUTEBOL","publisher":{"@id":"https:\/\/blogdoprosperi.com\/#\/schema\/person\/38100755ce3601861ee4fab9b5aa78e9"},"alternateName":"blogdoprosperi.com","potentialAction":[{"@type":"SearchAction","target":{"@type":"EntryPoint","urlTemplate":"https:\/\/blogdoprosperi.com\/?s={search_term_string}"},"query-input":{"@type":"PropertyValueSpecification","valueRequired":true,"valueName":"search_term_string"}}],"inLanguage":"pt-BR"},{"@type":["Person","Organization"],"@id":"https:\/\/blogdoprosperi.com\/#\/schema\/person\/38100755ce3601861ee4fab9b5aa78e9","name":"Luiz Ant\u00f4nio Pr\u00f3speri","pronouns":"ele","image":{"@type":"ImageObject","inLanguage":"pt-BR","@id":"https:\/\/i0.wp.com\/blogdoprosperi.com\/wp-content\/uploads\/2026\/05\/cropped-8059e613-6002-42fa-961e-8e275f575d71-2-5.jpg?fit=1360%2C931&ssl=1","url":"https:\/\/i0.wp.com\/blogdoprosperi.com\/wp-content\/uploads\/2026\/05\/cropped-8059e613-6002-42fa-961e-8e275f575d71-2-5.jpg?fit=1360%2C931&ssl=1","contentUrl":"https:\/\/i0.wp.com\/blogdoprosperi.com\/wp-content\/uploads\/2026\/05\/cropped-8059e613-6002-42fa-961e-8e275f575d71-2-5.jpg?fit=1360%2C931&ssl=1","width":1360,"height":931,"caption":"Luiz Ant\u00f4nio Pr\u00f3speri"},"logo":{"@id":"https:\/\/i0.wp.com\/blogdoprosperi.com\/wp-content\/uploads\/2026\/05\/cropped-8059e613-6002-42fa-961e-8e275f575d71-2-5.jpg?fit=1360%2C931&ssl=1"},"description":"Jornalista com carreira dedicada ao esporte. Cobriu 9 Copas do Mundo in loco, 1990 na It\u00e1lia, 1994 nos EUA, 1998 na Fran\u00e7a, 2002 na Coreia do Sul e Jap\u00e3o, 2006 na Alemanha, 2010 na \u00c1frica do Sul, 2014 no Brasil, 2018 na R\u00fassia e 2022 no Qatar. Eurocopas, 1992 na Su\u00e9cia e 1996 na Inglaterra. Copa das Confedera\u00e7\u00f5es de 2005 na Alemanha e 2009 na \u00c1frica do Sul. Rep\u00f3rter e Editor, trabalhou no Jornal da Tarde e Estad\u00e3o, de 1984 a fevereiro de 2016. Colunista, blogueiro. E comentarista de futebol na R\u00e1dio Estad\u00e3o, de 2013 a fevereiro de 2016. Jornalista respons\u00e1vel do \"Pr\u00f3speri News\" (blogdoprosperi.com).","sameAs":["http:\/\/blogdoprosperi.com","Luiz Pr\u00f3speri","@luiz_prosperi","https:\/\/x.com\/Luizprosperi","@prosperinacopa","luiz.prosperi@icloud.com"],"url":"https:\/\/blogdoprosperi.com\/?author=102107496"}]}},"jetpack_publicize_connections":[],"jetpack_likes_enabled":false,"jetpack_sharing_enabled":true,"jetpack_shortlink":"https:\/\/wp.me\/p7jvdk-1vD","jetpack-related-posts":[{"id":8786,"url":"https:\/\/blogdoprosperi.com\/?p=8786","url_meta":{"origin":5805,"position":0},"title":"Santos se reabilita gra\u00e7as ao lanterna Botafogo, candidato a voltar \u00e0 S\u00e9rie B","author":"Luiz Ant\u00f4nio Pr\u00f3speri","date":"5 de junho de 2016","format":false,"excerpt":"Nada como pegar o Botafogo para se reabilitar no Campeonato Brasileiro. Sorte do Santos. Ap\u00f3s duas derrotas consecutivas (Internacional e Corinthians), recebeu o time carioca nesta manh\u00e3 de domingo no Pacaembu e com muita facilidade venceu por 3 a 0. A vit\u00f3ria indica que a op\u00e7\u00e3o do Santos, sem Gabigol\u2026","rel":"","context":"Em &quot;Campeonato Brasileiro&quot;","block_context":{"text":"Campeonato Brasileiro","link":"https:\/\/blogdoprosperi.com\/?cat=355071"},"img":{"alt_text":"","src":"https:\/\/i0.wp.com\/blogdoprosperi.com\/wp-content\/uploads\/2016\/06\/6ba575726669f67fde8c6c2fa9227f2f.jpg?resize=350%2C200&ssl=1","width":350,"height":200,"srcset":"https:\/\/i0.wp.com\/blogdoprosperi.com\/wp-content\/uploads\/2016\/06\/6ba575726669f67fde8c6c2fa9227f2f.jpg?resize=350%2C200&ssl=1 1x, https:\/\/i0.wp.com\/blogdoprosperi.com\/wp-content\/uploads\/2016\/06\/6ba575726669f67fde8c6c2fa9227f2f.jpg?resize=525%2C300&ssl=1 1.5x"},"classes":[]},{"id":46777,"url":"https:\/\/blogdoprosperi.com\/?p=46777","url_meta":{"origin":5805,"position":1},"title":"Brasileir\u00e3o 2024 | Ta\u00e7a, Dramas, Rebaixamento e Despedidas na \u00daltima Rodada","author":"Luiz Ant\u00f4nio Pr\u00f3speri","date":"7 de dezembro de 2024","format":false,"excerpt":"Luiz Ant\u00f4nio Pr\u00f3speri \u2013 7 dezembro (11h05) \u2013 Brasileir\u00e3o 2024 chega \u00e0 \u00faltima rodada (38.\u00aa) com disputa de t\u00edtulo, pavor do rebaixamento, dramas, despedidas, derrota do futebol para a viol\u00eancia, sucessos e fracassos da SAF e graves problemas de gest\u00e3o da CBF. Muitas hist\u00f3rias ser\u00e3o contadas nesse domingo (08\/12) a\u2026","rel":"","context":"Em &quot;futebol&quot;","block_context":{"text":"futebol","link":"https:\/\/blogdoprosperi.com\/?cat=53870"},"img":{"alt_text":"","src":"https:\/\/i0.wp.com\/blogdoprosperi.com\/wp-content\/uploads\/2024\/12\/trofeu-brasileirao-trivela-scaled-1.jpg?fit=1200%2C675&ssl=1&resize=350%2C200","width":350,"height":200,"srcset":"https:\/\/i0.wp.com\/blogdoprosperi.com\/wp-content\/uploads\/2024\/12\/trofeu-brasileirao-trivela-scaled-1.jpg?fit=1200%2C675&ssl=1&resize=350%2C200 1x, https:\/\/i0.wp.com\/blogdoprosperi.com\/wp-content\/uploads\/2024\/12\/trofeu-brasileirao-trivela-scaled-1.jpg?fit=1200%2C675&ssl=1&resize=525%2C300 1.5x, https:\/\/i0.wp.com\/blogdoprosperi.com\/wp-content\/uploads\/2024\/12\/trofeu-brasileirao-trivela-scaled-1.jpg?fit=1200%2C675&ssl=1&resize=700%2C400 2x, https:\/\/i0.wp.com\/blogdoprosperi.com\/wp-content\/uploads\/2024\/12\/trofeu-brasileirao-trivela-scaled-1.jpg?fit=1200%2C675&ssl=1&resize=1050%2C600 3x"},"classes":[]},{"id":42292,"url":"https:\/\/blogdoprosperi.com\/?p=42292","url_meta":{"origin":5805,"position":2},"title":"CBF deve adiar Brasileir\u00e3o at\u00e9 Textor apresentar provas de manipula\u00e7\u00e3o","author":"Luiz Ant\u00f4nio Pr\u00f3speri","date":"2 de abril de 2024","format":false,"excerpt":"John Textor volta a denunciar manipula\u00e7\u00e3o de resultados a favor do Palmeiras no Brasileir\u00e3o 2023. Tiroteio do milion\u00e1rio americano dono do Botafogo mira cinco (5, isso mesmo) jogadores do S\u00e3o Paulo, apontados como suspeitos de facilitar a goleada (5 a 0) do Palmeiras no campeonato do ano passado. Textor n\u00e3o\u2026","rel":"","context":"Em &quot;futebol&quot;","block_context":{"text":"futebol","link":"https:\/\/blogdoprosperi.com\/?cat=53870"},"img":{"alt_text":"","src":"https:\/\/i0.wp.com\/blogdoprosperi.com\/wp-content\/uploads\/2024\/04\/20240401-221313_1729296_2871_2.jpg_554688468.webp?fit=1200%2C675&ssl=1&resize=350%2C200","width":350,"height":200,"srcset":"https:\/\/i0.wp.com\/blogdoprosperi.com\/wp-content\/uploads\/2024\/04\/20240401-221313_1729296_2871_2.jpg_554688468.webp?fit=1200%2C675&ssl=1&resize=350%2C200 1x, https:\/\/i0.wp.com\/blogdoprosperi.com\/wp-content\/uploads\/2024\/04\/20240401-221313_1729296_2871_2.jpg_554688468.webp?fit=1200%2C675&ssl=1&resize=525%2C300 1.5x, https:\/\/i0.wp.com\/blogdoprosperi.com\/wp-content\/uploads\/2024\/04\/20240401-221313_1729296_2871_2.jpg_554688468.webp?fit=1200%2C675&ssl=1&resize=700%2C400 2x, https:\/\/i0.wp.com\/blogdoprosperi.com\/wp-content\/uploads\/2024\/04\/20240401-221313_1729296_2871_2.jpg_554688468.webp?fit=1200%2C675&ssl=1&resize=1050%2C600 3x"},"classes":[]},{"id":7406,"url":"https:\/\/blogdoprosperi.com\/?p=7406","url_meta":{"origin":5805,"position":3},"title":"Bauza n\u00e3o tem medo de arriscar com reservas do S\u00e3o Paulo","author":"Luiz Ant\u00f4nio Pr\u00f3speri","date":"26 de maio de 2016","format":false,"excerpt":"Edgardo Bauza percebeu cedo demais que n\u00e3o \u00e9 alto o n\u00edvel t\u00e9cnico do futebol brasileiro neste campeonato nacional. Em tr\u00eas rodadas, usou mais o time reserva do que o titular e n\u00e3o se decepcionou com os resultados do S\u00e3o Paulo: uma vit\u00f3ria, uma derrota e o empate (1 a 1)\u2026","rel":"","context":"Em &quot;Campeonato Brasileiro&quot;","block_context":{"text":"Campeonato Brasileiro","link":"https:\/\/blogdoprosperi.com\/?cat=355071"},"img":{"alt_text":"","src":"https:\/\/i0.wp.com\/blogdoprosperi.com\/wp-content\/uploads\/2016\/05\/rogerio1.png?resize=350%2C200&ssl=1","width":350,"height":200,"srcset":"https:\/\/i0.wp.com\/blogdoprosperi.com\/wp-content\/uploads\/2016\/05\/rogerio1.png?resize=350%2C200&ssl=1 1x, https:\/\/i0.wp.com\/blogdoprosperi.com\/wp-content\/uploads\/2016\/05\/rogerio1.png?resize=525%2C300&ssl=1 1.5x"},"classes":[]},{"id":46700,"url":"https:\/\/blogdoprosperi.com\/?p=46700","url_meta":{"origin":5805,"position":4},"title":"John Textor | I Love Flamengo","author":"Luiz Ant\u00f4nio Pr\u00f3speri","date":"2 de dezembro de 2024","format":false,"excerpt":"Luiz Ant\u00f4nio Pr\u00f3speri \u2013 2 dezembro (10h35) \u2013 Praia de Botafogo abarrotada de torcedores, domingo (01\/12), \u00e0 noite. Tr\u00eas trios el\u00e9tricos embalando a massa. Do alto de um deles, o americano John Textor se esbalda na comemora\u00e7\u00e3o da conquista da Libertadores da Am\u00e9rica. Ao ser entrevistado por uma rep\u00f3rter do\u2026","rel":"","context":"Em &quot;futebol&quot;","block_context":{"text":"futebol","link":"https:\/\/blogdoprosperi.com\/?cat=53870"},"img":{"alt_text":"Textor repete gesto de Tulio Maravilha em 1995","src":"https:\/\/i0.wp.com\/blogdoprosperi.com\/wp-content\/uploads\/2024\/12\/john-textor-replica-tulio-maravilha-em-chegada-epica-do-botafogo-ao-rio2c-apos-titulo-da-libertadores.jpg.webp?fit=984%2C656&ssl=1&resize=350%2C200","width":350,"height":200,"srcset":"https:\/\/i0.wp.com\/blogdoprosperi.com\/wp-content\/uploads\/2024\/12\/john-textor-replica-tulio-maravilha-em-chegada-epica-do-botafogo-ao-rio2c-apos-titulo-da-libertadores.jpg.webp?fit=984%2C656&ssl=1&resize=350%2C200 1x, https:\/\/i0.wp.com\/blogdoprosperi.com\/wp-content\/uploads\/2024\/12\/john-textor-replica-tulio-maravilha-em-chegada-epica-do-botafogo-ao-rio2c-apos-titulo-da-libertadores.jpg.webp?fit=984%2C656&ssl=1&resize=525%2C300 1.5x, https:\/\/i0.wp.com\/blogdoprosperi.com\/wp-content\/uploads\/2024\/12\/john-textor-replica-tulio-maravilha-em-chegada-epica-do-botafogo-ao-rio2c-apos-titulo-da-libertadores.jpg.webp?fit=984%2C656&ssl=1&resize=700%2C400 2x"},"classes":[]},{"id":45452,"url":"https:\/\/blogdoprosperi.com\/?p=45452","url_meta":{"origin":5805,"position":5},"title":"Brasileir\u00e3o | An\u00e1lise: 5 Temas da 27.\u00aa Rodada com Palmeiras \u00e0 Ca\u00e7a do Botafogo e a Volta de Fernando Diniz","author":"Luiz Ant\u00f4nio Pr\u00f3speri","date":"23 de setembro de 2024","format":false,"excerpt":"Luiz Ant\u00f4nio Pr\u00f3speri \u2013 23 setembro (13h05) Palmeiras vence Vasco e n\u00e3o desgruda do Botafogo. Cruzeiro troca t\u00e9cnico Fernando Seabra por Fernando Diniz, de volta ao futebol ap\u00f3s demiss\u00e3o no Fluminense e Sele\u00e7\u00e3o Brasileira. Flamengo, por decreto, e S\u00e3o Paulo, por fraqueza, desistem do Brasileir\u00e3o. Confira 5 pontos de discuss\u00e3o\u2026","rel":"","context":"Em &quot;futebol&quot;","block_context":{"text":"futebol","link":"https:\/\/blogdoprosperi.com\/?cat=53870"},"img":{"alt_text":"Brasileir\u00e3o: Palmeiras ca\u00e7a Botafogo","src":"https:\/\/i0.wp.com\/blogdoprosperi.com\/wp-content\/uploads\/2024\/09\/54014048711_628f7cda8c_c.jpg?fit=710%2C800&ssl=1&resize=350%2C200","width":350,"height":200,"srcset":"https:\/\/i0.wp.com\/blogdoprosperi.com\/wp-content\/uploads\/2024\/09\/54014048711_628f7cda8c_c.jpg?fit=710%2C800&ssl=1&resize=350%2C200 1x, https:\/\/i0.wp.com\/blogdoprosperi.com\/wp-content\/uploads\/2024\/09\/54014048711_628f7cda8c_c.jpg?fit=710%2C800&ssl=1&resize=525%2C300 1.5x, https:\/\/i0.wp.com\/blogdoprosperi.com\/wp-content\/uploads\/2024\/09\/54014048711_628f7cda8c_c.jpg?fit=710%2C800&ssl=1&resize=700%2C400 2x"},"classes":[]}],"jetpack_featured_media_url":"","_links":{"self":[{"href":"https:\/\/blogdoprosperi.com\/index.php?rest_route=\/wp\/v2\/posts\/5805","targetHints":{"allow":["GET"]}}],"collection":[{"href":"https:\/\/blogdoprosperi.com\/index.php?rest_route=\/wp\/v2\/posts"}],"about":[{"href":"https:\/\/blogdoprosperi.com\/index.php?rest_route=\/wp\/v2\/types\/post"}],"author":[{"embeddable":true,"href":"https:\/\/blogdoprosperi.com\/index.php?rest_route=\/wp\/v2\/users\/102107496"}],"replies":[{"embeddable":true,"href":"https:\/\/blogdoprosperi.com\/index.php?rest_route=%2Fwp%2Fv2%2Fcomments&post=5805"}],"version-history":[{"count":25,"href":"https:\/\/blogdoprosperi.com\/index.php?rest_route=\/wp\/v2\/posts\/5805\/revisions"}],"predecessor-version":[{"id":5880,"href":"https:\/\/blogdoprosperi.com\/index.php?rest_route=\/wp\/v2\/posts\/5805\/revisions\/5880"}],"wp:attachment":[{"href":"https:\/\/blogdoprosperi.com\/index.php?rest_route=%2Fwp%2Fv2%2Fmedia&parent=5805"}],"wp:term":[{"taxonomy":"category","embeddable":true,"href":"https:\/\/blogdoprosperi.com\/index.php?rest_route=%2Fwp%2Fv2%2Fcategories&post=5805"},{"taxonomy":"post_tag","embeddable":true,"href":"https:\/\/blogdoprosperi.com\/index.php?rest_route=%2Fwp%2Fv2%2Ftags&post=5805"}],"curies":[{"name":"wp","href":"https:\/\/api.w.org\/{rel}","templated":true}]}}