{"id":58278,"date":"2026-05-12T20:19:30","date_gmt":"2026-05-12T23:19:30","guid":{"rendered":"http:\/\/blogdoprosperi.com\/?p=58278"},"modified":"2026-05-12T20:30:26","modified_gmt":"2026-05-12T23:30:26","slug":"ancelotti-se-voce-chamar-o-neymar-voce-nao-vai-botar-uma-bomba-no-vestiario-neymar-e-muito-amado","status":"publish","type":"post","link":"https:\/\/blogdoprosperi.com\/?p=58278","title":{"rendered":"Ancelotti: \u201cSe voc\u00ea chamar o Neymar, voc\u00ea n\u00e3o vai botar uma bomba no vesti\u00e1rio. Neymar \u00e9 muito amado\u201d"},"content":{"rendered":"\n<p class=\"wp-block-paragraph\">Neymar est\u00e1 mais perto da Copa do Mundo 2026. A dica \u00e9 de Carlo Ancelotti. Acompanhe depoimento do t\u00e9cnico da Sele\u00e7\u00e3o Brasileira \u00e0 ag\u00eancia de not\u00edcias Reuters nesta ter\u00e7a-feira (12\/5):<\/p>\n\n\n\n<p class=\"wp-block-paragraph\">\u201cNeymar \u00e9 muito amado. N\u00e3o s\u00f3 pelo povo, mas tamb\u00e9m pelos jogadores. Se voc\u00ea chamar o Neymar, voc\u00ea n\u00e3o vai botar uma bomba no vesti\u00e1rio, porque \u00e9 muito querido, muito amado. Acho normal cada um dar sua opini\u00e3o. Agrade\u00e7o a todos que me deram conselhos.\u201d<\/p>\n\n\n\n<p class=\"wp-block-paragraph\">\u201cQuando tem que escolher, tem que considerar muitas coisas. Neymar \u00e9 um jogador importante para este pa\u00eds, pelo talento que demonstrou sempre, e que teve um problema, que est\u00e1 recuperando. Que est\u00e1 trabalhando forte para se recuperar, que est\u00e1 jogando. Que nos \u00faltimos tempos melhorou muito, est\u00e1 jogando com continuidade.\u201d<\/p>\n\n\n\n<p class=\"wp-block-paragraph\">\u201cPara mim, \u00e9 uma decis\u00e3o n\u00e3o t\u00e3o simples. Tenho que avaliar bem os pr\u00f3s e os contras. Mas a mim isso n\u00e3o coloca press\u00e3o, porque h\u00e1 um ano avaliamos n\u00e3o s\u00f3 Neymar, mas todos os jogadores.\u201d<\/p>\n\n\n\n<p class=\"wp-block-paragraph\">\u201cEu sou a pessoa mais indicada para tomar essa decis\u00e3o. Porque a informa\u00e7\u00e3o que eu tenho sobre todos os jogadores brasileiros neste ano, ningu\u00e9m tem. Posso fazer uma lista perfeita? Imposs\u00edvel. Mas posso fazer uma lista com menos erros. Disso, estou seguro.\u201d<\/p>\n\n\n\n<p class=\"wp-block-paragraph\">\u201cO ambiente externo est\u00e1 controlado, estar\u00e1 controlado at\u00e9 o final da Copa do Mundo. Com ou sem Neymar.\u201d<\/p>\n\n\n\n<figure class=\"wp-block-image size-large\"><img data-recalc-dims=\"1\" loading=\"lazy\" decoding=\"async\" width=\"800\" height=\"500\" data-attachment-id=\"51918\" data-permalink=\"https:\/\/blogdoprosperi.com\/?attachment_id=51918\" data-orig-file=\"https:\/\/i0.wp.com\/blogdoprosperi.com\/wp-content\/uploads\/2025\/06\/1_vulcao__2_-22412306-1.webp?fit=800%2C500&amp;ssl=1\" data-orig-size=\"800,500\" data-comments-opened=\"1\" data-image-meta=\"{&quot;aperture&quot;:&quot;0&quot;,&quot;credit&quot;:&quot;&quot;,&quot;camera&quot;:&quot;&quot;,&quot;caption&quot;:&quot;&quot;,&quot;created_timestamp&quot;:&quot;0&quot;,&quot;copyright&quot;:&quot;&quot;,&quot;focal_length&quot;:&quot;0&quot;,&quot;iso&quot;:&quot;0&quot;,&quot;shutter_speed&quot;:&quot;0&quot;,&quot;title&quot;:&quot;&quot;,&quot;orientation&quot;:&quot;0&quot;}\" data-image-title=\"Neymar renova com Santos\" data-image-description=\"\" data-image-caption=\"&lt;p&gt;Neymar fica no Santos at\u00e9 dezembro 2025 \u2013 foto: Santos oficial&lt;\/p&gt;\n\" data-large-file=\"https:\/\/i0.wp.com\/blogdoprosperi.com\/wp-content\/uploads\/2025\/06\/1_vulcao__2_-22412306-1.webp?fit=800%2C500&amp;ssl=1\" src=\"https:\/\/i0.wp.com\/blogdoprosperi.com\/wp-content\/uploads\/2025\/06\/1_vulcao__2_-22412306-1.webp?resize=800%2C500&#038;ssl=1\" alt=\"Neymar e Santos, renovado\" class=\"wp-image-51918\" \/><figcaption class=\"wp-element-caption\">Neymar &#8211; foto: Santos oficial<\/figcaption><\/figure>\n","protected":false},"excerpt":{"rendered":"<p>Neymar na Copa? Ancelotti manda um recado.<\/p>\n","protected":false},"author":102107496,"featured_media":54824,"comment_status":"open","ping_status":"open","sticky":false,"template":"","format":"standard","meta":{"_coblocks_attr":"","_coblocks_dimensions":"","_coblocks_responsive_height":"","_coblocks_accordion_ie_support":"","_jetpack_newsletter_access":"","_jetpack_dont_email_post_to_subs":false,"_jetpack_newsletter_tier_id":0,"_jetpack_memberships_contains_paywalled_content":false,"_wpcom_ai_launchpad_first_post":false,"_jetpack_feature_clip_id":0,"_jetpack_memberships_contains_paid_content":false,"footnotes":"","jetpack_publicize_message":"Ancelotti: \u201cSe voc\u00ea chamar o Neymar, voc\u00ea n\u00e3o vai botar uma bomba no vesti\u00e1rio. Neymar \u00e9 muito amado\u201d","jetpack_publicize_feature_enabled":true,"jetpack_social_post_already_shared":false,"jetpack_social_options":{"image_generator_settings":{"template":"highway","default_image_id":0,"font":"","enabled":false},"version":2},"jetpack_post_was_ever_published":false},"categories":[36820279,53870],"tags":[1016127,569949222,4112146],"class_list":["post-58278","post","type-post","status-publish","format-standard","has-post-thumbnail","hentry","category-copa-2026","category-futebol","tag-ancelotti","tag-copa2026","tag-neymar"],"yoast_head":"<!-- This site is optimized with the Yoast SEO plugin v28.3 - https:\/\/yoast.com\/product\/yoast-seo-wordpress\/ -->\n<title>Ancelotti: \u201cSe voc\u00ea chamar o Neymar, voc\u00ea n\u00e3o vai botar uma bomba no vesti\u00e1rio. Neymar \u00e9 muito amado\u201d - PR\u00d3SPERI NEWS<\/title>\n<meta name=\"robots\" content=\"index, follow, max-snippet:-1, max-image-preview:large, max-video-preview:-1\" \/>\n<link rel=\"canonical\" href=\"https:\/\/blogdoprosperi.com\/?p=58278\" \/>\n<meta property=\"og:locale\" content=\"pt_BR\" \/>\n<meta property=\"og:type\" content=\"article\" \/>\n<meta property=\"og:title\" content=\"Ancelotti: \u201cSe voc\u00ea chamar o Neymar, voc\u00ea n\u00e3o vai botar uma bomba no vesti\u00e1rio. Neymar \u00e9 muito amado\u201d - PR\u00d3SPERI NEWS\" \/>\n<meta property=\"og:description\" content=\"Neymar na Copa? Ancelotti manda um recado.\" \/>\n<meta property=\"og:url\" content=\"https:\/\/blogdoprosperi.com\/?p=58278\" \/>\n<meta property=\"og:site_name\" content=\"PR\u00d3SPERI NEWS\" \/>\n<meta property=\"article:publisher\" content=\"Luiz Pr\u00f3speri\" \/>\n<meta property=\"article:author\" content=\"Luiz Pr\u00f3speri\" \/>\n<meta property=\"article:published_time\" content=\"2026-05-12T23:19:30+00:00\" \/>\n<meta property=\"article:modified_time\" content=\"2026-05-12T23:30:26+00:00\" \/>\n<meta property=\"og:image\" content=\"https:\/\/i0.wp.com\/blogdoprosperi.com\/wp-content\/uploads\/2025\/09\/54761977377_e33290c7f9_c.jpg?fit=800%2C551&ssl=1\" \/>\n\t<meta property=\"og:image:width\" content=\"800\" \/>\n\t<meta property=\"og:image:height\" content=\"551\" \/>\n\t<meta property=\"og:image:type\" content=\"image\/jpeg\" \/>\n<meta name=\"author\" content=\"Luiz Ant\u00f4nio Pr\u00f3speri\" \/>\n<meta name=\"twitter:card\" content=\"summary_large_image\" \/>\n<meta name=\"twitter:creator\" content=\"@Luizprosperi\" \/>\n<meta name=\"twitter:site\" content=\"@Luizprosperi\" \/>\n<meta name=\"twitter:label1\" content=\"Escrito por\" \/>\n\t<meta name=\"twitter:data1\" content=\"Luiz Ant\u00f4nio Pr\u00f3speri\" \/>\n\t<meta name=\"twitter:label2\" content=\"Est. tempo de leitura\" \/>\n\t<meta name=\"twitter:data2\" content=\"1 minuto\" \/>\n<script type=\"application\/ld+json\" class=\"yoast-schema-graph\">{\"@context\":\"https:\\\/\\\/schema.org\",\"@graph\":[{\"@type\":\"Article\",\"@id\":\"https:\\\/\\\/blogdoprosperi.com\\\/?p=58278#article\",\"isPartOf\":{\"@id\":\"https:\\\/\\\/blogdoprosperi.com\\\/?p=58278\"},\"author\":{\"name\":\"Luiz Ant\u00f4nio Pr\u00f3speri\",\"@id\":\"https:\\\/\\\/blogdoprosperi.com\\\/#\\\/schema\\\/person\\\/38100755ce3601861ee4fab9b5aa78e9\"},\"headline\":\"Ancelotti: \u201cSe voc\u00ea chamar o Neymar, voc\u00ea n\u00e3o vai botar uma bomba no vesti\u00e1rio. Neymar \u00e9 muito amado\u201d\",\"datePublished\":\"2026-05-12T23:19:30+00:00\",\"dateModified\":\"2026-05-12T23:30:26+00:00\",\"mainEntityOfPage\":{\"@id\":\"https:\\\/\\\/blogdoprosperi.com\\\/?p=58278\"},\"wordCount\":260,\"commentCount\":0,\"publisher\":{\"@id\":\"https:\\\/\\\/blogdoprosperi.com\\\/#\\\/schema\\\/person\\\/38100755ce3601861ee4fab9b5aa78e9\"},\"image\":{\"@id\":\"https:\\\/\\\/blogdoprosperi.com\\\/?p=58278#primaryimage\"},\"thumbnailUrl\":\"https:\\\/\\\/i0.wp.com\\\/blogdoprosperi.com\\\/wp-content\\\/uploads\\\/2025\\\/09\\\/54761977377_e33290c7f9_c.jpg?fit=800%2C551&ssl=1\",\"keywords\":[\"Ancelotti\",\"Copa2026\",\"Neymar\"],\"articleSection\":[\"copa 2026\",\"futebol\"],\"inLanguage\":\"pt-BR\",\"potentialAction\":[{\"@type\":\"CommentAction\",\"name\":\"Comment\",\"target\":[\"https:\\\/\\\/blogdoprosperi.com\\\/?p=58278#respond\"]}]},{\"@type\":\"WebPage\",\"@id\":\"https:\\\/\\\/blogdoprosperi.com\\\/?p=58278\",\"url\":\"https:\\\/\\\/blogdoprosperi.com\\\/?p=58278\",\"name\":\"Ancelotti: \u201cSe voc\u00ea chamar o Neymar, voc\u00ea n\u00e3o vai botar uma bomba no vesti\u00e1rio. Neymar \u00e9 muito amado\u201d - PR\u00d3SPERI NEWS\",\"isPartOf\":{\"@id\":\"https:\\\/\\\/blogdoprosperi.com\\\/#website\"},\"primaryImageOfPage\":{\"@id\":\"https:\\\/\\\/blogdoprosperi.com\\\/?p=58278#primaryimage\"},\"image\":{\"@id\":\"https:\\\/\\\/blogdoprosperi.com\\\/?p=58278#primaryimage\"},\"thumbnailUrl\":\"https:\\\/\\\/i0.wp.com\\\/blogdoprosperi.com\\\/wp-content\\\/uploads\\\/2025\\\/09\\\/54761977377_e33290c7f9_c.jpg?fit=800%2C551&ssl=1\",\"datePublished\":\"2026-05-12T23:19:30+00:00\",\"dateModified\":\"2026-05-12T23:30:26+00:00\",\"breadcrumb\":{\"@id\":\"https:\\\/\\\/blogdoprosperi.com\\\/?p=58278#breadcrumb\"},\"inLanguage\":\"pt-BR\",\"potentialAction\":[{\"@type\":\"ReadAction\",\"target\":[\"https:\\\/\\\/blogdoprosperi.com\\\/?p=58278\"]}]},{\"@type\":\"ImageObject\",\"inLanguage\":\"pt-BR\",\"@id\":\"https:\\\/\\\/blogdoprosperi.com\\\/?p=58278#primaryimage\",\"url\":\"https:\\\/\\\/i0.wp.com\\\/blogdoprosperi.com\\\/wp-content\\\/uploads\\\/2025\\\/09\\\/54761977377_e33290c7f9_c.jpg?fit=800%2C551&ssl=1\",\"contentUrl\":\"https:\\\/\\\/i0.wp.com\\\/blogdoprosperi.com\\\/wp-content\\\/uploads\\\/2025\\\/09\\\/54761977377_e33290c7f9_c.jpg?fit=800%2C551&ssl=1\",\"width\":800,\"height\":551,\"caption\":\"Ancelotti na coletiva em Lille \u2013 foto: CBF oficial\"},{\"@type\":\"BreadcrumbList\",\"@id\":\"https:\\\/\\\/blogdoprosperi.com\\\/?p=58278#breadcrumb\",\"itemListElement\":[{\"@type\":\"ListItem\",\"position\":1,\"name\":\"In\u00edcio\",\"item\":\"https:\\\/\\\/blogdoprosperi.com\\\/\"},{\"@type\":\"ListItem\",\"position\":2,\"name\":\"Ancelotti: \u201cSe voc\u00ea chamar o Neymar, voc\u00ea n\u00e3o vai botar uma bomba no vesti\u00e1rio. Neymar \u00e9 muito amado\u201d\"}]},{\"@type\":\"WebSite\",\"@id\":\"https:\\\/\\\/blogdoprosperi.com\\\/#website\",\"url\":\"https:\\\/\\\/blogdoprosperi.com\\\/\",\"name\":\"PR\u00d3SPERI NEWS\",\"description\":\"TUDO \u00c9  FUTEBOL\",\"publisher\":{\"@id\":\"https:\\\/\\\/blogdoprosperi.com\\\/#\\\/schema\\\/person\\\/38100755ce3601861ee4fab9b5aa78e9\"},\"alternateName\":\"blogdoprosperi.com\",\"potentialAction\":[{\"@type\":\"SearchAction\",\"target\":{\"@type\":\"EntryPoint\",\"urlTemplate\":\"https:\\\/\\\/blogdoprosperi.com\\\/?s={search_term_string}\"},\"query-input\":{\"@type\":\"PropertyValueSpecification\",\"valueRequired\":true,\"valueName\":\"search_term_string\"}}],\"inLanguage\":\"pt-BR\"},{\"@type\":[\"Person\",\"Organization\"],\"@id\":\"https:\\\/\\\/blogdoprosperi.com\\\/#\\\/schema\\\/person\\\/38100755ce3601861ee4fab9b5aa78e9\",\"name\":\"Luiz Ant\u00f4nio Pr\u00f3speri\",\"pronouns\":\"ele\",\"image\":{\"@type\":\"ImageObject\",\"inLanguage\":\"pt-BR\",\"@id\":\"https:\\\/\\\/i0.wp.com\\\/blogdoprosperi.com\\\/wp-content\\\/uploads\\\/2026\\\/05\\\/cropped-8059e613-6002-42fa-961e-8e275f575d71-2-5.jpg?fit=1360%2C931&ssl=1\",\"url\":\"https:\\\/\\\/i0.wp.com\\\/blogdoprosperi.com\\\/wp-content\\\/uploads\\\/2026\\\/05\\\/cropped-8059e613-6002-42fa-961e-8e275f575d71-2-5.jpg?fit=1360%2C931&ssl=1\",\"contentUrl\":\"https:\\\/\\\/i0.wp.com\\\/blogdoprosperi.com\\\/wp-content\\\/uploads\\\/2026\\\/05\\\/cropped-8059e613-6002-42fa-961e-8e275f575d71-2-5.jpg?fit=1360%2C931&ssl=1\",\"width\":1360,\"height\":931,\"caption\":\"Luiz Ant\u00f4nio Pr\u00f3speri\"},\"logo\":{\"@id\":\"https:\\\/\\\/i0.wp.com\\\/blogdoprosperi.com\\\/wp-content\\\/uploads\\\/2026\\\/05\\\/cropped-8059e613-6002-42fa-961e-8e275f575d71-2-5.jpg?fit=1360%2C931&ssl=1\"},\"description\":\"Jornalista com carreira dedicada ao esporte. Cobriu 9 Copas do Mundo in loco, 1990 na It\u00e1lia, 1994 nos EUA, 1998 na Fran\u00e7a, 2002 na Coreia do Sul e Jap\u00e3o, 2006 na Alemanha, 2010 na \u00c1frica do Sul, 2014 no Brasil, 2018 na R\u00fassia e 2022 no Qatar. Eurocopas, 1992 na Su\u00e9cia e 1996 na Inglaterra. Copa das Confedera\u00e7\u00f5es de 2005 na Alemanha e 2009 na \u00c1frica do Sul. Rep\u00f3rter e Editor, trabalhou no Jornal da Tarde e Estad\u00e3o, de 1984 a fevereiro de 2016. Colunista, blogueiro. E comentarista de futebol na R\u00e1dio Estad\u00e3o, de 2013 a fevereiro de 2016. Jornalista respons\u00e1vel do \\\"Pr\u00f3speri News\\\" (blogdoprosperi.com).\",\"sameAs\":[\"http:\\\/\\\/blogdoprosperi.com\",\"Luiz Pr\u00f3speri\",\"@luiz_prosperi\",\"https:\\\/\\\/x.com\\\/Luizprosperi\",\"@prosperinacopa\",\"luiz.prosperi@icloud.com\"],\"url\":\"https:\\\/\\\/blogdoprosperi.com\\\/?author=102107496\"}]}<\/script>\n<!-- \/ Yoast SEO plugin. -->","yoast_head_json":{"title":"Ancelotti: \u201cSe voc\u00ea chamar o Neymar, voc\u00ea n\u00e3o vai botar uma bomba no vesti\u00e1rio. Neymar \u00e9 muito amado\u201d - PR\u00d3SPERI NEWS","robots":{"index":"index","follow":"follow","max-snippet":"max-snippet:-1","max-image-preview":"max-image-preview:large","max-video-preview":"max-video-preview:-1"},"canonical":"https:\/\/blogdoprosperi.com\/?p=58278","og_locale":"pt_BR","og_type":"article","og_title":"Ancelotti: \u201cSe voc\u00ea chamar o Neymar, voc\u00ea n\u00e3o vai botar uma bomba no vesti\u00e1rio. Neymar \u00e9 muito amado\u201d - PR\u00d3SPERI NEWS","og_description":"Neymar na Copa? Ancelotti manda um recado.","og_url":"https:\/\/blogdoprosperi.com\/?p=58278","og_site_name":"PR\u00d3SPERI NEWS","article_publisher":"Luiz Pr\u00f3speri","article_author":"Luiz Pr\u00f3speri","article_published_time":"2026-05-12T23:19:30+00:00","article_modified_time":"2026-05-12T23:30:26+00:00","og_image":[{"width":800,"height":551,"url":"https:\/\/i0.wp.com\/blogdoprosperi.com\/wp-content\/uploads\/2025\/09\/54761977377_e33290c7f9_c.jpg?fit=800%2C551&ssl=1","type":"image\/jpeg"}],"author":"Luiz Ant\u00f4nio Pr\u00f3speri","twitter_card":"summary_large_image","twitter_creator":"@Luizprosperi","twitter_site":"@Luizprosperi","twitter_misc":{"Escrito por":"Luiz Ant\u00f4nio Pr\u00f3speri","Est. tempo de leitura":"1 minuto"},"schema":{"@context":"https:\/\/schema.org","@graph":[{"@type":"Article","@id":"https:\/\/blogdoprosperi.com\/?p=58278#article","isPartOf":{"@id":"https:\/\/blogdoprosperi.com\/?p=58278"},"author":{"name":"Luiz Ant\u00f4nio Pr\u00f3speri","@id":"https:\/\/blogdoprosperi.com\/#\/schema\/person\/38100755ce3601861ee4fab9b5aa78e9"},"headline":"Ancelotti: \u201cSe voc\u00ea chamar o Neymar, voc\u00ea n\u00e3o vai botar uma bomba no vesti\u00e1rio. Neymar \u00e9 muito amado\u201d","datePublished":"2026-05-12T23:19:30+00:00","dateModified":"2026-05-12T23:30:26+00:00","mainEntityOfPage":{"@id":"https:\/\/blogdoprosperi.com\/?p=58278"},"wordCount":260,"commentCount":0,"publisher":{"@id":"https:\/\/blogdoprosperi.com\/#\/schema\/person\/38100755ce3601861ee4fab9b5aa78e9"},"image":{"@id":"https:\/\/blogdoprosperi.com\/?p=58278#primaryimage"},"thumbnailUrl":"https:\/\/i0.wp.com\/blogdoprosperi.com\/wp-content\/uploads\/2025\/09\/54761977377_e33290c7f9_c.jpg?fit=800%2C551&ssl=1","keywords":["Ancelotti","Copa2026","Neymar"],"articleSection":["copa 2026","futebol"],"inLanguage":"pt-BR","potentialAction":[{"@type":"CommentAction","name":"Comment","target":["https:\/\/blogdoprosperi.com\/?p=58278#respond"]}]},{"@type":"WebPage","@id":"https:\/\/blogdoprosperi.com\/?p=58278","url":"https:\/\/blogdoprosperi.com\/?p=58278","name":"Ancelotti: \u201cSe voc\u00ea chamar o Neymar, voc\u00ea n\u00e3o vai botar uma bomba no vesti\u00e1rio. Neymar \u00e9 muito amado\u201d - PR\u00d3SPERI NEWS","isPartOf":{"@id":"https:\/\/blogdoprosperi.com\/#website"},"primaryImageOfPage":{"@id":"https:\/\/blogdoprosperi.com\/?p=58278#primaryimage"},"image":{"@id":"https:\/\/blogdoprosperi.com\/?p=58278#primaryimage"},"thumbnailUrl":"https:\/\/i0.wp.com\/blogdoprosperi.com\/wp-content\/uploads\/2025\/09\/54761977377_e33290c7f9_c.jpg?fit=800%2C551&ssl=1","datePublished":"2026-05-12T23:19:30+00:00","dateModified":"2026-05-12T23:30:26+00:00","breadcrumb":{"@id":"https:\/\/blogdoprosperi.com\/?p=58278#breadcrumb"},"inLanguage":"pt-BR","potentialAction":[{"@type":"ReadAction","target":["https:\/\/blogdoprosperi.com\/?p=58278"]}]},{"@type":"ImageObject","inLanguage":"pt-BR","@id":"https:\/\/blogdoprosperi.com\/?p=58278#primaryimage","url":"https:\/\/i0.wp.com\/blogdoprosperi.com\/wp-content\/uploads\/2025\/09\/54761977377_e33290c7f9_c.jpg?fit=800%2C551&ssl=1","contentUrl":"https:\/\/i0.wp.com\/blogdoprosperi.com\/wp-content\/uploads\/2025\/09\/54761977377_e33290c7f9_c.jpg?fit=800%2C551&ssl=1","width":800,"height":551,"caption":"Ancelotti na coletiva em Lille \u2013 foto: CBF oficial"},{"@type":"BreadcrumbList","@id":"https:\/\/blogdoprosperi.com\/?p=58278#breadcrumb","itemListElement":[{"@type":"ListItem","position":1,"name":"In\u00edcio","item":"https:\/\/blogdoprosperi.com\/"},{"@type":"ListItem","position":2,"name":"Ancelotti: \u201cSe voc\u00ea chamar o Neymar, voc\u00ea n\u00e3o vai botar uma bomba no vesti\u00e1rio. Neymar \u00e9 muito amado\u201d"}]},{"@type":"WebSite","@id":"https:\/\/blogdoprosperi.com\/#website","url":"https:\/\/blogdoprosperi.com\/","name":"PR\u00d3SPERI NEWS","description":"TUDO \u00c9  FUTEBOL","publisher":{"@id":"https:\/\/blogdoprosperi.com\/#\/schema\/person\/38100755ce3601861ee4fab9b5aa78e9"},"alternateName":"blogdoprosperi.com","potentialAction":[{"@type":"SearchAction","target":{"@type":"EntryPoint","urlTemplate":"https:\/\/blogdoprosperi.com\/?s={search_term_string}"},"query-input":{"@type":"PropertyValueSpecification","valueRequired":true,"valueName":"search_term_string"}}],"inLanguage":"pt-BR"},{"@type":["Person","Organization"],"@id":"https:\/\/blogdoprosperi.com\/#\/schema\/person\/38100755ce3601861ee4fab9b5aa78e9","name":"Luiz Ant\u00f4nio Pr\u00f3speri","pronouns":"ele","image":{"@type":"ImageObject","inLanguage":"pt-BR","@id":"https:\/\/i0.wp.com\/blogdoprosperi.com\/wp-content\/uploads\/2026\/05\/cropped-8059e613-6002-42fa-961e-8e275f575d71-2-5.jpg?fit=1360%2C931&ssl=1","url":"https:\/\/i0.wp.com\/blogdoprosperi.com\/wp-content\/uploads\/2026\/05\/cropped-8059e613-6002-42fa-961e-8e275f575d71-2-5.jpg?fit=1360%2C931&ssl=1","contentUrl":"https:\/\/i0.wp.com\/blogdoprosperi.com\/wp-content\/uploads\/2026\/05\/cropped-8059e613-6002-42fa-961e-8e275f575d71-2-5.jpg?fit=1360%2C931&ssl=1","width":1360,"height":931,"caption":"Luiz Ant\u00f4nio Pr\u00f3speri"},"logo":{"@id":"https:\/\/i0.wp.com\/blogdoprosperi.com\/wp-content\/uploads\/2026\/05\/cropped-8059e613-6002-42fa-961e-8e275f575d71-2-5.jpg?fit=1360%2C931&ssl=1"},"description":"Jornalista com carreira dedicada ao esporte. Cobriu 9 Copas do Mundo in loco, 1990 na It\u00e1lia, 1994 nos EUA, 1998 na Fran\u00e7a, 2002 na Coreia do Sul e Jap\u00e3o, 2006 na Alemanha, 2010 na \u00c1frica do Sul, 2014 no Brasil, 2018 na R\u00fassia e 2022 no Qatar. Eurocopas, 1992 na Su\u00e9cia e 1996 na Inglaterra. Copa das Confedera\u00e7\u00f5es de 2005 na Alemanha e 2009 na \u00c1frica do Sul. Rep\u00f3rter e Editor, trabalhou no Jornal da Tarde e Estad\u00e3o, de 1984 a fevereiro de 2016. Colunista, blogueiro. E comentarista de futebol na R\u00e1dio Estad\u00e3o, de 2013 a fevereiro de 2016. Jornalista respons\u00e1vel do \"Pr\u00f3speri News\" (blogdoprosperi.com).","sameAs":["http:\/\/blogdoprosperi.com","Luiz Pr\u00f3speri","@luiz_prosperi","https:\/\/x.com\/Luizprosperi","@prosperinacopa","luiz.prosperi@icloud.com"],"url":"https:\/\/blogdoprosperi.com\/?author=102107496"}]}},"jetpack_publicize_connections":[],"jetpack_likes_enabled":false,"jetpack_sharing_enabled":true,"jetpack_shortlink":"https:\/\/wp.me\/p7jvdk-f9Y","jetpack-related-posts":[{"id":59068,"url":"https:\/\/blogdoprosperi.com\/?p=59068","url_meta":{"origin":58278,"position":0},"title":"Di\u00e1rio do Neymar (30\/5) \u2013  Ancelotti banca Neymar na Copa","author":"Luiz Ant\u00f4nio Pr\u00f3speri","date":"30 de maio de 2026","format":false,"excerpt":"Luiz Ant\u00f4nio Pr\u00f3speri \u2013 30 maio 2026 (10h30) \u2013 Carlo Ancelotti garante a perman\u00eancia de Neymar na Sele\u00e7\u00e3o Brasileira. T\u00e9cnico do escrete disse neste s\u00e1bado (30\/5) que n\u00e3o haver\u00e1 corte do craque. \"Neymar fica conosco. Se n\u00e3o tiver condi\u00e7\u00f5es no primeiro jogo (contra Marrocos, 13 de junho), vai para o\u2026","rel":"","context":"Em &quot;copa 2026&quot;","block_context":{"text":"copa 2026","link":"https:\/\/blogdoprosperi.com\/?cat=36820279"},"img":{"alt_text":"Neymar fica, garante Ancelotti","src":"https:\/\/i0.wp.com\/blogdoprosperi.com\/wp-content\/uploads\/2026\/05\/Captura-de-Tela-2026-05-30-as-10.47.01.png?fit=1200%2C831&ssl=1&resize=350%2C200","width":350,"height":200,"srcset":"https:\/\/i0.wp.com\/blogdoprosperi.com\/wp-content\/uploads\/2026\/05\/Captura-de-Tela-2026-05-30-as-10.47.01.png?fit=1200%2C831&ssl=1&resize=350%2C200 1x, https:\/\/i0.wp.com\/blogdoprosperi.com\/wp-content\/uploads\/2026\/05\/Captura-de-Tela-2026-05-30-as-10.47.01.png?fit=1200%2C831&ssl=1&resize=525%2C300 1.5x, https:\/\/i0.wp.com\/blogdoprosperi.com\/wp-content\/uploads\/2026\/05\/Captura-de-Tela-2026-05-30-as-10.47.01.png?fit=1200%2C831&ssl=1&resize=700%2C400 2x, https:\/\/i0.wp.com\/blogdoprosperi.com\/wp-content\/uploads\/2026\/05\/Captura-de-Tela-2026-05-30-as-10.47.01.png?fit=1200%2C831&ssl=1&resize=1050%2C600 3x"},"classes":[]},{"id":58132,"url":"https:\/\/blogdoprosperi.com\/?p=58132","url_meta":{"origin":58278,"position":1},"title":"O Tapa de Neymar","author":"Luiz Ant\u00f4nio Pr\u00f3speri","date":"6 de maio de 2026","format":false,"excerpt":"Luiz Ant\u00f4nio Pr\u00f3speri \u2013 6 maio 2026 (13h23) \u2013 Neymar tem 34 anos. Joga futebol desde os 10 anos. Robinho Jr tem 18 anos. Joga futebol desde os 12 anos. Neymar tem 250 milh\u00f5es de seguidores nas redes sociais. Robinho Jr soma 1,5 milh\u00e3o de seguidores. Os dois est\u00e3o no\u2026","rel":"","context":"Em &quot;copa 2026&quot;","block_context":{"text":"copa 2026","link":"https:\/\/blogdoprosperi.com\/?cat=36820279"},"img":{"alt_text":"","src":"https:\/\/i0.wp.com\/blogdoprosperi.com\/wp-content\/uploads\/2026\/05\/captura-de-tela-2026-05-06-as-12.52.12.png?fit=1090%2C960&ssl=1&resize=350%2C200","width":350,"height":200,"srcset":"https:\/\/i0.wp.com\/blogdoprosperi.com\/wp-content\/uploads\/2026\/05\/captura-de-tela-2026-05-06-as-12.52.12.png?fit=1090%2C960&ssl=1&resize=350%2C200 1x, https:\/\/i0.wp.com\/blogdoprosperi.com\/wp-content\/uploads\/2026\/05\/captura-de-tela-2026-05-06-as-12.52.12.png?fit=1090%2C960&ssl=1&resize=525%2C300 1.5x, https:\/\/i0.wp.com\/blogdoprosperi.com\/wp-content\/uploads\/2026\/05\/captura-de-tela-2026-05-06-as-12.52.12.png?fit=1090%2C960&ssl=1&resize=700%2C400 2x, https:\/\/i0.wp.com\/blogdoprosperi.com\/wp-content\/uploads\/2026\/05\/captura-de-tela-2026-05-06-as-12.52.12.png?fit=1090%2C960&ssl=1&resize=1050%2C600 3x"},"classes":[]},{"id":59714,"url":"https:\/\/blogdoprosperi.com\/?p=59714","url_meta":{"origin":58278,"position":2},"title":"Ancelotti: &#8220;Torcida empurra Endrick. Amanh\u00e3 teremos Neymar. Acho que a torcida vai empurrar os dois&#8221;","author":"Luiz Ant\u00f4nio Pr\u00f3speri","date":"23 de junho de 2026","format":false,"excerpt":"Luiz Ant\u00f4nio Pr\u00f3speri, dos Estados Unidos, 23 junho 2026 (22h05) Carlo Ancelotti est\u00e1 pronto a ouvir a torcida pedir por Endrick e Neymar no jogo contra a Esc\u00f3cia nesta quarta-feira (24\/6) em Miami, terceiro e \u00faltimo desafio do escrete na fase de grupos da Copa 2026. Por\u00e9m, nem Endrick nem\u2026","rel":"","context":"Em &quot;copa 2026&quot;","block_context":{"text":"copa 2026","link":"https:\/\/blogdoprosperi.com\/?cat=36820279"},"img":{"alt_text":"","src":"https:\/\/i0.wp.com\/blogdoprosperi.com\/wp-content\/uploads\/2026\/06\/brazil-hroiz.webp?fit=1200%2C675&ssl=1&resize=350%2C200","width":350,"height":200,"srcset":"https:\/\/i0.wp.com\/blogdoprosperi.com\/wp-content\/uploads\/2026\/06\/brazil-hroiz.webp?fit=1200%2C675&ssl=1&resize=350%2C200 1x, https:\/\/i0.wp.com\/blogdoprosperi.com\/wp-content\/uploads\/2026\/06\/brazil-hroiz.webp?fit=1200%2C675&ssl=1&resize=525%2C300 1.5x, https:\/\/i0.wp.com\/blogdoprosperi.com\/wp-content\/uploads\/2026\/06\/brazil-hroiz.webp?fit=1200%2C675&ssl=1&resize=700%2C400 2x, https:\/\/i0.wp.com\/blogdoprosperi.com\/wp-content\/uploads\/2026\/06\/brazil-hroiz.webp?fit=1200%2C675&ssl=1&resize=1050%2C600 3x"},"classes":[]},{"id":58299,"url":"https:\/\/blogdoprosperi.com\/?p=58299","url_meta":{"origin":58278,"position":3},"title":"Ancelotti: \u201cVejo o Vinicius como o via no Real Madrid, um jogador espetacular e uma pessoa espetacular que pode decidir uma partida sozinho&#8221;","author":"Luiz Ant\u00f4nio Pr\u00f3speri","date":"13 de maio de 2026","format":false,"excerpt":"\"Os brasileiros t\u00eam um carinho especial pela camisa amarela. Esse amor especial pela Sele\u00e7\u00e3o \u00e9 uma caracter\u00edstica muito forte do Brasil\"","rel":"","context":"Em &quot;copa 2026&quot;","block_context":{"text":"copa 2026","link":"https:\/\/blogdoprosperi.com\/?cat=36820279"},"img":{"alt_text":"Ancelotti elogia Vini Jr","src":"https:\/\/i0.wp.com\/blogdoprosperi.com\/wp-content\/uploads\/2026\/05\/carlo-ancelotti-va-ecarter-vinicius-voici-la-raison.jpg?fit=1200%2C800&ssl=1&resize=350%2C200","width":350,"height":200,"srcset":"https:\/\/i0.wp.com\/blogdoprosperi.com\/wp-content\/uploads\/2026\/05\/carlo-ancelotti-va-ecarter-vinicius-voici-la-raison.jpg?fit=1200%2C800&ssl=1&resize=350%2C200 1x, https:\/\/i0.wp.com\/blogdoprosperi.com\/wp-content\/uploads\/2026\/05\/carlo-ancelotti-va-ecarter-vinicius-voici-la-raison.jpg?fit=1200%2C800&ssl=1&resize=525%2C300 1.5x, https:\/\/i0.wp.com\/blogdoprosperi.com\/wp-content\/uploads\/2026\/05\/carlo-ancelotti-va-ecarter-vinicius-voici-la-raison.jpg?fit=1200%2C800&ssl=1&resize=700%2C400 2x, https:\/\/i0.wp.com\/blogdoprosperi.com\/wp-content\/uploads\/2026\/05\/carlo-ancelotti-va-ecarter-vinicius-voici-la-raison.jpg?fit=1200%2C800&ssl=1&resize=1050%2C600 3x"},"classes":[]},{"id":61432,"url":"https:\/\/blogdoprosperi.com\/?p=61432","url_meta":{"origin":58278,"position":4},"title":"Ancelotti decreta fim da \u2018era Neymar\u2019 e promete bancar nova gera\u00e7\u00e3o na Sele\u00e7\u00e3o Brasileira","author":"Luiz Ant\u00f4nio Pr\u00f3speri","date":"29 de julho de 2026","format":false,"excerpt":"Carlo Ancelotti decreta o fim da gera\u00e7\u00e3o Neymar na Sele\u00e7\u00e3o Brasileira. A promessa do italiano \u00e9 apostar nos meninos Estev\u00e3o, Endrick, Rayan at\u00e9 a Copa do Mundo 2030. Enfim, vem a\u00ed uma reformula\u00e7\u00e3o completa no escrete com obriga\u00e7\u00e3o de voltar a vencer e resgatar a identidade da Sele\u00e7\u00e3o. Acompanhe a\u2026","rel":"","context":"Em &quot;futebol&quot;","block_context":{"text":"futebol","link":"https:\/\/blogdoprosperi.com\/?cat=53870"},"img":{"alt_text":"","src":"https:\/\/i0.wp.com\/blogdoprosperi.com\/wp-content\/uploads\/2026\/07\/Whats_App_Image_2026_07_28_at_17_38_13_2_d339bb5322.webp?fit=1200%2C675&ssl=1&resize=350%2C200","width":350,"height":200,"srcset":"https:\/\/i0.wp.com\/blogdoprosperi.com\/wp-content\/uploads\/2026\/07\/Whats_App_Image_2026_07_28_at_17_38_13_2_d339bb5322.webp?fit=1200%2C675&ssl=1&resize=350%2C200 1x, https:\/\/i0.wp.com\/blogdoprosperi.com\/wp-content\/uploads\/2026\/07\/Whats_App_Image_2026_07_28_at_17_38_13_2_d339bb5322.webp?fit=1200%2C675&ssl=1&resize=525%2C300 1.5x, https:\/\/i0.wp.com\/blogdoprosperi.com\/wp-content\/uploads\/2026\/07\/Whats_App_Image_2026_07_28_at_17_38_13_2_d339bb5322.webp?fit=1200%2C675&ssl=1&resize=700%2C400 2x, https:\/\/i0.wp.com\/blogdoprosperi.com\/wp-content\/uploads\/2026\/07\/Whats_App_Image_2026_07_28_at_17_38_13_2_d339bb5322.webp?fit=1200%2C675&ssl=1&resize=1050%2C600 3x"},"classes":[]},{"id":61742,"url":"https:\/\/blogdoprosperi.com\/?p=61742","url_meta":{"origin":58278,"position":5},"title":"Um m\u00eas da derrota na Copa do Mundo e continuamos a falar de Neymar","author":"Luiz Ant\u00f4nio Pr\u00f3speri","date":"5 de agosto de 2026","format":false,"excerpt":"Luiz Ant\u00f4nio Pr\u00f3speri \u2013 5 agosto 2026 (12h02) New Jersey, 5 de julho 2026. Noruega 2 a 1 Brasil. Est\u00e1vamos eliminados nas oitavas de final da Copa do Mundo nos Estados Unidos. Um m\u00eas depois: Bel\u00e9m, 4 de agosto 2026. Remo 0 x 1 Santos. Clube paulista avan\u00e7a \u00e0s quartas\u2026","rel":"","context":"Em &quot;futebol&quot;","block_context":{"text":"futebol","link":"https:\/\/blogdoprosperi.com\/?cat=53870"},"img":{"alt_text":"","src":"https:\/\/i0.wp.com\/blogdoprosperi.com\/wp-content\/uploads\/2026\/08\/Captura-de-Tela-2026-08-05-as-12.15.01.png?fit=1076%2C838&ssl=1&resize=350%2C200","width":350,"height":200,"srcset":"https:\/\/i0.wp.com\/blogdoprosperi.com\/wp-content\/uploads\/2026\/08\/Captura-de-Tela-2026-08-05-as-12.15.01.png?fit=1076%2C838&ssl=1&resize=350%2C200 1x, https:\/\/i0.wp.com\/blogdoprosperi.com\/wp-content\/uploads\/2026\/08\/Captura-de-Tela-2026-08-05-as-12.15.01.png?fit=1076%2C838&ssl=1&resize=525%2C300 1.5x, https:\/\/i0.wp.com\/blogdoprosperi.com\/wp-content\/uploads\/2026\/08\/Captura-de-Tela-2026-08-05-as-12.15.01.png?fit=1076%2C838&ssl=1&resize=700%2C400 2x, https:\/\/i0.wp.com\/blogdoprosperi.com\/wp-content\/uploads\/2026\/08\/Captura-de-Tela-2026-08-05-as-12.15.01.png?fit=1076%2C838&ssl=1&resize=1050%2C600 3x"},"classes":[]}],"jetpack_featured_media_url":"https:\/\/i0.wp.com\/blogdoprosperi.com\/wp-content\/uploads\/2025\/09\/54761977377_e33290c7f9_c.jpg?fit=800%2C551&ssl=1","_links":{"self":[{"href":"https:\/\/blogdoprosperi.com\/index.php?rest_route=\/wp\/v2\/posts\/58278","targetHints":{"allow":["GET"]}}],"collection":[{"href":"https:\/\/blogdoprosperi.com\/index.php?rest_route=\/wp\/v2\/posts"}],"about":[{"href":"https:\/\/blogdoprosperi.com\/index.php?rest_route=\/wp\/v2\/types\/post"}],"author":[{"embeddable":true,"href":"https:\/\/blogdoprosperi.com\/index.php?rest_route=\/wp\/v2\/users\/102107496"}],"replies":[{"embeddable":true,"href":"https:\/\/blogdoprosperi.com\/index.php?rest_route=%2Fwp%2Fv2%2Fcomments&post=58278"}],"version-history":[{"count":4,"href":"https:\/\/blogdoprosperi.com\/index.php?rest_route=\/wp\/v2\/posts\/58278\/revisions"}],"predecessor-version":[{"id":58293,"href":"https:\/\/blogdoprosperi.com\/index.php?rest_route=\/wp\/v2\/posts\/58278\/revisions\/58293"}],"wp:featuredmedia":[{"embeddable":true,"href":"https:\/\/blogdoprosperi.com\/index.php?rest_route=\/wp\/v2\/media\/54824"}],"wp:attachment":[{"href":"https:\/\/blogdoprosperi.com\/index.php?rest_route=%2Fwp%2Fv2%2Fmedia&parent=58278"}],"wp:term":[{"taxonomy":"category","embeddable":true,"href":"https:\/\/blogdoprosperi.com\/index.php?rest_route=%2Fwp%2Fv2%2Fcategories&post=58278"},{"taxonomy":"post_tag","embeddable":true,"href":"https:\/\/blogdoprosperi.com\/index.php?rest_route=%2Fwp%2Fv2%2Ftags&post=58278"}],"curies":[{"name":"wp","href":"https:\/\/api.w.org\/{rel}","templated":true}]}}