{"id":58362,"date":"2026-05-16T12:14:57","date_gmt":"2026-05-16T15:14:57","guid":{"rendered":"https:\/\/blogdoprosperi.com\/?p=58362"},"modified":"2026-05-16T12:14:57","modified_gmt":"2026-05-16T15:14:57","slug":"shakira-lanca-dai-dai-a-musica-oficial-da-copa-do-mundo-2026","status":"publish","type":"post","link":"https:\/\/blogdoprosperi.com\/?p=58362","title":{"rendered":"Shakira lan\u00e7a &#8220;Dai Dai&#8221;, a m\u00fasica oficial da Copa do Mundo 2026"},"content":{"rendered":"<div class=\"\">\n<div class=\"container ff-pb-48 ff-px-0\">\n<div class=\"col-lg-12\">\n<div>\n<div class=\"react-dropdown-select fc-language-selector_dropdown__c3HTt css-16vukcu e1gzf2xs0\" role=\"combobox\" aria-label=\"Seletor de idioma\" aria-expanded=\"false\" aria-haspopup=\"listbox\">\n<div class=\"react-dropdown-select-content react-dropdown-select-type-single css-1m5113o e1gn6jc30\">\n<div class=\"link ff-mb-0 ff-cursor-pointer\"><\/div>\n<\/div>\n<div class=\"react-dropdown-select-dropdown-handle css-ago8sv e1vudypg0\">Shakira emplaca mais uma m\u00fasica oficial da Copa do Mundo. &#8220;Dai Dai&#8221;, em parceria com Burna Boy, deve arrecadar US$ 100 milh\u00f5es at\u00e9 o final do torneio, informa a Fifa em seu boletim oficial. Acompanhe:<\/div>\n<div><\/div>\n<div><div class=\"jetpack-video-wrapper\"><span class=\"embed-youtube\" style=\"text-align:center; display: block;\"><iframe loading=\"lazy\" class=\"youtube-player\" width=\"560\" height=\"315\" src=\"https:\/\/www.youtube.com\/embed\/JYuHgBZaFu4?version=3&#038;rel=1&#038;showsearch=0&#038;showinfo=1&#038;iv_load_policy=1&#038;fs=1&#038;hl=pt-BR&#038;autohide=2&#038;wmode=transparent\" allowfullscreen=\"true\" style=\"border:0;\" sandbox=\"allow-scripts allow-same-origin allow-popups allow-presentation allow-popups-to-escape-sandbox\"><\/iframe><\/span><\/div><\/div>\n<div><\/div>\n<\/div>\n<\/div>\n<\/div>\n<\/div>\n<\/div>\n<div>\n<div class=\"rich-text-module_richTextContainer__PuOgN ff-rich-text-new_richTextContainer__q5QcB\">\n<div>\n<div class=\"\">\n<div class=\"ff-rich-text-new_richTextListItem__PE_lb\">\n<ul>\n<li class=\"rich-text-module_li__cza1T\">\n<div class=\"ff-text-grey-slate\">\n<p class=\"rich-text-module_p__zIItW\"><i><b><span dir=\"auto\">Dai Dai\u00a0<\/span><\/b><\/i><b><span dir=\"auto\"> re\u00fane os sons e a energia globais de Shakira e Burna Boy em uma vibrante celebra\u00e7\u00e3o do futebol, da cultura e da uni\u00e3o.<\/span><\/b><\/p>\n<\/div>\n<\/li>\n<\/ul>\n<\/div>\n<div class=\"ff-rich-text-new_richTextListItem__PE_lb\">\n<ul>\n<li class=\"rich-text-module_li__cza1T\">\n<div class=\"ff-text-grey-slate\">\n<p class=\"rich-text-module_p__zIItW\"><b><span dir=\"auto\">Os direitos autorais da m\u00fasica ser\u00e3o destinados ao Fundo de Educa\u00e7\u00e3o Global da FIFA.<\/span><\/b><\/p>\n<\/div>\n<\/li>\n<\/ul>\n<\/div>\n<div class=\"ff-rich-text-new_richTextListItem__PE_lb\">\n<ul>\n<li class=\"rich-text-module_li__cza1T\">\n<div class=\"ff-text-grey-slate\">\n<p class=\"rich-text-module_p__zIItW\"><b><span dir=\"auto\">A m\u00fasica j\u00e1 est\u00e1 dispon\u00edvel em todas as principais plataformas de streaming.<\/span><\/b><\/p>\n<\/div>\n<\/li>\n<\/ul>\n<\/div>\n<\/div>\n<div class=\"ff-text-grey-slate\">\n<p class=\"rich-text-module_p__zIItW\"><span dir=\"auto\"> Hoje, a expectativa para a <\/span><span dir=\"auto\">Copa do Mundo da FIFA 2026\u2122 <\/span><span dir=\"auto\">continua a crescer com o lan\u00e7amento de <\/span><i><span dir=\"auto\">Dai Dai<\/span><\/i><span dir=\"auto\"> , com participa\u00e7\u00e3o de Shakira e Burna Boy pela Sony Music Latin. Dispon\u00edvel agora em <\/span><span dir=\"auto\">todas as principais plataformas de streaming, <\/span><span dir=\"auto\">a m\u00fasica captura a energia, a paix\u00e3o e o esp\u00edrito global que definir\u00e3o o maior espet\u00e1culo da Terra.<\/span><\/p>\n<\/div>\n<div class=\"ff-text-grey-slate\">\n<p class=\"rich-text-module_p__zIItW\"><i><span dir=\"auto\">Dai Dai<\/span><\/i><span dir=\"auto\"> ser\u00e1 a m\u00fasica oficial <\/span><span dir=\"auto\">da Copa do Mundo da FIFA 2026\u2122 <\/span><span dir=\"auto\">em apoio ao <\/span><a href=\"https:\/\/www.globalcitizen.org\/en\/projects\/fifa-global-citizen-education-fund\/\"><span dir=\"auto\">Fundo Global de Educa\u00e7\u00e3o Cidad\u00e3 da FIFA <\/span><\/a><span dir=\"auto\">, que visa arrecadar US$ 100 milh\u00f5es at\u00e9 o final do torneio para proporcionar \u00e0s crian\u00e7as de todo o mundo acesso \u00e0 educa\u00e7\u00e3o de qualidade e oportunidades no futebol.<\/span><\/p>\n<\/div>\n<div class=\"ff-text-grey-slate\">\n<p class=\"rich-text-module_p__zIItW\"><span dir=\"auto\">Shakira est\u00e1 em parceria com a Global Citizen e a FIFA para proporcionar acesso \u00e0 educa\u00e7\u00e3o para crian\u00e7as em comunidades carentes. Os direitos autorais da m\u00fasica &#8221; <\/span><i><span dir=\"auto\">Dai Dai&#8221;<\/span><\/i><span dir=\"auto\"> ser\u00e3o doados ao Fundo de Educa\u00e7\u00e3o, e a Sony Music igualar\u00e1 os primeiros US$ 250.000 arrecadados com uma doa\u00e7\u00e3o.<\/span><\/p>\n<\/div>\n<div class=\"undefined\">\n<div class=\" undefined test\">\n<div id=\"6wZFQfesevBEh8hz8LVyL92300e714-8eb1-42b6-986c-733d4d04703e\" class=\"ff-pt-16 ff-pb-32 ff-social-media-embed_socialMedia__TGkqG ff-social-media-embed_fluidWidthPost__89mWg\">\n<blockquote class=\"instagram-media\" data-instgrm-captioned data-instgrm-permalink=\"https:\/\/www.instagram.com\/p\/DYVpm9RsScS\/?utm_source=ig_embed&amp;utm_campaign=loading\" data-instgrm-version=\"14\" style=\" background:#FFF; border:0; border-radius:3px; box-shadow:0 0 1px 0 rgba(0,0,0,0.5),0 1px 10px 0 rgba(0,0,0,0.15); margin: 1px; max-width:658px; min-width:326px; padding:0; width:99.375%; width:-webkit-calc(100% - 2px); width:calc(100% - 2px);\">\n<div style=\"padding:16px;\"> <a href=\"https:\/\/www.instagram.com\/p\/DYVpm9RsScS\/?utm_source=ig_embed&amp;utm_campaign=loading\" style=\" background:#FFFFFF; line-height:0; padding:0 0; text-align:center; text-decoration:none; width:100%;\" target=\"_blank\"> <\/p>\n<div style=\" display: flex; flex-direction: row; align-items: center;\">\n<div style=\"background-color: #F4F4F4; border-radius: 50%; flex-grow: 0; height: 40px; margin-right: 14px; width: 40px;\"><\/div>\n<div style=\"display: flex; flex-direction: column; flex-grow: 1; justify-content: center;\">\n<div style=\" background-color: #F4F4F4; border-radius: 4px; flex-grow: 0; height: 14px; margin-bottom: 6px; width: 100px;\"><\/div>\n<div style=\" background-color: #F4F4F4; border-radius: 4px; flex-grow: 0; height: 14px; width: 60px;\"><\/div>\n<\/div>\n<\/div>\n<div style=\"padding: 19% 0;\"><\/div>\n<div style=\"display:block; height:50px; margin:0 auto 12px; width:50px;\"><svg width=\"50px\" height=\"50px\" viewBox=\"0 0 60 60\" version=\"1.1\" xmlns=\"https:\/\/www.w3.org\/2000\/svg\" xmlns:xlink=\"https:\/\/www.w3.org\/1999\/xlink\"><g stroke=\"none\" stroke-width=\"1\" fill=\"none\" fill-rule=\"evenodd\"><g transform=\"translate(-511.000000, -20.000000)\" fill=\"#000000\"><g><path d=\"M556.869,30.41 C554.814,30.41 553.148,32.076 553.148,34.131 C553.148,36.186 554.814,37.852 556.869,37.852 C558.924,37.852 560.59,36.186 560.59,34.131 C560.59,32.076 558.924,30.41 556.869,30.41 M541,60.657 C535.114,60.657 530.342,55.887 530.342,50 C530.342,44.114 535.114,39.342 541,39.342 C546.887,39.342 551.658,44.114 551.658,50 C551.658,55.887 546.887,60.657 541,60.657 M541,33.886 C532.1,33.886 524.886,41.1 524.886,50 C524.886,58.899 532.1,66.113 541,66.113 C549.9,66.113 557.115,58.899 557.115,50 C557.115,41.1 549.9,33.886 541,33.886 M565.378,62.101 C565.244,65.022 564.756,66.606 564.346,67.663 C563.803,69.06 563.154,70.057 562.106,71.106 C561.058,72.155 560.06,72.803 558.662,73.347 C557.607,73.757 556.021,74.244 553.102,74.378 C549.944,74.521 548.997,74.552 541,74.552 C533.003,74.552 532.056,74.521 528.898,74.378 C525.979,74.244 524.393,73.757 523.338,73.347 C521.94,72.803 520.942,72.155 519.894,71.106 C518.846,70.057 518.197,69.06 517.654,67.663 C517.244,66.606 516.755,65.022 516.623,62.101 C516.479,58.943 516.448,57.996 516.448,50 C516.448,42.003 516.479,41.056 516.623,37.899 C516.755,34.978 517.244,33.391 517.654,32.338 C518.197,30.938 518.846,29.942 519.894,28.894 C520.942,27.846 521.94,27.196 523.338,26.654 C524.393,26.244 525.979,25.756 528.898,25.623 C532.057,25.479 533.004,25.448 541,25.448 C548.997,25.448 549.943,25.479 553.102,25.623 C556.021,25.756 557.607,26.244 558.662,26.654 C560.06,27.196 561.058,27.846 562.106,28.894 C563.154,29.942 563.803,30.938 564.346,32.338 C564.756,33.391 565.244,34.978 565.378,37.899 C565.522,41.056 565.552,42.003 565.552,50 C565.552,57.996 565.522,58.943 565.378,62.101 M570.82,37.631 C570.674,34.438 570.167,32.258 569.425,30.349 C568.659,28.377 567.633,26.702 565.965,25.035 C564.297,23.368 562.623,22.342 560.652,21.575 C558.743,20.834 556.562,20.326 553.369,20.18 C550.169,20.033 549.148,20 541,20 C532.853,20 531.831,20.033 528.631,20.18 C525.438,20.326 523.257,20.834 521.349,21.575 C519.376,22.342 517.703,23.368 516.035,25.035 C514.368,26.702 513.342,28.377 512.574,30.349 C511.834,32.258 511.326,34.438 511.181,37.631 C511.035,40.831 511,41.851 511,50 C511,58.147 511.035,59.17 511.181,62.369 C511.326,65.562 511.834,67.743 512.574,69.651 C513.342,71.625 514.368,73.296 516.035,74.965 C517.703,76.634 519.376,77.658 521.349,78.425 C523.257,79.167 525.438,79.673 528.631,79.82 C531.831,79.965 532.853,80.001 541,80.001 C549.148,80.001 550.169,79.965 553.369,79.82 C556.562,79.673 558.743,79.167 560.652,78.425 C562.623,77.658 564.297,76.634 565.965,74.965 C567.633,73.296 568.659,71.625 569.425,69.651 C570.167,67.743 570.674,65.562 570.82,62.369 C570.966,59.17 571,58.147 571,50 C571,41.851 570.966,40.831 570.82,37.631\"><\/path><\/g><\/g><\/g><\/svg><\/div>\n<div style=\"padding-top: 8px;\">\n<div style=\" color:#3897f0; font-family:Arial,sans-serif; font-size:14px; font-style:normal; font-weight:550; line-height:18px;\">View this post on Instagram<\/div>\n<\/div>\n<div style=\"padding: 12.5% 0;\"><\/div>\n<div style=\"display: flex; flex-direction: row; margin-bottom: 14px; align-items: center;\">\n<div>\n<div style=\"background-color: #F4F4F4; border-radius: 50%; height: 12.5px; width: 12.5px; transform: translateX(0px) translateY(7px);\"><\/div>\n<div style=\"background-color: #F4F4F4; height: 12.5px; transform: rotate(-45deg) translateX(3px) translateY(1px); width: 12.5px; flex-grow: 0; margin-right: 14px; margin-left: 2px;\"><\/div>\n<div style=\"background-color: #F4F4F4; border-radius: 50%; height: 12.5px; width: 12.5px; transform: translateX(9px) translateY(-18px);\"><\/div>\n<\/div>\n<div style=\"margin-left: 8px;\">\n<div style=\" background-color: #F4F4F4; border-radius: 50%; flex-grow: 0; height: 20px; width: 20px;\"><\/div>\n<div style=\" width: 0; height: 0; border-top: 2px solid transparent; border-left: 6px solid #f4f4f4; border-bottom: 2px solid transparent; transform: translateX(16px) translateY(-4px) rotate(30deg)\"><\/div>\n<\/div>\n<div style=\"margin-left: auto;\">\n<div style=\" width: 0px; border-top: 8px solid #F4F4F4; border-right: 8px solid transparent; transform: translateY(16px);\"><\/div>\n<div style=\" background-color: #F4F4F4; flex-grow: 0; height: 12px; width: 16px; transform: translateY(-4px);\"><\/div>\n<div style=\" width: 0; height: 0; border-top: 8px solid #F4F4F4; border-left: 8px solid transparent; transform: translateY(-4px) translateX(8px);\"><\/div>\n<\/div>\n<\/div>\n<div style=\"display: flex; flex-direction: column; flex-grow: 1; justify-content: center; margin-bottom: 24px;\">\n<div style=\" background-color: #F4F4F4; border-radius: 4px; flex-grow: 0; height: 14px; margin-bottom: 6px; width: 224px;\"><\/div>\n<div style=\" background-color: #F4F4F4; border-radius: 4px; flex-grow: 0; height: 14px; width: 144px;\"><\/div>\n<\/div>\n<p><\/a><\/div>\n<\/blockquote>\n<p><script async src=\"\/\/platform.instagram.com\/en_US\/embeds.js\"><\/script><\/p>\n<\/div>\n<\/div>\n<\/div>\n<div class=\"ff-text-grey-slate\">\n<p class=\"rich-text-module_p__zIItW\"><a href=\"https:\/\/inside.fifa.com\/organisation\/media-releases\/madonna-shakira-bts-headline-historic-world-cup-2026-final-halftime-show\"><span dir=\"auto\">Shakira tamb\u00e9m ser\u00e1 uma das atra\u00e7\u00f5es principais do show do intervalo da final da Copa do Mundo da FIFA 2026\u2122 <\/span><\/a><span dir=\"auto\">no domingo, 19 de julho. Marcando um feito hist\u00f3rico para a <\/span><span dir=\"auto\">Copa do Mundo da FIFA\u2122 <\/span><span dir=\"auto\">, a final contar\u00e1 com um show no intervalo, reunindo artistas globais para um momento singular na interse\u00e7\u00e3o de esporte, cultura e prop\u00f3sito, em apoio ao <\/span><span dir=\"auto\">Fundo de Educa\u00e7\u00e3o para Cidadania Global da FIFA <\/span><span dir=\"auto\">.<\/span><\/p>\n<\/div>\n<div class=\"ff-text-grey-slate\">\n<p class=\"rich-text-module_p__zIItW\"><span dir=\"auto\">Ap\u00f3s o lan\u00e7amento de <\/span><i><a href=\"https:\/\/inside.fifa.com\/tournaments\/mens\/worldcup\/canadamexicousa2026\/media-releases\/official-world-cup-2026-album-lighter-jelly-roll-carin-leon-cirkut\"><span dir=\"auto\">Lighter<\/span><\/a><\/i><span dir=\"auto\"> , <\/span><i><a href=\"https:\/\/www.fifa.com\/en\/tournaments\/mens\/worldcup\/canadamexicousa2026\/articles\/por-ella-los-angeles-azules-belinda-released-as-second-single-of-album\"><span dir=\"auto\">Por Ella<\/span><\/a><\/i><span dir=\"auto\"> , <\/span><i><a href=\"https:\/\/inside.fifa.com\/organisation\/media-releases\/daddy-yankee-shenseea-echo-third-single-fifa-world-cup-2026-album\"><span dir=\"auto\">Echo<\/span><\/a><\/i><span dir=\"auto\"> e <\/span><i><a href=\"https:\/\/inside.fifa.com\/organisation\/media-releases\/jessie-reyez-elyanna-illuminate-fourth-single-official-fifa-world-cup-2026-album\"><span dir=\"auto\">Illuminate<\/span><\/a><\/i><span dir=\"auto\"> , o \u00e1lbum oficial da Copa do Mundo da FIFA 2026\u2122 continuar\u00e1 a ser revelado nas pr\u00f3ximas semanas, com o lan\u00e7amento de novos singles \u00e0 medida que a expectativa para o torneio aumenta. Com artistas de diversos continentes, g\u00eaneros e culturas, a trilha sonora em constante crescimento reflete o esp\u00edrito global e a diversidade da <\/span><span dir=\"auto\">Copa do Mundo da FIFA\u2122 <\/span><span dir=\"auto\">, unindo os f\u00e3s atrav\u00e9s das linguagens universais da m\u00fasica e do futebol.<\/span><\/p>\n<\/div>\n<\/div>\n<\/div>\n<\/div>\n","protected":false},"excerpt":{"rendered":"<p>Shakira emplaca mais uma m\u00fasica oficial da Copa do Mundo. &#8220;Dai Dai&#8221;, em parceria com Burna Boy, deve [&hellip;]<\/p>\n","protected":false},"author":102107496,"featured_media":58364,"comment_status":"open","ping_status":"open","sticky":false,"template":"","format":"standard","meta":{"_coblocks_attr":"","_coblocks_dimensions":"","_coblocks_responsive_height":"","_coblocks_accordion_ie_support":"","_jetpack_newsletter_access":"","_jetpack_dont_email_post_to_subs":false,"_jetpack_newsletter_tier_id":0,"_jetpack_memberships_contains_paywalled_content":false,"_wpcom_ai_launchpad_first_post":false,"_jetpack_feature_clip_id":0,"_jetpack_memberships_contains_paid_content":false,"footnotes":"","jetpack_publicize_message":"","jetpack_publicize_feature_enabled":true,"jetpack_social_post_already_shared":false,"jetpack_social_options":{"image_generator_settings":{"template":"highway","default_image_id":0,"font":"","enabled":false},"version":2},"jetpack_post_was_ever_published":false},"categories":[36820279,53870],"tags":[569949222,2045715,789419375,38662],"class_list":["post-58362","post","type-post","status-publish","format-standard","has-post-thumbnail","hentry","category-copa-2026","category-futebol","tag-copa2026","tag-daidai","tag-musicacopa2026","tag-shakira"],"yoast_head":"<!-- This site is optimized with the Yoast SEO plugin v28.3 - https:\/\/yoast.com\/product\/yoast-seo-wordpress\/ -->\n<title>Shakira lan\u00e7a &quot;Dai Dai&quot;, a m\u00fasica oficial da Copa do Mundo 2026 - PR\u00d3SPERI NEWS<\/title>\n<meta name=\"robots\" content=\"index, follow, max-snippet:-1, max-image-preview:large, max-video-preview:-1\" \/>\n<link rel=\"canonical\" href=\"https:\/\/blogdoprosperi.com\/?p=58362\" \/>\n<meta property=\"og:locale\" content=\"pt_BR\" \/>\n<meta property=\"og:type\" content=\"article\" \/>\n<meta property=\"og:title\" content=\"Shakira lan\u00e7a &quot;Dai Dai&quot;, a m\u00fasica oficial da Copa do Mundo 2026 - PR\u00d3SPERI NEWS\" \/>\n<meta property=\"og:description\" content=\"Shakira emplaca mais uma m\u00fasica oficial da Copa do Mundo. &#8220;Dai Dai&#8221;, em parceria com Burna Boy, deve [&hellip;]\" \/>\n<meta property=\"og:url\" content=\"https:\/\/blogdoprosperi.com\/?p=58362\" \/>\n<meta property=\"og:site_name\" content=\"PR\u00d3SPERI NEWS\" \/>\n<meta property=\"article:publisher\" content=\"Luiz Pr\u00f3speri\" \/>\n<meta property=\"article:author\" content=\"Luiz Pr\u00f3speri\" \/>\n<meta property=\"article:published_time\" content=\"2026-05-16T15:14:57+00:00\" \/>\n<meta property=\"og:image\" content=\"https:\/\/i0.wp.com\/blogdoprosperi.com\/wp-content\/uploads\/2026\/05\/captura-de-tela-2026-05-16-as-11.58.12.png?fit=2268%2C1258&ssl=1\" \/>\n\t<meta property=\"og:image:width\" content=\"2268\" \/>\n\t<meta property=\"og:image:height\" content=\"1258\" \/>\n\t<meta property=\"og:image:type\" content=\"image\/png\" \/>\n<meta name=\"author\" content=\"Luiz Ant\u00f4nio Pr\u00f3speri\" \/>\n<meta name=\"twitter:card\" content=\"summary_large_image\" \/>\n<meta name=\"twitter:creator\" content=\"@Luizprosperi\" \/>\n<meta name=\"twitter:site\" content=\"@Luizprosperi\" \/>\n<meta name=\"twitter:label1\" content=\"Escrito por\" \/>\n\t<meta name=\"twitter:data1\" content=\"Luiz Ant\u00f4nio Pr\u00f3speri\" \/>\n\t<meta name=\"twitter:label2\" content=\"Est. tempo de leitura\" \/>\n\t<meta name=\"twitter:data2\" content=\"2 minutos\" \/>\n<script type=\"application\/ld+json\" class=\"yoast-schema-graph\">{\"@context\":\"https:\\\/\\\/schema.org\",\"@graph\":[{\"@type\":\"Article\",\"@id\":\"https:\\\/\\\/blogdoprosperi.com\\\/?p=58362#article\",\"isPartOf\":{\"@id\":\"https:\\\/\\\/blogdoprosperi.com\\\/?p=58362\"},\"author\":{\"name\":\"Luiz Ant\u00f4nio Pr\u00f3speri\",\"@id\":\"https:\\\/\\\/blogdoprosperi.com\\\/#\\\/schema\\\/person\\\/38100755ce3601861ee4fab9b5aa78e9\"},\"headline\":\"Shakira lan\u00e7a &#8220;Dai Dai&#8221;, a m\u00fasica oficial da Copa do Mundo 2026\",\"datePublished\":\"2026-05-16T15:14:57+00:00\",\"mainEntityOfPage\":{\"@id\":\"https:\\\/\\\/blogdoprosperi.com\\\/?p=58362\"},\"wordCount\":462,\"commentCount\":0,\"publisher\":{\"@id\":\"https:\\\/\\\/blogdoprosperi.com\\\/#\\\/schema\\\/person\\\/38100755ce3601861ee4fab9b5aa78e9\"},\"image\":{\"@id\":\"https:\\\/\\\/blogdoprosperi.com\\\/?p=58362#primaryimage\"},\"thumbnailUrl\":\"https:\\\/\\\/i0.wp.com\\\/blogdoprosperi.com\\\/wp-content\\\/uploads\\\/2026\\\/05\\\/captura-de-tela-2026-05-16-as-11.58.12.png?fit=2268%2C1258&ssl=1\",\"keywords\":[\"Copa2026\",\"daidai\",\"m\u00fasicacopa2026\",\"shakira\"],\"articleSection\":[\"copa 2026\",\"futebol\"],\"inLanguage\":\"pt-BR\",\"potentialAction\":[{\"@type\":\"CommentAction\",\"name\":\"Comment\",\"target\":[\"https:\\\/\\\/blogdoprosperi.com\\\/?p=58362#respond\"]}]},{\"@type\":\"WebPage\",\"@id\":\"https:\\\/\\\/blogdoprosperi.com\\\/?p=58362\",\"url\":\"https:\\\/\\\/blogdoprosperi.com\\\/?p=58362\",\"name\":\"Shakira lan\u00e7a \\\"Dai Dai\\\", a m\u00fasica oficial da Copa do Mundo 2026 - PR\u00d3SPERI NEWS\",\"isPartOf\":{\"@id\":\"https:\\\/\\\/blogdoprosperi.com\\\/#website\"},\"primaryImageOfPage\":{\"@id\":\"https:\\\/\\\/blogdoprosperi.com\\\/?p=58362#primaryimage\"},\"image\":{\"@id\":\"https:\\\/\\\/blogdoprosperi.com\\\/?p=58362#primaryimage\"},\"thumbnailUrl\":\"https:\\\/\\\/i0.wp.com\\\/blogdoprosperi.com\\\/wp-content\\\/uploads\\\/2026\\\/05\\\/captura-de-tela-2026-05-16-as-11.58.12.png?fit=2268%2C1258&ssl=1\",\"datePublished\":\"2026-05-16T15:14:57+00:00\",\"breadcrumb\":{\"@id\":\"https:\\\/\\\/blogdoprosperi.com\\\/?p=58362#breadcrumb\"},\"inLanguage\":\"pt-BR\",\"potentialAction\":[{\"@type\":\"ReadAction\",\"target\":[\"https:\\\/\\\/blogdoprosperi.com\\\/?p=58362\"]}]},{\"@type\":\"ImageObject\",\"inLanguage\":\"pt-BR\",\"@id\":\"https:\\\/\\\/blogdoprosperi.com\\\/?p=58362#primaryimage\",\"url\":\"https:\\\/\\\/i0.wp.com\\\/blogdoprosperi.com\\\/wp-content\\\/uploads\\\/2026\\\/05\\\/captura-de-tela-2026-05-16-as-11.58.12.png?fit=2268%2C1258&ssl=1\",\"contentUrl\":\"https:\\\/\\\/i0.wp.com\\\/blogdoprosperi.com\\\/wp-content\\\/uploads\\\/2026\\\/05\\\/captura-de-tela-2026-05-16-as-11.58.12.png?fit=2268%2C1258&ssl=1\",\"width\":2268,\"height\":1258,\"caption\":\"imagem Fifa oficial\"},{\"@type\":\"BreadcrumbList\",\"@id\":\"https:\\\/\\\/blogdoprosperi.com\\\/?p=58362#breadcrumb\",\"itemListElement\":[{\"@type\":\"ListItem\",\"position\":1,\"name\":\"In\u00edcio\",\"item\":\"https:\\\/\\\/blogdoprosperi.com\\\/\"},{\"@type\":\"ListItem\",\"position\":2,\"name\":\"Shakira lan\u00e7a &#8220;Dai Dai&#8221;, a m\u00fasica oficial da Copa do Mundo 2026\"}]},{\"@type\":\"WebSite\",\"@id\":\"https:\\\/\\\/blogdoprosperi.com\\\/#website\",\"url\":\"https:\\\/\\\/blogdoprosperi.com\\\/\",\"name\":\"PR\u00d3SPERI NEWS\",\"description\":\"TUDO \u00c9  FUTEBOL\",\"publisher\":{\"@id\":\"https:\\\/\\\/blogdoprosperi.com\\\/#\\\/schema\\\/person\\\/38100755ce3601861ee4fab9b5aa78e9\"},\"alternateName\":\"blogdoprosperi.com\",\"potentialAction\":[{\"@type\":\"SearchAction\",\"target\":{\"@type\":\"EntryPoint\",\"urlTemplate\":\"https:\\\/\\\/blogdoprosperi.com\\\/?s={search_term_string}\"},\"query-input\":{\"@type\":\"PropertyValueSpecification\",\"valueRequired\":true,\"valueName\":\"search_term_string\"}}],\"inLanguage\":\"pt-BR\"},{\"@type\":[\"Person\",\"Organization\"],\"@id\":\"https:\\\/\\\/blogdoprosperi.com\\\/#\\\/schema\\\/person\\\/38100755ce3601861ee4fab9b5aa78e9\",\"name\":\"Luiz Ant\u00f4nio Pr\u00f3speri\",\"pronouns\":\"ele\",\"image\":{\"@type\":\"ImageObject\",\"inLanguage\":\"pt-BR\",\"@id\":\"https:\\\/\\\/i0.wp.com\\\/blogdoprosperi.com\\\/wp-content\\\/uploads\\\/2026\\\/05\\\/cropped-8059e613-6002-42fa-961e-8e275f575d71-2-5.jpg?fit=1360%2C931&ssl=1\",\"url\":\"https:\\\/\\\/i0.wp.com\\\/blogdoprosperi.com\\\/wp-content\\\/uploads\\\/2026\\\/05\\\/cropped-8059e613-6002-42fa-961e-8e275f575d71-2-5.jpg?fit=1360%2C931&ssl=1\",\"contentUrl\":\"https:\\\/\\\/i0.wp.com\\\/blogdoprosperi.com\\\/wp-content\\\/uploads\\\/2026\\\/05\\\/cropped-8059e613-6002-42fa-961e-8e275f575d71-2-5.jpg?fit=1360%2C931&ssl=1\",\"width\":1360,\"height\":931,\"caption\":\"Luiz Ant\u00f4nio Pr\u00f3speri\"},\"logo\":{\"@id\":\"https:\\\/\\\/i0.wp.com\\\/blogdoprosperi.com\\\/wp-content\\\/uploads\\\/2026\\\/05\\\/cropped-8059e613-6002-42fa-961e-8e275f575d71-2-5.jpg?fit=1360%2C931&ssl=1\"},\"description\":\"Jornalista com carreira dedicada ao esporte. Cobriu 9 Copas do Mundo in loco, 1990 na It\u00e1lia, 1994 nos EUA, 1998 na Fran\u00e7a, 2002 na Coreia do Sul e Jap\u00e3o, 2006 na Alemanha, 2010 na \u00c1frica do Sul, 2014 no Brasil, 2018 na R\u00fassia e 2022 no Qatar. Eurocopas, 1992 na Su\u00e9cia e 1996 na Inglaterra. Copa das Confedera\u00e7\u00f5es de 2005 na Alemanha e 2009 na \u00c1frica do Sul. Rep\u00f3rter e Editor, trabalhou no Jornal da Tarde e Estad\u00e3o, de 1984 a fevereiro de 2016. Colunista, blogueiro. E comentarista de futebol na R\u00e1dio Estad\u00e3o, de 2013 a fevereiro de 2016. Jornalista respons\u00e1vel do \\\"Pr\u00f3speri News\\\" (blogdoprosperi.com).\",\"sameAs\":[\"http:\\\/\\\/blogdoprosperi.com\",\"Luiz Pr\u00f3speri\",\"@luiz_prosperi\",\"https:\\\/\\\/x.com\\\/Luizprosperi\",\"@prosperinacopa\",\"luiz.prosperi@icloud.com\"],\"url\":\"https:\\\/\\\/blogdoprosperi.com\\\/?author=102107496\"}]}<\/script>\n<!-- \/ Yoast SEO plugin. -->","yoast_head_json":{"title":"Shakira lan\u00e7a \"Dai Dai\", a m\u00fasica oficial da Copa do Mundo 2026 - PR\u00d3SPERI NEWS","robots":{"index":"index","follow":"follow","max-snippet":"max-snippet:-1","max-image-preview":"max-image-preview:large","max-video-preview":"max-video-preview:-1"},"canonical":"https:\/\/blogdoprosperi.com\/?p=58362","og_locale":"pt_BR","og_type":"article","og_title":"Shakira lan\u00e7a \"Dai Dai\", a m\u00fasica oficial da Copa do Mundo 2026 - PR\u00d3SPERI NEWS","og_description":"Shakira emplaca mais uma m\u00fasica oficial da Copa do Mundo. &#8220;Dai Dai&#8221;, em parceria com Burna Boy, deve [&hellip;]","og_url":"https:\/\/blogdoprosperi.com\/?p=58362","og_site_name":"PR\u00d3SPERI NEWS","article_publisher":"Luiz Pr\u00f3speri","article_author":"Luiz Pr\u00f3speri","article_published_time":"2026-05-16T15:14:57+00:00","og_image":[{"width":2268,"height":1258,"url":"https:\/\/i0.wp.com\/blogdoprosperi.com\/wp-content\/uploads\/2026\/05\/captura-de-tela-2026-05-16-as-11.58.12.png?fit=2268%2C1258&ssl=1","type":"image\/png"}],"author":"Luiz Ant\u00f4nio Pr\u00f3speri","twitter_card":"summary_large_image","twitter_creator":"@Luizprosperi","twitter_site":"@Luizprosperi","twitter_misc":{"Escrito por":"Luiz Ant\u00f4nio Pr\u00f3speri","Est. tempo de leitura":"2 minutos"},"schema":{"@context":"https:\/\/schema.org","@graph":[{"@type":"Article","@id":"https:\/\/blogdoprosperi.com\/?p=58362#article","isPartOf":{"@id":"https:\/\/blogdoprosperi.com\/?p=58362"},"author":{"name":"Luiz Ant\u00f4nio Pr\u00f3speri","@id":"https:\/\/blogdoprosperi.com\/#\/schema\/person\/38100755ce3601861ee4fab9b5aa78e9"},"headline":"Shakira lan\u00e7a &#8220;Dai Dai&#8221;, a m\u00fasica oficial da Copa do Mundo 2026","datePublished":"2026-05-16T15:14:57+00:00","mainEntityOfPage":{"@id":"https:\/\/blogdoprosperi.com\/?p=58362"},"wordCount":462,"commentCount":0,"publisher":{"@id":"https:\/\/blogdoprosperi.com\/#\/schema\/person\/38100755ce3601861ee4fab9b5aa78e9"},"image":{"@id":"https:\/\/blogdoprosperi.com\/?p=58362#primaryimage"},"thumbnailUrl":"https:\/\/i0.wp.com\/blogdoprosperi.com\/wp-content\/uploads\/2026\/05\/captura-de-tela-2026-05-16-as-11.58.12.png?fit=2268%2C1258&ssl=1","keywords":["Copa2026","daidai","m\u00fasicacopa2026","shakira"],"articleSection":["copa 2026","futebol"],"inLanguage":"pt-BR","potentialAction":[{"@type":"CommentAction","name":"Comment","target":["https:\/\/blogdoprosperi.com\/?p=58362#respond"]}]},{"@type":"WebPage","@id":"https:\/\/blogdoprosperi.com\/?p=58362","url":"https:\/\/blogdoprosperi.com\/?p=58362","name":"Shakira lan\u00e7a \"Dai Dai\", a m\u00fasica oficial da Copa do Mundo 2026 - PR\u00d3SPERI NEWS","isPartOf":{"@id":"https:\/\/blogdoprosperi.com\/#website"},"primaryImageOfPage":{"@id":"https:\/\/blogdoprosperi.com\/?p=58362#primaryimage"},"image":{"@id":"https:\/\/blogdoprosperi.com\/?p=58362#primaryimage"},"thumbnailUrl":"https:\/\/i0.wp.com\/blogdoprosperi.com\/wp-content\/uploads\/2026\/05\/captura-de-tela-2026-05-16-as-11.58.12.png?fit=2268%2C1258&ssl=1","datePublished":"2026-05-16T15:14:57+00:00","breadcrumb":{"@id":"https:\/\/blogdoprosperi.com\/?p=58362#breadcrumb"},"inLanguage":"pt-BR","potentialAction":[{"@type":"ReadAction","target":["https:\/\/blogdoprosperi.com\/?p=58362"]}]},{"@type":"ImageObject","inLanguage":"pt-BR","@id":"https:\/\/blogdoprosperi.com\/?p=58362#primaryimage","url":"https:\/\/i0.wp.com\/blogdoprosperi.com\/wp-content\/uploads\/2026\/05\/captura-de-tela-2026-05-16-as-11.58.12.png?fit=2268%2C1258&ssl=1","contentUrl":"https:\/\/i0.wp.com\/blogdoprosperi.com\/wp-content\/uploads\/2026\/05\/captura-de-tela-2026-05-16-as-11.58.12.png?fit=2268%2C1258&ssl=1","width":2268,"height":1258,"caption":"imagem Fifa oficial"},{"@type":"BreadcrumbList","@id":"https:\/\/blogdoprosperi.com\/?p=58362#breadcrumb","itemListElement":[{"@type":"ListItem","position":1,"name":"In\u00edcio","item":"https:\/\/blogdoprosperi.com\/"},{"@type":"ListItem","position":2,"name":"Shakira lan\u00e7a &#8220;Dai Dai&#8221;, a m\u00fasica oficial da Copa do Mundo 2026"}]},{"@type":"WebSite","@id":"https:\/\/blogdoprosperi.com\/#website","url":"https:\/\/blogdoprosperi.com\/","name":"PR\u00d3SPERI NEWS","description":"TUDO \u00c9  FUTEBOL","publisher":{"@id":"https:\/\/blogdoprosperi.com\/#\/schema\/person\/38100755ce3601861ee4fab9b5aa78e9"},"alternateName":"blogdoprosperi.com","potentialAction":[{"@type":"SearchAction","target":{"@type":"EntryPoint","urlTemplate":"https:\/\/blogdoprosperi.com\/?s={search_term_string}"},"query-input":{"@type":"PropertyValueSpecification","valueRequired":true,"valueName":"search_term_string"}}],"inLanguage":"pt-BR"},{"@type":["Person","Organization"],"@id":"https:\/\/blogdoprosperi.com\/#\/schema\/person\/38100755ce3601861ee4fab9b5aa78e9","name":"Luiz Ant\u00f4nio Pr\u00f3speri","pronouns":"ele","image":{"@type":"ImageObject","inLanguage":"pt-BR","@id":"https:\/\/i0.wp.com\/blogdoprosperi.com\/wp-content\/uploads\/2026\/05\/cropped-8059e613-6002-42fa-961e-8e275f575d71-2-5.jpg?fit=1360%2C931&ssl=1","url":"https:\/\/i0.wp.com\/blogdoprosperi.com\/wp-content\/uploads\/2026\/05\/cropped-8059e613-6002-42fa-961e-8e275f575d71-2-5.jpg?fit=1360%2C931&ssl=1","contentUrl":"https:\/\/i0.wp.com\/blogdoprosperi.com\/wp-content\/uploads\/2026\/05\/cropped-8059e613-6002-42fa-961e-8e275f575d71-2-5.jpg?fit=1360%2C931&ssl=1","width":1360,"height":931,"caption":"Luiz Ant\u00f4nio Pr\u00f3speri"},"logo":{"@id":"https:\/\/i0.wp.com\/blogdoprosperi.com\/wp-content\/uploads\/2026\/05\/cropped-8059e613-6002-42fa-961e-8e275f575d71-2-5.jpg?fit=1360%2C931&ssl=1"},"description":"Jornalista com carreira dedicada ao esporte. Cobriu 9 Copas do Mundo in loco, 1990 na It\u00e1lia, 1994 nos EUA, 1998 na Fran\u00e7a, 2002 na Coreia do Sul e Jap\u00e3o, 2006 na Alemanha, 2010 na \u00c1frica do Sul, 2014 no Brasil, 2018 na R\u00fassia e 2022 no Qatar. Eurocopas, 1992 na Su\u00e9cia e 1996 na Inglaterra. Copa das Confedera\u00e7\u00f5es de 2005 na Alemanha e 2009 na \u00c1frica do Sul. Rep\u00f3rter e Editor, trabalhou no Jornal da Tarde e Estad\u00e3o, de 1984 a fevereiro de 2016. Colunista, blogueiro. E comentarista de futebol na R\u00e1dio Estad\u00e3o, de 2013 a fevereiro de 2016. Jornalista respons\u00e1vel do \"Pr\u00f3speri News\" (blogdoprosperi.com).","sameAs":["http:\/\/blogdoprosperi.com","Luiz Pr\u00f3speri","@luiz_prosperi","https:\/\/x.com\/Luizprosperi","@prosperinacopa","luiz.prosperi@icloud.com"],"url":"https:\/\/blogdoprosperi.com\/?author=102107496"}]}},"jetpack_publicize_connections":[],"jetpack_likes_enabled":false,"jetpack_sharing_enabled":true,"jetpack_shortlink":"https:\/\/wp.me\/p7jvdk-fbk","jetpack-related-posts":[{"id":44090,"url":"https:\/\/blogdoprosperi.com\/?p=44090","url_meta":{"origin":58362,"position":0},"title":"\u00c9 bicampe\u00e3: Argentina vence Col\u00f4mbia, conquista Copa Am\u00e9rica e sustenta hierarquia","author":"Luiz Ant\u00f4nio Pr\u00f3speri","date":"15 de julho de 2024","format":false,"excerpt":"Luiz Antonio Pr\u00f3speri - 15 junho - (1h30) Final da Copa Am\u00e9rica 2024 n\u00e3o tinha o direito de ser mais uma decis\u00e3o comum de campeonato. Havia algo mais a ser discutido em Miami. Era o jogo mais importante da hist\u00f3ria da Col\u00f4mbia e aquele a confirmar a hierarquia da Argentina,\u2026","rel":"","context":"Em &quot;futebol&quot;","block_context":{"text":"futebol","link":"https:\/\/blogdoprosperi.com\/?cat=53870"},"img":{"alt_text":"","src":"https:\/\/i0.wp.com\/blogdoprosperi.com\/wp-content\/uploads\/2024\/07\/gsgkrlmweaaa-nx.jpeg?fit=1200%2C800&ssl=1&resize=350%2C200","width":350,"height":200,"srcset":"https:\/\/i0.wp.com\/blogdoprosperi.com\/wp-content\/uploads\/2024\/07\/gsgkrlmweaaa-nx.jpeg?fit=1200%2C800&ssl=1&resize=350%2C200 1x, https:\/\/i0.wp.com\/blogdoprosperi.com\/wp-content\/uploads\/2024\/07\/gsgkrlmweaaa-nx.jpeg?fit=1200%2C800&ssl=1&resize=525%2C300 1.5x, https:\/\/i0.wp.com\/blogdoprosperi.com\/wp-content\/uploads\/2024\/07\/gsgkrlmweaaa-nx.jpeg?fit=1200%2C800&ssl=1&resize=700%2C400 2x, https:\/\/i0.wp.com\/blogdoprosperi.com\/wp-content\/uploads\/2024\/07\/gsgkrlmweaaa-nx.jpeg?fit=1200%2C800&ssl=1&resize=1050%2C600 3x"},"classes":[]},{"id":56828,"url":"https:\/\/blogdoprosperi.com\/?p=56828","url_meta":{"origin":58362,"position":1},"title":"M\u00fasica Oficial da Copa do Mundo 2026 | Acompanhe","author":"Luiz Ant\u00f4nio Pr\u00f3speri","date":"20 de mar\u00e7o de 2026","format":false,"excerpt":"O \u00e1lbum oficial celebra o futebol mundial O \u00e1lbum oficial da Copa do Mundo da FIFA 2026\u2122 une m\u00fasica e futebol para celebrar a cultura global que envolve o maior evento esportivo do mundo. Criado para a Copa do Mundo da FIFA\u2122 mais inclusiva da hist\u00f3ria, sediada no Canad\u00e1, M\u00e9xico\u2026","rel":"","context":"Em &quot;copa 2026&quot;","block_context":{"text":"copa 2026","link":"https:\/\/blogdoprosperi.com\/?cat=36820279"},"img":{"alt_text":"","src":"https:\/\/i0.wp.com\/blogdoprosperi.com\/wp-content\/uploads\/2026\/03\/captura-de-tela-2026-03-20-as-16.38.29.png?fit=1200%2C876&ssl=1&resize=350%2C200","width":350,"height":200,"srcset":"https:\/\/i0.wp.com\/blogdoprosperi.com\/wp-content\/uploads\/2026\/03\/captura-de-tela-2026-03-20-as-16.38.29.png?fit=1200%2C876&ssl=1&resize=350%2C200 1x, https:\/\/i0.wp.com\/blogdoprosperi.com\/wp-content\/uploads\/2026\/03\/captura-de-tela-2026-03-20-as-16.38.29.png?fit=1200%2C876&ssl=1&resize=525%2C300 1.5x, https:\/\/i0.wp.com\/blogdoprosperi.com\/wp-content\/uploads\/2026\/03\/captura-de-tela-2026-03-20-as-16.38.29.png?fit=1200%2C876&ssl=1&resize=700%2C400 2x, https:\/\/i0.wp.com\/blogdoprosperi.com\/wp-content\/uploads\/2026\/03\/captura-de-tela-2026-03-20-as-16.38.29.png?fit=1200%2C876&ssl=1&resize=1050%2C600 3x"},"classes":[]},{"id":49839,"url":"https:\/\/blogdoprosperi.com\/?p=49839","url_meta":{"origin":58362,"position":2},"title":"Sele\u00e7\u00e3o Brasileira Camisa Vermelha | Troca do Manto de Nossa Senhora por Pau Brasil","author":"Luiz Ant\u00f4nio Pr\u00f3speri","date":"29 de abril de 2025","format":false,"excerpt":"Luiz Ant\u00f4nio Pr\u00f3speri - 29 abril (9h31) - CBF e Nike esperam anunciar em breve a nova camisa 2 da Sele\u00e7\u00e3o Brasileira a ser usada na Copa do Mundo de 2026. Tradicional camisa azul, usada na conquista da primeira Copa em 1958 na Su\u00e9cia, seria trocada por uma camisa vermelha\u2026","rel":"","context":"Em &quot;futebol&quot;","block_context":{"text":"futebol","link":"https:\/\/blogdoprosperi.com\/?cat=53870"},"img":{"alt_text":"","src":"https:\/\/i0.wp.com\/blogdoprosperi.com\/wp-content\/uploads\/2025\/04\/bafkreifv5srnsabxaciuvkyrx75tibsjivgpm6laqhb4nzlzfwvk5w3vpi.jpg?fit=1000%2C959&ssl=1&resize=350%2C200","width":350,"height":200,"srcset":"https:\/\/i0.wp.com\/blogdoprosperi.com\/wp-content\/uploads\/2025\/04\/bafkreifv5srnsabxaciuvkyrx75tibsjivgpm6laqhb4nzlzfwvk5w3vpi.jpg?fit=1000%2C959&ssl=1&resize=350%2C200 1x, https:\/\/i0.wp.com\/blogdoprosperi.com\/wp-content\/uploads\/2025\/04\/bafkreifv5srnsabxaciuvkyrx75tibsjivgpm6laqhb4nzlzfwvk5w3vpi.jpg?fit=1000%2C959&ssl=1&resize=525%2C300 1.5x, https:\/\/i0.wp.com\/blogdoprosperi.com\/wp-content\/uploads\/2025\/04\/bafkreifv5srnsabxaciuvkyrx75tibsjivgpm6laqhb4nzlzfwvk5w3vpi.jpg?fit=1000%2C959&ssl=1&resize=700%2C400 2x"},"classes":[]},{"id":43744,"url":"https:\/\/blogdoprosperi.com\/?p=43744","url_meta":{"origin":58362,"position":3},"title":"CBF banca Dorival Jr at\u00e9 a Copa do Mundo 2026, a conferir","author":"Luiz Ant\u00f4nio Pr\u00f3speri","date":"8 de julho de 2024","format":false,"excerpt":"CBF n\u00e3o projeta mudan\u00e7as t\u00e3o cedo no comando da Sele\u00e7\u00e3o Brasileira, mesmo ap\u00f3s fiasco na Copa Am\u00e9rica 2024 nos EUA. Presidente Ednaldo Rodrigues garante a perman\u00eancia do treinador com argumento de que se est\u00e1 em in\u00edcio de um trabalho. E adianta que vai com Dorival at\u00e9 a Copa 2026. A\u2026","rel":"","context":"Em &quot;futebol&quot;","block_context":{"text":"futebol","link":"https:\/\/blogdoprosperi.com\/?cat=53870"},"img":{"alt_text":"","src":"https:\/\/i0.wp.com\/blogdoprosperi.com\/wp-content\/uploads\/2024\/07\/gr2pla8agaar3cd.jpeg?fit=675%2C454&ssl=1&resize=350%2C200","width":350,"height":200,"srcset":"https:\/\/i0.wp.com\/blogdoprosperi.com\/wp-content\/uploads\/2024\/07\/gr2pla8agaar3cd.jpeg?fit=675%2C454&ssl=1&resize=350%2C200 1x, https:\/\/i0.wp.com\/blogdoprosperi.com\/wp-content\/uploads\/2024\/07\/gr2pla8agaar3cd.jpeg?fit=675%2C454&ssl=1&resize=525%2C300 1.5x"},"classes":[]},{"id":55835,"url":"https:\/\/blogdoprosperi.com\/?p=55835","url_meta":{"origin":58362,"position":4},"title":"Copa do Mundo 2026 | A Ta\u00e7a de Lego e o \u00c1lbum de Figurinhas Panini","author":"Luiz Ant\u00f4nio Pr\u00f3speri","date":"4 de dezembro de 2025","format":false,"excerpt":"O Grupo LEGO e a FIFA oferecem aos f\u00e3s a oportunidade de construir o trof\u00e9u mais cobi\u00e7ado do futebol. Vem a\u00ed o brinquedinho com a ta\u00e7a Lego da Copa do Mundo 2026. A cole\u00e7\u00e3o LEGO Editions contar\u00e1 com uma r\u00e9plica em tamanho real do trof\u00e9u oficial da Copa do Mundo\u2026","rel":"","context":"Em &quot;copa do mundo 2026&quot;","block_context":{"text":"copa do mundo 2026","link":"https:\/\/blogdoprosperi.com\/?cat=115102077"},"img":{"alt_text":"","src":"https:\/\/i0.wp.com\/blogdoprosperi.com\/wp-content\/uploads\/2025\/12\/lego.jpg?fit=1200%2C675&ssl=1&resize=350%2C200","width":350,"height":200,"srcset":"https:\/\/i0.wp.com\/blogdoprosperi.com\/wp-content\/uploads\/2025\/12\/lego.jpg?fit=1200%2C675&ssl=1&resize=350%2C200 1x, https:\/\/i0.wp.com\/blogdoprosperi.com\/wp-content\/uploads\/2025\/12\/lego.jpg?fit=1200%2C675&ssl=1&resize=525%2C300 1.5x, https:\/\/i0.wp.com\/blogdoprosperi.com\/wp-content\/uploads\/2025\/12\/lego.jpg?fit=1200%2C675&ssl=1&resize=700%2C400 2x, https:\/\/i0.wp.com\/blogdoprosperi.com\/wp-content\/uploads\/2025\/12\/lego.jpg?fit=1200%2C675&ssl=1&resize=1050%2C600 3x"},"classes":[]},{"id":60898,"url":"https:\/\/blogdoprosperi.com\/?p=60898","url_meta":{"origin":58362,"position":5},"title":"A Copa Que Eu Vi (parte 1): depoimento","author":"Luiz Ant\u00f4nio Pr\u00f3speri","date":"20 de julho de 2026","format":false,"excerpt":"Luiz Ant\u00f4nio Pr\u00f3speri \u2013 20 julho 2026 (15h30) Rodri ergue a ta\u00e7a de campe\u00e3o da Copa do Mundo de 2026 por volta das 19h (hor\u00e1rio de Brasilia), domingo (19\/7), no est\u00e1dio MetLife, nas cercanias de New Jersey e New York. Jogadores da Espanha pulam de alegria emoldurando o gesto do\u2026","rel":"","context":"Em &quot;copa 2026&quot;","block_context":{"text":"copa 2026","link":"https:\/\/blogdoprosperi.com\/?cat=36820279"},"img":{"alt_text":"","src":"https:\/\/i0.wp.com\/blogdoprosperi.com\/wp-content\/uploads\/2026\/07\/Captura-de-Tela-2026-07-20-as-15.44.40.png?fit=924%2C836&ssl=1&resize=350%2C200","width":350,"height":200,"srcset":"https:\/\/i0.wp.com\/blogdoprosperi.com\/wp-content\/uploads\/2026\/07\/Captura-de-Tela-2026-07-20-as-15.44.40.png?fit=924%2C836&ssl=1&resize=350%2C200 1x, https:\/\/i0.wp.com\/blogdoprosperi.com\/wp-content\/uploads\/2026\/07\/Captura-de-Tela-2026-07-20-as-15.44.40.png?fit=924%2C836&ssl=1&resize=525%2C300 1.5x, https:\/\/i0.wp.com\/blogdoprosperi.com\/wp-content\/uploads\/2026\/07\/Captura-de-Tela-2026-07-20-as-15.44.40.png?fit=924%2C836&ssl=1&resize=700%2C400 2x"},"classes":[]}],"jetpack_featured_media_url":"https:\/\/i0.wp.com\/blogdoprosperi.com\/wp-content\/uploads\/2026\/05\/captura-de-tela-2026-05-16-as-11.58.12.png?fit=2268%2C1258&ssl=1","_links":{"self":[{"href":"https:\/\/blogdoprosperi.com\/index.php?rest_route=\/wp\/v2\/posts\/58362","targetHints":{"allow":["GET"]}}],"collection":[{"href":"https:\/\/blogdoprosperi.com\/index.php?rest_route=\/wp\/v2\/posts"}],"about":[{"href":"https:\/\/blogdoprosperi.com\/index.php?rest_route=\/wp\/v2\/types\/post"}],"author":[{"embeddable":true,"href":"https:\/\/blogdoprosperi.com\/index.php?rest_route=\/wp\/v2\/users\/102107496"}],"replies":[{"embeddable":true,"href":"https:\/\/blogdoprosperi.com\/index.php?rest_route=%2Fwp%2Fv2%2Fcomments&post=58362"}],"version-history":[{"count":5,"href":"https:\/\/blogdoprosperi.com\/index.php?rest_route=\/wp\/v2\/posts\/58362\/revisions"}],"predecessor-version":[{"id":58368,"href":"https:\/\/blogdoprosperi.com\/index.php?rest_route=\/wp\/v2\/posts\/58362\/revisions\/58368"}],"wp:featuredmedia":[{"embeddable":true,"href":"https:\/\/blogdoprosperi.com\/index.php?rest_route=\/wp\/v2\/media\/58364"}],"wp:attachment":[{"href":"https:\/\/blogdoprosperi.com\/index.php?rest_route=%2Fwp%2Fv2%2Fmedia&parent=58362"}],"wp:term":[{"taxonomy":"category","embeddable":true,"href":"https:\/\/blogdoprosperi.com\/index.php?rest_route=%2Fwp%2Fv2%2Fcategories&post=58362"},{"taxonomy":"post_tag","embeddable":true,"href":"https:\/\/blogdoprosperi.com\/index.php?rest_route=%2Fwp%2Fv2%2Ftags&post=58362"}],"curies":[{"name":"wp","href":"https:\/\/api.w.org\/{rel}","templated":true}]}}