{"id":58575,"date":"2026-05-22T12:48:42","date_gmt":"2026-05-22T15:48:42","guid":{"rendered":"https:\/\/blogdoprosperi.com\/?p=58575"},"modified":"2026-05-22T12:48:42","modified_gmt":"2026-05-22T15:48:42","slug":"video-a-despedida-de-guardiola-do-city","status":"publish","type":"post","link":"https:\/\/blogdoprosperi.com\/?p=58575","title":{"rendered":"V\u00eddeo | A despedida de Guardiola do City"},"content":{"rendered":"<div class=\"jetpack-video-wrapper\"><span class=\"embed-youtube\" style=\"text-align:center; display: block;\"><iframe loading=\"lazy\" class=\"youtube-player\" width=\"560\" height=\"315\" src=\"https:\/\/www.youtube.com\/embed\/JfPyCmvsWqc?version=3&#038;rel=1&#038;showsearch=0&#038;showinfo=1&#038;iv_load_policy=1&#038;fs=1&#038;hl=pt-BR&#038;autohide=2&#038;wmode=transparent\" allowfullscreen=\"true\" style=\"border:0;\" sandbox=\"allow-scripts allow-same-origin allow-popups allow-presentation allow-popups-to-escape-sandbox\"><\/iframe><\/span><\/div>\n<hr \/>\n<p><strong><em>Tradu\u00e7\u00e3o da despedida de Pep Guardiola do Manchester City:<\/em><\/strong><\/p>\n<p><em>\u201cQuando cheguei, minha primeira entrevista foi com Noel Gallagher. Sa\u00ed de l\u00e1 pensando: \u2018Ok\u2026 Noel est\u00e1 aqui? Isso vai ser divertido\u2019\u201d, disse Guardiola.<\/em><\/p>\n<p><em>\u201cE que tempo passamos juntos. N\u00e3o me perguntem os motivos da minha sa\u00edda. N\u00e3o h\u00e1 motivo, mas l\u00e1 no fundo, sei que chegou a minha hora. Nada \u00e9 eterno; se fosse, eu estaria aqui. Eterno ser\u00e1 o sentimento, as pessoas, as mem\u00f3rias, o amor que tenho pelo meu Manchester City.<\/em><\/p>\n<p><em>\u201cEsta \u00e9 uma cidade constru\u00edda com trabalho. Com esfor\u00e7o.\u201d Voc\u00ea v\u00ea isso na cor dos tijolos. Das pessoas que chegavam cedo e ficavam at\u00e9 tarde. As f\u00e1bricas. Os Pankhursts. Os sindicatos. A m\u00fasica. Simplesmente a Revolu\u00e7\u00e3o Industrial e como ela mudou o mundo. E acho que eu aprendi a entender isso, e meus times tamb\u00e9m.<\/em><\/p>\n<p><em>\u201cN\u00f3s trabalhamos. N\u00f3s sofremos. N\u00f3s lutamos. E fizemos as coisas do nosso jeito. Do nosso jeito.\u201d<\/em><\/p>\n<p><em>\u201cO trabalho duro se manifesta de muitas formas. Viagens para Bournemouth, quando perdemos a Premier League, e voc\u00ea estava l\u00e1. Viagens para Istambul, quando voc\u00eas tamb\u00e9m estavam l\u00e1.\u201d<\/em><\/p>\n<p><em>\u201cLembra do ataque na Manchester Arena, quando esta cidade mostrou ao mundo o que \u00e9 for\u00e7a de verdade? N\u00e3o raiva. N\u00e3o medo. Apenas amor. Comunidade. Uni\u00e3o. Uma cidade unida.\u201d<\/em><\/p>\n<p><em>\u201cLembra de perder minha m\u00e3e durante a COVID e sentir este clube me amparando. Os torcedores, a equipe, o povo de Manchester, voc\u00eas me deram for\u00e7a quando eu mais precisei. Cris, meus filhos, toda a minha fam\u00edlia, voc\u00eas estavam l\u00e1 como sempre. Khaldoon, voc\u00ea tamb\u00e9m estava l\u00e1.\u201d<\/em><\/p>\n<p><em>\u201cJogadores, n\u00e3o se esque\u00e7am de cada instante, de cada momento, de mim, da minha equipe, deste clube, de tudo. O que fizemos, fizemos por todos voc\u00eas. E voc\u00eas foram simplesmente excepcionais. Voc\u00eas ainda n\u00e3o sabem, mas est\u00e3o deixando um legado.<\/em><\/p>\n<p><em>\u201cEnt\u00e3o, enquanto meu tempo chega ao fim, sejam felizes. O Oasis est\u00e1 de volta.\u201d<\/em><\/p>\n<p><em>\u201cSenhoras e senhores, obrigado por confiarem em mim.\u201d<\/em><\/p>\n<p><em>\u201cObrigado por me incentivarem.\u201d<\/em><\/p>\n<p><em>\u201cObrigado por me amarem.\u201d<\/em><\/p>\n<p><em>\u201cTony Walsh disse em seu poema inesquec\u00edvel: \u2018Este \u00e9 o lugar\u2019. Desculpe, Tony: este \u00e9 o meu lugar.\u201d<\/em><\/p>\n<p><em>\u201cNoel\u2026 eu estava certo.\u201d<\/em><\/p>\n<p><em>\u201cFoi muito divertido.\u201d<\/em><\/p>\n<p><em>\u201cAmo todos voc\u00eas.\u201d<\/em><\/p>\n","protected":false},"excerpt":{"rendered":"<p>\u201cN\u00f3s trabalhamos. N\u00f3s sofremos. N\u00f3s lutamos. E fizemos as coisas do nosso jeito. Do nosso jeito.\u201d<\/p>\n","protected":false},"author":102107496,"featured_media":58580,"comment_status":"open","ping_status":"open","sticky":false,"template":"","format":"standard","meta":{"_coblocks_attr":"","_coblocks_dimensions":"","_coblocks_responsive_height":"","_coblocks_accordion_ie_support":"","_jetpack_newsletter_access":"","_jetpack_dont_email_post_to_subs":false,"_jetpack_newsletter_tier_id":0,"_jetpack_memberships_contains_paywalled_content":false,"_wpcom_ai_launchpad_first_post":false,"_jetpack_feature_clip_id":0,"_jetpack_memberships_contains_paid_content":false,"footnotes":"","jetpack_publicize_message":"","jetpack_publicize_feature_enabled":true,"jetpack_social_post_already_shared":false,"jetpack_social_options":{"image_generator_settings":{"template":"highway","default_image_id":0,"font":"","enabled":false},"version":2},"jetpack_post_was_ever_published":false},"categories":[283656,53870],"tags":[7117,2313775,2461343],"class_list":["post-58575","post","type-post","status-publish","format-standard","has-post-thumbnail","hentry","category-ultimas","category-futebol","tag-city","tag-guardiola","tag-manchestercity"],"yoast_head":"<!-- This site is optimized with the Yoast SEO plugin v28.3 - https:\/\/yoast.com\/product\/yoast-seo-wordpress\/ -->\n<title>V\u00eddeo | A despedida de Guardiola do City - PR\u00d3SPERI NEWS<\/title>\n<meta name=\"robots\" content=\"index, follow, max-snippet:-1, max-image-preview:large, max-video-preview:-1\" \/>\n<link rel=\"canonical\" href=\"https:\/\/blogdoprosperi.com\/?p=58575\" \/>\n<meta property=\"og:locale\" content=\"pt_BR\" \/>\n<meta property=\"og:type\" content=\"article\" \/>\n<meta property=\"og:title\" content=\"V\u00eddeo | A despedida de Guardiola do City - PR\u00d3SPERI NEWS\" \/>\n<meta property=\"og:description\" content=\"\u201cN\u00f3s trabalhamos. N\u00f3s sofremos. N\u00f3s lutamos. E fizemos as coisas do nosso jeito. Do nosso jeito.\u201d\" \/>\n<meta property=\"og:url\" content=\"https:\/\/blogdoprosperi.com\/?p=58575\" \/>\n<meta property=\"og:site_name\" content=\"PR\u00d3SPERI NEWS\" \/>\n<meta property=\"article:publisher\" content=\"Luiz Pr\u00f3speri\" \/>\n<meta property=\"article:author\" content=\"Luiz Pr\u00f3speri\" \/>\n<meta property=\"article:published_time\" content=\"2026-05-22T15:48:42+00:00\" \/>\n<meta property=\"og:image\" content=\"https:\/\/i0.wp.com\/blogdoprosperi.com\/wp-content\/uploads\/2026\/05\/pep-10yr_16x9-1.webp?fit=1620%2C911&ssl=1\" \/>\n\t<meta property=\"og:image:width\" content=\"1620\" \/>\n\t<meta property=\"og:image:height\" content=\"911\" \/>\n\t<meta property=\"og:image:type\" content=\"image\/webp\" \/>\n<meta name=\"author\" content=\"Luiz Ant\u00f4nio Pr\u00f3speri\" \/>\n<meta name=\"twitter:card\" content=\"summary_large_image\" \/>\n<meta name=\"twitter:creator\" content=\"@Luizprosperi\" \/>\n<meta name=\"twitter:site\" content=\"@Luizprosperi\" \/>\n<meta name=\"twitter:label1\" content=\"Escrito por\" \/>\n\t<meta name=\"twitter:data1\" content=\"Luiz Ant\u00f4nio Pr\u00f3speri\" \/>\n\t<meta name=\"twitter:label2\" content=\"Est. tempo de leitura\" \/>\n\t<meta name=\"twitter:data2\" content=\"2 minutos\" \/>\n<script type=\"application\/ld+json\" class=\"yoast-schema-graph\">{\"@context\":\"https:\\\/\\\/schema.org\",\"@graph\":[{\"@type\":\"Article\",\"@id\":\"https:\\\/\\\/blogdoprosperi.com\\\/?p=58575#article\",\"isPartOf\":{\"@id\":\"https:\\\/\\\/blogdoprosperi.com\\\/?p=58575\"},\"author\":{\"name\":\"Luiz Ant\u00f4nio Pr\u00f3speri\",\"@id\":\"https:\\\/\\\/blogdoprosperi.com\\\/#\\\/schema\\\/person\\\/38100755ce3601861ee4fab9b5aa78e9\"},\"headline\":\"V\u00eddeo | A despedida de Guardiola do City\",\"datePublished\":\"2026-05-22T15:48:42+00:00\",\"mainEntityOfPage\":{\"@id\":\"https:\\\/\\\/blogdoprosperi.com\\\/?p=58575\"},\"wordCount\":410,\"commentCount\":0,\"publisher\":{\"@id\":\"https:\\\/\\\/blogdoprosperi.com\\\/#\\\/schema\\\/person\\\/38100755ce3601861ee4fab9b5aa78e9\"},\"image\":{\"@id\":\"https:\\\/\\\/blogdoprosperi.com\\\/?p=58575#primaryimage\"},\"thumbnailUrl\":\"https:\\\/\\\/i0.wp.com\\\/blogdoprosperi.com\\\/wp-content\\\/uploads\\\/2026\\\/05\\\/pep-10yr_16x9-1.webp?fit=1620%2C911&ssl=1\",\"keywords\":[\"City\",\"Guardiola\",\"manchestercity\"],\"articleSection\":[\"\u00daltimas\",\"futebol\"],\"inLanguage\":\"pt-BR\",\"potentialAction\":[{\"@type\":\"CommentAction\",\"name\":\"Comment\",\"target\":[\"https:\\\/\\\/blogdoprosperi.com\\\/?p=58575#respond\"]}]},{\"@type\":\"WebPage\",\"@id\":\"https:\\\/\\\/blogdoprosperi.com\\\/?p=58575\",\"url\":\"https:\\\/\\\/blogdoprosperi.com\\\/?p=58575\",\"name\":\"V\u00eddeo | A despedida de Guardiola do City - PR\u00d3SPERI NEWS\",\"isPartOf\":{\"@id\":\"https:\\\/\\\/blogdoprosperi.com\\\/#website\"},\"primaryImageOfPage\":{\"@id\":\"https:\\\/\\\/blogdoprosperi.com\\\/?p=58575#primaryimage\"},\"image\":{\"@id\":\"https:\\\/\\\/blogdoprosperi.com\\\/?p=58575#primaryimage\"},\"thumbnailUrl\":\"https:\\\/\\\/i0.wp.com\\\/blogdoprosperi.com\\\/wp-content\\\/uploads\\\/2026\\\/05\\\/pep-10yr_16x9-1.webp?fit=1620%2C911&ssl=1\",\"datePublished\":\"2026-05-22T15:48:42+00:00\",\"breadcrumb\":{\"@id\":\"https:\\\/\\\/blogdoprosperi.com\\\/?p=58575#breadcrumb\"},\"inLanguage\":\"pt-BR\",\"potentialAction\":[{\"@type\":\"ReadAction\",\"target\":[\"https:\\\/\\\/blogdoprosperi.com\\\/?p=58575\"]}]},{\"@type\":\"ImageObject\",\"inLanguage\":\"pt-BR\",\"@id\":\"https:\\\/\\\/blogdoprosperi.com\\\/?p=58575#primaryimage\",\"url\":\"https:\\\/\\\/i0.wp.com\\\/blogdoprosperi.com\\\/wp-content\\\/uploads\\\/2026\\\/05\\\/pep-10yr_16x9-1.webp?fit=1620%2C911&ssl=1\",\"contentUrl\":\"https:\\\/\\\/i0.wp.com\\\/blogdoprosperi.com\\\/wp-content\\\/uploads\\\/2026\\\/05\\\/pep-10yr_16x9-1.webp?fit=1620%2C911&ssl=1\",\"width\":1620,\"height\":911,\"caption\":\"imagem: Manchester City oficial\"},{\"@type\":\"BreadcrumbList\",\"@id\":\"https:\\\/\\\/blogdoprosperi.com\\\/?p=58575#breadcrumb\",\"itemListElement\":[{\"@type\":\"ListItem\",\"position\":1,\"name\":\"In\u00edcio\",\"item\":\"https:\\\/\\\/blogdoprosperi.com\\\/\"},{\"@type\":\"ListItem\",\"position\":2,\"name\":\"V\u00eddeo | A despedida de Guardiola do City\"}]},{\"@type\":\"WebSite\",\"@id\":\"https:\\\/\\\/blogdoprosperi.com\\\/#website\",\"url\":\"https:\\\/\\\/blogdoprosperi.com\\\/\",\"name\":\"PR\u00d3SPERI NEWS\",\"description\":\"TUDO \u00c9  FUTEBOL\",\"publisher\":{\"@id\":\"https:\\\/\\\/blogdoprosperi.com\\\/#\\\/schema\\\/person\\\/38100755ce3601861ee4fab9b5aa78e9\"},\"alternateName\":\"blogdoprosperi.com\",\"potentialAction\":[{\"@type\":\"SearchAction\",\"target\":{\"@type\":\"EntryPoint\",\"urlTemplate\":\"https:\\\/\\\/blogdoprosperi.com\\\/?s={search_term_string}\"},\"query-input\":{\"@type\":\"PropertyValueSpecification\",\"valueRequired\":true,\"valueName\":\"search_term_string\"}}],\"inLanguage\":\"pt-BR\"},{\"@type\":[\"Person\",\"Organization\"],\"@id\":\"https:\\\/\\\/blogdoprosperi.com\\\/#\\\/schema\\\/person\\\/38100755ce3601861ee4fab9b5aa78e9\",\"name\":\"Luiz Ant\u00f4nio Pr\u00f3speri\",\"pronouns\":\"ele\",\"image\":{\"@type\":\"ImageObject\",\"inLanguage\":\"pt-BR\",\"@id\":\"https:\\\/\\\/i0.wp.com\\\/blogdoprosperi.com\\\/wp-content\\\/uploads\\\/2026\\\/05\\\/cropped-8059e613-6002-42fa-961e-8e275f575d71-2-5.jpg?fit=1360%2C931&ssl=1\",\"url\":\"https:\\\/\\\/i0.wp.com\\\/blogdoprosperi.com\\\/wp-content\\\/uploads\\\/2026\\\/05\\\/cropped-8059e613-6002-42fa-961e-8e275f575d71-2-5.jpg?fit=1360%2C931&ssl=1\",\"contentUrl\":\"https:\\\/\\\/i0.wp.com\\\/blogdoprosperi.com\\\/wp-content\\\/uploads\\\/2026\\\/05\\\/cropped-8059e613-6002-42fa-961e-8e275f575d71-2-5.jpg?fit=1360%2C931&ssl=1\",\"width\":1360,\"height\":931,\"caption\":\"Luiz Ant\u00f4nio Pr\u00f3speri\"},\"logo\":{\"@id\":\"https:\\\/\\\/i0.wp.com\\\/blogdoprosperi.com\\\/wp-content\\\/uploads\\\/2026\\\/05\\\/cropped-8059e613-6002-42fa-961e-8e275f575d71-2-5.jpg?fit=1360%2C931&ssl=1\"},\"description\":\"Jornalista com carreira dedicada ao esporte. Cobriu 9 Copas do Mundo in loco, 1990 na It\u00e1lia, 1994 nos EUA, 1998 na Fran\u00e7a, 2002 na Coreia do Sul e Jap\u00e3o, 2006 na Alemanha, 2010 na \u00c1frica do Sul, 2014 no Brasil, 2018 na R\u00fassia e 2022 no Qatar. Eurocopas, 1992 na Su\u00e9cia e 1996 na Inglaterra. Copa das Confedera\u00e7\u00f5es de 2005 na Alemanha e 2009 na \u00c1frica do Sul. Rep\u00f3rter e Editor, trabalhou no Jornal da Tarde e Estad\u00e3o, de 1984 a fevereiro de 2016. Colunista, blogueiro. E comentarista de futebol na R\u00e1dio Estad\u00e3o, de 2013 a fevereiro de 2016. Jornalista respons\u00e1vel do \\\"Pr\u00f3speri News\\\" (blogdoprosperi.com).\",\"sameAs\":[\"http:\\\/\\\/blogdoprosperi.com\",\"Luiz Pr\u00f3speri\",\"@luiz_prosperi\",\"https:\\\/\\\/x.com\\\/Luizprosperi\",\"@prosperinacopa\",\"luiz.prosperi@icloud.com\"],\"url\":\"https:\\\/\\\/blogdoprosperi.com\\\/?author=102107496\"}]}<\/script>\n<!-- \/ Yoast SEO plugin. -->","yoast_head_json":{"title":"V\u00eddeo | A despedida de Guardiola do City - PR\u00d3SPERI NEWS","robots":{"index":"index","follow":"follow","max-snippet":"max-snippet:-1","max-image-preview":"max-image-preview:large","max-video-preview":"max-video-preview:-1"},"canonical":"https:\/\/blogdoprosperi.com\/?p=58575","og_locale":"pt_BR","og_type":"article","og_title":"V\u00eddeo | A despedida de Guardiola do City - PR\u00d3SPERI NEWS","og_description":"\u201cN\u00f3s trabalhamos. N\u00f3s sofremos. N\u00f3s lutamos. E fizemos as coisas do nosso jeito. Do nosso jeito.\u201d","og_url":"https:\/\/blogdoprosperi.com\/?p=58575","og_site_name":"PR\u00d3SPERI NEWS","article_publisher":"Luiz Pr\u00f3speri","article_author":"Luiz Pr\u00f3speri","article_published_time":"2026-05-22T15:48:42+00:00","og_image":[{"width":1620,"height":911,"url":"https:\/\/i0.wp.com\/blogdoprosperi.com\/wp-content\/uploads\/2026\/05\/pep-10yr_16x9-1.webp?fit=1620%2C911&ssl=1","type":"image\/webp"}],"author":"Luiz Ant\u00f4nio Pr\u00f3speri","twitter_card":"summary_large_image","twitter_creator":"@Luizprosperi","twitter_site":"@Luizprosperi","twitter_misc":{"Escrito por":"Luiz Ant\u00f4nio Pr\u00f3speri","Est. tempo de leitura":"2 minutos"},"schema":{"@context":"https:\/\/schema.org","@graph":[{"@type":"Article","@id":"https:\/\/blogdoprosperi.com\/?p=58575#article","isPartOf":{"@id":"https:\/\/blogdoprosperi.com\/?p=58575"},"author":{"name":"Luiz Ant\u00f4nio Pr\u00f3speri","@id":"https:\/\/blogdoprosperi.com\/#\/schema\/person\/38100755ce3601861ee4fab9b5aa78e9"},"headline":"V\u00eddeo | A despedida de Guardiola do City","datePublished":"2026-05-22T15:48:42+00:00","mainEntityOfPage":{"@id":"https:\/\/blogdoprosperi.com\/?p=58575"},"wordCount":410,"commentCount":0,"publisher":{"@id":"https:\/\/blogdoprosperi.com\/#\/schema\/person\/38100755ce3601861ee4fab9b5aa78e9"},"image":{"@id":"https:\/\/blogdoprosperi.com\/?p=58575#primaryimage"},"thumbnailUrl":"https:\/\/i0.wp.com\/blogdoprosperi.com\/wp-content\/uploads\/2026\/05\/pep-10yr_16x9-1.webp?fit=1620%2C911&ssl=1","keywords":["City","Guardiola","manchestercity"],"articleSection":["\u00daltimas","futebol"],"inLanguage":"pt-BR","potentialAction":[{"@type":"CommentAction","name":"Comment","target":["https:\/\/blogdoprosperi.com\/?p=58575#respond"]}]},{"@type":"WebPage","@id":"https:\/\/blogdoprosperi.com\/?p=58575","url":"https:\/\/blogdoprosperi.com\/?p=58575","name":"V\u00eddeo | A despedida de Guardiola do City - PR\u00d3SPERI NEWS","isPartOf":{"@id":"https:\/\/blogdoprosperi.com\/#website"},"primaryImageOfPage":{"@id":"https:\/\/blogdoprosperi.com\/?p=58575#primaryimage"},"image":{"@id":"https:\/\/blogdoprosperi.com\/?p=58575#primaryimage"},"thumbnailUrl":"https:\/\/i0.wp.com\/blogdoprosperi.com\/wp-content\/uploads\/2026\/05\/pep-10yr_16x9-1.webp?fit=1620%2C911&ssl=1","datePublished":"2026-05-22T15:48:42+00:00","breadcrumb":{"@id":"https:\/\/blogdoprosperi.com\/?p=58575#breadcrumb"},"inLanguage":"pt-BR","potentialAction":[{"@type":"ReadAction","target":["https:\/\/blogdoprosperi.com\/?p=58575"]}]},{"@type":"ImageObject","inLanguage":"pt-BR","@id":"https:\/\/blogdoprosperi.com\/?p=58575#primaryimage","url":"https:\/\/i0.wp.com\/blogdoprosperi.com\/wp-content\/uploads\/2026\/05\/pep-10yr_16x9-1.webp?fit=1620%2C911&ssl=1","contentUrl":"https:\/\/i0.wp.com\/blogdoprosperi.com\/wp-content\/uploads\/2026\/05\/pep-10yr_16x9-1.webp?fit=1620%2C911&ssl=1","width":1620,"height":911,"caption":"imagem: Manchester City oficial"},{"@type":"BreadcrumbList","@id":"https:\/\/blogdoprosperi.com\/?p=58575#breadcrumb","itemListElement":[{"@type":"ListItem","position":1,"name":"In\u00edcio","item":"https:\/\/blogdoprosperi.com\/"},{"@type":"ListItem","position":2,"name":"V\u00eddeo | A despedida de Guardiola do City"}]},{"@type":"WebSite","@id":"https:\/\/blogdoprosperi.com\/#website","url":"https:\/\/blogdoprosperi.com\/","name":"PR\u00d3SPERI NEWS","description":"TUDO \u00c9  FUTEBOL","publisher":{"@id":"https:\/\/blogdoprosperi.com\/#\/schema\/person\/38100755ce3601861ee4fab9b5aa78e9"},"alternateName":"blogdoprosperi.com","potentialAction":[{"@type":"SearchAction","target":{"@type":"EntryPoint","urlTemplate":"https:\/\/blogdoprosperi.com\/?s={search_term_string}"},"query-input":{"@type":"PropertyValueSpecification","valueRequired":true,"valueName":"search_term_string"}}],"inLanguage":"pt-BR"},{"@type":["Person","Organization"],"@id":"https:\/\/blogdoprosperi.com\/#\/schema\/person\/38100755ce3601861ee4fab9b5aa78e9","name":"Luiz Ant\u00f4nio Pr\u00f3speri","pronouns":"ele","image":{"@type":"ImageObject","inLanguage":"pt-BR","@id":"https:\/\/i0.wp.com\/blogdoprosperi.com\/wp-content\/uploads\/2026\/05\/cropped-8059e613-6002-42fa-961e-8e275f575d71-2-5.jpg?fit=1360%2C931&ssl=1","url":"https:\/\/i0.wp.com\/blogdoprosperi.com\/wp-content\/uploads\/2026\/05\/cropped-8059e613-6002-42fa-961e-8e275f575d71-2-5.jpg?fit=1360%2C931&ssl=1","contentUrl":"https:\/\/i0.wp.com\/blogdoprosperi.com\/wp-content\/uploads\/2026\/05\/cropped-8059e613-6002-42fa-961e-8e275f575d71-2-5.jpg?fit=1360%2C931&ssl=1","width":1360,"height":931,"caption":"Luiz Ant\u00f4nio Pr\u00f3speri"},"logo":{"@id":"https:\/\/i0.wp.com\/blogdoprosperi.com\/wp-content\/uploads\/2026\/05\/cropped-8059e613-6002-42fa-961e-8e275f575d71-2-5.jpg?fit=1360%2C931&ssl=1"},"description":"Jornalista com carreira dedicada ao esporte. Cobriu 9 Copas do Mundo in loco, 1990 na It\u00e1lia, 1994 nos EUA, 1998 na Fran\u00e7a, 2002 na Coreia do Sul e Jap\u00e3o, 2006 na Alemanha, 2010 na \u00c1frica do Sul, 2014 no Brasil, 2018 na R\u00fassia e 2022 no Qatar. Eurocopas, 1992 na Su\u00e9cia e 1996 na Inglaterra. Copa das Confedera\u00e7\u00f5es de 2005 na Alemanha e 2009 na \u00c1frica do Sul. Rep\u00f3rter e Editor, trabalhou no Jornal da Tarde e Estad\u00e3o, de 1984 a fevereiro de 2016. Colunista, blogueiro. E comentarista de futebol na R\u00e1dio Estad\u00e3o, de 2013 a fevereiro de 2016. Jornalista respons\u00e1vel do \"Pr\u00f3speri News\" (blogdoprosperi.com).","sameAs":["http:\/\/blogdoprosperi.com","Luiz Pr\u00f3speri","@luiz_prosperi","https:\/\/x.com\/Luizprosperi","@prosperinacopa","luiz.prosperi@icloud.com"],"url":"https:\/\/blogdoprosperi.com\/?author=102107496"}]}},"jetpack_publicize_connections":[],"jetpack_likes_enabled":false,"jetpack_sharing_enabled":true,"jetpack_shortlink":"https:\/\/wp.me\/p7jvdk-feL","jetpack-related-posts":[{"id":58560,"url":"https:\/\/blogdoprosperi.com\/?p=58560","url_meta":{"origin":58575,"position":0},"title":"&#8216;Nada \u00e9 eterno&#8217;: Pep Guardiola confirma sua sa\u00edda do Manchester City ap\u00f3s 10 anos","author":"Luiz Ant\u00f4nio Pr\u00f3speri","date":"22 de maio de 2026","format":false,"excerpt":"\"Eternos ser\u00e3o os sentimentos, as pessoas, as lembran\u00e7as, o amor que tenho pelo meu Manchester City\" \u2013 Pep Guardiola","rel":"","context":"Em &quot;\u00daltimas&quot;","block_context":{"text":"\u00daltimas","link":"https:\/\/blogdoprosperi.com\/?cat=283656"},"img":{"alt_text":"","src":"https:\/\/i0.wp.com\/blogdoprosperi.com\/wp-content\/uploads\/2026\/05\/captura-de-tela-2026-05-22-as-12.19.00.png?fit=1200%2C874&ssl=1&resize=350%2C200","width":350,"height":200,"srcset":"https:\/\/i0.wp.com\/blogdoprosperi.com\/wp-content\/uploads\/2026\/05\/captura-de-tela-2026-05-22-as-12.19.00.png?fit=1200%2C874&ssl=1&resize=350%2C200 1x, https:\/\/i0.wp.com\/blogdoprosperi.com\/wp-content\/uploads\/2026\/05\/captura-de-tela-2026-05-22-as-12.19.00.png?fit=1200%2C874&ssl=1&resize=525%2C300 1.5x, https:\/\/i0.wp.com\/blogdoprosperi.com\/wp-content\/uploads\/2026\/05\/captura-de-tela-2026-05-22-as-12.19.00.png?fit=1200%2C874&ssl=1&resize=700%2C400 2x, https:\/\/i0.wp.com\/blogdoprosperi.com\/wp-content\/uploads\/2026\/05\/captura-de-tela-2026-05-22-as-12.19.00.png?fit=1200%2C874&ssl=1&resize=1050%2C600 3x"},"classes":[]},{"id":62178,"url":"https:\/\/blogdoprosperi.com\/?p=62178","url_meta":{"origin":58575,"position":1},"title":"Guardiola como voc\u00ea nunca viu antes: Document\u00e1rio revela brigas, l\u00e1grimas, impacto do div\u00f3rcio e a poss\u00edvel aposentadoria","author":"Luiz Ant\u00f4nio Pr\u00f3speri","date":"18 de agosto de 2026","format":false,"excerpt":"Pep Guardiola vira document\u00e1rio na Amazon Prime Video. Em quatro epis\u00f3dios voc\u00ea vai conhecer Guardiola como nunca viu. Choro, brigas, vida pessoal e o jeito de ser no comando do Manchester City por dez anos.","rel":"","context":"Em &quot;\u00daltimas&quot;","block_context":{"text":"\u00daltimas","link":"https:\/\/blogdoprosperi.com\/?cat=283656"},"img":{"alt_text":"Guardiola \u00e9 tema de document\u00e1rio na Amazon Prime Video","src":"https:\/\/i0.wp.com\/blogdoprosperi.com\/wp-content\/uploads\/2022\/12\/gettyimages-1413449937.webp?fit=1200%2C675&ssl=1&resize=350%2C200","width":350,"height":200,"srcset":"https:\/\/i0.wp.com\/blogdoprosperi.com\/wp-content\/uploads\/2022\/12\/gettyimages-1413449937.webp?fit=1200%2C675&ssl=1&resize=350%2C200 1x, https:\/\/i0.wp.com\/blogdoprosperi.com\/wp-content\/uploads\/2022\/12\/gettyimages-1413449937.webp?fit=1200%2C675&ssl=1&resize=525%2C300 1.5x, https:\/\/i0.wp.com\/blogdoprosperi.com\/wp-content\/uploads\/2022\/12\/gettyimages-1413449937.webp?fit=1200%2C675&ssl=1&resize=700%2C400 2x, https:\/\/i0.wp.com\/blogdoprosperi.com\/wp-content\/uploads\/2022\/12\/gettyimages-1413449937.webp?fit=1200%2C675&ssl=1&resize=1050%2C600 3x"},"classes":[]},{"id":49564,"url":"https:\/\/blogdoprosperi.com\/?p=49564","url_meta":{"origin":58575,"position":2},"title":"Despedida | &#8220;Um dos maiores&#8221;: De Bruyne \u00e9 Aclamado por Guardiola Ap\u00f3s Confirmar Sa\u00edda do City","author":"Luiz Ant\u00f4nio Pr\u00f3speri","date":"4 de abril de 2025","format":false,"excerpt":"Jogador Belga deixar\u00e1 o Manchester City no ver\u00e3o ap\u00f3s 10 anos de clube e de muitas conquistas. Guardiola tem certeza de que De Bruyne ganhar\u00e1 est\u00e1tua do Etihad Stadium. The Guardian \u2013 4 abril (15h25) \u2013 Pep Guardiola elogiou Kevin De Bruyne como \u201cum dos maiores\u201d jogadores da hist\u00f3ria da\u2026","rel":"","context":"Em &quot;futebol&quot;","block_context":{"text":"futebol","link":"https:\/\/blogdoprosperi.com\/?cat=53870"},"img":{"alt_text":"Guardiola: \"De Bruyne, um dos grandes\"","src":"https:\/\/i0.wp.com\/blogdoprosperi.com\/wp-content\/uploads\/2016\/09\/kevin-de-bruyne.jpg?fit=738%2C415&ssl=1&resize=350%2C200","width":350,"height":200,"srcset":"https:\/\/i0.wp.com\/blogdoprosperi.com\/wp-content\/uploads\/2016\/09\/kevin-de-bruyne.jpg?fit=738%2C415&ssl=1&resize=350%2C200 1x, https:\/\/i0.wp.com\/blogdoprosperi.com\/wp-content\/uploads\/2016\/09\/kevin-de-bruyne.jpg?fit=738%2C415&ssl=1&resize=525%2C300 1.5x, https:\/\/i0.wp.com\/blogdoprosperi.com\/wp-content\/uploads\/2016\/09\/kevin-de-bruyne.jpg?fit=738%2C415&ssl=1&resize=700%2C400 2x"},"classes":[]},{"id":56115,"url":"https:\/\/blogdoprosperi.com\/?p=56115","url_meta":{"origin":58575,"position":3},"title":"Guardiola critica as guerras no Sud\u00e3o, Ucr\u00e2nia e Palestina: &#8216;Pessoas Est\u00e3o Morrendo, Voc\u00ea Precisa Ajudar&#8217;","author":"Luiz Ant\u00f4nio Pr\u00f3speri","date":"4 de fevereiro de 2026","format":false,"excerpt":"T\u00e9cnico do Manchester City fala abertamente sobre os conflitos globais ONU relata que os Emirados \u00c1rabes Unidos apoiaram grupo paramilitar sudan\u00eas Jamie Jackson, The Guardian \u2013 4 fevereiro 2026 (16h03) \u2013 Pep Guardiola se manifestou contra os assassinatos em todo o mundo, inclusive no Sud\u00e3o, onde um grupo paramilitar apoiado\u2026","rel":"","context":"Em &quot;futebol&quot;","block_context":{"text":"futebol","link":"https:\/\/blogdoprosperi.com\/?cat=53870"},"img":{"alt_text":"Guardiola \u00e9 tema de document\u00e1rio na Amazon Prime Video","src":"https:\/\/i0.wp.com\/blogdoprosperi.com\/wp-content\/uploads\/2022\/12\/gettyimages-1413449937.webp?fit=1200%2C675&ssl=1&resize=350%2C200","width":350,"height":200,"srcset":"https:\/\/i0.wp.com\/blogdoprosperi.com\/wp-content\/uploads\/2022\/12\/gettyimages-1413449937.webp?fit=1200%2C675&ssl=1&resize=350%2C200 1x, https:\/\/i0.wp.com\/blogdoprosperi.com\/wp-content\/uploads\/2022\/12\/gettyimages-1413449937.webp?fit=1200%2C675&ssl=1&resize=525%2C300 1.5x, https:\/\/i0.wp.com\/blogdoprosperi.com\/wp-content\/uploads\/2022\/12\/gettyimages-1413449937.webp?fit=1200%2C675&ssl=1&resize=700%2C400 2x, https:\/\/i0.wp.com\/blogdoprosperi.com\/wp-content\/uploads\/2022\/12\/gettyimages-1413449937.webp?fit=1200%2C675&ssl=1&resize=1050%2C600 3x"},"classes":[]},{"id":51640,"url":"https:\/\/blogdoprosperi.com\/?p=51640","url_meta":{"origin":58575,"position":4},"title":"Guardiola: &#8220;Oh, Surpresa, Sul-Americanos Vencerem Europeus, Eu Digo: Bem-Vindos ao Mundo Real&#8221;","author":"Luiz Ant\u00f4nio Pr\u00f3speri","date":"22 de junho de 2025","format":false,"excerpt":"Acompanhe a entrevista coletiva de Pep Guardiola pr\u00e9-jogo Manchester City x Ai Ain neste domingo (22\/1). Apontado como maior treinador do mundo, o t\u00e9cnico espanhol diz que aceita dirigir um time brasileiro, sul-americano. \"Por que, n\u00e3o?\" \u2705 Como ativar legendas em portugu\u00eas no YouTube D\u00ea play no v\u00eddeo. Clique no\u2026","rel":"","context":"Em &quot;futebol&quot;","block_context":{"text":"futebol","link":"https:\/\/blogdoprosperi.com\/?cat=53870"},"img":{"alt_text":"Guardiola n\u00e3o se surpreende com vit\u00f3ria de brasileiros contra europeus no Mundial de Clubes","src":"https:\/\/i0.wp.com\/blogdoprosperi.com\/wp-content\/uploads\/2025\/06\/captura-de-tela-2025-06-22-as-14.05.49.png?fit=1200%2C780&ssl=1&resize=350%2C200","width":350,"height":200,"srcset":"https:\/\/i0.wp.com\/blogdoprosperi.com\/wp-content\/uploads\/2025\/06\/captura-de-tela-2025-06-22-as-14.05.49.png?fit=1200%2C780&ssl=1&resize=350%2C200 1x, https:\/\/i0.wp.com\/blogdoprosperi.com\/wp-content\/uploads\/2025\/06\/captura-de-tela-2025-06-22-as-14.05.49.png?fit=1200%2C780&ssl=1&resize=525%2C300 1.5x, https:\/\/i0.wp.com\/blogdoprosperi.com\/wp-content\/uploads\/2025\/06\/captura-de-tela-2025-06-22-as-14.05.49.png?fit=1200%2C780&ssl=1&resize=700%2C400 2x, https:\/\/i0.wp.com\/blogdoprosperi.com\/wp-content\/uploads\/2025\/06\/captura-de-tela-2025-06-22-as-14.05.49.png?fit=1200%2C780&ssl=1&resize=1050%2C600 3x"},"classes":[]},{"id":46564,"url":"https:\/\/blogdoprosperi.com\/?p=46564","url_meta":{"origin":58575,"position":5},"title":"Manchester City \u2013 Nenhum Imp\u00e9rio Dura para Sempre | Desafio de Pep Guardiola Ser\u00e1 Fascinante","author":"Luiz Ant\u00f4nio Pr\u00f3speri","date":"26 de novembro de 2024","format":false,"excerpt":"As dificuldades do Manchester City podem ser um contratempo ou o in\u00edcio de um decl\u00ednio terminal. Veremos como um dos maiores treinadores de todos os tempos lida com o enigma. O desafio de Pep Guardiola no relato do analista Jonathan Wilson, do The Guardian, de Londres, reproduzido aqui no Pr\u00f3speri\u2026","rel":"","context":"Em &quot;futebol&quot;","block_context":{"text":"futebol","link":"https:\/\/blogdoprosperi.com\/?cat=53870"},"img":{"alt_text":"Guardiola \u00e9 tema de document\u00e1rio na Amazon Prime Video","src":"https:\/\/i0.wp.com\/blogdoprosperi.com\/wp-content\/uploads\/2022\/12\/gettyimages-1413449937.webp?fit=1200%2C675&ssl=1&resize=350%2C200","width":350,"height":200,"srcset":"https:\/\/i0.wp.com\/blogdoprosperi.com\/wp-content\/uploads\/2022\/12\/gettyimages-1413449937.webp?fit=1200%2C675&ssl=1&resize=350%2C200 1x, https:\/\/i0.wp.com\/blogdoprosperi.com\/wp-content\/uploads\/2022\/12\/gettyimages-1413449937.webp?fit=1200%2C675&ssl=1&resize=525%2C300 1.5x, https:\/\/i0.wp.com\/blogdoprosperi.com\/wp-content\/uploads\/2022\/12\/gettyimages-1413449937.webp?fit=1200%2C675&ssl=1&resize=700%2C400 2x, https:\/\/i0.wp.com\/blogdoprosperi.com\/wp-content\/uploads\/2022\/12\/gettyimages-1413449937.webp?fit=1200%2C675&ssl=1&resize=1050%2C600 3x"},"classes":[]}],"jetpack_featured_media_url":"https:\/\/i0.wp.com\/blogdoprosperi.com\/wp-content\/uploads\/2026\/05\/pep-10yr_16x9-1.webp?fit=1620%2C911&ssl=1","_links":{"self":[{"href":"https:\/\/blogdoprosperi.com\/index.php?rest_route=\/wp\/v2\/posts\/58575","targetHints":{"allow":["GET"]}}],"collection":[{"href":"https:\/\/blogdoprosperi.com\/index.php?rest_route=\/wp\/v2\/posts"}],"about":[{"href":"https:\/\/blogdoprosperi.com\/index.php?rest_route=\/wp\/v2\/types\/post"}],"author":[{"embeddable":true,"href":"https:\/\/blogdoprosperi.com\/index.php?rest_route=\/wp\/v2\/users\/102107496"}],"replies":[{"embeddable":true,"href":"https:\/\/blogdoprosperi.com\/index.php?rest_route=%2Fwp%2Fv2%2Fcomments&post=58575"}],"version-history":[{"count":5,"href":"https:\/\/blogdoprosperi.com\/index.php?rest_route=\/wp\/v2\/posts\/58575\/revisions"}],"predecessor-version":[{"id":58590,"href":"https:\/\/blogdoprosperi.com\/index.php?rest_route=\/wp\/v2\/posts\/58575\/revisions\/58590"}],"wp:featuredmedia":[{"embeddable":true,"href":"https:\/\/blogdoprosperi.com\/index.php?rest_route=\/wp\/v2\/media\/58580"}],"wp:attachment":[{"href":"https:\/\/blogdoprosperi.com\/index.php?rest_route=%2Fwp%2Fv2%2Fmedia&parent=58575"}],"wp:term":[{"taxonomy":"category","embeddable":true,"href":"https:\/\/blogdoprosperi.com\/index.php?rest_route=%2Fwp%2Fv2%2Fcategories&post=58575"},{"taxonomy":"post_tag","embeddable":true,"href":"https:\/\/blogdoprosperi.com\/index.php?rest_route=%2Fwp%2Fv2%2Ftags&post=58575"}],"curies":[{"name":"wp","href":"https:\/\/api.w.org\/{rel}","templated":true}]}}