{"id":58616,"date":"2026-05-23T14:03:47","date_gmt":"2026-05-23T17:03:47","guid":{"rendered":"https:\/\/blogdoprosperi.com\/?p=58616"},"modified":"2026-05-27T10:17:31","modified_gmt":"2026-05-27T13:17:31","slug":"neymar-e-romario-vini-jr-e-virginia-fonseca-ronaldo-fenomeno-e-suzana-werner-os-lacos-das-copas-98-e-2026","status":"publish","type":"post","link":"https:\/\/blogdoprosperi.com\/?p=58616","title":{"rendered":"Virginia Fonseca e Vini Jr, Suzana Werner e Ronaldo Fen\u00f4meno, os la\u00e7os das Copas 98 e 2026"},"content":{"rendered":"<p><em>Luiz Ant\u00f4nio Pr\u00f3speri \u2013 23 maio 2026 (12h45) \u2013<\/em><\/p>\n<p>Ronaldo Fen\u00f4meno e Suzana Werner iniciaram namoro em 1997. Ele, o melhor jogador do mundo naquele ano. Ela, loira, olhos claros, modelo com pretens\u00e3o a artista de TV e queridinha do Brasil na \u00e9poca.<\/p>\n<p>Vini Jr e Virginia Fonseca anunciaram um namoro em outubro de 2025 e se separaram em maio de 2026. Ele, eleito melhor jogador do mundo em 2024. Ela, loira, olhos castanhos, influenciadora digital com 56 milh\u00f5es de seguidores.<\/p>\n<p>O que tem uma coisa a ver com a outra?<\/p>\n<p>Vamos aos fatos.<\/p>\n<p>Na Copa de 98 na Fran\u00e7a, a <strong>Globo contrata Suzana Werner<\/strong> para atuar ao lado do <strong>jornalista Pedro Bial<\/strong>, ent\u00e3o um dos profissionais mais conceituados do canal de TV. Produziriam mat\u00e9rias de amenidades, mas sem desviar o foco de Ronaldo Fen\u00f4meno, na \u00e9poca apenas Ronaldinho, o mais importante jogador da Sele\u00e7\u00e3o Brasileira.<\/p>\n<p>Suzana e Bial se faziam presente nos treinos da Sele\u00e7\u00e3o todos os dias em Ozoir-la-Ferri\u00e8re, nas cercanias de Paris. Sentavam-se lado a lado nas tribunas dos est\u00e1dios para acompanhar os jogos do Brasil, \u00e0s vezes com entradas ao vivo na transmiss\u00e3o da Globo.<\/p>\n<p>Ronaldo e Suzana usavam alian\u00e7as de noivos. Um belo dia, j\u00e1 com mais da metade da Copa jogada, Ronaldinho aparece no treinamento sem a alian\u00e7a no dedo. A boataria corre solta. Suzana estaria traindo o jogador com Bial.<\/p>\n<p>O ent\u00e3o Ronaldinho se viu no meio de um furac\u00e3o. Bial procura Ronaldo para desmentir os boatos. Bial era casado com a atriz Giulia Gam e tinham acabado de ganhar um filho, Theo.<\/p>\n<p>A Copa chega ao fim com a derrota do Brasil para a Fran\u00e7a. Caso da convuls\u00e3o de Ronaldinho explode. Ainda sem o peso das redes sociais de hoje, <strong>Suzana Werner \u00e9 condenada &#8220;culpada&#8221;<\/strong> por boa parte da torcida brasileira pela convuls\u00e3o de Ronaldo Fen\u00f4meno.<\/p>\n<p>De volta para o futuro.<\/p>\n<p>Virginia Fonseca e Vini Jr n\u00e3o se namoram mais. <strong>Virginia,<\/strong> assim como Suzana Werner na Copa de 98, \u00e9 <strong>contratada da TV Globo<\/strong> para atuar como &#8220;rep\u00f3rter especial&#8221; ao lado do apresentador<strong> Luciano Huck<\/strong> na Copa de 2026.<\/p>\n<p>A Globo ainda n\u00e3o anunciou se Virginia vai acompanhar o dia a dia da Sele\u00e7\u00e3o Brasileira nos treinamentos nas cercanias de New Jersey e nos est\u00e1dios nos jogos do Brasil.<\/p>\n<p>\u00c9 mais do que evidente que Vini Jr ser\u00e1 um dos focos de aten\u00e7\u00e3o das &#8220;reportagens&#8221; de Virginia. \u00c9 solar tamb\u00e9m que por onde ela passar multid\u00f5es de torcedores estar\u00e3o no seu encal\u00e7o. Tudo isso sem falar na repercuss\u00e3o dentro da Sele\u00e7\u00e3o e o que possa acontecer com Vini Jr.<\/p>\n<p>Pois bem, Ronaldo Fen\u00f4meno e Suzana Werner est\u00e3o no espelho de Vini Jr e Virginia Fonseca. As Copas de 98 e 2026 se entrela\u00e7am nesses la\u00e7os de amor.<\/p>\n<div class=\"tiled-gallery type-rectangular tiled-gallery-unresized\" data-original-width=\"940\" data-carousel-extra='{&quot;blog_id&quot;:1,&quot;permalink&quot;:&quot;https:\\\/\\\/blogdoprosperi.com\\\/?p=58616&quot;,&quot;likes_blog_id&quot;:108082574}' itemscope itemtype=\"http:\/\/schema.org\/ImageGallery\" > <div class=\"gallery-row\" style=\"width: 940px; height: 459px;\" data-original-width=\"940\" data-original-height=\"459\" > <div class=\"gallery-group images-1\" style=\"width: 591px; height: 459px;\" data-original-width=\"591\" data-original-height=\"459\" > <div class=\"tiled-gallery-item tiled-gallery-item-large\" itemprop=\"associatedMedia\" itemscope itemtype=\"http:\/\/schema.org\/ImageObject\"> <a href=\"https:\/\/blogdoprosperi.com\/?attachment_id=58637\" border=\"0\" itemprop=\"url\"> <meta itemprop=\"width\" content=\"587\"> <meta itemprop=\"height\" content=\"455\"> <img decoding=\"async\" class=\"\" data-attachment-id=\"58637\" data-orig-file=\"https:\/\/blogdoprosperi.com\/wp-content\/uploads\/2026\/05\/captura-de-tela-2026-05-23-as-13.28.47.png\" data-orig-size=\"1020,790\" data-comments-opened=\"1\" data-image-meta=\"{&quot;aperture&quot;:&quot;0&quot;,&quot;credit&quot;:&quot;&quot;,&quot;camera&quot;:&quot;&quot;,&quot;caption&quot;:&quot;&quot;,&quot;created_timestamp&quot;:&quot;0&quot;,&quot;copyright&quot;:&quot;&quot;,&quot;focal_length&quot;:&quot;0&quot;,&quot;iso&quot;:&quot;0&quot;,&quot;shutter_speed&quot;:&quot;0&quot;,&quot;title&quot;:&quot;&quot;,&quot;orientation&quot;:&quot;0&quot;,&quot;alt&quot;:&quot;&quot;}\" data-image-title=\"\" data-image-description=\"\" data-medium-file=\"https:\/\/i0.wp.com\/blogdoprosperi.com\/wp-content\/uploads\/2026\/05\/captura-de-tela-2026-05-23-as-13.28.47.png?fit=488%2C378&#038;ssl=1\" data-large-file=\"https:\/\/i0.wp.com\/blogdoprosperi.com\/wp-content\/uploads\/2026\/05\/captura-de-tela-2026-05-23-as-13.28.47.png?fit=940%2C728&#038;ssl=1\" src=\"https:\/\/i0.wp.com\/blogdoprosperi.com\/wp-content\/uploads\/2026\/05\/captura-de-tela-2026-05-23-as-13.28.47.png?w=587&#038;h=455&#038;ssl=1\" width=\"587\" height=\"455\" loading=\"lazy\" data-original-width=\"587\" data-original-height=\"455\" itemprop=\"http:\/\/schema.org\/image\" title=\"\" alt=\"Suzana e Ronaldo \u2013 foto: reprodu\u00e7\u00e3o X\" style=\"width: 587px; height: 455px;\" \/> <\/a> <div class=\"tiled-gallery-caption\" itemprop=\"caption description\"> Suzana e Ronaldo \u2013 foto: reprodu\u00e7\u00e3o X <\/div> <\/div> <\/div> <!-- close group --> <div class=\"gallery-group images-2\" style=\"width: 349px; height: 459px;\" data-original-width=\"349\" data-original-height=\"459\" > <div class=\"tiled-gallery-item tiled-gallery-item-large\" itemprop=\"associatedMedia\" itemscope itemtype=\"http:\/\/schema.org\/ImageObject\"> <a href=\"https:\/\/blogdoprosperi.com\/?attachment_id=58636\" border=\"0\" itemprop=\"url\"> <meta itemprop=\"width\" content=\"345\"> <meta itemprop=\"height\" content=\"194\"> <img decoding=\"async\" class=\"\" data-attachment-id=\"58636\" data-orig-file=\"https:\/\/blogdoprosperi.com\/wp-content\/uploads\/2026\/05\/vini-jr-virginia-fonseca.jpg\" data-orig-size=\"1920,1080\" data-comments-opened=\"1\" data-image-meta=\"{&quot;aperture&quot;:&quot;0&quot;,&quot;credit&quot;:&quot;&quot;,&quot;camera&quot;:&quot;&quot;,&quot;caption&quot;:&quot;&quot;,&quot;created_timestamp&quot;:&quot;0&quot;,&quot;copyright&quot;:&quot;&quot;,&quot;focal_length&quot;:&quot;0&quot;,&quot;iso&quot;:&quot;0&quot;,&quot;shutter_speed&quot;:&quot;0&quot;,&quot;title&quot;:&quot;&quot;,&quot;orientation&quot;:&quot;0&quot;,&quot;alt&quot;:&quot;&quot;}\" data-image-title=\"\" data-image-description=\"\" data-medium-file=\"https:\/\/i0.wp.com\/blogdoprosperi.com\/wp-content\/uploads\/2026\/05\/vini-jr-virginia-fonseca.jpg?fit=650%2C366&#038;ssl=1\" data-large-file=\"https:\/\/i0.wp.com\/blogdoprosperi.com\/wp-content\/uploads\/2026\/05\/vini-jr-virginia-fonseca.jpg?fit=940%2C529&#038;ssl=1\" src=\"https:\/\/i0.wp.com\/blogdoprosperi.com\/wp-content\/uploads\/2026\/05\/vini-jr-virginia-fonseca.jpg?w=345&#038;h=194&#038;ssl=1\" width=\"345\" height=\"194\" loading=\"lazy\" data-original-width=\"345\" data-original-height=\"194\" itemprop=\"http:\/\/schema.org\/image\" title=\"\" alt=\"Vini e Virginia \u2013 foto: Instagram\" style=\"width: 345px; height: 194px;\" \/> <\/a> <div class=\"tiled-gallery-caption\" itemprop=\"caption description\"> Vini e Virginia \u2013 foto: Instagram <\/div> <\/div> <div class=\"tiled-gallery-item tiled-gallery-item-large\" itemprop=\"associatedMedia\" itemscope itemtype=\"http:\/\/schema.org\/ImageObject\"> <a href=\"https:\/\/blogdoprosperi.com\/?attachment_id=58635\" border=\"0\" itemprop=\"url\"> <meta itemprop=\"width\" content=\"345\"> <meta itemprop=\"height\" content=\"257\"> <img decoding=\"async\" class=\"\" data-attachment-id=\"58635\" data-orig-file=\"https:\/\/blogdoprosperi.com\/wp-content\/uploads\/2026\/05\/captura-de-tela-2026-05-23-as-13.24.12.png\" data-orig-size=\"1170,872\" data-comments-opened=\"1\" data-image-meta=\"{&quot;aperture&quot;:&quot;0&quot;,&quot;credit&quot;:&quot;&quot;,&quot;camera&quot;:&quot;&quot;,&quot;caption&quot;:&quot;&quot;,&quot;created_timestamp&quot;:&quot;0&quot;,&quot;copyright&quot;:&quot;&quot;,&quot;focal_length&quot;:&quot;0&quot;,&quot;iso&quot;:&quot;0&quot;,&quot;shutter_speed&quot;:&quot;0&quot;,&quot;title&quot;:&quot;&quot;,&quot;orientation&quot;:&quot;0&quot;,&quot;alt&quot;:&quot;&quot;}\" data-image-title=\"\" data-image-description=\"\" data-medium-file=\"https:\/\/i0.wp.com\/blogdoprosperi.com\/wp-content\/uploads\/2026\/05\/captura-de-tela-2026-05-23-as-13.24.12.png?fit=507%2C378&#038;ssl=1\" data-large-file=\"https:\/\/i0.wp.com\/blogdoprosperi.com\/wp-content\/uploads\/2026\/05\/captura-de-tela-2026-05-23-as-13.24.12.png?fit=940%2C701&#038;ssl=1\" src=\"https:\/\/i0.wp.com\/blogdoprosperi.com\/wp-content\/uploads\/2026\/05\/captura-de-tela-2026-05-23-as-13.24.12.png?w=345&#038;h=257&#038;ssl=1\" width=\"345\" height=\"257\" loading=\"lazy\" data-original-width=\"345\" data-original-height=\"257\" itemprop=\"http:\/\/schema.org\/image\" title=\"\" alt=\"Rom\u00e1rio Copa 98 \u2013 foto: Mowa Press\" style=\"width: 345px; height: 257px;\" \/> <\/a> <div class=\"tiled-gallery-caption\" itemprop=\"caption description\"> Rom\u00e1rio Copa 98 \u2013 foto: Mowa Press <\/div> <\/div> <\/div> <!-- close group --> <\/div> <!-- close row --> <div class=\"gallery-row\" style=\"width: 940px; height: 734px;\" data-original-width=\"940\" data-original-height=\"734\" > <div class=\"gallery-group images-1\" style=\"width: 940px; height: 734px;\" data-original-width=\"940\" data-original-height=\"734\" > <div class=\"tiled-gallery-item tiled-gallery-item-large\" itemprop=\"associatedMedia\" itemscope itemtype=\"http:\/\/schema.org\/ImageObject\"> <a href=\"https:\/\/blogdoprosperi.com\/?attachment_id=58386\" border=\"0\" itemprop=\"url\"> <meta itemprop=\"width\" content=\"936\"> <meta itemprop=\"height\" content=\"730\"> <img decoding=\"async\" class=\"\" data-attachment-id=\"58386\" data-orig-file=\"https:\/\/blogdoprosperi.com\/wp-content\/uploads\/2026\/05\/captura-de-tela-2026-05-17-as-14.59.08.png\" data-orig-size=\"1438,1122\" data-comments-opened=\"1\" data-image-meta=\"{&quot;aperture&quot;:&quot;0&quot;,&quot;credit&quot;:&quot;&quot;,&quot;camera&quot;:&quot;&quot;,&quot;caption&quot;:&quot;&quot;,&quot;created_timestamp&quot;:&quot;0&quot;,&quot;copyright&quot;:&quot;&quot;,&quot;focal_length&quot;:&quot;0&quot;,&quot;iso&quot;:&quot;0&quot;,&quot;shutter_speed&quot;:&quot;0&quot;,&quot;title&quot;:&quot;&quot;,&quot;orientation&quot;:&quot;0&quot;,&quot;alt&quot;:&quot;&quot;}\" data-image-title=\"\" data-image-description=\"\" data-medium-file=\"https:\/\/i0.wp.com\/blogdoprosperi.com\/wp-content\/uploads\/2026\/05\/captura-de-tela-2026-05-17-as-14.59.08.png?fit=484%2C378&#038;ssl=1\" data-large-file=\"https:\/\/i0.wp.com\/blogdoprosperi.com\/wp-content\/uploads\/2026\/05\/captura-de-tela-2026-05-17-as-14.59.08.png?fit=940%2C733&#038;ssl=1\" src=\"https:\/\/i0.wp.com\/blogdoprosperi.com\/wp-content\/uploads\/2026\/05\/captura-de-tela-2026-05-17-as-14.59.08.png?w=936&#038;h=730&#038;ssl=1\" width=\"936\" height=\"730\" loading=\"lazy\" data-original-width=\"936\" data-original-height=\"730\" itemprop=\"http:\/\/schema.org\/image\" title=\"\" alt=\"Neymar 2026 \u2013 foto: reprodu\u00e7\u00e3o TV\" style=\"width: 936px; height: 730px;\" \/> <\/a> <div class=\"tiled-gallery-caption\" itemprop=\"caption description\"> Neymar 2026 \u2013 foto: reprodu\u00e7\u00e3o TV <\/div> <\/div> <\/div> <!-- close group --> <\/div> <!-- close row --> <\/div>\n<p><strong>E Neymar e Rom\u00e1rio?<\/strong><\/p>\n<p>Neymar, 34 anos, convocado por Carlo Ancelotti para Copa do Mundo 2026.<\/p>\n<p>Rom\u00e1rio, 32 anos, foi convocado por Zagallo para Copa do Mundo de 1998.<\/p>\n<p>Rom\u00e1rio em 1998 ainda era no imagin\u00e1rio do torcedor brasileiro o maior jogador do mundo. Fama consolidada na conquista do Tetra na Copa de 94 nos Estados Unidos.<\/p>\n<p>Sua convoca\u00e7\u00e3o era obrigat\u00f3ria, exigia a torcida. Zagallo convoca Rom\u00e1rio.<\/p>\n<p>Acontece que o Baixinho estava com a panturrilha esgar\u00e7ada por abusos do jogador na pr\u00e1tica de futv\u00f4lei, uma unanimidade nas praias do Rio de Janeiro naquela \u00e9poca.<\/p>\n<p>Mesmo machucado, Rom\u00e1rio embarca para a Copa da Fran\u00e7a. Consome boa parte da energia da comiss\u00e3o t\u00e9cnica comandada por Zagallo e Zico e todo o grupo de jogadores da Sele\u00e7\u00e3o.<\/p>\n<p>Edema e les\u00e3o na panturrilha n\u00e3o aliviam. Rom\u00e1rio insiste em ficar na Fran\u00e7a tendo como argumento que na segunda fase da Copa estaria recuperado. Tens\u00e3o e drama tomam conta da Sele\u00e7\u00e3o em Paris.<\/p>\n<p>Zico, Zagallo e o m\u00e9dico Lidio Toledo n\u00e3o se convencem. Rom\u00e1rio \u00e9 cortado da Sele\u00e7\u00e3o a menos de uma semana da estreia do Brasil na Copa de 1998. Volta chorando para o Rio de Janeiro.<\/p>\n<p>De volta para o futuro.<\/p>\n<p>Neymar, ainda muito badalado como melhor jogador do pa\u00eds, tem sua convoca\u00e7\u00e3o confirmada por Ancelotti ap\u00f3s debate nacional que se arrastou nos \u00faltimos tr\u00eas meses no Brasil e no mundo.<\/p>\n<p>Neymar deve apresentar-se \u00e0 Sele\u00e7\u00e3o dia 27 de maio em Teres\u00f3polis. Na bagagem vai levar um edema na panturrilha direita.<\/p>\n<p>Ser\u00e1 submetido a exames pelos m\u00e9dicos da Sele\u00e7\u00e3o e tudo leva a crer que embarcar\u00e1 com a delega\u00e7\u00e3o brasileira para os Estados Unidos dia 1\u00ba de junho. E talvez viveremos o mesmo drama da Copa de 98. Neymar na berlinda.<\/p>\n<p>A panturrilha de Rom\u00e1rio est\u00e1 no espelho da panturrilha de Neymar. As Copas de 98 e 2026 se entrela\u00e7am nos la\u00e7os desses infort\u00fanios de dois craques.<\/p>\n<p>E La Nave Va.<\/p>\n","protected":false},"excerpt":{"rendered":"<p>Coincid\u00eancias entre 1998 e 2026 mexem com a Sele\u00e7\u00e3o Brasileira \u00e0s v\u00e9speras da Copa do Mundo<\/p>\n","protected":false},"author":102107496,"featured_media":58636,"comment_status":"open","ping_status":"open","sticky":false,"template":"","format":"standard","meta":{"_coblocks_attr":"","_coblocks_dimensions":"","_coblocks_responsive_height":"","_coblocks_accordion_ie_support":"","_jetpack_newsletter_access":"","_jetpack_dont_email_post_to_subs":false,"_jetpack_newsletter_tier_id":0,"_jetpack_memberships_contains_paywalled_content":false,"_wpcom_ai_launchpad_first_post":false,"_jetpack_feature_clip_id":0,"_jetpack_memberships_contains_paid_content":false,"footnotes":"","jetpack_publicize_message":"","jetpack_publicize_feature_enabled":true,"jetpack_social_post_already_shared":false,"jetpack_social_options":{"image_generator_settings":{"template":"highway","default_image_id":0,"font":"","enabled":false},"version":2},"jetpack_post_was_ever_published":false},"categories":[283656,53870],"tags":[569949222,4112146,621258,117669482,10149860,789560554,671177663,789560555],"class_list":["post-58616","post","type-post","status-publish","format-standard","has-post-thumbnail","hentry","category-ultimas","category-futebol","tag-copa2026","tag-neymar","tag-romario","tag-ronaldofenomeno","tag-selecaobrasileira","tag-suzanawerner","tag-vinijr","tag-viriginafonseca"],"yoast_head":"<!-- This site is optimized with the Yoast SEO plugin v28.3 - https:\/\/yoast.com\/product\/yoast-seo-wordpress\/ -->\n<title>Virginia Fonseca e Vini Jr, Suzana Werner e Ronaldo Fen\u00f4meno, os la\u00e7os das Copas 98 e 2026 - PR\u00d3SPERI NEWS<\/title>\n<meta name=\"robots\" content=\"index, follow, max-snippet:-1, max-image-preview:large, max-video-preview:-1\" \/>\n<link rel=\"canonical\" href=\"https:\/\/blogdoprosperi.com\/?p=58616\" \/>\n<meta property=\"og:locale\" content=\"pt_BR\" \/>\n<meta property=\"og:type\" content=\"article\" \/>\n<meta property=\"og:title\" content=\"Virginia Fonseca e Vini Jr, Suzana Werner e Ronaldo Fen\u00f4meno, os la\u00e7os das Copas 98 e 2026 - PR\u00d3SPERI NEWS\" \/>\n<meta property=\"og:description\" content=\"Coincid\u00eancias entre 1998 e 2026 mexem com a Sele\u00e7\u00e3o Brasileira \u00e0s v\u00e9speras da Copa do Mundo\" \/>\n<meta property=\"og:url\" content=\"https:\/\/blogdoprosperi.com\/?p=58616\" \/>\n<meta property=\"og:site_name\" content=\"PR\u00d3SPERI NEWS\" \/>\n<meta property=\"article:publisher\" content=\"Luiz Pr\u00f3speri\" \/>\n<meta property=\"article:author\" content=\"Luiz Pr\u00f3speri\" \/>\n<meta property=\"article:published_time\" content=\"2026-05-23T17:03:47+00:00\" \/>\n<meta property=\"article:modified_time\" content=\"2026-05-27T13:17:31+00:00\" \/>\n<meta property=\"og:image\" content=\"https:\/\/i0.wp.com\/blogdoprosperi.com\/wp-content\/uploads\/2026\/05\/vini-jr-virginia-fonseca.jpg?fit=1920%2C1080&ssl=1\" \/>\n\t<meta property=\"og:image:width\" content=\"1920\" \/>\n\t<meta property=\"og:image:height\" content=\"1080\" \/>\n\t<meta property=\"og:image:type\" content=\"image\/jpeg\" \/>\n<meta name=\"author\" content=\"Luiz Ant\u00f4nio Pr\u00f3speri\" \/>\n<meta name=\"twitter:card\" content=\"summary_large_image\" \/>\n<meta name=\"twitter:creator\" content=\"@Luizprosperi\" \/>\n<meta name=\"twitter:site\" content=\"@Luizprosperi\" \/>\n<meta name=\"twitter:label1\" content=\"Escrito por\" \/>\n\t<meta name=\"twitter:data1\" content=\"Luiz Ant\u00f4nio Pr\u00f3speri\" \/>\n\t<meta name=\"twitter:label2\" content=\"Est. tempo de leitura\" \/>\n\t<meta name=\"twitter:data2\" content=\"4 minutos\" \/>\n<script type=\"application\/ld+json\" class=\"yoast-schema-graph\">{\"@context\":\"https:\\\/\\\/schema.org\",\"@graph\":[{\"@type\":\"Article\",\"@id\":\"https:\\\/\\\/blogdoprosperi.com\\\/?p=58616#article\",\"isPartOf\":{\"@id\":\"https:\\\/\\\/blogdoprosperi.com\\\/?p=58616\"},\"author\":{\"name\":\"Luiz Ant\u00f4nio Pr\u00f3speri\",\"@id\":\"https:\\\/\\\/blogdoprosperi.com\\\/#\\\/schema\\\/person\\\/38100755ce3601861ee4fab9b5aa78e9\"},\"headline\":\"Virginia Fonseca e Vini Jr, Suzana Werner e Ronaldo Fen\u00f4meno, os la\u00e7os das Copas 98 e 2026\",\"datePublished\":\"2026-05-23T17:03:47+00:00\",\"dateModified\":\"2026-05-27T13:17:31+00:00\",\"mainEntityOfPage\":{\"@id\":\"https:\\\/\\\/blogdoprosperi.com\\\/?p=58616\"},\"wordCount\":840,\"commentCount\":0,\"publisher\":{\"@id\":\"https:\\\/\\\/blogdoprosperi.com\\\/#\\\/schema\\\/person\\\/38100755ce3601861ee4fab9b5aa78e9\"},\"image\":{\"@id\":\"https:\\\/\\\/blogdoprosperi.com\\\/?p=58616#primaryimage\"},\"thumbnailUrl\":\"https:\\\/\\\/i0.wp.com\\\/blogdoprosperi.com\\\/wp-content\\\/uploads\\\/2026\\\/05\\\/vini-jr-virginia-fonseca.jpg?fit=1920%2C1080&ssl=1\",\"keywords\":[\"Copa2026\",\"Neymar\",\"Rom\u00e1rio\",\"ronaldofen\u00f4meno\",\"Sele\u00e7\u00e3oBrasileira\",\"suzanawerner\",\"vinijr\",\"viriginafonseca\"],\"articleSection\":[\"\u00daltimas\",\"futebol\"],\"inLanguage\":\"pt-BR\",\"potentialAction\":[{\"@type\":\"CommentAction\",\"name\":\"Comment\",\"target\":[\"https:\\\/\\\/blogdoprosperi.com\\\/?p=58616#respond\"]}]},{\"@type\":\"WebPage\",\"@id\":\"https:\\\/\\\/blogdoprosperi.com\\\/?p=58616\",\"url\":\"https:\\\/\\\/blogdoprosperi.com\\\/?p=58616\",\"name\":\"Virginia Fonseca e Vini Jr, Suzana Werner e Ronaldo Fen\u00f4meno, os la\u00e7os das Copas 98 e 2026 - PR\u00d3SPERI NEWS\",\"isPartOf\":{\"@id\":\"https:\\\/\\\/blogdoprosperi.com\\\/#website\"},\"primaryImageOfPage\":{\"@id\":\"https:\\\/\\\/blogdoprosperi.com\\\/?p=58616#primaryimage\"},\"image\":{\"@id\":\"https:\\\/\\\/blogdoprosperi.com\\\/?p=58616#primaryimage\"},\"thumbnailUrl\":\"https:\\\/\\\/i0.wp.com\\\/blogdoprosperi.com\\\/wp-content\\\/uploads\\\/2026\\\/05\\\/vini-jr-virginia-fonseca.jpg?fit=1920%2C1080&ssl=1\",\"datePublished\":\"2026-05-23T17:03:47+00:00\",\"dateModified\":\"2026-05-27T13:17:31+00:00\",\"breadcrumb\":{\"@id\":\"https:\\\/\\\/blogdoprosperi.com\\\/?p=58616#breadcrumb\"},\"inLanguage\":\"pt-BR\",\"potentialAction\":[{\"@type\":\"ReadAction\",\"target\":[\"https:\\\/\\\/blogdoprosperi.com\\\/?p=58616\"]}]},{\"@type\":\"ImageObject\",\"inLanguage\":\"pt-BR\",\"@id\":\"https:\\\/\\\/blogdoprosperi.com\\\/?p=58616#primaryimage\",\"url\":\"https:\\\/\\\/i0.wp.com\\\/blogdoprosperi.com\\\/wp-content\\\/uploads\\\/2026\\\/05\\\/vini-jr-virginia-fonseca.jpg?fit=1920%2C1080&ssl=1\",\"contentUrl\":\"https:\\\/\\\/i0.wp.com\\\/blogdoprosperi.com\\\/wp-content\\\/uploads\\\/2026\\\/05\\\/vini-jr-virginia-fonseca.jpg?fit=1920%2C1080&ssl=1\",\"width\":1920,\"height\":1080,\"caption\":\"Vini e Virginia \u2013 foto: Instagram\"},{\"@type\":\"BreadcrumbList\",\"@id\":\"https:\\\/\\\/blogdoprosperi.com\\\/?p=58616#breadcrumb\",\"itemListElement\":[{\"@type\":\"ListItem\",\"position\":1,\"name\":\"In\u00edcio\",\"item\":\"https:\\\/\\\/blogdoprosperi.com\\\/\"},{\"@type\":\"ListItem\",\"position\":2,\"name\":\"Virginia Fonseca e Vini Jr, Suzana Werner e Ronaldo Fen\u00f4meno, os la\u00e7os das Copas 98 e 2026\"}]},{\"@type\":\"WebSite\",\"@id\":\"https:\\\/\\\/blogdoprosperi.com\\\/#website\",\"url\":\"https:\\\/\\\/blogdoprosperi.com\\\/\",\"name\":\"PR\u00d3SPERI NEWS\",\"description\":\"TUDO \u00c9  FUTEBOL\",\"publisher\":{\"@id\":\"https:\\\/\\\/blogdoprosperi.com\\\/#\\\/schema\\\/person\\\/38100755ce3601861ee4fab9b5aa78e9\"},\"alternateName\":\"blogdoprosperi.com\",\"potentialAction\":[{\"@type\":\"SearchAction\",\"target\":{\"@type\":\"EntryPoint\",\"urlTemplate\":\"https:\\\/\\\/blogdoprosperi.com\\\/?s={search_term_string}\"},\"query-input\":{\"@type\":\"PropertyValueSpecification\",\"valueRequired\":true,\"valueName\":\"search_term_string\"}}],\"inLanguage\":\"pt-BR\"},{\"@type\":[\"Person\",\"Organization\"],\"@id\":\"https:\\\/\\\/blogdoprosperi.com\\\/#\\\/schema\\\/person\\\/38100755ce3601861ee4fab9b5aa78e9\",\"name\":\"Luiz Ant\u00f4nio Pr\u00f3speri\",\"pronouns\":\"ele\",\"image\":{\"@type\":\"ImageObject\",\"inLanguage\":\"pt-BR\",\"@id\":\"https:\\\/\\\/i0.wp.com\\\/blogdoprosperi.com\\\/wp-content\\\/uploads\\\/2026\\\/05\\\/cropped-8059e613-6002-42fa-961e-8e275f575d71-2-5.jpg?fit=1360%2C931&ssl=1\",\"url\":\"https:\\\/\\\/i0.wp.com\\\/blogdoprosperi.com\\\/wp-content\\\/uploads\\\/2026\\\/05\\\/cropped-8059e613-6002-42fa-961e-8e275f575d71-2-5.jpg?fit=1360%2C931&ssl=1\",\"contentUrl\":\"https:\\\/\\\/i0.wp.com\\\/blogdoprosperi.com\\\/wp-content\\\/uploads\\\/2026\\\/05\\\/cropped-8059e613-6002-42fa-961e-8e275f575d71-2-5.jpg?fit=1360%2C931&ssl=1\",\"width\":1360,\"height\":931,\"caption\":\"Luiz Ant\u00f4nio Pr\u00f3speri\"},\"logo\":{\"@id\":\"https:\\\/\\\/i0.wp.com\\\/blogdoprosperi.com\\\/wp-content\\\/uploads\\\/2026\\\/05\\\/cropped-8059e613-6002-42fa-961e-8e275f575d71-2-5.jpg?fit=1360%2C931&ssl=1\"},\"description\":\"Jornalista com carreira dedicada ao esporte. Cobriu 9 Copas do Mundo in loco, 1990 na It\u00e1lia, 1994 nos EUA, 1998 na Fran\u00e7a, 2002 na Coreia do Sul e Jap\u00e3o, 2006 na Alemanha, 2010 na \u00c1frica do Sul, 2014 no Brasil, 2018 na R\u00fassia e 2022 no Qatar. Eurocopas, 1992 na Su\u00e9cia e 1996 na Inglaterra. Copa das Confedera\u00e7\u00f5es de 2005 na Alemanha e 2009 na \u00c1frica do Sul. Rep\u00f3rter e Editor, trabalhou no Jornal da Tarde e Estad\u00e3o, de 1984 a fevereiro de 2016. Colunista, blogueiro. E comentarista de futebol na R\u00e1dio Estad\u00e3o, de 2013 a fevereiro de 2016. Jornalista respons\u00e1vel do \\\"Pr\u00f3speri News\\\" (blogdoprosperi.com).\",\"sameAs\":[\"http:\\\/\\\/blogdoprosperi.com\",\"Luiz Pr\u00f3speri\",\"@luiz_prosperi\",\"https:\\\/\\\/x.com\\\/Luizprosperi\",\"@prosperinacopa\",\"luiz.prosperi@icloud.com\"],\"url\":\"https:\\\/\\\/blogdoprosperi.com\\\/?author=102107496\"}]}<\/script>\n<!-- \/ Yoast SEO plugin. -->","yoast_head_json":{"title":"Virginia Fonseca e Vini Jr, Suzana Werner e Ronaldo Fen\u00f4meno, os la\u00e7os das Copas 98 e 2026 - PR\u00d3SPERI NEWS","robots":{"index":"index","follow":"follow","max-snippet":"max-snippet:-1","max-image-preview":"max-image-preview:large","max-video-preview":"max-video-preview:-1"},"canonical":"https:\/\/blogdoprosperi.com\/?p=58616","og_locale":"pt_BR","og_type":"article","og_title":"Virginia Fonseca e Vini Jr, Suzana Werner e Ronaldo Fen\u00f4meno, os la\u00e7os das Copas 98 e 2026 - PR\u00d3SPERI NEWS","og_description":"Coincid\u00eancias entre 1998 e 2026 mexem com a Sele\u00e7\u00e3o Brasileira \u00e0s v\u00e9speras da Copa do Mundo","og_url":"https:\/\/blogdoprosperi.com\/?p=58616","og_site_name":"PR\u00d3SPERI NEWS","article_publisher":"Luiz Pr\u00f3speri","article_author":"Luiz Pr\u00f3speri","article_published_time":"2026-05-23T17:03:47+00:00","article_modified_time":"2026-05-27T13:17:31+00:00","og_image":[{"width":1920,"height":1080,"url":"https:\/\/i0.wp.com\/blogdoprosperi.com\/wp-content\/uploads\/2026\/05\/vini-jr-virginia-fonseca.jpg?fit=1920%2C1080&ssl=1","type":"image\/jpeg"}],"author":"Luiz Ant\u00f4nio Pr\u00f3speri","twitter_card":"summary_large_image","twitter_creator":"@Luizprosperi","twitter_site":"@Luizprosperi","twitter_misc":{"Escrito por":"Luiz Ant\u00f4nio Pr\u00f3speri","Est. tempo de leitura":"4 minutos"},"schema":{"@context":"https:\/\/schema.org","@graph":[{"@type":"Article","@id":"https:\/\/blogdoprosperi.com\/?p=58616#article","isPartOf":{"@id":"https:\/\/blogdoprosperi.com\/?p=58616"},"author":{"name":"Luiz Ant\u00f4nio Pr\u00f3speri","@id":"https:\/\/blogdoprosperi.com\/#\/schema\/person\/38100755ce3601861ee4fab9b5aa78e9"},"headline":"Virginia Fonseca e Vini Jr, Suzana Werner e Ronaldo Fen\u00f4meno, os la\u00e7os das Copas 98 e 2026","datePublished":"2026-05-23T17:03:47+00:00","dateModified":"2026-05-27T13:17:31+00:00","mainEntityOfPage":{"@id":"https:\/\/blogdoprosperi.com\/?p=58616"},"wordCount":840,"commentCount":0,"publisher":{"@id":"https:\/\/blogdoprosperi.com\/#\/schema\/person\/38100755ce3601861ee4fab9b5aa78e9"},"image":{"@id":"https:\/\/blogdoprosperi.com\/?p=58616#primaryimage"},"thumbnailUrl":"https:\/\/i0.wp.com\/blogdoprosperi.com\/wp-content\/uploads\/2026\/05\/vini-jr-virginia-fonseca.jpg?fit=1920%2C1080&ssl=1","keywords":["Copa2026","Neymar","Rom\u00e1rio","ronaldofen\u00f4meno","Sele\u00e7\u00e3oBrasileira","suzanawerner","vinijr","viriginafonseca"],"articleSection":["\u00daltimas","futebol"],"inLanguage":"pt-BR","potentialAction":[{"@type":"CommentAction","name":"Comment","target":["https:\/\/blogdoprosperi.com\/?p=58616#respond"]}]},{"@type":"WebPage","@id":"https:\/\/blogdoprosperi.com\/?p=58616","url":"https:\/\/blogdoprosperi.com\/?p=58616","name":"Virginia Fonseca e Vini Jr, Suzana Werner e Ronaldo Fen\u00f4meno, os la\u00e7os das Copas 98 e 2026 - PR\u00d3SPERI NEWS","isPartOf":{"@id":"https:\/\/blogdoprosperi.com\/#website"},"primaryImageOfPage":{"@id":"https:\/\/blogdoprosperi.com\/?p=58616#primaryimage"},"image":{"@id":"https:\/\/blogdoprosperi.com\/?p=58616#primaryimage"},"thumbnailUrl":"https:\/\/i0.wp.com\/blogdoprosperi.com\/wp-content\/uploads\/2026\/05\/vini-jr-virginia-fonseca.jpg?fit=1920%2C1080&ssl=1","datePublished":"2026-05-23T17:03:47+00:00","dateModified":"2026-05-27T13:17:31+00:00","breadcrumb":{"@id":"https:\/\/blogdoprosperi.com\/?p=58616#breadcrumb"},"inLanguage":"pt-BR","potentialAction":[{"@type":"ReadAction","target":["https:\/\/blogdoprosperi.com\/?p=58616"]}]},{"@type":"ImageObject","inLanguage":"pt-BR","@id":"https:\/\/blogdoprosperi.com\/?p=58616#primaryimage","url":"https:\/\/i0.wp.com\/blogdoprosperi.com\/wp-content\/uploads\/2026\/05\/vini-jr-virginia-fonseca.jpg?fit=1920%2C1080&ssl=1","contentUrl":"https:\/\/i0.wp.com\/blogdoprosperi.com\/wp-content\/uploads\/2026\/05\/vini-jr-virginia-fonseca.jpg?fit=1920%2C1080&ssl=1","width":1920,"height":1080,"caption":"Vini e Virginia \u2013 foto: Instagram"},{"@type":"BreadcrumbList","@id":"https:\/\/blogdoprosperi.com\/?p=58616#breadcrumb","itemListElement":[{"@type":"ListItem","position":1,"name":"In\u00edcio","item":"https:\/\/blogdoprosperi.com\/"},{"@type":"ListItem","position":2,"name":"Virginia Fonseca e Vini Jr, Suzana Werner e Ronaldo Fen\u00f4meno, os la\u00e7os das Copas 98 e 2026"}]},{"@type":"WebSite","@id":"https:\/\/blogdoprosperi.com\/#website","url":"https:\/\/blogdoprosperi.com\/","name":"PR\u00d3SPERI NEWS","description":"TUDO \u00c9  FUTEBOL","publisher":{"@id":"https:\/\/blogdoprosperi.com\/#\/schema\/person\/38100755ce3601861ee4fab9b5aa78e9"},"alternateName":"blogdoprosperi.com","potentialAction":[{"@type":"SearchAction","target":{"@type":"EntryPoint","urlTemplate":"https:\/\/blogdoprosperi.com\/?s={search_term_string}"},"query-input":{"@type":"PropertyValueSpecification","valueRequired":true,"valueName":"search_term_string"}}],"inLanguage":"pt-BR"},{"@type":["Person","Organization"],"@id":"https:\/\/blogdoprosperi.com\/#\/schema\/person\/38100755ce3601861ee4fab9b5aa78e9","name":"Luiz Ant\u00f4nio Pr\u00f3speri","pronouns":"ele","image":{"@type":"ImageObject","inLanguage":"pt-BR","@id":"https:\/\/i0.wp.com\/blogdoprosperi.com\/wp-content\/uploads\/2026\/05\/cropped-8059e613-6002-42fa-961e-8e275f575d71-2-5.jpg?fit=1360%2C931&ssl=1","url":"https:\/\/i0.wp.com\/blogdoprosperi.com\/wp-content\/uploads\/2026\/05\/cropped-8059e613-6002-42fa-961e-8e275f575d71-2-5.jpg?fit=1360%2C931&ssl=1","contentUrl":"https:\/\/i0.wp.com\/blogdoprosperi.com\/wp-content\/uploads\/2026\/05\/cropped-8059e613-6002-42fa-961e-8e275f575d71-2-5.jpg?fit=1360%2C931&ssl=1","width":1360,"height":931,"caption":"Luiz Ant\u00f4nio Pr\u00f3speri"},"logo":{"@id":"https:\/\/i0.wp.com\/blogdoprosperi.com\/wp-content\/uploads\/2026\/05\/cropped-8059e613-6002-42fa-961e-8e275f575d71-2-5.jpg?fit=1360%2C931&ssl=1"},"description":"Jornalista com carreira dedicada ao esporte. Cobriu 9 Copas do Mundo in loco, 1990 na It\u00e1lia, 1994 nos EUA, 1998 na Fran\u00e7a, 2002 na Coreia do Sul e Jap\u00e3o, 2006 na Alemanha, 2010 na \u00c1frica do Sul, 2014 no Brasil, 2018 na R\u00fassia e 2022 no Qatar. Eurocopas, 1992 na Su\u00e9cia e 1996 na Inglaterra. Copa das Confedera\u00e7\u00f5es de 2005 na Alemanha e 2009 na \u00c1frica do Sul. Rep\u00f3rter e Editor, trabalhou no Jornal da Tarde e Estad\u00e3o, de 1984 a fevereiro de 2016. Colunista, blogueiro. E comentarista de futebol na R\u00e1dio Estad\u00e3o, de 2013 a fevereiro de 2016. Jornalista respons\u00e1vel do \"Pr\u00f3speri News\" (blogdoprosperi.com).","sameAs":["http:\/\/blogdoprosperi.com","Luiz Pr\u00f3speri","@luiz_prosperi","https:\/\/x.com\/Luizprosperi","@prosperinacopa","luiz.prosperi@icloud.com"],"url":"https:\/\/blogdoprosperi.com\/?author=102107496"}]}},"jetpack_publicize_connections":[],"jetpack_likes_enabled":false,"jetpack_sharing_enabled":true,"jetpack_shortlink":"https:\/\/wp.me\/p7jvdk-ffq","jetpack-related-posts":[{"id":41716,"url":"https:\/\/blogdoprosperi.com\/?p=41716","url_meta":{"origin":58616,"position":0},"title":"Vini Jr, O Cavaleiro Solit\u00e1rio","author":"Luiz Ant\u00f4nio Pr\u00f3speri","date":"28 de dezembro de 2024","format":false,"excerpt":"Vini Jr j\u00e1 n\u00e3o \u00e9 apenas mais um craque a desfilar na corte do Real Madrid e levar quase todos os pr\u00eamios de melhor do mundo. Assume em 2024 a sina de s\u00edmbolo contra o preconceito.","rel":"","context":"Em &quot;futebol&quot;","block_context":{"text":"futebol","link":"https:\/\/blogdoprosperi.com\/?cat=53870"},"img":{"alt_text":"Vini, o. cavaleiro solit\u00e1rio","src":"https:\/\/i0.wp.com\/blogdoprosperi.com\/wp-content\/uploads\/2023\/05\/vini-jr-e-eleito-o-melhor-jogador-do-mundo-pela-globe-soccer-awards-1130x580-1.webp?fit=1130%2C580&ssl=1&resize=350%2C200","width":350,"height":200,"srcset":"https:\/\/i0.wp.com\/blogdoprosperi.com\/wp-content\/uploads\/2023\/05\/vini-jr-e-eleito-o-melhor-jogador-do-mundo-pela-globe-soccer-awards-1130x580-1.webp?fit=1130%2C580&ssl=1&resize=350%2C200 1x, https:\/\/i0.wp.com\/blogdoprosperi.com\/wp-content\/uploads\/2023\/05\/vini-jr-e-eleito-o-melhor-jogador-do-mundo-pela-globe-soccer-awards-1130x580-1.webp?fit=1130%2C580&ssl=1&resize=525%2C300 1.5x, https:\/\/i0.wp.com\/blogdoprosperi.com\/wp-content\/uploads\/2023\/05\/vini-jr-e-eleito-o-melhor-jogador-do-mundo-pela-globe-soccer-awards-1130x580-1.webp?fit=1130%2C580&ssl=1&resize=700%2C400 2x, https:\/\/i0.wp.com\/blogdoprosperi.com\/wp-content\/uploads\/2023\/05\/vini-jr-e-eleito-o-melhor-jogador-do-mundo-pela-globe-soccer-awards-1130x580-1.webp?fit=1130%2C580&ssl=1&resize=1050%2C600 3x"},"classes":[]},{"id":55477,"url":"https:\/\/blogdoprosperi.com\/?p=55477","url_meta":{"origin":58616,"position":1},"title":"#Cr\u00f4nicaSab\u00e1tica #35 | Neymar Jr e Vini Jr, A Dura Miss\u00e3o de Ancelotti a Domar os Eternos Adolescentesy tu","author":"Luiz Ant\u00f4nio Pr\u00f3speri","date":"1 de novembro de 2025","format":false,"excerpt":"Luiz Antonio Pr\u00f3speri \u2013 1 novembro 2025 (15h40) \u2013 Neymar Jr tem 33 anos. Vini Jr, 25 rec\u00e9m-completados. Dois jogadores talentosos com cabe\u00e7a de adolescentes. Como se ainda tivessem 17 anos, quando tudo podem e a nada os det\u00e9m. Rebeldes sem causa. At\u00e9 por isso, se Carlo Ancelotti projeta ter\u2026","rel":"","context":"Em &quot;cr\u00f4nica&quot;","block_context":{"text":"cr\u00f4nica","link":"https:\/\/blogdoprosperi.com\/?cat=23339"},"img":{"alt_text":"Virginia Fonseca e o adolescente Vini Jr","src":"https:\/\/i0.wp.com\/blogdoprosperi.com\/wp-content\/uploads\/2025\/11\/virginia-e-vini-jr-mal-comecaram-a-namorar-e-primeira-exposicao-ja-veio-a-tona-1140x570-1.png?fit=1140%2C570&ssl=1&resize=350%2C200","width":350,"height":200,"srcset":"https:\/\/i0.wp.com\/blogdoprosperi.com\/wp-content\/uploads\/2025\/11\/virginia-e-vini-jr-mal-comecaram-a-namorar-e-primeira-exposicao-ja-veio-a-tona-1140x570-1.png?fit=1140%2C570&ssl=1&resize=350%2C200 1x, https:\/\/i0.wp.com\/blogdoprosperi.com\/wp-content\/uploads\/2025\/11\/virginia-e-vini-jr-mal-comecaram-a-namorar-e-primeira-exposicao-ja-veio-a-tona-1140x570-1.png?fit=1140%2C570&ssl=1&resize=525%2C300 1.5x, https:\/\/i0.wp.com\/blogdoprosperi.com\/wp-content\/uploads\/2025\/11\/virginia-e-vini-jr-mal-comecaram-a-namorar-e-primeira-exposicao-ja-veio-a-tona-1140x570-1.png?fit=1140%2C570&ssl=1&resize=700%2C400 2x, https:\/\/i0.wp.com\/blogdoprosperi.com\/wp-content\/uploads\/2025\/11\/virginia-e-vini-jr-mal-comecaram-a-namorar-e-primeira-exposicao-ja-veio-a-tona-1140x570-1.png?fit=1140%2C570&ssl=1&resize=1050%2C600 3x"},"classes":[]},{"id":36512,"url":"https:\/\/blogdoprosperi.com\/?p=36512","url_meta":{"origin":58616,"position":2},"title":"Fen\u00f4meno, simples assim","author":"Luiz Ant\u00f4nio Pr\u00f3speri","date":"3 de agosto de 2017","format":false,"excerpt":"Na carreira de jornalista dedicado ao futebol tive o privil\u00e9gio de cobrir sete Copas do Mundo consecutivas. Da primeira na It\u00e1lia em 1990 at\u00e9 a \u00faltima em 2014 no Brasil. Estive nos est\u00e1dios e vi com meus olhos, sem ajuda da televis\u00e3o, os 15 gols que Ronaldo Naz\u00e1rio marcou nas\u2026","rel":"","context":"Em &quot;Copa do Mundo 2018&quot;","block_context":{"text":"Copa do Mundo 2018","link":"https:\/\/blogdoprosperi.com\/?cat=43723753"},"img":{"alt_text":"","src":"https:\/\/i0.wp.com\/blogdoprosperi.com\/wp-content\/uploads\/2017\/08\/ap_990706023382.jpg?fit=1200%2C676&ssl=1&resize=350%2C200","width":350,"height":200,"srcset":"https:\/\/i0.wp.com\/blogdoprosperi.com\/wp-content\/uploads\/2017\/08\/ap_990706023382.jpg?fit=1200%2C676&ssl=1&resize=350%2C200 1x, https:\/\/i0.wp.com\/blogdoprosperi.com\/wp-content\/uploads\/2017\/08\/ap_990706023382.jpg?fit=1200%2C676&ssl=1&resize=525%2C300 1.5x, https:\/\/i0.wp.com\/blogdoprosperi.com\/wp-content\/uploads\/2017\/08\/ap_990706023382.jpg?fit=1200%2C676&ssl=1&resize=700%2C400 2x, https:\/\/i0.wp.com\/blogdoprosperi.com\/wp-content\/uploads\/2017\/08\/ap_990706023382.jpg?fit=1200%2C676&ssl=1&resize=1050%2C600 3x"},"classes":[]},{"id":40928,"url":"https:\/\/blogdoprosperi.com\/?p=40928","url_meta":{"origin":58616,"position":3},"title":"Vini Jr sofre racismo dois dias ap\u00f3s morte de Pel\u00e9","author":"Luiz Ant\u00f4nio Pr\u00f3speri","date":"31 de dezembro de 2022","format":false,"excerpt":"Vini Jr sofre racismo de torcedores espanh\u00f3is, dois dias ap\u00f3s a morte de Pel\u00e9, no jogo Valladolid x Real Madrid. Antes de o jogo come\u00e7ar, torcedores respeitaram um minuto de sil\u00eancio e aplausos ao Rei.","rel":"","context":"Em &quot;futebol&quot;","block_context":{"text":"futebol","link":"https:\/\/blogdoprosperi.com\/?cat=53870"},"img":{"alt_text":"","src":"https:\/\/i0.wp.com\/blogdoprosperi.com\/wp-content\/uploads\/2022\/12\/images-4.jpg?fit=238%2C212&ssl=1&resize=350%2C200","width":350,"height":200},"classes":[]},{"id":46425,"url":"https:\/\/blogdoprosperi.com\/?p=46425","url_meta":{"origin":58616,"position":4},"title":"Sele\u00e7\u00e3o Brasileira | \u00daltima Cartada de Dorival e Ronaldo Fen\u00f4meno Vem A\u00ed","author":"Luiz Ant\u00f4nio Pr\u00f3speri","date":"19 de novembro de 2024","format":false,"excerpt":"Luiz Ant\u00f4nio Pr\u00f3speri \u2013 19 novembro (13h45) \u2013 Sele\u00e7\u00e3o Brasileira enfrenta Uruguai, \u00e0s 21h45, hoje (19\/11), em Salvador. Trata-se da \u00faltima rodada das Eliminat\u00f3rias da Copa 2026 na temporada. Est\u00e1 em jogo tamb\u00e9m o futuro de Dorival J\u00fanior no comando do escrete, trabalho mal avaliado por analistas e torcedores. O\u2026","rel":"","context":"Em &quot;futebol&quot;","block_context":{"text":"futebol","link":"https:\/\/blogdoprosperi.com\/?cat=53870"},"img":{"alt_text":"Futuro de Dorival J\u00fanior no jogo Brasil x Uruguai","src":"https:\/\/i0.wp.com\/blogdoprosperi.com\/wp-content\/uploads\/2024\/11\/54146546787_180e3c16b9_c.jpg?fit=800%2C532&ssl=1&resize=350%2C200","width":350,"height":200,"srcset":"https:\/\/i0.wp.com\/blogdoprosperi.com\/wp-content\/uploads\/2024\/11\/54146546787_180e3c16b9_c.jpg?fit=800%2C532&ssl=1&resize=350%2C200 1x, https:\/\/i0.wp.com\/blogdoprosperi.com\/wp-content\/uploads\/2024\/11\/54146546787_180e3c16b9_c.jpg?fit=800%2C532&ssl=1&resize=525%2C300 1.5x, https:\/\/i0.wp.com\/blogdoprosperi.com\/wp-content\/uploads\/2024\/11\/54146546787_180e3c16b9_c.jpg?fit=800%2C532&ssl=1&resize=700%2C400 2x"},"classes":[]},{"id":59595,"url":"https:\/\/blogdoprosperi.com\/?p=59595","url_meta":{"origin":58616,"position":5},"title":"Vini Jr assume papel que n\u00e3o \u00e9 seu na Sele\u00e7\u00e3o Brasileira","author":"Luiz Ant\u00f4nio Pr\u00f3speri","date":"20 de junho de 2026","format":false,"excerpt":"Luiz Ant\u00f4nio Pr\u00f3speri, 20 junho 2026 (12h59) Vini Jr \u00e9 destaque no New York Times, jornal global mais respeitado da imprensa internacional. Atribuem a Vini o poss\u00edvel condutor da Sele\u00e7\u00e3o Brasileira rumo ao t\u00e3o proclamado Hexa. Dois jogos com participa\u00e7\u00e3o decisiva do atacante pavimentam essa estrada. Enfim, Vini mostra a\u2026","rel":"","context":"Em &quot;copa 2026&quot;","block_context":{"text":"copa 2026","link":"https:\/\/blogdoprosperi.com\/?cat=36820279"},"img":{"alt_text":"","src":"https:\/\/i0.wp.com\/blogdoprosperi.com\/wp-content\/uploads\/2026\/06\/Captura-de-Tela-2026-06-20-as-13.08.06.png?fit=1200%2C846&ssl=1&resize=350%2C200","width":350,"height":200,"srcset":"https:\/\/i0.wp.com\/blogdoprosperi.com\/wp-content\/uploads\/2026\/06\/Captura-de-Tela-2026-06-20-as-13.08.06.png?fit=1200%2C846&ssl=1&resize=350%2C200 1x, https:\/\/i0.wp.com\/blogdoprosperi.com\/wp-content\/uploads\/2026\/06\/Captura-de-Tela-2026-06-20-as-13.08.06.png?fit=1200%2C846&ssl=1&resize=525%2C300 1.5x, https:\/\/i0.wp.com\/blogdoprosperi.com\/wp-content\/uploads\/2026\/06\/Captura-de-Tela-2026-06-20-as-13.08.06.png?fit=1200%2C846&ssl=1&resize=700%2C400 2x, https:\/\/i0.wp.com\/blogdoprosperi.com\/wp-content\/uploads\/2026\/06\/Captura-de-Tela-2026-06-20-as-13.08.06.png?fit=1200%2C846&ssl=1&resize=1050%2C600 3x"},"classes":[]}],"jetpack_featured_media_url":"https:\/\/i0.wp.com\/blogdoprosperi.com\/wp-content\/uploads\/2026\/05\/vini-jr-virginia-fonseca.jpg?fit=1920%2C1080&ssl=1","_links":{"self":[{"href":"https:\/\/blogdoprosperi.com\/index.php?rest_route=\/wp\/v2\/posts\/58616","targetHints":{"allow":["GET"]}}],"collection":[{"href":"https:\/\/blogdoprosperi.com\/index.php?rest_route=\/wp\/v2\/posts"}],"about":[{"href":"https:\/\/blogdoprosperi.com\/index.php?rest_route=\/wp\/v2\/types\/post"}],"author":[{"embeddable":true,"href":"https:\/\/blogdoprosperi.com\/index.php?rest_route=\/wp\/v2\/users\/102107496"}],"replies":[{"embeddable":true,"href":"https:\/\/blogdoprosperi.com\/index.php?rest_route=%2Fwp%2Fv2%2Fcomments&post=58616"}],"version-history":[{"count":24,"href":"https:\/\/blogdoprosperi.com\/index.php?rest_route=\/wp\/v2\/posts\/58616\/revisions"}],"predecessor-version":[{"id":58814,"href":"https:\/\/blogdoprosperi.com\/index.php?rest_route=\/wp\/v2\/posts\/58616\/revisions\/58814"}],"wp:featuredmedia":[{"embeddable":true,"href":"https:\/\/blogdoprosperi.com\/index.php?rest_route=\/wp\/v2\/media\/58636"}],"wp:attachment":[{"href":"https:\/\/blogdoprosperi.com\/index.php?rest_route=%2Fwp%2Fv2%2Fmedia&parent=58616"}],"wp:term":[{"taxonomy":"category","embeddable":true,"href":"https:\/\/blogdoprosperi.com\/index.php?rest_route=%2Fwp%2Fv2%2Fcategories&post=58616"},{"taxonomy":"post_tag","embeddable":true,"href":"https:\/\/blogdoprosperi.com\/index.php?rest_route=%2Fwp%2Fv2%2Ftags&post=58616"}],"curies":[{"name":"wp","href":"https:\/\/api.w.org\/{rel}","templated":true}]}}