{"id":59021,"date":"2026-05-29T08:15:55","date_gmt":"2026-05-29T11:15:55","guid":{"rendered":"https:\/\/blogdoprosperi.com\/?p=59021"},"modified":"2026-05-29T02:19:14","modified_gmt":"2026-05-29T05:19:14","slug":"diario-do-neymar-29-5-neblina-neymar-toma-conta-da-selecao-brasileira-em-teresopolis","status":"publish","type":"post","link":"https:\/\/blogdoprosperi.com\/?p=59021","title":{"rendered":"Di\u00e1rio do Neymar \u2013 29\/5 | Neblina Neymar toma conta da Sele\u00e7\u00e3o Brasileira em Teres\u00f3polis"},"content":{"rendered":"<p><em>Luiz Ant\u00f4nio Pr\u00f3speri \u2013 29 maio 2026 (9h15) \u2013<\/em><\/p>\n<p>Neymar vai embarcar com a Sele\u00e7\u00e3o Brasileira aos Estados Unidos, segunda-feira (01\/6). Esta \u00e9 a expectativa do alto comando do escrete e do poder central da CBF. Se vai disputar ou n\u00e3o a Copa do Mundo, a\u00ed depende da cicatriza\u00e7\u00e3o da les\u00e3o de grau 2 na panturrilha direita. Risco de corte, parece, s\u00f3 no prazo final da inscri\u00e7\u00e3o de jogadores na Copa.<\/p>\n<p>A Fifa determina que os 26 jogadores de cada sele\u00e7\u00e3o sejam inscritos at\u00e9 o dia 1\u00ba de junho. Eventuais trocas poder\u00e3o ocorrer at\u00e9 a v\u00e9spera da estreia de cada sele\u00e7\u00e3o na Copa, desde que comprovado por laudo m\u00e9dico que o atleta n\u00e3o tem condi\u00e7\u00f5es de jogar.<\/p>\n<p>Tempo de sobra para se ter o diagn\u00f3stico final a respeito da les\u00e3o de Neymar.<\/p>\n<p>Enquanto Carlo Ancelotti e seu comissariado decidem o que fazer, vale a pena conferir informa\u00e7\u00e3o publicada pela <em>Folha\u00a0<\/em>em sua edi\u00e7\u00e3o impressa de ter\u00e7a-feira (26\/5).<\/p>\n<p>Acompanhe o que diz a reportagem do jornal.<\/p>\n<p><em><strong>Equipamentos especiais utilizados por Neymar no Santos:<\/strong><\/em><\/p>\n<p><em>1 \u2013 C\u00e1psula de flutua\u00e7\u00e3o na qual Neymar boia em \u00e1gua aquecida com sal de magn\u00e9sio para reduzir tens\u00f5es musculares e aliviar dores p\u00f3s-treino.<\/em><\/p>\n<p><em>2 \u2013 C\u00e2mera hiperb\u00f3lica, que eleva a quantidade de oxig\u00eanio no sangue e acelera cicatriza\u00e7\u00e3o.<\/em><\/p>\n<p><em>3 \u2013 Botas de compress\u00e3o ap\u00f3s os jogos para melhorar o fluxo sangu\u00edneo nas pernas.<\/em><\/p>\n<p><em>4 \u2013 Uso de PRP (plasma rico em plaquetas), em que o sangue venoso \u00e9 retirado, centrifugado para separar o plasma e reinjetado no local da les\u00e3o para acelerar a recupera\u00e7\u00e3o.<\/em><\/p>\n<p><em>Cuidados especiais do fisioterapeuta Rafael Martini e do preparador f\u00edsico Ricardo Rosa. Os dois profissionais trabalham com Neymar desde 2014, passando pelos clubes, Santos, Barcelona, PSG e Al Hilal. Martini ainda trabalha na comiss\u00e3o t\u00e9cnica da Sele\u00e7\u00e3o Brasileira.<\/em><\/p>\n<p>Mesmo com todo esse aparato, Neymar n\u00e3o se livra das les\u00f5es. A mais recente na panturrilha, que provoca todo esse tsunami na Sele\u00e7\u00e3o Brasileira, se deu no dia 17 quando o Santos sai derrotado (3 a 0) pelo Coritiba na Arena do Corinthians em Itaquera. A data marca a v\u00e9spera da convoca\u00e7\u00e3o de Ancelotti dos 26 jogadores que ir\u00e3o \u00e0 Copa do Mundo.<\/p>\n<p>Ancelotti garantia, at\u00e9 o dia de apresentar a lista final dos 26, que s\u00f3 convocaria jogadores 100% fisicamente.<\/p>\n<p>Neymar, pelo jeito, n\u00e3o estava 100%.<\/p>\n<p>Quem mentiu nessa hist\u00f3ria?<\/p>\n<p>Santos se defende dizendo, por meio de comunicados oficiais, que enviou \u00e0 CBF e comissariado da Sele\u00e7\u00e3o todos os laudos m\u00e9dicos a respeito da les\u00e3o de Neymar.<\/p>\n<p>M\u00e9dico da Sele\u00e7\u00e3o, parece, n\u00e3o acreditou nos laudos e fez Neymar se submeter \u00e0 resson\u00e2ncia magn\u00e9tica em Teres\u00f3polis na noite de quarta-feira (28\/5) quando se constatou a les\u00e3o de grau 2 na panturrilha.<\/p>\n<p>Agora resta aguardar a evolu\u00e7\u00e3o da recupera\u00e7\u00e3o de Neymar enquanto o pavio da bomba continuar aceso at\u00e9 o Dia D, 12 de junho, em New Jersey.<\/p>\n<p>Teres\u00f3polis, onde a Sele\u00e7\u00e3o treina, tem previs\u00e3o de 14 graus nessa manh\u00e3 de sexta-feira (29\/5) e com m\u00e1xima de 19 graus \u00e0 tarde. Tempo nublado.<\/p>\n<p>A neblina Neymar n\u00e3o se dissipa t\u00e3o f\u00e1cil assim.<\/p>\n","protected":false},"excerpt":{"rendered":"<p>Luiz Ant\u00f4nio Pr\u00f3speri \u2013 29 maio 2026 (9h15) \u2013 Neymar vai embarcar com a Sele\u00e7\u00e3o Brasileira aos Estados [&hellip;]<\/p>\n","protected":false},"author":102107496,"featured_media":59027,"comment_status":"open","ping_status":"open","sticky":false,"template":"","format":"standard","meta":{"_coblocks_attr":"","_coblocks_dimensions":"","_coblocks_responsive_height":"","_coblocks_accordion_ie_support":"","_jetpack_newsletter_access":"","_jetpack_dont_email_post_to_subs":false,"_jetpack_newsletter_tier_id":0,"_jetpack_memberships_contains_paywalled_content":false,"_wpcom_ai_launchpad_first_post":false,"_jetpack_feature_clip_id":0,"_jetpack_memberships_contains_paid_content":false,"footnotes":"","jetpack_publicize_message":"","jetpack_publicize_feature_enabled":true,"jetpack_social_post_already_shared":true,"jetpack_social_options":{"image_generator_settings":{"template":"highway","default_image_id":0,"font":"","enabled":false},"version":2},"jetpack_post_was_ever_published":false},"categories":[36820279,53870,174694],"tags":[789560615,569949222,72915314,10149860],"class_list":["post-59021","post","type-post","status-publish","format-standard","has-post-thumbnail","hentry","category-copa-2026","category-futebol","category-selecao-brasileira","tag-anncelotti","tag-copa2026","tag-neymarjr","tag-selecaobrasileira"],"yoast_head":"<!-- This site is optimized with the Yoast SEO plugin v28.4 - https:\/\/yoast.com\/product\/yoast-seo-wordpress\/ -->\n<title>Di\u00e1rio do Neymar \u2013 29\/5 | Neblina Neymar toma conta da Sele\u00e7\u00e3o Brasileira em Teres\u00f3polis - PR\u00d3SPERI NEWS<\/title>\n<meta name=\"robots\" content=\"index, follow, max-snippet:-1, max-image-preview:large, max-video-preview:-1\" \/>\n<link rel=\"canonical\" href=\"https:\/\/blogdoprosperi.com\/?p=59021\" \/>\n<meta property=\"og:locale\" content=\"pt_BR\" \/>\n<meta property=\"og:type\" content=\"article\" \/>\n<meta property=\"og:title\" content=\"Di\u00e1rio do Neymar \u2013 29\/5 | Neblina Neymar toma conta da Sele\u00e7\u00e3o Brasileira em Teres\u00f3polis - PR\u00d3SPERI NEWS\" \/>\n<meta property=\"og:description\" content=\"Luiz Ant\u00f4nio Pr\u00f3speri \u2013 29 maio 2026 (9h15) \u2013 Neymar vai embarcar com a Sele\u00e7\u00e3o Brasileira aos Estados [&hellip;]\" \/>\n<meta property=\"og:url\" content=\"https:\/\/blogdoprosperi.com\/?p=59021\" \/>\n<meta property=\"og:site_name\" content=\"PR\u00d3SPERI NEWS\" \/>\n<meta property=\"article:publisher\" content=\"Luiz Pr\u00f3speri\" \/>\n<meta property=\"article:author\" content=\"Luiz Pr\u00f3speri\" \/>\n<meta property=\"article:published_time\" content=\"2026-05-29T11:15:55+00:00\" \/>\n<meta property=\"og:image\" content=\"https:\/\/i0.wp.com\/blogdoprosperi.com\/wp-content\/uploads\/2026\/05\/Captura-de-Tela-2026-05-29-as-01.16.20.png?fit=1110%2C582&ssl=1\" \/>\n\t<meta property=\"og:image:width\" content=\"1110\" \/>\n\t<meta property=\"og:image:height\" content=\"582\" \/>\n\t<meta property=\"og:image:type\" content=\"image\/png\" \/>\n<meta name=\"author\" content=\"Luiz Ant\u00f4nio Pr\u00f3speri\" \/>\n<meta name=\"twitter:card\" content=\"summary_large_image\" \/>\n<meta name=\"twitter:creator\" content=\"@Luizprosperi\" \/>\n<meta name=\"twitter:site\" content=\"@Luizprosperi\" \/>\n<meta name=\"twitter:label1\" content=\"Escrito por\" \/>\n\t<meta name=\"twitter:data1\" content=\"Luiz Ant\u00f4nio Pr\u00f3speri\" \/>\n\t<meta name=\"twitter:label2\" content=\"Est. tempo de leitura\" \/>\n\t<meta name=\"twitter:data2\" content=\"3 minutos\" \/>\n<script type=\"application\/ld+json\" class=\"yoast-schema-graph\">{\"@context\":\"https:\\\/\\\/schema.org\",\"@graph\":[{\"@type\":\"Article\",\"@id\":\"https:\\\/\\\/blogdoprosperi.com\\\/?p=59021#article\",\"isPartOf\":{\"@id\":\"https:\\\/\\\/blogdoprosperi.com\\\/?p=59021\"},\"author\":{\"name\":\"Luiz Ant\u00f4nio Pr\u00f3speri\",\"@id\":\"https:\\\/\\\/blogdoprosperi.com\\\/#\\\/schema\\\/person\\\/38100755ce3601861ee4fab9b5aa78e9\"},\"headline\":\"Di\u00e1rio do Neymar \u2013 29\\\/5 | Neblina Neymar toma conta da Sele\u00e7\u00e3o Brasileira em Teres\u00f3polis\",\"datePublished\":\"2026-05-29T11:15:55+00:00\",\"mainEntityOfPage\":{\"@id\":\"https:\\\/\\\/blogdoprosperi.com\\\/?p=59021\"},\"wordCount\":548,\"commentCount\":0,\"publisher\":{\"@id\":\"https:\\\/\\\/blogdoprosperi.com\\\/#\\\/schema\\\/person\\\/38100755ce3601861ee4fab9b5aa78e9\"},\"image\":{\"@id\":\"https:\\\/\\\/blogdoprosperi.com\\\/?p=59021#primaryimage\"},\"thumbnailUrl\":\"https:\\\/\\\/i0.wp.com\\\/blogdoprosperi.com\\\/wp-content\\\/uploads\\\/2026\\\/05\\\/Captura-de-Tela-2026-05-29-as-01.16.20.png?fit=1110%2C582&ssl=1\",\"keywords\":[\"anncelotti\",\"Copa2026\",\"neymarjr\",\"Sele\u00e7\u00e3oBrasileira\"],\"articleSection\":[\"copa 2026\",\"futebol\",\"Sele\u00e7\u00e3o Brasileira\"],\"inLanguage\":\"pt-BR\",\"potentialAction\":[{\"@type\":\"CommentAction\",\"name\":\"Comment\",\"target\":[\"https:\\\/\\\/blogdoprosperi.com\\\/?p=59021#respond\"]}]},{\"@type\":\"WebPage\",\"@id\":\"https:\\\/\\\/blogdoprosperi.com\\\/?p=59021\",\"url\":\"https:\\\/\\\/blogdoprosperi.com\\\/?p=59021\",\"name\":\"Di\u00e1rio do Neymar \u2013 29\\\/5 | Neblina Neymar toma conta da Sele\u00e7\u00e3o Brasileira em Teres\u00f3polis - PR\u00d3SPERI NEWS\",\"isPartOf\":{\"@id\":\"https:\\\/\\\/blogdoprosperi.com\\\/#website\"},\"primaryImageOfPage\":{\"@id\":\"https:\\\/\\\/blogdoprosperi.com\\\/?p=59021#primaryimage\"},\"image\":{\"@id\":\"https:\\\/\\\/blogdoprosperi.com\\\/?p=59021#primaryimage\"},\"thumbnailUrl\":\"https:\\\/\\\/i0.wp.com\\\/blogdoprosperi.com\\\/wp-content\\\/uploads\\\/2026\\\/05\\\/Captura-de-Tela-2026-05-29-as-01.16.20.png?fit=1110%2C582&ssl=1\",\"datePublished\":\"2026-05-29T11:15:55+00:00\",\"breadcrumb\":{\"@id\":\"https:\\\/\\\/blogdoprosperi.com\\\/?p=59021#breadcrumb\"},\"inLanguage\":\"pt-BR\",\"potentialAction\":[{\"@type\":\"ReadAction\",\"target\":[\"https:\\\/\\\/blogdoprosperi.com\\\/?p=59021\"]}]},{\"@type\":\"ImageObject\",\"inLanguage\":\"pt-BR\",\"@id\":\"https:\\\/\\\/blogdoprosperi.com\\\/?p=59021#primaryimage\",\"url\":\"https:\\\/\\\/i0.wp.com\\\/blogdoprosperi.com\\\/wp-content\\\/uploads\\\/2026\\\/05\\\/Captura-de-Tela-2026-05-29-as-01.16.20.png?fit=1110%2C582&ssl=1\",\"contentUrl\":\"https:\\\/\\\/i0.wp.com\\\/blogdoprosperi.com\\\/wp-content\\\/uploads\\\/2026\\\/05\\\/Captura-de-Tela-2026-05-29-as-01.16.20.png?fit=1110%2C582&ssl=1\",\"width\":1110,\"height\":582,\"caption\":\"Neymar na bicicleta na Granja Comary \u2013 foto: CBF oficial\"},{\"@type\":\"BreadcrumbList\",\"@id\":\"https:\\\/\\\/blogdoprosperi.com\\\/?p=59021#breadcrumb\",\"itemListElement\":[{\"@type\":\"ListItem\",\"position\":1,\"name\":\"In\u00edcio\",\"item\":\"https:\\\/\\\/blogdoprosperi.com\\\/\"},{\"@type\":\"ListItem\",\"position\":2,\"name\":\"Di\u00e1rio do Neymar \u2013 29\\\/5 | Neblina Neymar toma conta da Sele\u00e7\u00e3o Brasileira em Teres\u00f3polis\"}]},{\"@type\":\"WebSite\",\"@id\":\"https:\\\/\\\/blogdoprosperi.com\\\/#website\",\"url\":\"https:\\\/\\\/blogdoprosperi.com\\\/\",\"name\":\"PR\u00d3SPERI NEWS\",\"description\":\"TUDO \u00c9  FUTEBOL\",\"publisher\":{\"@id\":\"https:\\\/\\\/blogdoprosperi.com\\\/#\\\/schema\\\/person\\\/38100755ce3601861ee4fab9b5aa78e9\"},\"alternateName\":\"blogdoprosperi.com\",\"potentialAction\":[{\"@type\":\"SearchAction\",\"target\":{\"@type\":\"EntryPoint\",\"urlTemplate\":\"https:\\\/\\\/blogdoprosperi.com\\\/?s={search_term_string}\"},\"query-input\":{\"@type\":\"PropertyValueSpecification\",\"valueRequired\":true,\"valueName\":\"search_term_string\"}}],\"inLanguage\":\"pt-BR\"},{\"@type\":[\"Person\",\"Organization\"],\"@id\":\"https:\\\/\\\/blogdoprosperi.com\\\/#\\\/schema\\\/person\\\/38100755ce3601861ee4fab9b5aa78e9\",\"name\":\"Luiz Ant\u00f4nio Pr\u00f3speri\",\"pronouns\":\"ele\",\"image\":{\"@type\":\"ImageObject\",\"inLanguage\":\"pt-BR\",\"@id\":\"https:\\\/\\\/i0.wp.com\\\/blogdoprosperi.com\\\/wp-content\\\/uploads\\\/2026\\\/05\\\/cropped-8059e613-6002-42fa-961e-8e275f575d71-2-5.jpg?fit=1360%2C931&ssl=1\",\"url\":\"https:\\\/\\\/i0.wp.com\\\/blogdoprosperi.com\\\/wp-content\\\/uploads\\\/2026\\\/05\\\/cropped-8059e613-6002-42fa-961e-8e275f575d71-2-5.jpg?fit=1360%2C931&ssl=1\",\"contentUrl\":\"https:\\\/\\\/i0.wp.com\\\/blogdoprosperi.com\\\/wp-content\\\/uploads\\\/2026\\\/05\\\/cropped-8059e613-6002-42fa-961e-8e275f575d71-2-5.jpg?fit=1360%2C931&ssl=1\",\"width\":1360,\"height\":931,\"caption\":\"Luiz Ant\u00f4nio Pr\u00f3speri\"},\"logo\":{\"@id\":\"https:\\\/\\\/i0.wp.com\\\/blogdoprosperi.com\\\/wp-content\\\/uploads\\\/2026\\\/05\\\/cropped-8059e613-6002-42fa-961e-8e275f575d71-2-5.jpg?fit=1360%2C931&ssl=1\"},\"description\":\"Jornalista com carreira dedicada ao esporte. Cobriu 9 Copas do Mundo in loco, 1990 na It\u00e1lia, 1994 nos EUA, 1998 na Fran\u00e7a, 2002 na Coreia do Sul e Jap\u00e3o, 2006 na Alemanha, 2010 na \u00c1frica do Sul, 2014 no Brasil, 2018 na R\u00fassia e 2022 no Qatar. Eurocopas, 1992 na Su\u00e9cia e 1996 na Inglaterra. Copa das Confedera\u00e7\u00f5es de 2005 na Alemanha e 2009 na \u00c1frica do Sul. Rep\u00f3rter e Editor, trabalhou no Jornal da Tarde e Estad\u00e3o, de 1984 a fevereiro de 2016. Colunista, blogueiro. E comentarista de futebol na R\u00e1dio Estad\u00e3o, de 2013 a fevereiro de 2016. Jornalista respons\u00e1vel do \\\"Pr\u00f3speri News\\\" (blogdoprosperi.com).\",\"sameAs\":[\"http:\\\/\\\/blogdoprosperi.com\",\"Luiz Pr\u00f3speri\",\"@luiz_prosperi\",\"https:\\\/\\\/x.com\\\/Luizprosperi\",\"@prosperinacopa\",\"luiz.prosperi@icloud.com\"],\"url\":\"https:\\\/\\\/blogdoprosperi.com\\\/?author=102107496\"}]}<\/script>\n<!-- \/ Yoast SEO plugin. -->","yoast_head_json":{"title":"Di\u00e1rio do Neymar \u2013 29\/5 | Neblina Neymar toma conta da Sele\u00e7\u00e3o Brasileira em Teres\u00f3polis - PR\u00d3SPERI NEWS","robots":{"index":"index","follow":"follow","max-snippet":"max-snippet:-1","max-image-preview":"max-image-preview:large","max-video-preview":"max-video-preview:-1"},"canonical":"https:\/\/blogdoprosperi.com\/?p=59021","og_locale":"pt_BR","og_type":"article","og_title":"Di\u00e1rio do Neymar \u2013 29\/5 | Neblina Neymar toma conta da Sele\u00e7\u00e3o Brasileira em Teres\u00f3polis - PR\u00d3SPERI NEWS","og_description":"Luiz Ant\u00f4nio Pr\u00f3speri \u2013 29 maio 2026 (9h15) \u2013 Neymar vai embarcar com a Sele\u00e7\u00e3o Brasileira aos Estados [&hellip;]","og_url":"https:\/\/blogdoprosperi.com\/?p=59021","og_site_name":"PR\u00d3SPERI NEWS","article_publisher":"Luiz Pr\u00f3speri","article_author":"Luiz Pr\u00f3speri","article_published_time":"2026-05-29T11:15:55+00:00","og_image":[{"width":1110,"height":582,"url":"https:\/\/i0.wp.com\/blogdoprosperi.com\/wp-content\/uploads\/2026\/05\/Captura-de-Tela-2026-05-29-as-01.16.20.png?fit=1110%2C582&ssl=1","type":"image\/png"}],"author":"Luiz Ant\u00f4nio Pr\u00f3speri","twitter_card":"summary_large_image","twitter_creator":"@Luizprosperi","twitter_site":"@Luizprosperi","twitter_misc":{"Escrito por":"Luiz Ant\u00f4nio Pr\u00f3speri","Est. tempo de leitura":"3 minutos"},"schema":{"@context":"https:\/\/schema.org","@graph":[{"@type":"Article","@id":"https:\/\/blogdoprosperi.com\/?p=59021#article","isPartOf":{"@id":"https:\/\/blogdoprosperi.com\/?p=59021"},"author":{"name":"Luiz Ant\u00f4nio Pr\u00f3speri","@id":"https:\/\/blogdoprosperi.com\/#\/schema\/person\/38100755ce3601861ee4fab9b5aa78e9"},"headline":"Di\u00e1rio do Neymar \u2013 29\/5 | Neblina Neymar toma conta da Sele\u00e7\u00e3o Brasileira em Teres\u00f3polis","datePublished":"2026-05-29T11:15:55+00:00","mainEntityOfPage":{"@id":"https:\/\/blogdoprosperi.com\/?p=59021"},"wordCount":548,"commentCount":0,"publisher":{"@id":"https:\/\/blogdoprosperi.com\/#\/schema\/person\/38100755ce3601861ee4fab9b5aa78e9"},"image":{"@id":"https:\/\/blogdoprosperi.com\/?p=59021#primaryimage"},"thumbnailUrl":"https:\/\/i0.wp.com\/blogdoprosperi.com\/wp-content\/uploads\/2026\/05\/Captura-de-Tela-2026-05-29-as-01.16.20.png?fit=1110%2C582&ssl=1","keywords":["anncelotti","Copa2026","neymarjr","Sele\u00e7\u00e3oBrasileira"],"articleSection":["copa 2026","futebol","Sele\u00e7\u00e3o Brasileira"],"inLanguage":"pt-BR","potentialAction":[{"@type":"CommentAction","name":"Comment","target":["https:\/\/blogdoprosperi.com\/?p=59021#respond"]}]},{"@type":"WebPage","@id":"https:\/\/blogdoprosperi.com\/?p=59021","url":"https:\/\/blogdoprosperi.com\/?p=59021","name":"Di\u00e1rio do Neymar \u2013 29\/5 | Neblina Neymar toma conta da Sele\u00e7\u00e3o Brasileira em Teres\u00f3polis - PR\u00d3SPERI NEWS","isPartOf":{"@id":"https:\/\/blogdoprosperi.com\/#website"},"primaryImageOfPage":{"@id":"https:\/\/blogdoprosperi.com\/?p=59021#primaryimage"},"image":{"@id":"https:\/\/blogdoprosperi.com\/?p=59021#primaryimage"},"thumbnailUrl":"https:\/\/i0.wp.com\/blogdoprosperi.com\/wp-content\/uploads\/2026\/05\/Captura-de-Tela-2026-05-29-as-01.16.20.png?fit=1110%2C582&ssl=1","datePublished":"2026-05-29T11:15:55+00:00","breadcrumb":{"@id":"https:\/\/blogdoprosperi.com\/?p=59021#breadcrumb"},"inLanguage":"pt-BR","potentialAction":[{"@type":"ReadAction","target":["https:\/\/blogdoprosperi.com\/?p=59021"]}]},{"@type":"ImageObject","inLanguage":"pt-BR","@id":"https:\/\/blogdoprosperi.com\/?p=59021#primaryimage","url":"https:\/\/i0.wp.com\/blogdoprosperi.com\/wp-content\/uploads\/2026\/05\/Captura-de-Tela-2026-05-29-as-01.16.20.png?fit=1110%2C582&ssl=1","contentUrl":"https:\/\/i0.wp.com\/blogdoprosperi.com\/wp-content\/uploads\/2026\/05\/Captura-de-Tela-2026-05-29-as-01.16.20.png?fit=1110%2C582&ssl=1","width":1110,"height":582,"caption":"Neymar na bicicleta na Granja Comary \u2013 foto: CBF oficial"},{"@type":"BreadcrumbList","@id":"https:\/\/blogdoprosperi.com\/?p=59021#breadcrumb","itemListElement":[{"@type":"ListItem","position":1,"name":"In\u00edcio","item":"https:\/\/blogdoprosperi.com\/"},{"@type":"ListItem","position":2,"name":"Di\u00e1rio do Neymar \u2013 29\/5 | Neblina Neymar toma conta da Sele\u00e7\u00e3o Brasileira em Teres\u00f3polis"}]},{"@type":"WebSite","@id":"https:\/\/blogdoprosperi.com\/#website","url":"https:\/\/blogdoprosperi.com\/","name":"PR\u00d3SPERI NEWS","description":"TUDO \u00c9  FUTEBOL","publisher":{"@id":"https:\/\/blogdoprosperi.com\/#\/schema\/person\/38100755ce3601861ee4fab9b5aa78e9"},"alternateName":"blogdoprosperi.com","potentialAction":[{"@type":"SearchAction","target":{"@type":"EntryPoint","urlTemplate":"https:\/\/blogdoprosperi.com\/?s={search_term_string}"},"query-input":{"@type":"PropertyValueSpecification","valueRequired":true,"valueName":"search_term_string"}}],"inLanguage":"pt-BR"},{"@type":["Person","Organization"],"@id":"https:\/\/blogdoprosperi.com\/#\/schema\/person\/38100755ce3601861ee4fab9b5aa78e9","name":"Luiz Ant\u00f4nio Pr\u00f3speri","pronouns":"ele","image":{"@type":"ImageObject","inLanguage":"pt-BR","@id":"https:\/\/i0.wp.com\/blogdoprosperi.com\/wp-content\/uploads\/2026\/05\/cropped-8059e613-6002-42fa-961e-8e275f575d71-2-5.jpg?fit=1360%2C931&ssl=1","url":"https:\/\/i0.wp.com\/blogdoprosperi.com\/wp-content\/uploads\/2026\/05\/cropped-8059e613-6002-42fa-961e-8e275f575d71-2-5.jpg?fit=1360%2C931&ssl=1","contentUrl":"https:\/\/i0.wp.com\/blogdoprosperi.com\/wp-content\/uploads\/2026\/05\/cropped-8059e613-6002-42fa-961e-8e275f575d71-2-5.jpg?fit=1360%2C931&ssl=1","width":1360,"height":931,"caption":"Luiz Ant\u00f4nio Pr\u00f3speri"},"logo":{"@id":"https:\/\/i0.wp.com\/blogdoprosperi.com\/wp-content\/uploads\/2026\/05\/cropped-8059e613-6002-42fa-961e-8e275f575d71-2-5.jpg?fit=1360%2C931&ssl=1"},"description":"Jornalista com carreira dedicada ao esporte. Cobriu 9 Copas do Mundo in loco, 1990 na It\u00e1lia, 1994 nos EUA, 1998 na Fran\u00e7a, 2002 na Coreia do Sul e Jap\u00e3o, 2006 na Alemanha, 2010 na \u00c1frica do Sul, 2014 no Brasil, 2018 na R\u00fassia e 2022 no Qatar. Eurocopas, 1992 na Su\u00e9cia e 1996 na Inglaterra. Copa das Confedera\u00e7\u00f5es de 2005 na Alemanha e 2009 na \u00c1frica do Sul. Rep\u00f3rter e Editor, trabalhou no Jornal da Tarde e Estad\u00e3o, de 1984 a fevereiro de 2016. Colunista, blogueiro. E comentarista de futebol na R\u00e1dio Estad\u00e3o, de 2013 a fevereiro de 2016. Jornalista respons\u00e1vel do \"Pr\u00f3speri News\" (blogdoprosperi.com).","sameAs":["http:\/\/blogdoprosperi.com","Luiz Pr\u00f3speri","@luiz_prosperi","https:\/\/x.com\/Luizprosperi","@prosperinacopa","luiz.prosperi@icloud.com"],"url":"https:\/\/blogdoprosperi.com\/?author=102107496"}]}},"jetpack_publicize_connections":[],"jetpack_likes_enabled":false,"jetpack_sharing_enabled":true,"jetpack_shortlink":"https:\/\/wp.me\/p7jvdk-flX","jetpack-related-posts":[{"id":59068,"url":"https:\/\/blogdoprosperi.com\/?p=59068","url_meta":{"origin":59021,"position":0},"title":"Di\u00e1rio do Neymar (30\/5) \u2013  Ancelotti banca Neymar na Copa","author":"Luiz Ant\u00f4nio Pr\u00f3speri","date":"30 de maio de 2026","format":false,"excerpt":"Luiz Ant\u00f4nio Pr\u00f3speri \u2013 30 maio 2026 (10h30) \u2013 Carlo Ancelotti garante a perman\u00eancia de Neymar na Sele\u00e7\u00e3o Brasileira. T\u00e9cnico do escrete disse neste s\u00e1bado (30\/5) que n\u00e3o haver\u00e1 corte do craque. \"Neymar fica conosco. Se n\u00e3o tiver condi\u00e7\u00f5es no primeiro jogo (contra Marrocos, 13 de junho), vai para o\u2026","rel":"","context":"Em &quot;copa 2026&quot;","block_context":{"text":"copa 2026","link":"https:\/\/blogdoprosperi.com\/?cat=36820279"},"img":{"alt_text":"Neymar fica, garante Ancelotti","src":"https:\/\/i0.wp.com\/blogdoprosperi.com\/wp-content\/uploads\/2026\/05\/Captura-de-Tela-2026-05-30-as-10.47.01.png?fit=1200%2C831&ssl=1&resize=350%2C200","width":350,"height":200,"srcset":"https:\/\/i0.wp.com\/blogdoprosperi.com\/wp-content\/uploads\/2026\/05\/Captura-de-Tela-2026-05-30-as-10.47.01.png?fit=1200%2C831&ssl=1&resize=350%2C200 1x, https:\/\/i0.wp.com\/blogdoprosperi.com\/wp-content\/uploads\/2026\/05\/Captura-de-Tela-2026-05-30-as-10.47.01.png?fit=1200%2C831&ssl=1&resize=525%2C300 1.5x, https:\/\/i0.wp.com\/blogdoprosperi.com\/wp-content\/uploads\/2026\/05\/Captura-de-Tela-2026-05-30-as-10.47.01.png?fit=1200%2C831&ssl=1&resize=700%2C400 2x, https:\/\/i0.wp.com\/blogdoprosperi.com\/wp-content\/uploads\/2026\/05\/Captura-de-Tela-2026-05-30-as-10.47.01.png?fit=1200%2C831&ssl=1&resize=1050%2C600 3x"},"classes":[]},{"id":59350,"url":"https:\/\/blogdoprosperi.com\/?p=59350","url_meta":{"origin":59021,"position":1},"title":"Di\u00e1rio do Neymar (8\/junho) | Craque est\u00e1 fora da estreia do Brasil na Copa","author":"Luiz Ant\u00f4nio Pr\u00f3speri","date":"8 de junho de 2026","format":false,"excerpt":"Neymar est\u00e1 fora do jogo de estreia do Brasil na Copa do Mundo. Resson\u00e2ncia magn\u00e9tica a que o jogador se submeteu nesta segunda-feira (08\/6) aponta boa evolu\u00e7\u00e3o no tratamento da les\u00e3o na panturrilha, mas sem previs\u00e3o do retorno de Neymar aos treinamentos normais, informa a CBF. A expectativa de Carlo\u2026","rel":"","context":"Em &quot;copa 2026&quot;","block_context":{"text":"copa 2026","link":"https:\/\/blogdoprosperi.com\/?cat=36820279"},"img":{"alt_text":"","src":"https:\/\/i0.wp.com\/blogdoprosperi.com\/wp-content\/uploads\/2026\/06\/Captura-de-Tela-2026-06-08-as-22.08.57.png?fit=1200%2C889&ssl=1&resize=350%2C200","width":350,"height":200,"srcset":"https:\/\/i0.wp.com\/blogdoprosperi.com\/wp-content\/uploads\/2026\/06\/Captura-de-Tela-2026-06-08-as-22.08.57.png?fit=1200%2C889&ssl=1&resize=350%2C200 1x, https:\/\/i0.wp.com\/blogdoprosperi.com\/wp-content\/uploads\/2026\/06\/Captura-de-Tela-2026-06-08-as-22.08.57.png?fit=1200%2C889&ssl=1&resize=525%2C300 1.5x, https:\/\/i0.wp.com\/blogdoprosperi.com\/wp-content\/uploads\/2026\/06\/Captura-de-Tela-2026-06-08-as-22.08.57.png?fit=1200%2C889&ssl=1&resize=700%2C400 2x, https:\/\/i0.wp.com\/blogdoprosperi.com\/wp-content\/uploads\/2026\/06\/Captura-de-Tela-2026-06-08-as-22.08.57.png?fit=1200%2C889&ssl=1&resize=1050%2C600 3x"},"classes":[]},{"id":59253,"url":"https:\/\/blogdoprosperi.com\/?p=59253","url_meta":{"origin":59021,"position":2},"title":"Di\u00e1rio do Neymar (05\/6) | Nova resson\u00e2ncia na panturrilha define futuro do craque na Copa","author":"Luiz Ant\u00f4nio Pr\u00f3speri","date":"5 de junho de 2026","format":false,"excerpt":"Luiz Ant\u00f4nio Pr\u00f3speri \u2013 5 junho 2026 (13h49) Neymar est\u00e1 bem perto de voltar aos treinamentos com seus companheiros de Sele\u00e7\u00e3o Brasileira. A proje\u00e7\u00e3o \u00e9 do chefe Carlo Ancelotti. \"Acho que \u00e9 bastante clara (situa\u00e7\u00e3o de Neymar). Est\u00e1 fazendo um \u00f3timo trabalho individual. Creio que amanh\u00e3 (06\/6) vai fazer uma\u2026","rel":"","context":"Em &quot;copa 2026&quot;","block_context":{"text":"copa 2026","link":"https:\/\/blogdoprosperi.com\/?cat=36820279"},"img":{"alt_text":"","src":"https:\/\/i0.wp.com\/blogdoprosperi.com\/wp-content\/uploads\/2026\/06\/Captura-de-Tela-2026-06-05-as-13.28.03.png?fit=1200%2C864&ssl=1&resize=350%2C200","width":350,"height":200,"srcset":"https:\/\/i0.wp.com\/blogdoprosperi.com\/wp-content\/uploads\/2026\/06\/Captura-de-Tela-2026-06-05-as-13.28.03.png?fit=1200%2C864&ssl=1&resize=350%2C200 1x, https:\/\/i0.wp.com\/blogdoprosperi.com\/wp-content\/uploads\/2026\/06\/Captura-de-Tela-2026-06-05-as-13.28.03.png?fit=1200%2C864&ssl=1&resize=525%2C300 1.5x, https:\/\/i0.wp.com\/blogdoprosperi.com\/wp-content\/uploads\/2026\/06\/Captura-de-Tela-2026-06-05-as-13.28.03.png?fit=1200%2C864&ssl=1&resize=700%2C400 2x, https:\/\/i0.wp.com\/blogdoprosperi.com\/wp-content\/uploads\/2026\/06\/Captura-de-Tela-2026-06-05-as-13.28.03.png?fit=1200%2C864&ssl=1&resize=1050%2C600 3x"},"classes":[]},{"id":38636,"url":"https:\/\/blogdoprosperi.com\/?p=38636","url_meta":{"origin":59021,"position":3},"title":"Neymar reaparece na hora mais in\u00fatil","author":"Luiz Ant\u00f4nio Pr\u00f3speri","date":"15 de junho de 2021","format":false,"excerpt":"Neymar aumenta sua cole\u00e7\u00e3o de gols e se amea\u00e7a Pel\u00e9. Reaparece na hora mais in\u00fatil.","rel":"","context":"Em &quot;copa do mundo catar 2022&quot;","block_context":{"text":"copa do mundo catar 2022","link":"https:\/\/blogdoprosperi.com\/?cat=301049609"},"img":{"alt_text":"Neymar nas pegadas de Pel\u00e9","src":"https:\/\/i0.wp.com\/blogdoprosperi.com\/wp-content\/uploads\/2021\/06\/51245390873_a8c7734b13_c.jpg?fit=799%2C533&ssl=1&resize=350%2C200","width":350,"height":200,"srcset":"https:\/\/i0.wp.com\/blogdoprosperi.com\/wp-content\/uploads\/2021\/06\/51245390873_a8c7734b13_c.jpg?fit=799%2C533&ssl=1&resize=350%2C200 1x, https:\/\/i0.wp.com\/blogdoprosperi.com\/wp-content\/uploads\/2021\/06\/51245390873_a8c7734b13_c.jpg?fit=799%2C533&ssl=1&resize=525%2C300 1.5x, https:\/\/i0.wp.com\/blogdoprosperi.com\/wp-content\/uploads\/2021\/06\/51245390873_a8c7734b13_c.jpg?fit=799%2C533&ssl=1&resize=700%2C400 2x"},"classes":[]},{"id":54816,"url":"https:\/\/blogdoprosperi.com\/?p=54816","url_meta":{"origin":59021,"position":4},"title":"Ancelotti Quer Jogadores Voando na Sele\u00e7\u00e3o Brasileira, Da\u00ed Aus\u00eancia de Neymar","author":"Luiz Ant\u00f4nio Pr\u00f3speri","date":"3 de setembro de 2025","format":false,"excerpt":"Acompanhe entrevista coletiva de Carlo Ancelotti pr\u00e9-jogo Brasil x Chile (quinta-feira, 4\/9). T\u00e9cnico italiano da Sele\u00e7\u00e3o Brasileira refor\u00e7a sua tese de que vai apostar em jogadores que estejam \"voando\" nos crit\u00e9rios t\u00e9cnico e f\u00edsico. O que n\u00e3o \u00e9 o caso de Neymar nesse momento, h\u00e1 menos de um ano da\u2026","rel":"","context":"Em &quot;futebol&quot;","block_context":{"text":"futebol","link":"https:\/\/blogdoprosperi.com\/?cat=53870"},"img":{"alt_text":"Ancelotti \u2013 coletiva pr\u00e9-jogo Brasil x Tun\u00edsia","src":"https:\/\/i0.wp.com\/blogdoprosperi.com\/wp-content\/uploads\/2025\/09\/54761977377_e33290c7f9_c.jpg?fit=800%2C551&ssl=1&resize=350%2C200","width":350,"height":200,"srcset":"https:\/\/i0.wp.com\/blogdoprosperi.com\/wp-content\/uploads\/2025\/09\/54761977377_e33290c7f9_c.jpg?fit=800%2C551&ssl=1&resize=350%2C200 1x, https:\/\/i0.wp.com\/blogdoprosperi.com\/wp-content\/uploads\/2025\/09\/54761977377_e33290c7f9_c.jpg?fit=800%2C551&ssl=1&resize=525%2C300 1.5x, https:\/\/i0.wp.com\/blogdoprosperi.com\/wp-content\/uploads\/2025\/09\/54761977377_e33290c7f9_c.jpg?fit=800%2C551&ssl=1&resize=700%2C400 2x"},"classes":[]},{"id":37743,"url":"https:\/\/blogdoprosperi.com\/?p=37743","url_meta":{"origin":59021,"position":5},"title":"Tite n\u00e3o pode nem deve cortar Neymar da Sele\u00e7\u00e3o na Copa Am\u00e9rica","author":"Luiz Ant\u00f4nio Pr\u00f3speri","date":"3 de junho de 2019","format":false,"excerpt":"Tite n\u00e3o pode ser carrasco, nem julgador dos atos de Neymar. Sua miss\u00e3o \u00e9 conduzir a Sele\u00e7\u00e3o Brasileira, para isso \u00e9 pago, e bem, pela CBF. Neste momento quem deve responder por Neymar \u00e9 o pr\u00f3prio jogador, seus pares, a pol\u00edcia, a Justi\u00e7a. N\u00e3o cabe ao treinador da Sele\u00e7\u00e3o punir\u2026","rel":"","context":"Em &quot;futebol&quot;","block_context":{"text":"futebol","link":"https:\/\/blogdoprosperi.com\/?cat=53870"},"img":{"alt_text":"","src":"https:\/\/i0.wp.com\/blogdoprosperi.com\/wp-content\/uploads\/2019\/06\/62b83033fd43a943ad8fd24d4cd460f13268a003.jpg?fit=768%2C512&ssl=1&resize=350%2C200","width":350,"height":200,"srcset":"https:\/\/i0.wp.com\/blogdoprosperi.com\/wp-content\/uploads\/2019\/06\/62b83033fd43a943ad8fd24d4cd460f13268a003.jpg?fit=768%2C512&ssl=1&resize=350%2C200 1x, https:\/\/i0.wp.com\/blogdoprosperi.com\/wp-content\/uploads\/2019\/06\/62b83033fd43a943ad8fd24d4cd460f13268a003.jpg?fit=768%2C512&ssl=1&resize=525%2C300 1.5x, https:\/\/i0.wp.com\/blogdoprosperi.com\/wp-content\/uploads\/2019\/06\/62b83033fd43a943ad8fd24d4cd460f13268a003.jpg?fit=768%2C512&ssl=1&resize=700%2C400 2x"},"classes":[]}],"jetpack_featured_media_url":"https:\/\/i0.wp.com\/blogdoprosperi.com\/wp-content\/uploads\/2026\/05\/Captura-de-Tela-2026-05-29-as-01.16.20.png?fit=1110%2C582&ssl=1","_links":{"self":[{"href":"https:\/\/blogdoprosperi.com\/index.php?rest_route=\/wp\/v2\/posts\/59021","targetHints":{"allow":["GET"]}}],"collection":[{"href":"https:\/\/blogdoprosperi.com\/index.php?rest_route=\/wp\/v2\/posts"}],"about":[{"href":"https:\/\/blogdoprosperi.com\/index.php?rest_route=\/wp\/v2\/types\/post"}],"author":[{"embeddable":true,"href":"https:\/\/blogdoprosperi.com\/index.php?rest_route=\/wp\/v2\/users\/102107496"}],"replies":[{"embeddable":true,"href":"https:\/\/blogdoprosperi.com\/index.php?rest_route=%2Fwp%2Fv2%2Fcomments&post=59021"}],"version-history":[{"count":9,"href":"https:\/\/blogdoprosperi.com\/index.php?rest_route=\/wp\/v2\/posts\/59021\/revisions"}],"predecessor-version":[{"id":59031,"href":"https:\/\/blogdoprosperi.com\/index.php?rest_route=\/wp\/v2\/posts\/59021\/revisions\/59031"}],"wp:featuredmedia":[{"embeddable":true,"href":"https:\/\/blogdoprosperi.com\/index.php?rest_route=\/wp\/v2\/media\/59027"}],"wp:attachment":[{"href":"https:\/\/blogdoprosperi.com\/index.php?rest_route=%2Fwp%2Fv2%2Fmedia&parent=59021"}],"wp:term":[{"taxonomy":"category","embeddable":true,"href":"https:\/\/blogdoprosperi.com\/index.php?rest_route=%2Fwp%2Fv2%2Fcategories&post=59021"},{"taxonomy":"post_tag","embeddable":true,"href":"https:\/\/blogdoprosperi.com\/index.php?rest_route=%2Fwp%2Fv2%2Ftags&post=59021"}],"curies":[{"name":"wp","href":"https:\/\/api.w.org\/{rel}","templated":true}]}}