{"id":59042,"date":"2026-05-30T09:01:32","date_gmt":"2026-05-30T12:01:32","guid":{"rendered":"https:\/\/blogdoprosperi.com\/?p=59042"},"modified":"2026-05-30T09:01:32","modified_gmt":"2026-05-30T12:01:32","slug":"ao-vivo-acompanhe-entrevista-coletiva-de-carlo-ancelotti-pre-amistoso-brasil-x-panama","status":"publish","type":"post","link":"https:\/\/blogdoprosperi.com\/?p=59042","title":{"rendered":"Ao Vivo Acompanhe entrevista coletiva de Carlo Ancelotti pr\u00e9-amistoso Brasil x Panam\u00e1"},"content":{"rendered":"<p>Carlo Ancelotti concede neste s\u00e1bado (30\/5), 9h30, primeira entrevista coletiva no in\u00edcio da prepara\u00e7\u00e3o da Sele\u00e7\u00e3o Brasileira para Copa do Mundo 2026. Acompanhe v\u00eddeo oficial da CBF TV:<\/p>\n<p>&nbsp;<\/p>\n<p><a href=\"https:\/\/www.youtube.com\/live\/dh_NSmR0amQ?si=Iz8gR-ZD3kKFsd1K\">https:\/\/www.youtube.com\/live\/dh_NSmR0amQ?si=Iz8gR-ZD3kKFsd1K<\/a><\/p>\n","protected":false},"excerpt":{"rendered":"<p>Carlo Ancelotti concede neste s\u00e1bado (30\/5), 9h30, primeira entrevista coletiva no in\u00edcio da prepara\u00e7\u00e3o da Sele\u00e7\u00e3o Brasileira para [&hellip;]<\/p>\n","protected":false},"author":102107496,"featured_media":59048,"comment_status":"open","ping_status":"open","sticky":false,"template":"","format":"standard","meta":{"_coblocks_attr":"","_coblocks_dimensions":"","_coblocks_responsive_height":"","_coblocks_accordion_ie_support":"","_jetpack_newsletter_access":"","_jetpack_dont_email_post_to_subs":false,"_jetpack_newsletter_tier_id":0,"_jetpack_memberships_contains_paywalled_content":false,"_wpcom_ai_launchpad_first_post":false,"_jetpack_feature_clip_id":0,"_jetpack_memberships_contains_paid_content":false,"footnotes":"","jetpack_publicize_message":"","jetpack_publicize_feature_enabled":true,"jetpack_social_post_already_shared":true,"jetpack_social_options":{"image_generator_settings":{"template":"highway","default_image_id":0,"font":"","enabled":false},"version":2},"jetpack_post_was_ever_published":false},"categories":[36820279,53870,174694],"tags":[1016127,569949222,10149860],"class_list":["post-59042","post","type-post","status-publish","format-standard","has-post-thumbnail","hentry","category-copa-2026","category-futebol","category-selecao-brasileira","tag-ancelotti","tag-copa2026","tag-selecaobrasileira"],"yoast_head":"<!-- This site is optimized with the Yoast SEO plugin v28.3 - https:\/\/yoast.com\/product\/yoast-seo-wordpress\/ -->\n<title>Ao Vivo Acompanhe entrevista coletiva de Carlo Ancelotti pr\u00e9-amistoso Brasil x Panam\u00e1 - PR\u00d3SPERI NEWS<\/title>\n<meta name=\"robots\" content=\"index, follow, max-snippet:-1, max-image-preview:large, max-video-preview:-1\" \/>\n<link rel=\"canonical\" href=\"https:\/\/blogdoprosperi.com\/?p=59042\" \/>\n<meta property=\"og:locale\" content=\"pt_BR\" \/>\n<meta property=\"og:type\" content=\"article\" \/>\n<meta property=\"og:title\" content=\"Ao Vivo Acompanhe entrevista coletiva de Carlo Ancelotti pr\u00e9-amistoso Brasil x Panam\u00e1 - PR\u00d3SPERI NEWS\" \/>\n<meta property=\"og:description\" content=\"Carlo Ancelotti concede neste s\u00e1bado (30\/5), 9h30, primeira entrevista coletiva no in\u00edcio da prepara\u00e7\u00e3o da Sele\u00e7\u00e3o Brasileira para [&hellip;]\" \/>\n<meta property=\"og:url\" content=\"https:\/\/blogdoprosperi.com\/?p=59042\" \/>\n<meta property=\"og:site_name\" content=\"PR\u00d3SPERI NEWS\" \/>\n<meta property=\"article:publisher\" content=\"Luiz Pr\u00f3speri\" \/>\n<meta property=\"article:author\" content=\"Luiz Pr\u00f3speri\" \/>\n<meta property=\"article:published_time\" content=\"2026-05-30T12:01:32+00:00\" \/>\n<meta property=\"og:image\" content=\"https:\/\/blogdoprosperi.com\/wp-content\/uploads\/2026\/05\/Captura-de-Tela-2026-05-29-as-23.28.56-1024x652.png\" \/>\n\t<meta property=\"og:image:width\" content=\"1024\" \/>\n\t<meta property=\"og:image:height\" content=\"652\" \/>\n\t<meta property=\"og:image:type\" content=\"image\/png\" \/>\n<meta name=\"author\" content=\"Luiz Ant\u00f4nio Pr\u00f3speri\" \/>\n<meta name=\"twitter:card\" content=\"summary_large_image\" \/>\n<meta name=\"twitter:creator\" content=\"@Luizprosperi\" \/>\n<meta name=\"twitter:site\" content=\"@Luizprosperi\" \/>\n<meta name=\"twitter:label1\" content=\"Escrito por\" \/>\n\t<meta name=\"twitter:data1\" content=\"Luiz Ant\u00f4nio Pr\u00f3speri\" \/>\n<script type=\"application\/ld+json\" class=\"yoast-schema-graph\">{\"@context\":\"https:\\\/\\\/schema.org\",\"@graph\":[{\"@type\":\"Article\",\"@id\":\"https:\\\/\\\/blogdoprosperi.com\\\/?p=59042#article\",\"isPartOf\":{\"@id\":\"https:\\\/\\\/blogdoprosperi.com\\\/?p=59042\"},\"author\":{\"name\":\"Luiz Ant\u00f4nio Pr\u00f3speri\",\"@id\":\"https:\\\/\\\/blogdoprosperi.com\\\/#\\\/schema\\\/person\\\/38100755ce3601861ee4fab9b5aa78e9\"},\"headline\":\"Ao Vivo Acompanhe entrevista coletiva de Carlo Ancelotti pr\u00e9-amistoso Brasil x Panam\u00e1\",\"datePublished\":\"2026-05-30T12:01:32+00:00\",\"mainEntityOfPage\":{\"@id\":\"https:\\\/\\\/blogdoprosperi.com\\\/?p=59042\"},\"wordCount\":58,\"commentCount\":0,\"publisher\":{\"@id\":\"https:\\\/\\\/blogdoprosperi.com\\\/#\\\/schema\\\/person\\\/38100755ce3601861ee4fab9b5aa78e9\"},\"image\":{\"@id\":\"https:\\\/\\\/blogdoprosperi.com\\\/?p=59042#primaryimage\"},\"thumbnailUrl\":\"https:\\\/\\\/i0.wp.com\\\/blogdoprosperi.com\\\/wp-content\\\/uploads\\\/2026\\\/05\\\/Captura-de-Tela-2026-05-29-as-23.28.56.png?fit=1604%2C1022&ssl=1\",\"keywords\":[\"Ancelotti\",\"Copa2026\",\"Sele\u00e7\u00e3oBrasileira\"],\"articleSection\":[\"copa 2026\",\"futebol\",\"Sele\u00e7\u00e3o Brasileira\"],\"inLanguage\":\"pt-BR\",\"potentialAction\":[{\"@type\":\"CommentAction\",\"name\":\"Comment\",\"target\":[\"https:\\\/\\\/blogdoprosperi.com\\\/?p=59042#respond\"]}]},{\"@type\":\"WebPage\",\"@id\":\"https:\\\/\\\/blogdoprosperi.com\\\/?p=59042\",\"url\":\"https:\\\/\\\/blogdoprosperi.com\\\/?p=59042\",\"name\":\"Ao Vivo Acompanhe entrevista coletiva de Carlo Ancelotti pr\u00e9-amistoso Brasil x Panam\u00e1 - PR\u00d3SPERI NEWS\",\"isPartOf\":{\"@id\":\"https:\\\/\\\/blogdoprosperi.com\\\/#website\"},\"primaryImageOfPage\":{\"@id\":\"https:\\\/\\\/blogdoprosperi.com\\\/?p=59042#primaryimage\"},\"image\":{\"@id\":\"https:\\\/\\\/blogdoprosperi.com\\\/?p=59042#primaryimage\"},\"thumbnailUrl\":\"https:\\\/\\\/i0.wp.com\\\/blogdoprosperi.com\\\/wp-content\\\/uploads\\\/2026\\\/05\\\/Captura-de-Tela-2026-05-29-as-23.28.56.png?fit=1604%2C1022&ssl=1\",\"datePublished\":\"2026-05-30T12:01:32+00:00\",\"breadcrumb\":{\"@id\":\"https:\\\/\\\/blogdoprosperi.com\\\/?p=59042#breadcrumb\"},\"inLanguage\":\"pt-BR\",\"potentialAction\":[{\"@type\":\"ReadAction\",\"target\":[\"https:\\\/\\\/blogdoprosperi.com\\\/?p=59042\"]}]},{\"@type\":\"ImageObject\",\"inLanguage\":\"pt-BR\",\"@id\":\"https:\\\/\\\/blogdoprosperi.com\\\/?p=59042#primaryimage\",\"url\":\"https:\\\/\\\/i0.wp.com\\\/blogdoprosperi.com\\\/wp-content\\\/uploads\\\/2026\\\/05\\\/Captura-de-Tela-2026-05-29-as-23.28.56.png?fit=1604%2C1022&ssl=1\",\"contentUrl\":\"https:\\\/\\\/i0.wp.com\\\/blogdoprosperi.com\\\/wp-content\\\/uploads\\\/2026\\\/05\\\/Captura-de-Tela-2026-05-29-as-23.28.56.png?fit=1604%2C1022&ssl=1\",\"width\":1604,\"height\":1022},{\"@type\":\"BreadcrumbList\",\"@id\":\"https:\\\/\\\/blogdoprosperi.com\\\/?p=59042#breadcrumb\",\"itemListElement\":[{\"@type\":\"ListItem\",\"position\":1,\"name\":\"In\u00edcio\",\"item\":\"https:\\\/\\\/blogdoprosperi.com\\\/\"},{\"@type\":\"ListItem\",\"position\":2,\"name\":\"Ao Vivo Acompanhe entrevista coletiva de Carlo Ancelotti pr\u00e9-amistoso Brasil x Panam\u00e1\"}]},{\"@type\":\"WebSite\",\"@id\":\"https:\\\/\\\/blogdoprosperi.com\\\/#website\",\"url\":\"https:\\\/\\\/blogdoprosperi.com\\\/\",\"name\":\"PR\u00d3SPERI NEWS\",\"description\":\"TUDO \u00c9  FUTEBOL\",\"publisher\":{\"@id\":\"https:\\\/\\\/blogdoprosperi.com\\\/#\\\/schema\\\/person\\\/38100755ce3601861ee4fab9b5aa78e9\"},\"alternateName\":\"blogdoprosperi.com\",\"potentialAction\":[{\"@type\":\"SearchAction\",\"target\":{\"@type\":\"EntryPoint\",\"urlTemplate\":\"https:\\\/\\\/blogdoprosperi.com\\\/?s={search_term_string}\"},\"query-input\":{\"@type\":\"PropertyValueSpecification\",\"valueRequired\":true,\"valueName\":\"search_term_string\"}}],\"inLanguage\":\"pt-BR\"},{\"@type\":[\"Person\",\"Organization\"],\"@id\":\"https:\\\/\\\/blogdoprosperi.com\\\/#\\\/schema\\\/person\\\/38100755ce3601861ee4fab9b5aa78e9\",\"name\":\"Luiz Ant\u00f4nio Pr\u00f3speri\",\"pronouns\":\"ele\",\"image\":{\"@type\":\"ImageObject\",\"inLanguage\":\"pt-BR\",\"@id\":\"https:\\\/\\\/i0.wp.com\\\/blogdoprosperi.com\\\/wp-content\\\/uploads\\\/2026\\\/05\\\/cropped-8059e613-6002-42fa-961e-8e275f575d71-2-5.jpg?fit=1360%2C931&ssl=1\",\"url\":\"https:\\\/\\\/i0.wp.com\\\/blogdoprosperi.com\\\/wp-content\\\/uploads\\\/2026\\\/05\\\/cropped-8059e613-6002-42fa-961e-8e275f575d71-2-5.jpg?fit=1360%2C931&ssl=1\",\"contentUrl\":\"https:\\\/\\\/i0.wp.com\\\/blogdoprosperi.com\\\/wp-content\\\/uploads\\\/2026\\\/05\\\/cropped-8059e613-6002-42fa-961e-8e275f575d71-2-5.jpg?fit=1360%2C931&ssl=1\",\"width\":1360,\"height\":931,\"caption\":\"Luiz Ant\u00f4nio Pr\u00f3speri\"},\"logo\":{\"@id\":\"https:\\\/\\\/i0.wp.com\\\/blogdoprosperi.com\\\/wp-content\\\/uploads\\\/2026\\\/05\\\/cropped-8059e613-6002-42fa-961e-8e275f575d71-2-5.jpg?fit=1360%2C931&ssl=1\"},\"description\":\"Jornalista com carreira dedicada ao esporte. Cobriu 9 Copas do Mundo in loco, 1990 na It\u00e1lia, 1994 nos EUA, 1998 na Fran\u00e7a, 2002 na Coreia do Sul e Jap\u00e3o, 2006 na Alemanha, 2010 na \u00c1frica do Sul, 2014 no Brasil, 2018 na R\u00fassia e 2022 no Qatar. Eurocopas, 1992 na Su\u00e9cia e 1996 na Inglaterra. Copa das Confedera\u00e7\u00f5es de 2005 na Alemanha e 2009 na \u00c1frica do Sul. Rep\u00f3rter e Editor, trabalhou no Jornal da Tarde e Estad\u00e3o, de 1984 a fevereiro de 2016. Colunista, blogueiro. E comentarista de futebol na R\u00e1dio Estad\u00e3o, de 2013 a fevereiro de 2016. Jornalista respons\u00e1vel do \\\"Pr\u00f3speri News\\\" (blogdoprosperi.com).\",\"sameAs\":[\"http:\\\/\\\/blogdoprosperi.com\",\"Luiz Pr\u00f3speri\",\"@luiz_prosperi\",\"https:\\\/\\\/x.com\\\/Luizprosperi\",\"@prosperinacopa\",\"luiz.prosperi@icloud.com\"],\"url\":\"https:\\\/\\\/blogdoprosperi.com\\\/?author=102107496\"}]}<\/script>\n<!-- \/ Yoast SEO plugin. -->","yoast_head_json":{"title":"Ao Vivo Acompanhe entrevista coletiva de Carlo Ancelotti pr\u00e9-amistoso Brasil x Panam\u00e1 - PR\u00d3SPERI NEWS","robots":{"index":"index","follow":"follow","max-snippet":"max-snippet:-1","max-image-preview":"max-image-preview:large","max-video-preview":"max-video-preview:-1"},"canonical":"https:\/\/blogdoprosperi.com\/?p=59042","og_locale":"pt_BR","og_type":"article","og_title":"Ao Vivo Acompanhe entrevista coletiva de Carlo Ancelotti pr\u00e9-amistoso Brasil x Panam\u00e1 - PR\u00d3SPERI NEWS","og_description":"Carlo Ancelotti concede neste s\u00e1bado (30\/5), 9h30, primeira entrevista coletiva no in\u00edcio da prepara\u00e7\u00e3o da Sele\u00e7\u00e3o Brasileira para [&hellip;]","og_url":"https:\/\/blogdoprosperi.com\/?p=59042","og_site_name":"PR\u00d3SPERI NEWS","article_publisher":"Luiz Pr\u00f3speri","article_author":"Luiz Pr\u00f3speri","article_published_time":"2026-05-30T12:01:32+00:00","og_image":[{"width":1024,"height":652,"url":"https:\/\/blogdoprosperi.com\/wp-content\/uploads\/2026\/05\/Captura-de-Tela-2026-05-29-as-23.28.56-1024x652.png","type":"image\/png"}],"author":"Luiz Ant\u00f4nio Pr\u00f3speri","twitter_card":"summary_large_image","twitter_creator":"@Luizprosperi","twitter_site":"@Luizprosperi","twitter_misc":{"Escrito por":"Luiz Ant\u00f4nio Pr\u00f3speri"},"schema":{"@context":"https:\/\/schema.org","@graph":[{"@type":"Article","@id":"https:\/\/blogdoprosperi.com\/?p=59042#article","isPartOf":{"@id":"https:\/\/blogdoprosperi.com\/?p=59042"},"author":{"name":"Luiz Ant\u00f4nio Pr\u00f3speri","@id":"https:\/\/blogdoprosperi.com\/#\/schema\/person\/38100755ce3601861ee4fab9b5aa78e9"},"headline":"Ao Vivo Acompanhe entrevista coletiva de Carlo Ancelotti pr\u00e9-amistoso Brasil x Panam\u00e1","datePublished":"2026-05-30T12:01:32+00:00","mainEntityOfPage":{"@id":"https:\/\/blogdoprosperi.com\/?p=59042"},"wordCount":58,"commentCount":0,"publisher":{"@id":"https:\/\/blogdoprosperi.com\/#\/schema\/person\/38100755ce3601861ee4fab9b5aa78e9"},"image":{"@id":"https:\/\/blogdoprosperi.com\/?p=59042#primaryimage"},"thumbnailUrl":"https:\/\/i0.wp.com\/blogdoprosperi.com\/wp-content\/uploads\/2026\/05\/Captura-de-Tela-2026-05-29-as-23.28.56.png?fit=1604%2C1022&ssl=1","keywords":["Ancelotti","Copa2026","Sele\u00e7\u00e3oBrasileira"],"articleSection":["copa 2026","futebol","Sele\u00e7\u00e3o Brasileira"],"inLanguage":"pt-BR","potentialAction":[{"@type":"CommentAction","name":"Comment","target":["https:\/\/blogdoprosperi.com\/?p=59042#respond"]}]},{"@type":"WebPage","@id":"https:\/\/blogdoprosperi.com\/?p=59042","url":"https:\/\/blogdoprosperi.com\/?p=59042","name":"Ao Vivo Acompanhe entrevista coletiva de Carlo Ancelotti pr\u00e9-amistoso Brasil x Panam\u00e1 - PR\u00d3SPERI NEWS","isPartOf":{"@id":"https:\/\/blogdoprosperi.com\/#website"},"primaryImageOfPage":{"@id":"https:\/\/blogdoprosperi.com\/?p=59042#primaryimage"},"image":{"@id":"https:\/\/blogdoprosperi.com\/?p=59042#primaryimage"},"thumbnailUrl":"https:\/\/i0.wp.com\/blogdoprosperi.com\/wp-content\/uploads\/2026\/05\/Captura-de-Tela-2026-05-29-as-23.28.56.png?fit=1604%2C1022&ssl=1","datePublished":"2026-05-30T12:01:32+00:00","breadcrumb":{"@id":"https:\/\/blogdoprosperi.com\/?p=59042#breadcrumb"},"inLanguage":"pt-BR","potentialAction":[{"@type":"ReadAction","target":["https:\/\/blogdoprosperi.com\/?p=59042"]}]},{"@type":"ImageObject","inLanguage":"pt-BR","@id":"https:\/\/blogdoprosperi.com\/?p=59042#primaryimage","url":"https:\/\/i0.wp.com\/blogdoprosperi.com\/wp-content\/uploads\/2026\/05\/Captura-de-Tela-2026-05-29-as-23.28.56.png?fit=1604%2C1022&ssl=1","contentUrl":"https:\/\/i0.wp.com\/blogdoprosperi.com\/wp-content\/uploads\/2026\/05\/Captura-de-Tela-2026-05-29-as-23.28.56.png?fit=1604%2C1022&ssl=1","width":1604,"height":1022},{"@type":"BreadcrumbList","@id":"https:\/\/blogdoprosperi.com\/?p=59042#breadcrumb","itemListElement":[{"@type":"ListItem","position":1,"name":"In\u00edcio","item":"https:\/\/blogdoprosperi.com\/"},{"@type":"ListItem","position":2,"name":"Ao Vivo Acompanhe entrevista coletiva de Carlo Ancelotti pr\u00e9-amistoso Brasil x Panam\u00e1"}]},{"@type":"WebSite","@id":"https:\/\/blogdoprosperi.com\/#website","url":"https:\/\/blogdoprosperi.com\/","name":"PR\u00d3SPERI NEWS","description":"TUDO \u00c9  FUTEBOL","publisher":{"@id":"https:\/\/blogdoprosperi.com\/#\/schema\/person\/38100755ce3601861ee4fab9b5aa78e9"},"alternateName":"blogdoprosperi.com","potentialAction":[{"@type":"SearchAction","target":{"@type":"EntryPoint","urlTemplate":"https:\/\/blogdoprosperi.com\/?s={search_term_string}"},"query-input":{"@type":"PropertyValueSpecification","valueRequired":true,"valueName":"search_term_string"}}],"inLanguage":"pt-BR"},{"@type":["Person","Organization"],"@id":"https:\/\/blogdoprosperi.com\/#\/schema\/person\/38100755ce3601861ee4fab9b5aa78e9","name":"Luiz Ant\u00f4nio Pr\u00f3speri","pronouns":"ele","image":{"@type":"ImageObject","inLanguage":"pt-BR","@id":"https:\/\/i0.wp.com\/blogdoprosperi.com\/wp-content\/uploads\/2026\/05\/cropped-8059e613-6002-42fa-961e-8e275f575d71-2-5.jpg?fit=1360%2C931&ssl=1","url":"https:\/\/i0.wp.com\/blogdoprosperi.com\/wp-content\/uploads\/2026\/05\/cropped-8059e613-6002-42fa-961e-8e275f575d71-2-5.jpg?fit=1360%2C931&ssl=1","contentUrl":"https:\/\/i0.wp.com\/blogdoprosperi.com\/wp-content\/uploads\/2026\/05\/cropped-8059e613-6002-42fa-961e-8e275f575d71-2-5.jpg?fit=1360%2C931&ssl=1","width":1360,"height":931,"caption":"Luiz Ant\u00f4nio Pr\u00f3speri"},"logo":{"@id":"https:\/\/i0.wp.com\/blogdoprosperi.com\/wp-content\/uploads\/2026\/05\/cropped-8059e613-6002-42fa-961e-8e275f575d71-2-5.jpg?fit=1360%2C931&ssl=1"},"description":"Jornalista com carreira dedicada ao esporte. Cobriu 9 Copas do Mundo in loco, 1990 na It\u00e1lia, 1994 nos EUA, 1998 na Fran\u00e7a, 2002 na Coreia do Sul e Jap\u00e3o, 2006 na Alemanha, 2010 na \u00c1frica do Sul, 2014 no Brasil, 2018 na R\u00fassia e 2022 no Qatar. Eurocopas, 1992 na Su\u00e9cia e 1996 na Inglaterra. Copa das Confedera\u00e7\u00f5es de 2005 na Alemanha e 2009 na \u00c1frica do Sul. Rep\u00f3rter e Editor, trabalhou no Jornal da Tarde e Estad\u00e3o, de 1984 a fevereiro de 2016. Colunista, blogueiro. E comentarista de futebol na R\u00e1dio Estad\u00e3o, de 2013 a fevereiro de 2016. Jornalista respons\u00e1vel do \"Pr\u00f3speri News\" (blogdoprosperi.com).","sameAs":["http:\/\/blogdoprosperi.com","Luiz Pr\u00f3speri","@luiz_prosperi","https:\/\/x.com\/Luizprosperi","@prosperinacopa","luiz.prosperi@icloud.com"],"url":"https:\/\/blogdoprosperi.com\/?author=102107496"}]}},"jetpack_publicize_connections":[],"jetpack_likes_enabled":false,"jetpack_sharing_enabled":true,"jetpack_shortlink":"https:\/\/wp.me\/p7jvdk-fmi","jetpack-related-posts":[{"id":54863,"url":"https:\/\/blogdoprosperi.com\/?p=54863","url_meta":{"origin":59042,"position":0},"title":"Carlo Ancelotti | Coletiva P\u00f3s-Jogo Brasil 3 x 0 Chile","author":"Luiz Ant\u00f4nio Pr\u00f3speri","date":"5 de setembro de 2025","format":false,"excerpt":"Acompanhe entrevista coletiva de Carlo Ancelotti p\u00f3s-jogo Brasil 3 x 0 Chile pelas Eliminat\u00f3rias da Copa do Mundo de 2026. V\u00eddeo oficial CBF:","rel":"","context":"Em &quot;futebol&quot;","block_context":{"text":"futebol","link":"https:\/\/blogdoprosperi.com\/?cat=53870"},"img":{"alt_text":"Luis Henrique garante vaga na Copa","src":"https:\/\/i0.wp.com\/blogdoprosperi.com\/wp-content\/uploads\/2025\/09\/captura-de-tela-2025-09-05-as-00.23.25.png?fit=1098%2C858&ssl=1&resize=350%2C200","width":350,"height":200,"srcset":"https:\/\/i0.wp.com\/blogdoprosperi.com\/wp-content\/uploads\/2025\/09\/captura-de-tela-2025-09-05-as-00.23.25.png?fit=1098%2C858&ssl=1&resize=350%2C200 1x, https:\/\/i0.wp.com\/blogdoprosperi.com\/wp-content\/uploads\/2025\/09\/captura-de-tela-2025-09-05-as-00.23.25.png?fit=1098%2C858&ssl=1&resize=525%2C300 1.5x, https:\/\/i0.wp.com\/blogdoprosperi.com\/wp-content\/uploads\/2025\/09\/captura-de-tela-2025-09-05-as-00.23.25.png?fit=1098%2C858&ssl=1&resize=700%2C400 2x, https:\/\/i0.wp.com\/blogdoprosperi.com\/wp-content\/uploads\/2025\/09\/captura-de-tela-2025-09-05-as-00.23.25.png?fit=1098%2C858&ssl=1&resize=1050%2C600 3x"},"classes":[]},{"id":59322,"url":"https:\/\/blogdoprosperi.com\/?p=59322","url_meta":{"origin":59042,"position":1},"title":"Ao Vivo: Coletiva de Carlo Ancelotti p\u00f3s-jogo amistoso Brasil 2 a 1 Egito","author":"Luiz Ant\u00f4nio Pr\u00f3speri","date":"6 de junho de 2026","format":false,"excerpt":"Acompanhe entrevista coletiva de Carlo Ancelotti, t\u00e9cnico da Sele\u00e7\u00e3o Brasileira, p\u00f3s-jogo amistoso Brasil 2 a 1 Egito. V\u00eddeo oficial CBF TV: <iframe width=\"560\" height=\"315\" src=\"https:\/\/www.youtube.com\/embed\/ckA6mknAngg?si=bKjlHutrZ2WrbhyJ\" title=\"YouTube video player\" frameborder=\"0\" allow=\"accelerometer; autoplay; clipboard-write; encrypted-media; gyroscope; picture-in-picture; web-share\" referrerpolicy=\"strict-origin-when-cross-origin\" allowfullscreen><\/iframe>","rel":"","context":"Em &quot;copa 2026&quot;","block_context":{"text":"copa 2026","link":"https:\/\/blogdoprosperi.com\/?cat=36820279"},"img":{"alt_text":"","src":"https:\/\/i0.wp.com\/blogdoprosperi.com\/wp-content\/uploads\/2026\/06\/carlo-ancelotti-brasil-x-panama2-1.webp?fit=900%2C600&ssl=1&resize=350%2C200","width":350,"height":200,"srcset":"https:\/\/i0.wp.com\/blogdoprosperi.com\/wp-content\/uploads\/2026\/06\/carlo-ancelotti-brasil-x-panama2-1.webp?fit=900%2C600&ssl=1&resize=350%2C200 1x, https:\/\/i0.wp.com\/blogdoprosperi.com\/wp-content\/uploads\/2026\/06\/carlo-ancelotti-brasil-x-panama2-1.webp?fit=900%2C600&ssl=1&resize=525%2C300 1.5x, https:\/\/i0.wp.com\/blogdoprosperi.com\/wp-content\/uploads\/2026\/06\/carlo-ancelotti-brasil-x-panama2-1.webp?fit=900%2C600&ssl=1&resize=700%2C400 2x"},"classes":[]},{"id":59235,"url":"https:\/\/blogdoprosperi.com\/?p=59235","url_meta":{"origin":59042,"position":2},"title":"AO VIVO Coletiva de Ancelotti pr\u00e9-jogo amistoso Brasil x Egito","author":"Luiz Ant\u00f4nio Pr\u00f3speri","date":"5 de junho de 2026","format":false,"excerpt":"Acompanhe entrevista coletiva do t\u00e9cnico da Sele\u00e7\u00e3o Brasileira Carlo Ancelotti pr\u00e9-jogo amistoso Brasil x Egito. V\u00eddeo oficial CBF: <iframe width=\"560\" height=\"315\" src=\"https:\/\/www.youtube.com\/embed\/ml2bEoFBBTY?si=-jSGfs8tBWHY1lR0\" title=\"YouTube video player\" frameborder=\"0\" allow=\"accelerometer; autoplay; clipboard-write; encrypted-media; gyroscope; picture-in-picture; web-share\" referrerpolicy=\"strict-origin-when-cross-origin\" allowfullscreen><\/iframe>","rel":"","context":"Em &quot;copa 2026&quot;","block_context":{"text":"copa 2026","link":"https:\/\/blogdoprosperi.com\/?cat=36820279"},"img":{"alt_text":"","src":"https:\/\/i0.wp.com\/blogdoprosperi.com\/wp-content\/uploads\/2026\/06\/coletiva-de-imprensa-carlo-ancelotti-05062026.jpg?fit=1200%2C802&ssl=1&resize=350%2C200","width":350,"height":200,"srcset":"https:\/\/i0.wp.com\/blogdoprosperi.com\/wp-content\/uploads\/2026\/06\/coletiva-de-imprensa-carlo-ancelotti-05062026.jpg?fit=1200%2C802&ssl=1&resize=350%2C200 1x, https:\/\/i0.wp.com\/blogdoprosperi.com\/wp-content\/uploads\/2026\/06\/coletiva-de-imprensa-carlo-ancelotti-05062026.jpg?fit=1200%2C802&ssl=1&resize=525%2C300 1.5x, https:\/\/i0.wp.com\/blogdoprosperi.com\/wp-content\/uploads\/2026\/06\/coletiva-de-imprensa-carlo-ancelotti-05062026.jpg?fit=1200%2C802&ssl=1&resize=700%2C400 2x, https:\/\/i0.wp.com\/blogdoprosperi.com\/wp-content\/uploads\/2026\/06\/coletiva-de-imprensa-carlo-ancelotti-05062026.jpg?fit=1200%2C802&ssl=1&resize=1050%2C600 3x"},"classes":[]},{"id":55631,"url":"https:\/\/blogdoprosperi.com\/?p=55631","url_meta":{"origin":59042,"position":3},"title":"Ao Vivo Coletiva Carlo Ancelotti | P\u00f3s-Jogo Brasil 1 x 1 Tun\u00edsia","author":"Luiz Ant\u00f4nio Pr\u00f3speri","date":"18 de novembro de 2025","format":false,"excerpt":"Acompanhe entrevista coletiva de Carlo Ancelotti, t\u00e9cnico da Sele\u00e7\u00e3o Brasileira, p\u00f3s-jogo Brasil 1 x 1 Tun\u00edsia. V\u00eddeo oficial CBF:","rel":"","context":"Em &quot;futebol&quot;","block_context":{"text":"futebol","link":"https:\/\/blogdoprosperi.com\/?cat=53870"},"img":{"alt_text":"","src":"https:\/\/i0.wp.com\/img.youtube.com\/vi\/SDUc-bWsFmg\/0.jpg?resize=350%2C200","width":350,"height":200},"classes":[]},{"id":54816,"url":"https:\/\/blogdoprosperi.com\/?p=54816","url_meta":{"origin":59042,"position":4},"title":"Ancelotti Quer Jogadores Voando na Sele\u00e7\u00e3o Brasileira, Da\u00ed Aus\u00eancia de Neymar","author":"Luiz Ant\u00f4nio Pr\u00f3speri","date":"3 de setembro de 2025","format":false,"excerpt":"Acompanhe entrevista coletiva de Carlo Ancelotti pr\u00e9-jogo Brasil x Chile (quinta-feira, 4\/9). T\u00e9cnico italiano da Sele\u00e7\u00e3o Brasileira refor\u00e7a sua tese de que vai apostar em jogadores que estejam \"voando\" nos crit\u00e9rios t\u00e9cnico e f\u00edsico. O que n\u00e3o \u00e9 o caso de Neymar nesse momento, h\u00e1 menos de um ano da\u2026","rel":"","context":"Em &quot;futebol&quot;","block_context":{"text":"futebol","link":"https:\/\/blogdoprosperi.com\/?cat=53870"},"img":{"alt_text":"Ancelotti \u2013 coletiva pr\u00e9-jogo Brasil x Tun\u00edsia","src":"https:\/\/i0.wp.com\/blogdoprosperi.com\/wp-content\/uploads\/2025\/09\/54761977377_e33290c7f9_c.jpg?fit=800%2C551&ssl=1&resize=350%2C200","width":350,"height":200,"srcset":"https:\/\/i0.wp.com\/blogdoprosperi.com\/wp-content\/uploads\/2025\/09\/54761977377_e33290c7f9_c.jpg?fit=800%2C551&ssl=1&resize=350%2C200 1x, https:\/\/i0.wp.com\/blogdoprosperi.com\/wp-content\/uploads\/2025\/09\/54761977377_e33290c7f9_c.jpg?fit=800%2C551&ssl=1&resize=525%2C300 1.5x, https:\/\/i0.wp.com\/blogdoprosperi.com\/wp-content\/uploads\/2025\/09\/54761977377_e33290c7f9_c.jpg?fit=800%2C551&ssl=1&resize=700%2C400 2x"},"classes":[]},{"id":57179,"url":"https:\/\/blogdoprosperi.com\/?p=57179","url_meta":{"origin":59042,"position":5},"title":"V\u00eddeo | Entrevista de Matheus Cunha e Carlo Ancelotti pr\u00e9-jogo Brasil x Cro\u00e1cia","author":"Luiz Ant\u00f4nio Pr\u00f3speri","date":"30 de mar\u00e7o de 2026","format":false,"excerpt":"Acompanhe entrevista coletiva do meia Matheus Cunha e do t\u00e9cnico Carlo Ancelotti pr\u00e9-jogo Brasil x Cro\u00e1cia. V\u00eddeo oficial CBF TV. Sele\u00e7\u00e3o. Brasileira ter\u00e1 mudan\u00e7as neste amistoso amanh\u00e3, 21h (hor\u00e1rio de Bras\u00edlia), em Orlando, EUA. \u00a0","rel":"","context":"Em &quot;copa 2026&quot;","block_context":{"text":"copa 2026","link":"https:\/\/blogdoprosperi.com\/?cat=36820279"},"img":{"alt_text":"Fa;a, Ancelotti","src":"https:\/\/i0.wp.com\/blogdoprosperi.com\/wp-content\/uploads\/2026\/03\/ance_6c748d7494.webp?fit=1200%2C798&ssl=1&resize=350%2C200","width":350,"height":200,"srcset":"https:\/\/i0.wp.com\/blogdoprosperi.com\/wp-content\/uploads\/2026\/03\/ance_6c748d7494.webp?fit=1200%2C798&ssl=1&resize=350%2C200 1x, https:\/\/i0.wp.com\/blogdoprosperi.com\/wp-content\/uploads\/2026\/03\/ance_6c748d7494.webp?fit=1200%2C798&ssl=1&resize=525%2C300 1.5x, https:\/\/i0.wp.com\/blogdoprosperi.com\/wp-content\/uploads\/2026\/03\/ance_6c748d7494.webp?fit=1200%2C798&ssl=1&resize=700%2C400 2x, https:\/\/i0.wp.com\/blogdoprosperi.com\/wp-content\/uploads\/2026\/03\/ance_6c748d7494.webp?fit=1200%2C798&ssl=1&resize=1050%2C600 3x"},"classes":[]}],"jetpack_featured_media_url":"https:\/\/i0.wp.com\/blogdoprosperi.com\/wp-content\/uploads\/2026\/05\/Captura-de-Tela-2026-05-29-as-23.28.56.png?fit=1604%2C1022&ssl=1","_links":{"self":[{"href":"https:\/\/blogdoprosperi.com\/index.php?rest_route=\/wp\/v2\/posts\/59042","targetHints":{"allow":["GET"]}}],"collection":[{"href":"https:\/\/blogdoprosperi.com\/index.php?rest_route=\/wp\/v2\/posts"}],"about":[{"href":"https:\/\/blogdoprosperi.com\/index.php?rest_route=\/wp\/v2\/types\/post"}],"author":[{"embeddable":true,"href":"https:\/\/blogdoprosperi.com\/index.php?rest_route=\/wp\/v2\/users\/102107496"}],"replies":[{"embeddable":true,"href":"https:\/\/blogdoprosperi.com\/index.php?rest_route=%2Fwp%2Fv2%2Fcomments&post=59042"}],"version-history":[{"count":7,"href":"https:\/\/blogdoprosperi.com\/index.php?rest_route=\/wp\/v2\/posts\/59042\/revisions"}],"predecessor-version":[{"id":59067,"href":"https:\/\/blogdoprosperi.com\/index.php?rest_route=\/wp\/v2\/posts\/59042\/revisions\/59067"}],"wp:featuredmedia":[{"embeddable":true,"href":"https:\/\/blogdoprosperi.com\/index.php?rest_route=\/wp\/v2\/media\/59048"}],"wp:attachment":[{"href":"https:\/\/blogdoprosperi.com\/index.php?rest_route=%2Fwp%2Fv2%2Fmedia&parent=59042"}],"wp:term":[{"taxonomy":"category","embeddable":true,"href":"https:\/\/blogdoprosperi.com\/index.php?rest_route=%2Fwp%2Fv2%2Fcategories&post=59042"},{"taxonomy":"post_tag","embeddable":true,"href":"https:\/\/blogdoprosperi.com\/index.php?rest_route=%2Fwp%2Fv2%2Ftags&post=59042"}],"curies":[{"name":"wp","href":"https:\/\/api.w.org\/{rel}","templated":true}]}}