{"id":59055,"date":"2026-05-30T08:30:20","date_gmt":"2026-05-30T11:30:20","guid":{"rendered":"https:\/\/blogdoprosperi.com\/?p=59055"},"modified":"2026-05-30T11:03:35","modified_gmt":"2026-05-30T14:03:35","slug":"onde-assistir-ao-vivo-final-da-champions-league-psg-x-arsenal","status":"publish","type":"post","link":"https:\/\/blogdoprosperi.com\/?p=59055","title":{"rendered":"Onde Assistir Ao Vivo: PSG x Arsenal, Final da Champions League"},"content":{"rendered":"<p>PSG e Arsenal decidem neste s\u00e1bado (30\/5) a final da Champions League 2025\/2026, em Budapeste, Hungria. Frente a frente a zaga titular da Sele\u00e7\u00e3o Brasileira com Marquinhos (PSG) x Gabriel Magalh\u00e3es (Arsenal). Acompanhe a seguir o servi\u00e7o oficial da Uefa com tudo da final da Champions League:<\/p>\n<p><strong>Onde ver o jogo na TV<\/strong><\/p>\n<p><strong>Transmiss\u00e3o<\/strong>: \u00e0s 13h \u2013 \u00a0no SBT (canal aberto), TNT e HBO MAX (canal por assinatura)<\/p>\n<hr \/>\n<p><strong>O que voc\u00ea precisa de saber?<\/strong><\/p>\n<p>Apenas nove equipes conseguiram terminar uma campanha na competi\u00e7\u00e3o sem derrotas. O Arsenal est\u00e1 a um jogo de se tornar na pr\u00f3xima. No seu caminho est\u00e1 o Paris Saint-Germain (PSG), campe\u00e3o e o primeiro detentor do t\u00edtulo a disputar finais seguidas desde o Real Madrid em 2016\/17 e 2017\/18.<\/p>\n<p>O jogo na Pusk\u00e1s Ar\u00e9na em Budapeste \u00e9 uma reedi\u00e7\u00e3o da semifinal da temporada passada, quando a equipe de Luis Enrique venceu os dois jogos para <a href=\"https:\/\/pt.uefa.com\/uefachampionsleague\/match\/2044858--paris-vs-arsenal\/\" target=\"_self\">eliminar o Arsenal com um resultado total de 3-1<\/a>, seguindo-se uma\u00a0<a href=\"https:\/\/pt.uefa.com\/uefachampionsleague\/match\/2044466--paris-vs-inter\/\" target=\"_self\">goleada por 5-0 sobre a Inter<\/a>\u00a0para erguer o trof\u00e9u pela primeira vez. No entanto, nos\u00a0<a href=\"https:\/\/pt.uefa.com\/uefachampionsleague\/news\/02a5-209f323f079a-ef028f2e8e31-1000\/\" target=\"_self\">cinco duelos entre os clubes nesta competi\u00e7\u00e3o<\/a>, essas continuam a ser as \u00fanicas vit\u00f3rias do PSG, com o Arsenal a vencer na primeira fase de liga da temporada passada e registrando-se ainda dois empates na fase de grupos de 2016\/17.<\/p>\n<p>O Arsenal de Mikel Arteta construiu a sua campanha com base no controle defensivo, mantendo a baliza intacta em nove jogos e sofrendo apenas quatro golos na primeira fase. Vit\u00f3rias not\u00e1veis sobre Atleti, Bayern M\u00fcnchen e Inter foram seguidas por confrontos mais equilibrados na fase a eliminat\u00f3ria contra Leverkusen, Sporting e novamente o Atleti.<\/p>\n<figure id=\"attachment_59061\" aria-describedby=\"caption-attachment-59061\" style=\"width: 546px\" class=\"wp-caption alignnone\"><img data-recalc-dims=\"1\" loading=\"lazy\" decoding=\"async\" data-attachment-id=\"59061\" data-permalink=\"https:\/\/blogdoprosperi.com\/?attachment_id=59061\" data-orig-file=\"https:\/\/i0.wp.com\/blogdoprosperi.com\/wp-content\/uploads\/2026\/05\/HJe7954XYAILJj0.jpeg?fit=960%2C1200&amp;ssl=1\" data-orig-size=\"960,1200\" data-comments-opened=\"1\" data-image-meta=\"{&quot;aperture&quot;:&quot;0&quot;,&quot;credit&quot;:&quot;&quot;,&quot;camera&quot;:&quot;&quot;,&quot;caption&quot;:&quot;&quot;,&quot;created_timestamp&quot;:&quot;0&quot;,&quot;copyright&quot;:&quot;&quot;,&quot;focal_length&quot;:&quot;0&quot;,&quot;iso&quot;:&quot;0&quot;,&quot;shutter_speed&quot;:&quot;0&quot;,&quot;title&quot;:&quot;&quot;,&quot;orientation&quot;:&quot;0&quot;,&quot;alt&quot;:&quot;&quot;}\" data-image-title=\"HJe7954XYAILJj0\" data-image-description=\"\" data-image-caption=\"&lt;p&gt;foto: Uefa oficial&lt;\/p&gt;\n\" data-large-file=\"https:\/\/i0.wp.com\/blogdoprosperi.com\/wp-content\/uploads\/2026\/05\/HJe7954XYAILJj0.jpeg?fit=819%2C1024&amp;ssl=1\" class=\" wp-image-59061\" src=\"https:\/\/i0.wp.com\/blogdoprosperi.com\/wp-content\/uploads\/2026\/05\/HJe7954XYAILJj0.jpeg?resize=546%2C683&#038;ssl=1\" alt=\"\" width=\"546\" height=\"683\" srcset=\"https:\/\/i0.wp.com\/blogdoprosperi.com\/wp-content\/uploads\/2026\/05\/HJe7954XYAILJj0.jpeg?resize=819%2C1024&amp;ssl=1 819w, https:\/\/i0.wp.com\/blogdoprosperi.com\/wp-content\/uploads\/2026\/05\/HJe7954XYAILJj0.jpeg?resize=302%2C378&amp;ssl=1 302w, https:\/\/i0.wp.com\/blogdoprosperi.com\/wp-content\/uploads\/2026\/05\/HJe7954XYAILJj0.jpeg?resize=120%2C150&amp;ssl=1 120w, https:\/\/i0.wp.com\/blogdoprosperi.com\/wp-content\/uploads\/2026\/05\/HJe7954XYAILJj0.jpeg?resize=768%2C960&amp;ssl=1 768w, https:\/\/i0.wp.com\/blogdoprosperi.com\/wp-content\/uploads\/2026\/05\/HJe7954XYAILJj0.jpeg?resize=450%2C563&amp;ssl=1 450w, https:\/\/i0.wp.com\/blogdoprosperi.com\/wp-content\/uploads\/2026\/05\/HJe7954XYAILJj0.jpeg?resize=480%2C600&amp;ssl=1 480w, https:\/\/i0.wp.com\/blogdoprosperi.com\/wp-content\/uploads\/2026\/05\/HJe7954XYAILJj0.jpeg?w=960&amp;ssl=1 960w\" sizes=\"auto, (max-width: 546px) 100vw, 546px\" \/><figcaption id=\"caption-attachment-59061\" class=\"wp-caption-text\">foto: Uefa oficial<\/figcaption><\/figure>\n<p>O Paris foi avan\u00e7ando no torneio gra\u00e7as \u00e0 sua apet\u00eancia ofensiva. Os 44 gols marcados deixam a equipe a apenas um do <a href=\"https:\/\/pt.uefa.com\/uefachampionsleague\/news\/02a5-208afa06fd62-847df8717a32-1000\/\" target=\"_self\">recorde hist\u00f3rico do Barcelona em 1999\/2000<\/a>, com Khvicha Kvaratskhelia em destaque. Trabalhador e imprevis\u00edvel, o georgiano contribuiu com dez gols e seis assist\u00eancias ao longo da temporada, sendo que sete desses tentos aconteceram na fase a eliminar, mostrando que est\u00e1 em grande forma.<\/p>\n<p>Ap\u00f3s vit\u00f3rias fulgurantes sobre Atalanta, Leverkusen, Barcelona e Tottenham no in\u00edcio da temporada, o PSG subiu de n\u00edvel na fase a eliminat\u00f3ria, passando por Chelsea e Liverpool antes de uma <a href=\"https:\/\/pt.uefa.com\/uefachampionsleague\/news\/02a4-207ff969510d-7c302f95ab6c-1000\/\" target=\"_self\">emocionante semifinal frente ao Bayern Munique<\/a>, num cl\u00e1ssico moderno para a hist\u00f3ria.<\/p>\n<p>A ascens\u00e3o do Arsenal sob o comando de Arteta tem sido gradual mas significativa: quartos-de-final em 2023\/24, meias-finais em 2024\/25 e agora a primeira final desde 2005\/06. Para o Arsenal, a vit\u00f3ria coroa uma temporada hist\u00f3rica, com a conquista do primeiro t\u00edtulo na prova, enquanto para o Paris garante o segundo t\u00edtulo europeu, sendo o primeiro clube franc\u00eas a consegui-lo e consolidando ainda mais o\u00a0<a href=\"https:\/\/pt.uefa.com\/uefachampionsleague\/news\/0275-1540808feff3-d0acf5bb8c49-1000\/\" target=\"_self\">legado de Luis Enrique no clube<\/a>.<\/p>\n<hr \/>\n<p><b>Onzes prov\u00e1veis<\/b><\/p>\n<p><b>PSG<\/b>: Safonov; Hakimi, Marquinhos, Willian Pacho, Nuno Mendes; Za\u00efre-Emery, Vitinha, Jo\u00e3o Neves; Dou\u00e9, Demb\u00e9l\u00e9, Kvaratskhelia<\/p>\n<p><b>Arsenal<\/b>: Raya; Mosquera, Saliba, Gabriel, Calafiori; Rice, Lewis-Skelly, \u00d8degaard; Saka, Gy\u00f6keres, Trossard<\/p>\n<hr \/>\n<p><b>Declara\u00e7\u00f5es<\/b><\/p>\n<p><strong>Demb\u00e9l\u00e9, atacante do PSG:<\/strong> &#8220;Estamos a saborear estes momentos. Temos um grupo jovem, um grupo fant\u00e1stico que quer conquistar trof\u00e9us. Estamos ansiosos por ganhar tudo, seja a final da Champions League, o campeonato ou t\u00edtulos nacionais. Se se quer estar no topo, \u00e9 preciso conquistar este tipo de trof\u00e9us v\u00e1rias vezes.&#8221;<\/p>\n<p><b>Marquinhos, capit\u00e3o do PSG<\/b>: &#8220;\u00c9 sempre importante estar motivado. Mais uma vez demonstramos isso este ano. Estes s\u00e3o momentos decisivos. Quando se ganha, quando se saboreia esse sucesso, fica-se com uma enorme vontade de reviver essa sensa\u00e7\u00e3o. A emo\u00e7\u00e3o, o ambiente no balne\u00e1rio; somos competidores.&#8221;<\/p>\n<p><b>Luis Enrique, treinador do Paris<\/b>: &#8220;Adorei todos os jogos que disputamos nesta competi\u00e7\u00e3o esta temporada. Demonstramos, sobretudo nesses oito jogos eliminat\u00f3rios, quanto somos uma boa equipe. Tivemos de sofrer nesses jogos, mas mostramos o que valemos. Temos de aproveitar estes jogos, porque nunca se sabe quando voltaremos a viver momentos como estes.&#8221;<\/p>\n<p><b>\u00d8degaard, meia do Arsenal<\/b>: &#8220;\u00c9 algo de especial que podemos alcan\u00e7ar. Passaram 22 anos desde a \u00faltima vez que ganhamos a Premier League, agora queremos fazer mais hist\u00f3ria. Quando se prova a sensa\u00e7\u00e3o de erguer um trof\u00e9u, quer-se voltar a faz\u00ea-lo. Significaria muito para todos, por isso estamos ansiosos pelo jogo.&#8221;<\/p>\n<p><b>Saka, atacante do Arsenal<\/b>: &#8220;Tivemos uma semana para recuperar e preparar-nos. O jogo n\u00e3o se decidir\u00e1 por minutos \u2013 decidir-se-\u00e1 por momentos. O Mikel [Arteta] deixou claro que a sua miss\u00e3o era trazer o clube de volta ao lugar onde pertence. Estou orgulhoso por termos conseguido isso. Tem sido uma longa jornada, com algumas desilus\u00f5es pelo caminho. Mas apoi\u00e1mo-nos uns aos outros e seguimos em frente.&#8221;<\/p>\n<p><b>Mikel Arteta, treinador do Arsenal<\/b>: &#8220;A prepara\u00e7\u00e3o tem sido realmente muito boa, concentrada e positiva. Estamos aqui porque conquistamos o direito de estar aqui pela forma como jogamos na competi\u00e7\u00e3o. Amanh\u00e3 (hoje), naquele campo, vamos ter de conquistar o direito de ir buscar o trof\u00e9u.&#8221;<\/p>\n<hr \/>\n<p><b>Opini\u00e3o do rep\u00f3rter<\/b><\/p>\n<p><b>Alex Clementson, rep\u00f3rter a acompanhar o PSG:<\/b><br \/>\n&#8220;Uma vez \u00e9 hist\u00f3rico, duas vezes \u00e9 lend\u00e1rio&#8221;, dizia uma faixa desfraldada pelos adeptos do clube durante um jogo amig\u00e1vel interno no fim de semana e a final em Budapeste oferece ao Paris a oportunidade de se imortalizar no pante\u00e3o dos grandes. Com 23 gols marcados na fase a eliminar desta temporada e 44 no total, a sua caracter\u00edstica ousadia ofensiva n\u00e3o d\u00e1 sinais de abrandar. A forma como o Paris sufocou o Bayern defensivamente durante o jogo de volta das semifinais, no entanto, revelou o seu lado mais duro. Junte-se esses dois elementos no s\u00e1bado e o Paris poder\u00e1 muito bem tornar-se na primeira equipe desde o Real Madrid a revalidar o t\u00edtulo da Champions League.<\/p>\n<p><b>Joe Terry, rep\u00f3rter a acompanhar o Arsenal<\/b><br \/>\nTalvez seja uma simplifica\u00e7\u00e3o excessiva descrever a final da Champions League desta temporada como o ataque do Paris contra a defesa do Arsenal, mas os Gunners s\u00e3o provavelmente a equipe mais bem equipada para neutralizar o ataque devastador dos franceses. O n\u00facleo da defesa do Arsenal \u2013 o trio formado por David Raya, William Saliba e Gabriel Magalh\u00e3es \u2013 foi respons\u00e1vel pelo menor n\u00famero de gols sofridos, tanto na campanha vitoriosa da Premier League como no percurso at\u00e9 \u00e0 final em Budapeste. Os jogadores estar\u00e3o em alta ap\u00f3s celebrarem o seu primeiro t\u00edtulo da Premier League em 22 anos e v\u00e3o acreditar em si pr\u00f3prios a partir da posi\u00e7\u00e3o de n\u00e3o favoritos, especialmente porque ter\u00e3o aprendido com a derrota na semifinal da temporada passada contra o mesmo advers\u00e1rio. Foi uma eliminat\u00f3ria renhida que o Paris mereceu vencer, mas o Arsenal deu um grande passo em frente desde ent\u00e3o.<\/p>\n","protected":false},"excerpt":{"rendered":"<p>PSG e Arsenal decidem neste s\u00e1bado (30\/5) a final da Champions League 2025\/2026, em Budapeste, Hungria. Frente a [&hellip;]<\/p>\n","protected":false},"author":102107496,"featured_media":59060,"comment_status":"open","ping_status":"open","sticky":false,"template":"","format":"standard","meta":{"_coblocks_attr":"","_coblocks_dimensions":"","_coblocks_responsive_height":"","_coblocks_accordion_ie_support":"","_jetpack_newsletter_access":"","_jetpack_dont_email_post_to_subs":false,"_jetpack_newsletter_tier_id":0,"_jetpack_memberships_contains_paywalled_content":false,"_wpcom_ai_launchpad_first_post":false,"_jetpack_feature_clip_id":0,"_jetpack_memberships_contains_paid_content":false,"footnotes":"","jetpack_publicize_message":"","jetpack_publicize_feature_enabled":true,"jetpack_social_post_already_shared":true,"jetpack_social_options":{"image_generator_settings":{"template":"highway","default_image_id":0,"font":"","enabled":false},"version":2},"jetpack_post_was_ever_published":false},"categories":[9107,53870],"tags":[422966,789560616,779279718,1207995,789234862],"class_list":["post-59055","post","type-post","status-publish","format-standard","has-post-thumbnail","hentry","category-champions-league","category-futebol","tag-championsleague","tag-finalchampions","tag-gabrielmagalhaes","tag-marquinhos","tag-psgxarsenal"],"yoast_head":"<!-- This site is optimized with the Yoast SEO plugin v28.3 - https:\/\/yoast.com\/product\/yoast-seo-wordpress\/ -->\n<title>Onde Assistir Ao Vivo: PSG x Arsenal, Final da Champions League - PR\u00d3SPERI NEWS<\/title>\n<meta name=\"robots\" content=\"index, follow, max-snippet:-1, max-image-preview:large, max-video-preview:-1\" \/>\n<link rel=\"canonical\" href=\"https:\/\/blogdoprosperi.com\/?p=59055\" \/>\n<meta property=\"og:locale\" content=\"pt_BR\" \/>\n<meta property=\"og:type\" content=\"article\" \/>\n<meta property=\"og:title\" content=\"Onde Assistir Ao Vivo: PSG x Arsenal, Final da Champions League - PR\u00d3SPERI NEWS\" \/>\n<meta property=\"og:description\" content=\"PSG e Arsenal decidem neste s\u00e1bado (30\/5) a final da Champions League 2025\/2026, em Budapeste, Hungria. Frente a [&hellip;]\" \/>\n<meta property=\"og:url\" content=\"https:\/\/blogdoprosperi.com\/?p=59055\" \/>\n<meta property=\"og:site_name\" content=\"PR\u00d3SPERI NEWS\" \/>\n<meta property=\"article:publisher\" content=\"Luiz Pr\u00f3speri\" \/>\n<meta property=\"article:author\" content=\"Luiz Pr\u00f3speri\" \/>\n<meta property=\"article:published_time\" content=\"2026-05-30T11:30:20+00:00\" \/>\n<meta property=\"article:modified_time\" content=\"2026-05-30T14:03:35+00:00\" \/>\n<meta property=\"og:image\" content=\"https:\/\/blogdoprosperi.com\/wp-content\/uploads\/2026\/05\/Captura-de-Tela-2026-05-30-as-00.21.24-1024x606.png\" \/>\n\t<meta property=\"og:image:width\" content=\"1024\" \/>\n\t<meta property=\"og:image:height\" content=\"606\" \/>\n\t<meta property=\"og:image:type\" content=\"image\/png\" \/>\n<meta name=\"author\" content=\"Luiz Ant\u00f4nio Pr\u00f3speri\" \/>\n<meta name=\"twitter:card\" content=\"summary_large_image\" \/>\n<meta name=\"twitter:creator\" content=\"@Luizprosperi\" \/>\n<meta name=\"twitter:site\" content=\"@Luizprosperi\" \/>\n<meta name=\"twitter:label1\" content=\"Escrito por\" \/>\n\t<meta name=\"twitter:data1\" content=\"Luiz Ant\u00f4nio Pr\u00f3speri\" \/>\n\t<meta name=\"twitter:label2\" content=\"Est. tempo de leitura\" \/>\n\t<meta name=\"twitter:data2\" content=\"6 minutos\" \/>\n<script type=\"application\/ld+json\" class=\"yoast-schema-graph\">{\"@context\":\"https:\\\/\\\/schema.org\",\"@graph\":[{\"@type\":\"Article\",\"@id\":\"https:\\\/\\\/blogdoprosperi.com\\\/?p=59055#article\",\"isPartOf\":{\"@id\":\"https:\\\/\\\/blogdoprosperi.com\\\/?p=59055\"},\"author\":{\"name\":\"Luiz Ant\u00f4nio Pr\u00f3speri\",\"@id\":\"https:\\\/\\\/blogdoprosperi.com\\\/#\\\/schema\\\/person\\\/38100755ce3601861ee4fab9b5aa78e9\"},\"headline\":\"Onde Assistir Ao Vivo: PSG x Arsenal, Final da Champions League\",\"datePublished\":\"2026-05-30T11:30:20+00:00\",\"dateModified\":\"2026-05-30T14:03:35+00:00\",\"mainEntityOfPage\":{\"@id\":\"https:\\\/\\\/blogdoprosperi.com\\\/?p=59055\"},\"wordCount\":1163,\"commentCount\":0,\"publisher\":{\"@id\":\"https:\\\/\\\/blogdoprosperi.com\\\/#\\\/schema\\\/person\\\/38100755ce3601861ee4fab9b5aa78e9\"},\"image\":{\"@id\":\"https:\\\/\\\/blogdoprosperi.com\\\/?p=59055#primaryimage\"},\"thumbnailUrl\":\"https:\\\/\\\/i0.wp.com\\\/blogdoprosperi.com\\\/wp-content\\\/uploads\\\/2026\\\/05\\\/Captura-de-Tela-2026-05-30-as-00.21.24.png?fit=1544%2C914&ssl=1\",\"keywords\":[\"ChampionsLeague\",\"finalchampions\",\"gabrielmagalh\u00e3es\",\"Marquinhos\",\"psgxarsenal\"],\"articleSection\":[\"Champions League\",\"futebol\"],\"inLanguage\":\"pt-BR\",\"potentialAction\":[{\"@type\":\"CommentAction\",\"name\":\"Comment\",\"target\":[\"https:\\\/\\\/blogdoprosperi.com\\\/?p=59055#respond\"]}]},{\"@type\":\"WebPage\",\"@id\":\"https:\\\/\\\/blogdoprosperi.com\\\/?p=59055\",\"url\":\"https:\\\/\\\/blogdoprosperi.com\\\/?p=59055\",\"name\":\"Onde Assistir Ao Vivo: PSG x Arsenal, Final da Champions League - PR\u00d3SPERI NEWS\",\"isPartOf\":{\"@id\":\"https:\\\/\\\/blogdoprosperi.com\\\/#website\"},\"primaryImageOfPage\":{\"@id\":\"https:\\\/\\\/blogdoprosperi.com\\\/?p=59055#primaryimage\"},\"image\":{\"@id\":\"https:\\\/\\\/blogdoprosperi.com\\\/?p=59055#primaryimage\"},\"thumbnailUrl\":\"https:\\\/\\\/i0.wp.com\\\/blogdoprosperi.com\\\/wp-content\\\/uploads\\\/2026\\\/05\\\/Captura-de-Tela-2026-05-30-as-00.21.24.png?fit=1544%2C914&ssl=1\",\"datePublished\":\"2026-05-30T11:30:20+00:00\",\"dateModified\":\"2026-05-30T14:03:35+00:00\",\"breadcrumb\":{\"@id\":\"https:\\\/\\\/blogdoprosperi.com\\\/?p=59055#breadcrumb\"},\"inLanguage\":\"pt-BR\",\"potentialAction\":[{\"@type\":\"ReadAction\",\"target\":[\"https:\\\/\\\/blogdoprosperi.com\\\/?p=59055\"]}]},{\"@type\":\"ImageObject\",\"inLanguage\":\"pt-BR\",\"@id\":\"https:\\\/\\\/blogdoprosperi.com\\\/?p=59055#primaryimage\",\"url\":\"https:\\\/\\\/i0.wp.com\\\/blogdoprosperi.com\\\/wp-content\\\/uploads\\\/2026\\\/05\\\/Captura-de-Tela-2026-05-30-as-00.21.24.png?fit=1544%2C914&ssl=1\",\"contentUrl\":\"https:\\\/\\\/i0.wp.com\\\/blogdoprosperi.com\\\/wp-content\\\/uploads\\\/2026\\\/05\\\/Captura-de-Tela-2026-05-30-as-00.21.24.png?fit=1544%2C914&ssl=1\",\"width\":1544,\"height\":914,\"caption\":\"imagem: Uefa oficial\"},{\"@type\":\"BreadcrumbList\",\"@id\":\"https:\\\/\\\/blogdoprosperi.com\\\/?p=59055#breadcrumb\",\"itemListElement\":[{\"@type\":\"ListItem\",\"position\":1,\"name\":\"In\u00edcio\",\"item\":\"https:\\\/\\\/blogdoprosperi.com\\\/\"},{\"@type\":\"ListItem\",\"position\":2,\"name\":\"Onde Assistir Ao Vivo: PSG x Arsenal, Final da Champions League\"}]},{\"@type\":\"WebSite\",\"@id\":\"https:\\\/\\\/blogdoprosperi.com\\\/#website\",\"url\":\"https:\\\/\\\/blogdoprosperi.com\\\/\",\"name\":\"PR\u00d3SPERI NEWS\",\"description\":\"TUDO \u00c9  FUTEBOL\",\"publisher\":{\"@id\":\"https:\\\/\\\/blogdoprosperi.com\\\/#\\\/schema\\\/person\\\/38100755ce3601861ee4fab9b5aa78e9\"},\"alternateName\":\"blogdoprosperi.com\",\"potentialAction\":[{\"@type\":\"SearchAction\",\"target\":{\"@type\":\"EntryPoint\",\"urlTemplate\":\"https:\\\/\\\/blogdoprosperi.com\\\/?s={search_term_string}\"},\"query-input\":{\"@type\":\"PropertyValueSpecification\",\"valueRequired\":true,\"valueName\":\"search_term_string\"}}],\"inLanguage\":\"pt-BR\"},{\"@type\":[\"Person\",\"Organization\"],\"@id\":\"https:\\\/\\\/blogdoprosperi.com\\\/#\\\/schema\\\/person\\\/38100755ce3601861ee4fab9b5aa78e9\",\"name\":\"Luiz Ant\u00f4nio Pr\u00f3speri\",\"pronouns\":\"ele\",\"image\":{\"@type\":\"ImageObject\",\"inLanguage\":\"pt-BR\",\"@id\":\"https:\\\/\\\/i0.wp.com\\\/blogdoprosperi.com\\\/wp-content\\\/uploads\\\/2026\\\/05\\\/cropped-8059e613-6002-42fa-961e-8e275f575d71-2-5.jpg?fit=1360%2C931&ssl=1\",\"url\":\"https:\\\/\\\/i0.wp.com\\\/blogdoprosperi.com\\\/wp-content\\\/uploads\\\/2026\\\/05\\\/cropped-8059e613-6002-42fa-961e-8e275f575d71-2-5.jpg?fit=1360%2C931&ssl=1\",\"contentUrl\":\"https:\\\/\\\/i0.wp.com\\\/blogdoprosperi.com\\\/wp-content\\\/uploads\\\/2026\\\/05\\\/cropped-8059e613-6002-42fa-961e-8e275f575d71-2-5.jpg?fit=1360%2C931&ssl=1\",\"width\":1360,\"height\":931,\"caption\":\"Luiz Ant\u00f4nio Pr\u00f3speri\"},\"logo\":{\"@id\":\"https:\\\/\\\/i0.wp.com\\\/blogdoprosperi.com\\\/wp-content\\\/uploads\\\/2026\\\/05\\\/cropped-8059e613-6002-42fa-961e-8e275f575d71-2-5.jpg?fit=1360%2C931&ssl=1\"},\"description\":\"Jornalista com carreira dedicada ao esporte. Cobriu 9 Copas do Mundo in loco, 1990 na It\u00e1lia, 1994 nos EUA, 1998 na Fran\u00e7a, 2002 na Coreia do Sul e Jap\u00e3o, 2006 na Alemanha, 2010 na \u00c1frica do Sul, 2014 no Brasil, 2018 na R\u00fassia e 2022 no Qatar. Eurocopas, 1992 na Su\u00e9cia e 1996 na Inglaterra. Copa das Confedera\u00e7\u00f5es de 2005 na Alemanha e 2009 na \u00c1frica do Sul. Rep\u00f3rter e Editor, trabalhou no Jornal da Tarde e Estad\u00e3o, de 1984 a fevereiro de 2016. Colunista, blogueiro. E comentarista de futebol na R\u00e1dio Estad\u00e3o, de 2013 a fevereiro de 2016. Jornalista respons\u00e1vel do \\\"Pr\u00f3speri News\\\" (blogdoprosperi.com).\",\"sameAs\":[\"http:\\\/\\\/blogdoprosperi.com\",\"Luiz Pr\u00f3speri\",\"@luiz_prosperi\",\"https:\\\/\\\/x.com\\\/Luizprosperi\",\"@prosperinacopa\",\"luiz.prosperi@icloud.com\"],\"url\":\"https:\\\/\\\/blogdoprosperi.com\\\/?author=102107496\"}]}<\/script>\n<!-- \/ Yoast SEO plugin. -->","yoast_head_json":{"title":"Onde Assistir Ao Vivo: PSG x Arsenal, Final da Champions League - PR\u00d3SPERI NEWS","robots":{"index":"index","follow":"follow","max-snippet":"max-snippet:-1","max-image-preview":"max-image-preview:large","max-video-preview":"max-video-preview:-1"},"canonical":"https:\/\/blogdoprosperi.com\/?p=59055","og_locale":"pt_BR","og_type":"article","og_title":"Onde Assistir Ao Vivo: PSG x Arsenal, Final da Champions League - PR\u00d3SPERI NEWS","og_description":"PSG e Arsenal decidem neste s\u00e1bado (30\/5) a final da Champions League 2025\/2026, em Budapeste, Hungria. Frente a [&hellip;]","og_url":"https:\/\/blogdoprosperi.com\/?p=59055","og_site_name":"PR\u00d3SPERI NEWS","article_publisher":"Luiz Pr\u00f3speri","article_author":"Luiz Pr\u00f3speri","article_published_time":"2026-05-30T11:30:20+00:00","article_modified_time":"2026-05-30T14:03:35+00:00","og_image":[{"width":1024,"height":606,"url":"https:\/\/blogdoprosperi.com\/wp-content\/uploads\/2026\/05\/Captura-de-Tela-2026-05-30-as-00.21.24-1024x606.png","type":"image\/png"}],"author":"Luiz Ant\u00f4nio Pr\u00f3speri","twitter_card":"summary_large_image","twitter_creator":"@Luizprosperi","twitter_site":"@Luizprosperi","twitter_misc":{"Escrito por":"Luiz Ant\u00f4nio Pr\u00f3speri","Est. tempo de leitura":"6 minutos"},"schema":{"@context":"https:\/\/schema.org","@graph":[{"@type":"Article","@id":"https:\/\/blogdoprosperi.com\/?p=59055#article","isPartOf":{"@id":"https:\/\/blogdoprosperi.com\/?p=59055"},"author":{"name":"Luiz Ant\u00f4nio Pr\u00f3speri","@id":"https:\/\/blogdoprosperi.com\/#\/schema\/person\/38100755ce3601861ee4fab9b5aa78e9"},"headline":"Onde Assistir Ao Vivo: PSG x Arsenal, Final da Champions League","datePublished":"2026-05-30T11:30:20+00:00","dateModified":"2026-05-30T14:03:35+00:00","mainEntityOfPage":{"@id":"https:\/\/blogdoprosperi.com\/?p=59055"},"wordCount":1163,"commentCount":0,"publisher":{"@id":"https:\/\/blogdoprosperi.com\/#\/schema\/person\/38100755ce3601861ee4fab9b5aa78e9"},"image":{"@id":"https:\/\/blogdoprosperi.com\/?p=59055#primaryimage"},"thumbnailUrl":"https:\/\/i0.wp.com\/blogdoprosperi.com\/wp-content\/uploads\/2026\/05\/Captura-de-Tela-2026-05-30-as-00.21.24.png?fit=1544%2C914&ssl=1","keywords":["ChampionsLeague","finalchampions","gabrielmagalh\u00e3es","Marquinhos","psgxarsenal"],"articleSection":["Champions League","futebol"],"inLanguage":"pt-BR","potentialAction":[{"@type":"CommentAction","name":"Comment","target":["https:\/\/blogdoprosperi.com\/?p=59055#respond"]}]},{"@type":"WebPage","@id":"https:\/\/blogdoprosperi.com\/?p=59055","url":"https:\/\/blogdoprosperi.com\/?p=59055","name":"Onde Assistir Ao Vivo: PSG x Arsenal, Final da Champions League - PR\u00d3SPERI NEWS","isPartOf":{"@id":"https:\/\/blogdoprosperi.com\/#website"},"primaryImageOfPage":{"@id":"https:\/\/blogdoprosperi.com\/?p=59055#primaryimage"},"image":{"@id":"https:\/\/blogdoprosperi.com\/?p=59055#primaryimage"},"thumbnailUrl":"https:\/\/i0.wp.com\/blogdoprosperi.com\/wp-content\/uploads\/2026\/05\/Captura-de-Tela-2026-05-30-as-00.21.24.png?fit=1544%2C914&ssl=1","datePublished":"2026-05-30T11:30:20+00:00","dateModified":"2026-05-30T14:03:35+00:00","breadcrumb":{"@id":"https:\/\/blogdoprosperi.com\/?p=59055#breadcrumb"},"inLanguage":"pt-BR","potentialAction":[{"@type":"ReadAction","target":["https:\/\/blogdoprosperi.com\/?p=59055"]}]},{"@type":"ImageObject","inLanguage":"pt-BR","@id":"https:\/\/blogdoprosperi.com\/?p=59055#primaryimage","url":"https:\/\/i0.wp.com\/blogdoprosperi.com\/wp-content\/uploads\/2026\/05\/Captura-de-Tela-2026-05-30-as-00.21.24.png?fit=1544%2C914&ssl=1","contentUrl":"https:\/\/i0.wp.com\/blogdoprosperi.com\/wp-content\/uploads\/2026\/05\/Captura-de-Tela-2026-05-30-as-00.21.24.png?fit=1544%2C914&ssl=1","width":1544,"height":914,"caption":"imagem: Uefa oficial"},{"@type":"BreadcrumbList","@id":"https:\/\/blogdoprosperi.com\/?p=59055#breadcrumb","itemListElement":[{"@type":"ListItem","position":1,"name":"In\u00edcio","item":"https:\/\/blogdoprosperi.com\/"},{"@type":"ListItem","position":2,"name":"Onde Assistir Ao Vivo: PSG x Arsenal, Final da Champions League"}]},{"@type":"WebSite","@id":"https:\/\/blogdoprosperi.com\/#website","url":"https:\/\/blogdoprosperi.com\/","name":"PR\u00d3SPERI NEWS","description":"TUDO \u00c9  FUTEBOL","publisher":{"@id":"https:\/\/blogdoprosperi.com\/#\/schema\/person\/38100755ce3601861ee4fab9b5aa78e9"},"alternateName":"blogdoprosperi.com","potentialAction":[{"@type":"SearchAction","target":{"@type":"EntryPoint","urlTemplate":"https:\/\/blogdoprosperi.com\/?s={search_term_string}"},"query-input":{"@type":"PropertyValueSpecification","valueRequired":true,"valueName":"search_term_string"}}],"inLanguage":"pt-BR"},{"@type":["Person","Organization"],"@id":"https:\/\/blogdoprosperi.com\/#\/schema\/person\/38100755ce3601861ee4fab9b5aa78e9","name":"Luiz Ant\u00f4nio Pr\u00f3speri","pronouns":"ele","image":{"@type":"ImageObject","inLanguage":"pt-BR","@id":"https:\/\/i0.wp.com\/blogdoprosperi.com\/wp-content\/uploads\/2026\/05\/cropped-8059e613-6002-42fa-961e-8e275f575d71-2-5.jpg?fit=1360%2C931&ssl=1","url":"https:\/\/i0.wp.com\/blogdoprosperi.com\/wp-content\/uploads\/2026\/05\/cropped-8059e613-6002-42fa-961e-8e275f575d71-2-5.jpg?fit=1360%2C931&ssl=1","contentUrl":"https:\/\/i0.wp.com\/blogdoprosperi.com\/wp-content\/uploads\/2026\/05\/cropped-8059e613-6002-42fa-961e-8e275f575d71-2-5.jpg?fit=1360%2C931&ssl=1","width":1360,"height":931,"caption":"Luiz Ant\u00f4nio Pr\u00f3speri"},"logo":{"@id":"https:\/\/i0.wp.com\/blogdoprosperi.com\/wp-content\/uploads\/2026\/05\/cropped-8059e613-6002-42fa-961e-8e275f575d71-2-5.jpg?fit=1360%2C931&ssl=1"},"description":"Jornalista com carreira dedicada ao esporte. Cobriu 9 Copas do Mundo in loco, 1990 na It\u00e1lia, 1994 nos EUA, 1998 na Fran\u00e7a, 2002 na Coreia do Sul e Jap\u00e3o, 2006 na Alemanha, 2010 na \u00c1frica do Sul, 2014 no Brasil, 2018 na R\u00fassia e 2022 no Qatar. Eurocopas, 1992 na Su\u00e9cia e 1996 na Inglaterra. Copa das Confedera\u00e7\u00f5es de 2005 na Alemanha e 2009 na \u00c1frica do Sul. Rep\u00f3rter e Editor, trabalhou no Jornal da Tarde e Estad\u00e3o, de 1984 a fevereiro de 2016. Colunista, blogueiro. E comentarista de futebol na R\u00e1dio Estad\u00e3o, de 2013 a fevereiro de 2016. Jornalista respons\u00e1vel do \"Pr\u00f3speri News\" (blogdoprosperi.com).","sameAs":["http:\/\/blogdoprosperi.com","Luiz Pr\u00f3speri","@luiz_prosperi","https:\/\/x.com\/Luizprosperi","@prosperinacopa","luiz.prosperi@icloud.com"],"url":"https:\/\/blogdoprosperi.com\/?author=102107496"}]}},"jetpack_publicize_connections":[],"jetpack_likes_enabled":false,"jetpack_sharing_enabled":true,"jetpack_shortlink":"https:\/\/wp.me\/p7jvdk-fmv","jetpack-related-posts":[{"id":59087,"url":"https:\/\/blogdoprosperi.com\/?p=59087","url_meta":{"origin":59055,"position":0},"title":"PSG vence Arsenal nos p\u00eanaltis e leva o bi da Champions League, Paris \u00e9 uma festa","author":"Luiz Ant\u00f4nio Pr\u00f3speri","date":"30 de maio de 2026","format":false,"excerpt":"Luiz Ant\u00f4nio Pr\u00f3speri \u2013 30 maio 2026 (16h13) \u2013 PSG vence Arsenal na cobran\u00e7a de p\u00eanaltis (4 a 3) e levanta a ta\u00e7a de bicampe\u00e3o da Champions League. No tempo regulamentar, deu empate por 1 a 1. Nas cobran\u00e7as, PSG conquista o t\u00edtulo quando Gabriel Magalh\u00e3es bate por cima da\u2026","rel":"","context":"Em &quot;Champions League&quot;","block_context":{"text":"Champions League","link":"https:\/\/blogdoprosperi.com\/?cat=9107"},"img":{"alt_text":"","src":"https:\/\/i0.wp.com\/blogdoprosperi.com\/wp-content\/uploads\/2026\/05\/Captura-de-Tela-2026-05-30-as-16.09.56.png?fit=1200%2C669&ssl=1&resize=350%2C200","width":350,"height":200,"srcset":"https:\/\/i0.wp.com\/blogdoprosperi.com\/wp-content\/uploads\/2026\/05\/Captura-de-Tela-2026-05-30-as-16.09.56.png?fit=1200%2C669&ssl=1&resize=350%2C200 1x, https:\/\/i0.wp.com\/blogdoprosperi.com\/wp-content\/uploads\/2026\/05\/Captura-de-Tela-2026-05-30-as-16.09.56.png?fit=1200%2C669&ssl=1&resize=525%2C300 1.5x, https:\/\/i0.wp.com\/blogdoprosperi.com\/wp-content\/uploads\/2026\/05\/Captura-de-Tela-2026-05-30-as-16.09.56.png?fit=1200%2C669&ssl=1&resize=700%2C400 2x, https:\/\/i0.wp.com\/blogdoprosperi.com\/wp-content\/uploads\/2026\/05\/Captura-de-Tela-2026-05-30-as-16.09.56.png?fit=1200%2C669&ssl=1&resize=1050%2C600 3x"},"classes":[]},{"id":58179,"url":"https:\/\/blogdoprosperi.com\/?p=58179","url_meta":{"origin":59055,"position":1},"title":"PSG empata com Bayern e faz a final da Champions League com Arsenal","author":"Luiz Ant\u00f4nio Pr\u00f3speri","date":"6 de maio de 2026","format":false,"excerpt":"Luiz Ant\u00f4nio Pr\u00f3speri \u2013 6 maio 2026 (18h15) \u2013 PSG empata com Bayern Munique por 1 a 1 e se credencia a enfrentar o Arsenal na final da Champions League, dia 30 de maio, em Budapeste. A classifica\u00e7\u00e3o do time de Paris acontece em um clima ameno, bem diferente da\u2026","rel":"","context":"Em &quot;Champions League&quot;","block_context":{"text":"Champions League","link":"https:\/\/blogdoprosperi.com\/?cat=9107"},"img":{"alt_text":"","src":"https:\/\/i0.wp.com\/blogdoprosperi.com\/wp-content\/uploads\/2026\/05\/captura-de-tela-2026-05-06-as-18.19.27.png?fit=1200%2C690&ssl=1&resize=350%2C200","width":350,"height":200,"srcset":"https:\/\/i0.wp.com\/blogdoprosperi.com\/wp-content\/uploads\/2026\/05\/captura-de-tela-2026-05-06-as-18.19.27.png?fit=1200%2C690&ssl=1&resize=350%2C200 1x, https:\/\/i0.wp.com\/blogdoprosperi.com\/wp-content\/uploads\/2026\/05\/captura-de-tela-2026-05-06-as-18.19.27.png?fit=1200%2C690&ssl=1&resize=525%2C300 1.5x, https:\/\/i0.wp.com\/blogdoprosperi.com\/wp-content\/uploads\/2026\/05\/captura-de-tela-2026-05-06-as-18.19.27.png?fit=1200%2C690&ssl=1&resize=700%2C400 2x, https:\/\/i0.wp.com\/blogdoprosperi.com\/wp-content\/uploads\/2026\/05\/captura-de-tela-2026-05-06-as-18.19.27.png?fit=1200%2C690&ssl=1&resize=1050%2C600 3x"},"classes":[]},{"id":57893,"url":"https:\/\/blogdoprosperi.com\/?p=57893","url_meta":{"origin":59055,"position":2},"title":"Champions League | Onde Assistir Ao Vivo: PSG x Bayern Munique","author":"Luiz Ant\u00f4nio Pr\u00f3speri","date":"28 de abril de 2026","format":false,"excerpt":"Champions League entra nas semifinais com o desafio Paris Saint-Germain x Bayern Munique em Paris, nesta ter\u00e7a-feira (28\/4). \u00c9 o jogo de ida. Na semana que vem, dia 6 de maio, teremos jogo de volta com o Bayern recebendo o PSG em Munique. PSG x Bayern de Munique Onde Assistir\u2026","rel":"","context":"Em &quot;futebol&quot;","block_context":{"text":"futebol","link":"https:\/\/blogdoprosperi.com\/?cat=53870"},"img":{"alt_text":"","src":"https:\/\/i0.wp.com\/blogdoprosperi.com\/wp-content\/uploads\/2026\/04\/captura-de-tela-2026-04-28-as-12.09.00.png?fit=1108%2C718&ssl=1&resize=350%2C200","width":350,"height":200,"srcset":"https:\/\/i0.wp.com\/blogdoprosperi.com\/wp-content\/uploads\/2026\/04\/captura-de-tela-2026-04-28-as-12.09.00.png?fit=1108%2C718&ssl=1&resize=350%2C200 1x, https:\/\/i0.wp.com\/blogdoprosperi.com\/wp-content\/uploads\/2026\/04\/captura-de-tela-2026-04-28-as-12.09.00.png?fit=1108%2C718&ssl=1&resize=525%2C300 1.5x, https:\/\/i0.wp.com\/blogdoprosperi.com\/wp-content\/uploads\/2026\/04\/captura-de-tela-2026-04-28-as-12.09.00.png?fit=1108%2C718&ssl=1&resize=700%2C400 2x, https:\/\/i0.wp.com\/blogdoprosperi.com\/wp-content\/uploads\/2026\/04\/captura-de-tela-2026-04-28-as-12.09.00.png?fit=1108%2C718&ssl=1&resize=1050%2C600 3x"},"classes":[]},{"id":58105,"url":"https:\/\/blogdoprosperi.com\/?p=58105","url_meta":{"origin":59055,"position":3},"title":"Onde Assistir ao Vivo: Bayern Munique x PSG valendo vaga \u00e0 final da Champions League","author":"Luiz Ant\u00f4nio Pr\u00f3speri","date":"6 de maio de 2026","format":false,"excerpt":"Bayern Munique recebe PSG no segundo jogo das semifinais da Champions League. Na partida de ida, time de Paris venceu por 5 a 4 no Parque dos Pr\u00edncipes e joga por um empate para avan\u00e7ar \u00e0 final. O vencedor do confronto enfrentar\u00e1 o Arsenal que \u00a0se credenciou \u00e0 final com\u2026","rel":"","context":"Em &quot;futebol&quot;","block_context":{"text":"futebol","link":"https:\/\/blogdoprosperi.com\/?cat=53870"},"img":{"alt_text":"","src":"https:\/\/i0.wp.com\/blogdoprosperi.com\/wp-content\/uploads\/2026\/05\/captura-de-tela-2026-05-06-as-12.21.14.png?fit=1130%2C840&ssl=1&resize=350%2C200","width":350,"height":200,"srcset":"https:\/\/i0.wp.com\/blogdoprosperi.com\/wp-content\/uploads\/2026\/05\/captura-de-tela-2026-05-06-as-12.21.14.png?fit=1130%2C840&ssl=1&resize=350%2C200 1x, https:\/\/i0.wp.com\/blogdoprosperi.com\/wp-content\/uploads\/2026\/05\/captura-de-tela-2026-05-06-as-12.21.14.png?fit=1130%2C840&ssl=1&resize=525%2C300 1.5x, https:\/\/i0.wp.com\/blogdoprosperi.com\/wp-content\/uploads\/2026\/05\/captura-de-tela-2026-05-06-as-12.21.14.png?fit=1130%2C840&ssl=1&resize=700%2C400 2x, https:\/\/i0.wp.com\/blogdoprosperi.com\/wp-content\/uploads\/2026\/05\/captura-de-tela-2026-05-06-as-12.21.14.png?fit=1130%2C840&ssl=1&resize=1050%2C600 3x"},"classes":[]},{"id":58016,"url":"https:\/\/blogdoprosperi.com\/?p=58016","url_meta":{"origin":59055,"position":4},"title":"Atletico Madrid 1 a 1 Arsenal | Champions League Volta ao Normal","author":"Luiz Ant\u00f4nio Pr\u00f3speri","date":"29 de abril de 2026","format":false,"excerpt":"Luiz Ant\u00f4nio Pr\u00f3speri \u2013 29 abril 2026 (18h20) \u2013 Atletico fica no empate por 1 a 1 com Arsenal no jogo de ida das semifinais da Champions League, quarta-feira (29\/4), em Madri. Aqueles inebriados, de queixo ca\u00eddo, alucinados com o jogo PGS 5 a 4 Bayern Munique, na ter\u00e7a-feira (28\/4),\u2026","rel":"","context":"Em &quot;Champions League&quot;","block_context":{"text":"Champions League","link":"https:\/\/blogdoprosperi.com\/?cat=9107"},"img":{"alt_text":"","src":"https:\/\/i0.wp.com\/blogdoprosperi.com\/wp-content\/uploads\/2026\/04\/captura-de-tela-2026-04-29-as-18.29.44.png?fit=1200%2C769&ssl=1&resize=350%2C200","width":350,"height":200,"srcset":"https:\/\/i0.wp.com\/blogdoprosperi.com\/wp-content\/uploads\/2026\/04\/captura-de-tela-2026-04-29-as-18.29.44.png?fit=1200%2C769&ssl=1&resize=350%2C200 1x, https:\/\/i0.wp.com\/blogdoprosperi.com\/wp-content\/uploads\/2026\/04\/captura-de-tela-2026-04-29-as-18.29.44.png?fit=1200%2C769&ssl=1&resize=525%2C300 1.5x, https:\/\/i0.wp.com\/blogdoprosperi.com\/wp-content\/uploads\/2026\/04\/captura-de-tela-2026-04-29-as-18.29.44.png?fit=1200%2C769&ssl=1&resize=700%2C400 2x, https:\/\/i0.wp.com\/blogdoprosperi.com\/wp-content\/uploads\/2026\/04\/captura-de-tela-2026-04-29-as-18.29.44.png?fit=1200%2C769&ssl=1&resize=1050%2C600 3x"},"classes":[]},{"id":57973,"url":"https:\/\/blogdoprosperi.com\/?p=57973","url_meta":{"origin":59055,"position":5},"title":"Champions League | Onde Assistir Ao Vivo: Atletico Madrid x Arsenal","author":"Luiz Ant\u00f4nio Pr\u00f3speri","date":"29 de abril de 2026","format":false,"excerpt":"Champions League apresenta segundo confronto das semifinais com o desafio Atl\u00e9tico x Arsenal, nesta quarta-feira (29\/4) em Madri. \u00c9 o jogo de ida. Na semana que vem, dia 5 de maio, teremos jogo de volta com o Arsenal recebendo o Atleti em Londres. Atletico Madrid x Arsenal Onde Assistir ao\u2026","rel":"","context":"Em &quot;Champions League&quot;","block_context":{"text":"Champions League","link":"https:\/\/blogdoprosperi.com\/?cat=9107"},"img":{"alt_text":"","src":"https:\/\/i0.wp.com\/blogdoprosperi.com\/wp-content\/uploads\/2026\/04\/captura-de-tela-2026-04-29-as-12.14.31.png?fit=1098%2C716&ssl=1&resize=350%2C200","width":350,"height":200,"srcset":"https:\/\/i0.wp.com\/blogdoprosperi.com\/wp-content\/uploads\/2026\/04\/captura-de-tela-2026-04-29-as-12.14.31.png?fit=1098%2C716&ssl=1&resize=350%2C200 1x, https:\/\/i0.wp.com\/blogdoprosperi.com\/wp-content\/uploads\/2026\/04\/captura-de-tela-2026-04-29-as-12.14.31.png?fit=1098%2C716&ssl=1&resize=525%2C300 1.5x, https:\/\/i0.wp.com\/blogdoprosperi.com\/wp-content\/uploads\/2026\/04\/captura-de-tela-2026-04-29-as-12.14.31.png?fit=1098%2C716&ssl=1&resize=700%2C400 2x, https:\/\/i0.wp.com\/blogdoprosperi.com\/wp-content\/uploads\/2026\/04\/captura-de-tela-2026-04-29-as-12.14.31.png?fit=1098%2C716&ssl=1&resize=1050%2C600 3x"},"classes":[]}],"jetpack_featured_media_url":"https:\/\/i0.wp.com\/blogdoprosperi.com\/wp-content\/uploads\/2026\/05\/Captura-de-Tela-2026-05-30-as-00.21.24.png?fit=1544%2C914&ssl=1","_links":{"self":[{"href":"https:\/\/blogdoprosperi.com\/index.php?rest_route=\/wp\/v2\/posts\/59055","targetHints":{"allow":["GET"]}}],"collection":[{"href":"https:\/\/blogdoprosperi.com\/index.php?rest_route=\/wp\/v2\/posts"}],"about":[{"href":"https:\/\/blogdoprosperi.com\/index.php?rest_route=\/wp\/v2\/types\/post"}],"author":[{"embeddable":true,"href":"https:\/\/blogdoprosperi.com\/index.php?rest_route=\/wp\/v2\/users\/102107496"}],"replies":[{"embeddable":true,"href":"https:\/\/blogdoprosperi.com\/index.php?rest_route=%2Fwp%2Fv2%2Fcomments&post=59055"}],"version-history":[{"count":9,"href":"https:\/\/blogdoprosperi.com\/index.php?rest_route=\/wp\/v2\/posts\/59055\/revisions"}],"predecessor-version":[{"id":59083,"href":"https:\/\/blogdoprosperi.com\/index.php?rest_route=\/wp\/v2\/posts\/59055\/revisions\/59083"}],"wp:featuredmedia":[{"embeddable":true,"href":"https:\/\/blogdoprosperi.com\/index.php?rest_route=\/wp\/v2\/media\/59060"}],"wp:attachment":[{"href":"https:\/\/blogdoprosperi.com\/index.php?rest_route=%2Fwp%2Fv2%2Fmedia&parent=59055"}],"wp:term":[{"taxonomy":"category","embeddable":true,"href":"https:\/\/blogdoprosperi.com\/index.php?rest_route=%2Fwp%2Fv2%2Fcategories&post=59055"},{"taxonomy":"post_tag","embeddable":true,"href":"https:\/\/blogdoprosperi.com\/index.php?rest_route=%2Fwp%2Fv2%2Ftags&post=59055"}],"curies":[{"name":"wp","href":"https:\/\/api.w.org\/{rel}","templated":true}]}}