{"id":59182,"date":"2026-06-03T23:24:25","date_gmt":"2026-06-04T02:24:25","guid":{"rendered":"https:\/\/blogdoprosperi.com\/?p=59182"},"modified":"2026-06-04T00:52:26","modified_gmt":"2026-06-04T03:52:26","slug":"alo-ancelotti-endrick-pede-passagem","status":"publish","type":"post","link":"https:\/\/blogdoprosperi.com\/?p=59182","title":{"rendered":"Al\u00f4, Ancelotti, Endrick Pede Passagem"},"content":{"rendered":"<p><em>Luiz Ant\u00f4nio Pr\u00f3speri \u2013 3 junho 2026 &nbsp;(23h16)<\/em><\/p>\n<p>Al\u00f4, Ancelotti. Endrick est\u00e1 a\u00ed. Entre os 26 eleitos pelo senhor naquela convoca\u00e7\u00e3o espalhafatosa no Museu do Amanh\u00e3 no Rio, dia 18, muito se falou de Neymar. Quase ningu\u00e9m prestou aten\u00e7\u00e3o em Endrick. Garoto tem 19 anos. Na linguagem dos boleiros, \u00e9 marrento. Diria, atrevido. Talento imenso. Personalidade absurda. Sele\u00e7\u00e3o Brasileira se faz desses meninos destemidos. \u00c9 s\u00f3 consultar a hist\u00f3rias de nossas Copas.<\/p>\n<p>Bom italiano como o senhor, j\u00e1 sabe como por aqui brotam alguns moleques diferentes da placenta comum do mundo afora. Quem nasce craque \u00e9 craque e a natureza se encarrega de esparramar pelo planeta.<\/p>\n<p>Ancelotti, o senhor viu o que Endrick fez nesse treino de quarta-feira (03\/6), aberto aos torcedores em Morristown, um peda\u00e7o apraz\u00edvel de New Jersey?<\/p>\n<p>Driblou o imput\u00e1vel Casemiro e levou um carrinho tesoura para largar m\u00e3o de ser besta. Rodopiou e caiu em p\u00e9. Reveja os v\u00eddeos.<\/p>\n<p>Fez um gola\u00e7o iludindo zagueiros grandalh\u00f5es, rochosos, e encobrindo o goleiro de plant\u00e3o no treinamento.<\/p>\n<p>Sabe-se l\u00e1 o que Endrick fez a mais do que isso. As imagens rodadas ao mundo na internet se restringem a esses dois lances. Pode ter ficado nisso, pode tamb\u00e9m ter outras cenas de genialidade. Que a CBF TV disponibilize o conte\u00fado na \u00edntegra aos torcedores.<\/p>\n<p>Sem enrolar mais, o fato \u00e9 que Endrick pede passagem. N\u00e3o temos tempo a temer, j\u00e1 diria o poeta.<\/p>\n<p>Se o senhor apostar nos instintos conservadores de um italiano, \u00e9 bem poss\u00edvel imaginar sua Sele\u00e7\u00e3o Brasileira com Alisson, Wesley, Marquinhos, Magalh\u00e3es e Douglas Santos; Casemiro, Bruno Guimar\u00e3es e Paquet\u00e1; Raphinha, Igor Thiago e Vini Jr.<\/p>\n<p>Assim teremos sete jogadores remanescentes da Sele\u00e7\u00e3o fracassada em 2022 no Catar. E quatro novatos. Nenhum deles responde pelo nome de Endrick.<\/p>\n<p>Ancelotti, Ancelotti. S\u00e1bios do futebol costumam valorizar, por menores que sejam, as pepitas de ouro.<\/p>\n<p><a href=\"https:\/\/x.com\/CeboIinhaaa\/status\/2062338891961479618\/video\/1?s=46\">https:\/\/x.com\/CeboIinhaaa\/status\/2062338891961479618\/video\/1?s=46<\/a><\/p>\n","protected":false},"excerpt":{"rendered":"<p>Luiz Ant\u00f4nio Pr\u00f3speri \u2013 3 junho 2026 &nbsp;(23h16) Al\u00f4, Ancelotti. Endrick est\u00e1 a\u00ed. Entre os 26 eleitos pelo [&hellip;]<\/p>\n","protected":false},"author":102107496,"featured_media":59192,"comment_status":"open","ping_status":"open","sticky":false,"template":"","format":"standard","meta":{"_coblocks_attr":"","_coblocks_dimensions":"","_coblocks_responsive_height":"","_coblocks_accordion_ie_support":"","_jetpack_newsletter_access":"","_jetpack_dont_email_post_to_subs":false,"_jetpack_newsletter_tier_id":0,"_jetpack_memberships_contains_paywalled_content":false,"_wpcom_ai_launchpad_first_post":false,"_jetpack_feature_clip_id":0,"_jetpack_memberships_contains_paid_content":false,"footnotes":"","jetpack_publicize_message":"","jetpack_publicize_feature_enabled":true,"jetpack_social_post_already_shared":true,"jetpack_social_options":{"image_generator_settings":{"template":"highway","default_image_id":0,"font":"","enabled":false},"version":2},"jetpack_post_was_ever_published":false},"categories":[36820279,53870,174694],"tags":[1016127,12508493,569949222,25607665,10149860],"class_list":["post-59182","post","type-post","status-publish","format-standard","has-post-thumbnail","hentry","category-copa-2026","category-futebol","category-selecao-brasileira","tag-ancelotti","tag-casemiro","tag-copa2026","tag-endrick","tag-selecaobrasileira"],"yoast_head":"<!-- This site is optimized with the Yoast SEO plugin v28.3 - https:\/\/yoast.com\/product\/yoast-seo-wordpress\/ -->\n<title>Al\u00f4, Ancelotti, Endrick Pede Passagem - PR\u00d3SPERI NEWS<\/title>\n<meta name=\"robots\" content=\"index, follow, max-snippet:-1, max-image-preview:large, max-video-preview:-1\" \/>\n<link rel=\"canonical\" href=\"https:\/\/blogdoprosperi.com\/?p=59182\" \/>\n<meta property=\"og:locale\" content=\"pt_BR\" \/>\n<meta property=\"og:type\" content=\"article\" \/>\n<meta property=\"og:title\" content=\"Al\u00f4, Ancelotti, Endrick Pede Passagem - PR\u00d3SPERI NEWS\" \/>\n<meta property=\"og:description\" content=\"Luiz Ant\u00f4nio Pr\u00f3speri \u2013 3 junho 2026 &nbsp;(23h16) Al\u00f4, Ancelotti. Endrick est\u00e1 a\u00ed. Entre os 26 eleitos pelo [&hellip;]\" \/>\n<meta property=\"og:url\" content=\"https:\/\/blogdoprosperi.com\/?p=59182\" \/>\n<meta property=\"og:site_name\" content=\"PR\u00d3SPERI NEWS\" \/>\n<meta property=\"article:publisher\" content=\"Luiz Pr\u00f3speri\" \/>\n<meta property=\"article:author\" content=\"Luiz Pr\u00f3speri\" \/>\n<meta property=\"article:published_time\" content=\"2026-06-04T02:24:25+00:00\" \/>\n<meta property=\"article:modified_time\" content=\"2026-06-04T03:52:26+00:00\" \/>\n<meta property=\"og:image\" content=\"https:\/\/i0.wp.com\/blogdoprosperi.com\/wp-content\/uploads\/2026\/06\/treino-selecao-masculino-03062026.jpg?fit=3558%2C2426&ssl=1\" \/>\n\t<meta property=\"og:image:width\" content=\"3558\" \/>\n\t<meta property=\"og:image:height\" content=\"2426\" \/>\n\t<meta property=\"og:image:type\" content=\"image\/jpeg\" \/>\n<meta name=\"author\" content=\"Luiz Ant\u00f4nio Pr\u00f3speri\" \/>\n<meta name=\"twitter:card\" content=\"summary_large_image\" \/>\n<meta name=\"twitter:creator\" content=\"@Luizprosperi\" \/>\n<meta name=\"twitter:site\" content=\"@Luizprosperi\" \/>\n<meta name=\"twitter:label1\" content=\"Escrito por\" \/>\n\t<meta name=\"twitter:data1\" content=\"Luiz Ant\u00f4nio Pr\u00f3speri\" \/>\n\t<meta name=\"twitter:label2\" content=\"Est. tempo de leitura\" \/>\n\t<meta name=\"twitter:data2\" content=\"2 minutos\" \/>\n<script type=\"application\/ld+json\" class=\"yoast-schema-graph\">{\"@context\":\"https:\\\/\\\/schema.org\",\"@graph\":[{\"@type\":\"Article\",\"@id\":\"https:\\\/\\\/blogdoprosperi.com\\\/?p=59182#article\",\"isPartOf\":{\"@id\":\"https:\\\/\\\/blogdoprosperi.com\\\/?p=59182\"},\"author\":{\"name\":\"Luiz Ant\u00f4nio Pr\u00f3speri\",\"@id\":\"https:\\\/\\\/blogdoprosperi.com\\\/#\\\/schema\\\/person\\\/38100755ce3601861ee4fab9b5aa78e9\"},\"headline\":\"Al\u00f4, Ancelotti, Endrick Pede Passagem\",\"datePublished\":\"2026-06-04T02:24:25+00:00\",\"dateModified\":\"2026-06-04T03:52:26+00:00\",\"mainEntityOfPage\":{\"@id\":\"https:\\\/\\\/blogdoprosperi.com\\\/?p=59182\"},\"wordCount\":330,\"commentCount\":0,\"publisher\":{\"@id\":\"https:\\\/\\\/blogdoprosperi.com\\\/#\\\/schema\\\/person\\\/38100755ce3601861ee4fab9b5aa78e9\"},\"image\":{\"@id\":\"https:\\\/\\\/blogdoprosperi.com\\\/?p=59182#primaryimage\"},\"thumbnailUrl\":\"https:\\\/\\\/i0.wp.com\\\/blogdoprosperi.com\\\/wp-content\\\/uploads\\\/2026\\\/06\\\/treino-selecao-masculino-03062026.jpg?fit=3558%2C2426&ssl=1\",\"keywords\":[\"Ancelotti\",\"Casemiro\",\"Copa2026\",\"endrick\",\"Sele\u00e7\u00e3oBrasileira\"],\"articleSection\":[\"copa 2026\",\"futebol\",\"Sele\u00e7\u00e3o Brasileira\"],\"inLanguage\":\"pt-BR\",\"potentialAction\":[{\"@type\":\"CommentAction\",\"name\":\"Comment\",\"target\":[\"https:\\\/\\\/blogdoprosperi.com\\\/?p=59182#respond\"]}]},{\"@type\":\"WebPage\",\"@id\":\"https:\\\/\\\/blogdoprosperi.com\\\/?p=59182\",\"url\":\"https:\\\/\\\/blogdoprosperi.com\\\/?p=59182\",\"name\":\"Al\u00f4, Ancelotti, Endrick Pede Passagem - PR\u00d3SPERI NEWS\",\"isPartOf\":{\"@id\":\"https:\\\/\\\/blogdoprosperi.com\\\/#website\"},\"primaryImageOfPage\":{\"@id\":\"https:\\\/\\\/blogdoprosperi.com\\\/?p=59182#primaryimage\"},\"image\":{\"@id\":\"https:\\\/\\\/blogdoprosperi.com\\\/?p=59182#primaryimage\"},\"thumbnailUrl\":\"https:\\\/\\\/i0.wp.com\\\/blogdoprosperi.com\\\/wp-content\\\/uploads\\\/2026\\\/06\\\/treino-selecao-masculino-03062026.jpg?fit=3558%2C2426&ssl=1\",\"datePublished\":\"2026-06-04T02:24:25+00:00\",\"dateModified\":\"2026-06-04T03:52:26+00:00\",\"breadcrumb\":{\"@id\":\"https:\\\/\\\/blogdoprosperi.com\\\/?p=59182#breadcrumb\"},\"inLanguage\":\"pt-BR\",\"potentialAction\":[{\"@type\":\"ReadAction\",\"target\":[\"https:\\\/\\\/blogdoprosperi.com\\\/?p=59182\"]}]},{\"@type\":\"ImageObject\",\"inLanguage\":\"pt-BR\",\"@id\":\"https:\\\/\\\/blogdoprosperi.com\\\/?p=59182#primaryimage\",\"url\":\"https:\\\/\\\/i0.wp.com\\\/blogdoprosperi.com\\\/wp-content\\\/uploads\\\/2026\\\/06\\\/treino-selecao-masculino-03062026.jpg?fit=3558%2C2426&ssl=1\",\"contentUrl\":\"https:\\\/\\\/i0.wp.com\\\/blogdoprosperi.com\\\/wp-content\\\/uploads\\\/2026\\\/06\\\/treino-selecao-masculino-03062026.jpg?fit=3558%2C2426&ssl=1\",\"width\":3558,\"height\":2426,\"caption\":\"Endrick no treino da Sele\u00e7\u00e3o \u2013 foto: CBF oficial\"},{\"@type\":\"BreadcrumbList\",\"@id\":\"https:\\\/\\\/blogdoprosperi.com\\\/?p=59182#breadcrumb\",\"itemListElement\":[{\"@type\":\"ListItem\",\"position\":1,\"name\":\"In\u00edcio\",\"item\":\"https:\\\/\\\/blogdoprosperi.com\\\/\"},{\"@type\":\"ListItem\",\"position\":2,\"name\":\"Al\u00f4, Ancelotti, Endrick Pede Passagem\"}]},{\"@type\":\"WebSite\",\"@id\":\"https:\\\/\\\/blogdoprosperi.com\\\/#website\",\"url\":\"https:\\\/\\\/blogdoprosperi.com\\\/\",\"name\":\"PR\u00d3SPERI NEWS\",\"description\":\"TUDO \u00c9  FUTEBOL\",\"publisher\":{\"@id\":\"https:\\\/\\\/blogdoprosperi.com\\\/#\\\/schema\\\/person\\\/38100755ce3601861ee4fab9b5aa78e9\"},\"alternateName\":\"blogdoprosperi.com\",\"potentialAction\":[{\"@type\":\"SearchAction\",\"target\":{\"@type\":\"EntryPoint\",\"urlTemplate\":\"https:\\\/\\\/blogdoprosperi.com\\\/?s={search_term_string}\"},\"query-input\":{\"@type\":\"PropertyValueSpecification\",\"valueRequired\":true,\"valueName\":\"search_term_string\"}}],\"inLanguage\":\"pt-BR\"},{\"@type\":[\"Person\",\"Organization\"],\"@id\":\"https:\\\/\\\/blogdoprosperi.com\\\/#\\\/schema\\\/person\\\/38100755ce3601861ee4fab9b5aa78e9\",\"name\":\"Luiz Ant\u00f4nio Pr\u00f3speri\",\"pronouns\":\"ele\",\"image\":{\"@type\":\"ImageObject\",\"inLanguage\":\"pt-BR\",\"@id\":\"https:\\\/\\\/i0.wp.com\\\/blogdoprosperi.com\\\/wp-content\\\/uploads\\\/2026\\\/05\\\/cropped-8059e613-6002-42fa-961e-8e275f575d71-2-5.jpg?fit=1360%2C931&ssl=1\",\"url\":\"https:\\\/\\\/i0.wp.com\\\/blogdoprosperi.com\\\/wp-content\\\/uploads\\\/2026\\\/05\\\/cropped-8059e613-6002-42fa-961e-8e275f575d71-2-5.jpg?fit=1360%2C931&ssl=1\",\"contentUrl\":\"https:\\\/\\\/i0.wp.com\\\/blogdoprosperi.com\\\/wp-content\\\/uploads\\\/2026\\\/05\\\/cropped-8059e613-6002-42fa-961e-8e275f575d71-2-5.jpg?fit=1360%2C931&ssl=1\",\"width\":1360,\"height\":931,\"caption\":\"Luiz Ant\u00f4nio Pr\u00f3speri\"},\"logo\":{\"@id\":\"https:\\\/\\\/i0.wp.com\\\/blogdoprosperi.com\\\/wp-content\\\/uploads\\\/2026\\\/05\\\/cropped-8059e613-6002-42fa-961e-8e275f575d71-2-5.jpg?fit=1360%2C931&ssl=1\"},\"description\":\"Jornalista com carreira dedicada ao esporte. Cobriu 9 Copas do Mundo in loco, 1990 na It\u00e1lia, 1994 nos EUA, 1998 na Fran\u00e7a, 2002 na Coreia do Sul e Jap\u00e3o, 2006 na Alemanha, 2010 na \u00c1frica do Sul, 2014 no Brasil, 2018 na R\u00fassia e 2022 no Qatar. Eurocopas, 1992 na Su\u00e9cia e 1996 na Inglaterra. Copa das Confedera\u00e7\u00f5es de 2005 na Alemanha e 2009 na \u00c1frica do Sul. Rep\u00f3rter e Editor, trabalhou no Jornal da Tarde e Estad\u00e3o, de 1984 a fevereiro de 2016. Colunista, blogueiro. E comentarista de futebol na R\u00e1dio Estad\u00e3o, de 2013 a fevereiro de 2016. Jornalista respons\u00e1vel do \\\"Pr\u00f3speri News\\\" (blogdoprosperi.com).\",\"sameAs\":[\"http:\\\/\\\/blogdoprosperi.com\",\"Luiz Pr\u00f3speri\",\"@luiz_prosperi\",\"https:\\\/\\\/x.com\\\/Luizprosperi\",\"@prosperinacopa\",\"luiz.prosperi@icloud.com\"],\"url\":\"https:\\\/\\\/blogdoprosperi.com\\\/?author=102107496\"}]}<\/script>\n<!-- \/ Yoast SEO plugin. -->","yoast_head_json":{"title":"Al\u00f4, Ancelotti, Endrick Pede Passagem - PR\u00d3SPERI NEWS","robots":{"index":"index","follow":"follow","max-snippet":"max-snippet:-1","max-image-preview":"max-image-preview:large","max-video-preview":"max-video-preview:-1"},"canonical":"https:\/\/blogdoprosperi.com\/?p=59182","og_locale":"pt_BR","og_type":"article","og_title":"Al\u00f4, Ancelotti, Endrick Pede Passagem - PR\u00d3SPERI NEWS","og_description":"Luiz Ant\u00f4nio Pr\u00f3speri \u2013 3 junho 2026 &nbsp;(23h16) Al\u00f4, Ancelotti. Endrick est\u00e1 a\u00ed. Entre os 26 eleitos pelo [&hellip;]","og_url":"https:\/\/blogdoprosperi.com\/?p=59182","og_site_name":"PR\u00d3SPERI NEWS","article_publisher":"Luiz Pr\u00f3speri","article_author":"Luiz Pr\u00f3speri","article_published_time":"2026-06-04T02:24:25+00:00","article_modified_time":"2026-06-04T03:52:26+00:00","og_image":[{"width":3558,"height":2426,"url":"https:\/\/i0.wp.com\/blogdoprosperi.com\/wp-content\/uploads\/2026\/06\/treino-selecao-masculino-03062026.jpg?fit=3558%2C2426&ssl=1","type":"image\/jpeg"}],"author":"Luiz Ant\u00f4nio Pr\u00f3speri","twitter_card":"summary_large_image","twitter_creator":"@Luizprosperi","twitter_site":"@Luizprosperi","twitter_misc":{"Escrito por":"Luiz Ant\u00f4nio Pr\u00f3speri","Est. tempo de leitura":"2 minutos"},"schema":{"@context":"https:\/\/schema.org","@graph":[{"@type":"Article","@id":"https:\/\/blogdoprosperi.com\/?p=59182#article","isPartOf":{"@id":"https:\/\/blogdoprosperi.com\/?p=59182"},"author":{"name":"Luiz Ant\u00f4nio Pr\u00f3speri","@id":"https:\/\/blogdoprosperi.com\/#\/schema\/person\/38100755ce3601861ee4fab9b5aa78e9"},"headline":"Al\u00f4, Ancelotti, Endrick Pede Passagem","datePublished":"2026-06-04T02:24:25+00:00","dateModified":"2026-06-04T03:52:26+00:00","mainEntityOfPage":{"@id":"https:\/\/blogdoprosperi.com\/?p=59182"},"wordCount":330,"commentCount":0,"publisher":{"@id":"https:\/\/blogdoprosperi.com\/#\/schema\/person\/38100755ce3601861ee4fab9b5aa78e9"},"image":{"@id":"https:\/\/blogdoprosperi.com\/?p=59182#primaryimage"},"thumbnailUrl":"https:\/\/i0.wp.com\/blogdoprosperi.com\/wp-content\/uploads\/2026\/06\/treino-selecao-masculino-03062026.jpg?fit=3558%2C2426&ssl=1","keywords":["Ancelotti","Casemiro","Copa2026","endrick","Sele\u00e7\u00e3oBrasileira"],"articleSection":["copa 2026","futebol","Sele\u00e7\u00e3o Brasileira"],"inLanguage":"pt-BR","potentialAction":[{"@type":"CommentAction","name":"Comment","target":["https:\/\/blogdoprosperi.com\/?p=59182#respond"]}]},{"@type":"WebPage","@id":"https:\/\/blogdoprosperi.com\/?p=59182","url":"https:\/\/blogdoprosperi.com\/?p=59182","name":"Al\u00f4, Ancelotti, Endrick Pede Passagem - PR\u00d3SPERI NEWS","isPartOf":{"@id":"https:\/\/blogdoprosperi.com\/#website"},"primaryImageOfPage":{"@id":"https:\/\/blogdoprosperi.com\/?p=59182#primaryimage"},"image":{"@id":"https:\/\/blogdoprosperi.com\/?p=59182#primaryimage"},"thumbnailUrl":"https:\/\/i0.wp.com\/blogdoprosperi.com\/wp-content\/uploads\/2026\/06\/treino-selecao-masculino-03062026.jpg?fit=3558%2C2426&ssl=1","datePublished":"2026-06-04T02:24:25+00:00","dateModified":"2026-06-04T03:52:26+00:00","breadcrumb":{"@id":"https:\/\/blogdoprosperi.com\/?p=59182#breadcrumb"},"inLanguage":"pt-BR","potentialAction":[{"@type":"ReadAction","target":["https:\/\/blogdoprosperi.com\/?p=59182"]}]},{"@type":"ImageObject","inLanguage":"pt-BR","@id":"https:\/\/blogdoprosperi.com\/?p=59182#primaryimage","url":"https:\/\/i0.wp.com\/blogdoprosperi.com\/wp-content\/uploads\/2026\/06\/treino-selecao-masculino-03062026.jpg?fit=3558%2C2426&ssl=1","contentUrl":"https:\/\/i0.wp.com\/blogdoprosperi.com\/wp-content\/uploads\/2026\/06\/treino-selecao-masculino-03062026.jpg?fit=3558%2C2426&ssl=1","width":3558,"height":2426,"caption":"Endrick no treino da Sele\u00e7\u00e3o \u2013 foto: CBF oficial"},{"@type":"BreadcrumbList","@id":"https:\/\/blogdoprosperi.com\/?p=59182#breadcrumb","itemListElement":[{"@type":"ListItem","position":1,"name":"In\u00edcio","item":"https:\/\/blogdoprosperi.com\/"},{"@type":"ListItem","position":2,"name":"Al\u00f4, Ancelotti, Endrick Pede Passagem"}]},{"@type":"WebSite","@id":"https:\/\/blogdoprosperi.com\/#website","url":"https:\/\/blogdoprosperi.com\/","name":"PR\u00d3SPERI NEWS","description":"TUDO \u00c9  FUTEBOL","publisher":{"@id":"https:\/\/blogdoprosperi.com\/#\/schema\/person\/38100755ce3601861ee4fab9b5aa78e9"},"alternateName":"blogdoprosperi.com","potentialAction":[{"@type":"SearchAction","target":{"@type":"EntryPoint","urlTemplate":"https:\/\/blogdoprosperi.com\/?s={search_term_string}"},"query-input":{"@type":"PropertyValueSpecification","valueRequired":true,"valueName":"search_term_string"}}],"inLanguage":"pt-BR"},{"@type":["Person","Organization"],"@id":"https:\/\/blogdoprosperi.com\/#\/schema\/person\/38100755ce3601861ee4fab9b5aa78e9","name":"Luiz Ant\u00f4nio Pr\u00f3speri","pronouns":"ele","image":{"@type":"ImageObject","inLanguage":"pt-BR","@id":"https:\/\/i0.wp.com\/blogdoprosperi.com\/wp-content\/uploads\/2026\/05\/cropped-8059e613-6002-42fa-961e-8e275f575d71-2-5.jpg?fit=1360%2C931&ssl=1","url":"https:\/\/i0.wp.com\/blogdoprosperi.com\/wp-content\/uploads\/2026\/05\/cropped-8059e613-6002-42fa-961e-8e275f575d71-2-5.jpg?fit=1360%2C931&ssl=1","contentUrl":"https:\/\/i0.wp.com\/blogdoprosperi.com\/wp-content\/uploads\/2026\/05\/cropped-8059e613-6002-42fa-961e-8e275f575d71-2-5.jpg?fit=1360%2C931&ssl=1","width":1360,"height":931,"caption":"Luiz Ant\u00f4nio Pr\u00f3speri"},"logo":{"@id":"https:\/\/i0.wp.com\/blogdoprosperi.com\/wp-content\/uploads\/2026\/05\/cropped-8059e613-6002-42fa-961e-8e275f575d71-2-5.jpg?fit=1360%2C931&ssl=1"},"description":"Jornalista com carreira dedicada ao esporte. Cobriu 9 Copas do Mundo in loco, 1990 na It\u00e1lia, 1994 nos EUA, 1998 na Fran\u00e7a, 2002 na Coreia do Sul e Jap\u00e3o, 2006 na Alemanha, 2010 na \u00c1frica do Sul, 2014 no Brasil, 2018 na R\u00fassia e 2022 no Qatar. Eurocopas, 1992 na Su\u00e9cia e 1996 na Inglaterra. Copa das Confedera\u00e7\u00f5es de 2005 na Alemanha e 2009 na \u00c1frica do Sul. Rep\u00f3rter e Editor, trabalhou no Jornal da Tarde e Estad\u00e3o, de 1984 a fevereiro de 2016. Colunista, blogueiro. E comentarista de futebol na R\u00e1dio Estad\u00e3o, de 2013 a fevereiro de 2016. Jornalista respons\u00e1vel do \"Pr\u00f3speri News\" (blogdoprosperi.com).","sameAs":["http:\/\/blogdoprosperi.com","Luiz Pr\u00f3speri","@luiz_prosperi","https:\/\/x.com\/Luizprosperi","@prosperinacopa","luiz.prosperi@icloud.com"],"url":"https:\/\/blogdoprosperi.com\/?author=102107496"}]}},"jetpack_publicize_connections":[],"jetpack_likes_enabled":false,"jetpack_sharing_enabled":true,"jetpack_shortlink":"https:\/\/wp.me\/p7jvdk-foy","jetpack-related-posts":[{"id":57288,"url":"https:\/\/blogdoprosperi.com\/?p=57288","url_meta":{"origin":59182,"position":0},"title":"Brasil vence Cro\u00e1cia | Danilo Santos Revigora Sele\u00e7\u00e3o e Endrick Pede Passagem a Ancelotti","author":"Luiz Ant\u00f4nio Pr\u00f3speri","date":"31 de mar\u00e7o de 2026","format":false,"excerpt":"Luiz Ant\u00f4nio Pr\u00f3speri \u2013 31 mar\u00e7o 2026 \u2013 (23h12) \u2013 Brasil vence a Cro\u00e1cia por 3 a 1 no \u00faltimo amistoso antes de Carlo Ancelotti carimbar a lista final dos 26 jogadores convocados para a Copa do Mundo 2026. O italiano, mascando chiclete, acrescentou ontem mais um nome entre seus\u2026","rel":"","context":"Em &quot;futebol&quot;","block_context":{"text":"futebol","link":"https:\/\/blogdoprosperi.com\/?cat=53870"},"img":{"alt_text":"","src":"https:\/\/i0.wp.com\/blogdoprosperi.com\/wp-content\/uploads\/2026\/03\/captura-de-tela-2026-03-31-as-23.08.24.png?fit=1200%2C1008&ssl=1&resize=350%2C200","width":350,"height":200,"srcset":"https:\/\/i0.wp.com\/blogdoprosperi.com\/wp-content\/uploads\/2026\/03\/captura-de-tela-2026-03-31-as-23.08.24.png?fit=1200%2C1008&ssl=1&resize=350%2C200 1x, https:\/\/i0.wp.com\/blogdoprosperi.com\/wp-content\/uploads\/2026\/03\/captura-de-tela-2026-03-31-as-23.08.24.png?fit=1200%2C1008&ssl=1&resize=525%2C300 1.5x, https:\/\/i0.wp.com\/blogdoprosperi.com\/wp-content\/uploads\/2026\/03\/captura-de-tela-2026-03-31-as-23.08.24.png?fit=1200%2C1008&ssl=1&resize=700%2C400 2x, https:\/\/i0.wp.com\/blogdoprosperi.com\/wp-content\/uploads\/2026\/03\/captura-de-tela-2026-03-31-as-23.08.24.png?fit=1200%2C1008&ssl=1&resize=1050%2C600 3x"},"classes":[]},{"id":59481,"url":"https:\/\/blogdoprosperi.com\/?p=59481","url_meta":{"origin":59182,"position":1},"title":"Neymar completa um m\u00eas fora do campo e Ancelotti viu o cuspe do Endrick?","author":"Luiz Ant\u00f4nio Pr\u00f3speri","date":"15 de junho de 2026","format":false,"excerpt":"Luiz Ant\u00f4nio Pr\u00f3speri, de Morristown, 15 junho 2026 (19h32) Neymar passa por nova resson\u00e2ncia magn\u00e9tica e n\u00e3o treina. Calend\u00e1rio aponta 28 dias sem ir ao campo nesta segunda-feira (15\/6). E levanta novas suspeitas do antigo futuro do craque na Copa do Mundo. Se esperava por sua presen\u00e7a, pelo menos no\u2026","rel":"","context":"Em &quot;copa 2026&quot;","block_context":{"text":"copa 2026","link":"https:\/\/blogdoprosperi.com\/?cat=36820279"},"img":{"alt_text":"","src":"https:\/\/i0.wp.com\/blogdoprosperi.com\/wp-content\/uploads\/2026\/06\/Captura-de-Tela-2026-06-15-as-19.38.46.png?fit=1200%2C776&ssl=1&resize=350%2C200","width":350,"height":200,"srcset":"https:\/\/i0.wp.com\/blogdoprosperi.com\/wp-content\/uploads\/2026\/06\/Captura-de-Tela-2026-06-15-as-19.38.46.png?fit=1200%2C776&ssl=1&resize=350%2C200 1x, https:\/\/i0.wp.com\/blogdoprosperi.com\/wp-content\/uploads\/2026\/06\/Captura-de-Tela-2026-06-15-as-19.38.46.png?fit=1200%2C776&ssl=1&resize=525%2C300 1.5x, https:\/\/i0.wp.com\/blogdoprosperi.com\/wp-content\/uploads\/2026\/06\/Captura-de-Tela-2026-06-15-as-19.38.46.png?fit=1200%2C776&ssl=1&resize=700%2C400 2x, https:\/\/i0.wp.com\/blogdoprosperi.com\/wp-content\/uploads\/2026\/06\/Captura-de-Tela-2026-06-15-as-19.38.46.png?fit=1200%2C776&ssl=1&resize=1050%2C600 3x"},"classes":[]},{"id":59569,"url":"https:\/\/blogdoprosperi.com\/?p=59569","url_meta":{"origin":59182,"position":2},"title":"Ancelotti e a hist\u00f3ria do menino paciente","author":"Luiz Ant\u00f4nio Pr\u00f3speri","date":"18 de junho de 2026","format":false,"excerpt":"Luiz Ant\u00f4nio Pr\u00f3speri, 18 junho 2026 (20h05) Endrick, parece, vai ter de esperar at\u00e9 a Copa 2030. Agora, nesta de 2026, \u00e9 bem prov\u00e1vel que fique mais no banco a dentro do campo. A depender das declara\u00e7\u00f5es de Carlo Ancelotti, Endrick deve ter paci\u00eancia. De acordo com Carletto, o menino\u2026","rel":"","context":"Em &quot;copa 2026&quot;","block_context":{"text":"copa 2026","link":"https:\/\/blogdoprosperi.com\/?cat=36820279"},"img":{"alt_text":"","src":"https:\/\/i0.wp.com\/blogdoprosperi.com\/wp-content\/uploads\/2026\/06\/Captura-de-Tela-2026-06-18-as-20.38.12.png?fit=1200%2C913&ssl=1&resize=350%2C200","width":350,"height":200,"srcset":"https:\/\/i0.wp.com\/blogdoprosperi.com\/wp-content\/uploads\/2026\/06\/Captura-de-Tela-2026-06-18-as-20.38.12.png?fit=1200%2C913&ssl=1&resize=350%2C200 1x, https:\/\/i0.wp.com\/blogdoprosperi.com\/wp-content\/uploads\/2026\/06\/Captura-de-Tela-2026-06-18-as-20.38.12.png?fit=1200%2C913&ssl=1&resize=525%2C300 1.5x, https:\/\/i0.wp.com\/blogdoprosperi.com\/wp-content\/uploads\/2026\/06\/Captura-de-Tela-2026-06-18-as-20.38.12.png?fit=1200%2C913&ssl=1&resize=700%2C400 2x, https:\/\/i0.wp.com\/blogdoprosperi.com\/wp-content\/uploads\/2026\/06\/Captura-de-Tela-2026-06-18-as-20.38.12.png?fit=1200%2C913&ssl=1&resize=1050%2C600 3x"},"classes":[]},{"id":58458,"url":"https:\/\/blogdoprosperi.com\/?p=58458","url_meta":{"origin":59182,"position":3},"title":"Entre Neymar e Endrick, o menino de verdade pode colocar a Copa debaixo do bra\u00e7o","author":"Luiz Ant\u00f4nio Pr\u00f3speri","date":"18 de maio de 2026","format":false,"excerpt":"Luiz Ant\u00f4nio Pr\u00f3speri \u2013 18 maio 2026 (19h29) \u2013 Neymar vai jogar a Copa do Mundo 2026. N\u00e3o \u00e9 uma surpresa. Muito menos efeito de uma enorme press\u00e3o em cima de Carlo Ancelotti. Trata-se de uma decis\u00e3o do treinador italiano e de seus pares de comiss\u00e3o t\u00e9cnica dentro dos padr\u00f5es\u2026","rel":"","context":"Em &quot;copa do mundo 2026&quot;","block_context":{"text":"copa do mundo 2026","link":"https:\/\/blogdoprosperi.com\/?cat=115102077"},"img":{"alt_text":"Endrick","src":"https:\/\/i0.wp.com\/blogdoprosperi.com\/wp-content\/uploads\/2026\/05\/endrick-celebra-apos-sofrer-penalti-no-amistoso-entre-brasil-e-croacia-antes-da-copa-do-mundo-2026-1775012812339_v2_900x506.jpg.webp?fit=900%2C506&ssl=1&resize=350%2C200","width":350,"height":200,"srcset":"https:\/\/i0.wp.com\/blogdoprosperi.com\/wp-content\/uploads\/2026\/05\/endrick-celebra-apos-sofrer-penalti-no-amistoso-entre-brasil-e-croacia-antes-da-copa-do-mundo-2026-1775012812339_v2_900x506.jpg.webp?fit=900%2C506&ssl=1&resize=350%2C200 1x, https:\/\/i0.wp.com\/blogdoprosperi.com\/wp-content\/uploads\/2026\/05\/endrick-celebra-apos-sofrer-penalti-no-amistoso-entre-brasil-e-croacia-antes-da-copa-do-mundo-2026-1775012812339_v2_900x506.jpg.webp?fit=900%2C506&ssl=1&resize=525%2C300 1.5x, https:\/\/i0.wp.com\/blogdoprosperi.com\/wp-content\/uploads\/2026\/05\/endrick-celebra-apos-sofrer-penalti-no-amistoso-entre-brasil-e-croacia-antes-da-copa-do-mundo-2026-1775012812339_v2_900x506.jpg.webp?fit=900%2C506&ssl=1&resize=700%2C400 2x"},"classes":[]},{"id":59583,"url":"https:\/\/blogdoprosperi.com\/?p=59583","url_meta":{"origin":59182,"position":4},"title":"Brasil vence Haiti, assume primeiro lugar do Grupo C e Endrick estreia","author":"Luiz Ant\u00f4nio Pr\u00f3speri","date":"19 de junho de 2026","format":false,"excerpt":"Luiz Ant\u00f4nio Pr\u00f3speri, da Philadelphia, 19 junho 2026 Brasil vence Haiti por 3 a 0 na Philadelphia. Assume o primeiro lugar do Grupo superando Marrocos no saldo de gols. A sensa\u00e7\u00e3o \u00e9 de que faltaram mais gols na cidade de Rocky Balboa. E pode comprometer a posi\u00e7\u00e3o da Sele\u00e7\u00e3o Brasileira\u2026","rel":"","context":"Em &quot;copa 2026&quot;","block_context":{"text":"copa 2026","link":"https:\/\/blogdoprosperi.com\/?cat=36820279"},"img":{"alt_text":"","src":"https:\/\/i0.wp.com\/blogdoprosperi.com\/wp-content\/uploads\/2026\/06\/Captura-de-Tela-2026-06-19-as-21.51.39-1.png?fit=1078%2C790&ssl=1&resize=350%2C200","width":350,"height":200,"srcset":"https:\/\/i0.wp.com\/blogdoprosperi.com\/wp-content\/uploads\/2026\/06\/Captura-de-Tela-2026-06-19-as-21.51.39-1.png?fit=1078%2C790&ssl=1&resize=350%2C200 1x, https:\/\/i0.wp.com\/blogdoprosperi.com\/wp-content\/uploads\/2026\/06\/Captura-de-Tela-2026-06-19-as-21.51.39-1.png?fit=1078%2C790&ssl=1&resize=525%2C300 1.5x, https:\/\/i0.wp.com\/blogdoprosperi.com\/wp-content\/uploads\/2026\/06\/Captura-de-Tela-2026-06-19-as-21.51.39-1.png?fit=1078%2C790&ssl=1&resize=700%2C400 2x, https:\/\/i0.wp.com\/blogdoprosperi.com\/wp-content\/uploads\/2026\/06\/Captura-de-Tela-2026-06-19-as-21.51.39-1.png?fit=1078%2C790&ssl=1&resize=1050%2C600 3x"},"classes":[]},{"id":59302,"url":"https:\/\/blogdoprosperi.com\/?p=59302","url_meta":{"origin":59182,"position":5},"title":"Brasil vence Egito no \u00faltimo amistoso antes da estreia na Copa e Endrick quer vaga no time titular","author":"Luiz Ant\u00f4nio Pr\u00f3speri","date":"6 de junho de 2026","format":false,"excerpt":"Luiz Ant\u00f4nio Pr\u00f3speri \u2013 6 junho 2026 (20h51) Brasil vence Egito por 2 a 1 no \u00faltimo amistoso antes da estreia na Copa do Mundo. Endrik faz gol da vit\u00f3ria e mais uma vez pede passagem a Carlo Ancelotti. Sele\u00e7\u00e3o principal n\u00e3o joga bem no primeiro tempo, com vacilos defensivos\u2026","rel":"","context":"Em &quot;copa 2026&quot;","block_context":{"text":"copa 2026","link":"https:\/\/blogdoprosperi.com\/?cat=36820279"},"img":{"alt_text":"","src":"https:\/\/i0.wp.com\/blogdoprosperi.com\/wp-content\/uploads\/2026\/06\/Captura-de-Tela-2026-06-06-as-20.58.44.png?fit=1002%2C896&ssl=1&resize=350%2C200","width":350,"height":200,"srcset":"https:\/\/i0.wp.com\/blogdoprosperi.com\/wp-content\/uploads\/2026\/06\/Captura-de-Tela-2026-06-06-as-20.58.44.png?fit=1002%2C896&ssl=1&resize=350%2C200 1x, https:\/\/i0.wp.com\/blogdoprosperi.com\/wp-content\/uploads\/2026\/06\/Captura-de-Tela-2026-06-06-as-20.58.44.png?fit=1002%2C896&ssl=1&resize=525%2C300 1.5x, https:\/\/i0.wp.com\/blogdoprosperi.com\/wp-content\/uploads\/2026\/06\/Captura-de-Tela-2026-06-06-as-20.58.44.png?fit=1002%2C896&ssl=1&resize=700%2C400 2x"},"classes":[]}],"jetpack_featured_media_url":"https:\/\/i0.wp.com\/blogdoprosperi.com\/wp-content\/uploads\/2026\/06\/treino-selecao-masculino-03062026.jpg?fit=3558%2C2426&ssl=1","_links":{"self":[{"href":"https:\/\/blogdoprosperi.com\/index.php?rest_route=\/wp\/v2\/posts\/59182","targetHints":{"allow":["GET"]}}],"collection":[{"href":"https:\/\/blogdoprosperi.com\/index.php?rest_route=\/wp\/v2\/posts"}],"about":[{"href":"https:\/\/blogdoprosperi.com\/index.php?rest_route=\/wp\/v2\/types\/post"}],"author":[{"embeddable":true,"href":"https:\/\/blogdoprosperi.com\/index.php?rest_route=\/wp\/v2\/users\/102107496"}],"replies":[{"embeddable":true,"href":"https:\/\/blogdoprosperi.com\/index.php?rest_route=%2Fwp%2Fv2%2Fcomments&post=59182"}],"version-history":[{"count":12,"href":"https:\/\/blogdoprosperi.com\/index.php?rest_route=\/wp\/v2\/posts\/59182\/revisions"}],"predecessor-version":[{"id":59195,"href":"https:\/\/blogdoprosperi.com\/index.php?rest_route=\/wp\/v2\/posts\/59182\/revisions\/59195"}],"wp:featuredmedia":[{"embeddable":true,"href":"https:\/\/blogdoprosperi.com\/index.php?rest_route=\/wp\/v2\/media\/59192"}],"wp:attachment":[{"href":"https:\/\/blogdoprosperi.com\/index.php?rest_route=%2Fwp%2Fv2%2Fmedia&parent=59182"}],"wp:term":[{"taxonomy":"category","embeddable":true,"href":"https:\/\/blogdoprosperi.com\/index.php?rest_route=%2Fwp%2Fv2%2Fcategories&post=59182"},{"taxonomy":"post_tag","embeddable":true,"href":"https:\/\/blogdoprosperi.com\/index.php?rest_route=%2Fwp%2Fv2%2Ftags&post=59182"}],"curies":[{"name":"wp","href":"https:\/\/api.w.org\/{rel}","templated":true}]}}