{"id":59239,"date":"2026-06-05T13:21:22","date_gmt":"2026-06-05T16:21:22","guid":{"rendered":"https:\/\/blogdoprosperi.com\/?p=59239"},"modified":"2026-06-05T13:21:22","modified_gmt":"2026-06-05T16:21:22","slug":"ancelotti-arruma-um-jeito-de-encaixar-paqueta-entre-titulares-da-selecao","status":"publish","type":"post","link":"https:\/\/blogdoprosperi.com\/?p=59239","title":{"rendered":"Ancelotti arruma um jeito de encaixar Paquet\u00e1 entre titulares da Sele\u00e7\u00e3o"},"content":{"rendered":"<p><em>Luiz Ant\u00f4nio Pr\u00f3speri \u2013 5 junho 2026 (13h05)<\/em><\/p>\n<p>&#8220;\u00c9 o \u00faltimo jogo para fazer teste.<strong> Paquet\u00e1 representa um jogador importante para n\u00f3s, porque tem caracter\u00edstica diferente dos outros meias.<\/strong> Quero test\u00e1-lo e testar o Igor Thiago no jogo de amanh\u00e3. Acho que o sistema com os quatro na frente est\u00e1 bastante consolidado. Quero testar uma nova alternativa no \u00faltimo teste&#8221;, palavras de Carlo Ancelotti na entrevista coletiva nesta sexta-feira (05\/6), em New Jersey.<\/p>\n<p>Assim, como todos seus antecessores no comando da Sele\u00e7\u00e3o Brasileira, o italiano se rende a Paquet\u00e1. O teste com Paquet\u00e1 ser\u00e1 no amistoso Brasil x Egito, s\u00e1bado (06\/6), em Cleveland, \u00faltimo jogo do escrete antes da estreia na Copa do Mundo contra Marrocos, dia 13\/6.<\/p>\n<p>Veremos se Paquet\u00e1 vai dar conta da tarefa de atuar como meia e atacante ao lado de Raphinha, Igor Thiago e Vini Jr.<\/p>\n<blockquote><p><em>&#8220;Ser brasileiro \u00e9 gen\u00e9tica, ser italiano \u00e9 trabalho. Tem que combinar as duas coisas. Um \u00edtalo-brasileiro pode ganhar a Copa do Mundo, s\u00f3 italiano n\u00e3o, s\u00f3 brasileiro tamb\u00e9m n\u00e3o. Tem que combinar as duas coisas&#8221; \u2013 <strong>Ancelotti<\/strong><\/em><\/p><\/blockquote>\n<p><em>Acompanhe outros temas da entrevista coletiva de Ancelotti pr\u00e9-amistoso Brasil x Egito:<\/em><\/p>\n<p>&#8220;Amanh\u00e3 (<em>s\u00e1bado, dia 6<\/em>) temos 11 mudan\u00e7as, vou aproveitar as 11 mudan\u00e7as na segunda parte. Pode ser alguns jogadores que precisem jogar mais, que tenham sa\u00eddo de les\u00e3o anteriores, como Raphinha, Bruno, pode ser que eu d\u00ea um pouco mais de minutos a eles, mas todos v\u00e3o jogar.<\/p>\n<p><strong>O senhor pretende mudar o sistema 4-4-2?<\/strong><\/p>\n<p><em>&#8220;Obviamente voc\u00ea tem que levar em conta o advers\u00e1rio, mas isso n\u00e3o vai mudar nossa escala\u00e7\u00e3o, nosso sistema ou nossa estrat\u00e9gia de acordo com as caracter\u00edsticas do advers\u00e1rios. Quero ver outra op\u00e7\u00e3o de equipe, a \u00faltima possibilidade de faz\u00ea-lo eu vou fazer. O que est\u00e1 claro \u00e9 que o sistema n\u00e3o muda, \u00e9 4-4-2 e n\u00e3o vai mudar&#8221;.<\/em><\/p>\n<p><em>&#8220;O sistema s\u00f3 muda quando voc\u00ea n\u00e3o tem a bola. Voc\u00ea n\u00e3o pode olhar o sistema quando tem a bola porque nunca atacamos com quatro. Defensivo \u00e9 4-4-2, n\u00e3o muda. Depois mudam as caracter\u00edsticas dos jogadores. Muda a posi\u00e7\u00e3o de Paquet\u00e1 com a bola quando ele est\u00e1 com Luiz Henrique. Sei perfeitamente que Paquet\u00e1 n\u00e3o pode ser ponta. Depois de 40 anos de futebol eu entendi isso&#8221;(risos de Ancelotti).<\/em><\/p>\n<p><strong>Igor Thiago larga na frente de Endrick na briga por vaga no ataque?<\/strong><\/p>\n<p><em>&#8220;N\u00e3o est\u00e1 avan\u00e7ado, eles t\u00eam caracter\u00edsticas diferentes, jogaram muito bem no segundo tempo contra o Panam\u00e1. N\u00e3o tem vantagem. Eu acho que combinam bem no jogo os dois, porque acho que tem caracter\u00edsticas diferentes&#8221;.<\/em><\/p>\n<p><strong>Que diferen\u00e7as o senhor v\u00ea entre Igor Thiago e Matheus Cunha?<\/strong><\/p>\n<p><em>&#8220;Matheus \u00e9 mais associativo com a equipe, tem muita qualidade no posicionamento e uma finaliza\u00e7\u00e3o muito forte. Thiago \u00e9 um atacante totalmente diferente, muito potente, muito inteligente e muito forte na \u00e1rea&#8221;.<\/em><\/p>\n<p><em>&#8220;Eu honestamente n\u00e3o vejo um time favorito hoje, acho que h\u00e1 muitos times competitivos para ganhar, mas n\u00e3o h\u00e1 uma que se destaque. Vai ganhar a equipe que \u00e9 capaz de esconder suas debilidades&#8221;.<\/em><\/p>\n<p><strong>Pretende alterar muito o time durante a Copa?<\/strong><\/p>\n<p><em>&#8220;Eu acho que estou convencido que tenho uma lista muito forte e quero aproveitar essa lista. <strong>N\u00e3o quero focar minha cabe\u00e7a no time titular do primeiro jogo.<\/strong> Quero treinar essa lista e aproveitar essa lista. \u00c9 uma lista com muitos recursos&#8221;.<\/em><\/p>\n<p><strong>Na estrat\u00e9gia para ganhar a Copa, o senhor pensa em ser mais italiano na defesa ou mais brasileiro no ataque, na fantasia?<\/strong><\/p>\n<p><em>&#8220;Ser brasileiro \u00e9 gen\u00e9tica, ser italiano \u00e9 trabalho. Tem que combinar as duas coisas. Um \u00edtalo-brasileiro pode ganhar a Copa do Mundo, s\u00f3 italiano n\u00e3o, s\u00f3 brasileiro tamb\u00e9m n\u00e3o. Tem que combinar as duas coisas&#8221;.<\/em><\/p>\n<p><strong>Grupo de jogadores j\u00e1 se sente uma &#8216;fam\u00edlia Ancelotti&#8217;?<\/strong><\/p>\n<p><em>&#8220;Nesse momento todo mundo est\u00e1 contente e feliz, vamos ver a cara dos jogadores que n\u00e3o jogam depois do primeiro jogo, mas estou acostumado com tudo isso. Come\u00e7ar com um bom ambiente \u00e9 uma vantagem.&#8221;<\/em><\/p>\n","protected":false},"excerpt":{"rendered":"<p>Luiz Ant\u00f4nio Pr\u00f3speri \u2013 5 junho 2026 (13h05) &#8220;\u00c9 o \u00faltimo jogo para fazer teste. Paquet\u00e1 representa um [&hellip;]<\/p>\n","protected":false},"author":102107496,"featured_media":59238,"comment_status":"open","ping_status":"open","sticky":false,"template":"","format":"standard","meta":{"_coblocks_attr":"","_coblocks_dimensions":"","_coblocks_responsive_height":"","_coblocks_accordion_ie_support":"","_jetpack_newsletter_access":"","_jetpack_dont_email_post_to_subs":false,"_jetpack_newsletter_tier_id":0,"_jetpack_memberships_contains_paywalled_content":false,"_wpcom_ai_launchpad_first_post":false,"_jetpack_feature_clip_id":0,"_jetpack_memberships_contains_paid_content":false,"footnotes":"","jetpack_publicize_message":"","jetpack_publicize_feature_enabled":true,"jetpack_social_post_already_shared":true,"jetpack_social_options":{"image_generator_settings":{"template":"highway","default_image_id":0,"font":"","enabled":false},"version":2},"jetpack_post_was_ever_published":false},"categories":[36820279,53870,174694],"tags":[1016127,569949222,1192834,10149860],"class_list":["post-59239","post","type-post","status-publish","format-standard","has-post-thumbnail","hentry","category-copa-2026","category-futebol","category-selecao-brasileira","tag-ancelotti","tag-copa2026","tag-paqueta","tag-selecaobrasileira"],"yoast_head":"<!-- This site is optimized with the Yoast SEO plugin v28.3 - https:\/\/yoast.com\/product\/yoast-seo-wordpress\/ -->\n<title>Ancelotti arruma um jeito de encaixar Paquet\u00e1 entre titulares da Sele\u00e7\u00e3o - PR\u00d3SPERI NEWS<\/title>\n<meta name=\"robots\" content=\"index, follow, max-snippet:-1, max-image-preview:large, max-video-preview:-1\" \/>\n<link rel=\"canonical\" href=\"https:\/\/blogdoprosperi.com\/?p=59239\" \/>\n<meta property=\"og:locale\" content=\"pt_BR\" \/>\n<meta property=\"og:type\" content=\"article\" \/>\n<meta property=\"og:title\" content=\"Ancelotti arruma um jeito de encaixar Paquet\u00e1 entre titulares da Sele\u00e7\u00e3o - PR\u00d3SPERI NEWS\" \/>\n<meta property=\"og:description\" content=\"Luiz Ant\u00f4nio Pr\u00f3speri \u2013 5 junho 2026 (13h05) &#8220;\u00c9 o \u00faltimo jogo para fazer teste. Paquet\u00e1 representa um [&hellip;]\" \/>\n<meta property=\"og:url\" content=\"https:\/\/blogdoprosperi.com\/?p=59239\" \/>\n<meta property=\"og:site_name\" content=\"PR\u00d3SPERI NEWS\" \/>\n<meta property=\"article:publisher\" content=\"Luiz Pr\u00f3speri\" \/>\n<meta property=\"article:author\" content=\"Luiz Pr\u00f3speri\" \/>\n<meta property=\"article:published_time\" content=\"2026-06-05T16:21:22+00:00\" \/>\n<meta property=\"og:image\" content=\"https:\/\/blogdoprosperi.com\/wp-content\/uploads\/2026\/06\/treino-selecao-brasileira-masculino-04062026-1024x693.jpg\" \/>\n\t<meta property=\"og:image:width\" content=\"1024\" \/>\n\t<meta property=\"og:image:height\" content=\"693\" \/>\n\t<meta property=\"og:image:type\" content=\"image\/jpeg\" \/>\n<meta name=\"author\" content=\"Luiz Ant\u00f4nio Pr\u00f3speri\" \/>\n<meta name=\"twitter:card\" content=\"summary_large_image\" \/>\n<meta name=\"twitter:creator\" content=\"@Luizprosperi\" \/>\n<meta name=\"twitter:site\" content=\"@Luizprosperi\" \/>\n<meta name=\"twitter:label1\" content=\"Escrito por\" \/>\n\t<meta name=\"twitter:data1\" content=\"Luiz Ant\u00f4nio Pr\u00f3speri\" \/>\n\t<meta name=\"twitter:label2\" content=\"Est. tempo de leitura\" \/>\n\t<meta name=\"twitter:data2\" content=\"3 minutos\" \/>\n<script type=\"application\/ld+json\" class=\"yoast-schema-graph\">{\"@context\":\"https:\\\/\\\/schema.org\",\"@graph\":[{\"@type\":\"Article\",\"@id\":\"https:\\\/\\\/blogdoprosperi.com\\\/?p=59239#article\",\"isPartOf\":{\"@id\":\"https:\\\/\\\/blogdoprosperi.com\\\/?p=59239\"},\"author\":{\"name\":\"Luiz Ant\u00f4nio Pr\u00f3speri\",\"@id\":\"https:\\\/\\\/blogdoprosperi.com\\\/#\\\/schema\\\/person\\\/38100755ce3601861ee4fab9b5aa78e9\"},\"headline\":\"Ancelotti arruma um jeito de encaixar Paquet\u00e1 entre titulares da Sele\u00e7\u00e3o\",\"datePublished\":\"2026-06-05T16:21:22+00:00\",\"mainEntityOfPage\":{\"@id\":\"https:\\\/\\\/blogdoprosperi.com\\\/?p=59239\"},\"wordCount\":692,\"commentCount\":0,\"publisher\":{\"@id\":\"https:\\\/\\\/blogdoprosperi.com\\\/#\\\/schema\\\/person\\\/38100755ce3601861ee4fab9b5aa78e9\"},\"image\":{\"@id\":\"https:\\\/\\\/blogdoprosperi.com\\\/?p=59239#primaryimage\"},\"thumbnailUrl\":\"https:\\\/\\\/i0.wp.com\\\/blogdoprosperi.com\\\/wp-content\\\/uploads\\\/2026\\\/06\\\/treino-selecao-brasileira-masculino-04062026.jpg?fit=4958%2C3353&ssl=1\",\"keywords\":[\"Ancelotti\",\"Copa2026\",\"paquet\u00e1\",\"Sele\u00e7\u00e3oBrasileira\"],\"articleSection\":[\"copa 2026\",\"futebol\",\"Sele\u00e7\u00e3o Brasileira\"],\"inLanguage\":\"pt-BR\",\"potentialAction\":[{\"@type\":\"CommentAction\",\"name\":\"Comment\",\"target\":[\"https:\\\/\\\/blogdoprosperi.com\\\/?p=59239#respond\"]}]},{\"@type\":\"WebPage\",\"@id\":\"https:\\\/\\\/blogdoprosperi.com\\\/?p=59239\",\"url\":\"https:\\\/\\\/blogdoprosperi.com\\\/?p=59239\",\"name\":\"Ancelotti arruma um jeito de encaixar Paquet\u00e1 entre titulares da Sele\u00e7\u00e3o - PR\u00d3SPERI NEWS\",\"isPartOf\":{\"@id\":\"https:\\\/\\\/blogdoprosperi.com\\\/#website\"},\"primaryImageOfPage\":{\"@id\":\"https:\\\/\\\/blogdoprosperi.com\\\/?p=59239#primaryimage\"},\"image\":{\"@id\":\"https:\\\/\\\/blogdoprosperi.com\\\/?p=59239#primaryimage\"},\"thumbnailUrl\":\"https:\\\/\\\/i0.wp.com\\\/blogdoprosperi.com\\\/wp-content\\\/uploads\\\/2026\\\/06\\\/treino-selecao-brasileira-masculino-04062026.jpg?fit=4958%2C3353&ssl=1\",\"datePublished\":\"2026-06-05T16:21:22+00:00\",\"breadcrumb\":{\"@id\":\"https:\\\/\\\/blogdoprosperi.com\\\/?p=59239#breadcrumb\"},\"inLanguage\":\"pt-BR\",\"potentialAction\":[{\"@type\":\"ReadAction\",\"target\":[\"https:\\\/\\\/blogdoprosperi.com\\\/?p=59239\"]}]},{\"@type\":\"ImageObject\",\"inLanguage\":\"pt-BR\",\"@id\":\"https:\\\/\\\/blogdoprosperi.com\\\/?p=59239#primaryimage\",\"url\":\"https:\\\/\\\/i0.wp.com\\\/blogdoprosperi.com\\\/wp-content\\\/uploads\\\/2026\\\/06\\\/treino-selecao-brasileira-masculino-04062026.jpg?fit=4958%2C3353&ssl=1\",\"contentUrl\":\"https:\\\/\\\/i0.wp.com\\\/blogdoprosperi.com\\\/wp-content\\\/uploads\\\/2026\\\/06\\\/treino-selecao-brasileira-masculino-04062026.jpg?fit=4958%2C3353&ssl=1\",\"width\":4958,\"height\":3353,\"caption\":\"Ancelotti no treino da Sele\u00e7\u00e3o nos EUA \u2013 foto: CBF oficial\"},{\"@type\":\"BreadcrumbList\",\"@id\":\"https:\\\/\\\/blogdoprosperi.com\\\/?p=59239#breadcrumb\",\"itemListElement\":[{\"@type\":\"ListItem\",\"position\":1,\"name\":\"In\u00edcio\",\"item\":\"https:\\\/\\\/blogdoprosperi.com\\\/\"},{\"@type\":\"ListItem\",\"position\":2,\"name\":\"Ancelotti arruma um jeito de encaixar Paquet\u00e1 entre titulares da Sele\u00e7\u00e3o\"}]},{\"@type\":\"WebSite\",\"@id\":\"https:\\\/\\\/blogdoprosperi.com\\\/#website\",\"url\":\"https:\\\/\\\/blogdoprosperi.com\\\/\",\"name\":\"PR\u00d3SPERI NEWS\",\"description\":\"TUDO \u00c9  FUTEBOL\",\"publisher\":{\"@id\":\"https:\\\/\\\/blogdoprosperi.com\\\/#\\\/schema\\\/person\\\/38100755ce3601861ee4fab9b5aa78e9\"},\"alternateName\":\"blogdoprosperi.com\",\"potentialAction\":[{\"@type\":\"SearchAction\",\"target\":{\"@type\":\"EntryPoint\",\"urlTemplate\":\"https:\\\/\\\/blogdoprosperi.com\\\/?s={search_term_string}\"},\"query-input\":{\"@type\":\"PropertyValueSpecification\",\"valueRequired\":true,\"valueName\":\"search_term_string\"}}],\"inLanguage\":\"pt-BR\"},{\"@type\":[\"Person\",\"Organization\"],\"@id\":\"https:\\\/\\\/blogdoprosperi.com\\\/#\\\/schema\\\/person\\\/38100755ce3601861ee4fab9b5aa78e9\",\"name\":\"Luiz Ant\u00f4nio Pr\u00f3speri\",\"pronouns\":\"ele\",\"image\":{\"@type\":\"ImageObject\",\"inLanguage\":\"pt-BR\",\"@id\":\"https:\\\/\\\/i0.wp.com\\\/blogdoprosperi.com\\\/wp-content\\\/uploads\\\/2026\\\/05\\\/cropped-8059e613-6002-42fa-961e-8e275f575d71-2-5.jpg?fit=1360%2C931&ssl=1\",\"url\":\"https:\\\/\\\/i0.wp.com\\\/blogdoprosperi.com\\\/wp-content\\\/uploads\\\/2026\\\/05\\\/cropped-8059e613-6002-42fa-961e-8e275f575d71-2-5.jpg?fit=1360%2C931&ssl=1\",\"contentUrl\":\"https:\\\/\\\/i0.wp.com\\\/blogdoprosperi.com\\\/wp-content\\\/uploads\\\/2026\\\/05\\\/cropped-8059e613-6002-42fa-961e-8e275f575d71-2-5.jpg?fit=1360%2C931&ssl=1\",\"width\":1360,\"height\":931,\"caption\":\"Luiz Ant\u00f4nio Pr\u00f3speri\"},\"logo\":{\"@id\":\"https:\\\/\\\/i0.wp.com\\\/blogdoprosperi.com\\\/wp-content\\\/uploads\\\/2026\\\/05\\\/cropped-8059e613-6002-42fa-961e-8e275f575d71-2-5.jpg?fit=1360%2C931&ssl=1\"},\"description\":\"Jornalista com carreira dedicada ao esporte. Cobriu 9 Copas do Mundo in loco, 1990 na It\u00e1lia, 1994 nos EUA, 1998 na Fran\u00e7a, 2002 na Coreia do Sul e Jap\u00e3o, 2006 na Alemanha, 2010 na \u00c1frica do Sul, 2014 no Brasil, 2018 na R\u00fassia e 2022 no Qatar. Eurocopas, 1992 na Su\u00e9cia e 1996 na Inglaterra. Copa das Confedera\u00e7\u00f5es de 2005 na Alemanha e 2009 na \u00c1frica do Sul. Rep\u00f3rter e Editor, trabalhou no Jornal da Tarde e Estad\u00e3o, de 1984 a fevereiro de 2016. Colunista, blogueiro. E comentarista de futebol na R\u00e1dio Estad\u00e3o, de 2013 a fevereiro de 2016. Jornalista respons\u00e1vel do \\\"Pr\u00f3speri News\\\" (blogdoprosperi.com).\",\"sameAs\":[\"http:\\\/\\\/blogdoprosperi.com\",\"Luiz Pr\u00f3speri\",\"@luiz_prosperi\",\"https:\\\/\\\/x.com\\\/Luizprosperi\",\"@prosperinacopa\",\"luiz.prosperi@icloud.com\"],\"url\":\"https:\\\/\\\/blogdoprosperi.com\\\/?author=102107496\"}]}<\/script>\n<!-- \/ Yoast SEO plugin. -->","yoast_head_json":{"title":"Ancelotti arruma um jeito de encaixar Paquet\u00e1 entre titulares da Sele\u00e7\u00e3o - PR\u00d3SPERI NEWS","robots":{"index":"index","follow":"follow","max-snippet":"max-snippet:-1","max-image-preview":"max-image-preview:large","max-video-preview":"max-video-preview:-1"},"canonical":"https:\/\/blogdoprosperi.com\/?p=59239","og_locale":"pt_BR","og_type":"article","og_title":"Ancelotti arruma um jeito de encaixar Paquet\u00e1 entre titulares da Sele\u00e7\u00e3o - PR\u00d3SPERI NEWS","og_description":"Luiz Ant\u00f4nio Pr\u00f3speri \u2013 5 junho 2026 (13h05) &#8220;\u00c9 o \u00faltimo jogo para fazer teste. Paquet\u00e1 representa um [&hellip;]","og_url":"https:\/\/blogdoprosperi.com\/?p=59239","og_site_name":"PR\u00d3SPERI NEWS","article_publisher":"Luiz Pr\u00f3speri","article_author":"Luiz Pr\u00f3speri","article_published_time":"2026-06-05T16:21:22+00:00","og_image":[{"width":1024,"height":693,"url":"https:\/\/blogdoprosperi.com\/wp-content\/uploads\/2026\/06\/treino-selecao-brasileira-masculino-04062026-1024x693.jpg","type":"image\/jpeg"}],"author":"Luiz Ant\u00f4nio Pr\u00f3speri","twitter_card":"summary_large_image","twitter_creator":"@Luizprosperi","twitter_site":"@Luizprosperi","twitter_misc":{"Escrito por":"Luiz Ant\u00f4nio Pr\u00f3speri","Est. tempo de leitura":"3 minutos"},"schema":{"@context":"https:\/\/schema.org","@graph":[{"@type":"Article","@id":"https:\/\/blogdoprosperi.com\/?p=59239#article","isPartOf":{"@id":"https:\/\/blogdoprosperi.com\/?p=59239"},"author":{"name":"Luiz Ant\u00f4nio Pr\u00f3speri","@id":"https:\/\/blogdoprosperi.com\/#\/schema\/person\/38100755ce3601861ee4fab9b5aa78e9"},"headline":"Ancelotti arruma um jeito de encaixar Paquet\u00e1 entre titulares da Sele\u00e7\u00e3o","datePublished":"2026-06-05T16:21:22+00:00","mainEntityOfPage":{"@id":"https:\/\/blogdoprosperi.com\/?p=59239"},"wordCount":692,"commentCount":0,"publisher":{"@id":"https:\/\/blogdoprosperi.com\/#\/schema\/person\/38100755ce3601861ee4fab9b5aa78e9"},"image":{"@id":"https:\/\/blogdoprosperi.com\/?p=59239#primaryimage"},"thumbnailUrl":"https:\/\/i0.wp.com\/blogdoprosperi.com\/wp-content\/uploads\/2026\/06\/treino-selecao-brasileira-masculino-04062026.jpg?fit=4958%2C3353&ssl=1","keywords":["Ancelotti","Copa2026","paquet\u00e1","Sele\u00e7\u00e3oBrasileira"],"articleSection":["copa 2026","futebol","Sele\u00e7\u00e3o Brasileira"],"inLanguage":"pt-BR","potentialAction":[{"@type":"CommentAction","name":"Comment","target":["https:\/\/blogdoprosperi.com\/?p=59239#respond"]}]},{"@type":"WebPage","@id":"https:\/\/blogdoprosperi.com\/?p=59239","url":"https:\/\/blogdoprosperi.com\/?p=59239","name":"Ancelotti arruma um jeito de encaixar Paquet\u00e1 entre titulares da Sele\u00e7\u00e3o - PR\u00d3SPERI NEWS","isPartOf":{"@id":"https:\/\/blogdoprosperi.com\/#website"},"primaryImageOfPage":{"@id":"https:\/\/blogdoprosperi.com\/?p=59239#primaryimage"},"image":{"@id":"https:\/\/blogdoprosperi.com\/?p=59239#primaryimage"},"thumbnailUrl":"https:\/\/i0.wp.com\/blogdoprosperi.com\/wp-content\/uploads\/2026\/06\/treino-selecao-brasileira-masculino-04062026.jpg?fit=4958%2C3353&ssl=1","datePublished":"2026-06-05T16:21:22+00:00","breadcrumb":{"@id":"https:\/\/blogdoprosperi.com\/?p=59239#breadcrumb"},"inLanguage":"pt-BR","potentialAction":[{"@type":"ReadAction","target":["https:\/\/blogdoprosperi.com\/?p=59239"]}]},{"@type":"ImageObject","inLanguage":"pt-BR","@id":"https:\/\/blogdoprosperi.com\/?p=59239#primaryimage","url":"https:\/\/i0.wp.com\/blogdoprosperi.com\/wp-content\/uploads\/2026\/06\/treino-selecao-brasileira-masculino-04062026.jpg?fit=4958%2C3353&ssl=1","contentUrl":"https:\/\/i0.wp.com\/blogdoprosperi.com\/wp-content\/uploads\/2026\/06\/treino-selecao-brasileira-masculino-04062026.jpg?fit=4958%2C3353&ssl=1","width":4958,"height":3353,"caption":"Ancelotti no treino da Sele\u00e7\u00e3o nos EUA \u2013 foto: CBF oficial"},{"@type":"BreadcrumbList","@id":"https:\/\/blogdoprosperi.com\/?p=59239#breadcrumb","itemListElement":[{"@type":"ListItem","position":1,"name":"In\u00edcio","item":"https:\/\/blogdoprosperi.com\/"},{"@type":"ListItem","position":2,"name":"Ancelotti arruma um jeito de encaixar Paquet\u00e1 entre titulares da Sele\u00e7\u00e3o"}]},{"@type":"WebSite","@id":"https:\/\/blogdoprosperi.com\/#website","url":"https:\/\/blogdoprosperi.com\/","name":"PR\u00d3SPERI NEWS","description":"TUDO \u00c9  FUTEBOL","publisher":{"@id":"https:\/\/blogdoprosperi.com\/#\/schema\/person\/38100755ce3601861ee4fab9b5aa78e9"},"alternateName":"blogdoprosperi.com","potentialAction":[{"@type":"SearchAction","target":{"@type":"EntryPoint","urlTemplate":"https:\/\/blogdoprosperi.com\/?s={search_term_string}"},"query-input":{"@type":"PropertyValueSpecification","valueRequired":true,"valueName":"search_term_string"}}],"inLanguage":"pt-BR"},{"@type":["Person","Organization"],"@id":"https:\/\/blogdoprosperi.com\/#\/schema\/person\/38100755ce3601861ee4fab9b5aa78e9","name":"Luiz Ant\u00f4nio Pr\u00f3speri","pronouns":"ele","image":{"@type":"ImageObject","inLanguage":"pt-BR","@id":"https:\/\/i0.wp.com\/blogdoprosperi.com\/wp-content\/uploads\/2026\/05\/cropped-8059e613-6002-42fa-961e-8e275f575d71-2-5.jpg?fit=1360%2C931&ssl=1","url":"https:\/\/i0.wp.com\/blogdoprosperi.com\/wp-content\/uploads\/2026\/05\/cropped-8059e613-6002-42fa-961e-8e275f575d71-2-5.jpg?fit=1360%2C931&ssl=1","contentUrl":"https:\/\/i0.wp.com\/blogdoprosperi.com\/wp-content\/uploads\/2026\/05\/cropped-8059e613-6002-42fa-961e-8e275f575d71-2-5.jpg?fit=1360%2C931&ssl=1","width":1360,"height":931,"caption":"Luiz Ant\u00f4nio Pr\u00f3speri"},"logo":{"@id":"https:\/\/i0.wp.com\/blogdoprosperi.com\/wp-content\/uploads\/2026\/05\/cropped-8059e613-6002-42fa-961e-8e275f575d71-2-5.jpg?fit=1360%2C931&ssl=1"},"description":"Jornalista com carreira dedicada ao esporte. Cobriu 9 Copas do Mundo in loco, 1990 na It\u00e1lia, 1994 nos EUA, 1998 na Fran\u00e7a, 2002 na Coreia do Sul e Jap\u00e3o, 2006 na Alemanha, 2010 na \u00c1frica do Sul, 2014 no Brasil, 2018 na R\u00fassia e 2022 no Qatar. Eurocopas, 1992 na Su\u00e9cia e 1996 na Inglaterra. Copa das Confedera\u00e7\u00f5es de 2005 na Alemanha e 2009 na \u00c1frica do Sul. Rep\u00f3rter e Editor, trabalhou no Jornal da Tarde e Estad\u00e3o, de 1984 a fevereiro de 2016. Colunista, blogueiro. E comentarista de futebol na R\u00e1dio Estad\u00e3o, de 2013 a fevereiro de 2016. Jornalista respons\u00e1vel do \"Pr\u00f3speri News\" (blogdoprosperi.com).","sameAs":["http:\/\/blogdoprosperi.com","Luiz Pr\u00f3speri","@luiz_prosperi","https:\/\/x.com\/Luizprosperi","@prosperinacopa","luiz.prosperi@icloud.com"],"url":"https:\/\/blogdoprosperi.com\/?author=102107496"}]}},"jetpack_publicize_connections":[],"jetpack_likes_enabled":false,"jetpack_sharing_enabled":true,"jetpack_shortlink":"https:\/\/wp.me\/p7jvdk-fpt","jetpack-related-posts":[{"id":59417,"url":"https:\/\/blogdoprosperi.com\/?p=59417","url_meta":{"origin":59239,"position":0},"title":"Brasil tem estreia desastrosa e sem perspectivas de melhora na Copa 2026","author":"Luiz Ant\u00f4nio Pr\u00f3speri","date":"13 de junho de 2026","format":false,"excerpt":"Luiz Ant\u00f4nio Pr\u00f3speri, de New Jersey, 13 junho 2026 Brasil tem estreia desastrosa na Copa do Mundo. N\u00e3o por empatar (1 a 1) com Marrocos e sim por um futebol sem entusiasmar, confuso e sem perspectivas de uma volta por cima. A tarde noite em New Jersey no 13 de\u2026","rel":"","context":"Em &quot;copa 2026&quot;","block_context":{"text":"copa 2026","link":"https:\/\/blogdoprosperi.com\/?cat=36820279"},"img":{"alt_text":"","src":"https:\/\/i0.wp.com\/blogdoprosperi.com\/wp-content\/uploads\/2026\/06\/Captura-de-Tela-2026-06-13-as-21.47.13.png?fit=924%2C670&ssl=1&resize=350%2C200","width":350,"height":200,"srcset":"https:\/\/i0.wp.com\/blogdoprosperi.com\/wp-content\/uploads\/2026\/06\/Captura-de-Tela-2026-06-13-as-21.47.13.png?fit=924%2C670&ssl=1&resize=350%2C200 1x, https:\/\/i0.wp.com\/blogdoprosperi.com\/wp-content\/uploads\/2026\/06\/Captura-de-Tela-2026-06-13-as-21.47.13.png?fit=924%2C670&ssl=1&resize=525%2C300 1.5x, https:\/\/i0.wp.com\/blogdoprosperi.com\/wp-content\/uploads\/2026\/06\/Captura-de-Tela-2026-06-13-as-21.47.13.png?fit=924%2C670&ssl=1&resize=700%2C400 2x"},"classes":[]},{"id":60123,"url":"https:\/\/blogdoprosperi.com\/?p=60123","url_meta":{"origin":59239,"position":1},"title":"Martinelli escalado na vaga de Paquet\u00e1 contra a Noruega","author":"Luiz Ant\u00f4nio Pr\u00f3speri","date":"4 de julho de 2026","format":false,"excerpt":"Luiz Ant\u00f4nio Pr\u00f3speri, de New Jersey, 4 julho 2026 Martinelli \u00e9 o eleito de Carlo Ancelotti para herdar a vaga de Lucas Paquet\u00e1 na Sele\u00e7\u00e3o Brasileira contra os noruegueses. A op\u00e7\u00e3o pelo predestinado atacante obriga Bruno Guimar\u00e3es, o articulador do escrete, a se dedicar mais \u00e0 marca\u00e7\u00e3o ao lado de\u2026","rel":"","context":"Em &quot;copa 2026&quot;","block_context":{"text":"copa 2026","link":"https:\/\/blogdoprosperi.com\/?cat=36820279"},"img":{"alt_text":"","src":"https:\/\/i0.wp.com\/blogdoprosperi.com\/wp-content\/uploads\/2026\/07\/Captura-de-Tela-2026-07-04-as-20.56.02.png?fit=1200%2C1085&ssl=1&resize=350%2C200","width":350,"height":200,"srcset":"https:\/\/i0.wp.com\/blogdoprosperi.com\/wp-content\/uploads\/2026\/07\/Captura-de-Tela-2026-07-04-as-20.56.02.png?fit=1200%2C1085&ssl=1&resize=350%2C200 1x, https:\/\/i0.wp.com\/blogdoprosperi.com\/wp-content\/uploads\/2026\/07\/Captura-de-Tela-2026-07-04-as-20.56.02.png?fit=1200%2C1085&ssl=1&resize=525%2C300 1.5x, https:\/\/i0.wp.com\/blogdoprosperi.com\/wp-content\/uploads\/2026\/07\/Captura-de-Tela-2026-07-04-as-20.56.02.png?fit=1200%2C1085&ssl=1&resize=700%2C400 2x, https:\/\/i0.wp.com\/blogdoprosperi.com\/wp-content\/uploads\/2026\/07\/Captura-de-Tela-2026-07-04-as-20.56.02.png?fit=1200%2C1085&ssl=1&resize=1050%2C600 3x"},"classes":[]},{"id":59583,"url":"https:\/\/blogdoprosperi.com\/?p=59583","url_meta":{"origin":59239,"position":2},"title":"Brasil vence Haiti, assume primeiro lugar do Grupo C e Endrick estreia","author":"Luiz Ant\u00f4nio Pr\u00f3speri","date":"19 de junho de 2026","format":false,"excerpt":"Luiz Ant\u00f4nio Pr\u00f3speri, da Philadelphia, 19 junho 2026 Brasil vence Haiti por 3 a 0 na Philadelphia. Assume o primeiro lugar do Grupo superando Marrocos no saldo de gols. A sensa\u00e7\u00e3o \u00e9 de que faltaram mais gols na cidade de Rocky Balboa. E pode comprometer a posi\u00e7\u00e3o da Sele\u00e7\u00e3o Brasileira\u2026","rel":"","context":"Em &quot;copa 2026&quot;","block_context":{"text":"copa 2026","link":"https:\/\/blogdoprosperi.com\/?cat=36820279"},"img":{"alt_text":"","src":"https:\/\/i0.wp.com\/blogdoprosperi.com\/wp-content\/uploads\/2026\/06\/Captura-de-Tela-2026-06-19-as-21.51.39-1.png?fit=1078%2C790&ssl=1&resize=350%2C200","width":350,"height":200,"srcset":"https:\/\/i0.wp.com\/blogdoprosperi.com\/wp-content\/uploads\/2026\/06\/Captura-de-Tela-2026-06-19-as-21.51.39-1.png?fit=1078%2C790&ssl=1&resize=350%2C200 1x, https:\/\/i0.wp.com\/blogdoprosperi.com\/wp-content\/uploads\/2026\/06\/Captura-de-Tela-2026-06-19-as-21.51.39-1.png?fit=1078%2C790&ssl=1&resize=525%2C300 1.5x, https:\/\/i0.wp.com\/blogdoprosperi.com\/wp-content\/uploads\/2026\/06\/Captura-de-Tela-2026-06-19-as-21.51.39-1.png?fit=1078%2C790&ssl=1&resize=700%2C400 2x, https:\/\/i0.wp.com\/blogdoprosperi.com\/wp-content\/uploads\/2026\/06\/Captura-de-Tela-2026-06-19-as-21.51.39-1.png?fit=1078%2C790&ssl=1&resize=1050%2C600 3x"},"classes":[]},{"id":60202,"url":"https:\/\/blogdoprosperi.com\/?p=60202","url_meta":{"origin":59239,"position":3},"title":"Invent\u00e1rio da derrota (epis\u00f3dio 3): Do capatosta ao tra\u00edra na Copa 2026","author":"Luiz Ant\u00f4nio Pr\u00f3speri","date":"13 de julho de 2026","format":false,"excerpt":"Luiz Ant\u00f4nio Pr\u00f3speri \u2013 13 julho 2026 (16h01) Invent\u00e1rio da Derrota do Brasil na Copa 2026 chega ao terceiro epis\u00f3dio (#epis\u00f3dio3) da s\u00e9rie. Carlo Ancelotti leva um choque de realidade quando sua proposta de jogo \u00e9 pulverizada por Marrocos logo na estreia do Brasil na Copa. Ele descobre ou dissimula\u2026","rel":"","context":"Em &quot;copa do mundo 2026&quot;","block_context":{"text":"copa do mundo 2026","link":"https:\/\/blogdoprosperi.com\/?cat=115102077"},"img":{"alt_text":"","src":"https:\/\/i0.wp.com\/blogdoprosperi.com\/wp-content\/uploads\/2026\/07\/Captura-de-Tela-2026-07-13-as-15.54.50.png?fit=1200%2C761&ssl=1&resize=350%2C200","width":350,"height":200,"srcset":"https:\/\/i0.wp.com\/blogdoprosperi.com\/wp-content\/uploads\/2026\/07\/Captura-de-Tela-2026-07-13-as-15.54.50.png?fit=1200%2C761&ssl=1&resize=350%2C200 1x, https:\/\/i0.wp.com\/blogdoprosperi.com\/wp-content\/uploads\/2026\/07\/Captura-de-Tela-2026-07-13-as-15.54.50.png?fit=1200%2C761&ssl=1&resize=525%2C300 1.5x, https:\/\/i0.wp.com\/blogdoprosperi.com\/wp-content\/uploads\/2026\/07\/Captura-de-Tela-2026-07-13-as-15.54.50.png?fit=1200%2C761&ssl=1&resize=700%2C400 2x, https:\/\/i0.wp.com\/blogdoprosperi.com\/wp-content\/uploads\/2026\/07\/Captura-de-Tela-2026-07-13-as-15.54.50.png?fit=1200%2C761&ssl=1&resize=1050%2C600 3x"},"classes":[]},{"id":59448,"url":"https:\/\/blogdoprosperi.com\/?p=59448","url_meta":{"origin":59239,"position":4},"title":"Bastidores do Escrete | Ancelotti muda a Sele\u00e7\u00e3o, na marra","author":"Luiz Ant\u00f4nio Pr\u00f3speri","date":"15 de junho de 2026","format":false,"excerpt":"Luiz Ant\u00f4nio Pr\u00f3speri, de Morristown, 15 junho 2026 (12h05)\u00a0 Carlo Ancelotti prepara mudan\u00e7as na Sele\u00e7\u00e3o Brasileira. Exibi\u00e7\u00e3o do time na estreia contra Marrocos provoca calafrios no mais \u00edntimo dos amigos de Carletto. Trocas s\u00e3o urgentes. N\u00e3o se tem tempo para piscar em uma Copa do Mundo. Quem sai e quem\u2026","rel":"","context":"Em &quot;copa 2026&quot;","block_context":{"text":"copa 2026","link":"https:\/\/blogdoprosperi.com\/?cat=36820279"},"img":{"alt_text":"","src":"https:\/\/i0.wp.com\/blogdoprosperi.com\/wp-content\/uploads\/2026\/06\/treino-academia-masculino-14062026.jpg?fit=1200%2C802&ssl=1&resize=350%2C200","width":350,"height":200,"srcset":"https:\/\/i0.wp.com\/blogdoprosperi.com\/wp-content\/uploads\/2026\/06\/treino-academia-masculino-14062026.jpg?fit=1200%2C802&ssl=1&resize=350%2C200 1x, https:\/\/i0.wp.com\/blogdoprosperi.com\/wp-content\/uploads\/2026\/06\/treino-academia-masculino-14062026.jpg?fit=1200%2C802&ssl=1&resize=525%2C300 1.5x, https:\/\/i0.wp.com\/blogdoprosperi.com\/wp-content\/uploads\/2026\/06\/treino-academia-masculino-14062026.jpg?fit=1200%2C802&ssl=1&resize=700%2C400 2x, https:\/\/i0.wp.com\/blogdoprosperi.com\/wp-content\/uploads\/2026\/06\/treino-academia-masculino-14062026.jpg?fit=1200%2C802&ssl=1&resize=1050%2C600 3x"},"classes":[]},{"id":59133,"url":"https:\/\/blogdoprosperi.com\/?p=59133","url_meta":{"origin":59239,"position":5},"title":"Sele\u00e7\u00e3o Brasileira descobre time reserva melhor que o titular","author":"Luiz Ant\u00f4nio Pr\u00f3speri","date":"31 de maio de 2026","format":false,"excerpt":"Luiz Ant\u00f4nio Pr\u00f3speri \u2013 31 maio 2026 (20h55) \u2013 Brasil vence Panam\u00e1 por 6 a 2 no amistoso de despedida rumo \u00e0 Copa do Mundo 2026. Mais de 72 mil torcedores aplaudiram a Sele\u00e7\u00e3o Brasileira no amistoso festivo no Maracan\u00e3 neste domingo (31\/5). Gritaram tamb\u00e9m por Neymar. E perceberam, sem\u2026","rel":"","context":"Em &quot;copa 2026&quot;","block_context":{"text":"copa 2026","link":"https:\/\/blogdoprosperi.com\/?cat=36820279"},"img":{"alt_text":"","src":"https:\/\/i0.wp.com\/blogdoprosperi.com\/wp-content\/uploads\/2026\/05\/Whats_App_Image_2026_05_31_at_19_47_22_1_0b1e348b36.jpg?fit=1200%2C801&ssl=1&resize=350%2C200","width":350,"height":200,"srcset":"https:\/\/i0.wp.com\/blogdoprosperi.com\/wp-content\/uploads\/2026\/05\/Whats_App_Image_2026_05_31_at_19_47_22_1_0b1e348b36.jpg?fit=1200%2C801&ssl=1&resize=350%2C200 1x, https:\/\/i0.wp.com\/blogdoprosperi.com\/wp-content\/uploads\/2026\/05\/Whats_App_Image_2026_05_31_at_19_47_22_1_0b1e348b36.jpg?fit=1200%2C801&ssl=1&resize=525%2C300 1.5x, https:\/\/i0.wp.com\/blogdoprosperi.com\/wp-content\/uploads\/2026\/05\/Whats_App_Image_2026_05_31_at_19_47_22_1_0b1e348b36.jpg?fit=1200%2C801&ssl=1&resize=700%2C400 2x, https:\/\/i0.wp.com\/blogdoprosperi.com\/wp-content\/uploads\/2026\/05\/Whats_App_Image_2026_05_31_at_19_47_22_1_0b1e348b36.jpg?fit=1200%2C801&ssl=1&resize=1050%2C600 3x"},"classes":[]}],"jetpack_featured_media_url":"https:\/\/i0.wp.com\/blogdoprosperi.com\/wp-content\/uploads\/2026\/06\/treino-selecao-brasileira-masculino-04062026.jpg?fit=4958%2C3353&ssl=1","_links":{"self":[{"href":"https:\/\/blogdoprosperi.com\/index.php?rest_route=\/wp\/v2\/posts\/59239","targetHints":{"allow":["GET"]}}],"collection":[{"href":"https:\/\/blogdoprosperi.com\/index.php?rest_route=\/wp\/v2\/posts"}],"about":[{"href":"https:\/\/blogdoprosperi.com\/index.php?rest_route=\/wp\/v2\/types\/post"}],"author":[{"embeddable":true,"href":"https:\/\/blogdoprosperi.com\/index.php?rest_route=\/wp\/v2\/users\/102107496"}],"replies":[{"embeddable":true,"href":"https:\/\/blogdoprosperi.com\/index.php?rest_route=%2Fwp%2Fv2%2Fcomments&post=59239"}],"version-history":[{"count":12,"href":"https:\/\/blogdoprosperi.com\/index.php?rest_route=\/wp\/v2\/posts\/59239\/revisions"}],"predecessor-version":[{"id":59251,"href":"https:\/\/blogdoprosperi.com\/index.php?rest_route=\/wp\/v2\/posts\/59239\/revisions\/59251"}],"wp:featuredmedia":[{"embeddable":true,"href":"https:\/\/blogdoprosperi.com\/index.php?rest_route=\/wp\/v2\/media\/59238"}],"wp:attachment":[{"href":"https:\/\/blogdoprosperi.com\/index.php?rest_route=%2Fwp%2Fv2%2Fmedia&parent=59239"}],"wp:term":[{"taxonomy":"category","embeddable":true,"href":"https:\/\/blogdoprosperi.com\/index.php?rest_route=%2Fwp%2Fv2%2Fcategories&post=59239"},{"taxonomy":"post_tag","embeddable":true,"href":"https:\/\/blogdoprosperi.com\/index.php?rest_route=%2Fwp%2Fv2%2Ftags&post=59239"}],"curies":[{"name":"wp","href":"https:\/\/api.w.org\/{rel}","templated":true}]}}