{"id":59302,"date":"2026-06-06T21:12:50","date_gmt":"2026-06-07T00:12:50","guid":{"rendered":"https:\/\/blogdoprosperi.com\/?p=59302"},"modified":"2026-06-06T22:19:08","modified_gmt":"2026-06-07T01:19:08","slug":"brasil-vence-egito-no-ultimo-amistoso-antes-da-estreia-na-copa","status":"publish","type":"post","link":"https:\/\/blogdoprosperi.com\/?p=59302","title":{"rendered":"Brasil vence Egito no \u00faltimo amistoso antes da estreia na Copa e Endrick quer vaga no time titular"},"content":{"rendered":"<p><em>Luiz Ant\u00f4nio Pr\u00f3speri \u2013 6 junho 2026 (20h51)<\/em><\/p>\n<p>Brasil vence Egito por 2 a 1 no \u00faltimo amistoso antes da estreia na Copa do Mundo. Endrik faz gol da vit\u00f3ria e mais uma vez pede passagem a Carlo Ancelotti. Sele\u00e7\u00e3o principal n\u00e3o joga bem no primeiro tempo, com vacilos defensivos e muita afoita no ataque. No segundo tempo, joga de forma mais sensata. No resumo da \u00f3pera, Ancelotti vai para Copa com mais d\u00favidas a certezas.<\/p>\n<p>Primeiro tempo alucinado e descontrolado da Sele\u00e7\u00e3o Brasileira. Em ritmo exasperante, sem tempo para pensar, ataca a passes r\u00e1pidos. Muitas vezes sem sintonia. E se defende como um time amador com botes de Marquinhos e Iba\u00f1ez perdendo a maioria deles e os laterais Wesley e Douglas Santos fora de \u00f3rbita. N\u00e3o era dif\u00edcil prever, com tamanha gratuidade, gols a favor e gols do advers\u00e1rio.<\/p>\n<p>A hist\u00f3ria come\u00e7a com ast\u00facia de Bruno Guimar\u00e3es roubando a bola na entrada da \u00e1rea eg\u00edpcia e chutando com destreza para o gol: Brasil 1 a 0.<\/p>\n<p>Gol l\u00e1, gol c\u00e1. Marquinhos, o capit\u00e3o e consagrado bicampe\u00e3o europeu no PSG, erra feio ao recuar bola para Alisson. Zico, que n\u00e3o se deixe levar pelo nome, aproveita a picotada de Marquinhos e faz o gol de empate.<\/p>\n<p>Tudo dentro do enredo de um amistoso an\u00e1rquico e muito confuso da favorita Sele\u00e7\u00e3o Brasileira.<\/p>\n<p>E a\u00ed o drama. Wesley sente dores na virilha. Sai do jogo chorando e com proje\u00e7\u00e3o terr\u00edvel para seu futuro na Copa, a uma semana da estreia do Brasil. Wesley leva seu choro ao banco de reservas. Inconsol\u00e1vel.<\/p>\n<p>Danilo velho de guerra entra no lugar de Wesley.<\/p>\n<p>Cen\u00e1rio n\u00e3o munda. Sele\u00e7\u00e3o de Ancelotti insiste nos ataques r\u00e1pidos. Empilha chance atr\u00e1s de chance com Vini Jr, uma vez, e Igor Thiago, duas vezes, cara a cara com o goleiro. Os dois erram feio. Goleiro do Egito escreve seu nome no amistoso.<\/p>\n<p>Igor consagra o goleiro Shobier. E pode n\u00e3o carimbar a vaga no time titular do Brasil.<\/p>\n<p>E o Paquet\u00e1. Insistem tanto e tanto. Elogiam e elogiam, mas o cerebral meia n\u00e3o aparece. Arrisca passes verticais r\u00e1pidos. Nada fora do normal como tem sido sua carreira at\u00e9 aqui.<\/p>\n<p>No segundo tempo, Ancelotti volta com mudan\u00e7as a granel.<\/p>\n<p>Goleiros: sai. Alisson entra Weverton<\/p>\n<p>Laterais: Danilo e Douglas Santos continuam<\/p>\n<p>Zagueiros: saem Marquinhos e Iba\u00f1ez, entram Bremer e Leo Pereira<\/p>\n<p>Na meiuca: saem Casemiro, Bruno Guimar\u00e3es e Paquet\u00e1, entram Fabinho e Danilo Santos e Matheus Cunha<\/p>\n<p>No ataque: saem Vini Jr e Igor Thiago, entram Luiz Henrique e Endrick. Apenas Raphinha remanescente do primeiro tempo.<\/p>\n<p>Sele\u00e7\u00e3o se reinventa com as mudan\u00e7as. Ataque ganha em atrevimento e qualidade. Logo aos 6 minutos, Raphinha entorta zaga e cruza leve para Ednrick dar um toque de classe: Brasil 2 a 1.<\/p>\n<p><a href=\"https:\/\/x.com\/CBF_Futebol\/status\/2063407505967841744?s=20\">https:\/\/x.com\/CBF_Futebol\/status\/2063407505967841744?s=20<\/a><\/p>\n<p>Gol de Endrick acalma o time. Sele\u00e7\u00e3o se organiza na hora de marcar. Compacta. Aquela agonia do primeiro tempo agora \u00e9 sintonia. Sem atropelos.<\/p>\n<p>Defesa organizada. Meio-campo consciente com Fabinho, Danilo Santos e Matheus Cunha. Ataque mais insinuante com Luis Henrique e Endrick. Brasil estabelece a hierarquia e depois cozinha o jogo se guardando para a Copa.<\/p>\n<p>Agora \u00e9 para valer. Ancelotti, a hora \u00e9 de Endrick.<\/p>\n","protected":false},"excerpt":{"rendered":"<p>Luiz Ant\u00f4nio Pr\u00f3speri \u2013 6 junho 2026 (20h51) Brasil vence Egito por 2 a 1 no \u00faltimo amistoso [&hellip;]<\/p>\n","protected":false},"author":102107496,"featured_media":59314,"comment_status":"open","ping_status":"open","sticky":false,"template":"","format":"standard","meta":{"_coblocks_attr":"","_coblocks_dimensions":"","_coblocks_responsive_height":"","_coblocks_accordion_ie_support":"","_jetpack_newsletter_access":"","_jetpack_dont_email_post_to_subs":false,"_jetpack_newsletter_tier_id":0,"_jetpack_memberships_contains_paywalled_content":false,"_wpcom_ai_launchpad_first_post":false,"_jetpack_feature_clip_id":0,"_jetpack_memberships_contains_paid_content":false,"footnotes":"","jetpack_publicize_message":"","jetpack_publicize_feature_enabled":true,"jetpack_social_post_already_shared":true,"jetpack_social_options":{"image_generator_settings":{"template":"highway","default_image_id":0,"font":"","enabled":false},"version":2},"jetpack_post_was_ever_published":false},"categories":[36820279,53870,174694],"tags":[789560633,1016127,789560629,569949222,25607665,1207995,346483],"class_list":["post-59302","post","type-post","status-publish","format-standard","has-post-thumbnail","hentry","category-copa-2026","category-futebol","category-selecao-brasileira","tag-amistososelecao","tag-ancelotti","tag-brasilxegito","tag-copa2026","tag-endrick","tag-marquinhos","tag-salah"],"yoast_head":"<!-- This site is optimized with the Yoast SEO plugin v28.3 - https:\/\/yoast.com\/product\/yoast-seo-wordpress\/ -->\n<title>Brasil vence Egito no \u00faltimo amistoso antes da estreia na Copa e Endrick quer vaga no time titular - PR\u00d3SPERI NEWS<\/title>\n<meta name=\"robots\" content=\"index, follow, max-snippet:-1, max-image-preview:large, max-video-preview:-1\" \/>\n<link rel=\"canonical\" href=\"https:\/\/blogdoprosperi.com\/?p=59302\" \/>\n<meta property=\"og:locale\" content=\"pt_BR\" \/>\n<meta property=\"og:type\" content=\"article\" \/>\n<meta property=\"og:title\" content=\"Brasil vence Egito no \u00faltimo amistoso antes da estreia na Copa e Endrick quer vaga no time titular - PR\u00d3SPERI NEWS\" \/>\n<meta property=\"og:description\" content=\"Luiz Ant\u00f4nio Pr\u00f3speri \u2013 6 junho 2026 (20h51) Brasil vence Egito por 2 a 1 no \u00faltimo amistoso [&hellip;]\" \/>\n<meta property=\"og:url\" content=\"https:\/\/blogdoprosperi.com\/?p=59302\" \/>\n<meta property=\"og:site_name\" content=\"PR\u00d3SPERI NEWS\" \/>\n<meta property=\"article:publisher\" content=\"Luiz Pr\u00f3speri\" \/>\n<meta property=\"article:author\" content=\"Luiz Pr\u00f3speri\" \/>\n<meta property=\"article:published_time\" content=\"2026-06-07T00:12:50+00:00\" \/>\n<meta property=\"article:modified_time\" content=\"2026-06-07T01:19:08+00:00\" \/>\n<meta property=\"og:image\" content=\"https:\/\/i0.wp.com\/blogdoprosperi.com\/wp-content\/uploads\/2026\/06\/Captura-de-Tela-2026-06-06-as-20.58.44.png?fit=1002%2C896&ssl=1\" \/>\n\t<meta property=\"og:image:width\" content=\"1002\" \/>\n\t<meta property=\"og:image:height\" content=\"896\" \/>\n\t<meta property=\"og:image:type\" content=\"image\/png\" \/>\n<meta name=\"author\" content=\"Luiz Ant\u00f4nio Pr\u00f3speri\" \/>\n<meta name=\"twitter:card\" content=\"summary_large_image\" \/>\n<meta name=\"twitter:creator\" content=\"@Luizprosperi\" \/>\n<meta name=\"twitter:site\" content=\"@Luizprosperi\" \/>\n<meta name=\"twitter:label1\" content=\"Escrito por\" \/>\n\t<meta name=\"twitter:data1\" content=\"Luiz Ant\u00f4nio Pr\u00f3speri\" \/>\n\t<meta name=\"twitter:label2\" content=\"Est. tempo de leitura\" \/>\n\t<meta name=\"twitter:data2\" content=\"3 minutos\" \/>\n<script type=\"application\/ld+json\" class=\"yoast-schema-graph\">{\"@context\":\"https:\\\/\\\/schema.org\",\"@graph\":[{\"@type\":\"Article\",\"@id\":\"https:\\\/\\\/blogdoprosperi.com\\\/?p=59302#article\",\"isPartOf\":{\"@id\":\"https:\\\/\\\/blogdoprosperi.com\\\/?p=59302\"},\"author\":{\"name\":\"Luiz Ant\u00f4nio Pr\u00f3speri\",\"@id\":\"https:\\\/\\\/blogdoprosperi.com\\\/#\\\/schema\\\/person\\\/38100755ce3601861ee4fab9b5aa78e9\"},\"headline\":\"Brasil vence Egito no \u00faltimo amistoso antes da estreia na Copa e Endrick quer vaga no time titular\",\"datePublished\":\"2026-06-07T00:12:50+00:00\",\"dateModified\":\"2026-06-07T01:19:08+00:00\",\"mainEntityOfPage\":{\"@id\":\"https:\\\/\\\/blogdoprosperi.com\\\/?p=59302\"},\"wordCount\":574,\"commentCount\":0,\"publisher\":{\"@id\":\"https:\\\/\\\/blogdoprosperi.com\\\/#\\\/schema\\\/person\\\/38100755ce3601861ee4fab9b5aa78e9\"},\"image\":{\"@id\":\"https:\\\/\\\/blogdoprosperi.com\\\/?p=59302#primaryimage\"},\"thumbnailUrl\":\"https:\\\/\\\/i0.wp.com\\\/blogdoprosperi.com\\\/wp-content\\\/uploads\\\/2026\\\/06\\\/Captura-de-Tela-2026-06-06-as-20.58.44.png?fit=1002%2C896&ssl=1\",\"keywords\":[\"amistososele\u00e7\u00e3o\",\"Ancelotti\",\"brasilxegito\",\"Copa2026\",\"endrick\",\"Marquinhos\",\"Salah\"],\"articleSection\":[\"copa 2026\",\"futebol\",\"Sele\u00e7\u00e3o Brasileira\"],\"inLanguage\":\"pt-BR\",\"potentialAction\":[{\"@type\":\"CommentAction\",\"name\":\"Comment\",\"target\":[\"https:\\\/\\\/blogdoprosperi.com\\\/?p=59302#respond\"]}]},{\"@type\":\"WebPage\",\"@id\":\"https:\\\/\\\/blogdoprosperi.com\\\/?p=59302\",\"url\":\"https:\\\/\\\/blogdoprosperi.com\\\/?p=59302\",\"name\":\"Brasil vence Egito no \u00faltimo amistoso antes da estreia na Copa e Endrick quer vaga no time titular - PR\u00d3SPERI NEWS\",\"isPartOf\":{\"@id\":\"https:\\\/\\\/blogdoprosperi.com\\\/#website\"},\"primaryImageOfPage\":{\"@id\":\"https:\\\/\\\/blogdoprosperi.com\\\/?p=59302#primaryimage\"},\"image\":{\"@id\":\"https:\\\/\\\/blogdoprosperi.com\\\/?p=59302#primaryimage\"},\"thumbnailUrl\":\"https:\\\/\\\/i0.wp.com\\\/blogdoprosperi.com\\\/wp-content\\\/uploads\\\/2026\\\/06\\\/Captura-de-Tela-2026-06-06-as-20.58.44.png?fit=1002%2C896&ssl=1\",\"datePublished\":\"2026-06-07T00:12:50+00:00\",\"dateModified\":\"2026-06-07T01:19:08+00:00\",\"breadcrumb\":{\"@id\":\"https:\\\/\\\/blogdoprosperi.com\\\/?p=59302#breadcrumb\"},\"inLanguage\":\"pt-BR\",\"potentialAction\":[{\"@type\":\"ReadAction\",\"target\":[\"https:\\\/\\\/blogdoprosperi.com\\\/?p=59302\"]}]},{\"@type\":\"ImageObject\",\"inLanguage\":\"pt-BR\",\"@id\":\"https:\\\/\\\/blogdoprosperi.com\\\/?p=59302#primaryimage\",\"url\":\"https:\\\/\\\/i0.wp.com\\\/blogdoprosperi.com\\\/wp-content\\\/uploads\\\/2026\\\/06\\\/Captura-de-Tela-2026-06-06-as-20.58.44.png?fit=1002%2C896&ssl=1\",\"contentUrl\":\"https:\\\/\\\/i0.wp.com\\\/blogdoprosperi.com\\\/wp-content\\\/uploads\\\/2026\\\/06\\\/Captura-de-Tela-2026-06-06-as-20.58.44.png?fit=1002%2C896&ssl=1\",\"width\":1002,\"height\":896,\"caption\":\"Endrick celebra gol da vit\u00f3ria Brasil 2 a 1 Egito \u2013 foto: Instagram No ataque\"},{\"@type\":\"BreadcrumbList\",\"@id\":\"https:\\\/\\\/blogdoprosperi.com\\\/?p=59302#breadcrumb\",\"itemListElement\":[{\"@type\":\"ListItem\",\"position\":1,\"name\":\"In\u00edcio\",\"item\":\"https:\\\/\\\/blogdoprosperi.com\\\/\"},{\"@type\":\"ListItem\",\"position\":2,\"name\":\"Brasil vence Egito no \u00faltimo amistoso antes da estreia na Copa e Endrick quer vaga no time titular\"}]},{\"@type\":\"WebSite\",\"@id\":\"https:\\\/\\\/blogdoprosperi.com\\\/#website\",\"url\":\"https:\\\/\\\/blogdoprosperi.com\\\/\",\"name\":\"PR\u00d3SPERI NEWS\",\"description\":\"TUDO \u00c9  FUTEBOL\",\"publisher\":{\"@id\":\"https:\\\/\\\/blogdoprosperi.com\\\/#\\\/schema\\\/person\\\/38100755ce3601861ee4fab9b5aa78e9\"},\"alternateName\":\"blogdoprosperi.com\",\"potentialAction\":[{\"@type\":\"SearchAction\",\"target\":{\"@type\":\"EntryPoint\",\"urlTemplate\":\"https:\\\/\\\/blogdoprosperi.com\\\/?s={search_term_string}\"},\"query-input\":{\"@type\":\"PropertyValueSpecification\",\"valueRequired\":true,\"valueName\":\"search_term_string\"}}],\"inLanguage\":\"pt-BR\"},{\"@type\":[\"Person\",\"Organization\"],\"@id\":\"https:\\\/\\\/blogdoprosperi.com\\\/#\\\/schema\\\/person\\\/38100755ce3601861ee4fab9b5aa78e9\",\"name\":\"Luiz Ant\u00f4nio Pr\u00f3speri\",\"pronouns\":\"ele\",\"image\":{\"@type\":\"ImageObject\",\"inLanguage\":\"pt-BR\",\"@id\":\"https:\\\/\\\/i0.wp.com\\\/blogdoprosperi.com\\\/wp-content\\\/uploads\\\/2026\\\/05\\\/cropped-8059e613-6002-42fa-961e-8e275f575d71-2-5.jpg?fit=1360%2C931&ssl=1\",\"url\":\"https:\\\/\\\/i0.wp.com\\\/blogdoprosperi.com\\\/wp-content\\\/uploads\\\/2026\\\/05\\\/cropped-8059e613-6002-42fa-961e-8e275f575d71-2-5.jpg?fit=1360%2C931&ssl=1\",\"contentUrl\":\"https:\\\/\\\/i0.wp.com\\\/blogdoprosperi.com\\\/wp-content\\\/uploads\\\/2026\\\/05\\\/cropped-8059e613-6002-42fa-961e-8e275f575d71-2-5.jpg?fit=1360%2C931&ssl=1\",\"width\":1360,\"height\":931,\"caption\":\"Luiz Ant\u00f4nio Pr\u00f3speri\"},\"logo\":{\"@id\":\"https:\\\/\\\/i0.wp.com\\\/blogdoprosperi.com\\\/wp-content\\\/uploads\\\/2026\\\/05\\\/cropped-8059e613-6002-42fa-961e-8e275f575d71-2-5.jpg?fit=1360%2C931&ssl=1\"},\"description\":\"Jornalista com carreira dedicada ao esporte. Cobriu 9 Copas do Mundo in loco, 1990 na It\u00e1lia, 1994 nos EUA, 1998 na Fran\u00e7a, 2002 na Coreia do Sul e Jap\u00e3o, 2006 na Alemanha, 2010 na \u00c1frica do Sul, 2014 no Brasil, 2018 na R\u00fassia e 2022 no Qatar. Eurocopas, 1992 na Su\u00e9cia e 1996 na Inglaterra. Copa das Confedera\u00e7\u00f5es de 2005 na Alemanha e 2009 na \u00c1frica do Sul. Rep\u00f3rter e Editor, trabalhou no Jornal da Tarde e Estad\u00e3o, de 1984 a fevereiro de 2016. Colunista, blogueiro. E comentarista de futebol na R\u00e1dio Estad\u00e3o, de 2013 a fevereiro de 2016. Jornalista respons\u00e1vel do \\\"Pr\u00f3speri News\\\" (blogdoprosperi.com).\",\"sameAs\":[\"http:\\\/\\\/blogdoprosperi.com\",\"Luiz Pr\u00f3speri\",\"@luiz_prosperi\",\"https:\\\/\\\/x.com\\\/Luizprosperi\",\"@prosperinacopa\",\"luiz.prosperi@icloud.com\"],\"url\":\"https:\\\/\\\/blogdoprosperi.com\\\/?author=102107496\"}]}<\/script>\n<!-- \/ Yoast SEO plugin. -->","yoast_head_json":{"title":"Brasil vence Egito no \u00faltimo amistoso antes da estreia na Copa e Endrick quer vaga no time titular - PR\u00d3SPERI NEWS","robots":{"index":"index","follow":"follow","max-snippet":"max-snippet:-1","max-image-preview":"max-image-preview:large","max-video-preview":"max-video-preview:-1"},"canonical":"https:\/\/blogdoprosperi.com\/?p=59302","og_locale":"pt_BR","og_type":"article","og_title":"Brasil vence Egito no \u00faltimo amistoso antes da estreia na Copa e Endrick quer vaga no time titular - PR\u00d3SPERI NEWS","og_description":"Luiz Ant\u00f4nio Pr\u00f3speri \u2013 6 junho 2026 (20h51) Brasil vence Egito por 2 a 1 no \u00faltimo amistoso [&hellip;]","og_url":"https:\/\/blogdoprosperi.com\/?p=59302","og_site_name":"PR\u00d3SPERI NEWS","article_publisher":"Luiz Pr\u00f3speri","article_author":"Luiz Pr\u00f3speri","article_published_time":"2026-06-07T00:12:50+00:00","article_modified_time":"2026-06-07T01:19:08+00:00","og_image":[{"width":1002,"height":896,"url":"https:\/\/i0.wp.com\/blogdoprosperi.com\/wp-content\/uploads\/2026\/06\/Captura-de-Tela-2026-06-06-as-20.58.44.png?fit=1002%2C896&ssl=1","type":"image\/png"}],"author":"Luiz Ant\u00f4nio Pr\u00f3speri","twitter_card":"summary_large_image","twitter_creator":"@Luizprosperi","twitter_site":"@Luizprosperi","twitter_misc":{"Escrito por":"Luiz Ant\u00f4nio Pr\u00f3speri","Est. tempo de leitura":"3 minutos"},"schema":{"@context":"https:\/\/schema.org","@graph":[{"@type":"Article","@id":"https:\/\/blogdoprosperi.com\/?p=59302#article","isPartOf":{"@id":"https:\/\/blogdoprosperi.com\/?p=59302"},"author":{"name":"Luiz Ant\u00f4nio Pr\u00f3speri","@id":"https:\/\/blogdoprosperi.com\/#\/schema\/person\/38100755ce3601861ee4fab9b5aa78e9"},"headline":"Brasil vence Egito no \u00faltimo amistoso antes da estreia na Copa e Endrick quer vaga no time titular","datePublished":"2026-06-07T00:12:50+00:00","dateModified":"2026-06-07T01:19:08+00:00","mainEntityOfPage":{"@id":"https:\/\/blogdoprosperi.com\/?p=59302"},"wordCount":574,"commentCount":0,"publisher":{"@id":"https:\/\/blogdoprosperi.com\/#\/schema\/person\/38100755ce3601861ee4fab9b5aa78e9"},"image":{"@id":"https:\/\/blogdoprosperi.com\/?p=59302#primaryimage"},"thumbnailUrl":"https:\/\/i0.wp.com\/blogdoprosperi.com\/wp-content\/uploads\/2026\/06\/Captura-de-Tela-2026-06-06-as-20.58.44.png?fit=1002%2C896&ssl=1","keywords":["amistososele\u00e7\u00e3o","Ancelotti","brasilxegito","Copa2026","endrick","Marquinhos","Salah"],"articleSection":["copa 2026","futebol","Sele\u00e7\u00e3o Brasileira"],"inLanguage":"pt-BR","potentialAction":[{"@type":"CommentAction","name":"Comment","target":["https:\/\/blogdoprosperi.com\/?p=59302#respond"]}]},{"@type":"WebPage","@id":"https:\/\/blogdoprosperi.com\/?p=59302","url":"https:\/\/blogdoprosperi.com\/?p=59302","name":"Brasil vence Egito no \u00faltimo amistoso antes da estreia na Copa e Endrick quer vaga no time titular - PR\u00d3SPERI NEWS","isPartOf":{"@id":"https:\/\/blogdoprosperi.com\/#website"},"primaryImageOfPage":{"@id":"https:\/\/blogdoprosperi.com\/?p=59302#primaryimage"},"image":{"@id":"https:\/\/blogdoprosperi.com\/?p=59302#primaryimage"},"thumbnailUrl":"https:\/\/i0.wp.com\/blogdoprosperi.com\/wp-content\/uploads\/2026\/06\/Captura-de-Tela-2026-06-06-as-20.58.44.png?fit=1002%2C896&ssl=1","datePublished":"2026-06-07T00:12:50+00:00","dateModified":"2026-06-07T01:19:08+00:00","breadcrumb":{"@id":"https:\/\/blogdoprosperi.com\/?p=59302#breadcrumb"},"inLanguage":"pt-BR","potentialAction":[{"@type":"ReadAction","target":["https:\/\/blogdoprosperi.com\/?p=59302"]}]},{"@type":"ImageObject","inLanguage":"pt-BR","@id":"https:\/\/blogdoprosperi.com\/?p=59302#primaryimage","url":"https:\/\/i0.wp.com\/blogdoprosperi.com\/wp-content\/uploads\/2026\/06\/Captura-de-Tela-2026-06-06-as-20.58.44.png?fit=1002%2C896&ssl=1","contentUrl":"https:\/\/i0.wp.com\/blogdoprosperi.com\/wp-content\/uploads\/2026\/06\/Captura-de-Tela-2026-06-06-as-20.58.44.png?fit=1002%2C896&ssl=1","width":1002,"height":896,"caption":"Endrick celebra gol da vit\u00f3ria Brasil 2 a 1 Egito \u2013 foto: Instagram No ataque"},{"@type":"BreadcrumbList","@id":"https:\/\/blogdoprosperi.com\/?p=59302#breadcrumb","itemListElement":[{"@type":"ListItem","position":1,"name":"In\u00edcio","item":"https:\/\/blogdoprosperi.com\/"},{"@type":"ListItem","position":2,"name":"Brasil vence Egito no \u00faltimo amistoso antes da estreia na Copa e Endrick quer vaga no time titular"}]},{"@type":"WebSite","@id":"https:\/\/blogdoprosperi.com\/#website","url":"https:\/\/blogdoprosperi.com\/","name":"PR\u00d3SPERI NEWS","description":"TUDO \u00c9  FUTEBOL","publisher":{"@id":"https:\/\/blogdoprosperi.com\/#\/schema\/person\/38100755ce3601861ee4fab9b5aa78e9"},"alternateName":"blogdoprosperi.com","potentialAction":[{"@type":"SearchAction","target":{"@type":"EntryPoint","urlTemplate":"https:\/\/blogdoprosperi.com\/?s={search_term_string}"},"query-input":{"@type":"PropertyValueSpecification","valueRequired":true,"valueName":"search_term_string"}}],"inLanguage":"pt-BR"},{"@type":["Person","Organization"],"@id":"https:\/\/blogdoprosperi.com\/#\/schema\/person\/38100755ce3601861ee4fab9b5aa78e9","name":"Luiz Ant\u00f4nio Pr\u00f3speri","pronouns":"ele","image":{"@type":"ImageObject","inLanguage":"pt-BR","@id":"https:\/\/i0.wp.com\/blogdoprosperi.com\/wp-content\/uploads\/2026\/05\/cropped-8059e613-6002-42fa-961e-8e275f575d71-2-5.jpg?fit=1360%2C931&ssl=1","url":"https:\/\/i0.wp.com\/blogdoprosperi.com\/wp-content\/uploads\/2026\/05\/cropped-8059e613-6002-42fa-961e-8e275f575d71-2-5.jpg?fit=1360%2C931&ssl=1","contentUrl":"https:\/\/i0.wp.com\/blogdoprosperi.com\/wp-content\/uploads\/2026\/05\/cropped-8059e613-6002-42fa-961e-8e275f575d71-2-5.jpg?fit=1360%2C931&ssl=1","width":1360,"height":931,"caption":"Luiz Ant\u00f4nio Pr\u00f3speri"},"logo":{"@id":"https:\/\/i0.wp.com\/blogdoprosperi.com\/wp-content\/uploads\/2026\/05\/cropped-8059e613-6002-42fa-961e-8e275f575d71-2-5.jpg?fit=1360%2C931&ssl=1"},"description":"Jornalista com carreira dedicada ao esporte. Cobriu 9 Copas do Mundo in loco, 1990 na It\u00e1lia, 1994 nos EUA, 1998 na Fran\u00e7a, 2002 na Coreia do Sul e Jap\u00e3o, 2006 na Alemanha, 2010 na \u00c1frica do Sul, 2014 no Brasil, 2018 na R\u00fassia e 2022 no Qatar. Eurocopas, 1992 na Su\u00e9cia e 1996 na Inglaterra. Copa das Confedera\u00e7\u00f5es de 2005 na Alemanha e 2009 na \u00c1frica do Sul. Rep\u00f3rter e Editor, trabalhou no Jornal da Tarde e Estad\u00e3o, de 1984 a fevereiro de 2016. Colunista, blogueiro. E comentarista de futebol na R\u00e1dio Estad\u00e3o, de 2013 a fevereiro de 2016. Jornalista respons\u00e1vel do \"Pr\u00f3speri News\" (blogdoprosperi.com).","sameAs":["http:\/\/blogdoprosperi.com","Luiz Pr\u00f3speri","@luiz_prosperi","https:\/\/x.com\/Luizprosperi","@prosperinacopa","luiz.prosperi@icloud.com"],"url":"https:\/\/blogdoprosperi.com\/?author=102107496"}]}},"jetpack_publicize_connections":[],"jetpack_likes_enabled":false,"jetpack_sharing_enabled":true,"jetpack_shortlink":"https:\/\/wp.me\/p7jvdk-fqu","jetpack-related-posts":[{"id":59133,"url":"https:\/\/blogdoprosperi.com\/?p=59133","url_meta":{"origin":59302,"position":0},"title":"Sele\u00e7\u00e3o Brasileira descobre time reserva melhor que o titular","author":"Luiz Ant\u00f4nio Pr\u00f3speri","date":"31 de maio de 2026","format":false,"excerpt":"Luiz Ant\u00f4nio Pr\u00f3speri \u2013 31 maio 2026 (20h55) \u2013 Brasil vence Panam\u00e1 por 6 a 2 no amistoso de despedida rumo \u00e0 Copa do Mundo 2026. Mais de 72 mil torcedores aplaudiram a Sele\u00e7\u00e3o Brasileira no amistoso festivo no Maracan\u00e3 neste domingo (31\/5). Gritaram tamb\u00e9m por Neymar. E perceberam, sem\u2026","rel":"","context":"Em &quot;copa 2026&quot;","block_context":{"text":"copa 2026","link":"https:\/\/blogdoprosperi.com\/?cat=36820279"},"img":{"alt_text":"","src":"https:\/\/i0.wp.com\/blogdoprosperi.com\/wp-content\/uploads\/2026\/05\/Whats_App_Image_2026_05_31_at_19_47_22_1_0b1e348b36.jpg?fit=1200%2C801&ssl=1&resize=350%2C200","width":350,"height":200,"srcset":"https:\/\/i0.wp.com\/blogdoprosperi.com\/wp-content\/uploads\/2026\/05\/Whats_App_Image_2026_05_31_at_19_47_22_1_0b1e348b36.jpg?fit=1200%2C801&ssl=1&resize=350%2C200 1x, https:\/\/i0.wp.com\/blogdoprosperi.com\/wp-content\/uploads\/2026\/05\/Whats_App_Image_2026_05_31_at_19_47_22_1_0b1e348b36.jpg?fit=1200%2C801&ssl=1&resize=525%2C300 1.5x, https:\/\/i0.wp.com\/blogdoprosperi.com\/wp-content\/uploads\/2026\/05\/Whats_App_Image_2026_05_31_at_19_47_22_1_0b1e348b36.jpg?fit=1200%2C801&ssl=1&resize=700%2C400 2x, https:\/\/i0.wp.com\/blogdoprosperi.com\/wp-content\/uploads\/2026\/05\/Whats_App_Image_2026_05_31_at_19_47_22_1_0b1e348b36.jpg?fit=1200%2C801&ssl=1&resize=1050%2C600 3x"},"classes":[]},{"id":57288,"url":"https:\/\/blogdoprosperi.com\/?p=57288","url_meta":{"origin":59302,"position":1},"title":"Brasil vence Cro\u00e1cia | Danilo Santos Revigora Sele\u00e7\u00e3o e Endrick Pede Passagem a Ancelotti","author":"Luiz Ant\u00f4nio Pr\u00f3speri","date":"31 de mar\u00e7o de 2026","format":false,"excerpt":"Luiz Ant\u00f4nio Pr\u00f3speri \u2013 31 mar\u00e7o 2026 \u2013 (23h12) \u2013 Brasil vence a Cro\u00e1cia por 3 a 1 no \u00faltimo amistoso antes de Carlo Ancelotti carimbar a lista final dos 26 jogadores convocados para a Copa do Mundo 2026. O italiano, mascando chiclete, acrescentou ontem mais um nome entre seus\u2026","rel":"","context":"Em &quot;futebol&quot;","block_context":{"text":"futebol","link":"https:\/\/blogdoprosperi.com\/?cat=53870"},"img":{"alt_text":"","src":"https:\/\/i0.wp.com\/blogdoprosperi.com\/wp-content\/uploads\/2026\/03\/captura-de-tela-2026-03-31-as-23.08.24.png?fit=1200%2C1008&ssl=1&resize=350%2C200","width":350,"height":200,"srcset":"https:\/\/i0.wp.com\/blogdoprosperi.com\/wp-content\/uploads\/2026\/03\/captura-de-tela-2026-03-31-as-23.08.24.png?fit=1200%2C1008&ssl=1&resize=350%2C200 1x, https:\/\/i0.wp.com\/blogdoprosperi.com\/wp-content\/uploads\/2026\/03\/captura-de-tela-2026-03-31-as-23.08.24.png?fit=1200%2C1008&ssl=1&resize=525%2C300 1.5x, https:\/\/i0.wp.com\/blogdoprosperi.com\/wp-content\/uploads\/2026\/03\/captura-de-tela-2026-03-31-as-23.08.24.png?fit=1200%2C1008&ssl=1&resize=700%2C400 2x, https:\/\/i0.wp.com\/blogdoprosperi.com\/wp-content\/uploads\/2026\/03\/captura-de-tela-2026-03-31-as-23.08.24.png?fit=1200%2C1008&ssl=1&resize=1050%2C600 3x"},"classes":[]},{"id":55581,"url":"https:\/\/blogdoprosperi.com\/?p=55581","url_meta":{"origin":59302,"position":2},"title":"Brasil Vence Senegal e Carlo Ancelotti Tem Boas Not\u00edcias","author":"Luiz Ant\u00f4nio Pr\u00f3speri","date":"15 de novembro de 2025","format":false,"excerpt":"Luiz Ant\u00f4nio Pr\u00f3speri \u2013 15 novembro 2025 (15h01) \u2013 Sele\u00e7\u00e3o Brasileira vence amistoso contra Senegal por 2 a 0, neste s\u00e1bado (15\/11), em Londres, na pen\u00faltima data-Fifa antes da Copa do Mundo 2026. Resultado nem teria tanta import\u00e2ncia assim. Pesava mais as observa\u00e7\u00f5es de Carlo Ancelotti. Eder Milit\u00e3o receberia nota\u2026","rel":"","context":"Em &quot;futebol&quot;","block_context":{"text":"futebol","link":"https:\/\/blogdoprosperi.com\/?cat=53870"},"img":{"alt_text":"Estev\u00e3o faz primeiro gol na vit\u00f3ria Brasil 2 x 0 Senegal","src":"https:\/\/i0.wp.com\/blogdoprosperi.com\/wp-content\/uploads\/2025\/11\/54924713837_d1f9f61e46_c.jpg?fit=800%2C539&ssl=1&resize=350%2C200","width":350,"height":200,"srcset":"https:\/\/i0.wp.com\/blogdoprosperi.com\/wp-content\/uploads\/2025\/11\/54924713837_d1f9f61e46_c.jpg?fit=800%2C539&ssl=1&resize=350%2C200 1x, https:\/\/i0.wp.com\/blogdoprosperi.com\/wp-content\/uploads\/2025\/11\/54924713837_d1f9f61e46_c.jpg?fit=800%2C539&ssl=1&resize=525%2C300 1.5x, https:\/\/i0.wp.com\/blogdoprosperi.com\/wp-content\/uploads\/2025\/11\/54924713837_d1f9f61e46_c.jpg?fit=800%2C539&ssl=1&resize=700%2C400 2x"},"classes":[]},{"id":39594,"url":"https:\/\/blogdoprosperi.com\/?p=39594","url_meta":{"origin":59302,"position":3},"title":"Brasil passeia no pen\u00faltimo amistoso antes da Copa Qatar 2022","author":"Luiz Ant\u00f4nio Pr\u00f3speri","date":"23 de setembro de 2022","format":false,"excerpt":"Sele\u00e7\u00e3o Brasileira vence Gana sem nenhum constrangimento no pen\u00faltimo amistoso antes da estreia na Copa do Mundo Qatar 2022. A vit\u00f3ria por 3 a 0, constru\u00edda no primeiro tempo, tem participa\u00e7\u00e3o decisiva do atacante Richarlison, autor de dois gols, em Le Havre na Fran\u00e7a. Brasil molda o primeiro tempo do\u2026","rel":"","context":"Em &quot;catar 2022&quot;","block_context":{"text":"catar 2022","link":"https:\/\/blogdoprosperi.com\/?cat=47094043"},"img":{"alt_text":"","src":"https:\/\/i0.wp.com\/blogdoprosperi.com\/wp-content\/uploads\/2022\/09\/52379122781_8ca520c918_c.jpg?fit=799%2C533&ssl=1&resize=350%2C200","width":350,"height":200,"srcset":"https:\/\/i0.wp.com\/blogdoprosperi.com\/wp-content\/uploads\/2022\/09\/52379122781_8ca520c918_c.jpg?fit=799%2C533&ssl=1&resize=350%2C200 1x, https:\/\/i0.wp.com\/blogdoprosperi.com\/wp-content\/uploads\/2022\/09\/52379122781_8ca520c918_c.jpg?fit=799%2C533&ssl=1&resize=525%2C300 1.5x, https:\/\/i0.wp.com\/blogdoprosperi.com\/wp-content\/uploads\/2022\/09\/52379122781_8ca520c918_c.jpg?fit=799%2C533&ssl=1&resize=700%2C400 2x"},"classes":[]},{"id":56656,"url":"https:\/\/blogdoprosperi.com\/?p=56656","url_meta":{"origin":59302,"position":4},"title":"Sele\u00e7\u00e3o Brasileira | Ancelotti N\u00e3o Convoca Mas N\u00e3o Descarta Neymar na Copa","author":"Luiz Ant\u00f4nio Pr\u00f3speri","date":"16 de mar\u00e7o de 2026","format":false,"excerpt":"Neymar continua fora da Sele\u00e7\u00e3o e diminui a chance de jogar a Copa do Mundo 2026. Afastado da Sele\u00e7\u00e3o Brasileira desde outubro de 2023, quando rompe os ligamentos cruzados do joelho esquerdo no jogo contra o. Uruguai, o craque santista n\u00e3o aparece na lista Carlo Ancelotti para os amistosos contra\u2026","rel":"","context":"Em &quot;copa 2026&quot;","block_context":{"text":"copa 2026","link":"https:\/\/blogdoprosperi.com\/?cat=36820279"},"img":{"alt_text":"neymar sim, neymar n\u00e3o","src":"https:\/\/i0.wp.com\/blogdoprosperi.com\/wp-content\/uploads\/2022\/11\/52534316743_e5ca84d055_c-1.jpg?fit=799%2C533&ssl=1&resize=350%2C200","width":350,"height":200,"srcset":"https:\/\/i0.wp.com\/blogdoprosperi.com\/wp-content\/uploads\/2022\/11\/52534316743_e5ca84d055_c-1.jpg?fit=799%2C533&ssl=1&resize=350%2C200 1x, https:\/\/i0.wp.com\/blogdoprosperi.com\/wp-content\/uploads\/2022\/11\/52534316743_e5ca84d055_c-1.jpg?fit=799%2C533&ssl=1&resize=525%2C300 1.5x, https:\/\/i0.wp.com\/blogdoprosperi.com\/wp-content\/uploads\/2022\/11\/52534316743_e5ca84d055_c-1.jpg?fit=799%2C533&ssl=1&resize=700%2C400 2x"},"classes":[]},{"id":60202,"url":"https:\/\/blogdoprosperi.com\/?p=60202","url_meta":{"origin":59302,"position":5},"title":"Invent\u00e1rio da derrota (epis\u00f3dio 3): Do capatosta ao tra\u00edra na Copa 2026","author":"Luiz Ant\u00f4nio Pr\u00f3speri","date":"13 de julho de 2026","format":false,"excerpt":"Luiz Ant\u00f4nio Pr\u00f3speri \u2013 13 julho 2026 (16h01) Invent\u00e1rio da Derrota do Brasil na Copa 2026 chega ao terceiro epis\u00f3dio (#epis\u00f3dio3) da s\u00e9rie. Carlo Ancelotti leva um choque de realidade quando sua proposta de jogo \u00e9 pulverizada por Marrocos logo na estreia do Brasil na Copa. Ele descobre ou dissimula\u2026","rel":"","context":"Em &quot;copa do mundo 2026&quot;","block_context":{"text":"copa do mundo 2026","link":"https:\/\/blogdoprosperi.com\/?cat=115102077"},"img":{"alt_text":"","src":"https:\/\/i0.wp.com\/blogdoprosperi.com\/wp-content\/uploads\/2026\/07\/Captura-de-Tela-2026-07-13-as-15.54.50.png?fit=1200%2C761&ssl=1&resize=350%2C200","width":350,"height":200,"srcset":"https:\/\/i0.wp.com\/blogdoprosperi.com\/wp-content\/uploads\/2026\/07\/Captura-de-Tela-2026-07-13-as-15.54.50.png?fit=1200%2C761&ssl=1&resize=350%2C200 1x, https:\/\/i0.wp.com\/blogdoprosperi.com\/wp-content\/uploads\/2026\/07\/Captura-de-Tela-2026-07-13-as-15.54.50.png?fit=1200%2C761&ssl=1&resize=525%2C300 1.5x, https:\/\/i0.wp.com\/blogdoprosperi.com\/wp-content\/uploads\/2026\/07\/Captura-de-Tela-2026-07-13-as-15.54.50.png?fit=1200%2C761&ssl=1&resize=700%2C400 2x, https:\/\/i0.wp.com\/blogdoprosperi.com\/wp-content\/uploads\/2026\/07\/Captura-de-Tela-2026-07-13-as-15.54.50.png?fit=1200%2C761&ssl=1&resize=1050%2C600 3x"},"classes":[]}],"jetpack_featured_media_url":"https:\/\/i0.wp.com\/blogdoprosperi.com\/wp-content\/uploads\/2026\/06\/Captura-de-Tela-2026-06-06-as-20.58.44.png?fit=1002%2C896&ssl=1","_links":{"self":[{"href":"https:\/\/blogdoprosperi.com\/index.php?rest_route=\/wp\/v2\/posts\/59302","targetHints":{"allow":["GET"]}}],"collection":[{"href":"https:\/\/blogdoprosperi.com\/index.php?rest_route=\/wp\/v2\/posts"}],"about":[{"href":"https:\/\/blogdoprosperi.com\/index.php?rest_route=\/wp\/v2\/types\/post"}],"author":[{"embeddable":true,"href":"https:\/\/blogdoprosperi.com\/index.php?rest_route=\/wp\/v2\/users\/102107496"}],"replies":[{"embeddable":true,"href":"https:\/\/blogdoprosperi.com\/index.php?rest_route=%2Fwp%2Fv2%2Fcomments&post=59302"}],"version-history":[{"count":19,"href":"https:\/\/blogdoprosperi.com\/index.php?rest_route=\/wp\/v2\/posts\/59302\/revisions"}],"predecessor-version":[{"id":59330,"href":"https:\/\/blogdoprosperi.com\/index.php?rest_route=\/wp\/v2\/posts\/59302\/revisions\/59330"}],"wp:featuredmedia":[{"embeddable":true,"href":"https:\/\/blogdoprosperi.com\/index.php?rest_route=\/wp\/v2\/media\/59314"}],"wp:attachment":[{"href":"https:\/\/blogdoprosperi.com\/index.php?rest_route=%2Fwp%2Fv2%2Fmedia&parent=59302"}],"wp:term":[{"taxonomy":"category","embeddable":true,"href":"https:\/\/blogdoprosperi.com\/index.php?rest_route=%2Fwp%2Fv2%2Fcategories&post=59302"},{"taxonomy":"post_tag","embeddable":true,"href":"https:\/\/blogdoprosperi.com\/index.php?rest_route=%2Fwp%2Fv2%2Ftags&post=59302"}],"curies":[{"name":"wp","href":"https:\/\/api.w.org\/{rel}","templated":true}]}}