{"id":59350,"date":"2026-06-08T15:34:20","date_gmt":"2026-06-08T18:34:20","guid":{"rendered":"https:\/\/blogdoprosperi.com\/?p=59350"},"modified":"2026-06-08T22:12:17","modified_gmt":"2026-06-09T01:12:17","slug":"diario-do-neymar-8-junho-craque-esta-fora-da-estreia-do-brasil-na-copa","status":"publish","type":"post","link":"https:\/\/blogdoprosperi.com\/?p=59350","title":{"rendered":"Di\u00e1rio do Neymar (8\/junho) | Craque est\u00e1 fora da estreia do Brasil na Copa"},"content":{"rendered":"\r\n<p class=\"wp-block-paragraph\">Neymar est\u00e1 fora do jogo de estreia do Brasil na Copa do Mundo. Resson\u00e2ncia magn\u00e9tica a que o jogador se submeteu nesta segunda-feira (08\/6) aponta boa evolu\u00e7\u00e3o no tratamento da les\u00e3o na panturrilha, mas sem previs\u00e3o do retorno de Neymar aos treinamentos normais, informa a CBF.<\/p>\r\n\r\n\r\n\r\n<p class=\"wp-block-paragraph\">A expectativa de Carlo Ancelotti era da volta do craque aos treinos com o grupo de jogadores nesta semana. N\u00e3o deu.<\/p>\r\n\r\n\r\n\r\n<p class=\"wp-block-paragraph\">\u201cO atleta Neymar foi submetido a resson\u00e2ncia magn\u00e9tica nesta segunda-feira. O exame apontou boa evolu\u00e7\u00e3o em seu tratamento, dentro dos par\u00e2metros esperados. Ele seguir\u00e1 o processo de recupera\u00e7\u00e3o e de prepara\u00e7\u00e3o f\u00edsica planejado pela comiss\u00e3o m\u00e9dica da Sele\u00e7\u00e3o Brasileira\u201d diz comunicado oficial da CBF divulgado hoje (08\/6).<\/p>\r\n\r\n\r\n\r\n<p class=\"wp-block-paragraph\">Comiss\u00e3o T\u00e9cnica da Sele\u00e7\u00e3o n\u00e3o faz previs\u00e3o da libera\u00e7\u00e3o de Neymar.<\/p>\r\n\r\n\r\n","protected":false},"excerpt":{"rendered":"<p>Neymar est\u00e1 fora do jogo de estreia do Brasil na Copa do Mundo. Resson\u00e2ncia magn\u00e9tica a que o [&hellip;]<\/p>\n","protected":false},"author":102107496,"featured_media":59383,"comment_status":"open","ping_status":"open","sticky":false,"template":"","format":"standard","meta":{"_coblocks_attr":"","_coblocks_dimensions":"","_coblocks_responsive_height":"","_coblocks_accordion_ie_support":"","wpai_generated_summary":"","_jetpack_newsletter_access":"","_jetpack_dont_email_post_to_subs":false,"_jetpack_newsletter_tier_id":0,"_jetpack_memberships_contains_paywalled_content":false,"_wpcom_ai_launchpad_first_post":false,"_jetpack_feature_clip_id":0,"_jetpack_memberships_contains_paid_content":false,"footnotes":"","jetpack_publicize_message":"Di\u00e1rio do Neymar (8\/junho) | Craque est\u00e1 fora da estreia do Brasil na Copa","jetpack_publicize_feature_enabled":true,"jetpack_social_post_already_shared":true,"jetpack_social_options":{"image_generator_settings":{"template":"highway","default_image_id":0,"font":"","enabled":false},"version":2},"jetpack_post_was_ever_published":false},"categories":[36820279,53870,174694],"tags":[569949222,4112146,10149860],"class_list":["post-59350","post","type-post","status-publish","format-standard","has-post-thumbnail","hentry","category-copa-2026","category-futebol","category-selecao-brasileira","tag-copa2026","tag-neymar","tag-selecaobrasileira"],"yoast_head":"<!-- This site is optimized with the Yoast SEO plugin v28.4 - https:\/\/yoast.com\/product\/yoast-seo-wordpress\/ -->\n<title>Di\u00e1rio do Neymar (8\/junho) | Craque est\u00e1 fora da estreia do Brasil na Copa - PR\u00d3SPERI NEWS<\/title>\n<meta name=\"robots\" content=\"index, follow, max-snippet:-1, max-image-preview:large, max-video-preview:-1\" \/>\n<link rel=\"canonical\" href=\"https:\/\/blogdoprosperi.com\/?p=59350\" \/>\n<meta property=\"og:locale\" content=\"pt_BR\" \/>\n<meta property=\"og:type\" content=\"article\" \/>\n<meta property=\"og:title\" content=\"Di\u00e1rio do Neymar (8\/junho) | Craque est\u00e1 fora da estreia do Brasil na Copa - PR\u00d3SPERI NEWS\" \/>\n<meta property=\"og:description\" content=\"Neymar est\u00e1 fora do jogo de estreia do Brasil na Copa do Mundo. Resson\u00e2ncia magn\u00e9tica a que o [&hellip;]\" \/>\n<meta property=\"og:url\" content=\"https:\/\/blogdoprosperi.com\/?p=59350\" \/>\n<meta property=\"og:site_name\" content=\"PR\u00d3SPERI NEWS\" \/>\n<meta property=\"article:publisher\" content=\"Luiz Pr\u00f3speri\" \/>\n<meta property=\"article:author\" content=\"Luiz Pr\u00f3speri\" \/>\n<meta property=\"article:published_time\" content=\"2026-06-08T18:34:20+00:00\" \/>\n<meta property=\"article:modified_time\" content=\"2026-06-09T01:12:17+00:00\" \/>\n<meta property=\"og:image\" content=\"https:\/\/blogdoprosperi.com\/wp-content\/uploads\/2026\/06\/Captura-de-Tela-2026-06-08-as-22.08.57-1024x759.png\" \/>\n\t<meta property=\"og:image:width\" content=\"1024\" \/>\n\t<meta property=\"og:image:height\" content=\"759\" \/>\n\t<meta property=\"og:image:type\" content=\"image\/png\" \/>\n<meta name=\"author\" content=\"Luiz Ant\u00f4nio Pr\u00f3speri\" \/>\n<meta name=\"twitter:card\" content=\"summary_large_image\" \/>\n<meta name=\"twitter:creator\" content=\"@Luizprosperi\" \/>\n<meta name=\"twitter:site\" content=\"@Luizprosperi\" \/>\n<meta name=\"twitter:label1\" content=\"Escrito por\" \/>\n\t<meta name=\"twitter:data1\" content=\"Luiz Ant\u00f4nio Pr\u00f3speri\" \/>\n\t<meta name=\"twitter:label2\" content=\"Est. tempo de leitura\" \/>\n\t<meta name=\"twitter:data2\" content=\"1 minuto\" \/>\n<script type=\"application\/ld+json\" class=\"yoast-schema-graph\">{\"@context\":\"https:\\\/\\\/schema.org\",\"@graph\":[{\"@type\":\"Article\",\"@id\":\"https:\\\/\\\/blogdoprosperi.com\\\/?p=59350#article\",\"isPartOf\":{\"@id\":\"https:\\\/\\\/blogdoprosperi.com\\\/?p=59350\"},\"author\":{\"name\":\"Luiz Ant\u00f4nio Pr\u00f3speri\",\"@id\":\"https:\\\/\\\/blogdoprosperi.com\\\/#\\\/schema\\\/person\\\/38100755ce3601861ee4fab9b5aa78e9\"},\"headline\":\"Di\u00e1rio do Neymar (8\\\/junho) | Craque est\u00e1 fora da estreia do Brasil na Copa\",\"datePublished\":\"2026-06-08T18:34:20+00:00\",\"dateModified\":\"2026-06-09T01:12:17+00:00\",\"mainEntityOfPage\":{\"@id\":\"https:\\\/\\\/blogdoprosperi.com\\\/?p=59350\"},\"wordCount\":159,\"commentCount\":0,\"publisher\":{\"@id\":\"https:\\\/\\\/blogdoprosperi.com\\\/#\\\/schema\\\/person\\\/38100755ce3601861ee4fab9b5aa78e9\"},\"image\":{\"@id\":\"https:\\\/\\\/blogdoprosperi.com\\\/?p=59350#primaryimage\"},\"thumbnailUrl\":\"https:\\\/\\\/i0.wp.com\\\/blogdoprosperi.com\\\/wp-content\\\/uploads\\\/2026\\\/06\\\/Captura-de-Tela-2026-06-08-as-22.08.57.png?fit=1290%2C956&ssl=1\",\"keywords\":[\"Copa2026\",\"Neymar\",\"Sele\u00e7\u00e3oBrasileira\"],\"articleSection\":[\"copa 2026\",\"futebol\",\"Sele\u00e7\u00e3o Brasileira\"],\"inLanguage\":\"pt-BR\",\"potentialAction\":[{\"@type\":\"CommentAction\",\"name\":\"Comment\",\"target\":[\"https:\\\/\\\/blogdoprosperi.com\\\/?p=59350#respond\"]}]},{\"@type\":\"WebPage\",\"@id\":\"https:\\\/\\\/blogdoprosperi.com\\\/?p=59350\",\"url\":\"https:\\\/\\\/blogdoprosperi.com\\\/?p=59350\",\"name\":\"Di\u00e1rio do Neymar (8\\\/junho) | Craque est\u00e1 fora da estreia do Brasil na Copa - PR\u00d3SPERI NEWS\",\"isPartOf\":{\"@id\":\"https:\\\/\\\/blogdoprosperi.com\\\/#website\"},\"primaryImageOfPage\":{\"@id\":\"https:\\\/\\\/blogdoprosperi.com\\\/?p=59350#primaryimage\"},\"image\":{\"@id\":\"https:\\\/\\\/blogdoprosperi.com\\\/?p=59350#primaryimage\"},\"thumbnailUrl\":\"https:\\\/\\\/i0.wp.com\\\/blogdoprosperi.com\\\/wp-content\\\/uploads\\\/2026\\\/06\\\/Captura-de-Tela-2026-06-08-as-22.08.57.png?fit=1290%2C956&ssl=1\",\"datePublished\":\"2026-06-08T18:34:20+00:00\",\"dateModified\":\"2026-06-09T01:12:17+00:00\",\"breadcrumb\":{\"@id\":\"https:\\\/\\\/blogdoprosperi.com\\\/?p=59350#breadcrumb\"},\"inLanguage\":\"pt-BR\",\"potentialAction\":[{\"@type\":\"ReadAction\",\"target\":[\"https:\\\/\\\/blogdoprosperi.com\\\/?p=59350\"]}]},{\"@type\":\"ImageObject\",\"inLanguage\":\"pt-BR\",\"@id\":\"https:\\\/\\\/blogdoprosperi.com\\\/?p=59350#primaryimage\",\"url\":\"https:\\\/\\\/i0.wp.com\\\/blogdoprosperi.com\\\/wp-content\\\/uploads\\\/2026\\\/06\\\/Captura-de-Tela-2026-06-08-as-22.08.57.png?fit=1290%2C956&ssl=1\",\"contentUrl\":\"https:\\\/\\\/i0.wp.com\\\/blogdoprosperi.com\\\/wp-content\\\/uploads\\\/2026\\\/06\\\/Captura-de-Tela-2026-06-08-as-22.08.57.png?fit=1290%2C956&ssl=1\",\"width\":1290,\"height\":956},{\"@type\":\"BreadcrumbList\",\"@id\":\"https:\\\/\\\/blogdoprosperi.com\\\/?p=59350#breadcrumb\",\"itemListElement\":[{\"@type\":\"ListItem\",\"position\":1,\"name\":\"In\u00edcio\",\"item\":\"https:\\\/\\\/blogdoprosperi.com\\\/\"},{\"@type\":\"ListItem\",\"position\":2,\"name\":\"Di\u00e1rio do Neymar (8\\\/junho) | Craque est\u00e1 fora da estreia do Brasil na Copa\"}]},{\"@type\":\"WebSite\",\"@id\":\"https:\\\/\\\/blogdoprosperi.com\\\/#website\",\"url\":\"https:\\\/\\\/blogdoprosperi.com\\\/\",\"name\":\"PR\u00d3SPERI NEWS\",\"description\":\"TUDO \u00c9  FUTEBOL\",\"publisher\":{\"@id\":\"https:\\\/\\\/blogdoprosperi.com\\\/#\\\/schema\\\/person\\\/38100755ce3601861ee4fab9b5aa78e9\"},\"alternateName\":\"blogdoprosperi.com\",\"potentialAction\":[{\"@type\":\"SearchAction\",\"target\":{\"@type\":\"EntryPoint\",\"urlTemplate\":\"https:\\\/\\\/blogdoprosperi.com\\\/?s={search_term_string}\"},\"query-input\":{\"@type\":\"PropertyValueSpecification\",\"valueRequired\":true,\"valueName\":\"search_term_string\"}}],\"inLanguage\":\"pt-BR\"},{\"@type\":[\"Person\",\"Organization\"],\"@id\":\"https:\\\/\\\/blogdoprosperi.com\\\/#\\\/schema\\\/person\\\/38100755ce3601861ee4fab9b5aa78e9\",\"name\":\"Luiz Ant\u00f4nio Pr\u00f3speri\",\"pronouns\":\"ele\",\"image\":{\"@type\":\"ImageObject\",\"inLanguage\":\"pt-BR\",\"@id\":\"https:\\\/\\\/i0.wp.com\\\/blogdoprosperi.com\\\/wp-content\\\/uploads\\\/2026\\\/05\\\/cropped-8059e613-6002-42fa-961e-8e275f575d71-2-5.jpg?fit=1360%2C931&ssl=1\",\"url\":\"https:\\\/\\\/i0.wp.com\\\/blogdoprosperi.com\\\/wp-content\\\/uploads\\\/2026\\\/05\\\/cropped-8059e613-6002-42fa-961e-8e275f575d71-2-5.jpg?fit=1360%2C931&ssl=1\",\"contentUrl\":\"https:\\\/\\\/i0.wp.com\\\/blogdoprosperi.com\\\/wp-content\\\/uploads\\\/2026\\\/05\\\/cropped-8059e613-6002-42fa-961e-8e275f575d71-2-5.jpg?fit=1360%2C931&ssl=1\",\"width\":1360,\"height\":931,\"caption\":\"Luiz Ant\u00f4nio Pr\u00f3speri\"},\"logo\":{\"@id\":\"https:\\\/\\\/i0.wp.com\\\/blogdoprosperi.com\\\/wp-content\\\/uploads\\\/2026\\\/05\\\/cropped-8059e613-6002-42fa-961e-8e275f575d71-2-5.jpg?fit=1360%2C931&ssl=1\"},\"description\":\"Jornalista com carreira dedicada ao esporte. Cobriu 9 Copas do Mundo in loco, 1990 na It\u00e1lia, 1994 nos EUA, 1998 na Fran\u00e7a, 2002 na Coreia do Sul e Jap\u00e3o, 2006 na Alemanha, 2010 na \u00c1frica do Sul, 2014 no Brasil, 2018 na R\u00fassia e 2022 no Qatar. Eurocopas, 1992 na Su\u00e9cia e 1996 na Inglaterra. Copa das Confedera\u00e7\u00f5es de 2005 na Alemanha e 2009 na \u00c1frica do Sul. Rep\u00f3rter e Editor, trabalhou no Jornal da Tarde e Estad\u00e3o, de 1984 a fevereiro de 2016. Colunista, blogueiro. E comentarista de futebol na R\u00e1dio Estad\u00e3o, de 2013 a fevereiro de 2016. Jornalista respons\u00e1vel do \\\"Pr\u00f3speri News\\\" (blogdoprosperi.com).\",\"sameAs\":[\"http:\\\/\\\/blogdoprosperi.com\",\"Luiz Pr\u00f3speri\",\"@luiz_prosperi\",\"https:\\\/\\\/x.com\\\/Luizprosperi\",\"@prosperinacopa\",\"luiz.prosperi@icloud.com\"],\"url\":\"https:\\\/\\\/blogdoprosperi.com\\\/?author=102107496\"}]}<\/script>\n<!-- \/ Yoast SEO plugin. -->","yoast_head_json":{"title":"Di\u00e1rio do Neymar (8\/junho) | Craque est\u00e1 fora da estreia do Brasil na Copa - PR\u00d3SPERI NEWS","robots":{"index":"index","follow":"follow","max-snippet":"max-snippet:-1","max-image-preview":"max-image-preview:large","max-video-preview":"max-video-preview:-1"},"canonical":"https:\/\/blogdoprosperi.com\/?p=59350","og_locale":"pt_BR","og_type":"article","og_title":"Di\u00e1rio do Neymar (8\/junho) | Craque est\u00e1 fora da estreia do Brasil na Copa - PR\u00d3SPERI NEWS","og_description":"Neymar est\u00e1 fora do jogo de estreia do Brasil na Copa do Mundo. Resson\u00e2ncia magn\u00e9tica a que o [&hellip;]","og_url":"https:\/\/blogdoprosperi.com\/?p=59350","og_site_name":"PR\u00d3SPERI NEWS","article_publisher":"Luiz Pr\u00f3speri","article_author":"Luiz Pr\u00f3speri","article_published_time":"2026-06-08T18:34:20+00:00","article_modified_time":"2026-06-09T01:12:17+00:00","og_image":[{"width":1024,"height":759,"url":"https:\/\/blogdoprosperi.com\/wp-content\/uploads\/2026\/06\/Captura-de-Tela-2026-06-08-as-22.08.57-1024x759.png","type":"image\/png"}],"author":"Luiz Ant\u00f4nio Pr\u00f3speri","twitter_card":"summary_large_image","twitter_creator":"@Luizprosperi","twitter_site":"@Luizprosperi","twitter_misc":{"Escrito por":"Luiz Ant\u00f4nio Pr\u00f3speri","Est. tempo de leitura":"1 minuto"},"schema":{"@context":"https:\/\/schema.org","@graph":[{"@type":"Article","@id":"https:\/\/blogdoprosperi.com\/?p=59350#article","isPartOf":{"@id":"https:\/\/blogdoprosperi.com\/?p=59350"},"author":{"name":"Luiz Ant\u00f4nio Pr\u00f3speri","@id":"https:\/\/blogdoprosperi.com\/#\/schema\/person\/38100755ce3601861ee4fab9b5aa78e9"},"headline":"Di\u00e1rio do Neymar (8\/junho) | Craque est\u00e1 fora da estreia do Brasil na Copa","datePublished":"2026-06-08T18:34:20+00:00","dateModified":"2026-06-09T01:12:17+00:00","mainEntityOfPage":{"@id":"https:\/\/blogdoprosperi.com\/?p=59350"},"wordCount":159,"commentCount":0,"publisher":{"@id":"https:\/\/blogdoprosperi.com\/#\/schema\/person\/38100755ce3601861ee4fab9b5aa78e9"},"image":{"@id":"https:\/\/blogdoprosperi.com\/?p=59350#primaryimage"},"thumbnailUrl":"https:\/\/i0.wp.com\/blogdoprosperi.com\/wp-content\/uploads\/2026\/06\/Captura-de-Tela-2026-06-08-as-22.08.57.png?fit=1290%2C956&ssl=1","keywords":["Copa2026","Neymar","Sele\u00e7\u00e3oBrasileira"],"articleSection":["copa 2026","futebol","Sele\u00e7\u00e3o Brasileira"],"inLanguage":"pt-BR","potentialAction":[{"@type":"CommentAction","name":"Comment","target":["https:\/\/blogdoprosperi.com\/?p=59350#respond"]}]},{"@type":"WebPage","@id":"https:\/\/blogdoprosperi.com\/?p=59350","url":"https:\/\/blogdoprosperi.com\/?p=59350","name":"Di\u00e1rio do Neymar (8\/junho) | Craque est\u00e1 fora da estreia do Brasil na Copa - PR\u00d3SPERI NEWS","isPartOf":{"@id":"https:\/\/blogdoprosperi.com\/#website"},"primaryImageOfPage":{"@id":"https:\/\/blogdoprosperi.com\/?p=59350#primaryimage"},"image":{"@id":"https:\/\/blogdoprosperi.com\/?p=59350#primaryimage"},"thumbnailUrl":"https:\/\/i0.wp.com\/blogdoprosperi.com\/wp-content\/uploads\/2026\/06\/Captura-de-Tela-2026-06-08-as-22.08.57.png?fit=1290%2C956&ssl=1","datePublished":"2026-06-08T18:34:20+00:00","dateModified":"2026-06-09T01:12:17+00:00","breadcrumb":{"@id":"https:\/\/blogdoprosperi.com\/?p=59350#breadcrumb"},"inLanguage":"pt-BR","potentialAction":[{"@type":"ReadAction","target":["https:\/\/blogdoprosperi.com\/?p=59350"]}]},{"@type":"ImageObject","inLanguage":"pt-BR","@id":"https:\/\/blogdoprosperi.com\/?p=59350#primaryimage","url":"https:\/\/i0.wp.com\/blogdoprosperi.com\/wp-content\/uploads\/2026\/06\/Captura-de-Tela-2026-06-08-as-22.08.57.png?fit=1290%2C956&ssl=1","contentUrl":"https:\/\/i0.wp.com\/blogdoprosperi.com\/wp-content\/uploads\/2026\/06\/Captura-de-Tela-2026-06-08-as-22.08.57.png?fit=1290%2C956&ssl=1","width":1290,"height":956},{"@type":"BreadcrumbList","@id":"https:\/\/blogdoprosperi.com\/?p=59350#breadcrumb","itemListElement":[{"@type":"ListItem","position":1,"name":"In\u00edcio","item":"https:\/\/blogdoprosperi.com\/"},{"@type":"ListItem","position":2,"name":"Di\u00e1rio do Neymar (8\/junho) | Craque est\u00e1 fora da estreia do Brasil na Copa"}]},{"@type":"WebSite","@id":"https:\/\/blogdoprosperi.com\/#website","url":"https:\/\/blogdoprosperi.com\/","name":"PR\u00d3SPERI NEWS","description":"TUDO \u00c9  FUTEBOL","publisher":{"@id":"https:\/\/blogdoprosperi.com\/#\/schema\/person\/38100755ce3601861ee4fab9b5aa78e9"},"alternateName":"blogdoprosperi.com","potentialAction":[{"@type":"SearchAction","target":{"@type":"EntryPoint","urlTemplate":"https:\/\/blogdoprosperi.com\/?s={search_term_string}"},"query-input":{"@type":"PropertyValueSpecification","valueRequired":true,"valueName":"search_term_string"}}],"inLanguage":"pt-BR"},{"@type":["Person","Organization"],"@id":"https:\/\/blogdoprosperi.com\/#\/schema\/person\/38100755ce3601861ee4fab9b5aa78e9","name":"Luiz Ant\u00f4nio Pr\u00f3speri","pronouns":"ele","image":{"@type":"ImageObject","inLanguage":"pt-BR","@id":"https:\/\/i0.wp.com\/blogdoprosperi.com\/wp-content\/uploads\/2026\/05\/cropped-8059e613-6002-42fa-961e-8e275f575d71-2-5.jpg?fit=1360%2C931&ssl=1","url":"https:\/\/i0.wp.com\/blogdoprosperi.com\/wp-content\/uploads\/2026\/05\/cropped-8059e613-6002-42fa-961e-8e275f575d71-2-5.jpg?fit=1360%2C931&ssl=1","contentUrl":"https:\/\/i0.wp.com\/blogdoprosperi.com\/wp-content\/uploads\/2026\/05\/cropped-8059e613-6002-42fa-961e-8e275f575d71-2-5.jpg?fit=1360%2C931&ssl=1","width":1360,"height":931,"caption":"Luiz Ant\u00f4nio Pr\u00f3speri"},"logo":{"@id":"https:\/\/i0.wp.com\/blogdoprosperi.com\/wp-content\/uploads\/2026\/05\/cropped-8059e613-6002-42fa-961e-8e275f575d71-2-5.jpg?fit=1360%2C931&ssl=1"},"description":"Jornalista com carreira dedicada ao esporte. Cobriu 9 Copas do Mundo in loco, 1990 na It\u00e1lia, 1994 nos EUA, 1998 na Fran\u00e7a, 2002 na Coreia do Sul e Jap\u00e3o, 2006 na Alemanha, 2010 na \u00c1frica do Sul, 2014 no Brasil, 2018 na R\u00fassia e 2022 no Qatar. Eurocopas, 1992 na Su\u00e9cia e 1996 na Inglaterra. Copa das Confedera\u00e7\u00f5es de 2005 na Alemanha e 2009 na \u00c1frica do Sul. Rep\u00f3rter e Editor, trabalhou no Jornal da Tarde e Estad\u00e3o, de 1984 a fevereiro de 2016. Colunista, blogueiro. E comentarista de futebol na R\u00e1dio Estad\u00e3o, de 2013 a fevereiro de 2016. Jornalista respons\u00e1vel do \"Pr\u00f3speri News\" (blogdoprosperi.com).","sameAs":["http:\/\/blogdoprosperi.com","Luiz Pr\u00f3speri","@luiz_prosperi","https:\/\/x.com\/Luizprosperi","@prosperinacopa","luiz.prosperi@icloud.com"],"url":"https:\/\/blogdoprosperi.com\/?author=102107496"}]}},"jetpack_publicize_connections":[],"jetpack_likes_enabled":false,"jetpack_sharing_enabled":true,"jetpack_shortlink":"https:\/\/wp.me\/p7jvdk-frg","jetpack-related-posts":[{"id":58953,"url":"https:\/\/blogdoprosperi.com\/?p=58953","url_meta":{"origin":59350,"position":0},"title":"Di\u00e1rio do Neymar \u2013 28\/5 (II) | Jogador corre risco de ficar fora da estreia do Brasil na Copa do Mundo","author":"Luiz Ant\u00f4nio Pr\u00f3speri","date":"28 de maio de 2026","format":false,"excerpt":"Luiz Ant\u00f4nio Pr\u00f3speri \u2013 28 maio 2026 (9h27) Neymar n\u00e3o participar\u00e1 dos treinos preparativos da Sele\u00e7\u00e3o Brasileira em Teres\u00f3polis e deve ficar fora da estreia do Brasil na Copa do Mundo, dia 13 de junho, em New Jersey. M\u00e9dico Rodrigo Lasmar diz que o jogador tem uma les\u00e3o grau 2\u2026","rel":"","context":"Em &quot;futebol&quot;","block_context":{"text":"futebol","link":"https:\/\/blogdoprosperi.com\/?cat=53870"},"img":{"alt_text":"","src":"https:\/\/i0.wp.com\/blogdoprosperi.com\/wp-content\/uploads\/2026\/05\/captura-de-tela-2026-05-23-as-13.53.08.png?fit=1014%2C670&ssl=1&resize=350%2C200","width":350,"height":200,"srcset":"https:\/\/i0.wp.com\/blogdoprosperi.com\/wp-content\/uploads\/2026\/05\/captura-de-tela-2026-05-23-as-13.53.08.png?fit=1014%2C670&ssl=1&resize=350%2C200 1x, https:\/\/i0.wp.com\/blogdoprosperi.com\/wp-content\/uploads\/2026\/05\/captura-de-tela-2026-05-23-as-13.53.08.png?fit=1014%2C670&ssl=1&resize=525%2C300 1.5x, https:\/\/i0.wp.com\/blogdoprosperi.com\/wp-content\/uploads\/2026\/05\/captura-de-tela-2026-05-23-as-13.53.08.png?fit=1014%2C670&ssl=1&resize=700%2C400 2x"},"classes":[]},{"id":59253,"url":"https:\/\/blogdoprosperi.com\/?p=59253","url_meta":{"origin":59350,"position":1},"title":"Di\u00e1rio do Neymar (05\/6) | Nova resson\u00e2ncia na panturrilha define futuro do craque na Copa","author":"Luiz Ant\u00f4nio Pr\u00f3speri","date":"5 de junho de 2026","format":false,"excerpt":"Luiz Ant\u00f4nio Pr\u00f3speri \u2013 5 junho 2026 (13h49) Neymar est\u00e1 bem perto de voltar aos treinamentos com seus companheiros de Sele\u00e7\u00e3o Brasileira. A proje\u00e7\u00e3o \u00e9 do chefe Carlo Ancelotti. \"Acho que \u00e9 bastante clara (situa\u00e7\u00e3o de Neymar). Est\u00e1 fazendo um \u00f3timo trabalho individual. Creio que amanh\u00e3 (06\/6) vai fazer uma\u2026","rel":"","context":"Em &quot;copa 2026&quot;","block_context":{"text":"copa 2026","link":"https:\/\/blogdoprosperi.com\/?cat=36820279"},"img":{"alt_text":"","src":"https:\/\/i0.wp.com\/blogdoprosperi.com\/wp-content\/uploads\/2026\/06\/Captura-de-Tela-2026-06-05-as-13.28.03.png?fit=1200%2C864&ssl=1&resize=350%2C200","width":350,"height":200,"srcset":"https:\/\/i0.wp.com\/blogdoprosperi.com\/wp-content\/uploads\/2026\/06\/Captura-de-Tela-2026-06-05-as-13.28.03.png?fit=1200%2C864&ssl=1&resize=350%2C200 1x, https:\/\/i0.wp.com\/blogdoprosperi.com\/wp-content\/uploads\/2026\/06\/Captura-de-Tela-2026-06-05-as-13.28.03.png?fit=1200%2C864&ssl=1&resize=525%2C300 1.5x, https:\/\/i0.wp.com\/blogdoprosperi.com\/wp-content\/uploads\/2026\/06\/Captura-de-Tela-2026-06-05-as-13.28.03.png?fit=1200%2C864&ssl=1&resize=700%2C400 2x, https:\/\/i0.wp.com\/blogdoprosperi.com\/wp-content\/uploads\/2026\/06\/Captura-de-Tela-2026-06-05-as-13.28.03.png?fit=1200%2C864&ssl=1&resize=1050%2C600 3x"},"classes":[]},{"id":58904,"url":"https:\/\/blogdoprosperi.com\/?p=58904","url_meta":{"origin":59350,"position":2},"title":"Di\u00e1rio do Neymar \u2013 28\/5 (I) | Craque vive o Dia D","author":"Luiz Ant\u00f4nio Pr\u00f3speri","date":"28 de maio de 2026","format":false,"excerpt":"Luiz Ant\u00f4nio Pr\u00f3speri \u2013 28 maio 2026 (00h23) \u2013 Neymar \u00e9 o assunto desta quinta-feira (28\/5) na Sele\u00e7\u00e3o Brasileira. Sua panturrilha da perna direita ainda n\u00e3o est\u00e1 curada. Por isso se vive um clima de incertezas na Granja Comary, em Teres\u00f3polis, concentra\u00e7\u00e3o do escrete nesse in\u00edcio de prepara\u00e7\u00e3o \u00e0 Copa\u2026","rel":"","context":"Em &quot;copa 2026&quot;","block_context":{"text":"copa 2026","link":"https:\/\/blogdoprosperi.com\/?cat=36820279"},"img":{"alt_text":"","src":"https:\/\/i0.wp.com\/blogdoprosperi.com\/wp-content\/uploads\/2026\/05\/Captura-de-Tela-2026-05-28-as-00.17.47.png?fit=1200%2C803&ssl=1&resize=350%2C200","width":350,"height":200,"srcset":"https:\/\/i0.wp.com\/blogdoprosperi.com\/wp-content\/uploads\/2026\/05\/Captura-de-Tela-2026-05-28-as-00.17.47.png?fit=1200%2C803&ssl=1&resize=350%2C200 1x, https:\/\/i0.wp.com\/blogdoprosperi.com\/wp-content\/uploads\/2026\/05\/Captura-de-Tela-2026-05-28-as-00.17.47.png?fit=1200%2C803&ssl=1&resize=525%2C300 1.5x, https:\/\/i0.wp.com\/blogdoprosperi.com\/wp-content\/uploads\/2026\/05\/Captura-de-Tela-2026-05-28-as-00.17.47.png?fit=1200%2C803&ssl=1&resize=700%2C400 2x, https:\/\/i0.wp.com\/blogdoprosperi.com\/wp-content\/uploads\/2026\/05\/Captura-de-Tela-2026-05-28-as-00.17.47.png?fit=1200%2C803&ssl=1&resize=1050%2C600 3x"},"classes":[]},{"id":59021,"url":"https:\/\/blogdoprosperi.com\/?p=59021","url_meta":{"origin":59350,"position":3},"title":"Di\u00e1rio do Neymar \u2013 29\/5 | Neblina Neymar toma conta da Sele\u00e7\u00e3o Brasileira em Teres\u00f3polis","author":"Luiz Ant\u00f4nio Pr\u00f3speri","date":"29 de maio de 2026","format":false,"excerpt":"Luiz Ant\u00f4nio Pr\u00f3speri \u2013 29 maio 2026 (9h15) \u2013 Neymar vai embarcar com a Sele\u00e7\u00e3o Brasileira aos Estados Unidos, segunda-feira (01\/6). Esta \u00e9 a expectativa do alto comando do escrete e do poder central da CBF. Se vai disputar ou n\u00e3o a Copa do Mundo, a\u00ed depende da cicatriza\u00e7\u00e3o da\u2026","rel":"","context":"Em &quot;copa 2026&quot;","block_context":{"text":"copa 2026","link":"https:\/\/blogdoprosperi.com\/?cat=36820279"},"img":{"alt_text":"","src":"https:\/\/i0.wp.com\/blogdoprosperi.com\/wp-content\/uploads\/2026\/05\/Captura-de-Tela-2026-05-29-as-01.16.20.png?fit=1110%2C582&ssl=1&resize=350%2C200","width":350,"height":200,"srcset":"https:\/\/i0.wp.com\/blogdoprosperi.com\/wp-content\/uploads\/2026\/05\/Captura-de-Tela-2026-05-29-as-01.16.20.png?fit=1110%2C582&ssl=1&resize=350%2C200 1x, https:\/\/i0.wp.com\/blogdoprosperi.com\/wp-content\/uploads\/2026\/05\/Captura-de-Tela-2026-05-29-as-01.16.20.png?fit=1110%2C582&ssl=1&resize=525%2C300 1.5x, https:\/\/i0.wp.com\/blogdoprosperi.com\/wp-content\/uploads\/2026\/05\/Captura-de-Tela-2026-05-29-as-01.16.20.png?fit=1110%2C582&ssl=1&resize=700%2C400 2x, https:\/\/i0.wp.com\/blogdoprosperi.com\/wp-content\/uploads\/2026\/05\/Captura-de-Tela-2026-05-29-as-01.16.20.png?fit=1110%2C582&ssl=1&resize=1050%2C600 3x"},"classes":[]},{"id":59481,"url":"https:\/\/blogdoprosperi.com\/?p=59481","url_meta":{"origin":59350,"position":4},"title":"Neymar completa um m\u00eas fora do campo e Ancelotti viu o cuspe do Endrick?","author":"Luiz Ant\u00f4nio Pr\u00f3speri","date":"15 de junho de 2026","format":false,"excerpt":"Luiz Ant\u00f4nio Pr\u00f3speri, de Morristown, 15 junho 2026 (19h32) Neymar passa por nova resson\u00e2ncia magn\u00e9tica e n\u00e3o treina. Calend\u00e1rio aponta 28 dias sem ir ao campo nesta segunda-feira (15\/6). E levanta novas suspeitas do antigo futuro do craque na Copa do Mundo. Se esperava por sua presen\u00e7a, pelo menos no\u2026","rel":"","context":"Em &quot;copa 2026&quot;","block_context":{"text":"copa 2026","link":"https:\/\/blogdoprosperi.com\/?cat=36820279"},"img":{"alt_text":"","src":"https:\/\/i0.wp.com\/blogdoprosperi.com\/wp-content\/uploads\/2026\/06\/Captura-de-Tela-2026-06-15-as-19.38.46.png?fit=1200%2C776&ssl=1&resize=350%2C200","width":350,"height":200,"srcset":"https:\/\/i0.wp.com\/blogdoprosperi.com\/wp-content\/uploads\/2026\/06\/Captura-de-Tela-2026-06-15-as-19.38.46.png?fit=1200%2C776&ssl=1&resize=350%2C200 1x, https:\/\/i0.wp.com\/blogdoprosperi.com\/wp-content\/uploads\/2026\/06\/Captura-de-Tela-2026-06-15-as-19.38.46.png?fit=1200%2C776&ssl=1&resize=525%2C300 1.5x, https:\/\/i0.wp.com\/blogdoprosperi.com\/wp-content\/uploads\/2026\/06\/Captura-de-Tela-2026-06-15-as-19.38.46.png?fit=1200%2C776&ssl=1&resize=700%2C400 2x, https:\/\/i0.wp.com\/blogdoprosperi.com\/wp-content\/uploads\/2026\/06\/Captura-de-Tela-2026-06-15-as-19.38.46.png?fit=1200%2C776&ssl=1&resize=1050%2C600 3x"},"classes":[]},{"id":59490,"url":"https:\/\/blogdoprosperi.com\/?p=59490","url_meta":{"origin":59350,"position":5},"title":"Ufa! Neymar pisa na grama depois de um m\u00eas","author":"Luiz Ant\u00f4nio Pr\u00f3speri","date":"16 de junho de 2026","format":false,"excerpt":"Luiz Ant\u00f4nio Pr\u00f3speri, de Morristown, 16 junho 2026 (14h09) Neymar volta a pisar na grama. Ufa! Um m\u00eas depois de esgar\u00e7ar a panturrilha, o craque, o salvador da p\u00e1tria, enfim, volta a sentir o cheirinho do mato verde. Imagens oficiais divulgadas pela CBF, nesta ter\u00e7a-feira (16\/6), exibem Neymar correndo de\u2026","rel":"","context":"Em &quot;copa 2026&quot;","block_context":{"text":"copa 2026","link":"https:\/\/blogdoprosperi.com\/?cat=36820279"},"img":{"alt_text":"","src":"https:\/\/i0.wp.com\/blogdoprosperi.com\/wp-content\/uploads\/2026\/06\/Captura-de-Tela-2026-06-16-as-14.27.26.png?fit=1200%2C876&ssl=1&resize=350%2C200","width":350,"height":200,"srcset":"https:\/\/i0.wp.com\/blogdoprosperi.com\/wp-content\/uploads\/2026\/06\/Captura-de-Tela-2026-06-16-as-14.27.26.png?fit=1200%2C876&ssl=1&resize=350%2C200 1x, https:\/\/i0.wp.com\/blogdoprosperi.com\/wp-content\/uploads\/2026\/06\/Captura-de-Tela-2026-06-16-as-14.27.26.png?fit=1200%2C876&ssl=1&resize=525%2C300 1.5x, https:\/\/i0.wp.com\/blogdoprosperi.com\/wp-content\/uploads\/2026\/06\/Captura-de-Tela-2026-06-16-as-14.27.26.png?fit=1200%2C876&ssl=1&resize=700%2C400 2x, https:\/\/i0.wp.com\/blogdoprosperi.com\/wp-content\/uploads\/2026\/06\/Captura-de-Tela-2026-06-16-as-14.27.26.png?fit=1200%2C876&ssl=1&resize=1050%2C600 3x"},"classes":[]}],"jetpack_featured_media_url":"https:\/\/i0.wp.com\/blogdoprosperi.com\/wp-content\/uploads\/2026\/06\/Captura-de-Tela-2026-06-08-as-22.08.57.png?fit=1290%2C956&ssl=1","_links":{"self":[{"href":"https:\/\/blogdoprosperi.com\/index.php?rest_route=\/wp\/v2\/posts\/59350","targetHints":{"allow":["GET"]}}],"collection":[{"href":"https:\/\/blogdoprosperi.com\/index.php?rest_route=\/wp\/v2\/posts"}],"about":[{"href":"https:\/\/blogdoprosperi.com\/index.php?rest_route=\/wp\/v2\/types\/post"}],"author":[{"embeddable":true,"href":"https:\/\/blogdoprosperi.com\/index.php?rest_route=\/wp\/v2\/users\/102107496"}],"replies":[{"embeddable":true,"href":"https:\/\/blogdoprosperi.com\/index.php?rest_route=%2Fwp%2Fv2%2Fcomments&post=59350"}],"version-history":[{"count":6,"href":"https:\/\/blogdoprosperi.com\/index.php?rest_route=\/wp\/v2\/posts\/59350\/revisions"}],"predecessor-version":[{"id":59384,"href":"https:\/\/blogdoprosperi.com\/index.php?rest_route=\/wp\/v2\/posts\/59350\/revisions\/59384"}],"wp:featuredmedia":[{"embeddable":true,"href":"https:\/\/blogdoprosperi.com\/index.php?rest_route=\/wp\/v2\/media\/59383"}],"wp:attachment":[{"href":"https:\/\/blogdoprosperi.com\/index.php?rest_route=%2Fwp%2Fv2%2Fmedia&parent=59350"}],"wp:term":[{"taxonomy":"category","embeddable":true,"href":"https:\/\/blogdoprosperi.com\/index.php?rest_route=%2Fwp%2Fv2%2Fcategories&post=59350"},{"taxonomy":"post_tag","embeddable":true,"href":"https:\/\/blogdoprosperi.com\/index.php?rest_route=%2Fwp%2Fv2%2Ftags&post=59350"}],"curies":[{"name":"wp","href":"https:\/\/api.w.org\/{rel}","templated":true}]}}