{"id":59401,"date":"2026-06-12T23:10:44","date_gmt":"2026-06-13T02:10:44","guid":{"rendered":"https:\/\/blogdoprosperi.com\/?p=59401"},"modified":"2026-06-12T23:10:44","modified_gmt":"2026-06-13T02:10:44","slug":"por-jesus-messi-e-mbappe-em-nova-york","status":"publish","type":"post","link":"https:\/\/blogdoprosperi.com\/?p=59401","title":{"rendered":"Por Jesus, Messi e Mbapp\u00e9 em Nova York"},"content":{"rendered":"<p><em>Luiz Ant\u00f4nio Pr\u00f3speri, de Nova York, 12 junho 2026 (21h50)\u00a0<\/em><\/p>\n<p>A Copa do Mundo 2026 come\u00e7ou. Em car\u00e1ter oficial. Em pelo menos uma cidade-sede, a Copa ainda n\u00e3o existe. \u00c9 o caso de Nova York. N\u00e3o fosse a presen\u00e7a de milhares de torcedores, boa parte deles brasileiros, de outros cantos do planeta, diria que os novaiorquinos n\u00e3o est\u00e3o nem a\u00ed com o soccer da World Cup Fifa 2026. Continuam em suas rotinas como se nada de t\u00e3o grandioso estivesse prestes a tomar conta do pa\u00eds. Maioria das lojas, sempre ponto de atra\u00e7\u00e3o de torcedores-consumistas, n\u00e3o exibe adere\u00e7os da Copa. Muito menos bares e restaurantes. N\u00e3o se v\u00ea um pingo de empolga\u00e7\u00e3o com o tal de futebol. E parece que assim vai caminhar a humanidade em Nova York at\u00e9 o fim dessa hist\u00f3ria do ver\u00e3o de 2026.<\/p>\n<p>Mas, n\u00e3o se preocupe. Nem tudo est\u00e1 perdido. H\u00e1 quem se interessa por futebol na Y Love NY. Por mais bizarro que possa parecer. Olha isso:<\/p>\n<p>Quinta-feira, 11\/6, caminhando pela 5\u00aa Avenida castigado por um sol de torrar os miolos, deparo com uma enorme igreja espremida aos verdadeiros arranhas-c\u00e9u. Ao p\u00e9 de uma das torres, um an\u00fancio dizia:<\/p>\n<p>&#8220;At the table e with Jesus, Messi and Mbapp\u00e9 \u2013 Sunday, June 14, 2026, 10:00 AM \u2013 Rev Werner Ramirez \u2013 \u00a0Presencial e Fapc.Oro&#8221; \u2013 Fifth Avenue Presbyterian Church \u2013 Fundada 1808&#8243;<\/p>\n<p>Traduzindo:<\/p>\n<p>&#8220;\u00c0 mesa com Jesus, Messi e Mbapp\u00e9 \u2013 Domingo, 14 de junho de 2026, 10h \u2013 Rev. Werner Ramirez \u2013 Presencial e Fapc.Oro&#8221;<\/p>\n<p>Prega\u00e7\u00e3o do Reverendo Werner na igreja Presbiteriana fundada em 1808, isso mesmo, vai orar por Jesus, Messi e Mbapp\u00e9..<\/p>\n<p>Se Nova York vive nem a\u00ed com a Copa, pelo menos Reverendo Werner est\u00e1 comprometido com a causa do futebol no pa\u00eds em que a Copa do Mundo, a World Cup, n\u00e3o tem a tal mais valia.<\/p>\n<p>Ali\u00e1s, Fifa e Trump t\u00eam feito de tudo para a Copa n\u00e3o cair no gosto dos americanos. E esfolar torcedores visitantes com ingressos nas alturas, transporte p\u00fablico zero aos est\u00e1dios, um desd\u00e9m arrogante contra a imprensa internacional em geral e, mais importante, a gan\u00e2ncia por grana.<\/p>\n<p>A Fifa projeta um faturamento de 11 bilh\u00f5es de d\u00f3lares com seu brinquedo. N\u00e3o levanta a voz com os desmandos do governo americano \u00e0s sele\u00e7\u00f5es do Ir\u00e3, Iraque e africanas. Que cada um cuide de seu saco de dinheiro.<\/p>\n<p>Nova York e seus 8,48 milh\u00f5es de habitantes catalogados nos dados de julho de 2024 querem mesmo \u00e9 seguir suas vidas sem mais tormentos. Por isso, vale a pena espalhar um contigente de policiais nas cercanias da Broadway, Time Square e Central Park. \u00c9 de trope\u00e7ar nos guardas de farda preta a cada esquina. Precau\u00e7\u00e3o ou medo? Vai saber.<\/p>\n<p>Inferno mesmo se viveu na quarta-feira finzinho de noite na impactante vit\u00f3ria de virada do New York Knicks em cima do San Antonio Spurs. Futebol, n\u00e3o. NBA, 107 a 106. A megametr\u00f3pole enlouqueceu.<\/p>\n<p>Andando por ruas cinematogr\u00e1ficas de I Love NY se percebe a for\u00e7a dos Knicks do basquete e n\u00e3o se tem mesmo o t\u00e3o aclamado clima de Copa. Nas ruas tudo lembra cenas de cinema. Viaturas pol\u00edcias abusando das sirenes altas e caminh\u00f5es de bombeiros a todo vapor tamb\u00e9m em altos decib\u00e9is de buzinas querendo se livrar do congestionamento das grandes avenidas, talvez para salvar um gato da velhinha que subiu na \u00e1rvore.<\/p>\n<p>Polui\u00e7\u00e3o sonora extrema, poeira de constru\u00e7\u00f5es a cada quadra e no abafado calor de queimar o asfalto se sente a brisa da maconha liberada na megametr\u00f3pole mais famosa do mundo. Quem se preocuparia com o futebol?<\/p>\n<p>Assim, fica a curiosidade de como ser\u00e1 o serm\u00e3o do Reverendo Werner Ramirez tendo \u00e0 mesa Jesus, Messi e Mbapp\u00e9 no templo presbiteriano na 5\u00aa Avenida?<\/p>\n","protected":false},"excerpt":{"rendered":"<p>Luiz Ant\u00f4nio Pr\u00f3speri, de Nova York, 12 junho 2026 (21h50)\u00a0 A Copa do Mundo 2026 come\u00e7ou. Em car\u00e1ter [&hellip;]<\/p>\n","protected":false},"author":102107496,"featured_media":59414,"comment_status":"open","ping_status":"open","sticky":false,"template":"","format":"standard","meta":{"_coblocks_attr":"","_coblocks_dimensions":"","_coblocks_responsive_height":"","_coblocks_accordion_ie_support":"","_jetpack_newsletter_access":"","_jetpack_dont_email_post_to_subs":false,"_jetpack_newsletter_tier_id":0,"_jetpack_memberships_contains_paywalled_content":false,"_wpcom_ai_launchpad_first_post":false,"_jetpack_feature_clip_id":0,"_jetpack_memberships_contains_paid_content":false,"footnotes":"","jetpack_publicize_message":"","jetpack_publicize_feature_enabled":true,"jetpack_social_post_already_shared":true,"jetpack_social_options":{"image_generator_settings":{"template":"highway","default_image_id":0,"font":"","enabled":false},"version":2},"jetpack_post_was_ever_published":false},"categories":[36820279,187969,53870],"tags":[569949222,789560563,789560639,789560612,789560638],"class_list":["post-59401","post","type-post","status-publish","format-standard","has-post-thumbnail","hentry","category-copa-2026","category-fifa","category-futebol","tag-copa2026","tag-fifa","tag-newyork","tag-novayork","tag-nykinicks"],"yoast_head":"<!-- This site is optimized with the Yoast SEO plugin v28.3 - https:\/\/yoast.com\/product\/yoast-seo-wordpress\/ -->\n<title>Por Jesus, Messi e Mbapp\u00e9 em Nova York - PR\u00d3SPERI NEWS<\/title>\n<meta name=\"robots\" content=\"index, follow, max-snippet:-1, max-image-preview:large, max-video-preview:-1\" \/>\n<link rel=\"canonical\" href=\"https:\/\/blogdoprosperi.com\/?p=59401\" \/>\n<meta property=\"og:locale\" content=\"pt_BR\" \/>\n<meta property=\"og:type\" content=\"article\" \/>\n<meta property=\"og:title\" content=\"Por Jesus, Messi e Mbapp\u00e9 em Nova York - PR\u00d3SPERI NEWS\" \/>\n<meta property=\"og:description\" content=\"Luiz Ant\u00f4nio Pr\u00f3speri, de Nova York, 12 junho 2026 (21h50)\u00a0 A Copa do Mundo 2026 come\u00e7ou. Em car\u00e1ter [&hellip;]\" \/>\n<meta property=\"og:url\" content=\"https:\/\/blogdoprosperi.com\/?p=59401\" \/>\n<meta property=\"og:site_name\" content=\"PR\u00d3SPERI NEWS\" \/>\n<meta property=\"article:publisher\" content=\"Luiz Pr\u00f3speri\" \/>\n<meta property=\"article:author\" content=\"Luiz Pr\u00f3speri\" \/>\n<meta property=\"article:published_time\" content=\"2026-06-13T02:10:44+00:00\" \/>\n<meta property=\"og:image\" content=\"https:\/\/blogdoprosperi.com\/wp-content\/uploads\/2026\/06\/Captura-de-Tela-2026-06-12-as-22.02.47-1024x880.png\" \/>\n\t<meta property=\"og:image:width\" content=\"1024\" \/>\n\t<meta property=\"og:image:height\" content=\"880\" \/>\n\t<meta property=\"og:image:type\" content=\"image\/png\" \/>\n<meta name=\"author\" content=\"Luiz Ant\u00f4nio Pr\u00f3speri\" \/>\n<meta name=\"twitter:card\" content=\"summary_large_image\" \/>\n<meta name=\"twitter:creator\" content=\"@Luizprosperi\" \/>\n<meta name=\"twitter:site\" content=\"@Luizprosperi\" \/>\n<meta name=\"twitter:label1\" content=\"Escrito por\" \/>\n\t<meta name=\"twitter:data1\" content=\"Luiz Ant\u00f4nio Pr\u00f3speri\" \/>\n\t<meta name=\"twitter:label2\" content=\"Est. tempo de leitura\" \/>\n\t<meta name=\"twitter:data2\" content=\"3 minutos\" \/>\n<script type=\"application\/ld+json\" class=\"yoast-schema-graph\">{\"@context\":\"https:\\\/\\\/schema.org\",\"@graph\":[{\"@type\":\"Article\",\"@id\":\"https:\\\/\\\/blogdoprosperi.com\\\/?p=59401#article\",\"isPartOf\":{\"@id\":\"https:\\\/\\\/blogdoprosperi.com\\\/?p=59401\"},\"author\":{\"name\":\"Luiz Ant\u00f4nio Pr\u00f3speri\",\"@id\":\"https:\\\/\\\/blogdoprosperi.com\\\/#\\\/schema\\\/person\\\/38100755ce3601861ee4fab9b5aa78e9\"},\"headline\":\"Por Jesus, Messi e Mbapp\u00e9 em Nova York\",\"datePublished\":\"2026-06-13T02:10:44+00:00\",\"mainEntityOfPage\":{\"@id\":\"https:\\\/\\\/blogdoprosperi.com\\\/?p=59401\"},\"wordCount\":647,\"commentCount\":0,\"publisher\":{\"@id\":\"https:\\\/\\\/blogdoprosperi.com\\\/#\\\/schema\\\/person\\\/38100755ce3601861ee4fab9b5aa78e9\"},\"image\":{\"@id\":\"https:\\\/\\\/blogdoprosperi.com\\\/?p=59401#primaryimage\"},\"thumbnailUrl\":\"https:\\\/\\\/i0.wp.com\\\/blogdoprosperi.com\\\/wp-content\\\/uploads\\\/2026\\\/06\\\/Captura-de-Tela-2026-06-12-as-22.02.47.png?fit=1206%2C1036&ssl=1\",\"keywords\":[\"Copa2026\",\"Fifa\",\"newyork\",\"novayork\",\"nykinicks\"],\"articleSection\":[\"copa 2026\",\"Fifa\",\"futebol\"],\"inLanguage\":\"pt-BR\",\"potentialAction\":[{\"@type\":\"CommentAction\",\"name\":\"Comment\",\"target\":[\"https:\\\/\\\/blogdoprosperi.com\\\/?p=59401#respond\"]}]},{\"@type\":\"WebPage\",\"@id\":\"https:\\\/\\\/blogdoprosperi.com\\\/?p=59401\",\"url\":\"https:\\\/\\\/blogdoprosperi.com\\\/?p=59401\",\"name\":\"Por Jesus, Messi e Mbapp\u00e9 em Nova York - PR\u00d3SPERI NEWS\",\"isPartOf\":{\"@id\":\"https:\\\/\\\/blogdoprosperi.com\\\/#website\"},\"primaryImageOfPage\":{\"@id\":\"https:\\\/\\\/blogdoprosperi.com\\\/?p=59401#primaryimage\"},\"image\":{\"@id\":\"https:\\\/\\\/blogdoprosperi.com\\\/?p=59401#primaryimage\"},\"thumbnailUrl\":\"https:\\\/\\\/i0.wp.com\\\/blogdoprosperi.com\\\/wp-content\\\/uploads\\\/2026\\\/06\\\/Captura-de-Tela-2026-06-12-as-22.02.47.png?fit=1206%2C1036&ssl=1\",\"datePublished\":\"2026-06-13T02:10:44+00:00\",\"breadcrumb\":{\"@id\":\"https:\\\/\\\/blogdoprosperi.com\\\/?p=59401#breadcrumb\"},\"inLanguage\":\"pt-BR\",\"potentialAction\":[{\"@type\":\"ReadAction\",\"target\":[\"https:\\\/\\\/blogdoprosperi.com\\\/?p=59401\"]}]},{\"@type\":\"ImageObject\",\"inLanguage\":\"pt-BR\",\"@id\":\"https:\\\/\\\/blogdoprosperi.com\\\/?p=59401#primaryimage\",\"url\":\"https:\\\/\\\/i0.wp.com\\\/blogdoprosperi.com\\\/wp-content\\\/uploads\\\/2026\\\/06\\\/Captura-de-Tela-2026-06-12-as-22.02.47.png?fit=1206%2C1036&ssl=1\",\"contentUrl\":\"https:\\\/\\\/i0.wp.com\\\/blogdoprosperi.com\\\/wp-content\\\/uploads\\\/2026\\\/06\\\/Captura-de-Tela-2026-06-12-as-22.02.47.png?fit=1206%2C1036&ssl=1\",\"width\":1206,\"height\":1036},{\"@type\":\"BreadcrumbList\",\"@id\":\"https:\\\/\\\/blogdoprosperi.com\\\/?p=59401#breadcrumb\",\"itemListElement\":[{\"@type\":\"ListItem\",\"position\":1,\"name\":\"In\u00edcio\",\"item\":\"https:\\\/\\\/blogdoprosperi.com\\\/\"},{\"@type\":\"ListItem\",\"position\":2,\"name\":\"Por Jesus, Messi e Mbapp\u00e9 em Nova York\"}]},{\"@type\":\"WebSite\",\"@id\":\"https:\\\/\\\/blogdoprosperi.com\\\/#website\",\"url\":\"https:\\\/\\\/blogdoprosperi.com\\\/\",\"name\":\"PR\u00d3SPERI NEWS\",\"description\":\"TUDO \u00c9  FUTEBOL\",\"publisher\":{\"@id\":\"https:\\\/\\\/blogdoprosperi.com\\\/#\\\/schema\\\/person\\\/38100755ce3601861ee4fab9b5aa78e9\"},\"alternateName\":\"blogdoprosperi.com\",\"potentialAction\":[{\"@type\":\"SearchAction\",\"target\":{\"@type\":\"EntryPoint\",\"urlTemplate\":\"https:\\\/\\\/blogdoprosperi.com\\\/?s={search_term_string}\"},\"query-input\":{\"@type\":\"PropertyValueSpecification\",\"valueRequired\":true,\"valueName\":\"search_term_string\"}}],\"inLanguage\":\"pt-BR\"},{\"@type\":[\"Person\",\"Organization\"],\"@id\":\"https:\\\/\\\/blogdoprosperi.com\\\/#\\\/schema\\\/person\\\/38100755ce3601861ee4fab9b5aa78e9\",\"name\":\"Luiz Ant\u00f4nio Pr\u00f3speri\",\"pronouns\":\"ele\",\"image\":{\"@type\":\"ImageObject\",\"inLanguage\":\"pt-BR\",\"@id\":\"https:\\\/\\\/i0.wp.com\\\/blogdoprosperi.com\\\/wp-content\\\/uploads\\\/2026\\\/05\\\/cropped-8059e613-6002-42fa-961e-8e275f575d71-2-5.jpg?fit=1360%2C931&ssl=1\",\"url\":\"https:\\\/\\\/i0.wp.com\\\/blogdoprosperi.com\\\/wp-content\\\/uploads\\\/2026\\\/05\\\/cropped-8059e613-6002-42fa-961e-8e275f575d71-2-5.jpg?fit=1360%2C931&ssl=1\",\"contentUrl\":\"https:\\\/\\\/i0.wp.com\\\/blogdoprosperi.com\\\/wp-content\\\/uploads\\\/2026\\\/05\\\/cropped-8059e613-6002-42fa-961e-8e275f575d71-2-5.jpg?fit=1360%2C931&ssl=1\",\"width\":1360,\"height\":931,\"caption\":\"Luiz Ant\u00f4nio Pr\u00f3speri\"},\"logo\":{\"@id\":\"https:\\\/\\\/i0.wp.com\\\/blogdoprosperi.com\\\/wp-content\\\/uploads\\\/2026\\\/05\\\/cropped-8059e613-6002-42fa-961e-8e275f575d71-2-5.jpg?fit=1360%2C931&ssl=1\"},\"description\":\"Jornalista com carreira dedicada ao esporte. Cobriu 9 Copas do Mundo in loco, 1990 na It\u00e1lia, 1994 nos EUA, 1998 na Fran\u00e7a, 2002 na Coreia do Sul e Jap\u00e3o, 2006 na Alemanha, 2010 na \u00c1frica do Sul, 2014 no Brasil, 2018 na R\u00fassia e 2022 no Qatar. Eurocopas, 1992 na Su\u00e9cia e 1996 na Inglaterra. Copa das Confedera\u00e7\u00f5es de 2005 na Alemanha e 2009 na \u00c1frica do Sul. Rep\u00f3rter e Editor, trabalhou no Jornal da Tarde e Estad\u00e3o, de 1984 a fevereiro de 2016. Colunista, blogueiro. E comentarista de futebol na R\u00e1dio Estad\u00e3o, de 2013 a fevereiro de 2016. Jornalista respons\u00e1vel do \\\"Pr\u00f3speri News\\\" (blogdoprosperi.com).\",\"sameAs\":[\"http:\\\/\\\/blogdoprosperi.com\",\"Luiz Pr\u00f3speri\",\"@luiz_prosperi\",\"https:\\\/\\\/x.com\\\/Luizprosperi\",\"@prosperinacopa\",\"luiz.prosperi@icloud.com\"],\"url\":\"https:\\\/\\\/blogdoprosperi.com\\\/?author=102107496\"}]}<\/script>\n<!-- \/ Yoast SEO plugin. -->","yoast_head_json":{"title":"Por Jesus, Messi e Mbapp\u00e9 em Nova York - PR\u00d3SPERI NEWS","robots":{"index":"index","follow":"follow","max-snippet":"max-snippet:-1","max-image-preview":"max-image-preview:large","max-video-preview":"max-video-preview:-1"},"canonical":"https:\/\/blogdoprosperi.com\/?p=59401","og_locale":"pt_BR","og_type":"article","og_title":"Por Jesus, Messi e Mbapp\u00e9 em Nova York - PR\u00d3SPERI NEWS","og_description":"Luiz Ant\u00f4nio Pr\u00f3speri, de Nova York, 12 junho 2026 (21h50)\u00a0 A Copa do Mundo 2026 come\u00e7ou. Em car\u00e1ter [&hellip;]","og_url":"https:\/\/blogdoprosperi.com\/?p=59401","og_site_name":"PR\u00d3SPERI NEWS","article_publisher":"Luiz Pr\u00f3speri","article_author":"Luiz Pr\u00f3speri","article_published_time":"2026-06-13T02:10:44+00:00","og_image":[{"width":1024,"height":880,"url":"https:\/\/blogdoprosperi.com\/wp-content\/uploads\/2026\/06\/Captura-de-Tela-2026-06-12-as-22.02.47-1024x880.png","type":"image\/png"}],"author":"Luiz Ant\u00f4nio Pr\u00f3speri","twitter_card":"summary_large_image","twitter_creator":"@Luizprosperi","twitter_site":"@Luizprosperi","twitter_misc":{"Escrito por":"Luiz Ant\u00f4nio Pr\u00f3speri","Est. tempo de leitura":"3 minutos"},"schema":{"@context":"https:\/\/schema.org","@graph":[{"@type":"Article","@id":"https:\/\/blogdoprosperi.com\/?p=59401#article","isPartOf":{"@id":"https:\/\/blogdoprosperi.com\/?p=59401"},"author":{"name":"Luiz Ant\u00f4nio Pr\u00f3speri","@id":"https:\/\/blogdoprosperi.com\/#\/schema\/person\/38100755ce3601861ee4fab9b5aa78e9"},"headline":"Por Jesus, Messi e Mbapp\u00e9 em Nova York","datePublished":"2026-06-13T02:10:44+00:00","mainEntityOfPage":{"@id":"https:\/\/blogdoprosperi.com\/?p=59401"},"wordCount":647,"commentCount":0,"publisher":{"@id":"https:\/\/blogdoprosperi.com\/#\/schema\/person\/38100755ce3601861ee4fab9b5aa78e9"},"image":{"@id":"https:\/\/blogdoprosperi.com\/?p=59401#primaryimage"},"thumbnailUrl":"https:\/\/i0.wp.com\/blogdoprosperi.com\/wp-content\/uploads\/2026\/06\/Captura-de-Tela-2026-06-12-as-22.02.47.png?fit=1206%2C1036&ssl=1","keywords":["Copa2026","Fifa","newyork","novayork","nykinicks"],"articleSection":["copa 2026","Fifa","futebol"],"inLanguage":"pt-BR","potentialAction":[{"@type":"CommentAction","name":"Comment","target":["https:\/\/blogdoprosperi.com\/?p=59401#respond"]}]},{"@type":"WebPage","@id":"https:\/\/blogdoprosperi.com\/?p=59401","url":"https:\/\/blogdoprosperi.com\/?p=59401","name":"Por Jesus, Messi e Mbapp\u00e9 em Nova York - PR\u00d3SPERI NEWS","isPartOf":{"@id":"https:\/\/blogdoprosperi.com\/#website"},"primaryImageOfPage":{"@id":"https:\/\/blogdoprosperi.com\/?p=59401#primaryimage"},"image":{"@id":"https:\/\/blogdoprosperi.com\/?p=59401#primaryimage"},"thumbnailUrl":"https:\/\/i0.wp.com\/blogdoprosperi.com\/wp-content\/uploads\/2026\/06\/Captura-de-Tela-2026-06-12-as-22.02.47.png?fit=1206%2C1036&ssl=1","datePublished":"2026-06-13T02:10:44+00:00","breadcrumb":{"@id":"https:\/\/blogdoprosperi.com\/?p=59401#breadcrumb"},"inLanguage":"pt-BR","potentialAction":[{"@type":"ReadAction","target":["https:\/\/blogdoprosperi.com\/?p=59401"]}]},{"@type":"ImageObject","inLanguage":"pt-BR","@id":"https:\/\/blogdoprosperi.com\/?p=59401#primaryimage","url":"https:\/\/i0.wp.com\/blogdoprosperi.com\/wp-content\/uploads\/2026\/06\/Captura-de-Tela-2026-06-12-as-22.02.47.png?fit=1206%2C1036&ssl=1","contentUrl":"https:\/\/i0.wp.com\/blogdoprosperi.com\/wp-content\/uploads\/2026\/06\/Captura-de-Tela-2026-06-12-as-22.02.47.png?fit=1206%2C1036&ssl=1","width":1206,"height":1036},{"@type":"BreadcrumbList","@id":"https:\/\/blogdoprosperi.com\/?p=59401#breadcrumb","itemListElement":[{"@type":"ListItem","position":1,"name":"In\u00edcio","item":"https:\/\/blogdoprosperi.com\/"},{"@type":"ListItem","position":2,"name":"Por Jesus, Messi e Mbapp\u00e9 em Nova York"}]},{"@type":"WebSite","@id":"https:\/\/blogdoprosperi.com\/#website","url":"https:\/\/blogdoprosperi.com\/","name":"PR\u00d3SPERI NEWS","description":"TUDO \u00c9  FUTEBOL","publisher":{"@id":"https:\/\/blogdoprosperi.com\/#\/schema\/person\/38100755ce3601861ee4fab9b5aa78e9"},"alternateName":"blogdoprosperi.com","potentialAction":[{"@type":"SearchAction","target":{"@type":"EntryPoint","urlTemplate":"https:\/\/blogdoprosperi.com\/?s={search_term_string}"},"query-input":{"@type":"PropertyValueSpecification","valueRequired":true,"valueName":"search_term_string"}}],"inLanguage":"pt-BR"},{"@type":["Person","Organization"],"@id":"https:\/\/blogdoprosperi.com\/#\/schema\/person\/38100755ce3601861ee4fab9b5aa78e9","name":"Luiz Ant\u00f4nio Pr\u00f3speri","pronouns":"ele","image":{"@type":"ImageObject","inLanguage":"pt-BR","@id":"https:\/\/i0.wp.com\/blogdoprosperi.com\/wp-content\/uploads\/2026\/05\/cropped-8059e613-6002-42fa-961e-8e275f575d71-2-5.jpg?fit=1360%2C931&ssl=1","url":"https:\/\/i0.wp.com\/blogdoprosperi.com\/wp-content\/uploads\/2026\/05\/cropped-8059e613-6002-42fa-961e-8e275f575d71-2-5.jpg?fit=1360%2C931&ssl=1","contentUrl":"https:\/\/i0.wp.com\/blogdoprosperi.com\/wp-content\/uploads\/2026\/05\/cropped-8059e613-6002-42fa-961e-8e275f575d71-2-5.jpg?fit=1360%2C931&ssl=1","width":1360,"height":931,"caption":"Luiz Ant\u00f4nio Pr\u00f3speri"},"logo":{"@id":"https:\/\/i0.wp.com\/blogdoprosperi.com\/wp-content\/uploads\/2026\/05\/cropped-8059e613-6002-42fa-961e-8e275f575d71-2-5.jpg?fit=1360%2C931&ssl=1"},"description":"Jornalista com carreira dedicada ao esporte. Cobriu 9 Copas do Mundo in loco, 1990 na It\u00e1lia, 1994 nos EUA, 1998 na Fran\u00e7a, 2002 na Coreia do Sul e Jap\u00e3o, 2006 na Alemanha, 2010 na \u00c1frica do Sul, 2014 no Brasil, 2018 na R\u00fassia e 2022 no Qatar. Eurocopas, 1992 na Su\u00e9cia e 1996 na Inglaterra. Copa das Confedera\u00e7\u00f5es de 2005 na Alemanha e 2009 na \u00c1frica do Sul. Rep\u00f3rter e Editor, trabalhou no Jornal da Tarde e Estad\u00e3o, de 1984 a fevereiro de 2016. Colunista, blogueiro. E comentarista de futebol na R\u00e1dio Estad\u00e3o, de 2013 a fevereiro de 2016. Jornalista respons\u00e1vel do \"Pr\u00f3speri News\" (blogdoprosperi.com).","sameAs":["http:\/\/blogdoprosperi.com","Luiz Pr\u00f3speri","@luiz_prosperi","https:\/\/x.com\/Luizprosperi","@prosperinacopa","luiz.prosperi@icloud.com"],"url":"https:\/\/blogdoprosperi.com\/?author=102107496"}]}},"jetpack_publicize_connections":[],"jetpack_likes_enabled":false,"jetpack_sharing_enabled":true,"jetpack_shortlink":"https:\/\/wp.me\/p7jvdk-fs5","jetpack-related-posts":[{"id":47632,"url":"https:\/\/blogdoprosperi.com\/?p=47632","url_meta":{"origin":59401,"position":0},"title":"Faltam 500 Dias Para Copa do Mundo 2026 nos EUA | Trump Vai Facilitar Visto de Entrada dos Torcedores?","author":"Luiz Ant\u00f4nio Pr\u00f3speri","date":"27 de janeiro de 2025","format":false,"excerpt":"Luiz Ant\u00f4nio Pr\u00f3speri \u2013 27 janeiro (18h40) \u2013 Faltam 500 dias para a Copa do Mundo 2026. Estados Unidos, M\u00e9xico e Canad\u00e1 receber\u00e3o 104 jogos \u00a0do torneio \u2013 a maioria ser\u00e1 disputada em territ\u00f3rio dos EUA. Fifa convida os torcedores a embarcarem aos tr\u00eas pa\u00edses no per\u00edodo da Copa para\u2026","rel":"","context":"Em &quot;futebol&quot;","block_context":{"text":"futebol","link":"https:\/\/blogdoprosperi.com\/?cat=53870"},"img":{"alt_text":"Copa do Mundo 2026: Faltam 500 dias","src":"https:\/\/i0.wp.com\/blogdoprosperi.com\/wp-content\/uploads\/2025\/01\/unnamed.jpg?fit=560%2C315&ssl=1&resize=350%2C200","width":350,"height":200,"srcset":"https:\/\/i0.wp.com\/blogdoprosperi.com\/wp-content\/uploads\/2025\/01\/unnamed.jpg?fit=560%2C315&ssl=1&resize=350%2C200 1x, https:\/\/i0.wp.com\/blogdoprosperi.com\/wp-content\/uploads\/2025\/01\/unnamed.jpg?fit=560%2C315&ssl=1&resize=525%2C300 1.5x"},"classes":[]},{"id":58669,"url":"https:\/\/blogdoprosperi.com\/?p=58669","url_meta":{"origin":59401,"position":1},"title":"Uma Copa do Mundo 2026 que n\u00e3o explore os torcedores? Algumas cidades est\u00e3o mostrando que \u00e9 poss\u00edvel","author":"Luiz Ant\u00f4nio Pr\u00f3speri","date":"27 de maio de 2026","format":false,"excerpt":"Filad\u00e9lfia, Kansas City e Atlanta est\u00e3o entre as cidades-sede que demonstram que a pr\u00e1tica de pre\u00e7os abusivos no torneio deste ver\u00e3o \u00e9, em \u00faltima an\u00e1lise, uma escolha Leander Schaerlaeckens, The Guardian, 26 maio 2026 (15h35) Filad\u00e9lfia vislumbrou uma oportunidade. Uma chance de consolidar sua crescente reputa\u00e7\u00e3o como uma das grandes\u2026","rel":"","context":"Em &quot;copa 2026&quot;","block_context":{"text":"copa 2026","link":"https:\/\/blogdoprosperi.com\/?cat=36820279"},"img":{"alt_text":"","src":"https:\/\/i0.wp.com\/blogdoprosperi.com\/wp-content\/uploads\/2026\/05\/Depositphotos_116286528_L.webp?fit=1024%2C684&ssl=1&resize=350%2C200","width":350,"height":200,"srcset":"https:\/\/i0.wp.com\/blogdoprosperi.com\/wp-content\/uploads\/2026\/05\/Depositphotos_116286528_L.webp?fit=1024%2C684&ssl=1&resize=350%2C200 1x, https:\/\/i0.wp.com\/blogdoprosperi.com\/wp-content\/uploads\/2026\/05\/Depositphotos_116286528_L.webp?fit=1024%2C684&ssl=1&resize=525%2C300 1.5x, https:\/\/i0.wp.com\/blogdoprosperi.com\/wp-content\/uploads\/2026\/05\/Depositphotos_116286528_L.webp?fit=1024%2C684&ssl=1&resize=700%2C400 2x"},"classes":[]},{"id":58966,"url":"https:\/\/blogdoprosperi.com\/?p=58966","url_meta":{"origin":59401,"position":2},"title":"Nova York e Nova Jersey intimam a Fifa por suposta manipula\u00e7\u00e3o na venda de ingressos para a Copa 2026","author":"Luiz Ant\u00f4nio Pr\u00f3speri","date":"28 de maio de 2026","format":false,"excerpt":"Investiga\u00e7\u00e3o conjunta conduzida pelos procuradores de Nova York e Nova Jersey Intima\u00e7\u00e3o busca informa\u00e7\u00f5es sobre as pr\u00e1ticas de venda de ingressos da Fifa Investiga\u00e7\u00e3o centra-se nos jogos realizados no MetLife Stadium Alexandre Abnos, The Guardian, 28 maio 2026 (17h07) \u2013 Os procuradores-gerais de Nova York e Nova Jersey iniciaram uma\u2026","rel":"","context":"Em &quot;copa 2026&quot;","block_context":{"text":"copa 2026","link":"https:\/\/blogdoprosperi.com\/?cat=36820279"},"img":{"alt_text":"","src":"https:\/\/i0.wp.com\/blogdoprosperi.com\/wp-content\/uploads\/2026\/05\/Captura-de-Tela-2026-05-28-as-17.17.18.png?fit=1200%2C627&ssl=1&resize=350%2C200","width":350,"height":200,"srcset":"https:\/\/i0.wp.com\/blogdoprosperi.com\/wp-content\/uploads\/2026\/05\/Captura-de-Tela-2026-05-28-as-17.17.18.png?fit=1200%2C627&ssl=1&resize=350%2C200 1x, https:\/\/i0.wp.com\/blogdoprosperi.com\/wp-content\/uploads\/2026\/05\/Captura-de-Tela-2026-05-28-as-17.17.18.png?fit=1200%2C627&ssl=1&resize=525%2C300 1.5x, https:\/\/i0.wp.com\/blogdoprosperi.com\/wp-content\/uploads\/2026\/05\/Captura-de-Tela-2026-05-28-as-17.17.18.png?fit=1200%2C627&ssl=1&resize=700%2C400 2x, https:\/\/i0.wp.com\/blogdoprosperi.com\/wp-content\/uploads\/2026\/05\/Captura-de-Tela-2026-05-28-as-17.17.18.png?fit=1200%2C627&ssl=1&resize=1050%2C600 3x"},"classes":[]},{"id":60744,"url":"https:\/\/blogdoprosperi.com\/?p=60744","url_meta":{"origin":59401,"position":3},"title":"Como a FIFA construiu uma Copa do Mundo de 10 bilh\u00f5es de d\u00f3lares: &#8216;Um megaevento global sem paralelo&#8217;","author":"Luiz Ant\u00f4nio Pr\u00f3speri","date":"18 de julho de 2026","format":false,"excerpt":"Philip Buckingham, New York Times \/ The Athletic \u2013 18 julho 2026 A FIFA adotou um tom triunfante em seus relat\u00f3rios financeiros de 2022... e com raz\u00e3o. Quase US$ 5,8 bilh\u00f5es (equivalente a R$ 31,9 bilh\u00f5es na cota\u00e7\u00e3o atual) foram arrecadados em um ano que terminou com a Copa do\u2026","rel":"","context":"Em &quot;copa 2026&quot;","block_context":{"text":"copa 2026","link":"https:\/\/blogdoprosperi.com\/?cat=36820279"},"img":{"alt_text":"","src":"https:\/\/i0.wp.com\/blogdoprosperi.com\/wp-content\/uploads\/2026\/07\/57575.webp?fit=1200%2C655&ssl=1&resize=350%2C200","width":350,"height":200,"srcset":"https:\/\/i0.wp.com\/blogdoprosperi.com\/wp-content\/uploads\/2026\/07\/57575.webp?fit=1200%2C655&ssl=1&resize=350%2C200 1x, https:\/\/i0.wp.com\/blogdoprosperi.com\/wp-content\/uploads\/2026\/07\/57575.webp?fit=1200%2C655&ssl=1&resize=525%2C300 1.5x, https:\/\/i0.wp.com\/blogdoprosperi.com\/wp-content\/uploads\/2026\/07\/57575.webp?fit=1200%2C655&ssl=1&resize=700%2C400 2x, https:\/\/i0.wp.com\/blogdoprosperi.com\/wp-content\/uploads\/2026\/07\/57575.webp?fit=1200%2C655&ssl=1&resize=1050%2C600 3x"},"classes":[]},{"id":55904,"url":"https:\/\/blogdoprosperi.com\/?p=55904","url_meta":{"origin":59401,"position":4},"title":"An\u00e1lise dos Advers\u00e1rios do Brasil na Copa 2026 | Marrocos, Haiti e Esc\u00f3cia","author":"Luiz Ant\u00f4nio Pr\u00f3speri","date":"5 de dezembro de 2025","format":false,"excerpt":"Luiz Ant\u00f4nio Pr\u00f3speri \u2013 5 dezembro 2025 (16h05) \u2013 Brasil cai no Grupo C e ter\u00e1 pela frente Marrocos, Haiti e Esc\u00f3cia. As sedes do Grupo do C ficam na Costa Leste dos Estados Unidos com jogos em Boston, Atlanta, Filad\u00e9lfia, Nova York e Miami. Tabela com locais e hor\u00e1rios\u2026","rel":"","context":"Em &quot;copa do mundo 2026&quot;","block_context":{"text":"copa do mundo 2026","link":"https:\/\/blogdoprosperi.com\/?cat=115102077"},"img":{"alt_text":"","src":"https:\/\/i0.wp.com\/blogdoprosperi.com\/wp-content\/uploads\/2025\/12\/g7bwkeqxoaal9ed.jpeg?fit=720%2C900&ssl=1&resize=350%2C200","width":350,"height":200,"srcset":"https:\/\/i0.wp.com\/blogdoprosperi.com\/wp-content\/uploads\/2025\/12\/g7bwkeqxoaal9ed.jpeg?fit=720%2C900&ssl=1&resize=350%2C200 1x, https:\/\/i0.wp.com\/blogdoprosperi.com\/wp-content\/uploads\/2025\/12\/g7bwkeqxoaal9ed.jpeg?fit=720%2C900&ssl=1&resize=525%2C300 1.5x, https:\/\/i0.wp.com\/blogdoprosperi.com\/wp-content\/uploads\/2025\/12\/g7bwkeqxoaal9ed.jpeg?fit=720%2C900&ssl=1&resize=700%2C400 2x"},"classes":[]},{"id":46932,"url":"https:\/\/blogdoprosperi.com\/?p=46932","url_meta":{"origin":59401,"position":5},"title":"Copa do Mundo da Ar\u00e1bia Saudita  | Como ser\u00e1 o torneio de 2034","author":"Luiz Ant\u00f4nio Pr\u00f3speri","date":"12 de dezembro de 2024","format":false,"excerpt":"Nick Ames \u2013 The Guardian \u2013 12 dezembro (11h30) \u2013 O relat\u00f3rio de avalia\u00e7\u00e3o de propostas da Fifa n\u00e3o deixou d\u00favidas: a Ar\u00e1bia Saudita montou o pacote mais convincente e com maior pontua\u00e7\u00e3o de todos os tempos. Surpreendentemente, o fato de 11 dos 15 est\u00e1dios ainda n\u00e3o terem sido constru\u00eddos\u00a0forneceu\u2026","rel":"","context":"Em &quot;futebol&quot;","block_context":{"text":"futebol","link":"https:\/\/blogdoprosperi.com\/?cat=53870"},"img":{"alt_text":"","src":"https:\/\/i0.wp.com\/blogdoprosperi.com\/wp-content\/uploads\/2024\/12\/captura-de-tela-2024-12-12-as-11.42.23.png?fit=1200%2C678&ssl=1&resize=350%2C200","width":350,"height":200,"srcset":"https:\/\/i0.wp.com\/blogdoprosperi.com\/wp-content\/uploads\/2024\/12\/captura-de-tela-2024-12-12-as-11.42.23.png?fit=1200%2C678&ssl=1&resize=350%2C200 1x, https:\/\/i0.wp.com\/blogdoprosperi.com\/wp-content\/uploads\/2024\/12\/captura-de-tela-2024-12-12-as-11.42.23.png?fit=1200%2C678&ssl=1&resize=525%2C300 1.5x, https:\/\/i0.wp.com\/blogdoprosperi.com\/wp-content\/uploads\/2024\/12\/captura-de-tela-2024-12-12-as-11.42.23.png?fit=1200%2C678&ssl=1&resize=700%2C400 2x, https:\/\/i0.wp.com\/blogdoprosperi.com\/wp-content\/uploads\/2024\/12\/captura-de-tela-2024-12-12-as-11.42.23.png?fit=1200%2C678&ssl=1&resize=1050%2C600 3x"},"classes":[]}],"jetpack_featured_media_url":"https:\/\/i0.wp.com\/blogdoprosperi.com\/wp-content\/uploads\/2026\/06\/Captura-de-Tela-2026-06-12-as-22.02.47.png?fit=1206%2C1036&ssl=1","_links":{"self":[{"href":"https:\/\/blogdoprosperi.com\/index.php?rest_route=\/wp\/v2\/posts\/59401","targetHints":{"allow":["GET"]}}],"collection":[{"href":"https:\/\/blogdoprosperi.com\/index.php?rest_route=\/wp\/v2\/posts"}],"about":[{"href":"https:\/\/blogdoprosperi.com\/index.php?rest_route=\/wp\/v2\/types\/post"}],"author":[{"embeddable":true,"href":"https:\/\/blogdoprosperi.com\/index.php?rest_route=\/wp\/v2\/users\/102107496"}],"replies":[{"embeddable":true,"href":"https:\/\/blogdoprosperi.com\/index.php?rest_route=%2Fwp%2Fv2%2Fcomments&post=59401"}],"version-history":[{"count":10,"href":"https:\/\/blogdoprosperi.com\/index.php?rest_route=\/wp\/v2\/posts\/59401\/revisions"}],"predecessor-version":[{"id":59415,"href":"https:\/\/blogdoprosperi.com\/index.php?rest_route=\/wp\/v2\/posts\/59401\/revisions\/59415"}],"wp:featuredmedia":[{"embeddable":true,"href":"https:\/\/blogdoprosperi.com\/index.php?rest_route=\/wp\/v2\/media\/59414"}],"wp:attachment":[{"href":"https:\/\/blogdoprosperi.com\/index.php?rest_route=%2Fwp%2Fv2%2Fmedia&parent=59401"}],"wp:term":[{"taxonomy":"category","embeddable":true,"href":"https:\/\/blogdoprosperi.com\/index.php?rest_route=%2Fwp%2Fv2%2Fcategories&post=59401"},{"taxonomy":"post_tag","embeddable":true,"href":"https:\/\/blogdoprosperi.com\/index.php?rest_route=%2Fwp%2Fv2%2Ftags&post=59401"}],"curies":[{"name":"wp","href":"https:\/\/api.w.org\/{rel}","templated":true}]}}