{"id":59428,"date":"2026-06-14T16:09:08","date_gmt":"2026-06-14T19:09:08","guid":{"rendered":"https:\/\/blogdoprosperi.com\/?p=59428"},"modified":"2026-06-14T23:10:11","modified_gmt":"2026-06-15T02:10:11","slug":"copa-out-uma-familia-alema-em-mais-um-7-a-1-deles","status":"publish","type":"post","link":"https:\/\/blogdoprosperi.com\/?p=59428","title":{"rendered":"Copa Out | A curiosa comemora\u00e7\u00e3o da Fam\u00edlia Alem\u00e3 em mais um 7 a 1"},"content":{"rendered":"<p><em>Luiz Ant\u00f4nio Pr\u00f3speri, de New Jersey, 14 junho 2026<\/em><\/p>\n<p>No sagu\u00e3o de um buc\u00f3lico hotel em Morris Plains, a dez minutos do Centro de Treinamentos da Sele\u00e7\u00e3o Brasileira, regi\u00e3o de New Jersey, a fam\u00edlia alem\u00e3 toma conta de uma mesa. Est\u00e3o ali a av\u00f3, um casal pai e m\u00e3e quase idosos, a filha e o marido, 30 anos n\u00e3o mais, o filhinho, 10 anos n\u00e3o mais. Nos dois televisores led exibem a \u00faltima vers\u00e3o do filme Godzilla e um notici\u00e1rio chinfrim da regi\u00e3o deste condado. A filha pede para a funcion\u00e1ria da recep\u00e7\u00e3o trocar de canal e sintonizar no jogo Alemanha x Cura\u00e7ao. Quando a funcion\u00e1ria coloca no canal, o jogo j\u00e1 corria em 25 minutos e o placar apontava Alemanha 1 x 1 Cura\u00e7ao. A fam\u00edlia alem\u00e3 n\u00e3o move um m\u00fasculo da face a expor incredulidade com o resultado at\u00e9 ent\u00e3o surpreendente.<\/p>\n<p>Av\u00f3 tricota um casaquinho de l\u00e3. O pai co\u00e7a os p\u00e9s da m\u00e3e. A filha puxa um assunto sem muita empolga\u00e7\u00e3o. Menino veste uma camisa falsa de Portugal tendo as costas o nome Cristiano Ronaldo. Garoto devora batatas Pringles. A mesa da fam\u00edlia tem pelo menos cinco latinhas de Coca-Cola. O jogo corre. Alemanha vive o drama de um surpreendente empate com Cura\u00e7ao. A fam\u00edlia mal olha para a televis\u00e3o. De repente, p\u00eanalti para Alemanha. N\u00e3o se ouve nem um &#8220;oh!&#8221; de alegria deles. Havetz bate. Alemanha 2 a 1. N\u00e3o se ouve um grito de gol da fam\u00edlia. Nem um sussurro. Continuam na sua prosa e av\u00f3 tricotando. Nem o menino estica o pesco\u00e7o para ver o gol de Havertz. Engole as Pringles e pede ao pai para ir \u00e0 piscina do hotel.<\/p>\n<p>Vem o segundo tempo e, menos de cinco minutos, gol da Alemanha, 3 a 1, gol da Alemanha, 4 a 1. A fam\u00edlia alem\u00e3 continua no seu mundo. Prosa e prosa. Mais um gol da Alemanha 5 a 1. Pouco tempo depois, gol da Alemanha 6 a 1, aos 33 minutos. Nenhum dos alem\u00e3es vibra \u00e0 saraivada de gols. O 7 a 1, que n\u00f3s conhecemos t\u00e3o bem, se avizinha. A fam\u00edlia continua na prosa. Coca-Colas sorvidas. Av\u00f3 tricotando.<\/p>\n<p>Antes do fim de jogo, que acabaria com um novo 7 a 1 da Alemanha, a fam\u00edlia se levanta da mesa. Recolhem as latinhas de Coca. Av\u00f3 guarda o tric\u00f4 na bolsa. Todos eles deixam o sagu\u00e3o como se nada tivesse acontecido \u00e0 sele\u00e7\u00e3o de seu pa\u00eds no jogo de estreia da Copa do Mundo 2026. Copa out. Esses alem\u00e3es.<\/p>\n","protected":false},"excerpt":{"rendered":"<p>Luiz Ant\u00f4nio Pr\u00f3speri, de New Jersey, 14 junho 2026 No sagu\u00e3o de um buc\u00f3lico hotel em Morris Plains, [&hellip;]<\/p>\n","protected":false},"author":102107496,"featured_media":59438,"comment_status":"open","ping_status":"open","sticky":false,"template":"","format":"standard","meta":{"_coblocks_attr":"","_coblocks_dimensions":"","_coblocks_responsive_height":"","_coblocks_accordion_ie_support":"","_jetpack_newsletter_access":"","_jetpack_dont_email_post_to_subs":false,"_jetpack_newsletter_tier_id":0,"_jetpack_memberships_contains_paywalled_content":false,"_wpcom_ai_launchpad_first_post":false,"_jetpack_feature_clip_id":0,"_jetpack_memberships_contains_paid_content":false,"footnotes":"","jetpack_publicize_message":"","jetpack_publicize_feature_enabled":true,"jetpack_social_post_already_shared":true,"jetpack_social_options":{"image_generator_settings":{"template":"highway","default_image_id":0,"font":"","enabled":false},"version":2},"jetpack_post_was_ever_published":false},"categories":[36820279,53870],"tags":[180679,569949222],"class_list":["post-59428","post","type-post","status-publish","format-standard","has-post-thumbnail","hentry","category-copa-2026","category-futebol","tag-alemanha","tag-copa2026"],"yoast_head":"<!-- This site is optimized with the Yoast SEO plugin v28.3 - https:\/\/yoast.com\/product\/yoast-seo-wordpress\/ -->\n<title>Copa Out | A curiosa comemora\u00e7\u00e3o da Fam\u00edlia Alem\u00e3 em mais um 7 a 1 - PR\u00d3SPERI NEWS<\/title>\n<meta name=\"robots\" content=\"index, follow, max-snippet:-1, max-image-preview:large, max-video-preview:-1\" \/>\n<link rel=\"canonical\" href=\"https:\/\/blogdoprosperi.com\/?p=59428\" \/>\n<meta property=\"og:locale\" content=\"pt_BR\" \/>\n<meta property=\"og:type\" content=\"article\" \/>\n<meta property=\"og:title\" content=\"Copa Out | A curiosa comemora\u00e7\u00e3o da Fam\u00edlia Alem\u00e3 em mais um 7 a 1 - PR\u00d3SPERI NEWS\" \/>\n<meta property=\"og:description\" content=\"Luiz Ant\u00f4nio Pr\u00f3speri, de New Jersey, 14 junho 2026 No sagu\u00e3o de um buc\u00f3lico hotel em Morris Plains, [&hellip;]\" \/>\n<meta property=\"og:url\" content=\"https:\/\/blogdoprosperi.com\/?p=59428\" \/>\n<meta property=\"og:site_name\" content=\"PR\u00d3SPERI NEWS\" \/>\n<meta property=\"article:publisher\" content=\"Luiz Pr\u00f3speri\" \/>\n<meta property=\"article:author\" content=\"Luiz Pr\u00f3speri\" \/>\n<meta property=\"article:published_time\" content=\"2026-06-14T19:09:08+00:00\" \/>\n<meta property=\"article:modified_time\" content=\"2026-06-15T02:10:11+00:00\" \/>\n<meta property=\"og:image\" content=\"https:\/\/i0.wp.com\/blogdoprosperi.com\/wp-content\/uploads\/2026\/06\/Captura-de-Tela-2026-06-14-as-14.58.51.png?fit=1236%2C910&ssl=1\" \/>\n\t<meta property=\"og:image:width\" content=\"1236\" \/>\n\t<meta property=\"og:image:height\" content=\"910\" \/>\n\t<meta property=\"og:image:type\" content=\"image\/png\" \/>\n<meta name=\"author\" content=\"Luiz Ant\u00f4nio Pr\u00f3speri\" \/>\n<meta name=\"twitter:card\" content=\"summary_large_image\" \/>\n<meta name=\"twitter:creator\" content=\"@Luizprosperi\" \/>\n<meta name=\"twitter:site\" content=\"@Luizprosperi\" \/>\n<meta name=\"twitter:label1\" content=\"Escrito por\" \/>\n\t<meta name=\"twitter:data1\" content=\"Luiz Ant\u00f4nio Pr\u00f3speri\" \/>\n\t<meta name=\"twitter:label2\" content=\"Est. tempo de leitura\" \/>\n\t<meta name=\"twitter:data2\" content=\"2 minutos\" \/>\n<script type=\"application\/ld+json\" class=\"yoast-schema-graph\">{\"@context\":\"https:\\\/\\\/schema.org\",\"@graph\":[{\"@type\":\"Article\",\"@id\":\"https:\\\/\\\/blogdoprosperi.com\\\/?p=59428#article\",\"isPartOf\":{\"@id\":\"https:\\\/\\\/blogdoprosperi.com\\\/?p=59428\"},\"author\":{\"name\":\"Luiz Ant\u00f4nio Pr\u00f3speri\",\"@id\":\"https:\\\/\\\/blogdoprosperi.com\\\/#\\\/schema\\\/person\\\/38100755ce3601861ee4fab9b5aa78e9\"},\"headline\":\"Copa Out | A curiosa comemora\u00e7\u00e3o da Fam\u00edlia Alem\u00e3 em mais um 7 a 1\",\"datePublished\":\"2026-06-14T19:09:08+00:00\",\"dateModified\":\"2026-06-15T02:10:11+00:00\",\"mainEntityOfPage\":{\"@id\":\"https:\\\/\\\/blogdoprosperi.com\\\/?p=59428\"},\"wordCount\":450,\"commentCount\":0,\"publisher\":{\"@id\":\"https:\\\/\\\/blogdoprosperi.com\\\/#\\\/schema\\\/person\\\/38100755ce3601861ee4fab9b5aa78e9\"},\"image\":{\"@id\":\"https:\\\/\\\/blogdoprosperi.com\\\/?p=59428#primaryimage\"},\"thumbnailUrl\":\"https:\\\/\\\/i0.wp.com\\\/blogdoprosperi.com\\\/wp-content\\\/uploads\\\/2026\\\/06\\\/Captura-de-Tela-2026-06-14-as-14.58.51.png?fit=1236%2C910&ssl=1\",\"keywords\":[\"Alemanha\",\"Copa2026\"],\"articleSection\":[\"copa 2026\",\"futebol\"],\"inLanguage\":\"pt-BR\",\"potentialAction\":[{\"@type\":\"CommentAction\",\"name\":\"Comment\",\"target\":[\"https:\\\/\\\/blogdoprosperi.com\\\/?p=59428#respond\"]}]},{\"@type\":\"WebPage\",\"@id\":\"https:\\\/\\\/blogdoprosperi.com\\\/?p=59428\",\"url\":\"https:\\\/\\\/blogdoprosperi.com\\\/?p=59428\",\"name\":\"Copa Out | A curiosa comemora\u00e7\u00e3o da Fam\u00edlia Alem\u00e3 em mais um 7 a 1 - PR\u00d3SPERI NEWS\",\"isPartOf\":{\"@id\":\"https:\\\/\\\/blogdoprosperi.com\\\/#website\"},\"primaryImageOfPage\":{\"@id\":\"https:\\\/\\\/blogdoprosperi.com\\\/?p=59428#primaryimage\"},\"image\":{\"@id\":\"https:\\\/\\\/blogdoprosperi.com\\\/?p=59428#primaryimage\"},\"thumbnailUrl\":\"https:\\\/\\\/i0.wp.com\\\/blogdoprosperi.com\\\/wp-content\\\/uploads\\\/2026\\\/06\\\/Captura-de-Tela-2026-06-14-as-14.58.51.png?fit=1236%2C910&ssl=1\",\"datePublished\":\"2026-06-14T19:09:08+00:00\",\"dateModified\":\"2026-06-15T02:10:11+00:00\",\"breadcrumb\":{\"@id\":\"https:\\\/\\\/blogdoprosperi.com\\\/?p=59428#breadcrumb\"},\"inLanguage\":\"pt-BR\",\"potentialAction\":[{\"@type\":\"ReadAction\",\"target\":[\"https:\\\/\\\/blogdoprosperi.com\\\/?p=59428\"]}]},{\"@type\":\"ImageObject\",\"inLanguage\":\"pt-BR\",\"@id\":\"https:\\\/\\\/blogdoprosperi.com\\\/?p=59428#primaryimage\",\"url\":\"https:\\\/\\\/i0.wp.com\\\/blogdoprosperi.com\\\/wp-content\\\/uploads\\\/2026\\\/06\\\/Captura-de-Tela-2026-06-14-as-14.58.51.png?fit=1236%2C910&ssl=1\",\"contentUrl\":\"https:\\\/\\\/i0.wp.com\\\/blogdoprosperi.com\\\/wp-content\\\/uploads\\\/2026\\\/06\\\/Captura-de-Tela-2026-06-14-as-14.58.51.png?fit=1236%2C910&ssl=1\",\"width\":1236,\"height\":910,\"caption\":\"Brow celebra gol da Alemanha \u2013 foto: Fifa\"},{\"@type\":\"BreadcrumbList\",\"@id\":\"https:\\\/\\\/blogdoprosperi.com\\\/?p=59428#breadcrumb\",\"itemListElement\":[{\"@type\":\"ListItem\",\"position\":1,\"name\":\"In\u00edcio\",\"item\":\"https:\\\/\\\/blogdoprosperi.com\\\/\"},{\"@type\":\"ListItem\",\"position\":2,\"name\":\"Copa Out | A curiosa comemora\u00e7\u00e3o da Fam\u00edlia Alem\u00e3 em mais um 7 a 1\"}]},{\"@type\":\"WebSite\",\"@id\":\"https:\\\/\\\/blogdoprosperi.com\\\/#website\",\"url\":\"https:\\\/\\\/blogdoprosperi.com\\\/\",\"name\":\"PR\u00d3SPERI NEWS\",\"description\":\"TUDO \u00c9  FUTEBOL\",\"publisher\":{\"@id\":\"https:\\\/\\\/blogdoprosperi.com\\\/#\\\/schema\\\/person\\\/38100755ce3601861ee4fab9b5aa78e9\"},\"alternateName\":\"blogdoprosperi.com\",\"potentialAction\":[{\"@type\":\"SearchAction\",\"target\":{\"@type\":\"EntryPoint\",\"urlTemplate\":\"https:\\\/\\\/blogdoprosperi.com\\\/?s={search_term_string}\"},\"query-input\":{\"@type\":\"PropertyValueSpecification\",\"valueRequired\":true,\"valueName\":\"search_term_string\"}}],\"inLanguage\":\"pt-BR\"},{\"@type\":[\"Person\",\"Organization\"],\"@id\":\"https:\\\/\\\/blogdoprosperi.com\\\/#\\\/schema\\\/person\\\/38100755ce3601861ee4fab9b5aa78e9\",\"name\":\"Luiz Ant\u00f4nio Pr\u00f3speri\",\"pronouns\":\"ele\",\"image\":{\"@type\":\"ImageObject\",\"inLanguage\":\"pt-BR\",\"@id\":\"https:\\\/\\\/i0.wp.com\\\/blogdoprosperi.com\\\/wp-content\\\/uploads\\\/2026\\\/05\\\/cropped-8059e613-6002-42fa-961e-8e275f575d71-2-5.jpg?fit=1360%2C931&ssl=1\",\"url\":\"https:\\\/\\\/i0.wp.com\\\/blogdoprosperi.com\\\/wp-content\\\/uploads\\\/2026\\\/05\\\/cropped-8059e613-6002-42fa-961e-8e275f575d71-2-5.jpg?fit=1360%2C931&ssl=1\",\"contentUrl\":\"https:\\\/\\\/i0.wp.com\\\/blogdoprosperi.com\\\/wp-content\\\/uploads\\\/2026\\\/05\\\/cropped-8059e613-6002-42fa-961e-8e275f575d71-2-5.jpg?fit=1360%2C931&ssl=1\",\"width\":1360,\"height\":931,\"caption\":\"Luiz Ant\u00f4nio Pr\u00f3speri\"},\"logo\":{\"@id\":\"https:\\\/\\\/i0.wp.com\\\/blogdoprosperi.com\\\/wp-content\\\/uploads\\\/2026\\\/05\\\/cropped-8059e613-6002-42fa-961e-8e275f575d71-2-5.jpg?fit=1360%2C931&ssl=1\"},\"description\":\"Jornalista com carreira dedicada ao esporte. Cobriu 9 Copas do Mundo in loco, 1990 na It\u00e1lia, 1994 nos EUA, 1998 na Fran\u00e7a, 2002 na Coreia do Sul e Jap\u00e3o, 2006 na Alemanha, 2010 na \u00c1frica do Sul, 2014 no Brasil, 2018 na R\u00fassia e 2022 no Qatar. Eurocopas, 1992 na Su\u00e9cia e 1996 na Inglaterra. Copa das Confedera\u00e7\u00f5es de 2005 na Alemanha e 2009 na \u00c1frica do Sul. Rep\u00f3rter e Editor, trabalhou no Jornal da Tarde e Estad\u00e3o, de 1984 a fevereiro de 2016. Colunista, blogueiro. E comentarista de futebol na R\u00e1dio Estad\u00e3o, de 2013 a fevereiro de 2016. Jornalista respons\u00e1vel do \\\"Pr\u00f3speri News\\\" (blogdoprosperi.com).\",\"sameAs\":[\"http:\\\/\\\/blogdoprosperi.com\",\"Luiz Pr\u00f3speri\",\"@luiz_prosperi\",\"https:\\\/\\\/x.com\\\/Luizprosperi\",\"@prosperinacopa\",\"luiz.prosperi@icloud.com\"],\"url\":\"https:\\\/\\\/blogdoprosperi.com\\\/?author=102107496\"}]}<\/script>\n<!-- \/ Yoast SEO plugin. -->","yoast_head_json":{"title":"Copa Out | A curiosa comemora\u00e7\u00e3o da Fam\u00edlia Alem\u00e3 em mais um 7 a 1 - PR\u00d3SPERI NEWS","robots":{"index":"index","follow":"follow","max-snippet":"max-snippet:-1","max-image-preview":"max-image-preview:large","max-video-preview":"max-video-preview:-1"},"canonical":"https:\/\/blogdoprosperi.com\/?p=59428","og_locale":"pt_BR","og_type":"article","og_title":"Copa Out | A curiosa comemora\u00e7\u00e3o da Fam\u00edlia Alem\u00e3 em mais um 7 a 1 - PR\u00d3SPERI NEWS","og_description":"Luiz Ant\u00f4nio Pr\u00f3speri, de New Jersey, 14 junho 2026 No sagu\u00e3o de um buc\u00f3lico hotel em Morris Plains, [&hellip;]","og_url":"https:\/\/blogdoprosperi.com\/?p=59428","og_site_name":"PR\u00d3SPERI NEWS","article_publisher":"Luiz Pr\u00f3speri","article_author":"Luiz Pr\u00f3speri","article_published_time":"2026-06-14T19:09:08+00:00","article_modified_time":"2026-06-15T02:10:11+00:00","og_image":[{"width":1236,"height":910,"url":"https:\/\/i0.wp.com\/blogdoprosperi.com\/wp-content\/uploads\/2026\/06\/Captura-de-Tela-2026-06-14-as-14.58.51.png?fit=1236%2C910&ssl=1","type":"image\/png"}],"author":"Luiz Ant\u00f4nio Pr\u00f3speri","twitter_card":"summary_large_image","twitter_creator":"@Luizprosperi","twitter_site":"@Luizprosperi","twitter_misc":{"Escrito por":"Luiz Ant\u00f4nio Pr\u00f3speri","Est. tempo de leitura":"2 minutos"},"schema":{"@context":"https:\/\/schema.org","@graph":[{"@type":"Article","@id":"https:\/\/blogdoprosperi.com\/?p=59428#article","isPartOf":{"@id":"https:\/\/blogdoprosperi.com\/?p=59428"},"author":{"name":"Luiz Ant\u00f4nio Pr\u00f3speri","@id":"https:\/\/blogdoprosperi.com\/#\/schema\/person\/38100755ce3601861ee4fab9b5aa78e9"},"headline":"Copa Out | A curiosa comemora\u00e7\u00e3o da Fam\u00edlia Alem\u00e3 em mais um 7 a 1","datePublished":"2026-06-14T19:09:08+00:00","dateModified":"2026-06-15T02:10:11+00:00","mainEntityOfPage":{"@id":"https:\/\/blogdoprosperi.com\/?p=59428"},"wordCount":450,"commentCount":0,"publisher":{"@id":"https:\/\/blogdoprosperi.com\/#\/schema\/person\/38100755ce3601861ee4fab9b5aa78e9"},"image":{"@id":"https:\/\/blogdoprosperi.com\/?p=59428#primaryimage"},"thumbnailUrl":"https:\/\/i0.wp.com\/blogdoprosperi.com\/wp-content\/uploads\/2026\/06\/Captura-de-Tela-2026-06-14-as-14.58.51.png?fit=1236%2C910&ssl=1","keywords":["Alemanha","Copa2026"],"articleSection":["copa 2026","futebol"],"inLanguage":"pt-BR","potentialAction":[{"@type":"CommentAction","name":"Comment","target":["https:\/\/blogdoprosperi.com\/?p=59428#respond"]}]},{"@type":"WebPage","@id":"https:\/\/blogdoprosperi.com\/?p=59428","url":"https:\/\/blogdoprosperi.com\/?p=59428","name":"Copa Out | A curiosa comemora\u00e7\u00e3o da Fam\u00edlia Alem\u00e3 em mais um 7 a 1 - PR\u00d3SPERI NEWS","isPartOf":{"@id":"https:\/\/blogdoprosperi.com\/#website"},"primaryImageOfPage":{"@id":"https:\/\/blogdoprosperi.com\/?p=59428#primaryimage"},"image":{"@id":"https:\/\/blogdoprosperi.com\/?p=59428#primaryimage"},"thumbnailUrl":"https:\/\/i0.wp.com\/blogdoprosperi.com\/wp-content\/uploads\/2026\/06\/Captura-de-Tela-2026-06-14-as-14.58.51.png?fit=1236%2C910&ssl=1","datePublished":"2026-06-14T19:09:08+00:00","dateModified":"2026-06-15T02:10:11+00:00","breadcrumb":{"@id":"https:\/\/blogdoprosperi.com\/?p=59428#breadcrumb"},"inLanguage":"pt-BR","potentialAction":[{"@type":"ReadAction","target":["https:\/\/blogdoprosperi.com\/?p=59428"]}]},{"@type":"ImageObject","inLanguage":"pt-BR","@id":"https:\/\/blogdoprosperi.com\/?p=59428#primaryimage","url":"https:\/\/i0.wp.com\/blogdoprosperi.com\/wp-content\/uploads\/2026\/06\/Captura-de-Tela-2026-06-14-as-14.58.51.png?fit=1236%2C910&ssl=1","contentUrl":"https:\/\/i0.wp.com\/blogdoprosperi.com\/wp-content\/uploads\/2026\/06\/Captura-de-Tela-2026-06-14-as-14.58.51.png?fit=1236%2C910&ssl=1","width":1236,"height":910,"caption":"Brow celebra gol da Alemanha \u2013 foto: Fifa"},{"@type":"BreadcrumbList","@id":"https:\/\/blogdoprosperi.com\/?p=59428#breadcrumb","itemListElement":[{"@type":"ListItem","position":1,"name":"In\u00edcio","item":"https:\/\/blogdoprosperi.com\/"},{"@type":"ListItem","position":2,"name":"Copa Out | A curiosa comemora\u00e7\u00e3o da Fam\u00edlia Alem\u00e3 em mais um 7 a 1"}]},{"@type":"WebSite","@id":"https:\/\/blogdoprosperi.com\/#website","url":"https:\/\/blogdoprosperi.com\/","name":"PR\u00d3SPERI NEWS","description":"TUDO \u00c9  FUTEBOL","publisher":{"@id":"https:\/\/blogdoprosperi.com\/#\/schema\/person\/38100755ce3601861ee4fab9b5aa78e9"},"alternateName":"blogdoprosperi.com","potentialAction":[{"@type":"SearchAction","target":{"@type":"EntryPoint","urlTemplate":"https:\/\/blogdoprosperi.com\/?s={search_term_string}"},"query-input":{"@type":"PropertyValueSpecification","valueRequired":true,"valueName":"search_term_string"}}],"inLanguage":"pt-BR"},{"@type":["Person","Organization"],"@id":"https:\/\/blogdoprosperi.com\/#\/schema\/person\/38100755ce3601861ee4fab9b5aa78e9","name":"Luiz Ant\u00f4nio Pr\u00f3speri","pronouns":"ele","image":{"@type":"ImageObject","inLanguage":"pt-BR","@id":"https:\/\/i0.wp.com\/blogdoprosperi.com\/wp-content\/uploads\/2026\/05\/cropped-8059e613-6002-42fa-961e-8e275f575d71-2-5.jpg?fit=1360%2C931&ssl=1","url":"https:\/\/i0.wp.com\/blogdoprosperi.com\/wp-content\/uploads\/2026\/05\/cropped-8059e613-6002-42fa-961e-8e275f575d71-2-5.jpg?fit=1360%2C931&ssl=1","contentUrl":"https:\/\/i0.wp.com\/blogdoprosperi.com\/wp-content\/uploads\/2026\/05\/cropped-8059e613-6002-42fa-961e-8e275f575d71-2-5.jpg?fit=1360%2C931&ssl=1","width":1360,"height":931,"caption":"Luiz Ant\u00f4nio Pr\u00f3speri"},"logo":{"@id":"https:\/\/i0.wp.com\/blogdoprosperi.com\/wp-content\/uploads\/2026\/05\/cropped-8059e613-6002-42fa-961e-8e275f575d71-2-5.jpg?fit=1360%2C931&ssl=1"},"description":"Jornalista com carreira dedicada ao esporte. Cobriu 9 Copas do Mundo in loco, 1990 na It\u00e1lia, 1994 nos EUA, 1998 na Fran\u00e7a, 2002 na Coreia do Sul e Jap\u00e3o, 2006 na Alemanha, 2010 na \u00c1frica do Sul, 2014 no Brasil, 2018 na R\u00fassia e 2022 no Qatar. Eurocopas, 1992 na Su\u00e9cia e 1996 na Inglaterra. Copa das Confedera\u00e7\u00f5es de 2005 na Alemanha e 2009 na \u00c1frica do Sul. Rep\u00f3rter e Editor, trabalhou no Jornal da Tarde e Estad\u00e3o, de 1984 a fevereiro de 2016. Colunista, blogueiro. E comentarista de futebol na R\u00e1dio Estad\u00e3o, de 2013 a fevereiro de 2016. Jornalista respons\u00e1vel do \"Pr\u00f3speri News\" (blogdoprosperi.com).","sameAs":["http:\/\/blogdoprosperi.com","Luiz Pr\u00f3speri","@luiz_prosperi","https:\/\/x.com\/Luizprosperi","@prosperinacopa","luiz.prosperi@icloud.com"],"url":"https:\/\/blogdoprosperi.com\/?author=102107496"}]}},"jetpack_publicize_connections":[],"jetpack_likes_enabled":false,"jetpack_sharing_enabled":true,"jetpack_shortlink":"https:\/\/wp.me\/p7jvdk-fsw","jetpack-related-posts":[{"id":61168,"url":"https:\/\/blogdoprosperi.com\/?p=61168","url_meta":{"origin":59428,"position":0},"title":"Klopp assume sele\u00e7\u00e3o da Alemanha | &#8220;Futebol pode mudar um pa\u00eds&#8221;","author":"Luiz Ant\u00f4nio Pr\u00f3speri","date":"24 de julho de 2026","format":false,"excerpt":"Luiz Ant\u00f4nio Pr\u00f3speri \u2013 24 julho 2026 (11h46) \u201cQuero criar uma situa\u00e7\u00e3o em que os torcedores voltem para casa depois do jogo e digam: 'Uau, isso foi incr\u00edvel, Quero que as pessoas digam: 'Uau, valeu a pena ligar a TV por 90 minutos para ver a Alemanha jogar'. Eu vivi\u2026","rel":"","context":"Em &quot;futebol&quot;","block_context":{"text":"futebol","link":"https:\/\/blogdoprosperi.com\/?cat=53870"},"img":{"alt_text":"","src":"https:\/\/i0.wp.com\/blogdoprosperi.com\/wp-content\/uploads\/2026\/07\/Juergen-Klopp-e1784889396752.webp?fit=1080%2C608&ssl=1&resize=350%2C200","width":350,"height":200,"srcset":"https:\/\/i0.wp.com\/blogdoprosperi.com\/wp-content\/uploads\/2026\/07\/Juergen-Klopp-e1784889396752.webp?fit=1080%2C608&ssl=1&resize=350%2C200 1x, https:\/\/i0.wp.com\/blogdoprosperi.com\/wp-content\/uploads\/2026\/07\/Juergen-Klopp-e1784889396752.webp?fit=1080%2C608&ssl=1&resize=525%2C300 1.5x, https:\/\/i0.wp.com\/blogdoprosperi.com\/wp-content\/uploads\/2026\/07\/Juergen-Klopp-e1784889396752.webp?fit=1080%2C608&ssl=1&resize=700%2C400 2x, https:\/\/i0.wp.com\/blogdoprosperi.com\/wp-content\/uploads\/2026\/07\/Juergen-Klopp-e1784889396752.webp?fit=1080%2C608&ssl=1&resize=1050%2C600 3x"},"classes":[]},{"id":15408,"url":"https:\/\/blogdoprosperi.com\/?p=15408","url_meta":{"origin":59428,"position":1},"title":"Griezmann ilumina noite francesa no triunfo contra os poderosos campe\u00f5es do mundo","author":"Luiz Ant\u00f4nio Pr\u00f3speri","date":"7 de julho de 2016","format":false,"excerpt":"Futebol de resultados aparece na Eurocopa e contempla a Fran\u00e7a na vit\u00f3ria por 2 a 0 contra a Alemanha nas semifinais nesta quinta-feira (07\/7), em Marselha. Resultado que leva os franceses \u00e0 grande final contra Portugal no domingo. Tudo isso n\u00e3o seria poss\u00edvel se do lado vencedor n\u00e3o estivesse esse\u2026","rel":"","context":"Em &quot;futebol&quot;","block_context":{"text":"futebol","link":"https:\/\/blogdoprosperi.com\/?cat=53870"},"img":{"alt_text":"","src":"https:\/\/i0.wp.com\/blogdoprosperi.com\/wp-content\/uploads\/2016\/07\/4082.jpg?resize=350%2C200","width":350,"height":200,"srcset":"https:\/\/i0.wp.com\/blogdoprosperi.com\/wp-content\/uploads\/2016\/07\/4082.jpg?resize=350%2C200 1x, https:\/\/i0.wp.com\/blogdoprosperi.com\/wp-content\/uploads\/2016\/07\/4082.jpg?resize=525%2C300 1.5x, https:\/\/i0.wp.com\/blogdoprosperi.com\/wp-content\/uploads\/2016\/07\/4082.jpg?resize=700%2C400 2x"},"classes":[]},{"id":43609,"url":"https:\/\/blogdoprosperi.com\/?p=43609","url_meta":{"origin":59428,"position":2},"title":"Espanha vence Alemanha na prorroga\u00e7\u00e3o e avan\u00e7a \u00e0 semi da Euro 2024","author":"Luiz Ant\u00f4nio Pr\u00f3speri","date":"5 de julho de 2024","format":false,"excerpt":"Espanha vence Alemanha na prorroga\u00e7\u00e3o e vai \u00e0 semifinal da Euro 2024. Nos 90, 1 a 1. Nos 30 minutos adicionais, 1 a 0 para Espanha. Espanh\u00f3is e alem\u00e3es cumpriram prometido, o jogo em Stuttgart teve car\u00e1ter de final antecipada. As duas melhores sele\u00e7\u00f5es do torneio entregam tudo. Bom futebol,\u2026","rel":"","context":"Em &quot;futebol&quot;","block_context":{"text":"futebol","link":"https:\/\/blogdoprosperi.com\/?cat=53870"},"img":{"alt_text":"Merino leva Espanha \u00e3 semifinal da Euro","src":"https:\/\/i0.wp.com\/blogdoprosperi.com\/wp-content\/uploads\/2024\/07\/captura-de-tela-2024-07-05-as-15.53.49.png?fit=810%2C518&ssl=1&resize=350%2C200","width":350,"height":200,"srcset":"https:\/\/i0.wp.com\/blogdoprosperi.com\/wp-content\/uploads\/2024\/07\/captura-de-tela-2024-07-05-as-15.53.49.png?fit=810%2C518&ssl=1&resize=350%2C200 1x, https:\/\/i0.wp.com\/blogdoprosperi.com\/wp-content\/uploads\/2024\/07\/captura-de-tela-2024-07-05-as-15.53.49.png?fit=810%2C518&ssl=1&resize=525%2C300 1.5x, https:\/\/i0.wp.com\/blogdoprosperi.com\/wp-content\/uploads\/2024\/07\/captura-de-tela-2024-07-05-as-15.53.49.png?fit=810%2C518&ssl=1&resize=700%2C400 2x"},"classes":[]},{"id":42493,"url":"https:\/\/blogdoprosperi.com\/?p=42493","url_meta":{"origin":59428,"position":3},"title":"Ascens\u00e3o da extrema direita, uma nuvem permanente no horizonte da Euro 2024 na Alemanha","author":"Luiz Ant\u00f4nio Pr\u00f3speri","date":"12 de junho de 2024","format":false,"excerpt":"Enquanto Alemanha se prepara para a grande arrancada do futebol na Euro 2024, o cen\u00e1rio pol\u00edtico desconfort\u00e1vel no pa\u00eds-sede n\u00e3o pode ser ignorado. Acompanhe mat\u00e9ria publicada no The Guardian, da Inglaterra, por Jonathan Liew. \u201cO time n\u00e3o \u00e9 mais alem\u00e3o\u201d, explica um senhor mais velho com bon\u00e9 de beisebol, carregando\u2026","rel":"","context":"Em &quot;futebol&quot;","block_context":{"text":"futebol","link":"https:\/\/blogdoprosperi.com\/?cat=53870"},"img":{"alt_text":"Gundogan simboliza nova Alemanha na Euro 2024","src":"https:\/\/i0.wp.com\/blogdoprosperi.com\/wp-content\/uploads\/2024\/06\/germany_portraits_-_uefa_euro_2024.jpg?fit=556%2C313&ssl=1&resize=350%2C200","width":350,"height":200,"srcset":"https:\/\/i0.wp.com\/blogdoprosperi.com\/wp-content\/uploads\/2024\/06\/germany_portraits_-_uefa_euro_2024.jpg?fit=556%2C313&ssl=1&resize=350%2C200 1x, https:\/\/i0.wp.com\/blogdoprosperi.com\/wp-content\/uploads\/2024\/06\/germany_portraits_-_uefa_euro_2024.jpg?fit=556%2C313&ssl=1&resize=525%2C300 1.5x"},"classes":[]},{"id":59676,"url":"https:\/\/blogdoprosperi.com\/?p=59676","url_meta":{"origin":59428,"position":4},"title":"Messi maior que Pel\u00e9? Conta outra","author":"Luiz Ant\u00f4nio Pr\u00f3speri","date":"23 de junho de 2026","format":false,"excerpt":"Luiz Ant\u00f4nio Pr\u00f3speri, de Morristown, 23 junho 2026 (13h05) Lionel Messi maior que Edson Arantes do Nascimento, Pel\u00e9. H\u00e1 quem acredite nessa compara\u00e7\u00e3o. Usam como argumento os recordes pulverizados pelo craque argentino nesta Copa 2026 para reivindicar o trono de Rei do Futebol. N\u00fameros atestam alguma veracidade favor\u00e1vel a Messi.\u2026","rel":"","context":"Em &quot;copa 2026&quot;","block_context":{"text":"copa 2026","link":"https:\/\/blogdoprosperi.com\/?cat=36820279"},"img":{"alt_text":"","src":"https:\/\/i0.wp.com\/blogdoprosperi.com\/wp-content\/uploads\/2026\/06\/17822141331047.jpg.webp?fit=1200%2C800&ssl=1&resize=350%2C200","width":350,"height":200,"srcset":"https:\/\/i0.wp.com\/blogdoprosperi.com\/wp-content\/uploads\/2026\/06\/17822141331047.jpg.webp?fit=1200%2C800&ssl=1&resize=350%2C200 1x, https:\/\/i0.wp.com\/blogdoprosperi.com\/wp-content\/uploads\/2026\/06\/17822141331047.jpg.webp?fit=1200%2C800&ssl=1&resize=525%2C300 1.5x, https:\/\/i0.wp.com\/blogdoprosperi.com\/wp-content\/uploads\/2026\/06\/17822141331047.jpg.webp?fit=1200%2C800&ssl=1&resize=700%2C400 2x, https:\/\/i0.wp.com\/blogdoprosperi.com\/wp-content\/uploads\/2026\/06\/17822141331047.jpg.webp?fit=1200%2C800&ssl=1&resize=1050%2C600 3x"},"classes":[]},{"id":42954,"url":"https:\/\/blogdoprosperi.com\/?p=42954","url_meta":{"origin":59428,"position":5},"title":"Alemanha classificada, Alb\u00e2nia respira na Euro 2024","author":"Luiz Ant\u00f4nio Pr\u00f3speri","date":"19 de junho de 2024","format":false,"excerpt":"Alemanha n\u00e3o deixa d\u00favida, despacha a Hungria e avan\u00e7a altiva \u00e0s oitavas de final da Euro 2024. Vencer o advers\u00e1rio arrojado, sob comando do italiano Marco Rossi, e desprovido de requinte t\u00e9cnico, soava obriga\u00e7\u00e3o aos alem\u00e3es. Dito e feito. Ao pulso empolgado de sua gente nas arquibancadas e ruas, Alemanha\u2026","rel":"","context":"Em &quot;futebol&quot;","block_context":{"text":"futebol","link":"https:\/\/blogdoprosperi.com\/?cat=53870"},"img":{"alt_text":"Gundogan e Musiala empurram Alemanha","src":"https:\/\/i0.wp.com\/blogdoprosperi.com\/wp-content\/uploads\/2024\/06\/captura-de-tela-2024-06-19-as-17.33.58.png?fit=812%2C590&ssl=1&resize=350%2C200","width":350,"height":200,"srcset":"https:\/\/i0.wp.com\/blogdoprosperi.com\/wp-content\/uploads\/2024\/06\/captura-de-tela-2024-06-19-as-17.33.58.png?fit=812%2C590&ssl=1&resize=350%2C200 1x, https:\/\/i0.wp.com\/blogdoprosperi.com\/wp-content\/uploads\/2024\/06\/captura-de-tela-2024-06-19-as-17.33.58.png?fit=812%2C590&ssl=1&resize=525%2C300 1.5x, https:\/\/i0.wp.com\/blogdoprosperi.com\/wp-content\/uploads\/2024\/06\/captura-de-tela-2024-06-19-as-17.33.58.png?fit=812%2C590&ssl=1&resize=700%2C400 2x"},"classes":[]}],"jetpack_featured_media_url":"https:\/\/i0.wp.com\/blogdoprosperi.com\/wp-content\/uploads\/2026\/06\/Captura-de-Tela-2026-06-14-as-14.58.51.png?fit=1236%2C910&ssl=1","_links":{"self":[{"href":"https:\/\/blogdoprosperi.com\/index.php?rest_route=\/wp\/v2\/posts\/59428","targetHints":{"allow":["GET"]}}],"collection":[{"href":"https:\/\/blogdoprosperi.com\/index.php?rest_route=\/wp\/v2\/posts"}],"about":[{"href":"https:\/\/blogdoprosperi.com\/index.php?rest_route=\/wp\/v2\/types\/post"}],"author":[{"embeddable":true,"href":"https:\/\/blogdoprosperi.com\/index.php?rest_route=\/wp\/v2\/users\/102107496"}],"replies":[{"embeddable":true,"href":"https:\/\/blogdoprosperi.com\/index.php?rest_route=%2Fwp%2Fv2%2Fcomments&post=59428"}],"version-history":[{"count":16,"href":"https:\/\/blogdoprosperi.com\/index.php?rest_route=\/wp\/v2\/posts\/59428\/revisions"}],"predecessor-version":[{"id":59446,"href":"https:\/\/blogdoprosperi.com\/index.php?rest_route=\/wp\/v2\/posts\/59428\/revisions\/59446"}],"wp:featuredmedia":[{"embeddable":true,"href":"https:\/\/blogdoprosperi.com\/index.php?rest_route=\/wp\/v2\/media\/59438"}],"wp:attachment":[{"href":"https:\/\/blogdoprosperi.com\/index.php?rest_route=%2Fwp%2Fv2%2Fmedia&parent=59428"}],"wp:term":[{"taxonomy":"category","embeddable":true,"href":"https:\/\/blogdoprosperi.com\/index.php?rest_route=%2Fwp%2Fv2%2Fcategories&post=59428"},{"taxonomy":"post_tag","embeddable":true,"href":"https:\/\/blogdoprosperi.com\/index.php?rest_route=%2Fwp%2Fv2%2Ftags&post=59428"}],"curies":[{"name":"wp","href":"https:\/\/api.w.org\/{rel}","templated":true}]}}