{"id":59448,"date":"2026-06-15T13:11:58","date_gmt":"2026-06-15T16:11:58","guid":{"rendered":"https:\/\/blogdoprosperi.com\/?p=59448"},"modified":"2026-06-15T13:11:58","modified_gmt":"2026-06-15T16:11:58","slug":"bastidores-do-escrete-ancelotti-muda-a-selecao-na-marra","status":"publish","type":"post","link":"https:\/\/blogdoprosperi.com\/?p=59448","title":{"rendered":"Bastidores do Escrete | Ancelotti muda a Sele\u00e7\u00e3o, na marra"},"content":{"rendered":"<p><em>Luiz Ant\u00f4nio Pr\u00f3speri, de Morristown, 15 junho 2026 (12h05)\u00a0<\/em><\/p>\n<p>Carlo Ancelotti prepara mudan\u00e7as na Sele\u00e7\u00e3o Brasileira. Exibi\u00e7\u00e3o do time na estreia contra Marrocos provoca calafrios no mais \u00edntimo dos amigos de Carletto. Trocas s\u00e3o urgentes. N\u00e3o se tem tempo para piscar em uma Copa do Mundo. Quem sai e quem entra? N\u00e3o esperem por altera\u00e7\u00f5es radicais. Ancelotti ainda \u00e9 o mesmo.<\/p>\n<p>Voc\u00ea se lembra o quanto berramos contra treinadores brasileiros. Gritamos muito por um t\u00e9cnico estrangeiro na chefia da Sele\u00e7\u00e3o Brasileira at\u00e9 que, nos estertores de 2025, o cartola de plant\u00e3o na CBF, mesmo figurino roto de tantos outros antes dele, nos entrega Carlo Ancelotti, o campe\u00e3o de tudo e mais um pouco. Ednaldo Rodrigues, se lembram dele? Convence o italiano, sabe-se l\u00e1 como, a atravessar o Atl\u00e2ntico e assumir o poder do escrete. Pois bem, um ano depois, Ancelotti mostra sua face na estreia opaca do Brasil na Copa do Mundo 2026. E o mundo desaba.<\/p>\n<p>Nem poderia ser diferente. De onde Ancelotti tirou essa ideia de escalar Paquet\u00e1? Paquet\u00e1, jogador de curr\u00edculo a caber numa caixa de f\u00f3sforo, atuando torto na meiuca ao lado de Casemiro, ainda fora de seu padr\u00e3o normal, e o perdido Bruno Guimar\u00e3es sem fun\u00e7\u00e3o Os tr\u00eas n\u00e3o deram conta de travar os meias de Marrocos. N\u00e3o deram conta de acionar nossos atacantes. Sem efici\u00eancia e controle da bola no setor vital do time, viramos presa f\u00e1cil. Time joga para Vini Jr flutuar como uma lib\u00e9lula. At\u00e9 Raphinha vai para o sacrif\u00edcio.<\/p>\n<p>Ancelotti em 2026 repete Tite 2022. Meio-campo \u00e9 o mesmo, apenas Bruno Guimar\u00e3es, reserva no Qatar, no lugar de Fred. Guru de Tite \u00e9 Ancelotti.<\/p>\n<p>Gritaram muito por Paquet\u00e1, talvez por paix\u00e3o club\u00edstica. Emolduraram Casemiro, o homem bra\u00e7o direito de Carletto. Aclamamos Raphinha melhor do ano por magia em um par de bons jogos no Barcelona na temporada e despejamos todos confetes em Vini Jr. N\u00e3o funcionou na estreia.<\/p>\n<p>Hoje, segunda-feira (15\/6), a cobran\u00e7a \u00e9 por mudan\u00e7a geral na Sele\u00e7\u00e3o. Perderam o respeito por Ancelotti. Bota o Endrick. Tira o Raphinha. Igor Thiago, pelo amor de Deus. Casemiro, n\u00e3o d\u00e1. Danilo do Botafogo pede passagem. Fora Iba\u00f1ez.<\/p>\n<p>Pressa, muita pressa por altera\u00e7\u00f5es. E o pedido mais insistente \u00e9 por Endrick. N\u00e3o se joga uma p\u00e9rola aos porcos. O garoto de 19 anos reivindica com justi\u00e7a um lugar no time.<\/p>\n<p>Ancelotti vai emitir os primeiros sinais de mudan\u00e7as na Sele\u00e7\u00e3o durante o treino na tarde desta segunda-feira (15\/6). Jogadores voltam a gramado ap\u00f3s o domingo inteiro de folga.<\/p>\n<p>Quem sabe Neymar n\u00e3o apare\u00e7a no campo. Ufa!<\/p>\n<p>Brasil enfrenta Haiti sexta-feira (19\/6) na Philadelphia, segundo jogo da fase de grupos. Vencer \u00e9 quest\u00e3o de sobreviv\u00eancia na Copa. Copa in. Por enquanto.<\/p>\n","protected":false},"excerpt":{"rendered":"<p>Luiz Ant\u00f4nio Pr\u00f3speri, de Morristown, 15 junho 2026 (12h05)\u00a0 Carlo Ancelotti prepara mudan\u00e7as na Sele\u00e7\u00e3o Brasileira. Exibi\u00e7\u00e3o do [&hellip;]<\/p>\n","protected":false},"author":102107496,"featured_media":59458,"comment_status":"open","ping_status":"open","sticky":false,"template":"","format":"standard","meta":{"_coblocks_attr":"","_coblocks_dimensions":"","_coblocks_responsive_height":"","_coblocks_accordion_ie_support":"","_jetpack_newsletter_access":"","_jetpack_dont_email_post_to_subs":false,"_jetpack_newsletter_tier_id":0,"_jetpack_memberships_contains_paywalled_content":false,"_wpcom_ai_launchpad_first_post":false,"_jetpack_feature_clip_id":0,"_jetpack_memberships_contains_paid_content":false,"footnotes":"","jetpack_publicize_message":"","jetpack_publicize_feature_enabled":true,"jetpack_social_post_already_shared":true,"jetpack_social_options":{"image_generator_settings":{"template":"highway","default_image_id":0,"font":"","enabled":false},"version":2},"jetpack_post_was_ever_published":false},"categories":[36820279,53870,174694],"tags":[1016127,569949222,4112146,1814220],"class_list":["post-59448","post","type-post","status-publish","format-standard","has-post-thumbnail","hentry","category-copa-2026","category-futebol","category-selecao-brasileira","tag-ancelotti","tag-copa2026","tag-neymar","tag-tite"],"yoast_head":"<!-- This site is optimized with the Yoast SEO plugin v28.4 - https:\/\/yoast.com\/product\/yoast-seo-wordpress\/ -->\n<title>Bastidores do Escrete | Ancelotti muda a Sele\u00e7\u00e3o, na marra - PR\u00d3SPERI NEWS<\/title>\n<meta name=\"robots\" content=\"index, follow, max-snippet:-1, max-image-preview:large, max-video-preview:-1\" \/>\n<link rel=\"canonical\" href=\"https:\/\/blogdoprosperi.com\/?p=59448\" \/>\n<meta property=\"og:locale\" content=\"pt_BR\" \/>\n<meta property=\"og:type\" content=\"article\" \/>\n<meta property=\"og:title\" content=\"Bastidores do Escrete | Ancelotti muda a Sele\u00e7\u00e3o, na marra - PR\u00d3SPERI NEWS\" \/>\n<meta property=\"og:description\" content=\"Luiz Ant\u00f4nio Pr\u00f3speri, de Morristown, 15 junho 2026 (12h05)\u00a0 Carlo Ancelotti prepara mudan\u00e7as na Sele\u00e7\u00e3o Brasileira. Exibi\u00e7\u00e3o do [&hellip;]\" \/>\n<meta property=\"og:url\" content=\"https:\/\/blogdoprosperi.com\/?p=59448\" \/>\n<meta property=\"og:site_name\" content=\"PR\u00d3SPERI NEWS\" \/>\n<meta property=\"article:publisher\" content=\"Luiz Pr\u00f3speri\" \/>\n<meta property=\"article:author\" content=\"Luiz Pr\u00f3speri\" \/>\n<meta property=\"article:published_time\" content=\"2026-06-15T16:11:58+00:00\" \/>\n<meta property=\"og:image\" content=\"https:\/\/i0.wp.com\/blogdoprosperi.com\/wp-content\/uploads\/2026\/06\/treino-academia-masculino-14062026.jpg?fit=2269%2C1516&ssl=1\" \/>\n\t<meta property=\"og:image:width\" content=\"2269\" \/>\n\t<meta property=\"og:image:height\" content=\"1516\" \/>\n\t<meta property=\"og:image:type\" content=\"image\/jpeg\" \/>\n<meta name=\"author\" content=\"Luiz Ant\u00f4nio Pr\u00f3speri\" \/>\n<meta name=\"twitter:card\" content=\"summary_large_image\" \/>\n<meta name=\"twitter:creator\" content=\"@Luizprosperi\" \/>\n<meta name=\"twitter:site\" content=\"@Luizprosperi\" \/>\n<meta name=\"twitter:label1\" content=\"Escrito por\" \/>\n\t<meta name=\"twitter:data1\" content=\"Luiz Ant\u00f4nio Pr\u00f3speri\" \/>\n\t<meta name=\"twitter:label2\" content=\"Est. tempo de leitura\" \/>\n\t<meta name=\"twitter:data2\" content=\"2 minutos\" \/>\n<script type=\"application\/ld+json\" class=\"yoast-schema-graph\">{\"@context\":\"https:\\\/\\\/schema.org\",\"@graph\":[{\"@type\":\"Article\",\"@id\":\"https:\\\/\\\/blogdoprosperi.com\\\/?p=59448#article\",\"isPartOf\":{\"@id\":\"https:\\\/\\\/blogdoprosperi.com\\\/?p=59448\"},\"author\":{\"name\":\"Luiz Ant\u00f4nio Pr\u00f3speri\",\"@id\":\"https:\\\/\\\/blogdoprosperi.com\\\/#\\\/schema\\\/person\\\/38100755ce3601861ee4fab9b5aa78e9\"},\"headline\":\"Bastidores do Escrete | Ancelotti muda a Sele\u00e7\u00e3o, na marra\",\"datePublished\":\"2026-06-15T16:11:58+00:00\",\"mainEntityOfPage\":{\"@id\":\"https:\\\/\\\/blogdoprosperi.com\\\/?p=59448\"},\"wordCount\":488,\"commentCount\":0,\"publisher\":{\"@id\":\"https:\\\/\\\/blogdoprosperi.com\\\/#\\\/schema\\\/person\\\/38100755ce3601861ee4fab9b5aa78e9\"},\"image\":{\"@id\":\"https:\\\/\\\/blogdoprosperi.com\\\/?p=59448#primaryimage\"},\"thumbnailUrl\":\"https:\\\/\\\/i0.wp.com\\\/blogdoprosperi.com\\\/wp-content\\\/uploads\\\/2026\\\/06\\\/treino-academia-masculino-14062026.jpg?fit=2269%2C1516&ssl=1\",\"keywords\":[\"Ancelotti\",\"Copa2026\",\"Neymar\",\"Tite\"],\"articleSection\":[\"copa 2026\",\"futebol\",\"Sele\u00e7\u00e3o Brasileira\"],\"inLanguage\":\"pt-BR\",\"potentialAction\":[{\"@type\":\"CommentAction\",\"name\":\"Comment\",\"target\":[\"https:\\\/\\\/blogdoprosperi.com\\\/?p=59448#respond\"]}]},{\"@type\":\"WebPage\",\"@id\":\"https:\\\/\\\/blogdoprosperi.com\\\/?p=59448\",\"url\":\"https:\\\/\\\/blogdoprosperi.com\\\/?p=59448\",\"name\":\"Bastidores do Escrete | Ancelotti muda a Sele\u00e7\u00e3o, na marra - PR\u00d3SPERI NEWS\",\"isPartOf\":{\"@id\":\"https:\\\/\\\/blogdoprosperi.com\\\/#website\"},\"primaryImageOfPage\":{\"@id\":\"https:\\\/\\\/blogdoprosperi.com\\\/?p=59448#primaryimage\"},\"image\":{\"@id\":\"https:\\\/\\\/blogdoprosperi.com\\\/?p=59448#primaryimage\"},\"thumbnailUrl\":\"https:\\\/\\\/i0.wp.com\\\/blogdoprosperi.com\\\/wp-content\\\/uploads\\\/2026\\\/06\\\/treino-academia-masculino-14062026.jpg?fit=2269%2C1516&ssl=1\",\"datePublished\":\"2026-06-15T16:11:58+00:00\",\"breadcrumb\":{\"@id\":\"https:\\\/\\\/blogdoprosperi.com\\\/?p=59448#breadcrumb\"},\"inLanguage\":\"pt-BR\",\"potentialAction\":[{\"@type\":\"ReadAction\",\"target\":[\"https:\\\/\\\/blogdoprosperi.com\\\/?p=59448\"]}]},{\"@type\":\"ImageObject\",\"inLanguage\":\"pt-BR\",\"@id\":\"https:\\\/\\\/blogdoprosperi.com\\\/?p=59448#primaryimage\",\"url\":\"https:\\\/\\\/i0.wp.com\\\/blogdoprosperi.com\\\/wp-content\\\/uploads\\\/2026\\\/06\\\/treino-academia-masculino-14062026.jpg?fit=2269%2C1516&ssl=1\",\"contentUrl\":\"https:\\\/\\\/i0.wp.com\\\/blogdoprosperi.com\\\/wp-content\\\/uploads\\\/2026\\\/06\\\/treino-academia-masculino-14062026.jpg?fit=2269%2C1516&ssl=1\",\"width\":2269,\"height\":1516,\"caption\":\"For\u00e7a, Neymar \u2013 foto: CBF oficial\"},{\"@type\":\"BreadcrumbList\",\"@id\":\"https:\\\/\\\/blogdoprosperi.com\\\/?p=59448#breadcrumb\",\"itemListElement\":[{\"@type\":\"ListItem\",\"position\":1,\"name\":\"In\u00edcio\",\"item\":\"https:\\\/\\\/blogdoprosperi.com\\\/\"},{\"@type\":\"ListItem\",\"position\":2,\"name\":\"Bastidores do Escrete | Ancelotti muda a Sele\u00e7\u00e3o, na marra\"}]},{\"@type\":\"WebSite\",\"@id\":\"https:\\\/\\\/blogdoprosperi.com\\\/#website\",\"url\":\"https:\\\/\\\/blogdoprosperi.com\\\/\",\"name\":\"PR\u00d3SPERI NEWS\",\"description\":\"TUDO \u00c9  FUTEBOL\",\"publisher\":{\"@id\":\"https:\\\/\\\/blogdoprosperi.com\\\/#\\\/schema\\\/person\\\/38100755ce3601861ee4fab9b5aa78e9\"},\"alternateName\":\"blogdoprosperi.com\",\"potentialAction\":[{\"@type\":\"SearchAction\",\"target\":{\"@type\":\"EntryPoint\",\"urlTemplate\":\"https:\\\/\\\/blogdoprosperi.com\\\/?s={search_term_string}\"},\"query-input\":{\"@type\":\"PropertyValueSpecification\",\"valueRequired\":true,\"valueName\":\"search_term_string\"}}],\"inLanguage\":\"pt-BR\"},{\"@type\":[\"Person\",\"Organization\"],\"@id\":\"https:\\\/\\\/blogdoprosperi.com\\\/#\\\/schema\\\/person\\\/38100755ce3601861ee4fab9b5aa78e9\",\"name\":\"Luiz Ant\u00f4nio Pr\u00f3speri\",\"pronouns\":\"ele\",\"image\":{\"@type\":\"ImageObject\",\"inLanguage\":\"pt-BR\",\"@id\":\"https:\\\/\\\/i0.wp.com\\\/blogdoprosperi.com\\\/wp-content\\\/uploads\\\/2026\\\/05\\\/cropped-8059e613-6002-42fa-961e-8e275f575d71-2-5.jpg?fit=1360%2C931&ssl=1\",\"url\":\"https:\\\/\\\/i0.wp.com\\\/blogdoprosperi.com\\\/wp-content\\\/uploads\\\/2026\\\/05\\\/cropped-8059e613-6002-42fa-961e-8e275f575d71-2-5.jpg?fit=1360%2C931&ssl=1\",\"contentUrl\":\"https:\\\/\\\/i0.wp.com\\\/blogdoprosperi.com\\\/wp-content\\\/uploads\\\/2026\\\/05\\\/cropped-8059e613-6002-42fa-961e-8e275f575d71-2-5.jpg?fit=1360%2C931&ssl=1\",\"width\":1360,\"height\":931,\"caption\":\"Luiz Ant\u00f4nio Pr\u00f3speri\"},\"logo\":{\"@id\":\"https:\\\/\\\/i0.wp.com\\\/blogdoprosperi.com\\\/wp-content\\\/uploads\\\/2026\\\/05\\\/cropped-8059e613-6002-42fa-961e-8e275f575d71-2-5.jpg?fit=1360%2C931&ssl=1\"},\"description\":\"Jornalista com carreira dedicada ao esporte. Cobriu 9 Copas do Mundo in loco, 1990 na It\u00e1lia, 1994 nos EUA, 1998 na Fran\u00e7a, 2002 na Coreia do Sul e Jap\u00e3o, 2006 na Alemanha, 2010 na \u00c1frica do Sul, 2014 no Brasil, 2018 na R\u00fassia e 2022 no Qatar. Eurocopas, 1992 na Su\u00e9cia e 1996 na Inglaterra. Copa das Confedera\u00e7\u00f5es de 2005 na Alemanha e 2009 na \u00c1frica do Sul. Rep\u00f3rter e Editor, trabalhou no Jornal da Tarde e Estad\u00e3o, de 1984 a fevereiro de 2016. Colunista, blogueiro. E comentarista de futebol na R\u00e1dio Estad\u00e3o, de 2013 a fevereiro de 2016. Jornalista respons\u00e1vel do \\\"Pr\u00f3speri News\\\" (blogdoprosperi.com).\",\"sameAs\":[\"http:\\\/\\\/blogdoprosperi.com\",\"Luiz Pr\u00f3speri\",\"@luiz_prosperi\",\"https:\\\/\\\/x.com\\\/Luizprosperi\",\"@prosperinacopa\",\"luiz.prosperi@icloud.com\"],\"url\":\"https:\\\/\\\/blogdoprosperi.com\\\/?author=102107496\"}]}<\/script>\n<!-- \/ Yoast SEO plugin. -->","yoast_head_json":{"title":"Bastidores do Escrete | Ancelotti muda a Sele\u00e7\u00e3o, na marra - PR\u00d3SPERI NEWS","robots":{"index":"index","follow":"follow","max-snippet":"max-snippet:-1","max-image-preview":"max-image-preview:large","max-video-preview":"max-video-preview:-1"},"canonical":"https:\/\/blogdoprosperi.com\/?p=59448","og_locale":"pt_BR","og_type":"article","og_title":"Bastidores do Escrete | Ancelotti muda a Sele\u00e7\u00e3o, na marra - PR\u00d3SPERI NEWS","og_description":"Luiz Ant\u00f4nio Pr\u00f3speri, de Morristown, 15 junho 2026 (12h05)\u00a0 Carlo Ancelotti prepara mudan\u00e7as na Sele\u00e7\u00e3o Brasileira. Exibi\u00e7\u00e3o do [&hellip;]","og_url":"https:\/\/blogdoprosperi.com\/?p=59448","og_site_name":"PR\u00d3SPERI NEWS","article_publisher":"Luiz Pr\u00f3speri","article_author":"Luiz Pr\u00f3speri","article_published_time":"2026-06-15T16:11:58+00:00","og_image":[{"width":2269,"height":1516,"url":"https:\/\/i0.wp.com\/blogdoprosperi.com\/wp-content\/uploads\/2026\/06\/treino-academia-masculino-14062026.jpg?fit=2269%2C1516&ssl=1","type":"image\/jpeg"}],"author":"Luiz Ant\u00f4nio Pr\u00f3speri","twitter_card":"summary_large_image","twitter_creator":"@Luizprosperi","twitter_site":"@Luizprosperi","twitter_misc":{"Escrito por":"Luiz Ant\u00f4nio Pr\u00f3speri","Est. tempo de leitura":"2 minutos"},"schema":{"@context":"https:\/\/schema.org","@graph":[{"@type":"Article","@id":"https:\/\/blogdoprosperi.com\/?p=59448#article","isPartOf":{"@id":"https:\/\/blogdoprosperi.com\/?p=59448"},"author":{"name":"Luiz Ant\u00f4nio Pr\u00f3speri","@id":"https:\/\/blogdoprosperi.com\/#\/schema\/person\/38100755ce3601861ee4fab9b5aa78e9"},"headline":"Bastidores do Escrete | Ancelotti muda a Sele\u00e7\u00e3o, na marra","datePublished":"2026-06-15T16:11:58+00:00","mainEntityOfPage":{"@id":"https:\/\/blogdoprosperi.com\/?p=59448"},"wordCount":488,"commentCount":0,"publisher":{"@id":"https:\/\/blogdoprosperi.com\/#\/schema\/person\/38100755ce3601861ee4fab9b5aa78e9"},"image":{"@id":"https:\/\/blogdoprosperi.com\/?p=59448#primaryimage"},"thumbnailUrl":"https:\/\/i0.wp.com\/blogdoprosperi.com\/wp-content\/uploads\/2026\/06\/treino-academia-masculino-14062026.jpg?fit=2269%2C1516&ssl=1","keywords":["Ancelotti","Copa2026","Neymar","Tite"],"articleSection":["copa 2026","futebol","Sele\u00e7\u00e3o Brasileira"],"inLanguage":"pt-BR","potentialAction":[{"@type":"CommentAction","name":"Comment","target":["https:\/\/blogdoprosperi.com\/?p=59448#respond"]}]},{"@type":"WebPage","@id":"https:\/\/blogdoprosperi.com\/?p=59448","url":"https:\/\/blogdoprosperi.com\/?p=59448","name":"Bastidores do Escrete | Ancelotti muda a Sele\u00e7\u00e3o, na marra - PR\u00d3SPERI NEWS","isPartOf":{"@id":"https:\/\/blogdoprosperi.com\/#website"},"primaryImageOfPage":{"@id":"https:\/\/blogdoprosperi.com\/?p=59448#primaryimage"},"image":{"@id":"https:\/\/blogdoprosperi.com\/?p=59448#primaryimage"},"thumbnailUrl":"https:\/\/i0.wp.com\/blogdoprosperi.com\/wp-content\/uploads\/2026\/06\/treino-academia-masculino-14062026.jpg?fit=2269%2C1516&ssl=1","datePublished":"2026-06-15T16:11:58+00:00","breadcrumb":{"@id":"https:\/\/blogdoprosperi.com\/?p=59448#breadcrumb"},"inLanguage":"pt-BR","potentialAction":[{"@type":"ReadAction","target":["https:\/\/blogdoprosperi.com\/?p=59448"]}]},{"@type":"ImageObject","inLanguage":"pt-BR","@id":"https:\/\/blogdoprosperi.com\/?p=59448#primaryimage","url":"https:\/\/i0.wp.com\/blogdoprosperi.com\/wp-content\/uploads\/2026\/06\/treino-academia-masculino-14062026.jpg?fit=2269%2C1516&ssl=1","contentUrl":"https:\/\/i0.wp.com\/blogdoprosperi.com\/wp-content\/uploads\/2026\/06\/treino-academia-masculino-14062026.jpg?fit=2269%2C1516&ssl=1","width":2269,"height":1516,"caption":"For\u00e7a, Neymar \u2013 foto: CBF oficial"},{"@type":"BreadcrumbList","@id":"https:\/\/blogdoprosperi.com\/?p=59448#breadcrumb","itemListElement":[{"@type":"ListItem","position":1,"name":"In\u00edcio","item":"https:\/\/blogdoprosperi.com\/"},{"@type":"ListItem","position":2,"name":"Bastidores do Escrete | Ancelotti muda a Sele\u00e7\u00e3o, na marra"}]},{"@type":"WebSite","@id":"https:\/\/blogdoprosperi.com\/#website","url":"https:\/\/blogdoprosperi.com\/","name":"PR\u00d3SPERI NEWS","description":"TUDO \u00c9  FUTEBOL","publisher":{"@id":"https:\/\/blogdoprosperi.com\/#\/schema\/person\/38100755ce3601861ee4fab9b5aa78e9"},"alternateName":"blogdoprosperi.com","potentialAction":[{"@type":"SearchAction","target":{"@type":"EntryPoint","urlTemplate":"https:\/\/blogdoprosperi.com\/?s={search_term_string}"},"query-input":{"@type":"PropertyValueSpecification","valueRequired":true,"valueName":"search_term_string"}}],"inLanguage":"pt-BR"},{"@type":["Person","Organization"],"@id":"https:\/\/blogdoprosperi.com\/#\/schema\/person\/38100755ce3601861ee4fab9b5aa78e9","name":"Luiz Ant\u00f4nio Pr\u00f3speri","pronouns":"ele","image":{"@type":"ImageObject","inLanguage":"pt-BR","@id":"https:\/\/i0.wp.com\/blogdoprosperi.com\/wp-content\/uploads\/2026\/05\/cropped-8059e613-6002-42fa-961e-8e275f575d71-2-5.jpg?fit=1360%2C931&ssl=1","url":"https:\/\/i0.wp.com\/blogdoprosperi.com\/wp-content\/uploads\/2026\/05\/cropped-8059e613-6002-42fa-961e-8e275f575d71-2-5.jpg?fit=1360%2C931&ssl=1","contentUrl":"https:\/\/i0.wp.com\/blogdoprosperi.com\/wp-content\/uploads\/2026\/05\/cropped-8059e613-6002-42fa-961e-8e275f575d71-2-5.jpg?fit=1360%2C931&ssl=1","width":1360,"height":931,"caption":"Luiz Ant\u00f4nio Pr\u00f3speri"},"logo":{"@id":"https:\/\/i0.wp.com\/blogdoprosperi.com\/wp-content\/uploads\/2026\/05\/cropped-8059e613-6002-42fa-961e-8e275f575d71-2-5.jpg?fit=1360%2C931&ssl=1"},"description":"Jornalista com carreira dedicada ao esporte. Cobriu 9 Copas do Mundo in loco, 1990 na It\u00e1lia, 1994 nos EUA, 1998 na Fran\u00e7a, 2002 na Coreia do Sul e Jap\u00e3o, 2006 na Alemanha, 2010 na \u00c1frica do Sul, 2014 no Brasil, 2018 na R\u00fassia e 2022 no Qatar. Eurocopas, 1992 na Su\u00e9cia e 1996 na Inglaterra. Copa das Confedera\u00e7\u00f5es de 2005 na Alemanha e 2009 na \u00c1frica do Sul. Rep\u00f3rter e Editor, trabalhou no Jornal da Tarde e Estad\u00e3o, de 1984 a fevereiro de 2016. Colunista, blogueiro. E comentarista de futebol na R\u00e1dio Estad\u00e3o, de 2013 a fevereiro de 2016. Jornalista respons\u00e1vel do \"Pr\u00f3speri News\" (blogdoprosperi.com).","sameAs":["http:\/\/blogdoprosperi.com","Luiz Pr\u00f3speri","@luiz_prosperi","https:\/\/x.com\/Luizprosperi","@prosperinacopa","luiz.prosperi@icloud.com"],"url":"https:\/\/blogdoprosperi.com\/?author=102107496"}]}},"jetpack_publicize_connections":[],"jetpack_likes_enabled":false,"jetpack_sharing_enabled":true,"jetpack_shortlink":"https:\/\/wp.me\/p7jvdk-fsQ","jetpack-related-posts":[{"id":41751,"url":"https:\/\/blogdoprosperi.com\/?p=41751","url_meta":{"origin":59448,"position":0},"title":"CBF espera Ancelotti at\u00e9 2024 e acalma torcida do Palmeiras","author":"Luiz Ant\u00f4nio Pr\u00f3speri","date":"14 de junho de 2023","format":false,"excerpt":"Torcida do Palmeiras pode se acalmar. CBF n\u00e3o pensa em tirar de imediato o t\u00e9cnico Abel Ferreira do clube para assumir a Sele\u00e7\u00e3o. Carlo Ancelotti ainda \u00e9 prioridade","rel":"","context":"Em &quot;catar 2022&quot;","block_context":{"text":"catar 2022","link":"https:\/\/blogdoprosperi.com\/?cat=47094043"},"img":{"alt_text":"Ancelotti: Ol\u00e1, Brasil","src":"https:\/\/i0.wp.com\/blogdoprosperi.com\/wp-content\/uploads\/2016\/06\/carlo-ancelotti.jpg?fit=1200%2C675&ssl=1&resize=350%2C200","width":350,"height":200,"srcset":"https:\/\/i0.wp.com\/blogdoprosperi.com\/wp-content\/uploads\/2016\/06\/carlo-ancelotti.jpg?fit=1200%2C675&ssl=1&resize=350%2C200 1x, https:\/\/i0.wp.com\/blogdoprosperi.com\/wp-content\/uploads\/2016\/06\/carlo-ancelotti.jpg?fit=1200%2C675&ssl=1&resize=525%2C300 1.5x, https:\/\/i0.wp.com\/blogdoprosperi.com\/wp-content\/uploads\/2016\/06\/carlo-ancelotti.jpg?fit=1200%2C675&ssl=1&resize=700%2C400 2x, https:\/\/i0.wp.com\/blogdoprosperi.com\/wp-content\/uploads\/2016\/06\/carlo-ancelotti.jpg?fit=1200%2C675&ssl=1&resize=1050%2C600 3x"},"classes":[]},{"id":41540,"url":"https:\/\/blogdoprosperi.com\/?p=41540","url_meta":{"origin":59448,"position":1},"title":"Sele\u00e7\u00e3o nunca mais ser\u00e1 Brasileira","author":"Luiz Ant\u00f4nio Pr\u00f3speri","date":"25 de mar\u00e7o de 2023","format":false,"excerpt":"A Sele\u00e7\u00e3o Brasileira acabou. J\u00e1 n\u00e3o tinha mais poder sobre a camisa amarela e agora ter\u00e1 um maestro da Europa","rel":"","context":"Em &quot;catar 2022&quot;","block_context":{"text":"catar 2022","link":"https:\/\/blogdoprosperi.com\/?cat=47094043"},"img":{"alt_text":"Sele\u00e7\u00e3o nunca mais ser\u00e1 Brasileira","src":"https:\/\/i0.wp.com\/blogdoprosperi.com\/wp-content\/uploads\/2023\/03\/20230321133636_97.jpg?fit=910%2C631&ssl=1&resize=350%2C200","width":350,"height":200,"srcset":"https:\/\/i0.wp.com\/blogdoprosperi.com\/wp-content\/uploads\/2023\/03\/20230321133636_97.jpg?fit=910%2C631&ssl=1&resize=350%2C200 1x, https:\/\/i0.wp.com\/blogdoprosperi.com\/wp-content\/uploads\/2023\/03\/20230321133636_97.jpg?fit=910%2C631&ssl=1&resize=525%2C300 1.5x, https:\/\/i0.wp.com\/blogdoprosperi.com\/wp-content\/uploads\/2023\/03\/20230321133636_97.jpg?fit=910%2C631&ssl=1&resize=700%2C400 2x"},"classes":[]},{"id":41758,"url":"https:\/\/blogdoprosperi.com\/?p=41758","url_meta":{"origin":59448,"position":2},"title":"Guru de Tite chega em 2024 e renova\u00e7\u00e3o da Sele\u00e7\u00e3o corre risco","author":"Luiz Ant\u00f4nio Pr\u00f3speri","date":"20 de junho de 2023","format":false,"excerpt":"Chegada de Carlo Ancelotti em 2024 lan\u00e7a uma quest\u00e3o fundamental: como \u00e9 que fica o processo de remontagem da Sele\u00e7\u00e3o Brasileira?","rel":"","context":"Em &quot;catar 2022&quot;","block_context":{"text":"catar 2022","link":"https:\/\/blogdoprosperi.com\/?cat=47094043"},"img":{"alt_text":"","src":"https:\/\/i0.wp.com\/blogdoprosperi.com\/wp-content\/uploads\/2023\/06\/52989781650_5ca2b0913b_c.jpg?fit=800%2C477&ssl=1&resize=350%2C200","width":350,"height":200,"srcset":"https:\/\/i0.wp.com\/blogdoprosperi.com\/wp-content\/uploads\/2023\/06\/52989781650_5ca2b0913b_c.jpg?fit=800%2C477&ssl=1&resize=350%2C200 1x, https:\/\/i0.wp.com\/blogdoprosperi.com\/wp-content\/uploads\/2023\/06\/52989781650_5ca2b0913b_c.jpg?fit=800%2C477&ssl=1&resize=525%2C300 1.5x, https:\/\/i0.wp.com\/blogdoprosperi.com\/wp-content\/uploads\/2023\/06\/52989781650_5ca2b0913b_c.jpg?fit=800%2C477&ssl=1&resize=700%2C400 2x"},"classes":[]},{"id":50848,"url":"https:\/\/blogdoprosperi.com\/?p=50848","url_meta":{"origin":59448,"position":3},"title":"Ancelotti Completa 66 Anos e Espera Presentear Torcida Brasileira","author":"Luiz Ant\u00f4nio Pr\u00f3speri","date":"9 de junho de 2025","format":false,"excerpt":"Luiz Ant\u00f4nio Pr\u00f3speri \u2013 9 junho \u2013 (18h05) \u2013 Carlo Ancelotti completa 66 anos nesta ter\u00e7a-feira (10\/6). Coincid\u00eancias da vida, \u00e9 o dia de sua estreia no comando da Sele\u00e7\u00e3o Brasileira em territ\u00f3rio nacional. \u00d3bvio: \"Meu melhor ou maior presente de anivers\u00e1rio \u00e9 a vit\u00f3ria contra o Paraguai\", disse Ancelotti,\u2026","rel":"","context":"Em &quot;futebol&quot;","block_context":{"text":"futebol","link":"https:\/\/blogdoprosperi.com\/?cat=53870"},"img":{"alt_text":"","src":"https:\/\/i0.wp.com\/blogdoprosperi.com\/wp-content\/uploads\/2025\/06\/54573129322_6daedddcfb_c.jpg?fit=800%2C549&ssl=1&resize=350%2C200","width":350,"height":200,"srcset":"https:\/\/i0.wp.com\/blogdoprosperi.com\/wp-content\/uploads\/2025\/06\/54573129322_6daedddcfb_c.jpg?fit=800%2C549&ssl=1&resize=350%2C200 1x, https:\/\/i0.wp.com\/blogdoprosperi.com\/wp-content\/uploads\/2025\/06\/54573129322_6daedddcfb_c.jpg?fit=800%2C549&ssl=1&resize=525%2C300 1.5x, https:\/\/i0.wp.com\/blogdoprosperi.com\/wp-content\/uploads\/2025\/06\/54573129322_6daedddcfb_c.jpg?fit=800%2C549&ssl=1&resize=700%2C400 2x"},"classes":[]},{"id":59569,"url":"https:\/\/blogdoprosperi.com\/?p=59569","url_meta":{"origin":59448,"position":4},"title":"Ancelotti e a hist\u00f3ria do menino paciente","author":"Luiz Ant\u00f4nio Pr\u00f3speri","date":"18 de junho de 2026","format":false,"excerpt":"Luiz Ant\u00f4nio Pr\u00f3speri, 18 junho 2026 (20h05) Endrick, parece, vai ter de esperar at\u00e9 a Copa 2030. Agora, nesta de 2026, \u00e9 bem prov\u00e1vel que fique mais no banco a dentro do campo. A depender das declara\u00e7\u00f5es de Carlo Ancelotti, Endrick deve ter paci\u00eancia. De acordo com Carletto, o menino\u2026","rel":"","context":"Em &quot;copa 2026&quot;","block_context":{"text":"copa 2026","link":"https:\/\/blogdoprosperi.com\/?cat=36820279"},"img":{"alt_text":"","src":"https:\/\/i0.wp.com\/blogdoprosperi.com\/wp-content\/uploads\/2026\/06\/Captura-de-Tela-2026-06-18-as-20.38.12.png?fit=1200%2C913&ssl=1&resize=350%2C200","width":350,"height":200,"srcset":"https:\/\/i0.wp.com\/blogdoprosperi.com\/wp-content\/uploads\/2026\/06\/Captura-de-Tela-2026-06-18-as-20.38.12.png?fit=1200%2C913&ssl=1&resize=350%2C200 1x, https:\/\/i0.wp.com\/blogdoprosperi.com\/wp-content\/uploads\/2026\/06\/Captura-de-Tela-2026-06-18-as-20.38.12.png?fit=1200%2C913&ssl=1&resize=525%2C300 1.5x, https:\/\/i0.wp.com\/blogdoprosperi.com\/wp-content\/uploads\/2026\/06\/Captura-de-Tela-2026-06-18-as-20.38.12.png?fit=1200%2C913&ssl=1&resize=700%2C400 2x, https:\/\/i0.wp.com\/blogdoprosperi.com\/wp-content\/uploads\/2026\/06\/Captura-de-Tela-2026-06-18-as-20.38.12.png?fit=1200%2C913&ssl=1&resize=1050%2C600 3x"},"classes":[]},{"id":56709,"url":"https:\/\/blogdoprosperi.com\/?p=56709","url_meta":{"origin":59448,"position":5},"title":"Sele\u00e7\u00e3o Brasileira | Ancelotti Aumenta Lista de Incertezas na Copa","author":"Luiz Ant\u00f4nio Pr\u00f3speri","date":"17 de mar\u00e7o de 2026","format":false,"excerpt":"\"Tenho d\u00favidas na defesa, tenho d\u00favidas no meio-campo e quase nenhuma d\u00favida no ataque\", responde Carlo Ancelotti no ato da convoca\u00e7\u00e3o da Sele\u00e7\u00e3o Brasileira para amistosos contra Fran\u00e7a e Cro\u00e1cia","rel":"","context":"Em &quot;copa 2026&quot;","block_context":{"text":"copa 2026","link":"https:\/\/blogdoprosperi.com\/?cat=36820279"},"img":{"alt_text":"Incertezas de Ancelotti na Copa","src":"https:\/\/i0.wp.com\/blogdoprosperi.com\/wp-content\/uploads\/2026\/03\/convocacao_selecao_brasileira_16032026_42_jpg_44d9490274.jpg?fit=1200%2C799&ssl=1&resize=350%2C200","width":350,"height":200,"srcset":"https:\/\/i0.wp.com\/blogdoprosperi.com\/wp-content\/uploads\/2026\/03\/convocacao_selecao_brasileira_16032026_42_jpg_44d9490274.jpg?fit=1200%2C799&ssl=1&resize=350%2C200 1x, https:\/\/i0.wp.com\/blogdoprosperi.com\/wp-content\/uploads\/2026\/03\/convocacao_selecao_brasileira_16032026_42_jpg_44d9490274.jpg?fit=1200%2C799&ssl=1&resize=525%2C300 1.5x, https:\/\/i0.wp.com\/blogdoprosperi.com\/wp-content\/uploads\/2026\/03\/convocacao_selecao_brasileira_16032026_42_jpg_44d9490274.jpg?fit=1200%2C799&ssl=1&resize=700%2C400 2x, https:\/\/i0.wp.com\/blogdoprosperi.com\/wp-content\/uploads\/2026\/03\/convocacao_selecao_brasileira_16032026_42_jpg_44d9490274.jpg?fit=1200%2C799&ssl=1&resize=1050%2C600 3x"},"classes":[]}],"jetpack_featured_media_url":"https:\/\/i0.wp.com\/blogdoprosperi.com\/wp-content\/uploads\/2026\/06\/treino-academia-masculino-14062026.jpg?fit=2269%2C1516&ssl=1","_links":{"self":[{"href":"https:\/\/blogdoprosperi.com\/index.php?rest_route=\/wp\/v2\/posts\/59448","targetHints":{"allow":["GET"]}}],"collection":[{"href":"https:\/\/blogdoprosperi.com\/index.php?rest_route=\/wp\/v2\/posts"}],"about":[{"href":"https:\/\/blogdoprosperi.com\/index.php?rest_route=\/wp\/v2\/types\/post"}],"author":[{"embeddable":true,"href":"https:\/\/blogdoprosperi.com\/index.php?rest_route=\/wp\/v2\/users\/102107496"}],"replies":[{"embeddable":true,"href":"https:\/\/blogdoprosperi.com\/index.php?rest_route=%2Fwp%2Fv2%2Fcomments&post=59448"}],"version-history":[{"count":10,"href":"https:\/\/blogdoprosperi.com\/index.php?rest_route=\/wp\/v2\/posts\/59448\/revisions"}],"predecessor-version":[{"id":59460,"href":"https:\/\/blogdoprosperi.com\/index.php?rest_route=\/wp\/v2\/posts\/59448\/revisions\/59460"}],"wp:featuredmedia":[{"embeddable":true,"href":"https:\/\/blogdoprosperi.com\/index.php?rest_route=\/wp\/v2\/media\/59458"}],"wp:attachment":[{"href":"https:\/\/blogdoprosperi.com\/index.php?rest_route=%2Fwp%2Fv2%2Fmedia&parent=59448"}],"wp:term":[{"taxonomy":"category","embeddable":true,"href":"https:\/\/blogdoprosperi.com\/index.php?rest_route=%2Fwp%2Fv2%2Fcategories&post=59448"},{"taxonomy":"post_tag","embeddable":true,"href":"https:\/\/blogdoprosperi.com\/index.php?rest_route=%2Fwp%2Fv2%2Ftags&post=59448"}],"curies":[{"name":"wp","href":"https:\/\/api.w.org\/{rel}","templated":true}]}}