{"id":59472,"date":"2026-06-15T16:28:27","date_gmt":"2026-06-15T19:28:27","guid":{"rendered":"https:\/\/blogdoprosperi.com\/?p=59472"},"modified":"2026-06-15T16:28:27","modified_gmt":"2026-06-15T19:28:27","slug":"espanha-0-a-0-cabo-verde-vozinha-fecha-o-gol","status":"publish","type":"post","link":"https:\/\/blogdoprosperi.com\/?p=59472","title":{"rendered":"Espanha 0 a 0 Cabo Verde, Vozinha fecha o gol"},"content":{"rendered":"<p class=\"rich-text_p__UfX5b article-section_articleParagraph__pYCnd text-regular\"><span dir=\"auto\">&#8220;Sou Vozinha. \u00c9 por causa das minhas av\u00f3s. Eu nunca vivi com meus pais. Quando nasci, meu pai n\u00e3o estava no servi\u00e7o militar. E minha m\u00e3e tinha sempre de trabalhar para alguma coisa. Ent\u00e3o sempre cresci com minhas av\u00f3s. <\/span><span dir=\"auto\">Na minha zona os rapazes eram muito mais velhos. E eu sempre jogava na rua, levando muita pancada. Eu era competitivo e rebelde, n\u00e3o gostava de perder. Tomava muita porrada, e sempre quando n\u00e3o conseguia dar o troco, essas coisas, ia para casa com raiva, com a cara fechada, e eles ficaram tirando sarro, que eu estava indo reclamar com os av\u00f3s. O Vozinha\u201d \u2013 Josimar, goleiro de Cabo Verde \u2013 Espanha 0 a 0 Cabo Verde.<\/span><\/p>\n","protected":false},"excerpt":{"rendered":"<p>&#8220;Sou Vozinha. \u00c9 por causa das minhas av\u00f3s. Eu nunca vivi com meus pais. Quando nasci, meu pai [&hellip;]<\/p>\n","protected":false},"author":102107496,"featured_media":59474,"comment_status":"open","ping_status":"open","sticky":false,"template":"","format":"quote","meta":{"_coblocks_attr":"","_coblocks_dimensions":"","_coblocks_responsive_height":"","_coblocks_accordion_ie_support":"","_jetpack_newsletter_access":"","_jetpack_dont_email_post_to_subs":false,"_jetpack_newsletter_tier_id":0,"_jetpack_memberships_contains_paywalled_content":false,"_wpcom_ai_launchpad_first_post":false,"_jetpack_feature_clip_id":0,"_jetpack_memberships_contains_paid_content":false,"footnotes":"","jetpack_publicize_message":"","jetpack_publicize_feature_enabled":true,"jetpack_social_post_already_shared":true,"jetpack_social_options":{"image_generator_settings":{"template":"highway","default_image_id":0,"font":"","enabled":false},"version":2},"jetpack_post_was_ever_published":false},"categories":[36820279,53870],"tags":[569949222,789560641,789560643,789560642],"class_list":["post-59472","post","type-post","status-publish","format-quote","has-post-thumbnail","hentry","category-copa-2026","category-futebol","tag-copa2026","tag-espanha0x0caboverde","tag-livano","tag-vozinha","post_format-post-format-quote"],"yoast_head":"<!-- This site is optimized with the Yoast SEO plugin v28.4 - https:\/\/yoast.com\/product\/yoast-seo-wordpress\/ -->\n<title>Espanha 0 a 0 Cabo Verde, Vozinha fecha o gol - PR\u00d3SPERI NEWS<\/title>\n<meta name=\"robots\" content=\"index, follow, max-snippet:-1, max-image-preview:large, max-video-preview:-1\" \/>\n<link rel=\"canonical\" href=\"https:\/\/blogdoprosperi.com\/?p=59472\" \/>\n<meta property=\"og:locale\" content=\"pt_BR\" \/>\n<meta property=\"og:type\" content=\"article\" \/>\n<meta property=\"og:title\" content=\"Espanha 0 a 0 Cabo Verde, Vozinha fecha o gol - PR\u00d3SPERI NEWS\" \/>\n<meta property=\"og:description\" content=\"&#8220;Sou Vozinha. \u00c9 por causa das minhas av\u00f3s. Eu nunca vivi com meus pais. Quando nasci, meu pai [&hellip;]\" \/>\n<meta property=\"og:url\" content=\"https:\/\/blogdoprosperi.com\/?p=59472\" \/>\n<meta property=\"og:site_name\" content=\"PR\u00d3SPERI NEWS\" \/>\n<meta property=\"article:publisher\" content=\"Luiz Pr\u00f3speri\" \/>\n<meta property=\"article:author\" content=\"Luiz Pr\u00f3speri\" \/>\n<meta property=\"article:published_time\" content=\"2026-06-15T19:28:27+00:00\" \/>\n<meta property=\"og:image\" content=\"https:\/\/i0.wp.com\/blogdoprosperi.com\/wp-content\/uploads\/2026\/06\/Captura-de-Tela-2026-06-15-as-15.17.42.png?fit=1086%2C882&ssl=1\" \/>\n\t<meta property=\"og:image:width\" content=\"1086\" \/>\n\t<meta property=\"og:image:height\" content=\"882\" \/>\n\t<meta property=\"og:image:type\" content=\"image\/png\" \/>\n<meta name=\"author\" content=\"Luiz Ant\u00f4nio Pr\u00f3speri\" \/>\n<meta name=\"twitter:card\" content=\"summary_large_image\" \/>\n<meta name=\"twitter:creator\" content=\"@Luizprosperi\" \/>\n<meta name=\"twitter:site\" content=\"@Luizprosperi\" \/>\n<meta name=\"twitter:label1\" content=\"Escrito por\" \/>\n\t<meta name=\"twitter:data1\" content=\"Luiz Ant\u00f4nio Pr\u00f3speri\" \/>\n\t<meta name=\"twitter:label2\" content=\"Est. tempo de leitura\" \/>\n\t<meta name=\"twitter:data2\" content=\"1 minuto\" \/>\n<script type=\"application\/ld+json\" class=\"yoast-schema-graph\">{\"@context\":\"https:\\\/\\\/schema.org\",\"@graph\":[{\"@type\":\"Article\",\"@id\":\"https:\\\/\\\/blogdoprosperi.com\\\/?p=59472#article\",\"isPartOf\":{\"@id\":\"https:\\\/\\\/blogdoprosperi.com\\\/?p=59472\"},\"author\":{\"name\":\"Luiz Ant\u00f4nio Pr\u00f3speri\",\"@id\":\"https:\\\/\\\/blogdoprosperi.com\\\/#\\\/schema\\\/person\\\/38100755ce3601861ee4fab9b5aa78e9\"},\"headline\":\"Espanha 0 a 0 Cabo Verde, Vozinha fecha o gol\",\"datePublished\":\"2026-06-15T19:28:27+00:00\",\"mainEntityOfPage\":{\"@id\":\"https:\\\/\\\/blogdoprosperi.com\\\/?p=59472\"},\"wordCount\":128,\"commentCount\":0,\"publisher\":{\"@id\":\"https:\\\/\\\/blogdoprosperi.com\\\/#\\\/schema\\\/person\\\/38100755ce3601861ee4fab9b5aa78e9\"},\"image\":{\"@id\":\"https:\\\/\\\/blogdoprosperi.com\\\/?p=59472#primaryimage\"},\"thumbnailUrl\":\"https:\\\/\\\/i0.wp.com\\\/blogdoprosperi.com\\\/wp-content\\\/uploads\\\/2026\\\/06\\\/Captura-de-Tela-2026-06-15-as-15.17.42.png?fit=1086%2C882&ssl=1\",\"keywords\":[\"Copa2026\",\"espanha0x0caboverde\",\"livano\",\"vozinha\"],\"articleSection\":[\"copa 2026\",\"futebol\"],\"inLanguage\":\"pt-BR\",\"potentialAction\":[{\"@type\":\"CommentAction\",\"name\":\"Comment\",\"target\":[\"https:\\\/\\\/blogdoprosperi.com\\\/?p=59472#respond\"]}]},{\"@type\":\"WebPage\",\"@id\":\"https:\\\/\\\/blogdoprosperi.com\\\/?p=59472\",\"url\":\"https:\\\/\\\/blogdoprosperi.com\\\/?p=59472\",\"name\":\"Espanha 0 a 0 Cabo Verde, Vozinha fecha o gol - PR\u00d3SPERI NEWS\",\"isPartOf\":{\"@id\":\"https:\\\/\\\/blogdoprosperi.com\\\/#website\"},\"primaryImageOfPage\":{\"@id\":\"https:\\\/\\\/blogdoprosperi.com\\\/?p=59472#primaryimage\"},\"image\":{\"@id\":\"https:\\\/\\\/blogdoprosperi.com\\\/?p=59472#primaryimage\"},\"thumbnailUrl\":\"https:\\\/\\\/i0.wp.com\\\/blogdoprosperi.com\\\/wp-content\\\/uploads\\\/2026\\\/06\\\/Captura-de-Tela-2026-06-15-as-15.17.42.png?fit=1086%2C882&ssl=1\",\"datePublished\":\"2026-06-15T19:28:27+00:00\",\"breadcrumb\":{\"@id\":\"https:\\\/\\\/blogdoprosperi.com\\\/?p=59472#breadcrumb\"},\"inLanguage\":\"pt-BR\",\"potentialAction\":[{\"@type\":\"ReadAction\",\"target\":[\"https:\\\/\\\/blogdoprosperi.com\\\/?p=59472\"]}]},{\"@type\":\"ImageObject\",\"inLanguage\":\"pt-BR\",\"@id\":\"https:\\\/\\\/blogdoprosperi.com\\\/?p=59472#primaryimage\",\"url\":\"https:\\\/\\\/i0.wp.com\\\/blogdoprosperi.com\\\/wp-content\\\/uploads\\\/2026\\\/06\\\/Captura-de-Tela-2026-06-15-as-15.17.42.png?fit=1086%2C882&ssl=1\",\"contentUrl\":\"https:\\\/\\\/i0.wp.com\\\/blogdoprosperi.com\\\/wp-content\\\/uploads\\\/2026\\\/06\\\/Captura-de-Tela-2026-06-15-as-15.17.42.png?fit=1086%2C882&ssl=1\",\"width\":1086,\"height\":882,\"caption\":\"Vozinha fecha gol de Cabo Verde contra Espanha \u2013 foto: Fifa oficial\"},{\"@type\":\"BreadcrumbList\",\"@id\":\"https:\\\/\\\/blogdoprosperi.com\\\/?p=59472#breadcrumb\",\"itemListElement\":[{\"@type\":\"ListItem\",\"position\":1,\"name\":\"In\u00edcio\",\"item\":\"https:\\\/\\\/blogdoprosperi.com\\\/\"},{\"@type\":\"ListItem\",\"position\":2,\"name\":\"Espanha 0 a 0 Cabo Verde, Vozinha fecha o gol\"}]},{\"@type\":\"WebSite\",\"@id\":\"https:\\\/\\\/blogdoprosperi.com\\\/#website\",\"url\":\"https:\\\/\\\/blogdoprosperi.com\\\/\",\"name\":\"PR\u00d3SPERI NEWS\",\"description\":\"TUDO \u00c9  FUTEBOL\",\"publisher\":{\"@id\":\"https:\\\/\\\/blogdoprosperi.com\\\/#\\\/schema\\\/person\\\/38100755ce3601861ee4fab9b5aa78e9\"},\"alternateName\":\"blogdoprosperi.com\",\"potentialAction\":[{\"@type\":\"SearchAction\",\"target\":{\"@type\":\"EntryPoint\",\"urlTemplate\":\"https:\\\/\\\/blogdoprosperi.com\\\/?s={search_term_string}\"},\"query-input\":{\"@type\":\"PropertyValueSpecification\",\"valueRequired\":true,\"valueName\":\"search_term_string\"}}],\"inLanguage\":\"pt-BR\"},{\"@type\":[\"Person\",\"Organization\"],\"@id\":\"https:\\\/\\\/blogdoprosperi.com\\\/#\\\/schema\\\/person\\\/38100755ce3601861ee4fab9b5aa78e9\",\"name\":\"Luiz Ant\u00f4nio Pr\u00f3speri\",\"pronouns\":\"ele\",\"image\":{\"@type\":\"ImageObject\",\"inLanguage\":\"pt-BR\",\"@id\":\"https:\\\/\\\/i0.wp.com\\\/blogdoprosperi.com\\\/wp-content\\\/uploads\\\/2026\\\/05\\\/cropped-8059e613-6002-42fa-961e-8e275f575d71-2-5.jpg?fit=1360%2C931&ssl=1\",\"url\":\"https:\\\/\\\/i0.wp.com\\\/blogdoprosperi.com\\\/wp-content\\\/uploads\\\/2026\\\/05\\\/cropped-8059e613-6002-42fa-961e-8e275f575d71-2-5.jpg?fit=1360%2C931&ssl=1\",\"contentUrl\":\"https:\\\/\\\/i0.wp.com\\\/blogdoprosperi.com\\\/wp-content\\\/uploads\\\/2026\\\/05\\\/cropped-8059e613-6002-42fa-961e-8e275f575d71-2-5.jpg?fit=1360%2C931&ssl=1\",\"width\":1360,\"height\":931,\"caption\":\"Luiz Ant\u00f4nio Pr\u00f3speri\"},\"logo\":{\"@id\":\"https:\\\/\\\/i0.wp.com\\\/blogdoprosperi.com\\\/wp-content\\\/uploads\\\/2026\\\/05\\\/cropped-8059e613-6002-42fa-961e-8e275f575d71-2-5.jpg?fit=1360%2C931&ssl=1\"},\"description\":\"Jornalista com carreira dedicada ao esporte. Cobriu 9 Copas do Mundo in loco, 1990 na It\u00e1lia, 1994 nos EUA, 1998 na Fran\u00e7a, 2002 na Coreia do Sul e Jap\u00e3o, 2006 na Alemanha, 2010 na \u00c1frica do Sul, 2014 no Brasil, 2018 na R\u00fassia e 2022 no Qatar. Eurocopas, 1992 na Su\u00e9cia e 1996 na Inglaterra. Copa das Confedera\u00e7\u00f5es de 2005 na Alemanha e 2009 na \u00c1frica do Sul. Rep\u00f3rter e Editor, trabalhou no Jornal da Tarde e Estad\u00e3o, de 1984 a fevereiro de 2016. Colunista, blogueiro. E comentarista de futebol na R\u00e1dio Estad\u00e3o, de 2013 a fevereiro de 2016. Jornalista respons\u00e1vel do \\\"Pr\u00f3speri News\\\" (blogdoprosperi.com).\",\"sameAs\":[\"http:\\\/\\\/blogdoprosperi.com\",\"Luiz Pr\u00f3speri\",\"@luiz_prosperi\",\"https:\\\/\\\/x.com\\\/Luizprosperi\",\"@prosperinacopa\",\"luiz.prosperi@icloud.com\"],\"url\":\"https:\\\/\\\/blogdoprosperi.com\\\/?author=102107496\"}]}<\/script>\n<!-- \/ Yoast SEO plugin. -->","yoast_head_json":{"title":"Espanha 0 a 0 Cabo Verde, Vozinha fecha o gol - PR\u00d3SPERI NEWS","robots":{"index":"index","follow":"follow","max-snippet":"max-snippet:-1","max-image-preview":"max-image-preview:large","max-video-preview":"max-video-preview:-1"},"canonical":"https:\/\/blogdoprosperi.com\/?p=59472","og_locale":"pt_BR","og_type":"article","og_title":"Espanha 0 a 0 Cabo Verde, Vozinha fecha o gol - PR\u00d3SPERI NEWS","og_description":"&#8220;Sou Vozinha. \u00c9 por causa das minhas av\u00f3s. Eu nunca vivi com meus pais. Quando nasci, meu pai [&hellip;]","og_url":"https:\/\/blogdoprosperi.com\/?p=59472","og_site_name":"PR\u00d3SPERI NEWS","article_publisher":"Luiz Pr\u00f3speri","article_author":"Luiz Pr\u00f3speri","article_published_time":"2026-06-15T19:28:27+00:00","og_image":[{"width":1086,"height":882,"url":"https:\/\/i0.wp.com\/blogdoprosperi.com\/wp-content\/uploads\/2026\/06\/Captura-de-Tela-2026-06-15-as-15.17.42.png?fit=1086%2C882&ssl=1","type":"image\/png"}],"author":"Luiz Ant\u00f4nio Pr\u00f3speri","twitter_card":"summary_large_image","twitter_creator":"@Luizprosperi","twitter_site":"@Luizprosperi","twitter_misc":{"Escrito por":"Luiz Ant\u00f4nio Pr\u00f3speri","Est. tempo de leitura":"1 minuto"},"schema":{"@context":"https:\/\/schema.org","@graph":[{"@type":"Article","@id":"https:\/\/blogdoprosperi.com\/?p=59472#article","isPartOf":{"@id":"https:\/\/blogdoprosperi.com\/?p=59472"},"author":{"name":"Luiz Ant\u00f4nio Pr\u00f3speri","@id":"https:\/\/blogdoprosperi.com\/#\/schema\/person\/38100755ce3601861ee4fab9b5aa78e9"},"headline":"Espanha 0 a 0 Cabo Verde, Vozinha fecha o gol","datePublished":"2026-06-15T19:28:27+00:00","mainEntityOfPage":{"@id":"https:\/\/blogdoprosperi.com\/?p=59472"},"wordCount":128,"commentCount":0,"publisher":{"@id":"https:\/\/blogdoprosperi.com\/#\/schema\/person\/38100755ce3601861ee4fab9b5aa78e9"},"image":{"@id":"https:\/\/blogdoprosperi.com\/?p=59472#primaryimage"},"thumbnailUrl":"https:\/\/i0.wp.com\/blogdoprosperi.com\/wp-content\/uploads\/2026\/06\/Captura-de-Tela-2026-06-15-as-15.17.42.png?fit=1086%2C882&ssl=1","keywords":["Copa2026","espanha0x0caboverde","livano","vozinha"],"articleSection":["copa 2026","futebol"],"inLanguage":"pt-BR","potentialAction":[{"@type":"CommentAction","name":"Comment","target":["https:\/\/blogdoprosperi.com\/?p=59472#respond"]}]},{"@type":"WebPage","@id":"https:\/\/blogdoprosperi.com\/?p=59472","url":"https:\/\/blogdoprosperi.com\/?p=59472","name":"Espanha 0 a 0 Cabo Verde, Vozinha fecha o gol - PR\u00d3SPERI NEWS","isPartOf":{"@id":"https:\/\/blogdoprosperi.com\/#website"},"primaryImageOfPage":{"@id":"https:\/\/blogdoprosperi.com\/?p=59472#primaryimage"},"image":{"@id":"https:\/\/blogdoprosperi.com\/?p=59472#primaryimage"},"thumbnailUrl":"https:\/\/i0.wp.com\/blogdoprosperi.com\/wp-content\/uploads\/2026\/06\/Captura-de-Tela-2026-06-15-as-15.17.42.png?fit=1086%2C882&ssl=1","datePublished":"2026-06-15T19:28:27+00:00","breadcrumb":{"@id":"https:\/\/blogdoprosperi.com\/?p=59472#breadcrumb"},"inLanguage":"pt-BR","potentialAction":[{"@type":"ReadAction","target":["https:\/\/blogdoprosperi.com\/?p=59472"]}]},{"@type":"ImageObject","inLanguage":"pt-BR","@id":"https:\/\/blogdoprosperi.com\/?p=59472#primaryimage","url":"https:\/\/i0.wp.com\/blogdoprosperi.com\/wp-content\/uploads\/2026\/06\/Captura-de-Tela-2026-06-15-as-15.17.42.png?fit=1086%2C882&ssl=1","contentUrl":"https:\/\/i0.wp.com\/blogdoprosperi.com\/wp-content\/uploads\/2026\/06\/Captura-de-Tela-2026-06-15-as-15.17.42.png?fit=1086%2C882&ssl=1","width":1086,"height":882,"caption":"Vozinha fecha gol de Cabo Verde contra Espanha \u2013 foto: Fifa oficial"},{"@type":"BreadcrumbList","@id":"https:\/\/blogdoprosperi.com\/?p=59472#breadcrumb","itemListElement":[{"@type":"ListItem","position":1,"name":"In\u00edcio","item":"https:\/\/blogdoprosperi.com\/"},{"@type":"ListItem","position":2,"name":"Espanha 0 a 0 Cabo Verde, Vozinha fecha o gol"}]},{"@type":"WebSite","@id":"https:\/\/blogdoprosperi.com\/#website","url":"https:\/\/blogdoprosperi.com\/","name":"PR\u00d3SPERI NEWS","description":"TUDO \u00c9  FUTEBOL","publisher":{"@id":"https:\/\/blogdoprosperi.com\/#\/schema\/person\/38100755ce3601861ee4fab9b5aa78e9"},"alternateName":"blogdoprosperi.com","potentialAction":[{"@type":"SearchAction","target":{"@type":"EntryPoint","urlTemplate":"https:\/\/blogdoprosperi.com\/?s={search_term_string}"},"query-input":{"@type":"PropertyValueSpecification","valueRequired":true,"valueName":"search_term_string"}}],"inLanguage":"pt-BR"},{"@type":["Person","Organization"],"@id":"https:\/\/blogdoprosperi.com\/#\/schema\/person\/38100755ce3601861ee4fab9b5aa78e9","name":"Luiz Ant\u00f4nio Pr\u00f3speri","pronouns":"ele","image":{"@type":"ImageObject","inLanguage":"pt-BR","@id":"https:\/\/i0.wp.com\/blogdoprosperi.com\/wp-content\/uploads\/2026\/05\/cropped-8059e613-6002-42fa-961e-8e275f575d71-2-5.jpg?fit=1360%2C931&ssl=1","url":"https:\/\/i0.wp.com\/blogdoprosperi.com\/wp-content\/uploads\/2026\/05\/cropped-8059e613-6002-42fa-961e-8e275f575d71-2-5.jpg?fit=1360%2C931&ssl=1","contentUrl":"https:\/\/i0.wp.com\/blogdoprosperi.com\/wp-content\/uploads\/2026\/05\/cropped-8059e613-6002-42fa-961e-8e275f575d71-2-5.jpg?fit=1360%2C931&ssl=1","width":1360,"height":931,"caption":"Luiz Ant\u00f4nio Pr\u00f3speri"},"logo":{"@id":"https:\/\/i0.wp.com\/blogdoprosperi.com\/wp-content\/uploads\/2026\/05\/cropped-8059e613-6002-42fa-961e-8e275f575d71-2-5.jpg?fit=1360%2C931&ssl=1"},"description":"Jornalista com carreira dedicada ao esporte. Cobriu 9 Copas do Mundo in loco, 1990 na It\u00e1lia, 1994 nos EUA, 1998 na Fran\u00e7a, 2002 na Coreia do Sul e Jap\u00e3o, 2006 na Alemanha, 2010 na \u00c1frica do Sul, 2014 no Brasil, 2018 na R\u00fassia e 2022 no Qatar. Eurocopas, 1992 na Su\u00e9cia e 1996 na Inglaterra. Copa das Confedera\u00e7\u00f5es de 2005 na Alemanha e 2009 na \u00c1frica do Sul. Rep\u00f3rter e Editor, trabalhou no Jornal da Tarde e Estad\u00e3o, de 1984 a fevereiro de 2016. Colunista, blogueiro. E comentarista de futebol na R\u00e1dio Estad\u00e3o, de 2013 a fevereiro de 2016. Jornalista respons\u00e1vel do \"Pr\u00f3speri News\" (blogdoprosperi.com).","sameAs":["http:\/\/blogdoprosperi.com","Luiz Pr\u00f3speri","@luiz_prosperi","https:\/\/x.com\/Luizprosperi","@prosperinacopa","luiz.prosperi@icloud.com"],"url":"https:\/\/blogdoprosperi.com\/?author=102107496"}]}},"jetpack_publicize_connections":[],"jetpack_likes_enabled":false,"jetpack_sharing_enabled":true,"jetpack_shortlink":"https:\/\/wp.me\/p7jvdk-fte","jetpack-related-posts":[{"id":59955,"url":"https:\/\/blogdoprosperi.com\/?p=59955","url_meta":{"origin":59472,"position":0},"title":"Vozinha e os Tubar\u00f5es Azuis de Cabo Verde aguardam Messi em Miami","author":"Luiz Ant\u00f4nio Pr\u00f3speri","date":"27 de junho de 2026","format":false,"excerpt":"Luiz Ant\u00f4nio Pr\u00f3speri, de Morristown, 26 junho 2026 (23h37) Cabo Verde \u00e9 a a hist\u00f3ria mais extraordin\u00e1ria da Copa 2026 at\u00e9 aqui. N\u00e3o por acaso, seus jogadores e torcida celebraram o empate sem gols contra Ar\u00e1bia Saudita como uma festa de alforria, sexta-feira (26\/6), em Houston. Se libertam da pecha\u2026","rel":"","context":"Em &quot;futebol&quot;","block_context":{"text":"futebol","link":"https:\/\/blogdoprosperi.com\/?cat=53870"},"img":{"alt_text":"","src":"https:\/\/i0.wp.com\/blogdoprosperi.com\/wp-content\/uploads\/2026\/06\/HLyXKxwW8AAm72L.jpeg?fit=1200%2C675&ssl=1&resize=350%2C200","width":350,"height":200,"srcset":"https:\/\/i0.wp.com\/blogdoprosperi.com\/wp-content\/uploads\/2026\/06\/HLyXKxwW8AAm72L.jpeg?fit=1200%2C675&ssl=1&resize=350%2C200 1x, https:\/\/i0.wp.com\/blogdoprosperi.com\/wp-content\/uploads\/2026\/06\/HLyXKxwW8AAm72L.jpeg?fit=1200%2C675&ssl=1&resize=525%2C300 1.5x, https:\/\/i0.wp.com\/blogdoprosperi.com\/wp-content\/uploads\/2026\/06\/HLyXKxwW8AAm72L.jpeg?fit=1200%2C675&ssl=1&resize=700%2C400 2x, https:\/\/i0.wp.com\/blogdoprosperi.com\/wp-content\/uploads\/2026\/06\/HLyXKxwW8AAm72L.jpeg?fit=1200%2C675&ssl=1&resize=1050%2C600 3x"},"classes":[]},{"id":60898,"url":"https:\/\/blogdoprosperi.com\/?p=60898","url_meta":{"origin":59472,"position":1},"title":"A Copa Que Eu Vi (parte 1): depoimento","author":"Luiz Ant\u00f4nio Pr\u00f3speri","date":"20 de julho de 2026","format":false,"excerpt":"Luiz Ant\u00f4nio Pr\u00f3speri \u2013 20 julho 2026 (15h30) Rodri ergue a ta\u00e7a de campe\u00e3o da Copa do Mundo de 2026 por volta das 19h (hor\u00e1rio de Brasilia), domingo (19\/7), no est\u00e1dio MetLife, nas cercanias de New Jersey e New York. Jogadores da Espanha pulam de alegria emoldurando o gesto do\u2026","rel":"","context":"Em &quot;copa 2026&quot;","block_context":{"text":"copa 2026","link":"https:\/\/blogdoprosperi.com\/?cat=36820279"},"img":{"alt_text":"","src":"https:\/\/i0.wp.com\/blogdoprosperi.com\/wp-content\/uploads\/2026\/07\/Captura-de-Tela-2026-07-20-as-15.44.40.png?fit=924%2C836&ssl=1&resize=350%2C200","width":350,"height":200,"srcset":"https:\/\/i0.wp.com\/blogdoprosperi.com\/wp-content\/uploads\/2026\/07\/Captura-de-Tela-2026-07-20-as-15.44.40.png?fit=924%2C836&ssl=1&resize=350%2C200 1x, https:\/\/i0.wp.com\/blogdoprosperi.com\/wp-content\/uploads\/2026\/07\/Captura-de-Tela-2026-07-20-as-15.44.40.png?fit=924%2C836&ssl=1&resize=525%2C300 1.5x, https:\/\/i0.wp.com\/blogdoprosperi.com\/wp-content\/uploads\/2026\/07\/Captura-de-Tela-2026-07-20-as-15.44.40.png?fit=924%2C836&ssl=1&resize=700%2C400 2x"},"classes":[]},{"id":60138,"url":"https:\/\/blogdoprosperi.com\/?p=60138","url_meta":{"origin":59472,"position":2},"title":"Messi acaricia, Mabapp\u00e9 n\u00e3o perdoa","author":"Luiz Ant\u00f4nio Pr\u00f3speri","date":"5 de julho de 2026","format":false,"excerpt":"Mbapp\u00e9 n\u00e3o d\u00e1 tr\u00e9gua a Messi. Se o argentino faz um gol, o franc\u00eas repete a dose. Os dois disputam a Bola de Ouro de artilheiro da Copa 2026. Os dois t\u00eam sete gols cada um. Messi deixa o dele n\u00e3o vit\u00f3ria ag\u00f4nica (3 a 2) da Argentina contra o\u2026","rel":"","context":"Em &quot;copa 2026&quot;","block_context":{"text":"copa 2026","link":"https:\/\/blogdoprosperi.com\/?cat=36820279"},"img":{"alt_text":"","src":"https:\/\/i0.wp.com\/blogdoprosperi.com\/wp-content\/uploads\/2026\/07\/Captura-de-Tela-2026-07-04-as-22.53.40.png?fit=1200%2C910&ssl=1&resize=350%2C200","width":350,"height":200,"srcset":"https:\/\/i0.wp.com\/blogdoprosperi.com\/wp-content\/uploads\/2026\/07\/Captura-de-Tela-2026-07-04-as-22.53.40.png?fit=1200%2C910&ssl=1&resize=350%2C200 1x, https:\/\/i0.wp.com\/blogdoprosperi.com\/wp-content\/uploads\/2026\/07\/Captura-de-Tela-2026-07-04-as-22.53.40.png?fit=1200%2C910&ssl=1&resize=525%2C300 1.5x, https:\/\/i0.wp.com\/blogdoprosperi.com\/wp-content\/uploads\/2026\/07\/Captura-de-Tela-2026-07-04-as-22.53.40.png?fit=1200%2C910&ssl=1&resize=700%2C400 2x, https:\/\/i0.wp.com\/blogdoprosperi.com\/wp-content\/uploads\/2026\/07\/Captura-de-Tela-2026-07-04-as-22.53.40.png?fit=1200%2C910&ssl=1&resize=1050%2C600 3x"},"classes":[]},{"id":62081,"url":"https:\/\/blogdoprosperi.com\/?p=62081","url_meta":{"origin":59472,"position":3},"title":"Messi deixa em d\u00favida seu futuro no futebol em carta emocionada a seu pai, que faleceu h\u00e1 uma semana","author":"Luiz Ant\u00f4nio Pr\u00f3speri","date":"12 de agosto de 2026","format":false,"excerpt":"Luiz Ant\u00f4nio Pr\u00f3speri \u2013 12 agosto 2026 (14h59) \u00a0 Acompanhe depoimento de Lionel Messi, 39 anos, em mensagem no Instagram oficial quando deixa em d\u00favida seu futuro no futebol ap\u00f3s morte de seu pai, Jorge Messi, aos 68 anos, na semana passada: \"Pai, ainda n\u00e3o consigo acreditar que voc\u00ea se\u2026","rel":"","context":"Em &quot;\u00daltimas&quot;","block_context":{"text":"\u00daltimas","link":"https:\/\/blogdoprosperi.com\/?cat=283656"},"img":{"alt_text":"","src":"https:\/\/i0.wp.com\/blogdoprosperi.com\/wp-content\/uploads\/2026\/07\/sqExHSRB.jpeg?fit=1200%2C675&ssl=1&resize=350%2C200","width":350,"height":200,"srcset":"https:\/\/i0.wp.com\/blogdoprosperi.com\/wp-content\/uploads\/2026\/07\/sqExHSRB.jpeg?fit=1200%2C675&ssl=1&resize=350%2C200 1x, https:\/\/i0.wp.com\/blogdoprosperi.com\/wp-content\/uploads\/2026\/07\/sqExHSRB.jpeg?fit=1200%2C675&ssl=1&resize=525%2C300 1.5x, https:\/\/i0.wp.com\/blogdoprosperi.com\/wp-content\/uploads\/2026\/07\/sqExHSRB.jpeg?fit=1200%2C675&ssl=1&resize=700%2C400 2x, https:\/\/i0.wp.com\/blogdoprosperi.com\/wp-content\/uploads\/2026\/07\/sqExHSRB.jpeg?fit=1200%2C675&ssl=1&resize=1050%2C600 3x"},"classes":[]},{"id":45180,"url":"https:\/\/blogdoprosperi.com\/?p=45180","url_meta":{"origin":59472,"position":4},"title":"Memphis do Corinthians: &#8220;Minha Raz\u00e3o de Estar Aqui \u00e9 Maior do que o Futebol&#8221;","author":"Luiz Ant\u00f4nio Pr\u00f3speri","date":"12 de setembro de 2024","format":false,"excerpt":"Luiz Ant\u00f4nio Pr\u00f3speri \u2013 12 setembro (14h20) \"N\u00f3s precisamos reconhecer de onde vem o futebol aut\u00eantico. Muitas estrelas do mundo v\u00eam do Brasil, conhecemos grandes jogadores brasileiros. Aqui \u00e9 a Meca do futebol, o jogo bonito est\u00e1 aqui. As crian\u00e7as na Europa buscam por jogadores daqui, at\u00e9 pela forma como\u2026","rel":"","context":"Em &quot;futebol&quot;","block_context":{"text":"futebol","link":"https:\/\/blogdoprosperi.com\/?cat=53870"},"img":{"alt_text":"","src":"https:\/\/i0.wp.com\/blogdoprosperi.com\/wp-content\/uploads\/2024\/09\/459514102_1099709868185043_856018336295394707_n.jpg?fit=1200%2C800&ssl=1&resize=350%2C200","width":350,"height":200,"srcset":"https:\/\/i0.wp.com\/blogdoprosperi.com\/wp-content\/uploads\/2024\/09\/459514102_1099709868185043_856018336295394707_n.jpg?fit=1200%2C800&ssl=1&resize=350%2C200 1x, https:\/\/i0.wp.com\/blogdoprosperi.com\/wp-content\/uploads\/2024\/09\/459514102_1099709868185043_856018336295394707_n.jpg?fit=1200%2C800&ssl=1&resize=525%2C300 1.5x, https:\/\/i0.wp.com\/blogdoprosperi.com\/wp-content\/uploads\/2024\/09\/459514102_1099709868185043_856018336295394707_n.jpg?fit=1200%2C800&ssl=1&resize=700%2C400 2x, https:\/\/i0.wp.com\/blogdoprosperi.com\/wp-content\/uploads\/2024\/09\/459514102_1099709868185043_856018336295394707_n.jpg?fit=1200%2C800&ssl=1&resize=1050%2C600 3x"},"classes":[]},{"id":35632,"url":"https:\/\/blogdoprosperi.com\/?p=35632","url_meta":{"origin":59472,"position":5},"title":"Pottker, o terror dos advers\u00e1rios da Ponte","author":"Luiz Ant\u00f4nio Pr\u00f3speri","date":"22 de abril de 2017","format":false,"excerpt":"William Pottker tem 23 anos, \u00e9 casado, tem sete irm\u00e3os e sustenta a fam\u00edlia inteira com o que ganha no futebol. Est\u00e1 nessa vida de boleiro desde os 11 anos quando procurou um clube para virar jogador profissional. Quem acompanha esse atacante robusto, de 74 quilos, 1,80 de altura, sabe\u2026","rel":"","context":"Em &quot;futebol&quot;","block_context":{"text":"futebol","link":"https:\/\/blogdoprosperi.com\/?cat=53870"},"img":{"alt_text":"","src":"https:\/\/i0.wp.com\/blogdoprosperi.com\/wp-content\/uploads\/2017\/04\/622_5e4d139f-ec8b-3a4f-bc8e-0729d5cc7489.jpg?fit=622%2C350&ssl=1&resize=350%2C200","width":350,"height":200,"srcset":"https:\/\/i0.wp.com\/blogdoprosperi.com\/wp-content\/uploads\/2017\/04\/622_5e4d139f-ec8b-3a4f-bc8e-0729d5cc7489.jpg?fit=622%2C350&ssl=1&resize=350%2C200 1x, https:\/\/i0.wp.com\/blogdoprosperi.com\/wp-content\/uploads\/2017\/04\/622_5e4d139f-ec8b-3a4f-bc8e-0729d5cc7489.jpg?fit=622%2C350&ssl=1&resize=525%2C300 1.5x"},"classes":[]}],"jetpack_featured_media_url":"https:\/\/i0.wp.com\/blogdoprosperi.com\/wp-content\/uploads\/2026\/06\/Captura-de-Tela-2026-06-15-as-15.17.42.png?fit=1086%2C882&ssl=1","_links":{"self":[{"href":"https:\/\/blogdoprosperi.com\/index.php?rest_route=\/wp\/v2\/posts\/59472","targetHints":{"allow":["GET"]}}],"collection":[{"href":"https:\/\/blogdoprosperi.com\/index.php?rest_route=\/wp\/v2\/posts"}],"about":[{"href":"https:\/\/blogdoprosperi.com\/index.php?rest_route=\/wp\/v2\/types\/post"}],"author":[{"embeddable":true,"href":"https:\/\/blogdoprosperi.com\/index.php?rest_route=\/wp\/v2\/users\/102107496"}],"replies":[{"embeddable":true,"href":"https:\/\/blogdoprosperi.com\/index.php?rest_route=%2Fwp%2Fv2%2Fcomments&post=59472"}],"version-history":[{"count":7,"href":"https:\/\/blogdoprosperi.com\/index.php?rest_route=\/wp\/v2\/posts\/59472\/revisions"}],"predecessor-version":[{"id":59480,"href":"https:\/\/blogdoprosperi.com\/index.php?rest_route=\/wp\/v2\/posts\/59472\/revisions\/59480"}],"wp:featuredmedia":[{"embeddable":true,"href":"https:\/\/blogdoprosperi.com\/index.php?rest_route=\/wp\/v2\/media\/59474"}],"wp:attachment":[{"href":"https:\/\/blogdoprosperi.com\/index.php?rest_route=%2Fwp%2Fv2%2Fmedia&parent=59472"}],"wp:term":[{"taxonomy":"category","embeddable":true,"href":"https:\/\/blogdoprosperi.com\/index.php?rest_route=%2Fwp%2Fv2%2Fcategories&post=59472"},{"taxonomy":"post_tag","embeddable":true,"href":"https:\/\/blogdoprosperi.com\/index.php?rest_route=%2Fwp%2Fv2%2Ftags&post=59472"}],"curies":[{"name":"wp","href":"https:\/\/api.w.org\/{rel}","templated":true}]}}