{"id":59556,"date":"2026-06-18T13:59:40","date_gmt":"2026-06-18T16:59:40","guid":{"rendered":"https:\/\/blogdoprosperi.com\/?p=59556"},"modified":"2026-06-23T16:58:59","modified_gmt":"2026-06-23T19:58:59","slug":"as-capivaras-e-neymar","status":"publish","type":"post","link":"https:\/\/blogdoprosperi.com\/?p=59556","title":{"rendered":"As capivaras e Neymar"},"content":{"rendered":"<p><em>Luiz Ant\u00f4nio Pr\u00f3speri, de Morristown, 18 junho 2026 (12h43)<\/em><\/p>\n<p>Todos felizes. Todos jogadores, Ancelotti e seu comissariado est\u00e3o no campo prontos a iniciar os treinamentos nesta quinta-feira (18\/6) de manh\u00e3 nublada no CT Red Bull, cercanias de Morristown. Nada de Neymar. Pouco depois, o craque entra sozinho. Come\u00e7o de uma ilus\u00e3o na v\u00e9spera de o Brasil enfrentar Haiti, jogo decisivo, na Philadelphia.<\/p>\n<p>Neymar \u00e9 o \u00faltimo a pisar no mato verde rasteiro. Praxe das estrelas ou do Sol em treinamentos da Sele\u00e7\u00e3o Brasileira. Os diferentes entram por \u00faltimo. Neymar se junta aos companheiros, largo sorriso. Formam a roda de bobinho. Se divertem de bobinhos.<\/p>\n<p>Da cerca de alambrados de ferro para fora do campo, estamos todos ali. Centenas de celulares modo v\u00eddeo empunhados, potentes c\u00e2meras de TV fincadas no ch\u00e3o apoiadas em trip\u00e9s. Todos ca\u00e7am imagens do Sol Neymar. Deitam coment\u00e1rios e an\u00e1lises imediatas do futuro agora da Sele\u00e7\u00e3o. Ex-jogadores de curr\u00edculo, o tetracampe\u00e3o Zinho, atacante Casagrande, jornalistas mais experientes com bagagem de cobertura de oito, dez Copas, rep\u00f3rteres imberbes, mo\u00e7as jornalistas, influencers, m\u00eddia internacional. Neymar de novo na boca de v\u00eddeos de todo o mundo.<\/p>\n<p>Vem o aviso dos abnegados funcion\u00e1rios da CBF. Quinze minutos. Hora de se retirar. Os 15 minutos mais famosos da Copa 2026. Rotina di\u00e1ria nos treinamentos do escrete em Morristown.<\/p>\n<p>Todos juntamos os equipamentos, trip\u00e9s, mochilas, c\u00e2meras, microfones. Caminhamos em dire\u00e7\u00e3o ao port\u00e3o de sa\u00edda do CT. Um olhar de um drone sugere a caminhada das capivaras. Costas curvadas ao peso dos instrumentos de trabalho.<\/p>\n<p>De repente se tem um estouro na manada. Capivaras se espalham. A mensagem entra no zap: Comunicado oficial da CBF<\/p>\n<p>&#8220;O atleta Neymar n\u00e3o viajar\u00e1 com a delega\u00e7\u00e3o para a Filadelfia.<\/p>\n<p>Ele ficar\u00e1 em New Jersey para otimizar a fase final do seu processo de recupera\u00e7\u00e3o, fazendo uso das estruturas de excel\u00eancia do hotel The Ride e do CT Columbia Park&#8221;.<\/p>\n<p>A not\u00edcia obriga as capivaras a reverem suas an\u00e1lises, a regravar seus v\u00eddeos, a refazer os posts nas redes sociais&#8230; revirar o mundo.<\/p>\n<p>Neymar est\u00e1 fora do jogo decisivo do Brasil contra o Haiti.<\/p>\n<p>Pode ser que fique pronto para pegar a Esc\u00f3cia, dia 24, em Miami. Ou s\u00f3 na fase de mata-mata.<\/p>\n<p>Ref\u00e9ns da saga do Sol Neymar, escrevemos mais um epis\u00f3dio dessa s\u00e9rie intermin\u00e1vel.<\/p>\n<p>Capivaras sobrevivem dessas migalhas.<\/p>\n<p>Recorremos \u00e0 Intelig\u00eancia Artificial. L\u00e1 diz do que se alimenta uma capivara:<\/p>\n<p>&#8220;A capivara \u00e9 um animal herb\u00edvoro que se alimenta principalmente de capim, gram\u00edneas e vegeta\u00e7\u00e3o aqu\u00e1tica. O nome &#8220;capivara&#8221; tem origem tupi-guarani e significa exatamente &#8220;comedor de capim&#8221;.<\/p>\n<p>Sim, nosso alimento vem de onde Neymar pisa.<\/p>\n<hr \/>\n<p><em>acompanhe tudo da Sele\u00e7\u00e3o Brasileira no canal YouTube: <\/em><span style=\"color: #0000ff;\"><strong><a class=\"yt-simple-endpoint style-scope ytd-about-channel-renderer\" style=\"color: #0000ff;\" href=\"http:\/\/www.youtube.com\/@prosperinacopa\">www.youtube.com\/@prosperinacopa<\/a><\/strong><\/span><\/p>\n","protected":false},"excerpt":{"rendered":"<p>Luiz Ant\u00f4nio Pr\u00f3speri, de Morristown, 18 junho 2026 (12h43) Todos felizes. Todos jogadores, Ancelotti e seu comissariado est\u00e3o [&hellip;]<\/p>\n","protected":false},"author":102107496,"featured_media":59565,"comment_status":"open","ping_status":"open","sticky":false,"template":"","format":"standard","meta":{"_coblocks_attr":"","_coblocks_dimensions":"","_coblocks_responsive_height":"","_coblocks_accordion_ie_support":"","_jetpack_newsletter_access":"","_jetpack_dont_email_post_to_subs":false,"_jetpack_newsletter_tier_id":0,"_jetpack_memberships_contains_paywalled_content":false,"_wpcom_ai_launchpad_first_post":false,"_jetpack_feature_clip_id":0,"_jetpack_memberships_contains_paid_content":false,"footnotes":"","jetpack_publicize_message":"","jetpack_publicize_feature_enabled":true,"jetpack_social_post_already_shared":true,"jetpack_social_options":{"image_generator_settings":{"template":"highway","default_image_id":0,"font":"","enabled":false},"version":2},"jetpack_post_was_ever_published":false},"categories":[36820279,53870,5078],"tags":[785852018,789560647,789560569,569949222,4112146],"class_list":["post-59556","post","type-post","status-publish","format-standard","has-post-thumbnail","hentry","category-copa-2026","category-futebol","category-sem-categoria","tag-brasilxhaiti","tag-capivaras","tag-cbf","tag-copa2026","tag-neymar"],"yoast_head":"<!-- This site is optimized with the Yoast SEO plugin v28.3 - https:\/\/yoast.com\/product\/yoast-seo-wordpress\/ -->\n<title>As capivaras e Neymar - PR\u00d3SPERI NEWS<\/title>\n<meta name=\"robots\" content=\"index, follow, max-snippet:-1, max-image-preview:large, max-video-preview:-1\" \/>\n<link rel=\"canonical\" href=\"https:\/\/blogdoprosperi.com\/?p=59556\" \/>\n<meta property=\"og:locale\" content=\"pt_BR\" \/>\n<meta property=\"og:type\" content=\"article\" \/>\n<meta property=\"og:title\" content=\"As capivaras e Neymar - PR\u00d3SPERI NEWS\" \/>\n<meta property=\"og:description\" content=\"Luiz Ant\u00f4nio Pr\u00f3speri, de Morristown, 18 junho 2026 (12h43) Todos felizes. Todos jogadores, Ancelotti e seu comissariado est\u00e3o [&hellip;]\" \/>\n<meta property=\"og:url\" content=\"https:\/\/blogdoprosperi.com\/?p=59556\" \/>\n<meta property=\"og:site_name\" content=\"PR\u00d3SPERI NEWS\" \/>\n<meta property=\"article:publisher\" content=\"Luiz Pr\u00f3speri\" \/>\n<meta property=\"article:author\" content=\"Luiz Pr\u00f3speri\" \/>\n<meta property=\"article:published_time\" content=\"2026-06-18T16:59:40+00:00\" \/>\n<meta property=\"article:modified_time\" content=\"2026-06-23T19:58:59+00:00\" \/>\n<meta property=\"og:image\" content=\"https:\/\/i0.wp.com\/blogdoprosperi.com\/wp-content\/uploads\/2026\/06\/Captura-de-Tela-2026-06-18-as-12.49.52.png?fit=912%2C488&ssl=1\" \/>\n\t<meta property=\"og:image:width\" content=\"912\" \/>\n\t<meta property=\"og:image:height\" content=\"488\" \/>\n\t<meta property=\"og:image:type\" content=\"image\/png\" \/>\n<meta name=\"author\" content=\"Luiz Ant\u00f4nio Pr\u00f3speri\" \/>\n<meta name=\"twitter:card\" content=\"summary_large_image\" \/>\n<meta name=\"twitter:creator\" content=\"@Luizprosperi\" \/>\n<meta name=\"twitter:site\" content=\"@Luizprosperi\" \/>\n<meta name=\"twitter:label1\" content=\"Escrito por\" \/>\n\t<meta name=\"twitter:data1\" content=\"Luiz Ant\u00f4nio Pr\u00f3speri\" \/>\n\t<meta name=\"twitter:label2\" content=\"Est. tempo de leitura\" \/>\n\t<meta name=\"twitter:data2\" content=\"2 minutos\" \/>\n<script type=\"application\/ld+json\" class=\"yoast-schema-graph\">{\"@context\":\"https:\\\/\\\/schema.org\",\"@graph\":[{\"@type\":\"Article\",\"@id\":\"https:\\\/\\\/blogdoprosperi.com\\\/?p=59556#article\",\"isPartOf\":{\"@id\":\"https:\\\/\\\/blogdoprosperi.com\\\/?p=59556\"},\"author\":{\"name\":\"Luiz Ant\u00f4nio Pr\u00f3speri\",\"@id\":\"https:\\\/\\\/blogdoprosperi.com\\\/#\\\/schema\\\/person\\\/38100755ce3601861ee4fab9b5aa78e9\"},\"headline\":\"As capivaras e Neymar\",\"datePublished\":\"2026-06-18T16:59:40+00:00\",\"dateModified\":\"2026-06-23T19:58:59+00:00\",\"mainEntityOfPage\":{\"@id\":\"https:\\\/\\\/blogdoprosperi.com\\\/?p=59556\"},\"wordCount\":483,\"commentCount\":0,\"publisher\":{\"@id\":\"https:\\\/\\\/blogdoprosperi.com\\\/#\\\/schema\\\/person\\\/38100755ce3601861ee4fab9b5aa78e9\"},\"image\":{\"@id\":\"https:\\\/\\\/blogdoprosperi.com\\\/?p=59556#primaryimage\"},\"thumbnailUrl\":\"https:\\\/\\\/i0.wp.com\\\/blogdoprosperi.com\\\/wp-content\\\/uploads\\\/2026\\\/06\\\/Captura-de-Tela-2026-06-18-as-12.49.52.png?fit=912%2C488&ssl=1\",\"keywords\":[\"brasilxhaiti\",\"capivaras\",\"CBF\",\"Copa2026\",\"Neymar\"],\"articleSection\":[\"copa 2026\",\"futebol\"],\"inLanguage\":\"pt-BR\",\"potentialAction\":[{\"@type\":\"CommentAction\",\"name\":\"Comment\",\"target\":[\"https:\\\/\\\/blogdoprosperi.com\\\/?p=59556#respond\"]}]},{\"@type\":\"WebPage\",\"@id\":\"https:\\\/\\\/blogdoprosperi.com\\\/?p=59556\",\"url\":\"https:\\\/\\\/blogdoprosperi.com\\\/?p=59556\",\"name\":\"As capivaras e Neymar - PR\u00d3SPERI NEWS\",\"isPartOf\":{\"@id\":\"https:\\\/\\\/blogdoprosperi.com\\\/#website\"},\"primaryImageOfPage\":{\"@id\":\"https:\\\/\\\/blogdoprosperi.com\\\/?p=59556#primaryimage\"},\"image\":{\"@id\":\"https:\\\/\\\/blogdoprosperi.com\\\/?p=59556#primaryimage\"},\"thumbnailUrl\":\"https:\\\/\\\/i0.wp.com\\\/blogdoprosperi.com\\\/wp-content\\\/uploads\\\/2026\\\/06\\\/Captura-de-Tela-2026-06-18-as-12.49.52.png?fit=912%2C488&ssl=1\",\"datePublished\":\"2026-06-18T16:59:40+00:00\",\"dateModified\":\"2026-06-23T19:58:59+00:00\",\"breadcrumb\":{\"@id\":\"https:\\\/\\\/blogdoprosperi.com\\\/?p=59556#breadcrumb\"},\"inLanguage\":\"pt-BR\",\"potentialAction\":[{\"@type\":\"ReadAction\",\"target\":[\"https:\\\/\\\/blogdoprosperi.com\\\/?p=59556\"]}]},{\"@type\":\"ImageObject\",\"inLanguage\":\"pt-BR\",\"@id\":\"https:\\\/\\\/blogdoprosperi.com\\\/?p=59556#primaryimage\",\"url\":\"https:\\\/\\\/i0.wp.com\\\/blogdoprosperi.com\\\/wp-content\\\/uploads\\\/2026\\\/06\\\/Captura-de-Tela-2026-06-18-as-12.49.52.png?fit=912%2C488&ssl=1\",\"contentUrl\":\"https:\\\/\\\/i0.wp.com\\\/blogdoprosperi.com\\\/wp-content\\\/uploads\\\/2026\\\/06\\\/Captura-de-Tela-2026-06-18-as-12.49.52.png?fit=912%2C488&ssl=1\",\"width\":912,\"height\":488,\"caption\":\"Neymar fora do jogo contra Haiti \u2013 foto: CBF oficial\"},{\"@type\":\"BreadcrumbList\",\"@id\":\"https:\\\/\\\/blogdoprosperi.com\\\/?p=59556#breadcrumb\",\"itemListElement\":[{\"@type\":\"ListItem\",\"position\":1,\"name\":\"In\u00edcio\",\"item\":\"https:\\\/\\\/blogdoprosperi.com\\\/\"},{\"@type\":\"ListItem\",\"position\":2,\"name\":\"As capivaras e Neymar\"}]},{\"@type\":\"WebSite\",\"@id\":\"https:\\\/\\\/blogdoprosperi.com\\\/#website\",\"url\":\"https:\\\/\\\/blogdoprosperi.com\\\/\",\"name\":\"PR\u00d3SPERI NEWS\",\"description\":\"TUDO \u00c9  FUTEBOL\",\"publisher\":{\"@id\":\"https:\\\/\\\/blogdoprosperi.com\\\/#\\\/schema\\\/person\\\/38100755ce3601861ee4fab9b5aa78e9\"},\"alternateName\":\"blogdoprosperi.com\",\"potentialAction\":[{\"@type\":\"SearchAction\",\"target\":{\"@type\":\"EntryPoint\",\"urlTemplate\":\"https:\\\/\\\/blogdoprosperi.com\\\/?s={search_term_string}\"},\"query-input\":{\"@type\":\"PropertyValueSpecification\",\"valueRequired\":true,\"valueName\":\"search_term_string\"}}],\"inLanguage\":\"pt-BR\"},{\"@type\":[\"Person\",\"Organization\"],\"@id\":\"https:\\\/\\\/blogdoprosperi.com\\\/#\\\/schema\\\/person\\\/38100755ce3601861ee4fab9b5aa78e9\",\"name\":\"Luiz Ant\u00f4nio Pr\u00f3speri\",\"pronouns\":\"ele\",\"image\":{\"@type\":\"ImageObject\",\"inLanguage\":\"pt-BR\",\"@id\":\"https:\\\/\\\/i0.wp.com\\\/blogdoprosperi.com\\\/wp-content\\\/uploads\\\/2026\\\/05\\\/cropped-8059e613-6002-42fa-961e-8e275f575d71-2-5.jpg?fit=1360%2C931&ssl=1\",\"url\":\"https:\\\/\\\/i0.wp.com\\\/blogdoprosperi.com\\\/wp-content\\\/uploads\\\/2026\\\/05\\\/cropped-8059e613-6002-42fa-961e-8e275f575d71-2-5.jpg?fit=1360%2C931&ssl=1\",\"contentUrl\":\"https:\\\/\\\/i0.wp.com\\\/blogdoprosperi.com\\\/wp-content\\\/uploads\\\/2026\\\/05\\\/cropped-8059e613-6002-42fa-961e-8e275f575d71-2-5.jpg?fit=1360%2C931&ssl=1\",\"width\":1360,\"height\":931,\"caption\":\"Luiz Ant\u00f4nio Pr\u00f3speri\"},\"logo\":{\"@id\":\"https:\\\/\\\/i0.wp.com\\\/blogdoprosperi.com\\\/wp-content\\\/uploads\\\/2026\\\/05\\\/cropped-8059e613-6002-42fa-961e-8e275f575d71-2-5.jpg?fit=1360%2C931&ssl=1\"},\"description\":\"Jornalista com carreira dedicada ao esporte. Cobriu 9 Copas do Mundo in loco, 1990 na It\u00e1lia, 1994 nos EUA, 1998 na Fran\u00e7a, 2002 na Coreia do Sul e Jap\u00e3o, 2006 na Alemanha, 2010 na \u00c1frica do Sul, 2014 no Brasil, 2018 na R\u00fassia e 2022 no Qatar. Eurocopas, 1992 na Su\u00e9cia e 1996 na Inglaterra. Copa das Confedera\u00e7\u00f5es de 2005 na Alemanha e 2009 na \u00c1frica do Sul. Rep\u00f3rter e Editor, trabalhou no Jornal da Tarde e Estad\u00e3o, de 1984 a fevereiro de 2016. Colunista, blogueiro. E comentarista de futebol na R\u00e1dio Estad\u00e3o, de 2013 a fevereiro de 2016. Jornalista respons\u00e1vel do \\\"Pr\u00f3speri News\\\" (blogdoprosperi.com).\",\"sameAs\":[\"http:\\\/\\\/blogdoprosperi.com\",\"Luiz Pr\u00f3speri\",\"@luiz_prosperi\",\"https:\\\/\\\/x.com\\\/Luizprosperi\",\"@prosperinacopa\",\"luiz.prosperi@icloud.com\"],\"url\":\"https:\\\/\\\/blogdoprosperi.com\\\/?author=102107496\"}]}<\/script>\n<!-- \/ Yoast SEO plugin. -->","yoast_head_json":{"title":"As capivaras e Neymar - PR\u00d3SPERI NEWS","robots":{"index":"index","follow":"follow","max-snippet":"max-snippet:-1","max-image-preview":"max-image-preview:large","max-video-preview":"max-video-preview:-1"},"canonical":"https:\/\/blogdoprosperi.com\/?p=59556","og_locale":"pt_BR","og_type":"article","og_title":"As capivaras e Neymar - PR\u00d3SPERI NEWS","og_description":"Luiz Ant\u00f4nio Pr\u00f3speri, de Morristown, 18 junho 2026 (12h43) Todos felizes. Todos jogadores, Ancelotti e seu comissariado est\u00e3o [&hellip;]","og_url":"https:\/\/blogdoprosperi.com\/?p=59556","og_site_name":"PR\u00d3SPERI NEWS","article_publisher":"Luiz Pr\u00f3speri","article_author":"Luiz Pr\u00f3speri","article_published_time":"2026-06-18T16:59:40+00:00","article_modified_time":"2026-06-23T19:58:59+00:00","og_image":[{"width":912,"height":488,"url":"https:\/\/i0.wp.com\/blogdoprosperi.com\/wp-content\/uploads\/2026\/06\/Captura-de-Tela-2026-06-18-as-12.49.52.png?fit=912%2C488&ssl=1","type":"image\/png"}],"author":"Luiz Ant\u00f4nio Pr\u00f3speri","twitter_card":"summary_large_image","twitter_creator":"@Luizprosperi","twitter_site":"@Luizprosperi","twitter_misc":{"Escrito por":"Luiz Ant\u00f4nio Pr\u00f3speri","Est. tempo de leitura":"2 minutos"},"schema":{"@context":"https:\/\/schema.org","@graph":[{"@type":"Article","@id":"https:\/\/blogdoprosperi.com\/?p=59556#article","isPartOf":{"@id":"https:\/\/blogdoprosperi.com\/?p=59556"},"author":{"name":"Luiz Ant\u00f4nio Pr\u00f3speri","@id":"https:\/\/blogdoprosperi.com\/#\/schema\/person\/38100755ce3601861ee4fab9b5aa78e9"},"headline":"As capivaras e Neymar","datePublished":"2026-06-18T16:59:40+00:00","dateModified":"2026-06-23T19:58:59+00:00","mainEntityOfPage":{"@id":"https:\/\/blogdoprosperi.com\/?p=59556"},"wordCount":483,"commentCount":0,"publisher":{"@id":"https:\/\/blogdoprosperi.com\/#\/schema\/person\/38100755ce3601861ee4fab9b5aa78e9"},"image":{"@id":"https:\/\/blogdoprosperi.com\/?p=59556#primaryimage"},"thumbnailUrl":"https:\/\/i0.wp.com\/blogdoprosperi.com\/wp-content\/uploads\/2026\/06\/Captura-de-Tela-2026-06-18-as-12.49.52.png?fit=912%2C488&ssl=1","keywords":["brasilxhaiti","capivaras","CBF","Copa2026","Neymar"],"articleSection":["copa 2026","futebol"],"inLanguage":"pt-BR","potentialAction":[{"@type":"CommentAction","name":"Comment","target":["https:\/\/blogdoprosperi.com\/?p=59556#respond"]}]},{"@type":"WebPage","@id":"https:\/\/blogdoprosperi.com\/?p=59556","url":"https:\/\/blogdoprosperi.com\/?p=59556","name":"As capivaras e Neymar - PR\u00d3SPERI NEWS","isPartOf":{"@id":"https:\/\/blogdoprosperi.com\/#website"},"primaryImageOfPage":{"@id":"https:\/\/blogdoprosperi.com\/?p=59556#primaryimage"},"image":{"@id":"https:\/\/blogdoprosperi.com\/?p=59556#primaryimage"},"thumbnailUrl":"https:\/\/i0.wp.com\/blogdoprosperi.com\/wp-content\/uploads\/2026\/06\/Captura-de-Tela-2026-06-18-as-12.49.52.png?fit=912%2C488&ssl=1","datePublished":"2026-06-18T16:59:40+00:00","dateModified":"2026-06-23T19:58:59+00:00","breadcrumb":{"@id":"https:\/\/blogdoprosperi.com\/?p=59556#breadcrumb"},"inLanguage":"pt-BR","potentialAction":[{"@type":"ReadAction","target":["https:\/\/blogdoprosperi.com\/?p=59556"]}]},{"@type":"ImageObject","inLanguage":"pt-BR","@id":"https:\/\/blogdoprosperi.com\/?p=59556#primaryimage","url":"https:\/\/i0.wp.com\/blogdoprosperi.com\/wp-content\/uploads\/2026\/06\/Captura-de-Tela-2026-06-18-as-12.49.52.png?fit=912%2C488&ssl=1","contentUrl":"https:\/\/i0.wp.com\/blogdoprosperi.com\/wp-content\/uploads\/2026\/06\/Captura-de-Tela-2026-06-18-as-12.49.52.png?fit=912%2C488&ssl=1","width":912,"height":488,"caption":"Neymar fora do jogo contra Haiti \u2013 foto: CBF oficial"},{"@type":"BreadcrumbList","@id":"https:\/\/blogdoprosperi.com\/?p=59556#breadcrumb","itemListElement":[{"@type":"ListItem","position":1,"name":"In\u00edcio","item":"https:\/\/blogdoprosperi.com\/"},{"@type":"ListItem","position":2,"name":"As capivaras e Neymar"}]},{"@type":"WebSite","@id":"https:\/\/blogdoprosperi.com\/#website","url":"https:\/\/blogdoprosperi.com\/","name":"PR\u00d3SPERI NEWS","description":"TUDO \u00c9  FUTEBOL","publisher":{"@id":"https:\/\/blogdoprosperi.com\/#\/schema\/person\/38100755ce3601861ee4fab9b5aa78e9"},"alternateName":"blogdoprosperi.com","potentialAction":[{"@type":"SearchAction","target":{"@type":"EntryPoint","urlTemplate":"https:\/\/blogdoprosperi.com\/?s={search_term_string}"},"query-input":{"@type":"PropertyValueSpecification","valueRequired":true,"valueName":"search_term_string"}}],"inLanguage":"pt-BR"},{"@type":["Person","Organization"],"@id":"https:\/\/blogdoprosperi.com\/#\/schema\/person\/38100755ce3601861ee4fab9b5aa78e9","name":"Luiz Ant\u00f4nio Pr\u00f3speri","pronouns":"ele","image":{"@type":"ImageObject","inLanguage":"pt-BR","@id":"https:\/\/i0.wp.com\/blogdoprosperi.com\/wp-content\/uploads\/2026\/05\/cropped-8059e613-6002-42fa-961e-8e275f575d71-2-5.jpg?fit=1360%2C931&ssl=1","url":"https:\/\/i0.wp.com\/blogdoprosperi.com\/wp-content\/uploads\/2026\/05\/cropped-8059e613-6002-42fa-961e-8e275f575d71-2-5.jpg?fit=1360%2C931&ssl=1","contentUrl":"https:\/\/i0.wp.com\/blogdoprosperi.com\/wp-content\/uploads\/2026\/05\/cropped-8059e613-6002-42fa-961e-8e275f575d71-2-5.jpg?fit=1360%2C931&ssl=1","width":1360,"height":931,"caption":"Luiz Ant\u00f4nio Pr\u00f3speri"},"logo":{"@id":"https:\/\/i0.wp.com\/blogdoprosperi.com\/wp-content\/uploads\/2026\/05\/cropped-8059e613-6002-42fa-961e-8e275f575d71-2-5.jpg?fit=1360%2C931&ssl=1"},"description":"Jornalista com carreira dedicada ao esporte. Cobriu 9 Copas do Mundo in loco, 1990 na It\u00e1lia, 1994 nos EUA, 1998 na Fran\u00e7a, 2002 na Coreia do Sul e Jap\u00e3o, 2006 na Alemanha, 2010 na \u00c1frica do Sul, 2014 no Brasil, 2018 na R\u00fassia e 2022 no Qatar. Eurocopas, 1992 na Su\u00e9cia e 1996 na Inglaterra. Copa das Confedera\u00e7\u00f5es de 2005 na Alemanha e 2009 na \u00c1frica do Sul. Rep\u00f3rter e Editor, trabalhou no Jornal da Tarde e Estad\u00e3o, de 1984 a fevereiro de 2016. Colunista, blogueiro. E comentarista de futebol na R\u00e1dio Estad\u00e3o, de 2013 a fevereiro de 2016. Jornalista respons\u00e1vel do \"Pr\u00f3speri News\" (blogdoprosperi.com).","sameAs":["http:\/\/blogdoprosperi.com","Luiz Pr\u00f3speri","@luiz_prosperi","https:\/\/x.com\/Luizprosperi","@prosperinacopa","luiz.prosperi@icloud.com"],"url":"https:\/\/blogdoprosperi.com\/?author=102107496"}]}},"jetpack_publicize_connections":[],"jetpack_likes_enabled":false,"jetpack_sharing_enabled":true,"jetpack_shortlink":"https:\/\/wp.me\/p7jvdk-fuA","jetpack-related-posts":[{"id":59481,"url":"https:\/\/blogdoprosperi.com\/?p=59481","url_meta":{"origin":59556,"position":0},"title":"Neymar completa um m\u00eas fora do campo e Ancelotti viu o cuspe do Endrick?","author":"Luiz Ant\u00f4nio Pr\u00f3speri","date":"15 de junho de 2026","format":false,"excerpt":"Luiz Ant\u00f4nio Pr\u00f3speri, de Morristown, 15 junho 2026 (19h32) Neymar passa por nova resson\u00e2ncia magn\u00e9tica e n\u00e3o treina. Calend\u00e1rio aponta 28 dias sem ir ao campo nesta segunda-feira (15\/6). E levanta novas suspeitas do antigo futuro do craque na Copa do Mundo. Se esperava por sua presen\u00e7a, pelo menos no\u2026","rel":"","context":"Em &quot;copa 2026&quot;","block_context":{"text":"copa 2026","link":"https:\/\/blogdoprosperi.com\/?cat=36820279"},"img":{"alt_text":"","src":"https:\/\/i0.wp.com\/blogdoprosperi.com\/wp-content\/uploads\/2026\/06\/Captura-de-Tela-2026-06-15-as-19.38.46.png?fit=1200%2C776&ssl=1&resize=350%2C200","width":350,"height":200,"srcset":"https:\/\/i0.wp.com\/blogdoprosperi.com\/wp-content\/uploads\/2026\/06\/Captura-de-Tela-2026-06-15-as-19.38.46.png?fit=1200%2C776&ssl=1&resize=350%2C200 1x, https:\/\/i0.wp.com\/blogdoprosperi.com\/wp-content\/uploads\/2026\/06\/Captura-de-Tela-2026-06-15-as-19.38.46.png?fit=1200%2C776&ssl=1&resize=525%2C300 1.5x, https:\/\/i0.wp.com\/blogdoprosperi.com\/wp-content\/uploads\/2026\/06\/Captura-de-Tela-2026-06-15-as-19.38.46.png?fit=1200%2C776&ssl=1&resize=700%2C400 2x, https:\/\/i0.wp.com\/blogdoprosperi.com\/wp-content\/uploads\/2026\/06\/Captura-de-Tela-2026-06-15-as-19.38.46.png?fit=1200%2C776&ssl=1&resize=1050%2C600 3x"},"classes":[]},{"id":59490,"url":"https:\/\/blogdoprosperi.com\/?p=59490","url_meta":{"origin":59556,"position":1},"title":"Ufa! Neymar pisa na grama depois de um m\u00eas","author":"Luiz Ant\u00f4nio Pr\u00f3speri","date":"16 de junho de 2026","format":false,"excerpt":"Luiz Ant\u00f4nio Pr\u00f3speri, de Morristown, 16 junho 2026 (14h09) Neymar volta a pisar na grama. Ufa! Um m\u00eas depois de esgar\u00e7ar a panturrilha, o craque, o salvador da p\u00e1tria, enfim, volta a sentir o cheirinho do mato verde. Imagens oficiais divulgadas pela CBF, nesta ter\u00e7a-feira (16\/6), exibem Neymar correndo de\u2026","rel":"","context":"Em &quot;copa 2026&quot;","block_context":{"text":"copa 2026","link":"https:\/\/blogdoprosperi.com\/?cat=36820279"},"img":{"alt_text":"","src":"https:\/\/i0.wp.com\/blogdoprosperi.com\/wp-content\/uploads\/2026\/06\/Captura-de-Tela-2026-06-16-as-14.27.26.png?fit=1200%2C876&ssl=1&resize=350%2C200","width":350,"height":200,"srcset":"https:\/\/i0.wp.com\/blogdoprosperi.com\/wp-content\/uploads\/2026\/06\/Captura-de-Tela-2026-06-16-as-14.27.26.png?fit=1200%2C876&ssl=1&resize=350%2C200 1x, https:\/\/i0.wp.com\/blogdoprosperi.com\/wp-content\/uploads\/2026\/06\/Captura-de-Tela-2026-06-16-as-14.27.26.png?fit=1200%2C876&ssl=1&resize=525%2C300 1.5x, https:\/\/i0.wp.com\/blogdoprosperi.com\/wp-content\/uploads\/2026\/06\/Captura-de-Tela-2026-06-16-as-14.27.26.png?fit=1200%2C876&ssl=1&resize=700%2C400 2x, https:\/\/i0.wp.com\/blogdoprosperi.com\/wp-content\/uploads\/2026\/06\/Captura-de-Tela-2026-06-16-as-14.27.26.png?fit=1200%2C876&ssl=1&resize=1050%2C600 3x"},"classes":[]},{"id":59537,"url":"https:\/\/blogdoprosperi.com\/?p=59537","url_meta":{"origin":59556,"position":2},"title":"A vez dos grandes, Neymar quer entrar nessa turma","author":"Luiz Ant\u00f4nio Pr\u00f3speri","date":"17 de junho de 2026","format":false,"excerpt":"Luiz Ant\u00f4nio Pr\u00f3speri, de Morristown, 17 junho 2026 (12h35) Alvoro\u00e7o geral entre o aglomerado de jornalistas ao redor do campo de treinamentos da Sele\u00e7\u00e3o, em Columbia Park, cercanias de Morristow. Sim, Neymar aparece pela primeira vez ao lado dos jogadores em dire\u00e7\u00e3o ao gramado. Alegria total entre os m\u00eddias. O\u2026","rel":"","context":"Em &quot;copa 2026&quot;","block_context":{"text":"copa 2026","link":"https:\/\/blogdoprosperi.com\/?cat=36820279"},"img":{"alt_text":"","src":"https:\/\/i0.wp.com\/blogdoprosperi.com\/wp-content\/uploads\/2026\/06\/Captura-de-Tela-2026-06-17-as-14.27.10.png?fit=1010%2C678&ssl=1&resize=350%2C200","width":350,"height":200,"srcset":"https:\/\/i0.wp.com\/blogdoprosperi.com\/wp-content\/uploads\/2026\/06\/Captura-de-Tela-2026-06-17-as-14.27.10.png?fit=1010%2C678&ssl=1&resize=350%2C200 1x, https:\/\/i0.wp.com\/blogdoprosperi.com\/wp-content\/uploads\/2026\/06\/Captura-de-Tela-2026-06-17-as-14.27.10.png?fit=1010%2C678&ssl=1&resize=525%2C300 1.5x, https:\/\/i0.wp.com\/blogdoprosperi.com\/wp-content\/uploads\/2026\/06\/Captura-de-Tela-2026-06-17-as-14.27.10.png?fit=1010%2C678&ssl=1&resize=700%2C400 2x"},"classes":[]},{"id":59609,"url":"https:\/\/blogdoprosperi.com\/?p=59609","url_meta":{"origin":59556,"position":3},"title":"Bastidores da Sele\u00e7\u00e3o Raphinha fora da Copa, vem Neymar","author":"Luiz Ant\u00f4nio Pr\u00f3speri","date":"21 de junho de 2026","format":false,"excerpt":"Luiz Ant\u00f4nio Pr\u00f3speri, de Morristown, 21 junho 2026 (12h51) Raphinha fora da Copa do Mundo s\u00f3 faz crescer os dramas de Carlo Ancelotti. N\u00e3o que o atacante do Barcelona fa\u00e7a tanta falta assim, na opini\u00e3o de boa parte da torcida verde e amarela. Ancelotti n\u00e3o pensa como os torcedores. \"Raphinha\u2026","rel":"","context":"Em &quot;copa 2026&quot;","block_context":{"text":"copa 2026","link":"https:\/\/blogdoprosperi.com\/?cat=36820279"},"img":{"alt_text":"","src":"https:\/\/i0.wp.com\/blogdoprosperi.com\/wp-content\/uploads\/2026\/06\/Captura-de-Tela-2026-06-21-as-17.34.09.png?fit=1200%2C909&ssl=1&resize=350%2C200","width":350,"height":200,"srcset":"https:\/\/i0.wp.com\/blogdoprosperi.com\/wp-content\/uploads\/2026\/06\/Captura-de-Tela-2026-06-21-as-17.34.09.png?fit=1200%2C909&ssl=1&resize=350%2C200 1x, https:\/\/i0.wp.com\/blogdoprosperi.com\/wp-content\/uploads\/2026\/06\/Captura-de-Tela-2026-06-21-as-17.34.09.png?fit=1200%2C909&ssl=1&resize=525%2C300 1.5x, https:\/\/i0.wp.com\/blogdoprosperi.com\/wp-content\/uploads\/2026\/06\/Captura-de-Tela-2026-06-21-as-17.34.09.png?fit=1200%2C909&ssl=1&resize=700%2C400 2x, https:\/\/i0.wp.com\/blogdoprosperi.com\/wp-content\/uploads\/2026\/06\/Captura-de-Tela-2026-06-21-as-17.34.09.png?fit=1200%2C909&ssl=1&resize=1050%2C600 3x"},"classes":[]},{"id":17767,"url":"https:\/\/blogdoprosperi.com\/?p=17767","url_meta":{"origin":59556,"position":4},"title":"Tite aprova e Neymar assume bra\u00e7adeira de capit\u00e3o da Sele\u00e7\u00e3o Ol\u00edmpica","author":"Luiz Ant\u00f4nio Pr\u00f3speri","date":"29 de julho de 2016","format":false,"excerpt":"Neymar \u00e9 o capit\u00e3o da Sele\u00e7\u00e3o Ol\u00edmpica e assume a bra\u00e7adeira no amistoso deste s\u00e1bado contra o Jap\u00e3o em Goi\u00e2nia, o primeiro e \u00faltimo teste antes da estreia do Brasil nos Jogos do Rio. A decis\u00e3o partiu do treinador Rog\u00e9rio Micale, ap\u00f3s pouco mais de uma semana de treinamentos em\u2026","rel":"","context":"Em &quot;futebol&quot;","block_context":{"text":"futebol","link":"https:\/\/blogdoprosperi.com\/?cat=53870"},"img":{"alt_text":"","src":"https:\/\/i0.wp.com\/blogdoprosperi.com\/wp-content\/uploads\/2016\/07\/micale-selecao-2016-brasil_1cqvlr3gc0rxj17e0vz8b6u691.jpg?resize=350%2C200&ssl=1","width":350,"height":200,"srcset":"https:\/\/i0.wp.com\/blogdoprosperi.com\/wp-content\/uploads\/2016\/07\/micale-selecao-2016-brasil_1cqvlr3gc0rxj17e0vz8b6u691.jpg?resize=350%2C200&ssl=1 1x, https:\/\/i0.wp.com\/blogdoprosperi.com\/wp-content\/uploads\/2016\/07\/micale-selecao-2016-brasil_1cqvlr3gc0rxj17e0vz8b6u691.jpg?resize=525%2C300&ssl=1 1.5x, https:\/\/i0.wp.com\/blogdoprosperi.com\/wp-content\/uploads\/2016\/07\/micale-selecao-2016-brasil_1cqvlr3gc0rxj17e0vz8b6u691.jpg?resize=700%2C400&ssl=1 2x, https:\/\/i0.wp.com\/blogdoprosperi.com\/wp-content\/uploads\/2016\/07\/micale-selecao-2016-brasil_1cqvlr3gc0rxj17e0vz8b6u691.jpg?resize=1050%2C600&ssl=1 3x, https:\/\/i0.wp.com\/blogdoprosperi.com\/wp-content\/uploads\/2016\/07\/micale-selecao-2016-brasil_1cqvlr3gc0rxj17e0vz8b6u691.jpg?resize=1400%2C800&ssl=1 4x"},"classes":[]},{"id":59683,"url":"https:\/\/blogdoprosperi.com\/?p=59683","url_meta":{"origin":59556,"position":5},"title":"Cristiano Ronaldo, Messi, Mbapp\u00e9 e Haaland&#8230;  corra Neymar, corra","author":"Luiz Ant\u00f4nio Pr\u00f3speri","date":"23 de junho de 2026","format":false,"excerpt":"Luiz Ant\u00f4nio Pr\u00f3speri, de Morristown, 23 junho 2026 (15h39) Cristiano Ronaldo emburrado por n\u00e3o ter feito gols na estreia de Portugal contra o Congo, abre sorriso met\u00e1lico em seu segundo jogo da Copa. Marca dois gols no fraco Uzbequist\u00e3o na vit\u00f3ria por 5 a 0 nesta ter\u00e7a-feira (23\/6). \u00a0\"Aqui\"! Cristiano\u2026","rel":"","context":"Em &quot;copa 2026&quot;","block_context":{"text":"copa 2026","link":"https:\/\/blogdoprosperi.com\/?cat=36820279"},"img":{"alt_text":"","src":"https:\/\/i0.wp.com\/blogdoprosperi.com\/wp-content\/uploads\/2026\/06\/Captura-de-Tela-2026-06-23-as-15.41.41.png?fit=1200%2C1085&ssl=1&resize=350%2C200","width":350,"height":200,"srcset":"https:\/\/i0.wp.com\/blogdoprosperi.com\/wp-content\/uploads\/2026\/06\/Captura-de-Tela-2026-06-23-as-15.41.41.png?fit=1200%2C1085&ssl=1&resize=350%2C200 1x, https:\/\/i0.wp.com\/blogdoprosperi.com\/wp-content\/uploads\/2026\/06\/Captura-de-Tela-2026-06-23-as-15.41.41.png?fit=1200%2C1085&ssl=1&resize=525%2C300 1.5x, https:\/\/i0.wp.com\/blogdoprosperi.com\/wp-content\/uploads\/2026\/06\/Captura-de-Tela-2026-06-23-as-15.41.41.png?fit=1200%2C1085&ssl=1&resize=700%2C400 2x, https:\/\/i0.wp.com\/blogdoprosperi.com\/wp-content\/uploads\/2026\/06\/Captura-de-Tela-2026-06-23-as-15.41.41.png?fit=1200%2C1085&ssl=1&resize=1050%2C600 3x"},"classes":[]}],"jetpack_featured_media_url":"https:\/\/i0.wp.com\/blogdoprosperi.com\/wp-content\/uploads\/2026\/06\/Captura-de-Tela-2026-06-18-as-12.49.52.png?fit=912%2C488&ssl=1","_links":{"self":[{"href":"https:\/\/blogdoprosperi.com\/index.php?rest_route=\/wp\/v2\/posts\/59556","targetHints":{"allow":["GET"]}}],"collection":[{"href":"https:\/\/blogdoprosperi.com\/index.php?rest_route=\/wp\/v2\/posts"}],"about":[{"href":"https:\/\/blogdoprosperi.com\/index.php?rest_route=\/wp\/v2\/types\/post"}],"author":[{"embeddable":true,"href":"https:\/\/blogdoprosperi.com\/index.php?rest_route=\/wp\/v2\/users\/102107496"}],"replies":[{"embeddable":true,"href":"https:\/\/blogdoprosperi.com\/index.php?rest_route=%2Fwp%2Fv2%2Fcomments&post=59556"}],"version-history":[{"count":10,"href":"https:\/\/blogdoprosperi.com\/index.php?rest_route=\/wp\/v2\/posts\/59556\/revisions"}],"predecessor-version":[{"id":59709,"href":"https:\/\/blogdoprosperi.com\/index.php?rest_route=\/wp\/v2\/posts\/59556\/revisions\/59709"}],"wp:featuredmedia":[{"embeddable":true,"href":"https:\/\/blogdoprosperi.com\/index.php?rest_route=\/wp\/v2\/media\/59565"}],"wp:attachment":[{"href":"https:\/\/blogdoprosperi.com\/index.php?rest_route=%2Fwp%2Fv2%2Fmedia&parent=59556"}],"wp:term":[{"taxonomy":"category","embeddable":true,"href":"https:\/\/blogdoprosperi.com\/index.php?rest_route=%2Fwp%2Fv2%2Fcategories&post=59556"},{"taxonomy":"post_tag","embeddable":true,"href":"https:\/\/blogdoprosperi.com\/index.php?rest_route=%2Fwp%2Fv2%2Ftags&post=59556"}],"curies":[{"name":"wp","href":"https:\/\/api.w.org\/{rel}","templated":true}]}}