{"id":59609,"date":"2026-06-21T14:13:29","date_gmt":"2026-06-21T17:13:29","guid":{"rendered":"https:\/\/blogdoprosperi.com\/?p=59609"},"modified":"2026-06-23T16:55:44","modified_gmt":"2026-06-23T19:55:44","slug":"bastidores-da-selecao-cada-dia-um-drama-na-vida-de-carlo-ancelotti","status":"publish","type":"post","link":"https:\/\/blogdoprosperi.com\/?p=59609","title":{"rendered":"Bastidores da Sele\u00e7\u00e3o Raphinha fora da Copa, vem Neymar"},"content":{"rendered":"<p><em>Luiz Ant\u00f4nio Pr\u00f3speri, de Morristown, 21 junho 2026 (12h51)<\/em><\/p>\n<p>Raphinha fora da Copa do Mundo s\u00f3 faz crescer os dramas de Carlo Ancelotti. N\u00e3o que o atacante do Barcelona fa\u00e7a tanta falta assim, na opini\u00e3o de boa parte da torcida verde e amarela. Ancelotti n\u00e3o pensa como os torcedores. &#8220;Raphinha \u00e9 um dos melhores jogadores do mundo&#8221;, diz o italiano. Sem esse &#8220;melhor do mundo&#8221;, quem entra ano ataque ao lado de Vini Jr contra a Esc\u00f3cia, quarta-feira (24\/6), em Miami? Enquete entre jornalistas no dia a dia do escrete aponta a Luiz Henrique na mesma propor\u00e7\u00e3o a Rayan. Aqui a prefer\u00eancia \u00e9 por Endrick.<\/p>\n<p>A sa\u00edda de cena de Raphinha faz esquecer um pouco de Neymar. Ali\u00e1s, um dos destaques no di\u00e1rio da Sele\u00e7\u00e3o neste domingo (21\/6) de sol, em Morristown, \u00e9 a volta de Neymar aos treinamentos com todos os jogadores. Tempos de solid\u00e3o puxando ferro, estica estica nas academias ficam para tr\u00e1s. Agora \u00e9 bola.<\/p>\n<p>&#8220;Neymar ser\u00e1 relacionado para o jogo com a Esc\u00f3cia&#8221;, disse o Carletto, antes de perder Raphinha.<\/p>\n<p>Ent\u00e3o, por que n\u00e3o Neymar na vaga de Raphinha?<\/p>\n<p>&#8220;Vejo Neymar de atacante centralizado&#8221;, anunciava o italiano antes de a Copa come\u00e7ar.<\/p>\n<p>Raphinha tem sido ponta-direita na Sele\u00e7\u00e3o. Ali n\u00e3o cabe Neymar. Para ser sincero, o craque n\u00e3o suportaria 90 minutos diante da Esc\u00f3cia ap\u00f3s mais de um m\u00eas de inatividade fora de campo. No m\u00e1ximo de 15 a 20 minutos.<\/p>\n<p>Esque\u00e7am Neymar no lugar de Raphinha diante dos escoceses.<\/p>\n<p>Nos \u00faltimos testes de Ancelotti pr\u00e9-Copa, Luiz Henrique era o preferido para ocupar o posto de Raphinha que j\u00e1 estava ali substituindo Estev\u00e3o \u2013 o menino esgar\u00e7ou o m\u00fasculo da coxa direita.<\/p>\n<p>Se Luiz Henrique parecia ser o herdeiro natural de Raphinha, ent\u00e3o por que Rayan entrou no seu lugar na partida contra Haiti?<\/p>\n<p>Perguntem a Carlo Ancelotti. A resposta:<\/p>\n<p>&#8220;Coloquei Rayan porque mostrou boa qualidade, tem perfil diferente de Raphinha. S\u00e3o pequenos detalhes que determinam a entrada de um ou outro jogador. Por pequenos detalhes escolhi Rayan&#8221;.<\/p>\n<p>Detalhes pequenos entre n\u00f3s dois, j\u00e1 cantava o \u00edcone Roberto Carlos.<\/p>\n<p>Detalhes e dramas, a rotina de Carletto nessa Copa do Mundo 2026 e at\u00e9 mesmo antes de a Copa come\u00e7ar.<\/p>\n<p>E n\u00e3o h\u00e1 sinais de que essa s\u00e9rie dram\u00e1tica tenha um epis\u00f3dio final.<\/p>\n<p>Acaba o dramalh\u00e3o Neymar. Entra no ar os Dilemas de Ancelotti.<\/p>\n<p>D\u00favida cruel. Sai Raphinha, vem Neymar?<\/p>\n<hr \/>\n<p><em>acompanhe tudo da Sele\u00e7\u00e3o Brasileira no canal YouTube: <\/em><span style=\"color: #0000ff;\"><strong><a class=\"yt-simple-endpoint style-scope ytd-about-channel-renderer\" style=\"color: #0000ff;\" href=\"http:\/\/www.youtube.com\/@prosperinacopa\">www.youtube.com\/@prosperinacopa<\/a><\/strong><\/span><\/p>\n","protected":false},"excerpt":{"rendered":"<p>Luiz Ant\u00f4nio Pr\u00f3speri, de Morristown, 21 junho 2026 (12h51) Raphinha fora da Copa do Mundo s\u00f3 faz crescer [&hellip;]<\/p>\n","protected":false},"author":102107496,"featured_media":59625,"comment_status":"open","ping_status":"open","sticky":false,"template":"","format":"standard","meta":{"_coblocks_attr":"","_coblocks_dimensions":"","_coblocks_responsive_height":"","_coblocks_accordion_ie_support":"","_jetpack_newsletter_access":"","_jetpack_dont_email_post_to_subs":false,"_jetpack_newsletter_tier_id":0,"_jetpack_memberships_contains_paywalled_content":false,"_wpcom_ai_launchpad_first_post":false,"_jetpack_feature_clip_id":0,"_jetpack_memberships_contains_paid_content":false,"footnotes":"","jetpack_publicize_message":"","jetpack_publicize_feature_enabled":true,"jetpack_social_post_already_shared":true,"jetpack_social_options":{"image_generator_settings":{"template":"highway","default_image_id":0,"font":"","enabled":false},"version":2},"jetpack_post_was_ever_published":false},"categories":[36820279,53870,174694],"tags":[1016127,789560648,4221008,789560620,10149860],"class_list":["post-59609","post","type-post","status-publish","format-standard","has-post-thumbnail","hentry","category-copa-2026","category-futebol","category-selecao-brasileira","tag-ancelotti","tag-copoa2026","tag-raphinha","tag-rayan","tag-selecaobrasileira"],"yoast_head":"<!-- This site is optimized with the Yoast SEO plugin v28.3 - https:\/\/yoast.com\/product\/yoast-seo-wordpress\/ -->\n<title>Bastidores da Sele\u00e7\u00e3o Raphinha fora da Copa, vem Neymar - PR\u00d3SPERI NEWS<\/title>\n<meta name=\"robots\" content=\"index, follow, max-snippet:-1, max-image-preview:large, max-video-preview:-1\" \/>\n<link rel=\"canonical\" href=\"https:\/\/blogdoprosperi.com\/?p=59609\" \/>\n<meta property=\"og:locale\" content=\"pt_BR\" \/>\n<meta property=\"og:type\" content=\"article\" \/>\n<meta property=\"og:title\" content=\"Bastidores da Sele\u00e7\u00e3o Raphinha fora da Copa, vem Neymar - PR\u00d3SPERI NEWS\" \/>\n<meta property=\"og:description\" content=\"Luiz Ant\u00f4nio Pr\u00f3speri, de Morristown, 21 junho 2026 (12h51) Raphinha fora da Copa do Mundo s\u00f3 faz crescer [&hellip;]\" \/>\n<meta property=\"og:url\" content=\"https:\/\/blogdoprosperi.com\/?p=59609\" \/>\n<meta property=\"og:site_name\" content=\"PR\u00d3SPERI NEWS\" \/>\n<meta property=\"article:publisher\" content=\"Luiz Pr\u00f3speri\" \/>\n<meta property=\"article:author\" content=\"Luiz Pr\u00f3speri\" \/>\n<meta property=\"article:published_time\" content=\"2026-06-21T17:13:29+00:00\" \/>\n<meta property=\"article:modified_time\" content=\"2026-06-23T19:55:44+00:00\" \/>\n<meta property=\"og:image\" content=\"https:\/\/blogdoprosperi.com\/wp-content\/uploads\/2026\/06\/Captura-de-Tela-2026-06-21-as-17.34.09-1024x775.png\" \/>\n\t<meta property=\"og:image:width\" content=\"1024\" \/>\n\t<meta property=\"og:image:height\" content=\"775\" \/>\n\t<meta property=\"og:image:type\" content=\"image\/png\" \/>\n<meta name=\"author\" content=\"Luiz Ant\u00f4nio Pr\u00f3speri\" \/>\n<meta name=\"twitter:card\" content=\"summary_large_image\" \/>\n<meta name=\"twitter:creator\" content=\"@Luizprosperi\" \/>\n<meta name=\"twitter:site\" content=\"@Luizprosperi\" \/>\n<meta name=\"twitter:label1\" content=\"Escrito por\" \/>\n\t<meta name=\"twitter:data1\" content=\"Luiz Ant\u00f4nio Pr\u00f3speri\" \/>\n\t<meta name=\"twitter:label2\" content=\"Est. tempo de leitura\" \/>\n\t<meta name=\"twitter:data2\" content=\"2 minutos\" \/>\n<script type=\"application\/ld+json\" class=\"yoast-schema-graph\">{\"@context\":\"https:\\\/\\\/schema.org\",\"@graph\":[{\"@type\":\"Article\",\"@id\":\"https:\\\/\\\/blogdoprosperi.com\\\/?p=59609#article\",\"isPartOf\":{\"@id\":\"https:\\\/\\\/blogdoprosperi.com\\\/?p=59609\"},\"author\":{\"name\":\"Luiz Ant\u00f4nio Pr\u00f3speri\",\"@id\":\"https:\\\/\\\/blogdoprosperi.com\\\/#\\\/schema\\\/person\\\/38100755ce3601861ee4fab9b5aa78e9\"},\"headline\":\"Bastidores da Sele\u00e7\u00e3o Raphinha fora da Copa, vem Neymar\",\"datePublished\":\"2026-06-21T17:13:29+00:00\",\"dateModified\":\"2026-06-23T19:55:44+00:00\",\"mainEntityOfPage\":{\"@id\":\"https:\\\/\\\/blogdoprosperi.com\\\/?p=59609\"},\"wordCount\":444,\"commentCount\":0,\"publisher\":{\"@id\":\"https:\\\/\\\/blogdoprosperi.com\\\/#\\\/schema\\\/person\\\/38100755ce3601861ee4fab9b5aa78e9\"},\"image\":{\"@id\":\"https:\\\/\\\/blogdoprosperi.com\\\/?p=59609#primaryimage\"},\"thumbnailUrl\":\"https:\\\/\\\/i0.wp.com\\\/blogdoprosperi.com\\\/wp-content\\\/uploads\\\/2026\\\/06\\\/Captura-de-Tela-2026-06-21-as-17.34.09.png?fit=1548%2C1172&ssl=1\",\"keywords\":[\"Ancelotti\",\"copoa2026\",\"raphinha\",\"rayan\",\"Sele\u00e7\u00e3oBrasileira\"],\"articleSection\":[\"copa 2026\",\"futebol\",\"Sele\u00e7\u00e3o Brasileira\"],\"inLanguage\":\"pt-BR\",\"potentialAction\":[{\"@type\":\"CommentAction\",\"name\":\"Comment\",\"target\":[\"https:\\\/\\\/blogdoprosperi.com\\\/?p=59609#respond\"]}]},{\"@type\":\"WebPage\",\"@id\":\"https:\\\/\\\/blogdoprosperi.com\\\/?p=59609\",\"url\":\"https:\\\/\\\/blogdoprosperi.com\\\/?p=59609\",\"name\":\"Bastidores da Sele\u00e7\u00e3o Raphinha fora da Copa, vem Neymar - PR\u00d3SPERI NEWS\",\"isPartOf\":{\"@id\":\"https:\\\/\\\/blogdoprosperi.com\\\/#website\"},\"primaryImageOfPage\":{\"@id\":\"https:\\\/\\\/blogdoprosperi.com\\\/?p=59609#primaryimage\"},\"image\":{\"@id\":\"https:\\\/\\\/blogdoprosperi.com\\\/?p=59609#primaryimage\"},\"thumbnailUrl\":\"https:\\\/\\\/i0.wp.com\\\/blogdoprosperi.com\\\/wp-content\\\/uploads\\\/2026\\\/06\\\/Captura-de-Tela-2026-06-21-as-17.34.09.png?fit=1548%2C1172&ssl=1\",\"datePublished\":\"2026-06-21T17:13:29+00:00\",\"dateModified\":\"2026-06-23T19:55:44+00:00\",\"breadcrumb\":{\"@id\":\"https:\\\/\\\/blogdoprosperi.com\\\/?p=59609#breadcrumb\"},\"inLanguage\":\"pt-BR\",\"potentialAction\":[{\"@type\":\"ReadAction\",\"target\":[\"https:\\\/\\\/blogdoprosperi.com\\\/?p=59609\"]}]},{\"@type\":\"ImageObject\",\"inLanguage\":\"pt-BR\",\"@id\":\"https:\\\/\\\/blogdoprosperi.com\\\/?p=59609#primaryimage\",\"url\":\"https:\\\/\\\/i0.wp.com\\\/blogdoprosperi.com\\\/wp-content\\\/uploads\\\/2026\\\/06\\\/Captura-de-Tela-2026-06-21-as-17.34.09.png?fit=1548%2C1172&ssl=1\",\"contentUrl\":\"https:\\\/\\\/i0.wp.com\\\/blogdoprosperi.com\\\/wp-content\\\/uploads\\\/2026\\\/06\\\/Captura-de-Tela-2026-06-21-as-17.34.09.png?fit=1548%2C1172&ssl=1\",\"width\":1548,\"height\":1172},{\"@type\":\"BreadcrumbList\",\"@id\":\"https:\\\/\\\/blogdoprosperi.com\\\/?p=59609#breadcrumb\",\"itemListElement\":[{\"@type\":\"ListItem\",\"position\":1,\"name\":\"In\u00edcio\",\"item\":\"https:\\\/\\\/blogdoprosperi.com\\\/\"},{\"@type\":\"ListItem\",\"position\":2,\"name\":\"Bastidores da Sele\u00e7\u00e3o Raphinha fora da Copa, vem Neymar\"}]},{\"@type\":\"WebSite\",\"@id\":\"https:\\\/\\\/blogdoprosperi.com\\\/#website\",\"url\":\"https:\\\/\\\/blogdoprosperi.com\\\/\",\"name\":\"PR\u00d3SPERI NEWS\",\"description\":\"TUDO \u00c9  FUTEBOL\",\"publisher\":{\"@id\":\"https:\\\/\\\/blogdoprosperi.com\\\/#\\\/schema\\\/person\\\/38100755ce3601861ee4fab9b5aa78e9\"},\"alternateName\":\"blogdoprosperi.com\",\"potentialAction\":[{\"@type\":\"SearchAction\",\"target\":{\"@type\":\"EntryPoint\",\"urlTemplate\":\"https:\\\/\\\/blogdoprosperi.com\\\/?s={search_term_string}\"},\"query-input\":{\"@type\":\"PropertyValueSpecification\",\"valueRequired\":true,\"valueName\":\"search_term_string\"}}],\"inLanguage\":\"pt-BR\"},{\"@type\":[\"Person\",\"Organization\"],\"@id\":\"https:\\\/\\\/blogdoprosperi.com\\\/#\\\/schema\\\/person\\\/38100755ce3601861ee4fab9b5aa78e9\",\"name\":\"Luiz Ant\u00f4nio Pr\u00f3speri\",\"pronouns\":\"ele\",\"image\":{\"@type\":\"ImageObject\",\"inLanguage\":\"pt-BR\",\"@id\":\"https:\\\/\\\/i0.wp.com\\\/blogdoprosperi.com\\\/wp-content\\\/uploads\\\/2026\\\/05\\\/cropped-8059e613-6002-42fa-961e-8e275f575d71-2-5.jpg?fit=1360%2C931&ssl=1\",\"url\":\"https:\\\/\\\/i0.wp.com\\\/blogdoprosperi.com\\\/wp-content\\\/uploads\\\/2026\\\/05\\\/cropped-8059e613-6002-42fa-961e-8e275f575d71-2-5.jpg?fit=1360%2C931&ssl=1\",\"contentUrl\":\"https:\\\/\\\/i0.wp.com\\\/blogdoprosperi.com\\\/wp-content\\\/uploads\\\/2026\\\/05\\\/cropped-8059e613-6002-42fa-961e-8e275f575d71-2-5.jpg?fit=1360%2C931&ssl=1\",\"width\":1360,\"height\":931,\"caption\":\"Luiz Ant\u00f4nio Pr\u00f3speri\"},\"logo\":{\"@id\":\"https:\\\/\\\/i0.wp.com\\\/blogdoprosperi.com\\\/wp-content\\\/uploads\\\/2026\\\/05\\\/cropped-8059e613-6002-42fa-961e-8e275f575d71-2-5.jpg?fit=1360%2C931&ssl=1\"},\"description\":\"Jornalista com carreira dedicada ao esporte. Cobriu 9 Copas do Mundo in loco, 1990 na It\u00e1lia, 1994 nos EUA, 1998 na Fran\u00e7a, 2002 na Coreia do Sul e Jap\u00e3o, 2006 na Alemanha, 2010 na \u00c1frica do Sul, 2014 no Brasil, 2018 na R\u00fassia e 2022 no Qatar. Eurocopas, 1992 na Su\u00e9cia e 1996 na Inglaterra. Copa das Confedera\u00e7\u00f5es de 2005 na Alemanha e 2009 na \u00c1frica do Sul. Rep\u00f3rter e Editor, trabalhou no Jornal da Tarde e Estad\u00e3o, de 1984 a fevereiro de 2016. Colunista, blogueiro. E comentarista de futebol na R\u00e1dio Estad\u00e3o, de 2013 a fevereiro de 2016. Jornalista respons\u00e1vel do \\\"Pr\u00f3speri News\\\" (blogdoprosperi.com).\",\"sameAs\":[\"http:\\\/\\\/blogdoprosperi.com\",\"Luiz Pr\u00f3speri\",\"@luiz_prosperi\",\"https:\\\/\\\/x.com\\\/Luizprosperi\",\"@prosperinacopa\",\"luiz.prosperi@icloud.com\"],\"url\":\"https:\\\/\\\/blogdoprosperi.com\\\/?author=102107496\"}]}<\/script>\n<!-- \/ Yoast SEO plugin. -->","yoast_head_json":{"title":"Bastidores da Sele\u00e7\u00e3o Raphinha fora da Copa, vem Neymar - PR\u00d3SPERI NEWS","robots":{"index":"index","follow":"follow","max-snippet":"max-snippet:-1","max-image-preview":"max-image-preview:large","max-video-preview":"max-video-preview:-1"},"canonical":"https:\/\/blogdoprosperi.com\/?p=59609","og_locale":"pt_BR","og_type":"article","og_title":"Bastidores da Sele\u00e7\u00e3o Raphinha fora da Copa, vem Neymar - PR\u00d3SPERI NEWS","og_description":"Luiz Ant\u00f4nio Pr\u00f3speri, de Morristown, 21 junho 2026 (12h51) Raphinha fora da Copa do Mundo s\u00f3 faz crescer [&hellip;]","og_url":"https:\/\/blogdoprosperi.com\/?p=59609","og_site_name":"PR\u00d3SPERI NEWS","article_publisher":"Luiz Pr\u00f3speri","article_author":"Luiz Pr\u00f3speri","article_published_time":"2026-06-21T17:13:29+00:00","article_modified_time":"2026-06-23T19:55:44+00:00","og_image":[{"width":1024,"height":775,"url":"https:\/\/blogdoprosperi.com\/wp-content\/uploads\/2026\/06\/Captura-de-Tela-2026-06-21-as-17.34.09-1024x775.png","type":"image\/png"}],"author":"Luiz Ant\u00f4nio Pr\u00f3speri","twitter_card":"summary_large_image","twitter_creator":"@Luizprosperi","twitter_site":"@Luizprosperi","twitter_misc":{"Escrito por":"Luiz Ant\u00f4nio Pr\u00f3speri","Est. tempo de leitura":"2 minutos"},"schema":{"@context":"https:\/\/schema.org","@graph":[{"@type":"Article","@id":"https:\/\/blogdoprosperi.com\/?p=59609#article","isPartOf":{"@id":"https:\/\/blogdoprosperi.com\/?p=59609"},"author":{"name":"Luiz Ant\u00f4nio Pr\u00f3speri","@id":"https:\/\/blogdoprosperi.com\/#\/schema\/person\/38100755ce3601861ee4fab9b5aa78e9"},"headline":"Bastidores da Sele\u00e7\u00e3o Raphinha fora da Copa, vem Neymar","datePublished":"2026-06-21T17:13:29+00:00","dateModified":"2026-06-23T19:55:44+00:00","mainEntityOfPage":{"@id":"https:\/\/blogdoprosperi.com\/?p=59609"},"wordCount":444,"commentCount":0,"publisher":{"@id":"https:\/\/blogdoprosperi.com\/#\/schema\/person\/38100755ce3601861ee4fab9b5aa78e9"},"image":{"@id":"https:\/\/blogdoprosperi.com\/?p=59609#primaryimage"},"thumbnailUrl":"https:\/\/i0.wp.com\/blogdoprosperi.com\/wp-content\/uploads\/2026\/06\/Captura-de-Tela-2026-06-21-as-17.34.09.png?fit=1548%2C1172&ssl=1","keywords":["Ancelotti","copoa2026","raphinha","rayan","Sele\u00e7\u00e3oBrasileira"],"articleSection":["copa 2026","futebol","Sele\u00e7\u00e3o Brasileira"],"inLanguage":"pt-BR","potentialAction":[{"@type":"CommentAction","name":"Comment","target":["https:\/\/blogdoprosperi.com\/?p=59609#respond"]}]},{"@type":"WebPage","@id":"https:\/\/blogdoprosperi.com\/?p=59609","url":"https:\/\/blogdoprosperi.com\/?p=59609","name":"Bastidores da Sele\u00e7\u00e3o Raphinha fora da Copa, vem Neymar - PR\u00d3SPERI NEWS","isPartOf":{"@id":"https:\/\/blogdoprosperi.com\/#website"},"primaryImageOfPage":{"@id":"https:\/\/blogdoprosperi.com\/?p=59609#primaryimage"},"image":{"@id":"https:\/\/blogdoprosperi.com\/?p=59609#primaryimage"},"thumbnailUrl":"https:\/\/i0.wp.com\/blogdoprosperi.com\/wp-content\/uploads\/2026\/06\/Captura-de-Tela-2026-06-21-as-17.34.09.png?fit=1548%2C1172&ssl=1","datePublished":"2026-06-21T17:13:29+00:00","dateModified":"2026-06-23T19:55:44+00:00","breadcrumb":{"@id":"https:\/\/blogdoprosperi.com\/?p=59609#breadcrumb"},"inLanguage":"pt-BR","potentialAction":[{"@type":"ReadAction","target":["https:\/\/blogdoprosperi.com\/?p=59609"]}]},{"@type":"ImageObject","inLanguage":"pt-BR","@id":"https:\/\/blogdoprosperi.com\/?p=59609#primaryimage","url":"https:\/\/i0.wp.com\/blogdoprosperi.com\/wp-content\/uploads\/2026\/06\/Captura-de-Tela-2026-06-21-as-17.34.09.png?fit=1548%2C1172&ssl=1","contentUrl":"https:\/\/i0.wp.com\/blogdoprosperi.com\/wp-content\/uploads\/2026\/06\/Captura-de-Tela-2026-06-21-as-17.34.09.png?fit=1548%2C1172&ssl=1","width":1548,"height":1172},{"@type":"BreadcrumbList","@id":"https:\/\/blogdoprosperi.com\/?p=59609#breadcrumb","itemListElement":[{"@type":"ListItem","position":1,"name":"In\u00edcio","item":"https:\/\/blogdoprosperi.com\/"},{"@type":"ListItem","position":2,"name":"Bastidores da Sele\u00e7\u00e3o Raphinha fora da Copa, vem Neymar"}]},{"@type":"WebSite","@id":"https:\/\/blogdoprosperi.com\/#website","url":"https:\/\/blogdoprosperi.com\/","name":"PR\u00d3SPERI NEWS","description":"TUDO \u00c9  FUTEBOL","publisher":{"@id":"https:\/\/blogdoprosperi.com\/#\/schema\/person\/38100755ce3601861ee4fab9b5aa78e9"},"alternateName":"blogdoprosperi.com","potentialAction":[{"@type":"SearchAction","target":{"@type":"EntryPoint","urlTemplate":"https:\/\/blogdoprosperi.com\/?s={search_term_string}"},"query-input":{"@type":"PropertyValueSpecification","valueRequired":true,"valueName":"search_term_string"}}],"inLanguage":"pt-BR"},{"@type":["Person","Organization"],"@id":"https:\/\/blogdoprosperi.com\/#\/schema\/person\/38100755ce3601861ee4fab9b5aa78e9","name":"Luiz Ant\u00f4nio Pr\u00f3speri","pronouns":"ele","image":{"@type":"ImageObject","inLanguage":"pt-BR","@id":"https:\/\/i0.wp.com\/blogdoprosperi.com\/wp-content\/uploads\/2026\/05\/cropped-8059e613-6002-42fa-961e-8e275f575d71-2-5.jpg?fit=1360%2C931&ssl=1","url":"https:\/\/i0.wp.com\/blogdoprosperi.com\/wp-content\/uploads\/2026\/05\/cropped-8059e613-6002-42fa-961e-8e275f575d71-2-5.jpg?fit=1360%2C931&ssl=1","contentUrl":"https:\/\/i0.wp.com\/blogdoprosperi.com\/wp-content\/uploads\/2026\/05\/cropped-8059e613-6002-42fa-961e-8e275f575d71-2-5.jpg?fit=1360%2C931&ssl=1","width":1360,"height":931,"caption":"Luiz Ant\u00f4nio Pr\u00f3speri"},"logo":{"@id":"https:\/\/i0.wp.com\/blogdoprosperi.com\/wp-content\/uploads\/2026\/05\/cropped-8059e613-6002-42fa-961e-8e275f575d71-2-5.jpg?fit=1360%2C931&ssl=1"},"description":"Jornalista com carreira dedicada ao esporte. Cobriu 9 Copas do Mundo in loco, 1990 na It\u00e1lia, 1994 nos EUA, 1998 na Fran\u00e7a, 2002 na Coreia do Sul e Jap\u00e3o, 2006 na Alemanha, 2010 na \u00c1frica do Sul, 2014 no Brasil, 2018 na R\u00fassia e 2022 no Qatar. Eurocopas, 1992 na Su\u00e9cia e 1996 na Inglaterra. Copa das Confedera\u00e7\u00f5es de 2005 na Alemanha e 2009 na \u00c1frica do Sul. Rep\u00f3rter e Editor, trabalhou no Jornal da Tarde e Estad\u00e3o, de 1984 a fevereiro de 2016. Colunista, blogueiro. E comentarista de futebol na R\u00e1dio Estad\u00e3o, de 2013 a fevereiro de 2016. Jornalista respons\u00e1vel do \"Pr\u00f3speri News\" (blogdoprosperi.com).","sameAs":["http:\/\/blogdoprosperi.com","Luiz Pr\u00f3speri","@luiz_prosperi","https:\/\/x.com\/Luizprosperi","@prosperinacopa","luiz.prosperi@icloud.com"],"url":"https:\/\/blogdoprosperi.com\/?author=102107496"}]}},"jetpack_publicize_connections":[],"jetpack_likes_enabled":false,"jetpack_sharing_enabled":true,"jetpack_shortlink":"https:\/\/wp.me\/p7jvdk-fvr","jetpack-related-posts":[{"id":60109,"url":"https:\/\/blogdoprosperi.com\/?p=60109","url_meta":{"origin":59609,"position":0},"title":"Neymar e Raphinha correm, Ancelotti abre um sorriso","author":"Luiz Ant\u00f4nio Pr\u00f3speri","date":"3 de julho de 2026","format":false,"excerpt":"Luiz Ant\u00f4nio Pr\u00f3speri, de Morristown, 3 julho 2026 (19h16) Sol de torrar os miolos, de queimar a sola dos p\u00e9s. Term\u00f4metros a 38 graus, um ventinho brigando com o calor intenso na sensa\u00e7\u00e3o t\u00e9rmica de 42 graus em Morristown, nas cercanias de New Jersey. Rel\u00f3gios celulares apontando 11h desta sexta-feira\u2026","rel":"","context":"Em &quot;futebol&quot;","block_context":{"text":"futebol","link":"https:\/\/blogdoprosperi.com\/?cat=53870"},"img":{"alt_text":"","src":"https:\/\/i0.wp.com\/blogdoprosperi.com\/wp-content\/uploads\/2026\/07\/336b4833-bbc1-4bed-a68b-70673e7f3e27.jpg?fit=1200%2C674&ssl=1&resize=350%2C200","width":350,"height":200,"srcset":"https:\/\/i0.wp.com\/blogdoprosperi.com\/wp-content\/uploads\/2026\/07\/336b4833-bbc1-4bed-a68b-70673e7f3e27.jpg?fit=1200%2C674&ssl=1&resize=350%2C200 1x, https:\/\/i0.wp.com\/blogdoprosperi.com\/wp-content\/uploads\/2026\/07\/336b4833-bbc1-4bed-a68b-70673e7f3e27.jpg?fit=1200%2C674&ssl=1&resize=525%2C300 1.5x, https:\/\/i0.wp.com\/blogdoprosperi.com\/wp-content\/uploads\/2026\/07\/336b4833-bbc1-4bed-a68b-70673e7f3e27.jpg?fit=1200%2C674&ssl=1&resize=700%2C400 2x, https:\/\/i0.wp.com\/blogdoprosperi.com\/wp-content\/uploads\/2026\/07\/336b4833-bbc1-4bed-a68b-70673e7f3e27.jpg?fit=1200%2C674&ssl=1&resize=1050%2C600 3x"},"classes":[]},{"id":59448,"url":"https:\/\/blogdoprosperi.com\/?p=59448","url_meta":{"origin":59609,"position":1},"title":"Bastidores do Escrete | Ancelotti muda a Sele\u00e7\u00e3o, na marra","author":"Luiz Ant\u00f4nio Pr\u00f3speri","date":"15 de junho de 2026","format":false,"excerpt":"Luiz Ant\u00f4nio Pr\u00f3speri, de Morristown, 15 junho 2026 (12h05)\u00a0 Carlo Ancelotti prepara mudan\u00e7as na Sele\u00e7\u00e3o Brasileira. Exibi\u00e7\u00e3o do time na estreia contra Marrocos provoca calafrios no mais \u00edntimo dos amigos de Carletto. Trocas s\u00e3o urgentes. N\u00e3o se tem tempo para piscar em uma Copa do Mundo. Quem sai e quem\u2026","rel":"","context":"Em &quot;copa 2026&quot;","block_context":{"text":"copa 2026","link":"https:\/\/blogdoprosperi.com\/?cat=36820279"},"img":{"alt_text":"","src":"https:\/\/i0.wp.com\/blogdoprosperi.com\/wp-content\/uploads\/2026\/06\/treino-academia-masculino-14062026.jpg?fit=1200%2C802&ssl=1&resize=350%2C200","width":350,"height":200,"srcset":"https:\/\/i0.wp.com\/blogdoprosperi.com\/wp-content\/uploads\/2026\/06\/treino-academia-masculino-14062026.jpg?fit=1200%2C802&ssl=1&resize=350%2C200 1x, https:\/\/i0.wp.com\/blogdoprosperi.com\/wp-content\/uploads\/2026\/06\/treino-academia-masculino-14062026.jpg?fit=1200%2C802&ssl=1&resize=525%2C300 1.5x, https:\/\/i0.wp.com\/blogdoprosperi.com\/wp-content\/uploads\/2026\/06\/treino-academia-masculino-14062026.jpg?fit=1200%2C802&ssl=1&resize=700%2C400 2x, https:\/\/i0.wp.com\/blogdoprosperi.com\/wp-content\/uploads\/2026\/06\/treino-academia-masculino-14062026.jpg?fit=1200%2C802&ssl=1&resize=1050%2C600 3x"},"classes":[]},{"id":56656,"url":"https:\/\/blogdoprosperi.com\/?p=56656","url_meta":{"origin":59609,"position":2},"title":"Sele\u00e7\u00e3o Brasileira | Ancelotti N\u00e3o Convoca Mas N\u00e3o Descarta Neymar na Copa","author":"Luiz Ant\u00f4nio Pr\u00f3speri","date":"16 de mar\u00e7o de 2026","format":false,"excerpt":"Neymar continua fora da Sele\u00e7\u00e3o e diminui a chance de jogar a Copa do Mundo 2026. Afastado da Sele\u00e7\u00e3o Brasileira desde outubro de 2023, quando rompe os ligamentos cruzados do joelho esquerdo no jogo contra o. Uruguai, o craque santista n\u00e3o aparece na lista Carlo Ancelotti para os amistosos contra\u2026","rel":"","context":"Em &quot;copa 2026&quot;","block_context":{"text":"copa 2026","link":"https:\/\/blogdoprosperi.com\/?cat=36820279"},"img":{"alt_text":"neymar sim, neymar n\u00e3o","src":"https:\/\/i0.wp.com\/blogdoprosperi.com\/wp-content\/uploads\/2022\/11\/52534316743_e5ca84d055_c-1.jpg?fit=799%2C533&ssl=1&resize=350%2C200","width":350,"height":200,"srcset":"https:\/\/i0.wp.com\/blogdoprosperi.com\/wp-content\/uploads\/2022\/11\/52534316743_e5ca84d055_c-1.jpg?fit=799%2C533&ssl=1&resize=350%2C200 1x, https:\/\/i0.wp.com\/blogdoprosperi.com\/wp-content\/uploads\/2022\/11\/52534316743_e5ca84d055_c-1.jpg?fit=799%2C533&ssl=1&resize=525%2C300 1.5x, https:\/\/i0.wp.com\/blogdoprosperi.com\/wp-content\/uploads\/2022\/11\/52534316743_e5ca84d055_c-1.jpg?fit=799%2C533&ssl=1&resize=700%2C400 2x"},"classes":[]},{"id":60202,"url":"https:\/\/blogdoprosperi.com\/?p=60202","url_meta":{"origin":59609,"position":3},"title":"Invent\u00e1rio da derrota (epis\u00f3dio 3): Do capatosta ao tra\u00edra na Copa 2026","author":"Luiz Ant\u00f4nio Pr\u00f3speri","date":"13 de julho de 2026","format":false,"excerpt":"Luiz Ant\u00f4nio Pr\u00f3speri \u2013 13 julho 2026 (16h01) Invent\u00e1rio da Derrota do Brasil na Copa 2026 chega ao terceiro epis\u00f3dio (#epis\u00f3dio3) da s\u00e9rie. Carlo Ancelotti leva um choque de realidade quando sua proposta de jogo \u00e9 pulverizada por Marrocos logo na estreia do Brasil na Copa. Ele descobre ou dissimula\u2026","rel":"","context":"Em &quot;copa do mundo 2026&quot;","block_context":{"text":"copa do mundo 2026","link":"https:\/\/blogdoprosperi.com\/?cat=115102077"},"img":{"alt_text":"","src":"https:\/\/i0.wp.com\/blogdoprosperi.com\/wp-content\/uploads\/2026\/07\/Captura-de-Tela-2026-07-13-as-15.54.50.png?fit=1200%2C761&ssl=1&resize=350%2C200","width":350,"height":200,"srcset":"https:\/\/i0.wp.com\/blogdoprosperi.com\/wp-content\/uploads\/2026\/07\/Captura-de-Tela-2026-07-13-as-15.54.50.png?fit=1200%2C761&ssl=1&resize=350%2C200 1x, https:\/\/i0.wp.com\/blogdoprosperi.com\/wp-content\/uploads\/2026\/07\/Captura-de-Tela-2026-07-13-as-15.54.50.png?fit=1200%2C761&ssl=1&resize=525%2C300 1.5x, https:\/\/i0.wp.com\/blogdoprosperi.com\/wp-content\/uploads\/2026\/07\/Captura-de-Tela-2026-07-13-as-15.54.50.png?fit=1200%2C761&ssl=1&resize=700%2C400 2x, https:\/\/i0.wp.com\/blogdoprosperi.com\/wp-content\/uploads\/2026\/07\/Captura-de-Tela-2026-07-13-as-15.54.50.png?fit=1200%2C761&ssl=1&resize=1050%2C600 3x"},"classes":[]},{"id":50848,"url":"https:\/\/blogdoprosperi.com\/?p=50848","url_meta":{"origin":59609,"position":4},"title":"Ancelotti Completa 66 Anos e Espera Presentear Torcida Brasileira","author":"Luiz Ant\u00f4nio Pr\u00f3speri","date":"9 de junho de 2025","format":false,"excerpt":"Luiz Ant\u00f4nio Pr\u00f3speri \u2013 9 junho \u2013 (18h05) \u2013 Carlo Ancelotti completa 66 anos nesta ter\u00e7a-feira (10\/6). Coincid\u00eancias da vida, \u00e9 o dia de sua estreia no comando da Sele\u00e7\u00e3o Brasileira em territ\u00f3rio nacional. \u00d3bvio: \"Meu melhor ou maior presente de anivers\u00e1rio \u00e9 a vit\u00f3ria contra o Paraguai\", disse Ancelotti,\u2026","rel":"","context":"Em &quot;futebol&quot;","block_context":{"text":"futebol","link":"https:\/\/blogdoprosperi.com\/?cat=53870"},"img":{"alt_text":"","src":"https:\/\/i0.wp.com\/blogdoprosperi.com\/wp-content\/uploads\/2025\/06\/54573129322_6daedddcfb_c.jpg?fit=800%2C549&ssl=1&resize=350%2C200","width":350,"height":200,"srcset":"https:\/\/i0.wp.com\/blogdoprosperi.com\/wp-content\/uploads\/2025\/06\/54573129322_6daedddcfb_c.jpg?fit=800%2C549&ssl=1&resize=350%2C200 1x, https:\/\/i0.wp.com\/blogdoprosperi.com\/wp-content\/uploads\/2025\/06\/54573129322_6daedddcfb_c.jpg?fit=800%2C549&ssl=1&resize=525%2C300 1.5x, https:\/\/i0.wp.com\/blogdoprosperi.com\/wp-content\/uploads\/2025\/06\/54573129322_6daedddcfb_c.jpg?fit=800%2C549&ssl=1&resize=700%2C400 2x"},"classes":[]},{"id":59133,"url":"https:\/\/blogdoprosperi.com\/?p=59133","url_meta":{"origin":59609,"position":5},"title":"Sele\u00e7\u00e3o Brasileira descobre time reserva melhor que o titular","author":"Luiz Ant\u00f4nio Pr\u00f3speri","date":"31 de maio de 2026","format":false,"excerpt":"Luiz Ant\u00f4nio Pr\u00f3speri \u2013 31 maio 2026 (20h55) \u2013 Brasil vence Panam\u00e1 por 6 a 2 no amistoso de despedida rumo \u00e0 Copa do Mundo 2026. Mais de 72 mil torcedores aplaudiram a Sele\u00e7\u00e3o Brasileira no amistoso festivo no Maracan\u00e3 neste domingo (31\/5). Gritaram tamb\u00e9m por Neymar. E perceberam, sem\u2026","rel":"","context":"Em &quot;copa 2026&quot;","block_context":{"text":"copa 2026","link":"https:\/\/blogdoprosperi.com\/?cat=36820279"},"img":{"alt_text":"","src":"https:\/\/i0.wp.com\/blogdoprosperi.com\/wp-content\/uploads\/2026\/05\/Whats_App_Image_2026_05_31_at_19_47_22_1_0b1e348b36.jpg?fit=1200%2C801&ssl=1&resize=350%2C200","width":350,"height":200,"srcset":"https:\/\/i0.wp.com\/blogdoprosperi.com\/wp-content\/uploads\/2026\/05\/Whats_App_Image_2026_05_31_at_19_47_22_1_0b1e348b36.jpg?fit=1200%2C801&ssl=1&resize=350%2C200 1x, https:\/\/i0.wp.com\/blogdoprosperi.com\/wp-content\/uploads\/2026\/05\/Whats_App_Image_2026_05_31_at_19_47_22_1_0b1e348b36.jpg?fit=1200%2C801&ssl=1&resize=525%2C300 1.5x, https:\/\/i0.wp.com\/blogdoprosperi.com\/wp-content\/uploads\/2026\/05\/Whats_App_Image_2026_05_31_at_19_47_22_1_0b1e348b36.jpg?fit=1200%2C801&ssl=1&resize=700%2C400 2x, https:\/\/i0.wp.com\/blogdoprosperi.com\/wp-content\/uploads\/2026\/05\/Whats_App_Image_2026_05_31_at_19_47_22_1_0b1e348b36.jpg?fit=1200%2C801&ssl=1&resize=1050%2C600 3x"},"classes":[]}],"jetpack_featured_media_url":"https:\/\/i0.wp.com\/blogdoprosperi.com\/wp-content\/uploads\/2026\/06\/Captura-de-Tela-2026-06-21-as-17.34.09.png?fit=1548%2C1172&ssl=1","_links":{"self":[{"href":"https:\/\/blogdoprosperi.com\/index.php?rest_route=\/wp\/v2\/posts\/59609","targetHints":{"allow":["GET"]}}],"collection":[{"href":"https:\/\/blogdoprosperi.com\/index.php?rest_route=\/wp\/v2\/posts"}],"about":[{"href":"https:\/\/blogdoprosperi.com\/index.php?rest_route=\/wp\/v2\/types\/post"}],"author":[{"embeddable":true,"href":"https:\/\/blogdoprosperi.com\/index.php?rest_route=\/wp\/v2\/users\/102107496"}],"replies":[{"embeddable":true,"href":"https:\/\/blogdoprosperi.com\/index.php?rest_route=%2Fwp%2Fv2%2Fcomments&post=59609"}],"version-history":[{"count":13,"href":"https:\/\/blogdoprosperi.com\/index.php?rest_route=\/wp\/v2\/posts\/59609\/revisions"}],"predecessor-version":[{"id":59705,"href":"https:\/\/blogdoprosperi.com\/index.php?rest_route=\/wp\/v2\/posts\/59609\/revisions\/59705"}],"wp:featuredmedia":[{"embeddable":true,"href":"https:\/\/blogdoprosperi.com\/index.php?rest_route=\/wp\/v2\/media\/59625"}],"wp:attachment":[{"href":"https:\/\/blogdoprosperi.com\/index.php?rest_route=%2Fwp%2Fv2%2Fmedia&parent=59609"}],"wp:term":[{"taxonomy":"category","embeddable":true,"href":"https:\/\/blogdoprosperi.com\/index.php?rest_route=%2Fwp%2Fv2%2Fcategories&post=59609"},{"taxonomy":"post_tag","embeddable":true,"href":"https:\/\/blogdoprosperi.com\/index.php?rest_route=%2Fwp%2Fv2%2Ftags&post=59609"}],"curies":[{"name":"wp","href":"https:\/\/api.w.org\/{rel}","templated":true}]}}