{"id":59769,"date":"2026-06-24T13:06:29","date_gmt":"2026-06-24T16:06:29","guid":{"rendered":"https:\/\/blogdoprosperi.com\/?p=59769"},"modified":"2026-06-26T00:34:57","modified_gmt":"2026-06-26T03:34:57","slug":"brasil-x-escocia-hora-de-mostrar-que-a-selecao-e-um-time-nao-paixao","status":"publish","type":"post","link":"https:\/\/blogdoprosperi.com\/?p=59769","title":{"rendered":"Brasil x Esc\u00f3cia | Hora de mostrar que a Sele\u00e7\u00e3o \u00e9 um time, n\u00e3o paix\u00e3o"},"content":{"rendered":"<p><em>Luiz Ant\u00f4nio Pr\u00f3speri, dos Estados Unidos, 24 junho 2026 (11h53)<\/em><\/p>\n<p>Brasil x Esc\u00f3cia \u00e9 mais que um jogo para se definir a classifica\u00e7\u00e3o final do Grupo C na Copa 2026, nesta quarta-feira (24\/6), em Miami. Trata-se de um teste final da Sele\u00e7\u00e3o Brasileira na encruzilhada entre escolher se somos um time ou se vamos comportar como um amontado de jogadores pensando apenas em si.<\/p>\n<p>N\u00e3o se conquista confian\u00e7a da torcida a milhares de quil\u00f4metros de dist\u00e2ncia sem mudar de postura. Enfeitar menos, ser pr\u00e1ticos a mais.<\/p>\n<p>Na estreia com Marrocos, prevalece o lado individual. Cada um querendo agradar sua torcida de clube. Levamos um vareio. N\u00e3o perdemos quase que por um milagre.<\/p>\n<p>Contra Haiti, sem levar em conta a fragilidade do advers\u00e1rio, pensamos mais no coletivo. Ordenamos o meio-campo. Casemiro protegendo. Bruno Guimar\u00e3es e Lucas Paquet\u00e1 no aux\u00edlio a Casemiro e, ao mesmo tempo, arcos a acionar as flechas Vini Jr, Matheus Cunha, Raphinha e depois Rayan. Funcionou \u00e0 satisfa\u00e7\u00e3o da prefer\u00eancia nacional.<\/p>\n<p>Era t\u00e3o \u00f3bvio como um ovo n\u00e3o ficar em p\u00e9. Pragm\u00e1tico, Carlo Ancelotti, o Carletto, percebe que a coisa anda melhor assim e projeta o Brasil nessa organiza\u00e7\u00e3o contra os escoceses. Evidente com ajustes mais adequados \u00e0 circust\u00e2ncia de um advers\u00e1rio de marca\u00e7\u00e3o dura, f\u00edsico forte e imposi\u00e7\u00e3o nas divididas. Mais afeito aos contra-ataques \u00e0s constru\u00e7\u00f5es ofensivas a partir de seu territ\u00f3rio rumo \u00e0 zona rural do Brasil.<\/p>\n<p>Diz a cartilha de Copas do Mundo: o maior desafio \u00e9 tirar do c\u00e9rebro dos jogadores os registros neur\u00f4nicos a que se habituaram em seus clubes. Trocar chip, o cart\u00e3o e-Sim, do ego de cada um. Usar a tal individualidade, o talento, nos momentos cruciais do jogo a favor do coletivo da Sele\u00e7\u00e3o e n\u00e3o a favor pessoal a inundar suas redes sociais.<\/p>\n<p>&#8220;Joguem em nome do povo brasileiro&#8221;, pede o presidente Lula em suas redes sociais.<\/p>\n<p>&#8220;N\u00f3s temos muita experi\u00eancia e qualidade no meio-campo. Temos muita experi\u00eancia no meio-campo. Temos um time completo, estou muito satisfeito com eles, temos caracter\u00edsticas diferentes, mas os jogadores est\u00e3o mais adaptados ao nosso estilo&#8221;, reafirma Ancelotti.<\/p>\n<p>Sim, Ancelotti e Lula t\u00eam raz\u00e3o. \u00c9 preciso ser um time e jogar com gana vencedora.<\/p>\n<p>Temos um bom arsenal. Armas letais no banco: Endrick, Luiz Henrique, Danilo Santos (Botafogo) e bons coadjuvantes como Gabriel Martinelli, Igor Thiago.<\/p>\n<p>E, mais precioso, Neymar.<\/p>\n<p>Se recorrermos \u00e0 nossa cultura, a hora \u00e9 de acender velas, rezar, se benzer nos becos e encruzilhadas, dar um gole em nome do santo, cruzar os dedos, fazer figa, louvar Nossa Senhora e pedir: ser um time de verdade vestido de Sele\u00e7\u00e3o Brasileira.<\/p>\n<hr \/>\n<p><em>acompanhe tudo da Sele\u00e7\u00e3o Brasileira no canal YouTube: <\/em><strong><a class=\"yt-simple-endpoint style-scope ytd-about-channel-renderer\" style=\"color: #0000ff;\" href=\"http:\/\/www.youtube.com\/@prosperinacopa\">www.youtube.com\/@prosperinacopa<\/a><\/strong><\/p>\n","protected":false},"excerpt":{"rendered":"<p>Luiz Ant\u00f4nio Pr\u00f3speri, dos Estados Unidos, 24 junho 2026 (11h53) Brasil x Esc\u00f3cia \u00e9 mais que um jogo [&hellip;]<\/p>\n","protected":false},"author":102107496,"featured_media":59780,"comment_status":"open","ping_status":"open","sticky":false,"template":"","format":"standard","meta":{"_coblocks_attr":"","_coblocks_dimensions":"","_coblocks_responsive_height":"","_coblocks_accordion_ie_support":"","_jetpack_newsletter_access":"","_jetpack_dont_email_post_to_subs":false,"_jetpack_newsletter_tier_id":0,"_jetpack_memberships_contains_paywalled_content":false,"_wpcom_ai_launchpad_first_post":false,"_jetpack_feature_clip_id":0,"_jetpack_memberships_contains_paid_content":false,"footnotes":"","jetpack_publicize_message":"","jetpack_publicize_feature_enabled":true,"jetpack_social_post_already_shared":true,"jetpack_social_options":{"image_generator_settings":{"template":"highway","default_image_id":0,"font":"","enabled":false},"version":2},"jetpack_post_was_ever_published":false},"categories":[36820279,53870,174694],"tags":[1016127,569949222,4112146,789560650,158817,10149860],"class_list":["post-59769","post","type-post","status-publish","format-standard","has-post-thumbnail","hentry","category-copa-2026","category-futebol","category-selecao-brasileira","tag-ancelotti","tag-copa2026","tag-neymar","tag-presidentelula","tag-que","tag-selecaobrasileira"],"yoast_head":"<!-- This site is optimized with the Yoast SEO plugin v28.3 - https:\/\/yoast.com\/product\/yoast-seo-wordpress\/ -->\n<title>Brasil x Esc\u00f3cia | Hora de mostrar que a Sele\u00e7\u00e3o \u00e9 um time, n\u00e3o paix\u00e3o - PR\u00d3SPERI NEWS<\/title>\n<meta name=\"robots\" content=\"index, follow, max-snippet:-1, max-image-preview:large, max-video-preview:-1\" \/>\n<link rel=\"canonical\" href=\"https:\/\/blogdoprosperi.com\/?p=59769\" \/>\n<meta property=\"og:locale\" content=\"pt_BR\" \/>\n<meta property=\"og:type\" content=\"article\" \/>\n<meta property=\"og:title\" content=\"Brasil x Esc\u00f3cia | Hora de mostrar que a Sele\u00e7\u00e3o \u00e9 um time, n\u00e3o paix\u00e3o - PR\u00d3SPERI NEWS\" \/>\n<meta property=\"og:description\" content=\"Luiz Ant\u00f4nio Pr\u00f3speri, dos Estados Unidos, 24 junho 2026 (11h53) Brasil x Esc\u00f3cia \u00e9 mais que um jogo [&hellip;]\" \/>\n<meta property=\"og:url\" content=\"https:\/\/blogdoprosperi.com\/?p=59769\" \/>\n<meta property=\"og:site_name\" content=\"PR\u00d3SPERI NEWS\" \/>\n<meta property=\"article:publisher\" content=\"Luiz Pr\u00f3speri\" \/>\n<meta property=\"article:author\" content=\"Luiz Pr\u00f3speri\" \/>\n<meta property=\"article:published_time\" content=\"2026-06-24T16:06:29+00:00\" \/>\n<meta property=\"article:modified_time\" content=\"2026-06-26T03:34:57+00:00\" \/>\n<meta property=\"og:image\" content=\"https:\/\/blogdoprosperi.com\/wp-content\/uploads\/2026\/06\/Captura-de-Tela-2026-06-24-as-11.56.43-1024x592.png\" \/>\n\t<meta property=\"og:image:width\" content=\"1024\" \/>\n\t<meta property=\"og:image:height\" content=\"592\" \/>\n\t<meta property=\"og:image:type\" content=\"image\/png\" \/>\n<meta name=\"author\" content=\"Luiz Ant\u00f4nio Pr\u00f3speri\" \/>\n<meta name=\"twitter:card\" content=\"summary_large_image\" \/>\n<meta name=\"twitter:creator\" content=\"@Luizprosperi\" \/>\n<meta name=\"twitter:site\" content=\"@Luizprosperi\" \/>\n<meta name=\"twitter:label1\" content=\"Escrito por\" \/>\n\t<meta name=\"twitter:data1\" content=\"Luiz Ant\u00f4nio Pr\u00f3speri\" \/>\n\t<meta name=\"twitter:label2\" content=\"Est. tempo de leitura\" \/>\n\t<meta name=\"twitter:data2\" content=\"2 minutos\" \/>\n<script type=\"application\/ld+json\" class=\"yoast-schema-graph\">{\"@context\":\"https:\\\/\\\/schema.org\",\"@graph\":[{\"@type\":\"Article\",\"@id\":\"https:\\\/\\\/blogdoprosperi.com\\\/?p=59769#article\",\"isPartOf\":{\"@id\":\"https:\\\/\\\/blogdoprosperi.com\\\/?p=59769\"},\"author\":{\"name\":\"Luiz Ant\u00f4nio Pr\u00f3speri\",\"@id\":\"https:\\\/\\\/blogdoprosperi.com\\\/#\\\/schema\\\/person\\\/38100755ce3601861ee4fab9b5aa78e9\"},\"headline\":\"Brasil x Esc\u00f3cia | Hora de mostrar que a Sele\u00e7\u00e3o \u00e9 um time, n\u00e3o paix\u00e3o\",\"datePublished\":\"2026-06-24T16:06:29+00:00\",\"dateModified\":\"2026-06-26T03:34:57+00:00\",\"mainEntityOfPage\":{\"@id\":\"https:\\\/\\\/blogdoprosperi.com\\\/?p=59769\"},\"wordCount\":488,\"commentCount\":0,\"publisher\":{\"@id\":\"https:\\\/\\\/blogdoprosperi.com\\\/#\\\/schema\\\/person\\\/38100755ce3601861ee4fab9b5aa78e9\"},\"image\":{\"@id\":\"https:\\\/\\\/blogdoprosperi.com\\\/?p=59769#primaryimage\"},\"thumbnailUrl\":\"https:\\\/\\\/i0.wp.com\\\/blogdoprosperi.com\\\/wp-content\\\/uploads\\\/2026\\\/06\\\/Captura-de-Tela-2026-06-24-as-11.56.43.png?fit=2062%2C1192&ssl=1\",\"keywords\":[\"Ancelotti\",\"Copa2026\",\"Neymar\",\"presidentelula\",\"que\",\"Sele\u00e7\u00e3oBrasileira\"],\"articleSection\":[\"copa 2026\",\"futebol\",\"Sele\u00e7\u00e3o Brasileira\"],\"inLanguage\":\"pt-BR\",\"potentialAction\":[{\"@type\":\"CommentAction\",\"name\":\"Comment\",\"target\":[\"https:\\\/\\\/blogdoprosperi.com\\\/?p=59769#respond\"]}]},{\"@type\":\"WebPage\",\"@id\":\"https:\\\/\\\/blogdoprosperi.com\\\/?p=59769\",\"url\":\"https:\\\/\\\/blogdoprosperi.com\\\/?p=59769\",\"name\":\"Brasil x Esc\u00f3cia | Hora de mostrar que a Sele\u00e7\u00e3o \u00e9 um time, n\u00e3o paix\u00e3o - PR\u00d3SPERI NEWS\",\"isPartOf\":{\"@id\":\"https:\\\/\\\/blogdoprosperi.com\\\/#website\"},\"primaryImageOfPage\":{\"@id\":\"https:\\\/\\\/blogdoprosperi.com\\\/?p=59769#primaryimage\"},\"image\":{\"@id\":\"https:\\\/\\\/blogdoprosperi.com\\\/?p=59769#primaryimage\"},\"thumbnailUrl\":\"https:\\\/\\\/i0.wp.com\\\/blogdoprosperi.com\\\/wp-content\\\/uploads\\\/2026\\\/06\\\/Captura-de-Tela-2026-06-24-as-11.56.43.png?fit=2062%2C1192&ssl=1\",\"datePublished\":\"2026-06-24T16:06:29+00:00\",\"dateModified\":\"2026-06-26T03:34:57+00:00\",\"breadcrumb\":{\"@id\":\"https:\\\/\\\/blogdoprosperi.com\\\/?p=59769#breadcrumb\"},\"inLanguage\":\"pt-BR\",\"potentialAction\":[{\"@type\":\"ReadAction\",\"target\":[\"https:\\\/\\\/blogdoprosperi.com\\\/?p=59769\"]}]},{\"@type\":\"ImageObject\",\"inLanguage\":\"pt-BR\",\"@id\":\"https:\\\/\\\/blogdoprosperi.com\\\/?p=59769#primaryimage\",\"url\":\"https:\\\/\\\/i0.wp.com\\\/blogdoprosperi.com\\\/wp-content\\\/uploads\\\/2026\\\/06\\\/Captura-de-Tela-2026-06-24-as-11.56.43.png?fit=2062%2C1192&ssl=1\",\"contentUrl\":\"https:\\\/\\\/i0.wp.com\\\/blogdoprosperi.com\\\/wp-content\\\/uploads\\\/2026\\\/06\\\/Captura-de-Tela-2026-06-24-as-11.56.43.png?fit=2062%2C1192&ssl=1\",\"width\":2062,\"height\":1192,\"caption\":\"Vini, mais Sele\u00e7\u00e3o, menos clube \u2013 foto: CBF oficial (23\\\/6)\"},{\"@type\":\"BreadcrumbList\",\"@id\":\"https:\\\/\\\/blogdoprosperi.com\\\/?p=59769#breadcrumb\",\"itemListElement\":[{\"@type\":\"ListItem\",\"position\":1,\"name\":\"In\u00edcio\",\"item\":\"https:\\\/\\\/blogdoprosperi.com\\\/\"},{\"@type\":\"ListItem\",\"position\":2,\"name\":\"Brasil x Esc\u00f3cia | Hora de mostrar que a Sele\u00e7\u00e3o \u00e9 um time, n\u00e3o paix\u00e3o\"}]},{\"@type\":\"WebSite\",\"@id\":\"https:\\\/\\\/blogdoprosperi.com\\\/#website\",\"url\":\"https:\\\/\\\/blogdoprosperi.com\\\/\",\"name\":\"PR\u00d3SPERI NEWS\",\"description\":\"TUDO \u00c9  FUTEBOL\",\"publisher\":{\"@id\":\"https:\\\/\\\/blogdoprosperi.com\\\/#\\\/schema\\\/person\\\/38100755ce3601861ee4fab9b5aa78e9\"},\"alternateName\":\"blogdoprosperi.com\",\"potentialAction\":[{\"@type\":\"SearchAction\",\"target\":{\"@type\":\"EntryPoint\",\"urlTemplate\":\"https:\\\/\\\/blogdoprosperi.com\\\/?s={search_term_string}\"},\"query-input\":{\"@type\":\"PropertyValueSpecification\",\"valueRequired\":true,\"valueName\":\"search_term_string\"}}],\"inLanguage\":\"pt-BR\"},{\"@type\":[\"Person\",\"Organization\"],\"@id\":\"https:\\\/\\\/blogdoprosperi.com\\\/#\\\/schema\\\/person\\\/38100755ce3601861ee4fab9b5aa78e9\",\"name\":\"Luiz Ant\u00f4nio Pr\u00f3speri\",\"pronouns\":\"ele\",\"image\":{\"@type\":\"ImageObject\",\"inLanguage\":\"pt-BR\",\"@id\":\"https:\\\/\\\/i0.wp.com\\\/blogdoprosperi.com\\\/wp-content\\\/uploads\\\/2026\\\/05\\\/cropped-8059e613-6002-42fa-961e-8e275f575d71-2-5.jpg?fit=1360%2C931&ssl=1\",\"url\":\"https:\\\/\\\/i0.wp.com\\\/blogdoprosperi.com\\\/wp-content\\\/uploads\\\/2026\\\/05\\\/cropped-8059e613-6002-42fa-961e-8e275f575d71-2-5.jpg?fit=1360%2C931&ssl=1\",\"contentUrl\":\"https:\\\/\\\/i0.wp.com\\\/blogdoprosperi.com\\\/wp-content\\\/uploads\\\/2026\\\/05\\\/cropped-8059e613-6002-42fa-961e-8e275f575d71-2-5.jpg?fit=1360%2C931&ssl=1\",\"width\":1360,\"height\":931,\"caption\":\"Luiz Ant\u00f4nio Pr\u00f3speri\"},\"logo\":{\"@id\":\"https:\\\/\\\/i0.wp.com\\\/blogdoprosperi.com\\\/wp-content\\\/uploads\\\/2026\\\/05\\\/cropped-8059e613-6002-42fa-961e-8e275f575d71-2-5.jpg?fit=1360%2C931&ssl=1\"},\"description\":\"Jornalista com carreira dedicada ao esporte. Cobriu 9 Copas do Mundo in loco, 1990 na It\u00e1lia, 1994 nos EUA, 1998 na Fran\u00e7a, 2002 na Coreia do Sul e Jap\u00e3o, 2006 na Alemanha, 2010 na \u00c1frica do Sul, 2014 no Brasil, 2018 na R\u00fassia e 2022 no Qatar. Eurocopas, 1992 na Su\u00e9cia e 1996 na Inglaterra. Copa das Confedera\u00e7\u00f5es de 2005 na Alemanha e 2009 na \u00c1frica do Sul. Rep\u00f3rter e Editor, trabalhou no Jornal da Tarde e Estad\u00e3o, de 1984 a fevereiro de 2016. Colunista, blogueiro. E comentarista de futebol na R\u00e1dio Estad\u00e3o, de 2013 a fevereiro de 2016. Jornalista respons\u00e1vel do \\\"Pr\u00f3speri News\\\" (blogdoprosperi.com).\",\"sameAs\":[\"http:\\\/\\\/blogdoprosperi.com\",\"Luiz Pr\u00f3speri\",\"@luiz_prosperi\",\"https:\\\/\\\/x.com\\\/Luizprosperi\",\"@prosperinacopa\",\"luiz.prosperi@icloud.com\"],\"url\":\"https:\\\/\\\/blogdoprosperi.com\\\/?author=102107496\"}]}<\/script>\n<!-- \/ Yoast SEO plugin. -->","yoast_head_json":{"title":"Brasil x Esc\u00f3cia | Hora de mostrar que a Sele\u00e7\u00e3o \u00e9 um time, n\u00e3o paix\u00e3o - PR\u00d3SPERI NEWS","robots":{"index":"index","follow":"follow","max-snippet":"max-snippet:-1","max-image-preview":"max-image-preview:large","max-video-preview":"max-video-preview:-1"},"canonical":"https:\/\/blogdoprosperi.com\/?p=59769","og_locale":"pt_BR","og_type":"article","og_title":"Brasil x Esc\u00f3cia | Hora de mostrar que a Sele\u00e7\u00e3o \u00e9 um time, n\u00e3o paix\u00e3o - PR\u00d3SPERI NEWS","og_description":"Luiz Ant\u00f4nio Pr\u00f3speri, dos Estados Unidos, 24 junho 2026 (11h53) Brasil x Esc\u00f3cia \u00e9 mais que um jogo [&hellip;]","og_url":"https:\/\/blogdoprosperi.com\/?p=59769","og_site_name":"PR\u00d3SPERI NEWS","article_publisher":"Luiz Pr\u00f3speri","article_author":"Luiz Pr\u00f3speri","article_published_time":"2026-06-24T16:06:29+00:00","article_modified_time":"2026-06-26T03:34:57+00:00","og_image":[{"width":1024,"height":592,"url":"https:\/\/blogdoprosperi.com\/wp-content\/uploads\/2026\/06\/Captura-de-Tela-2026-06-24-as-11.56.43-1024x592.png","type":"image\/png"}],"author":"Luiz Ant\u00f4nio Pr\u00f3speri","twitter_card":"summary_large_image","twitter_creator":"@Luizprosperi","twitter_site":"@Luizprosperi","twitter_misc":{"Escrito por":"Luiz Ant\u00f4nio Pr\u00f3speri","Est. tempo de leitura":"2 minutos"},"schema":{"@context":"https:\/\/schema.org","@graph":[{"@type":"Article","@id":"https:\/\/blogdoprosperi.com\/?p=59769#article","isPartOf":{"@id":"https:\/\/blogdoprosperi.com\/?p=59769"},"author":{"name":"Luiz Ant\u00f4nio Pr\u00f3speri","@id":"https:\/\/blogdoprosperi.com\/#\/schema\/person\/38100755ce3601861ee4fab9b5aa78e9"},"headline":"Brasil x Esc\u00f3cia | Hora de mostrar que a Sele\u00e7\u00e3o \u00e9 um time, n\u00e3o paix\u00e3o","datePublished":"2026-06-24T16:06:29+00:00","dateModified":"2026-06-26T03:34:57+00:00","mainEntityOfPage":{"@id":"https:\/\/blogdoprosperi.com\/?p=59769"},"wordCount":488,"commentCount":0,"publisher":{"@id":"https:\/\/blogdoprosperi.com\/#\/schema\/person\/38100755ce3601861ee4fab9b5aa78e9"},"image":{"@id":"https:\/\/blogdoprosperi.com\/?p=59769#primaryimage"},"thumbnailUrl":"https:\/\/i0.wp.com\/blogdoprosperi.com\/wp-content\/uploads\/2026\/06\/Captura-de-Tela-2026-06-24-as-11.56.43.png?fit=2062%2C1192&ssl=1","keywords":["Ancelotti","Copa2026","Neymar","presidentelula","que","Sele\u00e7\u00e3oBrasileira"],"articleSection":["copa 2026","futebol","Sele\u00e7\u00e3o Brasileira"],"inLanguage":"pt-BR","potentialAction":[{"@type":"CommentAction","name":"Comment","target":["https:\/\/blogdoprosperi.com\/?p=59769#respond"]}]},{"@type":"WebPage","@id":"https:\/\/blogdoprosperi.com\/?p=59769","url":"https:\/\/blogdoprosperi.com\/?p=59769","name":"Brasil x Esc\u00f3cia | Hora de mostrar que a Sele\u00e7\u00e3o \u00e9 um time, n\u00e3o paix\u00e3o - PR\u00d3SPERI NEWS","isPartOf":{"@id":"https:\/\/blogdoprosperi.com\/#website"},"primaryImageOfPage":{"@id":"https:\/\/blogdoprosperi.com\/?p=59769#primaryimage"},"image":{"@id":"https:\/\/blogdoprosperi.com\/?p=59769#primaryimage"},"thumbnailUrl":"https:\/\/i0.wp.com\/blogdoprosperi.com\/wp-content\/uploads\/2026\/06\/Captura-de-Tela-2026-06-24-as-11.56.43.png?fit=2062%2C1192&ssl=1","datePublished":"2026-06-24T16:06:29+00:00","dateModified":"2026-06-26T03:34:57+00:00","breadcrumb":{"@id":"https:\/\/blogdoprosperi.com\/?p=59769#breadcrumb"},"inLanguage":"pt-BR","potentialAction":[{"@type":"ReadAction","target":["https:\/\/blogdoprosperi.com\/?p=59769"]}]},{"@type":"ImageObject","inLanguage":"pt-BR","@id":"https:\/\/blogdoprosperi.com\/?p=59769#primaryimage","url":"https:\/\/i0.wp.com\/blogdoprosperi.com\/wp-content\/uploads\/2026\/06\/Captura-de-Tela-2026-06-24-as-11.56.43.png?fit=2062%2C1192&ssl=1","contentUrl":"https:\/\/i0.wp.com\/blogdoprosperi.com\/wp-content\/uploads\/2026\/06\/Captura-de-Tela-2026-06-24-as-11.56.43.png?fit=2062%2C1192&ssl=1","width":2062,"height":1192,"caption":"Vini, mais Sele\u00e7\u00e3o, menos clube \u2013 foto: CBF oficial (23\/6)"},{"@type":"BreadcrumbList","@id":"https:\/\/blogdoprosperi.com\/?p=59769#breadcrumb","itemListElement":[{"@type":"ListItem","position":1,"name":"In\u00edcio","item":"https:\/\/blogdoprosperi.com\/"},{"@type":"ListItem","position":2,"name":"Brasil x Esc\u00f3cia | Hora de mostrar que a Sele\u00e7\u00e3o \u00e9 um time, n\u00e3o paix\u00e3o"}]},{"@type":"WebSite","@id":"https:\/\/blogdoprosperi.com\/#website","url":"https:\/\/blogdoprosperi.com\/","name":"PR\u00d3SPERI NEWS","description":"TUDO \u00c9  FUTEBOL","publisher":{"@id":"https:\/\/blogdoprosperi.com\/#\/schema\/person\/38100755ce3601861ee4fab9b5aa78e9"},"alternateName":"blogdoprosperi.com","potentialAction":[{"@type":"SearchAction","target":{"@type":"EntryPoint","urlTemplate":"https:\/\/blogdoprosperi.com\/?s={search_term_string}"},"query-input":{"@type":"PropertyValueSpecification","valueRequired":true,"valueName":"search_term_string"}}],"inLanguage":"pt-BR"},{"@type":["Person","Organization"],"@id":"https:\/\/blogdoprosperi.com\/#\/schema\/person\/38100755ce3601861ee4fab9b5aa78e9","name":"Luiz Ant\u00f4nio Pr\u00f3speri","pronouns":"ele","image":{"@type":"ImageObject","inLanguage":"pt-BR","@id":"https:\/\/i0.wp.com\/blogdoprosperi.com\/wp-content\/uploads\/2026\/05\/cropped-8059e613-6002-42fa-961e-8e275f575d71-2-5.jpg?fit=1360%2C931&ssl=1","url":"https:\/\/i0.wp.com\/blogdoprosperi.com\/wp-content\/uploads\/2026\/05\/cropped-8059e613-6002-42fa-961e-8e275f575d71-2-5.jpg?fit=1360%2C931&ssl=1","contentUrl":"https:\/\/i0.wp.com\/blogdoprosperi.com\/wp-content\/uploads\/2026\/05\/cropped-8059e613-6002-42fa-961e-8e275f575d71-2-5.jpg?fit=1360%2C931&ssl=1","width":1360,"height":931,"caption":"Luiz Ant\u00f4nio Pr\u00f3speri"},"logo":{"@id":"https:\/\/i0.wp.com\/blogdoprosperi.com\/wp-content\/uploads\/2026\/05\/cropped-8059e613-6002-42fa-961e-8e275f575d71-2-5.jpg?fit=1360%2C931&ssl=1"},"description":"Jornalista com carreira dedicada ao esporte. Cobriu 9 Copas do Mundo in loco, 1990 na It\u00e1lia, 1994 nos EUA, 1998 na Fran\u00e7a, 2002 na Coreia do Sul e Jap\u00e3o, 2006 na Alemanha, 2010 na \u00c1frica do Sul, 2014 no Brasil, 2018 na R\u00fassia e 2022 no Qatar. Eurocopas, 1992 na Su\u00e9cia e 1996 na Inglaterra. Copa das Confedera\u00e7\u00f5es de 2005 na Alemanha e 2009 na \u00c1frica do Sul. Rep\u00f3rter e Editor, trabalhou no Jornal da Tarde e Estad\u00e3o, de 1984 a fevereiro de 2016. Colunista, blogueiro. E comentarista de futebol na R\u00e1dio Estad\u00e3o, de 2013 a fevereiro de 2016. Jornalista respons\u00e1vel do \"Pr\u00f3speri News\" (blogdoprosperi.com).","sameAs":["http:\/\/blogdoprosperi.com","Luiz Pr\u00f3speri","@luiz_prosperi","https:\/\/x.com\/Luizprosperi","@prosperinacopa","luiz.prosperi@icloud.com"],"url":"https:\/\/blogdoprosperi.com\/?author=102107496"}]}},"jetpack_publicize_connections":[],"jetpack_likes_enabled":false,"jetpack_sharing_enabled":true,"jetpack_shortlink":"https:\/\/wp.me\/p7jvdk-fy1","jetpack-related-posts":[{"id":59788,"url":"https:\/\/blogdoprosperi.com\/?p=59788","url_meta":{"origin":59769,"position":0},"title":"Brasil vence Esc\u00f3cia por 3 a 0, consagra Vini Jr e lan\u00e7a Neymar na Copa","author":"Luiz Ant\u00f4nio Pr\u00f3speri","date":"24 de junho de 2026","format":false,"excerpt":"Luiz Ant\u00f4nio Pr\u00f3speri, dos Estados Unidos, 24 junho 2026 (20h05) Brasil vence Esc\u00f3cia por 3 a 0, garante primeiro lugar do Grupo C com sete pontos, se mant\u00e9m na base em Morristown e consagra Vini Jr. Tem mais. Neymar entra aos 21 minutos do segundo tempo como um figurante de\u2026","rel":"","context":"Em &quot;copa 2026&quot;","block_context":{"text":"copa 2026","link":"https:\/\/blogdoprosperi.com\/?cat=36820279"},"img":{"alt_text":"","src":"https:\/\/i0.wp.com\/blogdoprosperi.com\/wp-content\/uploads\/2026\/06\/24JUN2026BRASILXESCOCIA100-VINIJR.jpg?fit=1200%2C851&ssl=1&resize=350%2C200","width":350,"height":200,"srcset":"https:\/\/i0.wp.com\/blogdoprosperi.com\/wp-content\/uploads\/2026\/06\/24JUN2026BRASILXESCOCIA100-VINIJR.jpg?fit=1200%2C851&ssl=1&resize=350%2C200 1x, https:\/\/i0.wp.com\/blogdoprosperi.com\/wp-content\/uploads\/2026\/06\/24JUN2026BRASILXESCOCIA100-VINIJR.jpg?fit=1200%2C851&ssl=1&resize=525%2C300 1.5x, https:\/\/i0.wp.com\/blogdoprosperi.com\/wp-content\/uploads\/2026\/06\/24JUN2026BRASILXESCOCIA100-VINIJR.jpg?fit=1200%2C851&ssl=1&resize=700%2C400 2x, https:\/\/i0.wp.com\/blogdoprosperi.com\/wp-content\/uploads\/2026\/06\/24JUN2026BRASILXESCOCIA100-VINIJR.jpg?fit=1200%2C851&ssl=1&resize=1050%2C600 3x"},"classes":[]},{"id":59876,"url":"https:\/\/blogdoprosperi.com\/?p=59876","url_meta":{"origin":59769,"position":1},"title":"N\u00e3o vamos cair na tenta\u00e7\u00e3o de endeusar Vini Jr antes da hora na Copa","author":"Luiz Ant\u00f4nio Pr\u00f3speri","date":"25 de junho de 2026","format":false,"excerpt":"Luiz Ant\u00f4nio Pr\u00f3speri, de Morristown, 25 junho 2026 (17h42) Vini Jr est\u00e1 nas bocas e telas do Brasil inteiro. Aclamado protagonista da Sele\u00e7\u00e3o Brasileira nos tr\u00eas jogos da fase de grupos da Copa 2026. Autor de quatro gols dos sete feitos pelo escrete de Carlo Ancelotti. Gols n\u00e3o resumem as\u2026","rel":"","context":"Em &quot;copa 2026&quot;","block_context":{"text":"copa 2026","link":"https:\/\/blogdoprosperi.com\/?cat=36820279"},"img":{"alt_text":"","src":"https:\/\/i0.wp.com\/blogdoprosperi.com\/wp-content\/uploads\/2026\/06\/24JUN2026BRASILXESCOCIA8-VINI-JR.jpg?fit=1200%2C823&ssl=1&resize=350%2C200","width":350,"height":200,"srcset":"https:\/\/i0.wp.com\/blogdoprosperi.com\/wp-content\/uploads\/2026\/06\/24JUN2026BRASILXESCOCIA8-VINI-JR.jpg?fit=1200%2C823&ssl=1&resize=350%2C200 1x, https:\/\/i0.wp.com\/blogdoprosperi.com\/wp-content\/uploads\/2026\/06\/24JUN2026BRASILXESCOCIA8-VINI-JR.jpg?fit=1200%2C823&ssl=1&resize=525%2C300 1.5x, https:\/\/i0.wp.com\/blogdoprosperi.com\/wp-content\/uploads\/2026\/06\/24JUN2026BRASILXESCOCIA8-VINI-JR.jpg?fit=1200%2C823&ssl=1&resize=700%2C400 2x, https:\/\/i0.wp.com\/blogdoprosperi.com\/wp-content\/uploads\/2026\/06\/24JUN2026BRASILXESCOCIA8-VINI-JR.jpg?fit=1200%2C823&ssl=1&resize=1050%2C600 3x"},"classes":[]},{"id":59663,"url":"https:\/\/blogdoprosperi.com\/?p=59663","url_meta":{"origin":59769,"position":2},"title":"Sele\u00e7\u00e3o Brasileira pressionada a n\u00e3o levar a casa nas costas","author":"Luiz Ant\u00f4nio Pr\u00f3speri","date":"22 de junho de 2026","format":false,"excerpt":"Luiz Ant\u00f4nio Pr\u00f3speri, de Morristown, 22 junho 2026 (18h25) Sele\u00e7\u00e3o Brasileira joga contra a Esc\u00f3cia com a miss\u00e3o de classificar-se \u00e0 fase mata-mata da Copa e, fundamental, n\u00e3o se mudar de casa nos Estados Unidos. Carregar pouco menos de 10 toneladas nas costas pulando de galho a galho at\u00e9 \u00e0\u2026","rel":"","context":"Em &quot;copa 2026&quot;","block_context":{"text":"copa 2026","link":"https:\/\/blogdoprosperi.com\/?cat=36820279"},"img":{"alt_text":"","src":"https:\/\/i0.wp.com\/blogdoprosperi.com\/wp-content\/uploads\/2026\/06\/Captura-de-Tela-2026-06-22-as-18.42.01.png?fit=1182%2C926&ssl=1&resize=350%2C200","width":350,"height":200,"srcset":"https:\/\/i0.wp.com\/blogdoprosperi.com\/wp-content\/uploads\/2026\/06\/Captura-de-Tela-2026-06-22-as-18.42.01.png?fit=1182%2C926&ssl=1&resize=350%2C200 1x, https:\/\/i0.wp.com\/blogdoprosperi.com\/wp-content\/uploads\/2026\/06\/Captura-de-Tela-2026-06-22-as-18.42.01.png?fit=1182%2C926&ssl=1&resize=525%2C300 1.5x, https:\/\/i0.wp.com\/blogdoprosperi.com\/wp-content\/uploads\/2026\/06\/Captura-de-Tela-2026-06-22-as-18.42.01.png?fit=1182%2C926&ssl=1&resize=700%2C400 2x, https:\/\/i0.wp.com\/blogdoprosperi.com\/wp-content\/uploads\/2026\/06\/Captura-de-Tela-2026-06-22-as-18.42.01.png?fit=1182%2C926&ssl=1&resize=1050%2C600 3x"},"classes":[]},{"id":41751,"url":"https:\/\/blogdoprosperi.com\/?p=41751","url_meta":{"origin":59769,"position":3},"title":"CBF espera Ancelotti at\u00e9 2024 e acalma torcida do Palmeiras","author":"Luiz Ant\u00f4nio Pr\u00f3speri","date":"14 de junho de 2023","format":false,"excerpt":"Torcida do Palmeiras pode se acalmar. CBF n\u00e3o pensa em tirar de imediato o t\u00e9cnico Abel Ferreira do clube para assumir a Sele\u00e7\u00e3o. Carlo Ancelotti ainda \u00e9 prioridade","rel":"","context":"Em &quot;catar 2022&quot;","block_context":{"text":"catar 2022","link":"https:\/\/blogdoprosperi.com\/?cat=47094043"},"img":{"alt_text":"Ancelotti: Ol\u00e1, Brasil","src":"https:\/\/i0.wp.com\/blogdoprosperi.com\/wp-content\/uploads\/2016\/06\/carlo-ancelotti.jpg?fit=1200%2C675&ssl=1&resize=350%2C200","width":350,"height":200,"srcset":"https:\/\/i0.wp.com\/blogdoprosperi.com\/wp-content\/uploads\/2016\/06\/carlo-ancelotti.jpg?fit=1200%2C675&ssl=1&resize=350%2C200 1x, https:\/\/i0.wp.com\/blogdoprosperi.com\/wp-content\/uploads\/2016\/06\/carlo-ancelotti.jpg?fit=1200%2C675&ssl=1&resize=525%2C300 1.5x, https:\/\/i0.wp.com\/blogdoprosperi.com\/wp-content\/uploads\/2016\/06\/carlo-ancelotti.jpg?fit=1200%2C675&ssl=1&resize=700%2C400 2x, https:\/\/i0.wp.com\/blogdoprosperi.com\/wp-content\/uploads\/2016\/06\/carlo-ancelotti.jpg?fit=1200%2C675&ssl=1&resize=1050%2C600 3x"},"classes":[]},{"id":46440,"url":"https:\/\/blogdoprosperi.com\/?p=46440","url_meta":{"origin":59769,"position":4},"title":"Brasil 1 x 1 Uruguai | Dorival J\u00e1 Pode Pegar o Bon\u00e9 e a CBF Assumir a Culpa","author":"Luiz Ant\u00f4nio Pr\u00f3speri","date":"19 de novembro de 2024","format":false,"excerpt":"Luiz Ant\u00f4nio Pr\u00f3speri \u2013 19 novembro (23h50) \u2013 Voc\u00ea ficou acordado at\u00e9 o fim do jogo do Brasil contra o Uruguai nessa v\u00e9spera de feriado? Se sim, gostou do que viu? Penso que n\u00e3o. Sele\u00e7\u00e3o Brasileira n\u00e3o agrada a mais ningu\u00e9m. CBF tem culpa nesse processo negativo. Aposta em Dorival\u2026","rel":"","context":"Em &quot;futebol&quot;","block_context":{"text":"futebol","link":"https:\/\/blogdoprosperi.com\/?cat=53870"},"img":{"alt_text":"Dorival j\u00e1 pode pegar o bon\u00e9, Brasil 1 x 1 Uruguai","src":"https:\/\/i0.wp.com\/blogdoprosperi.com\/wp-content\/uploads\/2024\/11\/54152431679_b12f641edf_c.jpg?fit=800%2C516&ssl=1&resize=350%2C200","width":350,"height":200,"srcset":"https:\/\/i0.wp.com\/blogdoprosperi.com\/wp-content\/uploads\/2024\/11\/54152431679_b12f641edf_c.jpg?fit=800%2C516&ssl=1&resize=350%2C200 1x, https:\/\/i0.wp.com\/blogdoprosperi.com\/wp-content\/uploads\/2024\/11\/54152431679_b12f641edf_c.jpg?fit=800%2C516&ssl=1&resize=525%2C300 1.5x, https:\/\/i0.wp.com\/blogdoprosperi.com\/wp-content\/uploads\/2024\/11\/54152431679_b12f641edf_c.jpg?fit=800%2C516&ssl=1&resize=700%2C400 2x"},"classes":[]},{"id":59609,"url":"https:\/\/blogdoprosperi.com\/?p=59609","url_meta":{"origin":59769,"position":5},"title":"Bastidores da Sele\u00e7\u00e3o Raphinha fora da Copa, vem Neymar","author":"Luiz Ant\u00f4nio Pr\u00f3speri","date":"21 de junho de 2026","format":false,"excerpt":"Luiz Ant\u00f4nio Pr\u00f3speri, de Morristown, 21 junho 2026 (12h51) Raphinha fora da Copa do Mundo s\u00f3 faz crescer os dramas de Carlo Ancelotti. N\u00e3o que o atacante do Barcelona fa\u00e7a tanta falta assim, na opini\u00e3o de boa parte da torcida verde e amarela. Ancelotti n\u00e3o pensa como os torcedores. \"Raphinha\u2026","rel":"","context":"Em &quot;copa 2026&quot;","block_context":{"text":"copa 2026","link":"https:\/\/blogdoprosperi.com\/?cat=36820279"},"img":{"alt_text":"","src":"https:\/\/i0.wp.com\/blogdoprosperi.com\/wp-content\/uploads\/2026\/06\/Captura-de-Tela-2026-06-21-as-17.34.09.png?fit=1200%2C909&ssl=1&resize=350%2C200","width":350,"height":200,"srcset":"https:\/\/i0.wp.com\/blogdoprosperi.com\/wp-content\/uploads\/2026\/06\/Captura-de-Tela-2026-06-21-as-17.34.09.png?fit=1200%2C909&ssl=1&resize=350%2C200 1x, https:\/\/i0.wp.com\/blogdoprosperi.com\/wp-content\/uploads\/2026\/06\/Captura-de-Tela-2026-06-21-as-17.34.09.png?fit=1200%2C909&ssl=1&resize=525%2C300 1.5x, https:\/\/i0.wp.com\/blogdoprosperi.com\/wp-content\/uploads\/2026\/06\/Captura-de-Tela-2026-06-21-as-17.34.09.png?fit=1200%2C909&ssl=1&resize=700%2C400 2x, https:\/\/i0.wp.com\/blogdoprosperi.com\/wp-content\/uploads\/2026\/06\/Captura-de-Tela-2026-06-21-as-17.34.09.png?fit=1200%2C909&ssl=1&resize=1050%2C600 3x"},"classes":[]}],"jetpack_featured_media_url":"https:\/\/i0.wp.com\/blogdoprosperi.com\/wp-content\/uploads\/2026\/06\/Captura-de-Tela-2026-06-24-as-11.56.43.png?fit=2062%2C1192&ssl=1","_links":{"self":[{"href":"https:\/\/blogdoprosperi.com\/index.php?rest_route=\/wp\/v2\/posts\/59769","targetHints":{"allow":["GET"]}}],"collection":[{"href":"https:\/\/blogdoprosperi.com\/index.php?rest_route=\/wp\/v2\/posts"}],"about":[{"href":"https:\/\/blogdoprosperi.com\/index.php?rest_route=\/wp\/v2\/types\/post"}],"author":[{"embeddable":true,"href":"https:\/\/blogdoprosperi.com\/index.php?rest_route=\/wp\/v2\/users\/102107496"}],"replies":[{"embeddable":true,"href":"https:\/\/blogdoprosperi.com\/index.php?rest_route=%2Fwp%2Fv2%2Fcomments&post=59769"}],"version-history":[{"count":15,"href":"https:\/\/blogdoprosperi.com\/index.php?rest_route=\/wp\/v2\/posts\/59769\/revisions"}],"predecessor-version":[{"id":59917,"href":"https:\/\/blogdoprosperi.com\/index.php?rest_route=\/wp\/v2\/posts\/59769\/revisions\/59917"}],"wp:featuredmedia":[{"embeddable":true,"href":"https:\/\/blogdoprosperi.com\/index.php?rest_route=\/wp\/v2\/media\/59780"}],"wp:attachment":[{"href":"https:\/\/blogdoprosperi.com\/index.php?rest_route=%2Fwp%2Fv2%2Fmedia&parent=59769"}],"wp:term":[{"taxonomy":"category","embeddable":true,"href":"https:\/\/blogdoprosperi.com\/index.php?rest_route=%2Fwp%2Fv2%2Fcategories&post=59769"},{"taxonomy":"post_tag","embeddable":true,"href":"https:\/\/blogdoprosperi.com\/index.php?rest_route=%2Fwp%2Fv2%2Ftags&post=59769"}],"curies":[{"name":"wp","href":"https:\/\/api.w.org\/{rel}","templated":true}]}}