{"id":59955,"date":"2026-06-27T00:49:45","date_gmt":"2026-06-27T03:49:45","guid":{"rendered":"https:\/\/blogdoprosperi.com\/?p=59955"},"modified":"2026-06-27T00:49:45","modified_gmt":"2026-06-27T03:49:45","slug":"vozinha-e-os-tubaroes-azuis-de-cabo-verde-aguardam-messi-em-miami","status":"publish","type":"post","link":"https:\/\/blogdoprosperi.com\/?p=59955","title":{"rendered":"Vozinha e os Tubar\u00f5es Azuis de Cabo Verde aguardam Messi em Miami"},"content":{"rendered":"<p><em>Luiz Ant\u00f4nio Pr\u00f3speri, de Morristown, 26 junho 2026 (23h37)<\/em><\/p>\n<p>Cabo Verde \u00e9 a a hist\u00f3ria mais extraordin\u00e1ria da Copa 2026 at\u00e9 aqui. N\u00e3o por acaso, seus jogadores e torcida celebraram o empate sem gols contra Ar\u00e1bia Saudita como uma festa de alforria, sexta-feira (26\/6), em Houston. Se libertam da pecha de que seriam meros figurantes nos Estados Unidos e avan\u00e7am \u00e0 fase mata-mata ao garantir segundo lugar do Grupo H. Deixam para tr\u00e1s o bicampe\u00e3o mundial Uruguai e a rica Ar\u00e1bia Saudita. Um feito e tanto nos livros sagrados do futebol.<\/p>\n<p>E tem mais. Na fase eliminat\u00f3ria de 16 avos ter\u00e3o privil\u00e9gio de enfrentar nada mais nada menos que Lionel Messi e atual campe\u00e3 Argentina. Conjun\u00e7\u00e3o dos astros no planeta bola? \u00c9, pode ser.<\/p>\n<p>Messi ter\u00e1 pela frente o carism\u00e1tico goleiro Vozinha, 40 anos, o homem que barrou e humilhou a Espanha logo na estreia na Copa 2026. Vozinha, daqueles personagens inesquec\u00edveis. De 50 mil seguidores a 15 milh\u00f5es nas redes sociais num piscar de olhos ap\u00f3s construir um muro debaixo das traves contra armada espanhola.<\/p>\n<p>\u00c9 de se imaginar a fuzarca no arquip\u00e9lago, incrustado no Oceano Atl\u00e2ntico na costa da \u00c1frica Ocidental, neste fim e semana. Neste territ\u00f3rio insular habitam cerca de 530 mil cabo-verdianos. Hoje e sempre orgulhosos de seus selecionados.<\/p>\n<p>Cabo Verde, descoberta no s\u00e9culo XV em 1460 e colonizada por Portugal, s\u00f3 consegue sua independ\u00eancia em 1975. Naquela altura, o Brasil j\u00e1 era tricampe\u00e3o mundial de futebol com as ta\u00e7as de 1958, 1962 e 1970.<\/p>\n<p>Os Tubar\u00f5es Azuis, como a Sele\u00e7\u00e3o de Cabo Verde \u00e9 conhecida, estar\u00e3o em Miami \u00e0 espera de Messi no dia 3 de julho. \u00c9 o mata-mata da hist\u00f3ria desta Copa. Como anuncia o jornal ingl\u00eas <em>The Guardian<\/em>, &#8220;por pelo menos uns dias, os Tubar\u00f5es Azuis sentir\u00e3o o cheiro de sangue argentino&#8221;.<\/p>\n<p><em>Momento da classifica\u00e7\u00e3o de Cabo Verde: jogadores ao redor de um celular esperando pela classifica\u00e7\u00e3o com a vit\u00f3ria da Espanha por 1 a 0 contra o Uruguai:<\/em><\/p>\n<p><a href=\"https:\/\/x.com\/MenInBlazers\/status\/2070690527633088989?s=20\"><span style=\"color: #0000ff;\"><strong>https:\/\/x.com\/MenInBlazers\/status\/2070690527633088989?s=20<\/strong><\/span><\/a><\/p>\n","protected":false},"excerpt":{"rendered":"<p>Luiz Ant\u00f4nio Pr\u00f3speri, de Morristown, 26 junho 2026 (23h37) Cabo Verde \u00e9 a a hist\u00f3ria mais extraordin\u00e1ria da [&hellip;]<\/p>\n","protected":false},"author":102107496,"featured_media":59968,"comment_status":"open","ping_status":"open","sticky":false,"template":"","format":"standard","meta":{"_coblocks_attr":"","_coblocks_dimensions":"","_coblocks_responsive_height":"","_coblocks_accordion_ie_support":"","_jetpack_newsletter_access":"","_jetpack_dont_email_post_to_subs":false,"_jetpack_newsletter_tier_id":0,"_jetpack_memberships_contains_paywalled_content":false,"_wpcom_ai_launchpad_first_post":false,"_jetpack_feature_clip_id":0,"_jetpack_memberships_contains_paid_content":false,"footnotes":"","jetpack_publicize_message":"","jetpack_publicize_feature_enabled":true,"jetpack_social_post_already_shared":true,"jetpack_social_options":{"image_generator_settings":{"template":"highway","default_image_id":0,"font":"","enabled":false},"version":2},"jetpack_post_was_ever_published":false},"categories":[53870],"tags":[2185136,569949222,789560651,81750,789560642],"class_list":["post-59955","post","type-post","status-publish","format-standard","has-post-thumbnail","hentry","category-futebol","tag-caboverde","tag-copa2026","tag-copadomundo","tag-messi","tag-vozinha"],"yoast_head":"<!-- This site is optimized with the Yoast SEO plugin v28.4 - https:\/\/yoast.com\/product\/yoast-seo-wordpress\/ -->\n<title>Vozinha e os Tubar\u00f5es Azuis de Cabo Verde aguardam Messi em Miami - PR\u00d3SPERI NEWS<\/title>\n<meta name=\"robots\" content=\"index, follow, max-snippet:-1, max-image-preview:large, max-video-preview:-1\" \/>\n<link rel=\"canonical\" href=\"https:\/\/blogdoprosperi.com\/?p=59955\" \/>\n<meta property=\"og:locale\" content=\"pt_BR\" \/>\n<meta property=\"og:type\" content=\"article\" \/>\n<meta property=\"og:title\" content=\"Vozinha e os Tubar\u00f5es Azuis de Cabo Verde aguardam Messi em Miami - PR\u00d3SPERI NEWS\" \/>\n<meta property=\"og:description\" content=\"Luiz Ant\u00f4nio Pr\u00f3speri, de Morristown, 26 junho 2026 (23h37) Cabo Verde \u00e9 a a hist\u00f3ria mais extraordin\u00e1ria da [&hellip;]\" \/>\n<meta property=\"og:url\" content=\"https:\/\/blogdoprosperi.com\/?p=59955\" \/>\n<meta property=\"og:site_name\" content=\"PR\u00d3SPERI NEWS\" \/>\n<meta property=\"article:publisher\" content=\"Luiz Pr\u00f3speri\" \/>\n<meta property=\"article:author\" content=\"Luiz Pr\u00f3speri\" \/>\n<meta property=\"article:published_time\" content=\"2026-06-27T03:49:45+00:00\" \/>\n<meta property=\"og:image\" content=\"https:\/\/i0.wp.com\/blogdoprosperi.com\/wp-content\/uploads\/2026\/06\/HLyXKxwW8AAm72L.jpeg?fit=1200%2C675&ssl=1\" \/>\n\t<meta property=\"og:image:width\" content=\"1200\" \/>\n\t<meta property=\"og:image:height\" content=\"675\" \/>\n\t<meta property=\"og:image:type\" content=\"image\/jpeg\" \/>\n<meta name=\"author\" content=\"Luiz Ant\u00f4nio Pr\u00f3speri\" \/>\n<meta name=\"twitter:card\" content=\"summary_large_image\" \/>\n<meta name=\"twitter:creator\" content=\"@Luizprosperi\" \/>\n<meta name=\"twitter:site\" content=\"@Luizprosperi\" \/>\n<meta name=\"twitter:label1\" content=\"Escrito por\" \/>\n\t<meta name=\"twitter:data1\" content=\"Luiz Ant\u00f4nio Pr\u00f3speri\" \/>\n\t<meta name=\"twitter:label2\" content=\"Est. tempo de leitura\" \/>\n\t<meta name=\"twitter:data2\" content=\"2 minutos\" \/>\n<script type=\"application\/ld+json\" class=\"yoast-schema-graph\">{\"@context\":\"https:\\\/\\\/schema.org\",\"@graph\":[{\"@type\":\"Article\",\"@id\":\"https:\\\/\\\/blogdoprosperi.com\\\/?p=59955#article\",\"isPartOf\":{\"@id\":\"https:\\\/\\\/blogdoprosperi.com\\\/?p=59955\"},\"author\":{\"name\":\"Luiz Ant\u00f4nio Pr\u00f3speri\",\"@id\":\"https:\\\/\\\/blogdoprosperi.com\\\/#\\\/schema\\\/person\\\/38100755ce3601861ee4fab9b5aa78e9\"},\"headline\":\"Vozinha e os Tubar\u00f5es Azuis de Cabo Verde aguardam Messi em Miami\",\"datePublished\":\"2026-06-27T03:49:45+00:00\",\"mainEntityOfPage\":{\"@id\":\"https:\\\/\\\/blogdoprosperi.com\\\/?p=59955\"},\"wordCount\":356,\"commentCount\":0,\"publisher\":{\"@id\":\"https:\\\/\\\/blogdoprosperi.com\\\/#\\\/schema\\\/person\\\/38100755ce3601861ee4fab9b5aa78e9\"},\"image\":{\"@id\":\"https:\\\/\\\/blogdoprosperi.com\\\/?p=59955#primaryimage\"},\"thumbnailUrl\":\"https:\\\/\\\/i0.wp.com\\\/blogdoprosperi.com\\\/wp-content\\\/uploads\\\/2026\\\/06\\\/HLyXKxwW8AAm72L.jpeg?fit=1200%2C675&ssl=1\",\"keywords\":[\"caboverde\",\"Copa2026\",\"copadomundo\",\"Messi\",\"vozinha\"],\"articleSection\":[\"futebol\"],\"inLanguage\":\"pt-BR\",\"potentialAction\":[{\"@type\":\"CommentAction\",\"name\":\"Comment\",\"target\":[\"https:\\\/\\\/blogdoprosperi.com\\\/?p=59955#respond\"]}]},{\"@type\":\"WebPage\",\"@id\":\"https:\\\/\\\/blogdoprosperi.com\\\/?p=59955\",\"url\":\"https:\\\/\\\/blogdoprosperi.com\\\/?p=59955\",\"name\":\"Vozinha e os Tubar\u00f5es Azuis de Cabo Verde aguardam Messi em Miami - PR\u00d3SPERI NEWS\",\"isPartOf\":{\"@id\":\"https:\\\/\\\/blogdoprosperi.com\\\/#website\"},\"primaryImageOfPage\":{\"@id\":\"https:\\\/\\\/blogdoprosperi.com\\\/?p=59955#primaryimage\"},\"image\":{\"@id\":\"https:\\\/\\\/blogdoprosperi.com\\\/?p=59955#primaryimage\"},\"thumbnailUrl\":\"https:\\\/\\\/i0.wp.com\\\/blogdoprosperi.com\\\/wp-content\\\/uploads\\\/2026\\\/06\\\/HLyXKxwW8AAm72L.jpeg?fit=1200%2C675&ssl=1\",\"datePublished\":\"2026-06-27T03:49:45+00:00\",\"breadcrumb\":{\"@id\":\"https:\\\/\\\/blogdoprosperi.com\\\/?p=59955#breadcrumb\"},\"inLanguage\":\"pt-BR\",\"potentialAction\":[{\"@type\":\"ReadAction\",\"target\":[\"https:\\\/\\\/blogdoprosperi.com\\\/?p=59955\"]}]},{\"@type\":\"ImageObject\",\"inLanguage\":\"pt-BR\",\"@id\":\"https:\\\/\\\/blogdoprosperi.com\\\/?p=59955#primaryimage\",\"url\":\"https:\\\/\\\/i0.wp.com\\\/blogdoprosperi.com\\\/wp-content\\\/uploads\\\/2026\\\/06\\\/HLyXKxwW8AAm72L.jpeg?fit=1200%2C675&ssl=1\",\"contentUrl\":\"https:\\\/\\\/i0.wp.com\\\/blogdoprosperi.com\\\/wp-content\\\/uploads\\\/2026\\\/06\\\/HLyXKxwW8AAm72L.jpeg?fit=1200%2C675&ssl=1\",\"width\":1200,\"height\":675,\"caption\":\"Festa da sele\u00e7\u00e3o de Cabo Verde \u2013 foto: Fifa X oficial\"},{\"@type\":\"BreadcrumbList\",\"@id\":\"https:\\\/\\\/blogdoprosperi.com\\\/?p=59955#breadcrumb\",\"itemListElement\":[{\"@type\":\"ListItem\",\"position\":1,\"name\":\"In\u00edcio\",\"item\":\"https:\\\/\\\/blogdoprosperi.com\\\/\"},{\"@type\":\"ListItem\",\"position\":2,\"name\":\"Vozinha e os Tubar\u00f5es Azuis de Cabo Verde aguardam Messi em Miami\"}]},{\"@type\":\"WebSite\",\"@id\":\"https:\\\/\\\/blogdoprosperi.com\\\/#website\",\"url\":\"https:\\\/\\\/blogdoprosperi.com\\\/\",\"name\":\"PR\u00d3SPERI NEWS\",\"description\":\"TUDO \u00c9  FUTEBOL\",\"publisher\":{\"@id\":\"https:\\\/\\\/blogdoprosperi.com\\\/#\\\/schema\\\/person\\\/38100755ce3601861ee4fab9b5aa78e9\"},\"alternateName\":\"blogdoprosperi.com\",\"potentialAction\":[{\"@type\":\"SearchAction\",\"target\":{\"@type\":\"EntryPoint\",\"urlTemplate\":\"https:\\\/\\\/blogdoprosperi.com\\\/?s={search_term_string}\"},\"query-input\":{\"@type\":\"PropertyValueSpecification\",\"valueRequired\":true,\"valueName\":\"search_term_string\"}}],\"inLanguage\":\"pt-BR\"},{\"@type\":[\"Person\",\"Organization\"],\"@id\":\"https:\\\/\\\/blogdoprosperi.com\\\/#\\\/schema\\\/person\\\/38100755ce3601861ee4fab9b5aa78e9\",\"name\":\"Luiz Ant\u00f4nio Pr\u00f3speri\",\"pronouns\":\"ele\",\"image\":{\"@type\":\"ImageObject\",\"inLanguage\":\"pt-BR\",\"@id\":\"https:\\\/\\\/i0.wp.com\\\/blogdoprosperi.com\\\/wp-content\\\/uploads\\\/2026\\\/05\\\/cropped-8059e613-6002-42fa-961e-8e275f575d71-2-5.jpg?fit=1360%2C931&ssl=1\",\"url\":\"https:\\\/\\\/i0.wp.com\\\/blogdoprosperi.com\\\/wp-content\\\/uploads\\\/2026\\\/05\\\/cropped-8059e613-6002-42fa-961e-8e275f575d71-2-5.jpg?fit=1360%2C931&ssl=1\",\"contentUrl\":\"https:\\\/\\\/i0.wp.com\\\/blogdoprosperi.com\\\/wp-content\\\/uploads\\\/2026\\\/05\\\/cropped-8059e613-6002-42fa-961e-8e275f575d71-2-5.jpg?fit=1360%2C931&ssl=1\",\"width\":1360,\"height\":931,\"caption\":\"Luiz Ant\u00f4nio Pr\u00f3speri\"},\"logo\":{\"@id\":\"https:\\\/\\\/i0.wp.com\\\/blogdoprosperi.com\\\/wp-content\\\/uploads\\\/2026\\\/05\\\/cropped-8059e613-6002-42fa-961e-8e275f575d71-2-5.jpg?fit=1360%2C931&ssl=1\"},\"description\":\"Jornalista com carreira dedicada ao esporte. Cobriu 9 Copas do Mundo in loco, 1990 na It\u00e1lia, 1994 nos EUA, 1998 na Fran\u00e7a, 2002 na Coreia do Sul e Jap\u00e3o, 2006 na Alemanha, 2010 na \u00c1frica do Sul, 2014 no Brasil, 2018 na R\u00fassia e 2022 no Qatar. Eurocopas, 1992 na Su\u00e9cia e 1996 na Inglaterra. Copa das Confedera\u00e7\u00f5es de 2005 na Alemanha e 2009 na \u00c1frica do Sul. Rep\u00f3rter e Editor, trabalhou no Jornal da Tarde e Estad\u00e3o, de 1984 a fevereiro de 2016. Colunista, blogueiro. E comentarista de futebol na R\u00e1dio Estad\u00e3o, de 2013 a fevereiro de 2016. Jornalista respons\u00e1vel do \\\"Pr\u00f3speri News\\\" (blogdoprosperi.com).\",\"sameAs\":[\"http:\\\/\\\/blogdoprosperi.com\",\"Luiz Pr\u00f3speri\",\"@luiz_prosperi\",\"https:\\\/\\\/x.com\\\/Luizprosperi\",\"@prosperinacopa\",\"luiz.prosperi@icloud.com\"],\"url\":\"https:\\\/\\\/blogdoprosperi.com\\\/?author=102107496\"}]}<\/script>\n<!-- \/ Yoast SEO plugin. -->","yoast_head_json":{"title":"Vozinha e os Tubar\u00f5es Azuis de Cabo Verde aguardam Messi em Miami - PR\u00d3SPERI NEWS","robots":{"index":"index","follow":"follow","max-snippet":"max-snippet:-1","max-image-preview":"max-image-preview:large","max-video-preview":"max-video-preview:-1"},"canonical":"https:\/\/blogdoprosperi.com\/?p=59955","og_locale":"pt_BR","og_type":"article","og_title":"Vozinha e os Tubar\u00f5es Azuis de Cabo Verde aguardam Messi em Miami - PR\u00d3SPERI NEWS","og_description":"Luiz Ant\u00f4nio Pr\u00f3speri, de Morristown, 26 junho 2026 (23h37) Cabo Verde \u00e9 a a hist\u00f3ria mais extraordin\u00e1ria da [&hellip;]","og_url":"https:\/\/blogdoprosperi.com\/?p=59955","og_site_name":"PR\u00d3SPERI NEWS","article_publisher":"Luiz Pr\u00f3speri","article_author":"Luiz Pr\u00f3speri","article_published_time":"2026-06-27T03:49:45+00:00","og_image":[{"width":1200,"height":675,"url":"https:\/\/i0.wp.com\/blogdoprosperi.com\/wp-content\/uploads\/2026\/06\/HLyXKxwW8AAm72L.jpeg?fit=1200%2C675&ssl=1","type":"image\/jpeg"}],"author":"Luiz Ant\u00f4nio Pr\u00f3speri","twitter_card":"summary_large_image","twitter_creator":"@Luizprosperi","twitter_site":"@Luizprosperi","twitter_misc":{"Escrito por":"Luiz Ant\u00f4nio Pr\u00f3speri","Est. tempo de leitura":"2 minutos"},"schema":{"@context":"https:\/\/schema.org","@graph":[{"@type":"Article","@id":"https:\/\/blogdoprosperi.com\/?p=59955#article","isPartOf":{"@id":"https:\/\/blogdoprosperi.com\/?p=59955"},"author":{"name":"Luiz Ant\u00f4nio Pr\u00f3speri","@id":"https:\/\/blogdoprosperi.com\/#\/schema\/person\/38100755ce3601861ee4fab9b5aa78e9"},"headline":"Vozinha e os Tubar\u00f5es Azuis de Cabo Verde aguardam Messi em Miami","datePublished":"2026-06-27T03:49:45+00:00","mainEntityOfPage":{"@id":"https:\/\/blogdoprosperi.com\/?p=59955"},"wordCount":356,"commentCount":0,"publisher":{"@id":"https:\/\/blogdoprosperi.com\/#\/schema\/person\/38100755ce3601861ee4fab9b5aa78e9"},"image":{"@id":"https:\/\/blogdoprosperi.com\/?p=59955#primaryimage"},"thumbnailUrl":"https:\/\/i0.wp.com\/blogdoprosperi.com\/wp-content\/uploads\/2026\/06\/HLyXKxwW8AAm72L.jpeg?fit=1200%2C675&ssl=1","keywords":["caboverde","Copa2026","copadomundo","Messi","vozinha"],"articleSection":["futebol"],"inLanguage":"pt-BR","potentialAction":[{"@type":"CommentAction","name":"Comment","target":["https:\/\/blogdoprosperi.com\/?p=59955#respond"]}]},{"@type":"WebPage","@id":"https:\/\/blogdoprosperi.com\/?p=59955","url":"https:\/\/blogdoprosperi.com\/?p=59955","name":"Vozinha e os Tubar\u00f5es Azuis de Cabo Verde aguardam Messi em Miami - PR\u00d3SPERI NEWS","isPartOf":{"@id":"https:\/\/blogdoprosperi.com\/#website"},"primaryImageOfPage":{"@id":"https:\/\/blogdoprosperi.com\/?p=59955#primaryimage"},"image":{"@id":"https:\/\/blogdoprosperi.com\/?p=59955#primaryimage"},"thumbnailUrl":"https:\/\/i0.wp.com\/blogdoprosperi.com\/wp-content\/uploads\/2026\/06\/HLyXKxwW8AAm72L.jpeg?fit=1200%2C675&ssl=1","datePublished":"2026-06-27T03:49:45+00:00","breadcrumb":{"@id":"https:\/\/blogdoprosperi.com\/?p=59955#breadcrumb"},"inLanguage":"pt-BR","potentialAction":[{"@type":"ReadAction","target":["https:\/\/blogdoprosperi.com\/?p=59955"]}]},{"@type":"ImageObject","inLanguage":"pt-BR","@id":"https:\/\/blogdoprosperi.com\/?p=59955#primaryimage","url":"https:\/\/i0.wp.com\/blogdoprosperi.com\/wp-content\/uploads\/2026\/06\/HLyXKxwW8AAm72L.jpeg?fit=1200%2C675&ssl=1","contentUrl":"https:\/\/i0.wp.com\/blogdoprosperi.com\/wp-content\/uploads\/2026\/06\/HLyXKxwW8AAm72L.jpeg?fit=1200%2C675&ssl=1","width":1200,"height":675,"caption":"Festa da sele\u00e7\u00e3o de Cabo Verde \u2013 foto: Fifa X oficial"},{"@type":"BreadcrumbList","@id":"https:\/\/blogdoprosperi.com\/?p=59955#breadcrumb","itemListElement":[{"@type":"ListItem","position":1,"name":"In\u00edcio","item":"https:\/\/blogdoprosperi.com\/"},{"@type":"ListItem","position":2,"name":"Vozinha e os Tubar\u00f5es Azuis de Cabo Verde aguardam Messi em Miami"}]},{"@type":"WebSite","@id":"https:\/\/blogdoprosperi.com\/#website","url":"https:\/\/blogdoprosperi.com\/","name":"PR\u00d3SPERI NEWS","description":"TUDO \u00c9  FUTEBOL","publisher":{"@id":"https:\/\/blogdoprosperi.com\/#\/schema\/person\/38100755ce3601861ee4fab9b5aa78e9"},"alternateName":"blogdoprosperi.com","potentialAction":[{"@type":"SearchAction","target":{"@type":"EntryPoint","urlTemplate":"https:\/\/blogdoprosperi.com\/?s={search_term_string}"},"query-input":{"@type":"PropertyValueSpecification","valueRequired":true,"valueName":"search_term_string"}}],"inLanguage":"pt-BR"},{"@type":["Person","Organization"],"@id":"https:\/\/blogdoprosperi.com\/#\/schema\/person\/38100755ce3601861ee4fab9b5aa78e9","name":"Luiz Ant\u00f4nio Pr\u00f3speri","pronouns":"ele","image":{"@type":"ImageObject","inLanguage":"pt-BR","@id":"https:\/\/i0.wp.com\/blogdoprosperi.com\/wp-content\/uploads\/2026\/05\/cropped-8059e613-6002-42fa-961e-8e275f575d71-2-5.jpg?fit=1360%2C931&ssl=1","url":"https:\/\/i0.wp.com\/blogdoprosperi.com\/wp-content\/uploads\/2026\/05\/cropped-8059e613-6002-42fa-961e-8e275f575d71-2-5.jpg?fit=1360%2C931&ssl=1","contentUrl":"https:\/\/i0.wp.com\/blogdoprosperi.com\/wp-content\/uploads\/2026\/05\/cropped-8059e613-6002-42fa-961e-8e275f575d71-2-5.jpg?fit=1360%2C931&ssl=1","width":1360,"height":931,"caption":"Luiz Ant\u00f4nio Pr\u00f3speri"},"logo":{"@id":"https:\/\/i0.wp.com\/blogdoprosperi.com\/wp-content\/uploads\/2026\/05\/cropped-8059e613-6002-42fa-961e-8e275f575d71-2-5.jpg?fit=1360%2C931&ssl=1"},"description":"Jornalista com carreira dedicada ao esporte. Cobriu 9 Copas do Mundo in loco, 1990 na It\u00e1lia, 1994 nos EUA, 1998 na Fran\u00e7a, 2002 na Coreia do Sul e Jap\u00e3o, 2006 na Alemanha, 2010 na \u00c1frica do Sul, 2014 no Brasil, 2018 na R\u00fassia e 2022 no Qatar. Eurocopas, 1992 na Su\u00e9cia e 1996 na Inglaterra. Copa das Confedera\u00e7\u00f5es de 2005 na Alemanha e 2009 na \u00c1frica do Sul. Rep\u00f3rter e Editor, trabalhou no Jornal da Tarde e Estad\u00e3o, de 1984 a fevereiro de 2016. Colunista, blogueiro. E comentarista de futebol na R\u00e1dio Estad\u00e3o, de 2013 a fevereiro de 2016. Jornalista respons\u00e1vel do \"Pr\u00f3speri News\" (blogdoprosperi.com).","sameAs":["http:\/\/blogdoprosperi.com","Luiz Pr\u00f3speri","@luiz_prosperi","https:\/\/x.com\/Luizprosperi","@prosperinacopa","luiz.prosperi@icloud.com"],"url":"https:\/\/blogdoprosperi.com\/?author=102107496"}]}},"jetpack_publicize_connections":[],"jetpack_likes_enabled":false,"jetpack_sharing_enabled":true,"jetpack_shortlink":"https:\/\/wp.me\/p7jvdk-fB1","jetpack-related-posts":[{"id":60138,"url":"https:\/\/blogdoprosperi.com\/?p=60138","url_meta":{"origin":59955,"position":0},"title":"Messi acaricia, Mabapp\u00e9 n\u00e3o perdoa","author":"Luiz Ant\u00f4nio Pr\u00f3speri","date":"5 de julho de 2026","format":false,"excerpt":"Mbapp\u00e9 n\u00e3o d\u00e1 tr\u00e9gua a Messi. Se o argentino faz um gol, o franc\u00eas repete a dose. Os dois disputam a Bola de Ouro de artilheiro da Copa 2026. Os dois t\u00eam sete gols cada um. Messi deixa o dele n\u00e3o vit\u00f3ria ag\u00f4nica (3 a 2) da Argentina contra o\u2026","rel":"","context":"Em &quot;copa 2026&quot;","block_context":{"text":"copa 2026","link":"https:\/\/blogdoprosperi.com\/?cat=36820279"},"img":{"alt_text":"","src":"https:\/\/i0.wp.com\/blogdoprosperi.com\/wp-content\/uploads\/2026\/07\/Captura-de-Tela-2026-07-04-as-22.53.40.png?fit=1200%2C910&ssl=1&resize=350%2C200","width":350,"height":200,"srcset":"https:\/\/i0.wp.com\/blogdoprosperi.com\/wp-content\/uploads\/2026\/07\/Captura-de-Tela-2026-07-04-as-22.53.40.png?fit=1200%2C910&ssl=1&resize=350%2C200 1x, https:\/\/i0.wp.com\/blogdoprosperi.com\/wp-content\/uploads\/2026\/07\/Captura-de-Tela-2026-07-04-as-22.53.40.png?fit=1200%2C910&ssl=1&resize=525%2C300 1.5x, https:\/\/i0.wp.com\/blogdoprosperi.com\/wp-content\/uploads\/2026\/07\/Captura-de-Tela-2026-07-04-as-22.53.40.png?fit=1200%2C910&ssl=1&resize=700%2C400 2x, https:\/\/i0.wp.com\/blogdoprosperi.com\/wp-content\/uploads\/2026\/07\/Captura-de-Tela-2026-07-04-as-22.53.40.png?fit=1200%2C910&ssl=1&resize=1050%2C600 3x"},"classes":[]},{"id":59472,"url":"https:\/\/blogdoprosperi.com\/?p=59472","url_meta":{"origin":59955,"position":1},"title":"Espanha 0 a 0 Cabo Verde, Vozinha fecha o gol","author":"Luiz Ant\u00f4nio Pr\u00f3speri","date":"15 de junho de 2026","format":"quote","excerpt":"\"Sou Vozinha. \u00c9 por causa das minhas av\u00f3s. Eu nunca vivi com meus pais. Quando nasci, meu pai n\u00e3o estava no servi\u00e7o militar. E minha m\u00e3e tinha sempre de trabalhar para alguma coisa. Ent\u00e3o sempre cresci com minhas av\u00f3s. Na minha zona os rapazes eram muito mais velhos. E eu\u2026","rel":"","context":"Em &quot;copa 2026&quot;","block_context":{"text":"copa 2026","link":"https:\/\/blogdoprosperi.com\/?cat=36820279"},"img":{"alt_text":"","src":"https:\/\/i0.wp.com\/blogdoprosperi.com\/wp-content\/uploads\/2026\/06\/Captura-de-Tela-2026-06-15-as-15.17.42.png?fit=1086%2C882&ssl=1&resize=350%2C200","width":350,"height":200,"srcset":"https:\/\/i0.wp.com\/blogdoprosperi.com\/wp-content\/uploads\/2026\/06\/Captura-de-Tela-2026-06-15-as-15.17.42.png?fit=1086%2C882&ssl=1&resize=350%2C200 1x, https:\/\/i0.wp.com\/blogdoprosperi.com\/wp-content\/uploads\/2026\/06\/Captura-de-Tela-2026-06-15-as-15.17.42.png?fit=1086%2C882&ssl=1&resize=525%2C300 1.5x, https:\/\/i0.wp.com\/blogdoprosperi.com\/wp-content\/uploads\/2026\/06\/Captura-de-Tela-2026-06-15-as-15.17.42.png?fit=1086%2C882&ssl=1&resize=700%2C400 2x, https:\/\/i0.wp.com\/blogdoprosperi.com\/wp-content\/uploads\/2026\/06\/Captura-de-Tela-2026-06-15-as-15.17.42.png?fit=1086%2C882&ssl=1&resize=1050%2C600 3x"},"classes":[]},{"id":60898,"url":"https:\/\/blogdoprosperi.com\/?p=60898","url_meta":{"origin":59955,"position":2},"title":"A Copa Que Eu Vi (parte 1): depoimento","author":"Luiz Ant\u00f4nio Pr\u00f3speri","date":"20 de julho de 2026","format":false,"excerpt":"Luiz Ant\u00f4nio Pr\u00f3speri \u2013 20 julho 2026 (15h30) Rodri ergue a ta\u00e7a de campe\u00e3o da Copa do Mundo de 2026 por volta das 19h (hor\u00e1rio de Brasilia), domingo (19\/7), no est\u00e1dio MetLife, nas cercanias de New Jersey e New York. Jogadores da Espanha pulam de alegria emoldurando o gesto do\u2026","rel":"","context":"Em &quot;copa 2026&quot;","block_context":{"text":"copa 2026","link":"https:\/\/blogdoprosperi.com\/?cat=36820279"},"img":{"alt_text":"","src":"https:\/\/i0.wp.com\/blogdoprosperi.com\/wp-content\/uploads\/2026\/07\/Captura-de-Tela-2026-07-20-as-15.44.40.png?fit=924%2C836&ssl=1&resize=350%2C200","width":350,"height":200,"srcset":"https:\/\/i0.wp.com\/blogdoprosperi.com\/wp-content\/uploads\/2026\/07\/Captura-de-Tela-2026-07-20-as-15.44.40.png?fit=924%2C836&ssl=1&resize=350%2C200 1x, https:\/\/i0.wp.com\/blogdoprosperi.com\/wp-content\/uploads\/2026\/07\/Captura-de-Tela-2026-07-20-as-15.44.40.png?fit=924%2C836&ssl=1&resize=525%2C300 1.5x, https:\/\/i0.wp.com\/blogdoprosperi.com\/wp-content\/uploads\/2026\/07\/Captura-de-Tela-2026-07-20-as-15.44.40.png?fit=924%2C836&ssl=1&resize=700%2C400 2x"},"classes":[]},{"id":47364,"url":"https:\/\/blogdoprosperi.com\/?p=47364","url_meta":{"origin":59955,"position":3},"title":"O que fazer com Neymar? Messi Pode Responder","author":"Luiz Ant\u00f4nio Pr\u00f3speri","date":"8 de janeiro de 2025","format":false,"excerpt":"Luiz Ant\u00f4nio Pr\u00f3speri \u2013 8 janeiro (19h25) \u2013 Neymar tem apenas sete partidas disputadas no Al-Hilal da Ar\u00e1bia Saudita, desde agosto de 2023 quando desembarcou no \"deserto\" vendido por 90 milh\u00f5es de euros. Trocava PSG da Fran\u00e7a por um sal\u00e1rio de 100 milh\u00f5es de euros\/ano e a esperan\u00e7a de seguir\u2026","rel":"","context":"Em &quot;futebol&quot;","block_context":{"text":"futebol","link":"https:\/\/blogdoprosperi.com\/?cat=53870"},"img":{"alt_text":"Neymar, Messi e Su\u00e1rez no Inter Miami","src":"https:\/\/i0.wp.com\/blogdoprosperi.com\/wp-content\/uploads\/2025\/01\/msn.jpg?fit=750%2C485&ssl=1&resize=350%2C200","width":350,"height":200,"srcset":"https:\/\/i0.wp.com\/blogdoprosperi.com\/wp-content\/uploads\/2025\/01\/msn.jpg?fit=750%2C485&ssl=1&resize=350%2C200 1x, https:\/\/i0.wp.com\/blogdoprosperi.com\/wp-content\/uploads\/2025\/01\/msn.jpg?fit=750%2C485&ssl=1&resize=525%2C300 1.5x, https:\/\/i0.wp.com\/blogdoprosperi.com\/wp-content\/uploads\/2025\/01\/msn.jpg?fit=750%2C485&ssl=1&resize=700%2C400 2x"},"classes":[]},{"id":60050,"url":"https:\/\/blogdoprosperi.com\/?p=60050","url_meta":{"origin":59955,"position":4},"title":"Caminho do Brasil at\u00e9 o Hexa tem todos artilheiros da Copa pela frente","author":"Luiz Ant\u00f4nio Pr\u00f3speri","date":"1 de julho de 2026","format":false,"excerpt":"Luiz Ant\u00f4nio Pr\u00f3speri, de Morristown, 1 julho 2026 (19h11) Carlo Ancelotti franze a sobrancelha s\u00f3 de pensar o que ter\u00e1 pela frente se o Brasil avan\u00e7ar at\u00e9 a final da Copa 2026. Nesta ordem, Haaland, Harry Kane, Lionel Messi e Mbapp\u00e9. Os quatro atacantes somam 22 gols, entre a fase\u2026","rel":"","context":"Em &quot;copa 2026&quot;","block_context":{"text":"copa 2026","link":"https:\/\/blogdoprosperi.com\/?cat=36820279"},"img":{"alt_text":"","src":"https:\/\/i0.wp.com\/blogdoprosperi.com\/wp-content\/uploads\/2026\/07\/Captura-de-Tela-2026-07-01-as-19.13.46.png?fit=1200%2C555&ssl=1&resize=350%2C200","width":350,"height":200,"srcset":"https:\/\/i0.wp.com\/blogdoprosperi.com\/wp-content\/uploads\/2026\/07\/Captura-de-Tela-2026-07-01-as-19.13.46.png?fit=1200%2C555&ssl=1&resize=350%2C200 1x, https:\/\/i0.wp.com\/blogdoprosperi.com\/wp-content\/uploads\/2026\/07\/Captura-de-Tela-2026-07-01-as-19.13.46.png?fit=1200%2C555&ssl=1&resize=525%2C300 1.5x, https:\/\/i0.wp.com\/blogdoprosperi.com\/wp-content\/uploads\/2026\/07\/Captura-de-Tela-2026-07-01-as-19.13.46.png?fit=1200%2C555&ssl=1&resize=700%2C400 2x, https:\/\/i0.wp.com\/blogdoprosperi.com\/wp-content\/uploads\/2026\/07\/Captura-de-Tela-2026-07-01-as-19.13.46.png?fit=1200%2C555&ssl=1&resize=1050%2C600 3x"},"classes":[]},{"id":46242,"url":"https:\/\/blogdoprosperi.com\/?p=46242","url_meta":{"origin":59955,"position":5},"title":"Neymar | Clube Saudita Projeta Sa\u00edda do Craque em Janeiro 2025 e Santos Aguarda Sua Cria","author":"Luiz Ant\u00f4nio Pr\u00f3speri","date":"6 de novembro de 2024","format":false,"excerpt":"Luiz Ant\u00f4nio Pr\u00f3speri \u2013 6 novembro (15h28) \u2013 Neymar n\u00e3o joga mais nessa temporada do futebol saudita. Ali\u00e1s, desde outubro de 2023, n\u00e3o atua de forma regular no Al-Hilal. Fora dos campos ap\u00f3s um ano se recuperando de grave cirurgia no joelho, Neymar esperava voltar bem em novembro 2024 na\u2026","rel":"","context":"Em &quot;futebol&quot;","block_context":{"text":"futebol","link":"https:\/\/blogdoprosperi.com\/?cat=53870"},"img":{"alt_text":"Neymar de sa\u00edda do futebol saudita","src":"https:\/\/i0.wp.com\/blogdoprosperi.com\/wp-content\/uploads\/2024\/11\/captura-de-tela-2024-11-06-as-12.52.24.png?fit=1200%2C816&ssl=1&resize=350%2C200","width":350,"height":200,"srcset":"https:\/\/i0.wp.com\/blogdoprosperi.com\/wp-content\/uploads\/2024\/11\/captura-de-tela-2024-11-06-as-12.52.24.png?fit=1200%2C816&ssl=1&resize=350%2C200 1x, https:\/\/i0.wp.com\/blogdoprosperi.com\/wp-content\/uploads\/2024\/11\/captura-de-tela-2024-11-06-as-12.52.24.png?fit=1200%2C816&ssl=1&resize=525%2C300 1.5x, https:\/\/i0.wp.com\/blogdoprosperi.com\/wp-content\/uploads\/2024\/11\/captura-de-tela-2024-11-06-as-12.52.24.png?fit=1200%2C816&ssl=1&resize=700%2C400 2x, https:\/\/i0.wp.com\/blogdoprosperi.com\/wp-content\/uploads\/2024\/11\/captura-de-tela-2024-11-06-as-12.52.24.png?fit=1200%2C816&ssl=1&resize=1050%2C600 3x"},"classes":[]}],"jetpack_featured_media_url":"https:\/\/i0.wp.com\/blogdoprosperi.com\/wp-content\/uploads\/2026\/06\/HLyXKxwW8AAm72L.jpeg?fit=1200%2C675&ssl=1","_links":{"self":[{"href":"https:\/\/blogdoprosperi.com\/index.php?rest_route=\/wp\/v2\/posts\/59955","targetHints":{"allow":["GET"]}}],"collection":[{"href":"https:\/\/blogdoprosperi.com\/index.php?rest_route=\/wp\/v2\/posts"}],"about":[{"href":"https:\/\/blogdoprosperi.com\/index.php?rest_route=\/wp\/v2\/types\/post"}],"author":[{"embeddable":true,"href":"https:\/\/blogdoprosperi.com\/index.php?rest_route=\/wp\/v2\/users\/102107496"}],"replies":[{"embeddable":true,"href":"https:\/\/blogdoprosperi.com\/index.php?rest_route=%2Fwp%2Fv2%2Fcomments&post=59955"}],"version-history":[{"count":13,"href":"https:\/\/blogdoprosperi.com\/index.php?rest_route=\/wp\/v2\/posts\/59955\/revisions"}],"predecessor-version":[{"id":59969,"href":"https:\/\/blogdoprosperi.com\/index.php?rest_route=\/wp\/v2\/posts\/59955\/revisions\/59969"}],"wp:featuredmedia":[{"embeddable":true,"href":"https:\/\/blogdoprosperi.com\/index.php?rest_route=\/wp\/v2\/media\/59968"}],"wp:attachment":[{"href":"https:\/\/blogdoprosperi.com\/index.php?rest_route=%2Fwp%2Fv2%2Fmedia&parent=59955"}],"wp:term":[{"taxonomy":"category","embeddable":true,"href":"https:\/\/blogdoprosperi.com\/index.php?rest_route=%2Fwp%2Fv2%2Fcategories&post=59955"},{"taxonomy":"post_tag","embeddable":true,"href":"https:\/\/blogdoprosperi.com\/index.php?rest_route=%2Fwp%2Fv2%2Ftags&post=59955"}],"curies":[{"name":"wp","href":"https:\/\/api.w.org\/{rel}","templated":true}]}}