{"id":59970,"date":"2026-06-27T02:02:15","date_gmt":"2026-06-27T05:02:15","guid":{"rendered":"https:\/\/blogdoprosperi.com\/?p=59970"},"modified":"2026-06-27T02:29:55","modified_gmt":"2026-06-27T05:29:55","slug":"como-os-criadores-de-conteudo-estao-trazendo-uma-nova-dimensao-aos-fas-desta-copa-do-mundo","status":"publish","type":"post","link":"https:\/\/blogdoprosperi.com\/?p=59970","title":{"rendered":"Como os criadores de conte\u00fado est\u00e3o trazendo uma nova dimens\u00e3o aos f\u00e3s desta Copa do Mundo"},"content":{"rendered":"<p><em>Luiz Ant\u00f4nio Pr\u00f3speri, de Morristown, 27 junho 2026 (00h55)<\/em><\/p>\n<p><em>Quando virei jornalista esportivo de verdade, l\u00e1 no fim dos anos 1980 e come\u00e7o de 1990 no Jornal Tarde de S\u00e3o Paulo, aprendi que meu dever era escrever bem, no m\u00ednimo. Ainda hoje n\u00e3o sei se escrevo bem ou se um dia escrevi bem. Continuo tentando. Por isso, ao longo de minha carreira acumulei algumas refer\u00eancias do jornalismo de excel\u00eancia nos textos e reportagens. Como nesses meses de junho e julho estou aqui nos Estados Unidos cobrindo minha d\u00e9cima Copa do Mundo, me vejo obrigado a mencionar jornalistas americanos que fizeram minha cabe\u00e7a nesses anos todos: a dupla Bob Woodward e Carl Bernstein do Caso Watergate, Seymour Hersh, Gay Talese, Norman Mailer, Truman Capote, Tom Wolfe, para ficar nos mais famosos e conhecidos, e uma dezena mais de expoentes da caneta e bloquinho. Hoje essa gente fina da escrita passaria raiva com o mundo que estamos vivendo no jornalismo. Agora tudo cabe na tela palma da m\u00e3o dos celulares. Todos n\u00f3s, velhos homens de imprensa ou n\u00e3o, temos de nos adaptar aos formatos do YouTube. Exibir nossos car\u00f5es em v\u00eddeos relatos de nossas reportagens. Ou isso ou o fim. Nessa Copa 2026 cabemos todos dentro do YT. Que assim seja.<\/em><\/p>\n<p><em>A seguir fa\u00e7o a transcri\u00e7\u00e3o na \u00edntegra de uma reportagem publicada no prestigioso jornal ingl\u00eas The Guardian que mostra como o jornalismo esportivo &nbsp;foi parar na telinha dos celulares. \u00c9 text\u00e3o, aviso aos que n\u00e3o aguentam ver v\u00eddeos de mais de dois minutos ou meia-d\u00fazia de linhas de uma reportagem redigida. Acompanhe:<\/em><\/p>\n<hr>\n<p><strong><em>YouTubers revelam como est\u00e3o desafiando a cobertura televisiva tradicional do torneio com sua pr\u00f3pria intera\u00e7\u00e3o com o p\u00fablico<\/em><\/strong><\/p>\n<p><em>por Yara El-Shaboury, The Guardian, 26 de junho de 2026<\/em><\/p>\n<p>Durante d\u00e9cadas, a&nbsp;<span dir=\"auto\">Copa do Mundo<\/span><span dir=\"auto\">&nbsp;pertenceu \u00e0s emissoras. Os torcedores se reuniam em frente \u00e0 televis\u00e3o, assistiam aos jogos ao vivo ou conferiam os melhores momentos mais tarde naquela noite. No Reino Unido, a BBC e a ITV atuavam como guardi\u00e3s, decidindo quais hist\u00f3rias seriam contadas e como o p\u00fablico vivenciaria o maior torneio de futebol do mundo.<\/span><\/p>\n<p>Esse mundo ainda existe. Milh\u00f5es assistem a jogos ao vivo pela televis\u00e3o, e as emissoras continuam dominando os direitos de transmiss\u00e3o e acesso. Mas, ao lado delas, surgiu outra camada da m\u00eddia esportiva.<\/p>\n<p>Enquanto equipes de televis\u00e3o percorrem a Am\u00e9rica do Norte cobrindo partidas, criadores de conte\u00fado est\u00e3o construindo suas pr\u00f3prias Copas do Mundo online. Alguns transmitem jogos ao vivo em grupo. Outros produzem an\u00e1lises di\u00e1rias no YouTube. Muitos documentam a cultura dos torcedores, as comunidades da di\u00e1spora e hist\u00f3rias que existem al\u00e9m dos 90 minutos em campo. Para um n\u00famero crescente de torcedores, principalmente os mais jovens, a Copa do Mundo \u00e9 apenas mais um evento esportivo para vivenciar atrav\u00e9s de criadores de conte\u00fado antes, durante e depois do pontap\u00e9 inicial. Poucas pessoas personificam essa mudan\u00e7a mais do que&nbsp;<span dir=\"auto\">Jide Maduako<\/span><span dir=\"auto\">&nbsp;, que se prop\u00f4s um desafio ambicioso para o torneio:&nbsp;<\/span><span dir=\"auto\">viajar para todos os pa\u00edses participantes da Copa do Mundo<\/span><span dir=\"auto\">&nbsp;e documentar a cultura do futebol ao longo do caminho.<\/span><\/p>\n<p>\u201cEu fa\u00e7o document\u00e1rios onde me imerjo na cultura de um time de futebol\u201d, diz ele. \u201cSempre que chego a algum lugar, minha miss\u00e3o \u00e9 me tornar um local. A Copa do Mundo tem sido bastante inacess\u00edvel para muita gente. Se as pessoas n\u00e3o conseguem ir \u00e0 Copa do Mundo, eu quero levar a Copa do Mundo at\u00e9 elas.\u201d<\/p>\n<p>Ele passa os dias filmando, fazendo transmiss\u00f5es ao vivo e participando de eventos locais para assistir aos jogos. Grande parte disso acontece ao vivo no Twitch, onde os espectadores se tornam participantes da cobertura. &#8220;O que percebi com as transmiss\u00f5es ao vivo \u00e9 que, na verdade, \u00e9 melhor levar as pessoas junto na jornada. Alguns dos meus espectadores dizem: &#8216;Voc\u00ea deveria fazer isso&#8217;, &#8216;Voc\u00ea deveria comer isso&#8217;. Eles me d\u00e3o recomenda\u00e7\u00f5es.&#8221;<\/p>\n<p>O resultado \u00e9 algo fundamentalmente diferente da cobertura televisiva tradicional. Em vez de um produto final apresentado aos telespectadores, o conte\u00fado evolui em tempo real com a participa\u00e7\u00e3o do p\u00fablico. Essa distin\u00e7\u00e3o \u00e9 a principal raz\u00e3o pela qual os criadores de conte\u00fado se tornaram cada vez mais influentes na m\u00eddia esportiva.<\/p>\n<p class=\"dcr-1s160rg\"><span dir=\"auto\">\u201cAs pessoas tamb\u00e9m confiam em n\u00f3s \u2013 e n\u00e3o apenas o meu p\u00fablico\u201d, diz Maduako. \u201cEsteja eu no Brooklyn ou em algum lugar da \u00c1frica, por ser um homem negro e ter a apar\u00eancia que me define, consigo obter uma hist\u00f3ria mais aut\u00eantica. Ao contr\u00e1rio das empresas de m\u00eddia, que precisam de autoriza\u00e7\u00e3o para ir a certos lugares, n\u00f3s n\u00e3o temos barreiras. A m\u00eddia tradicional pode ser t\u00e3o corporativa que o processo se torna mais demorado. E a essa altura, a hist\u00f3ria j\u00e1 se perdeu. Eu me considero um jornalista independente. Produzo conte\u00fado com uma miss\u00e3o mais clara. Sempre o chamei de edutainment \u2013 educa\u00e7\u00e3o para entretenimento.\u201d<\/span><\/p>\n<p>Essa opini\u00e3o \u00e9 compartilhada por <span dir=\"auto\">Manny Brown<\/span><span dir=\"auto\">&nbsp;, que cria conte\u00fado h\u00e1 quase 15 anos. Durante esta Copa do Mundo, ele apresenta o The Build Up, um programa do YouTube produzido em parceria com o Grupo Lego, que mistura debates, jogos e intera\u00e7\u00e3o com o p\u00fablico, com convidados como&nbsp;<\/span><span dir=\"auto\">Harry Aikines-Aryeetey<\/span><span dir=\"auto\">&nbsp;,&nbsp;<\/span><span dir=\"auto\">Harry Pinero<\/span><span dir=\"auto\">&nbsp;e&nbsp;<\/span><span dir=\"auto\">Lauren Hemp<\/span><span dir=\"auto\">&nbsp;. Brown v\u00ea os programas criados por especialistas como mais uma forma de os f\u00e3s se envolverem com o torneio. &#8220;O objetivo \u00e9 diferente&#8221;, afirma. &#8220;\u00c9 engajar as pessoas e deix\u00e1-las empolgadas para os jogos. Tem potencial para complementar a m\u00eddia tradicional.&#8221;<\/span><\/p>\n<p><span class=\"alignnone\"><img data-recalc-dims=\"1\" loading=\"lazy\" decoding=\"async\" data-attachment-id=\"59658\" data-permalink=\"https:\/\/blogdoprosperi.com\/?attachment_id=59658\" data-orig-file=\"https:\/\/i0.wp.com\/blogdoprosperi.com\/wp-content\/uploads\/2026\/06\/Captura-de-Tela-2026-06-22-as-17.22.49.png?fit=924%2C762&amp;ssl=1\" data-orig-size=\"924,762\" data-comments-opened=\"1\" data-image-meta=\"{&quot;aperture&quot;:&quot;0&quot;,&quot;credit&quot;:&quot;&quot;,&quot;camera&quot;:&quot;&quot;,&quot;caption&quot;:&quot;&quot;,&quot;created_timestamp&quot;:&quot;0&quot;,&quot;copyright&quot;:&quot;&quot;,&quot;focal_length&quot;:&quot;0&quot;,&quot;iso&quot;:&quot;0&quot;,&quot;shutter_speed&quot;:&quot;0&quot;,&quot;title&quot;:&quot;&quot;,&quot;orientation&quot;:&quot;0&quot;,&quot;alt&quot;:&quot;&quot;}\" data-image-title=\"Captura de Tela 2026-06-22 \u00e0s 17.22.49\" data-image-description=\"&lt;p&gt;Messi puxa Argentina \u2013 foto: Superbet X oficial&lt;\/p&gt;\n\" data-image-caption=\"\" data-large-file=\"https:\/\/i0.wp.com\/blogdoprosperi.com\/wp-content\/uploads\/2026\/06\/Captura-de-Tela-2026-06-22-as-17.22.49.png?fit=924%2C762&amp;ssl=1\" src=\"https:\/\/i0.wp.com\/blogdoprosperi.com\/wp-content\/uploads\/2026\/06\/Captura-de-Tela-2026-06-22-as-17.22.49.png?resize=924%2C762&#038;ssl=1\" class=\"alignnone size-full wp-image-59658\" alt=\"\" width=\"924\" height=\"762\" srcset=\"https:\/\/i0.wp.com\/blogdoprosperi.com\/wp-content\/uploads\/2026\/06\/Captura-de-Tela-2026-06-22-as-17.22.49.png?w=924&amp;ssl=1 924w, https:\/\/i0.wp.com\/blogdoprosperi.com\/wp-content\/uploads\/2026\/06\/Captura-de-Tela-2026-06-22-as-17.22.49.png?resize=458%2C378&amp;ssl=1 458w, https:\/\/i0.wp.com\/blogdoprosperi.com\/wp-content\/uploads\/2026\/06\/Captura-de-Tela-2026-06-22-as-17.22.49.png?resize=150%2C124&amp;ssl=1 150w, https:\/\/i0.wp.com\/blogdoprosperi.com\/wp-content\/uploads\/2026\/06\/Captura-de-Tela-2026-06-22-as-17.22.49.png?resize=768%2C633&amp;ssl=1 768w, https:\/\/i0.wp.com\/blogdoprosperi.com\/wp-content\/uploads\/2026\/06\/Captura-de-Tela-2026-06-22-as-17.22.49.png?resize=450%2C371&amp;ssl=1 450w, https:\/\/i0.wp.com\/blogdoprosperi.com\/wp-content\/uploads\/2026\/06\/Captura-de-Tela-2026-06-22-as-17.22.49.png?resize=728%2C600&amp;ssl=1 728w\" sizes=\"auto, (max-width: 924px) 100vw, 924px\" \/><\/span><\/p>\n<p>Agora mais do que nunca, Brown acredita que os espectadores buscam cada vez mais personalidades e perspectivas diferentes al\u00e9m da transmiss\u00e3o ao vivo. &#8220;As pessoas sempre se interessam pelo que \u00e9 novo e continuam assistindo quando encontra algo que atenda \u00e0s suas expectativas&#8221;, diz ele. &#8220;Muitos criadores de conte\u00fado renomados surgiram e as pessoas assistem \u00e0 cobertura deles porque mostram uma perspectiva diferente da que se v\u00ea normalmente na Copa do Mundo.&#8221;<\/p>\n<p>Essa perspectiva \u00e9 compartilhada por&nbsp;Ly\u00e9s Bouzidi&nbsp;, que est\u00e1 na Copa do Mundo trabalhando em programas com&nbsp;<span dir=\"auto\">a Sports Illustrated<\/span><span dir=\"auto\">&nbsp;e em um&nbsp;<\/span><span dir=\"auto\">programa afiliado \u00e0 Fifa, produzido pela Goal e pela Aramco,<\/span><span dir=\"auto\">&nbsp;enquanto cria conte\u00fado para suas pr\u00f3prias plataformas. Nunca se furtando a expressar suas opini\u00f5es como torcedor da Arg\u00e9lia e do Manchester United, ele ocupa um espa\u00e7o entre a radiodifus\u00e3o tradicional e a cultura de criadores independentes<\/span><\/p>\n<p>\u201cN\u00e3o sou arrogante o suficiente para pensar que, n\u00e3o importa quantos espectadores eu consiga atrair, algum dia poderei competir com gigantes hist\u00f3ricos como a BBC e a ITV\u201d, diz ele. \u201cO dia em que eu come\u00e7ar a pensar assim ser\u00e1 o dia em que algu\u00e9m precisar\u00e1 me dar um tapa na nuca. Eu as considero o padr\u00e3o. Mas elas existem em seu pr\u00f3prio espa\u00e7o e eu existo no meu.\u201d<\/p>\n<p>Essa separa\u00e7\u00e3o tamb\u00e9m lhe proporciona algo que ele acredita que as emissoras tradicionais nem sempre podem oferecer: liberdade editorial. &#8220;Sou muito opinativo&#8221;, diz ele. &#8220;Essa \u00e9 uma das vantagens de ter minha pr\u00f3pria plataforma. Tenho total liberdade para falar sobre qualquer coisa.&#8221; Ele reconhece que isso tem suas desvantagens. &#8220;Se traduzirmos isso em cr\u00edticas \u00e0 Fifa ou \u00e0 decis\u00e3o dos EUA de n\u00e3o permitir a entrada de pessoas no pa\u00eds e ao tratamento dado \u00e0 sele\u00e7\u00e3o iraniana&#8230; tenho plena consci\u00eancia de que minhas opini\u00f5es fortes podem limitar minhas chances de ir a jogos pela Fifa ou de trabalhar com a Fifa de alguma forma. Mas essa \u00e9 uma desvantagem em compara\u00e7\u00e3o com as muitas vantagens que tenho.&#8221;<\/p>\n<p>Essa independ\u00eancia \u00e9 parte da raz\u00e3o pela qual o p\u00fablico se volta cada vez mais para os criadores de conte\u00fado. &#8220;A quantidade de op\u00e7\u00f5es que algu\u00e9m tem depois de um jogo para ouvir a opini\u00e3o de outra pessoa \u00e9 quase infinita&#8221;, diz Bouzidi. &#8220;Isso n\u00e3o significa que, se voc\u00ea estiver assistindo a um criador de conte\u00fado em vez da transmiss\u00e3o p\u00f3s-jogo na BBC ou na ITV, o criador de conte\u00fado ter\u00e1 informa\u00e7\u00f5es melhores. Mas talvez os espectadores queiram o ponto de vista de um torcedor em vez de um ex-jogador falando sobre algo sob uma perspectiva que eles simplesmente nunca conseguiram entender.&#8221;<\/p>\n<p>\u201cEu estava assistindo ao jogo da Arg\u00e9lia na ITV. E com todo o respeito aos apresentadores e comentaristas \u2013 eles fizeram o melhor trabalho poss\u00edvel \u2013 eu sei, no fundo, que nenhum deles conhece mais sobre a Arg\u00e9lia do que eu. Sempre haver\u00e1 uma diferen\u00e7a entre algu\u00e9m que respira a sele\u00e7\u00e3o e algu\u00e9m que est\u00e1 apenas come\u00e7ando a se familiarizar com ela na noite anterior.\u201d<\/p>\n<p>Brown tamb\u00e9m observa essa mudan\u00e7a refletida na forma como as pessoas assistem ao futebol em geral. &#8220;Os torcedores mais jovens consomem futebol em pequenas doses&#8221;, diz ele. &#8220;As pessoas consomem futebol pelas redes sociais ou atrav\u00e9s da perspectiva de um criador de conte\u00fado, seja assistindo a jogos ao vivo ou vendo os melhores momentos, em vez de simplesmente sentar para assistir a uma partida de futebol de 90 minutos.&#8221;<\/p>\n<p>\u201cSe olharmos para a m\u00eddia tradicional, veremos que ela est\u00e1 tentando seguir esse modelo. Est\u00e3o dando espa\u00e7o a personagens que voc\u00ea talvez n\u00e3o veja na m\u00eddia tradicional. Os criadores de conte\u00fado s\u00e3o uma parte fundamental do torneio e \u00e9 s\u00f3 uma quest\u00e3o de tempo at\u00e9 que entidades como a FIFA implementem mais iniciativas nesse sentido. H\u00e1 cinco ou seis anos, os criadores de conte\u00fado ainda n\u00e3o eram levados a s\u00e9rio. A forma como est\u00e3o cobrindo esta Copa do Mundo \u00e9 algo que nunca vimos antes.\u201d<\/p>\n","protected":false},"excerpt":{"rendered":"<p>Luiz Ant\u00f4nio Pr\u00f3speri, de Morristown, 27 junho 2026 (00h55) Quando virei jornalista esportivo de verdade, l\u00e1 no fim [&hellip;]<\/p>\n","protected":false},"author":102107496,"featured_media":59738,"comment_status":"open","ping_status":"open","sticky":false,"template":"","format":"standard","meta":{"_coblocks_attr":"","_coblocks_dimensions":"","_coblocks_responsive_height":"","_coblocks_accordion_ie_support":"","_jetpack_newsletter_access":"","_jetpack_dont_email_post_to_subs":false,"_jetpack_newsletter_tier_id":0,"_jetpack_memberships_contains_paywalled_content":false,"_wpcom_ai_launchpad_first_post":false,"_jetpack_feature_clip_id":0,"_jetpack_memberships_contains_paid_content":false,"footnotes":"","jetpack_publicize_message":"","jetpack_publicize_feature_enabled":true,"jetpack_social_post_already_shared":true,"jetpack_social_options":{"image_generator_settings":{"template":"highway","default_image_id":0,"font":"","enabled":false},"version":2},"jetpack_post_was_ever_published":false},"categories":[53870],"tags":[],"class_list":["post-59970","post","type-post","status-publish","format-standard","has-post-thumbnail","hentry","category-futebol"],"yoast_head":"<!-- This site is optimized with the Yoast SEO plugin v28.3 - https:\/\/yoast.com\/product\/yoast-seo-wordpress\/ -->\n<title>Como os criadores de conte\u00fado est\u00e3o trazendo uma nova dimens\u00e3o aos f\u00e3s desta Copa do Mundo - PR\u00d3SPERI NEWS<\/title>\n<meta name=\"robots\" content=\"index, follow, max-snippet:-1, max-image-preview:large, max-video-preview:-1\" \/>\n<link rel=\"canonical\" href=\"https:\/\/blogdoprosperi.com\/?p=59970\" \/>\n<meta property=\"og:locale\" content=\"pt_BR\" \/>\n<meta property=\"og:type\" content=\"article\" \/>\n<meta property=\"og:title\" content=\"Como os criadores de conte\u00fado est\u00e3o trazendo uma nova dimens\u00e3o aos f\u00e3s desta Copa do Mundo - PR\u00d3SPERI NEWS\" \/>\n<meta property=\"og:description\" content=\"Luiz Ant\u00f4nio Pr\u00f3speri, de Morristown, 27 junho 2026 (00h55) Quando virei jornalista esportivo de verdade, l\u00e1 no fim [&hellip;]\" \/>\n<meta property=\"og:url\" content=\"https:\/\/blogdoprosperi.com\/?p=59970\" \/>\n<meta property=\"og:site_name\" content=\"PR\u00d3SPERI NEWS\" \/>\n<meta property=\"article:publisher\" content=\"Luiz Pr\u00f3speri\" \/>\n<meta property=\"article:author\" content=\"Luiz Pr\u00f3speri\" \/>\n<meta property=\"article:published_time\" content=\"2026-06-27T05:02:15+00:00\" \/>\n<meta property=\"article:modified_time\" content=\"2026-06-27T05:29:55+00:00\" \/>\n<meta property=\"og:image\" content=\"https:\/\/blogdoprosperi.com\/wp-content\/uploads\/2026\/06\/23JUN2026TREINOREDBULL55-IMPRENSA-1024x677.jpg\" \/>\n\t<meta property=\"og:image:width\" content=\"1024\" \/>\n\t<meta property=\"og:image:height\" content=\"677\" \/>\n\t<meta property=\"og:image:type\" content=\"image\/jpeg\" \/>\n<meta name=\"author\" content=\"Luiz Ant\u00f4nio Pr\u00f3speri\" \/>\n<meta name=\"twitter:card\" content=\"summary_large_image\" \/>\n<meta name=\"twitter:creator\" content=\"@Luizprosperi\" \/>\n<meta name=\"twitter:site\" content=\"@Luizprosperi\" \/>\n<meta name=\"twitter:label1\" content=\"Escrito por\" \/>\n\t<meta name=\"twitter:data1\" content=\"Luiz Ant\u00f4nio Pr\u00f3speri\" \/>\n\t<meta name=\"twitter:label2\" content=\"Est. tempo de leitura\" \/>\n\t<meta name=\"twitter:data2\" content=\"8 minutos\" \/>\n<script type=\"application\/ld+json\" class=\"yoast-schema-graph\">{\"@context\":\"https:\\\/\\\/schema.org\",\"@graph\":[{\"@type\":\"Article\",\"@id\":\"https:\\\/\\\/blogdoprosperi.com\\\/?p=59970#article\",\"isPartOf\":{\"@id\":\"https:\\\/\\\/blogdoprosperi.com\\\/?p=59970\"},\"author\":{\"name\":\"Luiz Ant\u00f4nio Pr\u00f3speri\",\"@id\":\"https:\\\/\\\/blogdoprosperi.com\\\/#\\\/schema\\\/person\\\/38100755ce3601861ee4fab9b5aa78e9\"},\"headline\":\"Como os criadores de conte\u00fado est\u00e3o trazendo uma nova dimens\u00e3o aos f\u00e3s desta Copa do Mundo\",\"datePublished\":\"2026-06-27T05:02:15+00:00\",\"dateModified\":\"2026-06-27T05:29:55+00:00\",\"mainEntityOfPage\":{\"@id\":\"https:\\\/\\\/blogdoprosperi.com\\\/?p=59970\"},\"wordCount\":1699,\"commentCount\":0,\"publisher\":{\"@id\":\"https:\\\/\\\/blogdoprosperi.com\\\/#\\\/schema\\\/person\\\/38100755ce3601861ee4fab9b5aa78e9\"},\"image\":{\"@id\":\"https:\\\/\\\/blogdoprosperi.com\\\/?p=59970#primaryimage\"},\"thumbnailUrl\":\"https:\\\/\\\/i0.wp.com\\\/blogdoprosperi.com\\\/wp-content\\\/uploads\\\/2026\\\/06\\\/23JUN2026TREINOREDBULL55-IMPRENSA.jpg?fit=3355%2C2217&ssl=1\",\"articleSection\":[\"futebol\"],\"inLanguage\":\"pt-BR\",\"potentialAction\":[{\"@type\":\"CommentAction\",\"name\":\"Comment\",\"target\":[\"https:\\\/\\\/blogdoprosperi.com\\\/?p=59970#respond\"]}]},{\"@type\":\"WebPage\",\"@id\":\"https:\\\/\\\/blogdoprosperi.com\\\/?p=59970\",\"url\":\"https:\\\/\\\/blogdoprosperi.com\\\/?p=59970\",\"name\":\"Como os criadores de conte\u00fado est\u00e3o trazendo uma nova dimens\u00e3o aos f\u00e3s desta Copa do Mundo - PR\u00d3SPERI NEWS\",\"isPartOf\":{\"@id\":\"https:\\\/\\\/blogdoprosperi.com\\\/#website\"},\"primaryImageOfPage\":{\"@id\":\"https:\\\/\\\/blogdoprosperi.com\\\/?p=59970#primaryimage\"},\"image\":{\"@id\":\"https:\\\/\\\/blogdoprosperi.com\\\/?p=59970#primaryimage\"},\"thumbnailUrl\":\"https:\\\/\\\/i0.wp.com\\\/blogdoprosperi.com\\\/wp-content\\\/uploads\\\/2026\\\/06\\\/23JUN2026TREINOREDBULL55-IMPRENSA.jpg?fit=3355%2C2217&ssl=1\",\"datePublished\":\"2026-06-27T05:02:15+00:00\",\"dateModified\":\"2026-06-27T05:29:55+00:00\",\"breadcrumb\":{\"@id\":\"https:\\\/\\\/blogdoprosperi.com\\\/?p=59970#breadcrumb\"},\"inLanguage\":\"pt-BR\",\"potentialAction\":[{\"@type\":\"ReadAction\",\"target\":[\"https:\\\/\\\/blogdoprosperi.com\\\/?p=59970\"]}]},{\"@type\":\"ImageObject\",\"inLanguage\":\"pt-BR\",\"@id\":\"https:\\\/\\\/blogdoprosperi.com\\\/?p=59970#primaryimage\",\"url\":\"https:\\\/\\\/i0.wp.com\\\/blogdoprosperi.com\\\/wp-content\\\/uploads\\\/2026\\\/06\\\/23JUN2026TREINOREDBULL55-IMPRENSA.jpg?fit=3355%2C2217&ssl=1\",\"contentUrl\":\"https:\\\/\\\/i0.wp.com\\\/blogdoprosperi.com\\\/wp-content\\\/uploads\\\/2026\\\/06\\\/23JUN2026TREINOREDBULL55-IMPRENSA.jpg?fit=3355%2C2217&ssl=1\",\"width\":3355,\"height\":2217,\"caption\":\"Jornalistas na cobertura da Sele\u00e7\u00e3o Copa 2026 - foto: CBF oficial\"},{\"@type\":\"BreadcrumbList\",\"@id\":\"https:\\\/\\\/blogdoprosperi.com\\\/?p=59970#breadcrumb\",\"itemListElement\":[{\"@type\":\"ListItem\",\"position\":1,\"name\":\"In\u00edcio\",\"item\":\"https:\\\/\\\/blogdoprosperi.com\\\/\"},{\"@type\":\"ListItem\",\"position\":2,\"name\":\"Como os criadores de conte\u00fado est\u00e3o trazendo uma nova dimens\u00e3o aos f\u00e3s desta Copa do Mundo\"}]},{\"@type\":\"WebSite\",\"@id\":\"https:\\\/\\\/blogdoprosperi.com\\\/#website\",\"url\":\"https:\\\/\\\/blogdoprosperi.com\\\/\",\"name\":\"PR\u00d3SPERI NEWS\",\"description\":\"TUDO \u00c9  FUTEBOL\",\"publisher\":{\"@id\":\"https:\\\/\\\/blogdoprosperi.com\\\/#\\\/schema\\\/person\\\/38100755ce3601861ee4fab9b5aa78e9\"},\"alternateName\":\"blogdoprosperi.com\",\"potentialAction\":[{\"@type\":\"SearchAction\",\"target\":{\"@type\":\"EntryPoint\",\"urlTemplate\":\"https:\\\/\\\/blogdoprosperi.com\\\/?s={search_term_string}\"},\"query-input\":{\"@type\":\"PropertyValueSpecification\",\"valueRequired\":true,\"valueName\":\"search_term_string\"}}],\"inLanguage\":\"pt-BR\"},{\"@type\":[\"Person\",\"Organization\"],\"@id\":\"https:\\\/\\\/blogdoprosperi.com\\\/#\\\/schema\\\/person\\\/38100755ce3601861ee4fab9b5aa78e9\",\"name\":\"Luiz Ant\u00f4nio Pr\u00f3speri\",\"pronouns\":\"ele\",\"image\":{\"@type\":\"ImageObject\",\"inLanguage\":\"pt-BR\",\"@id\":\"https:\\\/\\\/i0.wp.com\\\/blogdoprosperi.com\\\/wp-content\\\/uploads\\\/2026\\\/05\\\/cropped-8059e613-6002-42fa-961e-8e275f575d71-2-5.jpg?fit=1360%2C931&ssl=1\",\"url\":\"https:\\\/\\\/i0.wp.com\\\/blogdoprosperi.com\\\/wp-content\\\/uploads\\\/2026\\\/05\\\/cropped-8059e613-6002-42fa-961e-8e275f575d71-2-5.jpg?fit=1360%2C931&ssl=1\",\"contentUrl\":\"https:\\\/\\\/i0.wp.com\\\/blogdoprosperi.com\\\/wp-content\\\/uploads\\\/2026\\\/05\\\/cropped-8059e613-6002-42fa-961e-8e275f575d71-2-5.jpg?fit=1360%2C931&ssl=1\",\"width\":1360,\"height\":931,\"caption\":\"Luiz Ant\u00f4nio Pr\u00f3speri\"},\"logo\":{\"@id\":\"https:\\\/\\\/i0.wp.com\\\/blogdoprosperi.com\\\/wp-content\\\/uploads\\\/2026\\\/05\\\/cropped-8059e613-6002-42fa-961e-8e275f575d71-2-5.jpg?fit=1360%2C931&ssl=1\"},\"description\":\"Jornalista com carreira dedicada ao esporte. Cobriu 9 Copas do Mundo in loco, 1990 na It\u00e1lia, 1994 nos EUA, 1998 na Fran\u00e7a, 2002 na Coreia do Sul e Jap\u00e3o, 2006 na Alemanha, 2010 na \u00c1frica do Sul, 2014 no Brasil, 2018 na R\u00fassia e 2022 no Qatar. Eurocopas, 1992 na Su\u00e9cia e 1996 na Inglaterra. Copa das Confedera\u00e7\u00f5es de 2005 na Alemanha e 2009 na \u00c1frica do Sul. Rep\u00f3rter e Editor, trabalhou no Jornal da Tarde e Estad\u00e3o, de 1984 a fevereiro de 2016. Colunista, blogueiro. E comentarista de futebol na R\u00e1dio Estad\u00e3o, de 2013 a fevereiro de 2016. Jornalista respons\u00e1vel do \\\"Pr\u00f3speri News\\\" (blogdoprosperi.com).\",\"sameAs\":[\"http:\\\/\\\/blogdoprosperi.com\",\"Luiz Pr\u00f3speri\",\"@luiz_prosperi\",\"https:\\\/\\\/x.com\\\/Luizprosperi\",\"@prosperinacopa\",\"luiz.prosperi@icloud.com\"],\"url\":\"https:\\\/\\\/blogdoprosperi.com\\\/?author=102107496\"}]}<\/script>\n<!-- \/ Yoast SEO plugin. -->","yoast_head_json":{"title":"Como os criadores de conte\u00fado est\u00e3o trazendo uma nova dimens\u00e3o aos f\u00e3s desta Copa do Mundo - PR\u00d3SPERI NEWS","robots":{"index":"index","follow":"follow","max-snippet":"max-snippet:-1","max-image-preview":"max-image-preview:large","max-video-preview":"max-video-preview:-1"},"canonical":"https:\/\/blogdoprosperi.com\/?p=59970","og_locale":"pt_BR","og_type":"article","og_title":"Como os criadores de conte\u00fado est\u00e3o trazendo uma nova dimens\u00e3o aos f\u00e3s desta Copa do Mundo - PR\u00d3SPERI NEWS","og_description":"Luiz Ant\u00f4nio Pr\u00f3speri, de Morristown, 27 junho 2026 (00h55) Quando virei jornalista esportivo de verdade, l\u00e1 no fim [&hellip;]","og_url":"https:\/\/blogdoprosperi.com\/?p=59970","og_site_name":"PR\u00d3SPERI NEWS","article_publisher":"Luiz Pr\u00f3speri","article_author":"Luiz Pr\u00f3speri","article_published_time":"2026-06-27T05:02:15+00:00","article_modified_time":"2026-06-27T05:29:55+00:00","og_image":[{"width":1024,"height":677,"url":"https:\/\/blogdoprosperi.com\/wp-content\/uploads\/2026\/06\/23JUN2026TREINOREDBULL55-IMPRENSA-1024x677.jpg","type":"image\/jpeg"}],"author":"Luiz Ant\u00f4nio Pr\u00f3speri","twitter_card":"summary_large_image","twitter_creator":"@Luizprosperi","twitter_site":"@Luizprosperi","twitter_misc":{"Escrito por":"Luiz Ant\u00f4nio Pr\u00f3speri","Est. tempo de leitura":"8 minutos"},"schema":{"@context":"https:\/\/schema.org","@graph":[{"@type":"Article","@id":"https:\/\/blogdoprosperi.com\/?p=59970#article","isPartOf":{"@id":"https:\/\/blogdoprosperi.com\/?p=59970"},"author":{"name":"Luiz Ant\u00f4nio Pr\u00f3speri","@id":"https:\/\/blogdoprosperi.com\/#\/schema\/person\/38100755ce3601861ee4fab9b5aa78e9"},"headline":"Como os criadores de conte\u00fado est\u00e3o trazendo uma nova dimens\u00e3o aos f\u00e3s desta Copa do Mundo","datePublished":"2026-06-27T05:02:15+00:00","dateModified":"2026-06-27T05:29:55+00:00","mainEntityOfPage":{"@id":"https:\/\/blogdoprosperi.com\/?p=59970"},"wordCount":1699,"commentCount":0,"publisher":{"@id":"https:\/\/blogdoprosperi.com\/#\/schema\/person\/38100755ce3601861ee4fab9b5aa78e9"},"image":{"@id":"https:\/\/blogdoprosperi.com\/?p=59970#primaryimage"},"thumbnailUrl":"https:\/\/i0.wp.com\/blogdoprosperi.com\/wp-content\/uploads\/2026\/06\/23JUN2026TREINOREDBULL55-IMPRENSA.jpg?fit=3355%2C2217&ssl=1","articleSection":["futebol"],"inLanguage":"pt-BR","potentialAction":[{"@type":"CommentAction","name":"Comment","target":["https:\/\/blogdoprosperi.com\/?p=59970#respond"]}]},{"@type":"WebPage","@id":"https:\/\/blogdoprosperi.com\/?p=59970","url":"https:\/\/blogdoprosperi.com\/?p=59970","name":"Como os criadores de conte\u00fado est\u00e3o trazendo uma nova dimens\u00e3o aos f\u00e3s desta Copa do Mundo - PR\u00d3SPERI NEWS","isPartOf":{"@id":"https:\/\/blogdoprosperi.com\/#website"},"primaryImageOfPage":{"@id":"https:\/\/blogdoprosperi.com\/?p=59970#primaryimage"},"image":{"@id":"https:\/\/blogdoprosperi.com\/?p=59970#primaryimage"},"thumbnailUrl":"https:\/\/i0.wp.com\/blogdoprosperi.com\/wp-content\/uploads\/2026\/06\/23JUN2026TREINOREDBULL55-IMPRENSA.jpg?fit=3355%2C2217&ssl=1","datePublished":"2026-06-27T05:02:15+00:00","dateModified":"2026-06-27T05:29:55+00:00","breadcrumb":{"@id":"https:\/\/blogdoprosperi.com\/?p=59970#breadcrumb"},"inLanguage":"pt-BR","potentialAction":[{"@type":"ReadAction","target":["https:\/\/blogdoprosperi.com\/?p=59970"]}]},{"@type":"ImageObject","inLanguage":"pt-BR","@id":"https:\/\/blogdoprosperi.com\/?p=59970#primaryimage","url":"https:\/\/i0.wp.com\/blogdoprosperi.com\/wp-content\/uploads\/2026\/06\/23JUN2026TREINOREDBULL55-IMPRENSA.jpg?fit=3355%2C2217&ssl=1","contentUrl":"https:\/\/i0.wp.com\/blogdoprosperi.com\/wp-content\/uploads\/2026\/06\/23JUN2026TREINOREDBULL55-IMPRENSA.jpg?fit=3355%2C2217&ssl=1","width":3355,"height":2217,"caption":"Jornalistas na cobertura da Sele\u00e7\u00e3o Copa 2026 - foto: CBF oficial"},{"@type":"BreadcrumbList","@id":"https:\/\/blogdoprosperi.com\/?p=59970#breadcrumb","itemListElement":[{"@type":"ListItem","position":1,"name":"In\u00edcio","item":"https:\/\/blogdoprosperi.com\/"},{"@type":"ListItem","position":2,"name":"Como os criadores de conte\u00fado est\u00e3o trazendo uma nova dimens\u00e3o aos f\u00e3s desta Copa do Mundo"}]},{"@type":"WebSite","@id":"https:\/\/blogdoprosperi.com\/#website","url":"https:\/\/blogdoprosperi.com\/","name":"PR\u00d3SPERI NEWS","description":"TUDO \u00c9  FUTEBOL","publisher":{"@id":"https:\/\/blogdoprosperi.com\/#\/schema\/person\/38100755ce3601861ee4fab9b5aa78e9"},"alternateName":"blogdoprosperi.com","potentialAction":[{"@type":"SearchAction","target":{"@type":"EntryPoint","urlTemplate":"https:\/\/blogdoprosperi.com\/?s={search_term_string}"},"query-input":{"@type":"PropertyValueSpecification","valueRequired":true,"valueName":"search_term_string"}}],"inLanguage":"pt-BR"},{"@type":["Person","Organization"],"@id":"https:\/\/blogdoprosperi.com\/#\/schema\/person\/38100755ce3601861ee4fab9b5aa78e9","name":"Luiz Ant\u00f4nio Pr\u00f3speri","pronouns":"ele","image":{"@type":"ImageObject","inLanguage":"pt-BR","@id":"https:\/\/i0.wp.com\/blogdoprosperi.com\/wp-content\/uploads\/2026\/05\/cropped-8059e613-6002-42fa-961e-8e275f575d71-2-5.jpg?fit=1360%2C931&ssl=1","url":"https:\/\/i0.wp.com\/blogdoprosperi.com\/wp-content\/uploads\/2026\/05\/cropped-8059e613-6002-42fa-961e-8e275f575d71-2-5.jpg?fit=1360%2C931&ssl=1","contentUrl":"https:\/\/i0.wp.com\/blogdoprosperi.com\/wp-content\/uploads\/2026\/05\/cropped-8059e613-6002-42fa-961e-8e275f575d71-2-5.jpg?fit=1360%2C931&ssl=1","width":1360,"height":931,"caption":"Luiz Ant\u00f4nio Pr\u00f3speri"},"logo":{"@id":"https:\/\/i0.wp.com\/blogdoprosperi.com\/wp-content\/uploads\/2026\/05\/cropped-8059e613-6002-42fa-961e-8e275f575d71-2-5.jpg?fit=1360%2C931&ssl=1"},"description":"Jornalista com carreira dedicada ao esporte. Cobriu 9 Copas do Mundo in loco, 1990 na It\u00e1lia, 1994 nos EUA, 1998 na Fran\u00e7a, 2002 na Coreia do Sul e Jap\u00e3o, 2006 na Alemanha, 2010 na \u00c1frica do Sul, 2014 no Brasil, 2018 na R\u00fassia e 2022 no Qatar. Eurocopas, 1992 na Su\u00e9cia e 1996 na Inglaterra. Copa das Confedera\u00e7\u00f5es de 2005 na Alemanha e 2009 na \u00c1frica do Sul. Rep\u00f3rter e Editor, trabalhou no Jornal da Tarde e Estad\u00e3o, de 1984 a fevereiro de 2016. Colunista, blogueiro. E comentarista de futebol na R\u00e1dio Estad\u00e3o, de 2013 a fevereiro de 2016. Jornalista respons\u00e1vel do \"Pr\u00f3speri News\" (blogdoprosperi.com).","sameAs":["http:\/\/blogdoprosperi.com","Luiz Pr\u00f3speri","@luiz_prosperi","https:\/\/x.com\/Luizprosperi","@prosperinacopa","luiz.prosperi@icloud.com"],"url":"https:\/\/blogdoprosperi.com\/?author=102107496"}]}},"jetpack_publicize_connections":[],"jetpack_likes_enabled":false,"jetpack_sharing_enabled":true,"jetpack_shortlink":"https:\/\/wp.me\/p7jvdk-fBg","jetpack-related-posts":[{"id":49892,"url":"https:\/\/blogdoprosperi.com\/?p=49892","url_meta":{"origin":59970,"position":0},"title":"O PAI NO C\u00c9U DE COPA DO MUNDO","author":"Luiz Ant\u00f4nio Pr\u00f3speri","date":"5 de maio de 2025","format":false,"excerpt":"Luiz Ant\u00f4nio Pr\u00f3speri \u2013 5 de maio (11h41) \u2013 Futebol n\u00e3o se gosta, se apaixona. Ningu\u00e9m nasce amando esse jogo de bola. Voc\u00ea cria a paix\u00e3o ao receber a ben\u00e7\u00e3o de algu\u00e9m que o inspira. Aprendi a gostar do futebol por obra de meu pai, Antonio Lepiani Pr\u00f3speri, o Lotinho.\u2026","rel":"","context":"Em &quot;futebol&quot;","block_context":{"text":"futebol","link":"https:\/\/blogdoprosperi.com\/?cat=53870"},"img":{"alt_text":"","src":"https:\/\/i0.wp.com\/blogdoprosperi.com\/wp-content\/uploads\/2025\/05\/captura-de-tela-2025-05-03-as-12.40.50-1.png?fit=1200%2C1063&ssl=1&resize=350%2C200","width":350,"height":200,"srcset":"https:\/\/i0.wp.com\/blogdoprosperi.com\/wp-content\/uploads\/2025\/05\/captura-de-tela-2025-05-03-as-12.40.50-1.png?fit=1200%2C1063&ssl=1&resize=350%2C200 1x, https:\/\/i0.wp.com\/blogdoprosperi.com\/wp-content\/uploads\/2025\/05\/captura-de-tela-2025-05-03-as-12.40.50-1.png?fit=1200%2C1063&ssl=1&resize=525%2C300 1.5x, https:\/\/i0.wp.com\/blogdoprosperi.com\/wp-content\/uploads\/2025\/05\/captura-de-tela-2025-05-03-as-12.40.50-1.png?fit=1200%2C1063&ssl=1&resize=700%2C400 2x, https:\/\/i0.wp.com\/blogdoprosperi.com\/wp-content\/uploads\/2025\/05\/captura-de-tela-2025-05-03-as-12.40.50-1.png?fit=1200%2C1063&ssl=1&resize=1050%2C600 3x"},"classes":[]},{"id":37473,"url":"https:\/\/blogdoprosperi.com\/?p=37473","url_meta":{"origin":59970,"position":1},"title":"Um Di\u00e1rio Russo (5): Lenin n\u00e3o morreu e Doutor S\u00f3crates aparece no trem","author":"Luiz Ant\u00f4nio Pr\u00f3speri","date":"4 de julho de 2018","format":false,"excerpt":"Luiz Ant\u00f4nio Pr\u00f3speri, de Moscou \/ R\u00fassia Moscou e Samara \u00a0(22\/6 a 2\/7) Uma semana em Moscou e a cidade continua a provocar e a levar por caminhos nunca imaginados. Metr\u00f4 \u00e9 um caso a ser contado. Te conduz a todos os cantos da capital em conex\u00f5es labir\u00ednticas e ao\u2026","rel":"","context":"Em &quot;futebol&quot;","block_context":{"text":"futebol","link":"https:\/\/blogdoprosperi.com\/?cat=53870"},"img":{"alt_text":"","src":"https:\/\/i0.wp.com\/blogdoprosperi.com\/wp-content\/uploads\/2018\/07\/20180628_113019.jpg?fit=1200%2C900&ssl=1&resize=350%2C200","width":350,"height":200,"srcset":"https:\/\/i0.wp.com\/blogdoprosperi.com\/wp-content\/uploads\/2018\/07\/20180628_113019.jpg?fit=1200%2C900&ssl=1&resize=350%2C200 1x, https:\/\/i0.wp.com\/blogdoprosperi.com\/wp-content\/uploads\/2018\/07\/20180628_113019.jpg?fit=1200%2C900&ssl=1&resize=525%2C300 1.5x, https:\/\/i0.wp.com\/blogdoprosperi.com\/wp-content\/uploads\/2018\/07\/20180628_113019.jpg?fit=1200%2C900&ssl=1&resize=700%2C400 2x, https:\/\/i0.wp.com\/blogdoprosperi.com\/wp-content\/uploads\/2018\/07\/20180628_113019.jpg?fit=1200%2C900&ssl=1&resize=1050%2C600 3x"},"classes":[]},{"id":50954,"url":"https:\/\/blogdoprosperi.com\/?p=50954","url_meta":{"origin":59970,"position":2},"title":"V\u00eddeo | Entrevista de Ancelotti: &#8220;A Torcida Est\u00e1 Contente, Agora \u00e9 Olhar Adiante&#8221;","author":"Luiz Ant\u00f4nio Pr\u00f3speri","date":"11 de junho de 2025","format":false,"excerpt":"Luiz Ant\u00f4nio Pr\u00f3speri \u2013 11 junho (12h58) \u2013 Carlo Ancelotti teve 15 dias para armar a Sele\u00e7\u00e3o Brasileira, entre desembarque no Rio de Janeiro e os jogos contra Equador em Guayquil e Paraguai em S\u00e3o Paulo. Tempo escasso e objetivo alcan\u00e7ado. Acompanhe (v\u00eddeo) a entrevista de Carletto concedida na madrugada\u2026","rel":"","context":"Em &quot;CBF&quot;","block_context":{"text":"CBF","link":"https:\/\/blogdoprosperi.com\/?cat=570700"},"img":{"alt_text":"Ancelotti: 'Sa\u00edmos contentes, agora \u00e9 olha adiante\"","src":"https:\/\/i0.wp.com\/blogdoprosperi.com\/wp-content\/uploads\/2025\/06\/54581939211_9d3cfc97fa_c.jpg?fit=800%2C545&ssl=1&resize=350%2C200","width":350,"height":200,"srcset":"https:\/\/i0.wp.com\/blogdoprosperi.com\/wp-content\/uploads\/2025\/06\/54581939211_9d3cfc97fa_c.jpg?fit=800%2C545&ssl=1&resize=350%2C200 1x, https:\/\/i0.wp.com\/blogdoprosperi.com\/wp-content\/uploads\/2025\/06\/54581939211_9d3cfc97fa_c.jpg?fit=800%2C545&ssl=1&resize=525%2C300 1.5x, https:\/\/i0.wp.com\/blogdoprosperi.com\/wp-content\/uploads\/2025\/06\/54581939211_9d3cfc97fa_c.jpg?fit=800%2C545&ssl=1&resize=700%2C400 2x"},"classes":[]},{"id":55374,"url":"https:\/\/blogdoprosperi.com\/?p=55374","url_meta":{"origin":59970,"position":3},"title":"Ancelotti quer Aprender Hino do Brasil: \u201cGostaria de Cantar com os Jogadores\u201d","author":"Luiz Ant\u00f4nio Pr\u00f3speri","date":"16 de outubro de 2025","format":false,"excerpt":"\"Preparar a Sele\u00e7\u00e3o Brasileira \u00e9 uma grande oportunidade\" \u201cA paix\u00e3o que existe no pa\u00eds era algo que eu j\u00e1 conhecia, mas \u00e9 uma paix\u00e3o verdadeira, sobretudo pela equipe nacional\u201d Em entrevista exclusiva \u00e0 FIFA, treinador italiano fala sobre adapta\u00e7\u00e3o ao Brasil, primeiras mem\u00f3rias da Copa do Mundo e expectativa para\u2026","rel":"","context":"Em &quot;copa do mundo 2026&quot;","block_context":{"text":"copa do mundo 2026","link":"https:\/\/blogdoprosperi.com\/?cat=115102077"},"img":{"alt_text":"Ancelotti quer aprender Hino do Brasil","src":"https:\/\/i0.wp.com\/blogdoprosperi.com\/wp-content\/uploads\/2025\/10\/captura-de-tela-2025-10-16-as-16.28.30.png?fit=1200%2C517&ssl=1&resize=350%2C200","width":350,"height":200,"srcset":"https:\/\/i0.wp.com\/blogdoprosperi.com\/wp-content\/uploads\/2025\/10\/captura-de-tela-2025-10-16-as-16.28.30.png?fit=1200%2C517&ssl=1&resize=350%2C200 1x, https:\/\/i0.wp.com\/blogdoprosperi.com\/wp-content\/uploads\/2025\/10\/captura-de-tela-2025-10-16-as-16.28.30.png?fit=1200%2C517&ssl=1&resize=525%2C300 1.5x, https:\/\/i0.wp.com\/blogdoprosperi.com\/wp-content\/uploads\/2025\/10\/captura-de-tela-2025-10-16-as-16.28.30.png?fit=1200%2C517&ssl=1&resize=700%2C400 2x, https:\/\/i0.wp.com\/blogdoprosperi.com\/wp-content\/uploads\/2025\/10\/captura-de-tela-2025-10-16-as-16.28.30.png?fit=1200%2C517&ssl=1&resize=1050%2C600 3x"},"classes":[]},{"id":37501,"url":"https:\/\/blogdoprosperi.com\/?p=37501","url_meta":{"origin":59970,"position":4},"title":"Um Di\u00e1rio Russo (7): Matrioskas de Neymar encalhadas no dia da despedida","author":"Luiz Ant\u00f4nio Pr\u00f3speri","date":"16 de julho de 2018","format":false,"excerpt":"Luiz Antonio Pr\u00f3speri. de Moscou \/ R\u00fassia 16 de julho 2018 Minha cobertura da Copa do Mundo chega ao fim nesta segunda-feira, de clima ameno em Moscou, depois de quase um m\u00eas de sol escaldante nas seis cidades da R\u00fassia que passei atr\u00e1s do futebol. Percorri de trem 8.128,7 quil\u00f4metros\u2026","rel":"","context":"Em &quot;Copa do Mundo 2018&quot;","block_context":{"text":"Copa do Mundo 2018","link":"https:\/\/blogdoprosperi.com\/?cat=43723753"},"img":{"alt_text":"","src":"https:\/\/i0.wp.com\/blogdoprosperi.com\/wp-content\/uploads\/2018\/07\/000_17p5pq-2.jpg?fit=1200%2C800&ssl=1&resize=350%2C200","width":350,"height":200,"srcset":"https:\/\/i0.wp.com\/blogdoprosperi.com\/wp-content\/uploads\/2018\/07\/000_17p5pq-2.jpg?fit=1200%2C800&ssl=1&resize=350%2C200 1x, https:\/\/i0.wp.com\/blogdoprosperi.com\/wp-content\/uploads\/2018\/07\/000_17p5pq-2.jpg?fit=1200%2C800&ssl=1&resize=525%2C300 1.5x, https:\/\/i0.wp.com\/blogdoprosperi.com\/wp-content\/uploads\/2018\/07\/000_17p5pq-2.jpg?fit=1200%2C800&ssl=1&resize=700%2C400 2x, https:\/\/i0.wp.com\/blogdoprosperi.com\/wp-content\/uploads\/2018\/07\/000_17p5pq-2.jpg?fit=1200%2C800&ssl=1&resize=1050%2C600 3x"},"classes":[]},{"id":61432,"url":"https:\/\/blogdoprosperi.com\/?p=61432","url_meta":{"origin":59970,"position":5},"title":"Ancelotti decreta fim da \u2018era Neymar\u2019 e promete bancar nova gera\u00e7\u00e3o na Sele\u00e7\u00e3o Brasileira","author":"Luiz Ant\u00f4nio Pr\u00f3speri","date":"29 de julho de 2026","format":false,"excerpt":"Carlo Ancelotti decreta o fim da gera\u00e7\u00e3o Neymar na Sele\u00e7\u00e3o Brasileira. A promessa do italiano \u00e9 apostar nos meninos Estev\u00e3o, Endrick, Rayan at\u00e9 a Copa do Mundo 2030. Enfim, vem a\u00ed uma reformula\u00e7\u00e3o completa no escrete com obriga\u00e7\u00e3o de voltar a vencer e resgatar a identidade da Sele\u00e7\u00e3o. Acompanhe a\u2026","rel":"","context":"Em &quot;futebol&quot;","block_context":{"text":"futebol","link":"https:\/\/blogdoprosperi.com\/?cat=53870"},"img":{"alt_text":"","src":"https:\/\/i0.wp.com\/blogdoprosperi.com\/wp-content\/uploads\/2026\/07\/Whats_App_Image_2026_07_28_at_17_38_13_2_d339bb5322.webp?fit=1200%2C675&ssl=1&resize=350%2C200","width":350,"height":200,"srcset":"https:\/\/i0.wp.com\/blogdoprosperi.com\/wp-content\/uploads\/2026\/07\/Whats_App_Image_2026_07_28_at_17_38_13_2_d339bb5322.webp?fit=1200%2C675&ssl=1&resize=350%2C200 1x, https:\/\/i0.wp.com\/blogdoprosperi.com\/wp-content\/uploads\/2026\/07\/Whats_App_Image_2026_07_28_at_17_38_13_2_d339bb5322.webp?fit=1200%2C675&ssl=1&resize=525%2C300 1.5x, https:\/\/i0.wp.com\/blogdoprosperi.com\/wp-content\/uploads\/2026\/07\/Whats_App_Image_2026_07_28_at_17_38_13_2_d339bb5322.webp?fit=1200%2C675&ssl=1&resize=700%2C400 2x, https:\/\/i0.wp.com\/blogdoprosperi.com\/wp-content\/uploads\/2026\/07\/Whats_App_Image_2026_07_28_at_17_38_13_2_d339bb5322.webp?fit=1200%2C675&ssl=1&resize=1050%2C600 3x"},"classes":[]}],"jetpack_featured_media_url":"https:\/\/i0.wp.com\/blogdoprosperi.com\/wp-content\/uploads\/2026\/06\/23JUN2026TREINOREDBULL55-IMPRENSA.jpg?fit=3355%2C2217&ssl=1","_links":{"self":[{"href":"https:\/\/blogdoprosperi.com\/index.php?rest_route=\/wp\/v2\/posts\/59970","targetHints":{"allow":["GET"]}}],"collection":[{"href":"https:\/\/blogdoprosperi.com\/index.php?rest_route=\/wp\/v2\/posts"}],"about":[{"href":"https:\/\/blogdoprosperi.com\/index.php?rest_route=\/wp\/v2\/types\/post"}],"author":[{"embeddable":true,"href":"https:\/\/blogdoprosperi.com\/index.php?rest_route=\/wp\/v2\/users\/102107496"}],"replies":[{"embeddable":true,"href":"https:\/\/blogdoprosperi.com\/index.php?rest_route=%2Fwp%2Fv2%2Fcomments&post=59970"}],"version-history":[{"count":14,"href":"https:\/\/blogdoprosperi.com\/index.php?rest_route=\/wp\/v2\/posts\/59970\/revisions"}],"predecessor-version":[{"id":59984,"href":"https:\/\/blogdoprosperi.com\/index.php?rest_route=\/wp\/v2\/posts\/59970\/revisions\/59984"}],"wp:featuredmedia":[{"embeddable":true,"href":"https:\/\/blogdoprosperi.com\/index.php?rest_route=\/wp\/v2\/media\/59738"}],"wp:attachment":[{"href":"https:\/\/blogdoprosperi.com\/index.php?rest_route=%2Fwp%2Fv2%2Fmedia&parent=59970"}],"wp:term":[{"taxonomy":"category","embeddable":true,"href":"https:\/\/blogdoprosperi.com\/index.php?rest_route=%2Fwp%2Fv2%2Fcategories&post=59970"},{"taxonomy":"post_tag","embeddable":true,"href":"https:\/\/blogdoprosperi.com\/index.php?rest_route=%2Fwp%2Fv2%2Ftags&post=59970"}],"curies":[{"name":"wp","href":"https:\/\/api.w.org\/{rel}","templated":true}]}}