{"id":60083,"date":"2026-07-03T00:14:33","date_gmt":"2026-07-03T03:14:33","guid":{"rendered":"https:\/\/blogdoprosperi.com\/?p=60083"},"modified":"2026-07-03T00:14:33","modified_gmt":"2026-07-03T03:14:33","slug":"como-os-jaquetas-espaciais-estao-ajudando-as-estrelas-da-copa-a-se-manterem-frescas-durante-a-onda-de-calor","status":"publish","type":"post","link":"https:\/\/blogdoprosperi.com\/?p=60083","title":{"rendered":"Como os &#8220;jaquetas espaciais&#8221; est\u00e3o ajudando as estrelas da Copa a se manterem frescas durante a onda de calor"},"content":{"rendered":"<p><em>Copa do Mundo do calor chega com tudo nos Estados Unidos. Onda quente, m\u00e9dia de 38 graus \u00e0 sombra, levanta a pol\u00eamica a respeito dos est\u00e1dios climatizados. Dos 16 servindo \u00e0 Copa, tr\u00eas deles s\u00e3o movidos ao &#8220;ar condicionado&#8221;. Quem joga nos climatizados tem menos desgaste f\u00edsico. Diferente dos outros comuns onde os jogadores derretem no sol a pino. A Fifa, parece, n\u00e3o considera esse contraste. A grande novidade nesta Copa, por\u00e9m, n\u00e3o s\u00e3o os est\u00e1dios climatizados e sim a nova tecnologia nos uniformes para manter os jogadores refrescados. Acompanhe reportagem publicada o site The Athletic do grupo New York Times:<\/em><\/p>\n<hr \/>\n<p><em>Luke Smith, The Athletic, 2 julho 2026<\/em><\/p>\n<p>Com uma onda de calor assolando os Estados Unidos,<span dir=\"auto\"> as equipes que competem na Copa do Mundo enfrentar\u00e3o um problema adicional: manter-se frescas.<\/span><\/p>\n<p>J\u00e1 se previa que o torneio seria a Copa do Mundo mais quente desde 1994, quando foi realizada pela \u00faltima vez nos Estados Unidos. Com alta umidade e a amea\u00e7a de tempestades, al\u00e9m das temperaturas previstas para ficarem pr\u00f3ximas ou acima de 38 graus Celsius (100 graus Fahrenheit) em grande parte do pa\u00eds, a simples capacidade de lidar com as condi\u00e7\u00f5es clim\u00e1ticas poderia ser uma vantagem crucial.<\/p>\n<p>Combater o calor vai muito al\u00e9m das\u00a0pausas para hidrata\u00e7\u00e3o durante as partidas.\u00a0No primeiro jogo do torneio, contra o M\u00e9xico, na Cidade do M\u00e9xico, a sele\u00e7\u00e3o sul-africana se alinhou para o hino nacional vestindo o que pareciam ser jaquetas prateadas e folgadas.<\/p>\n<p>Adicionar camadas extras de roupa em temperaturas alt\u00edssimas pode parecer contraproducente. Mas essas jaquetas fazem parte da linha <strong>&#8220;Climacool&#8221;<\/strong> da Adidas, projetada especificamente para reduzir a temperatura da pele e do corpo dos jogadores. Al\u00e9m das jaquetas, h\u00e1 coletes e galochas refrescantes.<\/p>\n<p>\u201cO controle da temperatura corporal e o gerenciamento do calor s\u00e3o um dos maiores pilares de desempenho que temos em inova\u00e7\u00e3o\u201d, disse Margherita Raccuglia, diretora de desempenho de atletas da Adidas, ao\u00a0<em><span dir=\"auto\">The Athletic.<\/span><\/em><\/p>\n<p>Raccuglia afirmou que o grupo de inova\u00e7\u00e3o da Adidas come\u00e7ou a se concentrar no resfriamento de atletas em 2012 e lan\u00e7ou seu primeiro colete de resfriamento para atletas antes das Olimp\u00edadas do Rio, quatro anos depois. A pesquisa foi conduzida em parceria com universidades, al\u00e9m de utilizar o laborat\u00f3rio de inova\u00e7\u00e3o interno da Adidas \u2014 que possui uma c\u00e2mara clim\u00e1tica para simular condi\u00e7\u00f5es \u2014 para que atletas profissionais e amadores entendessem como reduzir melhor a temperatura corporal e melhorar o desempenho.<\/p>\n<figure id=\"attachment_60099\" aria-describedby=\"caption-attachment-60099\" style=\"width: 580px\" class=\"wp-caption alignnone\"><img data-recalc-dims=\"1\" loading=\"lazy\" decoding=\"async\" data-attachment-id=\"60099\" data-permalink=\"https:\/\/blogdoprosperi.com\/?attachment_id=60099\" data-orig-file=\"https:\/\/i0.wp.com\/blogdoprosperi.com\/wp-content\/uploads\/2026\/07\/2026-06-11_Entrenamiento_0272-scaled-e1782908519964.jpg?fit=1708%2C1113&amp;ssl=1\" data-orig-size=\"1708,1113\" data-comments-opened=\"1\" data-image-meta=\"{&quot;aperture&quot;:&quot;0&quot;,&quot;credit&quot;:&quot;&quot;,&quot;camera&quot;:&quot;&quot;,&quot;caption&quot;:&quot;&quot;,&quot;created_timestamp&quot;:&quot;0&quot;,&quot;copyright&quot;:&quot;&quot;,&quot;focal_length&quot;:&quot;0&quot;,&quot;iso&quot;:&quot;0&quot;,&quot;shutter_speed&quot;:&quot;0&quot;,&quot;title&quot;:&quot;&quot;,&quot;orientation&quot;:&quot;0&quot;,&quot;alt&quot;:&quot;&quot;}\" data-image-title=\"2026-06-11_Entrenamiento_0272-scaled-e1782908519964\" data-image-description=\"\" data-image-caption=\"&lt;p&gt;Yamal veste coletes Climacool \u2013 foto: Adidas&lt;\/p&gt;\n\" data-large-file=\"https:\/\/i0.wp.com\/blogdoprosperi.com\/wp-content\/uploads\/2026\/07\/2026-06-11_Entrenamiento_0272-scaled-e1782908519964.jpg?fit=940%2C612&amp;ssl=1\" class=\"size-medium wp-image-60099\" src=\"https:\/\/i0.wp.com\/blogdoprosperi.com\/wp-content\/uploads\/2026\/07\/2026-06-11_Entrenamiento_0272-scaled-e1782908519964-580x378.jpg?resize=580%2C378&#038;ssl=1\" alt=\"\" width=\"580\" height=\"378\" srcset=\"https:\/\/i0.wp.com\/blogdoprosperi.com\/wp-content\/uploads\/2026\/07\/2026-06-11_Entrenamiento_0272-scaled-e1782908519964.jpg?resize=580%2C378&amp;ssl=1 580w, https:\/\/i0.wp.com\/blogdoprosperi.com\/wp-content\/uploads\/2026\/07\/2026-06-11_Entrenamiento_0272-scaled-e1782908519964.jpg?resize=1024%2C667&amp;ssl=1 1024w, https:\/\/i0.wp.com\/blogdoprosperi.com\/wp-content\/uploads\/2026\/07\/2026-06-11_Entrenamiento_0272-scaled-e1782908519964.jpg?resize=150%2C98&amp;ssl=1 150w, https:\/\/i0.wp.com\/blogdoprosperi.com\/wp-content\/uploads\/2026\/07\/2026-06-11_Entrenamiento_0272-scaled-e1782908519964.jpg?resize=768%2C500&amp;ssl=1 768w, https:\/\/i0.wp.com\/blogdoprosperi.com\/wp-content\/uploads\/2026\/07\/2026-06-11_Entrenamiento_0272-scaled-e1782908519964.jpg?resize=1536%2C1001&amp;ssl=1 1536w, https:\/\/i0.wp.com\/blogdoprosperi.com\/wp-content\/uploads\/2026\/07\/2026-06-11_Entrenamiento_0272-scaled-e1782908519964.jpg?resize=450%2C293&amp;ssl=1 450w, https:\/\/i0.wp.com\/blogdoprosperi.com\/wp-content\/uploads\/2026\/07\/2026-06-11_Entrenamiento_0272-scaled-e1782908519964.jpg?resize=921%2C600&amp;ssl=1 921w, https:\/\/i0.wp.com\/blogdoprosperi.com\/wp-content\/uploads\/2026\/07\/2026-06-11_Entrenamiento_0272-scaled-e1782908519964.jpg?w=1708&amp;ssl=1 1708w\" sizes=\"auto, (max-width: 580px) 100vw, 580px\" \/><figcaption id=\"caption-attachment-60099\" class=\"wp-caption-text\">Yamal veste colete Climacool no treino da Espanha \u2013 foto: Adidas<\/figcaption><\/figure>\n<p>As jaquetas Climacool foram vistas pela primeira vez na F\u00f3rmula 1 no in\u00edcio de 2025, com os pilotos da Mercedes, George Russell e Kimi Antonelli, sendo fotografados usando as jaquetas \u2014 apelidadas de\u00a0<span dir=\"auto\">&#8220;jaquetas espaciais&#8221;<\/span><span dir=\"auto\">\u00a0no paddock da F1 \u2014 no Bahrein para lidar com o calor no Oriente M\u00e9dio. A dupla as usou sobre coletes de resfriamento.<\/span><\/p>\n<p>A Adidas conseguiu trabalhar em estreita colabora\u00e7\u00e3o com Russell e Antonelli para adaptar o <strong>kit Climacool<\/strong> \u00e0s suas necessidades e tamanhos. Embora coletes de resfriamento semelhantes sejam comuns no grid, o uso das jaquetas por cima impedia a exposi\u00e7\u00e3o \u00e0s altas temperaturas t\u00edpicas da \u00e1rea de largada, perto dos carros que estavam sendo ligados. Isso garantia que os pilotos se mantivessem o mais frescos poss\u00edvel antes de entrarem em seus carros.<\/p>\n<p>Explicando os &#8220;jaquetas espaciais&#8221; da Mercedes na F\u00f3rmula 1: uma nova e brilhante maneira de combater o calor extremo. <span dir=\"auto\">Os pilotos da Mercedes, George Russell e Kimi Antonelli, t\u00eam usado um novo dispositivo de resfriamento espec\u00edfico para ajud\u00e1-los durante as corridas de F\u00f3rmula 1 em altas temperaturas.<\/span><\/p>\n<p>O feedback dos pilotos da Mercedes e seus fisioterapeutas para a Adidas foi positivo, o que levou \u00e0 continuidade do uso da tecnologia de resfriamento pelo resto da temporada e at\u00e9 2026. Isso tamb\u00e9m ajudou a Adidas a come\u00e7ar a considerar como poderia utilizar sua tecnologia de resfriamento na Copa do Mundo. O <strong>feedback foi obtido a partir do Mundial de Clubes do ano passado<\/strong>, realizado durante o ver\u00e3o americano com altas temperaturas.<\/p>\n<p>\u201cDecidimos redesenhar o colete e a jaqueta de resfriamento e reaproveitar essa tecnologia para o futebol\u201d, disse Raccuglia, \u201ce ent\u00e3o adicionar um produto adicional que n\u00e3o faz parte do sistema Climate Cool oferecido para a F\u00f3rmula 1, mas sim para o futebol: a sobrechuteira de resfriamento.\u201d<\/p>\n<p>A Adidas trabalhou em estreita colabora\u00e7\u00e3o com clubes, incluindo Manchester United, Arsenal e Juventus, na prepara\u00e7\u00e3o para a Copa do Mundo, para a<strong>justar o uniforme Climacool para jogadores de futebol, que teriam que vestir e despir os coletes com mais frequ\u00eancia,<\/strong> geralmente durante os treinos e no intervalo, em compara\u00e7\u00e3o com os pilotos de F\u00f3rmula 1, que n\u00e3o usam os coletes dentro do carro.<\/p>\n<p>\u201cAumentamos a cobertura (do corpo) do colete para proporcionar maior ventila\u00e7\u00e3o, o que \u00e9 importante no futebol, onde os jogadores t\u00eam essas pausas curtas\u201d, disse Raccuglia.<\/p>\n<p>\u201cEnt\u00e3o, eles precisam vestir e tirar o colete rapidamente, por isso adicionamos um z\u00edper na frente. Temos um tamanho \u00fanico para o colete, mas \u00e9 preciso levar em considera\u00e7\u00e3o diferentes formatos e tamanhos de corpo, ent\u00e3o h\u00e1 ajustes laterais para garantir o contato ideal, o que, em \u00faltima an\u00e1lise, proporciona o resfriamento ideal.\u201d<\/p>\n<p>A <strong>Adidas forneceu o uniforme para 14 das 48 sele\u00e7\u00f5es participantes,<\/strong> incluindo Alemanha, Espanha, Argentina e M\u00e9xico, incluindo jaquetas, coletes de resfriamento e galochas para o torneio. <strong>Os itens s\u00e3o mantidos em caixas t\u00e9rmicas para garantir que as temperaturas permane\u00e7am baixas antes de serem usados.<\/strong><\/p>\n<p>\u201cOs coletes que utilizamos nos ajudam a recuperar o jogador de forma mais eficiente, reduzindo a temperatura corporal\u201d, disse Carlos Cruz, fisioterapeuta da Espanha, em um v\u00eddeo no canal da equipe no YouTube. \u201cUsamos isso para tentar garantir que a fadiga seja reduzida e que o processo de recupera\u00e7\u00e3o subsequente seja muito mais r\u00e1pido.\u201d<\/p>\n<p>\u201cEstamos usando-as ap\u00f3s o treino para auxiliar na recupera\u00e7\u00e3o, mas poder\u00edamos us\u00e1-las antes, especialmente no in\u00edcio do aquecimento ou entre o aquecimento e o in\u00edcio da partida. <strong>Elas ajudam a reduzir a temperatura corporal e fazem com que o jogador se sinta mais recuperado e em melhores condi\u00e7\u00f5es para competir.\u201d<\/strong><\/p>\n<figure id=\"attachment_60098\" aria-describedby=\"caption-attachment-60098\" style=\"width: 567px\" class=\"wp-caption alignnone\"><img data-recalc-dims=\"1\" loading=\"lazy\" decoding=\"async\" data-attachment-id=\"60098\" data-permalink=\"https:\/\/blogdoprosperi.com\/?attachment_id=60098\" data-orig-file=\"https:\/\/i0.wp.com\/blogdoprosperi.com\/wp-content\/uploads\/2026\/07\/WhatsApp-Image-2026-06-17-at-19.53.29.jpg?fit=1280%2C853&amp;ssl=1\" data-orig-size=\"1280,853\" data-comments-opened=\"1\" data-image-meta=\"{&quot;aperture&quot;:&quot;0&quot;,&quot;credit&quot;:&quot;&quot;,&quot;camera&quot;:&quot;&quot;,&quot;caption&quot;:&quot;&quot;,&quot;created_timestamp&quot;:&quot;0&quot;,&quot;copyright&quot;:&quot;&quot;,&quot;focal_length&quot;:&quot;0&quot;,&quot;iso&quot;:&quot;0&quot;,&quot;shutter_speed&quot;:&quot;0&quot;,&quot;title&quot;:&quot;&quot;,&quot;orientation&quot;:&quot;0&quot;,&quot;alt&quot;:&quot;&quot;}\" data-image-title=\"WhatsApp-Image-2026-06-17-at-19.53.29\" data-image-description=\"\" data-image-caption=\"&lt;p&gt;Jogadores da Argentina com coletes e pantufas refrescantes \u2013 foto: Adias&lt;\/p&gt;\n\" data-large-file=\"https:\/\/i0.wp.com\/blogdoprosperi.com\/wp-content\/uploads\/2026\/07\/WhatsApp-Image-2026-06-17-at-19.53.29.jpg?fit=940%2C626&amp;ssl=1\" class=\"size-medium wp-image-60098\" src=\"https:\/\/i0.wp.com\/blogdoprosperi.com\/wp-content\/uploads\/2026\/07\/WhatsApp-Image-2026-06-17-at-19.53.29.jpg?resize=567%2C378&#038;ssl=1\" alt=\"\" width=\"567\" height=\"378\" srcset=\"https:\/\/i0.wp.com\/blogdoprosperi.com\/wp-content\/uploads\/2026\/07\/WhatsApp-Image-2026-06-17-at-19.53.29.jpg?resize=567%2C378&amp;ssl=1 567w, https:\/\/i0.wp.com\/blogdoprosperi.com\/wp-content\/uploads\/2026\/07\/WhatsApp-Image-2026-06-17-at-19.53.29.jpg?resize=1024%2C682&amp;ssl=1 1024w, https:\/\/i0.wp.com\/blogdoprosperi.com\/wp-content\/uploads\/2026\/07\/WhatsApp-Image-2026-06-17-at-19.53.29.jpg?resize=150%2C100&amp;ssl=1 150w, https:\/\/i0.wp.com\/blogdoprosperi.com\/wp-content\/uploads\/2026\/07\/WhatsApp-Image-2026-06-17-at-19.53.29.jpg?resize=768%2C512&amp;ssl=1 768w, https:\/\/i0.wp.com\/blogdoprosperi.com\/wp-content\/uploads\/2026\/07\/WhatsApp-Image-2026-06-17-at-19.53.29.jpg?resize=450%2C300&amp;ssl=1 450w, https:\/\/i0.wp.com\/blogdoprosperi.com\/wp-content\/uploads\/2026\/07\/WhatsApp-Image-2026-06-17-at-19.53.29.jpg?resize=900%2C600&amp;ssl=1 900w, https:\/\/i0.wp.com\/blogdoprosperi.com\/wp-content\/uploads\/2026\/07\/WhatsApp-Image-2026-06-17-at-19.53.29.jpg?w=1280&amp;ssl=1 1280w\" sizes=\"auto, (max-width: 567px) 100vw, 567px\" \/><figcaption id=\"caption-attachment-60098\" class=\"wp-caption-text\">Jogadores da Argentina com coletes e pantufas refrescantes \u2013 foto: Adias<\/figcaption><\/figure>\n<p>Jogadores da Argentina vestindo coletes e galochas durante um treino<\/p>\n<p>Assim como os pilotos da Mercedes vestem os casacos o m\u00e1ximo poss\u00edvel antes de entrar no carro, as vers\u00f5es da Copa do Mundo foram concebidas para serem &#8220;casacos do hino&#8221;, segundo Raccuglia, para que os jogadores pudessem us\u00e1-los durante as cerim\u00f4nias pr\u00e9-jogo.<\/p>\n<p>Raccuglia explicou que as jaquetas foram projetadas para criar um \u201cmicroclima refrescante\u201d ao redor do corpo. Ao serem feitas com modelagem ampla, as jaquetas permitem a circula\u00e7\u00e3o de ar, enquanto o forro externo \u00e9 imperme\u00e1vel para garantir que o ar frio n\u00e3o escape. A superf\u00edcie refletora impede que a temperatura externa aque\u00e7a quem estiver usando a jaqueta. \u201c\u00c9 um design que prioriza a funcionalidade\u201d, acrescentou.<\/p>\n<p>Segundo a Adidas, o kit para a parte superior do corpo pode r<strong>eduzir a temperatura corporal central em at\u00e9 0,5\u00baC e a temperatura da pele em at\u00e9 13\u00baC.<\/strong><\/p>\n<p>A jaqueta e o colete juntos pesam cerca de um quilo, mas foram projetados para ficarem em contato pr\u00f3ximo com o corpo. &#8220;Para fins de treinamento, o benef\u00edcio de resfriamento supera o custo adicional de ter que usar algo pesado&#8221;, disse Raccuglia.<\/p>\n<p><strong>Pantufas refrescantes<\/strong><\/p>\n<p>A inclus\u00e3o da sobrebota (<em>pantufas<\/em>), que pode ser colocada e retirada rapidamente sobre as botas ou com os p\u00e9s descal\u00e7os, surgiu das descobertas da Adidas.<\/p>\n<p>\u201cDescobrimos que a temperatura dos p\u00e9s era um fator cr\u00edtico\u201d, disse Raccuglia. \u201cO aumento da temperatura dos p\u00e9s pode causar incha\u00e7o e um ajuste inadequado nas botas, o que pode afetar negativamente o conforto e o desempenho.\u201d <strong>A sobrebota utiliza tecnologia em gel que, segundo a Adidas, pode resfriar os p\u00e9s em 2\u00baC em poucos minutos.<\/strong><\/p>\n<p>\u201cElas ajudam na recupera\u00e7\u00e3o\u201d, disse Cruz. \u201c<strong>A ideia \u00e9 coloc\u00e1-las ou deix\u00e1-las nos p\u00e9s durante o intervalo nos vesti\u00e1rios, para que, quando os jogadores chegarem ou quando as temperaturas estiverem altas, eles possam coloc\u00e1-las e se refrescar, baixando a temperatura corporal pelos p\u00e9s.<\/strong>\u201d<\/p>\n<p>Embora a Adidas n\u00e3o tenha solicitado ativamente feedback durante o torneio, Raccuglia afirmou que o uso vis\u00edvel das jaquetas, coletes e sobrebotas foi uma &#8220;boa confirma\u00e7\u00e3o&#8221; de que o produto estava sendo eficaz.<\/p>\n<p>Ela tamb\u00e9m disse que a sele\u00e7\u00e3o espanhola entrou em contato no final de junho para dar um &#8220;feedback muito positivo&#8221; sobre o sistema, enquanto alguns jogadores tamb\u00e9m pediram para mant\u00ea-lo para uso individual quando voltarem para seus clubes.<\/p>\n<p>O que come\u00e7ou na F\u00f3rmula 1 e chegou ao futebol agora est\u00e1 a caminho de outros esportes, com discuss\u00f5es em andamento dentro da Adidas sobre como a tecnologia <strong>Climacool<\/strong> poderia ser usada ou adotada em modalidades como t\u00eanis, v\u00f4lei, h\u00f3quei ou atletismo. Raccuglia afirmou que existe \u201cuma longa lista de atletas da Adidas que est\u00e3o solicitando o sistema\u201d.<\/p>\n<p>\u00c0 medida que as ondas de calor se tornam mais comuns em todo o mundo e os esportes se adaptam ao aumento das temperaturas, encontrar maneiras de regular melhor a temperatura corporal e se manter fresco ser\u00e1 ainda mais vital.<\/p>\n<p>\u201c\u00c9 relevante n\u00e3o s\u00f3 para os profissionais, mas tamb\u00e9m para n\u00f3s, consumidores, e para os atletas amadores\u201d, disse Raccuglia. \u201cPortanto, o assunto n\u00e3o vai desaparecer&#8221;.<\/p>\n<hr \/>\n<p><strong>Luke Smith<\/strong> <em>\u00e9 redator s\u00eanior de F\u00f3rmula 1 para o The Athletic. Luke passou 10 anos reportando sobre F\u00f3rmula 1 para ve\u00edculos como Autosport, The New York Times e NBC Sports, e tamb\u00e9m \u00e9 autor de livros. Ele \u00e9 formado pela University College London.<\/em><\/p>\n","protected":false},"excerpt":{"rendered":"<p>Copa do Mundo do calor chega com tudo nos Estados Unidos. Onda quente, m\u00e9dia de 38 graus \u00e0 [&hellip;]<\/p>\n","protected":false},"author":102107496,"featured_media":60097,"comment_status":"open","ping_status":"open","sticky":false,"template":"","format":"standard","meta":{"_coblocks_attr":"","_coblocks_dimensions":"","_coblocks_responsive_height":"","_coblocks_accordion_ie_support":"","_jetpack_newsletter_access":"","_jetpack_dont_email_post_to_subs":false,"_jetpack_newsletter_tier_id":0,"_jetpack_memberships_contains_paywalled_content":false,"_wpcom_ai_launchpad_first_post":false,"_jetpack_feature_clip_id":0,"_jetpack_memberships_contains_paid_content":false,"footnotes":"","jetpack_publicize_message":"","jetpack_publicize_feature_enabled":true,"jetpack_social_post_already_shared":true,"jetpack_social_options":{"image_generator_settings":{"template":"highway","default_image_id":0,"font":"","enabled":false},"version":2},"jetpack_post_was_ever_published":false},"categories":[36820279,53870],"tags":[789560668,569949222,789560669],"class_list":["post-60083","post","type-post","status-publish","format-standard","has-post-thumbnail","hentry","category-copa-2026","category-futebol","tag-climacool","tag-copa2026","tag-jaquetasadidas"],"yoast_head":"<!-- This site is optimized with the Yoast SEO plugin v28.4 - https:\/\/yoast.com\/product\/yoast-seo-wordpress\/ -->\n<title>Como os &quot;jaquetas espaciais&quot; est\u00e3o ajudando as estrelas da Copa a se manterem frescas durante a onda de calor - PR\u00d3SPERI NEWS<\/title>\n<meta name=\"robots\" content=\"index, follow, max-snippet:-1, max-image-preview:large, max-video-preview:-1\" \/>\n<link rel=\"canonical\" href=\"https:\/\/blogdoprosperi.com\/?p=60083\" \/>\n<meta property=\"og:locale\" content=\"pt_BR\" \/>\n<meta property=\"og:type\" content=\"article\" \/>\n<meta property=\"og:title\" content=\"Como os &quot;jaquetas espaciais&quot; est\u00e3o ajudando as estrelas da Copa a se manterem frescas durante a onda de calor - PR\u00d3SPERI NEWS\" \/>\n<meta property=\"og:description\" content=\"Copa do Mundo do calor chega com tudo nos Estados Unidos. Onda quente, m\u00e9dia de 38 graus \u00e0 [&hellip;]\" \/>\n<meta property=\"og:url\" content=\"https:\/\/blogdoprosperi.com\/?p=60083\" \/>\n<meta property=\"og:site_name\" content=\"PR\u00d3SPERI NEWS\" \/>\n<meta property=\"article:publisher\" content=\"Luiz Pr\u00f3speri\" \/>\n<meta property=\"article:author\" content=\"Luiz Pr\u00f3speri\" \/>\n<meta property=\"article:published_time\" content=\"2026-07-03T03:14:33+00:00\" \/>\n<meta property=\"og:image\" content=\"https:\/\/i0.wp.com\/blogdoprosperi.com\/wp-content\/uploads\/2026\/07\/south-africa-debut-silver-adidas-climacool-cooling-jacket-at-2026-world-cup.jpg?fit=1600%2C1600&ssl=1\" \/>\n\t<meta property=\"og:image:width\" content=\"1600\" \/>\n\t<meta property=\"og:image:height\" content=\"1600\" \/>\n\t<meta property=\"og:image:type\" content=\"image\/jpeg\" \/>\n<meta name=\"author\" content=\"Luiz Ant\u00f4nio Pr\u00f3speri\" \/>\n<meta name=\"twitter:card\" content=\"summary_large_image\" \/>\n<meta name=\"twitter:creator\" content=\"@Luizprosperi\" \/>\n<meta name=\"twitter:site\" content=\"@Luizprosperi\" \/>\n<meta name=\"twitter:label1\" content=\"Escrito por\" \/>\n\t<meta name=\"twitter:data1\" content=\"Luiz Ant\u00f4nio Pr\u00f3speri\" \/>\n\t<meta name=\"twitter:label2\" content=\"Est. tempo de leitura\" \/>\n\t<meta name=\"twitter:data2\" content=\"8 minutos\" \/>\n<script type=\"application\/ld+json\" class=\"yoast-schema-graph\">{\"@context\":\"https:\\\/\\\/schema.org\",\"@graph\":[{\"@type\":\"Article\",\"@id\":\"https:\\\/\\\/blogdoprosperi.com\\\/?p=60083#article\",\"isPartOf\":{\"@id\":\"https:\\\/\\\/blogdoprosperi.com\\\/?p=60083\"},\"author\":{\"name\":\"Luiz Ant\u00f4nio Pr\u00f3speri\",\"@id\":\"https:\\\/\\\/blogdoprosperi.com\\\/#\\\/schema\\\/person\\\/38100755ce3601861ee4fab9b5aa78e9\"},\"headline\":\"Como os &#8220;jaquetas espaciais&#8221; est\u00e3o ajudando as estrelas da Copa a se manterem frescas durante a onda de calor\",\"datePublished\":\"2026-07-03T03:14:33+00:00\",\"mainEntityOfPage\":{\"@id\":\"https:\\\/\\\/blogdoprosperi.com\\\/?p=60083\"},\"wordCount\":1686,\"commentCount\":0,\"publisher\":{\"@id\":\"https:\\\/\\\/blogdoprosperi.com\\\/#\\\/schema\\\/person\\\/38100755ce3601861ee4fab9b5aa78e9\"},\"image\":{\"@id\":\"https:\\\/\\\/blogdoprosperi.com\\\/?p=60083#primaryimage\"},\"thumbnailUrl\":\"https:\\\/\\\/i0.wp.com\\\/blogdoprosperi.com\\\/wp-content\\\/uploads\\\/2026\\\/07\\\/south-africa-debut-silver-adidas-climacool-cooling-jacket-at-2026-world-cup.jpg?fit=1600%2C1600&ssl=1\",\"keywords\":[\"climacool\",\"Copa2026\",\"jaquetasadidas\"],\"articleSection\":[\"copa 2026\",\"futebol\"],\"inLanguage\":\"pt-BR\",\"potentialAction\":[{\"@type\":\"CommentAction\",\"name\":\"Comment\",\"target\":[\"https:\\\/\\\/blogdoprosperi.com\\\/?p=60083#respond\"]}]},{\"@type\":\"WebPage\",\"@id\":\"https:\\\/\\\/blogdoprosperi.com\\\/?p=60083\",\"url\":\"https:\\\/\\\/blogdoprosperi.com\\\/?p=60083\",\"name\":\"Como os \\\"jaquetas espaciais\\\" est\u00e3o ajudando as estrelas da Copa a se manterem frescas durante a onda de calor - PR\u00d3SPERI NEWS\",\"isPartOf\":{\"@id\":\"https:\\\/\\\/blogdoprosperi.com\\\/#website\"},\"primaryImageOfPage\":{\"@id\":\"https:\\\/\\\/blogdoprosperi.com\\\/?p=60083#primaryimage\"},\"image\":{\"@id\":\"https:\\\/\\\/blogdoprosperi.com\\\/?p=60083#primaryimage\"},\"thumbnailUrl\":\"https:\\\/\\\/i0.wp.com\\\/blogdoprosperi.com\\\/wp-content\\\/uploads\\\/2026\\\/07\\\/south-africa-debut-silver-adidas-climacool-cooling-jacket-at-2026-world-cup.jpg?fit=1600%2C1600&ssl=1\",\"datePublished\":\"2026-07-03T03:14:33+00:00\",\"breadcrumb\":{\"@id\":\"https:\\\/\\\/blogdoprosperi.com\\\/?p=60083#breadcrumb\"},\"inLanguage\":\"pt-BR\",\"potentialAction\":[{\"@type\":\"ReadAction\",\"target\":[\"https:\\\/\\\/blogdoprosperi.com\\\/?p=60083\"]}]},{\"@type\":\"ImageObject\",\"inLanguage\":\"pt-BR\",\"@id\":\"https:\\\/\\\/blogdoprosperi.com\\\/?p=60083#primaryimage\",\"url\":\"https:\\\/\\\/i0.wp.com\\\/blogdoprosperi.com\\\/wp-content\\\/uploads\\\/2026\\\/07\\\/south-africa-debut-silver-adidas-climacool-cooling-jacket-at-2026-world-cup.jpg?fit=1600%2C1600&ssl=1\",\"contentUrl\":\"https:\\\/\\\/i0.wp.com\\\/blogdoprosperi.com\\\/wp-content\\\/uploads\\\/2026\\\/07\\\/south-africa-debut-silver-adidas-climacool-cooling-jacket-at-2026-world-cup.jpg?fit=1600%2C1600&ssl=1\",\"width\":1600,\"height\":1600,\"caption\":\"Jogadores da \u00c1frica do Sul usando Climacool \u2013 foto: Footy Headline\"},{\"@type\":\"BreadcrumbList\",\"@id\":\"https:\\\/\\\/blogdoprosperi.com\\\/?p=60083#breadcrumb\",\"itemListElement\":[{\"@type\":\"ListItem\",\"position\":1,\"name\":\"In\u00edcio\",\"item\":\"https:\\\/\\\/blogdoprosperi.com\\\/\"},{\"@type\":\"ListItem\",\"position\":2,\"name\":\"Como os &#8220;jaquetas espaciais&#8221; est\u00e3o ajudando as estrelas da Copa a se manterem frescas durante a onda de calor\"}]},{\"@type\":\"WebSite\",\"@id\":\"https:\\\/\\\/blogdoprosperi.com\\\/#website\",\"url\":\"https:\\\/\\\/blogdoprosperi.com\\\/\",\"name\":\"PR\u00d3SPERI NEWS\",\"description\":\"TUDO \u00c9  FUTEBOL\",\"publisher\":{\"@id\":\"https:\\\/\\\/blogdoprosperi.com\\\/#\\\/schema\\\/person\\\/38100755ce3601861ee4fab9b5aa78e9\"},\"alternateName\":\"blogdoprosperi.com\",\"potentialAction\":[{\"@type\":\"SearchAction\",\"target\":{\"@type\":\"EntryPoint\",\"urlTemplate\":\"https:\\\/\\\/blogdoprosperi.com\\\/?s={search_term_string}\"},\"query-input\":{\"@type\":\"PropertyValueSpecification\",\"valueRequired\":true,\"valueName\":\"search_term_string\"}}],\"inLanguage\":\"pt-BR\"},{\"@type\":[\"Person\",\"Organization\"],\"@id\":\"https:\\\/\\\/blogdoprosperi.com\\\/#\\\/schema\\\/person\\\/38100755ce3601861ee4fab9b5aa78e9\",\"name\":\"Luiz Ant\u00f4nio Pr\u00f3speri\",\"pronouns\":\"ele\",\"image\":{\"@type\":\"ImageObject\",\"inLanguage\":\"pt-BR\",\"@id\":\"https:\\\/\\\/i0.wp.com\\\/blogdoprosperi.com\\\/wp-content\\\/uploads\\\/2026\\\/05\\\/cropped-8059e613-6002-42fa-961e-8e275f575d71-2-5.jpg?fit=1360%2C931&ssl=1\",\"url\":\"https:\\\/\\\/i0.wp.com\\\/blogdoprosperi.com\\\/wp-content\\\/uploads\\\/2026\\\/05\\\/cropped-8059e613-6002-42fa-961e-8e275f575d71-2-5.jpg?fit=1360%2C931&ssl=1\",\"contentUrl\":\"https:\\\/\\\/i0.wp.com\\\/blogdoprosperi.com\\\/wp-content\\\/uploads\\\/2026\\\/05\\\/cropped-8059e613-6002-42fa-961e-8e275f575d71-2-5.jpg?fit=1360%2C931&ssl=1\",\"width\":1360,\"height\":931,\"caption\":\"Luiz Ant\u00f4nio Pr\u00f3speri\"},\"logo\":{\"@id\":\"https:\\\/\\\/i0.wp.com\\\/blogdoprosperi.com\\\/wp-content\\\/uploads\\\/2026\\\/05\\\/cropped-8059e613-6002-42fa-961e-8e275f575d71-2-5.jpg?fit=1360%2C931&ssl=1\"},\"description\":\"Jornalista com carreira dedicada ao esporte. Cobriu 9 Copas do Mundo in loco, 1990 na It\u00e1lia, 1994 nos EUA, 1998 na Fran\u00e7a, 2002 na Coreia do Sul e Jap\u00e3o, 2006 na Alemanha, 2010 na \u00c1frica do Sul, 2014 no Brasil, 2018 na R\u00fassia e 2022 no Qatar. Eurocopas, 1992 na Su\u00e9cia e 1996 na Inglaterra. Copa das Confedera\u00e7\u00f5es de 2005 na Alemanha e 2009 na \u00c1frica do Sul. Rep\u00f3rter e Editor, trabalhou no Jornal da Tarde e Estad\u00e3o, de 1984 a fevereiro de 2016. Colunista, blogueiro. E comentarista de futebol na R\u00e1dio Estad\u00e3o, de 2013 a fevereiro de 2016. Jornalista respons\u00e1vel do \\\"Pr\u00f3speri News\\\" (blogdoprosperi.com).\",\"sameAs\":[\"http:\\\/\\\/blogdoprosperi.com\",\"Luiz Pr\u00f3speri\",\"@luiz_prosperi\",\"https:\\\/\\\/x.com\\\/Luizprosperi\",\"@prosperinacopa\",\"luiz.prosperi@icloud.com\"],\"url\":\"https:\\\/\\\/blogdoprosperi.com\\\/?author=102107496\"}]}<\/script>\n<!-- \/ Yoast SEO plugin. -->","yoast_head_json":{"title":"Como os \"jaquetas espaciais\" est\u00e3o ajudando as estrelas da Copa a se manterem frescas durante a onda de calor - PR\u00d3SPERI NEWS","robots":{"index":"index","follow":"follow","max-snippet":"max-snippet:-1","max-image-preview":"max-image-preview:large","max-video-preview":"max-video-preview:-1"},"canonical":"https:\/\/blogdoprosperi.com\/?p=60083","og_locale":"pt_BR","og_type":"article","og_title":"Como os \"jaquetas espaciais\" est\u00e3o ajudando as estrelas da Copa a se manterem frescas durante a onda de calor - PR\u00d3SPERI NEWS","og_description":"Copa do Mundo do calor chega com tudo nos Estados Unidos. Onda quente, m\u00e9dia de 38 graus \u00e0 [&hellip;]","og_url":"https:\/\/blogdoprosperi.com\/?p=60083","og_site_name":"PR\u00d3SPERI NEWS","article_publisher":"Luiz Pr\u00f3speri","article_author":"Luiz Pr\u00f3speri","article_published_time":"2026-07-03T03:14:33+00:00","og_image":[{"width":1600,"height":1600,"url":"https:\/\/i0.wp.com\/blogdoprosperi.com\/wp-content\/uploads\/2026\/07\/south-africa-debut-silver-adidas-climacool-cooling-jacket-at-2026-world-cup.jpg?fit=1600%2C1600&ssl=1","type":"image\/jpeg"}],"author":"Luiz Ant\u00f4nio Pr\u00f3speri","twitter_card":"summary_large_image","twitter_creator":"@Luizprosperi","twitter_site":"@Luizprosperi","twitter_misc":{"Escrito por":"Luiz Ant\u00f4nio Pr\u00f3speri","Est. tempo de leitura":"8 minutos"},"schema":{"@context":"https:\/\/schema.org","@graph":[{"@type":"Article","@id":"https:\/\/blogdoprosperi.com\/?p=60083#article","isPartOf":{"@id":"https:\/\/blogdoprosperi.com\/?p=60083"},"author":{"name":"Luiz Ant\u00f4nio Pr\u00f3speri","@id":"https:\/\/blogdoprosperi.com\/#\/schema\/person\/38100755ce3601861ee4fab9b5aa78e9"},"headline":"Como os &#8220;jaquetas espaciais&#8221; est\u00e3o ajudando as estrelas da Copa a se manterem frescas durante a onda de calor","datePublished":"2026-07-03T03:14:33+00:00","mainEntityOfPage":{"@id":"https:\/\/blogdoprosperi.com\/?p=60083"},"wordCount":1686,"commentCount":0,"publisher":{"@id":"https:\/\/blogdoprosperi.com\/#\/schema\/person\/38100755ce3601861ee4fab9b5aa78e9"},"image":{"@id":"https:\/\/blogdoprosperi.com\/?p=60083#primaryimage"},"thumbnailUrl":"https:\/\/i0.wp.com\/blogdoprosperi.com\/wp-content\/uploads\/2026\/07\/south-africa-debut-silver-adidas-climacool-cooling-jacket-at-2026-world-cup.jpg?fit=1600%2C1600&ssl=1","keywords":["climacool","Copa2026","jaquetasadidas"],"articleSection":["copa 2026","futebol"],"inLanguage":"pt-BR","potentialAction":[{"@type":"CommentAction","name":"Comment","target":["https:\/\/blogdoprosperi.com\/?p=60083#respond"]}]},{"@type":"WebPage","@id":"https:\/\/blogdoprosperi.com\/?p=60083","url":"https:\/\/blogdoprosperi.com\/?p=60083","name":"Como os \"jaquetas espaciais\" est\u00e3o ajudando as estrelas da Copa a se manterem frescas durante a onda de calor - PR\u00d3SPERI NEWS","isPartOf":{"@id":"https:\/\/blogdoprosperi.com\/#website"},"primaryImageOfPage":{"@id":"https:\/\/blogdoprosperi.com\/?p=60083#primaryimage"},"image":{"@id":"https:\/\/blogdoprosperi.com\/?p=60083#primaryimage"},"thumbnailUrl":"https:\/\/i0.wp.com\/blogdoprosperi.com\/wp-content\/uploads\/2026\/07\/south-africa-debut-silver-adidas-climacool-cooling-jacket-at-2026-world-cup.jpg?fit=1600%2C1600&ssl=1","datePublished":"2026-07-03T03:14:33+00:00","breadcrumb":{"@id":"https:\/\/blogdoprosperi.com\/?p=60083#breadcrumb"},"inLanguage":"pt-BR","potentialAction":[{"@type":"ReadAction","target":["https:\/\/blogdoprosperi.com\/?p=60083"]}]},{"@type":"ImageObject","inLanguage":"pt-BR","@id":"https:\/\/blogdoprosperi.com\/?p=60083#primaryimage","url":"https:\/\/i0.wp.com\/blogdoprosperi.com\/wp-content\/uploads\/2026\/07\/south-africa-debut-silver-adidas-climacool-cooling-jacket-at-2026-world-cup.jpg?fit=1600%2C1600&ssl=1","contentUrl":"https:\/\/i0.wp.com\/blogdoprosperi.com\/wp-content\/uploads\/2026\/07\/south-africa-debut-silver-adidas-climacool-cooling-jacket-at-2026-world-cup.jpg?fit=1600%2C1600&ssl=1","width":1600,"height":1600,"caption":"Jogadores da \u00c1frica do Sul usando Climacool \u2013 foto: Footy Headline"},{"@type":"BreadcrumbList","@id":"https:\/\/blogdoprosperi.com\/?p=60083#breadcrumb","itemListElement":[{"@type":"ListItem","position":1,"name":"In\u00edcio","item":"https:\/\/blogdoprosperi.com\/"},{"@type":"ListItem","position":2,"name":"Como os &#8220;jaquetas espaciais&#8221; est\u00e3o ajudando as estrelas da Copa a se manterem frescas durante a onda de calor"}]},{"@type":"WebSite","@id":"https:\/\/blogdoprosperi.com\/#website","url":"https:\/\/blogdoprosperi.com\/","name":"PR\u00d3SPERI NEWS","description":"TUDO \u00c9  FUTEBOL","publisher":{"@id":"https:\/\/blogdoprosperi.com\/#\/schema\/person\/38100755ce3601861ee4fab9b5aa78e9"},"alternateName":"blogdoprosperi.com","potentialAction":[{"@type":"SearchAction","target":{"@type":"EntryPoint","urlTemplate":"https:\/\/blogdoprosperi.com\/?s={search_term_string}"},"query-input":{"@type":"PropertyValueSpecification","valueRequired":true,"valueName":"search_term_string"}}],"inLanguage":"pt-BR"},{"@type":["Person","Organization"],"@id":"https:\/\/blogdoprosperi.com\/#\/schema\/person\/38100755ce3601861ee4fab9b5aa78e9","name":"Luiz Ant\u00f4nio Pr\u00f3speri","pronouns":"ele","image":{"@type":"ImageObject","inLanguage":"pt-BR","@id":"https:\/\/i0.wp.com\/blogdoprosperi.com\/wp-content\/uploads\/2026\/05\/cropped-8059e613-6002-42fa-961e-8e275f575d71-2-5.jpg?fit=1360%2C931&ssl=1","url":"https:\/\/i0.wp.com\/blogdoprosperi.com\/wp-content\/uploads\/2026\/05\/cropped-8059e613-6002-42fa-961e-8e275f575d71-2-5.jpg?fit=1360%2C931&ssl=1","contentUrl":"https:\/\/i0.wp.com\/blogdoprosperi.com\/wp-content\/uploads\/2026\/05\/cropped-8059e613-6002-42fa-961e-8e275f575d71-2-5.jpg?fit=1360%2C931&ssl=1","width":1360,"height":931,"caption":"Luiz Ant\u00f4nio Pr\u00f3speri"},"logo":{"@id":"https:\/\/i0.wp.com\/blogdoprosperi.com\/wp-content\/uploads\/2026\/05\/cropped-8059e613-6002-42fa-961e-8e275f575d71-2-5.jpg?fit=1360%2C931&ssl=1"},"description":"Jornalista com carreira dedicada ao esporte. Cobriu 9 Copas do Mundo in loco, 1990 na It\u00e1lia, 1994 nos EUA, 1998 na Fran\u00e7a, 2002 na Coreia do Sul e Jap\u00e3o, 2006 na Alemanha, 2010 na \u00c1frica do Sul, 2014 no Brasil, 2018 na R\u00fassia e 2022 no Qatar. Eurocopas, 1992 na Su\u00e9cia e 1996 na Inglaterra. Copa das Confedera\u00e7\u00f5es de 2005 na Alemanha e 2009 na \u00c1frica do Sul. Rep\u00f3rter e Editor, trabalhou no Jornal da Tarde e Estad\u00e3o, de 1984 a fevereiro de 2016. Colunista, blogueiro. E comentarista de futebol na R\u00e1dio Estad\u00e3o, de 2013 a fevereiro de 2016. Jornalista respons\u00e1vel do \"Pr\u00f3speri News\" (blogdoprosperi.com).","sameAs":["http:\/\/blogdoprosperi.com","Luiz Pr\u00f3speri","@luiz_prosperi","https:\/\/x.com\/Luizprosperi","@prosperinacopa","luiz.prosperi@icloud.com"],"url":"https:\/\/blogdoprosperi.com\/?author=102107496"}]}},"jetpack_publicize_connections":[],"jetpack_likes_enabled":false,"jetpack_sharing_enabled":true,"jetpack_shortlink":"https:\/\/wp.me\/p7jvdk-fD5","jetpack-related-posts":[{"id":43971,"url":"https:\/\/blogdoprosperi.com\/?p=43971","url_meta":{"origin":60083,"position":0},"title":"Bielsa arrebenta organiza\u00e7\u00e3o da Copa Am\u00e9rica e faz duras cr\u00edticas aos EUA","author":"Luiz Ant\u00f4nio Pr\u00f3speri","date":"13 de julho de 2024","format":false,"excerpt":"Marcelo Bielsa, t\u00e9cnico argentino no comando da Sele\u00e7\u00e3o do Uruguai, bate forte nos organizadores da Copa Am\u00e9rica 2024. Sai em defesa de Lionel Scaloni, t\u00e9cnico da Argentina, e Vini Jr, advertidos por criticarem os gramados. E diz que os Estados Unidos s\u00f3 investigaram e denunciaram corrup\u00e7\u00e3o na Fifa e confedera\u00e7\u00f5es,\u2026","rel":"","context":"Em &quot;futebol&quot;","block_context":{"text":"futebol","link":"https:\/\/blogdoprosperi.com\/?cat=53870"},"img":{"alt_text":"Bielsa detona organiza\u00e7\u00e3o da Copa Am\u00e9rica 2024","src":"https:\/\/i0.wp.com\/blogdoprosperi.com\/wp-content\/uploads\/2024\/07\/thumbs.web_.sapo_.webp?fit=1200%2C801&ssl=1&resize=350%2C200","width":350,"height":200,"srcset":"https:\/\/i0.wp.com\/blogdoprosperi.com\/wp-content\/uploads\/2024\/07\/thumbs.web_.sapo_.webp?fit=1200%2C801&ssl=1&resize=350%2C200 1x, https:\/\/i0.wp.com\/blogdoprosperi.com\/wp-content\/uploads\/2024\/07\/thumbs.web_.sapo_.webp?fit=1200%2C801&ssl=1&resize=525%2C300 1.5x, https:\/\/i0.wp.com\/blogdoprosperi.com\/wp-content\/uploads\/2024\/07\/thumbs.web_.sapo_.webp?fit=1200%2C801&ssl=1&resize=700%2C400 2x, https:\/\/i0.wp.com\/blogdoprosperi.com\/wp-content\/uploads\/2024\/07\/thumbs.web_.sapo_.webp?fit=1200%2C801&ssl=1&resize=1050%2C600 3x"},"classes":[]},{"id":55940,"url":"https:\/\/blogdoprosperi.com\/?p=55940","url_meta":{"origin":60083,"position":1},"title":"Entenda Tabela da Copa 2026 e Conhe\u00e7a Caminhos do Brasil em Busca do Hexa","author":"Luiz Ant\u00f4nio Pr\u00f3speri","date":"6 de dezembro de 2025","format":false,"excerpt":"Luiz Ant\u00f4nio Pr\u00f3speri \u2013 6 dezembro (15h23) \u2013 Fifa divulga a tabela completa da Copa do Mundo de 2026 com datas, locais e hor\u00e1rios dos jogos distribu\u00eddos em 16 cidades entre M\u00e9xico, Canad\u00e1 e M\u00e9xico. Brasil est\u00e1 no Grupo C, ao lado de Marrocos, Haiti e Esc\u00f3cia. Sele\u00e7\u00e3o Brasileira\u00a0vai jogar\u2026","rel":"","context":"Em &quot;copa do mundo 2026&quot;","block_context":{"text":"copa do mundo 2026","link":"https:\/\/blogdoprosperi.com\/?cat=115102077"},"img":{"alt_text":"Trionda, a bola da Copa 2026","src":"https:\/\/i0.wp.com\/blogdoprosperi.com\/wp-content\/uploads\/2025\/10\/copa-do-mundo-2026-conheca-a-trionda-bola-oficial-0021348700202510040824-8.webp?fit=900%2C506&ssl=1&resize=350%2C200","width":350,"height":200,"srcset":"https:\/\/i0.wp.com\/blogdoprosperi.com\/wp-content\/uploads\/2025\/10\/copa-do-mundo-2026-conheca-a-trionda-bola-oficial-0021348700202510040824-8.webp?fit=900%2C506&ssl=1&resize=350%2C200 1x, https:\/\/i0.wp.com\/blogdoprosperi.com\/wp-content\/uploads\/2025\/10\/copa-do-mundo-2026-conheca-a-trionda-bola-oficial-0021348700202510040824-8.webp?fit=900%2C506&ssl=1&resize=525%2C300 1.5x, https:\/\/i0.wp.com\/blogdoprosperi.com\/wp-content\/uploads\/2025\/10\/copa-do-mundo-2026-conheca-a-trionda-bola-oficial-0021348700202510040824-8.webp?fit=900%2C506&ssl=1&resize=700%2C400 2x"},"classes":[]},{"id":39858,"url":"https:\/\/blogdoprosperi.com\/?p=39858","url_meta":{"origin":60083,"position":2},"title":"Copa do Qatar \u00e9 uma miragem","author":"Luiz Ant\u00f4nio Pr\u00f3speri","date":"24 de novembro de 2022","format":false,"excerpt":"Doha \u00e9 diferente. Copa do Mundo no deserto, mais ainda. Nem cabe em uma L\u00e2mpada Maravilhosa de um g\u00eanio pronto a sair e atender seus desejos. Um Aladim. \u00c9 quase tudo isso. A Copa aqui \u00e9 um deleite. Um conto das Mil Maravilhas. Mesmo no Qatar, pa\u00eds marcado por n\u00e3o\u2026","rel":"","context":"Em &quot;catar 2022&quot;","block_context":{"text":"catar 2022","link":"https:\/\/blogdoprosperi.com\/?cat=47094043"},"img":{"alt_text":"Copa do Mundo Qatar 2022","src":"https:\/\/i0.wp.com\/blogdoprosperi.com\/wp-content\/uploads\/2022\/11\/argentina-v-saudi-arabia-group-c-fifa-world-cup-qatar-2022-scaled-1.webp?fit=1200%2C800&ssl=1&resize=350%2C200","width":350,"height":200,"srcset":"https:\/\/i0.wp.com\/blogdoprosperi.com\/wp-content\/uploads\/2022\/11\/argentina-v-saudi-arabia-group-c-fifa-world-cup-qatar-2022-scaled-1.webp?fit=1200%2C800&ssl=1&resize=350%2C200 1x, https:\/\/i0.wp.com\/blogdoprosperi.com\/wp-content\/uploads\/2022\/11\/argentina-v-saudi-arabia-group-c-fifa-world-cup-qatar-2022-scaled-1.webp?fit=1200%2C800&ssl=1&resize=525%2C300 1.5x, https:\/\/i0.wp.com\/blogdoprosperi.com\/wp-content\/uploads\/2022\/11\/argentina-v-saudi-arabia-group-c-fifa-world-cup-qatar-2022-scaled-1.webp?fit=1200%2C800&ssl=1&resize=700%2C400 2x, https:\/\/i0.wp.com\/blogdoprosperi.com\/wp-content\/uploads\/2022\/11\/argentina-v-saudi-arabia-group-c-fifa-world-cup-qatar-2022-scaled-1.webp?fit=1200%2C800&ssl=1&resize=1050%2C600 3x"},"classes":[]},{"id":39237,"url":"https:\/\/blogdoprosperi.com\/?p=39237","url_meta":{"origin":60083,"position":3},"title":"\u00c1lbum de figurinhas e venda de 2,45 milh\u00f5es de ingressos aquecem Copa Catar 2022","author":"Luiz Ant\u00f4nio Pr\u00f3speri","date":"18 de agosto de 2022","format":false,"excerpt":"Fifa anuncia a venda de 2,45 milh\u00f5es de ingressos da Copa do Mundo Qatar 2022. Pa\u00edses \u00c1rabes, Am\u00e9rica e Europa aparecem como os que mais compraram os bilhetes, h\u00e1 98 dias do in\u00edcio do Mundial. No Brasil, a Panini lan\u00e7a nesta sexta-feira (19\/8) a venda do \u00e1lbum de figurinhas, uma\u2026","rel":"","context":"Em &quot;catar 2022&quot;","block_context":{"text":"catar 2022","link":"https:\/\/blogdoprosperi.com\/?cat=47094043"},"img":{"alt_text":"","src":"https:\/\/i0.wp.com\/blogdoprosperi.com\/wp-content\/uploads\/2022\/08\/csm_copa-qatar-2022-reproducao_d609783f02.jpg?fit=730%2C487&ssl=1&resize=350%2C200","width":350,"height":200,"srcset":"https:\/\/i0.wp.com\/blogdoprosperi.com\/wp-content\/uploads\/2022\/08\/csm_copa-qatar-2022-reproducao_d609783f02.jpg?fit=730%2C487&ssl=1&resize=350%2C200 1x, https:\/\/i0.wp.com\/blogdoprosperi.com\/wp-content\/uploads\/2022\/08\/csm_copa-qatar-2022-reproducao_d609783f02.jpg?fit=730%2C487&ssl=1&resize=525%2C300 1.5x, https:\/\/i0.wp.com\/blogdoprosperi.com\/wp-content\/uploads\/2022\/08\/csm_copa-qatar-2022-reproducao_d609783f02.jpg?fit=730%2C487&ssl=1&resize=700%2C400 2x"},"classes":[]},{"id":60898,"url":"https:\/\/blogdoprosperi.com\/?p=60898","url_meta":{"origin":60083,"position":4},"title":"A Copa Que Eu Vi (parte 1): depoimento","author":"Luiz Ant\u00f4nio Pr\u00f3speri","date":"20 de julho de 2026","format":false,"excerpt":"Luiz Ant\u00f4nio Pr\u00f3speri \u2013 20 julho 2026 (15h30) Rodri ergue a ta\u00e7a de campe\u00e3o da Copa do Mundo de 2026 por volta das 19h (hor\u00e1rio de Brasilia), domingo (19\/7), no est\u00e1dio MetLife, nas cercanias de New Jersey e New York. Jogadores da Espanha pulam de alegria emoldurando o gesto do\u2026","rel":"","context":"Em &quot;copa 2026&quot;","block_context":{"text":"copa 2026","link":"https:\/\/blogdoprosperi.com\/?cat=36820279"},"img":{"alt_text":"","src":"https:\/\/i0.wp.com\/blogdoprosperi.com\/wp-content\/uploads\/2026\/07\/Captura-de-Tela-2026-07-20-as-15.44.40.png?fit=924%2C836&ssl=1&resize=350%2C200","width":350,"height":200,"srcset":"https:\/\/i0.wp.com\/blogdoprosperi.com\/wp-content\/uploads\/2026\/07\/Captura-de-Tela-2026-07-20-as-15.44.40.png?fit=924%2C836&ssl=1&resize=350%2C200 1x, https:\/\/i0.wp.com\/blogdoprosperi.com\/wp-content\/uploads\/2026\/07\/Captura-de-Tela-2026-07-20-as-15.44.40.png?fit=924%2C836&ssl=1&resize=525%2C300 1.5x, https:\/\/i0.wp.com\/blogdoprosperi.com\/wp-content\/uploads\/2026\/07\/Captura-de-Tela-2026-07-20-as-15.44.40.png?fit=924%2C836&ssl=1&resize=700%2C400 2x"},"classes":[]},{"id":34657,"url":"https:\/\/blogdoprosperi.com\/?p=34657","url_meta":{"origin":60083,"position":5},"title":"Fifa supera crise de corrup\u00e7\u00e3o, expande Copa do Mundo e seus neg\u00f3cios bilion\u00e1rios","author":"Luiz Ant\u00f4nio Pr\u00f3speri","date":"10 de janeiro de 2017","format":false,"excerpt":"Fifa \u00e9 tradu\u00e7\u00e3o de dinheiro. Sai presidente, entra presidente e a hist\u00f3ria n\u00e3o muda. Alguns s\u00e3o afastados por corrup\u00e7\u00e3o, outros algemados, uns alijados do poder por embolsar dinheiro alheio. Tudo continua como se nada tivesse acontecido. Nessa ciranda a busca constante por mais grana vem da Copa do Mundo, o\u2026","rel":"","context":"Em &quot;futebol&quot;","block_context":{"text":"futebol","link":"https:\/\/blogdoprosperi.com\/?cat=53870"},"img":{"alt_text":"","src":"https:\/\/i0.wp.com\/blogdoprosperi.com\/wp-content\/uploads\/2017\/01\/2026-fifa-world-cup_china-1.jpg?resize=350%2C200","width":350,"height":200,"srcset":"https:\/\/i0.wp.com\/blogdoprosperi.com\/wp-content\/uploads\/2017\/01\/2026-fifa-world-cup_china-1.jpg?resize=350%2C200 1x, https:\/\/i0.wp.com\/blogdoprosperi.com\/wp-content\/uploads\/2017\/01\/2026-fifa-world-cup_china-1.jpg?resize=525%2C300 1.5x"},"classes":[]}],"jetpack_featured_media_url":"https:\/\/i0.wp.com\/blogdoprosperi.com\/wp-content\/uploads\/2026\/07\/south-africa-debut-silver-adidas-climacool-cooling-jacket-at-2026-world-cup.jpg?fit=1600%2C1600&ssl=1","_links":{"self":[{"href":"https:\/\/blogdoprosperi.com\/index.php?rest_route=\/wp\/v2\/posts\/60083","targetHints":{"allow":["GET"]}}],"collection":[{"href":"https:\/\/blogdoprosperi.com\/index.php?rest_route=\/wp\/v2\/posts"}],"about":[{"href":"https:\/\/blogdoprosperi.com\/index.php?rest_route=\/wp\/v2\/types\/post"}],"author":[{"embeddable":true,"href":"https:\/\/blogdoprosperi.com\/index.php?rest_route=\/wp\/v2\/users\/102107496"}],"replies":[{"embeddable":true,"href":"https:\/\/blogdoprosperi.com\/index.php?rest_route=%2Fwp%2Fv2%2Fcomments&post=60083"}],"version-history":[{"count":15,"href":"https:\/\/blogdoprosperi.com\/index.php?rest_route=\/wp\/v2\/posts\/60083\/revisions"}],"predecessor-version":[{"id":60102,"href":"https:\/\/blogdoprosperi.com\/index.php?rest_route=\/wp\/v2\/posts\/60083\/revisions\/60102"}],"wp:featuredmedia":[{"embeddable":true,"href":"https:\/\/blogdoprosperi.com\/index.php?rest_route=\/wp\/v2\/media\/60097"}],"wp:attachment":[{"href":"https:\/\/blogdoprosperi.com\/index.php?rest_route=%2Fwp%2Fv2%2Fmedia&parent=60083"}],"wp:term":[{"taxonomy":"category","embeddable":true,"href":"https:\/\/blogdoprosperi.com\/index.php?rest_route=%2Fwp%2Fv2%2Fcategories&post=60083"},{"taxonomy":"post_tag","embeddable":true,"href":"https:\/\/blogdoprosperi.com\/index.php?rest_route=%2Fwp%2Fv2%2Ftags&post=60083"}],"curies":[{"name":"wp","href":"https:\/\/api.w.org\/{rel}","templated":true}]}}