{"id":60195,"date":"2026-07-11T16:09:29","date_gmt":"2026-07-11T19:09:29","guid":{"rendered":"https:\/\/blogdoprosperi.com\/?p=60195"},"modified":"2026-07-14T12:01:07","modified_gmt":"2026-07-14T15:01:07","slug":"inventario-da-derrota-da-selecao-parte-1-do-caos-aos-vacilos-de-ancelotti-na-copa-2026","status":"publish","type":"post","link":"https:\/\/blogdoprosperi.com\/?p=60195","title":{"rendered":"Invent\u00e1rio da derrota da Sele\u00e7\u00e3o (epis\u00f3dio 1): Do caos aos vacilos de Ancelotti na Copa 2026"},"content":{"rendered":"<p><em>Luiz Ant\u00f4nio Pr\u00f3speri \u2013 11 julho 2026 (15h25)\u00a0<\/em><\/p>\n<p><em>Invent\u00e1rio da elimina\u00e7\u00e3o do Brasil na Copa do Mundo 2026 come\u00e7a em dezembro de 2022 quando Tite se despede da Sele\u00e7\u00e3o Brasileira ap\u00f3s cair nas quartas de final da Copa no Qatar. Da queda em Doha at\u00e9 dezembro de 2023, a CBF trabalhava com tr\u00eas nomes para a vaga deixada por Tite. E seria um t\u00e9cnico estrangeiro: Carlo Ancelotti, Jorge Jesus e Abel Ferreira. Dos tr\u00eas, Ancelotti \u00e9 o escolhido. Ednaldo Rodrigues, ent\u00e3o presidente da CBF, fecha um pr\u00e9-contrato com Ancelotti assinado e registrado em Bologna, regi\u00e3o Emilia-Romanha ao Norte da It\u00e1lia, em dezembro de 2023. Seria o in\u00edcio do projeto Ancelotti rumo ao Hexa na Copa de 2026. O italiano teria quase dois anos a remontar a Sele\u00e7\u00e3o Brasileira. Processo n\u00e3o anda por causa da bagun\u00e7a e de interesses pelo poder do futebol brasileiro. Ancelotti s\u00f3 assume a Sele\u00e7\u00e3o em maio de 2025, com dois anos de atraso. Esse precioso tempo perdido cobra a conta e contribui para a fracassada campanha do Brasil na Copa 2026. \u00c9 a primeira parte do invent\u00e1rio da derrota em New Jersey, dia 5 de julho:<\/em><\/p>\n<p>Acompanhe aqui a linha do tempo desde a corrida por Ancelotti at\u00e9 o in\u00edcio do trabalho do italiano na Sele\u00e7\u00e3o Brasileira em maio de 2025:<\/p>\n<p><strong><em>De mar\u00e7o a dezembro de 2023<\/em><\/strong><\/p>\n<p>CBF escolhe Ancelotti como prioridade na sucess\u00e3o de Tite. Ednaldo Rodrigues era o presidente da CBF, eleito em mar\u00e7o de 2022 em um pleito marcado por manobras jur\u00eddicas. Por consenso dentro da entidade e sem indica\u00e7\u00e3o externa de algum figur\u00e3o do futebol brasileiro, se chega ao nome de Ancelotti. O italiano estava no Real Madrid sob contrato v\u00e1lido at\u00e9 junho de 2024. A proposta da CBF: assinar um pr\u00e9-contrato registrado em dezembro de 2023 com Ancelotti se apresentando \u00e0 Sele\u00e7\u00e3o em junho de 2024, a dois anos da Copa de 2026.<\/p>\n<p>Enquanto isso, a Sele\u00e7\u00e3o seria comandada por um t<strong>reinador brasileiro interino.<\/strong><\/p>\n<p><strong>Em janeiro de 2023,<\/strong> o presidente Ednaldo Rodrigues entrega a Sele\u00e7\u00e3o a <strong>Ramon Menezes,<\/strong> t\u00e9cnico de trabalho ruim na Sele\u00e7\u00e3o Sub-20. Seria o interino at\u00e9 a chegada de Ancelotti.<\/p>\n<p>Ramon, evidente, fracassa. CBF passa o comando da Sele\u00e7\u00e3o a<strong> Fernando Diniz<\/strong> <strong>em julho de 2023.<\/strong> Diniz deveria seguir interino \u00e0 espera de Ancelotti at\u00e9 junho de 2024 e seria integrado \u00e0 comiss\u00e3o t\u00e9cnica do italiano.<\/p>\n<p><strong>No inicio de dezembro de 2023<\/strong>, Ancelotti, enfim, assina pr\u00e9-contrato com a CBF. Contrato assinado e registrado na cidade de Bologna, onde Ancelotti tem sua base jur\u00eddica e gest\u00e3o de carreira. N\u00e3o por acaso, em 10 de outubro de 2023, o <strong>reitor da Universidade de Parma<\/strong> afirma, em cerim\u00f4nia em homenagem a Ancelotti, que o <strong>treinador assumiria a maior sele\u00e7\u00e3o de futebol do mundo, o Brasil, em 2024.<\/strong><\/p>\n<figure id=\"attachment_50063\" aria-describedby=\"caption-attachment-50063\" style=\"width: 650px\" class=\"wp-caption alignnone\"><img data-recalc-dims=\"1\" loading=\"lazy\" decoding=\"async\" data-attachment-id=\"50063\" data-permalink=\"https:\/\/blogdoprosperi.com\/?attachment_id=50063\" data-orig-file=\"https:\/\/i0.wp.com\/blogdoprosperi.com\/wp-content\/uploads\/2025\/05\/ancelotti-e-muito-querido-pelos-atletas-brasileiros-com-quem-trabalha-atualmente-no-real-madrid_3_57142-1.webp?fit=650%2C400&amp;ssl=1\" data-orig-size=\"650,400\" data-comments-opened=\"1\" data-image-meta=\"{&quot;aperture&quot;:&quot;0&quot;,&quot;credit&quot;:&quot;&quot;,&quot;camera&quot;:&quot;&quot;,&quot;caption&quot;:&quot;&quot;,&quot;created_timestamp&quot;:&quot;0&quot;,&quot;copyright&quot;:&quot;&quot;,&quot;focal_length&quot;:&quot;0&quot;,&quot;iso&quot;:&quot;0&quot;,&quot;shutter_speed&quot;:&quot;0&quot;,&quot;title&quot;:&quot;&quot;,&quot;orientation&quot;:&quot;0&quot;}\" data-image-title=\"Ancelotti e os brasileiros no Real Madrid\" data-image-description=\"\" data-image-caption=\"&lt;p&gt;Ancelotti celebra t\u00edtulo do Real Madrid com jogadores da Sele\u00e7\u00e3o Brasileira \u2013 foto: reprodu\u00e7\u00e3o Instagram&lt;\/p&gt;\n\" data-large-file=\"https:\/\/i0.wp.com\/blogdoprosperi.com\/wp-content\/uploads\/2025\/05\/ancelotti-e-muito-querido-pelos-atletas-brasileiros-com-quem-trabalha-atualmente-no-real-madrid_3_57142-1.webp?fit=650%2C400&amp;ssl=1\" class=\"size-full wp-image-50063\" src=\"https:\/\/i0.wp.com\/blogdoprosperi.com\/wp-content\/uploads\/2025\/05\/ancelotti-e-muito-querido-pelos-atletas-brasileiros-com-quem-trabalha-atualmente-no-real-madrid_3_57142-1.webp?resize=650%2C400&#038;ssl=1\" alt=\"Ancelotti \u00e9 o novo t\u00e9cnico da Sele\u00e7\u00e3o Brasileira\" width=\"650\" height=\"400\" \/><figcaption id=\"caption-attachment-50063\" class=\"wp-caption-text\">Ancelotti celebra t\u00edtulo do Real Madrid com jogadores da Sele\u00e7\u00e3o \u2013 foto: Instagram<\/figcaption><\/figure>\n<p>At\u00e9 se chegar \u00e0 assinatura do pr\u00e9-contrato, <strong>agentes do estafe e todo pessoal que trabalha para Vini Jr tem papel fundamental para convencer Ancelotti<\/strong> a assumir a Sele\u00e7\u00e3o. Jogadores de longa conviv\u00eancia com o treinador italiano, <strong>caso de Casemiro, tamb\u00e9m ajudam a estreitar rela\u00e7\u00f5es de Ancelotti com a CBF.<\/strong> Sem esses jogadores, a vinda de Ancelotti seria invi\u00e1vel.<\/p>\n<p>Pr\u00e9-contrato assinado entre Ednaldo Rodrigues e Ancelotti <strong>conferia poderes jur\u00eddicos \u00e0 CBF<\/strong> se o italiano rompesse o acordo.<\/p>\n<figure id=\"attachment_49593\" aria-describedby=\"caption-attachment-49593\" style=\"width: 574px\" class=\"wp-caption alignnone\"><img data-recalc-dims=\"1\" loading=\"lazy\" decoding=\"async\" data-attachment-id=\"49593\" data-permalink=\"https:\/\/blogdoprosperi.com\/?attachment_id=49593\" data-orig-file=\"https:\/\/i0.wp.com\/blogdoprosperi.com\/wp-content\/uploads\/2025\/04\/ednaldo-cbf-scaled-aspect-ratio-512-320.webp?fit=950%2C594&amp;ssl=1\" data-orig-size=\"950,594\" data-comments-opened=\"1\" data-image-meta=\"{&quot;aperture&quot;:&quot;0&quot;,&quot;credit&quot;:&quot;&quot;,&quot;camera&quot;:&quot;&quot;,&quot;caption&quot;:&quot;&quot;,&quot;created_timestamp&quot;:&quot;0&quot;,&quot;copyright&quot;:&quot;&quot;,&quot;focal_length&quot;:&quot;0&quot;,&quot;iso&quot;:&quot;0&quot;,&quot;shutter_speed&quot;:&quot;0&quot;,&quot;title&quot;:&quot;&quot;,&quot;orientation&quot;:&quot;0&quot;}\" data-image-title=\"Ednaldo Rodrigues, Presidente da CBF\" data-image-description=\"\" data-image-caption=\"&lt;p&gt;Ednaldo Rodrigues, presidente da CBF \u2013 foto: CBF oficial&lt;\/p&gt;\n\" data-large-file=\"https:\/\/i0.wp.com\/blogdoprosperi.com\/wp-content\/uploads\/2025\/04\/ednaldo-cbf-scaled-aspect-ratio-512-320.webp?fit=940%2C588&amp;ssl=1\" class=\"wp-image-49593\" src=\"https:\/\/i0.wp.com\/blogdoprosperi.com\/wp-content\/uploads\/2025\/04\/ednaldo-cbf-scaled-aspect-ratio-512-320.webp?resize=574%2C359&#038;ssl=1\" alt=\"\" width=\"574\" height=\"359\" \/><figcaption id=\"caption-attachment-49593\" class=\"wp-caption-text\">Ednaldo Rodrigues, presidente da CBF \u2013 foto: CBF oficial<\/figcaption><\/figure>\n<p>Mas quem se encrenca \u00e9 Ednaldo, afastado da presid\u00eancia da CBF por manobras no poder Judici\u00e1rio do Rio de Janeiro. <strong>Dia 7 de dezembro de 2023<\/strong>, Ednaldo deixa a CBF.<\/p>\n<p>Diante do caos na CBF, com Ednaldo afastado do cargo, Ancelotti recua e desiste da Sele\u00e7\u00e3o Brasileira. <strong>No dia 29 de dezembro de 2023 anuncia a<\/strong> <strong>renova\u00e7\u00e3o de seu contrato com o Real Madrid at\u00e9 30 de junho de 2026.<\/strong><\/p>\n<p>Enquanto isso, a Sele\u00e7\u00e3o colecionava resultados ruins nas <strong>Eliminat\u00f3rias da Copa 2026 e amistosos sob o comando de Fernando Diniz.<\/strong><\/p>\n<p><strong><em>De janeiro a dezembro de 2024<\/em><\/strong><\/p>\n<p>Por manobra do ministro Gilmar Mendes do Supremo Tribunal Federal (STF), <strong>Ednaldo Rodriguez \u00e9 reconduzido \u00e0 presid\u00eancia da CBF no in\u00edcio de janeiro de 2024.<\/strong><\/p>\n<p>Come\u00e7a a\u00ed uma disputa entre o Judici\u00e1rio em Bras\u00edlia e o Judici\u00e1rio do Rio de Janeiro pelo poder da CBF. De um lado, Gilmar Mendes e sua fam\u00edlia. Do outro lado, a fam\u00edlia Zveiter de liga\u00e7\u00f5es umbilicais com a CBF e Justi\u00e7a Desportiva no Rio. Essa disputa levaria \u00e0 queda definitiva de Ednaldo no fim dessa hist\u00f3ria.<\/p>\n<p>Mas antes da queda, Ednaldo retoma as negocia\u00e7\u00f5es com Ancelotti. Sempre com ajuda do estafe de Vini Jr e jogadores de \u00f3timas rela\u00e7\u00f5es com o treinador italiano.<\/p>\n<p>As negocia\u00e7\u00f5es se arrastam. <strong>Coincidem com momento ruim do Real Madrid na temporada 2024\/2025.<\/strong><\/p>\n<p>O problema \u00e9 que a Sele\u00e7\u00e3o vinha de um ano ruim em 2023. E da cabe\u00e7a de Ednaldo surge o nome de <strong>Dorival Junior<\/strong> enquanto Ancelotti n\u00e3o se decidia pelo Brasil.<\/p>\n<p><strong>No fim de janeiro de 2024<\/strong>, presidente Ednaldo troca Fernando Diniz por Dorival Junior no comando da Sele\u00e7\u00e3o.<\/p>\n<figure id=\"attachment_57469\" aria-describedby=\"caption-attachment-57469\" style=\"width: 535px\" class=\"wp-caption alignnone\"><img data-recalc-dims=\"1\" loading=\"lazy\" decoding=\"async\" data-attachment-id=\"57469\" data-permalink=\"https:\/\/blogdoprosperi.com\/?attachment_id=57469\" data-orig-file=\"https:\/\/i0.wp.com\/blogdoprosperi.com\/wp-content\/uploads\/2026\/04\/dorival-junior-selecao-brasileira-e1720111872322.webp?fit=1200%2C900&amp;ssl=1\" data-orig-size=\"1200,900\" data-comments-opened=\"1\" data-image-meta=\"{&quot;aperture&quot;:&quot;0&quot;,&quot;credit&quot;:&quot;&quot;,&quot;camera&quot;:&quot;&quot;,&quot;caption&quot;:&quot;&quot;,&quot;created_timestamp&quot;:&quot;0&quot;,&quot;copyright&quot;:&quot;&quot;,&quot;focal_length&quot;:&quot;0&quot;,&quot;iso&quot;:&quot;0&quot;,&quot;shutter_speed&quot;:&quot;0&quot;,&quot;title&quot;:&quot;&quot;,&quot;orientation&quot;:&quot;0&quot;,&quot;alt&quot;:&quot;&quot;}\" data-image-title=\"dorival-junior-selecao-brasileira-e1720111872322\" data-image-description=\"\" data-image-caption=\"&lt;p&gt;Dorival Junior. &amp;#8211;  foto: CBF&lt;\/p&gt;\n\" data-large-file=\"https:\/\/i0.wp.com\/blogdoprosperi.com\/wp-content\/uploads\/2026\/04\/dorival-junior-selecao-brasileira-e1720111872322.webp?fit=940%2C705&amp;ssl=1\" class=\"wp-image-57469\" src=\"https:\/\/i0.wp.com\/blogdoprosperi.com\/wp-content\/uploads\/2026\/04\/dorival-junior-selecao-brasileira-e1720111872322.webp?resize=535%2C401&#038;ssl=1\" alt=\"\" width=\"535\" height=\"401\" \/><figcaption id=\"caption-attachment-57469\" class=\"wp-caption-text\">Dorival Junior. &#8211; foto: CBF<\/figcaption><\/figure>\n<p><strong>Dorival fracassa<\/strong> na Copa Am\u00e9rica nos Estados Unidos <strong>em julho de 2024.<\/strong><\/p>\n<p>Esquenta a disputa pelo poder na CBF. <strong>Turma de Bras\u00edlia,<\/strong> a que se denominou o grupo de <strong>Gilmar Mendes<\/strong> e seu filho Francisco Mendes, contra a <strong>Turma do Rio,<\/strong> composta pela fam\u00edlia <strong>Zveiter<\/strong> e <strong>cartolas antigos<\/strong> de gest\u00f5es passadas da CBF.<\/p>\n<p>Diante do <strong>fiasco de Dorival Junior<\/strong> na Sele\u00e7\u00e3o Brasileira, Ednaldo aperta o passo a convencer Carlo Ancelotti a rescindir contrato com Real Madrid e assinar com a CBF.<\/p>\n<p><strong><em>De mar\u00e7o de 2025 a julho de 2025<\/em><\/strong><\/p>\n<p><strong>No dia 12 de maio de 2025,<\/strong> enfim, Ancelotti assina com a CBF contrato v\u00e1lido at\u00e9 julho de 2026.<\/p>\n<p>Ednaldo anuncia:<\/p>\n<blockquote><p><em>&#8220;A sele\u00e7\u00e3o brasileira, mais vencedora da hist\u00f3ria do futebol mundial, ser\u00e1 comandada pelo maior treinador do mundo: o italiano Carlo Ancelotti. O treinador cumprir\u00e1 seu compromisso com o Real Madrid at\u00e9 o final da temporada de LaLiga&#8221;.<\/em><\/p><\/blockquote>\n<p><strong>Ancelotti assina com a CBF dia 12 de maio de 2025.<\/strong> Tr\u00eas dias depois, <strong>em 15 de maio, Ednaldo Rodrigues,<\/strong> atolado at\u00e9 o pesco\u00e7o com den\u00fancias de m\u00e1 gest\u00e3o e acordos jur\u00eddicos complicados, <strong>\u00e9 afastado da CBF<\/strong> por decis\u00e3o do Judici\u00e1rio do Rio de Janeiro.<\/p>\n<p>Turma de Bras\u00edlia e Turma do Rio selam acordo provis\u00f3rio e<strong> Samir Xaud \u00e9 eleito novo presidente da CBF com mandato at\u00e9 abril de 2029<\/strong>.<\/p>\n<figure id=\"attachment_50663\" aria-describedby=\"caption-attachment-50663\" style=\"width: 635px\" class=\"wp-caption alignnone\"><img data-recalc-dims=\"1\" loading=\"lazy\" decoding=\"async\" data-attachment-id=\"50663\" data-permalink=\"https:\/\/blogdoprosperi.com\/?attachment_id=50663\" data-orig-file=\"https:\/\/i0.wp.com\/blogdoprosperi.com\/wp-content\/uploads\/2025\/06\/54565759648_719a26d3e3_c.jpg?fit=799%2C530&amp;ssl=1\" data-orig-size=\"799,530\" data-comments-opened=\"1\" data-image-meta=\"{&quot;aperture&quot;:&quot;0&quot;,&quot;credit&quot;:&quot;&quot;,&quot;camera&quot;:&quot;&quot;,&quot;caption&quot;:&quot;&quot;,&quot;created_timestamp&quot;:&quot;0&quot;,&quot;copyright&quot;:&quot;&quot;,&quot;focal_length&quot;:&quot;0&quot;,&quot;iso&quot;:&quot;0&quot;,&quot;shutter_speed&quot;:&quot;0&quot;,&quot;title&quot;:&quot;&quot;,&quot;orientation&quot;:&quot;0&quot;}\" data-image-title=\"54565759648_719a26d3e3_c\" data-image-description=\"\" data-image-caption=\"&lt;p&gt;Samir Xaud&lt;\/p&gt;\n\" data-large-file=\"https:\/\/i0.wp.com\/blogdoprosperi.com\/wp-content\/uploads\/2025\/06\/54565759648_719a26d3e3_c.jpg?fit=799%2C530&amp;ssl=1\" class=\"wp-image-50663\" src=\"https:\/\/i0.wp.com\/blogdoprosperi.com\/wp-content\/uploads\/2025\/06\/54565759648_719a26d3e3_c.jpg?resize=635%2C421&#038;ssl=1\" alt=\"\" width=\"635\" height=\"421\" \/><figcaption id=\"caption-attachment-50663\" class=\"wp-caption-text\">Samir Xaud no treino da Sele\u00e7\u00e3o \u2013 foto: CBF oficial<\/figcaption><\/figure>\n<p><strong><em>De junho de 2025 a julho de 2026<\/em><\/strong><\/p>\n<p>Carlo Ancelotti assume a Sele\u00e7\u00e3o e os primeiros compromissos s\u00e3o os jogos das Eliminat\u00f3rias contra Equador e Paraguai que definiriam a classifica\u00e7\u00e3o do Brasil na Copa de 2026.<\/p>\n<p>Sem conhecer a estrutura do futebol brasileiro, sua cultura, casta de poderes e o dia a dia do <strong>povo que tem na Sele\u00e7\u00e3o Brasileira verdadeira devo\u00e7\u00e3o nas Copas do Mundo<\/strong>, o italiano Ancelotti come\u00e7a a perceber que o trabalho seria \u00e1rduo.<\/p>\n<p>E um de seus primeiros atos \u00e9 subir ao Cristo Redentor, cart\u00e3o postal mais procurado do Rio de Janeiro, e l\u00e1 no alto receber a ben\u00e7\u00e3o de um padre da igreja cat\u00f3lica.<\/p>\n<figure id=\"attachment_60560\" aria-describedby=\"caption-attachment-60560\" style=\"width: 564px\" class=\"wp-caption alignnone\"><img data-recalc-dims=\"1\" loading=\"lazy\" decoding=\"async\" data-attachment-id=\"60560\" data-permalink=\"https:\/\/blogdoprosperi.com\/?attachment_id=60560\" data-orig-file=\"https:\/\/i0.wp.com\/blogdoprosperi.com\/wp-content\/uploads\/2026\/07\/Captura-de-Tela-2026-07-14-as-11.59.16.png?fit=1188%2C796&amp;ssl=1\" data-orig-size=\"1188,796\" data-comments-opened=\"1\" data-image-meta=\"{&quot;aperture&quot;:&quot;0&quot;,&quot;credit&quot;:&quot;&quot;,&quot;camera&quot;:&quot;&quot;,&quot;caption&quot;:&quot;&quot;,&quot;created_timestamp&quot;:&quot;0&quot;,&quot;copyright&quot;:&quot;&quot;,&quot;focal_length&quot;:&quot;0&quot;,&quot;iso&quot;:&quot;0&quot;,&quot;shutter_speed&quot;:&quot;0&quot;,&quot;title&quot;:&quot;&quot;,&quot;orientation&quot;:&quot;0&quot;,&quot;alt&quot;:&quot;&quot;}\" data-image-title=\"Captura de Tela 2026-07-14 \u00e0s 11.59.16\" data-image-description=\"\" data-image-caption=\"&lt;p&gt;Ancelotti no Cristo Redentor \u2013 foto: CBF oficial&lt;\/p&gt;\n\" data-large-file=\"https:\/\/i0.wp.com\/blogdoprosperi.com\/wp-content\/uploads\/2026\/07\/Captura-de-Tela-2026-07-14-as-11.59.16.png?fit=940%2C630&amp;ssl=1\" class=\"size-medium wp-image-60560\" src=\"https:\/\/i0.wp.com\/blogdoprosperi.com\/wp-content\/uploads\/2026\/07\/Captura-de-Tela-2026-07-14-as-11.59.16.png?resize=564%2C378&#038;ssl=1\" alt=\"\" width=\"564\" height=\"378\" srcset=\"https:\/\/i0.wp.com\/blogdoprosperi.com\/wp-content\/uploads\/2026\/07\/Captura-de-Tela-2026-07-14-as-11.59.16.png?resize=564%2C378&amp;ssl=1 564w, https:\/\/i0.wp.com\/blogdoprosperi.com\/wp-content\/uploads\/2026\/07\/Captura-de-Tela-2026-07-14-as-11.59.16.png?resize=1024%2C686&amp;ssl=1 1024w, https:\/\/i0.wp.com\/blogdoprosperi.com\/wp-content\/uploads\/2026\/07\/Captura-de-Tela-2026-07-14-as-11.59.16.png?resize=150%2C101&amp;ssl=1 150w, https:\/\/i0.wp.com\/blogdoprosperi.com\/wp-content\/uploads\/2026\/07\/Captura-de-Tela-2026-07-14-as-11.59.16.png?resize=768%2C515&amp;ssl=1 768w, https:\/\/i0.wp.com\/blogdoprosperi.com\/wp-content\/uploads\/2026\/07\/Captura-de-Tela-2026-07-14-as-11.59.16.png?resize=450%2C302&amp;ssl=1 450w, https:\/\/i0.wp.com\/blogdoprosperi.com\/wp-content\/uploads\/2026\/07\/Captura-de-Tela-2026-07-14-as-11.59.16.png?resize=895%2C600&amp;ssl=1 895w, https:\/\/i0.wp.com\/blogdoprosperi.com\/wp-content\/uploads\/2026\/07\/Captura-de-Tela-2026-07-14-as-11.59.16.png?w=1188&amp;ssl=1 1188w\" sizes=\"auto, (max-width: 564px) 100vw, 564px\" \/><figcaption id=\"caption-attachment-60560\" class=\"wp-caption-text\">Ancelotti no Cristo Redentor \u2013 foto: CBF oficial<\/figcaption><\/figure>\n<p>Tudo o que Ancelotti <strong>conhecia do nosso futebol eram os jogadores brasileiros com quem trabalhou nos clubes europeus:<\/strong> Roma, Milan, Juventus, Bayern Munique, Everton (Inglaterra), Chelsea, PSG e Real Madrid.<\/p>\n<p>Quando acompanhou o <strong>Carnaval de 2026 em Salvador e Rio<\/strong>, teve uma ideia do que era a cultura popular brasileira. O futebol era e \u00e9 parte disso.<\/p>\n<p>E a <strong>Sele\u00e7\u00e3o Brasileira n\u00e3o era um clube que estava acostumado a trabalhar<\/strong> onde tinha os melhores jogadores do mundo a sua escolha.<\/p>\n<p>A nova empreitada n\u00e3o se limitaria a seu vasto conhecimento de futebol e conquistas nos clubes. Era preciso entender de fato o que \u00e9 a Sele\u00e7\u00e3o Brasileira e sua hist\u00f3ria. <strong>E isso estava acima do futebol.<\/strong><\/p>\n<p><strong>Ancelotti n\u00e3o teve tempo de entender essa paix\u00e3o<\/strong>. Nem como as v\u00edsceras da Sele\u00e7\u00e3o s\u00e3o expostas a cada quatro anos.<\/p>\n<p>A<strong> derrota por 2 a 1 para Noruega, dia 5 de julho<\/strong> nas quartas de final da Copa 2026, escancara o despreparo e falta de tempo para Carlo Ancelotti entender todo o processo.<\/p>\n<figure id=\"attachment_60283\" aria-describedby=\"caption-attachment-60283\" style=\"width: 567px\" class=\"wp-caption alignnone\"><img data-recalc-dims=\"1\" loading=\"lazy\" decoding=\"async\" data-attachment-id=\"60283\" data-permalink=\"https:\/\/blogdoprosperi.com\/?attachment_id=60283\" data-orig-file=\"https:\/\/i0.wp.com\/blogdoprosperi.com\/wp-content\/uploads\/2026\/07\/erling-haaland-de-viking.webp?fit=600%2C400&amp;ssl=1\" data-orig-size=\"600,400\" data-comments-opened=\"1\" data-image-meta=\"{&quot;aperture&quot;:&quot;0&quot;,&quot;credit&quot;:&quot;&quot;,&quot;camera&quot;:&quot;&quot;,&quot;caption&quot;:&quot;&quot;,&quot;created_timestamp&quot;:&quot;0&quot;,&quot;copyright&quot;:&quot;&quot;,&quot;focal_length&quot;:&quot;0&quot;,&quot;iso&quot;:&quot;0&quot;,&quot;shutter_speed&quot;:&quot;0&quot;,&quot;title&quot;:&quot;&quot;,&quot;orientation&quot;:&quot;0&quot;,&quot;alt&quot;:&quot;&quot;}\" data-image-title=\"erling-haaland-de-viking\" data-image-description=\"\" data-image-caption=\"&lt;p&gt;Haaland Viking \u2013 foto: reprodu\u00e7\u00e3o redes sociais&lt;\/p&gt;\n\" data-large-file=\"https:\/\/i0.wp.com\/blogdoprosperi.com\/wp-content\/uploads\/2026\/07\/erling-haaland-de-viking.webp?fit=600%2C400&amp;ssl=1\" class=\"size-medium wp-image-60283\" src=\"https:\/\/i0.wp.com\/blogdoprosperi.com\/wp-content\/uploads\/2026\/07\/erling-haaland-de-viking.webp?resize=567%2C378&#038;ssl=1\" alt=\"\" width=\"567\" height=\"378\" srcset=\"https:\/\/i0.wp.com\/blogdoprosperi.com\/wp-content\/uploads\/2026\/07\/erling-haaland-de-viking.webp?resize=567%2C378&amp;ssl=1 567w, https:\/\/i0.wp.com\/blogdoprosperi.com\/wp-content\/uploads\/2026\/07\/erling-haaland-de-viking.webp?resize=150%2C100&amp;ssl=1 150w, https:\/\/i0.wp.com\/blogdoprosperi.com\/wp-content\/uploads\/2026\/07\/erling-haaland-de-viking.webp?resize=450%2C300&amp;ssl=1 450w, https:\/\/i0.wp.com\/blogdoprosperi.com\/wp-content\/uploads\/2026\/07\/erling-haaland-de-viking.webp?w=600&amp;ssl=1 600w\" sizes=\"auto, (max-width: 567px) 100vw, 567px\" \/><figcaption id=\"caption-attachment-60283\" class=\"wp-caption-text\">Haaland Viking \u2013 foto: reprodu\u00e7\u00e3o redes sociais<\/figcaption><\/figure>\n<hr \/>\n<p><em>a seguir: <strong>Invent\u00e1rio da Derrota (epis\u00f3dio 2)<\/strong> mostra as escolhas erradas de Ancelotti na convoca\u00e7\u00e3o dos jogadores, o fator Neymar e a entrega do treinador aos caprichos nababescos da CBF antes e durante a Copa 2026.\u00a0<\/em><\/p>\n","protected":false},"excerpt":{"rendered":"<p>Luiz Ant\u00f4nio Pr\u00f3speri \u2013 11 julho 2026 (15h25)\u00a0 Invent\u00e1rio da elimina\u00e7\u00e3o do Brasil na Copa do Mundo 2026 [&hellip;]<\/p>\n","protected":false},"author":102107496,"featured_media":59670,"comment_status":"open","ping_status":"open","sticky":false,"template":"","format":"standard","meta":{"_coblocks_attr":"","_coblocks_dimensions":"","_coblocks_responsive_height":"","_coblocks_accordion_ie_support":"","_jetpack_newsletter_access":"","_jetpack_dont_email_post_to_subs":false,"_jetpack_newsletter_tier_id":0,"_jetpack_memberships_contains_paywalled_content":false,"_wpcom_ai_launchpad_first_post":false,"_jetpack_feature_clip_id":0,"_jetpack_memberships_contains_paid_content":false,"footnotes":"","jetpack_publicize_message":"","jetpack_publicize_feature_enabled":true,"jetpack_social_post_already_shared":true,"jetpack_social_options":{"image_generator_settings":{"template":"highway","default_image_id":0,"font":"","enabled":false},"version":2},"jetpack_post_was_ever_published":false},"categories":[53870],"tags":[56500388,789560569,569949222,789560682,789560683,789560684,10149860],"class_list":["post-60195","post","type-post","status-publish","format-standard","has-post-thumbnail","hentry","category-futebol","tag-carloancelotti","tag-cbf","tag-copa2026","tag-ednaldorodrigues","tag-gilmarmendes","tag-samirxuad","tag-selecaobrasileira"],"yoast_head":"<!-- This site is optimized with the Yoast SEO plugin v28.3 - https:\/\/yoast.com\/product\/yoast-seo-wordpress\/ -->\n<title>Invent\u00e1rio da derrota da Sele\u00e7\u00e3o (epis\u00f3dio 1): Do caos aos vacilos de Ancelotti na Copa 2026 - PR\u00d3SPERI NEWS<\/title>\n<meta name=\"robots\" content=\"index, follow, max-snippet:-1, max-image-preview:large, max-video-preview:-1\" \/>\n<link rel=\"canonical\" href=\"https:\/\/blogdoprosperi.com\/?p=60195\" \/>\n<meta property=\"og:locale\" content=\"pt_BR\" \/>\n<meta property=\"og:type\" content=\"article\" \/>\n<meta property=\"og:title\" content=\"Invent\u00e1rio da derrota da Sele\u00e7\u00e3o (epis\u00f3dio 1): Do caos aos vacilos de Ancelotti na Copa 2026 - PR\u00d3SPERI NEWS\" \/>\n<meta property=\"og:description\" content=\"Luiz Ant\u00f4nio Pr\u00f3speri \u2013 11 julho 2026 (15h25)\u00a0 Invent\u00e1rio da elimina\u00e7\u00e3o do Brasil na Copa do Mundo 2026 [&hellip;]\" \/>\n<meta property=\"og:url\" content=\"https:\/\/blogdoprosperi.com\/?p=60195\" \/>\n<meta property=\"og:site_name\" content=\"PR\u00d3SPERI NEWS\" \/>\n<meta property=\"article:publisher\" content=\"Luiz Pr\u00f3speri\" \/>\n<meta property=\"article:author\" content=\"Luiz Pr\u00f3speri\" \/>\n<meta property=\"article:published_time\" content=\"2026-07-11T19:09:29+00:00\" \/>\n<meta property=\"article:modified_time\" content=\"2026-07-14T15:01:07+00:00\" \/>\n<meta property=\"og:image\" content=\"https:\/\/i0.wp.com\/blogdoprosperi.com\/wp-content\/uploads\/2026\/06\/Captura-de-Tela-2026-06-22-as-18.42.01.png?fit=1182%2C926&ssl=1\" \/>\n\t<meta property=\"og:image:width\" content=\"1182\" \/>\n\t<meta property=\"og:image:height\" content=\"926\" \/>\n\t<meta property=\"og:image:type\" content=\"image\/png\" \/>\n<meta name=\"author\" content=\"Luiz Ant\u00f4nio Pr\u00f3speri\" \/>\n<meta name=\"twitter:card\" content=\"summary_large_image\" \/>\n<meta name=\"twitter:creator\" content=\"@Luizprosperi\" \/>\n<meta name=\"twitter:site\" content=\"@Luizprosperi\" \/>\n<meta name=\"twitter:label1\" content=\"Escrito por\" \/>\n\t<meta name=\"twitter:data1\" content=\"Luiz Ant\u00f4nio Pr\u00f3speri\" \/>\n\t<meta name=\"twitter:label2\" content=\"Est. tempo de leitura\" \/>\n\t<meta name=\"twitter:data2\" content=\"7 minutos\" \/>\n<script type=\"application\/ld+json\" class=\"yoast-schema-graph\">{\"@context\":\"https:\\\/\\\/schema.org\",\"@graph\":[{\"@type\":\"Article\",\"@id\":\"https:\\\/\\\/blogdoprosperi.com\\\/?p=60195#article\",\"isPartOf\":{\"@id\":\"https:\\\/\\\/blogdoprosperi.com\\\/?p=60195\"},\"author\":{\"name\":\"Luiz Ant\u00f4nio Pr\u00f3speri\",\"@id\":\"https:\\\/\\\/blogdoprosperi.com\\\/#\\\/schema\\\/person\\\/38100755ce3601861ee4fab9b5aa78e9\"},\"headline\":\"Invent\u00e1rio da derrota da Sele\u00e7\u00e3o (epis\u00f3dio 1): Do caos aos vacilos de Ancelotti na Copa 2026\",\"datePublished\":\"2026-07-11T19:09:29+00:00\",\"dateModified\":\"2026-07-14T15:01:07+00:00\",\"mainEntityOfPage\":{\"@id\":\"https:\\\/\\\/blogdoprosperi.com\\\/?p=60195\"},\"wordCount\":1484,\"commentCount\":0,\"publisher\":{\"@id\":\"https:\\\/\\\/blogdoprosperi.com\\\/#\\\/schema\\\/person\\\/38100755ce3601861ee4fab9b5aa78e9\"},\"image\":{\"@id\":\"https:\\\/\\\/blogdoprosperi.com\\\/?p=60195#primaryimage\"},\"thumbnailUrl\":\"https:\\\/\\\/i0.wp.com\\\/blogdoprosperi.com\\\/wp-content\\\/uploads\\\/2026\\\/06\\\/Captura-de-Tela-2026-06-22-as-18.42.01.png?fit=1182%2C926&ssl=1\",\"keywords\":[\"CarloAncelotti\",\"CBF\",\"Copa2026\",\"ednaldorodrigues\",\"gilmarmendes\",\"samirxuad\",\"Sele\u00e7\u00e3oBrasileira\"],\"articleSection\":[\"futebol\"],\"inLanguage\":\"pt-BR\",\"potentialAction\":[{\"@type\":\"CommentAction\",\"name\":\"Comment\",\"target\":[\"https:\\\/\\\/blogdoprosperi.com\\\/?p=60195#respond\"]}]},{\"@type\":\"WebPage\",\"@id\":\"https:\\\/\\\/blogdoprosperi.com\\\/?p=60195\",\"url\":\"https:\\\/\\\/blogdoprosperi.com\\\/?p=60195\",\"name\":\"Invent\u00e1rio da derrota da Sele\u00e7\u00e3o (epis\u00f3dio 1): Do caos aos vacilos de Ancelotti na Copa 2026 - PR\u00d3SPERI NEWS\",\"isPartOf\":{\"@id\":\"https:\\\/\\\/blogdoprosperi.com\\\/#website\"},\"primaryImageOfPage\":{\"@id\":\"https:\\\/\\\/blogdoprosperi.com\\\/?p=60195#primaryimage\"},\"image\":{\"@id\":\"https:\\\/\\\/blogdoprosperi.com\\\/?p=60195#primaryimage\"},\"thumbnailUrl\":\"https:\\\/\\\/i0.wp.com\\\/blogdoprosperi.com\\\/wp-content\\\/uploads\\\/2026\\\/06\\\/Captura-de-Tela-2026-06-22-as-18.42.01.png?fit=1182%2C926&ssl=1\",\"datePublished\":\"2026-07-11T19:09:29+00:00\",\"dateModified\":\"2026-07-14T15:01:07+00:00\",\"breadcrumb\":{\"@id\":\"https:\\\/\\\/blogdoprosperi.com\\\/?p=60195#breadcrumb\"},\"inLanguage\":\"pt-BR\",\"potentialAction\":[{\"@type\":\"ReadAction\",\"target\":[\"https:\\\/\\\/blogdoprosperi.com\\\/?p=60195\"]}]},{\"@type\":\"ImageObject\",\"inLanguage\":\"pt-BR\",\"@id\":\"https:\\\/\\\/blogdoprosperi.com\\\/?p=60195#primaryimage\",\"url\":\"https:\\\/\\\/i0.wp.com\\\/blogdoprosperi.com\\\/wp-content\\\/uploads\\\/2026\\\/06\\\/Captura-de-Tela-2026-06-22-as-18.42.01.png?fit=1182%2C926&ssl=1\",\"contentUrl\":\"https:\\\/\\\/i0.wp.com\\\/blogdoprosperi.com\\\/wp-content\\\/uploads\\\/2026\\\/06\\\/Captura-de-Tela-2026-06-22-as-18.42.01.png?fit=1182%2C926&ssl=1\",\"width\":1182,\"height\":926},{\"@type\":\"BreadcrumbList\",\"@id\":\"https:\\\/\\\/blogdoprosperi.com\\\/?p=60195#breadcrumb\",\"itemListElement\":[{\"@type\":\"ListItem\",\"position\":1,\"name\":\"In\u00edcio\",\"item\":\"https:\\\/\\\/blogdoprosperi.com\\\/\"},{\"@type\":\"ListItem\",\"position\":2,\"name\":\"Invent\u00e1rio da derrota da Sele\u00e7\u00e3o (epis\u00f3dio 1): Do caos aos vacilos de Ancelotti na Copa 2026\"}]},{\"@type\":\"WebSite\",\"@id\":\"https:\\\/\\\/blogdoprosperi.com\\\/#website\",\"url\":\"https:\\\/\\\/blogdoprosperi.com\\\/\",\"name\":\"PR\u00d3SPERI NEWS\",\"description\":\"TUDO \u00c9  FUTEBOL\",\"publisher\":{\"@id\":\"https:\\\/\\\/blogdoprosperi.com\\\/#\\\/schema\\\/person\\\/38100755ce3601861ee4fab9b5aa78e9\"},\"alternateName\":\"blogdoprosperi.com\",\"potentialAction\":[{\"@type\":\"SearchAction\",\"target\":{\"@type\":\"EntryPoint\",\"urlTemplate\":\"https:\\\/\\\/blogdoprosperi.com\\\/?s={search_term_string}\"},\"query-input\":{\"@type\":\"PropertyValueSpecification\",\"valueRequired\":true,\"valueName\":\"search_term_string\"}}],\"inLanguage\":\"pt-BR\"},{\"@type\":[\"Person\",\"Organization\"],\"@id\":\"https:\\\/\\\/blogdoprosperi.com\\\/#\\\/schema\\\/person\\\/38100755ce3601861ee4fab9b5aa78e9\",\"name\":\"Luiz Ant\u00f4nio Pr\u00f3speri\",\"pronouns\":\"ele\",\"image\":{\"@type\":\"ImageObject\",\"inLanguage\":\"pt-BR\",\"@id\":\"https:\\\/\\\/i0.wp.com\\\/blogdoprosperi.com\\\/wp-content\\\/uploads\\\/2026\\\/05\\\/cropped-8059e613-6002-42fa-961e-8e275f575d71-2-5.jpg?fit=1360%2C931&ssl=1\",\"url\":\"https:\\\/\\\/i0.wp.com\\\/blogdoprosperi.com\\\/wp-content\\\/uploads\\\/2026\\\/05\\\/cropped-8059e613-6002-42fa-961e-8e275f575d71-2-5.jpg?fit=1360%2C931&ssl=1\",\"contentUrl\":\"https:\\\/\\\/i0.wp.com\\\/blogdoprosperi.com\\\/wp-content\\\/uploads\\\/2026\\\/05\\\/cropped-8059e613-6002-42fa-961e-8e275f575d71-2-5.jpg?fit=1360%2C931&ssl=1\",\"width\":1360,\"height\":931,\"caption\":\"Luiz Ant\u00f4nio Pr\u00f3speri\"},\"logo\":{\"@id\":\"https:\\\/\\\/i0.wp.com\\\/blogdoprosperi.com\\\/wp-content\\\/uploads\\\/2026\\\/05\\\/cropped-8059e613-6002-42fa-961e-8e275f575d71-2-5.jpg?fit=1360%2C931&ssl=1\"},\"description\":\"Jornalista com carreira dedicada ao esporte. Cobriu 9 Copas do Mundo in loco, 1990 na It\u00e1lia, 1994 nos EUA, 1998 na Fran\u00e7a, 2002 na Coreia do Sul e Jap\u00e3o, 2006 na Alemanha, 2010 na \u00c1frica do Sul, 2014 no Brasil, 2018 na R\u00fassia e 2022 no Qatar. Eurocopas, 1992 na Su\u00e9cia e 1996 na Inglaterra. Copa das Confedera\u00e7\u00f5es de 2005 na Alemanha e 2009 na \u00c1frica do Sul. Rep\u00f3rter e Editor, trabalhou no Jornal da Tarde e Estad\u00e3o, de 1984 a fevereiro de 2016. Colunista, blogueiro. E comentarista de futebol na R\u00e1dio Estad\u00e3o, de 2013 a fevereiro de 2016. Jornalista respons\u00e1vel do \\\"Pr\u00f3speri News\\\" (blogdoprosperi.com).\",\"sameAs\":[\"http:\\\/\\\/blogdoprosperi.com\",\"Luiz Pr\u00f3speri\",\"@luiz_prosperi\",\"https:\\\/\\\/x.com\\\/Luizprosperi\",\"@prosperinacopa\",\"luiz.prosperi@icloud.com\"],\"url\":\"https:\\\/\\\/blogdoprosperi.com\\\/?author=102107496\"}]}<\/script>\n<!-- \/ Yoast SEO plugin. -->","yoast_head_json":{"title":"Invent\u00e1rio da derrota da Sele\u00e7\u00e3o (epis\u00f3dio 1): Do caos aos vacilos de Ancelotti na Copa 2026 - PR\u00d3SPERI NEWS","robots":{"index":"index","follow":"follow","max-snippet":"max-snippet:-1","max-image-preview":"max-image-preview:large","max-video-preview":"max-video-preview:-1"},"canonical":"https:\/\/blogdoprosperi.com\/?p=60195","og_locale":"pt_BR","og_type":"article","og_title":"Invent\u00e1rio da derrota da Sele\u00e7\u00e3o (epis\u00f3dio 1): Do caos aos vacilos de Ancelotti na Copa 2026 - PR\u00d3SPERI NEWS","og_description":"Luiz Ant\u00f4nio Pr\u00f3speri \u2013 11 julho 2026 (15h25)\u00a0 Invent\u00e1rio da elimina\u00e7\u00e3o do Brasil na Copa do Mundo 2026 [&hellip;]","og_url":"https:\/\/blogdoprosperi.com\/?p=60195","og_site_name":"PR\u00d3SPERI NEWS","article_publisher":"Luiz Pr\u00f3speri","article_author":"Luiz Pr\u00f3speri","article_published_time":"2026-07-11T19:09:29+00:00","article_modified_time":"2026-07-14T15:01:07+00:00","og_image":[{"width":1182,"height":926,"url":"https:\/\/i0.wp.com\/blogdoprosperi.com\/wp-content\/uploads\/2026\/06\/Captura-de-Tela-2026-06-22-as-18.42.01.png?fit=1182%2C926&ssl=1","type":"image\/png"}],"author":"Luiz Ant\u00f4nio Pr\u00f3speri","twitter_card":"summary_large_image","twitter_creator":"@Luizprosperi","twitter_site":"@Luizprosperi","twitter_misc":{"Escrito por":"Luiz Ant\u00f4nio Pr\u00f3speri","Est. tempo de leitura":"7 minutos"},"schema":{"@context":"https:\/\/schema.org","@graph":[{"@type":"Article","@id":"https:\/\/blogdoprosperi.com\/?p=60195#article","isPartOf":{"@id":"https:\/\/blogdoprosperi.com\/?p=60195"},"author":{"name":"Luiz Ant\u00f4nio Pr\u00f3speri","@id":"https:\/\/blogdoprosperi.com\/#\/schema\/person\/38100755ce3601861ee4fab9b5aa78e9"},"headline":"Invent\u00e1rio da derrota da Sele\u00e7\u00e3o (epis\u00f3dio 1): Do caos aos vacilos de Ancelotti na Copa 2026","datePublished":"2026-07-11T19:09:29+00:00","dateModified":"2026-07-14T15:01:07+00:00","mainEntityOfPage":{"@id":"https:\/\/blogdoprosperi.com\/?p=60195"},"wordCount":1484,"commentCount":0,"publisher":{"@id":"https:\/\/blogdoprosperi.com\/#\/schema\/person\/38100755ce3601861ee4fab9b5aa78e9"},"image":{"@id":"https:\/\/blogdoprosperi.com\/?p=60195#primaryimage"},"thumbnailUrl":"https:\/\/i0.wp.com\/blogdoprosperi.com\/wp-content\/uploads\/2026\/06\/Captura-de-Tela-2026-06-22-as-18.42.01.png?fit=1182%2C926&ssl=1","keywords":["CarloAncelotti","CBF","Copa2026","ednaldorodrigues","gilmarmendes","samirxuad","Sele\u00e7\u00e3oBrasileira"],"articleSection":["futebol"],"inLanguage":"pt-BR","potentialAction":[{"@type":"CommentAction","name":"Comment","target":["https:\/\/blogdoprosperi.com\/?p=60195#respond"]}]},{"@type":"WebPage","@id":"https:\/\/blogdoprosperi.com\/?p=60195","url":"https:\/\/blogdoprosperi.com\/?p=60195","name":"Invent\u00e1rio da derrota da Sele\u00e7\u00e3o (epis\u00f3dio 1): Do caos aos vacilos de Ancelotti na Copa 2026 - PR\u00d3SPERI NEWS","isPartOf":{"@id":"https:\/\/blogdoprosperi.com\/#website"},"primaryImageOfPage":{"@id":"https:\/\/blogdoprosperi.com\/?p=60195#primaryimage"},"image":{"@id":"https:\/\/blogdoprosperi.com\/?p=60195#primaryimage"},"thumbnailUrl":"https:\/\/i0.wp.com\/blogdoprosperi.com\/wp-content\/uploads\/2026\/06\/Captura-de-Tela-2026-06-22-as-18.42.01.png?fit=1182%2C926&ssl=1","datePublished":"2026-07-11T19:09:29+00:00","dateModified":"2026-07-14T15:01:07+00:00","breadcrumb":{"@id":"https:\/\/blogdoprosperi.com\/?p=60195#breadcrumb"},"inLanguage":"pt-BR","potentialAction":[{"@type":"ReadAction","target":["https:\/\/blogdoprosperi.com\/?p=60195"]}]},{"@type":"ImageObject","inLanguage":"pt-BR","@id":"https:\/\/blogdoprosperi.com\/?p=60195#primaryimage","url":"https:\/\/i0.wp.com\/blogdoprosperi.com\/wp-content\/uploads\/2026\/06\/Captura-de-Tela-2026-06-22-as-18.42.01.png?fit=1182%2C926&ssl=1","contentUrl":"https:\/\/i0.wp.com\/blogdoprosperi.com\/wp-content\/uploads\/2026\/06\/Captura-de-Tela-2026-06-22-as-18.42.01.png?fit=1182%2C926&ssl=1","width":1182,"height":926},{"@type":"BreadcrumbList","@id":"https:\/\/blogdoprosperi.com\/?p=60195#breadcrumb","itemListElement":[{"@type":"ListItem","position":1,"name":"In\u00edcio","item":"https:\/\/blogdoprosperi.com\/"},{"@type":"ListItem","position":2,"name":"Invent\u00e1rio da derrota da Sele\u00e7\u00e3o (epis\u00f3dio 1): Do caos aos vacilos de Ancelotti na Copa 2026"}]},{"@type":"WebSite","@id":"https:\/\/blogdoprosperi.com\/#website","url":"https:\/\/blogdoprosperi.com\/","name":"PR\u00d3SPERI NEWS","description":"TUDO \u00c9  FUTEBOL","publisher":{"@id":"https:\/\/blogdoprosperi.com\/#\/schema\/person\/38100755ce3601861ee4fab9b5aa78e9"},"alternateName":"blogdoprosperi.com","potentialAction":[{"@type":"SearchAction","target":{"@type":"EntryPoint","urlTemplate":"https:\/\/blogdoprosperi.com\/?s={search_term_string}"},"query-input":{"@type":"PropertyValueSpecification","valueRequired":true,"valueName":"search_term_string"}}],"inLanguage":"pt-BR"},{"@type":["Person","Organization"],"@id":"https:\/\/blogdoprosperi.com\/#\/schema\/person\/38100755ce3601861ee4fab9b5aa78e9","name":"Luiz Ant\u00f4nio Pr\u00f3speri","pronouns":"ele","image":{"@type":"ImageObject","inLanguage":"pt-BR","@id":"https:\/\/i0.wp.com\/blogdoprosperi.com\/wp-content\/uploads\/2026\/05\/cropped-8059e613-6002-42fa-961e-8e275f575d71-2-5.jpg?fit=1360%2C931&ssl=1","url":"https:\/\/i0.wp.com\/blogdoprosperi.com\/wp-content\/uploads\/2026\/05\/cropped-8059e613-6002-42fa-961e-8e275f575d71-2-5.jpg?fit=1360%2C931&ssl=1","contentUrl":"https:\/\/i0.wp.com\/blogdoprosperi.com\/wp-content\/uploads\/2026\/05\/cropped-8059e613-6002-42fa-961e-8e275f575d71-2-5.jpg?fit=1360%2C931&ssl=1","width":1360,"height":931,"caption":"Luiz Ant\u00f4nio Pr\u00f3speri"},"logo":{"@id":"https:\/\/i0.wp.com\/blogdoprosperi.com\/wp-content\/uploads\/2026\/05\/cropped-8059e613-6002-42fa-961e-8e275f575d71-2-5.jpg?fit=1360%2C931&ssl=1"},"description":"Jornalista com carreira dedicada ao esporte. Cobriu 9 Copas do Mundo in loco, 1990 na It\u00e1lia, 1994 nos EUA, 1998 na Fran\u00e7a, 2002 na Coreia do Sul e Jap\u00e3o, 2006 na Alemanha, 2010 na \u00c1frica do Sul, 2014 no Brasil, 2018 na R\u00fassia e 2022 no Qatar. Eurocopas, 1992 na Su\u00e9cia e 1996 na Inglaterra. Copa das Confedera\u00e7\u00f5es de 2005 na Alemanha e 2009 na \u00c1frica do Sul. Rep\u00f3rter e Editor, trabalhou no Jornal da Tarde e Estad\u00e3o, de 1984 a fevereiro de 2016. Colunista, blogueiro. E comentarista de futebol na R\u00e1dio Estad\u00e3o, de 2013 a fevereiro de 2016. Jornalista respons\u00e1vel do \"Pr\u00f3speri News\" (blogdoprosperi.com).","sameAs":["http:\/\/blogdoprosperi.com","Luiz Pr\u00f3speri","@luiz_prosperi","https:\/\/x.com\/Luizprosperi","@prosperinacopa","luiz.prosperi@icloud.com"],"url":"https:\/\/blogdoprosperi.com\/?author=102107496"}]}},"jetpack_publicize_connections":[],"jetpack_likes_enabled":false,"jetpack_sharing_enabled":true,"jetpack_shortlink":"https:\/\/wp.me\/p7jvdk-fET","jetpack-related-posts":[{"id":41751,"url":"https:\/\/blogdoprosperi.com\/?p=41751","url_meta":{"origin":60195,"position":0},"title":"CBF espera Ancelotti at\u00e9 2024 e acalma torcida do Palmeiras","author":"Luiz Ant\u00f4nio Pr\u00f3speri","date":"14 de junho de 2023","format":false,"excerpt":"Torcida do Palmeiras pode se acalmar. CBF n\u00e3o pensa em tirar de imediato o t\u00e9cnico Abel Ferreira do clube para assumir a Sele\u00e7\u00e3o. Carlo Ancelotti ainda \u00e9 prioridade","rel":"","context":"Em &quot;catar 2022&quot;","block_context":{"text":"catar 2022","link":"https:\/\/blogdoprosperi.com\/?cat=47094043"},"img":{"alt_text":"Ancelotti: Ol\u00e1, Brasil","src":"https:\/\/i0.wp.com\/blogdoprosperi.com\/wp-content\/uploads\/2016\/06\/carlo-ancelotti.jpg?fit=1200%2C675&ssl=1&resize=350%2C200","width":350,"height":200,"srcset":"https:\/\/i0.wp.com\/blogdoprosperi.com\/wp-content\/uploads\/2016\/06\/carlo-ancelotti.jpg?fit=1200%2C675&ssl=1&resize=350%2C200 1x, https:\/\/i0.wp.com\/blogdoprosperi.com\/wp-content\/uploads\/2016\/06\/carlo-ancelotti.jpg?fit=1200%2C675&ssl=1&resize=525%2C300 1.5x, https:\/\/i0.wp.com\/blogdoprosperi.com\/wp-content\/uploads\/2016\/06\/carlo-ancelotti.jpg?fit=1200%2C675&ssl=1&resize=700%2C400 2x, https:\/\/i0.wp.com\/blogdoprosperi.com\/wp-content\/uploads\/2016\/06\/carlo-ancelotti.jpg?fit=1200%2C675&ssl=1&resize=1050%2C600 3x"},"classes":[]},{"id":43119,"url":"https:\/\/blogdoprosperi.com\/?p=43119","url_meta":{"origin":60195,"position":1},"title":"Copa Am\u00e9rica 2024: Sele\u00e7\u00e3o Brasileira parte em busca do tempo perdido","author":"Luiz Ant\u00f4nio Pr\u00f3speri","date":"24 de junho de 2024","format":false,"excerpt":"Sele\u00e7\u00e3o Brasileira estreia na Copa Am\u00e9rica 2024 contra a Costa Rica, 22h, nessa segunda-feira (24\/6), em busca do tempo perdido. \u00c9 a procura de um novo caminho desde a sa\u00edda tardia de Tite em dezembro de 2022, a espera frustrada por Carlo Ancelotti ao longo de 2023, a queda abrupta\u2026","rel":"","context":"Em &quot;CBF&quot;","block_context":{"text":"CBF","link":"https:\/\/blogdoprosperi.com\/?cat=570700"},"img":{"alt_text":"Sele\u00e7\u00e3o Brasileira em busca de tempo perdido","src":"https:\/\/i0.wp.com\/blogdoprosperi.com\/wp-content\/uploads\/2024\/06\/53809785043_5b08b5d186_c.jpg?fit=800%2C555&ssl=1&resize=350%2C200","width":350,"height":200,"srcset":"https:\/\/i0.wp.com\/blogdoprosperi.com\/wp-content\/uploads\/2024\/06\/53809785043_5b08b5d186_c.jpg?fit=800%2C555&ssl=1&resize=350%2C200 1x, https:\/\/i0.wp.com\/blogdoprosperi.com\/wp-content\/uploads\/2024\/06\/53809785043_5b08b5d186_c.jpg?fit=800%2C555&ssl=1&resize=525%2C300 1.5x, https:\/\/i0.wp.com\/blogdoprosperi.com\/wp-content\/uploads\/2024\/06\/53809785043_5b08b5d186_c.jpg?fit=800%2C555&ssl=1&resize=700%2C400 2x"},"classes":[]},{"id":60690,"url":"https:\/\/blogdoprosperi.com\/?p=60690","url_meta":{"origin":60195,"position":2},"title":"Invent\u00e1rio da Derrota (epis\u00f3dio 4): O antigo futuro da Sele\u00e7\u00e3o Brasileira","author":"Luiz Ant\u00f4nio Pr\u00f3speri","date":"16 de julho de 2026","format":false,"excerpt":"Luiz Ant\u00f4nio Pr\u00f3speri \u2013 16 julho 2026 (15h35) \u2013 S\u00e9rie Invent\u00e1rio da Derrota do Brasil na Copa do Mundo 2026 chega a seu quarto e \u00faltimo epis\u00f3dio com Ancelotti e jogadores fugindo da torcida brasileira p\u00f3s-derrota para Noruega. Conta tamb\u00e9m a falta de rumo da CBF e falhas da entidade\u2026","rel":"","context":"Em &quot;copa 2026&quot;","block_context":{"text":"copa 2026","link":"https:\/\/blogdoprosperi.com\/?cat=36820279"},"img":{"alt_text":"","src":"https:\/\/i0.wp.com\/blogdoprosperi.com\/wp-content\/uploads\/2026\/07\/0.jpg?fit=1000%2C769&ssl=1&resize=350%2C200","width":350,"height":200,"srcset":"https:\/\/i0.wp.com\/blogdoprosperi.com\/wp-content\/uploads\/2026\/07\/0.jpg?fit=1000%2C769&ssl=1&resize=350%2C200 1x, https:\/\/i0.wp.com\/blogdoprosperi.com\/wp-content\/uploads\/2026\/07\/0.jpg?fit=1000%2C769&ssl=1&resize=525%2C300 1.5x, https:\/\/i0.wp.com\/blogdoprosperi.com\/wp-content\/uploads\/2026\/07\/0.jpg?fit=1000%2C769&ssl=1&resize=700%2C400 2x"},"classes":[]},{"id":41758,"url":"https:\/\/blogdoprosperi.com\/?p=41758","url_meta":{"origin":60195,"position":3},"title":"Guru de Tite chega em 2024 e renova\u00e7\u00e3o da Sele\u00e7\u00e3o corre risco","author":"Luiz Ant\u00f4nio Pr\u00f3speri","date":"20 de junho de 2023","format":false,"excerpt":"Chegada de Carlo Ancelotti em 2024 lan\u00e7a uma quest\u00e3o fundamental: como \u00e9 que fica o processo de remontagem da Sele\u00e7\u00e3o Brasileira?","rel":"","context":"Em &quot;catar 2022&quot;","block_context":{"text":"catar 2022","link":"https:\/\/blogdoprosperi.com\/?cat=47094043"},"img":{"alt_text":"","src":"https:\/\/i0.wp.com\/blogdoprosperi.com\/wp-content\/uploads\/2023\/06\/52989781650_5ca2b0913b_c.jpg?fit=800%2C477&ssl=1&resize=350%2C200","width":350,"height":200,"srcset":"https:\/\/i0.wp.com\/blogdoprosperi.com\/wp-content\/uploads\/2023\/06\/52989781650_5ca2b0913b_c.jpg?fit=800%2C477&ssl=1&resize=350%2C200 1x, https:\/\/i0.wp.com\/blogdoprosperi.com\/wp-content\/uploads\/2023\/06\/52989781650_5ca2b0913b_c.jpg?fit=800%2C477&ssl=1&resize=525%2C300 1.5x, https:\/\/i0.wp.com\/blogdoprosperi.com\/wp-content\/uploads\/2023\/06\/52989781650_5ca2b0913b_c.jpg?fit=800%2C477&ssl=1&resize=700%2C400 2x"},"classes":[]},{"id":60200,"url":"https:\/\/blogdoprosperi.com\/?p=60200","url_meta":{"origin":60195,"position":4},"title":"Invent\u00e1rio da derrota (epis\u00f3dio 2):  Da suntuosa convoca\u00e7\u00e3o e Neymar ao mundo rico na Copa","author":"Luiz Ant\u00f4nio Pr\u00f3speri","date":"12 de julho de 2026","format":false,"excerpt":"Luiz Ant\u00f4nio Pr\u00f3speri \u2013 12 julho 2026 (16h33) Invent\u00e1rio da Derrota do Brasil na Copa do Mundo 2026 chega ao #epis\u00f3dio 2. Aqui voc\u00ea vai entender os motivos que levaram Carlo Ancelotti a aceitar a megalomania de a CBF tratar o futebol brasileiro como um gigante dormindo em ber\u00e7o espl\u00eandido.\u2026","rel":"","context":"Em &quot;copa 2026&quot;","block_context":{"text":"copa 2026","link":"https:\/\/blogdoprosperi.com\/?cat=36820279"},"img":{"alt_text":"","src":"https:\/\/i0.wp.com\/blogdoprosperi.com\/wp-content\/uploads\/2026\/07\/02JULHO26_TREINO_37.jpg?fit=1200%2C801&ssl=1&resize=350%2C200","width":350,"height":200,"srcset":"https:\/\/i0.wp.com\/blogdoprosperi.com\/wp-content\/uploads\/2026\/07\/02JULHO26_TREINO_37.jpg?fit=1200%2C801&ssl=1&resize=350%2C200 1x, https:\/\/i0.wp.com\/blogdoprosperi.com\/wp-content\/uploads\/2026\/07\/02JULHO26_TREINO_37.jpg?fit=1200%2C801&ssl=1&resize=525%2C300 1.5x, https:\/\/i0.wp.com\/blogdoprosperi.com\/wp-content\/uploads\/2026\/07\/02JULHO26_TREINO_37.jpg?fit=1200%2C801&ssl=1&resize=700%2C400 2x, https:\/\/i0.wp.com\/blogdoprosperi.com\/wp-content\/uploads\/2026\/07\/02JULHO26_TREINO_37.jpg?fit=1200%2C801&ssl=1&resize=1050%2C600 3x"},"classes":[]},{"id":41200,"url":"https:\/\/blogdoprosperi.com\/?p=41200","url_meta":{"origin":60195,"position":5},"title":"CBF desliga Tite da Sele\u00e7\u00e3o e sai em busca do sucessor; Galv\u00e3o Bueno pede Ancelotti-Falc\u00e3o","author":"Luiz Ant\u00f4nio Pr\u00f3speri","date":"17 de janeiro de 2023","format":false,"excerpt":"Tite \u00e9 desligado da Sele\u00e7\u00e3o Brasileira. Presidente da CBF inicia os trabalhos em busca de um novo treinador. E Galv\u00e3o Bueno lan\u00e7a dobradinha Carlo Ancelotti e Falc\u00e3o.","rel":"","context":"Em &quot;copa do mundo catar 2022&quot;","block_context":{"text":"copa do mundo catar 2022","link":"https:\/\/blogdoprosperi.com\/?cat=301049609"},"img":{"alt_text":"","src":"https:\/\/i0.wp.com\/blogdoprosperi.com\/wp-content\/uploads\/2023\/01\/img2746741512324.webp?fit=769%2C514&ssl=1&resize=350%2C200","width":350,"height":200,"srcset":"https:\/\/i0.wp.com\/blogdoprosperi.com\/wp-content\/uploads\/2023\/01\/img2746741512324.webp?fit=769%2C514&ssl=1&resize=350%2C200 1x, https:\/\/i0.wp.com\/blogdoprosperi.com\/wp-content\/uploads\/2023\/01\/img2746741512324.webp?fit=769%2C514&ssl=1&resize=525%2C300 1.5x, https:\/\/i0.wp.com\/blogdoprosperi.com\/wp-content\/uploads\/2023\/01\/img2746741512324.webp?fit=769%2C514&ssl=1&resize=700%2C400 2x"},"classes":[]}],"jetpack_featured_media_url":"https:\/\/i0.wp.com\/blogdoprosperi.com\/wp-content\/uploads\/2026\/06\/Captura-de-Tela-2026-06-22-as-18.42.01.png?fit=1182%2C926&ssl=1","_links":{"self":[{"href":"https:\/\/blogdoprosperi.com\/index.php?rest_route=\/wp\/v2\/posts\/60195","targetHints":{"allow":["GET"]}}],"collection":[{"href":"https:\/\/blogdoprosperi.com\/index.php?rest_route=\/wp\/v2\/posts"}],"about":[{"href":"https:\/\/blogdoprosperi.com\/index.php?rest_route=\/wp\/v2\/types\/post"}],"author":[{"embeddable":true,"href":"https:\/\/blogdoprosperi.com\/index.php?rest_route=\/wp\/v2\/users\/102107496"}],"replies":[{"embeddable":true,"href":"https:\/\/blogdoprosperi.com\/index.php?rest_route=%2Fwp%2Fv2%2Fcomments&post=60195"}],"version-history":[{"count":32,"href":"https:\/\/blogdoprosperi.com\/index.php?rest_route=\/wp\/v2\/posts\/60195\/revisions"}],"predecessor-version":[{"id":60561,"href":"https:\/\/blogdoprosperi.com\/index.php?rest_route=\/wp\/v2\/posts\/60195\/revisions\/60561"}],"wp:featuredmedia":[{"embeddable":true,"href":"https:\/\/blogdoprosperi.com\/index.php?rest_route=\/wp\/v2\/media\/59670"}],"wp:attachment":[{"href":"https:\/\/blogdoprosperi.com\/index.php?rest_route=%2Fwp%2Fv2%2Fmedia&parent=60195"}],"wp:term":[{"taxonomy":"category","embeddable":true,"href":"https:\/\/blogdoprosperi.com\/index.php?rest_route=%2Fwp%2Fv2%2Fcategories&post=60195"},{"taxonomy":"post_tag","embeddable":true,"href":"https:\/\/blogdoprosperi.com\/index.php?rest_route=%2Fwp%2Fv2%2Ftags&post=60195"}],"curies":[{"name":"wp","href":"https:\/\/api.w.org\/{rel}","templated":true}]}}